{"id":4687,"date":"2010-11-10T10:03:35","date_gmt":"2010-11-10T09:03:35","guid":{"rendered":"http:\/\/fjala.shkoder.net\/?p=4687"},"modified":"2010-11-10T10:03:35","modified_gmt":"2010-11-10T09:03:35","slug":"mesazher-i-dialogut-apo-viktime-e-kardiologut","status":"publish","type":"post","link":"https:\/\/fjala.info\/2009-2015\/mesazher-i-dialogut-apo-viktime-e-kardiologut\/","title":{"rendered":"Mesazher i &#8220;Dialogut&#8221; Apo Viktim\u00eb e Kardiologut?"},"content":{"rendered":"<p><img loading=\"lazy\" decoding=\"async\" class=\"alignright size-full wp-image-4159\" title=\"Bledar H. Prifti\" src=\"http:\/\/fjala.shkoder.net\/wp-content\/uploads\/2010\/10\/bledar_prifti.jpg\" alt=\"\" width=\"180\" height=\"240\" \/><br \/>\n<strong>Bledar H. Prifti<\/strong>, <em>10.11.2010<\/em><\/p>\n<p>Fatos Nano u shfaq p\u00ebrs\u00ebri tek &#8220;Opinioni&#8221; i Fevziut. N\u00eb ndryshim nga her\u00ebt e tjera, Nano dukej i ndrysh\u00ebm, jo p\u00ebr nga idet\u00eb, por p\u00ebr nga teknikat dhe kostumi presidencial q\u00eb i kishte veshur vetes. Ai u shfaq her\u00eb si &#8220;babai&#8221; i Partis\u00eb Socialiste dhe her\u00eb si presidenti i ardhsh\u00ebm, z\u00ebvend\u00ebsues i Presidentit Bamir Topi.<\/p>\n<p>K\u00eb nuk p\u00ebrmendi dhe k\u00eb nuk shau nga ish-bashk\u00ebpun\u00ebtor\u00ebt e tij t\u00eb vjet\u00ebr. I konsideronte t\u00eb gjith\u00eb si krijesat e tij dhe nuk ndalonte s\u00eb theksuari &#8220;lan\u00e7ova k\u00ebt\u00eb&#8221; dhe &#8220;lan\u00e7ova at\u00eb&#8221;. Por ve\u00e7 nuk na tha nj\u00eb gj\u00eb se kush e lan\u00e7oi Fatos Nanon n\u00eb politik\u00ebn Shqiptare.<\/p>\n<p>Ndonj\u00ebher\u00eb merrte edhe rolin e Jezu Krishtit kur deklaronte se asnj\u00eb politikan nuk duhet t\u00eb vuaj pasi Fatos Nano ka marr\u00eb mbi shpin\u00ebn e tij vuajtjet e t\u00eb gjith\u00eb politikan\u00ebve (nj\u00eb referenc\u00eb kjo p\u00ebr vitet e burgut). Kur u pyet nga Fevziu se me \u00e7far\u00eb t\u00eb drejte morale i k\u00ebrkonte mb\u00ebshtetje politike opozit\u00ebs p\u00ebr kandidatur\u00ebn e tij presidenciale n\u00eb nj\u00eb koh\u00eb kur ai deklaroi hapur n\u00eb 2009-\u00ebn se nuk do t\u00eb votonte PS-n\u00eb, Nano u mjaftua m\u00eb nj\u00eb p\u00ebrgjigje q\u00eb nuk kishte lidhje me PS dhe socialist\u00ebt, por me individ\u00eb t\u00eb ve\u00e7ant\u00eb.<\/p>\n<p>Me nj\u00eb fjal\u00eb, ai dha nj\u00eb p\u00ebrgjigje tipike primitive. P\u00ebr t\u00eb mos mjaftuar kjo gj\u00eb, kur Fevziu theksoi se PS do t&#8217;i hapte der\u00ebn atij si nj\u00eb &#8220;djali planprish\u00ebs&#8221;, Nano reagoi gjith\u00eb fodull\u00ebk dhe p\u00ebr\u00e7mim duke th\u00ebn\u00eb se &#8220;un\u00eb jam baba i tyre&#8221;.<\/p>\n<p>Jam kurioz t\u00eb di se si do t\u00eb reagonin t\u00eb nderuarit Drit\u00ebro Agolli, Servet P\u00ebllumbi, Kastriot Islami, Gramoz Ru\u00e7i dhe figura t\u00eb tjera drejtuese t\u00eb PS-s\u00eb dhe se si do t\u00eb ndjeheshin socialist\u00ebt e thjesht\u00eb pas k\u00ebsaj deklarate &#8220;megalomaniake&#8221; t\u00eb &#8220;bab\u00ebs&#8221; s\u00eb tyre.<br \/>\nPor le t&#8217;i l\u00ebm\u00eb m\u00ebnjan\u00eb k\u00ebto deklarata primitive dhe t\u00eb hyjm\u00eb tek thelbi i argumentit dhe q\u00ebllimi i shfaqjes s\u00eb Nanos tek &#8220;Opinioni&#8221; i Fevziut.<\/p>\n<p>Pavar\u00ebsisht temave dhe fjal\u00ebve q\u00eb u hodh\u00ebn n\u00eb tavolin\u00eb, shfaqja e Nanos kishte p\u00ebr q\u00ebllim q\u00eb t\u00eb transmetonte tek lidershipi socialist k\u00ebrc\u00ebnimin e radh\u00ebs se n\u00ebse PS nuk do t\u00eb mb\u00ebshteste kandidatur\u00ebn e tij p\u00ebr president, at\u00ebher\u00eb ai do t\u00eb nd\u00ebrmerrte aksione politike p\u00ebr t\u00eb p\u00ebr\u00e7ar\u00eb dhe shkat\u00ebrruar PS-n\u00eb dhe t\u00eb majt\u00ebn.<\/p>\n<p>Dalja e Nanos pik\u00ebrisht n\u00eb k\u00ebt\u00eb situat\u00eb ka t\u00eb b\u00ebj\u00eb edhe me faktin se ai ka nuhatur se p\u00ebrplasja Berisha-Rama po afron zgjedhjet e parakohshme, dhe Nano nuk do q\u00eb kjo gj\u00eb t\u00eb ndodh\u00eb, pasi ai humbet p\u00ebrs\u00ebri shansin p\u00ebr t&#8217;u b\u00ebr\u00eb president, ashtu si\u00e7 ia ka premtuar Berisha n\u00eb k\u00ebmbim t\u00eb p\u00ebr\u00e7arjes t\u00eb s\u00eb majt\u00ebs. Nanos nuk i intereson roli i tij si mesazher i &#8220;dialogut&#8221;, por e ardhmja e tij si president i vendit.<\/p>\n<p>Por n\u00eb ndryshim nga daljet e para, k\u00ebt\u00eb radh\u00eb Nano kishte nd\u00ebrruar taktik\u00ebn e sulmit dhe k\u00ebrkonte ta sulmonte lidershipin aktual t\u00eb PS-s\u00eb duke u p\u00ebrpjekur t&#8217;i apelonte baz\u00ebs socialiste nostalgji dhe dashuri &#8220;prind\u00ebrore&#8221;.<\/p>\n<p>Nano fliste se gjoja PS na pask\u00ebrka pasur dikur demokraci dhe sot kjo demokraci paska humbur p\u00ebr shkak t\u00eb lidershipit t\u00eb ri. Por k\u00ebtu lindin paradoksalisht disa pyetje: \u00c7far\u00eb demokracie kishte m\u00eb par\u00eb PS dhe si i sh\u00ebrbeu kjo interesave t\u00eb socialist\u00ebve t\u00eb thjesht\u00eb? Si shpjegohet q\u00eb &#8220;Demokracia Nanoiste&#8221; e \u00e7oi t\u00eb majt\u00ebn drejt shkat\u00ebrrimit dhe humbjes s\u00eb pushtetit?<\/p>\n<p>S\u00eb pari, \u00e7far\u00ebdo soj e sorollop demokracie q\u00eb pretendon Nano se ngriti n\u00eb PS, ajo demokraci nuk i sh\u00ebrbeu interesave t\u00eb socialist\u00ebve t\u00eb thjesht\u00eb. Gjat\u00eb qeverisjes s\u00eb Fatos Nanos dhe Ilir Met\u00ebs, pushteti ishte i PS-s\u00eb por jo i socialist\u00ebve.<\/p>\n<p>Arsyeja kryesore q\u00eb PS humbi pushtetin dhe q\u00eb shum\u00eb socialist\u00eb t\u00eb thjesht\u00eb u larguan (dhe u \u00e7aktivizuan) nga PS ishte fakti se Nano e merrte pushtetin me socialist\u00ebt dhe e ndante at\u00eb me klane dhe individ\u00eb q\u00eb nuk kishin asgj\u00eb t\u00eb p\u00ebrbashk\u00ebt me PS-n\u00eb dhe socialist\u00ebt, aq m\u00eb pak me popullin.<\/p>\n<p>Duke e marr\u00eb pushtetin me socialist\u00ebt dhe duke e ndar\u00eb at\u00eb me josocialist\u00ebt, Nano shkat\u00ebrroi kohezionin brenda partis\u00eb dhe e ndau lidershipin nga baza socialiste. i kthyer n\u00eb nj\u00eb individ megaloman dhe fodull\u00eb, Nano jo vet\u00ebm q\u00eb shkat\u00ebrroi lidhjet e tij me socialist\u00ebt e thjesht\u00eb por ai p\u00ebrbuzte dhe tallte edhe bashk\u00ebpun\u00ebtor\u00ebt e tij m\u00eb t\u00eb af\u00ebrt.<\/p>\n<p>Miksimi i pak\u00ebnaq\u00ebsive n\u00eb baz\u00ebn socialiste me talljet e vazhdueshme q\u00eb Nano i b\u00ebnte bashk\u00ebpun\u00ebtor\u00ebve t\u00eb tij b\u00ebn\u00eb q\u00eb Meta dhe Prifti t\u00eb kishin hap\u00ebsira dhe fush\u00eb l\u00ebvizje p\u00ebr t\u00eb krijuar LSI dhe p\u00ebr t\u00eb shkat\u00ebrruar t\u00eb majt\u00ebn p\u00ebr interesat e tyre personale.<\/p>\n<p>LSI nuk do t\u00eb kishte as m\u00eb t\u00eb voglin shans t\u00eb krijohen pa ekzistenc\u00ebn e &#8220;demokracis\u00eb nanoiste&#8221; dhe t\u00eb nj\u00eb pak\u00ebnaq\u00ebsie t\u00eb madhe n\u00eb baz\u00ebn socialiste n\u00eb lidhje me ndarjen e pushtetit nga ana e Nanos.<\/p>\n<p>Duke mos futur dhe sjelljet e pap\u00ebrgjegjshme t\u00eb Nanos n\u00eb publik dhe pap\u00ebrgjegjshm\u00ebrin\u00eb e tij n\u00eb kryerjen e detyr\u00ebs, shum\u00ebkush mund t\u00eb pyes\u00eb i habitur: &#8220;Po ku na paska qen\u00eb kjo &#8216;demokracia nanoiste&#8217; dhe \u00e7&#8217;t\u00eb mira i paska sjell\u00eb ajo socialist\u00ebve t\u00eb thjesht\u00eb?&#8221;<\/p>\n<p>Duke e ezauruar teknik\u00ebn e Nanos, tani kalojm\u00eb tek q\u00ebllimi i Nanos-Presidenca. N\u00eb k\u00ebt\u00eb pik\u00eb, duket sikur Nano nuk i ka b\u00ebr\u00eb mir\u00eb llogarit\u00eb. Jam i bindur se si Nano ashtu edhe Meta kan\u00eb p\u00ebr t\u00eb qen\u00eb viktimat e radh\u00ebs s\u00eb dinak\u00ebris\u00eb s\u00eb Berish\u00ebs. T\u00eb gjith\u00eb sot flasin p\u00ebr Nanon president dhe jan\u00eb fokusuar t\u00eb gjith\u00eb tek &#8220;enigma&#8221;, n\u00ebse PS do ta mb\u00ebshtes\u00eb apo jo kandidatur\u00ebn e tij.<\/p>\n<p>Edhe vet Nano po harxhon autoritet dhe gjith\u00eb ato energji p\u00ebr di\u00e7ka q\u00eb ai nuk duhet ta konsideroj\u00eb primare. Ai \u00ebsht\u00eb aq i verbuar politikisht nga marria p\u00ebr t\u00eb qen\u00eb president dhe urrejtja p\u00ebr Ram\u00ebn sa nuk po studion terrenin politik dhe grack\u00ebn n\u00eb t\u00eb cil\u00ebn po e fut Berisha.<\/p>\n<p>A d\u00ebshiron v\u00ebrtet Berisha nj\u00eb Nano president? Absolutisht jo! A d\u00ebshiron PS nj\u00eb Nano President? Absolutisht po! Nj\u00eb Nano president do t\u00eb thot\u00eb q\u00eb Bamir Topi t\u00eb kthehet n\u00eb PD gjith\u00eb mllef dhe urrejtje p\u00ebr Berish\u00ebn.<\/p>\n<p>Elektorati tradicional i PD-s\u00eb nuk do t\u00eb jet\u00eb kurrsesi dakord me largimin e Topit dhe vendosjen e Nanos n\u00eb postin e presidentit. Presidenti Topi g\u00ebzon mb\u00ebshtetjen e shum\u00eb demokrat\u00ebve dhe t\u00eb pavarurve, votat e t\u00eb cil\u00ebve Berisha nuk do t\u00eb d\u00ebshironte t&#8217;i humbiste.<\/p>\n<p>P\u00ebr elektoratin e djatht\u00eb, n\u00ebse Berisha i jep pushtet Met\u00ebs dhe presidenc\u00ebn Nanos, at\u00ebher\u00eb ku \u00ebsht\u00eb pushteti dhe krenaria e demokrat\u00ebve? P\u00ebr t\u00eb djatht\u00ebn, kjo do t\u00eb duket si nj\u00eb sjellje e pavet\u00ebdijshme dhe e palogjikshme q\u00eb sjell n\u00eb pushtet gradualisht t\u00eb majt\u00ebt.<\/p>\n<p>Nuk do t\u00eb ket\u00eb pik\u00eb logjike q\u00eb t\u00eb hipnotizuar nga faktori Rama, Berisha dhe e djathta t\u00eb sjellin n\u00eb pushtet real Met\u00ebn dhe Nanon. N\u00ebse kjo \u00ebsht\u00eb m\u00ebnyra se si Berisha mund politikisht Ram\u00ebn, at\u00ebher\u00eb besoj se edhe vet socialist\u00ebt mund t\u00eb bien dakord.<\/p>\n<p>Nga kampi tjet\u00ebr, nj\u00eb Nano president do t\u00eb thot\u00eb qet\u00ebsi dhe nj\u00eb bashkim dhe konsolidim gradual i s\u00eb majt\u00ebs n\u00ebn drejtimin e Ram\u00ebs. Do t\u00eb ishte e pavend q\u00eb opozita socialiste dhe lidershipi i saj t\u00eb refuzonte k\u00ebrkes\u00ebn e Nanos dhe d\u00ebshir\u00ebn e Berish\u00ebs p\u00ebr ta b\u00ebr\u00eb t\u00eb parin president. Bile, kjo l\u00ebvizje duhet t\u00eb mir\u00ebpritet nga lidershipi socialist dhe t\u00eb mb\u00ebshtetej p\u00ebrmes kanaleve t\u00eb fshehta t\u00eb politik\u00ebs.<\/p>\n<p>Jam shum\u00eb i bindur se edhe elektorati i majt\u00eb do ta mb\u00ebshteste k\u00ebt\u00eb l\u00ebvizje politike t\u00eb zgjuar.<br \/>\nE th\u00ebn\u00eb n\u00eb vija t\u00eb trasha, kjo \u00ebsht\u00eb ajo q\u00eb do t\u00eb ndodhte, n\u00ebse loja do t\u00eb vazhdonte deri n\u00eb fund sikund\u00ebr ka filluar.<\/p>\n<p>A mund t\u00eb shkoj\u00eb kjo loj\u00eb deri n\u00eb fund? Nj\u00eb logjik\u00eb e thjesht\u00eb do t\u00eb thot\u00eb &#8220;JO!&#8221;. \u00cbsht\u00eb shum\u00eb e thjesht\u00eb p\u00ebr ta kuptuar q\u00eb Berisha nuk ka as m\u00eb t\u00eb voglin interes p\u00ebr t\u00eb b\u00ebr\u00eb Nanon president.<\/p>\n<p>Ashtu si\u00e7 e theksuam edhe pak m\u00eb lart, n\u00ebse Berisha do t\u00eb b\u00ebnte Nanon president, at\u00ebher\u00eb ai do t\u00eb duhej t\u00eb p\u00ebrballej me prezenc\u00ebn e Bamir Topit n\u00eb PD dhe me irritimin dhe pak\u00ebnaq\u00ebsit\u00eb e tejskajshme t\u00eb elektoratit t\u00eb djatht\u00eb mb\u00ebshtet\u00ebs t\u00eb Topit, p\u00ebr t\u00eb mos p\u00ebrmendur dhe largimin e t\u00eb pavarurve.<\/p>\n<p>I gjendur p\u00ebrball\u00eb k\u00ebtyre skenar\u00ebve, Berisha do t\u00eb zgjedh\u00eb ta mbaj\u00eb Topin n\u00eb presidenc\u00eb dhe t\u00eb flak Fatos Nanon n\u00eb udh\u00ebkryqin e politik\u00ebs shqiptare. Fundja, kjo \u00ebsht\u00eb politika q\u00eb ka zgjedhur Nano dhe Berisha, nj\u00eb politik\u00eb q\u00eb n\u00eb themel nuk ka moral, por interes reciprok. Ia dredh Berisha Nanos, por mund t&#8217;ia dredh\u00eb edhe Nano Berish\u00ebs, n\u00ebse ky i fundit ia jep mund\u00ebsin\u00eb.<\/p>\n<p>Deri m\u00eb tani, loja po kontrollohet m\u00eb s\u00eb miri nga Berisha dhe \u00ebsht\u00eb ai q\u00eb g\u00ebzon ngaher\u00eb privilegjin e t\u00eb pasurit avantazhin e l\u00ebvizjes s\u00eb par\u00eb. Nuk i dihet se deri ku do t\u00eb shkoj\u00eb Nano n\u00eb k\u00ebt\u00eb loj\u00eb. Pavar\u00ebsisht distanc\u00ebs q\u00eb do t\u00eb p\u00ebrshkruaj Nano, jam shum\u00eb i bindur se ai nga nj\u00eb mesazher i &#8220;dialogut&#8221; ka p\u00ebr t&#8217;u shnd\u00ebrruar n\u00eb nj\u00eb viktim\u00eb e kardiologut.<\/p>\n","protected":false},"excerpt":{"rendered":"<p>Bledar H. Prifti, 10.11.2010 Fatos Nano u shfaq p\u00ebrs\u00ebri tek &#8220;Opinioni&#8221; i Fevziut. N\u00eb ndryshim nga her\u00ebt e tjera, Nano dukej i ndrysh\u00ebm, jo p\u00ebr nga idet\u00eb, por p\u00ebr nga teknikat dhe kostumi presidencial q\u00eb i kishte veshur vetes. Ai u shfaq her\u00eb si &#8220;babai&#8221; i Partis\u00eb Socialiste dhe her\u00eb si presidenti i ardhsh\u00ebm, z\u00ebvend\u00ebsues [&hellip;]<\/p>\n","protected":false},"author":1,"featured_media":0,"comment_status":"open","ping_status":"closed","sticky":false,"template":"","format":"standard","meta":{"footnotes":""},"categories":[2],"tags":[],"class_list":{"0":"post-4687","1":"post","2":"type-post","3":"status-publish","4":"format-standard","6":"category-artikuj"},"yoast_head":"<!-- This site is optimized with the Yoast SEO plugin v27.4 - https:\/\/yoast.com\/product\/yoast-seo-wordpress\/ -->\n<title>Mesazher i &quot;Dialogut&quot; Apo Viktim\u00eb e Kardiologut? - FjALA e LIR\u00cb - Arkivi<\/title>\n<meta name=\"robots\" content=\"index, follow, max-snippet:-1, max-image-preview:large, max-video-preview:-1\" \/>\n<link rel=\"canonical\" href=\"https:\/\/fjala.info\/2009-2015\/mesazher-i-dialogut-apo-viktime-e-kardiologut\/\" \/>\n<meta property=\"og:locale\" content=\"sq_AL\" \/>\n<meta property=\"og:type\" content=\"article\" \/>\n<meta property=\"og:title\" content=\"Mesazher i &quot;Dialogut&quot; Apo Viktim\u00eb e Kardiologut? - FjALA e LIR\u00cb - Arkivi\" \/>\n<meta property=\"og:description\" content=\"Bledar H. Prifti, 10.11.2010 Fatos Nano u shfaq p\u00ebrs\u00ebri tek &#8220;Opinioni&#8221; i Fevziut. N\u00eb ndryshim nga her\u00ebt e tjera, Nano dukej i ndrysh\u00ebm, jo p\u00ebr nga idet\u00eb, por p\u00ebr nga teknikat dhe kostumi presidencial q\u00eb i kishte veshur vetes. Ai u shfaq her\u00eb si &#8220;babai&#8221; i Partis\u00eb Socialiste dhe her\u00eb si presidenti i ardhsh\u00ebm, z\u00ebvend\u00ebsues [&hellip;]\" \/>\n<meta property=\"og:url\" content=\"https:\/\/fjala.info\/2009-2015\/mesazher-i-dialogut-apo-viktime-e-kardiologut\/\" \/>\n<meta property=\"og:site_name\" content=\"FjALA e LIR\u00cb - Arkivi\" \/>\n<meta property=\"article:published_time\" content=\"2010-11-10T09:03:35+00:00\" \/>\n<meta property=\"og:image\" content=\"http:\/\/fjala.shkoder.net\/wp-content\/uploads\/2010\/10\/bledar_prifti.jpg\" \/>\n<meta name=\"author\" content=\"admin\" \/>\n<meta name=\"twitter:card\" content=\"summary_large_image\" \/>\n<meta name=\"twitter:label1\" content=\"Written by\" \/>\n\t<meta name=\"twitter:data1\" content=\"admin\" \/>\n\t<meta name=\"twitter:label2\" content=\"Est. reading time\" \/>\n\t<meta name=\"twitter:data2\" content=\"8 minutes\" \/>\n<script type=\"application\/ld+json\" class=\"yoast-schema-graph\">{\"@context\":\"https:\\\/\\\/schema.org\",\"@graph\":[{\"@type\":\"Article\",\"@id\":\"https:\\\/\\\/fjala.info\\\/2009-2015\\\/mesazher-i-dialogut-apo-viktime-e-kardiologut\\\/#article\",\"isPartOf\":{\"@id\":\"https:\\\/\\\/fjala.info\\\/2009-2015\\\/mesazher-i-dialogut-apo-viktime-e-kardiologut\\\/\"},\"author\":{\"name\":\"admin\",\"@id\":\"https:\\\/\\\/fjala.info\\\/2009-2015\\\/#\\\/schema\\\/person\\\/3aa1163ef05469c496fc94e77611ada2\"},\"headline\":\"Mesazher i &#8220;Dialogut&#8221; Apo Viktim\u00eb e Kardiologut?\",\"datePublished\":\"2010-11-10T09:03:35+00:00\",\"mainEntityOfPage\":{\"@id\":\"https:\\\/\\\/fjala.info\\\/2009-2015\\\/mesazher-i-dialogut-apo-viktime-e-kardiologut\\\/\"},\"wordCount\":1663,\"commentCount\":1,\"publisher\":{\"@id\":\"https:\\\/\\\/fjala.info\\\/2009-2015\\\/#organization\"},\"image\":{\"@id\":\"https:\\\/\\\/fjala.info\\\/2009-2015\\\/mesazher-i-dialogut-apo-viktime-e-kardiologut\\\/#primaryimage\"},\"thumbnailUrl\":\"http:\\\/\\\/fjala.shkoder.net\\\/wp-content\\\/uploads\\\/2010\\\/10\\\/bledar_prifti.jpg\",\"articleSection\":[\"Artikuj\"],\"inLanguage\":\"sq-AL\",\"potentialAction\":[{\"@type\":\"CommentAction\",\"name\":\"Comment\",\"target\":[\"https:\\\/\\\/fjala.info\\\/2009-2015\\\/mesazher-i-dialogut-apo-viktime-e-kardiologut\\\/#respond\"]}]},{\"@type\":\"WebPage\",\"@id\":\"https:\\\/\\\/fjala.info\\\/2009-2015\\\/mesazher-i-dialogut-apo-viktime-e-kardiologut\\\/\",\"url\":\"https:\\\/\\\/fjala.info\\\/2009-2015\\\/mesazher-i-dialogut-apo-viktime-e-kardiologut\\\/\",\"name\":\"Mesazher i \\\"Dialogut\\\" Apo Viktim\u00eb e Kardiologut? - FjALA e LIR\u00cb - Arkivi\",\"isPartOf\":{\"@id\":\"https:\\\/\\\/fjala.info\\\/2009-2015\\\/#website\"},\"primaryImageOfPage\":{\"@id\":\"https:\\\/\\\/fjala.info\\\/2009-2015\\\/mesazher-i-dialogut-apo-viktime-e-kardiologut\\\/#primaryimage\"},\"image\":{\"@id\":\"https:\\\/\\\/fjala.info\\\/2009-2015\\\/mesazher-i-dialogut-apo-viktime-e-kardiologut\\\/#primaryimage\"},\"thumbnailUrl\":\"http:\\\/\\\/fjala.shkoder.net\\\/wp-content\\\/uploads\\\/2010\\\/10\\\/bledar_prifti.jpg\",\"datePublished\":\"2010-11-10T09:03:35+00:00\",\"breadcrumb\":{\"@id\":\"https:\\\/\\\/fjala.info\\\/2009-2015\\\/mesazher-i-dialogut-apo-viktime-e-kardiologut\\\/#breadcrumb\"},\"inLanguage\":\"sq-AL\",\"potentialAction\":[{\"@type\":\"ReadAction\",\"target\":[\"https:\\\/\\\/fjala.info\\\/2009-2015\\\/mesazher-i-dialogut-apo-viktime-e-kardiologut\\\/\"]}]},{\"@type\":\"ImageObject\",\"inLanguage\":\"sq-AL\",\"@id\":\"https:\\\/\\\/fjala.info\\\/2009-2015\\\/mesazher-i-dialogut-apo-viktime-e-kardiologut\\\/#primaryimage\",\"url\":\"http:\\\/\\\/fjala.shkoder.net\\\/wp-content\\\/uploads\\\/2010\\\/10\\\/bledar_prifti.jpg\",\"contentUrl\":\"http:\\\/\\\/fjala.shkoder.net\\\/wp-content\\\/uploads\\\/2010\\\/10\\\/bledar_prifti.jpg\"},{\"@type\":\"BreadcrumbList\",\"@id\":\"https:\\\/\\\/fjala.info\\\/2009-2015\\\/mesazher-i-dialogut-apo-viktime-e-kardiologut\\\/#breadcrumb\",\"itemListElement\":[{\"@type\":\"ListItem\",\"position\":1,\"name\":\"Home\",\"item\":\"https:\\\/\\\/fjala.info\\\/2009-2015\\\/\"},{\"@type\":\"ListItem\",\"position\":2,\"name\":\"Mesazher i &#8220;Dialogut&#8221; Apo Viktim\u00eb e Kardiologut?\"}]},{\"@type\":\"WebSite\",\"@id\":\"https:\\\/\\\/fjala.info\\\/2009-2015\\\/#website\",\"url\":\"https:\\\/\\\/fjala.info\\\/2009-2015\\\/\",\"name\":\"FjALA e LIR\u00cb - Arkivi\",\"description\":\"Arkivi 2009-2015\",\"publisher\":{\"@id\":\"https:\\\/\\\/fjala.info\\\/2009-2015\\\/#organization\"},\"potentialAction\":[{\"@type\":\"SearchAction\",\"target\":{\"@type\":\"EntryPoint\",\"urlTemplate\":\"https:\\\/\\\/fjala.info\\\/2009-2015\\\/?s={search_term_string}\"},\"query-input\":{\"@type\":\"PropertyValueSpecification\",\"valueRequired\":true,\"valueName\":\"search_term_string\"}}],\"inLanguage\":\"sq-AL\"},{\"@type\":\"Organization\",\"@id\":\"https:\\\/\\\/fjala.info\\\/2009-2015\\\/#organization\",\"name\":\"FjALA e LIR\u00cb - Arkivi\",\"url\":\"https:\\\/\\\/fjala.info\\\/2009-2015\\\/\",\"logo\":{\"@type\":\"ImageObject\",\"inLanguage\":\"sq-AL\",\"@id\":\"https:\\\/\\\/fjala.info\\\/2009-2015\\\/#\\\/schema\\\/logo\\\/image\\\/\",\"url\":\"\",\"contentUrl\":\"\",\"caption\":\"FjALA e LIR\u00cb - Arkivi\"},\"image\":{\"@id\":\"https:\\\/\\\/fjala.info\\\/2009-2015\\\/#\\\/schema\\\/logo\\\/image\\\/\"}},{\"@type\":\"Person\",\"@id\":\"https:\\\/\\\/fjala.info\\\/2009-2015\\\/#\\\/schema\\\/person\\\/3aa1163ef05469c496fc94e77611ada2\",\"name\":\"admin\",\"image\":{\"@type\":\"ImageObject\",\"inLanguage\":\"sq-AL\",\"@id\":\"https:\\\/\\\/fjala.info\\\/2009-2015\\\/wp-content\\\/uploads\\\/2012\\\/02\\\/arben_cokaj-120x150.jpg\",\"url\":\"https:\\\/\\\/fjala.info\\\/2009-2015\\\/wp-content\\\/uploads\\\/2012\\\/02\\\/arben_cokaj-120x150.jpg\",\"contentUrl\":\"https:\\\/\\\/fjala.info\\\/2009-2015\\\/wp-content\\\/uploads\\\/2012\\\/02\\\/arben_cokaj-120x150.jpg\",\"caption\":\"admin\"},\"description\":\"Admin, Fjala e Lir\u00eb\",\"sameAs\":[\"https:\\\/\\\/fjala.info\\\/\"],\"url\":\"https:\\\/\\\/fjala.info\\\/2009-2015\\\/author\\\/admin\\\/\"}]}<\/script>\n<!-- \/ Yoast SEO plugin. -->","yoast_head_json":{"title":"Mesazher i \"Dialogut\" Apo Viktim\u00eb e Kardiologut? - FjALA e LIR\u00cb - Arkivi","robots":{"index":"index","follow":"follow","max-snippet":"max-snippet:-1","max-image-preview":"max-image-preview:large","max-video-preview":"max-video-preview:-1"},"canonical":"https:\/\/fjala.info\/2009-2015\/mesazher-i-dialogut-apo-viktime-e-kardiologut\/","og_locale":"sq_AL","og_type":"article","og_title":"Mesazher i \"Dialogut\" Apo Viktim\u00eb e Kardiologut? - FjALA e LIR\u00cb - Arkivi","og_description":"Bledar H. Prifti, 10.11.2010 Fatos Nano u shfaq p\u00ebrs\u00ebri tek &#8220;Opinioni&#8221; i Fevziut. N\u00eb ndryshim nga her\u00ebt e tjera, Nano dukej i ndrysh\u00ebm, jo p\u00ebr nga idet\u00eb, por p\u00ebr nga teknikat dhe kostumi presidencial q\u00eb i kishte veshur vetes. Ai u shfaq her\u00eb si &#8220;babai&#8221; i Partis\u00eb Socialiste dhe her\u00eb si presidenti i ardhsh\u00ebm, z\u00ebvend\u00ebsues [&hellip;]","og_url":"https:\/\/fjala.info\/2009-2015\/mesazher-i-dialogut-apo-viktime-e-kardiologut\/","og_site_name":"FjALA e LIR\u00cb - Arkivi","article_published_time":"2010-11-10T09:03:35+00:00","og_image":[{"url":"http:\/\/fjala.shkoder.net\/wp-content\/uploads\/2010\/10\/bledar_prifti.jpg","type":"","width":"","height":""}],"author":"admin","twitter_card":"summary_large_image","twitter_misc":{"Written by":"admin","Est. reading time":"8 minutes"},"schema":{"@context":"https:\/\/schema.org","@graph":[{"@type":"Article","@id":"https:\/\/fjala.info\/2009-2015\/mesazher-i-dialogut-apo-viktime-e-kardiologut\/#article","isPartOf":{"@id":"https:\/\/fjala.info\/2009-2015\/mesazher-i-dialogut-apo-viktime-e-kardiologut\/"},"author":{"name":"admin","@id":"https:\/\/fjala.info\/2009-2015\/#\/schema\/person\/3aa1163ef05469c496fc94e77611ada2"},"headline":"Mesazher i &#8220;Dialogut&#8221; Apo Viktim\u00eb e Kardiologut?","datePublished":"2010-11-10T09:03:35+00:00","mainEntityOfPage":{"@id":"https:\/\/fjala.info\/2009-2015\/mesazher-i-dialogut-apo-viktime-e-kardiologut\/"},"wordCount":1663,"commentCount":1,"publisher":{"@id":"https:\/\/fjala.info\/2009-2015\/#organization"},"image":{"@id":"https:\/\/fjala.info\/2009-2015\/mesazher-i-dialogut-apo-viktime-e-kardiologut\/#primaryimage"},"thumbnailUrl":"http:\/\/fjala.shkoder.net\/wp-content\/uploads\/2010\/10\/bledar_prifti.jpg","articleSection":["Artikuj"],"inLanguage":"sq-AL","potentialAction":[{"@type":"CommentAction","name":"Comment","target":["https:\/\/fjala.info\/2009-2015\/mesazher-i-dialogut-apo-viktime-e-kardiologut\/#respond"]}]},{"@type":"WebPage","@id":"https:\/\/fjala.info\/2009-2015\/mesazher-i-dialogut-apo-viktime-e-kardiologut\/","url":"https:\/\/fjala.info\/2009-2015\/mesazher-i-dialogut-apo-viktime-e-kardiologut\/","name":"Mesazher i \"Dialogut\" Apo Viktim\u00eb e Kardiologut? - FjALA e LIR\u00cb - Arkivi","isPartOf":{"@id":"https:\/\/fjala.info\/2009-2015\/#website"},"primaryImageOfPage":{"@id":"https:\/\/fjala.info\/2009-2015\/mesazher-i-dialogut-apo-viktime-e-kardiologut\/#primaryimage"},"image":{"@id":"https:\/\/fjala.info\/2009-2015\/mesazher-i-dialogut-apo-viktime-e-kardiologut\/#primaryimage"},"thumbnailUrl":"http:\/\/fjala.shkoder.net\/wp-content\/uploads\/2010\/10\/bledar_prifti.jpg","datePublished":"2010-11-10T09:03:35+00:00","breadcrumb":{"@id":"https:\/\/fjala.info\/2009-2015\/mesazher-i-dialogut-apo-viktime-e-kardiologut\/#breadcrumb"},"inLanguage":"sq-AL","potentialAction":[{"@type":"ReadAction","target":["https:\/\/fjala.info\/2009-2015\/mesazher-i-dialogut-apo-viktime-e-kardiologut\/"]}]},{"@type":"ImageObject","inLanguage":"sq-AL","@id":"https:\/\/fjala.info\/2009-2015\/mesazher-i-dialogut-apo-viktime-e-kardiologut\/#primaryimage","url":"http:\/\/fjala.shkoder.net\/wp-content\/uploads\/2010\/10\/bledar_prifti.jpg","contentUrl":"http:\/\/fjala.shkoder.net\/wp-content\/uploads\/2010\/10\/bledar_prifti.jpg"},{"@type":"BreadcrumbList","@id":"https:\/\/fjala.info\/2009-2015\/mesazher-i-dialogut-apo-viktime-e-kardiologut\/#breadcrumb","itemListElement":[{"@type":"ListItem","position":1,"name":"Home","item":"https:\/\/fjala.info\/2009-2015\/"},{"@type":"ListItem","position":2,"name":"Mesazher i &#8220;Dialogut&#8221; Apo Viktim\u00eb e Kardiologut?"}]},{"@type":"WebSite","@id":"https:\/\/fjala.info\/2009-2015\/#website","url":"https:\/\/fjala.info\/2009-2015\/","name":"FjALA e LIR\u00cb - Arkivi","description":"Arkivi 2009-2015","publisher":{"@id":"https:\/\/fjala.info\/2009-2015\/#organization"},"potentialAction":[{"@type":"SearchAction","target":{"@type":"EntryPoint","urlTemplate":"https:\/\/fjala.info\/2009-2015\/?s={search_term_string}"},"query-input":{"@type":"PropertyValueSpecification","valueRequired":true,"valueName":"search_term_string"}}],"inLanguage":"sq-AL"},{"@type":"Organization","@id":"https:\/\/fjala.info\/2009-2015\/#organization","name":"FjALA e LIR\u00cb - Arkivi","url":"https:\/\/fjala.info\/2009-2015\/","logo":{"@type":"ImageObject","inLanguage":"sq-AL","@id":"https:\/\/fjala.info\/2009-2015\/#\/schema\/logo\/image\/","url":"","contentUrl":"","caption":"FjALA e LIR\u00cb - Arkivi"},"image":{"@id":"https:\/\/fjala.info\/2009-2015\/#\/schema\/logo\/image\/"}},{"@type":"Person","@id":"https:\/\/fjala.info\/2009-2015\/#\/schema\/person\/3aa1163ef05469c496fc94e77611ada2","name":"admin","image":{"@type":"ImageObject","inLanguage":"sq-AL","@id":"https:\/\/fjala.info\/2009-2015\/wp-content\/uploads\/2012\/02\/arben_cokaj-120x150.jpg","url":"https:\/\/fjala.info\/2009-2015\/wp-content\/uploads\/2012\/02\/arben_cokaj-120x150.jpg","contentUrl":"https:\/\/fjala.info\/2009-2015\/wp-content\/uploads\/2012\/02\/arben_cokaj-120x150.jpg","caption":"admin"},"description":"Admin, Fjala e Lir\u00eb","sameAs":["https:\/\/fjala.info\/"],"url":"https:\/\/fjala.info\/2009-2015\/author\/admin\/"}]}},"_links":{"self":[{"href":"https:\/\/fjala.info\/2009-2015\/wp-json\/wp\/v2\/posts\/4687","targetHints":{"allow":["GET"]}}],"collection":[{"href":"https:\/\/fjala.info\/2009-2015\/wp-json\/wp\/v2\/posts"}],"about":[{"href":"https:\/\/fjala.info\/2009-2015\/wp-json\/wp\/v2\/types\/post"}],"author":[{"embeddable":true,"href":"https:\/\/fjala.info\/2009-2015\/wp-json\/wp\/v2\/users\/1"}],"replies":[{"embeddable":true,"href":"https:\/\/fjala.info\/2009-2015\/wp-json\/wp\/v2\/comments?post=4687"}],"version-history":[{"count":0,"href":"https:\/\/fjala.info\/2009-2015\/wp-json\/wp\/v2\/posts\/4687\/revisions"}],"wp:attachment":[{"href":"https:\/\/fjala.info\/2009-2015\/wp-json\/wp\/v2\/media?parent=4687"}],"wp:term":[{"taxonomy":"category","embeddable":true,"href":"https:\/\/fjala.info\/2009-2015\/wp-json\/wp\/v2\/categories?post=4687"},{"taxonomy":"post_tag","embeddable":true,"href":"https:\/\/fjala.info\/2009-2015\/wp-json\/wp\/v2\/tags?post=4687"}],"curies":[{"name":"wp","href":"https:\/\/api.w.org\/{rel}","templated":true}]}}