{"id":4686,"date":"2012-08-26T13:49:20","date_gmt":"2012-08-26T12:49:20","guid":{"rendered":"http:\/\/www.fjala.info\/?p=4686"},"modified":"2012-08-26T13:49:20","modified_gmt":"2012-08-26T12:49:20","slug":"urim-gjata-jam-gati-te-ballafaqoj-korrupsionin-ne-drejtesi-po-qe-se-shteti-me-garanton-jeten","status":"publish","type":"post","link":"https:\/\/fjala.info\/2009-2015\/urim-gjata-jam-gati-te-ballafaqoj-korrupsionin-ne-drejtesi-po-qe-se-shteti-me-garanton-jeten\/","title":{"rendered":"Urim Gjata: Jam gati t\u00eb ballafaqoj korrupsionin n\u00eb drejt\u00ebsi, po qe se shteti m\u00eb garanton jet\u00ebn"},"content":{"rendered":"<p><img decoding=\"async\" class=\"alignright size-thumbnail wp-image-7236\" title=\"Gjata - Berisha\" src=\"http:\/\/www.fjala.info\/2012\/gjata_berisha.jpg\" alt=\"\" width=\"300\" \/> <strong>TemA Online<\/strong>, <em>25 Gusht 2012<\/em><\/p>\n<p>Urim Gjata, personi q\u00eb denoncoi korrupsionin e friksh\u00ebm n\u00eb dogana nga njer\u00ebzit e Ridvan Bodes, thot\u00eb se \u00ebsht\u00eb gati q\u00eb t\u00eb ballafaqoj\u00eb korrupsionin me drejt\u00ebsin\u00eb, n\u00ebse i garantohet jeta. Ai ka konfirmuar p\u00ebr \u201cTelegraf\u201d k\u00ebrc\u00ebnimet dhe tentativat p\u00ebr ekzekutim, nd\u00ebrkoh\u00eb q\u00eb Ministria e Brendshme \u00ebsht\u00eb shprehur p\u00ebr gazet\u00ebn se, \u201ci k\u00ebrc\u00ebnuari, duhet t\u00eb denoncoj\u00eb vet\u00eb n\u00eb organet e policis\u00eb\u201d. I pasigurt, qoft\u00eb edhe t\u00eb shkoj\u00eb deri te policia t\u00eb denoncoj\u00eb k\u00ebrc\u00ebnimet me vdekje, q\u00eb i b\u00ebhen nga shum\u00eb persona, Urim Gjata u detyrua t\u00eb largohet nga Shqip\u00ebria, por \u201cTelegraf\u201d ka mundur t\u2019i marr\u00eb s\u00ebrish nj\u00eb intervist\u00eb n\u00eb lidhje me situat\u00ebn e krijuar pas denoncimit t\u00eb tij publik.<\/p>\n<p>Bie zilja e telefonit n\u00eb celular, n\u00eb or\u00ebt e para t\u00eb m\u00ebngjesit. Nj\u00eb num\u00ebr i shtetit t\u00eb huaj, m\u00eb habit, ngaq\u00eb nuk kam as t\u00eb af\u00ebrm n\u00eb at\u00eb shtet.<\/p>\n<p>&#8211; <strong>Mir\u00ebm\u00ebngjes! Kush jeni, ju lutem?<\/strong><\/p>\n<p>&#8211; Mir\u00ebm\u00ebngj\u00ebs. Jam Urim Gjata. Ju flas nga\u2026.<\/p>\n<p>&#8211; <strong>P\u00ebrse, andej?<\/strong><\/p>\n<p>&#8211; Mbr\u00ebm\u00eb (parmbr\u00ebm\u00eb), mb\u00ebrrita k\u00ebtu. Ika, sepse shum\u00eb n\u00eb Shqip\u00ebri, u p\u00ebrpoq\u00ebn edhe t\u00eb m\u00eb shtypnin m\u00eb makin\u00eb.<\/p>\n<p>&#8211; <strong>Kur? Kush?<\/strong><\/p>\n<p>&#8211; Isha n\u00eb nj\u00eb lokal t\u00eb qytetit ku banoj, me miqt\u00eb e mi. Kur dola, erdhi nj\u00eb xhip drejt meje. Po t\u00eb mos isha midis shum\u00eb miqve, xhipi do t\u00eb m\u00eb kishte shtypur dhe sot, do t\u00eb m\u00eb b\u00ebnin t\u00eb tretat. Me ndihm\u00ebn e miqve t\u00eb mi, u detyrova t\u00eb ikja nga Shqip\u00ebria.<\/p>\n<p>&#8211; <strong>Ik\u00ebt nga Shqip\u00ebria, se ju k\u00ebrc\u00ebnuan?<\/strong><\/p>\n<p>&#8211; Kan\u00eb filluar t\u00eb k\u00ebrkojn\u00eb vendndodhjen time, q\u00eb t\u00eb m\u00eb vrasin.<\/p>\n<p>&#8211; <strong>Dit\u00ebn q\u00eb u botua intervista juaj te \u201cTelegraf\u201d, ju mori ndokush telefon?<\/strong><\/p>\n<p><em>Nd\u00ebrpritet telefoni. Pas disa minutash, rilidhemi.<\/em><\/p>\n<p>&#8211; U pre linja, mezi kap k\u00ebtu ku flas. Vazhdojm\u00eb. M\u00eb telefonuan nga DPD-ja, me telefon 0664151177. Fillimisht, m\u00eb than\u00eb t\u00eb deponoja. U thash\u00eb, q\u00eb faktet jan\u00eb ato q\u00eb botova n\u00eb gazet\u00eb. Pastaj, m\u00eb k\u00ebrkuan t\u00eb p\u00ebrg\u00ebnjeshtroj, sikur un\u00eb isha i pir\u00eb, kur i dhash\u00eb gazet\u00ebs intervist\u00ebn dhe nuk jan\u00eb t\u00eb v\u00ebrteta, me shp\u00ebrblim p\u00ebr t\u2019u rikthyer n\u00eb pun\u00eb.<\/p>\n<p>&#8211; <strong>Ti \u00e7far\u00eb u the?<\/strong><\/p>\n<p>&#8211; Nuk kini m\u00eb pun\u00eb me mua. Po t\u00eb doni faktet, ikni dhe i ballafaqoni n\u00eb dogan\u00eb. Kam k\u00ebrc\u00ebnimet n\u00eb telefon q\u00eb megjith\u00ebse jam jasht\u00eb p\u00ebr momentin thuaj vend tjet\u00ebr, n\u00eb lokal ku isha her\u00ebn e fundit m\u2019u mblodh\u00ebn miqt\u00eb e miqve e kupton n\u00eb trotuar po mos kishte njer\u00ebz do kisha ngelur n\u00eb rrotat e makin\u00ebs xhip, ofertat p\u00ebr t\u00eb p\u00ebrg\u00ebnjeshtruar dhe p\u00ebr t\u2019u kthyer n\u00eb dogan\u00eb tjet\u00ebr, k\u00ebto edhe n\u00eb tel nga drejtuesit e lart\u00eb t\u00eb DPD-s\u00eb.<\/p>\n<p>&#8211; <strong>Nga DPD-ja, donin q\u00eb ti t\u00eb paraqisje faktet q\u00eb ke p\u00ebr kontraband\u00ebn?<\/strong><\/p>\n<p>&#8211; Ata m\u00eb k\u00ebrkojn\u00eb mua, t\u00eb din\u00eb sa di un\u00eb dhe t\u00eb mundohen q\u00eb t\u00eb mbulojn\u00eb t\u00eb tyret n\u00eb dogan\u00eb.<\/p>\n<p>&#8211; <strong>Po ti pse nuk pranove, q\u00eb t\u00eb flas\u00ebsh me drejtuesit e DPD-s\u00eb, derisa t\u00eb k\u00ebrkuan?<\/strong><\/p>\n<p>&#8211; T\u00eb p\u00ebrsh\u00ebndes, vet\u00ebm duhet ta dish se k\u00ebta, t\u00eb dogan\u00ebs, nuk t\u00eb falin, por akoma nuk po mbledhin veten nga rrufeja q\u00eb ju ka r\u00ebn\u00eb.<\/p>\n<p>&#8211; <strong>\u00c7\u2019do t\u00eb thuash me k\u00ebto fjal\u00eb? Ata jan\u00eb drejtuesit e DPD-s\u00eb.<\/strong><\/p>\n<p>&#8211; Kush u beson q\u00eb ata nuk i din\u00eb faktet?<\/p>\n<p>\u2026 <em>P\u00ebrs\u00ebri biseda me celular nd\u00ebrpritet<\/em>\u2026 <em>Pas disa minutash, rilidhemi<\/em>.<\/p>\n<p>\u2013 M\u00eb fal, po dola pak nga vendi ku rri, se \u00ebsht\u00eb posht\u00eb. M\u00eb d\u00ebgjon, tani?<\/p>\n<p>&#8211; <strong>Sa t\u00eb leht\u00eb e kan\u00eb hetuesit t\u00eb v\u00ebrtetojn\u00eb faktet q\u00eb ti ke th\u00ebn\u00eb, po qoft\u00eb edhe t\u00eb tjerat q\u00eb m\u00eb thua se i ke prov\u00eb?<\/strong><\/p>\n<p>&#8211; Nafta, apo di\u00e7ka tjet\u00ebr niset p.sh, nga Egjipti me destinacion Shqip\u00ebrin\u00eb, Tiran\u00ebn, mbasi futet n\u00eb Greqi me dokumente, merr tranzitin p\u00ebr n\u00eb Shqip\u00ebri Tiran\u00eb, duke i shtuar nj\u00eb plumb sigurimi nga dogan\u00eb greke, kontrollohet n\u00eb dalje t\u00eb Greqis\u00eb dhe futet n\u00eb tok\u00ebn shqiptare, n\u00eb at\u00eb koh\u00eb dokumentet jan\u00eb nd\u00ebrruar t\u00ebr\u00ebsisht p\u00ebr mallin dhe merr p\u00ebrs\u00ebri nj\u00eb plumb sigurimi n\u00eb dogan\u00ebn e Kapshtic\u00ebs, i mbahen dhe fotokopjet e dokumenteve dhe hajde rruga e mbar\u00eb.<\/p>\n<p>&#8211; <strong>Nd\u00ebrrohen dokumentet? Si ka mund\u00ebsi q\u00eb dokumentet e bazuara n\u00eb Dogan\u00ebn Greke nuk ballafaqohen nga pala shqiptare?<\/strong><\/p>\n<p>&#8211; Dokumentet jan\u00eb gati n\u00eb tok\u00eb t\u00eb nd\u00ebrmjetme, i merren shoferit origjinalet dhe i jepen t\u00eb tjerat me t\u00eb gjitha vulat e doganave nga vjen. Nuk duan, se me ligj, shefi i dogan\u00ebs ka t\u00eb drejt\u00eb t\u00eb verifikoj\u00eb t\u00eb pakt\u00ebn Triaret e gjith\u00eb mjeteve apo atje ku dyshon.<\/p>\n<p>&#8211; <strong>Juve , si doganier\u00eb, p\u00ebr k\u00ebto maune me nafte, nuk ju lejohet fare t\u2019i kontrolloni, qoft\u00eb p\u00ebr p\u00ebrmbajtjen qoft\u00eb p\u00ebr sasin\u00eb?<\/strong><\/p>\n<p>&#8211; Vet\u00ebm dokumentet q\u00eb rrall\u00eb p\u00ebrputhen me t\u00eb v\u00ebrtet\u00ebn, tranzitit i merret vet\u00ebm nj\u00eb kopje dokumentesh. K\u00ebta u tmerruan kur e mor\u00ebn vesh \u00e7far\u00eb kishte ndodhur.<\/p>\n<p>&#8211; <strong>Kur dokumentet e nj\u00eb mauneje, nd\u00ebrrohen,dhe ju e shikoni q\u00eb jan\u00eb t\u00eb falsifikuara, doganieri merr ryshfet? Apo ka urdh\u00ebr q\u00eb ta ler\u00eb maun\u00ebn t\u00eb iki?<\/strong><\/p>\n<p>&#8211; Kush t\u00eb l\u00eb pa paguar gj\u00eb.<\/p>\n<p>&#8211; <strong>P.sh, vjen nj\u00eb maune i nd\u00ebrrohen dokumentet. Sa \u00ebsht\u00eb tarifa q\u00eb paguan doganierin, q\u00eb t\u00eb pranoj\u00eb dokumentet e falsifikuara?<\/strong><\/p>\n<p>&#8211; Por nuk ka doganier mos njoh\u00eb fatur\u00ebn e mallit Triarin \u00e7ertifikat\u00ebn origjinale me ato fallco. K\u00ebshtu, doganieri do marr\u00eb \u201ckafen\u201d e tij se do marrin dhe t\u00eb tjer\u00ebt dhe bosi i maun\u00ebs dhe miqt\u00eb e tij, t\u00eb gjith\u00eb.<\/p>\n<p>&#8211; <strong>K\u00ebto si mund t\u00eb provohen se jan\u00eb k\u00ebshtu si\u00e7 i thoni ju?<\/strong><\/p>\n<p>&#8211; T\u00eb gjith\u00eb e din\u00eb q\u00eb dokumentet nuk jan\u00eb origjinale, por kujt ja mban t\u00eb k\u00ebrkoj\u00eb t\u00eb pakt\u00ebn TRIARIN, dokumenti baz\u00eb q\u00eb tregon gjat\u00ebsin\u00eb, gjer\u00ebsin\u00eb dhe pesh\u00ebn e makin\u00ebs bosh, dokument i mbushur n\u00eb shtetet europiane. Pse nuk jan\u00eb v\u00ebrtetuar n\u00eb dogan\u00ebn greke dokumentet origjinale t\u00eb mauneve p\u00ebr t\u2019u ballafaquar me ato q\u00eb nd\u00ebrrohen nga sekseret, sapo vin\u00eb n\u00eb dogan\u00eb. Pse dokumentet kalojn\u00eb n\u00eb sistem, nd\u00ebrkoh\u00eb q\u00eb subjekti akoma nuk ka ardhur, a \u00ebsht\u00eb pesha e deklaruar e mauneve me dru q\u00eb shkojn\u00eb jasht\u00eb me at\u00eb origjinale? Pastaj, jan\u00eb edhe kamerat 24 or\u00eb, q\u00eb regjistrojn\u00eb \u00e7do gj\u00eb. Edhe kur vjen nj\u00eb maune bosh, kontrollohet nga dy doganier\u00eb, n\u00eb prezenc\u00eb t\u00eb kamerave.<\/p>\n<p>&#8211; <strong>Po mund t\u00eb ndodh\u00eb, q\u00eb filmimet e kamerave t\u00eb fshihen, tani?<\/strong><\/p>\n<p>&#8211; Nuk fshihen dot k\u00ebtu n\u00eb Kapshtic\u00eb. A nuk u kap n\u00eb dogan\u00ebn e Gorric\u00ebs Kontenieri me sheqer nga dy oficer\u00ebt e SHKB Kor\u00e7\u00eb, Vangjushi dhe Serjani dhe u mbyll shpejt e shpejt? Me \u00e7far\u00eb ligj zhdoganohen rrobat e p\u00ebrdorura t\u00eb emigranteve kur largohen nga Greqia dhe sa paguajn\u00eb 300 euro doganier\u00ebve ryshfet q\u00eb t\u2019i lejojn\u00eb t\u00eb ikin nga dogana?<\/p>\n<p>&#8211; <strong>Po p\u00ebr kontraband\u00ebn e cigareve?<\/strong><\/p>\n<p>&#8211; Ok, cigaret kontraband\u00eb v\u00ebrtetohen vet\u00ebm n\u00eb dogan\u00ebn greke, ku jan\u00eb dokumentet origjinale. Tek ne nuk v\u00ebrteton dot asgj\u00eb sepse, t\u00eb thash\u00eb, jan\u00eb t\u00eb tjera dokumente me tjet\u00ebr mall, por dhe sikur ta dij\u00eb kush, kujt ja mban t\u00eb hap\u00eb goj\u00eb.<\/p>\n<p>&#8211; <strong>A rregjistrohen makinat q\u00eb transportojn\u00eb dru p\u00ebr p\u00ebrpunim dhe i \u00e7ojn\u00eb n\u00eb fabrika greke?<\/strong><\/p>\n<p>&#8211; Shikoni kamerat, se atje duken edhe ngarkesa q\u00eb jan\u00eb trupa dhe jo dru p\u00ebr zjarr.<\/p>\n<p>&#8211; <strong>Mund t\u00eb thoni ku jeni tani?<\/strong><\/p>\n<p>&#8211; Kurrsesi. Nuk kam m\u00eb asnj\u00eb garanci p\u00ebr jet\u00ebn time, por edhe t\u00eb familjes time.<\/p>\n<p>&#8211; <strong>\u00c7far\u00eb k\u00ebrkoni ju dhe nga kush?<\/strong><\/p>\n<p>&#8211; Nga Kryeministri Berisha, t\u00eb m\u00eb besoj\u00eb, sepse m\u00eb njeh shum\u00eb mir\u00eb. Jam gati q\u00eb t\u00eb ballafaqoj t\u00eb gjitha faktet e korrupsionit q\u00eb ndodhen n\u00eb Kapshtic\u00eb n\u00eb drejt\u00ebsin\u00eb shqiptare, po t\u00eb m\u00eb garantohet jeta. Dua q\u00eb shteti shqiptar t\u00eb mbroj\u00eb familjen time, tani q\u00eb mua duan t\u00eb m\u00eb vrasin, ata q\u00eb akuzoj un\u00eb, p\u00ebr kontraband\u00eb ndaj shtetit. Po e shikoj q\u00eb shteti im nuk tregon asnj\u00eb kujdes p\u00ebr jet\u00ebn time dhe t\u00eb familjes time, un\u00eb do t\u00eb k\u00ebrkoj strehim politik n\u00eb Ambasad\u00ebn Amerikane ose t\u00eb ndonj\u00eb shteti t\u00eb BE-s\u00eb.<\/p>\n","protected":false},"excerpt":{"rendered":"<p>TemA Online, 25 Gusht 2012 Urim Gjata, personi q\u00eb denoncoi korrupsionin e friksh\u00ebm n\u00eb dogana nga njer\u00ebzit e Ridvan Bodes, thot\u00eb se \u00ebsht\u00eb gati q\u00eb t\u00eb ballafaqoj\u00eb korrupsionin me drejt\u00ebsin\u00eb, n\u00ebse i garantohet jeta. Ai ka konfirmuar p\u00ebr \u201cTelegraf\u201d k\u00ebrc\u00ebnimet dhe tentativat p\u00ebr ekzekutim, nd\u00ebrkoh\u00eb q\u00eb Ministria e Brendshme \u00ebsht\u00eb shprehur p\u00ebr gazet\u00ebn se, \u201ci [&hellip;]<\/p>\n","protected":false},"author":1,"featured_media":0,"comment_status":"open","ping_status":"closed","sticky":false,"template":"","format":"standard","meta":{"footnotes":""},"categories":[2,4],"tags":[],"class_list":{"0":"post-4686","1":"post","2":"type-post","3":"status-publish","4":"format-standard","6":"category-artikuj","7":"category-intervista"},"yoast_head":"<!-- This site is optimized with the Yoast SEO plugin v27.4 - https:\/\/yoast.com\/product\/yoast-seo-wordpress\/ -->\n<title>Urim Gjata: Jam gati t\u00eb ballafaqoj korrupsionin n\u00eb drejt\u00ebsi, po qe se shteti m\u00eb garanton jet\u00ebn - FjALA e LIR\u00cb - Arkivi<\/title>\n<meta name=\"robots\" content=\"index, follow, max-snippet:-1, max-image-preview:large, max-video-preview:-1\" \/>\n<link rel=\"canonical\" href=\"https:\/\/fjala.info\/2009-2015\/urim-gjata-jam-gati-te-ballafaqoj-korrupsionin-ne-drejtesi-po-qe-se-shteti-me-garanton-jeten\/\" \/>\n<meta property=\"og:locale\" content=\"sq_AL\" \/>\n<meta property=\"og:type\" content=\"article\" \/>\n<meta property=\"og:title\" content=\"Urim Gjata: Jam gati t\u00eb ballafaqoj korrupsionin n\u00eb drejt\u00ebsi, po qe se shteti m\u00eb garanton jet\u00ebn - FjALA e LIR\u00cb - Arkivi\" \/>\n<meta property=\"og:description\" content=\"TemA Online, 25 Gusht 2012 Urim Gjata, personi q\u00eb denoncoi korrupsionin e friksh\u00ebm n\u00eb dogana nga njer\u00ebzit e Ridvan Bodes, thot\u00eb se \u00ebsht\u00eb gati q\u00eb t\u00eb ballafaqoj\u00eb korrupsionin me drejt\u00ebsin\u00eb, n\u00ebse i garantohet jeta. Ai ka konfirmuar p\u00ebr \u201cTelegraf\u201d k\u00ebrc\u00ebnimet dhe tentativat p\u00ebr ekzekutim, nd\u00ebrkoh\u00eb q\u00eb Ministria e Brendshme \u00ebsht\u00eb shprehur p\u00ebr gazet\u00ebn se, \u201ci [&hellip;]\" \/>\n<meta property=\"og:url\" content=\"https:\/\/fjala.info\/2009-2015\/urim-gjata-jam-gati-te-ballafaqoj-korrupsionin-ne-drejtesi-po-qe-se-shteti-me-garanton-jeten\/\" \/>\n<meta property=\"og:site_name\" content=\"FjALA e LIR\u00cb - Arkivi\" \/>\n<meta property=\"article:published_time\" content=\"2012-08-26T12:49:20+00:00\" \/>\n<meta property=\"og:image\" content=\"http:\/\/www.fjala.info\/2012\/gjata_berisha.jpg\" \/>\n<meta name=\"author\" content=\"admin\" \/>\n<meta name=\"twitter:card\" content=\"summary_large_image\" \/>\n<meta name=\"twitter:label1\" content=\"Written by\" \/>\n\t<meta name=\"twitter:data1\" content=\"admin\" \/>\n\t<meta name=\"twitter:label2\" content=\"Est. reading time\" \/>\n\t<meta name=\"twitter:data2\" content=\"7 minutes\" \/>\n<script type=\"application\/ld+json\" class=\"yoast-schema-graph\">{\"@context\":\"https:\\\/\\\/schema.org\",\"@graph\":[{\"@type\":\"Article\",\"@id\":\"https:\\\/\\\/fjala.info\\\/2009-2015\\\/urim-gjata-jam-gati-te-ballafaqoj-korrupsionin-ne-drejtesi-po-qe-se-shteti-me-garanton-jeten\\\/#article\",\"isPartOf\":{\"@id\":\"https:\\\/\\\/fjala.info\\\/2009-2015\\\/urim-gjata-jam-gati-te-ballafaqoj-korrupsionin-ne-drejtesi-po-qe-se-shteti-me-garanton-jeten\\\/\"},\"author\":{\"name\":\"admin\",\"@id\":\"https:\\\/\\\/fjala.info\\\/2009-2015\\\/#\\\/schema\\\/person\\\/3aa1163ef05469c496fc94e77611ada2\"},\"headline\":\"Urim Gjata: Jam gati t\u00eb ballafaqoj korrupsionin n\u00eb drejt\u00ebsi, po qe se shteti m\u00eb garanton jet\u00ebn\",\"datePublished\":\"2012-08-26T12:49:20+00:00\",\"mainEntityOfPage\":{\"@id\":\"https:\\\/\\\/fjala.info\\\/2009-2015\\\/urim-gjata-jam-gati-te-ballafaqoj-korrupsionin-ne-drejtesi-po-qe-se-shteti-me-garanton-jeten\\\/\"},\"wordCount\":1421,\"commentCount\":0,\"publisher\":{\"@id\":\"https:\\\/\\\/fjala.info\\\/2009-2015\\\/#organization\"},\"image\":{\"@id\":\"https:\\\/\\\/fjala.info\\\/2009-2015\\\/urim-gjata-jam-gati-te-ballafaqoj-korrupsionin-ne-drejtesi-po-qe-se-shteti-me-garanton-jeten\\\/#primaryimage\"},\"thumbnailUrl\":\"http:\\\/\\\/www.fjala.info\\\/2012\\\/gjata_berisha.jpg\",\"articleSection\":[\"Artikuj\",\"Intervista\"],\"inLanguage\":\"sq-AL\",\"potentialAction\":[{\"@type\":\"CommentAction\",\"name\":\"Comment\",\"target\":[\"https:\\\/\\\/fjala.info\\\/2009-2015\\\/urim-gjata-jam-gati-te-ballafaqoj-korrupsionin-ne-drejtesi-po-qe-se-shteti-me-garanton-jeten\\\/#respond\"]}]},{\"@type\":\"WebPage\",\"@id\":\"https:\\\/\\\/fjala.info\\\/2009-2015\\\/urim-gjata-jam-gati-te-ballafaqoj-korrupsionin-ne-drejtesi-po-qe-se-shteti-me-garanton-jeten\\\/\",\"url\":\"https:\\\/\\\/fjala.info\\\/2009-2015\\\/urim-gjata-jam-gati-te-ballafaqoj-korrupsionin-ne-drejtesi-po-qe-se-shteti-me-garanton-jeten\\\/\",\"name\":\"Urim Gjata: Jam gati t\u00eb ballafaqoj korrupsionin n\u00eb drejt\u00ebsi, po qe se shteti m\u00eb garanton jet\u00ebn - FjALA e LIR\u00cb - Arkivi\",\"isPartOf\":{\"@id\":\"https:\\\/\\\/fjala.info\\\/2009-2015\\\/#website\"},\"primaryImageOfPage\":{\"@id\":\"https:\\\/\\\/fjala.info\\\/2009-2015\\\/urim-gjata-jam-gati-te-ballafaqoj-korrupsionin-ne-drejtesi-po-qe-se-shteti-me-garanton-jeten\\\/#primaryimage\"},\"image\":{\"@id\":\"https:\\\/\\\/fjala.info\\\/2009-2015\\\/urim-gjata-jam-gati-te-ballafaqoj-korrupsionin-ne-drejtesi-po-qe-se-shteti-me-garanton-jeten\\\/#primaryimage\"},\"thumbnailUrl\":\"http:\\\/\\\/www.fjala.info\\\/2012\\\/gjata_berisha.jpg\",\"datePublished\":\"2012-08-26T12:49:20+00:00\",\"breadcrumb\":{\"@id\":\"https:\\\/\\\/fjala.info\\\/2009-2015\\\/urim-gjata-jam-gati-te-ballafaqoj-korrupsionin-ne-drejtesi-po-qe-se-shteti-me-garanton-jeten\\\/#breadcrumb\"},\"inLanguage\":\"sq-AL\",\"potentialAction\":[{\"@type\":\"ReadAction\",\"target\":[\"https:\\\/\\\/fjala.info\\\/2009-2015\\\/urim-gjata-jam-gati-te-ballafaqoj-korrupsionin-ne-drejtesi-po-qe-se-shteti-me-garanton-jeten\\\/\"]}]},{\"@type\":\"ImageObject\",\"inLanguage\":\"sq-AL\",\"@id\":\"https:\\\/\\\/fjala.info\\\/2009-2015\\\/urim-gjata-jam-gati-te-ballafaqoj-korrupsionin-ne-drejtesi-po-qe-se-shteti-me-garanton-jeten\\\/#primaryimage\",\"url\":\"http:\\\/\\\/www.fjala.info\\\/2012\\\/gjata_berisha.jpg\",\"contentUrl\":\"http:\\\/\\\/www.fjala.info\\\/2012\\\/gjata_berisha.jpg\"},{\"@type\":\"BreadcrumbList\",\"@id\":\"https:\\\/\\\/fjala.info\\\/2009-2015\\\/urim-gjata-jam-gati-te-ballafaqoj-korrupsionin-ne-drejtesi-po-qe-se-shteti-me-garanton-jeten\\\/#breadcrumb\",\"itemListElement\":[{\"@type\":\"ListItem\",\"position\":1,\"name\":\"Home\",\"item\":\"https:\\\/\\\/fjala.info\\\/2009-2015\\\/\"},{\"@type\":\"ListItem\",\"position\":2,\"name\":\"Urim Gjata: Jam gati t\u00eb ballafaqoj korrupsionin n\u00eb drejt\u00ebsi, po qe se shteti m\u00eb garanton jet\u00ebn\"}]},{\"@type\":\"WebSite\",\"@id\":\"https:\\\/\\\/fjala.info\\\/2009-2015\\\/#website\",\"url\":\"https:\\\/\\\/fjala.info\\\/2009-2015\\\/\",\"name\":\"FjALA e LIR\u00cb - Arkivi\",\"description\":\"Arkivi 2009-2015\",\"publisher\":{\"@id\":\"https:\\\/\\\/fjala.info\\\/2009-2015\\\/#organization\"},\"potentialAction\":[{\"@type\":\"SearchAction\",\"target\":{\"@type\":\"EntryPoint\",\"urlTemplate\":\"https:\\\/\\\/fjala.info\\\/2009-2015\\\/?s={search_term_string}\"},\"query-input\":{\"@type\":\"PropertyValueSpecification\",\"valueRequired\":true,\"valueName\":\"search_term_string\"}}],\"inLanguage\":\"sq-AL\"},{\"@type\":\"Organization\",\"@id\":\"https:\\\/\\\/fjala.info\\\/2009-2015\\\/#organization\",\"name\":\"FjALA e LIR\u00cb - Arkivi\",\"url\":\"https:\\\/\\\/fjala.info\\\/2009-2015\\\/\",\"logo\":{\"@type\":\"ImageObject\",\"inLanguage\":\"sq-AL\",\"@id\":\"https:\\\/\\\/fjala.info\\\/2009-2015\\\/#\\\/schema\\\/logo\\\/image\\\/\",\"url\":\"\",\"contentUrl\":\"\",\"caption\":\"FjALA e LIR\u00cb - Arkivi\"},\"image\":{\"@id\":\"https:\\\/\\\/fjala.info\\\/2009-2015\\\/#\\\/schema\\\/logo\\\/image\\\/\"}},{\"@type\":\"Person\",\"@id\":\"https:\\\/\\\/fjala.info\\\/2009-2015\\\/#\\\/schema\\\/person\\\/3aa1163ef05469c496fc94e77611ada2\",\"name\":\"admin\",\"image\":{\"@type\":\"ImageObject\",\"inLanguage\":\"sq-AL\",\"@id\":\"https:\\\/\\\/fjala.info\\\/2009-2015\\\/wp-content\\\/uploads\\\/2012\\\/02\\\/arben_cokaj-120x150.jpg\",\"url\":\"https:\\\/\\\/fjala.info\\\/2009-2015\\\/wp-content\\\/uploads\\\/2012\\\/02\\\/arben_cokaj-120x150.jpg\",\"contentUrl\":\"https:\\\/\\\/fjala.info\\\/2009-2015\\\/wp-content\\\/uploads\\\/2012\\\/02\\\/arben_cokaj-120x150.jpg\",\"caption\":\"admin\"},\"description\":\"Admin, Fjala e Lir\u00eb\",\"sameAs\":[\"https:\\\/\\\/fjala.info\\\/\"],\"url\":\"https:\\\/\\\/fjala.info\\\/2009-2015\\\/author\\\/admin\\\/\"}]}<\/script>\n<!-- \/ Yoast SEO plugin. -->","yoast_head_json":{"title":"Urim Gjata: Jam gati t\u00eb ballafaqoj korrupsionin n\u00eb drejt\u00ebsi, po qe se shteti m\u00eb garanton jet\u00ebn - FjALA e LIR\u00cb - Arkivi","robots":{"index":"index","follow":"follow","max-snippet":"max-snippet:-1","max-image-preview":"max-image-preview:large","max-video-preview":"max-video-preview:-1"},"canonical":"https:\/\/fjala.info\/2009-2015\/urim-gjata-jam-gati-te-ballafaqoj-korrupsionin-ne-drejtesi-po-qe-se-shteti-me-garanton-jeten\/","og_locale":"sq_AL","og_type":"article","og_title":"Urim Gjata: Jam gati t\u00eb ballafaqoj korrupsionin n\u00eb drejt\u00ebsi, po qe se shteti m\u00eb garanton jet\u00ebn - FjALA e LIR\u00cb - Arkivi","og_description":"TemA Online, 25 Gusht 2012 Urim Gjata, personi q\u00eb denoncoi korrupsionin e friksh\u00ebm n\u00eb dogana nga njer\u00ebzit e Ridvan Bodes, thot\u00eb se \u00ebsht\u00eb gati q\u00eb t\u00eb ballafaqoj\u00eb korrupsionin me drejt\u00ebsin\u00eb, n\u00ebse i garantohet jeta. Ai ka konfirmuar p\u00ebr \u201cTelegraf\u201d k\u00ebrc\u00ebnimet dhe tentativat p\u00ebr ekzekutim, nd\u00ebrkoh\u00eb q\u00eb Ministria e Brendshme \u00ebsht\u00eb shprehur p\u00ebr gazet\u00ebn se, \u201ci [&hellip;]","og_url":"https:\/\/fjala.info\/2009-2015\/urim-gjata-jam-gati-te-ballafaqoj-korrupsionin-ne-drejtesi-po-qe-se-shteti-me-garanton-jeten\/","og_site_name":"FjALA e LIR\u00cb - Arkivi","article_published_time":"2012-08-26T12:49:20+00:00","og_image":[{"url":"http:\/\/www.fjala.info\/2012\/gjata_berisha.jpg","type":"","width":"","height":""}],"author":"admin","twitter_card":"summary_large_image","twitter_misc":{"Written by":"admin","Est. reading time":"7 minutes"},"schema":{"@context":"https:\/\/schema.org","@graph":[{"@type":"Article","@id":"https:\/\/fjala.info\/2009-2015\/urim-gjata-jam-gati-te-ballafaqoj-korrupsionin-ne-drejtesi-po-qe-se-shteti-me-garanton-jeten\/#article","isPartOf":{"@id":"https:\/\/fjala.info\/2009-2015\/urim-gjata-jam-gati-te-ballafaqoj-korrupsionin-ne-drejtesi-po-qe-se-shteti-me-garanton-jeten\/"},"author":{"name":"admin","@id":"https:\/\/fjala.info\/2009-2015\/#\/schema\/person\/3aa1163ef05469c496fc94e77611ada2"},"headline":"Urim Gjata: Jam gati t\u00eb ballafaqoj korrupsionin n\u00eb drejt\u00ebsi, po qe se shteti m\u00eb garanton jet\u00ebn","datePublished":"2012-08-26T12:49:20+00:00","mainEntityOfPage":{"@id":"https:\/\/fjala.info\/2009-2015\/urim-gjata-jam-gati-te-ballafaqoj-korrupsionin-ne-drejtesi-po-qe-se-shteti-me-garanton-jeten\/"},"wordCount":1421,"commentCount":0,"publisher":{"@id":"https:\/\/fjala.info\/2009-2015\/#organization"},"image":{"@id":"https:\/\/fjala.info\/2009-2015\/urim-gjata-jam-gati-te-ballafaqoj-korrupsionin-ne-drejtesi-po-qe-se-shteti-me-garanton-jeten\/#primaryimage"},"thumbnailUrl":"http:\/\/www.fjala.info\/2012\/gjata_berisha.jpg","articleSection":["Artikuj","Intervista"],"inLanguage":"sq-AL","potentialAction":[{"@type":"CommentAction","name":"Comment","target":["https:\/\/fjala.info\/2009-2015\/urim-gjata-jam-gati-te-ballafaqoj-korrupsionin-ne-drejtesi-po-qe-se-shteti-me-garanton-jeten\/#respond"]}]},{"@type":"WebPage","@id":"https:\/\/fjala.info\/2009-2015\/urim-gjata-jam-gati-te-ballafaqoj-korrupsionin-ne-drejtesi-po-qe-se-shteti-me-garanton-jeten\/","url":"https:\/\/fjala.info\/2009-2015\/urim-gjata-jam-gati-te-ballafaqoj-korrupsionin-ne-drejtesi-po-qe-se-shteti-me-garanton-jeten\/","name":"Urim Gjata: Jam gati t\u00eb ballafaqoj korrupsionin n\u00eb drejt\u00ebsi, po qe se shteti m\u00eb garanton jet\u00ebn - FjALA e LIR\u00cb - Arkivi","isPartOf":{"@id":"https:\/\/fjala.info\/2009-2015\/#website"},"primaryImageOfPage":{"@id":"https:\/\/fjala.info\/2009-2015\/urim-gjata-jam-gati-te-ballafaqoj-korrupsionin-ne-drejtesi-po-qe-se-shteti-me-garanton-jeten\/#primaryimage"},"image":{"@id":"https:\/\/fjala.info\/2009-2015\/urim-gjata-jam-gati-te-ballafaqoj-korrupsionin-ne-drejtesi-po-qe-se-shteti-me-garanton-jeten\/#primaryimage"},"thumbnailUrl":"http:\/\/www.fjala.info\/2012\/gjata_berisha.jpg","datePublished":"2012-08-26T12:49:20+00:00","breadcrumb":{"@id":"https:\/\/fjala.info\/2009-2015\/urim-gjata-jam-gati-te-ballafaqoj-korrupsionin-ne-drejtesi-po-qe-se-shteti-me-garanton-jeten\/#breadcrumb"},"inLanguage":"sq-AL","potentialAction":[{"@type":"ReadAction","target":["https:\/\/fjala.info\/2009-2015\/urim-gjata-jam-gati-te-ballafaqoj-korrupsionin-ne-drejtesi-po-qe-se-shteti-me-garanton-jeten\/"]}]},{"@type":"ImageObject","inLanguage":"sq-AL","@id":"https:\/\/fjala.info\/2009-2015\/urim-gjata-jam-gati-te-ballafaqoj-korrupsionin-ne-drejtesi-po-qe-se-shteti-me-garanton-jeten\/#primaryimage","url":"http:\/\/www.fjala.info\/2012\/gjata_berisha.jpg","contentUrl":"http:\/\/www.fjala.info\/2012\/gjata_berisha.jpg"},{"@type":"BreadcrumbList","@id":"https:\/\/fjala.info\/2009-2015\/urim-gjata-jam-gati-te-ballafaqoj-korrupsionin-ne-drejtesi-po-qe-se-shteti-me-garanton-jeten\/#breadcrumb","itemListElement":[{"@type":"ListItem","position":1,"name":"Home","item":"https:\/\/fjala.info\/2009-2015\/"},{"@type":"ListItem","position":2,"name":"Urim Gjata: Jam gati t\u00eb ballafaqoj korrupsionin n\u00eb drejt\u00ebsi, po qe se shteti m\u00eb garanton jet\u00ebn"}]},{"@type":"WebSite","@id":"https:\/\/fjala.info\/2009-2015\/#website","url":"https:\/\/fjala.info\/2009-2015\/","name":"FjALA e LIR\u00cb - Arkivi","description":"Arkivi 2009-2015","publisher":{"@id":"https:\/\/fjala.info\/2009-2015\/#organization"},"potentialAction":[{"@type":"SearchAction","target":{"@type":"EntryPoint","urlTemplate":"https:\/\/fjala.info\/2009-2015\/?s={search_term_string}"},"query-input":{"@type":"PropertyValueSpecification","valueRequired":true,"valueName":"search_term_string"}}],"inLanguage":"sq-AL"},{"@type":"Organization","@id":"https:\/\/fjala.info\/2009-2015\/#organization","name":"FjALA e LIR\u00cb - Arkivi","url":"https:\/\/fjala.info\/2009-2015\/","logo":{"@type":"ImageObject","inLanguage":"sq-AL","@id":"https:\/\/fjala.info\/2009-2015\/#\/schema\/logo\/image\/","url":"","contentUrl":"","caption":"FjALA e LIR\u00cb - Arkivi"},"image":{"@id":"https:\/\/fjala.info\/2009-2015\/#\/schema\/logo\/image\/"}},{"@type":"Person","@id":"https:\/\/fjala.info\/2009-2015\/#\/schema\/person\/3aa1163ef05469c496fc94e77611ada2","name":"admin","image":{"@type":"ImageObject","inLanguage":"sq-AL","@id":"https:\/\/fjala.info\/2009-2015\/wp-content\/uploads\/2012\/02\/arben_cokaj-120x150.jpg","url":"https:\/\/fjala.info\/2009-2015\/wp-content\/uploads\/2012\/02\/arben_cokaj-120x150.jpg","contentUrl":"https:\/\/fjala.info\/2009-2015\/wp-content\/uploads\/2012\/02\/arben_cokaj-120x150.jpg","caption":"admin"},"description":"Admin, Fjala e Lir\u00eb","sameAs":["https:\/\/fjala.info\/"],"url":"https:\/\/fjala.info\/2009-2015\/author\/admin\/"}]}},"_links":{"self":[{"href":"https:\/\/fjala.info\/2009-2015\/wp-json\/wp\/v2\/posts\/4686","targetHints":{"allow":["GET"]}}],"collection":[{"href":"https:\/\/fjala.info\/2009-2015\/wp-json\/wp\/v2\/posts"}],"about":[{"href":"https:\/\/fjala.info\/2009-2015\/wp-json\/wp\/v2\/types\/post"}],"author":[{"embeddable":true,"href":"https:\/\/fjala.info\/2009-2015\/wp-json\/wp\/v2\/users\/1"}],"replies":[{"embeddable":true,"href":"https:\/\/fjala.info\/2009-2015\/wp-json\/wp\/v2\/comments?post=4686"}],"version-history":[{"count":0,"href":"https:\/\/fjala.info\/2009-2015\/wp-json\/wp\/v2\/posts\/4686\/revisions"}],"wp:attachment":[{"href":"https:\/\/fjala.info\/2009-2015\/wp-json\/wp\/v2\/media?parent=4686"}],"wp:term":[{"taxonomy":"category","embeddable":true,"href":"https:\/\/fjala.info\/2009-2015\/wp-json\/wp\/v2\/categories?post=4686"},{"taxonomy":"post_tag","embeddable":true,"href":"https:\/\/fjala.info\/2009-2015\/wp-json\/wp\/v2\/tags?post=4686"}],"curies":[{"name":"wp","href":"https:\/\/api.w.org\/{rel}","templated":true}]}}