{"id":4684,"date":"2010-11-10T08:51:27","date_gmt":"2010-11-10T07:51:27","guid":{"rendered":"http:\/\/fjala.shkoder.net\/?p=4684"},"modified":"2010-11-10T08:51:27","modified_gmt":"2010-11-10T07:51:27","slug":"kryeministri-nuk-e-lufton-dot-korrupsionin","status":"publish","type":"post","link":"https:\/\/fjala.info\/2009-2015\/kryeministri-nuk-e-lufton-dot-korrupsionin\/","title":{"rendered":"Kryeministri nuk e lufton dot korrupsionin"},"content":{"rendered":"<p><img loading=\"lazy\" decoding=\"async\" class=\"alignleft size-medium wp-image-4685\" title=\"Berisha me laptop n\u00eb mbledhje qeverie\" src=\"http:\/\/fjala.shkoder.net\/wp-content\/uploads\/2010\/11\/berisha_laptop-300x236.jpg\" alt=\"\" width=\"300\" height=\"236\" \/><br \/>\nNga <strong>Kico Blushi<\/strong>, <em>18.10.2010<\/em><\/p>\n<p>Nisur nga m\u00ebsim-p\u00ebsimet me ngjitje-ngritje, nga p\u00ebrvoja e gjat\u00eb vetjake e nj\u00eb drejtuesi t\u00eb rrahur me vaj e me uthull t\u00eb st\u00ebrvitur n\u00ebp\u00ebr kurthe, kulisa, pabesira e pusira, i aft\u00eb p\u00ebr t\u00eb mos njohur sentimentalizmin kur duhen sakrifikuar edhe bashk\u00ebpun\u00ebtor\u00ebt m\u00eb t\u00eb af\u00ebrt p\u00ebr hir t\u00eb siguris\u00eb n\u00eb pushtet, logjika m\u00eb elementare e lyp q\u00eb i plotfuqishmi Berisha, n\u00eb k\u00ebt\u00eb p\u00ebrbaltje masive, duke qen\u00eb p\u00ebrgjegj\u00ebsi kryesor, duhej t\u00eb ish m\u00eb i interesuari p\u00ebr t\u00eb dh\u00ebn\u00eb shembuj t\u00eb luft\u00ebs pa kompromis kund\u00ebr korrupsionit\u2026 Kjo \u201cbetej\u00eb e jet\u00ebs sime\u201d, si e ka quajtur vet\u00eb, nuk mund t\u00eb justifikohet me ca lepuj t\u00eb vegj\u00ebl, me do mjek\u00eb, me polic\u00eb burgjesh a rrug\u00ebsh e m\u00ebsues t\u00eb rangut t\u00eb tret\u00eb, q\u00eb e shumta marrin ca euro bakshish, por duke \u201ctherur\u201d publikisht t\u00eb pakt\u00ebn nj\u00eb nga lepujt e m\u00ebdhenj t\u00eb qeveris\u00eb, minist\u00ebr a deputet, k\u00ebshilltar a familjar.<\/p>\n<p>Natyrisht, k\u00ebt\u00eb \u201coperacion n\u00eb zem\u00ebr\u201d Doktori nuk ka pse e b\u00ebn p\u00ebr t\u2019i b\u00ebr\u00eb qejfin opozit\u00ebs, as nd\u00ebrkomb\u00ebtar\u00ebve, t\u00eb cil\u00ebt nuk rreshtin s\u00eb k\u00ebrkuari shembuj t\u00eb till\u00eb past\u00ebrtie, duke na d\u00ebrguar \u00e7do muaj emisar\u00eb, komisioner\u00eb dhe ultimatume, ku si kusht par\u00ebsor p\u00ebr integrimin vihet antikorrupsioni, por m\u00eb s\u00eb paku p\u00ebr t\u00eb d\u00ebshmuar me prova konkrete se ai vet\u00eb \u00ebsht\u00eb i past\u00ebr, i drejt\u00eb, i pakorruptuar, i pal\u00ebkundur p\u00ebr instalimin e shtetit t\u00eb s\u00eb Drejt\u00ebs.<\/p>\n<p>Sigurisht nuk \u00ebsht\u00eb vet\u00ebm G\u00ebrdeci, as vet\u00ebm rruga e Kombit, as koncesionet e hidrocentraleve, as lidhjet e kunet\u00ebrve apo lepujve me mafien rajonale ose at\u00eb t\u00eb nd\u00ebrtimit, q\u00eb presin nj\u00eb p\u00ebrgjigje e ndarje t\u00eb prer\u00eb nga kryeministri. N\u00eb k\u00ebt\u00eb klim\u00eb kur nuk mund t\u00eb besohet se dikush ka mbetur i pap\u00ebrlyer, antikorrupsioni ngjan si nj\u00eb lod\u00ebr, demagogji, g\u00ebnjesht\u00ebr e radh\u00ebs, nj\u00eb manov\u00ebr e padobishme q\u00eb nuk vlen p\u00ebr mashtrim t\u00eb m\u00ebtutejm\u00eb t\u00eb elektoratit nga t\u00eb dy pal\u00ebt: pozit\u00eb-opozit\u00eb.<\/p>\n<p>Para zgjedhjeve, para popullit, para premtimeve se do t\u00eb b\u00ebnte namin kur t\u00eb vinte n\u00eb pushtet, para militant\u00ebve, madje edhe para historis\u00eb, me t\u00eb pakt\u00ebn nj\u00eb t\u00eb till\u00eb shembull nd\u00ebshkimi, kryeministri do t\u00eb kish provuar qysh n\u00eb mandatin e par\u00eb se ka qen\u00eb e ka mbetur politikani m\u00eb i ndersh\u00ebm e i p\u00ebrkor\u00eb i \u201cduarve t\u00eb pastra\u201d. K\u00ebsisoj do t\u00eb lante sadopak fytyr\u00ebn nga akuzat p\u00ebr lloj-lloj aferash e privatizimesh t\u00eb dyshimta, t\u00eb cilat derim\u00eb sot kan\u00eb mbetur pa \u201cu zbardhur\u201d si nga ai, ashtu edhe nga organet me-lepur-n\u00eb-bark t\u00eb Drejt\u00ebsis\u00eb.<\/p>\n<p>Por, Berisha nuk b\u00ebn dot nj\u00eb kurban t\u00eb till\u00eb jo vet\u00ebm ndaj t\u00eb af\u00ebrmve t\u00eb tij, por as mes ministrave dhe deputet\u00ebve. Jo se nuk do, jo se nuk e kupton q\u00eb kjo do t\u00eb ishte m\u00eb e mira dhe e vetmja zgjidhje politike n\u00eb k\u00ebt\u00eb p\u00ebrbaltje t\u00eb tejembant\u00eb me korrupsion, por p\u00ebr imazhin e tij ky do t\u00eb ishte nj\u00eb veprim i men\u00e7ur dhe i dobish\u00ebm p\u00ebr rritjen e besimit, p\u00ebr pastrimin e sadopakt\u00eb moral t\u00eb atij vet\u00eb e, si rrjedhim, edhe t\u00eb politik\u00ebs e shoq\u00ebris\u00eb\u2026 Kryeministri nuk b\u00ebn dot nj\u00eb harakiri t\u00eb till\u00eb, apo, si thuhej dikur nga rival\u00ebt e tij, nj\u00eb katarsis. Nuk mundet p\u00ebr shkak t\u00eb numrave t\u00eb kufizuar e k\u00ebrc\u00ebnues t\u00eb deputet\u00ebve, pasi \u201cqeveria ime\u201d do t\u00eb binte automatikisht dhe ai mund t\u00eb dilte n\u00eb pension t\u00eb parakohsh\u00ebm\u2026<\/p>\n<p>I zhveshur nga pushteti, \u201clavdia\u201d e sotme do t\u00eb kthehej n\u00eb t\u00eb kund\u00ebrt; ai do t\u00eb p\u00ebrfundonte, si pararend\u00ebsit, i pambrojtur dhe m\u00eb i p\u00ebrfoluri p\u00ebr keq. N\u00ebse do t\u00eb l\u00ebshonte Priftin, Mediun, Bregun, Bash\u00ebn apo Vokshin, p\u00ebr t\u00eb dh\u00ebn\u00eb nj\u00eb shembull aq t\u00eb d\u00ebshiruar t\u00eb past\u00ebrtis\u00eb dhe \u201ctoleranc\u00ebs zero\u201d, Berisha nuk do t\u00eb mbetej dot kryeminist\u00ebr, qeveria-parti dhe fuqia e tij e pagjykueshme do t\u00eb shk\u00ebrb\u00ebheshin m\u00eb leht\u00eb se n\u00eb 1997-\u00ebn, pa nevoj\u00ebn e protestave, grevave t\u00eb uris\u00eb dhe akuzave t\u00eb p\u00ebrditshme t\u00eb opozit\u00ebs e mediave.<\/p>\n<p>Nj\u00eb Berish\u00eb i rr\u00ebzuar p\u00ebr her\u00eb t\u00eb dyt\u00eb, edhe pse jo me \u201crebelim t\u00eb armatosur\u201d, por k\u00ebsaj here nga brenda, me mjete demokratike, me humbje t\u00eb numrave n\u00eb Kuvend, do t\u00eb dilte shum\u00eb m\u00eb i dob\u00ebt, m\u00eb i flashk\u00ebt, m\u00eb pa rrug\u00ebdalje se n\u00eb 1996-7-\u00ebn\u2026.I hedhur n\u00eb opozit\u00eb p\u00ebr her\u00eb t\u00eb dyt\u00eb pas r\u00ebnies s\u00eb \u201cgur\u00ebve t\u00eb dominos\u00eb\u201d (q\u00eb tash ndodhen n\u00eb duar t\u00eb Met\u00ebs), n\u00eb nj\u00eb koh\u00eb kur \u201cletrat\u201d e privatizim-p\u00ebrvet\u00ebsimeve ende jan\u00eb t\u00eb hapura, Berisha do ta kishte ku e ku m\u00eb t\u00eb v\u00ebshtir\u00eb p\u00ebr t\u2019u ringritur nga hiri. M\u00eb mir\u00eb se kushdo k\u00ebt\u00eb rrezik potencial e ndjen ai.<\/p>\n<p>P\u00ebr shkak t\u00eb rrethanave, mosh\u00ebs, koh\u00ebs, vet\u00ebkonsumimit, luft\u00ebs s\u00eb pashmangshme brenda llojit, do t\u00eb gjendej ndoshta p\u00ebrfundimisht jasht\u00eb loje; dhe vart\u00ebsit, k\u00ebshilltar\u00ebt, militant\u00ebt, deputet\u00ebt, besnik\u00ebt, bashk\u00eb me togat e zeza t\u00eb Drejt\u00ebsis\u00eb e blut\u00eb e policis\u00eb (t\u00eb cilat sot p\u00ebr sot rrin\u00eb sus para tij) me siguri do t\u00eb iknin n\u00eb drejtim t\u00eb paditur. Shembulli i vetes, kur u detyrua t\u00eb l\u00ebshonte me p\u00ebrdhun\u00eb Presidenc\u00ebn, por sidomos i Nanos q\u00eb u vet\u00ebdor\u00ebhoq m\u00eb pas nga partia, mjaftojn\u00eb p\u00ebr t\u00eb kuptuar e mos harruar k\u00ebt\u00eb p\u00ebsim-m\u00ebsim-nd\u00ebshkim-d\u00ebnim me \u201cvetmi t\u00eb madhe\u201d t\u00eb nj\u00eb kryetari q\u00eb quhej edhe \u201chistorik\u201d, edhe karizmatik\u2026<\/p>\n<p>N\u00eb nj\u00eb theqafje t\u00eb till\u00eb, jo vet\u00ebm nga numrat, por edhe n\u00eb zgjedhjet e pritshme vendore, Berisha do t\u00eb b\u00ebj\u00eb t\u00eb pamundur\u00ebn e t\u00eb pab\u00ebr\u00ebn t\u00eb mos ia lejoj\u00eb vetes rr\u00ebzimin p\u00ebr her\u00eb t\u00eb dyt\u00eb. Sepse n\u00eb Ballkan nj\u00eb Familje politike e shthurur k\u00ebsisoj dihet se ku e \u00e7on, m\u00eb t\u00eb parin, p\u00ebr\u00e7orin humb\u00ebs t\u00eb kopes\u00eb. Ja p\u00ebrse q\u00ebndrestar\u00ebt e korruptuar nuk mund t\u00eb d\u00ebnohen, t\u00eb kritikohen, t\u00eb hiqen nga postet e nga favoret. Jan\u00eb k\u00ebta q\u00eb e kan\u00eb pushtetin real, jo Berisha. Ky varet prej tyre, jo e kund\u00ebrta.<\/p>\n<p>Historia na m\u00ebson se n\u00eb logjik\u00ebn e \u00e7do grupimi politiko-mafioz, nd\u00ebshkimi jepet vet\u00ebm at\u00ebher\u00eb kur dikush nga brenda tradhton, kur pranon t\u00eb b\u00ebhet \u201cpentito\u201d (i penduar, si p.sh, Mero Baze), kur rr\u00ebfehet, kur hap barkun; nd\u00ebrsa kur q\u00ebndron besnik, kapo-kryetari i partis\u00eb t\u00eb mbron dhe, si rezultat, stani me lepuj nuk shthuret\u2026.Deputet\u00ebt dhe ministrat jan\u00eb t\u00eb urt\u00eb e t\u00eb bindur se e din\u00eb q\u00eb p\u00ebr shkakun e m\u00ebsip\u00ebrm, si dhe t\u00eb nj\u00eb maxhorance si rrall\u00ebher\u00eb t\u00eb kufizuar n\u00eb numra, Berisha nuk ka asnj\u00eb mund\u00ebsi t\u00eb sakrifikoj\u00eb k\u00ebrk\u00ebnd.<\/p>\n<p>N\u00eb Murin e tij t\u00eb Rozaf\u00ebs q\u00eb quhet qeveri, n\u2019da\u00e7 parti, asnj\u00eb nuk ka p\u00ebr t\u2019u b\u00ebr\u00eb kurban\u2026Ja p\u00ebrse ministrat, deputet\u00ebt dhe z\u00ebdh\u00ebn\u00ebsit jan\u00eb aq t\u00eb qet\u00eb, sfidues, cinik\u00eb, hokatar\u00eb e t\u00eb sigurt. N\u00ebse nj\u00eb prift apo nj\u00eb prift\u00ebresh\u00eb do t\u2019i jepej \u201cfalas\u201d Drejt\u00ebsis\u00eb, at\u00ebher\u00eb humbet kohezioni, shkrihet besimi n\u00eb grup, shk\u00ebrmoqet uniteti i \u00e7elikt\u00eb\u2026M\u00eb keq edhe se prift\u00ebrinjt\u00eb e dekonspiruar t\u00eb korrupsionit, pa postin e kryeministrit, Berisha nes\u00ebr do t\u00eb ish m\u00eb i k\u00ebrc\u00ebnuar se koncesionar\u00ebt apo tenderngr\u00ebn\u00ebsit e tij t\u00eb panginjur. (Pyesni veten: p\u00ebrse Dritan Prifti q\u00eb u duk sikur do t\u00eb b\u00ebnte namin, e ka mbyllur goj\u00ebn?).<\/p>\n<p>Sepse rregulli i pashkruar \u00ebsht\u00eb ky: n\u00ebse nj\u00eb \u201clepur\u201d dor\u00ebzohet, ai duhet nd\u00ebshkuar e rrjepur s\u00eb gjalli para se ta marr\u00eb Drejt\u00ebsia\u2026Por n\u00ebse partia (kupto: kryetari) t\u00eb hedh si mish p\u00ebr top te Drejt\u00ebsia dhe te dhemb\u00ebt e opozit\u00ebs, at\u00ebher\u00eb p\u00ebrfundimisht je i humbur e i pashp\u00ebtuesh\u00ebm. Vet\u00ebm ky \u201cmoral\u201d ka vler\u00eb e kuptim n\u00eb qerthullin e politik\u00ebs s\u00eb sotme! Sepse, kur ndodh katrahura, pra, n\u00ebse fillon e prishet stani me lepuj, askush nga ushtar\u00ebt dhe kapter\u00ebt e parti-qeveris\u00eb nuk jep siguri e garanci se nes\u00ebr, p\u00ebr t\u00eb mbrojtur veten, nga goja e kushedi sa \u201cpentitove\u201d do t\u00eb dalin t\u00eb tjera d\u00ebshmi rr\u00ebnqeth\u00ebse t\u00eb vjedhjeve, abuzimeve e grabitjeve\u2026<\/p>\n<p>Kushedi sa zyrtar\u00eb t\u00eb lart\u00eb, t\u00eb lebetitur nga frika e paniku do t\u00eb dor\u00ebzohen pa kushte, duke ia hedhur gjith\u00eb fajin shefit t\u00eb madh\u2026.Kjo \u00ebsht\u00eb logjika e \u00e7do organizimi mafioz: oborrtar\u00ebt duhet t\u00eb pranojn\u00eb t\u00eb varrosen bashk\u00eb me \u201cfaraonin\u201d, ndaj n\u00eb gjallje \u201cfaraoni\u201d \u00ebsht\u00eb i detyruar t\u00eb nd\u00ebshkoj\u00eb pa m\u00ebshir\u00eb ata q\u00eb dalin kund\u00ebr, ata q\u00eb kap\u00ebrcejn\u00eb gardhin e guxojn\u00eb t\u00eb hapin goj\u00ebn. Tjet\u00ebr rrug\u00ebdalje nuk ka\u2026! Pluralizmi shqiptar k\u00ebt\u00eb \u201cp\u00ebrvoj\u00eb\u201d e ka p\u00ebrkthyer si nj\u00eb rregull t\u00eb pashkruar t\u00eb demokracis\u00eb: nuk nd\u00ebshkohet ai q\u00eb vjedh, por ai q\u00eb tregon kush vjedh.<\/p>\n<p>Ka shum\u00eb emra e shembuj n\u00eb k\u00ebto 20 vjet q\u00eb provojn\u00eb se nga t\u00eb gjith\u00eb politikan\u00ebt e lart\u00eb, Berisha \u00ebsht\u00eb i vetmi q\u00eb pa frik\u00eb e pa droj\u00eb ka marr\u00eb n\u00eb mbrojtje t\u00eb gjith\u00eb \u201cbesnik\u00ebt\u201d me dosje t\u00eb vjetra apo t\u00eb reja, mjaft q\u00eb t\u00eb ken\u00eb dh\u00ebn\u00eb prova se nuk e kan\u00eb l\u00ebn\u00eb n\u00eb balt\u00eb, se nuk kan\u00eb pranuar t\u00eb rr\u00ebfehen p\u00ebr m\u00ebkatet dhe gjynahet, edhe kur jan\u00eb v\u00ebn\u00eb para bank\u00ebs s\u00eb akuz\u00ebs\u2026 (Kujtoni psh t\u00eb arrestuarit e 14 shtatorit). Kjo veti atij i quhet \u201cmerit\u00eb\u201d, aft\u00ebsi, zot\u00ebsi, talent n\u00eb politik\u00ebb\u00ebrje\u2026 K\u00ebtu q\u00ebndron, sipas t\u00eb af\u00ebrmve, \u00e7el\u00ebsi i suksesit dhe i jet\u00ebgjat\u00ebsis\u00eb s\u00eb tij n\u00eb politik\u00eb. \u201cBerisha t\u00eb mban, nuk t\u00eb l\u00ebshon!\u201d\u2026 Kjo do t\u00eb thot\u00eb q\u00eb dosjet nuk do t\u00eb hapen p\u00ebr \u201cq\u00ebndrestar\u00ebt\u201d q\u00eb kan\u00eb b\u00ebr\u00eb vjedhje e privatizime disa milion\u00ebshe, por edhe p\u00ebr ata q\u00eb kan\u00eb kryer krime monstruoze me an\u00eb t\u00eb SHIK-ut fam\u00ebkeq\u2026<\/p>\n<p>T\u00eb gjith\u00eb k\u00ebta nuk jan\u00eb lejuar t\u00eb nd\u00ebshkohen as nga opinioni publik, as nga Drejt\u00ebsia; n\u00eb t\u00eb kund\u00ebrt jan\u00eb graduar e riem\u00ebruar q\u00ebllimisht pas 2005-\u00ebs p\u00ebr t\u00eb dh\u00ebn\u00eb shembullin e sh\u00eblbimit. Emrat e \u201cq\u00ebndrestar\u00ebve\u201d t\u00eb shp\u00ebrblyer me prona, poste e grada t\u00eb pamerituara jan\u00eb propaganda m\u00eb efektive p\u00ebr rekrutimin e mercenar\u00ebve t\u00eb rinj. K\u00ebta sh\u00ebrbejn\u00eb si autoshkoll\u00eb p\u00ebr prij\u00ebsin, si amalgam\u00eb p\u00ebr t\u00eb v\u00ebn\u00eb rregull e p\u00ebr t\u00eb mbajtur gjall\u00eb besimin, p\u00ebr t\u00eb ushtruar disiplin\u00eb n\u00eb rreshtim e n\u00eb bindje pa kushte. Mercenarizmi, ky zanat i lasht\u00eb i yni, ka gjetur, m\u00eb n\u00eb fund, ustain e vet m\u00eb t\u00eb p\u00ebrkryer.<\/p>\n<p>* * *<\/p>\n<p>Mund t\u00eb duket e \u00e7uditshme, por Berisha nuk b\u00ebn dot kurban as ndonj\u00eb lepur t\u00eb korrupsionit nga opozita, pasi edhe k\u00ebt\u00eb kart\u00eb e ka djegur me F.Nanon vite m\u00eb par\u00eb, kur e arrestoi politikisht. Ndaj ai \u00ebsht\u00eb i destinuar t\u00eb vuaj\u00eb frik\u00ebn mos akuzohet se po burgos s\u00ebrish opozit\u00ebn, nj\u00eblloj si b\u00ebri kur ishte President. I kapur dhe i mbetur peng te demagogjia e vet, pa e kuptuar, tash gjendet n\u00eb kurth e n\u00eb \u00e7ark t\u00eb akuzave pa baz\u00eb, pa mas\u00eb e pa moral q\u00eb pat ngritur kund\u00ebr gjith\u00eb atyre q\u00eb i pat cil\u00ebsuar kund\u00ebrshtar\u00eb politik\u00eb.<\/p>\n<p>N\u00eb k\u00ebt\u00eb kuptim ai \u00ebsht\u00eb viktima num\u00ebr 1 e gabimeve, e ngutjeve, e tahmas\u00eb, e ambicies s\u00eb pafre, e mend\u00ebsis\u00eb bajraktaro-komuniste, e padurimit dhe e shpifjeve q\u00eb tekefundit burimin e kan\u00eb te politika drumepre, e cila m\u00eb shum\u00eb prish e shkat\u00ebrron, se nd\u00ebrton. Fakti q\u00eb dhjet\u00ebra nga ish-\u2018kryemafioz\u00ebt\u2019, ish-\u2018kapobandat\u2019, ish-\u2018kriminel\u00ebt\u2019, ish-\u2018kryehajdut\u00ebt\u2019 me \u00e7izme t\u00eb pozit\u00ebs s\u00eb djeshme, t\u00eb cil\u00ebsuar t\u00eb till\u00eb para se t\u00eb b\u00ebhej Kryeminist\u00ebr e q\u00eb sot nuk i p\u00ebrmend m\u00eb (madje shum\u00eb syresh i ka miq e k\u00ebshilltar\u00eb), provon jo vet\u00ebm pafuqin\u00eb, por edhe pengmarrjen e tij.<\/p>\n<p>N\u00eb k\u00ebto kushte Berish\u00ebs nuk i mbetet asnj\u00eb mjet politik, vet\u00ebm t\u00eb b\u00ebj\u00eb gam-gam e ham-ham kund\u00ebr korrupsionit e trafiqeve n\u00ebp\u00ebr sheshet e katundeve, para kamerave, madje edhe para nd\u00ebrkomb\u00ebtar\u00ebve, duke e l\u00ebn\u00eb korrupsionin t\u00eb pand\u00ebshkuar, nj\u00eb zot fuqiplot\u00eb e t\u00eb papreksh\u00ebm, &#8211; administratorin suprem e t\u00eb vet\u00ebm t\u00eb politik\u00ebs shqiptare t\u00eb 20 p\u00ebrqind\u00ebshit. Kjo tregon se duart e z\u00ebna n\u00eb kurthin e demagogjis\u00eb e n\u00eb \u00e7arkun e g\u00ebnjeshtr\u00ebs nuk mund t\u00eb jen\u00eb t\u00eb pastra; ato nuk lajn\u00eb dot nj\u00ebra-tjetr\u00ebn, as fytyr\u00ebn, as teshat, as emrin, as nd\u00ebrresat, as l\u00ebveret, as t\u00eb kaluar\u00ebn, as sht\u00ebpin\u00eb, as t\u00eb ardhmen, as familjar\u00ebt, as trash\u00ebgimtar\u00ebt\u2026.Dhe, vet\u00ebkuptohet, aq m\u00eb pak kund\u00ebrshtar\u00ebt! Ja p\u00ebrse mjedisi yn\u00eb sa vjen e po b\u00ebhet m\u00eb i ndotur!<\/p>\n","protected":false},"excerpt":{"rendered":"<p>Nga Kico Blushi, 18.10.2010 Nisur nga m\u00ebsim-p\u00ebsimet me ngjitje-ngritje, nga p\u00ebrvoja e gjat\u00eb vetjake e nj\u00eb drejtuesi t\u00eb rrahur me vaj e me uthull t\u00eb st\u00ebrvitur n\u00ebp\u00ebr kurthe, kulisa, pabesira e pusira, i aft\u00eb p\u00ebr t\u00eb mos njohur sentimentalizmin kur duhen sakrifikuar edhe bashk\u00ebpun\u00ebtor\u00ebt m\u00eb t\u00eb af\u00ebrt p\u00ebr hir t\u00eb siguris\u00eb n\u00eb pushtet, logjika m\u00eb [&hellip;]<\/p>\n","protected":false},"author":1,"featured_media":0,"comment_status":"open","ping_status":"closed","sticky":false,"template":"","format":"standard","meta":{"footnotes":""},"categories":[2],"tags":[],"class_list":{"0":"post-4684","1":"post","2":"type-post","3":"status-publish","4":"format-standard","6":"category-artikuj"},"yoast_head":"<!-- This site is optimized with the Yoast SEO plugin v27.4 - https:\/\/yoast.com\/product\/yoast-seo-wordpress\/ -->\n<title>Kryeministri nuk e lufton dot korrupsionin - FjALA e LIR\u00cb - Arkivi<\/title>\n<meta name=\"robots\" content=\"index, follow, max-snippet:-1, max-image-preview:large, max-video-preview:-1\" \/>\n<link rel=\"canonical\" href=\"https:\/\/fjala.info\/2009-2015\/kryeministri-nuk-e-lufton-dot-korrupsionin\/\" \/>\n<meta property=\"og:locale\" content=\"sq_AL\" \/>\n<meta property=\"og:type\" content=\"article\" \/>\n<meta property=\"og:title\" content=\"Kryeministri nuk e lufton dot korrupsionin - FjALA e LIR\u00cb - Arkivi\" \/>\n<meta property=\"og:description\" content=\"Nga Kico Blushi, 18.10.2010 Nisur nga m\u00ebsim-p\u00ebsimet me ngjitje-ngritje, nga p\u00ebrvoja e gjat\u00eb vetjake e nj\u00eb drejtuesi t\u00eb rrahur me vaj e me uthull t\u00eb st\u00ebrvitur n\u00ebp\u00ebr kurthe, kulisa, pabesira e pusira, i aft\u00eb p\u00ebr t\u00eb mos njohur sentimentalizmin kur duhen sakrifikuar edhe bashk\u00ebpun\u00ebtor\u00ebt m\u00eb t\u00eb af\u00ebrt p\u00ebr hir t\u00eb siguris\u00eb n\u00eb pushtet, logjika m\u00eb [&hellip;]\" \/>\n<meta property=\"og:url\" content=\"https:\/\/fjala.info\/2009-2015\/kryeministri-nuk-e-lufton-dot-korrupsionin\/\" \/>\n<meta property=\"og:site_name\" content=\"FjALA e LIR\u00cb - Arkivi\" \/>\n<meta property=\"article:published_time\" content=\"2010-11-10T07:51:27+00:00\" \/>\n<meta property=\"og:image\" content=\"http:\/\/fjala.shkoder.net\/wp-content\/uploads\/2010\/11\/berisha_laptop-300x236.jpg\" \/>\n<meta name=\"author\" content=\"admin\" \/>\n<meta name=\"twitter:card\" content=\"summary_large_image\" \/>\n<meta name=\"twitter:label1\" content=\"Written by\" \/>\n\t<meta name=\"twitter:data1\" content=\"admin\" \/>\n\t<meta name=\"twitter:label2\" content=\"Est. reading time\" \/>\n\t<meta name=\"twitter:data2\" content=\"11 minutes\" \/>\n<script type=\"application\/ld+json\" class=\"yoast-schema-graph\">{\"@context\":\"https:\\\/\\\/schema.org\",\"@graph\":[{\"@type\":\"Article\",\"@id\":\"https:\\\/\\\/fjala.info\\\/2009-2015\\\/kryeministri-nuk-e-lufton-dot-korrupsionin\\\/#article\",\"isPartOf\":{\"@id\":\"https:\\\/\\\/fjala.info\\\/2009-2015\\\/kryeministri-nuk-e-lufton-dot-korrupsionin\\\/\"},\"author\":{\"name\":\"admin\",\"@id\":\"https:\\\/\\\/fjala.info\\\/2009-2015\\\/#\\\/schema\\\/person\\\/3aa1163ef05469c496fc94e77611ada2\"},\"headline\":\"Kryeministri nuk e lufton dot korrupsionin\",\"datePublished\":\"2010-11-10T07:51:27+00:00\",\"mainEntityOfPage\":{\"@id\":\"https:\\\/\\\/fjala.info\\\/2009-2015\\\/kryeministri-nuk-e-lufton-dot-korrupsionin\\\/\"},\"wordCount\":2220,\"commentCount\":0,\"publisher\":{\"@id\":\"https:\\\/\\\/fjala.info\\\/2009-2015\\\/#organization\"},\"image\":{\"@id\":\"https:\\\/\\\/fjala.info\\\/2009-2015\\\/kryeministri-nuk-e-lufton-dot-korrupsionin\\\/#primaryimage\"},\"thumbnailUrl\":\"http:\\\/\\\/fjala.shkoder.net\\\/wp-content\\\/uploads\\\/2010\\\/11\\\/berisha_laptop-300x236.jpg\",\"articleSection\":[\"Artikuj\"],\"inLanguage\":\"sq-AL\",\"potentialAction\":[{\"@type\":\"CommentAction\",\"name\":\"Comment\",\"target\":[\"https:\\\/\\\/fjala.info\\\/2009-2015\\\/kryeministri-nuk-e-lufton-dot-korrupsionin\\\/#respond\"]}]},{\"@type\":\"WebPage\",\"@id\":\"https:\\\/\\\/fjala.info\\\/2009-2015\\\/kryeministri-nuk-e-lufton-dot-korrupsionin\\\/\",\"url\":\"https:\\\/\\\/fjala.info\\\/2009-2015\\\/kryeministri-nuk-e-lufton-dot-korrupsionin\\\/\",\"name\":\"Kryeministri nuk e lufton dot korrupsionin - FjALA e LIR\u00cb - Arkivi\",\"isPartOf\":{\"@id\":\"https:\\\/\\\/fjala.info\\\/2009-2015\\\/#website\"},\"primaryImageOfPage\":{\"@id\":\"https:\\\/\\\/fjala.info\\\/2009-2015\\\/kryeministri-nuk-e-lufton-dot-korrupsionin\\\/#primaryimage\"},\"image\":{\"@id\":\"https:\\\/\\\/fjala.info\\\/2009-2015\\\/kryeministri-nuk-e-lufton-dot-korrupsionin\\\/#primaryimage\"},\"thumbnailUrl\":\"http:\\\/\\\/fjala.shkoder.net\\\/wp-content\\\/uploads\\\/2010\\\/11\\\/berisha_laptop-300x236.jpg\",\"datePublished\":\"2010-11-10T07:51:27+00:00\",\"breadcrumb\":{\"@id\":\"https:\\\/\\\/fjala.info\\\/2009-2015\\\/kryeministri-nuk-e-lufton-dot-korrupsionin\\\/#breadcrumb\"},\"inLanguage\":\"sq-AL\",\"potentialAction\":[{\"@type\":\"ReadAction\",\"target\":[\"https:\\\/\\\/fjala.info\\\/2009-2015\\\/kryeministri-nuk-e-lufton-dot-korrupsionin\\\/\"]}]},{\"@type\":\"ImageObject\",\"inLanguage\":\"sq-AL\",\"@id\":\"https:\\\/\\\/fjala.info\\\/2009-2015\\\/kryeministri-nuk-e-lufton-dot-korrupsionin\\\/#primaryimage\",\"url\":\"http:\\\/\\\/fjala.shkoder.net\\\/wp-content\\\/uploads\\\/2010\\\/11\\\/berisha_laptop-300x236.jpg\",\"contentUrl\":\"http:\\\/\\\/fjala.shkoder.net\\\/wp-content\\\/uploads\\\/2010\\\/11\\\/berisha_laptop-300x236.jpg\"},{\"@type\":\"BreadcrumbList\",\"@id\":\"https:\\\/\\\/fjala.info\\\/2009-2015\\\/kryeministri-nuk-e-lufton-dot-korrupsionin\\\/#breadcrumb\",\"itemListElement\":[{\"@type\":\"ListItem\",\"position\":1,\"name\":\"Home\",\"item\":\"https:\\\/\\\/fjala.info\\\/2009-2015\\\/\"},{\"@type\":\"ListItem\",\"position\":2,\"name\":\"Kryeministri nuk e lufton dot korrupsionin\"}]},{\"@type\":\"WebSite\",\"@id\":\"https:\\\/\\\/fjala.info\\\/2009-2015\\\/#website\",\"url\":\"https:\\\/\\\/fjala.info\\\/2009-2015\\\/\",\"name\":\"FjALA e LIR\u00cb - Arkivi\",\"description\":\"Arkivi 2009-2015\",\"publisher\":{\"@id\":\"https:\\\/\\\/fjala.info\\\/2009-2015\\\/#organization\"},\"potentialAction\":[{\"@type\":\"SearchAction\",\"target\":{\"@type\":\"EntryPoint\",\"urlTemplate\":\"https:\\\/\\\/fjala.info\\\/2009-2015\\\/?s={search_term_string}\"},\"query-input\":{\"@type\":\"PropertyValueSpecification\",\"valueRequired\":true,\"valueName\":\"search_term_string\"}}],\"inLanguage\":\"sq-AL\"},{\"@type\":\"Organization\",\"@id\":\"https:\\\/\\\/fjala.info\\\/2009-2015\\\/#organization\",\"name\":\"FjALA e LIR\u00cb - Arkivi\",\"url\":\"https:\\\/\\\/fjala.info\\\/2009-2015\\\/\",\"logo\":{\"@type\":\"ImageObject\",\"inLanguage\":\"sq-AL\",\"@id\":\"https:\\\/\\\/fjala.info\\\/2009-2015\\\/#\\\/schema\\\/logo\\\/image\\\/\",\"url\":\"\",\"contentUrl\":\"\",\"caption\":\"FjALA e LIR\u00cb - Arkivi\"},\"image\":{\"@id\":\"https:\\\/\\\/fjala.info\\\/2009-2015\\\/#\\\/schema\\\/logo\\\/image\\\/\"}},{\"@type\":\"Person\",\"@id\":\"https:\\\/\\\/fjala.info\\\/2009-2015\\\/#\\\/schema\\\/person\\\/3aa1163ef05469c496fc94e77611ada2\",\"name\":\"admin\",\"image\":{\"@type\":\"ImageObject\",\"inLanguage\":\"sq-AL\",\"@id\":\"https:\\\/\\\/fjala.info\\\/2009-2015\\\/wp-content\\\/uploads\\\/2012\\\/02\\\/arben_cokaj-120x150.jpg\",\"url\":\"https:\\\/\\\/fjala.info\\\/2009-2015\\\/wp-content\\\/uploads\\\/2012\\\/02\\\/arben_cokaj-120x150.jpg\",\"contentUrl\":\"https:\\\/\\\/fjala.info\\\/2009-2015\\\/wp-content\\\/uploads\\\/2012\\\/02\\\/arben_cokaj-120x150.jpg\",\"caption\":\"admin\"},\"description\":\"Admin, Fjala e Lir\u00eb\",\"sameAs\":[\"https:\\\/\\\/fjala.info\\\/\"],\"url\":\"https:\\\/\\\/fjala.info\\\/2009-2015\\\/author\\\/admin\\\/\"}]}<\/script>\n<!-- \/ Yoast SEO plugin. -->","yoast_head_json":{"title":"Kryeministri nuk e lufton dot korrupsionin - FjALA e LIR\u00cb - Arkivi","robots":{"index":"index","follow":"follow","max-snippet":"max-snippet:-1","max-image-preview":"max-image-preview:large","max-video-preview":"max-video-preview:-1"},"canonical":"https:\/\/fjala.info\/2009-2015\/kryeministri-nuk-e-lufton-dot-korrupsionin\/","og_locale":"sq_AL","og_type":"article","og_title":"Kryeministri nuk e lufton dot korrupsionin - FjALA e LIR\u00cb - Arkivi","og_description":"Nga Kico Blushi, 18.10.2010 Nisur nga m\u00ebsim-p\u00ebsimet me ngjitje-ngritje, nga p\u00ebrvoja e gjat\u00eb vetjake e nj\u00eb drejtuesi t\u00eb rrahur me vaj e me uthull t\u00eb st\u00ebrvitur n\u00ebp\u00ebr kurthe, kulisa, pabesira e pusira, i aft\u00eb p\u00ebr t\u00eb mos njohur sentimentalizmin kur duhen sakrifikuar edhe bashk\u00ebpun\u00ebtor\u00ebt m\u00eb t\u00eb af\u00ebrt p\u00ebr hir t\u00eb siguris\u00eb n\u00eb pushtet, logjika m\u00eb [&hellip;]","og_url":"https:\/\/fjala.info\/2009-2015\/kryeministri-nuk-e-lufton-dot-korrupsionin\/","og_site_name":"FjALA e LIR\u00cb - Arkivi","article_published_time":"2010-11-10T07:51:27+00:00","og_image":[{"url":"http:\/\/fjala.shkoder.net\/wp-content\/uploads\/2010\/11\/berisha_laptop-300x236.jpg","type":"","width":"","height":""}],"author":"admin","twitter_card":"summary_large_image","twitter_misc":{"Written by":"admin","Est. reading time":"11 minutes"},"schema":{"@context":"https:\/\/schema.org","@graph":[{"@type":"Article","@id":"https:\/\/fjala.info\/2009-2015\/kryeministri-nuk-e-lufton-dot-korrupsionin\/#article","isPartOf":{"@id":"https:\/\/fjala.info\/2009-2015\/kryeministri-nuk-e-lufton-dot-korrupsionin\/"},"author":{"name":"admin","@id":"https:\/\/fjala.info\/2009-2015\/#\/schema\/person\/3aa1163ef05469c496fc94e77611ada2"},"headline":"Kryeministri nuk e lufton dot korrupsionin","datePublished":"2010-11-10T07:51:27+00:00","mainEntityOfPage":{"@id":"https:\/\/fjala.info\/2009-2015\/kryeministri-nuk-e-lufton-dot-korrupsionin\/"},"wordCount":2220,"commentCount":0,"publisher":{"@id":"https:\/\/fjala.info\/2009-2015\/#organization"},"image":{"@id":"https:\/\/fjala.info\/2009-2015\/kryeministri-nuk-e-lufton-dot-korrupsionin\/#primaryimage"},"thumbnailUrl":"http:\/\/fjala.shkoder.net\/wp-content\/uploads\/2010\/11\/berisha_laptop-300x236.jpg","articleSection":["Artikuj"],"inLanguage":"sq-AL","potentialAction":[{"@type":"CommentAction","name":"Comment","target":["https:\/\/fjala.info\/2009-2015\/kryeministri-nuk-e-lufton-dot-korrupsionin\/#respond"]}]},{"@type":"WebPage","@id":"https:\/\/fjala.info\/2009-2015\/kryeministri-nuk-e-lufton-dot-korrupsionin\/","url":"https:\/\/fjala.info\/2009-2015\/kryeministri-nuk-e-lufton-dot-korrupsionin\/","name":"Kryeministri nuk e lufton dot korrupsionin - FjALA e LIR\u00cb - Arkivi","isPartOf":{"@id":"https:\/\/fjala.info\/2009-2015\/#website"},"primaryImageOfPage":{"@id":"https:\/\/fjala.info\/2009-2015\/kryeministri-nuk-e-lufton-dot-korrupsionin\/#primaryimage"},"image":{"@id":"https:\/\/fjala.info\/2009-2015\/kryeministri-nuk-e-lufton-dot-korrupsionin\/#primaryimage"},"thumbnailUrl":"http:\/\/fjala.shkoder.net\/wp-content\/uploads\/2010\/11\/berisha_laptop-300x236.jpg","datePublished":"2010-11-10T07:51:27+00:00","breadcrumb":{"@id":"https:\/\/fjala.info\/2009-2015\/kryeministri-nuk-e-lufton-dot-korrupsionin\/#breadcrumb"},"inLanguage":"sq-AL","potentialAction":[{"@type":"ReadAction","target":["https:\/\/fjala.info\/2009-2015\/kryeministri-nuk-e-lufton-dot-korrupsionin\/"]}]},{"@type":"ImageObject","inLanguage":"sq-AL","@id":"https:\/\/fjala.info\/2009-2015\/kryeministri-nuk-e-lufton-dot-korrupsionin\/#primaryimage","url":"http:\/\/fjala.shkoder.net\/wp-content\/uploads\/2010\/11\/berisha_laptop-300x236.jpg","contentUrl":"http:\/\/fjala.shkoder.net\/wp-content\/uploads\/2010\/11\/berisha_laptop-300x236.jpg"},{"@type":"BreadcrumbList","@id":"https:\/\/fjala.info\/2009-2015\/kryeministri-nuk-e-lufton-dot-korrupsionin\/#breadcrumb","itemListElement":[{"@type":"ListItem","position":1,"name":"Home","item":"https:\/\/fjala.info\/2009-2015\/"},{"@type":"ListItem","position":2,"name":"Kryeministri nuk e lufton dot korrupsionin"}]},{"@type":"WebSite","@id":"https:\/\/fjala.info\/2009-2015\/#website","url":"https:\/\/fjala.info\/2009-2015\/","name":"FjALA e LIR\u00cb - Arkivi","description":"Arkivi 2009-2015","publisher":{"@id":"https:\/\/fjala.info\/2009-2015\/#organization"},"potentialAction":[{"@type":"SearchAction","target":{"@type":"EntryPoint","urlTemplate":"https:\/\/fjala.info\/2009-2015\/?s={search_term_string}"},"query-input":{"@type":"PropertyValueSpecification","valueRequired":true,"valueName":"search_term_string"}}],"inLanguage":"sq-AL"},{"@type":"Organization","@id":"https:\/\/fjala.info\/2009-2015\/#organization","name":"FjALA e LIR\u00cb - Arkivi","url":"https:\/\/fjala.info\/2009-2015\/","logo":{"@type":"ImageObject","inLanguage":"sq-AL","@id":"https:\/\/fjala.info\/2009-2015\/#\/schema\/logo\/image\/","url":"","contentUrl":"","caption":"FjALA e LIR\u00cb - Arkivi"},"image":{"@id":"https:\/\/fjala.info\/2009-2015\/#\/schema\/logo\/image\/"}},{"@type":"Person","@id":"https:\/\/fjala.info\/2009-2015\/#\/schema\/person\/3aa1163ef05469c496fc94e77611ada2","name":"admin","image":{"@type":"ImageObject","inLanguage":"sq-AL","@id":"https:\/\/fjala.info\/2009-2015\/wp-content\/uploads\/2012\/02\/arben_cokaj-120x150.jpg","url":"https:\/\/fjala.info\/2009-2015\/wp-content\/uploads\/2012\/02\/arben_cokaj-120x150.jpg","contentUrl":"https:\/\/fjala.info\/2009-2015\/wp-content\/uploads\/2012\/02\/arben_cokaj-120x150.jpg","caption":"admin"},"description":"Admin, Fjala e Lir\u00eb","sameAs":["https:\/\/fjala.info\/"],"url":"https:\/\/fjala.info\/2009-2015\/author\/admin\/"}]}},"_links":{"self":[{"href":"https:\/\/fjala.info\/2009-2015\/wp-json\/wp\/v2\/posts\/4684","targetHints":{"allow":["GET"]}}],"collection":[{"href":"https:\/\/fjala.info\/2009-2015\/wp-json\/wp\/v2\/posts"}],"about":[{"href":"https:\/\/fjala.info\/2009-2015\/wp-json\/wp\/v2\/types\/post"}],"author":[{"embeddable":true,"href":"https:\/\/fjala.info\/2009-2015\/wp-json\/wp\/v2\/users\/1"}],"replies":[{"embeddable":true,"href":"https:\/\/fjala.info\/2009-2015\/wp-json\/wp\/v2\/comments?post=4684"}],"version-history":[{"count":0,"href":"https:\/\/fjala.info\/2009-2015\/wp-json\/wp\/v2\/posts\/4684\/revisions"}],"wp:attachment":[{"href":"https:\/\/fjala.info\/2009-2015\/wp-json\/wp\/v2\/media?parent=4684"}],"wp:term":[{"taxonomy":"category","embeddable":true,"href":"https:\/\/fjala.info\/2009-2015\/wp-json\/wp\/v2\/categories?post=4684"},{"taxonomy":"post_tag","embeddable":true,"href":"https:\/\/fjala.info\/2009-2015\/wp-json\/wp\/v2\/tags?post=4684"}],"curies":[{"name":"wp","href":"https:\/\/api.w.org\/{rel}","templated":true}]}}