{"id":4681,"date":"2010-11-10T07:50:44","date_gmt":"2010-11-10T06:50:44","guid":{"rendered":"http:\/\/fjala.shkoder.net\/?p=4681"},"modified":"2010-11-10T07:50:44","modified_gmt":"2010-11-10T06:50:44","slug":"ngutja-serbe","status":"publish","type":"post","link":"https:\/\/fjala.info\/2009-2015\/ngutja-serbe\/","title":{"rendered":"Ngutja serbe"},"content":{"rendered":"<p><img decoding=\"async\" class=\"alignright size-full wp-image-4682\" title=\"Bekim Rexhepi\" src=\"http:\/\/fjala.shkoder.net\/wp-content\/uploads\/2010\/11\/bekim_rexhepi.jpg\" alt=\"\" width=\"120\" \/><\/p>\n<p><em>D\u00ebshmit\u00eb e forta se si \u00ebsht\u00eb qeverisur keq me vendin, asgj\u00ebsojn\u00eb mund\u00ebsin\u00eb e t\u00eb gjith\u00ebve dhe gjithkujt t\u00eb q\u00ebndroj i lir\u00eb n\u00eb respektim t\u00eb ligjit, sepse k\u00ebtu vet pushteti i shkeli dhe abuzoj\u00eb me ligjet e vendit. Nd\u00ebrsa, si\u00e7 kuptojm\u00eb respektimi i ligjit ka norma morale dhe mbi to gjithnj\u00eb vihen procedura ekzekutive p\u00ebr ti mbrojtur ato. Nuk \u00ebsht\u00eb e th\u00ebn\u00eb qe ligjet duhet t\u00eb respektohen vet\u00ebm nga shoq\u00ebria dhe t\u00eb m\u00ebnjanohen nga grupe t\u00eb caktuar e ve\u00e7mas politika.<\/em><\/p>\n<p>Nga <strong>Bekim Rexhepi<\/strong><\/p>\n<p><strong>Dialogu i nxituar drejt\u00eb vet atentatit<\/strong><\/p>\n<p>Serbia ishte n\u00ebn presione t\u00eb vazhduesh\u00ebm dhe p\u00ebrballja me k\u00ebto do t\u00eb ishte mjaft\u00eb e v\u00ebshtir\u00eb, sepse n\u00ebnkuptonte nj\u00eb zbutje t\u00eb dukshme t\u00eb politik\u00ebs se eg\u00ebr ndaj Kosov\u00ebs. K\u00ebto presione m\u00eb shum\u00eb ishin nga jasht\u00eb se sa vijn\u00eb nga brenda, ndaj dhe si t\u00eb tilla l\u00ebn\u00eb t\u00eb kuptohet se serb\u00ebt me pak p\u00ebrjashtime dhe n\u00eb p\u00ebrgjith\u00ebsi, akoma nuk jan\u00eb t\u00eb gatsh\u00ebm t\u00eb pranojn\u00eb humbjen e Kosov\u00ebs edhe me luft\u00eb e, edhe me politik\u00eb\u2026 M\u00eb k\u00ebt\u00eb retorik\u00eb q\u00eb po p\u00ebrfaq\u00ebsojn\u00eb zyrtaret serb\u00eb \u00ebsht\u00eb v\u00ebshtir\u00eb t\u00eb p\u00ebrthekohet serioziteti i politik\u00eb serbe, megjith\u00ebse duket qe ajo her\u00eb bije n\u00eb nivel t\u00eb normales dhe t\u00eb duket se m\u00eb n\u00eb fund ka nj\u00eb far\u00eb shprese se ajo po relaksohet mbi fakte e realitete. Sakaq ajo n\u00eb an\u00ebn tjet\u00ebr le qe nuk nivelizohet n\u00eb normalitet, po rritet retorika e disa zyrtar\u00ebve serb sa q\u00eb politika serbe t\u00eb dekurajon papritmas serish n\u00eb ato nivel t\u00eb ekstremit, madje t\u00eb duket se kurr\u00eb s\u2019ka p\u00ebr t\u00eb nd\u00ebrruar p\u00ebrmbajtje e koncepte duke p\u00ebrmbys fakte dhe realitete.<\/p>\n<p>Mbi k\u00ebt\u00eb gjendje serbe, \u00ebsht\u00eb e v\u00ebshtir\u00eb t\u00eb ket\u00eb modesti dhe limite t\u00eb bisedimeve, vet\u00eb prolongimi i bisedimeve pa ndryshuar disa koncepte serbe p\u00ebr Kosov\u00ebn, jan\u00eb dhe do t\u00eb mbeten gjithsesi jo serioze dhe fare t\u00eb pakuptimta, madje p\u00ebr ti zhvilluar apo p\u00ebr ti mbajtur ato, n\u00eb \u00e7far\u00ebdo niveli kofshin ato.<\/p>\n<p>Nguti nga ana e Serbis\u00eb p\u00ebr t\u00eb zhvilluar apo p\u00ebr t\u00eb mbajtur disa bisedime t\u00eb shpejta, jan\u00eb t\u00eb pakuptimta n\u00eb koh\u00eb dhe n\u00eb mund\u00ebsi?! Kjo nguti serbe n\u00eb k\u00ebto momente disi t\u00eb le t\u00eb kuptosh se p\u00ebr k\u00ebto bisedime ka nj\u00eb interesim t\u00eb justifikuar dhe se p\u00ebr k\u00ebto bisedime m\u00eb e interesuar \u00ebsht\u00eb Serbia se sa Kosova. Serbia, sikur ta kishte pranuar pavar\u00ebsin\u00eb e Kosov\u00ebs, sikur ta kishte nd\u00ebrruar edhe kushtetut\u00ebn e saj ku akoma shkruan se Kosova \u00ebsht\u00eb pjes\u00eb e Serbis\u00eb, madje sikur t\u00eb kishte k\u00ebrkuar falje p\u00ebr krimet e kryera, dhe sikur ti kishte dor\u00ebzuar kriminel\u00ebt e luft\u00ebs, apo po ti kishte dor\u00ebzuar edhe trupat e pajet\u00eb t\u00eb t\u00eb pagjeturve, po ti kthen librat kadastral dhe po ashtu fondin pensional etj.<\/p>\n<p>Dhe ndofta vet\u00ebm pasi ti ket\u00eb b\u00ebr\u00eb Serbia k\u00ebto gj\u00ebra, nj\u00eb nguti serbe p\u00ebr bisedime do t\u00eb mund t\u00eb kishte kuptim. Por, krejt kjo nguti pa b\u00ebr\u00eb minimumin e k\u00ebtyre gj\u00ebrave \u00ebsht\u00eb e pakuptimt\u00eb sepse ajo do qe me k\u00ebto bisedime t\u00eb nxituara t\u00eb shmang Serbin\u00eb nga faj\u00ebsia dhe nga gjykimi m\u00eb negativ\u00eb i nd\u00ebrkomb\u00ebtar\u00ebve, por edhe t\u00eb shmang gjithashtu mund\u00ebsin e ngecjes n\u00eb BE. Nd\u00ebrsa, ngutja serbe p\u00ebr dialog t\u00eb shpejt\u00eb me Kosov\u00ebn, duket se \u00ebsht\u00eb edhe nj\u00eb p\u00ebrp\u00eblitje tjet\u00ebr e radh\u00ebs dhe do qe t\u00eb paraqitet n\u00eb opinion nd\u00ebrkomb\u00ebtar se \u201ctanim\u00eb ja q\u00eb Serbia ka ofruar gatishm\u00ebrin\u00eb e saj t\u00eb plot\u00eb, p\u00ebr t\u00eb biseduar me Kosov\u00ebn\u201d. Derisa nj\u00eb pjes\u00eb e zyrtar\u00ebve serb po p\u00ebrp\u00eblitet p\u00ebr bisedime t\u00eb shpejta, dhe disa t\u00eb tjer\u00eb si Bozhidar Djeli\u00e7, nj\u00eb tjet\u00ebr zyrtar serb q\u00eb k\u00ebto dit\u00eb s\u00ebrish vazhdoi n\u00eb avazin tradicional t\u00eb ati nacionalizmit ekstrem serb dhe tha se: \u201cdo ti themi edhe BE-s\u00eb, se Kosova \u00ebsht\u00eb e jona\u201d, kur dihet se nj\u00eb num\u00ebr i madh i an\u00ebtar\u00ebve t\u00eb BE e ka pranuar dhe njohur Kosov\u00ebn si shtet.<\/p>\n<p>Pra, mes z\u00ebrave p\u00ebr bisedime t\u00eb shpejta dhe z\u00ebra t\u00eb tjer\u00eb q\u00eb Kosova t\u00eb jet\u00eb serbe, mund t\u00eb konkludojm\u00eb se ka paqart\u00ebsi t\u00eb theksuar n\u00eb shfaqjen e retorik\u00ebs serbe. Nd\u00ebrsa, k\u00ebta z\u00ebrat disonant akoma qarkullojn\u00eb pa filluar bisedimet, tregojn\u00eb m\u00eb shum\u00eb mos seriozitetin e tyre dhe se vet serbet realisht nuk jan\u00eb t\u00eb interesuar aq p\u00ebr suksesin e apo r\u00ebnd\u00ebsin\u00eb e tyre. Pa m\u00ebdyshje pas zhurm\u00ebs se k\u00ebtyre bisedimeve fshihet taktika serbe, e cila synon t\u00eb nis\u00eb me di\u00e7ka, por pa dh\u00ebn\u00eb di\u00e7ka.<\/p>\n<p>P\u00ebr pal\u00ebn shqiptare dialogu m\u00eb Serbin\u00eb nuk duhet nxituar edhe p\u00ebr disa arsye t\u00eb tjera, e kjo \u00ebsht\u00eb kryesisht se Kosov\u00ebn akoma po e prolongon si territor t\u00eb saj, edhe pse faktikisht e realisht nuk e administron, p\u00ebrpos n\u00eb veri t\u00eb Kosov\u00ebs ku ka instaluar disa grupe kriminale, t\u00eb cilat grupe m\u00eb shum\u00eb po pengojn\u00eb me k\u00ebrc\u00ebnime e dhun\u00eb integrimin e qytetar\u00ebve serb t\u00eb Kosov\u00ebs n\u00eb sistem e shtetit t\u00eb ri. Dialogu m\u00eb Serbin\u00eb \u00ebsht\u00eb jo legjitimi sepse ka t\u00eb b\u00ebj\u00eb me pushtetit p\u00ebrfaq\u00ebsues n\u00eb Kosov\u00eb. E ky pushteti aktual, i cili u b\u00eb ilegjitim me shkelje kushtetuese dhe me dob\u00ebsim t\u00eb nj\u00ebmend\u00ebt t\u00eb legjitimitetit, sepse kishte edhe pasoja t\u00eb tjera si prirjet abuzuese, zhytje tej mase n\u00eb arbitraritet dhe kapadaill\u00ebku.<\/p>\n<p>M\u00eb k\u00ebsi gjendje pushteti do e mos se do t\u00eb vihej n\u00eb kund\u00ebrshtim me klauzolat dhe q\u00ebllimin p\u00ebrfundimtar t\u00eb paktit shoq\u00ebror. Nd\u00ebrsa, ilegjitim mbetet ky pushtet dhe e vetmja mund\u00ebsi p\u00ebr ta mbajtur duket se \u00ebsht\u00eb ushtrimi i forc\u00ebs. Nuk mund t\u00eb komprometohet gjat\u00eb vullneti i p\u00ebrgjithsh\u00ebm edhe pse esencialisht dihet se ai vullnet nuk mund t\u00eb jet\u00eb vullnet i t\u00eb gjith\u00ebve. Por, kur dhe n\u00ebse n\u00eb em\u00ebr t\u00eb k\u00ebti vullneti t\u00eb p\u00ebrgjithsh\u00ebm synohet dhe zgjidhet p\u00ebrfaq\u00ebsimi m\u00eb i mir\u00eb, i interesit t\u00eb shoq\u00ebris\u00eb nuk pse t\u00eb mos gjykohet si vullnet i p\u00ebrgjithsh\u00ebm.<\/p>\n<p>Duke e par\u00eb se si pushteti po tregohet karshi vendimeve t\u00eb pakta politike n\u00eb interes t\u00eb shtetit dhe karshi vendimeve t\u00eb shumta n\u00eb sh\u00ebrbim t\u00eb interesit t\u00eb tyre personal, mjaftuesh\u00ebm \u00ebsht\u00eb krijuar ndarje e thell\u00eb politike. Komprometimi i pushtetit legjitim n\u00eb ilegjitim nuk mund t\u00eb lejohet gjat\u00eb sepse shoq\u00ebrit\u00eb civile apo organizata t\u00eb tjera t\u00eb organizuara n\u00eb vend do ta v\u00ebn\u00eb n\u00eb kritik\u00eb dhe n\u00eb aksion t\u00eb domosdosh\u00ebm secil\u00ebn pushtet qe tenton t\u00eb tregohet i padrejt\u00eb, e kjo fatmir\u00ebsisht, tashm\u00eb \u00ebsht\u00eb e mundur edhe n\u00eb Kosov\u00eb.<\/p>\n<p>D\u00ebshmit\u00eb e forta se si \u00ebsht\u00eb qeverisur keq me vendin, asgj\u00ebsojn\u00eb mund\u00ebsin\u00eb e t\u00eb gjith\u00ebve dhe gjithkujt t\u00eb q\u00ebndroj i lir\u00eb n\u00eb respektim t\u00eb ligjit, sepse k\u00ebtu vet pushteti i shkeli dhe abuzoj\u00eb me ligjet e vendit. Nd\u00ebrsa, si\u00e7 kuptojm\u00eb respektimi i ligjit ka norma morale dhe mbi to gjithnj\u00eb vihen procedura ekzekutive p\u00ebr ti mbrojtur ato. Nuk \u00ebsht\u00eb e th\u00ebn\u00eb qe ligjet duhet t\u00eb respektohen vet\u00ebm nga shoq\u00ebria dhe t\u00eb m\u00ebnjanohen nga grupe t\u00eb caktuar e ve\u00e7mas politika. Por, kur pushteti i asgj\u00ebson vet k\u00ebto norma dhe i ngulfat procedurat, at\u00ebher\u00eb ka shum\u00eb arsye qe ky pushtet t\u00eb quhet i padrejt\u00eb dhe jo legjitim. Derisa \u00ebsht\u00eb k\u00ebshtu, ky pushtet ka edhe me pak arsye, t\u00eb q\u00ebndroi apo ti lejohet t\u00eb marr\u00eb pjes\u00eb dhe t\u00eb p\u00ebrfaq\u00ebsoj\u00eb Kosov\u00ebn n\u00eb dialog me Serbin\u00eb.<\/p>\n<p>Politik\u00eb serbe, mbase k\u00ebshtu mund t\u00eb konkludojm\u00eb se ajo p\u00ebrfundimisht \u00ebsht\u00eb qart\u00ebsuar n\u00eb vetvete, ajo do t\u00eb zhvilloj bisedime t\u00eb shpejta, m\u00eb q\u00ebllim p\u00ebr ti th\u00ebn\u00eb institucioneve nd\u00ebrkomb\u00ebtare se bisedimet mund t\u00eb nisin me shqiptaret, por me k\u00ebt\u00eb nisje, zyrtaret serb, disi duan t\u00eb arsyetojn\u00eb vetveten, se Serbia \u00ebsht\u00eb e gatshme p\u00ebr dialog dhe se topi tani \u00ebsht\u00eb ne an\u00ebn e shqiptar\u00ebve, por nj\u00ebkoh\u00ebsisht edhe duke k\u00ebrkuar nga nd\u00ebrkomb\u00ebtaret q\u00eb t\u00eb mos zvarritet hyrja n\u00eb BE e vet Serbis\u00eb p\u00ebr shkak t\u00eb Kosov\u00ebs.<\/p>\n<p>Nd\u00ebrsa n\u00eb analizat tona nj\u00eb Serbi me nj\u00eb pozit\u00eb t\u00eb favorizuar n\u00eb BE, karshi Kosov\u00ebs dhe Shqip\u00ebris\u00eb, mbase e v\u00ebshtir\u00ebson duksh\u00ebm pozit\u00ebn ton\u00eb n\u00eb rajon p\u00ebr tu ankuar!\u2026<\/p>\n<p>Do t\u00eb gjykojm\u00eb m\u00eb plot\u00eb t\u00eb drejt\u00eb se nj\u00eb dialog me Serbin\u00eb n\u00eb \u00e7far\u00ebdo faze pa k\u00ebrkuar Serbia, falje p\u00ebr krime e gjenocid n\u00eb Kosov\u00eb do si do qon n\u00eb nj\u00eb akt t\u00eb vet atentatit politik.<\/p>\n<p><strong>Spektatori \u00ebsht\u00eb i d\u00ebnuar t\u00eb jet\u00eb gjithnj\u00eb pasiv\u00eb<\/strong><\/p>\n<p>KFOR-i dhe EULEX-i, nuk e mbrojn\u00eb shtetin e Kosov\u00ebs, sepse akoma thirren n\u00eb rezolut\u00ebn 1244-er dhe n\u00eb 6-t\u00eb pikshin e Ban-kinit. E shteti i ri duhet ta shtroj n\u00eb parlament nj\u00eb vendim t\u00eb domosdosh\u00ebm p\u00ebr vet\u00ebmbrojtje n\u00eb rast se KFOR-i dhe EULEX-i do t\u00eb mund t\u00eb ngurrojn\u00eb apo t\u00eb hezitojn\u00eb n\u00eb vendime sepse \u00ebsht\u00eb e qart\u00eb se Kosova nuk \u00ebsht\u00eb atdheu i tyre.<\/p>\n<p>FSK-ja duhet t\u00eb marr\u00eb p\u00ebrgjegj\u00ebsi t\u00eb nevojshme p\u00ebr t\u00eb siguruar vendin n\u00eb t\u00eb gjitha an\u00ebt e vendit, kjo \u00ebsht\u00eb domosdoshm\u00ebri politike, dhe p\u00ebr k\u00ebt\u00eb nuk duhet pyetur pajtimi i Serbis\u00eb apo reagimi i saj, nd\u00ebrsa KFOR-i dhe EULX-i duhet t\u00eb na ndihmojn\u00eb n\u00ebse duan qe misioni i tyre t\u00eb p\u00ebrmbyllet me sukses dhe m\u00eb shpejt\u00eb.<\/p>\n<p><em>09-11-2010<\/em><\/p>\n","protected":false},"excerpt":{"rendered":"<p>D\u00ebshmit\u00eb e forta se si \u00ebsht\u00eb qeverisur keq me vendin, asgj\u00ebsojn\u00eb mund\u00ebsin\u00eb e t\u00eb gjith\u00ebve dhe gjithkujt t\u00eb q\u00ebndroj i lir\u00eb n\u00eb respektim t\u00eb ligjit, sepse k\u00ebtu vet pushteti i shkeli dhe abuzoj\u00eb me ligjet e vendit. Nd\u00ebrsa, si\u00e7 kuptojm\u00eb respektimi i ligjit ka norma morale dhe mbi to gjithnj\u00eb vihen procedura ekzekutive p\u00ebr ti [&hellip;]<\/p>\n","protected":false},"author":1,"featured_media":0,"comment_status":"open","ping_status":"closed","sticky":false,"template":"","format":"standard","meta":{"footnotes":""},"categories":[2],"tags":[],"class_list":{"0":"post-4681","1":"post","2":"type-post","3":"status-publish","4":"format-standard","6":"category-artikuj"},"yoast_head":"<!-- This site is optimized with the Yoast SEO plugin v27.4 - https:\/\/yoast.com\/product\/yoast-seo-wordpress\/ -->\n<title>Ngutja serbe - FjALA e LIR\u00cb - Arkivi<\/title>\n<meta name=\"robots\" content=\"index, follow, max-snippet:-1, max-image-preview:large, max-video-preview:-1\" \/>\n<link rel=\"canonical\" href=\"https:\/\/fjala.info\/2009-2015\/ngutja-serbe\/\" \/>\n<meta property=\"og:locale\" content=\"sq_AL\" \/>\n<meta property=\"og:type\" content=\"article\" \/>\n<meta property=\"og:title\" content=\"Ngutja serbe - FjALA e LIR\u00cb - Arkivi\" \/>\n<meta property=\"og:description\" content=\"D\u00ebshmit\u00eb e forta se si \u00ebsht\u00eb qeverisur keq me vendin, asgj\u00ebsojn\u00eb mund\u00ebsin\u00eb e t\u00eb gjith\u00ebve dhe gjithkujt t\u00eb q\u00ebndroj i lir\u00eb n\u00eb respektim t\u00eb ligjit, sepse k\u00ebtu vet pushteti i shkeli dhe abuzoj\u00eb me ligjet e vendit. Nd\u00ebrsa, si\u00e7 kuptojm\u00eb respektimi i ligjit ka norma morale dhe mbi to gjithnj\u00eb vihen procedura ekzekutive p\u00ebr ti [&hellip;]\" \/>\n<meta property=\"og:url\" content=\"https:\/\/fjala.info\/2009-2015\/ngutja-serbe\/\" \/>\n<meta property=\"og:site_name\" content=\"FjALA e LIR\u00cb - Arkivi\" \/>\n<meta property=\"article:published_time\" content=\"2010-11-10T06:50:44+00:00\" \/>\n<meta property=\"og:image\" content=\"http:\/\/fjala.shkoder.net\/wp-content\/uploads\/2010\/11\/bekim_rexhepi.jpg\" \/>\n<meta name=\"author\" content=\"admin\" \/>\n<meta name=\"twitter:card\" content=\"summary_large_image\" \/>\n<meta name=\"twitter:label1\" content=\"Written by\" \/>\n\t<meta name=\"twitter:data1\" content=\"admin\" \/>\n\t<meta name=\"twitter:label2\" content=\"Est. reading time\" \/>\n\t<meta name=\"twitter:data2\" content=\"8 minutes\" \/>\n<script type=\"application\/ld+json\" class=\"yoast-schema-graph\">{\"@context\":\"https:\\\/\\\/schema.org\",\"@graph\":[{\"@type\":\"Article\",\"@id\":\"https:\\\/\\\/fjala.info\\\/2009-2015\\\/ngutja-serbe\\\/#article\",\"isPartOf\":{\"@id\":\"https:\\\/\\\/fjala.info\\\/2009-2015\\\/ngutja-serbe\\\/\"},\"author\":{\"name\":\"admin\",\"@id\":\"https:\\\/\\\/fjala.info\\\/2009-2015\\\/#\\\/schema\\\/person\\\/3aa1163ef05469c496fc94e77611ada2\"},\"headline\":\"Ngutja serbe\",\"datePublished\":\"2010-11-10T06:50:44+00:00\",\"mainEntityOfPage\":{\"@id\":\"https:\\\/\\\/fjala.info\\\/2009-2015\\\/ngutja-serbe\\\/\"},\"wordCount\":1631,\"commentCount\":0,\"publisher\":{\"@id\":\"https:\\\/\\\/fjala.info\\\/2009-2015\\\/#organization\"},\"image\":{\"@id\":\"https:\\\/\\\/fjala.info\\\/2009-2015\\\/ngutja-serbe\\\/#primaryimage\"},\"thumbnailUrl\":\"http:\\\/\\\/fjala.shkoder.net\\\/wp-content\\\/uploads\\\/2010\\\/11\\\/bekim_rexhepi.jpg\",\"articleSection\":[\"Artikuj\"],\"inLanguage\":\"sq-AL\",\"potentialAction\":[{\"@type\":\"CommentAction\",\"name\":\"Comment\",\"target\":[\"https:\\\/\\\/fjala.info\\\/2009-2015\\\/ngutja-serbe\\\/#respond\"]}]},{\"@type\":\"WebPage\",\"@id\":\"https:\\\/\\\/fjala.info\\\/2009-2015\\\/ngutja-serbe\\\/\",\"url\":\"https:\\\/\\\/fjala.info\\\/2009-2015\\\/ngutja-serbe\\\/\",\"name\":\"Ngutja serbe - FjALA e LIR\u00cb - Arkivi\",\"isPartOf\":{\"@id\":\"https:\\\/\\\/fjala.info\\\/2009-2015\\\/#website\"},\"primaryImageOfPage\":{\"@id\":\"https:\\\/\\\/fjala.info\\\/2009-2015\\\/ngutja-serbe\\\/#primaryimage\"},\"image\":{\"@id\":\"https:\\\/\\\/fjala.info\\\/2009-2015\\\/ngutja-serbe\\\/#primaryimage\"},\"thumbnailUrl\":\"http:\\\/\\\/fjala.shkoder.net\\\/wp-content\\\/uploads\\\/2010\\\/11\\\/bekim_rexhepi.jpg\",\"datePublished\":\"2010-11-10T06:50:44+00:00\",\"breadcrumb\":{\"@id\":\"https:\\\/\\\/fjala.info\\\/2009-2015\\\/ngutja-serbe\\\/#breadcrumb\"},\"inLanguage\":\"sq-AL\",\"potentialAction\":[{\"@type\":\"ReadAction\",\"target\":[\"https:\\\/\\\/fjala.info\\\/2009-2015\\\/ngutja-serbe\\\/\"]}]},{\"@type\":\"ImageObject\",\"inLanguage\":\"sq-AL\",\"@id\":\"https:\\\/\\\/fjala.info\\\/2009-2015\\\/ngutja-serbe\\\/#primaryimage\",\"url\":\"http:\\\/\\\/fjala.shkoder.net\\\/wp-content\\\/uploads\\\/2010\\\/11\\\/bekim_rexhepi.jpg\",\"contentUrl\":\"http:\\\/\\\/fjala.shkoder.net\\\/wp-content\\\/uploads\\\/2010\\\/11\\\/bekim_rexhepi.jpg\"},{\"@type\":\"BreadcrumbList\",\"@id\":\"https:\\\/\\\/fjala.info\\\/2009-2015\\\/ngutja-serbe\\\/#breadcrumb\",\"itemListElement\":[{\"@type\":\"ListItem\",\"position\":1,\"name\":\"Home\",\"item\":\"https:\\\/\\\/fjala.info\\\/2009-2015\\\/\"},{\"@type\":\"ListItem\",\"position\":2,\"name\":\"Ngutja serbe\"}]},{\"@type\":\"WebSite\",\"@id\":\"https:\\\/\\\/fjala.info\\\/2009-2015\\\/#website\",\"url\":\"https:\\\/\\\/fjala.info\\\/2009-2015\\\/\",\"name\":\"FjALA e LIR\u00cb - Arkivi\",\"description\":\"Arkivi 2009-2015\",\"publisher\":{\"@id\":\"https:\\\/\\\/fjala.info\\\/2009-2015\\\/#organization\"},\"potentialAction\":[{\"@type\":\"SearchAction\",\"target\":{\"@type\":\"EntryPoint\",\"urlTemplate\":\"https:\\\/\\\/fjala.info\\\/2009-2015\\\/?s={search_term_string}\"},\"query-input\":{\"@type\":\"PropertyValueSpecification\",\"valueRequired\":true,\"valueName\":\"search_term_string\"}}],\"inLanguage\":\"sq-AL\"},{\"@type\":\"Organization\",\"@id\":\"https:\\\/\\\/fjala.info\\\/2009-2015\\\/#organization\",\"name\":\"FjALA e LIR\u00cb - Arkivi\",\"url\":\"https:\\\/\\\/fjala.info\\\/2009-2015\\\/\",\"logo\":{\"@type\":\"ImageObject\",\"inLanguage\":\"sq-AL\",\"@id\":\"https:\\\/\\\/fjala.info\\\/2009-2015\\\/#\\\/schema\\\/logo\\\/image\\\/\",\"url\":\"\",\"contentUrl\":\"\",\"caption\":\"FjALA e LIR\u00cb - Arkivi\"},\"image\":{\"@id\":\"https:\\\/\\\/fjala.info\\\/2009-2015\\\/#\\\/schema\\\/logo\\\/image\\\/\"}},{\"@type\":\"Person\",\"@id\":\"https:\\\/\\\/fjala.info\\\/2009-2015\\\/#\\\/schema\\\/person\\\/3aa1163ef05469c496fc94e77611ada2\",\"name\":\"admin\",\"image\":{\"@type\":\"ImageObject\",\"inLanguage\":\"sq-AL\",\"@id\":\"https:\\\/\\\/fjala.info\\\/2009-2015\\\/wp-content\\\/uploads\\\/2012\\\/02\\\/arben_cokaj-120x150.jpg\",\"url\":\"https:\\\/\\\/fjala.info\\\/2009-2015\\\/wp-content\\\/uploads\\\/2012\\\/02\\\/arben_cokaj-120x150.jpg\",\"contentUrl\":\"https:\\\/\\\/fjala.info\\\/2009-2015\\\/wp-content\\\/uploads\\\/2012\\\/02\\\/arben_cokaj-120x150.jpg\",\"caption\":\"admin\"},\"description\":\"Admin, Fjala e Lir\u00eb\",\"sameAs\":[\"https:\\\/\\\/fjala.info\\\/\"],\"url\":\"https:\\\/\\\/fjala.info\\\/2009-2015\\\/author\\\/admin\\\/\"}]}<\/script>\n<!-- \/ Yoast SEO plugin. -->","yoast_head_json":{"title":"Ngutja serbe - FjALA e LIR\u00cb - Arkivi","robots":{"index":"index","follow":"follow","max-snippet":"max-snippet:-1","max-image-preview":"max-image-preview:large","max-video-preview":"max-video-preview:-1"},"canonical":"https:\/\/fjala.info\/2009-2015\/ngutja-serbe\/","og_locale":"sq_AL","og_type":"article","og_title":"Ngutja serbe - FjALA e LIR\u00cb - Arkivi","og_description":"D\u00ebshmit\u00eb e forta se si \u00ebsht\u00eb qeverisur keq me vendin, asgj\u00ebsojn\u00eb mund\u00ebsin\u00eb e t\u00eb gjith\u00ebve dhe gjithkujt t\u00eb q\u00ebndroj i lir\u00eb n\u00eb respektim t\u00eb ligjit, sepse k\u00ebtu vet pushteti i shkeli dhe abuzoj\u00eb me ligjet e vendit. Nd\u00ebrsa, si\u00e7 kuptojm\u00eb respektimi i ligjit ka norma morale dhe mbi to gjithnj\u00eb vihen procedura ekzekutive p\u00ebr ti [&hellip;]","og_url":"https:\/\/fjala.info\/2009-2015\/ngutja-serbe\/","og_site_name":"FjALA e LIR\u00cb - Arkivi","article_published_time":"2010-11-10T06:50:44+00:00","og_image":[{"url":"http:\/\/fjala.shkoder.net\/wp-content\/uploads\/2010\/11\/bekim_rexhepi.jpg","type":"","width":"","height":""}],"author":"admin","twitter_card":"summary_large_image","twitter_misc":{"Written by":"admin","Est. reading time":"8 minutes"},"schema":{"@context":"https:\/\/schema.org","@graph":[{"@type":"Article","@id":"https:\/\/fjala.info\/2009-2015\/ngutja-serbe\/#article","isPartOf":{"@id":"https:\/\/fjala.info\/2009-2015\/ngutja-serbe\/"},"author":{"name":"admin","@id":"https:\/\/fjala.info\/2009-2015\/#\/schema\/person\/3aa1163ef05469c496fc94e77611ada2"},"headline":"Ngutja serbe","datePublished":"2010-11-10T06:50:44+00:00","mainEntityOfPage":{"@id":"https:\/\/fjala.info\/2009-2015\/ngutja-serbe\/"},"wordCount":1631,"commentCount":0,"publisher":{"@id":"https:\/\/fjala.info\/2009-2015\/#organization"},"image":{"@id":"https:\/\/fjala.info\/2009-2015\/ngutja-serbe\/#primaryimage"},"thumbnailUrl":"http:\/\/fjala.shkoder.net\/wp-content\/uploads\/2010\/11\/bekim_rexhepi.jpg","articleSection":["Artikuj"],"inLanguage":"sq-AL","potentialAction":[{"@type":"CommentAction","name":"Comment","target":["https:\/\/fjala.info\/2009-2015\/ngutja-serbe\/#respond"]}]},{"@type":"WebPage","@id":"https:\/\/fjala.info\/2009-2015\/ngutja-serbe\/","url":"https:\/\/fjala.info\/2009-2015\/ngutja-serbe\/","name":"Ngutja serbe - FjALA e LIR\u00cb - Arkivi","isPartOf":{"@id":"https:\/\/fjala.info\/2009-2015\/#website"},"primaryImageOfPage":{"@id":"https:\/\/fjala.info\/2009-2015\/ngutja-serbe\/#primaryimage"},"image":{"@id":"https:\/\/fjala.info\/2009-2015\/ngutja-serbe\/#primaryimage"},"thumbnailUrl":"http:\/\/fjala.shkoder.net\/wp-content\/uploads\/2010\/11\/bekim_rexhepi.jpg","datePublished":"2010-11-10T06:50:44+00:00","breadcrumb":{"@id":"https:\/\/fjala.info\/2009-2015\/ngutja-serbe\/#breadcrumb"},"inLanguage":"sq-AL","potentialAction":[{"@type":"ReadAction","target":["https:\/\/fjala.info\/2009-2015\/ngutja-serbe\/"]}]},{"@type":"ImageObject","inLanguage":"sq-AL","@id":"https:\/\/fjala.info\/2009-2015\/ngutja-serbe\/#primaryimage","url":"http:\/\/fjala.shkoder.net\/wp-content\/uploads\/2010\/11\/bekim_rexhepi.jpg","contentUrl":"http:\/\/fjala.shkoder.net\/wp-content\/uploads\/2010\/11\/bekim_rexhepi.jpg"},{"@type":"BreadcrumbList","@id":"https:\/\/fjala.info\/2009-2015\/ngutja-serbe\/#breadcrumb","itemListElement":[{"@type":"ListItem","position":1,"name":"Home","item":"https:\/\/fjala.info\/2009-2015\/"},{"@type":"ListItem","position":2,"name":"Ngutja serbe"}]},{"@type":"WebSite","@id":"https:\/\/fjala.info\/2009-2015\/#website","url":"https:\/\/fjala.info\/2009-2015\/","name":"FjALA e LIR\u00cb - Arkivi","description":"Arkivi 2009-2015","publisher":{"@id":"https:\/\/fjala.info\/2009-2015\/#organization"},"potentialAction":[{"@type":"SearchAction","target":{"@type":"EntryPoint","urlTemplate":"https:\/\/fjala.info\/2009-2015\/?s={search_term_string}"},"query-input":{"@type":"PropertyValueSpecification","valueRequired":true,"valueName":"search_term_string"}}],"inLanguage":"sq-AL"},{"@type":"Organization","@id":"https:\/\/fjala.info\/2009-2015\/#organization","name":"FjALA e LIR\u00cb - Arkivi","url":"https:\/\/fjala.info\/2009-2015\/","logo":{"@type":"ImageObject","inLanguage":"sq-AL","@id":"https:\/\/fjala.info\/2009-2015\/#\/schema\/logo\/image\/","url":"","contentUrl":"","caption":"FjALA e LIR\u00cb - Arkivi"},"image":{"@id":"https:\/\/fjala.info\/2009-2015\/#\/schema\/logo\/image\/"}},{"@type":"Person","@id":"https:\/\/fjala.info\/2009-2015\/#\/schema\/person\/3aa1163ef05469c496fc94e77611ada2","name":"admin","image":{"@type":"ImageObject","inLanguage":"sq-AL","@id":"https:\/\/fjala.info\/2009-2015\/wp-content\/uploads\/2012\/02\/arben_cokaj-120x150.jpg","url":"https:\/\/fjala.info\/2009-2015\/wp-content\/uploads\/2012\/02\/arben_cokaj-120x150.jpg","contentUrl":"https:\/\/fjala.info\/2009-2015\/wp-content\/uploads\/2012\/02\/arben_cokaj-120x150.jpg","caption":"admin"},"description":"Admin, Fjala e Lir\u00eb","sameAs":["https:\/\/fjala.info\/"],"url":"https:\/\/fjala.info\/2009-2015\/author\/admin\/"}]}},"_links":{"self":[{"href":"https:\/\/fjala.info\/2009-2015\/wp-json\/wp\/v2\/posts\/4681","targetHints":{"allow":["GET"]}}],"collection":[{"href":"https:\/\/fjala.info\/2009-2015\/wp-json\/wp\/v2\/posts"}],"about":[{"href":"https:\/\/fjala.info\/2009-2015\/wp-json\/wp\/v2\/types\/post"}],"author":[{"embeddable":true,"href":"https:\/\/fjala.info\/2009-2015\/wp-json\/wp\/v2\/users\/1"}],"replies":[{"embeddable":true,"href":"https:\/\/fjala.info\/2009-2015\/wp-json\/wp\/v2\/comments?post=4681"}],"version-history":[{"count":0,"href":"https:\/\/fjala.info\/2009-2015\/wp-json\/wp\/v2\/posts\/4681\/revisions"}],"wp:attachment":[{"href":"https:\/\/fjala.info\/2009-2015\/wp-json\/wp\/v2\/media?parent=4681"}],"wp:term":[{"taxonomy":"category","embeddable":true,"href":"https:\/\/fjala.info\/2009-2015\/wp-json\/wp\/v2\/categories?post=4681"},{"taxonomy":"post_tag","embeddable":true,"href":"https:\/\/fjala.info\/2009-2015\/wp-json\/wp\/v2\/tags?post=4681"}],"curies":[{"name":"wp","href":"https:\/\/api.w.org\/{rel}","templated":true}]}}