{"id":4679,"date":"2010-11-09T22:25:42","date_gmt":"2010-11-09T21:25:42","guid":{"rendered":"http:\/\/fjala.shkoder.net\/?p=4679"},"modified":"2010-11-09T22:25:42","modified_gmt":"2010-11-09T21:25:42","slug":"nje-vetedije-e-thelle-dhe-e-sinqerte-anti-evropiane","status":"publish","type":"post","link":"https:\/\/fjala.info\/2009-2015\/nje-vetedije-e-thelle-dhe-e-sinqerte-anti-evropiane\/","title":{"rendered":"Nj\u00eb vet\u00ebdije e thell\u00eb dhe e sinqert\u00eb anti-evropiane"},"content":{"rendered":"<p><img loading=\"lazy\" decoding=\"async\" src=\"http:\/\/fjala.shkoder.net\/wp-content\/uploads\/2010\/10\/mero_baze1.jpg\" alt=\"\" title=\"Mero Baze\" width=\"149\" height=\"200\" class=\"alignright size-full wp-image-4090\" \/><br \/>\nNga <strong>Mero Baze<\/strong><\/p>\n<p>Qeveria shqiptare nuk \u00ebsht\u00eb e shqet\u00ebsuar nga refuzimi kategorik q\u00eb Bashkimi Evropian i b\u00ebri k\u00ebrkes\u00ebs formale elektorale t\u00eb kryeministrit Sali Berisha p\u00ebr t\u00eb aplikuar p\u00ebr statusin e vendit kandidat p\u00ebr an\u00ebtar t\u00eb Bashkimit Evropian. Mungesa e shqet\u00ebsimit nuk v\u00ebrehet vet\u00ebm tek anashkalimi q\u00eb Berisha i b\u00ebri dje komenteve t\u00eb p\u00ebrfaq\u00ebsuesit t\u00eb BE, Pier Mirel, i cili i dor\u00ebzoi lajmin e keq kryeministrit para medies. Ai ishte vet\u00ebm nj\u00eb detaj. Mungesa e shqet\u00ebsimit t\u00eb qeveris\u00eb shqiptare v\u00ebrehet tek arsyet q\u00eb vet\u00eb Bashkimi Evropian rendit p\u00ebr k\u00ebt\u00eb refuzim q\u00eb i ka b\u00ebr\u00eb qeveris\u00eb shqiptare.<\/p>\n<p>N\u00ebse u hedh nj\u00eb sy arsyeve q\u00eb rendit Bashkimi Evropian, shikon se shum\u00eb prej tyre jan\u00eb thjesht \u00e7\u00ebshtje e vullnetit politik dhe jo pamund\u00ebsi administrative, apo \u00e7\u00ebshtje t\u00eb klim\u00ebs politike nd\u00ebrkomb\u00ebtare.<\/p>\n<p>K\u00ebshtu, vet\u00ebm n\u00ebse i referohesh progres-raportit, e kupton qart\u00eb se n\u00eb paragrafin p\u00ebr kriz\u00ebn politike gj\u00ebja m\u00eb e r\u00ebnd\u00eb q\u00eb konstatohet \u00ebsht\u00eb se \u201cqeveria nuk ka treguar gatishm\u00ebri p\u00ebr zgjidhjen e kriz\u00ebs\u201d. Pra, thjesht nuk ka dashur ta zgjidh\u00eb. P\u00ebrtej kriz\u00ebs politike, t\u00eb gjitha arsyet e tjera jan\u00eb thjesht deformime t\u00eb q\u00ebllimshme demokracis\u00eb. K\u00ebshtu, pas kriz\u00ebs politike, progres-raporti ka kryq\u00ebzuar Jozefina Topallin si drejtuese e pandershme parlamenti, me nj\u00eb administrat\u00eb t\u00eb politizuar dhe q\u00ebndrime ekstreme q\u00eb d\u00ebmtojn\u00eb parlamentarizmin. N\u00ebse qeveria do t\u00eb kishte v\u00ebrtet vullnet p\u00ebr t\u00eb plot\u00ebsuar kushtet e p\u00ebrfitimit t\u00eb statusit t\u00eb vendit kandidat, m\u00eb e pakta q\u00eb duhet t\u00eb b\u00ebnte \u00ebsht\u00eb t\u00eb shkarkonte zonj\u00ebn Topalli nga kjo detyr\u00eb, pasi nuk ka koh\u00eb t\u00eb marrim s\u00ebrish mot n\u00eb vjesht\u00eb k\u00ebt\u00eb not\u00eb pakaluese p\u00ebr shkak t\u00eb saj. Ta harrojm\u00eb se k\u00ebt\u00eb mund ta b\u00ebj\u00eb qeveria. <\/p>\n<p>Pas parlamentit, progres-raporti rendit si problem krimin dhe korrupsionin. Mjafton t\u00eb themi se qysh kur Lul\u00ebzim Basha \u00ebsht\u00eb b\u00ebr\u00eb Minist\u00ebr i Brendsh\u00ebm krimi n\u00eb Shqip\u00ebri ka lul\u00ebzuar m\u00eb shum\u00eb se n\u00eb \u00e7do koh\u00eb tjet\u00ebr pas vitit 1990, dhe \u00ebsht\u00eb viti i par\u00eb pas vitit 1998 kur vriten politikan\u00eb n\u00eb Shqip\u00ebri dhe shteti, jo vet\u00ebm q\u00eb nuk reagon, po ngat\u00ebrron me vet\u00ebdije pistat. Qysh pas vrasjes s\u00eb Azem Hajdarit, kur s\u00eb paku emrat e vras\u00ebsve u shqiptuan, por nuk arrestoheshin, ky \u00ebsht\u00eb viti m\u00eb i zi i p\u00ebrdorimit te krimit kund\u00ebr politik\u00ebs dhe i lul\u00ebzimit t\u00eb krimit n\u00eb rrug\u00eb, p\u00ebr shkak t\u00eb lidhjeve kriminale q\u00eb ka stimuluar Ministri i Brendsh\u00ebm.<\/p>\n<p>Q\u00eb ne t\u00eb korrigjohemi nj\u00eb vit m\u00eb von\u00eb duhet s\u00eb paku t\u00eb nd\u00ebrrojm\u00eb nga Minist\u00ebr Lul\u00ebzim Bash\u00ebn. Ta harrojm\u00eb se k\u00ebt\u00eb mund ta b\u00ebj\u00eb qeveria.<\/p>\n<p>Nj\u00eb pik\u00eb tjet\u00ebr e r\u00ebnd pas krimit dhe korrupsionit ishte humbja e pavar\u00ebsis\u00eb s\u00eb drejt\u00ebsis\u00eb. Progres-raporti kritikon ashp\u00ebr hedhjen posht\u00eb p\u00ebr arsye politike t\u00eb dekreteve t\u00eb presidentit Topi, dob\u00ebsimin me ligj t\u00eb rolit t\u00eb kryeprokurores s\u00eb vendit dhe kontrollin e pushtetit mbi Gjykatat. Q\u00eb kjo vitin tjet\u00ebr t\u00eb jet\u00eb nj\u00eb not\u00eb kaluese, duhet q\u00eb s\u00eb paku kandidaturat e presidentit t\u00eb mos refuzohen, presioni politik mbi prokurorin\u00eb t\u00eb ndalet, dhe Berisha t\u00eb ridor\u00ebzoj\u00eb imunitetin e Fatmir Mediut dhe Lul\u00ebzim Bash\u00ebs p\u00ebr t\u2019i dh\u00ebn\u00eb shpres\u00eb drejt\u00ebsis\u00eb se politika ka hequr dor\u00eb nga &#8220;pand\u00ebshkueshm\u00ebria&#8221; e njer\u00ebzve ne pushtet. Ta harrojm\u00eb se k\u00ebt\u00eb mund ta b\u00ebj\u00eb qeveria.<\/p>\n<p>M\u00eb posht\u00eb progres-raporti n\u00ebnvizon problemet q\u00eb jan\u00eb krijuar me lirin\u00eb e medies n\u00eb vend. Raporti shpreh shqet\u00ebsim p\u00ebr gjobat selektive ndaj medies, klim\u00ebn e auto-censur\u00ebs q\u00eb ka nxitur kontrolli i politik\u00ebs p\u00ebrmes biznesmen\u00ebve dhe klima e keqe q\u00eb rrethon lirin\u00eb e medies. Q\u00eb vitin tjet\u00ebr Shqip\u00ebria ta marr\u00eb k\u00ebt\u00eb status, Sali Berisha duhet t\u00eb urdh\u00ebroj\u00eb prap\u00eb Agim Shehun t\u2019i heq\u00eb s\u00ebrish gjobat gazet\u00ebs Tema, Korrieri dhe Shekulli, t\u00eb th\u00ebrras\u00eb prap\u00eb n\u00eb sht\u00ebpi Rezart Ta\u00e7in dhe ta urdh\u00ebroj\u00eb t\u00eb t\u00ebrhiqet nga investimi n\u00eb media pasi ka nxire imazhin e Shqip\u00ebris\u00eb dhe n\u00eb fund t\u2019i heq\u00eb s\u00eb paku nj\u00eb nga kat\u00ebr licencat q\u00eb ka zaptuar Aleksand\u00ebr Frangaj n\u00eb transmetimet televizive, duke i hapur rrug\u00eb barazis\u00eb para ligjit dhe konkurrenc\u00ebs s\u00eb lir\u00eb. Ai duhet po ashtu t\u00eb urdh\u00ebroj\u00eb Drejtorin e Postave t\u00eb anuloj\u00eb abonimet e dhunsh\u00ebm p\u00ebr Gazet\u00ebn 55 q\u00eb u b\u00ebn punonj\u00ebsve t\u00eb vet, dhe t\u00eb anuloj\u00eb tender\u00ebt publik n\u00eb rrug\u00eb q\u00eb marrin botues t\u00eb medieve si Frangaj dhe Balliu n\u00ebn emra t\u00eb firmave fantaz\u00ebm. Ta harrojm\u00eb q\u00eb qeveria mund ta b\u00ebj\u00eb k\u00ebt\u00eb.<\/p>\n<p>Dhe qeveria nuk b\u00ebn asgj\u00eb nga k\u00ebto gjat\u00eb k\u00ebtij viti q\u00eb vjen, jo se nuk mund, por se nuk do. Qeveria mund ta realizoj\u00eb transparenc\u00ebn e zgjedhjeve, mund ta shkarkoj nj\u00eb \u201cLenka \u00c7uko\u201d t\u00eb dyt\u00eb qesharake q\u00eb ka n\u00eb krye t\u00eb Kuvendit, mund ta heq\u00eb nga lista e ministrave nj\u00eb njeri t\u00eb super-akuzuar p\u00ebr lidhje me krimin dhe korrupsionin si Lul\u00ebzim Basha, mund t\u00eb heq\u00eb dor\u00eb nga kontrolli mbi drejt\u00ebsin\u00eb, mund t\u00eb heq\u00eb dor\u00eb nga lufta e pandershme ndaj medies kritike. Por n\u00ebse i b\u00ebn gjith\u00eb k\u00ebto q\u00eb thot\u00eb Bashkimi Evropian, k\u00ebsaj qeveri i duhet t\u00eb IKE! Dhe meq\u00eb nuk do t\u00eb ik\u00eb, ajo po mbron dosjen e zez\u00eb q\u00eb po na l\u00eb jasht\u00eb Bashkimit Evropian.<\/p>\n<p>Pra, ky \u00ebsht\u00eb rasti tipik kur qeveria nuk \u00ebsht\u00eb fare e shqet\u00ebsuar p\u00ebr progres- raportin, pasi ajo e \u201cka shkruar\u201d vet\u00eb at\u00eb. Si\u00e7 thot\u00eb zoti Berisha \u00e7do vjesht\u00eb sa her\u00eb q\u00eb publikohet progres-raporti, \u201cai \u00ebsht\u00eb program pune p\u00ebr qeverin\u00eb\u201d dhe si\u00e7 shihet qeveria po e b\u00ebn nga viti n\u00eb vit m\u00eb keq pun\u00ebn e saj me vet\u00ebdije. Nuk \u00ebsht\u00eb paranoj\u00eb t\u00eb themi se qeveria shqiptare nuk do q\u00eb t\u00eb integrohemi n\u00eb Evrop\u00eb. \u00cbsht\u00eb shum\u00eb logjike refuzimi i saj. Ajo duhet t\u00eb zgjedh\u00eb mes pushtetit t\u00eb saj dhe standardit t\u00eb qytetar\u00ebve. N\u00ebse ajo fut Shqip\u00ebrin\u00eb n\u00eb Evrop\u00eb, i bie t\u00eb ik\u00eb nga pushteti, n\u00ebse na mban larg saj, mund t\u00eb na sundoj\u00eb si nj\u00eb turm\u00eb primitive. <\/p>\n<p>Fytyra e vrerosur e Sali Berish\u00ebs dit\u00ebn e djeshme, q\u00eb b\u00ebnte sikur nuk e d\u00ebgjonte \u00e7far\u00eb i thoshte i d\u00ebrguari i Bashkimit Evropian n\u00eb krah t\u00eb tij, \u00ebsht\u00eb shembulli tipik i nj\u00eb kryeministri hileqar, q\u00eb realisht nuk \u00ebsht\u00eb i interesuar t\u00eb zhvilloj\u00eb vendin e tij sipas standardeve q\u00eb i ofron Per\u00ebndimi, por i duhet si nj\u00eb bajrak i tij, ku t\u00eb sundoj\u00eb pushteti i familjes s\u00eb tij mbi qytetar\u00ebt, pa rregulla, pa ligje, me vet\u00ebgjyq\u00ebsi. Nuk e do realisht futjen n\u00eb Evrop\u00eb, pasi ajo sht\u00ebpi e madhe luksoze, prish kull\u00ebn e tij ku ka mbyllur shqiptar\u00ebt. Ajo q\u00eb p\u00ebr ne \u00ebsht\u00eb \u00ebnd\u00ebrr, p\u00ebr t\u00eb \u00ebsht\u00eb makth, pasi \u00ebsht\u00eb fundi i pushtetit t\u00eb tij, nga i cili ai s\u2019ka fuqi t\u00eb \u00e7lirohet vet\u00eb, pa e ndihmuar t\u00eb gjith\u00eb, t\u00eb \u00e7lirohet duke e hequr qoft\u00eb dhe zvarr\u00eb nga rruga q\u00eb na ka z\u00ebn\u00eb.<\/p>\n","protected":false},"excerpt":{"rendered":"<p>Nga Mero Baze Qeveria shqiptare nuk \u00ebsht\u00eb e shqet\u00ebsuar nga refuzimi kategorik q\u00eb Bashkimi Evropian i b\u00ebri k\u00ebrkes\u00ebs formale elektorale t\u00eb kryeministrit Sali Berisha p\u00ebr t\u00eb aplikuar p\u00ebr statusin e vendit kandidat p\u00ebr an\u00ebtar t\u00eb Bashkimit Evropian. Mungesa e shqet\u00ebsimit nuk v\u00ebrehet vet\u00ebm tek anashkalimi q\u00eb Berisha i b\u00ebri dje komenteve t\u00eb p\u00ebrfaq\u00ebsuesit t\u00eb BE, [&hellip;]<\/p>\n","protected":false},"author":1,"featured_media":0,"comment_status":"open","ping_status":"closed","sticky":false,"template":"","format":"standard","meta":{"footnotes":""},"categories":[2],"tags":[],"class_list":{"0":"post-4679","1":"post","2":"type-post","3":"status-publish","4":"format-standard","6":"category-artikuj"},"yoast_head":"<!-- This site is optimized with the Yoast SEO plugin v27.4 - https:\/\/yoast.com\/product\/yoast-seo-wordpress\/ -->\n<title>Nj\u00eb vet\u00ebdije e thell\u00eb dhe e sinqert\u00eb anti-evropiane - FjALA e LIR\u00cb - Arkivi<\/title>\n<meta name=\"robots\" content=\"index, follow, max-snippet:-1, max-image-preview:large, max-video-preview:-1\" \/>\n<link rel=\"canonical\" href=\"https:\/\/fjala.info\/2009-2015\/nje-vetedije-e-thelle-dhe-e-sinqerte-anti-evropiane\/\" \/>\n<meta property=\"og:locale\" content=\"sq_AL\" \/>\n<meta property=\"og:type\" content=\"article\" \/>\n<meta property=\"og:title\" content=\"Nj\u00eb vet\u00ebdije e thell\u00eb dhe e sinqert\u00eb anti-evropiane - FjALA e LIR\u00cb - Arkivi\" \/>\n<meta property=\"og:description\" content=\"Nga Mero Baze Qeveria shqiptare nuk \u00ebsht\u00eb e shqet\u00ebsuar nga refuzimi kategorik q\u00eb Bashkimi Evropian i b\u00ebri k\u00ebrkes\u00ebs formale elektorale t\u00eb kryeministrit Sali Berisha p\u00ebr t\u00eb aplikuar p\u00ebr statusin e vendit kandidat p\u00ebr an\u00ebtar t\u00eb Bashkimit Evropian. Mungesa e shqet\u00ebsimit nuk v\u00ebrehet vet\u00ebm tek anashkalimi q\u00eb Berisha i b\u00ebri dje komenteve t\u00eb p\u00ebrfaq\u00ebsuesit t\u00eb BE, [&hellip;]\" \/>\n<meta property=\"og:url\" content=\"https:\/\/fjala.info\/2009-2015\/nje-vetedije-e-thelle-dhe-e-sinqerte-anti-evropiane\/\" \/>\n<meta property=\"og:site_name\" content=\"FjALA e LIR\u00cb - Arkivi\" \/>\n<meta property=\"article:published_time\" content=\"2010-11-09T21:25:42+00:00\" \/>\n<meta property=\"og:image\" content=\"http:\/\/fjala.shkoder.net\/wp-content\/uploads\/2010\/10\/mero_baze1.jpg\" \/>\n<meta name=\"author\" content=\"admin\" \/>\n<meta name=\"twitter:card\" content=\"summary_large_image\" \/>\n<meta name=\"twitter:label1\" content=\"Written by\" \/>\n\t<meta name=\"twitter:data1\" content=\"admin\" \/>\n\t<meta name=\"twitter:label2\" content=\"Est. reading time\" \/>\n\t<meta name=\"twitter:data2\" content=\"6 minutes\" \/>\n<script type=\"application\/ld+json\" class=\"yoast-schema-graph\">{\"@context\":\"https:\\\/\\\/schema.org\",\"@graph\":[{\"@type\":\"Article\",\"@id\":\"https:\\\/\\\/fjala.info\\\/2009-2015\\\/nje-vetedije-e-thelle-dhe-e-sinqerte-anti-evropiane\\\/#article\",\"isPartOf\":{\"@id\":\"https:\\\/\\\/fjala.info\\\/2009-2015\\\/nje-vetedije-e-thelle-dhe-e-sinqerte-anti-evropiane\\\/\"},\"author\":{\"name\":\"admin\",\"@id\":\"https:\\\/\\\/fjala.info\\\/2009-2015\\\/#\\\/schema\\\/person\\\/3aa1163ef05469c496fc94e77611ada2\"},\"headline\":\"Nj\u00eb vet\u00ebdije e thell\u00eb dhe e sinqert\u00eb anti-evropiane\",\"datePublished\":\"2010-11-09T21:25:42+00:00\",\"mainEntityOfPage\":{\"@id\":\"https:\\\/\\\/fjala.info\\\/2009-2015\\\/nje-vetedije-e-thelle-dhe-e-sinqerte-anti-evropiane\\\/\"},\"wordCount\":1222,\"commentCount\":0,\"publisher\":{\"@id\":\"https:\\\/\\\/fjala.info\\\/2009-2015\\\/#organization\"},\"image\":{\"@id\":\"https:\\\/\\\/fjala.info\\\/2009-2015\\\/nje-vetedije-e-thelle-dhe-e-sinqerte-anti-evropiane\\\/#primaryimage\"},\"thumbnailUrl\":\"http:\\\/\\\/fjala.shkoder.net\\\/wp-content\\\/uploads\\\/2010\\\/10\\\/mero_baze1.jpg\",\"articleSection\":[\"Artikuj\"],\"inLanguage\":\"sq-AL\",\"potentialAction\":[{\"@type\":\"CommentAction\",\"name\":\"Comment\",\"target\":[\"https:\\\/\\\/fjala.info\\\/2009-2015\\\/nje-vetedije-e-thelle-dhe-e-sinqerte-anti-evropiane\\\/#respond\"]}]},{\"@type\":\"WebPage\",\"@id\":\"https:\\\/\\\/fjala.info\\\/2009-2015\\\/nje-vetedije-e-thelle-dhe-e-sinqerte-anti-evropiane\\\/\",\"url\":\"https:\\\/\\\/fjala.info\\\/2009-2015\\\/nje-vetedije-e-thelle-dhe-e-sinqerte-anti-evropiane\\\/\",\"name\":\"Nj\u00eb vet\u00ebdije e thell\u00eb dhe e sinqert\u00eb anti-evropiane - FjALA e LIR\u00cb - Arkivi\",\"isPartOf\":{\"@id\":\"https:\\\/\\\/fjala.info\\\/2009-2015\\\/#website\"},\"primaryImageOfPage\":{\"@id\":\"https:\\\/\\\/fjala.info\\\/2009-2015\\\/nje-vetedije-e-thelle-dhe-e-sinqerte-anti-evropiane\\\/#primaryimage\"},\"image\":{\"@id\":\"https:\\\/\\\/fjala.info\\\/2009-2015\\\/nje-vetedije-e-thelle-dhe-e-sinqerte-anti-evropiane\\\/#primaryimage\"},\"thumbnailUrl\":\"http:\\\/\\\/fjala.shkoder.net\\\/wp-content\\\/uploads\\\/2010\\\/10\\\/mero_baze1.jpg\",\"datePublished\":\"2010-11-09T21:25:42+00:00\",\"breadcrumb\":{\"@id\":\"https:\\\/\\\/fjala.info\\\/2009-2015\\\/nje-vetedije-e-thelle-dhe-e-sinqerte-anti-evropiane\\\/#breadcrumb\"},\"inLanguage\":\"sq-AL\",\"potentialAction\":[{\"@type\":\"ReadAction\",\"target\":[\"https:\\\/\\\/fjala.info\\\/2009-2015\\\/nje-vetedije-e-thelle-dhe-e-sinqerte-anti-evropiane\\\/\"]}]},{\"@type\":\"ImageObject\",\"inLanguage\":\"sq-AL\",\"@id\":\"https:\\\/\\\/fjala.info\\\/2009-2015\\\/nje-vetedije-e-thelle-dhe-e-sinqerte-anti-evropiane\\\/#primaryimage\",\"url\":\"http:\\\/\\\/fjala.shkoder.net\\\/wp-content\\\/uploads\\\/2010\\\/10\\\/mero_baze1.jpg\",\"contentUrl\":\"http:\\\/\\\/fjala.shkoder.net\\\/wp-content\\\/uploads\\\/2010\\\/10\\\/mero_baze1.jpg\"},{\"@type\":\"BreadcrumbList\",\"@id\":\"https:\\\/\\\/fjala.info\\\/2009-2015\\\/nje-vetedije-e-thelle-dhe-e-sinqerte-anti-evropiane\\\/#breadcrumb\",\"itemListElement\":[{\"@type\":\"ListItem\",\"position\":1,\"name\":\"Home\",\"item\":\"https:\\\/\\\/fjala.info\\\/2009-2015\\\/\"},{\"@type\":\"ListItem\",\"position\":2,\"name\":\"Nj\u00eb vet\u00ebdije e thell\u00eb dhe e sinqert\u00eb anti-evropiane\"}]},{\"@type\":\"WebSite\",\"@id\":\"https:\\\/\\\/fjala.info\\\/2009-2015\\\/#website\",\"url\":\"https:\\\/\\\/fjala.info\\\/2009-2015\\\/\",\"name\":\"FjALA e LIR\u00cb - Arkivi\",\"description\":\"Arkivi 2009-2015\",\"publisher\":{\"@id\":\"https:\\\/\\\/fjala.info\\\/2009-2015\\\/#organization\"},\"potentialAction\":[{\"@type\":\"SearchAction\",\"target\":{\"@type\":\"EntryPoint\",\"urlTemplate\":\"https:\\\/\\\/fjala.info\\\/2009-2015\\\/?s={search_term_string}\"},\"query-input\":{\"@type\":\"PropertyValueSpecification\",\"valueRequired\":true,\"valueName\":\"search_term_string\"}}],\"inLanguage\":\"sq-AL\"},{\"@type\":\"Organization\",\"@id\":\"https:\\\/\\\/fjala.info\\\/2009-2015\\\/#organization\",\"name\":\"FjALA e LIR\u00cb - Arkivi\",\"url\":\"https:\\\/\\\/fjala.info\\\/2009-2015\\\/\",\"logo\":{\"@type\":\"ImageObject\",\"inLanguage\":\"sq-AL\",\"@id\":\"https:\\\/\\\/fjala.info\\\/2009-2015\\\/#\\\/schema\\\/logo\\\/image\\\/\",\"url\":\"\",\"contentUrl\":\"\",\"caption\":\"FjALA e LIR\u00cb - Arkivi\"},\"image\":{\"@id\":\"https:\\\/\\\/fjala.info\\\/2009-2015\\\/#\\\/schema\\\/logo\\\/image\\\/\"}},{\"@type\":\"Person\",\"@id\":\"https:\\\/\\\/fjala.info\\\/2009-2015\\\/#\\\/schema\\\/person\\\/3aa1163ef05469c496fc94e77611ada2\",\"name\":\"admin\",\"image\":{\"@type\":\"ImageObject\",\"inLanguage\":\"sq-AL\",\"@id\":\"https:\\\/\\\/fjala.info\\\/2009-2015\\\/wp-content\\\/uploads\\\/2012\\\/02\\\/arben_cokaj-120x150.jpg\",\"url\":\"https:\\\/\\\/fjala.info\\\/2009-2015\\\/wp-content\\\/uploads\\\/2012\\\/02\\\/arben_cokaj-120x150.jpg\",\"contentUrl\":\"https:\\\/\\\/fjala.info\\\/2009-2015\\\/wp-content\\\/uploads\\\/2012\\\/02\\\/arben_cokaj-120x150.jpg\",\"caption\":\"admin\"},\"description\":\"Admin, Fjala e Lir\u00eb\",\"sameAs\":[\"https:\\\/\\\/fjala.info\\\/\"],\"url\":\"https:\\\/\\\/fjala.info\\\/2009-2015\\\/author\\\/admin\\\/\"}]}<\/script>\n<!-- \/ Yoast SEO plugin. -->","yoast_head_json":{"title":"Nj\u00eb vet\u00ebdije e thell\u00eb dhe e sinqert\u00eb anti-evropiane - FjALA e LIR\u00cb - Arkivi","robots":{"index":"index","follow":"follow","max-snippet":"max-snippet:-1","max-image-preview":"max-image-preview:large","max-video-preview":"max-video-preview:-1"},"canonical":"https:\/\/fjala.info\/2009-2015\/nje-vetedije-e-thelle-dhe-e-sinqerte-anti-evropiane\/","og_locale":"sq_AL","og_type":"article","og_title":"Nj\u00eb vet\u00ebdije e thell\u00eb dhe e sinqert\u00eb anti-evropiane - FjALA e LIR\u00cb - Arkivi","og_description":"Nga Mero Baze Qeveria shqiptare nuk \u00ebsht\u00eb e shqet\u00ebsuar nga refuzimi kategorik q\u00eb Bashkimi Evropian i b\u00ebri k\u00ebrkes\u00ebs formale elektorale t\u00eb kryeministrit Sali Berisha p\u00ebr t\u00eb aplikuar p\u00ebr statusin e vendit kandidat p\u00ebr an\u00ebtar t\u00eb Bashkimit Evropian. Mungesa e shqet\u00ebsimit nuk v\u00ebrehet vet\u00ebm tek anashkalimi q\u00eb Berisha i b\u00ebri dje komenteve t\u00eb p\u00ebrfaq\u00ebsuesit t\u00eb BE, [&hellip;]","og_url":"https:\/\/fjala.info\/2009-2015\/nje-vetedije-e-thelle-dhe-e-sinqerte-anti-evropiane\/","og_site_name":"FjALA e LIR\u00cb - Arkivi","article_published_time":"2010-11-09T21:25:42+00:00","og_image":[{"url":"http:\/\/fjala.shkoder.net\/wp-content\/uploads\/2010\/10\/mero_baze1.jpg","type":"","width":"","height":""}],"author":"admin","twitter_card":"summary_large_image","twitter_misc":{"Written by":"admin","Est. reading time":"6 minutes"},"schema":{"@context":"https:\/\/schema.org","@graph":[{"@type":"Article","@id":"https:\/\/fjala.info\/2009-2015\/nje-vetedije-e-thelle-dhe-e-sinqerte-anti-evropiane\/#article","isPartOf":{"@id":"https:\/\/fjala.info\/2009-2015\/nje-vetedije-e-thelle-dhe-e-sinqerte-anti-evropiane\/"},"author":{"name":"admin","@id":"https:\/\/fjala.info\/2009-2015\/#\/schema\/person\/3aa1163ef05469c496fc94e77611ada2"},"headline":"Nj\u00eb vet\u00ebdije e thell\u00eb dhe e sinqert\u00eb anti-evropiane","datePublished":"2010-11-09T21:25:42+00:00","mainEntityOfPage":{"@id":"https:\/\/fjala.info\/2009-2015\/nje-vetedije-e-thelle-dhe-e-sinqerte-anti-evropiane\/"},"wordCount":1222,"commentCount":0,"publisher":{"@id":"https:\/\/fjala.info\/2009-2015\/#organization"},"image":{"@id":"https:\/\/fjala.info\/2009-2015\/nje-vetedije-e-thelle-dhe-e-sinqerte-anti-evropiane\/#primaryimage"},"thumbnailUrl":"http:\/\/fjala.shkoder.net\/wp-content\/uploads\/2010\/10\/mero_baze1.jpg","articleSection":["Artikuj"],"inLanguage":"sq-AL","potentialAction":[{"@type":"CommentAction","name":"Comment","target":["https:\/\/fjala.info\/2009-2015\/nje-vetedije-e-thelle-dhe-e-sinqerte-anti-evropiane\/#respond"]}]},{"@type":"WebPage","@id":"https:\/\/fjala.info\/2009-2015\/nje-vetedije-e-thelle-dhe-e-sinqerte-anti-evropiane\/","url":"https:\/\/fjala.info\/2009-2015\/nje-vetedije-e-thelle-dhe-e-sinqerte-anti-evropiane\/","name":"Nj\u00eb vet\u00ebdije e thell\u00eb dhe e sinqert\u00eb anti-evropiane - FjALA e LIR\u00cb - Arkivi","isPartOf":{"@id":"https:\/\/fjala.info\/2009-2015\/#website"},"primaryImageOfPage":{"@id":"https:\/\/fjala.info\/2009-2015\/nje-vetedije-e-thelle-dhe-e-sinqerte-anti-evropiane\/#primaryimage"},"image":{"@id":"https:\/\/fjala.info\/2009-2015\/nje-vetedije-e-thelle-dhe-e-sinqerte-anti-evropiane\/#primaryimage"},"thumbnailUrl":"http:\/\/fjala.shkoder.net\/wp-content\/uploads\/2010\/10\/mero_baze1.jpg","datePublished":"2010-11-09T21:25:42+00:00","breadcrumb":{"@id":"https:\/\/fjala.info\/2009-2015\/nje-vetedije-e-thelle-dhe-e-sinqerte-anti-evropiane\/#breadcrumb"},"inLanguage":"sq-AL","potentialAction":[{"@type":"ReadAction","target":["https:\/\/fjala.info\/2009-2015\/nje-vetedije-e-thelle-dhe-e-sinqerte-anti-evropiane\/"]}]},{"@type":"ImageObject","inLanguage":"sq-AL","@id":"https:\/\/fjala.info\/2009-2015\/nje-vetedije-e-thelle-dhe-e-sinqerte-anti-evropiane\/#primaryimage","url":"http:\/\/fjala.shkoder.net\/wp-content\/uploads\/2010\/10\/mero_baze1.jpg","contentUrl":"http:\/\/fjala.shkoder.net\/wp-content\/uploads\/2010\/10\/mero_baze1.jpg"},{"@type":"BreadcrumbList","@id":"https:\/\/fjala.info\/2009-2015\/nje-vetedije-e-thelle-dhe-e-sinqerte-anti-evropiane\/#breadcrumb","itemListElement":[{"@type":"ListItem","position":1,"name":"Home","item":"https:\/\/fjala.info\/2009-2015\/"},{"@type":"ListItem","position":2,"name":"Nj\u00eb vet\u00ebdije e thell\u00eb dhe e sinqert\u00eb anti-evropiane"}]},{"@type":"WebSite","@id":"https:\/\/fjala.info\/2009-2015\/#website","url":"https:\/\/fjala.info\/2009-2015\/","name":"FjALA e LIR\u00cb - Arkivi","description":"Arkivi 2009-2015","publisher":{"@id":"https:\/\/fjala.info\/2009-2015\/#organization"},"potentialAction":[{"@type":"SearchAction","target":{"@type":"EntryPoint","urlTemplate":"https:\/\/fjala.info\/2009-2015\/?s={search_term_string}"},"query-input":{"@type":"PropertyValueSpecification","valueRequired":true,"valueName":"search_term_string"}}],"inLanguage":"sq-AL"},{"@type":"Organization","@id":"https:\/\/fjala.info\/2009-2015\/#organization","name":"FjALA e LIR\u00cb - Arkivi","url":"https:\/\/fjala.info\/2009-2015\/","logo":{"@type":"ImageObject","inLanguage":"sq-AL","@id":"https:\/\/fjala.info\/2009-2015\/#\/schema\/logo\/image\/","url":"","contentUrl":"","caption":"FjALA e LIR\u00cb - Arkivi"},"image":{"@id":"https:\/\/fjala.info\/2009-2015\/#\/schema\/logo\/image\/"}},{"@type":"Person","@id":"https:\/\/fjala.info\/2009-2015\/#\/schema\/person\/3aa1163ef05469c496fc94e77611ada2","name":"admin","image":{"@type":"ImageObject","inLanguage":"sq-AL","@id":"https:\/\/fjala.info\/2009-2015\/wp-content\/uploads\/2012\/02\/arben_cokaj-120x150.jpg","url":"https:\/\/fjala.info\/2009-2015\/wp-content\/uploads\/2012\/02\/arben_cokaj-120x150.jpg","contentUrl":"https:\/\/fjala.info\/2009-2015\/wp-content\/uploads\/2012\/02\/arben_cokaj-120x150.jpg","caption":"admin"},"description":"Admin, Fjala e Lir\u00eb","sameAs":["https:\/\/fjala.info\/"],"url":"https:\/\/fjala.info\/2009-2015\/author\/admin\/"}]}},"_links":{"self":[{"href":"https:\/\/fjala.info\/2009-2015\/wp-json\/wp\/v2\/posts\/4679","targetHints":{"allow":["GET"]}}],"collection":[{"href":"https:\/\/fjala.info\/2009-2015\/wp-json\/wp\/v2\/posts"}],"about":[{"href":"https:\/\/fjala.info\/2009-2015\/wp-json\/wp\/v2\/types\/post"}],"author":[{"embeddable":true,"href":"https:\/\/fjala.info\/2009-2015\/wp-json\/wp\/v2\/users\/1"}],"replies":[{"embeddable":true,"href":"https:\/\/fjala.info\/2009-2015\/wp-json\/wp\/v2\/comments?post=4679"}],"version-history":[{"count":0,"href":"https:\/\/fjala.info\/2009-2015\/wp-json\/wp\/v2\/posts\/4679\/revisions"}],"wp:attachment":[{"href":"https:\/\/fjala.info\/2009-2015\/wp-json\/wp\/v2\/media?parent=4679"}],"wp:term":[{"taxonomy":"category","embeddable":true,"href":"https:\/\/fjala.info\/2009-2015\/wp-json\/wp\/v2\/categories?post=4679"},{"taxonomy":"post_tag","embeddable":true,"href":"https:\/\/fjala.info\/2009-2015\/wp-json\/wp\/v2\/tags?post=4679"}],"curies":[{"name":"wp","href":"https:\/\/api.w.org\/{rel}","templated":true}]}}