{"id":4677,"date":"2010-11-09T22:18:56","date_gmt":"2010-11-09T21:18:56","guid":{"rendered":"http:\/\/fjala.shkoder.net\/?p=4677"},"modified":"2010-11-09T22:18:56","modified_gmt":"2010-11-09T21:18:56","slug":"muri-i-berlinit-nuk-ra-u-rrezue","status":"publish","type":"post","link":"https:\/\/fjala.info\/2009-2015\/muri-i-berlinit-nuk-ra-u-rrezue\/","title":{"rendered":"Muri i Berlinit nuk ra, u rr\u00ebzue"},"content":{"rendered":"<p><strong>Ardian Ndreca<\/strong>, <em>09.11.2010<\/em><\/p>\n<p>Ata q\u00eb e kujtojn\u00eb mbramjen e dat\u00ebs 9 nandor 1989, kur nep\u00ebrmjet televizionit italian ndoq\u00ebm \u00e7astet drithmuese t\u00eb rr\u00ebzimit t\u00eb Murit fam\u00ebkeq t\u00eb Berlinit, si e gjith\u00eb bota, mbajn\u00eb mend ndoshta edhe atmosfer\u00ebn e tendosun q\u00eb nisi me u krijue n\u00eb Shqipnin komuniste, n\u00eb vendin ma t\u00eb \u00e7mendun t\u00eb Lindjes komuniste.<\/p>\n<p>Megjithat\u00eb Muri i Berlinit nuk ra, at\u00eb e rr\u00ebzuen nji seri faktor\u00ebsh t\u00eb nd\u00ebrlikuem e bashk\u00ebveprues q\u00eb p\u00ebrcaktuen ramjen e palavdishme t\u00eb komunizmit. Nd\u00ebr ma t\u00eb rand\u00ebsishmit ishin vendosm\u00ebnia e presidentit Reagan dhe gara e armatimit q\u00eb e lodhi BRSS deri n\u00eb gjunj\u00ebzim, kontributi i Pap\u00ebs Gjon Pali II dhe mb\u00ebshtetja e tij ndaj Solidarnostin, falimentimi i sistemit ekonomik komunist, zhg\u00ebnjimi i miliona qytetar\u00ebve dhe i vet\u00eb komunistave t\u00eb vendeve t\u00eb Lindjes etj.<\/p>\n<p>Muri i Berlinit ishte paradigma e nji m\u00ebnyre konceptimi t\u00eb jet\u00ebs socialiste, q\u00eb synonte me nda me thik\u00eb dy realitete antagoniste: bot\u00ebn kapitaliste dhe at\u00eb socialiste. Asnji ballafaqim dialektik nuk mund t\u00eb siguronte ma fitoren e socializmit, vet\u00ebm izolimi dhe politika e demonizimit t\u00eb kund\u00ebrshtarit mund t\u00eb ruente disi ekuilibrin e mbrendshem. N\u00eb nji vend si Shqipnia, ku po plakej nji brez i rritun dhe i edukuem krejt\u00ebsisht n\u00ebn komuniz\u00ebm, pra q\u00eb s&#8217;kishte njoht\u00eb asnji sistem tjet\u00ebr politiko-shoqnor, injoranca dhe keqformimi ishin n\u00eb nivele marramend\u00ebse. Kishte sish q\u00eb besonin me t\u00eb v\u00ebrtet\u00eb se Shqipnia mund t\u00eb thyente NATO-n apo mund t\u00eb zmbrapste nji sulm jugosllav, kishte asish q\u00eb besonin me devotshm\u00ebri t\u00eb sinqert\u00eb n\u00eb premtimet dhe n\u00eb rezultatet q\u00eb shpallte udh\u00ebheqja shqiptare. \u00c7do nivel i jet\u00ebs, prej kooperativave bujq\u00ebsore e deri n\u00eb universitete kishte demagog\u00ebt e vet t\u00eb paguem prej regjimit p\u00ebr me keqformue njeriun e ri shqiptar.<\/p>\n<p>Ai 9 nandor 1989 sh\u00ebnoi goditjen e par\u00eb ndaj atij sistemi t\u00eb neveritsh\u00ebm, t\u00eb p\u00ebrbam\u00eb prej fanatik\u00ebsh, oportunistash dhe budallenjsh, edhe pse shum\u00eb prej tyne do t\u00eb mbijetonin me sukses n\u00eb sistemin demokratik.<\/p>\n<p>At\u00eb nandor qytetar\u00ebt gjerman nis\u00ebn nji revolucion t\u00eb matun demokratik, nd\u00ebrsa Erich Honecker, Erich Mielke dhe aparati i tyne tashma prej dekadash p\u00ebrfaqsonin reaksionin dhe mend\u00ebsin\u00eb e \u00e7mendun pa rrug\u00ebdalje t\u00eb sistemit komunist.<\/p>\n<p>T\u00eb mos pajtohesh me t\u00eb keqen, me shtypjen, me diktatur\u00ebn, do t\u00eb thot\u00eb t\u00eb jesh revolucionar. N\u00eb fakt po ata marinar\u00eb t\u00eb Kron\u0161tadt-it q\u00eb n\u00eb vitin 1905 ishin ngrit\u00eb kund\u00ebr pushtetit carist, q\u00eb n\u00eb 1917 kishin kontribue n\u00eb fitoren e revolucionit, do t\u00eb ngriheshin n\u00eb mars t\u00eb vitit 1921 kund\u00ebr pushtetit t\u00eb sovjet\u00ebve. Po ai shpirt revolucionar do t\u00eb hidhte n\u00eb revolt\u00eb me 17 qershor 1953 puntor\u00ebt e Berlinit, Leipzigut, Jen\u00ebs, Halle-s, do t\u00eb mbante gjall\u00eb shpirtin e rezistenc\u00ebn aktive antikomuniste deri n\u00eb gjysm\u00ebn e viteve &#8217;50 n\u00eb vendet balltike, n\u00eb Ukrain\u00eb, n\u00eb Rumani dhe n\u00eb Shqipni, do t\u00eb zbonte n\u00eb vitin 1956 n\u00eb Hungari qeverin\u00eb komuniste, do t\u00eb realizonte n\u00eb 1968 pranver\u00ebn e Prag\u00ebs, do t\u00eb udh\u00ebhiqte n\u00eb Gdansk n\u00eb ver\u00ebn e vitit 1980 puntor\u00ebt e kantiereve detare, do t\u00eb lante me gjak n\u00eb qershor t\u00eb 1989 pjac\u00ebn Tien an Men.<\/p>\n<p>P\u00ebr Berlinin data 9 nandor 1989 ishte vijimi i 17 qershorit t\u00eb 1953. At\u00eb mbramje t\u00eb 9 nandorit 1989, n\u00ebn murin e rr\u00ebzuem, nji plak gati i p\u00ebrqafuem me violon\u00e7elin e tij p\u00ebrhapte tingujt e Bach-ut para qindra njerzve q\u00eb n\u00eb heshtje ndigjonin t\u00eb emocionuem. Ishte ma i madhi violon\u00e7elist i bot\u00ebs, Rostropovi\u010d, q\u00eb kishte rend, aq sa mund t\u00eb rend nji plak, me i k\u00ebndue fitores s\u00eb liris\u00eb mbi terrin e diktatur\u00ebs.<\/p>\n<p>Tashma tanket sovetike nuk mund t\u00eb shkelnin ma mbi trupat e berlinez\u00ebve, guximi i t\u00eb cil\u00ebve ndezi shpresat edhe p\u00ebr vendet tjera t\u00eb bllokut t\u00eb Lindjes. Megjithat\u00eb ajo l\u00ebvizje nuk pati nji udh\u00ebheqje, nji grupim intelektual, ajo ishte shprehje spontane e revolt\u00ebs qytetare ndaj regjimit diktatorial t\u00eb \u00e7iftit Honecker-Mielke. Mbas pak jav\u00ebsh, me 20 dhjetor, puntor\u00ebt e Timishoar\u00ebs do t\u00eb fillonin revolucionin e tyne kund\u00ebr diktatur\u00ebs, dhe pak jav\u00eb ma von\u00eb, me 14 janar 1990 nji grup puntor\u00ebsh shkodran\u00eb do t\u00eb organizonte demonstrat\u00ebn e par\u00eb antikomuniste q\u00eb do t\u00eb \u00e7ante murin stalinist t\u00eb regjimit t\u00eb Ramiz Alis\u00eb dhe Nexhmije Hoxh\u00ebs.<\/p>\n<p>At\u00eb vjesht\u00eb t\u00eb fundit t\u00eb viteve &#8217;80 nuk po rr\u00ebzoheshin muret e nji sht\u00ebpie t\u00eb dashun, por ato t\u00eb nji burgu t\u00eb urryem, e megjithat\u00eb mbrenda njerzve ai mur vijoi me mbijetue: n\u00eb nostalgjin\u00eb f\u00ebmijnore p\u00ebr parajs\u00ebn komuniste q\u00eb s&#8217;kishte ekzistue kurr\u00eb, dhe n\u00eb urrejtjen komuniste ndaj komunizmit, q\u00eb do t\u00eb na pengonte me pa infiltrimet e njerzve t\u00eb regjimit n\u00eb demokracin\u00eb e brisht\u00eb shqiptare.<br \/>\nNji cop\u00eb e atij muri reziston gjithnji, i mbajtun gjall\u00eb me tendera, me pushtet publik, me demagogji, me fanatiz\u00ebm. Nd\u00ebrsa ne vijojm\u00eb me kujtue me mall \u00e7astet e rr\u00ebzimit t\u00eb Murit berlinez, pa u kujtue se rruga jon\u00eb n\u00eb t\u00eb p\u00ebrpjet\u00eb ende s&#8217;ka mbarue.<\/p>\n","protected":false},"excerpt":{"rendered":"<p>Ardian Ndreca, 09.11.2010 Ata q\u00eb e kujtojn\u00eb mbramjen e dat\u00ebs 9 nandor 1989, kur nep\u00ebrmjet televizionit italian ndoq\u00ebm \u00e7astet drithmuese t\u00eb rr\u00ebzimit t\u00eb Murit fam\u00ebkeq t\u00eb Berlinit, si e gjith\u00eb bota, mbajn\u00eb mend ndoshta edhe atmosfer\u00ebn e tendosun q\u00eb nisi me u krijue n\u00eb Shqipnin komuniste, n\u00eb vendin ma t\u00eb \u00e7mendun t\u00eb Lindjes komuniste. Megjithat\u00eb [&hellip;]<\/p>\n","protected":false},"author":1,"featured_media":0,"comment_status":"open","ping_status":"closed","sticky":false,"template":"","format":"standard","meta":{"footnotes":""},"categories":[2],"tags":[],"class_list":{"0":"post-4677","1":"post","2":"type-post","3":"status-publish","4":"format-standard","6":"category-artikuj"},"yoast_head":"<!-- This site is optimized with the Yoast SEO plugin v27.4 - https:\/\/yoast.com\/product\/yoast-seo-wordpress\/ -->\n<title>Muri i Berlinit nuk ra, u rr\u00ebzue - FjALA e LIR\u00cb - Arkivi<\/title>\n<meta name=\"robots\" content=\"index, follow, max-snippet:-1, max-image-preview:large, max-video-preview:-1\" \/>\n<link rel=\"canonical\" href=\"https:\/\/fjala.info\/2009-2015\/muri-i-berlinit-nuk-ra-u-rrezue\/\" \/>\n<meta property=\"og:locale\" content=\"sq_AL\" \/>\n<meta property=\"og:type\" content=\"article\" \/>\n<meta property=\"og:title\" content=\"Muri i Berlinit nuk ra, u rr\u00ebzue - FjALA e LIR\u00cb - Arkivi\" \/>\n<meta property=\"og:description\" content=\"Ardian Ndreca, 09.11.2010 Ata q\u00eb e kujtojn\u00eb mbramjen e dat\u00ebs 9 nandor 1989, kur nep\u00ebrmjet televizionit italian ndoq\u00ebm \u00e7astet drithmuese t\u00eb rr\u00ebzimit t\u00eb Murit fam\u00ebkeq t\u00eb Berlinit, si e gjith\u00eb bota, mbajn\u00eb mend ndoshta edhe atmosfer\u00ebn e tendosun q\u00eb nisi me u krijue n\u00eb Shqipnin komuniste, n\u00eb vendin ma t\u00eb \u00e7mendun t\u00eb Lindjes komuniste. Megjithat\u00eb [&hellip;]\" \/>\n<meta property=\"og:url\" content=\"https:\/\/fjala.info\/2009-2015\/muri-i-berlinit-nuk-ra-u-rrezue\/\" \/>\n<meta property=\"og:site_name\" content=\"FjALA e LIR\u00cb - Arkivi\" \/>\n<meta property=\"article:published_time\" content=\"2010-11-09T21:18:56+00:00\" \/>\n<meta name=\"author\" content=\"admin\" \/>\n<meta name=\"twitter:card\" content=\"summary_large_image\" \/>\n<meta name=\"twitter:label1\" content=\"Written by\" \/>\n\t<meta name=\"twitter:data1\" content=\"admin\" \/>\n\t<meta name=\"twitter:label2\" content=\"Est. reading time\" \/>\n\t<meta name=\"twitter:data2\" content=\"4 minutes\" \/>\n<script type=\"application\/ld+json\" class=\"yoast-schema-graph\">{\"@context\":\"https:\\\/\\\/schema.org\",\"@graph\":[{\"@type\":\"Article\",\"@id\":\"https:\\\/\\\/fjala.info\\\/2009-2015\\\/muri-i-berlinit-nuk-ra-u-rrezue\\\/#article\",\"isPartOf\":{\"@id\":\"https:\\\/\\\/fjala.info\\\/2009-2015\\\/muri-i-berlinit-nuk-ra-u-rrezue\\\/\"},\"author\":{\"name\":\"admin\",\"@id\":\"https:\\\/\\\/fjala.info\\\/2009-2015\\\/#\\\/schema\\\/person\\\/3aa1163ef05469c496fc94e77611ada2\"},\"headline\":\"Muri i Berlinit nuk ra, u rr\u00ebzue\",\"datePublished\":\"2010-11-09T21:18:56+00:00\",\"mainEntityOfPage\":{\"@id\":\"https:\\\/\\\/fjala.info\\\/2009-2015\\\/muri-i-berlinit-nuk-ra-u-rrezue\\\/\"},\"wordCount\":845,\"commentCount\":0,\"publisher\":{\"@id\":\"https:\\\/\\\/fjala.info\\\/2009-2015\\\/#organization\"},\"articleSection\":[\"Artikuj\"],\"inLanguage\":\"sq-AL\",\"potentialAction\":[{\"@type\":\"CommentAction\",\"name\":\"Comment\",\"target\":[\"https:\\\/\\\/fjala.info\\\/2009-2015\\\/muri-i-berlinit-nuk-ra-u-rrezue\\\/#respond\"]}]},{\"@type\":\"WebPage\",\"@id\":\"https:\\\/\\\/fjala.info\\\/2009-2015\\\/muri-i-berlinit-nuk-ra-u-rrezue\\\/\",\"url\":\"https:\\\/\\\/fjala.info\\\/2009-2015\\\/muri-i-berlinit-nuk-ra-u-rrezue\\\/\",\"name\":\"Muri i Berlinit nuk ra, u rr\u00ebzue - FjALA e LIR\u00cb - Arkivi\",\"isPartOf\":{\"@id\":\"https:\\\/\\\/fjala.info\\\/2009-2015\\\/#website\"},\"datePublished\":\"2010-11-09T21:18:56+00:00\",\"breadcrumb\":{\"@id\":\"https:\\\/\\\/fjala.info\\\/2009-2015\\\/muri-i-berlinit-nuk-ra-u-rrezue\\\/#breadcrumb\"},\"inLanguage\":\"sq-AL\",\"potentialAction\":[{\"@type\":\"ReadAction\",\"target\":[\"https:\\\/\\\/fjala.info\\\/2009-2015\\\/muri-i-berlinit-nuk-ra-u-rrezue\\\/\"]}]},{\"@type\":\"BreadcrumbList\",\"@id\":\"https:\\\/\\\/fjala.info\\\/2009-2015\\\/muri-i-berlinit-nuk-ra-u-rrezue\\\/#breadcrumb\",\"itemListElement\":[{\"@type\":\"ListItem\",\"position\":1,\"name\":\"Home\",\"item\":\"https:\\\/\\\/fjala.info\\\/2009-2015\\\/\"},{\"@type\":\"ListItem\",\"position\":2,\"name\":\"Muri i Berlinit nuk ra, u rr\u00ebzue\"}]},{\"@type\":\"WebSite\",\"@id\":\"https:\\\/\\\/fjala.info\\\/2009-2015\\\/#website\",\"url\":\"https:\\\/\\\/fjala.info\\\/2009-2015\\\/\",\"name\":\"FjALA e LIR\u00cb - Arkivi\",\"description\":\"Arkivi 2009-2015\",\"publisher\":{\"@id\":\"https:\\\/\\\/fjala.info\\\/2009-2015\\\/#organization\"},\"potentialAction\":[{\"@type\":\"SearchAction\",\"target\":{\"@type\":\"EntryPoint\",\"urlTemplate\":\"https:\\\/\\\/fjala.info\\\/2009-2015\\\/?s={search_term_string}\"},\"query-input\":{\"@type\":\"PropertyValueSpecification\",\"valueRequired\":true,\"valueName\":\"search_term_string\"}}],\"inLanguage\":\"sq-AL\"},{\"@type\":\"Organization\",\"@id\":\"https:\\\/\\\/fjala.info\\\/2009-2015\\\/#organization\",\"name\":\"FjALA e LIR\u00cb - Arkivi\",\"url\":\"https:\\\/\\\/fjala.info\\\/2009-2015\\\/\",\"logo\":{\"@type\":\"ImageObject\",\"inLanguage\":\"sq-AL\",\"@id\":\"https:\\\/\\\/fjala.info\\\/2009-2015\\\/#\\\/schema\\\/logo\\\/image\\\/\",\"url\":\"\",\"contentUrl\":\"\",\"caption\":\"FjALA e LIR\u00cb - Arkivi\"},\"image\":{\"@id\":\"https:\\\/\\\/fjala.info\\\/2009-2015\\\/#\\\/schema\\\/logo\\\/image\\\/\"}},{\"@type\":\"Person\",\"@id\":\"https:\\\/\\\/fjala.info\\\/2009-2015\\\/#\\\/schema\\\/person\\\/3aa1163ef05469c496fc94e77611ada2\",\"name\":\"admin\",\"image\":{\"@type\":\"ImageObject\",\"inLanguage\":\"sq-AL\",\"@id\":\"https:\\\/\\\/fjala.info\\\/2009-2015\\\/wp-content\\\/uploads\\\/2012\\\/02\\\/arben_cokaj-120x150.jpg\",\"url\":\"https:\\\/\\\/fjala.info\\\/2009-2015\\\/wp-content\\\/uploads\\\/2012\\\/02\\\/arben_cokaj-120x150.jpg\",\"contentUrl\":\"https:\\\/\\\/fjala.info\\\/2009-2015\\\/wp-content\\\/uploads\\\/2012\\\/02\\\/arben_cokaj-120x150.jpg\",\"caption\":\"admin\"},\"description\":\"Admin, Fjala e Lir\u00eb\",\"sameAs\":[\"https:\\\/\\\/fjala.info\\\/\"],\"url\":\"https:\\\/\\\/fjala.info\\\/2009-2015\\\/author\\\/admin\\\/\"}]}<\/script>\n<!-- \/ Yoast SEO plugin. -->","yoast_head_json":{"title":"Muri i Berlinit nuk ra, u rr\u00ebzue - FjALA e LIR\u00cb - Arkivi","robots":{"index":"index","follow":"follow","max-snippet":"max-snippet:-1","max-image-preview":"max-image-preview:large","max-video-preview":"max-video-preview:-1"},"canonical":"https:\/\/fjala.info\/2009-2015\/muri-i-berlinit-nuk-ra-u-rrezue\/","og_locale":"sq_AL","og_type":"article","og_title":"Muri i Berlinit nuk ra, u rr\u00ebzue - FjALA e LIR\u00cb - Arkivi","og_description":"Ardian Ndreca, 09.11.2010 Ata q\u00eb e kujtojn\u00eb mbramjen e dat\u00ebs 9 nandor 1989, kur nep\u00ebrmjet televizionit italian ndoq\u00ebm \u00e7astet drithmuese t\u00eb rr\u00ebzimit t\u00eb Murit fam\u00ebkeq t\u00eb Berlinit, si e gjith\u00eb bota, mbajn\u00eb mend ndoshta edhe atmosfer\u00ebn e tendosun q\u00eb nisi me u krijue n\u00eb Shqipnin komuniste, n\u00eb vendin ma t\u00eb \u00e7mendun t\u00eb Lindjes komuniste. Megjithat\u00eb [&hellip;]","og_url":"https:\/\/fjala.info\/2009-2015\/muri-i-berlinit-nuk-ra-u-rrezue\/","og_site_name":"FjALA e LIR\u00cb - Arkivi","article_published_time":"2010-11-09T21:18:56+00:00","author":"admin","twitter_card":"summary_large_image","twitter_misc":{"Written by":"admin","Est. reading time":"4 minutes"},"schema":{"@context":"https:\/\/schema.org","@graph":[{"@type":"Article","@id":"https:\/\/fjala.info\/2009-2015\/muri-i-berlinit-nuk-ra-u-rrezue\/#article","isPartOf":{"@id":"https:\/\/fjala.info\/2009-2015\/muri-i-berlinit-nuk-ra-u-rrezue\/"},"author":{"name":"admin","@id":"https:\/\/fjala.info\/2009-2015\/#\/schema\/person\/3aa1163ef05469c496fc94e77611ada2"},"headline":"Muri i Berlinit nuk ra, u rr\u00ebzue","datePublished":"2010-11-09T21:18:56+00:00","mainEntityOfPage":{"@id":"https:\/\/fjala.info\/2009-2015\/muri-i-berlinit-nuk-ra-u-rrezue\/"},"wordCount":845,"commentCount":0,"publisher":{"@id":"https:\/\/fjala.info\/2009-2015\/#organization"},"articleSection":["Artikuj"],"inLanguage":"sq-AL","potentialAction":[{"@type":"CommentAction","name":"Comment","target":["https:\/\/fjala.info\/2009-2015\/muri-i-berlinit-nuk-ra-u-rrezue\/#respond"]}]},{"@type":"WebPage","@id":"https:\/\/fjala.info\/2009-2015\/muri-i-berlinit-nuk-ra-u-rrezue\/","url":"https:\/\/fjala.info\/2009-2015\/muri-i-berlinit-nuk-ra-u-rrezue\/","name":"Muri i Berlinit nuk ra, u rr\u00ebzue - FjALA e LIR\u00cb - Arkivi","isPartOf":{"@id":"https:\/\/fjala.info\/2009-2015\/#website"},"datePublished":"2010-11-09T21:18:56+00:00","breadcrumb":{"@id":"https:\/\/fjala.info\/2009-2015\/muri-i-berlinit-nuk-ra-u-rrezue\/#breadcrumb"},"inLanguage":"sq-AL","potentialAction":[{"@type":"ReadAction","target":["https:\/\/fjala.info\/2009-2015\/muri-i-berlinit-nuk-ra-u-rrezue\/"]}]},{"@type":"BreadcrumbList","@id":"https:\/\/fjala.info\/2009-2015\/muri-i-berlinit-nuk-ra-u-rrezue\/#breadcrumb","itemListElement":[{"@type":"ListItem","position":1,"name":"Home","item":"https:\/\/fjala.info\/2009-2015\/"},{"@type":"ListItem","position":2,"name":"Muri i Berlinit nuk ra, u rr\u00ebzue"}]},{"@type":"WebSite","@id":"https:\/\/fjala.info\/2009-2015\/#website","url":"https:\/\/fjala.info\/2009-2015\/","name":"FjALA e LIR\u00cb - Arkivi","description":"Arkivi 2009-2015","publisher":{"@id":"https:\/\/fjala.info\/2009-2015\/#organization"},"potentialAction":[{"@type":"SearchAction","target":{"@type":"EntryPoint","urlTemplate":"https:\/\/fjala.info\/2009-2015\/?s={search_term_string}"},"query-input":{"@type":"PropertyValueSpecification","valueRequired":true,"valueName":"search_term_string"}}],"inLanguage":"sq-AL"},{"@type":"Organization","@id":"https:\/\/fjala.info\/2009-2015\/#organization","name":"FjALA e LIR\u00cb - Arkivi","url":"https:\/\/fjala.info\/2009-2015\/","logo":{"@type":"ImageObject","inLanguage":"sq-AL","@id":"https:\/\/fjala.info\/2009-2015\/#\/schema\/logo\/image\/","url":"","contentUrl":"","caption":"FjALA e LIR\u00cb - Arkivi"},"image":{"@id":"https:\/\/fjala.info\/2009-2015\/#\/schema\/logo\/image\/"}},{"@type":"Person","@id":"https:\/\/fjala.info\/2009-2015\/#\/schema\/person\/3aa1163ef05469c496fc94e77611ada2","name":"admin","image":{"@type":"ImageObject","inLanguage":"sq-AL","@id":"https:\/\/fjala.info\/2009-2015\/wp-content\/uploads\/2012\/02\/arben_cokaj-120x150.jpg","url":"https:\/\/fjala.info\/2009-2015\/wp-content\/uploads\/2012\/02\/arben_cokaj-120x150.jpg","contentUrl":"https:\/\/fjala.info\/2009-2015\/wp-content\/uploads\/2012\/02\/arben_cokaj-120x150.jpg","caption":"admin"},"description":"Admin, Fjala e Lir\u00eb","sameAs":["https:\/\/fjala.info\/"],"url":"https:\/\/fjala.info\/2009-2015\/author\/admin\/"}]}},"_links":{"self":[{"href":"https:\/\/fjala.info\/2009-2015\/wp-json\/wp\/v2\/posts\/4677","targetHints":{"allow":["GET"]}}],"collection":[{"href":"https:\/\/fjala.info\/2009-2015\/wp-json\/wp\/v2\/posts"}],"about":[{"href":"https:\/\/fjala.info\/2009-2015\/wp-json\/wp\/v2\/types\/post"}],"author":[{"embeddable":true,"href":"https:\/\/fjala.info\/2009-2015\/wp-json\/wp\/v2\/users\/1"}],"replies":[{"embeddable":true,"href":"https:\/\/fjala.info\/2009-2015\/wp-json\/wp\/v2\/comments?post=4677"}],"version-history":[{"count":0,"href":"https:\/\/fjala.info\/2009-2015\/wp-json\/wp\/v2\/posts\/4677\/revisions"}],"wp:attachment":[{"href":"https:\/\/fjala.info\/2009-2015\/wp-json\/wp\/v2\/media?parent=4677"}],"wp:term":[{"taxonomy":"category","embeddable":true,"href":"https:\/\/fjala.info\/2009-2015\/wp-json\/wp\/v2\/categories?post=4677"},{"taxonomy":"post_tag","embeddable":true,"href":"https:\/\/fjala.info\/2009-2015\/wp-json\/wp\/v2\/tags?post=4677"}],"curies":[{"name":"wp","href":"https:\/\/api.w.org\/{rel}","templated":true}]}}