{"id":4674,"date":"2012-08-26T09:17:07","date_gmt":"2012-08-26T08:17:07","guid":{"rendered":"http:\/\/www.fjala.info\/?p=4674"},"modified":"2012-08-26T09:17:07","modified_gmt":"2012-08-26T08:17:07","slug":"kush-ka-frike-nga-libri-ne-e-book","status":"publish","type":"post","link":"https:\/\/fjala.info\/2009-2015\/kush-ka-frike-nga-libri-ne-e-book\/","title":{"rendered":"Kush ka frik\u00eb nga libri n\u00eb e-book?"},"content":{"rendered":"<p><img decoding=\"async\" class=\"alignright size-thumbnail wp-image-7236\" title=\"Arjan Th. Kall\u00e7o\" src=\"http:\/\/www.fjala.info\/2012\/arjan_kallco.jpg\" alt=\"\" width=\"150\" \/> P\u00ebrgatiti <strong>Arjan Th. Kall\u00e7o<\/strong><\/p>\n<p>Revista franceze &#8220;Le d\u00e9bat&#8221; i dedikon nj\u00eb mum\u00ebr t\u00eb ve\u00e7ant\u00eb t\u00eb ardhmes s\u00eb editoris\u00eb. Receta p\u00ebr bashk\u00ebjetes\u00ebn midis librit n\u00eb let\u00ebr dhe n\u00eb ekran.<\/p>\n<p>Bota e librit ka marr\u00eb goditjen shok t\u00eb teknologjis\u00eb. Ky \u00ebsht\u00eb konstatimi alarmant q\u00eb num\u00ebri tep\u00ebr interesant monografik i revist\u00ebs franceze ia dedikoi trokitjes s\u00eb ebook-ut dhe pasojave n\u00eb bot\u00ebn e librit. N\u00eb saj\u00eb t\u00eb kontributeve t\u00eb rreth 20 autor\u00ebve revista heton n\u00eb gjer\u00ebsi procesin e \u00e7materializimit q\u00eb e transformon statutin e librit nga nj\u00eb send drejt prirjes s\u00eb shnd\u00ebrrimit n\u00eb sh\u00ebrbim.<\/p>\n<p>Nj\u00eb situat\u00eb e till\u00eb ndikon n\u00eb rolin dhe t\u00eb drejtat e autorit, por priret edhe ta transformoj\u00eb, pak a shum\u00eb rr\u00ebnj\u00ebsisht pozicionin e editor\u00ebve, librashit\u00ebsve, bibliotekar\u00ebve dhe t\u00eb t\u00eb gjith\u00eb mediator\u00ebve q\u00eb garantojn\u00eb ngjizjen, botimin dhe p\u00ebrhapjen e librit. Kalimi nga letra tek ekrani i modifikon pashmangshm\u00ebrisht m\u00ebnyrat dhe kushtet e leximit. Shkrimet e propozuara n\u00eb faqet e revist\u00ebs synojn\u00eb t\u2019i analizojn\u00eb n\u00eb m\u00ebnyr\u00eb kritike premtimet dhe k\u00ebrc\u00ebnimet e transformimit, duke treguar disa rrug\u00eb q\u00eb t\u00eb shmanget nj\u00eb evolucion i konsideruar nj\u00eb mund\u00ebsi, me q\u00ebllim q\u00eb t\u00eb mos shnd\u00ebrrohet n\u00eb nj\u00eb katastrof\u00eb p\u00ebr shum\u00eb botues dhe librashit\u00ebs. P\u00ebr revist\u00ebn t\u00eb dyja versionet e librit duhet t\u00eb bashk\u00ebekzistojn\u00eb.<\/p>\n<p><strong>Antoine Gallimard, botues<\/strong><br \/>\nP\u00ebrball\u00eb revolucionit t\u00eb librit dixhital, editori m\u00eb i famsh\u00ebm francez \u00ebsht\u00eb i bindur se vet\u00eb botuesi duhet t\u00eb ruaj\u00eb nj\u00eb rol qendror n\u00eb treg. Rregullimi i tij i nevojsh\u00ebm do t\u00eb jet\u00eb garanci e konkurrenc\u00ebs s\u00eb v\u00ebrtet\u00eb. Tregu i librit p\u00ebrjeton nj\u00eb evolucion shqet\u00ebsues t\u00eb karakterizuar nga demonizimi i veprave dhe nga nj\u00eb prani e vog\u00ebl e tyre n\u00eb pikat e shitjes. Ky \u00ebsht\u00eb pozicioni i dob\u00ebsis\u00eb s\u00eb librashit\u00ebsve q\u00eb duhen ndihmuar, sepse po t\u00eb mbyllen, nuk do t\u00eb kemi m\u00eb shitje t\u00eb veprave. P\u00ebrball\u00eb agresivitetit tregtar t\u00eb Amazon-it dhe Apple-it, botuesi duhet t\u00eb ruaj\u00eb kontrollin e \u00e7mimeve t\u00eb ebook-ut, sepse oferta dixhitale \u00ebsht\u00eb p\u00ebrgjigjia m\u00eb e mir\u00eb ndaj sfid\u00ebs s\u00eb hapur prej teknologjive t\u00eb reja.<\/p>\n<p><strong>Antoine Compagnon, historian i let\u00ebrsis\u00eb<\/strong><br \/>\nAi konfirmon se universi dizhital po fiton \u00e7do dit\u00eb hap\u00ebsira t\u00eb reja n\u00eb lexime, duke u lejuar studiuesve t\u00eb punojn\u00eb n\u00eb nj\u00eb korpus tekstesh m\u00eb t\u00eb gjer\u00eb, n\u00eb brend\u00ebsi t\u00eb s\u00eb cilit, figurojn\u00eb vepra t\u00eb pagjetshme. Libri elektronik i jep jet\u00eb librave t\u00eb rrall\u00eb dhe q\u00eb nuk gjenden n\u00eb katalog. Leximi n\u00eb nj\u00eb ekran t\u00eb lidhur me rrjetin, po e transformon rr\u00ebnj\u00ebshisht m\u00ebnyr\u00ebn e p\u00ebrfitimit t\u00eb tekstit, duke favorizuar nj\u00eb lexim endacak dhe fragmentar, prandaj lind pyetja, n\u00ebse brezat e rinj do t\u00eb din\u00eb t\u00eb lexojn\u00eb n\u00eb m\u00ebnyr\u00eb intensive me periudha t\u00eb gjata dhe pa lundruar n\u00eb rrjet. Nj\u00eb vep\u00ebr si N\u00eb k\u00ebrkim t\u00eb koh\u00ebs s\u00eb humbur, k\u00ebrkon nj\u00eb lexim intensiv, t\u00eb duruesh\u00ebm dhe t\u00eb p\u00ebrq\u00ebndruar, m\u00ebnyra q\u00eb nuk p\u00ebrputhen shum\u00eb me universin dixhital. Suksesi i ebook-ut \u00ebsht\u00eb kaq i shpejt\u00eb, sa rrezikon ta riv\u00ebr\u00eb n\u00eb diskutim vet\u00eb iden\u00eb e tekstit linear, aq sa n\u00eb t\u00eb ardhmen do t\u00eb detyrohemi t\u2019i riformatojm\u00eb librat e s\u00eb shkuar\u00ebs, q\u00eb brezat e rinj t\u00eb vazhdojn\u00eb t\u2019i lexojn\u00eb. Nga kjo an\u00eb leximi elektronik duket se sh\u00ebnon nj\u00eb kthim n\u00eb leximin paramodern, t\u00eb praktikuar nga Gutembregu.<\/p>\n<p><strong>Fran\u00e7oise Benhamou, ekonomiste kulture<\/strong><br \/>\nP\u00ebr studiuesen franceze, hyrja e ebook-ut shihet n\u00eb nj\u00eb evolucion t\u00eb gjer\u00eb q\u00eb lidh nj\u00eb revolucion industrial dhe at\u00eb njoh\u00ebs. Procesi i \u00e7materializimit t\u00eb librit do t\u00eb lejoj\u00eb t\u00eb pak\u00ebsohen kostot e botimit, transportit dhe magazinimit, edhe pse p\u00ebr botuesit do t\u00eb sjell\u00eb humbje t\u00eb konsiderueshme. Meq\u00eb transformimet teknologjike k\u00ebrkojn\u00eb investime t\u00eb r\u00ebnd\u00ebsishme, ka mund\u00ebsi q\u00eb t\u00eb ket\u00eb nj\u00eb l\u00ebvizje t\u00eb dyfisht\u00eb p\u00ebrq\u00ebndrimi dhe polarizimi mes botuesve. N\u00eb saj\u00eb t\u00eb universit dixhital, oferta b\u00ebhet e pafund, mungesa zhvendoset. P\u00ebr pasoj\u00eb q\u00eb t\u00eb kap\u00ebsh v\u00ebmendjen e lexuesit, q\u00eb \u00ebsht\u00eb nomad dhe rr\u00ebshqet nga nj\u00eb p\u00ebrmbajtje tek tjetra, nevojiten mjete t\u00eb reja t\u00eb p\u00ebrhapjes dhe normave. Natyrisht do t\u00eb jen\u00eb t\u00eb nevojshme praktika t\u00eb reja tregtare, duke e prishur parimin dominues q\u00eb e lidh librin me \u00e7mimin, n\u00eb t\u00eb mir\u00eb t\u00eb abonimeve, leximeve n\u00eb streaming dhe \u00e7mimeve t\u00eb ndryshme n\u00eb koh\u00eb. Sipas autorit ebook-u ka kuptim, n\u00ebse ndahet me modelin ekonomik t\u00eb librit n\u00eb let\u00ebr.<\/p>\n<p><strong>Pierre Assouline, kritik dhe shkrimtar<\/strong><br \/>\nLibri elektronik k\u00ebrkon nj\u00eb ndryshim t\u00eb paradigm\u00ebs q\u00eb rivendos n\u00eb diskutim nj\u00eb trash\u00ebgimi shekullore, prandaj nevojitet t\u00eb m\u00ebsojm\u00eb ta ndajm\u00eb librin nga teksti q\u00eb p\u00ebrmban organet e l\u00ebkur\u00ebs. Kjo do t\u00eb lejoj\u00eb ta shohim ebook-un n\u00eb m\u00ebnyr\u00eb t\u00eb re, duke u bindur se suporti i ri nuk do ta vras\u00eb as mesazhin, as leximin, por do t\u00eb zgjidh\u00eb dy probleme t\u00eb lexuesit bashk\u00ebkohor, pengesat dhe nomadizmin. Dit\u00ebn kur ebook-u do t\u00eb \u00e7lirohet nga libri let\u00ebr, duke hequr dor\u00eb nga imitimi, fluksi do t\u00eb b\u00ebhet e ardhmja e librit. Nga nj\u00ebra an\u00eb leximi n\u00eb ekran turbullon memorien hap\u00ebsinore, duke mos lejuar t\u00eb kujtojm\u00eb pozicionin e sakt\u00eb t\u00eb nj\u00eb fjale apo nj\u00eb fraze, nga ana tjet\u00ebr n\u00ebnvizon se midis librit n\u00eb let\u00ebr, q\u00eb \u00ebsht\u00eb b\u00ebr\u00eb nj\u00eb luks, dhe ebook-ut, viktima e paralajm\u00ebruar e librit elektronik do t\u00eb jet\u00eb ai i formatit xhep. Pyetja e v\u00ebrtet\u00eb q\u00eb duhet t\u00eb b\u00ebjm\u00eb \u00ebsht\u00eb ajo q\u00eb lidhet me t\u00eb ardhmen e librit dhe q\u00eb lidhet me fatin e lexuesit n\u00eb nj\u00eb univers pa territore t\u00eb p\u00ebrcaktuara.<\/p>\n","protected":false},"excerpt":{"rendered":"<p>P\u00ebrgatiti Arjan Th. Kall\u00e7o Revista franceze &#8220;Le d\u00e9bat&#8221; i dedikon nj\u00eb mum\u00ebr t\u00eb ve\u00e7ant\u00eb t\u00eb ardhmes s\u00eb editoris\u00eb. Receta p\u00ebr bashk\u00ebjetes\u00ebn midis librit n\u00eb let\u00ebr dhe n\u00eb ekran. Bota e librit ka marr\u00eb goditjen shok t\u00eb teknologjis\u00eb. Ky \u00ebsht\u00eb konstatimi alarmant q\u00eb num\u00ebri tep\u00ebr interesant monografik i revist\u00ebs franceze ia dedikoi trokitjes s\u00eb ebook-ut dhe [&hellip;]<\/p>\n","protected":false},"author":1,"featured_media":0,"comment_status":"open","ping_status":"closed","sticky":false,"template":"","format":"standard","meta":{"footnotes":""},"categories":[2],"tags":[],"class_list":{"0":"post-4674","1":"post","2":"type-post","3":"status-publish","4":"format-standard","6":"category-artikuj"},"yoast_head":"<!-- This site is optimized with the Yoast SEO plugin v27.4 - https:\/\/yoast.com\/product\/yoast-seo-wordpress\/ -->\n<title>Kush ka frik\u00eb nga libri n\u00eb e-book? - FjALA e LIR\u00cb - Arkivi<\/title>\n<meta name=\"robots\" content=\"index, follow, max-snippet:-1, max-image-preview:large, max-video-preview:-1\" \/>\n<link rel=\"canonical\" href=\"https:\/\/fjala.info\/2009-2015\/kush-ka-frike-nga-libri-ne-e-book\/\" \/>\n<meta property=\"og:locale\" content=\"sq_AL\" \/>\n<meta property=\"og:type\" content=\"article\" \/>\n<meta property=\"og:title\" content=\"Kush ka frik\u00eb nga libri n\u00eb e-book? - FjALA e LIR\u00cb - Arkivi\" \/>\n<meta property=\"og:description\" content=\"P\u00ebrgatiti Arjan Th. Kall\u00e7o Revista franceze &#8220;Le d\u00e9bat&#8221; i dedikon nj\u00eb mum\u00ebr t\u00eb ve\u00e7ant\u00eb t\u00eb ardhmes s\u00eb editoris\u00eb. Receta p\u00ebr bashk\u00ebjetes\u00ebn midis librit n\u00eb let\u00ebr dhe n\u00eb ekran. Bota e librit ka marr\u00eb goditjen shok t\u00eb teknologjis\u00eb. Ky \u00ebsht\u00eb konstatimi alarmant q\u00eb num\u00ebri tep\u00ebr interesant monografik i revist\u00ebs franceze ia dedikoi trokitjes s\u00eb ebook-ut dhe [&hellip;]\" \/>\n<meta property=\"og:url\" content=\"https:\/\/fjala.info\/2009-2015\/kush-ka-frike-nga-libri-ne-e-book\/\" \/>\n<meta property=\"og:site_name\" content=\"FjALA e LIR\u00cb - Arkivi\" \/>\n<meta property=\"article:published_time\" content=\"2012-08-26T08:17:07+00:00\" \/>\n<meta property=\"og:image\" content=\"http:\/\/www.fjala.info\/2012\/arjan_kallco.jpg\" \/>\n<meta name=\"author\" content=\"admin\" \/>\n<meta name=\"twitter:card\" content=\"summary_large_image\" \/>\n<meta name=\"twitter:label1\" content=\"Written by\" \/>\n\t<meta name=\"twitter:data1\" content=\"admin\" \/>\n\t<meta name=\"twitter:label2\" content=\"Est. reading time\" \/>\n\t<meta name=\"twitter:data2\" content=\"5 minutes\" \/>\n<script type=\"application\/ld+json\" class=\"yoast-schema-graph\">{\"@context\":\"https:\\\/\\\/schema.org\",\"@graph\":[{\"@type\":\"Article\",\"@id\":\"https:\\\/\\\/fjala.info\\\/2009-2015\\\/kush-ka-frike-nga-libri-ne-e-book\\\/#article\",\"isPartOf\":{\"@id\":\"https:\\\/\\\/fjala.info\\\/2009-2015\\\/kush-ka-frike-nga-libri-ne-e-book\\\/\"},\"author\":{\"name\":\"admin\",\"@id\":\"https:\\\/\\\/fjala.info\\\/2009-2015\\\/#\\\/schema\\\/person\\\/3aa1163ef05469c496fc94e77611ada2\"},\"headline\":\"Kush ka frik\u00eb nga libri n\u00eb e-book?\",\"datePublished\":\"2012-08-26T08:17:07+00:00\",\"mainEntityOfPage\":{\"@id\":\"https:\\\/\\\/fjala.info\\\/2009-2015\\\/kush-ka-frike-nga-libri-ne-e-book\\\/\"},\"wordCount\":959,\"commentCount\":0,\"publisher\":{\"@id\":\"https:\\\/\\\/fjala.info\\\/2009-2015\\\/#organization\"},\"image\":{\"@id\":\"https:\\\/\\\/fjala.info\\\/2009-2015\\\/kush-ka-frike-nga-libri-ne-e-book\\\/#primaryimage\"},\"thumbnailUrl\":\"http:\\\/\\\/www.fjala.info\\\/2012\\\/arjan_kallco.jpg\",\"articleSection\":[\"Artikuj\"],\"inLanguage\":\"sq-AL\",\"potentialAction\":[{\"@type\":\"CommentAction\",\"name\":\"Comment\",\"target\":[\"https:\\\/\\\/fjala.info\\\/2009-2015\\\/kush-ka-frike-nga-libri-ne-e-book\\\/#respond\"]}]},{\"@type\":\"WebPage\",\"@id\":\"https:\\\/\\\/fjala.info\\\/2009-2015\\\/kush-ka-frike-nga-libri-ne-e-book\\\/\",\"url\":\"https:\\\/\\\/fjala.info\\\/2009-2015\\\/kush-ka-frike-nga-libri-ne-e-book\\\/\",\"name\":\"Kush ka frik\u00eb nga libri n\u00eb e-book? - FjALA e LIR\u00cb - Arkivi\",\"isPartOf\":{\"@id\":\"https:\\\/\\\/fjala.info\\\/2009-2015\\\/#website\"},\"primaryImageOfPage\":{\"@id\":\"https:\\\/\\\/fjala.info\\\/2009-2015\\\/kush-ka-frike-nga-libri-ne-e-book\\\/#primaryimage\"},\"image\":{\"@id\":\"https:\\\/\\\/fjala.info\\\/2009-2015\\\/kush-ka-frike-nga-libri-ne-e-book\\\/#primaryimage\"},\"thumbnailUrl\":\"http:\\\/\\\/www.fjala.info\\\/2012\\\/arjan_kallco.jpg\",\"datePublished\":\"2012-08-26T08:17:07+00:00\",\"breadcrumb\":{\"@id\":\"https:\\\/\\\/fjala.info\\\/2009-2015\\\/kush-ka-frike-nga-libri-ne-e-book\\\/#breadcrumb\"},\"inLanguage\":\"sq-AL\",\"potentialAction\":[{\"@type\":\"ReadAction\",\"target\":[\"https:\\\/\\\/fjala.info\\\/2009-2015\\\/kush-ka-frike-nga-libri-ne-e-book\\\/\"]}]},{\"@type\":\"ImageObject\",\"inLanguage\":\"sq-AL\",\"@id\":\"https:\\\/\\\/fjala.info\\\/2009-2015\\\/kush-ka-frike-nga-libri-ne-e-book\\\/#primaryimage\",\"url\":\"http:\\\/\\\/www.fjala.info\\\/2012\\\/arjan_kallco.jpg\",\"contentUrl\":\"http:\\\/\\\/www.fjala.info\\\/2012\\\/arjan_kallco.jpg\"},{\"@type\":\"BreadcrumbList\",\"@id\":\"https:\\\/\\\/fjala.info\\\/2009-2015\\\/kush-ka-frike-nga-libri-ne-e-book\\\/#breadcrumb\",\"itemListElement\":[{\"@type\":\"ListItem\",\"position\":1,\"name\":\"Home\",\"item\":\"https:\\\/\\\/fjala.info\\\/2009-2015\\\/\"},{\"@type\":\"ListItem\",\"position\":2,\"name\":\"Kush ka frik\u00eb nga libri n\u00eb e-book?\"}]},{\"@type\":\"WebSite\",\"@id\":\"https:\\\/\\\/fjala.info\\\/2009-2015\\\/#website\",\"url\":\"https:\\\/\\\/fjala.info\\\/2009-2015\\\/\",\"name\":\"FjALA e LIR\u00cb - Arkivi\",\"description\":\"Arkivi 2009-2015\",\"publisher\":{\"@id\":\"https:\\\/\\\/fjala.info\\\/2009-2015\\\/#organization\"},\"potentialAction\":[{\"@type\":\"SearchAction\",\"target\":{\"@type\":\"EntryPoint\",\"urlTemplate\":\"https:\\\/\\\/fjala.info\\\/2009-2015\\\/?s={search_term_string}\"},\"query-input\":{\"@type\":\"PropertyValueSpecification\",\"valueRequired\":true,\"valueName\":\"search_term_string\"}}],\"inLanguage\":\"sq-AL\"},{\"@type\":\"Organization\",\"@id\":\"https:\\\/\\\/fjala.info\\\/2009-2015\\\/#organization\",\"name\":\"FjALA e LIR\u00cb - Arkivi\",\"url\":\"https:\\\/\\\/fjala.info\\\/2009-2015\\\/\",\"logo\":{\"@type\":\"ImageObject\",\"inLanguage\":\"sq-AL\",\"@id\":\"https:\\\/\\\/fjala.info\\\/2009-2015\\\/#\\\/schema\\\/logo\\\/image\\\/\",\"url\":\"\",\"contentUrl\":\"\",\"caption\":\"FjALA e LIR\u00cb - Arkivi\"},\"image\":{\"@id\":\"https:\\\/\\\/fjala.info\\\/2009-2015\\\/#\\\/schema\\\/logo\\\/image\\\/\"}},{\"@type\":\"Person\",\"@id\":\"https:\\\/\\\/fjala.info\\\/2009-2015\\\/#\\\/schema\\\/person\\\/3aa1163ef05469c496fc94e77611ada2\",\"name\":\"admin\",\"image\":{\"@type\":\"ImageObject\",\"inLanguage\":\"sq-AL\",\"@id\":\"https:\\\/\\\/fjala.info\\\/2009-2015\\\/wp-content\\\/uploads\\\/2012\\\/02\\\/arben_cokaj-120x150.jpg\",\"url\":\"https:\\\/\\\/fjala.info\\\/2009-2015\\\/wp-content\\\/uploads\\\/2012\\\/02\\\/arben_cokaj-120x150.jpg\",\"contentUrl\":\"https:\\\/\\\/fjala.info\\\/2009-2015\\\/wp-content\\\/uploads\\\/2012\\\/02\\\/arben_cokaj-120x150.jpg\",\"caption\":\"admin\"},\"description\":\"Admin, Fjala e Lir\u00eb\",\"sameAs\":[\"https:\\\/\\\/fjala.info\\\/\"],\"url\":\"https:\\\/\\\/fjala.info\\\/2009-2015\\\/author\\\/admin\\\/\"}]}<\/script>\n<!-- \/ Yoast SEO plugin. -->","yoast_head_json":{"title":"Kush ka frik\u00eb nga libri n\u00eb e-book? - FjALA e LIR\u00cb - Arkivi","robots":{"index":"index","follow":"follow","max-snippet":"max-snippet:-1","max-image-preview":"max-image-preview:large","max-video-preview":"max-video-preview:-1"},"canonical":"https:\/\/fjala.info\/2009-2015\/kush-ka-frike-nga-libri-ne-e-book\/","og_locale":"sq_AL","og_type":"article","og_title":"Kush ka frik\u00eb nga libri n\u00eb e-book? - FjALA e LIR\u00cb - Arkivi","og_description":"P\u00ebrgatiti Arjan Th. Kall\u00e7o Revista franceze &#8220;Le d\u00e9bat&#8221; i dedikon nj\u00eb mum\u00ebr t\u00eb ve\u00e7ant\u00eb t\u00eb ardhmes s\u00eb editoris\u00eb. Receta p\u00ebr bashk\u00ebjetes\u00ebn midis librit n\u00eb let\u00ebr dhe n\u00eb ekran. Bota e librit ka marr\u00eb goditjen shok t\u00eb teknologjis\u00eb. Ky \u00ebsht\u00eb konstatimi alarmant q\u00eb num\u00ebri tep\u00ebr interesant monografik i revist\u00ebs franceze ia dedikoi trokitjes s\u00eb ebook-ut dhe [&hellip;]","og_url":"https:\/\/fjala.info\/2009-2015\/kush-ka-frike-nga-libri-ne-e-book\/","og_site_name":"FjALA e LIR\u00cb - Arkivi","article_published_time":"2012-08-26T08:17:07+00:00","og_image":[{"url":"http:\/\/www.fjala.info\/2012\/arjan_kallco.jpg","type":"","width":"","height":""}],"author":"admin","twitter_card":"summary_large_image","twitter_misc":{"Written by":"admin","Est. reading time":"5 minutes"},"schema":{"@context":"https:\/\/schema.org","@graph":[{"@type":"Article","@id":"https:\/\/fjala.info\/2009-2015\/kush-ka-frike-nga-libri-ne-e-book\/#article","isPartOf":{"@id":"https:\/\/fjala.info\/2009-2015\/kush-ka-frike-nga-libri-ne-e-book\/"},"author":{"name":"admin","@id":"https:\/\/fjala.info\/2009-2015\/#\/schema\/person\/3aa1163ef05469c496fc94e77611ada2"},"headline":"Kush ka frik\u00eb nga libri n\u00eb e-book?","datePublished":"2012-08-26T08:17:07+00:00","mainEntityOfPage":{"@id":"https:\/\/fjala.info\/2009-2015\/kush-ka-frike-nga-libri-ne-e-book\/"},"wordCount":959,"commentCount":0,"publisher":{"@id":"https:\/\/fjala.info\/2009-2015\/#organization"},"image":{"@id":"https:\/\/fjala.info\/2009-2015\/kush-ka-frike-nga-libri-ne-e-book\/#primaryimage"},"thumbnailUrl":"http:\/\/www.fjala.info\/2012\/arjan_kallco.jpg","articleSection":["Artikuj"],"inLanguage":"sq-AL","potentialAction":[{"@type":"CommentAction","name":"Comment","target":["https:\/\/fjala.info\/2009-2015\/kush-ka-frike-nga-libri-ne-e-book\/#respond"]}]},{"@type":"WebPage","@id":"https:\/\/fjala.info\/2009-2015\/kush-ka-frike-nga-libri-ne-e-book\/","url":"https:\/\/fjala.info\/2009-2015\/kush-ka-frike-nga-libri-ne-e-book\/","name":"Kush ka frik\u00eb nga libri n\u00eb e-book? - FjALA e LIR\u00cb - Arkivi","isPartOf":{"@id":"https:\/\/fjala.info\/2009-2015\/#website"},"primaryImageOfPage":{"@id":"https:\/\/fjala.info\/2009-2015\/kush-ka-frike-nga-libri-ne-e-book\/#primaryimage"},"image":{"@id":"https:\/\/fjala.info\/2009-2015\/kush-ka-frike-nga-libri-ne-e-book\/#primaryimage"},"thumbnailUrl":"http:\/\/www.fjala.info\/2012\/arjan_kallco.jpg","datePublished":"2012-08-26T08:17:07+00:00","breadcrumb":{"@id":"https:\/\/fjala.info\/2009-2015\/kush-ka-frike-nga-libri-ne-e-book\/#breadcrumb"},"inLanguage":"sq-AL","potentialAction":[{"@type":"ReadAction","target":["https:\/\/fjala.info\/2009-2015\/kush-ka-frike-nga-libri-ne-e-book\/"]}]},{"@type":"ImageObject","inLanguage":"sq-AL","@id":"https:\/\/fjala.info\/2009-2015\/kush-ka-frike-nga-libri-ne-e-book\/#primaryimage","url":"http:\/\/www.fjala.info\/2012\/arjan_kallco.jpg","contentUrl":"http:\/\/www.fjala.info\/2012\/arjan_kallco.jpg"},{"@type":"BreadcrumbList","@id":"https:\/\/fjala.info\/2009-2015\/kush-ka-frike-nga-libri-ne-e-book\/#breadcrumb","itemListElement":[{"@type":"ListItem","position":1,"name":"Home","item":"https:\/\/fjala.info\/2009-2015\/"},{"@type":"ListItem","position":2,"name":"Kush ka frik\u00eb nga libri n\u00eb e-book?"}]},{"@type":"WebSite","@id":"https:\/\/fjala.info\/2009-2015\/#website","url":"https:\/\/fjala.info\/2009-2015\/","name":"FjALA e LIR\u00cb - Arkivi","description":"Arkivi 2009-2015","publisher":{"@id":"https:\/\/fjala.info\/2009-2015\/#organization"},"potentialAction":[{"@type":"SearchAction","target":{"@type":"EntryPoint","urlTemplate":"https:\/\/fjala.info\/2009-2015\/?s={search_term_string}"},"query-input":{"@type":"PropertyValueSpecification","valueRequired":true,"valueName":"search_term_string"}}],"inLanguage":"sq-AL"},{"@type":"Organization","@id":"https:\/\/fjala.info\/2009-2015\/#organization","name":"FjALA e LIR\u00cb - Arkivi","url":"https:\/\/fjala.info\/2009-2015\/","logo":{"@type":"ImageObject","inLanguage":"sq-AL","@id":"https:\/\/fjala.info\/2009-2015\/#\/schema\/logo\/image\/","url":"","contentUrl":"","caption":"FjALA e LIR\u00cb - Arkivi"},"image":{"@id":"https:\/\/fjala.info\/2009-2015\/#\/schema\/logo\/image\/"}},{"@type":"Person","@id":"https:\/\/fjala.info\/2009-2015\/#\/schema\/person\/3aa1163ef05469c496fc94e77611ada2","name":"admin","image":{"@type":"ImageObject","inLanguage":"sq-AL","@id":"https:\/\/fjala.info\/2009-2015\/wp-content\/uploads\/2012\/02\/arben_cokaj-120x150.jpg","url":"https:\/\/fjala.info\/2009-2015\/wp-content\/uploads\/2012\/02\/arben_cokaj-120x150.jpg","contentUrl":"https:\/\/fjala.info\/2009-2015\/wp-content\/uploads\/2012\/02\/arben_cokaj-120x150.jpg","caption":"admin"},"description":"Admin, Fjala e Lir\u00eb","sameAs":["https:\/\/fjala.info\/"],"url":"https:\/\/fjala.info\/2009-2015\/author\/admin\/"}]}},"_links":{"self":[{"href":"https:\/\/fjala.info\/2009-2015\/wp-json\/wp\/v2\/posts\/4674","targetHints":{"allow":["GET"]}}],"collection":[{"href":"https:\/\/fjala.info\/2009-2015\/wp-json\/wp\/v2\/posts"}],"about":[{"href":"https:\/\/fjala.info\/2009-2015\/wp-json\/wp\/v2\/types\/post"}],"author":[{"embeddable":true,"href":"https:\/\/fjala.info\/2009-2015\/wp-json\/wp\/v2\/users\/1"}],"replies":[{"embeddable":true,"href":"https:\/\/fjala.info\/2009-2015\/wp-json\/wp\/v2\/comments?post=4674"}],"version-history":[{"count":0,"href":"https:\/\/fjala.info\/2009-2015\/wp-json\/wp\/v2\/posts\/4674\/revisions"}],"wp:attachment":[{"href":"https:\/\/fjala.info\/2009-2015\/wp-json\/wp\/v2\/media?parent=4674"}],"wp:term":[{"taxonomy":"category","embeddable":true,"href":"https:\/\/fjala.info\/2009-2015\/wp-json\/wp\/v2\/categories?post=4674"},{"taxonomy":"post_tag","embeddable":true,"href":"https:\/\/fjala.info\/2009-2015\/wp-json\/wp\/v2\/tags?post=4674"}],"curies":[{"name":"wp","href":"https:\/\/api.w.org\/{rel}","templated":true}]}}