{"id":4673,"date":"2010-11-09T22:10:36","date_gmt":"2010-11-09T21:10:36","guid":{"rendered":"http:\/\/fjala.shkoder.net\/?p=4673"},"modified":"2010-11-09T22:10:36","modified_gmt":"2010-11-09T21:10:36","slug":"ikni-2","status":"publish","type":"post","link":"https:\/\/fjala.info\/2009-2015\/ikni-2\/","title":{"rendered":"IKNI"},"content":{"rendered":"<p><strong>Artan Lame<\/strong>, <em>09.11.2010<\/em><\/p>\n<p><em>SHQIPNI TAVOLINASH<\/em><br \/>\nKa tri dit\u00eb q\u00eb s\u00ebrish Tirana \u00ebsht\u00eb mbuluar me \u00e7ar\u00e7af\u00eb blu. K\u00ebsaj radhe \u00e7ar\u00e7af\u00ebt nuk flasin p\u00ebr 100-vjetorin e N\u00ebn\u00eb Terez\u00ebs n\u00ebn kujdesin e Kryeministrit, as p\u00ebr hyrjen n\u00eb NATO t\u00eb nj\u00eb vendi pa ushtri, as p\u00ebr \u201cKoha p\u00ebr ndryshim\u201d q\u00eb e thot\u00eb nj\u00eb njeri q\u00eb ka 20 vjet q\u00eb nuk ndryshon, e as p\u00ebr ndonj\u00eb koncert politiko-artistik t\u00eb \u00c7iljet\u00ebs.<\/p>\n<p>K\u00ebsaj radhe \u00e7ar\u00e7af\u00ebt blu rrekin t\u00eb na tregojn\u00eb se duke filluar q\u00eb dje, Vjena na qenka nj\u00eb or\u00eb e gjysm\u00eb larg, Zyrihu 2 or\u00eb larg, Parisi 2 or\u00eb, e k\u00ebshtu me radh\u00eb gjith\u00eb kryeqytetet e tjera t\u00eb Europ\u00ebs. Si t\u00eb mos mjaftonte kjo, vijoi edhe nj\u00eb ofert\u00eb e Ministris\u00eb s\u00eb Brendshme, e cila premtonte q\u00eb p\u00ebr nj\u00eb pages\u00eb ekstra t\u00eb ta jap\u00eb pasaport\u00ebn brenda dy dit\u00ebsh. Ofert\u00eb e turpshme kjo, q\u00eb m\u00eb ngjet me ato ofertat e supermarkatave t\u00eb llojit: \u201cpaghi due prendi tre\u201d.<\/p>\n<p>Kjo e jona \u00ebsht\u00eb qeveria e par\u00eb n\u00eb bot\u00eb q\u00eb u tregon shtetasve t\u00eb vet ikjen si rrug\u00ebzgjidhje t\u00eb halleve t\u00eb tyre. \u00cbsht\u00eb e para midis qeverive, por me th\u00ebn\u00eb t\u00eb drejt\u00ebn shqiptar\u00ebt nuk \u00ebsht\u00eb e para her\u00eb n\u00eb historin\u00eb e tyre q\u00eb e k\u00ebrkojn\u00eb shp\u00ebtimin duke par\u00eb jasht\u00eb kufijve. Duke marr\u00eb jasht\u00eb udh\u00ebt e Italis\u00eb, e k\u00ebrkuam shp\u00ebtimin edhe n\u00eb shekullin XV. Duke ikur e b\u00ebr\u00eb karrier\u00eb n\u00eb Stamboll, e k\u00ebrkuan udh\u00ebn e mir\u00ebqenies p\u00ebr kat\u00ebr shekuj rresht krer\u00ebt e k\u00ebtij vendi n\u00eb koh\u00eb t\u00eb Turqis\u00eb. P\u00ebr gjysm\u00eb shekulli t\u00eb Enver Hoxh\u00ebs, s\u00ebrish duke ikur u p\u00ebrpoq\u00ebn shqiptar\u00ebt t\u00eb rregullojn\u00eb jet\u00ebt e tyre dhe u p\u00ebrpoq\u00ebn aq shum\u00eb, sa Komandanti e ruante kufirin jo nga ata q\u00eb donin t\u00eb hynin, por nga ata q\u00eb donin t\u2019ia mbathnin. <\/p>\n<p>Duke ikur u p\u00ebrpoq\u00ebm t\u00eb ndreqim hallet tona edhe n\u00eb korrik t\u00eb \u201890-s, edhe n\u00eb mars t\u00eb \u201891-shit. Madje edhe n\u00eb \u201897-n, duke ikur u p\u00ebrpoq\u00ebm t\u00eb gjejm\u00eb karar edhe ne q\u00eb donim t\u00eb shp\u00ebtonim nga Berisha, por edhe Berisha q\u00eb donte t\u00eb shp\u00ebtonte nga ne. Duke ikur e k\u00ebrkuan zgjidhjen e hallit t\u00eb tyre edhe kosovar\u00ebt dy vjet m\u00eb pas m\u00eb \u201899-n dhe duke ikur po vazhdojm\u00eb edhe ne n\u00eb k\u00ebto dit\u00eb n\u00ebntori t\u00eb shekullit XXI. Ndryshimi i vet\u00ebm \u00ebsht\u00eb se k\u00ebsaj radhe, p\u00ebr her\u00eb t\u00eb par\u00eb n\u00eb historin\u00eb ton\u00eb, ikja si rrug\u00eb shp\u00ebtimi po na ofrohet edhe zyrtarisht, dhe p\u00ebr m\u00eb tep\u00ebr nga vet\u00eb qeveria jon\u00eb. N\u00eb fakt, popujt mblidhen e i zgjedhin qeverit\u00eb q\u00eb kjo pastaj t\u00eb na tregoj\u00eb udh\u00ebn se si t\u00eb ndreqim jet\u00ebn ton\u00eb k\u00ebtu, e jo t\u00eb na tregoj\u00eb udh\u00ebn se si shp\u00ebtohet nga hallet duke ikur.<\/p>\n<p>John Keggan thot\u00eb se ndryshimi mes popujve t\u00eb Lindjes dhe atyre t\u00eb Per\u00ebndimit \u00ebsht\u00eb se per\u00ebndimor\u00ebt p\u00ebrpiqen t\u2019i kalojn\u00eb sfidat duke i p\u00ebrballur, nd\u00ebrsa popujt lindor\u00eb duke i shmangur. Ka shkruar nj\u00eb lib\u00ebr t\u00eb t\u00ebr\u00eb p\u00ebr k\u00ebt\u00eb pun\u00eb, \u201cHistoria e luft\u00ebs\u201d, ku e shpjegon gjer\u00eb e gjat\u00eb k\u00ebt\u00eb sjellje themelore q\u00eb, sipas tij, sh\u00ebrben si vij\u00eb ndar\u00ebse mes qytet\u00ebrimeve, ndaj s\u2019\u00ebsht\u00eb vendi k\u00ebtu q\u00eb t\u00eb p\u00ebrpiqem t\u00eb p\u00ebrmbledh me pak radh\u00eb at\u00eb q\u00eb ai e shtjellon n\u00eb 400 faqe. Kjo teori e Keggan-it do dilte huq n\u00eb rastin ton\u00eb, se ne i themi vetes per\u00ebndimor\u00eb, por edhe kjo ka nj\u00eb shpjegim t\u00eb thjesht\u00eb fare. E cila teori politike, sociale, ekonomike a ushtarake, nuk ka dal\u00eb huq kur jan\u00eb p\u00ebrpjekur ta zbatojn\u00eb n\u00eb Shqip\u00ebri?<\/p>\n<p>Kutuzovi, strategu q\u00eb mundi Napoleonin, thoshte: \u201cNj\u00eb armiku n\u00eb ikje, i do nd\u00ebrtuar nj\u00eb ur\u00eb argjendi\u201d. Po k\u00ebshtu i bie t\u00eb kemi nj\u00eb qeveri q\u00eb e trajton popullin e vet si armik q\u00eb do ndihmuar t\u2019ia mbath\u00eb! T\u00eb tilla arsyetime si k\u00ebto dhe t\u00eb tjera edhe m\u00eb t\u00eb hidhura, m\u00eb shkonin nd\u00ebr m\u00ebnt nd\u00ebrsa kundroja \u00e7ar\u00e7af\u00ebt blu q\u00eb u tregonin shqiptar\u00ebve t\u00eb kamur a t\u00eb varf\u00ebr qofshin, se sa pak or\u00eb udh\u00ebtimi me avion larg \u00ebsht\u00eb shp\u00ebtimi nga qeveria e tyre. Po a do vij\u00eb dita q\u00eb ta kuptojn\u00eb shqiptar\u00ebt e mi, se shp\u00ebtimi vjen duke ikur qeveria dhe jo ata vet\u00eb?<\/p>\n<p>\u00cbsht\u00eb e kot\u00eb q\u00eb n\u00eb dit\u00eb dehjeje si kjo e sotmja, t\u2019u k\u00ebrkosh njer\u00ebzve t\u00eb arsyetojn\u00eb. T\u00eb gjith\u00eb po i z\u00eb ethja t\u00eb matin distancat n\u00ebp\u00ebr harta, num\u00ebrojn\u00eb or\u00ebt, presin bileta, prenotojn\u00eb avion\u00ebt, lidhen n\u00eb telefona me kush\u00ebrinjt\u00eb e periferive t\u00eb qyteteve t\u00eb Europ\u00ebs, b\u00ebjn\u00eb gati valixhet, shesin apartamentet dhe bibliotekat e gjysh\u00ebrve dhe duan t\u00eb ikin, t\u00eb ikin, nj\u00eb or\u00eb e m\u00eb par\u00eb. N\u00eb fund do t\u00eb na mbetet n\u00eb vesh\u00eb z\u00ebri tragjik i Kadri Roshit, tek th\u00ebrret nd\u00ebn gun\u00ebn e Plakut Mere: \u201cIkni, ikni dhe ju pas t\u00eb madhit dhe le t\u00eb k\u00ebndoj\u00eb qyqja mbi k\u00ebt\u00eb g\u00ebrmadh\u00eb\u201d.<\/p>\n<p><em>YLBERI I GJYNAHEVE<\/em><br \/>\nSajmiri, deputeti i partis\u00eb sime, doli n\u00eb konferenc\u00eb shtypi dhe na kumtoi se edhe Inspektorati i Kontrollit t\u00eb Pasurive e kishte gjobitur Albana Vokshin dhe Majlinda Bregun p\u00ebr fshehje t\u00eb pasuris\u00eb. Mir\u00eb deri k\u00ebtu, mir\u00ebpo ai Inspektorati, kur i rreshtoi t\u00eb gjobiturit, rreshtoi t\u00eb parin Dritan Priftin si t\u00eb till\u00eb.<\/p>\n<p>Po si more Saimir, zure n\u00eb goj\u00eb gjob\u00ebn p\u00ebr Alban\u00ebn e Majlind\u00ebn dhe harrove Dritanin?! Po a e kupton se cili \u00ebsht\u00eb mesazhi q\u00eb mori \u00e7do shqiptar nga kjo pun\u00eb? Bashkohuni me ne q\u00eb t\u2019u lahen gjynahet. Pik\u00ebrisht ky \u00ebsht\u00eb mesazhi t\u00eb cilin shqiptar\u00ebt deri tani ia kan\u00eb veshur politik\u00ebs s\u00eb vjet\u00ebr t\u00eb Sali Berish\u00ebs, nd\u00ebrsa tani u del edhe n\u00eb krahun tjet\u00ebr.<\/p>\n<p>T\u00eb nj\u00ebjt\u00ebn gj\u00eb b\u00ebri edhe miku tjet\u00ebr i imi, Shal\u00ebsi, i cili i k\u00ebrkoi Sali Berish\u00ebs q\u00eb t\u00eb shkarkoj\u00eb ministrin Vasili se qenka i korruptuar. E besoj Shalsin, se s\u2019ia fut kot, por pa m\u00eb thoni ku \u00ebsht\u00eb m\u00eb i keq Vasili nga Ndoka, i cilin qe i korruptuar deri dit\u00ebn q\u00eb ishte kund\u00ebr nesh dhe u b\u00eb kampion i demokracis\u00eb dit\u00ebn q\u00eb u b\u00eb me ne?<\/p>\n<p>Shqiptar\u00ebt dhe socialist\u00ebt duan nga partia ime tjet\u00ebr mesazh. Duan mesazhin q\u00eb \u201cejani me ne, se tek ne s\u2019kan\u00eb vend t\u00eb korruptuarit\u201d, nd\u00ebrsa ju u dhat\u00eb mesazhin \u201cejani me ne q\u00eb t\u2019u lajm\u00eb gjynahet\u201d. A mos vall\u00eb Partia, q\u00eb dikur n\u00eb koh\u00eb t\u00eb Komandantit ishte diell i jet\u00ebs son\u00eb, tashm\u00eb \u00ebsht\u00eb kthyer n\u00eb ylber i gjynaheve tona?<\/p>\n<p>Miq t\u00eb mit\u00eb, a jeni t\u00eb p\u00ebrzier\u00eb n\u00eb pun\u00ebt e atyre q\u00eb zura ngoje m\u00eb sip\u00ebr? Jo, nuk jeni dhe e them me bindje k\u00ebt\u00eb. Po n\u00eb kulisat e ustallar\u00ebve t\u00eb partis\u00eb tuaj e times bashk\u00eb, a jeni? Prap\u00eb nuk jeni. At\u00ebher\u00eb \u00e7\u2019dreqin keni q\u00eb b\u00ebheni veg\u00ebl q\u00eb pa hyr\u00eb akoma mir\u00eb n\u00eb udh\u00ebn e gjat\u00eb t\u00eb politik\u00ebs. \u00cbsht\u00eb e v\u00ebrtet\u00eb q\u00eb pisll\u00ebqet fshihen me leck\u00eb t\u00eb past\u00ebr, por pas k\u00ebsaj lecka b\u00ebhet pis ama.<\/p>\n<p>Mos harroni se t\u00eb pakt\u00ebn disa mij\u00ebra shqiptar\u00eb do t\u2019i lexojn\u00eb k\u00ebto radh\u00eb dhe, edhe n\u00ebse nuk u kish vajtur m\u00ebndja vet\u00eb te k\u00ebto pyetje, tani q\u00eb jua \u00e7ova un\u00eb duan nj\u00eb p\u00ebrgjigje p\u00ebr k\u00ebt\u00eb pun\u00eb.<\/p>\n","protected":false},"excerpt":{"rendered":"<p>Artan Lame, 09.11.2010 SHQIPNI TAVOLINASH Ka tri dit\u00eb q\u00eb s\u00ebrish Tirana \u00ebsht\u00eb mbuluar me \u00e7ar\u00e7af\u00eb blu. K\u00ebsaj radhe \u00e7ar\u00e7af\u00ebt nuk flasin p\u00ebr 100-vjetorin e N\u00ebn\u00eb Terez\u00ebs n\u00ebn kujdesin e Kryeministrit, as p\u00ebr hyrjen n\u00eb NATO t\u00eb nj\u00eb vendi pa ushtri, as p\u00ebr \u201cKoha p\u00ebr ndryshim\u201d q\u00eb e thot\u00eb nj\u00eb njeri q\u00eb ka 20 vjet q\u00eb [&hellip;]<\/p>\n","protected":false},"author":1,"featured_media":0,"comment_status":"open","ping_status":"closed","sticky":false,"template":"","format":"standard","meta":{"footnotes":""},"categories":[2],"tags":[],"class_list":{"0":"post-4673","1":"post","2":"type-post","3":"status-publish","4":"format-standard","6":"category-artikuj"},"yoast_head":"<!-- This site is optimized with the Yoast SEO plugin v27.4 - https:\/\/yoast.com\/product\/yoast-seo-wordpress\/ -->\n<title>IKNI - FjALA e LIR\u00cb - Arkivi<\/title>\n<meta name=\"robots\" content=\"index, follow, max-snippet:-1, max-image-preview:large, max-video-preview:-1\" \/>\n<link rel=\"canonical\" href=\"https:\/\/fjala.info\/2009-2015\/ikni-2\/\" \/>\n<meta property=\"og:locale\" content=\"sq_AL\" \/>\n<meta property=\"og:type\" content=\"article\" \/>\n<meta property=\"og:title\" content=\"IKNI - FjALA e LIR\u00cb - Arkivi\" \/>\n<meta property=\"og:description\" content=\"Artan Lame, 09.11.2010 SHQIPNI TAVOLINASH Ka tri dit\u00eb q\u00eb s\u00ebrish Tirana \u00ebsht\u00eb mbuluar me \u00e7ar\u00e7af\u00eb blu. K\u00ebsaj radhe \u00e7ar\u00e7af\u00ebt nuk flasin p\u00ebr 100-vjetorin e N\u00ebn\u00eb Terez\u00ebs n\u00ebn kujdesin e Kryeministrit, as p\u00ebr hyrjen n\u00eb NATO t\u00eb nj\u00eb vendi pa ushtri, as p\u00ebr \u201cKoha p\u00ebr ndryshim\u201d q\u00eb e thot\u00eb nj\u00eb njeri q\u00eb ka 20 vjet q\u00eb [&hellip;]\" \/>\n<meta property=\"og:url\" content=\"https:\/\/fjala.info\/2009-2015\/ikni-2\/\" \/>\n<meta property=\"og:site_name\" content=\"FjALA e LIR\u00cb - Arkivi\" \/>\n<meta property=\"article:published_time\" content=\"2010-11-09T21:10:36+00:00\" \/>\n<meta name=\"author\" content=\"admin\" \/>\n<meta name=\"twitter:card\" content=\"summary_large_image\" \/>\n<meta name=\"twitter:label1\" content=\"Written by\" \/>\n\t<meta name=\"twitter:data1\" content=\"admin\" \/>\n\t<meta name=\"twitter:label2\" content=\"Est. reading time\" \/>\n\t<meta name=\"twitter:data2\" content=\"6 minutes\" \/>\n<script type=\"application\/ld+json\" class=\"yoast-schema-graph\">{\"@context\":\"https:\\\/\\\/schema.org\",\"@graph\":[{\"@type\":\"Article\",\"@id\":\"https:\\\/\\\/fjala.info\\\/2009-2015\\\/ikni-2\\\/#article\",\"isPartOf\":{\"@id\":\"https:\\\/\\\/fjala.info\\\/2009-2015\\\/ikni-2\\\/\"},\"author\":{\"name\":\"admin\",\"@id\":\"https:\\\/\\\/fjala.info\\\/2009-2015\\\/#\\\/schema\\\/person\\\/3aa1163ef05469c496fc94e77611ada2\"},\"headline\":\"IKNI\",\"datePublished\":\"2010-11-09T21:10:36+00:00\",\"mainEntityOfPage\":{\"@id\":\"https:\\\/\\\/fjala.info\\\/2009-2015\\\/ikni-2\\\/\"},\"wordCount\":1276,\"commentCount\":0,\"publisher\":{\"@id\":\"https:\\\/\\\/fjala.info\\\/2009-2015\\\/#organization\"},\"articleSection\":[\"Artikuj\"],\"inLanguage\":\"sq-AL\",\"potentialAction\":[{\"@type\":\"CommentAction\",\"name\":\"Comment\",\"target\":[\"https:\\\/\\\/fjala.info\\\/2009-2015\\\/ikni-2\\\/#respond\"]}]},{\"@type\":\"WebPage\",\"@id\":\"https:\\\/\\\/fjala.info\\\/2009-2015\\\/ikni-2\\\/\",\"url\":\"https:\\\/\\\/fjala.info\\\/2009-2015\\\/ikni-2\\\/\",\"name\":\"IKNI - FjALA e LIR\u00cb - Arkivi\",\"isPartOf\":{\"@id\":\"https:\\\/\\\/fjala.info\\\/2009-2015\\\/#website\"},\"datePublished\":\"2010-11-09T21:10:36+00:00\",\"breadcrumb\":{\"@id\":\"https:\\\/\\\/fjala.info\\\/2009-2015\\\/ikni-2\\\/#breadcrumb\"},\"inLanguage\":\"sq-AL\",\"potentialAction\":[{\"@type\":\"ReadAction\",\"target\":[\"https:\\\/\\\/fjala.info\\\/2009-2015\\\/ikni-2\\\/\"]}]},{\"@type\":\"BreadcrumbList\",\"@id\":\"https:\\\/\\\/fjala.info\\\/2009-2015\\\/ikni-2\\\/#breadcrumb\",\"itemListElement\":[{\"@type\":\"ListItem\",\"position\":1,\"name\":\"Home\",\"item\":\"https:\\\/\\\/fjala.info\\\/2009-2015\\\/\"},{\"@type\":\"ListItem\",\"position\":2,\"name\":\"IKNI\"}]},{\"@type\":\"WebSite\",\"@id\":\"https:\\\/\\\/fjala.info\\\/2009-2015\\\/#website\",\"url\":\"https:\\\/\\\/fjala.info\\\/2009-2015\\\/\",\"name\":\"FjALA e LIR\u00cb - Arkivi\",\"description\":\"Arkivi 2009-2015\",\"publisher\":{\"@id\":\"https:\\\/\\\/fjala.info\\\/2009-2015\\\/#organization\"},\"potentialAction\":[{\"@type\":\"SearchAction\",\"target\":{\"@type\":\"EntryPoint\",\"urlTemplate\":\"https:\\\/\\\/fjala.info\\\/2009-2015\\\/?s={search_term_string}\"},\"query-input\":{\"@type\":\"PropertyValueSpecification\",\"valueRequired\":true,\"valueName\":\"search_term_string\"}}],\"inLanguage\":\"sq-AL\"},{\"@type\":\"Organization\",\"@id\":\"https:\\\/\\\/fjala.info\\\/2009-2015\\\/#organization\",\"name\":\"FjALA e LIR\u00cb - Arkivi\",\"url\":\"https:\\\/\\\/fjala.info\\\/2009-2015\\\/\",\"logo\":{\"@type\":\"ImageObject\",\"inLanguage\":\"sq-AL\",\"@id\":\"https:\\\/\\\/fjala.info\\\/2009-2015\\\/#\\\/schema\\\/logo\\\/image\\\/\",\"url\":\"\",\"contentUrl\":\"\",\"caption\":\"FjALA e LIR\u00cb - Arkivi\"},\"image\":{\"@id\":\"https:\\\/\\\/fjala.info\\\/2009-2015\\\/#\\\/schema\\\/logo\\\/image\\\/\"}},{\"@type\":\"Person\",\"@id\":\"https:\\\/\\\/fjala.info\\\/2009-2015\\\/#\\\/schema\\\/person\\\/3aa1163ef05469c496fc94e77611ada2\",\"name\":\"admin\",\"image\":{\"@type\":\"ImageObject\",\"inLanguage\":\"sq-AL\",\"@id\":\"https:\\\/\\\/fjala.info\\\/2009-2015\\\/wp-content\\\/uploads\\\/2012\\\/02\\\/arben_cokaj-120x150.jpg\",\"url\":\"https:\\\/\\\/fjala.info\\\/2009-2015\\\/wp-content\\\/uploads\\\/2012\\\/02\\\/arben_cokaj-120x150.jpg\",\"contentUrl\":\"https:\\\/\\\/fjala.info\\\/2009-2015\\\/wp-content\\\/uploads\\\/2012\\\/02\\\/arben_cokaj-120x150.jpg\",\"caption\":\"admin\"},\"description\":\"Admin, Fjala e Lir\u00eb\",\"sameAs\":[\"https:\\\/\\\/fjala.info\\\/\"],\"url\":\"https:\\\/\\\/fjala.info\\\/2009-2015\\\/author\\\/admin\\\/\"}]}<\/script>\n<!-- \/ Yoast SEO plugin. -->","yoast_head_json":{"title":"IKNI - FjALA e LIR\u00cb - Arkivi","robots":{"index":"index","follow":"follow","max-snippet":"max-snippet:-1","max-image-preview":"max-image-preview:large","max-video-preview":"max-video-preview:-1"},"canonical":"https:\/\/fjala.info\/2009-2015\/ikni-2\/","og_locale":"sq_AL","og_type":"article","og_title":"IKNI - FjALA e LIR\u00cb - Arkivi","og_description":"Artan Lame, 09.11.2010 SHQIPNI TAVOLINASH Ka tri dit\u00eb q\u00eb s\u00ebrish Tirana \u00ebsht\u00eb mbuluar me \u00e7ar\u00e7af\u00eb blu. K\u00ebsaj radhe \u00e7ar\u00e7af\u00ebt nuk flasin p\u00ebr 100-vjetorin e N\u00ebn\u00eb Terez\u00ebs n\u00ebn kujdesin e Kryeministrit, as p\u00ebr hyrjen n\u00eb NATO t\u00eb nj\u00eb vendi pa ushtri, as p\u00ebr \u201cKoha p\u00ebr ndryshim\u201d q\u00eb e thot\u00eb nj\u00eb njeri q\u00eb ka 20 vjet q\u00eb [&hellip;]","og_url":"https:\/\/fjala.info\/2009-2015\/ikni-2\/","og_site_name":"FjALA e LIR\u00cb - Arkivi","article_published_time":"2010-11-09T21:10:36+00:00","author":"admin","twitter_card":"summary_large_image","twitter_misc":{"Written by":"admin","Est. reading time":"6 minutes"},"schema":{"@context":"https:\/\/schema.org","@graph":[{"@type":"Article","@id":"https:\/\/fjala.info\/2009-2015\/ikni-2\/#article","isPartOf":{"@id":"https:\/\/fjala.info\/2009-2015\/ikni-2\/"},"author":{"name":"admin","@id":"https:\/\/fjala.info\/2009-2015\/#\/schema\/person\/3aa1163ef05469c496fc94e77611ada2"},"headline":"IKNI","datePublished":"2010-11-09T21:10:36+00:00","mainEntityOfPage":{"@id":"https:\/\/fjala.info\/2009-2015\/ikni-2\/"},"wordCount":1276,"commentCount":0,"publisher":{"@id":"https:\/\/fjala.info\/2009-2015\/#organization"},"articleSection":["Artikuj"],"inLanguage":"sq-AL","potentialAction":[{"@type":"CommentAction","name":"Comment","target":["https:\/\/fjala.info\/2009-2015\/ikni-2\/#respond"]}]},{"@type":"WebPage","@id":"https:\/\/fjala.info\/2009-2015\/ikni-2\/","url":"https:\/\/fjala.info\/2009-2015\/ikni-2\/","name":"IKNI - FjALA e LIR\u00cb - Arkivi","isPartOf":{"@id":"https:\/\/fjala.info\/2009-2015\/#website"},"datePublished":"2010-11-09T21:10:36+00:00","breadcrumb":{"@id":"https:\/\/fjala.info\/2009-2015\/ikni-2\/#breadcrumb"},"inLanguage":"sq-AL","potentialAction":[{"@type":"ReadAction","target":["https:\/\/fjala.info\/2009-2015\/ikni-2\/"]}]},{"@type":"BreadcrumbList","@id":"https:\/\/fjala.info\/2009-2015\/ikni-2\/#breadcrumb","itemListElement":[{"@type":"ListItem","position":1,"name":"Home","item":"https:\/\/fjala.info\/2009-2015\/"},{"@type":"ListItem","position":2,"name":"IKNI"}]},{"@type":"WebSite","@id":"https:\/\/fjala.info\/2009-2015\/#website","url":"https:\/\/fjala.info\/2009-2015\/","name":"FjALA e LIR\u00cb - Arkivi","description":"Arkivi 2009-2015","publisher":{"@id":"https:\/\/fjala.info\/2009-2015\/#organization"},"potentialAction":[{"@type":"SearchAction","target":{"@type":"EntryPoint","urlTemplate":"https:\/\/fjala.info\/2009-2015\/?s={search_term_string}"},"query-input":{"@type":"PropertyValueSpecification","valueRequired":true,"valueName":"search_term_string"}}],"inLanguage":"sq-AL"},{"@type":"Organization","@id":"https:\/\/fjala.info\/2009-2015\/#organization","name":"FjALA e LIR\u00cb - Arkivi","url":"https:\/\/fjala.info\/2009-2015\/","logo":{"@type":"ImageObject","inLanguage":"sq-AL","@id":"https:\/\/fjala.info\/2009-2015\/#\/schema\/logo\/image\/","url":"","contentUrl":"","caption":"FjALA e LIR\u00cb - Arkivi"},"image":{"@id":"https:\/\/fjala.info\/2009-2015\/#\/schema\/logo\/image\/"}},{"@type":"Person","@id":"https:\/\/fjala.info\/2009-2015\/#\/schema\/person\/3aa1163ef05469c496fc94e77611ada2","name":"admin","image":{"@type":"ImageObject","inLanguage":"sq-AL","@id":"https:\/\/fjala.info\/2009-2015\/wp-content\/uploads\/2012\/02\/arben_cokaj-120x150.jpg","url":"https:\/\/fjala.info\/2009-2015\/wp-content\/uploads\/2012\/02\/arben_cokaj-120x150.jpg","contentUrl":"https:\/\/fjala.info\/2009-2015\/wp-content\/uploads\/2012\/02\/arben_cokaj-120x150.jpg","caption":"admin"},"description":"Admin, Fjala e Lir\u00eb","sameAs":["https:\/\/fjala.info\/"],"url":"https:\/\/fjala.info\/2009-2015\/author\/admin\/"}]}},"_links":{"self":[{"href":"https:\/\/fjala.info\/2009-2015\/wp-json\/wp\/v2\/posts\/4673","targetHints":{"allow":["GET"]}}],"collection":[{"href":"https:\/\/fjala.info\/2009-2015\/wp-json\/wp\/v2\/posts"}],"about":[{"href":"https:\/\/fjala.info\/2009-2015\/wp-json\/wp\/v2\/types\/post"}],"author":[{"embeddable":true,"href":"https:\/\/fjala.info\/2009-2015\/wp-json\/wp\/v2\/users\/1"}],"replies":[{"embeddable":true,"href":"https:\/\/fjala.info\/2009-2015\/wp-json\/wp\/v2\/comments?post=4673"}],"version-history":[{"count":0,"href":"https:\/\/fjala.info\/2009-2015\/wp-json\/wp\/v2\/posts\/4673\/revisions"}],"wp:attachment":[{"href":"https:\/\/fjala.info\/2009-2015\/wp-json\/wp\/v2\/media?parent=4673"}],"wp:term":[{"taxonomy":"category","embeddable":true,"href":"https:\/\/fjala.info\/2009-2015\/wp-json\/wp\/v2\/categories?post=4673"},{"taxonomy":"post_tag","embeddable":true,"href":"https:\/\/fjala.info\/2009-2015\/wp-json\/wp\/v2\/tags?post=4673"}],"curies":[{"name":"wp","href":"https:\/\/api.w.org\/{rel}","templated":true}]}}