{"id":4670,"date":"2010-11-09T22:08:02","date_gmt":"2010-11-09T21:08:02","guid":{"rendered":"http:\/\/fjala.shkoder.net\/?p=4670"},"modified":"2010-11-09T22:08:02","modified_gmt":"2010-11-09T21:08:02","slug":"pergjigje-kolegut-bejtja-per-nje-kritike-ekrani","status":"publish","type":"post","link":"https:\/\/fjala.info\/2009-2015\/pergjigje-kolegut-bejtja-per-nje-kritike-ekrani\/","title":{"rendered":"P\u00ebrgjigje kolegut Bejtja, p\u00ebr nj\u00eb kritik\u00eb ekrani"},"content":{"rendered":"<p><img loading=\"lazy\" decoding=\"async\" src=\"http:\/\/fjala.shkoder.net\/wp-content\/uploads\/2010\/10\/aleksander_cipa.jpg\" alt=\"\" title=\"Aleksand\u00ebr \u00c7ipa\" width=\"150\" height=\"112\" class=\"alignleft size-full wp-image-4417\" \/><\/p>\n<p><strong>Aleksand\u00ebr \u00c7ipa<\/strong><\/p>\n<p>Pas ndjes\u00ebs q\u00eb me v\u00ebrtet\u00ebsin\u00eb e pandryshueshme t\u00eb autoreagimit, m\u00eb k\u00ebrkove, i vlershmi kolegu dhe miku im, Andi, un\u00eb e di mir\u00eb, se nuk \u00ebsht\u00eb e nevojshme t\u00eb ket\u00eb reagim. Por n\u00eb k\u00ebt\u00eb rast m\u00eb duhet q\u00eb t\u00eb iki prej teje dhe t\u00eb b\u00ebj sadopak sqarimin tim n\u00eb em\u00ebr t\u00eb lexuesve t\u00eb \u201cShqip\u201d-it dhe t\u00eb asaj pjese q\u00eb \u00ebsht\u00eb nj\u00ebher\u00ebsh edhe hise e audienc\u00ebs suaj televizive. Fjal\u00ebn e kam p\u00ebr komentin tuaj t\u00eb djesh\u00ebm n\u00eb edicionin e jasht\u00ebzakonsh\u00ebm t\u00eb \u201cTV Klan\u201d, nd\u00ebrsa transmetonit live votimin e ministrave t\u00eb Brendsh\u00ebm t\u00eb BE-s\u00eb p\u00ebr liberalizimin e vizave p\u00ebr shqiptar\u00ebt. N\u00eb nj\u00eb moment ju iu referuat me nj\u00eb kritik\u00eb t\u00eb eg\u00ebr shtypit t\u00eb shkruar dhe s\u00eb pari gazet\u00ebs \u201cShqip\u201d, e cila sipas jush nuk e kishte pasqyruar k\u00ebt\u00eb ngjarje t\u00eb pritshme dite. <\/p>\n<p>\u00cbsht\u00eb e tep\u00ebrt t\u00eb pohojm\u00eb se kjo ngjarje zinte vend n\u00eb m\u00ebnyr\u00ebn m\u00eb t\u00eb dukshme n\u00eb faqen e par\u00eb t\u00eb gazet\u00ebs, madje edhe si foto dite. Por ajo q\u00eb e b\u00ebn t\u00eb nevojshme p\u00ebrgjigjen time ndaj kritik\u00ebs t\u00ebnde, i dashur Bejtja, ka lidhje me rrethanat q\u00eb e lidhin lirin\u00eb ton\u00eb me shp\u00ebrg\u00ebnj interesash mediash t\u00eb kapura. Profesionalisht, s\u2019ke aspak t\u00eb drejt\u00eb n\u00eb kritik\u00ebn t\u00ebnde. Nd\u00ebrsa nisur prej pozicionit dhe politikave editoriale q\u00eb shpalos kanali televiziv komb\u00ebtar, ku jeni drejtor informacioni, ne e mir\u00ebkuptojm\u00eb kritik\u00ebn. E mir\u00ebkuptojm\u00eb, sepse k\u00ebshtu e ka sjell\u00eb realiteti n\u00eb k\u00ebt\u00eb vend q\u00eb th\u00ebn\u00eb sipas Stig Dagerman: \u201cJetojm\u00eb n\u00eb k\u00ebt\u00eb \u201cpyll\u201d kund\u00ebrshtish\u201d. <\/p>\n<p>Kritik\u00ebn t\u00ebnde, koleg, n\u00eb rastin n\u00eb fjal\u00eb e b\u00ebn t\u00eb pavend dhe pse jo, joserioze, liria e propagand\u00ebs, e cila po eklipson edhe vet\u00eb g\u00ebzimin e vonuar t\u00eb shqiptar\u00ebve. P\u00ebr mua dhe ty Andi q\u00eb e kemi njohur me koh\u00eb lirin\u00eb dhe mund\u00ebsin\u00eb e l\u00ebvizjes, \u00ebsht\u00eb e v\u00ebshtir\u00eb t\u00eb ikim prej r\u00ebnd\u00ebsis\u00eb reale q\u00eb ka kjo liri e arritur p\u00ebr \u00e7do qytetar. Th\u00ebn\u00eb sipas Le Clezios: \u201cP\u00ebr mua q\u00eb e kam njohur mund\u00ebsin\u00eb e l\u00ebvizjes, ndalimi p\u00ebr t\u00eb jetuar n\u00eb vendin q\u00eb e kemi zgjedhur, \u00ebsht\u00eb po aq i papranuesh\u00ebm sa dhe mungesa e liris\u00eb\u201d.<\/p>\n<p>Pik\u00ebrisht ky \u201cndalim\u201d q\u00eb lidhet me cil\u00ebsin\u00eb e keqe apo t\u00eb munguar t\u00eb liris\u00eb tjet\u00ebr, ky \u201cndalim\u201d q\u00eb vjen prej propagand\u00ebs t\u00eb kushtueshme dhe t\u00eb mbarsur me patetiz\u00ebm socreal, jan\u00eb detyrimet reale q\u00eb ndiejm\u00eb si gazetar\u00eb, pas \u00e7do suksesi t\u00eb politik\u00ebs s\u00eb vonesave. K\u00ebt\u00eb propagand\u00eb mir\u00eb \u00ebsht\u00eb ta heqim, e t\u2019ia l\u00ebm\u00eb vet\u00ebm politik\u00ebs. S\u2019duhet b\u00ebr\u00eb asgj\u00eb m\u00eb tep\u00ebr nga ajo q\u00eb b\u00ebjn\u00eb koleg\u00ebt tan\u00eb koh\u00ebfituar n\u00eb Europ\u00eb. K\u00ebt\u00eb realiz\u00ebm mes nesh s\u2019duhet ta kritikojm\u00eb kurr\u00eb, koleg i dashur, por ta shpalosim vet\u00ebm si detyrim. <\/p>\n<p>Diferenca p\u00ebr t\u00eb, si\u00e7 arrij t\u00eb t\u00eb kuptoj aktualisht n\u00eb pozicionin q\u00eb ke, nuk q\u00ebndron te cil\u00ebsia apo politika pasqyruese prej \u201cShqipit\u201d, por te pozicioni q\u00eb media ku gjendesh, shpalos hapur. P\u00ebr k\u00ebt\u00eb, un\u00eb s\u2019kam v\u00ebrejtje. Skeptizicmin e kam vet\u00ebm ndaj liris\u00eb q\u00eb shpreh kritika jote e rastit, nd\u00ebrsa nga ekrani ku dole, humbe p\u00ebr nj\u00eb \u00e7ast, shikimin realist mbi gazet\u00ebn. Por un\u00eb, tashm\u00eb e quajta vet\u00ebm kritik\u00eb\u2026ekrani\u2026, jo kolegu.<\/p>\n","protected":false},"excerpt":{"rendered":"<p>Aleksand\u00ebr \u00c7ipa Pas ndjes\u00ebs q\u00eb me v\u00ebrtet\u00ebsin\u00eb e pandryshueshme t\u00eb autoreagimit, m\u00eb k\u00ebrkove, i vlershmi kolegu dhe miku im, Andi, un\u00eb e di mir\u00eb, se nuk \u00ebsht\u00eb e nevojshme t\u00eb ket\u00eb reagim. Por n\u00eb k\u00ebt\u00eb rast m\u00eb duhet q\u00eb t\u00eb iki prej teje dhe t\u00eb b\u00ebj sadopak sqarimin tim n\u00eb em\u00ebr t\u00eb lexuesve t\u00eb \u201cShqip\u201d-it [&hellip;]<\/p>\n","protected":false},"author":1,"featured_media":0,"comment_status":"open","ping_status":"closed","sticky":false,"template":"","format":"standard","meta":{"footnotes":""},"categories":[2],"tags":[],"class_list":{"0":"post-4670","1":"post","2":"type-post","3":"status-publish","4":"format-standard","6":"category-artikuj"},"yoast_head":"<!-- This site is optimized with the Yoast SEO plugin v27.4 - https:\/\/yoast.com\/product\/yoast-seo-wordpress\/ -->\n<title>P\u00ebrgjigje kolegut Bejtja, p\u00ebr nj\u00eb kritik\u00eb ekrani - FjALA e LIR\u00cb - Arkivi<\/title>\n<meta name=\"robots\" content=\"index, follow, max-snippet:-1, max-image-preview:large, max-video-preview:-1\" \/>\n<link rel=\"canonical\" href=\"https:\/\/fjala.info\/2009-2015\/pergjigje-kolegut-bejtja-per-nje-kritike-ekrani\/\" \/>\n<meta property=\"og:locale\" content=\"sq_AL\" \/>\n<meta property=\"og:type\" content=\"article\" \/>\n<meta property=\"og:title\" content=\"P\u00ebrgjigje kolegut Bejtja, p\u00ebr nj\u00eb kritik\u00eb ekrani - FjALA e LIR\u00cb - Arkivi\" \/>\n<meta property=\"og:description\" content=\"Aleksand\u00ebr \u00c7ipa Pas ndjes\u00ebs q\u00eb me v\u00ebrtet\u00ebsin\u00eb e pandryshueshme t\u00eb autoreagimit, m\u00eb k\u00ebrkove, i vlershmi kolegu dhe miku im, Andi, un\u00eb e di mir\u00eb, se nuk \u00ebsht\u00eb e nevojshme t\u00eb ket\u00eb reagim. Por n\u00eb k\u00ebt\u00eb rast m\u00eb duhet q\u00eb t\u00eb iki prej teje dhe t\u00eb b\u00ebj sadopak sqarimin tim n\u00eb em\u00ebr t\u00eb lexuesve t\u00eb \u201cShqip\u201d-it [&hellip;]\" \/>\n<meta property=\"og:url\" content=\"https:\/\/fjala.info\/2009-2015\/pergjigje-kolegut-bejtja-per-nje-kritike-ekrani\/\" \/>\n<meta property=\"og:site_name\" content=\"FjALA e LIR\u00cb - Arkivi\" \/>\n<meta property=\"article:published_time\" content=\"2010-11-09T21:08:02+00:00\" \/>\n<meta property=\"og:image\" content=\"http:\/\/fjala.shkoder.net\/wp-content\/uploads\/2010\/10\/aleksander_cipa.jpg\" \/>\n<meta name=\"author\" content=\"admin\" \/>\n<meta name=\"twitter:card\" content=\"summary_large_image\" \/>\n<meta name=\"twitter:label1\" content=\"Written by\" \/>\n\t<meta name=\"twitter:data1\" content=\"admin\" \/>\n\t<meta name=\"twitter:label2\" content=\"Est. reading time\" \/>\n\t<meta name=\"twitter:data2\" content=\"3 minutes\" \/>\n<script type=\"application\/ld+json\" class=\"yoast-schema-graph\">{\"@context\":\"https:\\\/\\\/schema.org\",\"@graph\":[{\"@type\":\"Article\",\"@id\":\"https:\\\/\\\/fjala.info\\\/2009-2015\\\/pergjigje-kolegut-bejtja-per-nje-kritike-ekrani\\\/#article\",\"isPartOf\":{\"@id\":\"https:\\\/\\\/fjala.info\\\/2009-2015\\\/pergjigje-kolegut-bejtja-per-nje-kritike-ekrani\\\/\"},\"author\":{\"name\":\"admin\",\"@id\":\"https:\\\/\\\/fjala.info\\\/2009-2015\\\/#\\\/schema\\\/person\\\/3aa1163ef05469c496fc94e77611ada2\"},\"headline\":\"P\u00ebrgjigje kolegut Bejtja, p\u00ebr nj\u00eb kritik\u00eb ekrani\",\"datePublished\":\"2010-11-09T21:08:02+00:00\",\"mainEntityOfPage\":{\"@id\":\"https:\\\/\\\/fjala.info\\\/2009-2015\\\/pergjigje-kolegut-bejtja-per-nje-kritike-ekrani\\\/\"},\"wordCount\":596,\"commentCount\":0,\"publisher\":{\"@id\":\"https:\\\/\\\/fjala.info\\\/2009-2015\\\/#organization\"},\"image\":{\"@id\":\"https:\\\/\\\/fjala.info\\\/2009-2015\\\/pergjigje-kolegut-bejtja-per-nje-kritike-ekrani\\\/#primaryimage\"},\"thumbnailUrl\":\"http:\\\/\\\/fjala.shkoder.net\\\/wp-content\\\/uploads\\\/2010\\\/10\\\/aleksander_cipa.jpg\",\"articleSection\":[\"Artikuj\"],\"inLanguage\":\"sq-AL\",\"potentialAction\":[{\"@type\":\"CommentAction\",\"name\":\"Comment\",\"target\":[\"https:\\\/\\\/fjala.info\\\/2009-2015\\\/pergjigje-kolegut-bejtja-per-nje-kritike-ekrani\\\/#respond\"]}]},{\"@type\":\"WebPage\",\"@id\":\"https:\\\/\\\/fjala.info\\\/2009-2015\\\/pergjigje-kolegut-bejtja-per-nje-kritike-ekrani\\\/\",\"url\":\"https:\\\/\\\/fjala.info\\\/2009-2015\\\/pergjigje-kolegut-bejtja-per-nje-kritike-ekrani\\\/\",\"name\":\"P\u00ebrgjigje kolegut Bejtja, p\u00ebr nj\u00eb kritik\u00eb ekrani - FjALA e LIR\u00cb - Arkivi\",\"isPartOf\":{\"@id\":\"https:\\\/\\\/fjala.info\\\/2009-2015\\\/#website\"},\"primaryImageOfPage\":{\"@id\":\"https:\\\/\\\/fjala.info\\\/2009-2015\\\/pergjigje-kolegut-bejtja-per-nje-kritike-ekrani\\\/#primaryimage\"},\"image\":{\"@id\":\"https:\\\/\\\/fjala.info\\\/2009-2015\\\/pergjigje-kolegut-bejtja-per-nje-kritike-ekrani\\\/#primaryimage\"},\"thumbnailUrl\":\"http:\\\/\\\/fjala.shkoder.net\\\/wp-content\\\/uploads\\\/2010\\\/10\\\/aleksander_cipa.jpg\",\"datePublished\":\"2010-11-09T21:08:02+00:00\",\"breadcrumb\":{\"@id\":\"https:\\\/\\\/fjala.info\\\/2009-2015\\\/pergjigje-kolegut-bejtja-per-nje-kritike-ekrani\\\/#breadcrumb\"},\"inLanguage\":\"sq-AL\",\"potentialAction\":[{\"@type\":\"ReadAction\",\"target\":[\"https:\\\/\\\/fjala.info\\\/2009-2015\\\/pergjigje-kolegut-bejtja-per-nje-kritike-ekrani\\\/\"]}]},{\"@type\":\"ImageObject\",\"inLanguage\":\"sq-AL\",\"@id\":\"https:\\\/\\\/fjala.info\\\/2009-2015\\\/pergjigje-kolegut-bejtja-per-nje-kritike-ekrani\\\/#primaryimage\",\"url\":\"http:\\\/\\\/fjala.shkoder.net\\\/wp-content\\\/uploads\\\/2010\\\/10\\\/aleksander_cipa.jpg\",\"contentUrl\":\"http:\\\/\\\/fjala.shkoder.net\\\/wp-content\\\/uploads\\\/2010\\\/10\\\/aleksander_cipa.jpg\"},{\"@type\":\"BreadcrumbList\",\"@id\":\"https:\\\/\\\/fjala.info\\\/2009-2015\\\/pergjigje-kolegut-bejtja-per-nje-kritike-ekrani\\\/#breadcrumb\",\"itemListElement\":[{\"@type\":\"ListItem\",\"position\":1,\"name\":\"Home\",\"item\":\"https:\\\/\\\/fjala.info\\\/2009-2015\\\/\"},{\"@type\":\"ListItem\",\"position\":2,\"name\":\"P\u00ebrgjigje kolegut Bejtja, p\u00ebr nj\u00eb kritik\u00eb ekrani\"}]},{\"@type\":\"WebSite\",\"@id\":\"https:\\\/\\\/fjala.info\\\/2009-2015\\\/#website\",\"url\":\"https:\\\/\\\/fjala.info\\\/2009-2015\\\/\",\"name\":\"FjALA e LIR\u00cb - Arkivi\",\"description\":\"Arkivi 2009-2015\",\"publisher\":{\"@id\":\"https:\\\/\\\/fjala.info\\\/2009-2015\\\/#organization\"},\"potentialAction\":[{\"@type\":\"SearchAction\",\"target\":{\"@type\":\"EntryPoint\",\"urlTemplate\":\"https:\\\/\\\/fjala.info\\\/2009-2015\\\/?s={search_term_string}\"},\"query-input\":{\"@type\":\"PropertyValueSpecification\",\"valueRequired\":true,\"valueName\":\"search_term_string\"}}],\"inLanguage\":\"sq-AL\"},{\"@type\":\"Organization\",\"@id\":\"https:\\\/\\\/fjala.info\\\/2009-2015\\\/#organization\",\"name\":\"FjALA e LIR\u00cb - Arkivi\",\"url\":\"https:\\\/\\\/fjala.info\\\/2009-2015\\\/\",\"logo\":{\"@type\":\"ImageObject\",\"inLanguage\":\"sq-AL\",\"@id\":\"https:\\\/\\\/fjala.info\\\/2009-2015\\\/#\\\/schema\\\/logo\\\/image\\\/\",\"url\":\"\",\"contentUrl\":\"\",\"caption\":\"FjALA e LIR\u00cb - Arkivi\"},\"image\":{\"@id\":\"https:\\\/\\\/fjala.info\\\/2009-2015\\\/#\\\/schema\\\/logo\\\/image\\\/\"}},{\"@type\":\"Person\",\"@id\":\"https:\\\/\\\/fjala.info\\\/2009-2015\\\/#\\\/schema\\\/person\\\/3aa1163ef05469c496fc94e77611ada2\",\"name\":\"admin\",\"image\":{\"@type\":\"ImageObject\",\"inLanguage\":\"sq-AL\",\"@id\":\"https:\\\/\\\/fjala.info\\\/2009-2015\\\/wp-content\\\/uploads\\\/2012\\\/02\\\/arben_cokaj-120x150.jpg\",\"url\":\"https:\\\/\\\/fjala.info\\\/2009-2015\\\/wp-content\\\/uploads\\\/2012\\\/02\\\/arben_cokaj-120x150.jpg\",\"contentUrl\":\"https:\\\/\\\/fjala.info\\\/2009-2015\\\/wp-content\\\/uploads\\\/2012\\\/02\\\/arben_cokaj-120x150.jpg\",\"caption\":\"admin\"},\"description\":\"Admin, Fjala e Lir\u00eb\",\"sameAs\":[\"https:\\\/\\\/fjala.info\\\/\"],\"url\":\"https:\\\/\\\/fjala.info\\\/2009-2015\\\/author\\\/admin\\\/\"}]}<\/script>\n<!-- \/ Yoast SEO plugin. -->","yoast_head_json":{"title":"P\u00ebrgjigje kolegut Bejtja, p\u00ebr nj\u00eb kritik\u00eb ekrani - FjALA e LIR\u00cb - Arkivi","robots":{"index":"index","follow":"follow","max-snippet":"max-snippet:-1","max-image-preview":"max-image-preview:large","max-video-preview":"max-video-preview:-1"},"canonical":"https:\/\/fjala.info\/2009-2015\/pergjigje-kolegut-bejtja-per-nje-kritike-ekrani\/","og_locale":"sq_AL","og_type":"article","og_title":"P\u00ebrgjigje kolegut Bejtja, p\u00ebr nj\u00eb kritik\u00eb ekrani - FjALA e LIR\u00cb - Arkivi","og_description":"Aleksand\u00ebr \u00c7ipa Pas ndjes\u00ebs q\u00eb me v\u00ebrtet\u00ebsin\u00eb e pandryshueshme t\u00eb autoreagimit, m\u00eb k\u00ebrkove, i vlershmi kolegu dhe miku im, Andi, un\u00eb e di mir\u00eb, se nuk \u00ebsht\u00eb e nevojshme t\u00eb ket\u00eb reagim. Por n\u00eb k\u00ebt\u00eb rast m\u00eb duhet q\u00eb t\u00eb iki prej teje dhe t\u00eb b\u00ebj sadopak sqarimin tim n\u00eb em\u00ebr t\u00eb lexuesve t\u00eb \u201cShqip\u201d-it [&hellip;]","og_url":"https:\/\/fjala.info\/2009-2015\/pergjigje-kolegut-bejtja-per-nje-kritike-ekrani\/","og_site_name":"FjALA e LIR\u00cb - Arkivi","article_published_time":"2010-11-09T21:08:02+00:00","og_image":[{"url":"http:\/\/fjala.shkoder.net\/wp-content\/uploads\/2010\/10\/aleksander_cipa.jpg","type":"","width":"","height":""}],"author":"admin","twitter_card":"summary_large_image","twitter_misc":{"Written by":"admin","Est. reading time":"3 minutes"},"schema":{"@context":"https:\/\/schema.org","@graph":[{"@type":"Article","@id":"https:\/\/fjala.info\/2009-2015\/pergjigje-kolegut-bejtja-per-nje-kritike-ekrani\/#article","isPartOf":{"@id":"https:\/\/fjala.info\/2009-2015\/pergjigje-kolegut-bejtja-per-nje-kritike-ekrani\/"},"author":{"name":"admin","@id":"https:\/\/fjala.info\/2009-2015\/#\/schema\/person\/3aa1163ef05469c496fc94e77611ada2"},"headline":"P\u00ebrgjigje kolegut Bejtja, p\u00ebr nj\u00eb kritik\u00eb ekrani","datePublished":"2010-11-09T21:08:02+00:00","mainEntityOfPage":{"@id":"https:\/\/fjala.info\/2009-2015\/pergjigje-kolegut-bejtja-per-nje-kritike-ekrani\/"},"wordCount":596,"commentCount":0,"publisher":{"@id":"https:\/\/fjala.info\/2009-2015\/#organization"},"image":{"@id":"https:\/\/fjala.info\/2009-2015\/pergjigje-kolegut-bejtja-per-nje-kritike-ekrani\/#primaryimage"},"thumbnailUrl":"http:\/\/fjala.shkoder.net\/wp-content\/uploads\/2010\/10\/aleksander_cipa.jpg","articleSection":["Artikuj"],"inLanguage":"sq-AL","potentialAction":[{"@type":"CommentAction","name":"Comment","target":["https:\/\/fjala.info\/2009-2015\/pergjigje-kolegut-bejtja-per-nje-kritike-ekrani\/#respond"]}]},{"@type":"WebPage","@id":"https:\/\/fjala.info\/2009-2015\/pergjigje-kolegut-bejtja-per-nje-kritike-ekrani\/","url":"https:\/\/fjala.info\/2009-2015\/pergjigje-kolegut-bejtja-per-nje-kritike-ekrani\/","name":"P\u00ebrgjigje kolegut Bejtja, p\u00ebr nj\u00eb kritik\u00eb ekrani - FjALA e LIR\u00cb - Arkivi","isPartOf":{"@id":"https:\/\/fjala.info\/2009-2015\/#website"},"primaryImageOfPage":{"@id":"https:\/\/fjala.info\/2009-2015\/pergjigje-kolegut-bejtja-per-nje-kritike-ekrani\/#primaryimage"},"image":{"@id":"https:\/\/fjala.info\/2009-2015\/pergjigje-kolegut-bejtja-per-nje-kritike-ekrani\/#primaryimage"},"thumbnailUrl":"http:\/\/fjala.shkoder.net\/wp-content\/uploads\/2010\/10\/aleksander_cipa.jpg","datePublished":"2010-11-09T21:08:02+00:00","breadcrumb":{"@id":"https:\/\/fjala.info\/2009-2015\/pergjigje-kolegut-bejtja-per-nje-kritike-ekrani\/#breadcrumb"},"inLanguage":"sq-AL","potentialAction":[{"@type":"ReadAction","target":["https:\/\/fjala.info\/2009-2015\/pergjigje-kolegut-bejtja-per-nje-kritike-ekrani\/"]}]},{"@type":"ImageObject","inLanguage":"sq-AL","@id":"https:\/\/fjala.info\/2009-2015\/pergjigje-kolegut-bejtja-per-nje-kritike-ekrani\/#primaryimage","url":"http:\/\/fjala.shkoder.net\/wp-content\/uploads\/2010\/10\/aleksander_cipa.jpg","contentUrl":"http:\/\/fjala.shkoder.net\/wp-content\/uploads\/2010\/10\/aleksander_cipa.jpg"},{"@type":"BreadcrumbList","@id":"https:\/\/fjala.info\/2009-2015\/pergjigje-kolegut-bejtja-per-nje-kritike-ekrani\/#breadcrumb","itemListElement":[{"@type":"ListItem","position":1,"name":"Home","item":"https:\/\/fjala.info\/2009-2015\/"},{"@type":"ListItem","position":2,"name":"P\u00ebrgjigje kolegut Bejtja, p\u00ebr nj\u00eb kritik\u00eb ekrani"}]},{"@type":"WebSite","@id":"https:\/\/fjala.info\/2009-2015\/#website","url":"https:\/\/fjala.info\/2009-2015\/","name":"FjALA e LIR\u00cb - Arkivi","description":"Arkivi 2009-2015","publisher":{"@id":"https:\/\/fjala.info\/2009-2015\/#organization"},"potentialAction":[{"@type":"SearchAction","target":{"@type":"EntryPoint","urlTemplate":"https:\/\/fjala.info\/2009-2015\/?s={search_term_string}"},"query-input":{"@type":"PropertyValueSpecification","valueRequired":true,"valueName":"search_term_string"}}],"inLanguage":"sq-AL"},{"@type":"Organization","@id":"https:\/\/fjala.info\/2009-2015\/#organization","name":"FjALA e LIR\u00cb - Arkivi","url":"https:\/\/fjala.info\/2009-2015\/","logo":{"@type":"ImageObject","inLanguage":"sq-AL","@id":"https:\/\/fjala.info\/2009-2015\/#\/schema\/logo\/image\/","url":"","contentUrl":"","caption":"FjALA e LIR\u00cb - Arkivi"},"image":{"@id":"https:\/\/fjala.info\/2009-2015\/#\/schema\/logo\/image\/"}},{"@type":"Person","@id":"https:\/\/fjala.info\/2009-2015\/#\/schema\/person\/3aa1163ef05469c496fc94e77611ada2","name":"admin","image":{"@type":"ImageObject","inLanguage":"sq-AL","@id":"https:\/\/fjala.info\/2009-2015\/wp-content\/uploads\/2012\/02\/arben_cokaj-120x150.jpg","url":"https:\/\/fjala.info\/2009-2015\/wp-content\/uploads\/2012\/02\/arben_cokaj-120x150.jpg","contentUrl":"https:\/\/fjala.info\/2009-2015\/wp-content\/uploads\/2012\/02\/arben_cokaj-120x150.jpg","caption":"admin"},"description":"Admin, Fjala e Lir\u00eb","sameAs":["https:\/\/fjala.info\/"],"url":"https:\/\/fjala.info\/2009-2015\/author\/admin\/"}]}},"_links":{"self":[{"href":"https:\/\/fjala.info\/2009-2015\/wp-json\/wp\/v2\/posts\/4670","targetHints":{"allow":["GET"]}}],"collection":[{"href":"https:\/\/fjala.info\/2009-2015\/wp-json\/wp\/v2\/posts"}],"about":[{"href":"https:\/\/fjala.info\/2009-2015\/wp-json\/wp\/v2\/types\/post"}],"author":[{"embeddable":true,"href":"https:\/\/fjala.info\/2009-2015\/wp-json\/wp\/v2\/users\/1"}],"replies":[{"embeddable":true,"href":"https:\/\/fjala.info\/2009-2015\/wp-json\/wp\/v2\/comments?post=4670"}],"version-history":[{"count":0,"href":"https:\/\/fjala.info\/2009-2015\/wp-json\/wp\/v2\/posts\/4670\/revisions"}],"wp:attachment":[{"href":"https:\/\/fjala.info\/2009-2015\/wp-json\/wp\/v2\/media?parent=4670"}],"wp:term":[{"taxonomy":"category","embeddable":true,"href":"https:\/\/fjala.info\/2009-2015\/wp-json\/wp\/v2\/categories?post=4670"},{"taxonomy":"post_tag","embeddable":true,"href":"https:\/\/fjala.info\/2009-2015\/wp-json\/wp\/v2\/tags?post=4670"}],"curies":[{"name":"wp","href":"https:\/\/api.w.org\/{rel}","templated":true}]}}