{"id":4665,"date":"2012-08-26T08:10:01","date_gmt":"2012-08-26T07:10:01","guid":{"rendered":"http:\/\/www.fjala.info\/?p=4665"},"modified":"2012-08-26T08:10:01","modified_gmt":"2012-08-26T07:10:01","slug":"mustafa-nanoperballe-nje-regjimi-te-tille-edhe-cdo-qelbesire-qe-ka-arsyet-e-veta-kunder-regjimit-duhet-pare-si-nje-resurs-opozitar","status":"publish","type":"post","link":"https:\/\/fjala.info\/2009-2015\/mustafa-nanoperballe-nje-regjimi-te-tille-edhe-cdo-qelbesire-qe-ka-arsyet-e-veta-kunder-regjimit-duhet-pare-si-nje-resurs-opozitar\/","title":{"rendered":"Mustafa Nano:P\u00ebrball\u00eb nj\u00eb regjimi t\u00eb till\u00eb, edhe \u00e7do qelb\u00ebsir\u00eb q\u00eb ka arsyet e veta kund\u00ebr regjimit, duhet par\u00eb si nj\u00eb resurs opozitar"},"content":{"rendered":"<p><img decoding=\"async\" class=\"alignright size-thumbnail wp-image-7236\" title=\"Mustafa Nano\" src=\"http:\/\/www.fjala.info\/2012\/mustafa_nano.jpg\" alt=\"\" width=\"200\" \/> <strong>TemA Online<\/strong>, <em>25 Gusht 2012<\/em><\/p>\n<p>Komentatori Mustafa Nano, i peytur lidhur me krijimin e nj\u00eb poli t\u00eb tret\u00eb n\u00eb politik\u00ebn shqiptare nga Aleanca KuqeZi dhe FRD, nga gazetar\u00ebt e \u201cMapo\u201d, shprehet se p\u00ebr t\u00eb, do t\u00eb ishte m\u00eb mir\u00eb krijimi i formimit t\u00eb nj\u00eb fronti t\u00eb vet\u00ebm kund\u00ebr k\u00ebtij regjimi. Madje, sipas Nanos, p\u00ebrball\u00eb nj\u00eb regjimi t\u00eb till\u00eb, edhe \u00e7do lloj qelb\u00ebsire mund t\u00eb shihet si nj\u00eb resurs politik. Por, p\u00ebr Nanon, krijimi i nj\u00eb fronti t\u00eb vet\u00ebm opozitar ka shum\u00eb pak gjasa q\u00eb t\u00eb ndodh\u00ebn.<\/p>\n<p>\u201cKam artikuluar nj\u00eb tez\u00eb timen para ca koh\u00ebsh, t\u00eb cil\u00ebn, me synimin p\u00ebr t\u00eb mos e l\u00ebn\u00eb t\u00eb humb\u00eb n\u00eb tollovin\u00eb mediatike, e formulova n\u00eb m\u00ebnyr\u00ebn m\u00eb provokative t\u00eb mundshme: \u201cJemi p\u00ebrball\u00eb nj\u00eb regjimi, dhe n\u00eb rrethana t\u00eb tilla, deri dhe \u00e7do qelb\u00ebsir\u00eb q\u00eb ka arsyet e veta t\u00eb jet\u00eb kund\u00ebr regjimit, duhet par\u00eb si nj\u00eb resurs opozitar\u201d. Dhe k\u00ebt\u00eb e kam th\u00ebn\u00eb p\u00ebrpara se Berisha t\u00eb merrte presidenc\u00ebn dhe SHISH-in. Rrjedhimisht, merret vesh se, po t\u00eb varej nga un\u00eb, do t\u00eb inkurajoja q\u00eb \u00e7\u2019ke me t\u00eb nj\u00eb aleanc\u00eb parazgjedhore t\u00eb dy partive t\u00eb reja me partin\u00eb m\u00eb t\u00eb madhe t\u00eb opozit\u00ebs.<\/p>\n<p>Ka gjasa q\u00eb kjo t\u00eb b\u00ebhet realitet? Nuk duket se ka gjasa, pasi PS-ja nuk ka charm-in p\u00ebr t\u2019i ndjell\u00eb, dhe FRD-ja e AK-ja jan\u00eb shum\u00eb t\u00eb dh\u00ebna pas nj\u00eb identiteti t\u00eb tyre t\u00eb supozuar e t\u00eb pretenduar, e para si nj\u00eb parti e qendr\u00ebs s\u00eb djatht\u00eb dhe e dyta, si nj\u00eb parti kund\u00ebr sistemit e rendit t\u00eb gj\u00ebrave. Sikur t\u00eb kisha mund\u00ebsi, do t\u2019i bindja k\u00ebto t\u00eb fundit (ngaq\u00eb PS-n\u00eb nuk e b\u00ebj dot m\u00eb charm-ante), se beteja kund\u00ebr regjimit \u00ebsht\u00eb m\u00eb e r\u00ebnd\u00ebsishme se \u00e7do merak identitar, dhe se \u00e7do kompleks i tyre p\u00ebrball\u00eb sulmeve e akuzave q\u00eb mund t\u2019u vin\u00eb nga regjimi p\u00ebr \u201cbashk\u00ebpunim me t\u00eb majt\u00ebt\u201d.<\/p>\n<p>E n\u00eb rrethanat q\u00eb nuk do t\u2019i bindja, s\u2019do mend q\u00eb do t\u00eb inkurajoja krijimin e nj\u00eb poli t\u00eb fort\u00eb t\u00eb tret\u00eb. Por n\u00eb k\u00ebt\u00eb mes nuk kan\u00eb nevoj\u00eb p\u00ebr ndonj\u00eb inkurajim nga jasht\u00eb. \u00cbsht\u00eb vet\u00eb Kodi Elektoral q\u00eb i detyron t\u00eb hyjn\u00eb n\u00eb zgjedhje ose si nj\u00eb pol i gjer\u00eb i tret\u00eb, ose si nj\u00eb front i gjer\u00eb opozitar. Alternativa e tret\u00eb, dihet cila \u00ebsht\u00eb: d\u00ebshtimi total i tyre\u201d, \u00ebsht\u00eb analiza e Mustafa Nanos.<\/p>\n","protected":false},"excerpt":{"rendered":"<p>TemA Online, 25 Gusht 2012 Komentatori Mustafa Nano, i peytur lidhur me krijimin e nj\u00eb poli t\u00eb tret\u00eb n\u00eb politik\u00ebn shqiptare nga Aleanca KuqeZi dhe FRD, nga gazetar\u00ebt e \u201cMapo\u201d, shprehet se p\u00ebr t\u00eb, do t\u00eb ishte m\u00eb mir\u00eb krijimi i formimit t\u00eb nj\u00eb fronti t\u00eb vet\u00ebm kund\u00ebr k\u00ebtij regjimi. Madje, sipas Nanos, p\u00ebrball\u00eb nj\u00eb [&hellip;]<\/p>\n","protected":false},"author":1,"featured_media":0,"comment_status":"open","ping_status":"closed","sticky":false,"template":"","format":"standard","meta":{"footnotes":""},"categories":[2],"tags":[],"class_list":{"0":"post-4665","1":"post","2":"type-post","3":"status-publish","4":"format-standard","6":"category-artikuj"},"yoast_head":"<!-- This site is optimized with the Yoast SEO plugin v27.4 - https:\/\/yoast.com\/product\/yoast-seo-wordpress\/ -->\n<title>Mustafa Nano:P\u00ebrball\u00eb nj\u00eb regjimi t\u00eb till\u00eb, edhe \u00e7do qelb\u00ebsir\u00eb q\u00eb ka arsyet e veta kund\u00ebr regjimit, duhet par\u00eb si nj\u00eb resurs opozitar - FjALA e LIR\u00cb - Arkivi<\/title>\n<meta name=\"robots\" content=\"index, follow, max-snippet:-1, max-image-preview:large, max-video-preview:-1\" \/>\n<link rel=\"canonical\" href=\"https:\/\/fjala.info\/2009-2015\/mustafa-nanoperballe-nje-regjimi-te-tille-edhe-cdo-qelbesire-qe-ka-arsyet-e-veta-kunder-regjimit-duhet-pare-si-nje-resurs-opozitar\/\" \/>\n<meta property=\"og:locale\" content=\"sq_AL\" \/>\n<meta property=\"og:type\" content=\"article\" \/>\n<meta property=\"og:title\" content=\"Mustafa Nano:P\u00ebrball\u00eb nj\u00eb regjimi t\u00eb till\u00eb, edhe \u00e7do qelb\u00ebsir\u00eb q\u00eb ka arsyet e veta kund\u00ebr regjimit, duhet par\u00eb si nj\u00eb resurs opozitar - FjALA e LIR\u00cb - Arkivi\" \/>\n<meta property=\"og:description\" content=\"TemA Online, 25 Gusht 2012 Komentatori Mustafa Nano, i peytur lidhur me krijimin e nj\u00eb poli t\u00eb tret\u00eb n\u00eb politik\u00ebn shqiptare nga Aleanca KuqeZi dhe FRD, nga gazetar\u00ebt e \u201cMapo\u201d, shprehet se p\u00ebr t\u00eb, do t\u00eb ishte m\u00eb mir\u00eb krijimi i formimit t\u00eb nj\u00eb fronti t\u00eb vet\u00ebm kund\u00ebr k\u00ebtij regjimi. Madje, sipas Nanos, p\u00ebrball\u00eb nj\u00eb [&hellip;]\" \/>\n<meta property=\"og:url\" content=\"https:\/\/fjala.info\/2009-2015\/mustafa-nanoperballe-nje-regjimi-te-tille-edhe-cdo-qelbesire-qe-ka-arsyet-e-veta-kunder-regjimit-duhet-pare-si-nje-resurs-opozitar\/\" \/>\n<meta property=\"og:site_name\" content=\"FjALA e LIR\u00cb - Arkivi\" \/>\n<meta property=\"article:published_time\" content=\"2012-08-26T07:10:01+00:00\" \/>\n<meta property=\"og:image\" content=\"http:\/\/www.fjala.info\/2012\/mustafa_nano.jpg\" \/>\n<meta name=\"author\" content=\"admin\" \/>\n<meta name=\"twitter:card\" content=\"summary_large_image\" \/>\n<meta name=\"twitter:label1\" content=\"Written by\" \/>\n\t<meta name=\"twitter:data1\" content=\"admin\" \/>\n\t<meta name=\"twitter:label2\" content=\"Est. reading time\" \/>\n\t<meta name=\"twitter:data2\" content=\"2 minutes\" \/>\n<script type=\"application\/ld+json\" class=\"yoast-schema-graph\">{\"@context\":\"https:\\\/\\\/schema.org\",\"@graph\":[{\"@type\":\"Article\",\"@id\":\"https:\\\/\\\/fjala.info\\\/2009-2015\\\/mustafa-nanoperballe-nje-regjimi-te-tille-edhe-cdo-qelbesire-qe-ka-arsyet-e-veta-kunder-regjimit-duhet-pare-si-nje-resurs-opozitar\\\/#article\",\"isPartOf\":{\"@id\":\"https:\\\/\\\/fjala.info\\\/2009-2015\\\/mustafa-nanoperballe-nje-regjimi-te-tille-edhe-cdo-qelbesire-qe-ka-arsyet-e-veta-kunder-regjimit-duhet-pare-si-nje-resurs-opozitar\\\/\"},\"author\":{\"name\":\"admin\",\"@id\":\"https:\\\/\\\/fjala.info\\\/2009-2015\\\/#\\\/schema\\\/person\\\/3aa1163ef05469c496fc94e77611ada2\"},\"headline\":\"Mustafa Nano:P\u00ebrball\u00eb nj\u00eb regjimi t\u00eb till\u00eb, edhe \u00e7do qelb\u00ebsir\u00eb q\u00eb ka arsyet e veta kund\u00ebr regjimit, duhet par\u00eb si nj\u00eb resurs opozitar\",\"datePublished\":\"2012-08-26T07:10:01+00:00\",\"mainEntityOfPage\":{\"@id\":\"https:\\\/\\\/fjala.info\\\/2009-2015\\\/mustafa-nanoperballe-nje-regjimi-te-tille-edhe-cdo-qelbesire-qe-ka-arsyet-e-veta-kunder-regjimit-duhet-pare-si-nje-resurs-opozitar\\\/\"},\"wordCount\":446,\"commentCount\":0,\"publisher\":{\"@id\":\"https:\\\/\\\/fjala.info\\\/2009-2015\\\/#organization\"},\"image\":{\"@id\":\"https:\\\/\\\/fjala.info\\\/2009-2015\\\/mustafa-nanoperballe-nje-regjimi-te-tille-edhe-cdo-qelbesire-qe-ka-arsyet-e-veta-kunder-regjimit-duhet-pare-si-nje-resurs-opozitar\\\/#primaryimage\"},\"thumbnailUrl\":\"http:\\\/\\\/www.fjala.info\\\/2012\\\/mustafa_nano.jpg\",\"articleSection\":[\"Artikuj\"],\"inLanguage\":\"sq-AL\",\"potentialAction\":[{\"@type\":\"CommentAction\",\"name\":\"Comment\",\"target\":[\"https:\\\/\\\/fjala.info\\\/2009-2015\\\/mustafa-nanoperballe-nje-regjimi-te-tille-edhe-cdo-qelbesire-qe-ka-arsyet-e-veta-kunder-regjimit-duhet-pare-si-nje-resurs-opozitar\\\/#respond\"]}]},{\"@type\":\"WebPage\",\"@id\":\"https:\\\/\\\/fjala.info\\\/2009-2015\\\/mustafa-nanoperballe-nje-regjimi-te-tille-edhe-cdo-qelbesire-qe-ka-arsyet-e-veta-kunder-regjimit-duhet-pare-si-nje-resurs-opozitar\\\/\",\"url\":\"https:\\\/\\\/fjala.info\\\/2009-2015\\\/mustafa-nanoperballe-nje-regjimi-te-tille-edhe-cdo-qelbesire-qe-ka-arsyet-e-veta-kunder-regjimit-duhet-pare-si-nje-resurs-opozitar\\\/\",\"name\":\"Mustafa Nano:P\u00ebrball\u00eb nj\u00eb regjimi t\u00eb till\u00eb, edhe \u00e7do qelb\u00ebsir\u00eb q\u00eb ka arsyet e veta kund\u00ebr regjimit, duhet par\u00eb si nj\u00eb resurs opozitar - FjALA e LIR\u00cb - Arkivi\",\"isPartOf\":{\"@id\":\"https:\\\/\\\/fjala.info\\\/2009-2015\\\/#website\"},\"primaryImageOfPage\":{\"@id\":\"https:\\\/\\\/fjala.info\\\/2009-2015\\\/mustafa-nanoperballe-nje-regjimi-te-tille-edhe-cdo-qelbesire-qe-ka-arsyet-e-veta-kunder-regjimit-duhet-pare-si-nje-resurs-opozitar\\\/#primaryimage\"},\"image\":{\"@id\":\"https:\\\/\\\/fjala.info\\\/2009-2015\\\/mustafa-nanoperballe-nje-regjimi-te-tille-edhe-cdo-qelbesire-qe-ka-arsyet-e-veta-kunder-regjimit-duhet-pare-si-nje-resurs-opozitar\\\/#primaryimage\"},\"thumbnailUrl\":\"http:\\\/\\\/www.fjala.info\\\/2012\\\/mustafa_nano.jpg\",\"datePublished\":\"2012-08-26T07:10:01+00:00\",\"breadcrumb\":{\"@id\":\"https:\\\/\\\/fjala.info\\\/2009-2015\\\/mustafa-nanoperballe-nje-regjimi-te-tille-edhe-cdo-qelbesire-qe-ka-arsyet-e-veta-kunder-regjimit-duhet-pare-si-nje-resurs-opozitar\\\/#breadcrumb\"},\"inLanguage\":\"sq-AL\",\"potentialAction\":[{\"@type\":\"ReadAction\",\"target\":[\"https:\\\/\\\/fjala.info\\\/2009-2015\\\/mustafa-nanoperballe-nje-regjimi-te-tille-edhe-cdo-qelbesire-qe-ka-arsyet-e-veta-kunder-regjimit-duhet-pare-si-nje-resurs-opozitar\\\/\"]}]},{\"@type\":\"ImageObject\",\"inLanguage\":\"sq-AL\",\"@id\":\"https:\\\/\\\/fjala.info\\\/2009-2015\\\/mustafa-nanoperballe-nje-regjimi-te-tille-edhe-cdo-qelbesire-qe-ka-arsyet-e-veta-kunder-regjimit-duhet-pare-si-nje-resurs-opozitar\\\/#primaryimage\",\"url\":\"http:\\\/\\\/www.fjala.info\\\/2012\\\/mustafa_nano.jpg\",\"contentUrl\":\"http:\\\/\\\/www.fjala.info\\\/2012\\\/mustafa_nano.jpg\"},{\"@type\":\"BreadcrumbList\",\"@id\":\"https:\\\/\\\/fjala.info\\\/2009-2015\\\/mustafa-nanoperballe-nje-regjimi-te-tille-edhe-cdo-qelbesire-qe-ka-arsyet-e-veta-kunder-regjimit-duhet-pare-si-nje-resurs-opozitar\\\/#breadcrumb\",\"itemListElement\":[{\"@type\":\"ListItem\",\"position\":1,\"name\":\"Home\",\"item\":\"https:\\\/\\\/fjala.info\\\/2009-2015\\\/\"},{\"@type\":\"ListItem\",\"position\":2,\"name\":\"Mustafa Nano:P\u00ebrball\u00eb nj\u00eb regjimi t\u00eb till\u00eb, edhe \u00e7do qelb\u00ebsir\u00eb q\u00eb ka arsyet e veta kund\u00ebr regjimit, duhet par\u00eb si nj\u00eb resurs opozitar\"}]},{\"@type\":\"WebSite\",\"@id\":\"https:\\\/\\\/fjala.info\\\/2009-2015\\\/#website\",\"url\":\"https:\\\/\\\/fjala.info\\\/2009-2015\\\/\",\"name\":\"FjALA e LIR\u00cb - Arkivi\",\"description\":\"Arkivi 2009-2015\",\"publisher\":{\"@id\":\"https:\\\/\\\/fjala.info\\\/2009-2015\\\/#organization\"},\"potentialAction\":[{\"@type\":\"SearchAction\",\"target\":{\"@type\":\"EntryPoint\",\"urlTemplate\":\"https:\\\/\\\/fjala.info\\\/2009-2015\\\/?s={search_term_string}\"},\"query-input\":{\"@type\":\"PropertyValueSpecification\",\"valueRequired\":true,\"valueName\":\"search_term_string\"}}],\"inLanguage\":\"sq-AL\"},{\"@type\":\"Organization\",\"@id\":\"https:\\\/\\\/fjala.info\\\/2009-2015\\\/#organization\",\"name\":\"FjALA e LIR\u00cb - Arkivi\",\"url\":\"https:\\\/\\\/fjala.info\\\/2009-2015\\\/\",\"logo\":{\"@type\":\"ImageObject\",\"inLanguage\":\"sq-AL\",\"@id\":\"https:\\\/\\\/fjala.info\\\/2009-2015\\\/#\\\/schema\\\/logo\\\/image\\\/\",\"url\":\"\",\"contentUrl\":\"\",\"caption\":\"FjALA e LIR\u00cb - Arkivi\"},\"image\":{\"@id\":\"https:\\\/\\\/fjala.info\\\/2009-2015\\\/#\\\/schema\\\/logo\\\/image\\\/\"}},{\"@type\":\"Person\",\"@id\":\"https:\\\/\\\/fjala.info\\\/2009-2015\\\/#\\\/schema\\\/person\\\/3aa1163ef05469c496fc94e77611ada2\",\"name\":\"admin\",\"image\":{\"@type\":\"ImageObject\",\"inLanguage\":\"sq-AL\",\"@id\":\"https:\\\/\\\/fjala.info\\\/2009-2015\\\/wp-content\\\/uploads\\\/2012\\\/02\\\/arben_cokaj-120x150.jpg\",\"url\":\"https:\\\/\\\/fjala.info\\\/2009-2015\\\/wp-content\\\/uploads\\\/2012\\\/02\\\/arben_cokaj-120x150.jpg\",\"contentUrl\":\"https:\\\/\\\/fjala.info\\\/2009-2015\\\/wp-content\\\/uploads\\\/2012\\\/02\\\/arben_cokaj-120x150.jpg\",\"caption\":\"admin\"},\"description\":\"Admin, Fjala e Lir\u00eb\",\"sameAs\":[\"https:\\\/\\\/fjala.info\\\/\"],\"url\":\"https:\\\/\\\/fjala.info\\\/2009-2015\\\/author\\\/admin\\\/\"}]}<\/script>\n<!-- \/ Yoast SEO plugin. -->","yoast_head_json":{"title":"Mustafa Nano:P\u00ebrball\u00eb nj\u00eb regjimi t\u00eb till\u00eb, edhe \u00e7do qelb\u00ebsir\u00eb q\u00eb ka arsyet e veta kund\u00ebr regjimit, duhet par\u00eb si nj\u00eb resurs opozitar - FjALA e LIR\u00cb - Arkivi","robots":{"index":"index","follow":"follow","max-snippet":"max-snippet:-1","max-image-preview":"max-image-preview:large","max-video-preview":"max-video-preview:-1"},"canonical":"https:\/\/fjala.info\/2009-2015\/mustafa-nanoperballe-nje-regjimi-te-tille-edhe-cdo-qelbesire-qe-ka-arsyet-e-veta-kunder-regjimit-duhet-pare-si-nje-resurs-opozitar\/","og_locale":"sq_AL","og_type":"article","og_title":"Mustafa Nano:P\u00ebrball\u00eb nj\u00eb regjimi t\u00eb till\u00eb, edhe \u00e7do qelb\u00ebsir\u00eb q\u00eb ka arsyet e veta kund\u00ebr regjimit, duhet par\u00eb si nj\u00eb resurs opozitar - FjALA e LIR\u00cb - Arkivi","og_description":"TemA Online, 25 Gusht 2012 Komentatori Mustafa Nano, i peytur lidhur me krijimin e nj\u00eb poli t\u00eb tret\u00eb n\u00eb politik\u00ebn shqiptare nga Aleanca KuqeZi dhe FRD, nga gazetar\u00ebt e \u201cMapo\u201d, shprehet se p\u00ebr t\u00eb, do t\u00eb ishte m\u00eb mir\u00eb krijimi i formimit t\u00eb nj\u00eb fronti t\u00eb vet\u00ebm kund\u00ebr k\u00ebtij regjimi. Madje, sipas Nanos, p\u00ebrball\u00eb nj\u00eb [&hellip;]","og_url":"https:\/\/fjala.info\/2009-2015\/mustafa-nanoperballe-nje-regjimi-te-tille-edhe-cdo-qelbesire-qe-ka-arsyet-e-veta-kunder-regjimit-duhet-pare-si-nje-resurs-opozitar\/","og_site_name":"FjALA e LIR\u00cb - Arkivi","article_published_time":"2012-08-26T07:10:01+00:00","og_image":[{"url":"http:\/\/www.fjala.info\/2012\/mustafa_nano.jpg","type":"","width":"","height":""}],"author":"admin","twitter_card":"summary_large_image","twitter_misc":{"Written by":"admin","Est. reading time":"2 minutes"},"schema":{"@context":"https:\/\/schema.org","@graph":[{"@type":"Article","@id":"https:\/\/fjala.info\/2009-2015\/mustafa-nanoperballe-nje-regjimi-te-tille-edhe-cdo-qelbesire-qe-ka-arsyet-e-veta-kunder-regjimit-duhet-pare-si-nje-resurs-opozitar\/#article","isPartOf":{"@id":"https:\/\/fjala.info\/2009-2015\/mustafa-nanoperballe-nje-regjimi-te-tille-edhe-cdo-qelbesire-qe-ka-arsyet-e-veta-kunder-regjimit-duhet-pare-si-nje-resurs-opozitar\/"},"author":{"name":"admin","@id":"https:\/\/fjala.info\/2009-2015\/#\/schema\/person\/3aa1163ef05469c496fc94e77611ada2"},"headline":"Mustafa Nano:P\u00ebrball\u00eb nj\u00eb regjimi t\u00eb till\u00eb, edhe \u00e7do qelb\u00ebsir\u00eb q\u00eb ka arsyet e veta kund\u00ebr regjimit, duhet par\u00eb si nj\u00eb resurs opozitar","datePublished":"2012-08-26T07:10:01+00:00","mainEntityOfPage":{"@id":"https:\/\/fjala.info\/2009-2015\/mustafa-nanoperballe-nje-regjimi-te-tille-edhe-cdo-qelbesire-qe-ka-arsyet-e-veta-kunder-regjimit-duhet-pare-si-nje-resurs-opozitar\/"},"wordCount":446,"commentCount":0,"publisher":{"@id":"https:\/\/fjala.info\/2009-2015\/#organization"},"image":{"@id":"https:\/\/fjala.info\/2009-2015\/mustafa-nanoperballe-nje-regjimi-te-tille-edhe-cdo-qelbesire-qe-ka-arsyet-e-veta-kunder-regjimit-duhet-pare-si-nje-resurs-opozitar\/#primaryimage"},"thumbnailUrl":"http:\/\/www.fjala.info\/2012\/mustafa_nano.jpg","articleSection":["Artikuj"],"inLanguage":"sq-AL","potentialAction":[{"@type":"CommentAction","name":"Comment","target":["https:\/\/fjala.info\/2009-2015\/mustafa-nanoperballe-nje-regjimi-te-tille-edhe-cdo-qelbesire-qe-ka-arsyet-e-veta-kunder-regjimit-duhet-pare-si-nje-resurs-opozitar\/#respond"]}]},{"@type":"WebPage","@id":"https:\/\/fjala.info\/2009-2015\/mustafa-nanoperballe-nje-regjimi-te-tille-edhe-cdo-qelbesire-qe-ka-arsyet-e-veta-kunder-regjimit-duhet-pare-si-nje-resurs-opozitar\/","url":"https:\/\/fjala.info\/2009-2015\/mustafa-nanoperballe-nje-regjimi-te-tille-edhe-cdo-qelbesire-qe-ka-arsyet-e-veta-kunder-regjimit-duhet-pare-si-nje-resurs-opozitar\/","name":"Mustafa Nano:P\u00ebrball\u00eb nj\u00eb regjimi t\u00eb till\u00eb, edhe \u00e7do qelb\u00ebsir\u00eb q\u00eb ka arsyet e veta kund\u00ebr regjimit, duhet par\u00eb si nj\u00eb resurs opozitar - FjALA e LIR\u00cb - Arkivi","isPartOf":{"@id":"https:\/\/fjala.info\/2009-2015\/#website"},"primaryImageOfPage":{"@id":"https:\/\/fjala.info\/2009-2015\/mustafa-nanoperballe-nje-regjimi-te-tille-edhe-cdo-qelbesire-qe-ka-arsyet-e-veta-kunder-regjimit-duhet-pare-si-nje-resurs-opozitar\/#primaryimage"},"image":{"@id":"https:\/\/fjala.info\/2009-2015\/mustafa-nanoperballe-nje-regjimi-te-tille-edhe-cdo-qelbesire-qe-ka-arsyet-e-veta-kunder-regjimit-duhet-pare-si-nje-resurs-opozitar\/#primaryimage"},"thumbnailUrl":"http:\/\/www.fjala.info\/2012\/mustafa_nano.jpg","datePublished":"2012-08-26T07:10:01+00:00","breadcrumb":{"@id":"https:\/\/fjala.info\/2009-2015\/mustafa-nanoperballe-nje-regjimi-te-tille-edhe-cdo-qelbesire-qe-ka-arsyet-e-veta-kunder-regjimit-duhet-pare-si-nje-resurs-opozitar\/#breadcrumb"},"inLanguage":"sq-AL","potentialAction":[{"@type":"ReadAction","target":["https:\/\/fjala.info\/2009-2015\/mustafa-nanoperballe-nje-regjimi-te-tille-edhe-cdo-qelbesire-qe-ka-arsyet-e-veta-kunder-regjimit-duhet-pare-si-nje-resurs-opozitar\/"]}]},{"@type":"ImageObject","inLanguage":"sq-AL","@id":"https:\/\/fjala.info\/2009-2015\/mustafa-nanoperballe-nje-regjimi-te-tille-edhe-cdo-qelbesire-qe-ka-arsyet-e-veta-kunder-regjimit-duhet-pare-si-nje-resurs-opozitar\/#primaryimage","url":"http:\/\/www.fjala.info\/2012\/mustafa_nano.jpg","contentUrl":"http:\/\/www.fjala.info\/2012\/mustafa_nano.jpg"},{"@type":"BreadcrumbList","@id":"https:\/\/fjala.info\/2009-2015\/mustafa-nanoperballe-nje-regjimi-te-tille-edhe-cdo-qelbesire-qe-ka-arsyet-e-veta-kunder-regjimit-duhet-pare-si-nje-resurs-opozitar\/#breadcrumb","itemListElement":[{"@type":"ListItem","position":1,"name":"Home","item":"https:\/\/fjala.info\/2009-2015\/"},{"@type":"ListItem","position":2,"name":"Mustafa Nano:P\u00ebrball\u00eb nj\u00eb regjimi t\u00eb till\u00eb, edhe \u00e7do qelb\u00ebsir\u00eb q\u00eb ka arsyet e veta kund\u00ebr regjimit, duhet par\u00eb si nj\u00eb resurs opozitar"}]},{"@type":"WebSite","@id":"https:\/\/fjala.info\/2009-2015\/#website","url":"https:\/\/fjala.info\/2009-2015\/","name":"FjALA e LIR\u00cb - Arkivi","description":"Arkivi 2009-2015","publisher":{"@id":"https:\/\/fjala.info\/2009-2015\/#organization"},"potentialAction":[{"@type":"SearchAction","target":{"@type":"EntryPoint","urlTemplate":"https:\/\/fjala.info\/2009-2015\/?s={search_term_string}"},"query-input":{"@type":"PropertyValueSpecification","valueRequired":true,"valueName":"search_term_string"}}],"inLanguage":"sq-AL"},{"@type":"Organization","@id":"https:\/\/fjala.info\/2009-2015\/#organization","name":"FjALA e LIR\u00cb - Arkivi","url":"https:\/\/fjala.info\/2009-2015\/","logo":{"@type":"ImageObject","inLanguage":"sq-AL","@id":"https:\/\/fjala.info\/2009-2015\/#\/schema\/logo\/image\/","url":"","contentUrl":"","caption":"FjALA e LIR\u00cb - Arkivi"},"image":{"@id":"https:\/\/fjala.info\/2009-2015\/#\/schema\/logo\/image\/"}},{"@type":"Person","@id":"https:\/\/fjala.info\/2009-2015\/#\/schema\/person\/3aa1163ef05469c496fc94e77611ada2","name":"admin","image":{"@type":"ImageObject","inLanguage":"sq-AL","@id":"https:\/\/fjala.info\/2009-2015\/wp-content\/uploads\/2012\/02\/arben_cokaj-120x150.jpg","url":"https:\/\/fjala.info\/2009-2015\/wp-content\/uploads\/2012\/02\/arben_cokaj-120x150.jpg","contentUrl":"https:\/\/fjala.info\/2009-2015\/wp-content\/uploads\/2012\/02\/arben_cokaj-120x150.jpg","caption":"admin"},"description":"Admin, Fjala e Lir\u00eb","sameAs":["https:\/\/fjala.info\/"],"url":"https:\/\/fjala.info\/2009-2015\/author\/admin\/"}]}},"_links":{"self":[{"href":"https:\/\/fjala.info\/2009-2015\/wp-json\/wp\/v2\/posts\/4665","targetHints":{"allow":["GET"]}}],"collection":[{"href":"https:\/\/fjala.info\/2009-2015\/wp-json\/wp\/v2\/posts"}],"about":[{"href":"https:\/\/fjala.info\/2009-2015\/wp-json\/wp\/v2\/types\/post"}],"author":[{"embeddable":true,"href":"https:\/\/fjala.info\/2009-2015\/wp-json\/wp\/v2\/users\/1"}],"replies":[{"embeddable":true,"href":"https:\/\/fjala.info\/2009-2015\/wp-json\/wp\/v2\/comments?post=4665"}],"version-history":[{"count":0,"href":"https:\/\/fjala.info\/2009-2015\/wp-json\/wp\/v2\/posts\/4665\/revisions"}],"wp:attachment":[{"href":"https:\/\/fjala.info\/2009-2015\/wp-json\/wp\/v2\/media?parent=4665"}],"wp:term":[{"taxonomy":"category","embeddable":true,"href":"https:\/\/fjala.info\/2009-2015\/wp-json\/wp\/v2\/categories?post=4665"},{"taxonomy":"post_tag","embeddable":true,"href":"https:\/\/fjala.info\/2009-2015\/wp-json\/wp\/v2\/tags?post=4665"}],"curies":[{"name":"wp","href":"https:\/\/api.w.org\/{rel}","templated":true}]}}