{"id":4654,"date":"2010-11-07T08:49:17","date_gmt":"2010-11-07T07:49:17","guid":{"rendered":"http:\/\/fjala.shkoder.net\/?p=4654"},"modified":"2010-11-07T08:49:17","modified_gmt":"2010-11-07T07:49:17","slug":"homazh-kulturor-per-jetish-kadishanin","status":"publish","type":"post","link":"https:\/\/fjala.info\/2009-2015\/homazh-kulturor-per-jetish-kadishanin\/","title":{"rendered":"HOMAZH KULTUROR P\u00cbR JETISH KADISHANIN"},"content":{"rendered":"<p><img loading=\"lazy\" decoding=\"async\" class=\"alignright size-full wp-image-4655\" title=\"Prend Buzhala\" src=\"http:\/\/fjala.shkoder.net\/wp-content\/uploads\/2010\/11\/prend_buzhala.jpg\" alt=\"\" width=\"150\" height=\"169\" \/><\/p>\n<p><strong><em>Biograf i palodhur i L\u00ebvizjes Nacionaldemokratike Shqiptare<\/em><\/strong><\/p>\n<p><strong>Prend BUZHALA<\/strong><\/p>\n<p><em>N\u00eb mosh\u00ebn 62-vje\u00e7are, Jetish Kadishani (1948-2010) papritmas nd\u00ebrroi jet\u00eb n\u00eb Spitalin e Tiran\u00ebs. Ai ishte hulumtues i palodhur i historis\u00eb s\u00eb lavdishme t\u00ebpopullit t\u00eb Kosov\u00ebs. Mund t\u00eb themi se ai ishte historiani publicist nd\u00ebr m\u00eb t\u00eb zellshmit t\u00eb historis\u00eb s\u00eb L\u00ebvizjes Nacionaldemokratike Shqiptare.<\/em><\/p>\n<p><em>Jetish Kadishani hyn n\u00eb radh\u00ebn e atyre emrave q\u00eb jan\u00eb marr\u00eb me disa fusha t\u00eb krijimtaris\u00eb intelektuale, studimore, publicistike e letrare. P\u00ebr njer\u00ebzit e pen\u00ebs, sikund\u00ebr ishte Jetish Kadishani, nuk kishte pushim as n\u00eb rrethana t\u00eb r\u00ebnda, \u00e7far\u00eb ishin ato t\u00eb dhun\u00ebs e t\u00eb rob\u00ebris\u00eb, apo t\u00eb koh\u00ebs s\u00eb paqes.<\/em><\/p>\n<p><em>Muza intelektuale nuk t\u00ebrhiqet as at\u00ebher\u00eb kur nuk do t\u00eb ket\u00eb qet\u00ebsi a p\u00ebrgjumje, ashtu sikund\u00ebr vepron edhe n\u00eb koh\u00ebn kur pushojn\u00eb arm\u00ebt.<\/em><\/p>\n<p><strong>Angazhime n\u00eb fush\u00ebn e shkrimeve dhe t\u00eb botimeve <\/strong><\/p>\n<p>P\u00ebr k\u00ebt\u00eb gj\u00eb jan\u00eb d\u00ebshmi edhe rreth 20 vepra t\u00eb botuara nga JetishKadishani, si\u00e7 \u00ebsht\u00eb vepra poetike p\u00ebr f\u00ebmij\u00eb &#8220;Ecni ball\u00ebhapur, (Prishtin\u00eb 1974), apo ajo p\u00ebr t\u00eb rritur &#8220;Lot n\u00eb beb\u00ebza&#8221; (poezi, 2000), pastaj si\u00e7 jan\u00eb veprat folklorike e etnologjike &#8220;Fjal\u00eb t\u00eb urta dhe shprehje popullore&#8221; (botimi Klubit Letrar &#8220;Jehona e Dukagjinit&#8221;, Klin\u00eb 1988), &#8220;Dertet e dynjas\u00eb&#8221; (k\u00ebng\u00eb humoristike-satirike popullore, &#8220;Z\u00ebri i Dukagjinit&#8221;, Klin\u00eb 1992), veprat tjera historike-publicistike, si &#8220;Qazim Bajraktari-prij\u00ebs i bajrakut t\u00eb Astrzupit&#8221; (Prishtin\u00eb 1994, botimi i dyt\u00eb 2001), jan\u00eb monografit\u00eb q\u00eb vijn\u00eb nj\u00ebra pas tjetr\u00ebs, si &#8220;Pishtari i drit\u00ebs&#8221; (monografi p\u00ebr veprimtarin e arsimit Munish Ramadani, 1999), &#8220;Alush Smajli-Qerrataja &#8211; 1899-1946 {botuar m\u00eb 2001), &#8220;Ndue P\u00ebrlleshi, trimi i Dukagjinit&#8221; (2002, botimi i dyt\u00eb 2009), &#8220;Sadik Rama-Gjurgjeviku&#8221;, 2003), &#8220;Ngjarje dhe portrete historike&#8221; 2004), &#8220;Bajram \u00c7ukovci- Curri, luft\u00ebtar i guximsh\u00ebm i nacionalizmit shqiptar&#8221;, &#8220;Lufta e \u00c7elis\u00eb s\u00eb Si\u00e7ev\u00ebs dhe komandant Shaban Sadiku&#8221; &#8220;Uk\u00eb Sadiku&#8221; etj.<\/p>\n<p>Te vepra e tij personale bibliografike &#8220;Bibliografi personale 1968-2004&#8221;, (2004), ku jan\u00eb sh\u00ebnuar, 1502 nj\u00ebsi bibliografike t\u00eb botuara e t\u00eb publikuara, n\u00ebnvizohet se jan\u00eb rreth 922 nj\u00ebsi bibliografike t\u00eb botuara nga l\u00ebmi i gazetaris\u00eb dhe publicistik\u00ebs, 123 nga proza tregimtare folklorike, 195 nga poezia gojore, 46 nga nj\u00ebsit\u00eb minore, 110 nj\u00ebsi nga fejtonistika, 53 nga l\u00ebmi i shkrimeve etnografike, 39 poezi t\u00eb botuara dhe nj\u00eb proz\u00eb e botuar.<\/p>\n<p>Pra, p\u00ebr afro kat\u00ebr dekada kemi autorin e zellsh\u00ebm q\u00eb ka botuar shkrime n\u00eb l\u00ebmin e let\u00ebrsis\u00eb, publicistik\u00ebs historike, gazetaris\u00eb, folkloristik\u00ebs dhe mbledhjes s\u00eb folklorit, etnografis\u00eb, po edhe t\u00eb bibliotekaris\u00eb dhe bibliografis\u00eb.<\/p>\n<p>Pos n\u00eb revista e gazeta, shkrimet me preferenca shkencore jan\u00eb botuar edhe te revyt\u00eb shkencore &#8220;Gjurmime albanologjike&#8221; (Prishtin\u00eb), &#8220;Kultura popullore&#8221; (Tiran\u00eb), &#8220;Jehona&#8221; (Shkup) etj. Nd\u00ebr to dallohen punimet &#8220;Kontributi i Anton \u00c7ett\u00ebs n\u00eb fush\u00ebn e folklorit&#8221;, &#8220;Mbi jet\u00ebn e veprimtarin\u00eb e Mati Logorecit&#8221;, &#8220;Disa bes\u00ebtytni rreth paralajm\u00ebrimit t\u00eb vdekjes n\u00eb Drenic\u00eb&#8221;, pastaj shkrimet p\u00ebr jet\u00ebn dhe veprimtarin\u00eb e Qemal Haxhihasanit, p\u00ebr rolin e pedagogut n\u00eb shkoll\u00eb etj.<\/p>\n<p>Pa pretendimin p\u00ebr t\u00eb t\u00ebrhequr vija t\u00eb trasha midis koh\u00ebve, po theksojm\u00eb se rezultat i k\u00ebtij angazhimi jan\u00eb edhe angazhimi n\u00eb l\u00ebmin e arsimit, zelli i treguar n\u00eb l\u00ebmin e kultur\u00ebs, si bibliotekar e librar i lart\u00eb, si correspondent e gazetar, po edhe si themelues e redaktues i revistave lokale, si &#8220;Fjala e lir\u00eb&#8221; dhe &#8220;Vatra&#8221;, &#8220;Jehona e Dukagjinit&#8221; etj., si dhe i revist\u00ebs humoristike-satirike &#8220;Ngucakeqi&#8221;.<\/p>\n<p>Dashamir\u00ebt e librit do ta ken\u00eb takuar p\u00ebr vite t\u00eb t\u00ebra n\u00ebp\u00ebr biblioteka e me shp\u00ebrndarjen e rrjetit librar t\u00eb librit. Kurse fryt i k\u00ebtij kontakti me publikun dhe me librin, me shkrimin studimor e publicistik, ishin edhe puna shum\u00ebvje\u00e7are si korrespondent, puna redaktoriale n\u00eb disa revista lokale e themelimi i tyre, si dhe puna n\u00eb cil\u00ebsin\u00eb e bashk\u00ebpun\u00ebtorit t\u00eb jasht\u00ebm t\u00eb Institutit Albanologjik t\u00eb Prishtin\u00ebs q\u00eb nga viti 1968 dhe i Institutit t\u00eb Kultur\u00ebs Popullore n\u00eb Tiran\u00eb, q\u00eb nga viti 1991.<\/p>\n<p>Realizime t\u00eb mira ka arritur edhe n\u00eb fush\u00ebn e fejtonistik\u00ebs, si\u00e7 jan\u00eb shkrimet &#8220;Ndue P\u00ebrlleshi &#8211; trim i Dukagjinit&#8221; q\u00eb doli n\u00eb 22 vazhdime n\u00ebp\u00ebr gazetat shqipe nd\u00ebr ne, pastaj &#8220;Kuvendi i Dob\u00ebrdolit&#8221; dhe &#8220;D\u00ebrvish Shaqa-rapsod homerik i k\u00ebng\u00ebve shqiptare&#8221;, q\u00eb u botua n\u00eb &#8220;Bujku&#8221;.<\/p>\n<p>Si publikimet historike, ashtu edhe ato fejtonistike, karakterizohen nga l\u00ebnda e vjelur n\u00ebp\u00ebr arkiva e nga burimet gojore t\u00eb d\u00ebshmitar\u00ebve e t\u00eb pjes\u00ebmarr\u00ebsve n\u00eb ngjarjet e koh\u00ebs. Projektimi historik i dekad\u00ebs s\u00eb par\u00eb t\u00eb shekullit XX nga k\u00ebto treva, p\u00ebrfshin kat\u00ebr v\u00ebllime, nga t\u00eb cilat u botua v\u00ebllimi i par\u00eb.<\/p>\n<p><strong>Folkloristika, vokacion i ve\u00e7ant\u00eb<\/strong><\/p>\n<p>Ky angazhim intelektual \u00ebsht\u00eb shprehur edhe n\u00eb pun\u00ebn e tij si an\u00ebtar i Shoqat\u00ebs s\u00eb Folklorist\u00ebve t\u00eb Kosov\u00ebs, po edhe si nj\u00ebri nd\u00ebr kryesuesit e Shoqat\u00ebs s\u00eb bibliotekar\u00ebve t\u00eb Kosov\u00ebs etj. Prandaj, t\u00eb krijohet mbresa sikur vokacion i tij i ve\u00e7ant\u00eb mbetet puna n\u00eb mbledhjen e materialeve folklorike, n\u00eb botimin e n\u00eb sistemimin e tyre gjinor n\u00eb v\u00ebllime t\u00eb ve\u00e7anta folklorike.<\/p>\n<p>K\u00ebshtu, n\u00eb paraqitjet p\u00ebr botim, presin radh\u00ebn edhe tet\u00eb v\u00ebllime folklorike, si &#8220;K\u00ebng\u00eb popullore kosovare&#8221;, &#8220;Anekdota&#8221;, &#8220;K\u00ebng\u00eb dhe loj\u00ebra p\u00ebr f\u00ebmij\u00eb&#8221; II, &#8220;Loj\u00ebrat popullore n\u00eb Llapush\u00eb&#8221;, &#8220;Proza popullore e Lugut t\u00eb Drinit&#8221;, &#8220;Leksikon i folklorist\u00ebve shqiptar\u00eb&#8221; etj.<\/p>\n<p>K\u00ebshtu, v\u00ebllimi &#8220;Fjal\u00eb t\u00eb urta dhe shprehje popullore&#8221; \u00ebsht\u00eb fryt i pun\u00ebs shum\u00ebvje\u00e7are i q\u00ebmtimit t\u00eb jet\u00ebs shpirt\u00ebrore dhe urtis\u00eb popullore, duke bredhur n\u00ebp\u00ebr fshatra, n\u00eb ndeja e tubime. Fjal\u00ebt e q\u00ebmtuara jan\u00eb d\u00ebshmi e t\u00eb menduarit filozofik popullor dhe p\u00ebrfshijn\u00eb nj\u00eb hap\u00ebsir\u00eb relativisht t\u00eb gjer\u00eb t\u00eb trevave shqiptare n\u00eb Kosov\u00eb, Ulqin, Tivar, Tetov\u00eb e Gostivar. P\u00ebrfshihen 2970 fjal\u00eb t\u00eb urta, 520 mallkime, 407 urime, 93 gj\u00ebegj\u00ebza dhe 60 shprehje t\u00eb tjera popullore, pra, me gjithsej 4150 nj\u00ebsi. K\u00ebto nj\u00ebsi jan\u00eb sh\u00ebnuar sipas rendit alfabetik.<\/p>\n<p>Sikund\u00ebr dihet, deri m\u00eb tash fare pak jan\u00eb p\u00ebrmbledhur urime e mallkime popullore, prandaj n\u00eb k\u00ebt\u00eb drejtim vepra paraqet nj\u00eb risi dhe ndihmes\u00eb. Po kjo ndihmes\u00eb rishfaqet edhe n\u00eb v\u00ebllimin &#8220;Dertet e dynjas\u00eb&#8221; q\u00eb \u00ebsht\u00eb nj\u00eb p\u00ebrmbledhje k\u00ebng\u00ebsh humoristike-satirike popullore. Libri &#8220;Dertet e dynjas\u00eb&#8221; i Jetish Kadishanit p\u00ebrfshin 37 k\u00ebng\u00eb, t\u00eb mbledhura nga gjasht\u00eb bart\u00ebs-autor\u00eb. Jan\u00eb 37 freska humoristike-satirike, n\u00eb t\u00eb cilat \u00ebsht\u00eb ngjizur nj\u00eb ligj\u00ebrim karakteristik artistik.<\/p>\n<p>Me sa jemi n\u00eb dijeni, n\u00eb fush\u00ebn e botimeve folklorike deri m\u00eb tash nuk \u00ebsht\u00eb publikuar nj\u00eb v\u00ebllim i till\u00eb kaq origjinal! K\u00ebnga me tone satirike, sikund\u00ebr pohon studiuesi Shefqet Pllana, i shtjellon brengat njer\u00ebzore n\u00eb gjirin e popullit ton\u00eb. V\u00ebllimi hapet me shtat\u00eb k\u00ebng\u00eb t\u00eb poem\u00ebs &#8220;Dertet e dynjas\u00eb&#8221;, e cila ka 266 vargje. Bart\u00ebs i saj ishte Dem\u00eb Berisha nga Gjurgjeviku i Madh, krijues i njohur popullor i k\u00ebng\u00ebve rapsodike, bujk autodidakt e plak i autoritetsh\u00ebm.<\/p>\n<p>Kjo poem\u00eb ta kujton epin &#8220;Gargantua e Pantagrueli&#8221;. V\u00ebllimi i paraqet edhe emrat e bart\u00ebsve popullor\u00eb t\u00eb k\u00ebtij zhanri kaq interesant, t\u00eb cil\u00ebt, po ashtu, jan\u00eb edhe vet\u00eb njoh\u00ebs, mbledh\u00ebs e interpretues t\u00eb dalluar t\u00eb krijimtaris\u00eb popullore. K\u00ebng\u00ebt i shquan toni didaktik: si t\u00eb m\u00ebnjanohen e keqja, e liga, e d\u00ebmshmja, e prapambetura, interesat e ngushta materiale; po ky ton e mbizot\u00ebron edhe aspektin estetik e at\u00eb t\u00eb p\u00ebrmbajtjes s\u00eb k\u00ebtyre k\u00ebng\u00ebve.<\/p>\n<p><strong>P\u00ebrkushtimi n\u00eb veprat e histories publicistike<\/strong><\/p>\n<p>Me veprat e tij monografike t\u00eb publicistik\u00ebs historike, Jetish Kadishani dallohet si shkrimtar e studiues me p\u00ebrvoj\u00eb, dallohet me p\u00ebrkushtimin p\u00ebr ndri\u00e7imin e ngjarjeve dhe figurave historike, sidomos nga L\u00ebvizja Nacionaldemokratike Shqiptare n\u00eb drit\u00ebn e s\u00eb v\u00ebrtet\u00ebs historike, t\u00eb jet\u00ebs dhe veprimtaris\u00eb patriotike t\u00eb nacionalist\u00ebve t\u00eb Kosov\u00ebs. &#8220;M\u00eb s\u00eb fundi, pas nj\u00eb hulumtimi shum\u00eb t\u00eb gjat\u00eb, ecejaket e pambarim sht\u00ebpi m\u00eb sht\u00ebpi, nga katundi n\u00eb katund, erdhi k\u00ebnaq\u00ebsia shpirt\u00ebrore, intelektuale dhe historike, q\u00eb i dha fati i madh, rasti e privilegji, p\u00ebr t\u00eb nxjerr\u00eb nga pluhuri i harres\u00ebs shum\u00ebvje\u00e7are figur\u00ebn e madhe t\u00eb nacionalistit t\u00eb shquar, trimit t\u00eb bjeshk\u00ebve t\u00eb Kosov\u00ebs, heroin sypatrembur Ndue P\u00ebrlleshi&#8221;, thuhet n\u00eb nj\u00eb shkrim recensional p\u00ebr vepr\u00ebn e tij.<\/p>\n<p>Ai me merit\u00eb e merr vler\u00ebsimin si biograf i palodhur, p\u00ebr t\u00eb nxjerr\u00eb n\u00eb drit\u00eb nga thell\u00ebsia e viteve historike figurat e m\u00ebdha historike t\u00eb patriot\u00ebve q\u00eb mbet\u00ebn p\u00ebr pes\u00eb dekada t\u00eb pandri\u00e7uara si armiq t\u00eb popullit e t\u00eb Jugosllavis\u00eb.<\/p>\n<p>Ai botoi nj\u00eb seri veprash, serioze, q\u00eb jan\u00eb shkruar deri m\u00eb sot n\u00eb Kosov\u00eb dhe trojet etnike shqiptare; dallohet p\u00ebr perceptimin e t\u00eb v\u00ebrtet\u00ebs historike pa ngarkesa politike e ideologjike, shquhet me gjuh\u00ebn bind\u00ebse e argumentuese t\u00eb fakteve historike, q\u00eb p\u00ebr her\u00eb t\u00eb par\u00eb publikisht po i jepnin p\u00ebrgjigje g\u00ebnjeshtrave e shpifjeve historike serbomadhe e t\u00eb komunist\u00ebve shqiptar\u00eb.<\/p>\n<p>Veprimtarin\u00eb e tij e begaton edhe angazhimi n\u00eb jet\u00ebn politike e t\u00eb rezistenc\u00ebs komb\u00ebtare gjat\u00eb dy dekadave t\u00eb fundit. K\u00ebshtu, ai ka qen\u00eb nd\u00ebr drejtuesit e Partis\u00eb Shqiptare demokristiane n\u00eb Klin\u00eb gjat\u00eb viteve-90, pastaj i spektrit t\u00eb djatht\u00eb politik i partive tradicionale (q\u00eb heqin udh\u00eb q\u00eb nga Lufta e Dyt\u00eb Bot\u00ebrore e k\u00ebndej).<\/p>\n<p>N\u00eb nj\u00eb telegram t\u00eb Lidhjes Shqiptare t\u00eb Prizrenit (Albanian League of Prizren), nga Kryesia me Qend\u00ebr n\u00eb Nju Jork, SHBA, thuhet: se i ndjeri Mr. Kadishani, ka qen\u00eb pjes\u00ebmarr\u00ebs aktiv n\u00eb n\u00ebnt\u00eb simpoziume historike kushtuar ndri\u00e7imit t\u00eb figurave t\u00eb s\u00eb Djatht\u00ebs Shqiptare n\u00eb Mbrojtje t\u00eb Shqip\u00ebris\u00eb Etnike, mbajtur n\u00eb disa qytete dhe shtete t\u00eb Evrop\u00ebs, si: Hamburg, Shkod\u00ebr, Prizren, Klin\u00eb, Burim (Istog), Shkup, Rr\u00ebshen, Ferizaj, Kuk\u00ebs, punime t\u00eb cilat jan\u00eb botuar n\u00eb 9 volume; se paralelisht me k\u00ebto aktivitete shkencore historike, ai ka qen\u00eb bashk\u00ebpun\u00ebtor dhe referues serioz n\u00eb shum\u00eb takime n\u00eb p\u00ebrkujtim t\u00eb shum\u00eb figurave t\u00eb shquara komb\u00ebtare t\u00eb mbajtura n\u00eb trojet etnike shqiptare dhe diaspor\u00eb.<\/p>\n<p>Dashamir\u00ebt e librit do ta ken\u00eb takuar p\u00ebr vite t\u00eb t\u00ebra n\u00ebp\u00ebr biblioteka e me shp\u00ebrndarjen e rrjetit librar t\u00eb librit. Kurse fryt i k\u00ebtij kontakti me publikun dhe me librin, me shkrimin studimor e publicistik, ishin edhe puna shum\u00ebvje\u00e7are si korrespondent, puna redaktoriale n\u00eb disa revista lokale e themelimi i tyre, si nj\u00ebri nd\u00ebr drejtuesit e revist\u00ebs prestigjioze lokale q\u00eb zuri t\u00eb dilte q\u00eb nga fundvitet-6-e deri m\u00eb 199 n\u00eb Klin\u00eb, pastaj i revistave lokale, si &#8220;Fjala e lir\u00eb&#8221;, &#8220;F\u00ebmij\u00ebt e Dukagjinit&#8221;, &#8220;Vatra&#8221; etj, si dhe i revist\u00ebs humoristike &#8220;Nd\u00ebrskamca&#8221;.<\/p>\n<p>Nd\u00ebrkaq, puna e tij n\u00eb p\u00ebrhapjen e librit shfaqet edhe n\u00eb veprimtarin\u00eb e botimeve, si drejtues i Sht\u00ebpis\u00eb Botuese &#8220;Drenusha&#8221;, ku koh\u00ebve t\u00eb fundit botoi v\u00ebllimin e plot\u00eb t\u00eb veprave t\u00eb Din Mehmetit.<\/p>\n","protected":false},"excerpt":{"rendered":"<p>Biograf i palodhur i L\u00ebvizjes Nacionaldemokratike Shqiptare Prend BUZHALA N\u00eb mosh\u00ebn 62-vje\u00e7are, Jetish Kadishani (1948-2010) papritmas nd\u00ebrroi jet\u00eb n\u00eb Spitalin e Tiran\u00ebs. Ai ishte hulumtues i palodhur i historis\u00eb s\u00eb lavdishme t\u00ebpopullit t\u00eb Kosov\u00ebs. Mund t\u00eb themi se ai ishte historiani publicist nd\u00ebr m\u00eb t\u00eb zellshmit t\u00eb historis\u00eb s\u00eb L\u00ebvizjes Nacionaldemokratike Shqiptare. Jetish Kadishani hyn [&hellip;]<\/p>\n","protected":false},"author":1,"featured_media":0,"comment_status":"open","ping_status":"closed","sticky":false,"template":"","format":"standard","meta":{"footnotes":""},"categories":[2],"tags":[],"class_list":{"0":"post-4654","1":"post","2":"type-post","3":"status-publish","4":"format-standard","6":"category-artikuj"},"yoast_head":"<!-- This site is optimized with the Yoast SEO plugin v27.4 - https:\/\/yoast.com\/product\/yoast-seo-wordpress\/ -->\n<title>HOMAZH KULTUROR P\u00cbR JETISH KADISHANIN - FjALA e LIR\u00cb - Arkivi<\/title>\n<meta name=\"robots\" content=\"index, follow, max-snippet:-1, max-image-preview:large, max-video-preview:-1\" \/>\n<link rel=\"canonical\" href=\"https:\/\/fjala.info\/2009-2015\/homazh-kulturor-per-jetish-kadishanin\/\" \/>\n<meta property=\"og:locale\" content=\"sq_AL\" \/>\n<meta property=\"og:type\" content=\"article\" \/>\n<meta property=\"og:title\" content=\"HOMAZH KULTUROR P\u00cbR JETISH KADISHANIN - FjALA e LIR\u00cb - Arkivi\" \/>\n<meta property=\"og:description\" content=\"Biograf i palodhur i L\u00ebvizjes Nacionaldemokratike Shqiptare Prend BUZHALA N\u00eb mosh\u00ebn 62-vje\u00e7are, Jetish Kadishani (1948-2010) papritmas nd\u00ebrroi jet\u00eb n\u00eb Spitalin e Tiran\u00ebs. Ai ishte hulumtues i palodhur i historis\u00eb s\u00eb lavdishme t\u00ebpopullit t\u00eb Kosov\u00ebs. Mund t\u00eb themi se ai ishte historiani publicist nd\u00ebr m\u00eb t\u00eb zellshmit t\u00eb historis\u00eb s\u00eb L\u00ebvizjes Nacionaldemokratike Shqiptare. Jetish Kadishani hyn [&hellip;]\" \/>\n<meta property=\"og:url\" content=\"https:\/\/fjala.info\/2009-2015\/homazh-kulturor-per-jetish-kadishanin\/\" \/>\n<meta property=\"og:site_name\" content=\"FjALA e LIR\u00cb - Arkivi\" \/>\n<meta property=\"article:published_time\" content=\"2010-11-07T07:49:17+00:00\" \/>\n<meta property=\"og:image\" content=\"http:\/\/fjala.shkoder.net\/wp-content\/uploads\/2010\/11\/prend_buzhala.jpg\" \/>\n<meta name=\"author\" content=\"admin\" \/>\n<meta name=\"twitter:card\" content=\"summary_large_image\" \/>\n<meta name=\"twitter:label1\" content=\"Written by\" \/>\n\t<meta name=\"twitter:data1\" content=\"admin\" \/>\n\t<meta name=\"twitter:label2\" content=\"Est. reading time\" \/>\n\t<meta name=\"twitter:data2\" content=\"9 minutes\" \/>\n<script type=\"application\/ld+json\" class=\"yoast-schema-graph\">{\"@context\":\"https:\\\/\\\/schema.org\",\"@graph\":[{\"@type\":\"Article\",\"@id\":\"https:\\\/\\\/fjala.info\\\/2009-2015\\\/homazh-kulturor-per-jetish-kadishanin\\\/#article\",\"isPartOf\":{\"@id\":\"https:\\\/\\\/fjala.info\\\/2009-2015\\\/homazh-kulturor-per-jetish-kadishanin\\\/\"},\"author\":{\"name\":\"admin\",\"@id\":\"https:\\\/\\\/fjala.info\\\/2009-2015\\\/#\\\/schema\\\/person\\\/3aa1163ef05469c496fc94e77611ada2\"},\"headline\":\"HOMAZH KULTUROR P\u00cbR JETISH KADISHANIN\",\"datePublished\":\"2010-11-07T07:49:17+00:00\",\"mainEntityOfPage\":{\"@id\":\"https:\\\/\\\/fjala.info\\\/2009-2015\\\/homazh-kulturor-per-jetish-kadishanin\\\/\"},\"wordCount\":1859,\"commentCount\":0,\"publisher\":{\"@id\":\"https:\\\/\\\/fjala.info\\\/2009-2015\\\/#organization\"},\"image\":{\"@id\":\"https:\\\/\\\/fjala.info\\\/2009-2015\\\/homazh-kulturor-per-jetish-kadishanin\\\/#primaryimage\"},\"thumbnailUrl\":\"http:\\\/\\\/fjala.shkoder.net\\\/wp-content\\\/uploads\\\/2010\\\/11\\\/prend_buzhala.jpg\",\"articleSection\":[\"Artikuj\"],\"inLanguage\":\"sq-AL\",\"potentialAction\":[{\"@type\":\"CommentAction\",\"name\":\"Comment\",\"target\":[\"https:\\\/\\\/fjala.info\\\/2009-2015\\\/homazh-kulturor-per-jetish-kadishanin\\\/#respond\"]}]},{\"@type\":\"WebPage\",\"@id\":\"https:\\\/\\\/fjala.info\\\/2009-2015\\\/homazh-kulturor-per-jetish-kadishanin\\\/\",\"url\":\"https:\\\/\\\/fjala.info\\\/2009-2015\\\/homazh-kulturor-per-jetish-kadishanin\\\/\",\"name\":\"HOMAZH KULTUROR P\u00cbR JETISH KADISHANIN - FjALA e LIR\u00cb - Arkivi\",\"isPartOf\":{\"@id\":\"https:\\\/\\\/fjala.info\\\/2009-2015\\\/#website\"},\"primaryImageOfPage\":{\"@id\":\"https:\\\/\\\/fjala.info\\\/2009-2015\\\/homazh-kulturor-per-jetish-kadishanin\\\/#primaryimage\"},\"image\":{\"@id\":\"https:\\\/\\\/fjala.info\\\/2009-2015\\\/homazh-kulturor-per-jetish-kadishanin\\\/#primaryimage\"},\"thumbnailUrl\":\"http:\\\/\\\/fjala.shkoder.net\\\/wp-content\\\/uploads\\\/2010\\\/11\\\/prend_buzhala.jpg\",\"datePublished\":\"2010-11-07T07:49:17+00:00\",\"breadcrumb\":{\"@id\":\"https:\\\/\\\/fjala.info\\\/2009-2015\\\/homazh-kulturor-per-jetish-kadishanin\\\/#breadcrumb\"},\"inLanguage\":\"sq-AL\",\"potentialAction\":[{\"@type\":\"ReadAction\",\"target\":[\"https:\\\/\\\/fjala.info\\\/2009-2015\\\/homazh-kulturor-per-jetish-kadishanin\\\/\"]}]},{\"@type\":\"ImageObject\",\"inLanguage\":\"sq-AL\",\"@id\":\"https:\\\/\\\/fjala.info\\\/2009-2015\\\/homazh-kulturor-per-jetish-kadishanin\\\/#primaryimage\",\"url\":\"http:\\\/\\\/fjala.shkoder.net\\\/wp-content\\\/uploads\\\/2010\\\/11\\\/prend_buzhala.jpg\",\"contentUrl\":\"http:\\\/\\\/fjala.shkoder.net\\\/wp-content\\\/uploads\\\/2010\\\/11\\\/prend_buzhala.jpg\"},{\"@type\":\"BreadcrumbList\",\"@id\":\"https:\\\/\\\/fjala.info\\\/2009-2015\\\/homazh-kulturor-per-jetish-kadishanin\\\/#breadcrumb\",\"itemListElement\":[{\"@type\":\"ListItem\",\"position\":1,\"name\":\"Home\",\"item\":\"https:\\\/\\\/fjala.info\\\/2009-2015\\\/\"},{\"@type\":\"ListItem\",\"position\":2,\"name\":\"HOMAZH KULTUROR P\u00cbR JETISH KADISHANIN\"}]},{\"@type\":\"WebSite\",\"@id\":\"https:\\\/\\\/fjala.info\\\/2009-2015\\\/#website\",\"url\":\"https:\\\/\\\/fjala.info\\\/2009-2015\\\/\",\"name\":\"FjALA e LIR\u00cb - Arkivi\",\"description\":\"Arkivi 2009-2015\",\"publisher\":{\"@id\":\"https:\\\/\\\/fjala.info\\\/2009-2015\\\/#organization\"},\"potentialAction\":[{\"@type\":\"SearchAction\",\"target\":{\"@type\":\"EntryPoint\",\"urlTemplate\":\"https:\\\/\\\/fjala.info\\\/2009-2015\\\/?s={search_term_string}\"},\"query-input\":{\"@type\":\"PropertyValueSpecification\",\"valueRequired\":true,\"valueName\":\"search_term_string\"}}],\"inLanguage\":\"sq-AL\"},{\"@type\":\"Organization\",\"@id\":\"https:\\\/\\\/fjala.info\\\/2009-2015\\\/#organization\",\"name\":\"FjALA e LIR\u00cb - Arkivi\",\"url\":\"https:\\\/\\\/fjala.info\\\/2009-2015\\\/\",\"logo\":{\"@type\":\"ImageObject\",\"inLanguage\":\"sq-AL\",\"@id\":\"https:\\\/\\\/fjala.info\\\/2009-2015\\\/#\\\/schema\\\/logo\\\/image\\\/\",\"url\":\"\",\"contentUrl\":\"\",\"caption\":\"FjALA e LIR\u00cb - Arkivi\"},\"image\":{\"@id\":\"https:\\\/\\\/fjala.info\\\/2009-2015\\\/#\\\/schema\\\/logo\\\/image\\\/\"}},{\"@type\":\"Person\",\"@id\":\"https:\\\/\\\/fjala.info\\\/2009-2015\\\/#\\\/schema\\\/person\\\/3aa1163ef05469c496fc94e77611ada2\",\"name\":\"admin\",\"image\":{\"@type\":\"ImageObject\",\"inLanguage\":\"sq-AL\",\"@id\":\"https:\\\/\\\/fjala.info\\\/2009-2015\\\/wp-content\\\/uploads\\\/2012\\\/02\\\/arben_cokaj-120x150.jpg\",\"url\":\"https:\\\/\\\/fjala.info\\\/2009-2015\\\/wp-content\\\/uploads\\\/2012\\\/02\\\/arben_cokaj-120x150.jpg\",\"contentUrl\":\"https:\\\/\\\/fjala.info\\\/2009-2015\\\/wp-content\\\/uploads\\\/2012\\\/02\\\/arben_cokaj-120x150.jpg\",\"caption\":\"admin\"},\"description\":\"Admin, Fjala e Lir\u00eb\",\"sameAs\":[\"https:\\\/\\\/fjala.info\\\/\"],\"url\":\"https:\\\/\\\/fjala.info\\\/2009-2015\\\/author\\\/admin\\\/\"}]}<\/script>\n<!-- \/ Yoast SEO plugin. -->","yoast_head_json":{"title":"HOMAZH KULTUROR P\u00cbR JETISH KADISHANIN - FjALA e LIR\u00cb - Arkivi","robots":{"index":"index","follow":"follow","max-snippet":"max-snippet:-1","max-image-preview":"max-image-preview:large","max-video-preview":"max-video-preview:-1"},"canonical":"https:\/\/fjala.info\/2009-2015\/homazh-kulturor-per-jetish-kadishanin\/","og_locale":"sq_AL","og_type":"article","og_title":"HOMAZH KULTUROR P\u00cbR JETISH KADISHANIN - FjALA e LIR\u00cb - Arkivi","og_description":"Biograf i palodhur i L\u00ebvizjes Nacionaldemokratike Shqiptare Prend BUZHALA N\u00eb mosh\u00ebn 62-vje\u00e7are, Jetish Kadishani (1948-2010) papritmas nd\u00ebrroi jet\u00eb n\u00eb Spitalin e Tiran\u00ebs. Ai ishte hulumtues i palodhur i historis\u00eb s\u00eb lavdishme t\u00ebpopullit t\u00eb Kosov\u00ebs. Mund t\u00eb themi se ai ishte historiani publicist nd\u00ebr m\u00eb t\u00eb zellshmit t\u00eb historis\u00eb s\u00eb L\u00ebvizjes Nacionaldemokratike Shqiptare. Jetish Kadishani hyn [&hellip;]","og_url":"https:\/\/fjala.info\/2009-2015\/homazh-kulturor-per-jetish-kadishanin\/","og_site_name":"FjALA e LIR\u00cb - Arkivi","article_published_time":"2010-11-07T07:49:17+00:00","og_image":[{"url":"http:\/\/fjala.shkoder.net\/wp-content\/uploads\/2010\/11\/prend_buzhala.jpg","type":"","width":"","height":""}],"author":"admin","twitter_card":"summary_large_image","twitter_misc":{"Written by":"admin","Est. reading time":"9 minutes"},"schema":{"@context":"https:\/\/schema.org","@graph":[{"@type":"Article","@id":"https:\/\/fjala.info\/2009-2015\/homazh-kulturor-per-jetish-kadishanin\/#article","isPartOf":{"@id":"https:\/\/fjala.info\/2009-2015\/homazh-kulturor-per-jetish-kadishanin\/"},"author":{"name":"admin","@id":"https:\/\/fjala.info\/2009-2015\/#\/schema\/person\/3aa1163ef05469c496fc94e77611ada2"},"headline":"HOMAZH KULTUROR P\u00cbR JETISH KADISHANIN","datePublished":"2010-11-07T07:49:17+00:00","mainEntityOfPage":{"@id":"https:\/\/fjala.info\/2009-2015\/homazh-kulturor-per-jetish-kadishanin\/"},"wordCount":1859,"commentCount":0,"publisher":{"@id":"https:\/\/fjala.info\/2009-2015\/#organization"},"image":{"@id":"https:\/\/fjala.info\/2009-2015\/homazh-kulturor-per-jetish-kadishanin\/#primaryimage"},"thumbnailUrl":"http:\/\/fjala.shkoder.net\/wp-content\/uploads\/2010\/11\/prend_buzhala.jpg","articleSection":["Artikuj"],"inLanguage":"sq-AL","potentialAction":[{"@type":"CommentAction","name":"Comment","target":["https:\/\/fjala.info\/2009-2015\/homazh-kulturor-per-jetish-kadishanin\/#respond"]}]},{"@type":"WebPage","@id":"https:\/\/fjala.info\/2009-2015\/homazh-kulturor-per-jetish-kadishanin\/","url":"https:\/\/fjala.info\/2009-2015\/homazh-kulturor-per-jetish-kadishanin\/","name":"HOMAZH KULTUROR P\u00cbR JETISH KADISHANIN - FjALA e LIR\u00cb - Arkivi","isPartOf":{"@id":"https:\/\/fjala.info\/2009-2015\/#website"},"primaryImageOfPage":{"@id":"https:\/\/fjala.info\/2009-2015\/homazh-kulturor-per-jetish-kadishanin\/#primaryimage"},"image":{"@id":"https:\/\/fjala.info\/2009-2015\/homazh-kulturor-per-jetish-kadishanin\/#primaryimage"},"thumbnailUrl":"http:\/\/fjala.shkoder.net\/wp-content\/uploads\/2010\/11\/prend_buzhala.jpg","datePublished":"2010-11-07T07:49:17+00:00","breadcrumb":{"@id":"https:\/\/fjala.info\/2009-2015\/homazh-kulturor-per-jetish-kadishanin\/#breadcrumb"},"inLanguage":"sq-AL","potentialAction":[{"@type":"ReadAction","target":["https:\/\/fjala.info\/2009-2015\/homazh-kulturor-per-jetish-kadishanin\/"]}]},{"@type":"ImageObject","inLanguage":"sq-AL","@id":"https:\/\/fjala.info\/2009-2015\/homazh-kulturor-per-jetish-kadishanin\/#primaryimage","url":"http:\/\/fjala.shkoder.net\/wp-content\/uploads\/2010\/11\/prend_buzhala.jpg","contentUrl":"http:\/\/fjala.shkoder.net\/wp-content\/uploads\/2010\/11\/prend_buzhala.jpg"},{"@type":"BreadcrumbList","@id":"https:\/\/fjala.info\/2009-2015\/homazh-kulturor-per-jetish-kadishanin\/#breadcrumb","itemListElement":[{"@type":"ListItem","position":1,"name":"Home","item":"https:\/\/fjala.info\/2009-2015\/"},{"@type":"ListItem","position":2,"name":"HOMAZH KULTUROR P\u00cbR JETISH KADISHANIN"}]},{"@type":"WebSite","@id":"https:\/\/fjala.info\/2009-2015\/#website","url":"https:\/\/fjala.info\/2009-2015\/","name":"FjALA e LIR\u00cb - Arkivi","description":"Arkivi 2009-2015","publisher":{"@id":"https:\/\/fjala.info\/2009-2015\/#organization"},"potentialAction":[{"@type":"SearchAction","target":{"@type":"EntryPoint","urlTemplate":"https:\/\/fjala.info\/2009-2015\/?s={search_term_string}"},"query-input":{"@type":"PropertyValueSpecification","valueRequired":true,"valueName":"search_term_string"}}],"inLanguage":"sq-AL"},{"@type":"Organization","@id":"https:\/\/fjala.info\/2009-2015\/#organization","name":"FjALA e LIR\u00cb - Arkivi","url":"https:\/\/fjala.info\/2009-2015\/","logo":{"@type":"ImageObject","inLanguage":"sq-AL","@id":"https:\/\/fjala.info\/2009-2015\/#\/schema\/logo\/image\/","url":"","contentUrl":"","caption":"FjALA e LIR\u00cb - Arkivi"},"image":{"@id":"https:\/\/fjala.info\/2009-2015\/#\/schema\/logo\/image\/"}},{"@type":"Person","@id":"https:\/\/fjala.info\/2009-2015\/#\/schema\/person\/3aa1163ef05469c496fc94e77611ada2","name":"admin","image":{"@type":"ImageObject","inLanguage":"sq-AL","@id":"https:\/\/fjala.info\/2009-2015\/wp-content\/uploads\/2012\/02\/arben_cokaj-120x150.jpg","url":"https:\/\/fjala.info\/2009-2015\/wp-content\/uploads\/2012\/02\/arben_cokaj-120x150.jpg","contentUrl":"https:\/\/fjala.info\/2009-2015\/wp-content\/uploads\/2012\/02\/arben_cokaj-120x150.jpg","caption":"admin"},"description":"Admin, Fjala e Lir\u00eb","sameAs":["https:\/\/fjala.info\/"],"url":"https:\/\/fjala.info\/2009-2015\/author\/admin\/"}]}},"_links":{"self":[{"href":"https:\/\/fjala.info\/2009-2015\/wp-json\/wp\/v2\/posts\/4654","targetHints":{"allow":["GET"]}}],"collection":[{"href":"https:\/\/fjala.info\/2009-2015\/wp-json\/wp\/v2\/posts"}],"about":[{"href":"https:\/\/fjala.info\/2009-2015\/wp-json\/wp\/v2\/types\/post"}],"author":[{"embeddable":true,"href":"https:\/\/fjala.info\/2009-2015\/wp-json\/wp\/v2\/users\/1"}],"replies":[{"embeddable":true,"href":"https:\/\/fjala.info\/2009-2015\/wp-json\/wp\/v2\/comments?post=4654"}],"version-history":[{"count":0,"href":"https:\/\/fjala.info\/2009-2015\/wp-json\/wp\/v2\/posts\/4654\/revisions"}],"wp:attachment":[{"href":"https:\/\/fjala.info\/2009-2015\/wp-json\/wp\/v2\/media?parent=4654"}],"wp:term":[{"taxonomy":"category","embeddable":true,"href":"https:\/\/fjala.info\/2009-2015\/wp-json\/wp\/v2\/categories?post=4654"},{"taxonomy":"post_tag","embeddable":true,"href":"https:\/\/fjala.info\/2009-2015\/wp-json\/wp\/v2\/tags?post=4654"}],"curies":[{"name":"wp","href":"https:\/\/api.w.org\/{rel}","templated":true}]}}