{"id":4652,"date":"2010-11-06T10:35:20","date_gmt":"2010-11-06T09:35:20","guid":{"rendered":"http:\/\/fjala.shkoder.net\/?p=4652"},"modified":"2010-11-06T10:35:20","modified_gmt":"2010-11-06T09:35:20","slug":"sindroma-tartari-selmanllari-ne-pd","status":"publish","type":"post","link":"https:\/\/fjala.info\/2009-2015\/sindroma-tartari-selmanllari-ne-pd\/","title":{"rendered":"Sindroma Tartari \u2013 Selmanllari n\u00eb PD"},"content":{"rendered":"<p><img loading=\"lazy\" decoding=\"async\" src=\"http:\/\/fjala.shkoder.net\/wp-content\/uploads\/2010\/10\/mero_baze1.jpg\" alt=\"\" title=\"Mero Baze\" width=\"149\" height=\"200\" class=\"alignright size-full wp-image-4090\" \/><\/p>\n<p>Nga <strong>Mero Baze<\/strong><\/p>\n<p>Komiteti i P\u00ebrbashk\u00ebt i Integrimit, i cili u mblodh p\u00ebr dy dit\u00eb n\u00eb Tiran\u00eb, verifikoi p\u00ebrfundimisht munges\u00ebn e vullnetit politik t\u00eb qeveris\u00eb shqiptare p\u00ebr t\u2019i dh\u00ebn\u00eb fund kriz\u00ebs s\u00eb tejzgjatur t\u00eb transparenc\u00ebs s\u00eb zgjedhjeve n\u00eb Shqip\u00ebri, duke mos iu votuar amendimi i nj\u00eb pike t\u00eb Kodit Elektoral ku nd\u00ebrlidhet hapja e materialeve zgjedhore me djegien e kutive t\u00eb votimit. Europarlamentarja Doris Pack, e cila ka shpenzuar vite t\u00eb t\u00ebra me krizat politike n\u00eb Shqip\u00ebri, me sa duket e mori me leht\u00eb se sa duhej munges\u00ebn e sinqeritetit t\u00eb Sali Berish\u00ebs lidhur me k\u00ebt\u00eb kriz\u00eb, i cili ka deklaruar disa her\u00eb n\u00eb Bruksel dhe n\u00eb Tiran\u00eb se \u00ebsht\u00eb i gatsh\u00ebm t\u00eb votoj\u00eb \u00e7do propozim n\u00eb Kod Elektoral q\u00eb vjen nga opozita. Duke e marr\u00eb seriozisht si t\u00eb sinqerta deklaratat e Berish\u00ebs, europarlamentarja, e cila \u00ebsht\u00eb nj\u00eb mike dhe mb\u00ebshtet\u00ebse zyrtare e treshes Berisha- Meta- Pollo, mendoi p\u00ebr nj\u00eb moment t\u2019ia b\u00ebnte t\u00eb leht\u00eb pun\u00ebn miqve t\u00eb saj duke propozuar q\u00eb pal\u00ebt t\u00eb ndryshojn\u00eb nenin 178, pika 6, q\u00eb parashikon djegien e flet\u00ebve t\u00eb votimit, n\u00eb rast se shqyrtohen kutit\u00eb e materialeve t\u00eb votimit.<\/p>\n<p>Por befasia p\u00ebr europarlamentaren ndodhi pik\u00ebrisht aty. P\u00ebrfaq\u00ebsuesit e shumic\u00ebs n\u00eb Komitet votuan kund\u00ebr k\u00ebtij propozimi, duke e bllokuar miratimin e tij.<\/p>\n<p>Nj\u00eb jav\u00eb m\u00eb par\u00eb kryeministri Berisha n\u00eb tryez\u00ebn e p\u00ebrbashk\u00ebt me Edi Ram\u00ebn e kishte p\u00ebrs\u00ebritur premtimin e tij se ishte i gatsh\u00ebm t\u00eb shtynte djegien e kutive t\u00eb votimit n\u00eb funksion t\u00eb transparenc\u00ebs. Ai po ashtu ka b\u00ebr\u00eb disa deklarata t\u00eb nj\u00ebpasnj\u00ebshme k\u00ebto dy jav\u00eb mbi gatishm\u00ebrin\u00eb e tij p\u00ebr t\u00eb votuar \u00e7do ndryshim t\u00eb propozuar nga opozita. T\u00eb parin ndryshim q\u00eb u propozua dhe q\u00eb sh\u00ebrben p\u00ebr t\u00eb tejkaluar ng\u00ebr\u00e7in teknik q\u00eb krijohet nga ligji p\u00ebr transparenc\u00ebn e kutive, Berisha e hodhi posht\u00eb. Kjo tregon qartazi, jo vet\u00ebm munges\u00eb t\u00eb vullnetit politik p\u00ebr transparenc\u00ebn e zgjedhjeve, por dhe nj\u00eb q\u00ebndrim shum\u00eb t\u00eb vet\u00ebdijsh\u00ebm kund\u00ebr \u00e7do moderimi t\u00eb legjislacionit q\u00eb do t\u00eb b\u00ebj\u00eb t\u00eb mundur q\u00eb \u00e7do proces i ardhsh\u00ebm zgjedhor t\u00eb jet\u00eb transparent.<\/p>\n<p>Komiteti mblidhet dy her\u00eb n\u00eb vit, nj\u00eb her\u00eb n\u00eb Bruksel dhe nj\u00eb her\u00eb n\u00eb Tiran\u00eb dhe ky \u00ebsht\u00eb rast i paprecedent q\u00eb ka d\u00ebshtuar t\u00eb dyja her\u00ebt p\u00ebr t\u00eb hartuar nj\u00eb deklarat\u00eb t\u00eb p\u00ebrbashk\u00ebt mbi hapat q\u00eb duhet t\u00eb ndjek\u00eb Shqip\u00ebria drejt BE-s\u00eb. Her\u00ebn e kaluar, n\u00eb pranver\u00eb t\u00eb k\u00ebtij viti, ky Komitet d\u00ebshtoi t\u00eb hartoj\u00eb nj\u00eb rezolut\u00eb n\u00eb Bruksel, s\u00ebrish duke u votuar kund\u00ebr nga shumica. N\u00eb historin\u00eb e vendeve q\u00eb kan\u00eb aplikuar p\u00ebr BE ky \u00ebsht\u00eb nj\u00eb rast i paprecedent, q\u00eb rezoluta e Komitetit t\u00eb d\u00ebshtoj\u00eb p\u00ebr faj t\u00eb pal\u00ebs aplikuese. Nj\u00eb rast jo i ngjash\u00ebm, por me rezultat t\u00eb nj\u00ebjt\u00eb ka ndodhur me Turqin\u00eb, por rezolut\u00ebn e kan\u00eb bllokuar eurodeputet\u00eb grek\u00eb p\u00ebr shkak t\u00eb problemit t\u00eb Qipros, dhe jo pal\u00ebt turke n\u00eb Komitet. Shqip\u00ebria \u00ebsht\u00eb i vetmi vend aplikant p\u00ebr kandidat p\u00ebr BE, i cili ka d\u00ebshtuar dy her\u00eb radhazi rezolut\u00ebn e k\u00ebtij Komiteti p\u00ebr shkak t\u00eb shumic\u00ebs n\u00eb pushtet, nj\u00eb sinjal ky i friksh\u00ebm p\u00ebr vullnetin real t\u00eb qeveris\u00eb shqiptare p\u00ebr t\u2019u integruar n\u00eb Evrop\u00eb. P\u00ebrgjigja negative q\u00eb populli shqiptar do t\u00eb marr\u00eb m\u00eb 9 n\u00ebntor, duke ju refuzuar aplikimi p\u00ebr vend kandidat p\u00ebr n\u00eb Bashkimin Evropian, i ka argumentet pik\u00ebrisht tek kjo munges\u00eb e qart\u00eb e vullnetit politik t\u00eb shumic\u00ebs p\u00ebr t\u2019iu n\u00ebnshtruar standardeve t\u00eb Per\u00ebndimit, p\u00ebr t\u00eb cil\u00ebn aplikon me fjal\u00eb dhe e saboton me vepra.<\/p>\n<p>Dhe p\u00ebr ta mbyllur, si t\u00eb mos mjaftonte vullneti politik kund\u00ebr frym\u00ebs s\u00eb BE-s\u00eb n\u00eb k\u00ebt\u00eb Komision, europarlamentar\u00ebt kan\u00eb qen\u00eb d\u00ebshmitar\u00eb dhe t\u00eb munges\u00ebs s\u00eb personalitetit t\u00eb deputet\u00ebve t\u00eb shumic\u00ebs n\u00eb k\u00ebt\u00eb Komitet. Ata kan\u00eb par\u00eb me sy t\u00eb tyre se si deputet\u00ebt e PD-s\u00eb nuk p\u00ebrgjigjeshin dot direkt asnj\u00ebher\u00eb n\u00eb asnj\u00eb pyetje pa b\u00ebr\u00eb m\u00eb par\u00eb nj\u00eb telefon dhe mbi t\u00eb gjitha kan\u00eb demonstruar personalitet t\u00eb dyfisht\u00eb duke folur ndryshe me ta n\u00eb biseda t\u00eb lira dhe ndryshe n\u00eb deklarata zyrtare. Dhe sikur t\u00eb mos mjaftonte kjo, dilnin pastaj nga mbledhja e Komitetit me europarlamentar\u00ebt dhe imitonin \u00e7iftin Selmanllari-Tartari kur dilnin nga prokuroria, dhe thonin t\u00eb tjera gj\u00ebra para prokurorit, dhe t\u00eb tjera gj\u00ebra p\u00ebr publikun. Nj\u00ebsoj si\u00e7 sillet dhe vet\u00eb Berisha n\u00eb zyrat e Brukselit dhe jasht\u00eb tyre.<\/p>\n","protected":false},"excerpt":{"rendered":"<p>Nga Mero Baze Komiteti i P\u00ebrbashk\u00ebt i Integrimit, i cili u mblodh p\u00ebr dy dit\u00eb n\u00eb Tiran\u00eb, verifikoi p\u00ebrfundimisht munges\u00ebn e vullnetit politik t\u00eb qeveris\u00eb shqiptare p\u00ebr t\u2019i dh\u00ebn\u00eb fund kriz\u00ebs s\u00eb tejzgjatur t\u00eb transparenc\u00ebs s\u00eb zgjedhjeve n\u00eb Shqip\u00ebri, duke mos iu votuar amendimi i nj\u00eb pike t\u00eb Kodit Elektoral ku nd\u00ebrlidhet hapja e materialeve [&hellip;]<\/p>\n","protected":false},"author":1,"featured_media":0,"comment_status":"open","ping_status":"closed","sticky":false,"template":"","format":"standard","meta":{"footnotes":""},"categories":[2],"tags":[],"class_list":{"0":"post-4652","1":"post","2":"type-post","3":"status-publish","4":"format-standard","6":"category-artikuj"},"yoast_head":"<!-- This site is optimized with the Yoast SEO plugin v27.4 - https:\/\/yoast.com\/product\/yoast-seo-wordpress\/ -->\n<title>Sindroma Tartari \u2013 Selmanllari n\u00eb PD - FjALA e LIR\u00cb - Arkivi<\/title>\n<meta name=\"robots\" content=\"index, follow, max-snippet:-1, max-image-preview:large, max-video-preview:-1\" \/>\n<link rel=\"canonical\" href=\"https:\/\/fjala.info\/2009-2015\/sindroma-tartari-selmanllari-ne-pd\/\" \/>\n<meta property=\"og:locale\" content=\"sq_AL\" \/>\n<meta property=\"og:type\" content=\"article\" \/>\n<meta property=\"og:title\" content=\"Sindroma Tartari \u2013 Selmanllari n\u00eb PD - FjALA e LIR\u00cb - Arkivi\" \/>\n<meta property=\"og:description\" content=\"Nga Mero Baze Komiteti i P\u00ebrbashk\u00ebt i Integrimit, i cili u mblodh p\u00ebr dy dit\u00eb n\u00eb Tiran\u00eb, verifikoi p\u00ebrfundimisht munges\u00ebn e vullnetit politik t\u00eb qeveris\u00eb shqiptare p\u00ebr t\u2019i dh\u00ebn\u00eb fund kriz\u00ebs s\u00eb tejzgjatur t\u00eb transparenc\u00ebs s\u00eb zgjedhjeve n\u00eb Shqip\u00ebri, duke mos iu votuar amendimi i nj\u00eb pike t\u00eb Kodit Elektoral ku nd\u00ebrlidhet hapja e materialeve [&hellip;]\" \/>\n<meta property=\"og:url\" content=\"https:\/\/fjala.info\/2009-2015\/sindroma-tartari-selmanllari-ne-pd\/\" \/>\n<meta property=\"og:site_name\" content=\"FjALA e LIR\u00cb - Arkivi\" \/>\n<meta property=\"article:published_time\" content=\"2010-11-06T09:35:20+00:00\" \/>\n<meta property=\"og:image\" content=\"http:\/\/fjala.shkoder.net\/wp-content\/uploads\/2010\/10\/mero_baze1.jpg\" \/>\n<meta name=\"author\" content=\"admin\" \/>\n<meta name=\"twitter:card\" content=\"summary_large_image\" \/>\n<meta name=\"twitter:label1\" content=\"Written by\" \/>\n\t<meta name=\"twitter:data1\" content=\"admin\" \/>\n\t<meta name=\"twitter:label2\" content=\"Est. reading time\" \/>\n\t<meta name=\"twitter:data2\" content=\"4 minutes\" \/>\n<script type=\"application\/ld+json\" class=\"yoast-schema-graph\">{\"@context\":\"https:\\\/\\\/schema.org\",\"@graph\":[{\"@type\":\"Article\",\"@id\":\"https:\\\/\\\/fjala.info\\\/2009-2015\\\/sindroma-tartari-selmanllari-ne-pd\\\/#article\",\"isPartOf\":{\"@id\":\"https:\\\/\\\/fjala.info\\\/2009-2015\\\/sindroma-tartari-selmanllari-ne-pd\\\/\"},\"author\":{\"name\":\"admin\",\"@id\":\"https:\\\/\\\/fjala.info\\\/2009-2015\\\/#\\\/schema\\\/person\\\/3aa1163ef05469c496fc94e77611ada2\"},\"headline\":\"Sindroma Tartari \u2013 Selmanllari n\u00eb PD\",\"datePublished\":\"2010-11-06T09:35:20+00:00\",\"mainEntityOfPage\":{\"@id\":\"https:\\\/\\\/fjala.info\\\/2009-2015\\\/sindroma-tartari-selmanllari-ne-pd\\\/\"},\"wordCount\":812,\"commentCount\":0,\"publisher\":{\"@id\":\"https:\\\/\\\/fjala.info\\\/2009-2015\\\/#organization\"},\"image\":{\"@id\":\"https:\\\/\\\/fjala.info\\\/2009-2015\\\/sindroma-tartari-selmanllari-ne-pd\\\/#primaryimage\"},\"thumbnailUrl\":\"http:\\\/\\\/fjala.shkoder.net\\\/wp-content\\\/uploads\\\/2010\\\/10\\\/mero_baze1.jpg\",\"articleSection\":[\"Artikuj\"],\"inLanguage\":\"sq-AL\",\"potentialAction\":[{\"@type\":\"CommentAction\",\"name\":\"Comment\",\"target\":[\"https:\\\/\\\/fjala.info\\\/2009-2015\\\/sindroma-tartari-selmanllari-ne-pd\\\/#respond\"]}]},{\"@type\":\"WebPage\",\"@id\":\"https:\\\/\\\/fjala.info\\\/2009-2015\\\/sindroma-tartari-selmanllari-ne-pd\\\/\",\"url\":\"https:\\\/\\\/fjala.info\\\/2009-2015\\\/sindroma-tartari-selmanllari-ne-pd\\\/\",\"name\":\"Sindroma Tartari \u2013 Selmanllari n\u00eb PD - FjALA e LIR\u00cb - Arkivi\",\"isPartOf\":{\"@id\":\"https:\\\/\\\/fjala.info\\\/2009-2015\\\/#website\"},\"primaryImageOfPage\":{\"@id\":\"https:\\\/\\\/fjala.info\\\/2009-2015\\\/sindroma-tartari-selmanllari-ne-pd\\\/#primaryimage\"},\"image\":{\"@id\":\"https:\\\/\\\/fjala.info\\\/2009-2015\\\/sindroma-tartari-selmanllari-ne-pd\\\/#primaryimage\"},\"thumbnailUrl\":\"http:\\\/\\\/fjala.shkoder.net\\\/wp-content\\\/uploads\\\/2010\\\/10\\\/mero_baze1.jpg\",\"datePublished\":\"2010-11-06T09:35:20+00:00\",\"breadcrumb\":{\"@id\":\"https:\\\/\\\/fjala.info\\\/2009-2015\\\/sindroma-tartari-selmanllari-ne-pd\\\/#breadcrumb\"},\"inLanguage\":\"sq-AL\",\"potentialAction\":[{\"@type\":\"ReadAction\",\"target\":[\"https:\\\/\\\/fjala.info\\\/2009-2015\\\/sindroma-tartari-selmanllari-ne-pd\\\/\"]}]},{\"@type\":\"ImageObject\",\"inLanguage\":\"sq-AL\",\"@id\":\"https:\\\/\\\/fjala.info\\\/2009-2015\\\/sindroma-tartari-selmanllari-ne-pd\\\/#primaryimage\",\"url\":\"http:\\\/\\\/fjala.shkoder.net\\\/wp-content\\\/uploads\\\/2010\\\/10\\\/mero_baze1.jpg\",\"contentUrl\":\"http:\\\/\\\/fjala.shkoder.net\\\/wp-content\\\/uploads\\\/2010\\\/10\\\/mero_baze1.jpg\"},{\"@type\":\"BreadcrumbList\",\"@id\":\"https:\\\/\\\/fjala.info\\\/2009-2015\\\/sindroma-tartari-selmanllari-ne-pd\\\/#breadcrumb\",\"itemListElement\":[{\"@type\":\"ListItem\",\"position\":1,\"name\":\"Home\",\"item\":\"https:\\\/\\\/fjala.info\\\/2009-2015\\\/\"},{\"@type\":\"ListItem\",\"position\":2,\"name\":\"Sindroma Tartari \u2013 Selmanllari n\u00eb PD\"}]},{\"@type\":\"WebSite\",\"@id\":\"https:\\\/\\\/fjala.info\\\/2009-2015\\\/#website\",\"url\":\"https:\\\/\\\/fjala.info\\\/2009-2015\\\/\",\"name\":\"FjALA e LIR\u00cb - Arkivi\",\"description\":\"Arkivi 2009-2015\",\"publisher\":{\"@id\":\"https:\\\/\\\/fjala.info\\\/2009-2015\\\/#organization\"},\"potentialAction\":[{\"@type\":\"SearchAction\",\"target\":{\"@type\":\"EntryPoint\",\"urlTemplate\":\"https:\\\/\\\/fjala.info\\\/2009-2015\\\/?s={search_term_string}\"},\"query-input\":{\"@type\":\"PropertyValueSpecification\",\"valueRequired\":true,\"valueName\":\"search_term_string\"}}],\"inLanguage\":\"sq-AL\"},{\"@type\":\"Organization\",\"@id\":\"https:\\\/\\\/fjala.info\\\/2009-2015\\\/#organization\",\"name\":\"FjALA e LIR\u00cb - Arkivi\",\"url\":\"https:\\\/\\\/fjala.info\\\/2009-2015\\\/\",\"logo\":{\"@type\":\"ImageObject\",\"inLanguage\":\"sq-AL\",\"@id\":\"https:\\\/\\\/fjala.info\\\/2009-2015\\\/#\\\/schema\\\/logo\\\/image\\\/\",\"url\":\"\",\"contentUrl\":\"\",\"caption\":\"FjALA e LIR\u00cb - Arkivi\"},\"image\":{\"@id\":\"https:\\\/\\\/fjala.info\\\/2009-2015\\\/#\\\/schema\\\/logo\\\/image\\\/\"}},{\"@type\":\"Person\",\"@id\":\"https:\\\/\\\/fjala.info\\\/2009-2015\\\/#\\\/schema\\\/person\\\/3aa1163ef05469c496fc94e77611ada2\",\"name\":\"admin\",\"image\":{\"@type\":\"ImageObject\",\"inLanguage\":\"sq-AL\",\"@id\":\"https:\\\/\\\/fjala.info\\\/2009-2015\\\/wp-content\\\/uploads\\\/2012\\\/02\\\/arben_cokaj-120x150.jpg\",\"url\":\"https:\\\/\\\/fjala.info\\\/2009-2015\\\/wp-content\\\/uploads\\\/2012\\\/02\\\/arben_cokaj-120x150.jpg\",\"contentUrl\":\"https:\\\/\\\/fjala.info\\\/2009-2015\\\/wp-content\\\/uploads\\\/2012\\\/02\\\/arben_cokaj-120x150.jpg\",\"caption\":\"admin\"},\"description\":\"Admin, Fjala e Lir\u00eb\",\"sameAs\":[\"https:\\\/\\\/fjala.info\\\/\"],\"url\":\"https:\\\/\\\/fjala.info\\\/2009-2015\\\/author\\\/admin\\\/\"}]}<\/script>\n<!-- \/ Yoast SEO plugin. -->","yoast_head_json":{"title":"Sindroma Tartari \u2013 Selmanllari n\u00eb PD - FjALA e LIR\u00cb - Arkivi","robots":{"index":"index","follow":"follow","max-snippet":"max-snippet:-1","max-image-preview":"max-image-preview:large","max-video-preview":"max-video-preview:-1"},"canonical":"https:\/\/fjala.info\/2009-2015\/sindroma-tartari-selmanllari-ne-pd\/","og_locale":"sq_AL","og_type":"article","og_title":"Sindroma Tartari \u2013 Selmanllari n\u00eb PD - FjALA e LIR\u00cb - Arkivi","og_description":"Nga Mero Baze Komiteti i P\u00ebrbashk\u00ebt i Integrimit, i cili u mblodh p\u00ebr dy dit\u00eb n\u00eb Tiran\u00eb, verifikoi p\u00ebrfundimisht munges\u00ebn e vullnetit politik t\u00eb qeveris\u00eb shqiptare p\u00ebr t\u2019i dh\u00ebn\u00eb fund kriz\u00ebs s\u00eb tejzgjatur t\u00eb transparenc\u00ebs s\u00eb zgjedhjeve n\u00eb Shqip\u00ebri, duke mos iu votuar amendimi i nj\u00eb pike t\u00eb Kodit Elektoral ku nd\u00ebrlidhet hapja e materialeve [&hellip;]","og_url":"https:\/\/fjala.info\/2009-2015\/sindroma-tartari-selmanllari-ne-pd\/","og_site_name":"FjALA e LIR\u00cb - Arkivi","article_published_time":"2010-11-06T09:35:20+00:00","og_image":[{"url":"http:\/\/fjala.shkoder.net\/wp-content\/uploads\/2010\/10\/mero_baze1.jpg","type":"","width":"","height":""}],"author":"admin","twitter_card":"summary_large_image","twitter_misc":{"Written by":"admin","Est. reading time":"4 minutes"},"schema":{"@context":"https:\/\/schema.org","@graph":[{"@type":"Article","@id":"https:\/\/fjala.info\/2009-2015\/sindroma-tartari-selmanllari-ne-pd\/#article","isPartOf":{"@id":"https:\/\/fjala.info\/2009-2015\/sindroma-tartari-selmanllari-ne-pd\/"},"author":{"name":"admin","@id":"https:\/\/fjala.info\/2009-2015\/#\/schema\/person\/3aa1163ef05469c496fc94e77611ada2"},"headline":"Sindroma Tartari \u2013 Selmanllari n\u00eb PD","datePublished":"2010-11-06T09:35:20+00:00","mainEntityOfPage":{"@id":"https:\/\/fjala.info\/2009-2015\/sindroma-tartari-selmanllari-ne-pd\/"},"wordCount":812,"commentCount":0,"publisher":{"@id":"https:\/\/fjala.info\/2009-2015\/#organization"},"image":{"@id":"https:\/\/fjala.info\/2009-2015\/sindroma-tartari-selmanllari-ne-pd\/#primaryimage"},"thumbnailUrl":"http:\/\/fjala.shkoder.net\/wp-content\/uploads\/2010\/10\/mero_baze1.jpg","articleSection":["Artikuj"],"inLanguage":"sq-AL","potentialAction":[{"@type":"CommentAction","name":"Comment","target":["https:\/\/fjala.info\/2009-2015\/sindroma-tartari-selmanllari-ne-pd\/#respond"]}]},{"@type":"WebPage","@id":"https:\/\/fjala.info\/2009-2015\/sindroma-tartari-selmanllari-ne-pd\/","url":"https:\/\/fjala.info\/2009-2015\/sindroma-tartari-selmanllari-ne-pd\/","name":"Sindroma Tartari \u2013 Selmanllari n\u00eb PD - FjALA e LIR\u00cb - Arkivi","isPartOf":{"@id":"https:\/\/fjala.info\/2009-2015\/#website"},"primaryImageOfPage":{"@id":"https:\/\/fjala.info\/2009-2015\/sindroma-tartari-selmanllari-ne-pd\/#primaryimage"},"image":{"@id":"https:\/\/fjala.info\/2009-2015\/sindroma-tartari-selmanllari-ne-pd\/#primaryimage"},"thumbnailUrl":"http:\/\/fjala.shkoder.net\/wp-content\/uploads\/2010\/10\/mero_baze1.jpg","datePublished":"2010-11-06T09:35:20+00:00","breadcrumb":{"@id":"https:\/\/fjala.info\/2009-2015\/sindroma-tartari-selmanllari-ne-pd\/#breadcrumb"},"inLanguage":"sq-AL","potentialAction":[{"@type":"ReadAction","target":["https:\/\/fjala.info\/2009-2015\/sindroma-tartari-selmanllari-ne-pd\/"]}]},{"@type":"ImageObject","inLanguage":"sq-AL","@id":"https:\/\/fjala.info\/2009-2015\/sindroma-tartari-selmanllari-ne-pd\/#primaryimage","url":"http:\/\/fjala.shkoder.net\/wp-content\/uploads\/2010\/10\/mero_baze1.jpg","contentUrl":"http:\/\/fjala.shkoder.net\/wp-content\/uploads\/2010\/10\/mero_baze1.jpg"},{"@type":"BreadcrumbList","@id":"https:\/\/fjala.info\/2009-2015\/sindroma-tartari-selmanllari-ne-pd\/#breadcrumb","itemListElement":[{"@type":"ListItem","position":1,"name":"Home","item":"https:\/\/fjala.info\/2009-2015\/"},{"@type":"ListItem","position":2,"name":"Sindroma Tartari \u2013 Selmanllari n\u00eb PD"}]},{"@type":"WebSite","@id":"https:\/\/fjala.info\/2009-2015\/#website","url":"https:\/\/fjala.info\/2009-2015\/","name":"FjALA e LIR\u00cb - Arkivi","description":"Arkivi 2009-2015","publisher":{"@id":"https:\/\/fjala.info\/2009-2015\/#organization"},"potentialAction":[{"@type":"SearchAction","target":{"@type":"EntryPoint","urlTemplate":"https:\/\/fjala.info\/2009-2015\/?s={search_term_string}"},"query-input":{"@type":"PropertyValueSpecification","valueRequired":true,"valueName":"search_term_string"}}],"inLanguage":"sq-AL"},{"@type":"Organization","@id":"https:\/\/fjala.info\/2009-2015\/#organization","name":"FjALA e LIR\u00cb - Arkivi","url":"https:\/\/fjala.info\/2009-2015\/","logo":{"@type":"ImageObject","inLanguage":"sq-AL","@id":"https:\/\/fjala.info\/2009-2015\/#\/schema\/logo\/image\/","url":"","contentUrl":"","caption":"FjALA e LIR\u00cb - Arkivi"},"image":{"@id":"https:\/\/fjala.info\/2009-2015\/#\/schema\/logo\/image\/"}},{"@type":"Person","@id":"https:\/\/fjala.info\/2009-2015\/#\/schema\/person\/3aa1163ef05469c496fc94e77611ada2","name":"admin","image":{"@type":"ImageObject","inLanguage":"sq-AL","@id":"https:\/\/fjala.info\/2009-2015\/wp-content\/uploads\/2012\/02\/arben_cokaj-120x150.jpg","url":"https:\/\/fjala.info\/2009-2015\/wp-content\/uploads\/2012\/02\/arben_cokaj-120x150.jpg","contentUrl":"https:\/\/fjala.info\/2009-2015\/wp-content\/uploads\/2012\/02\/arben_cokaj-120x150.jpg","caption":"admin"},"description":"Admin, Fjala e Lir\u00eb","sameAs":["https:\/\/fjala.info\/"],"url":"https:\/\/fjala.info\/2009-2015\/author\/admin\/"}]}},"_links":{"self":[{"href":"https:\/\/fjala.info\/2009-2015\/wp-json\/wp\/v2\/posts\/4652","targetHints":{"allow":["GET"]}}],"collection":[{"href":"https:\/\/fjala.info\/2009-2015\/wp-json\/wp\/v2\/posts"}],"about":[{"href":"https:\/\/fjala.info\/2009-2015\/wp-json\/wp\/v2\/types\/post"}],"author":[{"embeddable":true,"href":"https:\/\/fjala.info\/2009-2015\/wp-json\/wp\/v2\/users\/1"}],"replies":[{"embeddable":true,"href":"https:\/\/fjala.info\/2009-2015\/wp-json\/wp\/v2\/comments?post=4652"}],"version-history":[{"count":0,"href":"https:\/\/fjala.info\/2009-2015\/wp-json\/wp\/v2\/posts\/4652\/revisions"}],"wp:attachment":[{"href":"https:\/\/fjala.info\/2009-2015\/wp-json\/wp\/v2\/media?parent=4652"}],"wp:term":[{"taxonomy":"category","embeddable":true,"href":"https:\/\/fjala.info\/2009-2015\/wp-json\/wp\/v2\/categories?post=4652"},{"taxonomy":"post_tag","embeddable":true,"href":"https:\/\/fjala.info\/2009-2015\/wp-json\/wp\/v2\/tags?post=4652"}],"curies":[{"name":"wp","href":"https:\/\/api.w.org\/{rel}","templated":true}]}}