{"id":4650,"date":"2012-08-24T22:52:08","date_gmt":"2012-08-24T21:52:08","guid":{"rendered":"http:\/\/www.fjala.info\/?p=4650"},"modified":"2012-08-24T22:52:08","modified_gmt":"2012-08-24T21:52:08","slug":"leter-e-hapur-nga-familja-e-aleks-nikes-cdo-vrases-kur-ndjehet-i-sigurte-ne-mosdenimin-e-vet-kthehet-ne-vendin-e-krimit","status":"publish","type":"post","link":"https:\/\/fjala.info\/2009-2015\/leter-e-hapur-nga-familja-e-aleks-nikes-cdo-vrases-kur-ndjehet-i-sigurte-ne-mosdenimin-e-vet-kthehet-ne-vendin-e-krimit\/","title":{"rendered":"Let\u00ebr e hapur nga familja e Aleks Nik\u00ebs: \u00c7do vras\u00ebs kur ndjehet i sigurt\u00eb n\u00eb mosd\u00ebnimin e vet, kthehet n\u00eb vendin e krimit"},"content":{"rendered":"<p><img decoding=\"async\" class=\"alignright size-thumbnail wp-image-7236\" title=\"Aleks Nika i vrar\u00eb\" src=\"http:\/\/www.fjala.info\/2012\/aleks_nika_i_vrare.jpg\" alt=\"\" width=\"200\" \/> Nga <strong>Mark Nika<\/strong>, <em>Avokat<\/em>*, <em>24 Gusht 2012<\/em><\/p>\n<p>D\u00ebgjova nga goja e kryeministrit t\u00eb Shqip\u00ebris\u00eb, se pas marrjes n\u00ebn kontroll t\u00eb SHISH dhe institucionit t\u00eb Presidentit, qeveria do t\u00eb hetoj\u00eb dhe do t\u00eb zbuloj\u00eb ata q\u00eb \u00e7uan para kryeministris\u00eb t\u00eb vrar\u00ebt e 21 Janarit. Shum\u00eb njer\u00ebz mund ta d\u00ebgjojn\u00eb me neveri k\u00ebt\u00eb njeri, duke mos pasur durimin as t\u00eb d\u00ebgjojn\u00eb se \u00e7far\u00eb thot\u00eb. T\u00eb tjer\u00eb mund ta d\u00ebgjojn\u00eb me frik\u00eb, duke menduar se di\u00e7ka \u00ebsht\u00eb duke b\u00ebr\u00eb kund\u00ebr opozitar\u00ebve. Ka t\u00eb tjer\u00eb t\u00eb s\u00ebmur\u00eb q\u00eb mund ta d\u00ebgjojn\u00eb dhe me admirim, si pjes\u00eb e pushtetit t\u00eb tij, pasi here- her\u00eb shp\u00ebrthimet e tij alu\u00e7inante u heqin frik\u00ebn nga p\u00ebrgjegj\u00ebsia q\u00eb kan\u00eb p\u00ebr krimet e b\u00ebra.<\/p>\n<p>Por, ne, familjet e viktimave t\u00eb 21 Janarit, kemi arsye t\u00eb forta ta d\u00ebgjojm\u00eb k\u00ebt\u00eb njeri, si nj\u00eb vras\u00ebs q\u00eb kthehet vet n\u00eb vendin e krimit.<\/p>\n<p>Kam shkruar disa her\u00eb publikisht p\u00ebr zvarritjen e hetimeve t\u00eb 21 Janarit, p\u00ebr prishje t\u00eb provave, p\u00ebr presione t\u00eb q\u00ebllimshme nga ana e pushtetit p\u00ebr t\u00eb zhdukur d\u00ebshmit\u00eb, p\u00ebr hedhje posht\u00eb t\u00eb ekspertiz\u00ebs s\u00eb FBI-s\u00eb p\u00ebr vrasjet dhe mbi t\u00eb gjitha p\u00ebr fshehjen e projektit kriminal p\u00ebr vrasje t\u00eb paramenduara dhe t\u00eb selektuara p\u00ebr terror dhe eliminim t\u00eb opozit\u00ebs.<\/p>\n<p>Kam pritur me shpres\u00eb letr\u00ebn e ambasadorit t\u00eb SHBA-s\u00eb, Aleksand\u00ebr Arvizu, n\u00eb familjen e Aleks Nik\u00ebs, duke na premtuar drejt\u00ebsi p\u00ebr 21 Janarin, sidomos pas p\u00ebrfundimit t\u00eb hetimeve t\u00eb FBI-s\u00eb, q\u00eb v\u00ebrtetuan projektin kriminal p\u00ebr vrasje t\u00eb paramenduara.<\/p>\n<p>Kam pritur me shpres\u00eb se opozita do t\u00eb luftonte deri n\u00eb fund dhe me \u00e7do mjet p\u00ebr t\u2019i kthyer vrasjet politike n\u00eb simbol shprese p\u00ebr luft\u00ebn ndaj vras\u00ebsve dhe jo n\u00eb simbol d\u00ebshp\u00ebrimi dhe frike, si\u00e7 po tentohet t\u00eb kthehen.<\/p>\n<p>Kam pritur q\u00eb s\u00eb paku, Sali Berisha, njeriu q\u00eb ka drejtuar vrasjet pas xhamit t\u00eb blinduar t\u00eb qeveris\u00eb, t\u00eb mos d\u00ebrgonte lajm\u00ebsa me lek p\u00ebr t\u00eb mbyllur gjakun, por t\u00eb k\u00ebrkoj\u00eb ndjes\u00eb t\u00eb thell\u00eb dhe t\u00eb dor\u00ebzoj\u00eb ekzekutor\u00ebt.<\/p>\n<p>Pas gati nj\u00eb viti e gjysm\u00eb nga vrasjet, kur dy vajzat e Aleksit me kok\u00eb nga dera, presin ndonj\u00eb lajm p\u00ebr babain e tyre, nga ekrani i TV-s\u00eb, u shfaqet portreti i njeriut i cili ngjalli zi n\u00eb sht\u00ebpin\u00eb ton\u00eb dhe tenton ta rip\u00ebrdhos\u00eb vrasjen e babait t\u00eb tyre.<\/p>\n<p>Kur shpresat tona p\u00ebr drejt\u00ebsi kan\u00eb humbur m\u00eb shum\u00eb se kurr\u00eb, kur vras\u00ebsit i shikojm\u00eb si gradohen n\u00ebp\u00ebr institucione, kur ish-ministri i Drejt\u00ebsis\u00eb kur u vra Aleksi b\u00ebhet president, kur ish-ministri i Brendsh\u00ebm gradohet kryetar Bashkie, kur ekspertiza e FBI-s\u00eb hidhet n\u00eb kosh si let\u00ebr higjienike, kur opozita e lodhur dhe e shp\u00ebrqendruar n\u00eb betej\u00ebn e saj, gati ka frik\u00eb t\u00eb \u00e7oj\u00eb n\u00eb mendje protestat p\u00ebr shkak t\u00eb 21 janarit, na riktheu tek ajo dit\u00eb, vet njeriu kryep\u00ebrgjegj\u00ebs i 21 Janarit, Sali Berisha.<\/p>\n<p>\u00c7do vras\u00ebs kur ndjehet i sigurt\u00eb n\u00eb mosd\u00ebnimin e vet, kthehet n\u00eb vendin e krimit. Sali Berisha, i ngopur dhe i sigurt\u00eb nga gjith\u00eb pushtetet q\u00eb po merr, \u00ebsht\u00eb kthyer sot me makthet e veta, tek vendi ku ka vrar\u00eb dhe arsyet p\u00ebrse ka vrar\u00eb.<\/p>\n<p>Mir\u00ebsevjen tek gjaku i Aleksit Sali Berisha. Ju mund ta harroni dhe ta kujtoni at\u00eb, mund ta fyeni dhe ta lavd\u00ebroni, mund ta demonizoni dhe shenjt\u00ebroni, sipas interesave q\u00eb ka politika e qelbur shqiptare, por kujdes me vendin ku ka derdhur gjakun.<\/p>\n<p>Atje jemi ne, familja e tij, jan\u00eb vajzat e tij jetime, gruaja, prind\u00ebrit, un\u00eb q\u00eb kam p\u00ebrgjegj\u00ebsin\u00eb dhe detyr\u00ebn ta laj gjakun e tij duke besuar tek drejt\u00ebsia.<\/p>\n<p><strong>Mir\u00ebserdhe tek ky vend ku ke vrar\u00eb!<\/strong><\/p>\n<p>Mir\u00eb do t\u00eb ishte t\u00eb vije bashk\u00eb me Komandantin e Gard\u00ebs, q\u00eb ka q\u00eblluar mbi t\u00eb vrar\u00ebt dhe \u00ebsht\u00eb provuar. Mir\u00eb do t\u00eb ishte t\u00eb m\u00eb sillje dhe njer\u00ebzit e af\u00ebrt t\u00eb rrethit t\u00ebnd, q\u00eb kan\u00eb p\u00ebrzgjedhur Aleksin mes turm\u00ebs s\u00eb rralluar para Kuvendit p\u00ebr ta vrar\u00eb. Mir\u00eb do t\u00eb ishte q\u00eb mbi k\u00ebt\u00eb pellg gjaku q\u00eb ne e ruajm\u00eb t\u00eb paprekur ne zemrat tona, t\u00eb mos afroheshe p\u00ebr ta shitur gjakun e tij, por p\u00ebr t\u00eb treguar pse e p\u00ebrzgjodhe p\u00ebr ta vrar\u00eb, pse e vrave dhe pse nuk dor\u00ebzon vras\u00ebsit?<\/p>\n<p>E dim\u00eb q\u00eb t\u00eb tmerrojn\u00eb k\u00ebto pyetje, dhe si \u00e7do vras\u00ebs e dim\u00eb q\u00eb do t\u00eb sjellin her\u00eb pas here k\u00ebmb\u00ebt tek ky pellg gjaku, ku me gardist\u00ebt e tu e vrave Aleksin me duar n\u00eb xhepa, por nuk e dim\u00eb si t\u00eb shkon mendja q\u00eb mund t\u00eb t\u00eb falim gjakun e Aleksit dhe mbi t\u00eb gjitha t\u00eb t\u00eb l\u00ebm\u00eb t\u00eb tallesh me gjakun e tij.<\/p>\n<p>Mendohu mir\u00eb her\u00eb tjet\u00ebr kur t\u00eb t\u00eb shfaqet n\u00eb mendje ky pellg gjaku q\u00eb ke derdhu n\u00eb bulevard. Mendohu mir\u00eb se ky pellg gjaku, n\u00eb mos past\u00eb drejt\u00ebsi, n\u00eb mos past\u00eb pushtet t\u00eb drejt\u00eb, n\u00eb mos past\u00eb diplomat t\u00eb drejt\u00eb, n\u00eb mos past\u00eb opozit\u00eb t\u00eb zonj\u00ebn, ka disa gardian q\u00eb nuk vdesin pa ja marr\u00eb hakun Jemi ne, Familja e tij, vajzat e tij q\u00eb po rriten jetime dhe miliona shqiptar\u00eb q\u00eb i kemi n\u00eb an\u00ebn ton\u00eb p\u00ebr t\u00eb vendosur drejt\u00ebsi p\u00ebr k\u00ebt\u00eb krim q\u00eb ke b\u00ebr\u00eb.<\/p>\n<p>Nuk i shp\u00ebton dot k\u00ebsaj historie, dhe nuk ka p\u00ebr t\u2019u mbyllur kjo pun\u00eb vet\u00ebm me makthet q\u00eb t\u00eb l\u00ebn\u00eb pa gjum\u00eb. N\u00ebse vazhdon ta pengosh drejt\u00ebsin\u00eb t\u00eb vihet n\u00eb vend, n\u00ebse tenton t\u00eb mbrosh ata q\u00eb ke urdh\u00ebruar dhe ata q\u00eb kan\u00eb v\u00ebn\u00eb n\u00eb sh\u00ebnjest\u00ebr Aleksin\u00eb p\u00ebr ta vrar\u00eb, q\u00eb t\u00eb vihej n\u00eb jet\u00eb projekti yt kriminal p\u00ebr vrasje t\u00eb paramenduara, at\u00ebher\u00eb bashk\u00eb me gjith\u00eb pushtetet, ke marr\u00eb p\u00ebrsip\u00ebr gjith\u00eb p\u00ebrgjegj\u00ebsit\u00eb p\u00ebr vrasjen e Aleksit.<\/p>\n<p>Dhe, mos kujto se ti dhe Familja juaj keni t\u00eb drejt\u00eb t\u00eb merrni jet\u00ebt tona, nd\u00ebrsa ne kemi detyr\u00eb ta pranojm\u00eb k\u00ebt\u00eb fat. Dim\u00eb ta b\u00ebjm\u00eb vet fatin ton\u00eb, edhe n\u00ebse politika na l\u00eb n\u00eb mes t\u00eb rrug\u00ebs.<\/p>\n<p>Un\u00eb vazhdoj t\u00eb shpresoj se drejt\u00ebsia do t\u00eb triumfoj\u00eb dhe projekti juaj kriminal p\u00ebr vrasje politike t\u00eb paramendura, do t\u00eb nd\u00ebshkohet. Nuk kemi nd\u00ebrmend t\u00eb vdesim pa e par\u00eb k\u00ebt\u00eb dit\u00eb.<\/p>\n<p>*<em>Autori \u00ebsht\u00eb xhaxhai i Aleks Nik\u00ebs, vrar\u00eb m\u00eb 21 Janar, me duar n\u00eb xhepa, para kryeministris\u00eb nga forcat e Gard\u00ebs.<\/em><\/p>\n","protected":false},"excerpt":{"rendered":"<p>Nga Mark Nika, Avokat*, 24 Gusht 2012 D\u00ebgjova nga goja e kryeministrit t\u00eb Shqip\u00ebris\u00eb, se pas marrjes n\u00ebn kontroll t\u00eb SHISH dhe institucionit t\u00eb Presidentit, qeveria do t\u00eb hetoj\u00eb dhe do t\u00eb zbuloj\u00eb ata q\u00eb \u00e7uan para kryeministris\u00eb t\u00eb vrar\u00ebt e 21 Janarit. Shum\u00eb njer\u00ebz mund ta d\u00ebgjojn\u00eb me neveri k\u00ebt\u00eb njeri, duke mos pasur [&hellip;]<\/p>\n","protected":false},"author":1,"featured_media":0,"comment_status":"open","ping_status":"closed","sticky":false,"template":"","format":"standard","meta":{"footnotes":""},"categories":[2],"tags":[],"class_list":{"0":"post-4650","1":"post","2":"type-post","3":"status-publish","4":"format-standard","6":"category-artikuj"},"yoast_head":"<!-- This site is optimized with the Yoast SEO plugin v27.4 - https:\/\/yoast.com\/product\/yoast-seo-wordpress\/ -->\n<title>Let\u00ebr e hapur nga familja e Aleks Nik\u00ebs: \u00c7do vras\u00ebs kur ndjehet i sigurt\u00eb n\u00eb mosd\u00ebnimin e vet, kthehet n\u00eb vendin e krimit - FjALA e LIR\u00cb - Arkivi<\/title>\n<meta name=\"robots\" content=\"index, follow, max-snippet:-1, max-image-preview:large, max-video-preview:-1\" \/>\n<link rel=\"canonical\" href=\"https:\/\/fjala.info\/2009-2015\/leter-e-hapur-nga-familja-e-aleks-nikes-cdo-vrases-kur-ndjehet-i-sigurte-ne-mosdenimin-e-vet-kthehet-ne-vendin-e-krimit\/\" \/>\n<meta property=\"og:locale\" content=\"sq_AL\" \/>\n<meta property=\"og:type\" content=\"article\" \/>\n<meta property=\"og:title\" content=\"Let\u00ebr e hapur nga familja e Aleks Nik\u00ebs: \u00c7do vras\u00ebs kur ndjehet i sigurt\u00eb n\u00eb mosd\u00ebnimin e vet, kthehet n\u00eb vendin e krimit - FjALA e LIR\u00cb - Arkivi\" \/>\n<meta property=\"og:description\" content=\"Nga Mark Nika, Avokat*, 24 Gusht 2012 D\u00ebgjova nga goja e kryeministrit t\u00eb Shqip\u00ebris\u00eb, se pas marrjes n\u00ebn kontroll t\u00eb SHISH dhe institucionit t\u00eb Presidentit, qeveria do t\u00eb hetoj\u00eb dhe do t\u00eb zbuloj\u00eb ata q\u00eb \u00e7uan para kryeministris\u00eb t\u00eb vrar\u00ebt e 21 Janarit. Shum\u00eb njer\u00ebz mund ta d\u00ebgjojn\u00eb me neveri k\u00ebt\u00eb njeri, duke mos pasur [&hellip;]\" \/>\n<meta property=\"og:url\" content=\"https:\/\/fjala.info\/2009-2015\/leter-e-hapur-nga-familja-e-aleks-nikes-cdo-vrases-kur-ndjehet-i-sigurte-ne-mosdenimin-e-vet-kthehet-ne-vendin-e-krimit\/\" \/>\n<meta property=\"og:site_name\" content=\"FjALA e LIR\u00cb - Arkivi\" \/>\n<meta property=\"article:published_time\" content=\"2012-08-24T21:52:08+00:00\" \/>\n<meta property=\"og:image\" content=\"http:\/\/www.fjala.info\/2012\/aleks_nika_i_vrare.jpg\" \/>\n<meta name=\"author\" content=\"admin\" \/>\n<meta name=\"twitter:card\" content=\"summary_large_image\" \/>\n<meta name=\"twitter:label1\" content=\"Written by\" \/>\n\t<meta name=\"twitter:data1\" content=\"admin\" \/>\n\t<meta name=\"twitter:label2\" content=\"Est. reading time\" \/>\n\t<meta name=\"twitter:data2\" content=\"6 minutes\" \/>\n<script type=\"application\/ld+json\" class=\"yoast-schema-graph\">{\"@context\":\"https:\\\/\\\/schema.org\",\"@graph\":[{\"@type\":\"Article\",\"@id\":\"https:\\\/\\\/fjala.info\\\/2009-2015\\\/leter-e-hapur-nga-familja-e-aleks-nikes-cdo-vrases-kur-ndjehet-i-sigurte-ne-mosdenimin-e-vet-kthehet-ne-vendin-e-krimit\\\/#article\",\"isPartOf\":{\"@id\":\"https:\\\/\\\/fjala.info\\\/2009-2015\\\/leter-e-hapur-nga-familja-e-aleks-nikes-cdo-vrases-kur-ndjehet-i-sigurte-ne-mosdenimin-e-vet-kthehet-ne-vendin-e-krimit\\\/\"},\"author\":{\"name\":\"admin\",\"@id\":\"https:\\\/\\\/fjala.info\\\/2009-2015\\\/#\\\/schema\\\/person\\\/3aa1163ef05469c496fc94e77611ada2\"},\"headline\":\"Let\u00ebr e hapur nga familja e Aleks Nik\u00ebs: \u00c7do vras\u00ebs kur ndjehet i sigurt\u00eb n\u00eb mosd\u00ebnimin e vet, kthehet n\u00eb vendin e krimit\",\"datePublished\":\"2012-08-24T21:52:08+00:00\",\"mainEntityOfPage\":{\"@id\":\"https:\\\/\\\/fjala.info\\\/2009-2015\\\/leter-e-hapur-nga-familja-e-aleks-nikes-cdo-vrases-kur-ndjehet-i-sigurte-ne-mosdenimin-e-vet-kthehet-ne-vendin-e-krimit\\\/\"},\"wordCount\":1150,\"commentCount\":0,\"publisher\":{\"@id\":\"https:\\\/\\\/fjala.info\\\/2009-2015\\\/#organization\"},\"image\":{\"@id\":\"https:\\\/\\\/fjala.info\\\/2009-2015\\\/leter-e-hapur-nga-familja-e-aleks-nikes-cdo-vrases-kur-ndjehet-i-sigurte-ne-mosdenimin-e-vet-kthehet-ne-vendin-e-krimit\\\/#primaryimage\"},\"thumbnailUrl\":\"http:\\\/\\\/www.fjala.info\\\/2012\\\/aleks_nika_i_vrare.jpg\",\"articleSection\":[\"Artikuj\"],\"inLanguage\":\"sq-AL\",\"potentialAction\":[{\"@type\":\"CommentAction\",\"name\":\"Comment\",\"target\":[\"https:\\\/\\\/fjala.info\\\/2009-2015\\\/leter-e-hapur-nga-familja-e-aleks-nikes-cdo-vrases-kur-ndjehet-i-sigurte-ne-mosdenimin-e-vet-kthehet-ne-vendin-e-krimit\\\/#respond\"]}]},{\"@type\":\"WebPage\",\"@id\":\"https:\\\/\\\/fjala.info\\\/2009-2015\\\/leter-e-hapur-nga-familja-e-aleks-nikes-cdo-vrases-kur-ndjehet-i-sigurte-ne-mosdenimin-e-vet-kthehet-ne-vendin-e-krimit\\\/\",\"url\":\"https:\\\/\\\/fjala.info\\\/2009-2015\\\/leter-e-hapur-nga-familja-e-aleks-nikes-cdo-vrases-kur-ndjehet-i-sigurte-ne-mosdenimin-e-vet-kthehet-ne-vendin-e-krimit\\\/\",\"name\":\"Let\u00ebr e hapur nga familja e Aleks Nik\u00ebs: \u00c7do vras\u00ebs kur ndjehet i sigurt\u00eb n\u00eb mosd\u00ebnimin e vet, kthehet n\u00eb vendin e krimit - FjALA e LIR\u00cb - Arkivi\",\"isPartOf\":{\"@id\":\"https:\\\/\\\/fjala.info\\\/2009-2015\\\/#website\"},\"primaryImageOfPage\":{\"@id\":\"https:\\\/\\\/fjala.info\\\/2009-2015\\\/leter-e-hapur-nga-familja-e-aleks-nikes-cdo-vrases-kur-ndjehet-i-sigurte-ne-mosdenimin-e-vet-kthehet-ne-vendin-e-krimit\\\/#primaryimage\"},\"image\":{\"@id\":\"https:\\\/\\\/fjala.info\\\/2009-2015\\\/leter-e-hapur-nga-familja-e-aleks-nikes-cdo-vrases-kur-ndjehet-i-sigurte-ne-mosdenimin-e-vet-kthehet-ne-vendin-e-krimit\\\/#primaryimage\"},\"thumbnailUrl\":\"http:\\\/\\\/www.fjala.info\\\/2012\\\/aleks_nika_i_vrare.jpg\",\"datePublished\":\"2012-08-24T21:52:08+00:00\",\"breadcrumb\":{\"@id\":\"https:\\\/\\\/fjala.info\\\/2009-2015\\\/leter-e-hapur-nga-familja-e-aleks-nikes-cdo-vrases-kur-ndjehet-i-sigurte-ne-mosdenimin-e-vet-kthehet-ne-vendin-e-krimit\\\/#breadcrumb\"},\"inLanguage\":\"sq-AL\",\"potentialAction\":[{\"@type\":\"ReadAction\",\"target\":[\"https:\\\/\\\/fjala.info\\\/2009-2015\\\/leter-e-hapur-nga-familja-e-aleks-nikes-cdo-vrases-kur-ndjehet-i-sigurte-ne-mosdenimin-e-vet-kthehet-ne-vendin-e-krimit\\\/\"]}]},{\"@type\":\"ImageObject\",\"inLanguage\":\"sq-AL\",\"@id\":\"https:\\\/\\\/fjala.info\\\/2009-2015\\\/leter-e-hapur-nga-familja-e-aleks-nikes-cdo-vrases-kur-ndjehet-i-sigurte-ne-mosdenimin-e-vet-kthehet-ne-vendin-e-krimit\\\/#primaryimage\",\"url\":\"http:\\\/\\\/www.fjala.info\\\/2012\\\/aleks_nika_i_vrare.jpg\",\"contentUrl\":\"http:\\\/\\\/www.fjala.info\\\/2012\\\/aleks_nika_i_vrare.jpg\"},{\"@type\":\"BreadcrumbList\",\"@id\":\"https:\\\/\\\/fjala.info\\\/2009-2015\\\/leter-e-hapur-nga-familja-e-aleks-nikes-cdo-vrases-kur-ndjehet-i-sigurte-ne-mosdenimin-e-vet-kthehet-ne-vendin-e-krimit\\\/#breadcrumb\",\"itemListElement\":[{\"@type\":\"ListItem\",\"position\":1,\"name\":\"Home\",\"item\":\"https:\\\/\\\/fjala.info\\\/2009-2015\\\/\"},{\"@type\":\"ListItem\",\"position\":2,\"name\":\"Let\u00ebr e hapur nga familja e Aleks Nik\u00ebs: \u00c7do vras\u00ebs kur ndjehet i sigurt\u00eb n\u00eb mosd\u00ebnimin e vet, kthehet n\u00eb vendin e krimit\"}]},{\"@type\":\"WebSite\",\"@id\":\"https:\\\/\\\/fjala.info\\\/2009-2015\\\/#website\",\"url\":\"https:\\\/\\\/fjala.info\\\/2009-2015\\\/\",\"name\":\"FjALA e LIR\u00cb - Arkivi\",\"description\":\"Arkivi 2009-2015\",\"publisher\":{\"@id\":\"https:\\\/\\\/fjala.info\\\/2009-2015\\\/#organization\"},\"potentialAction\":[{\"@type\":\"SearchAction\",\"target\":{\"@type\":\"EntryPoint\",\"urlTemplate\":\"https:\\\/\\\/fjala.info\\\/2009-2015\\\/?s={search_term_string}\"},\"query-input\":{\"@type\":\"PropertyValueSpecification\",\"valueRequired\":true,\"valueName\":\"search_term_string\"}}],\"inLanguage\":\"sq-AL\"},{\"@type\":\"Organization\",\"@id\":\"https:\\\/\\\/fjala.info\\\/2009-2015\\\/#organization\",\"name\":\"FjALA e LIR\u00cb - Arkivi\",\"url\":\"https:\\\/\\\/fjala.info\\\/2009-2015\\\/\",\"logo\":{\"@type\":\"ImageObject\",\"inLanguage\":\"sq-AL\",\"@id\":\"https:\\\/\\\/fjala.info\\\/2009-2015\\\/#\\\/schema\\\/logo\\\/image\\\/\",\"url\":\"\",\"contentUrl\":\"\",\"caption\":\"FjALA e LIR\u00cb - Arkivi\"},\"image\":{\"@id\":\"https:\\\/\\\/fjala.info\\\/2009-2015\\\/#\\\/schema\\\/logo\\\/image\\\/\"}},{\"@type\":\"Person\",\"@id\":\"https:\\\/\\\/fjala.info\\\/2009-2015\\\/#\\\/schema\\\/person\\\/3aa1163ef05469c496fc94e77611ada2\",\"name\":\"admin\",\"image\":{\"@type\":\"ImageObject\",\"inLanguage\":\"sq-AL\",\"@id\":\"https:\\\/\\\/fjala.info\\\/2009-2015\\\/wp-content\\\/uploads\\\/2012\\\/02\\\/arben_cokaj-120x150.jpg\",\"url\":\"https:\\\/\\\/fjala.info\\\/2009-2015\\\/wp-content\\\/uploads\\\/2012\\\/02\\\/arben_cokaj-120x150.jpg\",\"contentUrl\":\"https:\\\/\\\/fjala.info\\\/2009-2015\\\/wp-content\\\/uploads\\\/2012\\\/02\\\/arben_cokaj-120x150.jpg\",\"caption\":\"admin\"},\"description\":\"Admin, Fjala e Lir\u00eb\",\"sameAs\":[\"https:\\\/\\\/fjala.info\\\/\"],\"url\":\"https:\\\/\\\/fjala.info\\\/2009-2015\\\/author\\\/admin\\\/\"}]}<\/script>\n<!-- \/ Yoast SEO plugin. -->","yoast_head_json":{"title":"Let\u00ebr e hapur nga familja e Aleks Nik\u00ebs: \u00c7do vras\u00ebs kur ndjehet i sigurt\u00eb n\u00eb mosd\u00ebnimin e vet, kthehet n\u00eb vendin e krimit - FjALA e LIR\u00cb - Arkivi","robots":{"index":"index","follow":"follow","max-snippet":"max-snippet:-1","max-image-preview":"max-image-preview:large","max-video-preview":"max-video-preview:-1"},"canonical":"https:\/\/fjala.info\/2009-2015\/leter-e-hapur-nga-familja-e-aleks-nikes-cdo-vrases-kur-ndjehet-i-sigurte-ne-mosdenimin-e-vet-kthehet-ne-vendin-e-krimit\/","og_locale":"sq_AL","og_type":"article","og_title":"Let\u00ebr e hapur nga familja e Aleks Nik\u00ebs: \u00c7do vras\u00ebs kur ndjehet i sigurt\u00eb n\u00eb mosd\u00ebnimin e vet, kthehet n\u00eb vendin e krimit - FjALA e LIR\u00cb - Arkivi","og_description":"Nga Mark Nika, Avokat*, 24 Gusht 2012 D\u00ebgjova nga goja e kryeministrit t\u00eb Shqip\u00ebris\u00eb, se pas marrjes n\u00ebn kontroll t\u00eb SHISH dhe institucionit t\u00eb Presidentit, qeveria do t\u00eb hetoj\u00eb dhe do t\u00eb zbuloj\u00eb ata q\u00eb \u00e7uan para kryeministris\u00eb t\u00eb vrar\u00ebt e 21 Janarit. Shum\u00eb njer\u00ebz mund ta d\u00ebgjojn\u00eb me neveri k\u00ebt\u00eb njeri, duke mos pasur [&hellip;]","og_url":"https:\/\/fjala.info\/2009-2015\/leter-e-hapur-nga-familja-e-aleks-nikes-cdo-vrases-kur-ndjehet-i-sigurte-ne-mosdenimin-e-vet-kthehet-ne-vendin-e-krimit\/","og_site_name":"FjALA e LIR\u00cb - Arkivi","article_published_time":"2012-08-24T21:52:08+00:00","og_image":[{"url":"http:\/\/www.fjala.info\/2012\/aleks_nika_i_vrare.jpg","type":"","width":"","height":""}],"author":"admin","twitter_card":"summary_large_image","twitter_misc":{"Written by":"admin","Est. reading time":"6 minutes"},"schema":{"@context":"https:\/\/schema.org","@graph":[{"@type":"Article","@id":"https:\/\/fjala.info\/2009-2015\/leter-e-hapur-nga-familja-e-aleks-nikes-cdo-vrases-kur-ndjehet-i-sigurte-ne-mosdenimin-e-vet-kthehet-ne-vendin-e-krimit\/#article","isPartOf":{"@id":"https:\/\/fjala.info\/2009-2015\/leter-e-hapur-nga-familja-e-aleks-nikes-cdo-vrases-kur-ndjehet-i-sigurte-ne-mosdenimin-e-vet-kthehet-ne-vendin-e-krimit\/"},"author":{"name":"admin","@id":"https:\/\/fjala.info\/2009-2015\/#\/schema\/person\/3aa1163ef05469c496fc94e77611ada2"},"headline":"Let\u00ebr e hapur nga familja e Aleks Nik\u00ebs: \u00c7do vras\u00ebs kur ndjehet i sigurt\u00eb n\u00eb mosd\u00ebnimin e vet, kthehet n\u00eb vendin e krimit","datePublished":"2012-08-24T21:52:08+00:00","mainEntityOfPage":{"@id":"https:\/\/fjala.info\/2009-2015\/leter-e-hapur-nga-familja-e-aleks-nikes-cdo-vrases-kur-ndjehet-i-sigurte-ne-mosdenimin-e-vet-kthehet-ne-vendin-e-krimit\/"},"wordCount":1150,"commentCount":0,"publisher":{"@id":"https:\/\/fjala.info\/2009-2015\/#organization"},"image":{"@id":"https:\/\/fjala.info\/2009-2015\/leter-e-hapur-nga-familja-e-aleks-nikes-cdo-vrases-kur-ndjehet-i-sigurte-ne-mosdenimin-e-vet-kthehet-ne-vendin-e-krimit\/#primaryimage"},"thumbnailUrl":"http:\/\/www.fjala.info\/2012\/aleks_nika_i_vrare.jpg","articleSection":["Artikuj"],"inLanguage":"sq-AL","potentialAction":[{"@type":"CommentAction","name":"Comment","target":["https:\/\/fjala.info\/2009-2015\/leter-e-hapur-nga-familja-e-aleks-nikes-cdo-vrases-kur-ndjehet-i-sigurte-ne-mosdenimin-e-vet-kthehet-ne-vendin-e-krimit\/#respond"]}]},{"@type":"WebPage","@id":"https:\/\/fjala.info\/2009-2015\/leter-e-hapur-nga-familja-e-aleks-nikes-cdo-vrases-kur-ndjehet-i-sigurte-ne-mosdenimin-e-vet-kthehet-ne-vendin-e-krimit\/","url":"https:\/\/fjala.info\/2009-2015\/leter-e-hapur-nga-familja-e-aleks-nikes-cdo-vrases-kur-ndjehet-i-sigurte-ne-mosdenimin-e-vet-kthehet-ne-vendin-e-krimit\/","name":"Let\u00ebr e hapur nga familja e Aleks Nik\u00ebs: \u00c7do vras\u00ebs kur ndjehet i sigurt\u00eb n\u00eb mosd\u00ebnimin e vet, kthehet n\u00eb vendin e krimit - FjALA e LIR\u00cb - Arkivi","isPartOf":{"@id":"https:\/\/fjala.info\/2009-2015\/#website"},"primaryImageOfPage":{"@id":"https:\/\/fjala.info\/2009-2015\/leter-e-hapur-nga-familja-e-aleks-nikes-cdo-vrases-kur-ndjehet-i-sigurte-ne-mosdenimin-e-vet-kthehet-ne-vendin-e-krimit\/#primaryimage"},"image":{"@id":"https:\/\/fjala.info\/2009-2015\/leter-e-hapur-nga-familja-e-aleks-nikes-cdo-vrases-kur-ndjehet-i-sigurte-ne-mosdenimin-e-vet-kthehet-ne-vendin-e-krimit\/#primaryimage"},"thumbnailUrl":"http:\/\/www.fjala.info\/2012\/aleks_nika_i_vrare.jpg","datePublished":"2012-08-24T21:52:08+00:00","breadcrumb":{"@id":"https:\/\/fjala.info\/2009-2015\/leter-e-hapur-nga-familja-e-aleks-nikes-cdo-vrases-kur-ndjehet-i-sigurte-ne-mosdenimin-e-vet-kthehet-ne-vendin-e-krimit\/#breadcrumb"},"inLanguage":"sq-AL","potentialAction":[{"@type":"ReadAction","target":["https:\/\/fjala.info\/2009-2015\/leter-e-hapur-nga-familja-e-aleks-nikes-cdo-vrases-kur-ndjehet-i-sigurte-ne-mosdenimin-e-vet-kthehet-ne-vendin-e-krimit\/"]}]},{"@type":"ImageObject","inLanguage":"sq-AL","@id":"https:\/\/fjala.info\/2009-2015\/leter-e-hapur-nga-familja-e-aleks-nikes-cdo-vrases-kur-ndjehet-i-sigurte-ne-mosdenimin-e-vet-kthehet-ne-vendin-e-krimit\/#primaryimage","url":"http:\/\/www.fjala.info\/2012\/aleks_nika_i_vrare.jpg","contentUrl":"http:\/\/www.fjala.info\/2012\/aleks_nika_i_vrare.jpg"},{"@type":"BreadcrumbList","@id":"https:\/\/fjala.info\/2009-2015\/leter-e-hapur-nga-familja-e-aleks-nikes-cdo-vrases-kur-ndjehet-i-sigurte-ne-mosdenimin-e-vet-kthehet-ne-vendin-e-krimit\/#breadcrumb","itemListElement":[{"@type":"ListItem","position":1,"name":"Home","item":"https:\/\/fjala.info\/2009-2015\/"},{"@type":"ListItem","position":2,"name":"Let\u00ebr e hapur nga familja e Aleks Nik\u00ebs: \u00c7do vras\u00ebs kur ndjehet i sigurt\u00eb n\u00eb mosd\u00ebnimin e vet, kthehet n\u00eb vendin e krimit"}]},{"@type":"WebSite","@id":"https:\/\/fjala.info\/2009-2015\/#website","url":"https:\/\/fjala.info\/2009-2015\/","name":"FjALA e LIR\u00cb - Arkivi","description":"Arkivi 2009-2015","publisher":{"@id":"https:\/\/fjala.info\/2009-2015\/#organization"},"potentialAction":[{"@type":"SearchAction","target":{"@type":"EntryPoint","urlTemplate":"https:\/\/fjala.info\/2009-2015\/?s={search_term_string}"},"query-input":{"@type":"PropertyValueSpecification","valueRequired":true,"valueName":"search_term_string"}}],"inLanguage":"sq-AL"},{"@type":"Organization","@id":"https:\/\/fjala.info\/2009-2015\/#organization","name":"FjALA e LIR\u00cb - Arkivi","url":"https:\/\/fjala.info\/2009-2015\/","logo":{"@type":"ImageObject","inLanguage":"sq-AL","@id":"https:\/\/fjala.info\/2009-2015\/#\/schema\/logo\/image\/","url":"","contentUrl":"","caption":"FjALA e LIR\u00cb - Arkivi"},"image":{"@id":"https:\/\/fjala.info\/2009-2015\/#\/schema\/logo\/image\/"}},{"@type":"Person","@id":"https:\/\/fjala.info\/2009-2015\/#\/schema\/person\/3aa1163ef05469c496fc94e77611ada2","name":"admin","image":{"@type":"ImageObject","inLanguage":"sq-AL","@id":"https:\/\/fjala.info\/2009-2015\/wp-content\/uploads\/2012\/02\/arben_cokaj-120x150.jpg","url":"https:\/\/fjala.info\/2009-2015\/wp-content\/uploads\/2012\/02\/arben_cokaj-120x150.jpg","contentUrl":"https:\/\/fjala.info\/2009-2015\/wp-content\/uploads\/2012\/02\/arben_cokaj-120x150.jpg","caption":"admin"},"description":"Admin, Fjala e Lir\u00eb","sameAs":["https:\/\/fjala.info\/"],"url":"https:\/\/fjala.info\/2009-2015\/author\/admin\/"}]}},"_links":{"self":[{"href":"https:\/\/fjala.info\/2009-2015\/wp-json\/wp\/v2\/posts\/4650","targetHints":{"allow":["GET"]}}],"collection":[{"href":"https:\/\/fjala.info\/2009-2015\/wp-json\/wp\/v2\/posts"}],"about":[{"href":"https:\/\/fjala.info\/2009-2015\/wp-json\/wp\/v2\/types\/post"}],"author":[{"embeddable":true,"href":"https:\/\/fjala.info\/2009-2015\/wp-json\/wp\/v2\/users\/1"}],"replies":[{"embeddable":true,"href":"https:\/\/fjala.info\/2009-2015\/wp-json\/wp\/v2\/comments?post=4650"}],"version-history":[{"count":0,"href":"https:\/\/fjala.info\/2009-2015\/wp-json\/wp\/v2\/posts\/4650\/revisions"}],"wp:attachment":[{"href":"https:\/\/fjala.info\/2009-2015\/wp-json\/wp\/v2\/media?parent=4650"}],"wp:term":[{"taxonomy":"category","embeddable":true,"href":"https:\/\/fjala.info\/2009-2015\/wp-json\/wp\/v2\/categories?post=4650"},{"taxonomy":"post_tag","embeddable":true,"href":"https:\/\/fjala.info\/2009-2015\/wp-json\/wp\/v2\/tags?post=4650"}],"curies":[{"name":"wp","href":"https:\/\/api.w.org\/{rel}","templated":true}]}}