{"id":4649,"date":"2010-11-06T10:33:38","date_gmt":"2010-11-06T09:33:38","guid":{"rendered":"http:\/\/fjala.shkoder.net\/?p=4649"},"modified":"2010-11-06T10:33:38","modified_gmt":"2010-11-06T09:33:38","slug":"pd-refuzon-per-here-te-dyte-rezoluten-e-bashkimit-europian","status":"publish","type":"post","link":"https:\/\/fjala.info\/2009-2015\/pd-refuzon-per-here-te-dyte-rezoluten-e-bashkimit-europian\/","title":{"rendered":"PD refuzon p\u00ebr her\u00eb t\u00eb dyt\u00eb Rezolut\u00ebn e Bashkimit Europian"},"content":{"rendered":"<p><img loading=\"lazy\" decoding=\"async\" class=\"alignright size-full wp-image-4650\" title=\"Takim MSA\" src=\"http:\/\/fjala.shkoder.net\/wp-content\/uploads\/2010\/11\/takim_msa.jpg\" alt=\"\" width=\"220\" height=\"160\" \/><\/p>\n<p>Nga <strong>Enton Palushi<\/strong><\/p>\n<p>Rasti i Shqip\u00ebris\u00eb \u00ebsht\u00eb unik pasi jan\u00eb d\u00ebshtuar dy rezoluta t\u00eb p\u00ebrbashk\u00ebta, p\u00ebr shkak t\u00eb partis\u00eb n\u00eb pushtet, e cila ka aplikuar vet\u00eb p\u00ebr n\u00eb BE<\/p>\n<p>Komiteti nd\u00ebrparlamentar Shqip\u00ebri &#8211; BE i Marr\u00ebveshjes s\u00eb Stabilizim- Asociimit e mbylli takimin e Tiran\u00ebs pa ndonj\u00eb deklarat\u00eb me konsensus mbi zhvillimet politike n\u00eb vend. Mazhoranca i d\u00ebrgoi k\u00ebshtu Brukselit mesazhin p\u00ebrfundimtar se ajo \u00ebsht\u00eb kund\u00ebr zbardhjes s\u00eb zgjedhjeve dhe propozimeve t\u00eb BE-s\u00eb.<\/p>\n<p>Mazhoranca ka rr\u00ebzuar nj\u00eb propozim t\u00eb eurodeputetes Doris Pack, q\u00eb njihet si nj\u00eb kritike e ashp\u00ebr e opozit\u00ebs socialiste. Por ajo ka propozuar q\u00eb t\u00eb ket\u00eb hetim t\u00eb materialeve zgjedhore, e m\u00eb pas t\u00eb pyetet Gjykata Kushtetuese p\u00ebr \u00e7\u00ebshtjen e flet\u00ebve t\u00eb votimit.<\/p>\n<p>Por demokrat\u00ebt kan\u00eb kund\u00ebrshtuar, duke th\u00ebn\u00eb se duhet zbatuar Kodi Zgjedhor, q\u00eb n\u00ebnkupton djegien e flet\u00ebve t\u00eb votimit. M\u00eb pas \u00ebsht\u00eb hedhur p\u00ebr votim nj\u00eb propozim p\u00ebr t\u00eb ndryshuar kodin zgjedhor n\u00eb pik\u00ebn q\u00eb parashikon djegien e flet\u00ebve t\u00eb votimit. K\u00ebtu mazhoranca ka treguar p\u00ebrfundimisht se nuk \u00ebsht\u00eb n\u00eb favor t\u00eb zgjidhjes s\u00eb kriz\u00ebs politike, pasi ka kund\u00ebrshtuar.<\/p>\n<p>Debatet<\/p>\n<p>Takimi nd\u00ebrparlamentar shqiptaro-europian u zhvillua mes tensionesh dhe debatesh t\u00eb ndezura midis p\u00ebrfaq\u00ebsuesve deputet\u00eb socialist\u00eb dhe demokrat\u00eb, t\u00eb cil\u00ebt duke k\u00ebrkuar shtimin e disa fjal\u00ebve n\u00eb pik\u00eb t\u00eb ndryshme t\u00eb deklarat\u00ebs, e nxor\u00ebn at\u00eb nga konteksti dhe e b\u00ebn\u00eb t\u00eb papranueshme p\u00ebr kund\u00ebrshtar\u00ebt politik\u00eb. Pengesa m\u00eb e madhe lindi n\u00eb pik\u00ebn 3\/a t\u00eb projekt-deklarat\u00ebs s\u00eb p\u00ebrbashk\u00ebt, ku k\u00ebrkohej ngritja e nj\u00eb komisioni hetimor p\u00ebr zgjedhjet e vitit 2009, i kryesuar nga opozita, dhe ku mazhoranca k\u00ebrkoi t\u00eb shtohet shprehja \u201cn\u00eb p\u00ebrputhje me Kushtetut\u00ebn dhe Kodin Zgjedhor\u201d.<\/p>\n<p>\u201cT\u00eb respektohet Rezoluta e Parlamentit Europian, t\u00eb respektohet Kushtetuta e vendit dhe Kodi Zgjedhor, i cili \u00ebsht\u00eb n\u00eb fuqi dhe i detyruesh\u00ebm p\u00ebr zbatim, si nga parlamentar\u00ebt ashtu edhe nga qytatari m\u00eb i thjesht\u00eb shqiptar. Un\u00eb nuk besoj se nj\u00eb vit e gjysm\u00eb shprehje midis krah\u00ebve politike mund t\u00eb p\u00ebrmblidhen n\u00eb nj\u00eb deklarat\u00eb kaq t\u00eb leht\u00eb p\u00ebr t\u00eb shfaqur \u00e7\u00ebshjte q\u00eb n\u00eb vetvete jan\u00eb kontradiktore me Kodin Zgjedhor, jan\u00eb kontradiktore me Kushtetut\u00ebn. Kemi nj\u00eb Kushtetut\u00eb, kemi nj\u00eb Kod Zgjedhor, dhe zgjidhja e vetme \u00ebsht\u00eb zbatimi i k\u00ebtyre parimeve dhe i k\u00ebtyre ligjeve\u201d &#8211; tha Viktor Gumi, deputet i Partis\u00eb Demokratike.<\/p>\n<p>Por deputeti Taulant Balla i Partis\u00eb Socialiste tha se \u201cne duhet medoemos t\u00eb votojm\u00eb, si\u00e7 \u00ebsht\u00eb propozuar, amendamentin e zonj\u00ebs Doris Pack. Ajo kur e propozoi k\u00ebt\u00eb amendament e kishte n\u00eb mendje edhe Kushtetut\u00ebn, edhe transparenc\u00ebn, edhe Kodin Zgjedhor, se ka 20 vjet q\u00eb merret me Shqip\u00ebrin\u00eb. Ne n\u00eb pun\u00ebn ton\u00eb udh\u00ebhiqemi nga Kushtetutra dhe nga ligjet. Pse duhet t\u00eb mbushim deklaratat me fjali t\u00eb mir\u00ebnjohura?\u201d &#8211; tha ai.<\/p>\n<p>Propozimi \u00ebsht\u00eb hedhur p\u00ebr votim, por nuk \u00ebsht\u00eb miratuar.<\/p>\n<p>Mazhoranca ka d\u00ebshtuar m\u00eb par\u00eb dhe nj\u00eb tjet\u00ebr deklarat\u00eb t\u00eb k\u00ebtij komiteti, kur takimi u zhvillua n\u00eb Bruksel.<\/p>\n<p>Q\u00ebndrimet<\/p>\n<p>Drejtuesi i takimit, eurodeputeti Eduard Kukan, tha se mbeti i zhg\u00ebnjyer q\u00eb deklarata e p\u00ebrbashk\u00ebt d\u00ebshtoi pas dy dit\u00eb diskutimesh dhe kur pal\u00ebt dhan\u00eb miratimin ve\u00e7as.<\/p>\n<p>\u201cU k\u00ebrkoj falje p\u00ebrfaq\u00ebsuesve t\u00eb shtypit, sepse nuk do t\u00eb ket\u00eb deklarata, dhe as konferenc\u00eb shtypi, por mediat ishin t\u00eb pranishme n\u00eb sall\u00eb gjat\u00eb gjith\u00eb koh\u00ebs dhe mund t\u00eb raportojn\u00eb lirisht me transparenc\u00eb. Jam i zhg\u00ebnjyer se si nuk u arrit nj\u00eb deklarat\u00eb e p\u00ebrbashk\u00ebt e k\u00ebtij takimi, i cili ka nxjerr\u00eb \u00e7do her\u00eb deklarata me konsensus. N\u00eb k\u00ebt\u00eb munges\u00eb mir\u00ebkuptimi ka nj\u00eb mesazh shum\u00eb t\u00eb keq p\u00ebr Europ\u00ebn. Pas dy dit\u00eb debatesh nuk doli nj\u00eb deklarat\u00eb e p\u00ebrbash\u00ebt\u201d &#8211; tha zoti Kukan.<\/p>\n<p>Pak pas nisjes s\u00eb takimit, Eurodeputetja Doris Pack e ka braktisur n\u00eb m\u00ebnyr\u00eb demonstrative at\u00eb pas p\u00ebrplasjeve t\u00eb forta mes demokrat\u00ebve e socialist\u00ebve.<\/p>\n<p>Nd\u00ebrkohe fill pas saj, eurodeputetja Marije Cornelissen e ka quajtur t\u00eb turpshme sjelljen e<\/p>\n<p>politikaneve shqiptare. &#8220;T\u00eb isha shqiptare do isha turp\u00ebruar me akuzat q\u00eb b\u00ebhen n\u00eb politik\u00eb. K\u00ebtu duhet t\u00eb dialogohet, ju vazhdoni ende me akuzat&#8221;, ka th\u00ebn\u00eb ajo ne tryeze, pasi \u00ebsht\u00eb larguar kolegia Pack.<\/p>\n<p>Pack \u00ebsht\u00eb shprehur shum\u00eb e zhg\u00ebnjyer nga akuzat mes dy forcave kryesore politike PD dhe PS, nd\u00ebrkoh\u00eb q\u00eb takimi \u00ebsht\u00eb tep\u00ebr i r\u00ebnd\u00ebsish\u00ebm pasi n\u00eb t\u00eb diskutohen fatet e vendit.<\/p>\n<p>&#8220;K\u00ebtu po diskutohen fatet e vendit, nj\u00eb gjendje e till\u00eb \u00ebsht\u00eb e patolerueshme&#8221;- ka th\u00ebn\u00eb Pack. Sipas saj, prej 20 vjet\u00ebsh po shikohet e nj\u00ebjta praktik\u00eb dhe kjo nuk \u00ebsht\u00eb serioze, pasi nuk mund t\u00eb vazhdohet me t\u00eb nj\u00ebjt\u00ebn p\u00ebrplasje.<\/p>\n","protected":false},"excerpt":{"rendered":"<p>Nga Enton Palushi Rasti i Shqip\u00ebris\u00eb \u00ebsht\u00eb unik pasi jan\u00eb d\u00ebshtuar dy rezoluta t\u00eb p\u00ebrbashk\u00ebta, p\u00ebr shkak t\u00eb partis\u00eb n\u00eb pushtet, e cila ka aplikuar vet\u00eb p\u00ebr n\u00eb BE Komiteti nd\u00ebrparlamentar Shqip\u00ebri &#8211; BE i Marr\u00ebveshjes s\u00eb Stabilizim- Asociimit e mbylli takimin e Tiran\u00ebs pa ndonj\u00eb deklarat\u00eb me konsensus mbi zhvillimet politike n\u00eb vend. Mazhoranca [&hellip;]<\/p>\n","protected":false},"author":1,"featured_media":0,"comment_status":"open","ping_status":"closed","sticky":false,"template":"","format":"standard","meta":{"footnotes":""},"categories":[2],"tags":[],"class_list":{"0":"post-4649","1":"post","2":"type-post","3":"status-publish","4":"format-standard","6":"category-artikuj"},"yoast_head":"<!-- This site is optimized with the Yoast SEO plugin v27.4 - https:\/\/yoast.com\/product\/yoast-seo-wordpress\/ -->\n<title>PD refuzon p\u00ebr her\u00eb t\u00eb dyt\u00eb Rezolut\u00ebn e Bashkimit Europian - FjALA e LIR\u00cb - Arkivi<\/title>\n<meta name=\"robots\" content=\"index, follow, max-snippet:-1, max-image-preview:large, max-video-preview:-1\" \/>\n<link rel=\"canonical\" href=\"https:\/\/fjala.info\/2009-2015\/pd-refuzon-per-here-te-dyte-rezoluten-e-bashkimit-europian\/\" \/>\n<meta property=\"og:locale\" content=\"sq_AL\" \/>\n<meta property=\"og:type\" content=\"article\" \/>\n<meta property=\"og:title\" content=\"PD refuzon p\u00ebr her\u00eb t\u00eb dyt\u00eb Rezolut\u00ebn e Bashkimit Europian - FjALA e LIR\u00cb - Arkivi\" \/>\n<meta property=\"og:description\" content=\"Nga Enton Palushi Rasti i Shqip\u00ebris\u00eb \u00ebsht\u00eb unik pasi jan\u00eb d\u00ebshtuar dy rezoluta t\u00eb p\u00ebrbashk\u00ebta, p\u00ebr shkak t\u00eb partis\u00eb n\u00eb pushtet, e cila ka aplikuar vet\u00eb p\u00ebr n\u00eb BE Komiteti nd\u00ebrparlamentar Shqip\u00ebri &#8211; BE i Marr\u00ebveshjes s\u00eb Stabilizim- Asociimit e mbylli takimin e Tiran\u00ebs pa ndonj\u00eb deklarat\u00eb me konsensus mbi zhvillimet politike n\u00eb vend. Mazhoranca [&hellip;]\" \/>\n<meta property=\"og:url\" content=\"https:\/\/fjala.info\/2009-2015\/pd-refuzon-per-here-te-dyte-rezoluten-e-bashkimit-europian\/\" \/>\n<meta property=\"og:site_name\" content=\"FjALA e LIR\u00cb - Arkivi\" \/>\n<meta property=\"article:published_time\" content=\"2010-11-06T09:33:38+00:00\" \/>\n<meta property=\"og:image\" content=\"http:\/\/fjala.shkoder.net\/wp-content\/uploads\/2010\/11\/takim_msa.jpg\" \/>\n<meta name=\"author\" content=\"admin\" \/>\n<meta name=\"twitter:card\" content=\"summary_large_image\" \/>\n<meta name=\"twitter:label1\" content=\"Written by\" \/>\n\t<meta name=\"twitter:data1\" content=\"admin\" \/>\n\t<meta name=\"twitter:label2\" content=\"Est. reading time\" \/>\n\t<meta name=\"twitter:data2\" content=\"4 minutes\" \/>\n<script type=\"application\/ld+json\" class=\"yoast-schema-graph\">{\"@context\":\"https:\\\/\\\/schema.org\",\"@graph\":[{\"@type\":\"Article\",\"@id\":\"https:\\\/\\\/fjala.info\\\/2009-2015\\\/pd-refuzon-per-here-te-dyte-rezoluten-e-bashkimit-europian\\\/#article\",\"isPartOf\":{\"@id\":\"https:\\\/\\\/fjala.info\\\/2009-2015\\\/pd-refuzon-per-here-te-dyte-rezoluten-e-bashkimit-europian\\\/\"},\"author\":{\"name\":\"admin\",\"@id\":\"https:\\\/\\\/fjala.info\\\/2009-2015\\\/#\\\/schema\\\/person\\\/3aa1163ef05469c496fc94e77611ada2\"},\"headline\":\"PD refuzon p\u00ebr her\u00eb t\u00eb dyt\u00eb Rezolut\u00ebn e Bashkimit Europian\",\"datePublished\":\"2010-11-06T09:33:38+00:00\",\"mainEntityOfPage\":{\"@id\":\"https:\\\/\\\/fjala.info\\\/2009-2015\\\/pd-refuzon-per-here-te-dyte-rezoluten-e-bashkimit-europian\\\/\"},\"wordCount\":833,\"commentCount\":0,\"publisher\":{\"@id\":\"https:\\\/\\\/fjala.info\\\/2009-2015\\\/#organization\"},\"image\":{\"@id\":\"https:\\\/\\\/fjala.info\\\/2009-2015\\\/pd-refuzon-per-here-te-dyte-rezoluten-e-bashkimit-europian\\\/#primaryimage\"},\"thumbnailUrl\":\"http:\\\/\\\/fjala.shkoder.net\\\/wp-content\\\/uploads\\\/2010\\\/11\\\/takim_msa.jpg\",\"articleSection\":[\"Artikuj\"],\"inLanguage\":\"sq-AL\",\"potentialAction\":[{\"@type\":\"CommentAction\",\"name\":\"Comment\",\"target\":[\"https:\\\/\\\/fjala.info\\\/2009-2015\\\/pd-refuzon-per-here-te-dyte-rezoluten-e-bashkimit-europian\\\/#respond\"]}]},{\"@type\":\"WebPage\",\"@id\":\"https:\\\/\\\/fjala.info\\\/2009-2015\\\/pd-refuzon-per-here-te-dyte-rezoluten-e-bashkimit-europian\\\/\",\"url\":\"https:\\\/\\\/fjala.info\\\/2009-2015\\\/pd-refuzon-per-here-te-dyte-rezoluten-e-bashkimit-europian\\\/\",\"name\":\"PD refuzon p\u00ebr her\u00eb t\u00eb dyt\u00eb Rezolut\u00ebn e Bashkimit Europian - FjALA e LIR\u00cb - Arkivi\",\"isPartOf\":{\"@id\":\"https:\\\/\\\/fjala.info\\\/2009-2015\\\/#website\"},\"primaryImageOfPage\":{\"@id\":\"https:\\\/\\\/fjala.info\\\/2009-2015\\\/pd-refuzon-per-here-te-dyte-rezoluten-e-bashkimit-europian\\\/#primaryimage\"},\"image\":{\"@id\":\"https:\\\/\\\/fjala.info\\\/2009-2015\\\/pd-refuzon-per-here-te-dyte-rezoluten-e-bashkimit-europian\\\/#primaryimage\"},\"thumbnailUrl\":\"http:\\\/\\\/fjala.shkoder.net\\\/wp-content\\\/uploads\\\/2010\\\/11\\\/takim_msa.jpg\",\"datePublished\":\"2010-11-06T09:33:38+00:00\",\"breadcrumb\":{\"@id\":\"https:\\\/\\\/fjala.info\\\/2009-2015\\\/pd-refuzon-per-here-te-dyte-rezoluten-e-bashkimit-europian\\\/#breadcrumb\"},\"inLanguage\":\"sq-AL\",\"potentialAction\":[{\"@type\":\"ReadAction\",\"target\":[\"https:\\\/\\\/fjala.info\\\/2009-2015\\\/pd-refuzon-per-here-te-dyte-rezoluten-e-bashkimit-europian\\\/\"]}]},{\"@type\":\"ImageObject\",\"inLanguage\":\"sq-AL\",\"@id\":\"https:\\\/\\\/fjala.info\\\/2009-2015\\\/pd-refuzon-per-here-te-dyte-rezoluten-e-bashkimit-europian\\\/#primaryimage\",\"url\":\"http:\\\/\\\/fjala.shkoder.net\\\/wp-content\\\/uploads\\\/2010\\\/11\\\/takim_msa.jpg\",\"contentUrl\":\"http:\\\/\\\/fjala.shkoder.net\\\/wp-content\\\/uploads\\\/2010\\\/11\\\/takim_msa.jpg\"},{\"@type\":\"BreadcrumbList\",\"@id\":\"https:\\\/\\\/fjala.info\\\/2009-2015\\\/pd-refuzon-per-here-te-dyte-rezoluten-e-bashkimit-europian\\\/#breadcrumb\",\"itemListElement\":[{\"@type\":\"ListItem\",\"position\":1,\"name\":\"Home\",\"item\":\"https:\\\/\\\/fjala.info\\\/2009-2015\\\/\"},{\"@type\":\"ListItem\",\"position\":2,\"name\":\"PD refuzon p\u00ebr her\u00eb t\u00eb dyt\u00eb Rezolut\u00ebn e Bashkimit Europian\"}]},{\"@type\":\"WebSite\",\"@id\":\"https:\\\/\\\/fjala.info\\\/2009-2015\\\/#website\",\"url\":\"https:\\\/\\\/fjala.info\\\/2009-2015\\\/\",\"name\":\"FjALA e LIR\u00cb - Arkivi\",\"description\":\"Arkivi 2009-2015\",\"publisher\":{\"@id\":\"https:\\\/\\\/fjala.info\\\/2009-2015\\\/#organization\"},\"potentialAction\":[{\"@type\":\"SearchAction\",\"target\":{\"@type\":\"EntryPoint\",\"urlTemplate\":\"https:\\\/\\\/fjala.info\\\/2009-2015\\\/?s={search_term_string}\"},\"query-input\":{\"@type\":\"PropertyValueSpecification\",\"valueRequired\":true,\"valueName\":\"search_term_string\"}}],\"inLanguage\":\"sq-AL\"},{\"@type\":\"Organization\",\"@id\":\"https:\\\/\\\/fjala.info\\\/2009-2015\\\/#organization\",\"name\":\"FjALA e LIR\u00cb - Arkivi\",\"url\":\"https:\\\/\\\/fjala.info\\\/2009-2015\\\/\",\"logo\":{\"@type\":\"ImageObject\",\"inLanguage\":\"sq-AL\",\"@id\":\"https:\\\/\\\/fjala.info\\\/2009-2015\\\/#\\\/schema\\\/logo\\\/image\\\/\",\"url\":\"\",\"contentUrl\":\"\",\"caption\":\"FjALA e LIR\u00cb - Arkivi\"},\"image\":{\"@id\":\"https:\\\/\\\/fjala.info\\\/2009-2015\\\/#\\\/schema\\\/logo\\\/image\\\/\"}},{\"@type\":\"Person\",\"@id\":\"https:\\\/\\\/fjala.info\\\/2009-2015\\\/#\\\/schema\\\/person\\\/3aa1163ef05469c496fc94e77611ada2\",\"name\":\"admin\",\"image\":{\"@type\":\"ImageObject\",\"inLanguage\":\"sq-AL\",\"@id\":\"https:\\\/\\\/fjala.info\\\/2009-2015\\\/wp-content\\\/uploads\\\/2012\\\/02\\\/arben_cokaj-120x150.jpg\",\"url\":\"https:\\\/\\\/fjala.info\\\/2009-2015\\\/wp-content\\\/uploads\\\/2012\\\/02\\\/arben_cokaj-120x150.jpg\",\"contentUrl\":\"https:\\\/\\\/fjala.info\\\/2009-2015\\\/wp-content\\\/uploads\\\/2012\\\/02\\\/arben_cokaj-120x150.jpg\",\"caption\":\"admin\"},\"description\":\"Admin, Fjala e Lir\u00eb\",\"sameAs\":[\"https:\\\/\\\/fjala.info\\\/\"],\"url\":\"https:\\\/\\\/fjala.info\\\/2009-2015\\\/author\\\/admin\\\/\"}]}<\/script>\n<!-- \/ Yoast SEO plugin. -->","yoast_head_json":{"title":"PD refuzon p\u00ebr her\u00eb t\u00eb dyt\u00eb Rezolut\u00ebn e Bashkimit Europian - FjALA e LIR\u00cb - Arkivi","robots":{"index":"index","follow":"follow","max-snippet":"max-snippet:-1","max-image-preview":"max-image-preview:large","max-video-preview":"max-video-preview:-1"},"canonical":"https:\/\/fjala.info\/2009-2015\/pd-refuzon-per-here-te-dyte-rezoluten-e-bashkimit-europian\/","og_locale":"sq_AL","og_type":"article","og_title":"PD refuzon p\u00ebr her\u00eb t\u00eb dyt\u00eb Rezolut\u00ebn e Bashkimit Europian - FjALA e LIR\u00cb - Arkivi","og_description":"Nga Enton Palushi Rasti i Shqip\u00ebris\u00eb \u00ebsht\u00eb unik pasi jan\u00eb d\u00ebshtuar dy rezoluta t\u00eb p\u00ebrbashk\u00ebta, p\u00ebr shkak t\u00eb partis\u00eb n\u00eb pushtet, e cila ka aplikuar vet\u00eb p\u00ebr n\u00eb BE Komiteti nd\u00ebrparlamentar Shqip\u00ebri &#8211; BE i Marr\u00ebveshjes s\u00eb Stabilizim- Asociimit e mbylli takimin e Tiran\u00ebs pa ndonj\u00eb deklarat\u00eb me konsensus mbi zhvillimet politike n\u00eb vend. Mazhoranca [&hellip;]","og_url":"https:\/\/fjala.info\/2009-2015\/pd-refuzon-per-here-te-dyte-rezoluten-e-bashkimit-europian\/","og_site_name":"FjALA e LIR\u00cb - Arkivi","article_published_time":"2010-11-06T09:33:38+00:00","og_image":[{"url":"http:\/\/fjala.shkoder.net\/wp-content\/uploads\/2010\/11\/takim_msa.jpg","type":"","width":"","height":""}],"author":"admin","twitter_card":"summary_large_image","twitter_misc":{"Written by":"admin","Est. reading time":"4 minutes"},"schema":{"@context":"https:\/\/schema.org","@graph":[{"@type":"Article","@id":"https:\/\/fjala.info\/2009-2015\/pd-refuzon-per-here-te-dyte-rezoluten-e-bashkimit-europian\/#article","isPartOf":{"@id":"https:\/\/fjala.info\/2009-2015\/pd-refuzon-per-here-te-dyte-rezoluten-e-bashkimit-europian\/"},"author":{"name":"admin","@id":"https:\/\/fjala.info\/2009-2015\/#\/schema\/person\/3aa1163ef05469c496fc94e77611ada2"},"headline":"PD refuzon p\u00ebr her\u00eb t\u00eb dyt\u00eb Rezolut\u00ebn e Bashkimit Europian","datePublished":"2010-11-06T09:33:38+00:00","mainEntityOfPage":{"@id":"https:\/\/fjala.info\/2009-2015\/pd-refuzon-per-here-te-dyte-rezoluten-e-bashkimit-europian\/"},"wordCount":833,"commentCount":0,"publisher":{"@id":"https:\/\/fjala.info\/2009-2015\/#organization"},"image":{"@id":"https:\/\/fjala.info\/2009-2015\/pd-refuzon-per-here-te-dyte-rezoluten-e-bashkimit-europian\/#primaryimage"},"thumbnailUrl":"http:\/\/fjala.shkoder.net\/wp-content\/uploads\/2010\/11\/takim_msa.jpg","articleSection":["Artikuj"],"inLanguage":"sq-AL","potentialAction":[{"@type":"CommentAction","name":"Comment","target":["https:\/\/fjala.info\/2009-2015\/pd-refuzon-per-here-te-dyte-rezoluten-e-bashkimit-europian\/#respond"]}]},{"@type":"WebPage","@id":"https:\/\/fjala.info\/2009-2015\/pd-refuzon-per-here-te-dyte-rezoluten-e-bashkimit-europian\/","url":"https:\/\/fjala.info\/2009-2015\/pd-refuzon-per-here-te-dyte-rezoluten-e-bashkimit-europian\/","name":"PD refuzon p\u00ebr her\u00eb t\u00eb dyt\u00eb Rezolut\u00ebn e Bashkimit Europian - FjALA e LIR\u00cb - Arkivi","isPartOf":{"@id":"https:\/\/fjala.info\/2009-2015\/#website"},"primaryImageOfPage":{"@id":"https:\/\/fjala.info\/2009-2015\/pd-refuzon-per-here-te-dyte-rezoluten-e-bashkimit-europian\/#primaryimage"},"image":{"@id":"https:\/\/fjala.info\/2009-2015\/pd-refuzon-per-here-te-dyte-rezoluten-e-bashkimit-europian\/#primaryimage"},"thumbnailUrl":"http:\/\/fjala.shkoder.net\/wp-content\/uploads\/2010\/11\/takim_msa.jpg","datePublished":"2010-11-06T09:33:38+00:00","breadcrumb":{"@id":"https:\/\/fjala.info\/2009-2015\/pd-refuzon-per-here-te-dyte-rezoluten-e-bashkimit-europian\/#breadcrumb"},"inLanguage":"sq-AL","potentialAction":[{"@type":"ReadAction","target":["https:\/\/fjala.info\/2009-2015\/pd-refuzon-per-here-te-dyte-rezoluten-e-bashkimit-europian\/"]}]},{"@type":"ImageObject","inLanguage":"sq-AL","@id":"https:\/\/fjala.info\/2009-2015\/pd-refuzon-per-here-te-dyte-rezoluten-e-bashkimit-europian\/#primaryimage","url":"http:\/\/fjala.shkoder.net\/wp-content\/uploads\/2010\/11\/takim_msa.jpg","contentUrl":"http:\/\/fjala.shkoder.net\/wp-content\/uploads\/2010\/11\/takim_msa.jpg"},{"@type":"BreadcrumbList","@id":"https:\/\/fjala.info\/2009-2015\/pd-refuzon-per-here-te-dyte-rezoluten-e-bashkimit-europian\/#breadcrumb","itemListElement":[{"@type":"ListItem","position":1,"name":"Home","item":"https:\/\/fjala.info\/2009-2015\/"},{"@type":"ListItem","position":2,"name":"PD refuzon p\u00ebr her\u00eb t\u00eb dyt\u00eb Rezolut\u00ebn e Bashkimit Europian"}]},{"@type":"WebSite","@id":"https:\/\/fjala.info\/2009-2015\/#website","url":"https:\/\/fjala.info\/2009-2015\/","name":"FjALA e LIR\u00cb - Arkivi","description":"Arkivi 2009-2015","publisher":{"@id":"https:\/\/fjala.info\/2009-2015\/#organization"},"potentialAction":[{"@type":"SearchAction","target":{"@type":"EntryPoint","urlTemplate":"https:\/\/fjala.info\/2009-2015\/?s={search_term_string}"},"query-input":{"@type":"PropertyValueSpecification","valueRequired":true,"valueName":"search_term_string"}}],"inLanguage":"sq-AL"},{"@type":"Organization","@id":"https:\/\/fjala.info\/2009-2015\/#organization","name":"FjALA e LIR\u00cb - Arkivi","url":"https:\/\/fjala.info\/2009-2015\/","logo":{"@type":"ImageObject","inLanguage":"sq-AL","@id":"https:\/\/fjala.info\/2009-2015\/#\/schema\/logo\/image\/","url":"","contentUrl":"","caption":"FjALA e LIR\u00cb - Arkivi"},"image":{"@id":"https:\/\/fjala.info\/2009-2015\/#\/schema\/logo\/image\/"}},{"@type":"Person","@id":"https:\/\/fjala.info\/2009-2015\/#\/schema\/person\/3aa1163ef05469c496fc94e77611ada2","name":"admin","image":{"@type":"ImageObject","inLanguage":"sq-AL","@id":"https:\/\/fjala.info\/2009-2015\/wp-content\/uploads\/2012\/02\/arben_cokaj-120x150.jpg","url":"https:\/\/fjala.info\/2009-2015\/wp-content\/uploads\/2012\/02\/arben_cokaj-120x150.jpg","contentUrl":"https:\/\/fjala.info\/2009-2015\/wp-content\/uploads\/2012\/02\/arben_cokaj-120x150.jpg","caption":"admin"},"description":"Admin, Fjala e Lir\u00eb","sameAs":["https:\/\/fjala.info\/"],"url":"https:\/\/fjala.info\/2009-2015\/author\/admin\/"}]}},"_links":{"self":[{"href":"https:\/\/fjala.info\/2009-2015\/wp-json\/wp\/v2\/posts\/4649","targetHints":{"allow":["GET"]}}],"collection":[{"href":"https:\/\/fjala.info\/2009-2015\/wp-json\/wp\/v2\/posts"}],"about":[{"href":"https:\/\/fjala.info\/2009-2015\/wp-json\/wp\/v2\/types\/post"}],"author":[{"embeddable":true,"href":"https:\/\/fjala.info\/2009-2015\/wp-json\/wp\/v2\/users\/1"}],"replies":[{"embeddable":true,"href":"https:\/\/fjala.info\/2009-2015\/wp-json\/wp\/v2\/comments?post=4649"}],"version-history":[{"count":0,"href":"https:\/\/fjala.info\/2009-2015\/wp-json\/wp\/v2\/posts\/4649\/revisions"}],"wp:attachment":[{"href":"https:\/\/fjala.info\/2009-2015\/wp-json\/wp\/v2\/media?parent=4649"}],"wp:term":[{"taxonomy":"category","embeddable":true,"href":"https:\/\/fjala.info\/2009-2015\/wp-json\/wp\/v2\/categories?post=4649"},{"taxonomy":"post_tag","embeddable":true,"href":"https:\/\/fjala.info\/2009-2015\/wp-json\/wp\/v2\/tags?post=4649"}],"curies":[{"name":"wp","href":"https:\/\/api.w.org\/{rel}","templated":true}]}}