{"id":4642,"date":"2010-11-05T23:02:13","date_gmt":"2010-11-05T22:02:13","guid":{"rendered":"http:\/\/fjala.shkoder.net\/?p=4642"},"modified":"2010-11-05T23:02:13","modified_gmt":"2010-11-05T22:02:13","slug":"kriza-pa-kompromis-leskaj-pd-ja-refuzoi-oferten-e-doris-pack","status":"publish","type":"post","link":"https:\/\/fjala.info\/2009-2015\/kriza-pa-kompromis-leskaj-pd-ja-refuzoi-oferten-e-doris-pack\/","title":{"rendered":"Kriza, pa kompromis. Leskaj: PD-ja refuzoi ofert\u00ebn e Doris Pack"},"content":{"rendered":"<p><img loading=\"lazy\" decoding=\"async\" class=\"alignleft size-medium wp-image-4643\" title=\"Doris Pack\" src=\"http:\/\/fjala.shkoder.net\/wp-content\/uploads\/2010\/11\/doris_pack-300x168.jpg\" alt=\"\" width=\"300\" height=\"168\" \/><br \/>\n<strong>Shekulli Online<\/strong>, <em>05.11.2010<\/em><\/p>\n<p><em>UPDATE<\/em> &#8211; Delegacioni i Parlamentit Evropian, n\u00eb mbyljje t\u00eb takimit t\u00eb Komitetit p\u00ebr Stabilizim Asociimin, propozoi ngritjen e komisionit hetimor p\u00ebr zgjedhjet e 28 qershorit, me shumic\u00eb nga opozita.<\/p>\n<p>Gjat\u00eb nj\u00eb konference p\u00ebr mediat, eurodeputet\u00ebt e pranish\u00ebm n\u00eb takim shpreh\u00ebn zhg\u00ebnjimin p\u00ebr situat\u00ebn politike n\u00eb vend.<\/p>\n<p>Kreu i delegacionit, Eduard Kukan, theksoi se mes paleve ne fund te takimit nuk u arrit nje konsensus, i cili eshte shume i nevojshem per tejkalimin e krizes.<\/p>\n<p>Gjate takimit, komiteti votoi p\u00ebr propozimin e eurodeputetes Doris Pack, sipas t\u00eb cil\u00ebs pal\u00ebt duhet t\u00eb tregojn\u00eb vullnet, t\u00eb ulen n\u00eb bisedime dhe t\u00eb ndryshojn\u00eb nenin 178 pika 6 q\u00eb parashikon djegien e flet\u00ebve t\u00eb votimit. propozimi nuk gjeti miratim, pasi ne fund te votimit rezultoi me numer te barabarte votash, pro dhe kunder.<\/p>\n<p>Leskaj: PD, kunder Doris Pack<\/p>\n<p>N\u00ebnkyetarja e grupit parlamentar t\u00eb PS-s\u00eb, Valentina Leskaj sqaroi pas mbylljes s\u00eb takimit t\u00eb Komitetit t\u00eb Stabilizim Asociimit se PD-ja refuzoi amendamentin e b\u00ebr\u00eb nga eurodeputetja Dors Pack, q\u00eb p\u00ebrkon edhe me ofert\u00ebn e fundit t\u00eb b\u00ebr\u00eb nga PS-ja p\u00ebr hetimin e zgjedhjeve.<\/p>\n<p>Pack braktis takimin. Cornelissen: Sjellja e politikan\u00ebve, nj\u00eb turp<\/p>\n<p>Eurodeputetja Doris Pack ka braktisur n\u00eb m\u00ebnyr\u00eb demonstrative takimin e Stabilizim Asocimit, q\u00eb zhvillon sot mbledhjen e tij t\u00eb dyt\u00eb.<\/p>\n<p>Nderkohe fill pas saj, eurodeputetja Marije Cornelissen e ka quajtur te turpshme sjelljen e<br \/>\npolitikaneve shqiptare. &#8220;Te isha shqiptare do isha tuperuar me akuzat qe behet ne politike. K\u00ebtu duhet t\u00eb dialogohet, ju vazhdoni ende me akuzat&#8221;, ka thene ajo ne tryeze, pasi eshte larguar kolegja Pack.<\/p>\n<p>Pack \u00ebsht\u00eb shprehur shum\u00eb e zhg\u00ebnjyer nga akuzat mes dy forcave kryesore politike PD dhe PS, nd\u00ebrkoh\u00eb q\u00eb takimi \u00ebsht\u00eb tep\u00ebr i r\u00ebnd\u00ebsish\u00ebm pasi n\u00eb t\u00eb diskutohen fatet e vendit.<\/p>\n<p>&#8220;K\u00ebtu po diskutohen fatet e vendit, nj\u00eb gjendje e till\u00eb \u00ebsht\u00eb e patolerueshme&#8221;- ka th\u00ebn\u00eb Pack. Sipas saj, prej 20 vjet\u00ebsh po shikohet e nj\u00ebjta praktik\u00eb dhe kjo nuk \u00ebsht\u00eb serioze, pasi nuk mund t\u00eb vazhdohet me t\u00eb nj\u00ebjt\u00ebn p\u00ebrplasje.<br \/>\nReplikat<br \/>\nTakimi i sotem eshte shoqeruar me shkembime akuzash mes perfaqesuesve te pozites dhe opozites, te pranishem ne takim. Qe ne fillim ka pasur replika mes ministrit te Financave Ritvan Bode dhe deputetit te PS-se, Arben Malaj.<br \/>\nBode theksoi se k\u00ebt\u00eb vit, Shqip\u00ebria p\u00ebrballoi kriz\u00ebn dhe pavar\u00ebsisht kriz\u00ebs q\u00eb p\u00ebrfshiu shum\u00eb vende, Bode tha se k\u00ebt\u00eb vit ekonomia njohu rritjen me t\u00eb lart\u00eb.<\/p>\n<p>Por ka reaguar menjehere Malaj, duke i quajtur deklarata te tilla loje me statistikat.<br \/>\n&#8220;Pavar\u00ebsisht se qeveria e ka t\u00eb leht\u00eb t\u00eb manipuloj\u00eb statistikat, \u00ebsht\u00eb e v\u00ebshtir\u00eb fshehja e situat\u00ebs reale. Papun\u00ebsia e strukturuar n\u00eb mas\u00ebn 13:8%, deficiti publik eshte shqet\u00ebsues&#8221;, tha Malaj, duke i kujtuar ministrit rastin e Greqise.<br \/>\n_____<\/p>\n<p>Ne takimin e djeshem u b\u00ebn\u00eb deklarata t\u00eb forta referuar situates politike ne vend. Kreu i delegacionit Eduard Kukan gjate takimit te komitetit e vler\u00ebsoi situat\u00ebn si shum\u00eb shqet\u00ebsuese dhe theksoi se KE \u00ebsht\u00eb shum\u00eb e shqet\u00ebsuar pasi kriza zgjati shum\u00eb dhe nuk po gjen zgjidhje. Zgjatja e krizes institucionale tha Kukan do te permendet ne raportin e Keshilit te Evropes. Ndersa eurdeputeti tjeter Bursa b\u00ebri me faj t\u00eb dyja pal\u00ebt politike per gjendjen e krijuar nd\u00ebrsa paralajm\u00ebroi se kjo situat\u00eb do t\u00eb ket\u00eb efekt negative n\u00eb integrimijn e vendit.<\/p>\n<p>Gjat\u00eb dit\u00ebs delegacioni me n\u00eb krye Eduard Kukan ka patur disa takime me p\u00ebrfaq\u00ebsues t\u00eb lart\u00eb t\u00eb politik\u00ebs n\u00eb Shqip\u00ebri. N\u00eb takimin q\u00eb delegacioni pati me kryeminsitrin Berisha, u diskutua mbi reformat dhe investimet q\u00eb jan\u00eb b\u00ebr\u00eb n\u00eb fusha t\u00eb ndryshme, nd\u00ebrsa kriza politike ende e pazgjidhur ishte pjes\u00eb e diskutimitit. N\u00eb njoftimin p\u00ebr shtyp t\u00eb kryeministris\u00eb thuhet se n\u00eb takim &#8220;u vler\u00ebsua oferta e mazhoranc\u00ebs p\u00ebr hetimin e t\u00eb gjitha \u00e7\u00ebshtjeve nga Komisioni parlamentar, p\u00ebrve\u00e7se atyre p\u00ebr t\u00eb cilat ka vendim t\u00eb gjykatave&#8221;<\/p>\n<p>Nd\u00ebrkoh\u00eb kreu i PS-s\u00eb Edi Rama ka pritur gjithashtu n\u00eb takim delegacionin e kryesuar nga Kukan, ku ky i fundit u interesua mbi q\u00ebndrimin e PS-s\u00eb p\u00ebr mund\u00ebsin\u00eb e daljes nga kriza. Kreu socialist Rama e vler\u00ebsoi si proaktiv q\u00ebndrimin e PS-s\u00eb, dhe e njohu zyrtarin e BE me ofert\u00ebn q\u00eb opozita ka b\u00ebr\u00eb p\u00ebr daljen nga kriza.<\/p>\n<p>&#8220;marr\u00ebveshja baz\u00eb p\u00ebr ngritjen e komisionit hetimor parlamentar p\u00ebr t\u00eb hetuar zhvillimin e zgjedhjeve parlamentare t\u00eb 2009 &#8211; ku kryetari dhe shumica e pjes\u00ebtar\u00ebve zgjidhen nga opozita dhe i cili ka mandatin p\u00ebr t\u00eb hetuar materialet zgjedhore &#8211; duhet implementuar sa m\u00eb shpejt\u00eb t\u00eb jet\u00eb e mundur.&#8221; &#8211; tha Rama<\/p>\n<p>Partia Socialiste, vazhdoi m\u00eb tej Rama, e ka njohur rezultatin e zgjedhjeve parlamentare t\u00eb 2009, por ka k\u00ebrkuar hetimin e m\u00ebnyr\u00ebs sesi u zhvilluan k\u00ebto zgjedhje. Kjo \u00ebsht\u00eb nj\u00eb e drejt\u00eb Kushtetuese e Partis\u00eb Socialiste, p\u00ebr t\u00eb cilin ka dhe nj\u00eb precedent nga viti 2005, kur k\u00ebrkesa e L\u00ebvizjes Socialiste p\u00ebr Integrim p\u00ebr hetimin e zgjedhjeve parlamentare, p\u00ebrfshir\u00eb hapjen e kutive, u miratua nga legjislatura paraardh\u00ebse.<\/p>\n<p>***<\/p>\n<p>Kreu i delegacionit Eduard Kukan, ka mbajtur postin e ish ministrit te jasht\u00ebm te Sllovakis\u00eb, eshte njoh\u00ebs i mir\u00eb i Ballkanit, an\u00ebtar i delegacionit t\u00eb parlamentit europian p\u00ebr marr\u00ebdh\u00ebniet me vendet e ballkanit Per\u00ebndimor dhe an\u00ebtar i komisionit t\u00eb jasht\u00ebm t\u00eb parlamentit europian.<\/p>\n<p>Eurodeputeti Kukan ka qen\u00eb i angazhuar edhe n\u00eb procesin e liberalizimit t\u00eb vizave p\u00ebr Shqip\u00ebrin\u00eb, si dhe pjestar n\u00eb bisedimet e zhvilluara me ndermjetesine europiane mes kryeministrit Sali Berisha dhe kryetarit t\u00eb opozit\u00ebs Edi Rama n\u00eb Strasburg, majin e kaluar, per zgjidhjen e ngercit lidhur me hetimin e zgjedhjeve te qershorit 2009.<\/p>\n<p>Takimi i sot\u00ebm ka p\u00ebrfshire n\u00eb rendin e pun\u00ebs nd\u00ebr pikat e para situat\u00ebn politike dhe reform\u00ebn elektorale. Edhe n\u00eb takimin e par\u00eb t\u00eb k\u00ebtij komiteti t\u00eb mbajtur n\u00eb maj, kjo tem\u00eb krijoi debate t\u00eb forta jo vet\u00ebm mes p\u00ebrfaq\u00ebsuesve shqiptar\u00eb por edhe europarlamentar\u00ebve t\u00eb cil\u00ebt p\u00ebrgjith\u00ebsisht mbronin p\u00ebrfaq\u00ebsuesit e krahut t\u00eb tyre politik.<\/p>\n<p>Situata e krijuar b\u00ebri n\u00eb at\u00eb koh\u00eb q\u00eb t\u00eb d\u00ebshtonte n\u00eb minutat e fundit edhe miratimi i nj\u00eb deklarate t\u00eb p\u00ebrbashk\u00ebt n\u00eb p\u00ebrfundim t\u00eb takimit.<\/p>\n<p>Q\u00eb nga maji i atehersh\u00ebm situata politike \u00ebsht\u00eb thuajse e njejt\u00eb. Konflikti p\u00ebr ceshtjen e hetimeve t\u00eb zgjedhjeve \u00ebsht\u00eb ende i hapur, madje marr\u00ebdh\u00ebniet mes pal\u00ebve jan\u00eb acaruar edhe m\u00eb tej p\u00ebr shkak t\u00eb disa p\u00ebrplasjeve n\u00eb parlament.<\/p>\n<p>N\u00eb k\u00ebt\u00eb kuptim, edhe takimi i sot\u00ebm rrezikon t\u00eb jet\u00eb nj\u00eb fotokopje e atij t\u00eb majit, me t\u00eb vetmin ndryshim q\u00eb europarlamentar\u00ebt mund t\u00eb k\u00ebrkojn\u00eb shpjegime se p\u00ebrse nuk \u00ebsht\u00eb b\u00ebr\u00eb asgj\u00eb pas miratimit t\u00eb rezolut\u00ebs nga ana e parlamentit europian ku k\u00ebrkohet ngritja e komisionit hetimor p\u00ebr zgjedhjet dhe hapja rrug\u00eb reform\u00ebs elektorale.<\/p>\n<p>Por edhe pikat e tjera t\u00eb rendit t\u00eb dit\u00ebs s\u00eb takimit nuk \u00ebsht\u00eb se premtojn\u00eb ndonj\u00eb situat\u00eb me t\u00eb qet\u00eb.<\/p>\n<p>Nd\u00ebr to jan\u00eb edhe diskutimet p\u00ebr p\u00ebrmir\u00ebsimin e funksionimit t\u00eb gjyq\u00ebsorit dhe shtetit t\u00eb s\u00eb drejt\u00ebs n\u00eb Shqip\u00ebri, nj\u00eb c\u00ebshtje p\u00ebr t\u00eb cil\u00ebn ka debate t\u00eb vazhdueshme mes pal\u00ebve politike. Po ashtu edhe pika q\u00eb ka t\u00eb b\u00ebj\u00eb me t\u00eb drejtat e njeriut, mund t\u00eb jet\u00eb nj\u00eb tjet\u00ebr moment problematik.<\/p>\n<p>Dy dit\u00eb m\u00eb par\u00eb p\u00ebrfaq\u00ebsuesit e vendeve t\u00eb bashkimit europian shpreh\u00ebn shqet\u00ebsim p\u00ebr ndikimin q\u00eb ng\u00ebrci politik ka n\u00eb funksionimin e institucionit t\u00eb Avokatit t\u00eb Popullit. P\u00ebr shkak se Avokati i popullit zgjidhet me shumic\u00eb t\u00eb cil\u00ebsuar, posti ka disa muaj q\u00eb ka mbetur vakant. N\u00eb deklarat\u00ebn e l\u00ebshuar n\u00eb Tiran\u00eb u b\u00ebhet thirrje t\u00eb gjitha partive politike t\u00eb procedojn\u00eb n\u00eb m\u00ebnyr\u00eb urgjente me em\u00ebrimin e Avokatit t\u00eb ri t\u00eb Popullit.<\/p>\n<p>Ng\u00ebr\u00e7i politik nuk duhet t\u00eb pengoj\u00eb miratimin nga ana e Parlamentit t\u00eb reformave dhe masave q\u00eb jan\u00eb n\u00eb interes t\u00eb Shqip\u00ebris\u00eb dhe qytetar\u00ebve t\u00eb saj. P\u00ebrfaq\u00ebsuesit e vendeve t\u00eb Bashkimit Evropian u b\u00ebn thirrje gjithashtu autoriteteve shqiptare t\u00eb marrin masat e nevojshme p\u00ebr t\u00eb garantuar v\u00ebnien n\u00eb zbatim si\u00e7 duhet t\u00eb ligjit kund\u00ebr diskriminimit t\u00eb miratuar nga Parlamenti n\u00eb shkurt t\u00eb vitit 2010, p\u00ebrfshir\u00eb k\u00ebtu edhe mb\u00ebshtetjen me burime t\u00eb mjaftueshme financiare dhe njer\u00ebzore p\u00ebr Komisionerin p\u00ebr Mbrojtjen nga Diskriminimi.<\/p>\n<p>Takimi i sot\u00ebm i komitetit t\u00eb p\u00ebrbashk\u00ebt parlamentar t\u00eb Stabilizim Asocimit zhvillohet vet\u00ebm pak dit\u00eb p\u00ebrpara se Bashkimi europian t\u00eb vendos\u00eb t\u00eb h\u00ebn\u00eb e ardhshme p\u00ebr liberalizimin e vizave p\u00ebr qyetar\u00ebt shqiptar\u00eb, dhe nj\u00eb dit\u00eb m\u00eb pas, Komsioni europin t\u00eb shpreh opinionin mbi k\u00ebrkes\u00ebn e Shqip\u00ebris\u00eb p\u00ebr statusin e vendit kandidat.<\/p>\n","protected":false},"excerpt":{"rendered":"<p>Shekulli Online, 05.11.2010 UPDATE &#8211; Delegacioni i Parlamentit Evropian, n\u00eb mbyljje t\u00eb takimit t\u00eb Komitetit p\u00ebr Stabilizim Asociimin, propozoi ngritjen e komisionit hetimor p\u00ebr zgjedhjet e 28 qershorit, me shumic\u00eb nga opozita. Gjat\u00eb nj\u00eb konference p\u00ebr mediat, eurodeputet\u00ebt e pranish\u00ebm n\u00eb takim shpreh\u00ebn zhg\u00ebnjimin p\u00ebr situat\u00ebn politike n\u00eb vend. Kreu i delegacionit, Eduard Kukan, theksoi [&hellip;]<\/p>\n","protected":false},"author":1,"featured_media":0,"comment_status":"open","ping_status":"closed","sticky":false,"template":"","format":"standard","meta":{"footnotes":""},"categories":[2],"tags":[],"class_list":{"0":"post-4642","1":"post","2":"type-post","3":"status-publish","4":"format-standard","6":"category-artikuj"},"yoast_head":"<!-- This site is optimized with the Yoast SEO plugin v27.4 - https:\/\/yoast.com\/product\/yoast-seo-wordpress\/ -->\n<title>Kriza, pa kompromis. Leskaj: PD-ja refuzoi ofert\u00ebn e Doris Pack - FjALA e LIR\u00cb - Arkivi<\/title>\n<meta name=\"robots\" content=\"index, follow, max-snippet:-1, max-image-preview:large, max-video-preview:-1\" \/>\n<link rel=\"canonical\" href=\"https:\/\/fjala.info\/2009-2015\/kriza-pa-kompromis-leskaj-pd-ja-refuzoi-oferten-e-doris-pack\/\" \/>\n<meta property=\"og:locale\" content=\"sq_AL\" \/>\n<meta property=\"og:type\" content=\"article\" \/>\n<meta property=\"og:title\" content=\"Kriza, pa kompromis. Leskaj: PD-ja refuzoi ofert\u00ebn e Doris Pack - FjALA e LIR\u00cb - Arkivi\" \/>\n<meta property=\"og:description\" content=\"Shekulli Online, 05.11.2010 UPDATE &#8211; Delegacioni i Parlamentit Evropian, n\u00eb mbyljje t\u00eb takimit t\u00eb Komitetit p\u00ebr Stabilizim Asociimin, propozoi ngritjen e komisionit hetimor p\u00ebr zgjedhjet e 28 qershorit, me shumic\u00eb nga opozita. Gjat\u00eb nj\u00eb konference p\u00ebr mediat, eurodeputet\u00ebt e pranish\u00ebm n\u00eb takim shpreh\u00ebn zhg\u00ebnjimin p\u00ebr situat\u00ebn politike n\u00eb vend. Kreu i delegacionit, Eduard Kukan, theksoi [&hellip;]\" \/>\n<meta property=\"og:url\" content=\"https:\/\/fjala.info\/2009-2015\/kriza-pa-kompromis-leskaj-pd-ja-refuzoi-oferten-e-doris-pack\/\" \/>\n<meta property=\"og:site_name\" content=\"FjALA e LIR\u00cb - Arkivi\" \/>\n<meta property=\"article:published_time\" content=\"2010-11-05T22:02:13+00:00\" \/>\n<meta property=\"og:image\" content=\"http:\/\/fjala.shkoder.net\/wp-content\/uploads\/2010\/11\/doris_pack-300x168.jpg\" \/>\n<meta name=\"author\" content=\"admin\" \/>\n<meta name=\"twitter:card\" content=\"summary_large_image\" \/>\n<meta name=\"twitter:label1\" content=\"Written by\" \/>\n\t<meta name=\"twitter:data1\" content=\"admin\" \/>\n\t<meta name=\"twitter:label2\" content=\"Est. reading time\" \/>\n\t<meta name=\"twitter:data2\" content=\"8 minutes\" \/>\n<script type=\"application\/ld+json\" class=\"yoast-schema-graph\">{\"@context\":\"https:\\\/\\\/schema.org\",\"@graph\":[{\"@type\":\"Article\",\"@id\":\"https:\\\/\\\/fjala.info\\\/2009-2015\\\/kriza-pa-kompromis-leskaj-pd-ja-refuzoi-oferten-e-doris-pack\\\/#article\",\"isPartOf\":{\"@id\":\"https:\\\/\\\/fjala.info\\\/2009-2015\\\/kriza-pa-kompromis-leskaj-pd-ja-refuzoi-oferten-e-doris-pack\\\/\"},\"author\":{\"name\":\"admin\",\"@id\":\"https:\\\/\\\/fjala.info\\\/2009-2015\\\/#\\\/schema\\\/person\\\/3aa1163ef05469c496fc94e77611ada2\"},\"headline\":\"Kriza, pa kompromis. Leskaj: PD-ja refuzoi ofert\u00ebn e Doris Pack\",\"datePublished\":\"2010-11-05T22:02:13+00:00\",\"mainEntityOfPage\":{\"@id\":\"https:\\\/\\\/fjala.info\\\/2009-2015\\\/kriza-pa-kompromis-leskaj-pd-ja-refuzoi-oferten-e-doris-pack\\\/\"},\"wordCount\":1529,\"commentCount\":0,\"publisher\":{\"@id\":\"https:\\\/\\\/fjala.info\\\/2009-2015\\\/#organization\"},\"image\":{\"@id\":\"https:\\\/\\\/fjala.info\\\/2009-2015\\\/kriza-pa-kompromis-leskaj-pd-ja-refuzoi-oferten-e-doris-pack\\\/#primaryimage\"},\"thumbnailUrl\":\"http:\\\/\\\/fjala.shkoder.net\\\/wp-content\\\/uploads\\\/2010\\\/11\\\/doris_pack-300x168.jpg\",\"articleSection\":[\"Artikuj\"],\"inLanguage\":\"sq-AL\",\"potentialAction\":[{\"@type\":\"CommentAction\",\"name\":\"Comment\",\"target\":[\"https:\\\/\\\/fjala.info\\\/2009-2015\\\/kriza-pa-kompromis-leskaj-pd-ja-refuzoi-oferten-e-doris-pack\\\/#respond\"]}]},{\"@type\":\"WebPage\",\"@id\":\"https:\\\/\\\/fjala.info\\\/2009-2015\\\/kriza-pa-kompromis-leskaj-pd-ja-refuzoi-oferten-e-doris-pack\\\/\",\"url\":\"https:\\\/\\\/fjala.info\\\/2009-2015\\\/kriza-pa-kompromis-leskaj-pd-ja-refuzoi-oferten-e-doris-pack\\\/\",\"name\":\"Kriza, pa kompromis. Leskaj: PD-ja refuzoi ofert\u00ebn e Doris Pack - FjALA e LIR\u00cb - Arkivi\",\"isPartOf\":{\"@id\":\"https:\\\/\\\/fjala.info\\\/2009-2015\\\/#website\"},\"primaryImageOfPage\":{\"@id\":\"https:\\\/\\\/fjala.info\\\/2009-2015\\\/kriza-pa-kompromis-leskaj-pd-ja-refuzoi-oferten-e-doris-pack\\\/#primaryimage\"},\"image\":{\"@id\":\"https:\\\/\\\/fjala.info\\\/2009-2015\\\/kriza-pa-kompromis-leskaj-pd-ja-refuzoi-oferten-e-doris-pack\\\/#primaryimage\"},\"thumbnailUrl\":\"http:\\\/\\\/fjala.shkoder.net\\\/wp-content\\\/uploads\\\/2010\\\/11\\\/doris_pack-300x168.jpg\",\"datePublished\":\"2010-11-05T22:02:13+00:00\",\"breadcrumb\":{\"@id\":\"https:\\\/\\\/fjala.info\\\/2009-2015\\\/kriza-pa-kompromis-leskaj-pd-ja-refuzoi-oferten-e-doris-pack\\\/#breadcrumb\"},\"inLanguage\":\"sq-AL\",\"potentialAction\":[{\"@type\":\"ReadAction\",\"target\":[\"https:\\\/\\\/fjala.info\\\/2009-2015\\\/kriza-pa-kompromis-leskaj-pd-ja-refuzoi-oferten-e-doris-pack\\\/\"]}]},{\"@type\":\"ImageObject\",\"inLanguage\":\"sq-AL\",\"@id\":\"https:\\\/\\\/fjala.info\\\/2009-2015\\\/kriza-pa-kompromis-leskaj-pd-ja-refuzoi-oferten-e-doris-pack\\\/#primaryimage\",\"url\":\"http:\\\/\\\/fjala.shkoder.net\\\/wp-content\\\/uploads\\\/2010\\\/11\\\/doris_pack-300x168.jpg\",\"contentUrl\":\"http:\\\/\\\/fjala.shkoder.net\\\/wp-content\\\/uploads\\\/2010\\\/11\\\/doris_pack-300x168.jpg\"},{\"@type\":\"BreadcrumbList\",\"@id\":\"https:\\\/\\\/fjala.info\\\/2009-2015\\\/kriza-pa-kompromis-leskaj-pd-ja-refuzoi-oferten-e-doris-pack\\\/#breadcrumb\",\"itemListElement\":[{\"@type\":\"ListItem\",\"position\":1,\"name\":\"Home\",\"item\":\"https:\\\/\\\/fjala.info\\\/2009-2015\\\/\"},{\"@type\":\"ListItem\",\"position\":2,\"name\":\"Kriza, pa kompromis. Leskaj: PD-ja refuzoi ofert\u00ebn e Doris Pack\"}]},{\"@type\":\"WebSite\",\"@id\":\"https:\\\/\\\/fjala.info\\\/2009-2015\\\/#website\",\"url\":\"https:\\\/\\\/fjala.info\\\/2009-2015\\\/\",\"name\":\"FjALA e LIR\u00cb - Arkivi\",\"description\":\"Arkivi 2009-2015\",\"publisher\":{\"@id\":\"https:\\\/\\\/fjala.info\\\/2009-2015\\\/#organization\"},\"potentialAction\":[{\"@type\":\"SearchAction\",\"target\":{\"@type\":\"EntryPoint\",\"urlTemplate\":\"https:\\\/\\\/fjala.info\\\/2009-2015\\\/?s={search_term_string}\"},\"query-input\":{\"@type\":\"PropertyValueSpecification\",\"valueRequired\":true,\"valueName\":\"search_term_string\"}}],\"inLanguage\":\"sq-AL\"},{\"@type\":\"Organization\",\"@id\":\"https:\\\/\\\/fjala.info\\\/2009-2015\\\/#organization\",\"name\":\"FjALA e LIR\u00cb - Arkivi\",\"url\":\"https:\\\/\\\/fjala.info\\\/2009-2015\\\/\",\"logo\":{\"@type\":\"ImageObject\",\"inLanguage\":\"sq-AL\",\"@id\":\"https:\\\/\\\/fjala.info\\\/2009-2015\\\/#\\\/schema\\\/logo\\\/image\\\/\",\"url\":\"\",\"contentUrl\":\"\",\"caption\":\"FjALA e LIR\u00cb - Arkivi\"},\"image\":{\"@id\":\"https:\\\/\\\/fjala.info\\\/2009-2015\\\/#\\\/schema\\\/logo\\\/image\\\/\"}},{\"@type\":\"Person\",\"@id\":\"https:\\\/\\\/fjala.info\\\/2009-2015\\\/#\\\/schema\\\/person\\\/3aa1163ef05469c496fc94e77611ada2\",\"name\":\"admin\",\"image\":{\"@type\":\"ImageObject\",\"inLanguage\":\"sq-AL\",\"@id\":\"https:\\\/\\\/fjala.info\\\/2009-2015\\\/wp-content\\\/uploads\\\/2012\\\/02\\\/arben_cokaj-120x150.jpg\",\"url\":\"https:\\\/\\\/fjala.info\\\/2009-2015\\\/wp-content\\\/uploads\\\/2012\\\/02\\\/arben_cokaj-120x150.jpg\",\"contentUrl\":\"https:\\\/\\\/fjala.info\\\/2009-2015\\\/wp-content\\\/uploads\\\/2012\\\/02\\\/arben_cokaj-120x150.jpg\",\"caption\":\"admin\"},\"description\":\"Admin, Fjala e Lir\u00eb\",\"sameAs\":[\"https:\\\/\\\/fjala.info\\\/\"],\"url\":\"https:\\\/\\\/fjala.info\\\/2009-2015\\\/author\\\/admin\\\/\"}]}<\/script>\n<!-- \/ Yoast SEO plugin. -->","yoast_head_json":{"title":"Kriza, pa kompromis. Leskaj: PD-ja refuzoi ofert\u00ebn e Doris Pack - FjALA e LIR\u00cb - Arkivi","robots":{"index":"index","follow":"follow","max-snippet":"max-snippet:-1","max-image-preview":"max-image-preview:large","max-video-preview":"max-video-preview:-1"},"canonical":"https:\/\/fjala.info\/2009-2015\/kriza-pa-kompromis-leskaj-pd-ja-refuzoi-oferten-e-doris-pack\/","og_locale":"sq_AL","og_type":"article","og_title":"Kriza, pa kompromis. Leskaj: PD-ja refuzoi ofert\u00ebn e Doris Pack - FjALA e LIR\u00cb - Arkivi","og_description":"Shekulli Online, 05.11.2010 UPDATE &#8211; Delegacioni i Parlamentit Evropian, n\u00eb mbyljje t\u00eb takimit t\u00eb Komitetit p\u00ebr Stabilizim Asociimin, propozoi ngritjen e komisionit hetimor p\u00ebr zgjedhjet e 28 qershorit, me shumic\u00eb nga opozita. Gjat\u00eb nj\u00eb konference p\u00ebr mediat, eurodeputet\u00ebt e pranish\u00ebm n\u00eb takim shpreh\u00ebn zhg\u00ebnjimin p\u00ebr situat\u00ebn politike n\u00eb vend. Kreu i delegacionit, Eduard Kukan, theksoi [&hellip;]","og_url":"https:\/\/fjala.info\/2009-2015\/kriza-pa-kompromis-leskaj-pd-ja-refuzoi-oferten-e-doris-pack\/","og_site_name":"FjALA e LIR\u00cb - Arkivi","article_published_time":"2010-11-05T22:02:13+00:00","og_image":[{"url":"http:\/\/fjala.shkoder.net\/wp-content\/uploads\/2010\/11\/doris_pack-300x168.jpg","type":"","width":"","height":""}],"author":"admin","twitter_card":"summary_large_image","twitter_misc":{"Written by":"admin","Est. reading time":"8 minutes"},"schema":{"@context":"https:\/\/schema.org","@graph":[{"@type":"Article","@id":"https:\/\/fjala.info\/2009-2015\/kriza-pa-kompromis-leskaj-pd-ja-refuzoi-oferten-e-doris-pack\/#article","isPartOf":{"@id":"https:\/\/fjala.info\/2009-2015\/kriza-pa-kompromis-leskaj-pd-ja-refuzoi-oferten-e-doris-pack\/"},"author":{"name":"admin","@id":"https:\/\/fjala.info\/2009-2015\/#\/schema\/person\/3aa1163ef05469c496fc94e77611ada2"},"headline":"Kriza, pa kompromis. Leskaj: PD-ja refuzoi ofert\u00ebn e Doris Pack","datePublished":"2010-11-05T22:02:13+00:00","mainEntityOfPage":{"@id":"https:\/\/fjala.info\/2009-2015\/kriza-pa-kompromis-leskaj-pd-ja-refuzoi-oferten-e-doris-pack\/"},"wordCount":1529,"commentCount":0,"publisher":{"@id":"https:\/\/fjala.info\/2009-2015\/#organization"},"image":{"@id":"https:\/\/fjala.info\/2009-2015\/kriza-pa-kompromis-leskaj-pd-ja-refuzoi-oferten-e-doris-pack\/#primaryimage"},"thumbnailUrl":"http:\/\/fjala.shkoder.net\/wp-content\/uploads\/2010\/11\/doris_pack-300x168.jpg","articleSection":["Artikuj"],"inLanguage":"sq-AL","potentialAction":[{"@type":"CommentAction","name":"Comment","target":["https:\/\/fjala.info\/2009-2015\/kriza-pa-kompromis-leskaj-pd-ja-refuzoi-oferten-e-doris-pack\/#respond"]}]},{"@type":"WebPage","@id":"https:\/\/fjala.info\/2009-2015\/kriza-pa-kompromis-leskaj-pd-ja-refuzoi-oferten-e-doris-pack\/","url":"https:\/\/fjala.info\/2009-2015\/kriza-pa-kompromis-leskaj-pd-ja-refuzoi-oferten-e-doris-pack\/","name":"Kriza, pa kompromis. Leskaj: PD-ja refuzoi ofert\u00ebn e Doris Pack - FjALA e LIR\u00cb - Arkivi","isPartOf":{"@id":"https:\/\/fjala.info\/2009-2015\/#website"},"primaryImageOfPage":{"@id":"https:\/\/fjala.info\/2009-2015\/kriza-pa-kompromis-leskaj-pd-ja-refuzoi-oferten-e-doris-pack\/#primaryimage"},"image":{"@id":"https:\/\/fjala.info\/2009-2015\/kriza-pa-kompromis-leskaj-pd-ja-refuzoi-oferten-e-doris-pack\/#primaryimage"},"thumbnailUrl":"http:\/\/fjala.shkoder.net\/wp-content\/uploads\/2010\/11\/doris_pack-300x168.jpg","datePublished":"2010-11-05T22:02:13+00:00","breadcrumb":{"@id":"https:\/\/fjala.info\/2009-2015\/kriza-pa-kompromis-leskaj-pd-ja-refuzoi-oferten-e-doris-pack\/#breadcrumb"},"inLanguage":"sq-AL","potentialAction":[{"@type":"ReadAction","target":["https:\/\/fjala.info\/2009-2015\/kriza-pa-kompromis-leskaj-pd-ja-refuzoi-oferten-e-doris-pack\/"]}]},{"@type":"ImageObject","inLanguage":"sq-AL","@id":"https:\/\/fjala.info\/2009-2015\/kriza-pa-kompromis-leskaj-pd-ja-refuzoi-oferten-e-doris-pack\/#primaryimage","url":"http:\/\/fjala.shkoder.net\/wp-content\/uploads\/2010\/11\/doris_pack-300x168.jpg","contentUrl":"http:\/\/fjala.shkoder.net\/wp-content\/uploads\/2010\/11\/doris_pack-300x168.jpg"},{"@type":"BreadcrumbList","@id":"https:\/\/fjala.info\/2009-2015\/kriza-pa-kompromis-leskaj-pd-ja-refuzoi-oferten-e-doris-pack\/#breadcrumb","itemListElement":[{"@type":"ListItem","position":1,"name":"Home","item":"https:\/\/fjala.info\/2009-2015\/"},{"@type":"ListItem","position":2,"name":"Kriza, pa kompromis. Leskaj: PD-ja refuzoi ofert\u00ebn e Doris Pack"}]},{"@type":"WebSite","@id":"https:\/\/fjala.info\/2009-2015\/#website","url":"https:\/\/fjala.info\/2009-2015\/","name":"FjALA e LIR\u00cb - Arkivi","description":"Arkivi 2009-2015","publisher":{"@id":"https:\/\/fjala.info\/2009-2015\/#organization"},"potentialAction":[{"@type":"SearchAction","target":{"@type":"EntryPoint","urlTemplate":"https:\/\/fjala.info\/2009-2015\/?s={search_term_string}"},"query-input":{"@type":"PropertyValueSpecification","valueRequired":true,"valueName":"search_term_string"}}],"inLanguage":"sq-AL"},{"@type":"Organization","@id":"https:\/\/fjala.info\/2009-2015\/#organization","name":"FjALA e LIR\u00cb - Arkivi","url":"https:\/\/fjala.info\/2009-2015\/","logo":{"@type":"ImageObject","inLanguage":"sq-AL","@id":"https:\/\/fjala.info\/2009-2015\/#\/schema\/logo\/image\/","url":"","contentUrl":"","caption":"FjALA e LIR\u00cb - Arkivi"},"image":{"@id":"https:\/\/fjala.info\/2009-2015\/#\/schema\/logo\/image\/"}},{"@type":"Person","@id":"https:\/\/fjala.info\/2009-2015\/#\/schema\/person\/3aa1163ef05469c496fc94e77611ada2","name":"admin","image":{"@type":"ImageObject","inLanguage":"sq-AL","@id":"https:\/\/fjala.info\/2009-2015\/wp-content\/uploads\/2012\/02\/arben_cokaj-120x150.jpg","url":"https:\/\/fjala.info\/2009-2015\/wp-content\/uploads\/2012\/02\/arben_cokaj-120x150.jpg","contentUrl":"https:\/\/fjala.info\/2009-2015\/wp-content\/uploads\/2012\/02\/arben_cokaj-120x150.jpg","caption":"admin"},"description":"Admin, Fjala e Lir\u00eb","sameAs":["https:\/\/fjala.info\/"],"url":"https:\/\/fjala.info\/2009-2015\/author\/admin\/"}]}},"_links":{"self":[{"href":"https:\/\/fjala.info\/2009-2015\/wp-json\/wp\/v2\/posts\/4642","targetHints":{"allow":["GET"]}}],"collection":[{"href":"https:\/\/fjala.info\/2009-2015\/wp-json\/wp\/v2\/posts"}],"about":[{"href":"https:\/\/fjala.info\/2009-2015\/wp-json\/wp\/v2\/types\/post"}],"author":[{"embeddable":true,"href":"https:\/\/fjala.info\/2009-2015\/wp-json\/wp\/v2\/users\/1"}],"replies":[{"embeddable":true,"href":"https:\/\/fjala.info\/2009-2015\/wp-json\/wp\/v2\/comments?post=4642"}],"version-history":[{"count":0,"href":"https:\/\/fjala.info\/2009-2015\/wp-json\/wp\/v2\/posts\/4642\/revisions"}],"wp:attachment":[{"href":"https:\/\/fjala.info\/2009-2015\/wp-json\/wp\/v2\/media?parent=4642"}],"wp:term":[{"taxonomy":"category","embeddable":true,"href":"https:\/\/fjala.info\/2009-2015\/wp-json\/wp\/v2\/categories?post=4642"},{"taxonomy":"post_tag","embeddable":true,"href":"https:\/\/fjala.info\/2009-2015\/wp-json\/wp\/v2\/tags?post=4642"}],"curies":[{"name":"wp","href":"https:\/\/api.w.org\/{rel}","templated":true}]}}