{"id":4638,"date":"2012-08-24T07:50:07","date_gmt":"2012-08-24T06:50:07","guid":{"rendered":"http:\/\/www.fjala.info\/?p=4638"},"modified":"2012-08-24T07:50:07","modified_gmt":"2012-08-24T06:50:07","slug":"teodor-keko-dhe-vdekja","status":"publish","type":"post","link":"https:\/\/fjala.info\/2009-2015\/teodor-keko-dhe-vdekja\/","title":{"rendered":"Teodor Keko dhe vdekja"},"content":{"rendered":"<p><img decoding=\"async\" class=\"alignright size-thumbnail wp-image-7236\" title=\"Teodor Keko\" src=\"http:\/\/www.fjala.info\/2012\/teodor_keko.jpg\" alt=\"\" width=\"300\" \/> Nga <strong>Ilir Yzeiri<\/strong>, <em>21 gusht 2012 <\/em><\/p>\n<p>Nes\u00ebr b\u00ebhen dhjet\u00eb vjet nga dita kur nd\u00ebrroi jet\u00eb Teodor Keko. Kam dashur dhe m\u00eb par\u00eb t\u00eb hedh n\u00eb let\u00ebr dy apo tri rreshta p\u00ebr Dorin, madje sa her\u00eb q\u00eb ndeshesha n\u00eb rrug\u00eb me Ilirin, v\u00ebllain e Dorit, ndihesha si n\u00eb faj e shpeshher\u00eb m\u00eb dukej sikur m\u00eb thoshte, po mir\u00eb, ti nuk ke gj\u00eb p\u00ebr t\u00eb shkruar p\u00ebr Dorin. Ai kishte t\u00eb drejt\u00eb t\u00eb mendonte ashtu, sepse sillte nd\u00ebrmend dit\u00ebt dhe net\u00ebt q\u00eb un\u00eb kaloja n\u00eb sht\u00ebpin\u00eb e tyre duke m\u00ebsuar morfologjin\u00eb, kujtonte miq\u00ebsin\u00eb q\u00eb kishim dhe nuk e kuptonte dot se p\u00ebrse un\u00eb nuk kisha gjetur mund\u00ebsin\u00eb dhe koh\u00ebn q\u00eb t\u00eb hidhja n\u00eb let\u00ebr dy sh\u00ebnime p\u00ebr Dorin. Un\u00eb vet\u00eb e kisha nj\u00eb shpjegim dhe vijoj ta kem ende, por kjo \u00ebsht\u00eb nj\u00eb gj\u00eb tjet\u00ebr. Tani, pas dhjet\u00eb vjet\u00ebsh, m\u00eb duket se Teodor Keko m\u00eb n\u00eb fund \u00ebsht\u00eb i lir\u00eb nga ata q\u00eb e desh\u00ebn sidomos pas vdekjes dhe dit\u00ebn q\u00eb vdiq.<\/p>\n<p>Tani Teodor Keko mund t\u00eb v\u00ebshtrohet si fenomeni unikal i let\u00ebrsis\u00eb shqiptare q\u00eb zot\u00ebron kap\u00ebrcyellin e viteve \u201990. Ai nisi t\u00eb shkruaj\u00eb n\u00eb mesin e viteve \u201980, por u b\u00eb i njohur sidomos pas viteve \u201990. Nga viti 1990 e deri sa vdiq, m\u00eb 2002, pra p\u00ebrreth 12 vjet, ai regjistroi, tregoi dhe analizoi nj\u00eb nga periudhat m\u00eb t\u00eb v\u00ebshtira e m\u00eb komplekse t\u00eb historis\u00eb s\u00eb Shqip\u00ebris\u00eb. Nga kjo pik\u00ebpamje ai \u00ebsht\u00eb i vetmi dhe ndoshta i fundit shkrimtar ekzistencialist shqiptar q\u00eb nga rreth dymb\u00ebdhjet\u00eb temat qendrore t\u00eb ekzistencializmit kishte m\u00eb p\u00ebr zem\u00ebr tem\u00ebn e vdekjes.<\/p>\n<p>Teodor Keko jetoi sikur t\u00eb ishte i vdekur, pra e \u00e7onte jet\u00ebn si t\u00eb ishte n\u00eb ferr dhe tani q\u00eb mungon fizikisht, duket se po jeton diku larg n\u00eb paqe dhe i qet\u00eb, ndoshta jo tamam n\u00eb parajs\u00eb, por n\u00eb nj\u00eb vend pa njer\u00ebz dhe pa dhun\u00eb, n\u00eb nje vend pa vdekje. Kap\u00ebrcimi nga diktatura n\u00eb shthurje totale, n\u00eb anarshi e rr\u00ebmuj\u00eb, n\u00eb kaos e n\u00eb kacafytje, pra n\u00eb t\u00eb ashtuquajtur\u00ebn demokraci shqiptare, mund t\u00eb shenjohet e mund t\u00eb kuptohet, ve\u00e7 t\u00eb tjerash, edhe duke v\u00ebshtruar jet\u00ebn e Teodorit dhe vepr\u00ebn e tij. T\u00eb gjith\u00eb ata q\u00eb e kan\u00eb njohur, e mbajn\u00eb mend si bohemin e fundit, si njeriun e lir\u00eb q\u00eb nuk besonte n\u00eb asnj\u00eb skrupull shoq\u00ebror, q\u00eb kishte si kult vet\u00ebm dashurin\u00eb p\u00ebr djemt\u00eb dhe p\u00ebr Xhulin, dashuri t\u00eb shprehur keq, por t\u00eb ruajtur thell\u00eb.<\/p>\n<p>Dashuri q\u00eb ai e manifestonte jo duke u p\u00ebrgj\u00ebruar me fjal\u00eb, por duke u shkat\u00ebrruar n\u00ebp\u00ebr labirintet e ankthit ekzistencial n\u00eb nj\u00eb vend q\u00eb sapo kishte dal\u00eb nga diktatura dhe jetonte dehjen n\u00eb liri me shturje, me shp\u00ebrqendrim e me shkat\u00ebrrim total. N\u00eb t\u00eb nj\u00ebjt\u00ebn koh\u00eb Dori shkruante vazhdimisht. Kishte ndjesin\u00eb se do t\u00eb ikte shpejt fizikisht, kishte parandjenj\u00ebn e vdekjes. Sipas nj\u00eb studiuesi t\u00eb ekzistencializmit, te kjo rrym\u00eb letrare thot\u00eb ai, ne ndeshim dymb\u00ebdhjet\u00eb tema.( E. PoMounier, 1905-1950,&#8221;Introduction aux existentialismes&#8221;, \u00e9d. Gallimard 1962). N\u00ebse i v\u00ebshtron ato, do t\u00eb v\u00ebresh se edhe krijimtaria e Kekos i p\u00ebrmban thuajse t\u00eb gjitha. E para, thot\u00eb studiuesi, \u00ebsht\u00eb kusht\u00ebzimi i qenies njer\u00ebzore. Qenia njer\u00ebzore nuk \u00ebsht\u00eb nj\u00eb nj\u00eb gj\u00eb e nevojshme.<\/p>\n<p>Pra, secili nga ne edhe mund t\u00eb mos ishte. Ne ndodhemi n\u00eb jet\u00eb pa asnj\u00eb arsye thelb\u00ebsore. Ne jemi k\u00ebtu dhe pik\u00eb. Ne duket sikur jemi tep\u00ebr. Pothuajse n\u00eb t\u00eb gjith\u00eb krijimtarin\u00eb e Kekos shfaqet kot\u00ebsia e jet\u00ebs, asgj\u00ebja dhe hi\u00e7i i unit. Mjaft t\u00eb shoh\u00ebsh poezin\u00eb e tij dhe do t\u00eb v\u00ebresh se njeriu aty \u00ebsht\u00eb nj\u00eb aksident, madje vet\u00eb ai shpesh ndihet i tep\u00ebrt dhe pa asnj\u00eb kuptim n\u00eb k\u00ebt\u00eb bot\u00eb. Ja si parodizon ai qenien dhe veten e tij n\u00eb k\u00ebt\u00eb poezi t\u00eb shkruar n\u00eb vitin 1993<\/p>\n<blockquote><p><strong>VETVETES<\/strong><\/p>\n<p>&#8211; <em>Teodorit t\u00eb dashur<\/em> &#8211;<\/p>\n<p>Nga jeta ime shtegtuan zogjt\u00eb<br \/>\ndhe njer\u00ebzimi e humbi seksin.<br \/>\nTani un\u00eb flas p\u00ebr \u00e7\u2019do t\u00eb lind\u00eb<br \/>\npa par\u00eb turmat q\u00eb po vdesin.<\/p>\n<p>O miku im, oportuniz\u00ebm,<br \/>\nma h\u00ebngre kok\u00ebn, ma b\u00ebre grop\u00ebn!<br \/>\nKujt t\u2019i ankohem? K\u00eb t\u00eb mallkoj?<br \/>\nM\u00eb mir\u00eb po ik, t\u00eb plehroj bot\u00ebn!<\/p>\n<p><em>1993<\/em><\/p><\/blockquote>\n<p>Karakteristika e dyt\u00eb e krijimtaris\u00eb s\u00eb ekzistencialist\u00ebve \u00ebsht\u00eb angazhimi i qenies. Ekzistencializmi nuk \u00ebsht\u00eb filozofia e qet\u00ebsis\u00eb, p\u00ebrkundrazi, ajo e nxit njeriun q\u00eb ta b\u00ebj\u00eb jet\u00ebn e tij gati si nj\u00eb ferr, me p\u00ebrpjekje e mundime, duke kap\u00ebrcyer shpeshher\u00eb gjendjen aktuale dhe duke e p\u00ebrqeshur at\u00eb. Askush m\u00eb mir\u00eb sesa Dori nuk e ka shfaqur k\u00ebt\u00eb tipar t\u00eb ekzistencializmit. Ishte i angazhuar q\u00eb n\u00eb fillim n\u00eb L\u00ebvizjen Demokratike, deputet i Kuvendit t\u00eb Shqip\u00ebris\u00eb, madje i larguar q\u00eb aty dhe i angazhuar n\u00eb publicistik\u00eb. Ishte kampion i liris\u00eb dhe i shtr\u00ebnguar t\u00eb mbetet m\u00eb shum\u00eb pa pun\u00eb sesa me pun\u00eb. Dhe k\u00ebtu dua t\u00eb hap nj\u00eb parantez\u00eb. M\u00eb kujtohet kur e kam takuar diku nga dhjetori ose marsi i vitit 1998. Ishin dit\u00ebt m\u00eb t\u00eb v\u00ebshtira t\u00eb Dorit. Kishte kaluar \u201997-ta dhe ai ishte thell\u00ebsisht i tronditur dhe i zhg\u00ebnjyer.<\/p>\n<p>Ishte fillikat vet\u00ebm, as me socialist\u00ebt q\u00eb kishin ardhur me triumfin e kallashnikovit dhe as me demokrat\u00ebt e rr\u00ebzuar dhe t\u00eb mallkuar nga t\u00eb gjith\u00eb. Ashtu, duke ecur me kok\u00ebn ulur po zbriste nga rruga q\u00eb t\u00eb \u00e7on nga godina e ish-t\u00eb p\u00ebrndjekurve drejt Ur\u00ebs s\u00eb Lan\u00ebs. Un\u00eb po dilja nga nj\u00eb kthin\u00eb prapa ambulanc\u00ebs s\u00eb dikurshme aty ku ishte selia e partis\u00eb s\u00eb La\u00e7os. Diku aty rrinim dhe nxirrja n\u00eb at\u00eb koh\u00eb revist\u00ebn \u201cBlic\u201d. E takoj dhe hym\u00eb n\u00eb nj\u00eb lokal aty pran\u00eb. Nisim e kujtojm\u00eb vitet e fakultetit, shok\u00ebt e pakt\u00eb q\u00eb na kishin mbetur dhe e pash\u00eb q\u00eb ishte tejet e trishtuar.<\/p>\n<p>I propozoj q\u00eb t\u00eb m\u00eb b\u00ebj\u00eb dy editorial\u00eb te revista dhe her\u00ebn tjet\u00ebr kur u takuam, m\u00eb solli me vete librin e fundit me tregime e novela \u201cProstituta\u201d me nj\u00eb kushtim p\u00ebr bashk\u00ebshorten time dhe p\u00ebr mua, p\u00ebr dy miqt\u00eb e tij t\u00eb fakultetit. Nuk e di si rodh\u00ebn m\u00eb pas vitet, por mbaj mend q\u00eb Xhanoja, mamaja e dashur e Dorit, q\u00eb e ndiqte nga pas si nj\u00eb hije dhe q\u00eb nuk u m\u00ebsua kurr\u00eb me iden\u00eb se Dori ishte burr\u00eb, madje baba, ma kujtonte shpesh k\u00ebt\u00eb episod. N\u00eb qoft\u00eb se Ilir Meta ka nj\u00eb merit\u00eb n\u00eb k\u00ebta vite tranzicion, ai do t\u00eb kujtohet si njeriu q\u00eb n\u00eb nj\u00eb far\u00eb m\u00ebnyre e shp\u00ebtoi p\u00ebrkoh\u00ebsisht Teodor Kekon. Vet\u00ebm ai u kujtua q\u00eb ta afroj\u00eb dhe t\u2019i jap\u00eb nj\u00eb pun\u00eb.<\/p>\n<p>Gjith\u00eb t\u00eb tjer\u00ebt dhe p\u00ebr fat t\u00eb keq nj\u00eb pjes\u00eb e mir\u00eb e atyre q\u00eb i b\u00ebn\u00eb ceremonin\u00eb e varrimit dhe q\u00eb nuk lan\u00eb njeri t\u00eb fliste p\u00ebr Dorin p\u00ebr dhjet\u00eb vjet, n\u00eb at\u00eb koh\u00eb, n\u00eb m\u00eb t\u00eb shumt\u00ebn e rasteve, e lan\u00eb vet\u00ebm me vdekjen, ma ankthin e jet\u00ebs q\u00eb i ishte b\u00ebr\u00eb si nj\u00eb varr. Ashtu si\u00e7 ndodhi edhe me Ardian Klosin. Por le t\u00eb kthehemi te karakteristika tjet\u00ebr. Nj\u00eb tem\u00eb e preferuar e ekzistencialist\u00ebve \u00ebsht\u00eb brisht\u00ebsia e njeriut. Un\u00eb jam i ekspozuar gjithmon\u00eb, thon\u00eb ata, drejt humbjes, drejt shkat\u00ebrrimit, sepse n\u00ebse ekzistoj, n\u00ebse jam gjall\u00eb, kjo ndodh p\u00ebr shkak t\u00eb mundimeve q\u00eb b\u00ebj. Q\u00eb k\u00ebtej buron ndjenja e ankthit t\u00eb cil\u00ebn ai e jep t\u00eb plot\u00eb n\u00eb nj\u00eb prej poezive t\u00eb shkruara n\u00eb vitet 90-91 me titull \u201cShqip\u00ebria dhjetor\u201990-janar \u201891\u201d. Aty, mes t\u00eb tjerash, thot\u00eb.<\/p>\n<blockquote><p>Po shkon nj\u00eb njeri i rr\u00ebnuar n\u00eb rrug\u00eb,<br \/>\nVdekjen lyp dhe ik Kuturu.<br \/>\nS\u2019vret dot veten; S\u2019ka gjak n\u00eb vena,<br \/>\nZem\u00ebr n\u00eb gjoks e n\u00eb kafk\u00eb tru.<\/p><\/blockquote>\n<p>Tem\u00eb tjet\u00ebr e ekzistencializmit \u00ebsht\u00eb edhe tjet\u00ebrsimi. Njeriu q\u00eb humb, tjet\u00ebrsohet, ai nuk e zot\u00ebron m\u00eb veten. Nj\u00eb tem\u00eb tjet\u00ebr \u00ebsht\u00eb vetmia dhe sekreti. \u00c7do qenie njer\u00ebzore ndjen nevoj\u00ebn q\u00eb t\u00eb jet\u00eb vet\u00ebm dhe i papenetruesh\u00ebm nga t\u00eb tjer\u00ebt, p\u00ebr t\u00eb kaluar pastaj te hi\u00e7i, te asgj\u00ebja. Ekzistencialist\u00ebt ateist\u00eb k\u00ebmb\u00ebngulin n\u00eb iden\u00eb se njeriu \u00ebsht\u00eb qenie e hi\u00e7it. Nd\u00ebrsa tema e shnd\u00ebrrimit vetjak zot\u00ebron gjithashtu nj\u00eb pjes\u00eb t\u00eb madhe t\u00eb vepr\u00ebs s\u00eb tyre. Ata thon\u00eb se njeriu nuk duhet ta jetoj\u00eb jet\u00ebn nga dita n\u00eb dit\u00eb me shqet\u00ebsimin e fatit t\u00eb tij si qenie e vdekshme, jo, ai duhet t\u00eb \u00e7oj\u00eb nj\u00eb jet\u00eb t\u00ebr\u00ebsisht vetjake.<\/p>\n<p>Deviza e tij nuk \u00ebsht\u00eb \u201cun\u00eb jam\u201d, deviza e tij \u00ebsht\u00eb \u201cun\u00eb jam mbi at\u00eb q\u00eb jetoj\u201d. Pastaj vjen p\u00ebrs\u00ebri tema e angazhimit, njeriu duhet t\u00eb zgjedh\u00eb n\u00eb raport me veten dhe me t\u00eb tjer\u00ebt, si dhe tema e njeriut n\u00eb raport me tjetrin. Njeriu sheh q\u00eb n\u00eb jet\u00eb nuk \u00ebsht\u00eb vet\u00ebm. Ka dhe njer\u00ebz t\u00eb tjer\u00eb me t\u00eb cil\u00ebt ai duhet t\u00eb jetoj\u00eb. Qenia njer\u00ebzore, shkruante Hajdeger, \u00ebsht\u00eb nj\u00eb un\u00eb + t\u00eb tjer\u00ebt. Jeta, gjithashtu sipas tyre, duhet t\u00eb jet\u00eb e ekspozuar p\u00ebrball\u00eb t\u00eb tjer\u00ebve. Njeriu duhet t\u00eb veproj\u00eb, t\u00eb guxoj\u00eb, t\u00eb jetoj\u00eb jet\u00ebn, ta g\u00ebzoj\u00eb at\u00eb gjithmon\u00eb n\u00ebn v\u00ebshtrimin e pashmangsh\u00ebm t\u00eb t\u00eb tjer\u00ebve.<\/p>\n<p>Dhe e lash\u00eb p\u00ebr n\u00eb fund tem\u00ebn e vdekjes. Teoricien\u00ebt e ekzistencializmit thon\u00eb se nj\u00eb nga temat e parap\u00eblqyera p\u00ebr ta \u00ebsht\u00eb fundi dhe urgjenca p\u00ebr t\u00eb vdekur ose nguti p\u00ebr t\u00eb shkuar drejt vdekjes. Askush tjet\u00ebr m\u00eb shum\u00eb se Teodor Keko nuk e ka shfaqur k\u00ebt\u00eb ankth ekzistencialist. M\u00eb kujtohet se p\u00ebr her\u00eb t\u00eb fundit e kam takuar Dorin te kafe \u201cEuropa\u201d, aty ku ai kalonte nj\u00eb pjes\u00eb t\u00eb madhe t\u00eb koh\u00ebs. Isha me Aurel Plasarin dhe duhet t\u00eb ket\u00eb qen\u00eb nj\u00eb ose disa dit\u00eb para se ai t\u00eb nisej p\u00ebr udh\u00ebtimin e fundit, nga nuk u kthye m\u00eb. Hyri n\u00eb kafe, na pa, erdhi duke qeshur dhe pasi u p\u00ebrsh\u00ebndet\u00ebm ne si me droj\u00eb e pyet\u00ebm: po h\u00eb mo Dor, \u00e7a b\u00ebhet k\u00ebshtu? Si je?<\/p>\n<p>Ai, duke qeshur, na u kthye, po hi\u00e7 ja do shkoj deri aty posht\u00eb dhe b\u00ebri me dor\u00eb nga varrezat posht\u00eb Kombinatit dhe iku duke qeshur e duke u p\u00ebrsh\u00ebndetur me t\u00eb tjer\u00eb n\u00eb lokal. N\u00eb fakt, Teodor Keko nuk kishte frik\u00eb nga vdekja. Studiuesit e ekzistencializmit, por edhe ata t\u00eb fenomenologjis\u00eb thon\u00eb se shkrimtar\u00ebt ekzistencialist\u00eb nuk kan\u00eb frik\u00eb vdekjen dhe nuk jetojn\u00eb me t\u00eb, ata kan\u00eb ankthin e jet\u00ebs.<\/p>\n<p>Ata jan\u00eb njer\u00ebzit m\u00eb t\u00eb shqet\u00ebsuar, m\u00eb t\u00eb paqet\u00eb, m\u00eb t\u00eb pasigurt\u00eb dhe m\u00eb t\u00eb brisht\u00eb gjithashtu sepse jan\u00eb n\u00ebn ndikimin e ankthit mbyt\u00ebs t\u00eb ekzistenc\u00ebs ose t\u00eb jet\u00ebs. Ndaj edhe Teodor Keko n\u00eb poezin\u00eb e tij merret dhe gati e pranon si nj\u00eb gj\u00eb krejt\u00ebsisht normale vdekjen. E pranon at\u00eb si pjes\u00eb t\u00eb jet\u00ebs. Ai tregon p\u00ebr t\u00eb m\u00eb thjesht\u00ebsin\u00eb dhe me naivitetin e nj\u00eb f\u00ebmij\u00eb. madje edhe nga Iliada e Homerit ai ka nxjerr\u00eb nj\u00eb sh\u00ebnim q\u00eb ka n\u00eb thelb vdekjen:<\/p>\n<blockquote><p>Qenka e v\u00ebrtet\u00eb se vdekjes nuk i iket,<br \/>\ndhe as hyjnit\u00eb prej saj nuk t\u00eb shp\u00ebtojn\u00eb,<br \/>\nsado t\u00eb duan, kur t\u00eb ardhka \u00e7asti i fundit<\/p>\n<p><em>Iliada, k\u00ebnga e tret\u00eb.<\/em><\/p><\/blockquote>\n<p>K\u00ebto vargje jan\u00eb shkruar me dore n\u00eb nj\u00eb flet\u00eb blloku. Por d\u00ebshira p\u00ebr t\u00eb ikur nga kjo bot\u00eb, p\u00ebr t\u2019iu bashkuar vdekjes ose form\u00ebs sublime t\u00eb jet\u00ebs, \u00ebsht\u00eb e hershme n\u00eb poezin\u00eb e Dorit. Qysh n\u00eb vitin 1994 ai shkruante n\u00eb poezin\u00eb \u201cPa kthyer kok\u00ebn\u201d<\/p>\n<blockquote><p>Do iki! Borxhe m\u00eb kujt s\u2019i kam.<br \/>\nT\u00eb leht\u00eb n\u00eb trup e kam nd\u00ebrgjegjen.<br \/>\nDhe q\u00eb mos kthehem m\u00eb kurr\u00eb pas<br \/>\ndo marr me vete vet\u00ebm vdekjen.<\/p>\n<p>Ndoshta do ket\u00eb p\u00ebr mua globi<br \/>\nnj\u00eb p\u00ebll\u00ebmb\u00eb vend me paqe, jet\u00eb,<br \/>\nnj\u00eb p\u00ebll\u00ebmb\u00eb vend ku nuk \u00ebsht\u00eb hobi<br \/>\nmos lesh njeri t\u00eb jet\u00eb i qet\u00eb.<\/p>\n<p>Nj\u00eb zot e di n\u00eb do kem fat,<br \/>\npor, sidoqoft\u00eb, do jet\u00eb m\u00eb mir\u00eb.<br \/>\nNj\u00eb z\u00eb m\u00eb thot\u00eb \u201cMbathja me vrap!\u201d,<br \/>\ndhe tjetri shton \u201cIk me d\u00ebshir\u00eb!\u201d<\/p><\/blockquote>\n<p>Vepra dhe jeta e Teodor Kekos \u00ebsht\u00eb nj\u00eb nga pasqyrat m\u00eb elokuente t\u00eb kap\u00ebrcimit t\u00eb jet\u00ebs shqiptare nga diktatura n\u00eb lirin\u00eb e shthurur dhe n\u00eb zvet\u00ebnim. Ai na lajm\u00ebroi t\u00eb gjith\u00ebve vdekjen, pastaj u mundua t\u00eb b\u00ebnte edhe pretenc\u00ebn e jet\u00ebs son\u00eb mbushur me krime e gjak duke e par\u00eb disa her\u00eb me syt\u00eb e prostitut\u00ebs gjith\u00e7ka serioze q\u00eb b\u00ebnim sikur nd\u00ebrtonim n\u00eb k\u00ebt\u00eb vend. Nd\u00ebrsa raporti i tij me vdekjen \u00ebsht\u00eb unikal n\u00eb let\u00ebrsin\u00eb shqiptare.<\/p>\n<p><em>Shqip<\/em><\/p>\n","protected":false},"excerpt":{"rendered":"<p>Nga Ilir Yzeiri, 21 gusht 2012 Nes\u00ebr b\u00ebhen dhjet\u00eb vjet nga dita kur nd\u00ebrroi jet\u00eb Teodor Keko. Kam dashur dhe m\u00eb par\u00eb t\u00eb hedh n\u00eb let\u00ebr dy apo tri rreshta p\u00ebr Dorin, madje sa her\u00eb q\u00eb ndeshesha n\u00eb rrug\u00eb me Ilirin, v\u00ebllain e Dorit, ndihesha si n\u00eb faj e shpeshher\u00eb m\u00eb dukej sikur m\u00eb thoshte, [&hellip;]<\/p>\n","protected":false},"author":1,"featured_media":0,"comment_status":"open","ping_status":"closed","sticky":false,"template":"","format":"standard","meta":{"footnotes":""},"categories":[2,7,9],"tags":[],"class_list":{"0":"post-4638","1":"post","2":"type-post","3":"status-publish","4":"format-standard","6":"category-artikuj","7":"category-letersi","8":"category-poezi"},"yoast_head":"<!-- This site is optimized with the Yoast SEO plugin v27.4 - https:\/\/yoast.com\/product\/yoast-seo-wordpress\/ -->\n<title>Teodor Keko dhe vdekja - FjALA e LIR\u00cb - Arkivi<\/title>\n<meta name=\"robots\" content=\"index, follow, max-snippet:-1, max-image-preview:large, max-video-preview:-1\" \/>\n<link rel=\"canonical\" href=\"https:\/\/fjala.info\/2009-2015\/teodor-keko-dhe-vdekja\/\" \/>\n<meta property=\"og:locale\" content=\"sq_AL\" \/>\n<meta property=\"og:type\" content=\"article\" \/>\n<meta property=\"og:title\" content=\"Teodor Keko dhe vdekja - FjALA e LIR\u00cb - Arkivi\" \/>\n<meta property=\"og:description\" content=\"Nga Ilir Yzeiri, 21 gusht 2012 Nes\u00ebr b\u00ebhen dhjet\u00eb vjet nga dita kur nd\u00ebrroi jet\u00eb Teodor Keko. Kam dashur dhe m\u00eb par\u00eb t\u00eb hedh n\u00eb let\u00ebr dy apo tri rreshta p\u00ebr Dorin, madje sa her\u00eb q\u00eb ndeshesha n\u00eb rrug\u00eb me Ilirin, v\u00ebllain e Dorit, ndihesha si n\u00eb faj e shpeshher\u00eb m\u00eb dukej sikur m\u00eb thoshte, [&hellip;]\" \/>\n<meta property=\"og:url\" content=\"https:\/\/fjala.info\/2009-2015\/teodor-keko-dhe-vdekja\/\" \/>\n<meta property=\"og:site_name\" content=\"FjALA e LIR\u00cb - Arkivi\" \/>\n<meta property=\"article:published_time\" content=\"2012-08-24T06:50:07+00:00\" \/>\n<meta property=\"og:image\" content=\"http:\/\/www.fjala.info\/2012\/teodor_keko.jpg\" \/>\n<meta name=\"author\" content=\"admin\" \/>\n<meta name=\"twitter:card\" content=\"summary_large_image\" \/>\n<meta name=\"twitter:label1\" content=\"Written by\" \/>\n\t<meta name=\"twitter:data1\" content=\"admin\" \/>\n\t<meta name=\"twitter:label2\" content=\"Est. reading time\" \/>\n\t<meta name=\"twitter:data2\" content=\"11 minutes\" \/>\n<script type=\"application\/ld+json\" class=\"yoast-schema-graph\">{\"@context\":\"https:\\\/\\\/schema.org\",\"@graph\":[{\"@type\":\"Article\",\"@id\":\"https:\\\/\\\/fjala.info\\\/2009-2015\\\/teodor-keko-dhe-vdekja\\\/#article\",\"isPartOf\":{\"@id\":\"https:\\\/\\\/fjala.info\\\/2009-2015\\\/teodor-keko-dhe-vdekja\\\/\"},\"author\":{\"name\":\"admin\",\"@id\":\"https:\\\/\\\/fjala.info\\\/2009-2015\\\/#\\\/schema\\\/person\\\/3aa1163ef05469c496fc94e77611ada2\"},\"headline\":\"Teodor Keko dhe vdekja\",\"datePublished\":\"2012-08-24T06:50:07+00:00\",\"mainEntityOfPage\":{\"@id\":\"https:\\\/\\\/fjala.info\\\/2009-2015\\\/teodor-keko-dhe-vdekja\\\/\"},\"wordCount\":2175,\"commentCount\":0,\"publisher\":{\"@id\":\"https:\\\/\\\/fjala.info\\\/2009-2015\\\/#organization\"},\"image\":{\"@id\":\"https:\\\/\\\/fjala.info\\\/2009-2015\\\/teodor-keko-dhe-vdekja\\\/#primaryimage\"},\"thumbnailUrl\":\"http:\\\/\\\/www.fjala.info\\\/2012\\\/teodor_keko.jpg\",\"articleSection\":[\"Artikuj\",\"Let\u00ebrsi\",\"Poezi\"],\"inLanguage\":\"sq-AL\",\"potentialAction\":[{\"@type\":\"CommentAction\",\"name\":\"Comment\",\"target\":[\"https:\\\/\\\/fjala.info\\\/2009-2015\\\/teodor-keko-dhe-vdekja\\\/#respond\"]}]},{\"@type\":\"WebPage\",\"@id\":\"https:\\\/\\\/fjala.info\\\/2009-2015\\\/teodor-keko-dhe-vdekja\\\/\",\"url\":\"https:\\\/\\\/fjala.info\\\/2009-2015\\\/teodor-keko-dhe-vdekja\\\/\",\"name\":\"Teodor Keko dhe vdekja - FjALA e LIR\u00cb - Arkivi\",\"isPartOf\":{\"@id\":\"https:\\\/\\\/fjala.info\\\/2009-2015\\\/#website\"},\"primaryImageOfPage\":{\"@id\":\"https:\\\/\\\/fjala.info\\\/2009-2015\\\/teodor-keko-dhe-vdekja\\\/#primaryimage\"},\"image\":{\"@id\":\"https:\\\/\\\/fjala.info\\\/2009-2015\\\/teodor-keko-dhe-vdekja\\\/#primaryimage\"},\"thumbnailUrl\":\"http:\\\/\\\/www.fjala.info\\\/2012\\\/teodor_keko.jpg\",\"datePublished\":\"2012-08-24T06:50:07+00:00\",\"breadcrumb\":{\"@id\":\"https:\\\/\\\/fjala.info\\\/2009-2015\\\/teodor-keko-dhe-vdekja\\\/#breadcrumb\"},\"inLanguage\":\"sq-AL\",\"potentialAction\":[{\"@type\":\"ReadAction\",\"target\":[\"https:\\\/\\\/fjala.info\\\/2009-2015\\\/teodor-keko-dhe-vdekja\\\/\"]}]},{\"@type\":\"ImageObject\",\"inLanguage\":\"sq-AL\",\"@id\":\"https:\\\/\\\/fjala.info\\\/2009-2015\\\/teodor-keko-dhe-vdekja\\\/#primaryimage\",\"url\":\"http:\\\/\\\/www.fjala.info\\\/2012\\\/teodor_keko.jpg\",\"contentUrl\":\"http:\\\/\\\/www.fjala.info\\\/2012\\\/teodor_keko.jpg\"},{\"@type\":\"BreadcrumbList\",\"@id\":\"https:\\\/\\\/fjala.info\\\/2009-2015\\\/teodor-keko-dhe-vdekja\\\/#breadcrumb\",\"itemListElement\":[{\"@type\":\"ListItem\",\"position\":1,\"name\":\"Home\",\"item\":\"https:\\\/\\\/fjala.info\\\/2009-2015\\\/\"},{\"@type\":\"ListItem\",\"position\":2,\"name\":\"Teodor Keko dhe vdekja\"}]},{\"@type\":\"WebSite\",\"@id\":\"https:\\\/\\\/fjala.info\\\/2009-2015\\\/#website\",\"url\":\"https:\\\/\\\/fjala.info\\\/2009-2015\\\/\",\"name\":\"FjALA e LIR\u00cb - Arkivi\",\"description\":\"Arkivi 2009-2015\",\"publisher\":{\"@id\":\"https:\\\/\\\/fjala.info\\\/2009-2015\\\/#organization\"},\"potentialAction\":[{\"@type\":\"SearchAction\",\"target\":{\"@type\":\"EntryPoint\",\"urlTemplate\":\"https:\\\/\\\/fjala.info\\\/2009-2015\\\/?s={search_term_string}\"},\"query-input\":{\"@type\":\"PropertyValueSpecification\",\"valueRequired\":true,\"valueName\":\"search_term_string\"}}],\"inLanguage\":\"sq-AL\"},{\"@type\":\"Organization\",\"@id\":\"https:\\\/\\\/fjala.info\\\/2009-2015\\\/#organization\",\"name\":\"FjALA e LIR\u00cb - Arkivi\",\"url\":\"https:\\\/\\\/fjala.info\\\/2009-2015\\\/\",\"logo\":{\"@type\":\"ImageObject\",\"inLanguage\":\"sq-AL\",\"@id\":\"https:\\\/\\\/fjala.info\\\/2009-2015\\\/#\\\/schema\\\/logo\\\/image\\\/\",\"url\":\"\",\"contentUrl\":\"\",\"caption\":\"FjALA e LIR\u00cb - Arkivi\"},\"image\":{\"@id\":\"https:\\\/\\\/fjala.info\\\/2009-2015\\\/#\\\/schema\\\/logo\\\/image\\\/\"}},{\"@type\":\"Person\",\"@id\":\"https:\\\/\\\/fjala.info\\\/2009-2015\\\/#\\\/schema\\\/person\\\/3aa1163ef05469c496fc94e77611ada2\",\"name\":\"admin\",\"image\":{\"@type\":\"ImageObject\",\"inLanguage\":\"sq-AL\",\"@id\":\"https:\\\/\\\/fjala.info\\\/2009-2015\\\/wp-content\\\/uploads\\\/2012\\\/02\\\/arben_cokaj-120x150.jpg\",\"url\":\"https:\\\/\\\/fjala.info\\\/2009-2015\\\/wp-content\\\/uploads\\\/2012\\\/02\\\/arben_cokaj-120x150.jpg\",\"contentUrl\":\"https:\\\/\\\/fjala.info\\\/2009-2015\\\/wp-content\\\/uploads\\\/2012\\\/02\\\/arben_cokaj-120x150.jpg\",\"caption\":\"admin\"},\"description\":\"Admin, Fjala e Lir\u00eb\",\"sameAs\":[\"https:\\\/\\\/fjala.info\\\/\"],\"url\":\"https:\\\/\\\/fjala.info\\\/2009-2015\\\/author\\\/admin\\\/\"}]}<\/script>\n<!-- \/ Yoast SEO plugin. -->","yoast_head_json":{"title":"Teodor Keko dhe vdekja - FjALA e LIR\u00cb - Arkivi","robots":{"index":"index","follow":"follow","max-snippet":"max-snippet:-1","max-image-preview":"max-image-preview:large","max-video-preview":"max-video-preview:-1"},"canonical":"https:\/\/fjala.info\/2009-2015\/teodor-keko-dhe-vdekja\/","og_locale":"sq_AL","og_type":"article","og_title":"Teodor Keko dhe vdekja - FjALA e LIR\u00cb - Arkivi","og_description":"Nga Ilir Yzeiri, 21 gusht 2012 Nes\u00ebr b\u00ebhen dhjet\u00eb vjet nga dita kur nd\u00ebrroi jet\u00eb Teodor Keko. Kam dashur dhe m\u00eb par\u00eb t\u00eb hedh n\u00eb let\u00ebr dy apo tri rreshta p\u00ebr Dorin, madje sa her\u00eb q\u00eb ndeshesha n\u00eb rrug\u00eb me Ilirin, v\u00ebllain e Dorit, ndihesha si n\u00eb faj e shpeshher\u00eb m\u00eb dukej sikur m\u00eb thoshte, [&hellip;]","og_url":"https:\/\/fjala.info\/2009-2015\/teodor-keko-dhe-vdekja\/","og_site_name":"FjALA e LIR\u00cb - Arkivi","article_published_time":"2012-08-24T06:50:07+00:00","og_image":[{"url":"http:\/\/www.fjala.info\/2012\/teodor_keko.jpg","type":"","width":"","height":""}],"author":"admin","twitter_card":"summary_large_image","twitter_misc":{"Written by":"admin","Est. reading time":"11 minutes"},"schema":{"@context":"https:\/\/schema.org","@graph":[{"@type":"Article","@id":"https:\/\/fjala.info\/2009-2015\/teodor-keko-dhe-vdekja\/#article","isPartOf":{"@id":"https:\/\/fjala.info\/2009-2015\/teodor-keko-dhe-vdekja\/"},"author":{"name":"admin","@id":"https:\/\/fjala.info\/2009-2015\/#\/schema\/person\/3aa1163ef05469c496fc94e77611ada2"},"headline":"Teodor Keko dhe vdekja","datePublished":"2012-08-24T06:50:07+00:00","mainEntityOfPage":{"@id":"https:\/\/fjala.info\/2009-2015\/teodor-keko-dhe-vdekja\/"},"wordCount":2175,"commentCount":0,"publisher":{"@id":"https:\/\/fjala.info\/2009-2015\/#organization"},"image":{"@id":"https:\/\/fjala.info\/2009-2015\/teodor-keko-dhe-vdekja\/#primaryimage"},"thumbnailUrl":"http:\/\/www.fjala.info\/2012\/teodor_keko.jpg","articleSection":["Artikuj","Let\u00ebrsi","Poezi"],"inLanguage":"sq-AL","potentialAction":[{"@type":"CommentAction","name":"Comment","target":["https:\/\/fjala.info\/2009-2015\/teodor-keko-dhe-vdekja\/#respond"]}]},{"@type":"WebPage","@id":"https:\/\/fjala.info\/2009-2015\/teodor-keko-dhe-vdekja\/","url":"https:\/\/fjala.info\/2009-2015\/teodor-keko-dhe-vdekja\/","name":"Teodor Keko dhe vdekja - FjALA e LIR\u00cb - Arkivi","isPartOf":{"@id":"https:\/\/fjala.info\/2009-2015\/#website"},"primaryImageOfPage":{"@id":"https:\/\/fjala.info\/2009-2015\/teodor-keko-dhe-vdekja\/#primaryimage"},"image":{"@id":"https:\/\/fjala.info\/2009-2015\/teodor-keko-dhe-vdekja\/#primaryimage"},"thumbnailUrl":"http:\/\/www.fjala.info\/2012\/teodor_keko.jpg","datePublished":"2012-08-24T06:50:07+00:00","breadcrumb":{"@id":"https:\/\/fjala.info\/2009-2015\/teodor-keko-dhe-vdekja\/#breadcrumb"},"inLanguage":"sq-AL","potentialAction":[{"@type":"ReadAction","target":["https:\/\/fjala.info\/2009-2015\/teodor-keko-dhe-vdekja\/"]}]},{"@type":"ImageObject","inLanguage":"sq-AL","@id":"https:\/\/fjala.info\/2009-2015\/teodor-keko-dhe-vdekja\/#primaryimage","url":"http:\/\/www.fjala.info\/2012\/teodor_keko.jpg","contentUrl":"http:\/\/www.fjala.info\/2012\/teodor_keko.jpg"},{"@type":"BreadcrumbList","@id":"https:\/\/fjala.info\/2009-2015\/teodor-keko-dhe-vdekja\/#breadcrumb","itemListElement":[{"@type":"ListItem","position":1,"name":"Home","item":"https:\/\/fjala.info\/2009-2015\/"},{"@type":"ListItem","position":2,"name":"Teodor Keko dhe vdekja"}]},{"@type":"WebSite","@id":"https:\/\/fjala.info\/2009-2015\/#website","url":"https:\/\/fjala.info\/2009-2015\/","name":"FjALA e LIR\u00cb - Arkivi","description":"Arkivi 2009-2015","publisher":{"@id":"https:\/\/fjala.info\/2009-2015\/#organization"},"potentialAction":[{"@type":"SearchAction","target":{"@type":"EntryPoint","urlTemplate":"https:\/\/fjala.info\/2009-2015\/?s={search_term_string}"},"query-input":{"@type":"PropertyValueSpecification","valueRequired":true,"valueName":"search_term_string"}}],"inLanguage":"sq-AL"},{"@type":"Organization","@id":"https:\/\/fjala.info\/2009-2015\/#organization","name":"FjALA e LIR\u00cb - Arkivi","url":"https:\/\/fjala.info\/2009-2015\/","logo":{"@type":"ImageObject","inLanguage":"sq-AL","@id":"https:\/\/fjala.info\/2009-2015\/#\/schema\/logo\/image\/","url":"","contentUrl":"","caption":"FjALA e LIR\u00cb - Arkivi"},"image":{"@id":"https:\/\/fjala.info\/2009-2015\/#\/schema\/logo\/image\/"}},{"@type":"Person","@id":"https:\/\/fjala.info\/2009-2015\/#\/schema\/person\/3aa1163ef05469c496fc94e77611ada2","name":"admin","image":{"@type":"ImageObject","inLanguage":"sq-AL","@id":"https:\/\/fjala.info\/2009-2015\/wp-content\/uploads\/2012\/02\/arben_cokaj-120x150.jpg","url":"https:\/\/fjala.info\/2009-2015\/wp-content\/uploads\/2012\/02\/arben_cokaj-120x150.jpg","contentUrl":"https:\/\/fjala.info\/2009-2015\/wp-content\/uploads\/2012\/02\/arben_cokaj-120x150.jpg","caption":"admin"},"description":"Admin, Fjala e Lir\u00eb","sameAs":["https:\/\/fjala.info\/"],"url":"https:\/\/fjala.info\/2009-2015\/author\/admin\/"}]}},"_links":{"self":[{"href":"https:\/\/fjala.info\/2009-2015\/wp-json\/wp\/v2\/posts\/4638","targetHints":{"allow":["GET"]}}],"collection":[{"href":"https:\/\/fjala.info\/2009-2015\/wp-json\/wp\/v2\/posts"}],"about":[{"href":"https:\/\/fjala.info\/2009-2015\/wp-json\/wp\/v2\/types\/post"}],"author":[{"embeddable":true,"href":"https:\/\/fjala.info\/2009-2015\/wp-json\/wp\/v2\/users\/1"}],"replies":[{"embeddable":true,"href":"https:\/\/fjala.info\/2009-2015\/wp-json\/wp\/v2\/comments?post=4638"}],"version-history":[{"count":0,"href":"https:\/\/fjala.info\/2009-2015\/wp-json\/wp\/v2\/posts\/4638\/revisions"}],"wp:attachment":[{"href":"https:\/\/fjala.info\/2009-2015\/wp-json\/wp\/v2\/media?parent=4638"}],"wp:term":[{"taxonomy":"category","embeddable":true,"href":"https:\/\/fjala.info\/2009-2015\/wp-json\/wp\/v2\/categories?post=4638"},{"taxonomy":"post_tag","embeddable":true,"href":"https:\/\/fjala.info\/2009-2015\/wp-json\/wp\/v2\/tags?post=4638"}],"curies":[{"name":"wp","href":"https:\/\/api.w.org\/{rel}","templated":true}]}}