{"id":4637,"date":"2010-11-05T20:42:22","date_gmt":"2010-11-05T19:42:22","guid":{"rendered":"http:\/\/fjala.shkoder.net\/?p=4637"},"modified":"2010-11-05T20:42:22","modified_gmt":"2010-11-05T19:42:22","slug":"marreveshja-e-sejdiut-dhe-e-thacit","status":"publish","type":"post","link":"https:\/\/fjala.info\/2009-2015\/marreveshja-e-sejdiut-dhe-e-thacit\/","title":{"rendered":"Marr\u00ebveshja e Sejdiut dhe e Tha\u00e7it"},"content":{"rendered":"<p><img loading=\"lazy\" decoding=\"async\" src=\"http:\/\/fjala.shkoder.net\/wp-content\/uploads\/2010\/11\/naser_rugova.jpg\" alt=\"\" title=\"Naser Rugova\" width=\"200\" height=\"150\" class=\"alignleft size-full wp-image-4638\" \/><\/p>\n<p><strong>Naser Rugova<\/strong>, <em>21 tetor 2010<\/em><\/p>\n<p>Deri sot kam menduar se prishja e koalicionit do t\u00eb ishte lajmi m\u00eb i mir\u00eb p\u00ebr Kosov\u00ebn por ngjarja e fundit m\u00eb ka bindur se edhe akti i prishjes s\u00eb koalicionit \u00ebsht\u00eb lajm i keq derisa vjen nga ky koalicion i deridjesh\u00ebm. Manipulimet me qytetarin dhe besimin e qytetarit n\u00eb institucione nuk pat\u00ebn fund p\u00ebr tre vite radhazi. Fatkeq\u00ebsisht manipulimet nuk kan\u00eb t\u00eb ndalur.<\/p>\n<p>Sot jam tronditur tej mase saq\u00eb k\u00ebt\u00eb tronditje po e ndaj me ju miqt\u00eb e mi n\u00eb FaceBook. Po e ndaj sepse nuk po e di si ta them ndryshe n\u00eb opinion. Madje edhe un\u00eb si politikan e kam t\u00eb v\u00ebshtir\u00eb q\u00eb t\u00eb gjej qet\u00ebsin\u00eb q\u00eb ta shprehi diku tjet\u00ebr.<\/p>\n<p>Sot i pata dy takime me disa koleg\u00eb deputet\u00eb nga PDK dhe LDK. U takuam sepse jo vet\u00ebm q\u00eb jemi koleg\u00eb n\u00eb parlament por edhe njihemi tash gati dy dekada. Miqt\u00eb jan\u00eb miq pavar\u00ebsisht bindjeve t\u00eb tyre politike. Ndoshta ishte ky respekt i k\u00ebsaj miq\u00ebsie q\u00eb ata i b\u00ebri ta ndanin me mua nj\u00eb fakt q\u00eb m\u00eb tronditi tej mase.<\/p>\n<p>Po i bie shkurt!<\/p>\n<p>Fatmir Sejdiu dhe Hashim Tha\u00e7i jan\u00eb marr\u00eb vesh edhe p\u00ebr prishje t\u00eb koalicionit. Prishja e koalicionit \u00ebsht\u00eb loj\u00eb dhe marr\u00ebveshje e k\u00ebtyre t\u00eb dyve si nj\u00eb proces q\u00eb t\u00eb dyve do u shkoj\u00eb p\u00ebr shtati p\u00ebr interesa t\u00eb brendshme partiake.<\/p>\n<p>Pas vendimit t\u00eb Gjykat\u00ebs Kushtetuese, PDK i ka ofruar Sejdiut rizgjedhje t\u00eb sigurt si President t\u00eb Kosov\u00ebs me 2013 n\u00ebse ai t\u00ebrhiqej nga LDK-ja por Sejdiu nuk i ka besuar k\u00ebtij propozimi e madje as partis\u00eb s\u00eb vet. N\u00eb vend t\u00eb k\u00ebsaj Sejdiu dhe Tha\u00e7i jan\u00eb pajtuar q\u00eb Sejdiu t\u00eb t\u00ebrhiqet  nga koalicioni me q\u00ebllim q\u00eb kjo t\u2019ia rris popullaritetin e luhatur n\u00eb parti dhe q\u00eb ta qes prej loje \u00e7do opozit\u00eb t\u00eb brendshme n\u00eb LDK. Si hap tjet\u00ebr jan\u00eb marr\u00eb vesh q\u00eb LDK mos t\u00eb k\u00ebrkoj vot\u00ebbesim dhe q\u00eb p\u00ebr asnj\u00eb \u00e7ast autoriteti i Tha\u00e7it si kryeminist\u00ebr mos t\u00eb l\u00ebkundet. Kjo edhe po shihet k\u00ebto dit\u00eb sepse LDK vet\u00ebm formalisht ka dal\u00eb nga koalicioni dhe n\u00eb asnj\u00eb form\u00eb nuk po e sfidon Tha\u00e7in. Madje PDK e LDK ende luajn\u00eb loj\u00ebra jo dola, jo po kthena, jo kthehuni, jo nuk po dojm\u00eb.. etj etj&#8230; e krejt kjo me q\u00ebllimin q\u00eb PDK dhe LDK ta dominojn\u00eb opinionin dhe ta vendosin n\u00eb plan t\u00eb dyt\u00eb neve opozit\u00ebn ne parlament por pse jo edhe partit\u00eb e reja q\u00eb pat\u00ebn fituar popullaritet.<\/p>\n<p>Pyeta se \u00e7ka po fiton tjet\u00ebr Tha\u00e7i prej k\u00ebsaj pune? E fiton Sejdiun si figur\u00eb politike p\u00ebrher\u00eb t\u00eb gatshme p\u00ebr bashk\u00ebpunim por e fiton edhe nj\u00eb hov q\u00eb edhe ai t\u00eb rregulloj pun\u00ebt brenda partis\u00eb s\u00eb vet.<\/p>\n<p>Kam besuar se koalicioni do t\u00eb binte si rezultat i mospun\u00ebs, shpalosjes s\u00eb t\u00eb palarave, korrupsionit, ku Ministrat e LDK-s\u00eb hiq nuk jan\u00eb m\u00eb t\u00eb mir\u00eb se ata t\u00eb PDK-s\u00eb, e nj\u00eb pjes\u00eb e imja n\u00eb m\u00ebnyr\u00eb naive ka d\u00ebshiruar q\u00eb koalicioni t\u00eb prishej edhe p\u00ebr shkak t\u00eb parimeve. Mendoj se parimet duhet t\u00eb na udh\u00ebheqin n\u00eb politik\u00eb por ndjehem i d\u00ebshp\u00ebruar tej mase me ato \u00e7ka po shoh\u00eb dhe \u00e7ka po p\u00ebrjetoj \u00e7do dit\u00eb.<\/p>\n<p>Sot ma shum\u00eb se kurr\u00eb besoj n\u00eb at\u00eb se zgjedhjet nuk duhet mbajtur ne Dhjetor por ato duhet t\u00eb mbahen NES\u00cbR n\u00eb m\u00ebnyr\u00eb q\u00eb kjo klas\u00eb e mashtruesve dhe e manipulant\u00ebve t\u00eb d\u00ebnohet nga elektorati.<\/p>\n<p>Kjo ishte e t\u00ebra miq t\u00eb mi.<\/p>\n<p>Sinqerisht ju sugjeroj se n\u00ebse keni ndonj\u00eb mund\u00ebsi sado t\u00eb vog\u00ebl q\u00eb t\u00eb b\u00ebni karrier\u00eb n\u00eb jet\u00eb, qoft\u00eb ajo edhe mjesht\u00ebr e zanatlinj shfryt\u00ebzoni rastin e mos u merrni me politik\u00eb.<\/p>\n<p>A do t\u00eb ken\u00eb ndonj\u00ebher\u00eb fund loj\u00ebrat me k\u00ebt\u00eb popull?<\/p>\n<p>Nuk m\u00eb mbetet tjet\u00ebr pos q\u00eb p\u00ebr k\u00ebt\u00eb t\u2019i lutem vet\u00ebm Zotit se pun\u00ebt po tregojn\u00eb se k\u00ebta nuk kan\u00eb gajle p\u00ebr ask\u00eb e asgj\u00eb tjet\u00ebr.<\/p>\n<p><em>21 Tetor 2010<\/em><\/p>\n","protected":false},"excerpt":{"rendered":"<p>Naser Rugova, 21 tetor 2010 Deri sot kam menduar se prishja e koalicionit do t\u00eb ishte lajmi m\u00eb i mir\u00eb p\u00ebr Kosov\u00ebn por ngjarja e fundit m\u00eb ka bindur se edhe akti i prishjes s\u00eb koalicionit \u00ebsht\u00eb lajm i keq derisa vjen nga ky koalicion i deridjesh\u00ebm. Manipulimet me qytetarin dhe besimin e qytetarit n\u00eb [&hellip;]<\/p>\n","protected":false},"author":1,"featured_media":0,"comment_status":"open","ping_status":"closed","sticky":false,"template":"","format":"standard","meta":{"footnotes":""},"categories":[2],"tags":[],"class_list":{"0":"post-4637","1":"post","2":"type-post","3":"status-publish","4":"format-standard","6":"category-artikuj"},"yoast_head":"<!-- This site is optimized with the Yoast SEO plugin v27.4 - https:\/\/yoast.com\/product\/yoast-seo-wordpress\/ -->\n<title>Marr\u00ebveshja e Sejdiut dhe e Tha\u00e7it - FjALA e LIR\u00cb - Arkivi<\/title>\n<meta name=\"robots\" content=\"index, follow, max-snippet:-1, max-image-preview:large, max-video-preview:-1\" \/>\n<link rel=\"canonical\" href=\"https:\/\/fjala.info\/2009-2015\/marreveshja-e-sejdiut-dhe-e-thacit\/\" \/>\n<meta property=\"og:locale\" content=\"sq_AL\" \/>\n<meta property=\"og:type\" content=\"article\" \/>\n<meta property=\"og:title\" content=\"Marr\u00ebveshja e Sejdiut dhe e Tha\u00e7it - FjALA e LIR\u00cb - Arkivi\" \/>\n<meta property=\"og:description\" content=\"Naser Rugova, 21 tetor 2010 Deri sot kam menduar se prishja e koalicionit do t\u00eb ishte lajmi m\u00eb i mir\u00eb p\u00ebr Kosov\u00ebn por ngjarja e fundit m\u00eb ka bindur se edhe akti i prishjes s\u00eb koalicionit \u00ebsht\u00eb lajm i keq derisa vjen nga ky koalicion i deridjesh\u00ebm. Manipulimet me qytetarin dhe besimin e qytetarit n\u00eb [&hellip;]\" \/>\n<meta property=\"og:url\" content=\"https:\/\/fjala.info\/2009-2015\/marreveshja-e-sejdiut-dhe-e-thacit\/\" \/>\n<meta property=\"og:site_name\" content=\"FjALA e LIR\u00cb - Arkivi\" \/>\n<meta property=\"article:published_time\" content=\"2010-11-05T19:42:22+00:00\" \/>\n<meta property=\"og:image\" content=\"http:\/\/fjala.shkoder.net\/wp-content\/uploads\/2010\/11\/naser_rugova.jpg\" \/>\n<meta name=\"author\" content=\"admin\" \/>\n<meta name=\"twitter:card\" content=\"summary_large_image\" \/>\n<meta name=\"twitter:label1\" content=\"Written by\" \/>\n\t<meta name=\"twitter:data1\" content=\"admin\" \/>\n\t<meta name=\"twitter:label2\" content=\"Est. reading time\" \/>\n\t<meta name=\"twitter:data2\" content=\"4 minutes\" \/>\n<script type=\"application\/ld+json\" class=\"yoast-schema-graph\">{\"@context\":\"https:\\\/\\\/schema.org\",\"@graph\":[{\"@type\":\"Article\",\"@id\":\"https:\\\/\\\/fjala.info\\\/2009-2015\\\/marreveshja-e-sejdiut-dhe-e-thacit\\\/#article\",\"isPartOf\":{\"@id\":\"https:\\\/\\\/fjala.info\\\/2009-2015\\\/marreveshja-e-sejdiut-dhe-e-thacit\\\/\"},\"author\":{\"name\":\"admin\",\"@id\":\"https:\\\/\\\/fjala.info\\\/2009-2015\\\/#\\\/schema\\\/person\\\/3aa1163ef05469c496fc94e77611ada2\"},\"headline\":\"Marr\u00ebveshja e Sejdiut dhe e Tha\u00e7it\",\"datePublished\":\"2010-11-05T19:42:22+00:00\",\"mainEntityOfPage\":{\"@id\":\"https:\\\/\\\/fjala.info\\\/2009-2015\\\/marreveshja-e-sejdiut-dhe-e-thacit\\\/\"},\"wordCount\":711,\"commentCount\":0,\"publisher\":{\"@id\":\"https:\\\/\\\/fjala.info\\\/2009-2015\\\/#organization\"},\"image\":{\"@id\":\"https:\\\/\\\/fjala.info\\\/2009-2015\\\/marreveshja-e-sejdiut-dhe-e-thacit\\\/#primaryimage\"},\"thumbnailUrl\":\"http:\\\/\\\/fjala.shkoder.net\\\/wp-content\\\/uploads\\\/2010\\\/11\\\/naser_rugova.jpg\",\"articleSection\":[\"Artikuj\"],\"inLanguage\":\"sq-AL\",\"potentialAction\":[{\"@type\":\"CommentAction\",\"name\":\"Comment\",\"target\":[\"https:\\\/\\\/fjala.info\\\/2009-2015\\\/marreveshja-e-sejdiut-dhe-e-thacit\\\/#respond\"]}]},{\"@type\":\"WebPage\",\"@id\":\"https:\\\/\\\/fjala.info\\\/2009-2015\\\/marreveshja-e-sejdiut-dhe-e-thacit\\\/\",\"url\":\"https:\\\/\\\/fjala.info\\\/2009-2015\\\/marreveshja-e-sejdiut-dhe-e-thacit\\\/\",\"name\":\"Marr\u00ebveshja e Sejdiut dhe e Tha\u00e7it - FjALA e LIR\u00cb - Arkivi\",\"isPartOf\":{\"@id\":\"https:\\\/\\\/fjala.info\\\/2009-2015\\\/#website\"},\"primaryImageOfPage\":{\"@id\":\"https:\\\/\\\/fjala.info\\\/2009-2015\\\/marreveshja-e-sejdiut-dhe-e-thacit\\\/#primaryimage\"},\"image\":{\"@id\":\"https:\\\/\\\/fjala.info\\\/2009-2015\\\/marreveshja-e-sejdiut-dhe-e-thacit\\\/#primaryimage\"},\"thumbnailUrl\":\"http:\\\/\\\/fjala.shkoder.net\\\/wp-content\\\/uploads\\\/2010\\\/11\\\/naser_rugova.jpg\",\"datePublished\":\"2010-11-05T19:42:22+00:00\",\"breadcrumb\":{\"@id\":\"https:\\\/\\\/fjala.info\\\/2009-2015\\\/marreveshja-e-sejdiut-dhe-e-thacit\\\/#breadcrumb\"},\"inLanguage\":\"sq-AL\",\"potentialAction\":[{\"@type\":\"ReadAction\",\"target\":[\"https:\\\/\\\/fjala.info\\\/2009-2015\\\/marreveshja-e-sejdiut-dhe-e-thacit\\\/\"]}]},{\"@type\":\"ImageObject\",\"inLanguage\":\"sq-AL\",\"@id\":\"https:\\\/\\\/fjala.info\\\/2009-2015\\\/marreveshja-e-sejdiut-dhe-e-thacit\\\/#primaryimage\",\"url\":\"http:\\\/\\\/fjala.shkoder.net\\\/wp-content\\\/uploads\\\/2010\\\/11\\\/naser_rugova.jpg\",\"contentUrl\":\"http:\\\/\\\/fjala.shkoder.net\\\/wp-content\\\/uploads\\\/2010\\\/11\\\/naser_rugova.jpg\"},{\"@type\":\"BreadcrumbList\",\"@id\":\"https:\\\/\\\/fjala.info\\\/2009-2015\\\/marreveshja-e-sejdiut-dhe-e-thacit\\\/#breadcrumb\",\"itemListElement\":[{\"@type\":\"ListItem\",\"position\":1,\"name\":\"Home\",\"item\":\"https:\\\/\\\/fjala.info\\\/2009-2015\\\/\"},{\"@type\":\"ListItem\",\"position\":2,\"name\":\"Marr\u00ebveshja e Sejdiut dhe e Tha\u00e7it\"}]},{\"@type\":\"WebSite\",\"@id\":\"https:\\\/\\\/fjala.info\\\/2009-2015\\\/#website\",\"url\":\"https:\\\/\\\/fjala.info\\\/2009-2015\\\/\",\"name\":\"FjALA e LIR\u00cb - Arkivi\",\"description\":\"Arkivi 2009-2015\",\"publisher\":{\"@id\":\"https:\\\/\\\/fjala.info\\\/2009-2015\\\/#organization\"},\"potentialAction\":[{\"@type\":\"SearchAction\",\"target\":{\"@type\":\"EntryPoint\",\"urlTemplate\":\"https:\\\/\\\/fjala.info\\\/2009-2015\\\/?s={search_term_string}\"},\"query-input\":{\"@type\":\"PropertyValueSpecification\",\"valueRequired\":true,\"valueName\":\"search_term_string\"}}],\"inLanguage\":\"sq-AL\"},{\"@type\":\"Organization\",\"@id\":\"https:\\\/\\\/fjala.info\\\/2009-2015\\\/#organization\",\"name\":\"FjALA e LIR\u00cb - Arkivi\",\"url\":\"https:\\\/\\\/fjala.info\\\/2009-2015\\\/\",\"logo\":{\"@type\":\"ImageObject\",\"inLanguage\":\"sq-AL\",\"@id\":\"https:\\\/\\\/fjala.info\\\/2009-2015\\\/#\\\/schema\\\/logo\\\/image\\\/\",\"url\":\"\",\"contentUrl\":\"\",\"caption\":\"FjALA e LIR\u00cb - Arkivi\"},\"image\":{\"@id\":\"https:\\\/\\\/fjala.info\\\/2009-2015\\\/#\\\/schema\\\/logo\\\/image\\\/\"}},{\"@type\":\"Person\",\"@id\":\"https:\\\/\\\/fjala.info\\\/2009-2015\\\/#\\\/schema\\\/person\\\/3aa1163ef05469c496fc94e77611ada2\",\"name\":\"admin\",\"image\":{\"@type\":\"ImageObject\",\"inLanguage\":\"sq-AL\",\"@id\":\"https:\\\/\\\/fjala.info\\\/2009-2015\\\/wp-content\\\/uploads\\\/2012\\\/02\\\/arben_cokaj-120x150.jpg\",\"url\":\"https:\\\/\\\/fjala.info\\\/2009-2015\\\/wp-content\\\/uploads\\\/2012\\\/02\\\/arben_cokaj-120x150.jpg\",\"contentUrl\":\"https:\\\/\\\/fjala.info\\\/2009-2015\\\/wp-content\\\/uploads\\\/2012\\\/02\\\/arben_cokaj-120x150.jpg\",\"caption\":\"admin\"},\"description\":\"Admin, Fjala e Lir\u00eb\",\"sameAs\":[\"https:\\\/\\\/fjala.info\\\/\"],\"url\":\"https:\\\/\\\/fjala.info\\\/2009-2015\\\/author\\\/admin\\\/\"}]}<\/script>\n<!-- \/ Yoast SEO plugin. -->","yoast_head_json":{"title":"Marr\u00ebveshja e Sejdiut dhe e Tha\u00e7it - FjALA e LIR\u00cb - Arkivi","robots":{"index":"index","follow":"follow","max-snippet":"max-snippet:-1","max-image-preview":"max-image-preview:large","max-video-preview":"max-video-preview:-1"},"canonical":"https:\/\/fjala.info\/2009-2015\/marreveshja-e-sejdiut-dhe-e-thacit\/","og_locale":"sq_AL","og_type":"article","og_title":"Marr\u00ebveshja e Sejdiut dhe e Tha\u00e7it - FjALA e LIR\u00cb - Arkivi","og_description":"Naser Rugova, 21 tetor 2010 Deri sot kam menduar se prishja e koalicionit do t\u00eb ishte lajmi m\u00eb i mir\u00eb p\u00ebr Kosov\u00ebn por ngjarja e fundit m\u00eb ka bindur se edhe akti i prishjes s\u00eb koalicionit \u00ebsht\u00eb lajm i keq derisa vjen nga ky koalicion i deridjesh\u00ebm. Manipulimet me qytetarin dhe besimin e qytetarit n\u00eb [&hellip;]","og_url":"https:\/\/fjala.info\/2009-2015\/marreveshja-e-sejdiut-dhe-e-thacit\/","og_site_name":"FjALA e LIR\u00cb - Arkivi","article_published_time":"2010-11-05T19:42:22+00:00","og_image":[{"url":"http:\/\/fjala.shkoder.net\/wp-content\/uploads\/2010\/11\/naser_rugova.jpg","type":"","width":"","height":""}],"author":"admin","twitter_card":"summary_large_image","twitter_misc":{"Written by":"admin","Est. reading time":"4 minutes"},"schema":{"@context":"https:\/\/schema.org","@graph":[{"@type":"Article","@id":"https:\/\/fjala.info\/2009-2015\/marreveshja-e-sejdiut-dhe-e-thacit\/#article","isPartOf":{"@id":"https:\/\/fjala.info\/2009-2015\/marreveshja-e-sejdiut-dhe-e-thacit\/"},"author":{"name":"admin","@id":"https:\/\/fjala.info\/2009-2015\/#\/schema\/person\/3aa1163ef05469c496fc94e77611ada2"},"headline":"Marr\u00ebveshja e Sejdiut dhe e Tha\u00e7it","datePublished":"2010-11-05T19:42:22+00:00","mainEntityOfPage":{"@id":"https:\/\/fjala.info\/2009-2015\/marreveshja-e-sejdiut-dhe-e-thacit\/"},"wordCount":711,"commentCount":0,"publisher":{"@id":"https:\/\/fjala.info\/2009-2015\/#organization"},"image":{"@id":"https:\/\/fjala.info\/2009-2015\/marreveshja-e-sejdiut-dhe-e-thacit\/#primaryimage"},"thumbnailUrl":"http:\/\/fjala.shkoder.net\/wp-content\/uploads\/2010\/11\/naser_rugova.jpg","articleSection":["Artikuj"],"inLanguage":"sq-AL","potentialAction":[{"@type":"CommentAction","name":"Comment","target":["https:\/\/fjala.info\/2009-2015\/marreveshja-e-sejdiut-dhe-e-thacit\/#respond"]}]},{"@type":"WebPage","@id":"https:\/\/fjala.info\/2009-2015\/marreveshja-e-sejdiut-dhe-e-thacit\/","url":"https:\/\/fjala.info\/2009-2015\/marreveshja-e-sejdiut-dhe-e-thacit\/","name":"Marr\u00ebveshja e Sejdiut dhe e Tha\u00e7it - FjALA e LIR\u00cb - Arkivi","isPartOf":{"@id":"https:\/\/fjala.info\/2009-2015\/#website"},"primaryImageOfPage":{"@id":"https:\/\/fjala.info\/2009-2015\/marreveshja-e-sejdiut-dhe-e-thacit\/#primaryimage"},"image":{"@id":"https:\/\/fjala.info\/2009-2015\/marreveshja-e-sejdiut-dhe-e-thacit\/#primaryimage"},"thumbnailUrl":"http:\/\/fjala.shkoder.net\/wp-content\/uploads\/2010\/11\/naser_rugova.jpg","datePublished":"2010-11-05T19:42:22+00:00","breadcrumb":{"@id":"https:\/\/fjala.info\/2009-2015\/marreveshja-e-sejdiut-dhe-e-thacit\/#breadcrumb"},"inLanguage":"sq-AL","potentialAction":[{"@type":"ReadAction","target":["https:\/\/fjala.info\/2009-2015\/marreveshja-e-sejdiut-dhe-e-thacit\/"]}]},{"@type":"ImageObject","inLanguage":"sq-AL","@id":"https:\/\/fjala.info\/2009-2015\/marreveshja-e-sejdiut-dhe-e-thacit\/#primaryimage","url":"http:\/\/fjala.shkoder.net\/wp-content\/uploads\/2010\/11\/naser_rugova.jpg","contentUrl":"http:\/\/fjala.shkoder.net\/wp-content\/uploads\/2010\/11\/naser_rugova.jpg"},{"@type":"BreadcrumbList","@id":"https:\/\/fjala.info\/2009-2015\/marreveshja-e-sejdiut-dhe-e-thacit\/#breadcrumb","itemListElement":[{"@type":"ListItem","position":1,"name":"Home","item":"https:\/\/fjala.info\/2009-2015\/"},{"@type":"ListItem","position":2,"name":"Marr\u00ebveshja e Sejdiut dhe e Tha\u00e7it"}]},{"@type":"WebSite","@id":"https:\/\/fjala.info\/2009-2015\/#website","url":"https:\/\/fjala.info\/2009-2015\/","name":"FjALA e LIR\u00cb - Arkivi","description":"Arkivi 2009-2015","publisher":{"@id":"https:\/\/fjala.info\/2009-2015\/#organization"},"potentialAction":[{"@type":"SearchAction","target":{"@type":"EntryPoint","urlTemplate":"https:\/\/fjala.info\/2009-2015\/?s={search_term_string}"},"query-input":{"@type":"PropertyValueSpecification","valueRequired":true,"valueName":"search_term_string"}}],"inLanguage":"sq-AL"},{"@type":"Organization","@id":"https:\/\/fjala.info\/2009-2015\/#organization","name":"FjALA e LIR\u00cb - Arkivi","url":"https:\/\/fjala.info\/2009-2015\/","logo":{"@type":"ImageObject","inLanguage":"sq-AL","@id":"https:\/\/fjala.info\/2009-2015\/#\/schema\/logo\/image\/","url":"","contentUrl":"","caption":"FjALA e LIR\u00cb - Arkivi"},"image":{"@id":"https:\/\/fjala.info\/2009-2015\/#\/schema\/logo\/image\/"}},{"@type":"Person","@id":"https:\/\/fjala.info\/2009-2015\/#\/schema\/person\/3aa1163ef05469c496fc94e77611ada2","name":"admin","image":{"@type":"ImageObject","inLanguage":"sq-AL","@id":"https:\/\/fjala.info\/2009-2015\/wp-content\/uploads\/2012\/02\/arben_cokaj-120x150.jpg","url":"https:\/\/fjala.info\/2009-2015\/wp-content\/uploads\/2012\/02\/arben_cokaj-120x150.jpg","contentUrl":"https:\/\/fjala.info\/2009-2015\/wp-content\/uploads\/2012\/02\/arben_cokaj-120x150.jpg","caption":"admin"},"description":"Admin, Fjala e Lir\u00eb","sameAs":["https:\/\/fjala.info\/"],"url":"https:\/\/fjala.info\/2009-2015\/author\/admin\/"}]}},"_links":{"self":[{"href":"https:\/\/fjala.info\/2009-2015\/wp-json\/wp\/v2\/posts\/4637","targetHints":{"allow":["GET"]}}],"collection":[{"href":"https:\/\/fjala.info\/2009-2015\/wp-json\/wp\/v2\/posts"}],"about":[{"href":"https:\/\/fjala.info\/2009-2015\/wp-json\/wp\/v2\/types\/post"}],"author":[{"embeddable":true,"href":"https:\/\/fjala.info\/2009-2015\/wp-json\/wp\/v2\/users\/1"}],"replies":[{"embeddable":true,"href":"https:\/\/fjala.info\/2009-2015\/wp-json\/wp\/v2\/comments?post=4637"}],"version-history":[{"count":0,"href":"https:\/\/fjala.info\/2009-2015\/wp-json\/wp\/v2\/posts\/4637\/revisions"}],"wp:attachment":[{"href":"https:\/\/fjala.info\/2009-2015\/wp-json\/wp\/v2\/media?parent=4637"}],"wp:term":[{"taxonomy":"category","embeddable":true,"href":"https:\/\/fjala.info\/2009-2015\/wp-json\/wp\/v2\/categories?post=4637"},{"taxonomy":"post_tag","embeddable":true,"href":"https:\/\/fjala.info\/2009-2015\/wp-json\/wp\/v2\/tags?post=4637"}],"curies":[{"name":"wp","href":"https:\/\/api.w.org\/{rel}","templated":true}]}}