{"id":4636,"date":"2012-08-24T07:26:10","date_gmt":"2012-08-24T06:26:10","guid":{"rendered":"http:\/\/www.fjala.info\/?p=4636"},"modified":"2012-08-24T07:26:10","modified_gmt":"2012-08-24T06:26:10","slug":"linjat-e-shoqeruesve-te-regjimit","status":"publish","type":"post","link":"https:\/\/fjala.info\/2009-2015\/linjat-e-shoqeruesve-te-regjimit\/","title":{"rendered":"Linjat e shoq\u00ebruesve t\u00eb regjimit"},"content":{"rendered":"<p><img decoding=\"async\" class=\"alignright size-thumbnail wp-image-7236\" title=\"Albin Kurti\" src=\"http:\/\/www.fjala.info\/2012\/albin_kurti.jpg\" alt=\"\" width=\"200\" \/> Nga <strong>Albin Kurti<\/strong>, <em>23 Gusht 2012<\/em><\/p>\n<p>Asnj\u00eb regjim nuk rri n\u00eb fuqi vet\u00ebm me forc\u00ebn e arm\u00ebs dhe paras\u00eb. Secili regjim n\u00eb \u00e7do koh\u00eb e n\u00eb \u00e7do vend mbahet n\u00eb pushtet duke u mb\u00ebshtetur edhe n\u00eb nj\u00eb narrativ\u00eb t\u00eb caktuar, n\u00eb nj\u00eb shpjegim a p\u00ebrshkrim ngjarjesh, procesesh e njer\u00ebzish. Nj\u00ebkoh\u00ebsisht, regjimi vet\u00ebm sa nis me qeveritar\u00ebt dhe aparatin shtet\u00ebror duke qen\u00eb se shtrihet n\u00eb shoq\u00ebri shum\u00eb m\u00eb thell\u00eb se kaq.<\/p>\n<p>Propaganda e analist\u00ebve t\u00eb regjimit dhe agjitacioni i agjent\u00ebve t\u00eb tij paraqesin altoparlant\u00ebt e regjimit q\u00eb orvaten t\u2019i form\u00ebsojn\u00eb opinionet e publikut drejt bindjes s\u00eb tyre se ajo q\u00eb \u00ebsht\u00eb reale \u00ebsht\u00eb edhe racionale. Pa k\u00ebta analist\u00eb dhe agjent\u00eb, regjimi edhe do t\u00eb dukej edhe do t\u00eb ndjehej i vetmuar. Ata paraqesin shoq\u00ebruesit e regjimit \u2013 ata e shoq\u00ebrojn\u00eb regjimin sipas nevojave q\u00eb mund t\u2019i shfaqen regjimit. Regjimi ngjan gjithmon\u00eb m\u00eb mir\u00eb dhe m\u00eb normal me shoq\u00ebrues.<\/p>\n<p>Jan\u00eb dy linja kryesore t\u00eb k\u00ebtyre shoq\u00ebruesve t\u00eb regjimit ku orientohet sulmi i tyre mbi opozit\u00ebn n\u00eb Kosov\u00eb. Linja e par\u00eb \u00ebsht\u00eb ajo p\u00ebr zhurm\u00ebn: \u2018opozit\u00eb e zhurmshme\u2019, \u2018zhurma e opozit\u00ebs\u2019, \u2018opozit\u00eb q\u00eb b\u00ebn zhurm\u00eb\u2019 e deri te \u2018zhurma opozitare\u2019 na shfaqen gati si togfjal\u00ebsha t\u00eb r\u00ebndomt\u00eb t\u00eb cil\u00ebt shoq\u00ebruesit e regjimit i p\u00ebrdorin edhe nga disa her\u00eb brenda s\u00eb nj\u00ebjt\u00ebs intervist\u00eb ose artikull t\u00eb tyre.<\/p>\n<p>Po pat\u00ebt durimin t\u2019i d\u00ebgjoni a lexoni deri n\u00eb fund, fort qart\u00eb do ta kuptoni q\u00eb k\u00ebta q\u00eb e akuzojn\u00eb opozit\u00ebn p\u00ebr zhurm\u00eb, n\u00eb fakt, e duan opozit\u00ebn ve\u00e7se t\u00eb heshtur. K\u00ebtyre nuk ju pengon pse opozita \u00ebsht\u00eb e zhurmshme, por pse ajo nuk \u00ebsht\u00eb e heshtur. Regjimi e do qet\u00ebsin\u00eb. Prandaj, shoq\u00ebruesit e regjimit e duan heshtjen e atyre q\u00eb nuk e duan regjimin. Meq\u00eb duan opozit\u00eb t\u00eb heshtur, ata z\u00ebrin e opozit\u00ebs e p\u00ebrjetojn\u00eb gjithmon\u00eb si zhurm\u00eb.<\/p>\n<p>Edhe kur kusht\u00ebzohen bisedimet me Serbin\u00eb me fatin e shqiptar\u00ebve t\u00eb rr\u00ebmbyer gjat\u00eb luft\u00ebs, edhe kur publikohet kontrata makab\u00ebr me Bechtel-Enka, edhe kur digjen flak\u00eb argumentet e ministrave dhe kryeministit n\u00eb interpelanca, edhe kur duan ta falin Distribucionin e KEK-ut, edhe kur bllokohet hyrja e mallrave t\u00eb Serbis\u00eb n\u00eb Kosov\u00eb\u2026 Jan\u00eb vet\u00eb ata q\u00eb duan t\u00eb d\u00ebgjojn\u00eb zhurm\u00eb (kur flet opozita) q\u00eb t\u00eb mos d\u00ebgjojn\u00eb (kur flet opozita). Mir\u00ebpo, opozita e heshtur, duke qen\u00eb e heshtur, nuk \u00ebsht\u00eb opozit\u00eb. Ta duash opozit\u00ebn e heshtur do t\u00eb thot\u00eb t\u00eb mos e duash fare opozit\u00ebn. Pozit\u00eb pa demokraci mund t\u00eb ket\u00eb, porse demokraci pa opozit\u00eb nuk mund t\u00eb ket\u00eb. Regjimi \u00ebsht\u00eb kund\u00ebr demokracis\u00eb.<\/p>\n<p>Linja e dyt\u00eb \u00ebsht\u00eb ajo p\u00ebr gjuh\u00ebn: \u2018opozita po p\u00ebrdor gjuh\u00eb t\u00eb rrug\u00ebs\u2019, \u2018gjuha e opozit\u00ebs \u00ebsht\u00eb banale\u2019, \u2018gjuha e vrazhd\u00eb e opozit\u00ebs\u2019 e deri te \u2018gjuha e dhunshme e opozit\u00ebs\u2019, p\u00ebrb\u00ebjn\u00eb tashm\u00eb akuzat standarde publike t\u00eb shoq\u00ebruesve t\u00eb regjimit. At\u00ebher\u00eb kur diskreditimi i llojit t\u00eb par\u00eb duket q\u00eb nuk pi m\u00eb uj\u00eb, nuk thon\u00eb m\u00eb q\u00eb opozita po b\u00ebn zhurm\u00eb por q\u00eb gjuha e opozit\u00ebs na qenka e pap\u00ebrshtatshme. Ata do t\u00eb donin q\u00eb gjuha e opozit\u00ebs t\u00eb ishte m\u00eb pak e pap\u00ebrshtatshme, gjithnj\u00eb e m\u00eb pak e pap\u00ebrshtatshme, deri sa t\u00eb b\u00ebhej krejt\u00ebsisht gjuh\u00eb e p\u00ebrshtatshme.<\/p>\n<p>Nuk ka r\u00ebnd\u00ebsi q\u00eb qytetar\u00ebt po varf\u00ebrohen dhe s\u2019kan\u00eb as shkollim cil\u00ebsor e as p\u00ebrkujdesje sh\u00ebndet\u00ebsore, q\u00eb Kosova s\u2019ka zhvillim ekonomik dhe papun\u00ebsia po rritet, q\u00eb po e fusin veriun e Kosov\u00ebs n\u00eb pazar te qeveria nazifashiste n\u00eb Beograd, q\u00eb duan ta shesin lir\u00eb PTK-n\u00eb e ta likuidojn\u00eb Trep\u00e7\u00ebn, q\u00eb Kosov\u00ebn po e kthejn\u00eb n\u00eb nj\u00eb krahin\u00eb q\u00eb k\u00ebsaj radhe as autonome nuk \u00ebsht\u00eb\u2026 Me r\u00ebnd\u00ebsi \u00ebsht\u00eb q\u00eb k\u00ebta njer\u00ebz q\u00eb po i b\u00ebjn\u00eb t\u00eb gjitha k\u00ebto t\u00eb mos quhen hajna e kriminel\u00eb! Se at\u00ebher\u00eb prishet puna, se vet\u00ebm at\u00ebher\u00eb prishet puna. Edhe n\u00ebse vjedhin, at\u00ebher\u00eb le t\u00eb quhen p.sh. p\u00ebrvet\u00ebsues t\u00eb paligjsh\u00ebm t\u00eb pasuris\u00eb publike apo di\u00e7ka ngjash\u00ebm.<\/p>\n<p>Ama jo hajna, jo me k\u00ebt\u00eb gjuh\u00eb brutale. Ani se kan\u00eb b\u00ebr\u00eb hapur krime, kjo \u00ebsht\u00eb asgj\u00eb krahasuar me gjuh\u00ebn q\u00eb i quan ashtu hapur: kriminel\u00eb! Ndon\u00ebse eg\u00ebrsin\u00eb e realitetit n\u00eb Kosov\u00eb s\u2019ka gjuh\u00eb q\u00eb arrin ta kap sado e eg\u00ebr ajo, problemi kufizohet te eg\u00ebrsia e paarrir\u00eb e gjuh\u00ebs dhe jo te eg\u00ebrsia e rreshkur e realitetit. K\u00ebrkesa q\u00eb gjuha e opozit\u00ebs t\u00eb b\u00ebhet e p\u00ebrshtatshme, \u00ebsht\u00eb k\u00ebrkes\u00eb q\u00eb vet\u00eb opozita t\u00eb b\u00ebhet e p\u00ebrshtatshme porsi gjuha, q\u00eb opozita t\u00eb b\u00ebhet shoq\u00ebruese e pozit\u00ebs porsi k\u00ebta shoq\u00ebruesit prej analist\u00ebsh e agjent\u00ebsh.<\/p>\n<p>Gjuha e p\u00ebrshtatshme \u00ebsht\u00eb gjuh\u00eb e p\u00ebrshtatshme p\u00ebr regjimin, gjuh\u00eb q\u00eb i shkon p\u00ebr shtati regjimit. Gjuh\u00eb t\u00eb till\u00eb kan\u00eb pik\u00ebrisht shoq\u00ebruesit e regjimit \u2013 gjuh\u00eb t\u00eb l\u00ebmuar. Opozita me gjuh\u00eb t\u00eb p\u00ebrshtatshme, duke qen\u00eb me gjuh\u00eb t\u00eb p\u00ebrshtatshme, nuk \u00ebsht\u00eb opozit\u00eb. Ata q\u00eb duan gjuh\u00eb tjet\u00ebr t\u00eb opozit\u00ebs, n\u00eb fakt, duan opozit\u00eb pa gjuh\u00eb, opozit\u00eb me gjuh\u00eb t\u00eb prer\u00eb. Nuk e duan shprehjen e lir\u00eb ngaq\u00eb nuk e duan lirin\u00eb e shprehjes. Regjimi \u00ebsht\u00eb kund\u00ebr liris\u00eb.<\/p>\n<p>E p\u00ebrbashk\u00ebta e k\u00ebtyre dy linjave \u00ebsht\u00eb p\u00ebrpjekja q\u00eb n\u00eb t\u00eb nj\u00ebjt\u00ebn koh\u00eb t\u00eb diskreditohet por edhe t\u00eb diciplinohet opozita. Duke mos folur p\u00ebr p\u00ebrmbajtjen e \u00e7\u00ebshtjes, duke anashkaluar ballafaqimin konceptual dhe argumentet e opozit\u00ebs, ata etiketojn\u00eb p\u00ebr form\u00ebn e t\u00eb b\u00ebrit opozit\u00eb. Flasin p\u00ebr zhurm\u00ebn ose p\u00ebr gjuh\u00ebn, q\u00eb t\u00eb mos flasin se \u00e7ka n\u00eb t\u00eb v\u00ebrtet\u00eb u tha dhe pse. Shoq\u00ebruesit e regjimit jan\u00eb t\u00eb p\u00ebrqendruar te regjimi dhe te shp\u00ebrqendrimi i qytetar\u00ebve.<\/p>\n<p>E p\u00ebrbashk\u00ebta e shoq\u00ebruesve t\u00eb regjimit \u00ebsht\u00eb se ata jan\u00eb bukur rehat sot p\u00ebrkund\u00ebr gjendjes s\u00eb mjerueshme n\u00eb t\u00eb cil\u00ebn ndodhen shteti i Kosov\u00ebs dhe populli i saj. K\u00ebta zakonisht i p\u00ebrkasin shtres\u00ebs s\u00eb mesme, q\u00eb do t\u00eb thot\u00eb se nuk jan\u00eb t\u00eb varf\u00ebr, dhe jan\u00eb t\u00eb pun\u00ebsuar diku, q\u00eb do t\u00eb thot\u00eb se nuk jan\u00eb pa t\u00eb ardhura. Dallimin social me shumic\u00ebn d\u00ebrrmuese t\u00eb popullsis\u00eb gjithsesi ia kan\u00eb borxh regjimit, n\u00eb nj\u00eb m\u00ebnyr\u00eb a tjet\u00ebr. Personalisht e marrin politik\u00ebn edhe k\u00ebta shoq\u00ebruesit e regjimit. Zaten, aspak ndryshe prej qeveritar\u00ebve, kryeministrit e matrapaz\u00ebve t\u00eb tjer\u00eb.<\/p>\n","protected":false},"excerpt":{"rendered":"<p>Nga Albin Kurti, 23 Gusht 2012 Asnj\u00eb regjim nuk rri n\u00eb fuqi vet\u00ebm me forc\u00ebn e arm\u00ebs dhe paras\u00eb. Secili regjim n\u00eb \u00e7do koh\u00eb e n\u00eb \u00e7do vend mbahet n\u00eb pushtet duke u mb\u00ebshtetur edhe n\u00eb nj\u00eb narrativ\u00eb t\u00eb caktuar, n\u00eb nj\u00eb shpjegim a p\u00ebrshkrim ngjarjesh, procesesh e njer\u00ebzish. Nj\u00ebkoh\u00ebsisht, regjimi vet\u00ebm sa nis me [&hellip;]<\/p>\n","protected":false},"author":1,"featured_media":0,"comment_status":"open","ping_status":"closed","sticky":false,"template":"","format":"standard","meta":{"footnotes":""},"categories":[2],"tags":[],"class_list":{"0":"post-4636","1":"post","2":"type-post","3":"status-publish","4":"format-standard","6":"category-artikuj"},"yoast_head":"<!-- This site is optimized with the Yoast SEO plugin v27.4 - https:\/\/yoast.com\/product\/yoast-seo-wordpress\/ -->\n<title>Linjat e shoq\u00ebruesve t\u00eb regjimit - FjALA e LIR\u00cb - Arkivi<\/title>\n<meta name=\"robots\" content=\"index, follow, max-snippet:-1, max-image-preview:large, max-video-preview:-1\" \/>\n<link rel=\"canonical\" href=\"https:\/\/fjala.info\/2009-2015\/linjat-e-shoqeruesve-te-regjimit\/\" \/>\n<meta property=\"og:locale\" content=\"sq_AL\" \/>\n<meta property=\"og:type\" content=\"article\" \/>\n<meta property=\"og:title\" content=\"Linjat e shoq\u00ebruesve t\u00eb regjimit - FjALA e LIR\u00cb - Arkivi\" \/>\n<meta property=\"og:description\" content=\"Nga Albin Kurti, 23 Gusht 2012 Asnj\u00eb regjim nuk rri n\u00eb fuqi vet\u00ebm me forc\u00ebn e arm\u00ebs dhe paras\u00eb. Secili regjim n\u00eb \u00e7do koh\u00eb e n\u00eb \u00e7do vend mbahet n\u00eb pushtet duke u mb\u00ebshtetur edhe n\u00eb nj\u00eb narrativ\u00eb t\u00eb caktuar, n\u00eb nj\u00eb shpjegim a p\u00ebrshkrim ngjarjesh, procesesh e njer\u00ebzish. Nj\u00ebkoh\u00ebsisht, regjimi vet\u00ebm sa nis me [&hellip;]\" \/>\n<meta property=\"og:url\" content=\"https:\/\/fjala.info\/2009-2015\/linjat-e-shoqeruesve-te-regjimit\/\" \/>\n<meta property=\"og:site_name\" content=\"FjALA e LIR\u00cb - Arkivi\" \/>\n<meta property=\"article:published_time\" content=\"2012-08-24T06:26:10+00:00\" \/>\n<meta property=\"og:image\" content=\"http:\/\/www.fjala.info\/2012\/albin_kurti.jpg\" \/>\n<meta name=\"author\" content=\"admin\" \/>\n<meta name=\"twitter:card\" content=\"summary_large_image\" \/>\n<meta name=\"twitter:label1\" content=\"Written by\" \/>\n\t<meta name=\"twitter:data1\" content=\"admin\" \/>\n\t<meta name=\"twitter:label2\" content=\"Est. reading time\" \/>\n\t<meta name=\"twitter:data2\" content=\"6 minutes\" \/>\n<script type=\"application\/ld+json\" class=\"yoast-schema-graph\">{\"@context\":\"https:\\\/\\\/schema.org\",\"@graph\":[{\"@type\":\"Article\",\"@id\":\"https:\\\/\\\/fjala.info\\\/2009-2015\\\/linjat-e-shoqeruesve-te-regjimit\\\/#article\",\"isPartOf\":{\"@id\":\"https:\\\/\\\/fjala.info\\\/2009-2015\\\/linjat-e-shoqeruesve-te-regjimit\\\/\"},\"author\":{\"name\":\"admin\",\"@id\":\"https:\\\/\\\/fjala.info\\\/2009-2015\\\/#\\\/schema\\\/person\\\/3aa1163ef05469c496fc94e77611ada2\"},\"headline\":\"Linjat e shoq\u00ebruesve t\u00eb regjimit\",\"datePublished\":\"2012-08-24T06:26:10+00:00\",\"mainEntityOfPage\":{\"@id\":\"https:\\\/\\\/fjala.info\\\/2009-2015\\\/linjat-e-shoqeruesve-te-regjimit\\\/\"},\"wordCount\":1142,\"commentCount\":0,\"publisher\":{\"@id\":\"https:\\\/\\\/fjala.info\\\/2009-2015\\\/#organization\"},\"image\":{\"@id\":\"https:\\\/\\\/fjala.info\\\/2009-2015\\\/linjat-e-shoqeruesve-te-regjimit\\\/#primaryimage\"},\"thumbnailUrl\":\"http:\\\/\\\/www.fjala.info\\\/2012\\\/albin_kurti.jpg\",\"articleSection\":[\"Artikuj\"],\"inLanguage\":\"sq-AL\",\"potentialAction\":[{\"@type\":\"CommentAction\",\"name\":\"Comment\",\"target\":[\"https:\\\/\\\/fjala.info\\\/2009-2015\\\/linjat-e-shoqeruesve-te-regjimit\\\/#respond\"]}]},{\"@type\":\"WebPage\",\"@id\":\"https:\\\/\\\/fjala.info\\\/2009-2015\\\/linjat-e-shoqeruesve-te-regjimit\\\/\",\"url\":\"https:\\\/\\\/fjala.info\\\/2009-2015\\\/linjat-e-shoqeruesve-te-regjimit\\\/\",\"name\":\"Linjat e shoq\u00ebruesve t\u00eb regjimit - FjALA e LIR\u00cb - Arkivi\",\"isPartOf\":{\"@id\":\"https:\\\/\\\/fjala.info\\\/2009-2015\\\/#website\"},\"primaryImageOfPage\":{\"@id\":\"https:\\\/\\\/fjala.info\\\/2009-2015\\\/linjat-e-shoqeruesve-te-regjimit\\\/#primaryimage\"},\"image\":{\"@id\":\"https:\\\/\\\/fjala.info\\\/2009-2015\\\/linjat-e-shoqeruesve-te-regjimit\\\/#primaryimage\"},\"thumbnailUrl\":\"http:\\\/\\\/www.fjala.info\\\/2012\\\/albin_kurti.jpg\",\"datePublished\":\"2012-08-24T06:26:10+00:00\",\"breadcrumb\":{\"@id\":\"https:\\\/\\\/fjala.info\\\/2009-2015\\\/linjat-e-shoqeruesve-te-regjimit\\\/#breadcrumb\"},\"inLanguage\":\"sq-AL\",\"potentialAction\":[{\"@type\":\"ReadAction\",\"target\":[\"https:\\\/\\\/fjala.info\\\/2009-2015\\\/linjat-e-shoqeruesve-te-regjimit\\\/\"]}]},{\"@type\":\"ImageObject\",\"inLanguage\":\"sq-AL\",\"@id\":\"https:\\\/\\\/fjala.info\\\/2009-2015\\\/linjat-e-shoqeruesve-te-regjimit\\\/#primaryimage\",\"url\":\"http:\\\/\\\/www.fjala.info\\\/2012\\\/albin_kurti.jpg\",\"contentUrl\":\"http:\\\/\\\/www.fjala.info\\\/2012\\\/albin_kurti.jpg\"},{\"@type\":\"BreadcrumbList\",\"@id\":\"https:\\\/\\\/fjala.info\\\/2009-2015\\\/linjat-e-shoqeruesve-te-regjimit\\\/#breadcrumb\",\"itemListElement\":[{\"@type\":\"ListItem\",\"position\":1,\"name\":\"Home\",\"item\":\"https:\\\/\\\/fjala.info\\\/2009-2015\\\/\"},{\"@type\":\"ListItem\",\"position\":2,\"name\":\"Linjat e shoq\u00ebruesve t\u00eb regjimit\"}]},{\"@type\":\"WebSite\",\"@id\":\"https:\\\/\\\/fjala.info\\\/2009-2015\\\/#website\",\"url\":\"https:\\\/\\\/fjala.info\\\/2009-2015\\\/\",\"name\":\"FjALA e LIR\u00cb - Arkivi\",\"description\":\"Arkivi 2009-2015\",\"publisher\":{\"@id\":\"https:\\\/\\\/fjala.info\\\/2009-2015\\\/#organization\"},\"potentialAction\":[{\"@type\":\"SearchAction\",\"target\":{\"@type\":\"EntryPoint\",\"urlTemplate\":\"https:\\\/\\\/fjala.info\\\/2009-2015\\\/?s={search_term_string}\"},\"query-input\":{\"@type\":\"PropertyValueSpecification\",\"valueRequired\":true,\"valueName\":\"search_term_string\"}}],\"inLanguage\":\"sq-AL\"},{\"@type\":\"Organization\",\"@id\":\"https:\\\/\\\/fjala.info\\\/2009-2015\\\/#organization\",\"name\":\"FjALA e LIR\u00cb - Arkivi\",\"url\":\"https:\\\/\\\/fjala.info\\\/2009-2015\\\/\",\"logo\":{\"@type\":\"ImageObject\",\"inLanguage\":\"sq-AL\",\"@id\":\"https:\\\/\\\/fjala.info\\\/2009-2015\\\/#\\\/schema\\\/logo\\\/image\\\/\",\"url\":\"\",\"contentUrl\":\"\",\"caption\":\"FjALA e LIR\u00cb - Arkivi\"},\"image\":{\"@id\":\"https:\\\/\\\/fjala.info\\\/2009-2015\\\/#\\\/schema\\\/logo\\\/image\\\/\"}},{\"@type\":\"Person\",\"@id\":\"https:\\\/\\\/fjala.info\\\/2009-2015\\\/#\\\/schema\\\/person\\\/3aa1163ef05469c496fc94e77611ada2\",\"name\":\"admin\",\"image\":{\"@type\":\"ImageObject\",\"inLanguage\":\"sq-AL\",\"@id\":\"https:\\\/\\\/fjala.info\\\/2009-2015\\\/wp-content\\\/uploads\\\/2012\\\/02\\\/arben_cokaj-120x150.jpg\",\"url\":\"https:\\\/\\\/fjala.info\\\/2009-2015\\\/wp-content\\\/uploads\\\/2012\\\/02\\\/arben_cokaj-120x150.jpg\",\"contentUrl\":\"https:\\\/\\\/fjala.info\\\/2009-2015\\\/wp-content\\\/uploads\\\/2012\\\/02\\\/arben_cokaj-120x150.jpg\",\"caption\":\"admin\"},\"description\":\"Admin, Fjala e Lir\u00eb\",\"sameAs\":[\"https:\\\/\\\/fjala.info\\\/\"],\"url\":\"https:\\\/\\\/fjala.info\\\/2009-2015\\\/author\\\/admin\\\/\"}]}<\/script>\n<!-- \/ Yoast SEO plugin. -->","yoast_head_json":{"title":"Linjat e shoq\u00ebruesve t\u00eb regjimit - FjALA e LIR\u00cb - Arkivi","robots":{"index":"index","follow":"follow","max-snippet":"max-snippet:-1","max-image-preview":"max-image-preview:large","max-video-preview":"max-video-preview:-1"},"canonical":"https:\/\/fjala.info\/2009-2015\/linjat-e-shoqeruesve-te-regjimit\/","og_locale":"sq_AL","og_type":"article","og_title":"Linjat e shoq\u00ebruesve t\u00eb regjimit - FjALA e LIR\u00cb - Arkivi","og_description":"Nga Albin Kurti, 23 Gusht 2012 Asnj\u00eb regjim nuk rri n\u00eb fuqi vet\u00ebm me forc\u00ebn e arm\u00ebs dhe paras\u00eb. Secili regjim n\u00eb \u00e7do koh\u00eb e n\u00eb \u00e7do vend mbahet n\u00eb pushtet duke u mb\u00ebshtetur edhe n\u00eb nj\u00eb narrativ\u00eb t\u00eb caktuar, n\u00eb nj\u00eb shpjegim a p\u00ebrshkrim ngjarjesh, procesesh e njer\u00ebzish. Nj\u00ebkoh\u00ebsisht, regjimi vet\u00ebm sa nis me [&hellip;]","og_url":"https:\/\/fjala.info\/2009-2015\/linjat-e-shoqeruesve-te-regjimit\/","og_site_name":"FjALA e LIR\u00cb - Arkivi","article_published_time":"2012-08-24T06:26:10+00:00","og_image":[{"url":"http:\/\/www.fjala.info\/2012\/albin_kurti.jpg","type":"","width":"","height":""}],"author":"admin","twitter_card":"summary_large_image","twitter_misc":{"Written by":"admin","Est. reading time":"6 minutes"},"schema":{"@context":"https:\/\/schema.org","@graph":[{"@type":"Article","@id":"https:\/\/fjala.info\/2009-2015\/linjat-e-shoqeruesve-te-regjimit\/#article","isPartOf":{"@id":"https:\/\/fjala.info\/2009-2015\/linjat-e-shoqeruesve-te-regjimit\/"},"author":{"name":"admin","@id":"https:\/\/fjala.info\/2009-2015\/#\/schema\/person\/3aa1163ef05469c496fc94e77611ada2"},"headline":"Linjat e shoq\u00ebruesve t\u00eb regjimit","datePublished":"2012-08-24T06:26:10+00:00","mainEntityOfPage":{"@id":"https:\/\/fjala.info\/2009-2015\/linjat-e-shoqeruesve-te-regjimit\/"},"wordCount":1142,"commentCount":0,"publisher":{"@id":"https:\/\/fjala.info\/2009-2015\/#organization"},"image":{"@id":"https:\/\/fjala.info\/2009-2015\/linjat-e-shoqeruesve-te-regjimit\/#primaryimage"},"thumbnailUrl":"http:\/\/www.fjala.info\/2012\/albin_kurti.jpg","articleSection":["Artikuj"],"inLanguage":"sq-AL","potentialAction":[{"@type":"CommentAction","name":"Comment","target":["https:\/\/fjala.info\/2009-2015\/linjat-e-shoqeruesve-te-regjimit\/#respond"]}]},{"@type":"WebPage","@id":"https:\/\/fjala.info\/2009-2015\/linjat-e-shoqeruesve-te-regjimit\/","url":"https:\/\/fjala.info\/2009-2015\/linjat-e-shoqeruesve-te-regjimit\/","name":"Linjat e shoq\u00ebruesve t\u00eb regjimit - FjALA e LIR\u00cb - Arkivi","isPartOf":{"@id":"https:\/\/fjala.info\/2009-2015\/#website"},"primaryImageOfPage":{"@id":"https:\/\/fjala.info\/2009-2015\/linjat-e-shoqeruesve-te-regjimit\/#primaryimage"},"image":{"@id":"https:\/\/fjala.info\/2009-2015\/linjat-e-shoqeruesve-te-regjimit\/#primaryimage"},"thumbnailUrl":"http:\/\/www.fjala.info\/2012\/albin_kurti.jpg","datePublished":"2012-08-24T06:26:10+00:00","breadcrumb":{"@id":"https:\/\/fjala.info\/2009-2015\/linjat-e-shoqeruesve-te-regjimit\/#breadcrumb"},"inLanguage":"sq-AL","potentialAction":[{"@type":"ReadAction","target":["https:\/\/fjala.info\/2009-2015\/linjat-e-shoqeruesve-te-regjimit\/"]}]},{"@type":"ImageObject","inLanguage":"sq-AL","@id":"https:\/\/fjala.info\/2009-2015\/linjat-e-shoqeruesve-te-regjimit\/#primaryimage","url":"http:\/\/www.fjala.info\/2012\/albin_kurti.jpg","contentUrl":"http:\/\/www.fjala.info\/2012\/albin_kurti.jpg"},{"@type":"BreadcrumbList","@id":"https:\/\/fjala.info\/2009-2015\/linjat-e-shoqeruesve-te-regjimit\/#breadcrumb","itemListElement":[{"@type":"ListItem","position":1,"name":"Home","item":"https:\/\/fjala.info\/2009-2015\/"},{"@type":"ListItem","position":2,"name":"Linjat e shoq\u00ebruesve t\u00eb regjimit"}]},{"@type":"WebSite","@id":"https:\/\/fjala.info\/2009-2015\/#website","url":"https:\/\/fjala.info\/2009-2015\/","name":"FjALA e LIR\u00cb - Arkivi","description":"Arkivi 2009-2015","publisher":{"@id":"https:\/\/fjala.info\/2009-2015\/#organization"},"potentialAction":[{"@type":"SearchAction","target":{"@type":"EntryPoint","urlTemplate":"https:\/\/fjala.info\/2009-2015\/?s={search_term_string}"},"query-input":{"@type":"PropertyValueSpecification","valueRequired":true,"valueName":"search_term_string"}}],"inLanguage":"sq-AL"},{"@type":"Organization","@id":"https:\/\/fjala.info\/2009-2015\/#organization","name":"FjALA e LIR\u00cb - Arkivi","url":"https:\/\/fjala.info\/2009-2015\/","logo":{"@type":"ImageObject","inLanguage":"sq-AL","@id":"https:\/\/fjala.info\/2009-2015\/#\/schema\/logo\/image\/","url":"","contentUrl":"","caption":"FjALA e LIR\u00cb - Arkivi"},"image":{"@id":"https:\/\/fjala.info\/2009-2015\/#\/schema\/logo\/image\/"}},{"@type":"Person","@id":"https:\/\/fjala.info\/2009-2015\/#\/schema\/person\/3aa1163ef05469c496fc94e77611ada2","name":"admin","image":{"@type":"ImageObject","inLanguage":"sq-AL","@id":"https:\/\/fjala.info\/2009-2015\/wp-content\/uploads\/2012\/02\/arben_cokaj-120x150.jpg","url":"https:\/\/fjala.info\/2009-2015\/wp-content\/uploads\/2012\/02\/arben_cokaj-120x150.jpg","contentUrl":"https:\/\/fjala.info\/2009-2015\/wp-content\/uploads\/2012\/02\/arben_cokaj-120x150.jpg","caption":"admin"},"description":"Admin, Fjala e Lir\u00eb","sameAs":["https:\/\/fjala.info\/"],"url":"https:\/\/fjala.info\/2009-2015\/author\/admin\/"}]}},"_links":{"self":[{"href":"https:\/\/fjala.info\/2009-2015\/wp-json\/wp\/v2\/posts\/4636","targetHints":{"allow":["GET"]}}],"collection":[{"href":"https:\/\/fjala.info\/2009-2015\/wp-json\/wp\/v2\/posts"}],"about":[{"href":"https:\/\/fjala.info\/2009-2015\/wp-json\/wp\/v2\/types\/post"}],"author":[{"embeddable":true,"href":"https:\/\/fjala.info\/2009-2015\/wp-json\/wp\/v2\/users\/1"}],"replies":[{"embeddable":true,"href":"https:\/\/fjala.info\/2009-2015\/wp-json\/wp\/v2\/comments?post=4636"}],"version-history":[{"count":0,"href":"https:\/\/fjala.info\/2009-2015\/wp-json\/wp\/v2\/posts\/4636\/revisions"}],"wp:attachment":[{"href":"https:\/\/fjala.info\/2009-2015\/wp-json\/wp\/v2\/media?parent=4636"}],"wp:term":[{"taxonomy":"category","embeddable":true,"href":"https:\/\/fjala.info\/2009-2015\/wp-json\/wp\/v2\/categories?post=4636"},{"taxonomy":"post_tag","embeddable":true,"href":"https:\/\/fjala.info\/2009-2015\/wp-json\/wp\/v2\/tags?post=4636"}],"curies":[{"name":"wp","href":"https:\/\/api.w.org\/{rel}","templated":true}]}}