{"id":4635,"date":"2010-11-05T11:45:39","date_gmt":"2010-11-05T10:45:39","guid":{"rendered":"http:\/\/fjala.shkoder.net\/?p=4635"},"modified":"2010-11-05T11:45:39","modified_gmt":"2010-11-05T10:45:39","slug":"kur-vdes-njeriu-te-politikanet","status":"publish","type":"post","link":"https:\/\/fjala.info\/2009-2015\/kur-vdes-njeriu-te-politikanet\/","title":{"rendered":"Kur vdes Njeriu te politikan\u00ebt"},"content":{"rendered":"<p><strong>Shp\u00ebtim Idrizi<\/strong><\/p>\n<p>E ndiej t\u00eb udh\u00ebs q\u00eb, t\u2019ju drejtohem n\u00eb lidhje me nj\u00eb \u00e7\u00ebshtje q\u00eb t\u00eb pakt\u00ebn politikisht duket sikur po kalon pa v\u00ebmendje: e kam fjal\u00ebn p\u00ebr dhunimin e profanimin e varreve shum\u00ebvje\u00e7are t\u00eb Boboshtic\u00ebs.<\/p>\n<p>N\u00eb fakt, n\u00ebse te ne politikan\u00ebt dhe parlamentar\u00ebt, do t\u00eb ishte m\u00eb i fort\u00eb njeriu se politikani, at\u00ebher\u00eb ne do t\u00eb kishim reaguar me forc\u00eb p\u00ebrpara akteve t\u00eb tilla t\u00eb p\u00ebrs\u00ebritura dhe me siguri do t\u00eb kishim dekurajuar recidivist\u00ebt&#8230;Kush prek nj\u00eb varr ka dhunuar shpirt\u00ebrisht kujtimin e t\u00eb vdekurve. Ka dhunuar fizikisht kujtimin e tyre. \u00c7do njeri do t\u00eb duhej t\u00eb reagonte para k\u00ebtij dhunimi, q\u00eb tashm\u00eb \u00ebsht\u00eb v\u00ebrtetuar dhe zyrtarisht: Prokuroria e Kor\u00e7\u00ebs ka nisur hetimet. Por, mesa duket, te ne politikan\u00ebt e parlamentar\u00ebt, njeriu ose ka vdekur, ose \u00ebsht\u00eb n\u00eb gjum\u00eb. Apo mos vall\u00eb frika nga ata q\u00eb duhet ta ken\u00eb iniciuar dhunimin e varreve, \u00ebsht\u00eb shum\u00eb e madhe?!<\/p>\n<p>Ndryshe nuk ka si shpjegohet q\u00eb, askush nuk ka folur p\u00ebr k\u00ebt\u00eb dhunim. Kjo heshtje jo vet\u00ebm q\u00eb na faj\u00ebson t\u00eb gjith\u00ebve, por indirekt na tregon se kush \u00ebsht\u00eb pas k\u00ebtij dhunimi: frika dhe intimidimi yn\u00eb, q\u00eb inkurajon recidivist\u00ebt.<\/p>\n<p>Nuk \u00ebsht\u00eb fajtor muratori i shkret\u00eb i Boboshtic\u00ebs, q\u00eb p\u00ebr para, p\u00ebr pensionin e t\u00eb af\u00ebrmve, apo p\u00ebr viz\u00eb, pranoi t\u00eb dhunonte varret e t\u00eb par\u00ebve t\u00eb vet, p\u00ebr t\u00eb ngritur nj\u00eb bazament t\u00eb nj\u00eb kryqi t\u00eb ngritur gjithashtu pa leje.<\/p>\n<p>Por Greqia fqinje apo qarqet ultranacionaliste t\u00eb saj, t\u00eb cil\u00ebt duke dashur t\u00eb nderojn\u00eb ushtar\u00ebt e tyre, q\u00eb ran\u00eb p\u00ebr Greqin\u00eb, i ngat\u00ebrrojn\u00eb dhe ata me kauz\u00ebn e humbur t\u00eb Vorio\u2013Epirit, e aq m\u00eb shum\u00eb me dhunime t\u00eb varreve qindravje\u00e7are t\u00eb shqiptar\u00ebve, n\u00eb m\u00ebnyr\u00ebn m\u00eb makabre t\u00eb denj\u00eb p\u00ebr filmat horror.<\/p>\n<p>Ka shum\u00eb arsye p\u00ebr t\u00eb mos heshtur. Po iu them vet\u00ebm nj\u00ebr\u00ebn: Ne k\u00ebto dit\u00eb, pam\u00eb t\u00eb konfirmuar nj\u00eb shqet\u00ebsim t\u00eb hersh\u00ebm tonin. Ne kishim paralajm\u00ebruar q\u00eb, ngritja pa leje dhe legalizimi n\u00eb Shqip\u00ebrin\u00eb e Jugut, i varrezave t\u00eb nj\u00eb ushtrie t\u00eb huaj, q\u00eb nuk e ka t\u00eb sqaruar statusin e vet, do t\u00eb krijonte mund\u00ebsin\u00eb e do t\u00eb shfryt\u00ebzohej p\u00ebr pelegrinazhe nga vendi fqinj. Por, Ne, nuk pam\u00eb vet\u00ebm pelegrinazhe dhe kurora mbi varre imagjinare, q\u00eb dhunuan varret e t\u00eb par\u00ebve tan\u00eb, por d\u00ebgjuam dhe diplomat\u00ebt grek\u00eb q\u00eb than\u00eb n\u00eb prani t\u00eb autoriteteve tona se Kor\u00e7a \u00ebsht\u00eb Greqi. D\u00ebgjuam dhe se Boboshtica \u00ebsht\u00eb Greqi. K\u00ebtyre autoriteteve, e n\u00eb ve\u00e7anti prefektin e Kor\u00e7\u00ebs, do t\u00eb doja ta pyesja: A e imagjinon ai ndopak se \u00e7\u2019do t\u00eb b\u00ebnte homologu i tij i Janin\u00ebs, apo i Selanikut n\u00ebse do t\u00eb ndodhnin gj\u00ebra t\u00eb tilla t\u00eb ngjashme n\u00eb territorin n\u00eb juridiksion t\u00eb tyre?<\/p>\n<p>Statusi i Kor\u00e7\u00ebs, statusi i Boboshtic\u00ebs \u00ebsht\u00eb i vulosur historikisht dhe nd\u00ebrkomb\u00ebtarisht. Kor\u00e7a dhe trevat p\u00ebrreth, jan\u00eb vatrat kryesore t\u00eb shqiptarizm\u00ebs. Kor\u00e7ar\u00ebt kan\u00eb d\u00ebftuar me gjak e pen\u00eb se sa jan\u00eb shqiptar\u00eb. Boboshtica ve\u00e7an\u00ebrisht, \u00ebsht\u00eb nj\u00eb nga fshatrat m\u00eb t\u00eb kulturuar t\u00eb Shqip\u00ebris\u00eb, prej nga vijn\u00eb rilind\u00ebs t\u00eb shquar?<\/p>\n<p>\u2022 A do lejojm\u00eb ne t\u00eb nderuar zot\u00ebrinj, q\u00eb ky status i Kor\u00e7\u00ebs dhe i Boboshtic\u00ebs t\u00eb ndryshoj\u00eb sot me dhunim varresh, me pensione e me viza?!<br \/>\n\u2022 Deri kur do t\u00eb lejojm\u00eb q\u00eb n\u00eb truallin ton\u00eb t\u00eb dhunohen varret e t\u00eb par\u00ebve?!<br \/>\n\u2022 A jemi ne t\u00eb nderuar zot\u00ebrinj, m\u00eb pak patriot\u00eb se koleg\u00ebt tan\u00eb parlamentar\u00eb t\u00eb viteve \u201820, t\u00eb cil\u00ebt edhe n\u00eb k\u00ebt\u00eb sall\u00eb mbrojt\u00ebn dinjitetin e Shqip\u00ebris\u00eb?!<br \/>\n\u2022 Apo Greqia e sotme nuk \u00ebsht\u00eb ajo e djeshmja?<br \/>\nUn\u00eb jam p\u00ebrfaq\u00ebsues i nj\u00eb komuniteti, q\u00eb ka histori gjenocidi n\u00eb vendin fqinj, e kam fjal\u00ebn p\u00ebr shqiptar\u00ebt e \u00c7am\u00ebris\u00eb.<\/p>\n<p>Jemi nj\u00eb brez q\u00eb po shohim, se si gjysh\u00ebrit tan\u00eb kan\u00eb vdekur dhe nuk po i tret dheu, duke na l\u00ebn\u00eb nj\u00eb amanet: T\u00eb kemi mund\u00ebsi t\u00eb vendosim nj\u00eb tuf\u00eb me lule, te t\u00eb af\u00ebrmit tan\u00eb, f\u00ebmij\u00eb, gra dhe pleq, q\u00eb u vran\u00eb n\u00eb fund t\u00eb Luft\u00ebs s\u00eb Dyt\u00eb Bot\u00ebrore, vet\u00ebm pse ishin shqiptar\u00eb. A mund t\u00eb tolerojm\u00eb ne, a duhet t\u00eb toleroni q\u00eb prej k\u00ebtij vendi, t\u00eb frym\u00ebzohen dhunime t\u00eb tilla?<\/p>\n<p>Prit\u00ebm q\u00eb organet kompetente t\u00eb nisnin hetimet rreth k\u00ebtij akti t\u00eb r\u00ebnd\u00eb dhe \u00e7njer\u00ebzor, nj\u00eb akt as fetar, as laik, por t\u00eb d\u00ebnuesh\u00ebm prej \u00e7do lloj shoq\u00ebrie njer\u00ebzore dhe n\u00eb t\u00eb gjitha koh\u00ebrat. Sot kur prokuror\u00ebt kan\u00eb v\u00ebrtetuar dhunimin e varreve, kur ky dhunim na erdhi n\u00eb syt\u00eb tan\u00eb prej kamerave t\u00eb mediave t\u00eb lira, do t\u2019u k\u00ebrkoja autoriteteve t\u00eb na sqaronin m\u00eb shum\u00eb rreth k\u00ebtij akti. Do t\u2019i k\u00ebrkoja Greqis\u00eb fqinje, an\u00ebtare e BE-s\u00eb, q\u00eb t\u00eb heq\u00eb dor\u00eb nga aktualizimi i axhend\u00ebs historike, t\u00eb qarqeve m\u00eb t\u00eb egra nacionaliste t\u00eb shoq\u00ebris\u00eb s\u00eb vet. Le t\u00eb shohim nga e ardhmja, nga zhvillimi i marr\u00ebdh\u00ebnieve t\u00eb partneritetit n\u00eb t\u00eb gjitha fushat dhe t\u00eb nderojm\u00eb nj\u00eblloj t\u00eb vdekurit, pavar\u00ebsisht komb\u00ebsis\u00eb s\u00eb tyre, e territorit ku prehen.<\/p>\n<p>Ndoshta ne nuk kemi mund\u00ebsi t\u2019u afrojm\u00eb shum\u00eb gj\u00ebra shqiptar\u00ebve. Nuk mund t\u2019i ofrojm\u00eb nj\u00eb detante t\u00eb madhe midis dy forcave t\u00eb m\u00ebdha politike p\u00ebr t\u00eb \u00e7uar p\u00ebrpara me shpejt\u00ebsi proceset integruese. Ndoshta ne nuk mundemi t\u2019u ofrojm\u00eb shqiptar\u00ebve nj\u00eb jet\u00eb m\u00eb t\u00eb mir\u00eb, sh\u00ebrbime m\u00eb t\u00eb mira sh\u00ebndet\u00ebsore, pun\u00ebsim. Por ne s\u2019mund t\u00eb b\u00ebjm\u00eb m\u00eb sehir kur cenohet dinjiteti i tyre. Minimalisht t\u00eb reagojm\u00eb e t\u2019u mbrojm\u00eb dinjitetin shqiptar\u00ebve. T\u00eb reagojm\u00eb, t\u00eb gjith\u00eb, n\u00eb mbrojtje t\u00eb dinjitetit, e n\u00eb k\u00ebt\u00eb m\u00ebnyr\u00eb t\u00eb inkurajojm\u00eb institucionet e shtetit t\u00eb b\u00ebjn\u00eb pun\u00ebn e tyre.<\/p>\n","protected":false},"excerpt":{"rendered":"<p>Shp\u00ebtim Idrizi E ndiej t\u00eb udh\u00ebs q\u00eb, t\u2019ju drejtohem n\u00eb lidhje me nj\u00eb \u00e7\u00ebshtje q\u00eb t\u00eb pakt\u00ebn politikisht duket sikur po kalon pa v\u00ebmendje: e kam fjal\u00ebn p\u00ebr dhunimin e profanimin e varreve shum\u00ebvje\u00e7are t\u00eb Boboshtic\u00ebs. N\u00eb fakt, n\u00ebse te ne politikan\u00ebt dhe parlamentar\u00ebt, do t\u00eb ishte m\u00eb i fort\u00eb njeriu se politikani, at\u00ebher\u00eb ne [&hellip;]<\/p>\n","protected":false},"author":1,"featured_media":0,"comment_status":"open","ping_status":"closed","sticky":false,"template":"","format":"standard","meta":{"footnotes":""},"categories":[2],"tags":[],"class_list":{"0":"post-4635","1":"post","2":"type-post","3":"status-publish","4":"format-standard","6":"category-artikuj"},"yoast_head":"<!-- This site is optimized with the Yoast SEO plugin v27.4 - https:\/\/yoast.com\/product\/yoast-seo-wordpress\/ -->\n<title>Kur vdes Njeriu te politikan\u00ebt - FjALA e LIR\u00cb - Arkivi<\/title>\n<meta name=\"robots\" content=\"index, follow, max-snippet:-1, max-image-preview:large, max-video-preview:-1\" \/>\n<link rel=\"canonical\" href=\"https:\/\/fjala.info\/2009-2015\/kur-vdes-njeriu-te-politikanet\/\" \/>\n<meta property=\"og:locale\" content=\"sq_AL\" \/>\n<meta property=\"og:type\" content=\"article\" \/>\n<meta property=\"og:title\" content=\"Kur vdes Njeriu te politikan\u00ebt - FjALA e LIR\u00cb - Arkivi\" \/>\n<meta property=\"og:description\" content=\"Shp\u00ebtim Idrizi E ndiej t\u00eb udh\u00ebs q\u00eb, t\u2019ju drejtohem n\u00eb lidhje me nj\u00eb \u00e7\u00ebshtje q\u00eb t\u00eb pakt\u00ebn politikisht duket sikur po kalon pa v\u00ebmendje: e kam fjal\u00ebn p\u00ebr dhunimin e profanimin e varreve shum\u00ebvje\u00e7are t\u00eb Boboshtic\u00ebs. N\u00eb fakt, n\u00ebse te ne politikan\u00ebt dhe parlamentar\u00ebt, do t\u00eb ishte m\u00eb i fort\u00eb njeriu se politikani, at\u00ebher\u00eb ne [&hellip;]\" \/>\n<meta property=\"og:url\" content=\"https:\/\/fjala.info\/2009-2015\/kur-vdes-njeriu-te-politikanet\/\" \/>\n<meta property=\"og:site_name\" content=\"FjALA e LIR\u00cb - Arkivi\" \/>\n<meta property=\"article:published_time\" content=\"2010-11-05T10:45:39+00:00\" \/>\n<meta name=\"author\" content=\"admin\" \/>\n<meta name=\"twitter:card\" content=\"summary_large_image\" \/>\n<meta name=\"twitter:label1\" content=\"Written by\" \/>\n\t<meta name=\"twitter:data1\" content=\"admin\" \/>\n\t<meta name=\"twitter:label2\" content=\"Est. reading time\" \/>\n\t<meta name=\"twitter:data2\" content=\"5 minutes\" \/>\n<script type=\"application\/ld+json\" class=\"yoast-schema-graph\">{\"@context\":\"https:\\\/\\\/schema.org\",\"@graph\":[{\"@type\":\"Article\",\"@id\":\"https:\\\/\\\/fjala.info\\\/2009-2015\\\/kur-vdes-njeriu-te-politikanet\\\/#article\",\"isPartOf\":{\"@id\":\"https:\\\/\\\/fjala.info\\\/2009-2015\\\/kur-vdes-njeriu-te-politikanet\\\/\"},\"author\":{\"name\":\"admin\",\"@id\":\"https:\\\/\\\/fjala.info\\\/2009-2015\\\/#\\\/schema\\\/person\\\/3aa1163ef05469c496fc94e77611ada2\"},\"headline\":\"Kur vdes Njeriu te politikan\u00ebt\",\"datePublished\":\"2010-11-05T10:45:39+00:00\",\"mainEntityOfPage\":{\"@id\":\"https:\\\/\\\/fjala.info\\\/2009-2015\\\/kur-vdes-njeriu-te-politikanet\\\/\"},\"wordCount\":1028,\"commentCount\":0,\"publisher\":{\"@id\":\"https:\\\/\\\/fjala.info\\\/2009-2015\\\/#organization\"},\"articleSection\":[\"Artikuj\"],\"inLanguage\":\"sq-AL\",\"potentialAction\":[{\"@type\":\"CommentAction\",\"name\":\"Comment\",\"target\":[\"https:\\\/\\\/fjala.info\\\/2009-2015\\\/kur-vdes-njeriu-te-politikanet\\\/#respond\"]}]},{\"@type\":\"WebPage\",\"@id\":\"https:\\\/\\\/fjala.info\\\/2009-2015\\\/kur-vdes-njeriu-te-politikanet\\\/\",\"url\":\"https:\\\/\\\/fjala.info\\\/2009-2015\\\/kur-vdes-njeriu-te-politikanet\\\/\",\"name\":\"Kur vdes Njeriu te politikan\u00ebt - FjALA e LIR\u00cb - Arkivi\",\"isPartOf\":{\"@id\":\"https:\\\/\\\/fjala.info\\\/2009-2015\\\/#website\"},\"datePublished\":\"2010-11-05T10:45:39+00:00\",\"breadcrumb\":{\"@id\":\"https:\\\/\\\/fjala.info\\\/2009-2015\\\/kur-vdes-njeriu-te-politikanet\\\/#breadcrumb\"},\"inLanguage\":\"sq-AL\",\"potentialAction\":[{\"@type\":\"ReadAction\",\"target\":[\"https:\\\/\\\/fjala.info\\\/2009-2015\\\/kur-vdes-njeriu-te-politikanet\\\/\"]}]},{\"@type\":\"BreadcrumbList\",\"@id\":\"https:\\\/\\\/fjala.info\\\/2009-2015\\\/kur-vdes-njeriu-te-politikanet\\\/#breadcrumb\",\"itemListElement\":[{\"@type\":\"ListItem\",\"position\":1,\"name\":\"Home\",\"item\":\"https:\\\/\\\/fjala.info\\\/2009-2015\\\/\"},{\"@type\":\"ListItem\",\"position\":2,\"name\":\"Kur vdes Njeriu te politikan\u00ebt\"}]},{\"@type\":\"WebSite\",\"@id\":\"https:\\\/\\\/fjala.info\\\/2009-2015\\\/#website\",\"url\":\"https:\\\/\\\/fjala.info\\\/2009-2015\\\/\",\"name\":\"FjALA e LIR\u00cb - Arkivi\",\"description\":\"Arkivi 2009-2015\",\"publisher\":{\"@id\":\"https:\\\/\\\/fjala.info\\\/2009-2015\\\/#organization\"},\"potentialAction\":[{\"@type\":\"SearchAction\",\"target\":{\"@type\":\"EntryPoint\",\"urlTemplate\":\"https:\\\/\\\/fjala.info\\\/2009-2015\\\/?s={search_term_string}\"},\"query-input\":{\"@type\":\"PropertyValueSpecification\",\"valueRequired\":true,\"valueName\":\"search_term_string\"}}],\"inLanguage\":\"sq-AL\"},{\"@type\":\"Organization\",\"@id\":\"https:\\\/\\\/fjala.info\\\/2009-2015\\\/#organization\",\"name\":\"FjALA e LIR\u00cb - Arkivi\",\"url\":\"https:\\\/\\\/fjala.info\\\/2009-2015\\\/\",\"logo\":{\"@type\":\"ImageObject\",\"inLanguage\":\"sq-AL\",\"@id\":\"https:\\\/\\\/fjala.info\\\/2009-2015\\\/#\\\/schema\\\/logo\\\/image\\\/\",\"url\":\"\",\"contentUrl\":\"\",\"caption\":\"FjALA e LIR\u00cb - Arkivi\"},\"image\":{\"@id\":\"https:\\\/\\\/fjala.info\\\/2009-2015\\\/#\\\/schema\\\/logo\\\/image\\\/\"}},{\"@type\":\"Person\",\"@id\":\"https:\\\/\\\/fjala.info\\\/2009-2015\\\/#\\\/schema\\\/person\\\/3aa1163ef05469c496fc94e77611ada2\",\"name\":\"admin\",\"image\":{\"@type\":\"ImageObject\",\"inLanguage\":\"sq-AL\",\"@id\":\"https:\\\/\\\/fjala.info\\\/2009-2015\\\/wp-content\\\/uploads\\\/2012\\\/02\\\/arben_cokaj-120x150.jpg\",\"url\":\"https:\\\/\\\/fjala.info\\\/2009-2015\\\/wp-content\\\/uploads\\\/2012\\\/02\\\/arben_cokaj-120x150.jpg\",\"contentUrl\":\"https:\\\/\\\/fjala.info\\\/2009-2015\\\/wp-content\\\/uploads\\\/2012\\\/02\\\/arben_cokaj-120x150.jpg\",\"caption\":\"admin\"},\"description\":\"Admin, Fjala e Lir\u00eb\",\"sameAs\":[\"https:\\\/\\\/fjala.info\\\/\"],\"url\":\"https:\\\/\\\/fjala.info\\\/2009-2015\\\/author\\\/admin\\\/\"}]}<\/script>\n<!-- \/ Yoast SEO plugin. -->","yoast_head_json":{"title":"Kur vdes Njeriu te politikan\u00ebt - FjALA e LIR\u00cb - Arkivi","robots":{"index":"index","follow":"follow","max-snippet":"max-snippet:-1","max-image-preview":"max-image-preview:large","max-video-preview":"max-video-preview:-1"},"canonical":"https:\/\/fjala.info\/2009-2015\/kur-vdes-njeriu-te-politikanet\/","og_locale":"sq_AL","og_type":"article","og_title":"Kur vdes Njeriu te politikan\u00ebt - FjALA e LIR\u00cb - Arkivi","og_description":"Shp\u00ebtim Idrizi E ndiej t\u00eb udh\u00ebs q\u00eb, t\u2019ju drejtohem n\u00eb lidhje me nj\u00eb \u00e7\u00ebshtje q\u00eb t\u00eb pakt\u00ebn politikisht duket sikur po kalon pa v\u00ebmendje: e kam fjal\u00ebn p\u00ebr dhunimin e profanimin e varreve shum\u00ebvje\u00e7are t\u00eb Boboshtic\u00ebs. N\u00eb fakt, n\u00ebse te ne politikan\u00ebt dhe parlamentar\u00ebt, do t\u00eb ishte m\u00eb i fort\u00eb njeriu se politikani, at\u00ebher\u00eb ne [&hellip;]","og_url":"https:\/\/fjala.info\/2009-2015\/kur-vdes-njeriu-te-politikanet\/","og_site_name":"FjALA e LIR\u00cb - Arkivi","article_published_time":"2010-11-05T10:45:39+00:00","author":"admin","twitter_card":"summary_large_image","twitter_misc":{"Written by":"admin","Est. reading time":"5 minutes"},"schema":{"@context":"https:\/\/schema.org","@graph":[{"@type":"Article","@id":"https:\/\/fjala.info\/2009-2015\/kur-vdes-njeriu-te-politikanet\/#article","isPartOf":{"@id":"https:\/\/fjala.info\/2009-2015\/kur-vdes-njeriu-te-politikanet\/"},"author":{"name":"admin","@id":"https:\/\/fjala.info\/2009-2015\/#\/schema\/person\/3aa1163ef05469c496fc94e77611ada2"},"headline":"Kur vdes Njeriu te politikan\u00ebt","datePublished":"2010-11-05T10:45:39+00:00","mainEntityOfPage":{"@id":"https:\/\/fjala.info\/2009-2015\/kur-vdes-njeriu-te-politikanet\/"},"wordCount":1028,"commentCount":0,"publisher":{"@id":"https:\/\/fjala.info\/2009-2015\/#organization"},"articleSection":["Artikuj"],"inLanguage":"sq-AL","potentialAction":[{"@type":"CommentAction","name":"Comment","target":["https:\/\/fjala.info\/2009-2015\/kur-vdes-njeriu-te-politikanet\/#respond"]}]},{"@type":"WebPage","@id":"https:\/\/fjala.info\/2009-2015\/kur-vdes-njeriu-te-politikanet\/","url":"https:\/\/fjala.info\/2009-2015\/kur-vdes-njeriu-te-politikanet\/","name":"Kur vdes Njeriu te politikan\u00ebt - FjALA e LIR\u00cb - Arkivi","isPartOf":{"@id":"https:\/\/fjala.info\/2009-2015\/#website"},"datePublished":"2010-11-05T10:45:39+00:00","breadcrumb":{"@id":"https:\/\/fjala.info\/2009-2015\/kur-vdes-njeriu-te-politikanet\/#breadcrumb"},"inLanguage":"sq-AL","potentialAction":[{"@type":"ReadAction","target":["https:\/\/fjala.info\/2009-2015\/kur-vdes-njeriu-te-politikanet\/"]}]},{"@type":"BreadcrumbList","@id":"https:\/\/fjala.info\/2009-2015\/kur-vdes-njeriu-te-politikanet\/#breadcrumb","itemListElement":[{"@type":"ListItem","position":1,"name":"Home","item":"https:\/\/fjala.info\/2009-2015\/"},{"@type":"ListItem","position":2,"name":"Kur vdes Njeriu te politikan\u00ebt"}]},{"@type":"WebSite","@id":"https:\/\/fjala.info\/2009-2015\/#website","url":"https:\/\/fjala.info\/2009-2015\/","name":"FjALA e LIR\u00cb - Arkivi","description":"Arkivi 2009-2015","publisher":{"@id":"https:\/\/fjala.info\/2009-2015\/#organization"},"potentialAction":[{"@type":"SearchAction","target":{"@type":"EntryPoint","urlTemplate":"https:\/\/fjala.info\/2009-2015\/?s={search_term_string}"},"query-input":{"@type":"PropertyValueSpecification","valueRequired":true,"valueName":"search_term_string"}}],"inLanguage":"sq-AL"},{"@type":"Organization","@id":"https:\/\/fjala.info\/2009-2015\/#organization","name":"FjALA e LIR\u00cb - Arkivi","url":"https:\/\/fjala.info\/2009-2015\/","logo":{"@type":"ImageObject","inLanguage":"sq-AL","@id":"https:\/\/fjala.info\/2009-2015\/#\/schema\/logo\/image\/","url":"","contentUrl":"","caption":"FjALA e LIR\u00cb - Arkivi"},"image":{"@id":"https:\/\/fjala.info\/2009-2015\/#\/schema\/logo\/image\/"}},{"@type":"Person","@id":"https:\/\/fjala.info\/2009-2015\/#\/schema\/person\/3aa1163ef05469c496fc94e77611ada2","name":"admin","image":{"@type":"ImageObject","inLanguage":"sq-AL","@id":"https:\/\/fjala.info\/2009-2015\/wp-content\/uploads\/2012\/02\/arben_cokaj-120x150.jpg","url":"https:\/\/fjala.info\/2009-2015\/wp-content\/uploads\/2012\/02\/arben_cokaj-120x150.jpg","contentUrl":"https:\/\/fjala.info\/2009-2015\/wp-content\/uploads\/2012\/02\/arben_cokaj-120x150.jpg","caption":"admin"},"description":"Admin, Fjala e Lir\u00eb","sameAs":["https:\/\/fjala.info\/"],"url":"https:\/\/fjala.info\/2009-2015\/author\/admin\/"}]}},"_links":{"self":[{"href":"https:\/\/fjala.info\/2009-2015\/wp-json\/wp\/v2\/posts\/4635","targetHints":{"allow":["GET"]}}],"collection":[{"href":"https:\/\/fjala.info\/2009-2015\/wp-json\/wp\/v2\/posts"}],"about":[{"href":"https:\/\/fjala.info\/2009-2015\/wp-json\/wp\/v2\/types\/post"}],"author":[{"embeddable":true,"href":"https:\/\/fjala.info\/2009-2015\/wp-json\/wp\/v2\/users\/1"}],"replies":[{"embeddable":true,"href":"https:\/\/fjala.info\/2009-2015\/wp-json\/wp\/v2\/comments?post=4635"}],"version-history":[{"count":0,"href":"https:\/\/fjala.info\/2009-2015\/wp-json\/wp\/v2\/posts\/4635\/revisions"}],"wp:attachment":[{"href":"https:\/\/fjala.info\/2009-2015\/wp-json\/wp\/v2\/media?parent=4635"}],"wp:term":[{"taxonomy":"category","embeddable":true,"href":"https:\/\/fjala.info\/2009-2015\/wp-json\/wp\/v2\/categories?post=4635"},{"taxonomy":"post_tag","embeddable":true,"href":"https:\/\/fjala.info\/2009-2015\/wp-json\/wp\/v2\/tags?post=4635"}],"curies":[{"name":"wp","href":"https:\/\/api.w.org\/{rel}","templated":true}]}}