{"id":4628,"date":"2010-11-05T11:34:41","date_gmt":"2010-11-05T10:34:41","guid":{"rendered":"http:\/\/fjala.shkoder.net\/?p=4628"},"modified":"2010-11-05T11:34:41","modified_gmt":"2010-11-05T10:34:41","slug":"ermonela-felaj-berisha-po-dublon-prokurorine-me-policine","status":"publish","type":"post","link":"https:\/\/fjala.info\/2009-2015\/ermonela-felaj-berisha-po-dublon-prokurorine-me-policine\/","title":{"rendered":"Ermonela Felaj: Berisha po dublon prokurorin\u00eb me policin\u00eb"},"content":{"rendered":"<p><img loading=\"lazy\" decoding=\"async\" src=\"http:\/\/fjala.shkoder.net\/wp-content\/uploads\/2010\/11\/ermonela_felaj-300x236.jpg\" alt=\"\" title=\"Ermonela Felaj\" width=\"300\" height=\"236\" class=\"alignright size-medium wp-image-4629\" \/><br \/>\nNga <strong>Luljeta Progni<\/strong><\/p>\n<p>Berisha po k\u00ebrkon t\u00eb dubloj\u00eb prokurorin\u00eb me policin\u00eb e shtetit. Ky \u00ebsht\u00eb mendimi i deputetes socialiste Ermonela Felaj e cila vler\u00ebson se prokuria dhe gjykatat jan\u00eb n\u00ebn presionin e mazhoranc\u00ebs demokrate dhe kryeministrit Berisha. Si nj\u00eb prej protagonist\u00ebve t\u00eb opozit\u00ebs n\u00eb betej\u00ebn e akuzave p\u00ebr korrupsion drejtuar ministrave t\u00eb qeveris\u00eb Berisha, Felaj thekson se ka besim se shum\u00eb shpejt do t\u00eb vij\u00eb momenti q\u00eb t\u00eb zbardhen dosjet e korrupsionit t\u00eb ministrave t\u00eb qeveris\u00eb Berisha dhe penalizimin e tyre nga drejt\u00ebsia. <\/p>\n<p>Ajo beson se protestat do t\u00eb rr\u00ebzojn\u00eb qeverin\u00eb Berisha, pavar\u00ebsisht se ky aksion i p\u00ebrs\u00ebritur opozit\u00ebs nuk ka sjell\u00eb rezultate konkrete deri m\u00eb tani. Si pjes\u00eb e grupit t\u00eb t\u00eb rinjve t\u00eb p\u00ebrfshir\u00eb n\u00eb PS pas zgjedhjeve t\u00eb vitit 2009, Felaj thekson se nuk ka nj\u00eb betej\u00eb n\u00eb PS midis t\u00eb rinjve dhe t\u00eb vjet\u00ebrve t\u00eb k\u00ebsaj partie. Felaj flet me optimiz\u00ebm p\u00ebr zgjedhjet e ardhshme vendore dhe fitoren e PS, pavar\u00ebsisht se k\u00ebsaj here PS hyn n\u00eb gar\u00eb pa LSI.<\/p>\n<p>Prej disa dit\u00ebsh, politika \u00ebsht\u00eb dominuar nga debatet p\u00ebr prishjen ose jo t\u00eb godin\u00ebs s\u00eb piramid\u00ebs dhe nd\u00ebrtimin n\u00eb vend t\u00eb saj t\u00eb godin\u00ebs s\u00eb parlamentit&#8230;?<\/p>\n<p>Q\u00eb n\u00eb momentin q\u00eb ky debat \u00ebsht\u00eb \u00e7elur, kam menduar se ai \u00ebsht\u00eb stisur me arsyen e vetme p\u00ebr t\u00eb t\u00ebrhequr vemendjen prej problemeve m\u00eb t\u00eb mprehta politike dhe ekonomike q\u00eb ka vendi. Asgj\u00eb p\u00ebrve\u00e7 k\u00ebsaj q\u00eb po ju them nuk shpjegon prezantimin e beft\u00eb n\u00eb parlament t\u00eb projekt-vendimit p\u00ebr ngritjen e kompleksit t\u00eb ri parlamentar n\u00eb nj\u00eb koh\u00eb kur ende nuk ishte fshir\u00eb entuziazmi i znj. Jozefin\u00eb p\u00ebr sall\u00ebn e re t\u00eb seancave plenare. <\/p>\n<p>Po k\u00ebshtu nuk gjen as dhe nj\u00eb arsye t\u00eb vlefshme se p\u00ebrse ky projekt nuk u diskutua m\u00eb par\u00eb, e madje kaloi n\u00eb votim vjedhurazi, aq sa pakkush e mori vesh se p\u00ebr \u00e7far\u00eb votoi.<\/p>\n<p>Gjithsesi nuk mund t\u00eb mohoj se tashm\u00eb objekti i piramid\u00ebs \u00ebsht\u00eb b\u00ebr\u00eb \u00e7\u00ebshtje debati te opinionit publik si p\u00ebr t\u00eb na provuar dhe nj\u00ebher\u00eb proverbin \u201chedh nj\u00eb i marr\u00eb nj\u00eb gur n\u00eb uj\u00eb dhe turren nj\u00ebqind t\u00eb tjer\u00eb p\u00ebr ta nxjerr\u00eb\u201d.<\/p>\n<p>K\u00ebtu s\u2019\u00ebsht\u00eb thjesht \u00e7\u00ebshtja si t\u00eb shp\u00ebtojm\u00eb piramid\u00ebn, por si t\u00eb shp\u00ebtojm\u00eb vendin nga i marri, q\u00eb piramid\u00eb mund t\u00eb shoh\u00eb tek \u00e7do gj\u00eb.<\/p>\n<p>Personalisht jam e mendimit se ky objekt \u00ebsht\u00eb nj\u00eb d\u00ebshmi e koh\u00ebs, d\u00ebshmi e cila vlen t\u00eb ruhet ashtu sikur bota e qytet\u00ebruar ruajti, madje ka kthyer n\u00eb muze shume prej kampeve t\u00eb p\u00ebrq\u00ebndrimit t\u00eb Luft\u00ebs s\u00eb Dyt\u00eb Bot\u00ebrore, ku n\u00eb m\u00ebnyr\u00ebn m\u00eb mizore humb\u00ebn jet\u00eb t\u00eb milionave njer\u00ebzve.<\/p>\n<p>P\u00ebrsa i p\u00ebrket pjes\u00ebs s\u00eb dyt\u00eb t\u00eb diskutimit, n\u00ebse ky objekt duhet t\u00eb shnd\u00ebrrohet n\u00eb Kuvendin e ardhsh\u00ebm t\u00eb Shqip\u00ebris\u00eb apo jo, besoj se u takon p\u00ebr diskutim specialisteve t\u00eb fush\u00ebs. E r\u00ebnd\u00ebsishme \u00ebsht\u00eb t\u00eb t\u00ebrhiqet ideja apo projekti m\u00eb i mir\u00eb q\u00eb t\u2019i sh\u00ebrbej\u00eb si ruajtjes s\u00eb k\u00ebtij objekti q\u00eb tashm\u00eb \u00ebsht\u00eb nj\u00eb simbol i kryeqytetit ashtu dhe p\u00ebrshtatjes s\u00eb plot\u00eb t\u00eb tij n\u00eb funksion t\u00eb organit ligjv\u00ebn\u00ebs t\u00eb k\u00ebtij vendi.<\/p>\n<p>Jeni nj\u00eb prej deputet\u00ebve socialist\u00eb m\u00eb aktiv\u00eb n\u00eb akuzat drejtuar ministrave t\u00eb mazhoranc\u00ebs p\u00ebr korrupsion, besoni se kjo betej\u00eb do t\u00eb finalizohet me nd\u00ebshkimin e abuzuesve, n\u00ebse akuzat tuaja q\u00ebndrojn\u00eb?<\/p>\n<p>N\u00eb radh\u00eb t\u00eb par\u00eb un\u00eb besoj se gjith\u00eb ata funksionar\u00eb publike q\u00eb kan\u00eb abuzuar me detyr\u00ebn apo funksionin e tyre, do t\u00eb nd\u00ebshkohen me vot\u00eb dhe koha p\u00ebr t\u2019ua provuar k\u00ebt\u00eb tanim\u00eb \u00ebsht\u00eb shum\u00eb af\u00ebr. P\u00ebrsa i p\u00ebrket nd\u00ebshkimit ligjor, kjo nuk \u00ebsht\u00eb m\u00eb vet\u00ebm \u00e7\u00ebshtje provueshm\u00ebrie e faktit t\u00eb kund\u00ebrligjsh\u00ebm, por dhe integriteti, paan\u00ebsie dhe mbi t\u00eb gjitha pavar\u00ebsie q\u00eb duhet t\u00eb jap\u00eb sistemi i drejt\u00ebsis\u00eb n\u00eb Shqip\u00ebri. <\/p>\n<p>Meqen\u00ebse ju vini nga radh\u00ebt e institucioneve t\u00eb drejt\u00ebsis\u00eb, sa besoni se prokuroria do t\u00eb zbardh\u00eb t\u00eb v\u00ebrtet\u00ebn rreth akuzave tuaja dhe koleg\u00ebve t\u00eb tjer\u00eb socialist\u00eb drejtuar ministrave dhe zyrtar\u00ebve t\u00eb tjer\u00eb t\u00eb mazhoranc\u00ebs?<\/p>\n<p>Kjo nuk \u00ebsht\u00eb \u00e7\u00ebshtje perceptimi individual. N\u00ebse organet e drejt\u00ebsise, prokuroria apo gjykata do t\u00eb p\u00ebrpiqen t\u00eb ngrihen n\u00eb nivelin e organit q\u00eb i bindet vet\u00ebm ligjit dhe asnj\u00ebher\u00eb politik\u00ebs, patjet\u00ebr q\u00eb do t\u00eb ket\u00eb nd\u00ebshkim t\u00eb \u00e7do rasti. <\/p>\n<p>Nga p\u00ebrvoja e deritanishme ka rezultuar se Prokuroria e P\u00ebrgjithshme nuk ka mundur t\u00eb finalizoj\u00eb proceset deri n\u00eb penalizimin e zyrtar\u00ebve t\u00eb lart\u00eb t\u00eb shtetit shqiptar. A besoni ju te Prokurorja e P\u00ebrgjithshme Ina Rama dhe stafi i saj?<\/p>\n<p>Bindja ime \u00ebsht\u00eb se kjo nuk \u00ebsht\u00eb \u00e7\u00ebshtja e nj\u00eb individi t\u00eb vet\u00ebm apo disa individ\u00ebve pran\u00eb tij. Askush i vet\u00ebm nuk mund t\u00eb zhb\u00ebje sistemin.<\/p>\n<p>Esht\u00eb politika ajo q\u00eb duhet t\u2019i l\u00ebr\u00eb hap\u00ebsir\u00ebn e tyre insitucioneve t\u00eb pavarura kushtetuese si gjykata apo prokuroria. A po ndodh kjo gj\u00eb sot? <\/p>\n<p>Absolutisht jo. Qeverisja e sotme po jep modelin m\u00eb t\u00eb keq q\u00eb ka ekzistuar ndonj\u00ebher\u00eb p\u00ebrsa i p\u00ebrket nevoj\u00ebs p\u00ebr t\u2019i pasur t\u00eb pavarura k\u00ebto institucione, p\u00ebr t\u2019i ruajtur ato t\u00eb tilla p\u00ebrtej \u00e7do nd\u00ebrhyrje politike.<\/p>\n<p>Sali Berisha po k\u00ebrkon me \u00e7do kusht q\u00eb hetimi, ky atribut i r\u00ebnd\u00ebsish\u00ebm i prokuroris\u00eb, t\u2019i kaloj\u00eb t\u00ebr\u00ebsisht policis\u00eb s\u00eb shtetit apo n\u00eb rastin m\u00eb t\u00eb fundit, po k\u00ebrkon haptas t\u00eb dubloj\u00eb k\u00ebt\u00eb organ.<\/p>\n<p>K\u00ebto dit\u00eb n\u00eb Komisionin e Ligjeve duhej t\u00eb diskutoheshin disa ndryshime n\u00eb ligjin \u201cP\u00ebr parandalimin e pastrimit t\u00eb parave dhe financimit t\u00eb terrorizmit\u201d, draft, i cili u hoq nga rendi i dit\u00ebs p\u00ebr arsye q\u00eb ende nuk na jan\u00eb b\u00ebr\u00eb t\u00eb njohura.<\/p>\n<p>Gjithsesi drafti n\u00eb fjal\u00eb \u00ebsht\u00eb prov\u00eb e qart\u00eb sesi ekzekutivi po k\u00ebrkon t\u00eb shtjer\u00eb n\u00eb dor\u00eb hetimin, k\u00ebt\u00eb mjet kaq t\u00eb r\u00ebnd\u00ebsish\u00ebm dhe t\u00eb fuqish\u00ebm, q\u00eb t\u00eb jep mund\u00ebsi t\u00eb b\u00ebsh drejt\u00ebsi.<\/p>\n<p>Sali Berisha k\u00ebrkon t\u00eb ngrej\u00eb nj\u00eb struktur\u00eb hetimi t\u00eb integruar brenda Ministris\u00eb s\u00eb Financave, me q\u00ebllim \u201chetimin m\u00eb t\u00eb plot\u00eb dhe m\u00eb profesional\u201d t\u00eb rasteve t\u00eb pastrimit t\u00eb parave dhe financimit t\u00eb terrorizmit.<\/p>\n<p>Kjo q\u00eb ai k\u00ebrkon t\u00eb b\u00ebj\u00eb \u00ebsht\u00eb antikushtetuese. Atributet e hetimit p\u00ebrcaktohen me ligj, em\u00ebrimi n\u00eb funksione t\u00eb tilla kalon n\u00ebp\u00ebrmjet Prokurorit t\u00eb P\u00ebrgjithshem minimalisht, po kurrsesi nuk mund t\u00eb ekzistoj\u00eb nj\u00eb struktur\u00eb hetimi q\u00eb em\u00ebrohet dhe urdh\u00ebrohet nga Kryeministri i vendit.<\/p>\n<p>Ve\u00e7 k\u00ebsaj un\u00eb po ju them se kuadri ligjor dhe institucional p\u00ebr luft\u00ebn ndaj pastrimit t\u00eb parave dhe financimit t\u00eb terrorizmit \u00ebsht\u00eb thuajse i plot\u00eb. Q\u00eb prej vitit 2007 n\u00eb Shqip\u00ebri funksionojn\u00eb nj\u00ebsit\u00eb \u201cTask Force\u201d, t\u00eb cilat u ngrit\u00ebn posa\u00e7\u00ebrisht p\u00ebr k\u00ebto q\u00ebllime me asistenc\u00eb t\u00eb Komisionit Evropian dhe Departamentit t\u00eb Drejt\u00ebsis\u00eb t\u00eb ShBA. Prokuror\u00ebt dhe hetuesit e k\u00ebtyre strukturave t\u00eb reja hetimore, jan\u00eb trajnuar n\u00eb ShBA, pik\u00ebrisht p\u00ebr t\u2019iu p\u00ebrshtatur adoptimit m\u00eb t\u00eb mir\u00eb t\u00eb teknikave t\u00eb reja t\u00eb hetimit n\u00eb luft\u00ebn kund\u00ebr k\u00ebtij lloji t\u00eb ri kriminaliteti. Si mundet q\u00eb ato q\u00eb em\u00ebron Kryeministri, cilido qoft\u00eb, t\u00eb jen\u00eb m\u00eb te aft\u00eb, le t\u00eb themi se njer\u00ebzit e profesionit dhe p\u00ebr t\u00eb cil\u00ebt \u00ebsht\u00eb investuar shum\u00eb intelektualisht? Kuptohet qart\u00eb, Sali Berish\u00ebs nuk i mjafton vet\u00ebm t\u00eb qeveris\u00eb, por i duhet dhe t\u00eb b\u00ebj\u00eb \u201cdrejt\u00ebsi\u201d, kur dhe s\u2019i t\u2019i vij\u00eb.<\/p>\n<p>Sa mendoni se Prokuroria e P\u00ebrgjithshme \u00ebsht\u00eb e ndikuar apo n\u00eb presionin e politik\u00ebs?<\/p>\n<p>Un\u00eb gjykoj se prokuroria apo dhe gjykata, meq\u00eb puna e tyre \u00ebsht\u00eb e nd\u00ebrsjell\u00eb, jan\u00eb n\u00ebn presionin e politik\u00ebs dhe sado qoft\u00eb ky presion, i madh apo i vog\u00ebl, kjo do t\u00eb thot\u00eb se ka drejt\u00ebsi t\u00eb mohuar, drejt\u00ebsi t\u00eb munguar.<\/p>\n<p>Faji p\u00ebr k\u00ebt\u00eb \u00ebsht\u00eb i qeverisjes s\u00eb sotme pa asnj\u00eb dyshim. Kjo qeveri q\u00eb dha dhe mbron modelin e vjedhjes s\u00eb vot\u00ebs, nuk e ka p\u00ebr gj\u00eb t\u00eb t\u00eb vjedh\u00eb edhe t\u00eb drejt\u00ebn duke shtypur dhe uzurpuar kompetencat e organeve t\u00eb pavarura kushtetuese.<\/p>\n<p>Sali Berisha p\u00ebr t\u2019u mohuar drejt\u00ebsin\u00eb 26 t\u00eb vrar\u00ebve n\u00eb G\u00ebrdec, shpiku ligjin e lustracionit, si e si t\u00eb largonte nga hetimi nj\u00eb prej prokuror\u00ebve m\u00eb t\u00eb r\u00ebnd\u00ebsish\u00ebm dhe ia arriti q\u00ebllimit.<\/p>\n<p>Sali Berisha k\u00ebrkoi me \u00e7do kusht t\u00eb shp\u00ebtonte nga heqja e imunitetit Lul\u00ebzim Bash\u00ebn si e si q\u00eb ky i fundit t\u00eb mos vihej p\u00ebrball\u00eb drejt\u00ebsis\u00eb p\u00ebr vjedhjen m\u00eb t\u00eb pad\u00ebgjuar n\u00eb rrug\u00ebn e Kombit.<\/p>\n<p>Sali Berisha i dhuroi mandatin ministrit Mediu, si e si q\u00eb ky i fundit n\u00ebp\u00ebrmjet imunitetit t\u2019i shmangej drejt\u00ebsis\u00eb.<\/p>\n<p>Sali Berisha ka b\u00ebr\u00eb dhe po b\u00ebn aq shum\u00eb q\u00eb t\u2019i ket\u00eb n\u00eb dor\u00eb gjith\u00eb institucionet e pavarura n\u00eb k\u00ebt\u00eb vend, dhe sot ky \u00ebsht\u00eb rreziku m\u00eb i madh ndaj t\u00eb cilit \u00ebsht\u00eb ekspozuar demokracia shqiptare.<\/p>\n<p>Kur b\u00ebhet fjal\u00eb p\u00ebr akuza p\u00ebr korrupsion, keni akuzuar mazhoranc\u00ebn, por edhe nga mazhoranca kan\u00eb ardhur akuza mjaft t\u00eb r\u00ebnda n\u00eb drejtim t\u00eb zyrtar\u00ebve t\u00eb lart\u00eb t\u00eb PS, madje t\u00eb kryetarit t\u00eb k\u00ebsaj partie. Ju pretendoni se akuzat e mazhoranc\u00ebs nuk q\u00ebndrojn\u00eb n\u00eb asnj\u00eb rast, nd\u00ebrsa t\u00eb opozit\u00ebs ndaj mazhoranc\u00ebs q\u00ebndrojn\u00eb?<\/p>\n<p>Ato jan\u00eb akuza t\u00eb stisura dhe \u00e7do njeri me dy pare mend n\u00eb kok\u00eb e kupton q\u00eb t\u00eb akuzosh n\u00eb m\u00ebnyr\u00eb t\u00eb till\u00eb \u00ebsht\u00eb si t\u00eb b\u00ebsh t\u00eb mbyturin t\u00eb kapet pas nj\u00eb fije kashte.<\/p>\n<p>Sa i p\u00ebrket aksionit politik t\u00eb opozit\u00ebs, kryetari Rama tha dy dit\u00eb m\u00eb par\u00eb se opozita do t\u2019i kthehet protestave p\u00ebr t\u00eb rr\u00ebzuar qeverin\u00eb Berisha dhe p\u00ebr t\u00eb k\u00ebrkuar zgjedhje t\u00eb parakohshme. Besoni se do t\u00eb mund t\u00eb arrini k\u00ebt\u00eb objektiv, duke patur parasysh se versioni i protestave duket i ezauruar, madje edhe greva e uris\u00eb&#8230;?<\/p>\n<p>Ajo q\u00eb ju e quani version protestash apo dhe greva e uris\u00eb, jan\u00eb ato q\u00eb mbajn\u00eb gjall\u00eb prej m\u00eb shum\u00eb se nj\u00eb viti dhe n\u00eb qend\u00ebr t\u00eb debatit n\u00eb Shqip\u00ebri \u00e7\u00ebshtjen e zgjedhjeve, \u00e7\u00ebshtjen e pasjes s\u00eb nj\u00eb standardi t\u00eb munguar, sikur \u00ebsht\u00eb ai i transparenc\u00ebs s\u00eb zgjedhjeve. N\u00ebse k\u00ebto mjete do t\u00eb ishin t\u00eb d\u00ebshtura, as ju nuk do t\u00eb kujtoheshit t\u00eb ma b\u00ebnit k\u00ebt\u00eb pyetje.<\/p>\n<p>Tashm\u00eb gjithkush e ka kuptuar se zgjedhjet jan\u00eb vjedhur, se hajduti \u00ebsht\u00eb trembur dhe prandaj nuk e zhduk prov\u00ebn e vjedhjes.<\/p>\n<p>\u00c7far\u00eb mbetet p\u00ebr t\u2019u nd\u00ebrmarr\u00eb si hap n\u00ebse ju d\u00ebshtoni edhe me protestat mbar\u00ebpopullore p\u00ebr t\u00eb k\u00ebrkuar zgjedhje t\u00eb parakohshme. Cili do t\u00eb jet\u00eb hapi i radh\u00ebs?<\/p>\n<p>Protestat popullore nuk kan\u00eb d\u00ebshtuar ndonj\u00ebher\u00eb, p\u00ebrkundrazi historia na tregon se ato gjithmon\u00eb kan\u00eb trimfuar ndaj padrejt\u00ebsis\u00eb, arroganc\u00ebs dhe kusaris\u00eb.<\/p>\n<p>T\u00eb rinjt\u00eb e p\u00ebrfshir\u00eb n\u00eb grupin parlamentar t\u00eb PS po dominojn\u00eb prej muajsh daljet n\u00eb publik t\u00eb PS, kjo do t\u00eb thot\u00eb se t\u00eb rinjt\u00eb n\u00eb PS e &#8220;mund\u00ebn&#8221; kas\u00ebn e vjet\u00ebr t\u00eb k\u00ebsaj partie?<\/p>\n<p>Kjo \u00ebsht\u00eb nj\u00eb ndarje q\u00eb e b\u00ebni ju, se luft\u00ebn ne nuk e kemi me veten, por me Sali Berish\u00ebn dhe at\u00eb q\u00eb ai p\u00ebrfaq\u00ebson prej 20 vjet\u00ebsh n\u00eb politik\u00ebn shqiptare. Partia Socialiste mbart vlera nga t\u00eb cilat ne t\u00eb rinjt\u00eb kemi se \u00e7far\u00eb t\u00eb m\u00ebsojm\u00eb.<\/p>\n<p>Ish-kryetari i PS-s\u00eb Fatos Nano ka paralajm\u00ebruar n\u00eb media se do t\u00eb kthehet aktiv n\u00eb politik\u00eb, si ju duket ky kthim i ish-kryetarit, apo p\u00ebr ju historia e PS fillon n\u00eb 2005 dhe s\u2019ju intereson m\u00eb par\u00eb kush e drejtonte k\u00ebt\u00eb parti&#8230;?<\/p>\n<p>Historin\u00eb p\u00ebr fat nuk e b\u00ebjm\u00eb ne, as dhe at\u00eb t\u00eb PS. N\u00ebse dikush vendos t\u00eb merret apo jo me politik\u00eb, kjo ka pak r\u00ebnd\u00ebsi, n\u00eb raport me at\u00eb q\u00eb k\u00ebrkohet t\u00eb kontribuohet p\u00ebr hir t\u00eb interesave m\u00eb t\u00eb larta t\u00eb vendit.<\/p>\n<p>Brenda pak muajsh vijn\u00eb zgjedhjet lokale, nd\u00ebrsa PS hyn n\u00eb k\u00ebto zgjedhje e ndar\u00eb nga LSI. Cilat mendoni se do t\u00eb jen\u00eb pasojat n\u00eb rezultatin e k\u00ebtyre zgjedhjeve, duke patur parasysh se krer\u00ebt e LSI pretenedojn\u00eb se t\u00eb pakt\u00ebn n\u00eb Tiran\u00eb i dhan\u00eb fitoren PS, dhe kandidatit t\u00eb saj Edi Rama?<\/p>\n<p>M\u00eb duket absurde sesi duke patur vet\u00ebm 4 apo 3 deputet\u00eb n\u00eb Kuvend mund t\u00eb mendosh se ke 140, gjithsesi zgjedhjet e fundit i treguan qart\u00eb PD dhe LSI se PS dhe koalicioni i saj jan\u00eb m\u00eb t\u00eb votuarit dhe pik\u00ebrisht se ishin m\u00eb t\u00eb votuarit prandaj dhe u vodh\u00ebn zgjedhjet, p\u00ebrndryshe nuk do t\u00eb ishte aspak nevoja q\u00eb t\u00eb num\u00ebrohej keq dhe shum\u00eb keq n\u00eb 22 nga 66 qendra num\u00ebrimi, t\u00eb nxirreshin t\u00eb d\u00ebnuar nga burgu, t\u00eb mos pajiseshin shtetasit me kart\u00eb identiteti apo t\u00eb falsifikohej 70 % e votuesve si\u00e7 ndodhi n\u00eb Ruzhdie. Imagjinoni n\u00eb nj\u00eb bastion t\u00eb PD, k\u00ebsaj t\u00eb fundit i duhet t\u00eb falsifikoj\u00eb dhe t\u00eb vjedh\u00eb veten, \u00e7far\u00eb ka ndodhur at\u00ebher\u00eb n\u00eb gjith\u00eb Shqip\u00ebrin\u00eb?!<\/p>\n","protected":false},"excerpt":{"rendered":"<p>Nga Luljeta Progni Berisha po k\u00ebrkon t\u00eb dubloj\u00eb prokurorin\u00eb me policin\u00eb e shtetit. Ky \u00ebsht\u00eb mendimi i deputetes socialiste Ermonela Felaj e cila vler\u00ebson se prokuria dhe gjykatat jan\u00eb n\u00ebn presionin e mazhoranc\u00ebs demokrate dhe kryeministrit Berisha. Si nj\u00eb prej protagonist\u00ebve t\u00eb opozit\u00ebs n\u00eb betej\u00ebn e akuzave p\u00ebr korrupsion drejtuar ministrave t\u00eb qeveris\u00eb Berisha, Felaj [&hellip;]<\/p>\n","protected":false},"author":1,"featured_media":0,"comment_status":"open","ping_status":"closed","sticky":false,"template":"","format":"standard","meta":{"footnotes":""},"categories":[2],"tags":[],"class_list":{"0":"post-4628","1":"post","2":"type-post","3":"status-publish","4":"format-standard","6":"category-artikuj"},"yoast_head":"<!-- This site is optimized with the Yoast SEO plugin v27.4 - https:\/\/yoast.com\/product\/yoast-seo-wordpress\/ -->\n<title>Ermonela Felaj: Berisha po dublon prokurorin\u00eb me policin\u00eb - FjALA e LIR\u00cb - Arkivi<\/title>\n<meta name=\"robots\" content=\"index, follow, max-snippet:-1, max-image-preview:large, max-video-preview:-1\" \/>\n<link rel=\"canonical\" href=\"https:\/\/fjala.info\/2009-2015\/ermonela-felaj-berisha-po-dublon-prokurorine-me-policine\/\" \/>\n<meta property=\"og:locale\" content=\"sq_AL\" \/>\n<meta property=\"og:type\" content=\"article\" \/>\n<meta property=\"og:title\" content=\"Ermonela Felaj: Berisha po dublon prokurorin\u00eb me policin\u00eb - FjALA e LIR\u00cb - Arkivi\" \/>\n<meta property=\"og:description\" content=\"Nga Luljeta Progni Berisha po k\u00ebrkon t\u00eb dubloj\u00eb prokurorin\u00eb me policin\u00eb e shtetit. Ky \u00ebsht\u00eb mendimi i deputetes socialiste Ermonela Felaj e cila vler\u00ebson se prokuria dhe gjykatat jan\u00eb n\u00ebn presionin e mazhoranc\u00ebs demokrate dhe kryeministrit Berisha. Si nj\u00eb prej protagonist\u00ebve t\u00eb opozit\u00ebs n\u00eb betej\u00ebn e akuzave p\u00ebr korrupsion drejtuar ministrave t\u00eb qeveris\u00eb Berisha, Felaj [&hellip;]\" \/>\n<meta property=\"og:url\" content=\"https:\/\/fjala.info\/2009-2015\/ermonela-felaj-berisha-po-dublon-prokurorine-me-policine\/\" \/>\n<meta property=\"og:site_name\" content=\"FjALA e LIR\u00cb - Arkivi\" \/>\n<meta property=\"article:published_time\" content=\"2010-11-05T10:34:41+00:00\" \/>\n<meta property=\"og:image\" content=\"http:\/\/fjala.shkoder.net\/wp-content\/uploads\/2010\/11\/ermonela_felaj-300x236.jpg\" \/>\n<meta name=\"author\" content=\"admin\" \/>\n<meta name=\"twitter:card\" content=\"summary_large_image\" \/>\n<meta name=\"twitter:label1\" content=\"Written by\" \/>\n\t<meta name=\"twitter:data1\" content=\"admin\" \/>\n\t<meta name=\"twitter:label2\" content=\"Est. reading time\" \/>\n\t<meta name=\"twitter:data2\" content=\"11 minutes\" \/>\n<script type=\"application\/ld+json\" class=\"yoast-schema-graph\">{\"@context\":\"https:\\\/\\\/schema.org\",\"@graph\":[{\"@type\":\"Article\",\"@id\":\"https:\\\/\\\/fjala.info\\\/2009-2015\\\/ermonela-felaj-berisha-po-dublon-prokurorine-me-policine\\\/#article\",\"isPartOf\":{\"@id\":\"https:\\\/\\\/fjala.info\\\/2009-2015\\\/ermonela-felaj-berisha-po-dublon-prokurorine-me-policine\\\/\"},\"author\":{\"name\":\"admin\",\"@id\":\"https:\\\/\\\/fjala.info\\\/2009-2015\\\/#\\\/schema\\\/person\\\/3aa1163ef05469c496fc94e77611ada2\"},\"headline\":\"Ermonela Felaj: Berisha po dublon prokurorin\u00eb me policin\u00eb\",\"datePublished\":\"2010-11-05T10:34:41+00:00\",\"mainEntityOfPage\":{\"@id\":\"https:\\\/\\\/fjala.info\\\/2009-2015\\\/ermonela-felaj-berisha-po-dublon-prokurorine-me-policine\\\/\"},\"wordCount\":2264,\"commentCount\":0,\"publisher\":{\"@id\":\"https:\\\/\\\/fjala.info\\\/2009-2015\\\/#organization\"},\"image\":{\"@id\":\"https:\\\/\\\/fjala.info\\\/2009-2015\\\/ermonela-felaj-berisha-po-dublon-prokurorine-me-policine\\\/#primaryimage\"},\"thumbnailUrl\":\"http:\\\/\\\/fjala.shkoder.net\\\/wp-content\\\/uploads\\\/2010\\\/11\\\/ermonela_felaj-300x236.jpg\",\"articleSection\":[\"Artikuj\"],\"inLanguage\":\"sq-AL\",\"potentialAction\":[{\"@type\":\"CommentAction\",\"name\":\"Comment\",\"target\":[\"https:\\\/\\\/fjala.info\\\/2009-2015\\\/ermonela-felaj-berisha-po-dublon-prokurorine-me-policine\\\/#respond\"]}]},{\"@type\":\"WebPage\",\"@id\":\"https:\\\/\\\/fjala.info\\\/2009-2015\\\/ermonela-felaj-berisha-po-dublon-prokurorine-me-policine\\\/\",\"url\":\"https:\\\/\\\/fjala.info\\\/2009-2015\\\/ermonela-felaj-berisha-po-dublon-prokurorine-me-policine\\\/\",\"name\":\"Ermonela Felaj: Berisha po dublon prokurorin\u00eb me policin\u00eb - FjALA e LIR\u00cb - Arkivi\",\"isPartOf\":{\"@id\":\"https:\\\/\\\/fjala.info\\\/2009-2015\\\/#website\"},\"primaryImageOfPage\":{\"@id\":\"https:\\\/\\\/fjala.info\\\/2009-2015\\\/ermonela-felaj-berisha-po-dublon-prokurorine-me-policine\\\/#primaryimage\"},\"image\":{\"@id\":\"https:\\\/\\\/fjala.info\\\/2009-2015\\\/ermonela-felaj-berisha-po-dublon-prokurorine-me-policine\\\/#primaryimage\"},\"thumbnailUrl\":\"http:\\\/\\\/fjala.shkoder.net\\\/wp-content\\\/uploads\\\/2010\\\/11\\\/ermonela_felaj-300x236.jpg\",\"datePublished\":\"2010-11-05T10:34:41+00:00\",\"breadcrumb\":{\"@id\":\"https:\\\/\\\/fjala.info\\\/2009-2015\\\/ermonela-felaj-berisha-po-dublon-prokurorine-me-policine\\\/#breadcrumb\"},\"inLanguage\":\"sq-AL\",\"potentialAction\":[{\"@type\":\"ReadAction\",\"target\":[\"https:\\\/\\\/fjala.info\\\/2009-2015\\\/ermonela-felaj-berisha-po-dublon-prokurorine-me-policine\\\/\"]}]},{\"@type\":\"ImageObject\",\"inLanguage\":\"sq-AL\",\"@id\":\"https:\\\/\\\/fjala.info\\\/2009-2015\\\/ermonela-felaj-berisha-po-dublon-prokurorine-me-policine\\\/#primaryimage\",\"url\":\"http:\\\/\\\/fjala.shkoder.net\\\/wp-content\\\/uploads\\\/2010\\\/11\\\/ermonela_felaj-300x236.jpg\",\"contentUrl\":\"http:\\\/\\\/fjala.shkoder.net\\\/wp-content\\\/uploads\\\/2010\\\/11\\\/ermonela_felaj-300x236.jpg\"},{\"@type\":\"BreadcrumbList\",\"@id\":\"https:\\\/\\\/fjala.info\\\/2009-2015\\\/ermonela-felaj-berisha-po-dublon-prokurorine-me-policine\\\/#breadcrumb\",\"itemListElement\":[{\"@type\":\"ListItem\",\"position\":1,\"name\":\"Home\",\"item\":\"https:\\\/\\\/fjala.info\\\/2009-2015\\\/\"},{\"@type\":\"ListItem\",\"position\":2,\"name\":\"Ermonela Felaj: Berisha po dublon prokurorin\u00eb me policin\u00eb\"}]},{\"@type\":\"WebSite\",\"@id\":\"https:\\\/\\\/fjala.info\\\/2009-2015\\\/#website\",\"url\":\"https:\\\/\\\/fjala.info\\\/2009-2015\\\/\",\"name\":\"FjALA e LIR\u00cb - Arkivi\",\"description\":\"Arkivi 2009-2015\",\"publisher\":{\"@id\":\"https:\\\/\\\/fjala.info\\\/2009-2015\\\/#organization\"},\"potentialAction\":[{\"@type\":\"SearchAction\",\"target\":{\"@type\":\"EntryPoint\",\"urlTemplate\":\"https:\\\/\\\/fjala.info\\\/2009-2015\\\/?s={search_term_string}\"},\"query-input\":{\"@type\":\"PropertyValueSpecification\",\"valueRequired\":true,\"valueName\":\"search_term_string\"}}],\"inLanguage\":\"sq-AL\"},{\"@type\":\"Organization\",\"@id\":\"https:\\\/\\\/fjala.info\\\/2009-2015\\\/#organization\",\"name\":\"FjALA e LIR\u00cb - Arkivi\",\"url\":\"https:\\\/\\\/fjala.info\\\/2009-2015\\\/\",\"logo\":{\"@type\":\"ImageObject\",\"inLanguage\":\"sq-AL\",\"@id\":\"https:\\\/\\\/fjala.info\\\/2009-2015\\\/#\\\/schema\\\/logo\\\/image\\\/\",\"url\":\"\",\"contentUrl\":\"\",\"caption\":\"FjALA e LIR\u00cb - Arkivi\"},\"image\":{\"@id\":\"https:\\\/\\\/fjala.info\\\/2009-2015\\\/#\\\/schema\\\/logo\\\/image\\\/\"}},{\"@type\":\"Person\",\"@id\":\"https:\\\/\\\/fjala.info\\\/2009-2015\\\/#\\\/schema\\\/person\\\/3aa1163ef05469c496fc94e77611ada2\",\"name\":\"admin\",\"image\":{\"@type\":\"ImageObject\",\"inLanguage\":\"sq-AL\",\"@id\":\"https:\\\/\\\/fjala.info\\\/2009-2015\\\/wp-content\\\/uploads\\\/2012\\\/02\\\/arben_cokaj-120x150.jpg\",\"url\":\"https:\\\/\\\/fjala.info\\\/2009-2015\\\/wp-content\\\/uploads\\\/2012\\\/02\\\/arben_cokaj-120x150.jpg\",\"contentUrl\":\"https:\\\/\\\/fjala.info\\\/2009-2015\\\/wp-content\\\/uploads\\\/2012\\\/02\\\/arben_cokaj-120x150.jpg\",\"caption\":\"admin\"},\"description\":\"Admin, Fjala e Lir\u00eb\",\"sameAs\":[\"https:\\\/\\\/fjala.info\\\/\"],\"url\":\"https:\\\/\\\/fjala.info\\\/2009-2015\\\/author\\\/admin\\\/\"}]}<\/script>\n<!-- \/ Yoast SEO plugin. -->","yoast_head_json":{"title":"Ermonela Felaj: Berisha po dublon prokurorin\u00eb me policin\u00eb - FjALA e LIR\u00cb - Arkivi","robots":{"index":"index","follow":"follow","max-snippet":"max-snippet:-1","max-image-preview":"max-image-preview:large","max-video-preview":"max-video-preview:-1"},"canonical":"https:\/\/fjala.info\/2009-2015\/ermonela-felaj-berisha-po-dublon-prokurorine-me-policine\/","og_locale":"sq_AL","og_type":"article","og_title":"Ermonela Felaj: Berisha po dublon prokurorin\u00eb me policin\u00eb - FjALA e LIR\u00cb - Arkivi","og_description":"Nga Luljeta Progni Berisha po k\u00ebrkon t\u00eb dubloj\u00eb prokurorin\u00eb me policin\u00eb e shtetit. Ky \u00ebsht\u00eb mendimi i deputetes socialiste Ermonela Felaj e cila vler\u00ebson se prokuria dhe gjykatat jan\u00eb n\u00ebn presionin e mazhoranc\u00ebs demokrate dhe kryeministrit Berisha. Si nj\u00eb prej protagonist\u00ebve t\u00eb opozit\u00ebs n\u00eb betej\u00ebn e akuzave p\u00ebr korrupsion drejtuar ministrave t\u00eb qeveris\u00eb Berisha, Felaj [&hellip;]","og_url":"https:\/\/fjala.info\/2009-2015\/ermonela-felaj-berisha-po-dublon-prokurorine-me-policine\/","og_site_name":"FjALA e LIR\u00cb - Arkivi","article_published_time":"2010-11-05T10:34:41+00:00","og_image":[{"url":"http:\/\/fjala.shkoder.net\/wp-content\/uploads\/2010\/11\/ermonela_felaj-300x236.jpg","type":"","width":"","height":""}],"author":"admin","twitter_card":"summary_large_image","twitter_misc":{"Written by":"admin","Est. reading time":"11 minutes"},"schema":{"@context":"https:\/\/schema.org","@graph":[{"@type":"Article","@id":"https:\/\/fjala.info\/2009-2015\/ermonela-felaj-berisha-po-dublon-prokurorine-me-policine\/#article","isPartOf":{"@id":"https:\/\/fjala.info\/2009-2015\/ermonela-felaj-berisha-po-dublon-prokurorine-me-policine\/"},"author":{"name":"admin","@id":"https:\/\/fjala.info\/2009-2015\/#\/schema\/person\/3aa1163ef05469c496fc94e77611ada2"},"headline":"Ermonela Felaj: Berisha po dublon prokurorin\u00eb me policin\u00eb","datePublished":"2010-11-05T10:34:41+00:00","mainEntityOfPage":{"@id":"https:\/\/fjala.info\/2009-2015\/ermonela-felaj-berisha-po-dublon-prokurorine-me-policine\/"},"wordCount":2264,"commentCount":0,"publisher":{"@id":"https:\/\/fjala.info\/2009-2015\/#organization"},"image":{"@id":"https:\/\/fjala.info\/2009-2015\/ermonela-felaj-berisha-po-dublon-prokurorine-me-policine\/#primaryimage"},"thumbnailUrl":"http:\/\/fjala.shkoder.net\/wp-content\/uploads\/2010\/11\/ermonela_felaj-300x236.jpg","articleSection":["Artikuj"],"inLanguage":"sq-AL","potentialAction":[{"@type":"CommentAction","name":"Comment","target":["https:\/\/fjala.info\/2009-2015\/ermonela-felaj-berisha-po-dublon-prokurorine-me-policine\/#respond"]}]},{"@type":"WebPage","@id":"https:\/\/fjala.info\/2009-2015\/ermonela-felaj-berisha-po-dublon-prokurorine-me-policine\/","url":"https:\/\/fjala.info\/2009-2015\/ermonela-felaj-berisha-po-dublon-prokurorine-me-policine\/","name":"Ermonela Felaj: Berisha po dublon prokurorin\u00eb me policin\u00eb - FjALA e LIR\u00cb - Arkivi","isPartOf":{"@id":"https:\/\/fjala.info\/2009-2015\/#website"},"primaryImageOfPage":{"@id":"https:\/\/fjala.info\/2009-2015\/ermonela-felaj-berisha-po-dublon-prokurorine-me-policine\/#primaryimage"},"image":{"@id":"https:\/\/fjala.info\/2009-2015\/ermonela-felaj-berisha-po-dublon-prokurorine-me-policine\/#primaryimage"},"thumbnailUrl":"http:\/\/fjala.shkoder.net\/wp-content\/uploads\/2010\/11\/ermonela_felaj-300x236.jpg","datePublished":"2010-11-05T10:34:41+00:00","breadcrumb":{"@id":"https:\/\/fjala.info\/2009-2015\/ermonela-felaj-berisha-po-dublon-prokurorine-me-policine\/#breadcrumb"},"inLanguage":"sq-AL","potentialAction":[{"@type":"ReadAction","target":["https:\/\/fjala.info\/2009-2015\/ermonela-felaj-berisha-po-dublon-prokurorine-me-policine\/"]}]},{"@type":"ImageObject","inLanguage":"sq-AL","@id":"https:\/\/fjala.info\/2009-2015\/ermonela-felaj-berisha-po-dublon-prokurorine-me-policine\/#primaryimage","url":"http:\/\/fjala.shkoder.net\/wp-content\/uploads\/2010\/11\/ermonela_felaj-300x236.jpg","contentUrl":"http:\/\/fjala.shkoder.net\/wp-content\/uploads\/2010\/11\/ermonela_felaj-300x236.jpg"},{"@type":"BreadcrumbList","@id":"https:\/\/fjala.info\/2009-2015\/ermonela-felaj-berisha-po-dublon-prokurorine-me-policine\/#breadcrumb","itemListElement":[{"@type":"ListItem","position":1,"name":"Home","item":"https:\/\/fjala.info\/2009-2015\/"},{"@type":"ListItem","position":2,"name":"Ermonela Felaj: Berisha po dublon prokurorin\u00eb me policin\u00eb"}]},{"@type":"WebSite","@id":"https:\/\/fjala.info\/2009-2015\/#website","url":"https:\/\/fjala.info\/2009-2015\/","name":"FjALA e LIR\u00cb - Arkivi","description":"Arkivi 2009-2015","publisher":{"@id":"https:\/\/fjala.info\/2009-2015\/#organization"},"potentialAction":[{"@type":"SearchAction","target":{"@type":"EntryPoint","urlTemplate":"https:\/\/fjala.info\/2009-2015\/?s={search_term_string}"},"query-input":{"@type":"PropertyValueSpecification","valueRequired":true,"valueName":"search_term_string"}}],"inLanguage":"sq-AL"},{"@type":"Organization","@id":"https:\/\/fjala.info\/2009-2015\/#organization","name":"FjALA e LIR\u00cb - Arkivi","url":"https:\/\/fjala.info\/2009-2015\/","logo":{"@type":"ImageObject","inLanguage":"sq-AL","@id":"https:\/\/fjala.info\/2009-2015\/#\/schema\/logo\/image\/","url":"","contentUrl":"","caption":"FjALA e LIR\u00cb - Arkivi"},"image":{"@id":"https:\/\/fjala.info\/2009-2015\/#\/schema\/logo\/image\/"}},{"@type":"Person","@id":"https:\/\/fjala.info\/2009-2015\/#\/schema\/person\/3aa1163ef05469c496fc94e77611ada2","name":"admin","image":{"@type":"ImageObject","inLanguage":"sq-AL","@id":"https:\/\/fjala.info\/2009-2015\/wp-content\/uploads\/2012\/02\/arben_cokaj-120x150.jpg","url":"https:\/\/fjala.info\/2009-2015\/wp-content\/uploads\/2012\/02\/arben_cokaj-120x150.jpg","contentUrl":"https:\/\/fjala.info\/2009-2015\/wp-content\/uploads\/2012\/02\/arben_cokaj-120x150.jpg","caption":"admin"},"description":"Admin, Fjala e Lir\u00eb","sameAs":["https:\/\/fjala.info\/"],"url":"https:\/\/fjala.info\/2009-2015\/author\/admin\/"}]}},"_links":{"self":[{"href":"https:\/\/fjala.info\/2009-2015\/wp-json\/wp\/v2\/posts\/4628","targetHints":{"allow":["GET"]}}],"collection":[{"href":"https:\/\/fjala.info\/2009-2015\/wp-json\/wp\/v2\/posts"}],"about":[{"href":"https:\/\/fjala.info\/2009-2015\/wp-json\/wp\/v2\/types\/post"}],"author":[{"embeddable":true,"href":"https:\/\/fjala.info\/2009-2015\/wp-json\/wp\/v2\/users\/1"}],"replies":[{"embeddable":true,"href":"https:\/\/fjala.info\/2009-2015\/wp-json\/wp\/v2\/comments?post=4628"}],"version-history":[{"count":0,"href":"https:\/\/fjala.info\/2009-2015\/wp-json\/wp\/v2\/posts\/4628\/revisions"}],"wp:attachment":[{"href":"https:\/\/fjala.info\/2009-2015\/wp-json\/wp\/v2\/media?parent=4628"}],"wp:term":[{"taxonomy":"category","embeddable":true,"href":"https:\/\/fjala.info\/2009-2015\/wp-json\/wp\/v2\/categories?post=4628"},{"taxonomy":"post_tag","embeddable":true,"href":"https:\/\/fjala.info\/2009-2015\/wp-json\/wp\/v2\/tags?post=4628"}],"curies":[{"name":"wp","href":"https:\/\/api.w.org\/{rel}","templated":true}]}}