{"id":4624,"date":"2010-11-05T11:26:51","date_gmt":"2010-11-05T10:26:51","guid":{"rendered":"http:\/\/fjala.shkoder.net\/?p=4624"},"modified":"2010-11-05T11:26:51","modified_gmt":"2010-11-05T10:26:51","slug":"piramida-si-donkishotizem-antikomunist","status":"publish","type":"post","link":"https:\/\/fjala.info\/2009-2015\/piramida-si-donkishotizem-antikomunist\/","title":{"rendered":"Piramida si donkishotizem &#8216;antikomunist&#8217;"},"content":{"rendered":"<p><img loading=\"lazy\" decoding=\"async\" src=\"http:\/\/fjala.shkoder.net\/wp-content\/uploads\/2010\/10\/andrea_stefani.jpg\" alt=\"\" title=\"Andrea Stefani\" width=\"108\" height=\"118\" class=\"alignleft size-full wp-image-4140\" \/><br \/>\n<strong>Andrea Stefani <\/strong> <\/p>\n<p>Nuk do t\u00eb trajtojm\u00eb n\u00eb k\u00ebt\u00eb shkrim dellin nekrofil q\u00eb nxit Berish\u00ebn t\u2019i drejtohet p\u00ebrs\u00ebri shkat\u00ebrrimit. Pra s\u2019do merremi me at\u00eb dell q\u00eb \u201cPiramid\u00ebn\u201d, nj\u00eb nd\u00ebrtes\u00eb, nj\u00eb send pa shpirt, e quan nj\u00eb gj\u00eb t\u00eb gjall\u00eb, e quan zemra e \u201ckomunizmit\u201d pa shkat\u00ebrrimin e s\u00eb cil\u00ebs, nuk mund t\u00eb b\u00ebka haj\u00ebr Shqip\u00ebria. Sepse e dim\u00eb q\u00eb zemra e \u00e7do sistemi politik \u00ebsht\u00eb jo n\u00eb nd\u00ebrtesa, por n\u00eb trut\u00eb e njer\u00ebzve. <\/p>\n<p>Ndaj do merremi m\u00eb gjat\u00eb me at\u00eb dinak\u00ebri politike q\u00eb e shtyn Berish\u00ebn t\u2019i kthehet pas 20 vjet\u00ebsh tem\u00ebs s\u00eb hershme t\u00eb \u00e7rr\u00ebnjosjes apo \u201cshkat\u00ebrrimit t\u00eb komunizmit\u201d, gj\u00eb q\u00eb nuk mund t\u00eb mos p\u00ebrngjaj\u00eb me nj\u00eb lloj donkishotizmi. Ashtu si Don Gjizoti i turrej mullinjve t\u00eb er\u00ebs duke i akuzuar p\u00ebr p\u00ebrbind\u00ebsha, ashtu dhe Berisha i turret Piramid\u00ebs duke e akuzuar se \u00ebsht\u00eb zemra e komunizmit. Por nd\u00ebrsa Gjizoti e b\u00ebnte nga \u00e7menduria, Berisha e b\u00ebn pjes\u00ebrisht edhe nga nj\u00eb dinak\u00ebri cezariane q\u00eb udh\u00ebhiqet nga motoja: p\u00ebr\u00e7a dhe sundo.<\/p>\n<p>Me shum\u00eb t\u00eb drejt\u00eb disa analist\u00eb kan\u00eb konstatuar se Berisha po i rikthehet luft\u00ebs simbolike kund\u00ebr komunizmit. Dhe \u201crikthim\u201d \u00ebsht\u00eb termi i sakt\u00eb, sepse edhe n\u00eb fillim t\u00eb viteve \u201990 kur shitej dhe e shisnin si sjell\u00ebs t\u00eb demokracis\u00eb, Berisha jo vet\u00ebm nuk e ka luftuar asnj\u00ebher\u00eb komunizmin, por u b\u00eb konservuesi i shum\u00eb mend\u00ebsive dhe praktikave komuniste n\u00eb politik\u00ebn postkomuniste. N\u00eb fakt, nj\u00eb neokomunist me kostum \u201cdemokrati\u201d.<\/p>\n<p>N\u00ebse Berisha do kishte qen\u00eb v\u00ebrtet nj\u00eb lider i dedikuar ndaj vlerave t\u00eb demokracis\u00eb, t\u00eb pakt\u00ebn prej 20 vjet\u00ebsh nga r\u00ebnia e komunizmit prona e rr\u00ebmbyer nga komunizmi do kishte shkuar tek i zoti, t\u00eb p\u00ebrndjekurit politik\u00eb do ishin shp\u00ebrblyer dhe rehabilituar denj\u00ebsisht p\u00ebr sakrificat, dosjet e agjent\u00ebve t\u00eb Sigurimit do ishin hapur me koh\u00eb, n\u00eb Shqip\u00ebri do ishin krijuar gjykata dhe pushtete t\u00eb tjera t\u00eb pavarura, njer\u00ebzit nuk do flakeshin nga pun\u00ebrat p\u00ebr shkak t\u00eb bindjeve politike t\u00eb ndryshme nga ato t\u00eb pushtetit. Pra do ishin b\u00ebr\u00eb shum\u00eb gj\u00ebra nga ato q\u00eb p\u00ebrb\u00ebjn\u00eb themelin e nj\u00eb shoq\u00ebrie t\u00eb hapur demokratiko-liberale. Por nuk jan\u00eb b\u00ebr\u00eb, sepse kryelider\u00eb si Berisha, q\u00eb po qeverisin fatin e shqiptar\u00ebve n\u00eb nj\u00eb koh\u00ebgjat\u00ebsi t\u00eb denj\u00eb p\u00ebr diktaturat, nuk kan\u00eb qen\u00eb asnj\u00ebher\u00eb t\u00eb interesuar p\u00ebr demokraci reale, por p\u00ebr nj\u00eb demokraci false q\u00eb \u00ebsht\u00eb vet\u00ebm gjethja e fikut e hallateve t\u00eb nj\u00eb sundimi t\u00eb ri t\u00eb korruptuar dhe n\u00eb thelb, neokomunist.<\/p>\n<p>Por nd\u00ebrsa e ka luftuar komunizmin vet\u00ebm simbolikisht, Berisha, ky komunist q\u00eb nuk arriti kurr\u00eb t\u00eb b\u00ebhet nj\u00eb ish-komunist, por vet\u00ebm nj\u00eb nga ata antikomunist\u00ebt-komunist\u00eb aq t\u00eb rreziksh\u00ebm p\u00ebr demokracin\u00eb q\u00eb p\u00ebrmend Valcav Havel, gjithsesi, nuk mund t\u2019i harroj\u00eb dot leht\u00eb p\u00ebrfitimet q\u00eb pati nga \u201cantikomunizmi\u201d simbolik q\u00eb ushtroi n\u00eb vitet \u201990. Sepse ishte nj\u00eb \u201cantikomuniz\u00ebm\u201d q\u00eb e solli n\u00eb pushtet me mb\u00ebshtetjen e shumic\u00ebs s\u00eb shqiptar\u00ebve q\u00eb ushqenin iluzione p\u00ebr shp\u00ebtimtarin, p\u00ebr \u201cmesian\u201d blu q\u00eb po rr\u00ebzonte \u201cmesian\u201d e kuq, Enver Hoxh\u00ebn.<\/p>\n<p> Ishin koh\u00ebra p\u00ebr\u00e7arjesh t\u00eb m\u00ebdha mes shqiptar\u00ebve n\u00eb komunist\u00eb dhe antikomunist\u00eb, p\u00ebr\u00e7arje q\u00eb ia b\u00ebn\u00eb t\u00eb leht\u00eb jo vet\u00ebm ardhjen n\u00eb pushtet, por edhe zbatimin e projekteve p\u00ebr p\u00ebrjet\u00ebsimin e nj\u00eb pushteti gjithnj\u00eb e m\u00eb pa kufij. Dhe Berisha do t\u00eb ishte p\u00ebrjet\u00ebsuar me koh\u00eb n\u00eb pushtet (ambicie q\u00eb e ushqen edhe sot e gjith\u00eb dit\u00ebn) n\u00ebse nuk do t\u00eb kishte ndodhur \u201caksidenti\u201d tragjik me piramidat financiare, n\u00eb fakt, nj\u00eb produkt i paaft\u00ebsis\u00eb, korrupsionit dhe verb\u00ebris\u00eb s\u00eb pushtetit t\u00eb tij. Do t\u00eb ishte p\u00ebrjet\u00ebsuar, sepse edhe n\u00eb jo pak qarqe politike per\u00ebndimore, Berisha kishte nisur t\u00eb perceptohej si lideri i vet\u00ebm q\u00eb mund t\u00eb \u00e7rr\u00ebnjos\u00eb komunizmin n\u00eb Shqip\u00ebri. Ndaj n\u00eb k\u00ebto koh\u00eb t\u00eb v\u00ebshtira p\u00ebr t\u00eb, kur qeverisja e tij mbetet tep\u00ebr deficitare ndaj demokracis\u00eb n\u00eb t\u00eb gjitha rrafshet, si at\u00eb ekonomik, t\u00eb zbatimit t\u00eb ligjit apo dhe at\u00eb politik, Berisha po tenton t\u00eb rikthej\u00eb, me donkishotiz\u00ebm dhe dinak\u00ebri nj\u00ebherazi, ato koh\u00ebra kur ai perceptohej nga jo pak shqiptar\u00eb, por edhe nga jo pak per\u00ebndimor\u00eb si kalor\u00ebsi i demokracis\u00eb q\u00eb do vriste ku\u00e7edr\u00ebn e komunizmit shqiptar. <\/p>\n<p>Dhe natyrisht k\u00ebt\u00eb kryq\u00ebzat\u00eb t\u00eb re \u201cantikomuniste\u201d ai mund ta b\u00ebj\u00eb p\u00ebrs\u00ebri vet\u00ebm n\u00eb m\u00ebnyr\u00eb simbolike, duke shkat\u00ebrruar Piramid\u00ebn. Sepse nj\u00eb luft\u00eb reale e Berish\u00ebs kund\u00ebr traditave komuniste n\u00eb Shqip\u00ebri do t\u00eb thoshte q\u00eb Berisha t\u00eb luftonte vet\u00eb kund\u00ebr Berish\u00ebs dhe pushtetit t\u00eb Berish\u00ebs. Prandaj mendja e tij prej nekrofili makiavelist, intrigon befas shkat\u00ebrrimin e nj\u00eb nd\u00ebrtese si Piramida, t\u00eb cil\u00ebn, e shpall me t\u00eb gjith\u00eb z\u00ebrin e propagand\u00ebs s\u00eb vet, zemra e regjimit komunist. Por kur paska qen\u00eb e till\u00eb, p\u00ebrse e kan\u00eb l\u00ebn\u00eb p\u00ebr 20 vjet t\u00eb rrah\u00eb k\u00ebta varrmih\u00ebs t\u00eb komunizmit? <\/p>\n<p>Harres\u00eb, verb\u00ebri, trash\u00ebsi? Aspak! Por \u00ebsht\u00eb mendjeshkrepje tipike enveriane e Berish\u00ebs p\u00ebr t\u00eb ringjallur luft\u00ebn e klasave, dasin\u00eb mes shqiptar\u00ebve n\u00eb antikomunist\u00eb dhe komunist\u00eb. Ata q\u00eb do dalin kund\u00ebr shkat\u00ebrrimit do i akuzoj\u00eb se po mbrojn\u00eb komunizmin. Nd\u00ebrkaq, shpreson t\u00eb mobilizoj\u00eb kund\u00ebr opozit\u00ebs (pra n\u00eb favor t\u00eb tij) q\u00eb po mbron Piramid\u00ebn, t\u00eb gjith\u00eb klas\u00ebn e zhg\u00ebnjyer t\u00eb p\u00ebrndjekurve dhe pronar\u00ebve q\u00eb i la me gisht n\u00eb goj\u00eb p\u00ebr 20 e kusur vjet. E gjitha \u00ebsht\u00eb nj\u00eb intrig\u00eb q\u00eb duke shpresuar n\u00eb budallall\u00ebkun, naivitetin e jo pak shqiptar\u00ebve, k\u00ebrkon t\u2019i rip\u00ebrfshij\u00eb ata n\u00eb vorbull\u00ebn e nj\u00eb konflikti t\u00eb demoduar ideologjik n\u00eb qend\u00ebr t\u00eb s\u00eb cilit q\u00ebndron nj\u00eb nd\u00ebrtes\u00eb, nj\u00eb gj\u00eb pa shpirt, por q\u00eb propagandohet si shpirti i nj\u00eb sistemi pa shpirt. E pra, n\u00ebse sistemi komunist \u00ebsht\u00eb ende gjall\u00eb n\u00eb Shqip\u00ebri, n\u00ebse ai ka nj\u00eb shpirt, ky \u00ebsht\u00eb berishizmi q\u00eb priret thelb\u00ebsisht ndaj shkat\u00ebrrimit t\u00eb shanseve t\u00eb demokracis\u00eb, t\u00eb institucioneve t\u00eb saj nd\u00ebrsa zhvillon vet\u00ebm \u201cluft\u00eb\u201d simbolike ndaj traditave komuniste dhe krimeve t\u00eb sistemit komunist. <\/p>\n<p>Duke qen\u00eb n\u00eb thelb neokomunist\u00eb, Berisha dhe berishist\u00ebt nuk kan\u00eb kuptuar se demokracia nuk \u00ebsht\u00eb revolucion q\u00eb shkat\u00ebrron p\u00ebr t\u00eb nd\u00ebrtuar. Demokracia e transformon. Ajo nuk ka nevoj\u00eb t\u00eb shkat\u00ebrroj\u00eb nj\u00eb nd\u00ebrtes\u00eb q\u00eb t\u00eb luftoj\u00eb komunizmin, por ajo e mposht komunizmin me forc\u00ebn e liris\u00eb s\u00eb mendjeve t\u00eb \u00e7liruara, me forc\u00ebn e fjal\u00ebs s\u00eb lir\u00eb, t\u00eb tregjeve t\u00eb lira dhe institucioneve t\u00eb pavarura. E mposht me t\u00eb gjitha ato q\u00eb Berisha ka 20 vjet q\u00eb rreket t\u2019i mposht\u00eb. Demokracia e mposht komunizmin jo me shkat\u00ebrrime \u201cPiramidash\u201d, por me m\u00eb shum\u00eb demokraci, pik\u00ebrisht me at\u00eb q\u00eb Berisha ka 20 vjet q\u00eb p\u00ebrpiqet ta shnd\u00ebrroj\u00eb n\u00eb nj\u00eb sistem fals, ku ligji s\u2019\u00ebsht\u00eb ligj dhe drejt\u00ebsia \u00ebsht\u00eb padrejt\u00ebsi. Berisha k\u00ebrkon t\u00eb rr\u00ebnoj\u00eb sot \u201cPiramid\u00ebn\u201d q\u00eb ta shnd\u00ebrroj\u00eb vet\u00eb demokracin\u00eb n\u00eb nj\u00eb Piramid\u00eb me vet\u00eb Berish\u00ebn n\u00eb maj\u00eb t\u00eb saj.<\/p>\n","protected":false},"excerpt":{"rendered":"<p>Andrea Stefani Nuk do t\u00eb trajtojm\u00eb n\u00eb k\u00ebt\u00eb shkrim dellin nekrofil q\u00eb nxit Berish\u00ebn t\u2019i drejtohet p\u00ebrs\u00ebri shkat\u00ebrrimit. Pra s\u2019do merremi me at\u00eb dell q\u00eb \u201cPiramid\u00ebn\u201d, nj\u00eb nd\u00ebrtes\u00eb, nj\u00eb send pa shpirt, e quan nj\u00eb gj\u00eb t\u00eb gjall\u00eb, e quan zemra e \u201ckomunizmit\u201d pa shkat\u00ebrrimin e s\u00eb cil\u00ebs, nuk mund t\u00eb b\u00ebka haj\u00ebr Shqip\u00ebria. Sepse [&hellip;]<\/p>\n","protected":false},"author":1,"featured_media":0,"comment_status":"open","ping_status":"closed","sticky":false,"template":"","format":"standard","meta":{"footnotes":""},"categories":[2],"tags":[],"class_list":{"0":"post-4624","1":"post","2":"type-post","3":"status-publish","4":"format-standard","6":"category-artikuj"},"yoast_head":"<!-- This site is optimized with the Yoast SEO plugin v27.4 - https:\/\/yoast.com\/product\/yoast-seo-wordpress\/ -->\n<title>Piramida si donkishotizem &#039;antikomunist&#039; - FjALA e LIR\u00cb - Arkivi<\/title>\n<meta name=\"robots\" content=\"index, follow, max-snippet:-1, max-image-preview:large, max-video-preview:-1\" \/>\n<link rel=\"canonical\" href=\"https:\/\/fjala.info\/2009-2015\/piramida-si-donkishotizem-antikomunist\/\" \/>\n<meta property=\"og:locale\" content=\"sq_AL\" \/>\n<meta property=\"og:type\" content=\"article\" \/>\n<meta property=\"og:title\" content=\"Piramida si donkishotizem &#039;antikomunist&#039; - FjALA e LIR\u00cb - Arkivi\" \/>\n<meta property=\"og:description\" content=\"Andrea Stefani Nuk do t\u00eb trajtojm\u00eb n\u00eb k\u00ebt\u00eb shkrim dellin nekrofil q\u00eb nxit Berish\u00ebn t\u2019i drejtohet p\u00ebrs\u00ebri shkat\u00ebrrimit. Pra s\u2019do merremi me at\u00eb dell q\u00eb \u201cPiramid\u00ebn\u201d, nj\u00eb nd\u00ebrtes\u00eb, nj\u00eb send pa shpirt, e quan nj\u00eb gj\u00eb t\u00eb gjall\u00eb, e quan zemra e \u201ckomunizmit\u201d pa shkat\u00ebrrimin e s\u00eb cil\u00ebs, nuk mund t\u00eb b\u00ebka haj\u00ebr Shqip\u00ebria. Sepse [&hellip;]\" \/>\n<meta property=\"og:url\" content=\"https:\/\/fjala.info\/2009-2015\/piramida-si-donkishotizem-antikomunist\/\" \/>\n<meta property=\"og:site_name\" content=\"FjALA e LIR\u00cb - Arkivi\" \/>\n<meta property=\"article:published_time\" content=\"2010-11-05T10:26:51+00:00\" \/>\n<meta property=\"og:image\" content=\"http:\/\/fjala.shkoder.net\/wp-content\/uploads\/2010\/10\/andrea_stefani.jpg\" \/>\n<meta name=\"author\" content=\"admin\" \/>\n<meta name=\"twitter:card\" content=\"summary_large_image\" \/>\n<meta name=\"twitter:label1\" content=\"Written by\" \/>\n\t<meta name=\"twitter:data1\" content=\"admin\" \/>\n\t<meta name=\"twitter:label2\" content=\"Est. reading time\" \/>\n\t<meta name=\"twitter:data2\" content=\"6 minutes\" \/>\n<script type=\"application\/ld+json\" class=\"yoast-schema-graph\">{\"@context\":\"https:\\\/\\\/schema.org\",\"@graph\":[{\"@type\":\"Article\",\"@id\":\"https:\\\/\\\/fjala.info\\\/2009-2015\\\/piramida-si-donkishotizem-antikomunist\\\/#article\",\"isPartOf\":{\"@id\":\"https:\\\/\\\/fjala.info\\\/2009-2015\\\/piramida-si-donkishotizem-antikomunist\\\/\"},\"author\":{\"name\":\"admin\",\"@id\":\"https:\\\/\\\/fjala.info\\\/2009-2015\\\/#\\\/schema\\\/person\\\/3aa1163ef05469c496fc94e77611ada2\"},\"headline\":\"Piramida si donkishotizem &#8216;antikomunist&#8217;\",\"datePublished\":\"2010-11-05T10:26:51+00:00\",\"mainEntityOfPage\":{\"@id\":\"https:\\\/\\\/fjala.info\\\/2009-2015\\\/piramida-si-donkishotizem-antikomunist\\\/\"},\"wordCount\":1243,\"commentCount\":0,\"publisher\":{\"@id\":\"https:\\\/\\\/fjala.info\\\/2009-2015\\\/#organization\"},\"image\":{\"@id\":\"https:\\\/\\\/fjala.info\\\/2009-2015\\\/piramida-si-donkishotizem-antikomunist\\\/#primaryimage\"},\"thumbnailUrl\":\"http:\\\/\\\/fjala.shkoder.net\\\/wp-content\\\/uploads\\\/2010\\\/10\\\/andrea_stefani.jpg\",\"articleSection\":[\"Artikuj\"],\"inLanguage\":\"sq-AL\",\"potentialAction\":[{\"@type\":\"CommentAction\",\"name\":\"Comment\",\"target\":[\"https:\\\/\\\/fjala.info\\\/2009-2015\\\/piramida-si-donkishotizem-antikomunist\\\/#respond\"]}]},{\"@type\":\"WebPage\",\"@id\":\"https:\\\/\\\/fjala.info\\\/2009-2015\\\/piramida-si-donkishotizem-antikomunist\\\/\",\"url\":\"https:\\\/\\\/fjala.info\\\/2009-2015\\\/piramida-si-donkishotizem-antikomunist\\\/\",\"name\":\"Piramida si donkishotizem 'antikomunist' - FjALA e LIR\u00cb - Arkivi\",\"isPartOf\":{\"@id\":\"https:\\\/\\\/fjala.info\\\/2009-2015\\\/#website\"},\"primaryImageOfPage\":{\"@id\":\"https:\\\/\\\/fjala.info\\\/2009-2015\\\/piramida-si-donkishotizem-antikomunist\\\/#primaryimage\"},\"image\":{\"@id\":\"https:\\\/\\\/fjala.info\\\/2009-2015\\\/piramida-si-donkishotizem-antikomunist\\\/#primaryimage\"},\"thumbnailUrl\":\"http:\\\/\\\/fjala.shkoder.net\\\/wp-content\\\/uploads\\\/2010\\\/10\\\/andrea_stefani.jpg\",\"datePublished\":\"2010-11-05T10:26:51+00:00\",\"breadcrumb\":{\"@id\":\"https:\\\/\\\/fjala.info\\\/2009-2015\\\/piramida-si-donkishotizem-antikomunist\\\/#breadcrumb\"},\"inLanguage\":\"sq-AL\",\"potentialAction\":[{\"@type\":\"ReadAction\",\"target\":[\"https:\\\/\\\/fjala.info\\\/2009-2015\\\/piramida-si-donkishotizem-antikomunist\\\/\"]}]},{\"@type\":\"ImageObject\",\"inLanguage\":\"sq-AL\",\"@id\":\"https:\\\/\\\/fjala.info\\\/2009-2015\\\/piramida-si-donkishotizem-antikomunist\\\/#primaryimage\",\"url\":\"http:\\\/\\\/fjala.shkoder.net\\\/wp-content\\\/uploads\\\/2010\\\/10\\\/andrea_stefani.jpg\",\"contentUrl\":\"http:\\\/\\\/fjala.shkoder.net\\\/wp-content\\\/uploads\\\/2010\\\/10\\\/andrea_stefani.jpg\"},{\"@type\":\"BreadcrumbList\",\"@id\":\"https:\\\/\\\/fjala.info\\\/2009-2015\\\/piramida-si-donkishotizem-antikomunist\\\/#breadcrumb\",\"itemListElement\":[{\"@type\":\"ListItem\",\"position\":1,\"name\":\"Home\",\"item\":\"https:\\\/\\\/fjala.info\\\/2009-2015\\\/\"},{\"@type\":\"ListItem\",\"position\":2,\"name\":\"Piramida si donkishotizem &#8216;antikomunist&#8217;\"}]},{\"@type\":\"WebSite\",\"@id\":\"https:\\\/\\\/fjala.info\\\/2009-2015\\\/#website\",\"url\":\"https:\\\/\\\/fjala.info\\\/2009-2015\\\/\",\"name\":\"FjALA e LIR\u00cb - Arkivi\",\"description\":\"Arkivi 2009-2015\",\"publisher\":{\"@id\":\"https:\\\/\\\/fjala.info\\\/2009-2015\\\/#organization\"},\"potentialAction\":[{\"@type\":\"SearchAction\",\"target\":{\"@type\":\"EntryPoint\",\"urlTemplate\":\"https:\\\/\\\/fjala.info\\\/2009-2015\\\/?s={search_term_string}\"},\"query-input\":{\"@type\":\"PropertyValueSpecification\",\"valueRequired\":true,\"valueName\":\"search_term_string\"}}],\"inLanguage\":\"sq-AL\"},{\"@type\":\"Organization\",\"@id\":\"https:\\\/\\\/fjala.info\\\/2009-2015\\\/#organization\",\"name\":\"FjALA e LIR\u00cb - Arkivi\",\"url\":\"https:\\\/\\\/fjala.info\\\/2009-2015\\\/\",\"logo\":{\"@type\":\"ImageObject\",\"inLanguage\":\"sq-AL\",\"@id\":\"https:\\\/\\\/fjala.info\\\/2009-2015\\\/#\\\/schema\\\/logo\\\/image\\\/\",\"url\":\"\",\"contentUrl\":\"\",\"caption\":\"FjALA e LIR\u00cb - Arkivi\"},\"image\":{\"@id\":\"https:\\\/\\\/fjala.info\\\/2009-2015\\\/#\\\/schema\\\/logo\\\/image\\\/\"}},{\"@type\":\"Person\",\"@id\":\"https:\\\/\\\/fjala.info\\\/2009-2015\\\/#\\\/schema\\\/person\\\/3aa1163ef05469c496fc94e77611ada2\",\"name\":\"admin\",\"image\":{\"@type\":\"ImageObject\",\"inLanguage\":\"sq-AL\",\"@id\":\"https:\\\/\\\/fjala.info\\\/2009-2015\\\/wp-content\\\/uploads\\\/2012\\\/02\\\/arben_cokaj-120x150.jpg\",\"url\":\"https:\\\/\\\/fjala.info\\\/2009-2015\\\/wp-content\\\/uploads\\\/2012\\\/02\\\/arben_cokaj-120x150.jpg\",\"contentUrl\":\"https:\\\/\\\/fjala.info\\\/2009-2015\\\/wp-content\\\/uploads\\\/2012\\\/02\\\/arben_cokaj-120x150.jpg\",\"caption\":\"admin\"},\"description\":\"Admin, Fjala e Lir\u00eb\",\"sameAs\":[\"https:\\\/\\\/fjala.info\\\/\"],\"url\":\"https:\\\/\\\/fjala.info\\\/2009-2015\\\/author\\\/admin\\\/\"}]}<\/script>\n<!-- \/ Yoast SEO plugin. -->","yoast_head_json":{"title":"Piramida si donkishotizem 'antikomunist' - FjALA e LIR\u00cb - Arkivi","robots":{"index":"index","follow":"follow","max-snippet":"max-snippet:-1","max-image-preview":"max-image-preview:large","max-video-preview":"max-video-preview:-1"},"canonical":"https:\/\/fjala.info\/2009-2015\/piramida-si-donkishotizem-antikomunist\/","og_locale":"sq_AL","og_type":"article","og_title":"Piramida si donkishotizem 'antikomunist' - FjALA e LIR\u00cb - Arkivi","og_description":"Andrea Stefani Nuk do t\u00eb trajtojm\u00eb n\u00eb k\u00ebt\u00eb shkrim dellin nekrofil q\u00eb nxit Berish\u00ebn t\u2019i drejtohet p\u00ebrs\u00ebri shkat\u00ebrrimit. Pra s\u2019do merremi me at\u00eb dell q\u00eb \u201cPiramid\u00ebn\u201d, nj\u00eb nd\u00ebrtes\u00eb, nj\u00eb send pa shpirt, e quan nj\u00eb gj\u00eb t\u00eb gjall\u00eb, e quan zemra e \u201ckomunizmit\u201d pa shkat\u00ebrrimin e s\u00eb cil\u00ebs, nuk mund t\u00eb b\u00ebka haj\u00ebr Shqip\u00ebria. Sepse [&hellip;]","og_url":"https:\/\/fjala.info\/2009-2015\/piramida-si-donkishotizem-antikomunist\/","og_site_name":"FjALA e LIR\u00cb - Arkivi","article_published_time":"2010-11-05T10:26:51+00:00","og_image":[{"url":"http:\/\/fjala.shkoder.net\/wp-content\/uploads\/2010\/10\/andrea_stefani.jpg","type":"","width":"","height":""}],"author":"admin","twitter_card":"summary_large_image","twitter_misc":{"Written by":"admin","Est. reading time":"6 minutes"},"schema":{"@context":"https:\/\/schema.org","@graph":[{"@type":"Article","@id":"https:\/\/fjala.info\/2009-2015\/piramida-si-donkishotizem-antikomunist\/#article","isPartOf":{"@id":"https:\/\/fjala.info\/2009-2015\/piramida-si-donkishotizem-antikomunist\/"},"author":{"name":"admin","@id":"https:\/\/fjala.info\/2009-2015\/#\/schema\/person\/3aa1163ef05469c496fc94e77611ada2"},"headline":"Piramida si donkishotizem &#8216;antikomunist&#8217;","datePublished":"2010-11-05T10:26:51+00:00","mainEntityOfPage":{"@id":"https:\/\/fjala.info\/2009-2015\/piramida-si-donkishotizem-antikomunist\/"},"wordCount":1243,"commentCount":0,"publisher":{"@id":"https:\/\/fjala.info\/2009-2015\/#organization"},"image":{"@id":"https:\/\/fjala.info\/2009-2015\/piramida-si-donkishotizem-antikomunist\/#primaryimage"},"thumbnailUrl":"http:\/\/fjala.shkoder.net\/wp-content\/uploads\/2010\/10\/andrea_stefani.jpg","articleSection":["Artikuj"],"inLanguage":"sq-AL","potentialAction":[{"@type":"CommentAction","name":"Comment","target":["https:\/\/fjala.info\/2009-2015\/piramida-si-donkishotizem-antikomunist\/#respond"]}]},{"@type":"WebPage","@id":"https:\/\/fjala.info\/2009-2015\/piramida-si-donkishotizem-antikomunist\/","url":"https:\/\/fjala.info\/2009-2015\/piramida-si-donkishotizem-antikomunist\/","name":"Piramida si donkishotizem 'antikomunist' - FjALA e LIR\u00cb - Arkivi","isPartOf":{"@id":"https:\/\/fjala.info\/2009-2015\/#website"},"primaryImageOfPage":{"@id":"https:\/\/fjala.info\/2009-2015\/piramida-si-donkishotizem-antikomunist\/#primaryimage"},"image":{"@id":"https:\/\/fjala.info\/2009-2015\/piramida-si-donkishotizem-antikomunist\/#primaryimage"},"thumbnailUrl":"http:\/\/fjala.shkoder.net\/wp-content\/uploads\/2010\/10\/andrea_stefani.jpg","datePublished":"2010-11-05T10:26:51+00:00","breadcrumb":{"@id":"https:\/\/fjala.info\/2009-2015\/piramida-si-donkishotizem-antikomunist\/#breadcrumb"},"inLanguage":"sq-AL","potentialAction":[{"@type":"ReadAction","target":["https:\/\/fjala.info\/2009-2015\/piramida-si-donkishotizem-antikomunist\/"]}]},{"@type":"ImageObject","inLanguage":"sq-AL","@id":"https:\/\/fjala.info\/2009-2015\/piramida-si-donkishotizem-antikomunist\/#primaryimage","url":"http:\/\/fjala.shkoder.net\/wp-content\/uploads\/2010\/10\/andrea_stefani.jpg","contentUrl":"http:\/\/fjala.shkoder.net\/wp-content\/uploads\/2010\/10\/andrea_stefani.jpg"},{"@type":"BreadcrumbList","@id":"https:\/\/fjala.info\/2009-2015\/piramida-si-donkishotizem-antikomunist\/#breadcrumb","itemListElement":[{"@type":"ListItem","position":1,"name":"Home","item":"https:\/\/fjala.info\/2009-2015\/"},{"@type":"ListItem","position":2,"name":"Piramida si donkishotizem &#8216;antikomunist&#8217;"}]},{"@type":"WebSite","@id":"https:\/\/fjala.info\/2009-2015\/#website","url":"https:\/\/fjala.info\/2009-2015\/","name":"FjALA e LIR\u00cb - Arkivi","description":"Arkivi 2009-2015","publisher":{"@id":"https:\/\/fjala.info\/2009-2015\/#organization"},"potentialAction":[{"@type":"SearchAction","target":{"@type":"EntryPoint","urlTemplate":"https:\/\/fjala.info\/2009-2015\/?s={search_term_string}"},"query-input":{"@type":"PropertyValueSpecification","valueRequired":true,"valueName":"search_term_string"}}],"inLanguage":"sq-AL"},{"@type":"Organization","@id":"https:\/\/fjala.info\/2009-2015\/#organization","name":"FjALA e LIR\u00cb - Arkivi","url":"https:\/\/fjala.info\/2009-2015\/","logo":{"@type":"ImageObject","inLanguage":"sq-AL","@id":"https:\/\/fjala.info\/2009-2015\/#\/schema\/logo\/image\/","url":"","contentUrl":"","caption":"FjALA e LIR\u00cb - Arkivi"},"image":{"@id":"https:\/\/fjala.info\/2009-2015\/#\/schema\/logo\/image\/"}},{"@type":"Person","@id":"https:\/\/fjala.info\/2009-2015\/#\/schema\/person\/3aa1163ef05469c496fc94e77611ada2","name":"admin","image":{"@type":"ImageObject","inLanguage":"sq-AL","@id":"https:\/\/fjala.info\/2009-2015\/wp-content\/uploads\/2012\/02\/arben_cokaj-120x150.jpg","url":"https:\/\/fjala.info\/2009-2015\/wp-content\/uploads\/2012\/02\/arben_cokaj-120x150.jpg","contentUrl":"https:\/\/fjala.info\/2009-2015\/wp-content\/uploads\/2012\/02\/arben_cokaj-120x150.jpg","caption":"admin"},"description":"Admin, Fjala e Lir\u00eb","sameAs":["https:\/\/fjala.info\/"],"url":"https:\/\/fjala.info\/2009-2015\/author\/admin\/"}]}},"_links":{"self":[{"href":"https:\/\/fjala.info\/2009-2015\/wp-json\/wp\/v2\/posts\/4624","targetHints":{"allow":["GET"]}}],"collection":[{"href":"https:\/\/fjala.info\/2009-2015\/wp-json\/wp\/v2\/posts"}],"about":[{"href":"https:\/\/fjala.info\/2009-2015\/wp-json\/wp\/v2\/types\/post"}],"author":[{"embeddable":true,"href":"https:\/\/fjala.info\/2009-2015\/wp-json\/wp\/v2\/users\/1"}],"replies":[{"embeddable":true,"href":"https:\/\/fjala.info\/2009-2015\/wp-json\/wp\/v2\/comments?post=4624"}],"version-history":[{"count":0,"href":"https:\/\/fjala.info\/2009-2015\/wp-json\/wp\/v2\/posts\/4624\/revisions"}],"wp:attachment":[{"href":"https:\/\/fjala.info\/2009-2015\/wp-json\/wp\/v2\/media?parent=4624"}],"wp:term":[{"taxonomy":"category","embeddable":true,"href":"https:\/\/fjala.info\/2009-2015\/wp-json\/wp\/v2\/categories?post=4624"},{"taxonomy":"post_tag","embeddable":true,"href":"https:\/\/fjala.info\/2009-2015\/wp-json\/wp\/v2\/tags?post=4624"}],"curies":[{"name":"wp","href":"https:\/\/api.w.org\/{rel}","templated":true}]}}