{"id":4622,"date":"2010-11-05T11:19:43","date_gmt":"2010-11-05T10:19:43","guid":{"rendered":"http:\/\/fjala.shkoder.net\/?p=4622"},"modified":"2010-11-05T11:19:43","modified_gmt":"2010-11-05T10:19:43","slug":"kryeministri-dhe-interpretimi-i-endrres-se-tij","status":"publish","type":"post","link":"https:\/\/fjala.info\/2009-2015\/kryeministri-dhe-interpretimi-i-endrres-se-tij\/","title":{"rendered":"Kryeministri dhe interpretimi i \u00ebndrr\u00ebs s\u00eb tij"},"content":{"rendered":"<p><strong>Myslim Pasha<\/strong>, <em>05.11.2010<\/em><\/p>\n<p><strong>1. Hyrje nga dera e pasme<\/strong>.<\/p>\n<p>At\u00eb \u00e7ast, kur t\u00eb hidhet n\u00eb er\u00eb, Piramida, ne duhet ta p\u00ebrfytyrojm\u00eb Kryeministrin ton\u00eb, se nuk do t\u00eb jet\u00eb n\u00eb shfaqje, bile as shp\u00ebrthimin shurdhues t\u00eb tritolit n\u00eb rr\u00ebnj\u00eb, nuk do ta d\u00ebgjoj\u00eb. At\u00eb bot\u00eb, ai ndijon z\u00ebrin e Tij, at\u00eb q\u00eb i erdhi n\u00eb \u00ebnd\u00ebrr, q\u00eb i foli n\u00eb vesh, p\u00ebr t\u00eb realizuar q\u00ebllimin e mbram\u00eb. Ai po hyn, nga nj\u00eb der\u00eb e pasme.<\/p>\n<p>&#8230;Piramida ka r\u00ebn\u00eb. N\u00eb tym askush s&#8217;afrohet. I vetmi \u00ebsht\u00eb Ai vet\u00eb, q\u00eb futet nga nj\u00eb der\u00eb e panjohur tuneli, sepse ajo ende ka mbetur e hapur. Ishte, n\u00eb t\u00eb v\u00ebrtet\u00eb, nj\u00eb llag\u00ebm i thell\u00eb e i gjat\u00eb q\u00eb lidh Kryeministrin\u00eb e sotme dhe at\u00eb t\u00eb djeshme, nj\u00eb lidhje tunelore e hapur n\u00ebn dhe e q\u00eb do t\u00eb ishte shp\u00ebtim ndaj nj\u00eb sulmi nuklear a t\u00eb llojit tjet\u00ebr q\u00eb k\u00ebrc\u00ebnonte \u00e7do dit\u00eb Shqip\u00ebrin\u00eb e ndritur n\u00eb Avampostin Jugper\u00ebndimor t\u00eb Adriatikut&#8230; N\u00ebn dhe qeveria dhe Byroja do t\u00eb punonin mbroth p\u00ebr Shqip\u00ebrin\u00eb&#8230;<\/p>\n<p>Bota, q\u00eb la pas, pra Kryeministria q\u00eb \u00ebsht\u00eb sip\u00ebr, me k\u00ebt\u00eb krahasim t\u00eb Kryeministris\u00eb n\u00eb tunel n\u00eb rr\u00ebnj\u00eb t\u00eb Piramid\u00ebs, i p\u00ebrngjan atij me nj\u00eb en\u00eb komunikuese gjigante, nj\u00eb komunikim me popullin e tij, i cili aty sip\u00ebr shqyen syt\u00eb p\u00ebr t\u00eb b\u00ebr\u00eb &#8220;sehir&#8221; se si i doli \u00ebndrra Atij q\u00eb ndodhet posht\u00eb, n\u00eb tunelin shp\u00ebtimtar.<\/p>\n<p>Vetvetiu ai qesh nga nj\u00eb g\u00ebzim i tjet\u00ebrllojsh\u00ebm. Kjo hyrje do ta nxjerr\u00eb at\u00eb n\u00eb themelin e ankthit t\u00eb Piramid\u00ebs, ku do t\u00eb ndjehet tmerr\u00ebsisht i zbraz\u00ebt n\u00eb ekzistenc\u00ebn e tij.<\/p>\n<p>Nga t\u00ebr\u00eb konfliktet e p\u00ebrditshme q\u00eb atij ia shtojn\u00eb jet\u00ebn, duket sikur ai e humb kontrollin e vetes, por kjo \u00ebsht\u00eb p\u00ebrkohshm\u00ebri.<\/p>\n<p>Ai kujton se ata kan\u00eb dal\u00eb q\u00eb t\u00eb brohorasin shkat\u00ebrrimin, kur lajmet q\u00eb i vijn\u00eb nga ka\u00e7ator\u00ebt i thon\u00eb, se ata, kishin ardhur p\u00ebr t\u00eb kullotur syt\u00eb, n\u00eb t\u00eb v\u00ebrtet\u00eb qen\u00eb mbledhur &#8220;p\u00ebr humbjen e aboneve urbane&#8221; dhe t\u00eb tjer\u00eb kishin vrapuar nga gjendja civile ku rrinin n\u00eb radh\u00eb p\u00ebr let\u00ebrnjoftimet biometrike, se po vjen afrimi p\u00ebr t\u00eb m\u00ebrguar, dhe m\u00eb tej, jasht\u00eb k\u00ebtij vendi, t\u00eb tjer\u00ebt: ishin pronar\u00eb dhe bij\u00eb pronar\u00ebsh q\u00eb duke bredhur n\u00ebp\u00ebr gjyqe thon\u00eb: &#8220;tash po vijm\u00eb tek ky Gjygj i mbram\u00eb&#8230; i Piramid\u00ebs se po na ikin mendt&#8217; e kres\u00eb&#8230;&#8221;<\/p>\n<p><strong>2. \u00cbndrra<\/strong><\/p>\n<p>\u00cbndrr\u00ebn ai e kish par\u00eb disa her\u00eb. Ishte &#8220;engj\u00eblli&#8221; q\u00eb i erdh dhe i kish ardhur edhe shum\u00eb her\u00eb t\u00eb tjera. Mir\u00ebpo, \u00e7udit\u00ebrisht, kish lidhje me At\u00eb, p\u00ebr t\u00eb cilin ish b\u00ebr\u00eb Piramida. N\u00eb natyr\u00ebn e qenies s\u00eb tij, dyzohet midis realitetit n\u00ebn dhe dhe shkat\u00ebrrimit mbi dhe, nj\u00eb realitet q\u00eb e ka prodhuar vet\u00ebm nj\u00eb urdh\u00ebr i Tij.<\/p>\n<p>Ai qesh me shpjegimin e absurdit. Duke menduar se \u00ebndrra n\u00ebp\u00ebrmjet engj\u00ebllit i pat th\u00ebn\u00eb p\u00ebr t\u00eb shkat\u00ebrruar nj\u00eb simbol, p\u00ebr t&#8217;u sjell\u00eb njer\u00ebzve g\u00ebzim. Befas, kjo e trazon keqas, pasi duke u t\u00ebrhequr n\u00ebp\u00ebr tunel, atje ku kish lindur \u00ebndrra, n\u00ebp\u00ebrmjet nj\u00eb shkat\u00ebrrimi, kish prodhuar nj\u00eb lloj mizorie, po ama nj\u00eb mizori t\u00eb bukur.<\/p>\n<p>Prandaj e quajti si nj\u00eb kumt, p\u00ebr t&#8217;ia shtuar edhe m\u00eb shum\u00eb jet\u00ebn.<\/p>\n<p>N\u00eb k\u00ebt\u00eb Vjesht\u00eb, q\u00eb \u00ebsht\u00eb ekujnoks, k\u00ebt\u00eb \u00cbnd\u00ebrr e nxjerr n\u00eb an\u00ebn tjet\u00ebr, at\u00ebher\u00eb kur do t\u00eb ndodh\u00eb shp\u00ebrthimi, n\u00eb ekujnoksin e Pranver\u00ebs. K\u00ebnaqet q\u00eb e b\u00ebn k\u00ebt\u00eb krahasim. Ka dal\u00eb n\u00eb ekuator, t\u00eb \u00ebndrr\u00ebs s\u00eb tij, q\u00eb iu shfaq n\u00eb Vjesht\u00eb, nd\u00ebrkaq rr\u00ebnimi do t\u00eb b\u00ebhet n\u00eb t\u00eb nj\u00ebjtin rrafsh, po n\u00eb krahun tjet\u00ebr, n\u00eb nj\u00eb ekuilib\u00ebr, n\u00eb stin\u00ebn ambiguide.<\/p>\n<p>Arkitektura e \u00ebndrr\u00ebs dhe Piramid\u00ebs p\u00ebrkon bukurisht. Mir\u00ebpo, Ai nuk sheh dhe aq mir\u00eb n\u00eb tunel, se \u00ebsht\u00eb err\u00ebsir\u00eb; po sapo zgjat syrin sip\u00ebr po edhe aty s\u00ebrish, ka tym. Nj\u00eb univers labirintesh shqiptare, prej sistemit totalitar deri n\u00eb Demokracin\u00eb totalitare nuk i ndahet q\u00eb nuk i ndahet. Duke e njohur let\u00ebrsin\u00eb ai ndjen nj\u00eb tmerr, sepse i vjen nd\u00ebr mend ferri dantesk, n\u00eb t\u00eb cil\u00ebn shqiptar\u00ebt p\u00ebr fatin e tyre, ishin t\u00eb lidhur, aq shum\u00eb.<\/p>\n<p>Sakaq nj\u00eb fuqi makab\u00ebr e p\u00ebrfshin dhe ai k\u00ebrkon q\u00eb t\u00eb kthehet n\u00eb zyr\u00eb, por \u00ebsht\u00eb e pamundur.<\/p>\n<p>Ndjehet q\u00eb \u00ebsht\u00eb bashk\u00ebfajtor n\u00eb ngritjen e dikurshme t\u00eb Piramid\u00ebs, edhe pse nuk ka qen\u00eb as arkitekt, as urbanist, as muzeolog, as poet i oborrit&#8230; por vet\u00ebm nj\u00eb mjek af\u00ebr oborrit q\u00eb ka qar\u00eb p\u00ebr vdekjen e diktatorit dhe lot\u00ebt nuk po i thahen ende. Kjo e tmerron dhe, prandaj, k\u00ebtu z\u00eb udh\u00eb edhe interpretimi i \u00ebndrr\u00ebs dhe pas saj, urdhri p\u00ebr shembjen e Piramid\u00ebs.<\/p>\n<p>Ai nuk ka pranuar kurr\u00eb q\u00eb ndonj\u00eb k\u00ebshilltar i tij, t\u00eb merret me interpretimin e \u00ebndrrave, q\u00eb i ndodhin vet\u00ebm Atij.<\/p>\n<p>Ato jan\u00eb individuale dhe duhen trajtuar si t\u00eb tilla edhe n\u00eb interpretim, t\u00eb shqyrtohen t\u00eb lidhura me p\u00ebrditshm\u00ebrin\u00eb q\u00eb ka lidhje n\u00eb labirinte firmash t\u00eb err\u00ebta n\u00eb kuti q\u00eb nuk hapen, sikur t\u00eb kishin brenda magji, me ankthe, pasthirrma t\u00eb papun\u00ebsh, dhe ikja prej tyre t\u00eb \u00e7on n\u00eb nj\u00eb \u00ebnd\u00ebrr madhore, si kjo e hedhjes n\u00eb er\u00eb t\u00eb simbolit.<\/p>\n<p>Papritmas i vjen nj\u00eb pyetje, t\u00eb cil\u00ebn \u00ebndrra nuk e pat qart\u00ebsuar: &#8220;Kush jan\u00eb t\u00eb marr\u00eb, Un\u00eb, apo ata atje sip\u00ebr q\u00eb po shohin tymin dhe fundin e mermerit t\u00eb fundit&#8230;&#8221;<\/p>\n<p><strong>3. P\u00ebrqasje<\/strong><\/p>\n<p>Ish dh\u00ebn\u00eb nj\u00eb urdh\u00ebr dikur, q\u00eb xhenier\u00ebt t\u00eb mbushnin themelet e Komitetit Ekzekutiv t\u00eb Tiran\u00ebs, me tritol, p\u00ebr ta hedhur n\u00eb er\u00eb, q\u00eb t\u00eb prishin trajt\u00ebn e Bulevardit t\u00eb Madh, si projekt italian p\u00ebr t&#8217;i hapur vend nd\u00ebrtimit t\u00eb Muzeut Historik Komb\u00ebtar.<\/p>\n<p>Edhe kjo mund t\u00eb ket\u00eb qen\u00eb nj\u00eb \u00ebnd\u00ebrr e diktatorit. \u00cbsht\u00eb n\u00eb m\u00ebdyshje, t\u00eb pranoj\u00eb ose jo, ngjashm\u00ebrin\u00eb e \u00ebndrr\u00ebs s\u00eb tij me at\u00eb t\u00eb diktatorit. Po ajo nuk mund t\u00eb jet\u00eb e barabart\u00eb me k\u00ebt\u00eb q\u00eb do t\u00eb ndodh\u00eb.<\/p>\n<p>&#8220;Pse vall\u00eb nuk i vun\u00eb tritol edhe Akademis\u00eb s\u00eb Arteve q\u00eb \u00ebsht\u00eb &#8220;myqja e Sopat\u00ebs s\u00eb Liktorit&#8221; po Universitetit q\u00eb &#8221; ishte fundi i bishtit t\u00eb k\u00ebsaj sopate&#8221; po stadiumi &#8220;q\u00eb ishte dhe \u00ebsht\u00eb presa e saj?&#8221; &#8211; pyet ai, nd\u00ebrsa ec\u00ebn n\u00ebp\u00ebr tunelin e n\u00ebndhesh\u00ebm.<\/p>\n<p><strong>4. Projekti i fsheht\u00eb&#8230;<\/strong><\/p>\n<p>Askush nuk e dinte se \u00e7&#8217;b\u00ebhej p\u00ebr k\u00ebt\u00eb spektak\u00ebl. Vet\u00ebm ai e ravij\u00ebzonte, hap\u00ebsir\u00ebn form\u00ebn e re t\u00eb Parlamentit, n\u00ebnkatet, sip\u00ebrkatet, parkingjet e n\u00ebndheshme, lulishte dhe lidhjet m\u00eb odat e pritjeve, p\u00ebr d\u00ebrgatat europiane. T\u00eb gjith\u00eb t\u00eb tijt\u00eb u habit\u00ebn, n\u00eb \u00e7ast, dhe shikuan nj\u00ebri-tjetrin, sepse deri n\u00eb at\u00eb koh\u00eb, ata e kishin p\u00ebrfytyruar k\u00ebt\u00eb Piramid\u00eb, si vend ku do t\u00eb luhej Hamleti.<\/p>\n<p>U desh\u00ebn vet\u00ebm disa minuta sapo ai e nxori fjal\u00ebn nga goja, q\u00eb ata t\u00eb ngaz\u00eblleheshin dhe t\u00eb kujtoheshin se ishin n\u00eb dijeni p\u00ebr projektin, t\u00eb cilin ai e kish diskutuar me ta (!!) q\u00eb u kish treguar studimet arkitektonike, fort\u00ebsin\u00eb e shtresave gjeologjike, drit\u00ebhijet dhe bile-bile ishin organizuar edhe Workshop-e t\u00eb tejdukshme, me komunitetin dhe grupe t\u00eb interesit.<\/p>\n<p>Edhe ata e kishin par\u00eb &#8216;\u00cbndrr\u00ebn e Prij\u00ebsit&#8217; t\u00eb tyre. K\u00ebt\u00eb \u00ebnd\u00ebrr e kishin par\u00eb edhe shum\u00eb militant\u00eb. Nj\u00eb sugjestion i jasht\u00ebzakonsh\u00ebm q\u00eb ndodh me njer\u00ebzit rrotull tij (Deputet\u00eb, ministra, zyrtar\u00eb&#8230;) t\u00eb gjith\u00eb qengja n\u00eb grigj\u00ebn e tij t\u00eb lumtur.<\/p>\n<p><strong>5. Simboli q\u00eb pjell simbole<\/strong><\/p>\n<p>Prej Idoltaris\u00eb s\u00eb k\u00ebtij njeriu duket bindsh\u00ebm se si i p\u00ebrndizet nj\u00eb adhurim i skajsh\u00ebm, dhe nj\u00eb p\u00ebrfytyrim ideor e pamor, q\u00eb ka t\u00eb b\u00ebj\u00eb me nj\u00eb simbol t\u00eb ri q\u00eb ngrihet mbi t\u00eb vjetrin dhe ky \u00ebsht\u00eb Simboli i tij.<\/p>\n<p>&#8220;Ja se si duhet shpjeguar!&#8221; &#8211; tha ai, duke u kthyer n\u00eb t\u00eb nj\u00ebjtin llag\u00ebm tunelor q\u00eb lidh hyrjen e pasme t\u00eb Piramid\u00ebs me Kryeministrin\u00eb dhe, pak m\u00eb tej, tuneli merr nj\u00eb kthes\u00eb tjet\u00ebr, p\u00ebr t&#8217;u lidhur me Komitetin Qendror, dhe avash-avash orientimi, t\u00eb nxjerr\u00eb tek shkall\u00ebt, ku ngjitej dhe ulej Enveri n\u00eb Byron\u00eb Politike.<\/p>\n<p>K\u00ebshtu lidhej Udh\u00ebheq\u00ebsja totalitare, n\u00eb tunelet fantazm\u00eb t\u00eb nd\u00ebrtuar n\u00ebn Dheun e Tiran\u00ebs si n\u00eb nj\u00eb mozaik komunikues p\u00ebr nj\u00eb bot\u00eb tjet\u00ebr q\u00eb do t\u00eb drejtonte Shqip\u00ebrin\u00eb n\u00eb raste kataklizmash.<\/p>\n<p>Ai ka nj\u00eb ditar t\u00eb jasht\u00ebzakonsh\u00ebm t\u00eb pun\u00ebs s\u00eb tij t\u00eb madhe, nj\u00eb ditar on-line me \u00ebndrra t\u00eb regjistruara deri n\u00eb You-Tube, Facebook, Twitter, shqyrtime t\u00eb tijat dhe hamendje, p\u00ebrfytyrime trazirash me opozit\u00ebn, rrotullime sociale, klasifikime sipas stin\u00ebve, k\u00ebmbime gjymtyr\u00ebsh nga nj\u00eb parti tek tjetra, ngrirje gjestesh&#8230;<\/p>\n<p>Po kjo ishte nj\u00eb Krye\u00ebnd\u00ebrr. Ish nj\u00eb Simbol. Prandaj duhen sulmuar simbolet si nj\u00eb urdh\u00ebr &#8220;kult&#8221;, t\u00eb cilat ai i ka p\u00ebr zem\u00ebr. K\u00ebto ethe, nuk mund t&#8217;i shuhen deri sa t\u00eb vij\u00eb ekujnoksi i prishjes s\u00eb madhe.<\/p>\n<p>Sa ngadal\u00eb ec\u00ebn koha! Pas etheve Ai p\u00ebrfshihet n\u00eb nj\u00eb epik\u00eb t\u00eb lasht\u00eb q\u00eb i vjen prej vendlindjes.<\/p>\n<p><strong>6. Vijim \u00ebndrre<\/strong><\/p>\n<p>Ambicia e kahershme e solli sot k\u00ebt\u00eb.<br \/>\nAty tek tuneli i n\u00ebndhesh\u00ebm, p\u00ebr t\u00eb dep\u00ebrtuar edhe m\u00eb thell\u00eb, n\u00eb krijim t\u00eb psikoz\u00ebs s\u00eb shkat\u00ebrrimit, n\u00eb em\u00ebr t\u00eb luft\u00ebs ndaj komunizmit. Mir\u00ebpo, jo rrall\u00eb her\u00eb, k\u00ebto impulse dhe dalje nga orbita, t\u00eb \u00e7ojn\u00eb edhe n\u00eb projekte t\u00eb TIJ p\u00ebr hapje tunelesh q\u00eb shkurtojn\u00eb larg\u00ebsit\u00eb. A nuk shpalli ai pas \u00ebndrr\u00ebs s\u00eb par\u00eb, pra asaj, t\u00eb Piramid\u00ebs edhe hapjen e tunelit q\u00eb lidh me Elbasanin?<\/p>\n<p>Ajo ishte nj\u00eb \u00ebnd\u00ebrr tjet\u00ebr e n\u00ebndheshme, q\u00eb n\u00eb k\u00ebt\u00eb rast, ndodh t\u00eb shkoj\u00eb n\u00eb udh\u00eb t\u00eb s\u00eb mir\u00ebs, sepse lidh gjeo-hap\u00ebsirat. Mir\u00ebpo p\u00ebr At\u00eb nuk ka r\u00ebnd\u00ebsi rruga, por Kryefjala&#8230;se ishte pik\u00ebrisht Ai q\u00eb e ideoi&#8230;<\/p>\n<p>T\u00eb hapen tenderi!&#8230; T\u00eb mos digjen kutit\u00eb! T\u00eb futet tritoli! T\u00eb dal\u00eb n\u00eb treg Eurobondi! &#8220;I shfaqen si pjes\u00eb t\u00eb lakmis\u00eb, e adhurimit q\u00eb k\u00ebrkon, hyjnizimit t\u00eb k\u00ebtij kalor\u00ebsi t\u00eb \u00ebndrr\u00ebs s\u00eb pasosur&#8230;&#8221;<\/p>\n<p>Pas saj, nj\u00eb arsye e ep\u00ebrme q\u00eb jeton vet\u00ebm tek Ai, krijon nj\u00eb perde p\u00ebr syt\u00eb e shqiptar\u00ebve p\u00ebr t\u00eb mbuluar &#8230; polarizimin shoq\u00ebror, korrupsionin, drog\u00ebn, koncesionet, pron\u00ebsin\u00eb e tjet\u00ebrsuar, riciklimet habitore t\u00eb mbetjeve qytetore, humbjen e dinjitetit shqiptar dhe shtremb\u00ebrim e historis\u00eb s\u00eb tij, diktatit t\u00eb fqinjit jugor q\u00eb t\u00eb nxjerr kockat e ethnis\u00eb t\u00ebnde p\u00ebr t\u00eb mbjell\u00eb shenja t\u00eb tij&#8230; nj\u00eb perde fatale!<\/p>\n<p>Dhe turpet q\u00eb b\u00ebhen p\u00ebr dit\u00eb&#8230;po dhe f\u00eblliq\u00ebsit\u00eb q\u00eb s&#8217;na u ndan\u00eb.<\/p>\n<p>&#8220;Jam k\u00ebtu n\u00eb Altar!&#8221; &#8211; thot\u00eb Ai, kur ndodhet s\u00ebrish n\u00eb at\u00eb tunelin e n\u00ebndhesh\u00ebm.<br \/>\nDhe radhas, n\u00eb nj\u00eb formacion pambarim, jan\u00eb vendosur shqiptar\u00ebt t\u00eb grishur prej impulsit q\u00eb ai dha.<\/p>\n<p>Politikan\u00eb, shkenc\u00ebtar\u00eb, filozof\u00eb, analist\u00eb, sociolog\u00eb, murgj, samarxhinj, kova\u00e7\u00eb, \u00e7oban\u00eb, prostituta, drogmen\u00eb, p\u00ebrtyp\u00ebs caracash, ish t\u00eb burgosur dhe t\u00eb burgosur t\u00eb sot\u00ebm, n\u00eb radh\u00eb presin t\u00eb thon\u00eb fjal\u00ebn e tyre n\u00eb m\u00ebngjese opinionesh, n\u00eb WC, n\u00eb sh\u00ebtitore, n\u00eb pub-e, duke i shmangur dhe harruar hallet e p\u00ebrditshm\u00ebris\u00eb s\u00eb tyre.<\/p>\n<p>Thoni at\u00ebher\u00eb! &#8220;Ky q\u00eb pa nj\u00eb \u00ebnd\u00ebrr dhe hodhi nj\u00eb gur\u00eb n\u00eb pus&#8230; ish nj\u00eb budalla &#8230;apo gjeni?!&#8221;<\/p>\n","protected":false},"excerpt":{"rendered":"<p>Myslim Pasha, 05.11.2010 1. Hyrje nga dera e pasme. At\u00eb \u00e7ast, kur t\u00eb hidhet n\u00eb er\u00eb, Piramida, ne duhet ta p\u00ebrfytyrojm\u00eb Kryeministrin ton\u00eb, se nuk do t\u00eb jet\u00eb n\u00eb shfaqje, bile as shp\u00ebrthimin shurdhues t\u00eb tritolit n\u00eb rr\u00ebnj\u00eb, nuk do ta d\u00ebgjoj\u00eb. At\u00eb bot\u00eb, ai ndijon z\u00ebrin e Tij, at\u00eb q\u00eb i erdhi n\u00eb \u00ebnd\u00ebrr, [&hellip;]<\/p>\n","protected":false},"author":1,"featured_media":0,"comment_status":"open","ping_status":"closed","sticky":false,"template":"","format":"standard","meta":{"footnotes":""},"categories":[2],"tags":[],"class_list":{"0":"post-4622","1":"post","2":"type-post","3":"status-publish","4":"format-standard","6":"category-artikuj"},"yoast_head":"<!-- This site is optimized with the Yoast SEO plugin v27.4 - https:\/\/yoast.com\/product\/yoast-seo-wordpress\/ -->\n<title>Kryeministri dhe interpretimi i \u00ebndrr\u00ebs s\u00eb tij - FjALA e LIR\u00cb - Arkivi<\/title>\n<meta name=\"robots\" content=\"index, follow, max-snippet:-1, max-image-preview:large, max-video-preview:-1\" \/>\n<link rel=\"canonical\" href=\"https:\/\/fjala.info\/2009-2015\/kryeministri-dhe-interpretimi-i-endrres-se-tij\/\" \/>\n<meta property=\"og:locale\" content=\"sq_AL\" \/>\n<meta property=\"og:type\" content=\"article\" \/>\n<meta property=\"og:title\" content=\"Kryeministri dhe interpretimi i \u00ebndrr\u00ebs s\u00eb tij - FjALA e LIR\u00cb - Arkivi\" \/>\n<meta property=\"og:description\" content=\"Myslim Pasha, 05.11.2010 1. Hyrje nga dera e pasme. At\u00eb \u00e7ast, kur t\u00eb hidhet n\u00eb er\u00eb, Piramida, ne duhet ta p\u00ebrfytyrojm\u00eb Kryeministrin ton\u00eb, se nuk do t\u00eb jet\u00eb n\u00eb shfaqje, bile as shp\u00ebrthimin shurdhues t\u00eb tritolit n\u00eb rr\u00ebnj\u00eb, nuk do ta d\u00ebgjoj\u00eb. At\u00eb bot\u00eb, ai ndijon z\u00ebrin e Tij, at\u00eb q\u00eb i erdhi n\u00eb \u00ebnd\u00ebrr, [&hellip;]\" \/>\n<meta property=\"og:url\" content=\"https:\/\/fjala.info\/2009-2015\/kryeministri-dhe-interpretimi-i-endrres-se-tij\/\" \/>\n<meta property=\"og:site_name\" content=\"FjALA e LIR\u00cb - Arkivi\" \/>\n<meta property=\"article:published_time\" content=\"2010-11-05T10:19:43+00:00\" \/>\n<meta name=\"author\" content=\"admin\" \/>\n<meta name=\"twitter:card\" content=\"summary_large_image\" \/>\n<meta name=\"twitter:label1\" content=\"Written by\" \/>\n\t<meta name=\"twitter:data1\" content=\"admin\" \/>\n\t<meta name=\"twitter:label2\" content=\"Est. reading time\" \/>\n\t<meta name=\"twitter:data2\" content=\"10 minutes\" \/>\n<script type=\"application\/ld+json\" class=\"yoast-schema-graph\">{\"@context\":\"https:\\\/\\\/schema.org\",\"@graph\":[{\"@type\":\"Article\",\"@id\":\"https:\\\/\\\/fjala.info\\\/2009-2015\\\/kryeministri-dhe-interpretimi-i-endrres-se-tij\\\/#article\",\"isPartOf\":{\"@id\":\"https:\\\/\\\/fjala.info\\\/2009-2015\\\/kryeministri-dhe-interpretimi-i-endrres-se-tij\\\/\"},\"author\":{\"name\":\"admin\",\"@id\":\"https:\\\/\\\/fjala.info\\\/2009-2015\\\/#\\\/schema\\\/person\\\/3aa1163ef05469c496fc94e77611ada2\"},\"headline\":\"Kryeministri dhe interpretimi i \u00ebndrr\u00ebs s\u00eb tij\",\"datePublished\":\"2010-11-05T10:19:43+00:00\",\"mainEntityOfPage\":{\"@id\":\"https:\\\/\\\/fjala.info\\\/2009-2015\\\/kryeministri-dhe-interpretimi-i-endrres-se-tij\\\/\"},\"wordCount\":1981,\"commentCount\":0,\"publisher\":{\"@id\":\"https:\\\/\\\/fjala.info\\\/2009-2015\\\/#organization\"},\"articleSection\":[\"Artikuj\"],\"inLanguage\":\"sq-AL\",\"potentialAction\":[{\"@type\":\"CommentAction\",\"name\":\"Comment\",\"target\":[\"https:\\\/\\\/fjala.info\\\/2009-2015\\\/kryeministri-dhe-interpretimi-i-endrres-se-tij\\\/#respond\"]}]},{\"@type\":\"WebPage\",\"@id\":\"https:\\\/\\\/fjala.info\\\/2009-2015\\\/kryeministri-dhe-interpretimi-i-endrres-se-tij\\\/\",\"url\":\"https:\\\/\\\/fjala.info\\\/2009-2015\\\/kryeministri-dhe-interpretimi-i-endrres-se-tij\\\/\",\"name\":\"Kryeministri dhe interpretimi i \u00ebndrr\u00ebs s\u00eb tij - FjALA e LIR\u00cb - Arkivi\",\"isPartOf\":{\"@id\":\"https:\\\/\\\/fjala.info\\\/2009-2015\\\/#website\"},\"datePublished\":\"2010-11-05T10:19:43+00:00\",\"breadcrumb\":{\"@id\":\"https:\\\/\\\/fjala.info\\\/2009-2015\\\/kryeministri-dhe-interpretimi-i-endrres-se-tij\\\/#breadcrumb\"},\"inLanguage\":\"sq-AL\",\"potentialAction\":[{\"@type\":\"ReadAction\",\"target\":[\"https:\\\/\\\/fjala.info\\\/2009-2015\\\/kryeministri-dhe-interpretimi-i-endrres-se-tij\\\/\"]}]},{\"@type\":\"BreadcrumbList\",\"@id\":\"https:\\\/\\\/fjala.info\\\/2009-2015\\\/kryeministri-dhe-interpretimi-i-endrres-se-tij\\\/#breadcrumb\",\"itemListElement\":[{\"@type\":\"ListItem\",\"position\":1,\"name\":\"Home\",\"item\":\"https:\\\/\\\/fjala.info\\\/2009-2015\\\/\"},{\"@type\":\"ListItem\",\"position\":2,\"name\":\"Kryeministri dhe interpretimi i \u00ebndrr\u00ebs s\u00eb tij\"}]},{\"@type\":\"WebSite\",\"@id\":\"https:\\\/\\\/fjala.info\\\/2009-2015\\\/#website\",\"url\":\"https:\\\/\\\/fjala.info\\\/2009-2015\\\/\",\"name\":\"FjALA e LIR\u00cb - Arkivi\",\"description\":\"Arkivi 2009-2015\",\"publisher\":{\"@id\":\"https:\\\/\\\/fjala.info\\\/2009-2015\\\/#organization\"},\"potentialAction\":[{\"@type\":\"SearchAction\",\"target\":{\"@type\":\"EntryPoint\",\"urlTemplate\":\"https:\\\/\\\/fjala.info\\\/2009-2015\\\/?s={search_term_string}\"},\"query-input\":{\"@type\":\"PropertyValueSpecification\",\"valueRequired\":true,\"valueName\":\"search_term_string\"}}],\"inLanguage\":\"sq-AL\"},{\"@type\":\"Organization\",\"@id\":\"https:\\\/\\\/fjala.info\\\/2009-2015\\\/#organization\",\"name\":\"FjALA e LIR\u00cb - Arkivi\",\"url\":\"https:\\\/\\\/fjala.info\\\/2009-2015\\\/\",\"logo\":{\"@type\":\"ImageObject\",\"inLanguage\":\"sq-AL\",\"@id\":\"https:\\\/\\\/fjala.info\\\/2009-2015\\\/#\\\/schema\\\/logo\\\/image\\\/\",\"url\":\"\",\"contentUrl\":\"\",\"caption\":\"FjALA e LIR\u00cb - Arkivi\"},\"image\":{\"@id\":\"https:\\\/\\\/fjala.info\\\/2009-2015\\\/#\\\/schema\\\/logo\\\/image\\\/\"}},{\"@type\":\"Person\",\"@id\":\"https:\\\/\\\/fjala.info\\\/2009-2015\\\/#\\\/schema\\\/person\\\/3aa1163ef05469c496fc94e77611ada2\",\"name\":\"admin\",\"image\":{\"@type\":\"ImageObject\",\"inLanguage\":\"sq-AL\",\"@id\":\"https:\\\/\\\/fjala.info\\\/2009-2015\\\/wp-content\\\/uploads\\\/2012\\\/02\\\/arben_cokaj-120x150.jpg\",\"url\":\"https:\\\/\\\/fjala.info\\\/2009-2015\\\/wp-content\\\/uploads\\\/2012\\\/02\\\/arben_cokaj-120x150.jpg\",\"contentUrl\":\"https:\\\/\\\/fjala.info\\\/2009-2015\\\/wp-content\\\/uploads\\\/2012\\\/02\\\/arben_cokaj-120x150.jpg\",\"caption\":\"admin\"},\"description\":\"Admin, Fjala e Lir\u00eb\",\"sameAs\":[\"https:\\\/\\\/fjala.info\\\/\"],\"url\":\"https:\\\/\\\/fjala.info\\\/2009-2015\\\/author\\\/admin\\\/\"}]}<\/script>\n<!-- \/ Yoast SEO plugin. -->","yoast_head_json":{"title":"Kryeministri dhe interpretimi i \u00ebndrr\u00ebs s\u00eb tij - FjALA e LIR\u00cb - Arkivi","robots":{"index":"index","follow":"follow","max-snippet":"max-snippet:-1","max-image-preview":"max-image-preview:large","max-video-preview":"max-video-preview:-1"},"canonical":"https:\/\/fjala.info\/2009-2015\/kryeministri-dhe-interpretimi-i-endrres-se-tij\/","og_locale":"sq_AL","og_type":"article","og_title":"Kryeministri dhe interpretimi i \u00ebndrr\u00ebs s\u00eb tij - FjALA e LIR\u00cb - Arkivi","og_description":"Myslim Pasha, 05.11.2010 1. Hyrje nga dera e pasme. At\u00eb \u00e7ast, kur t\u00eb hidhet n\u00eb er\u00eb, Piramida, ne duhet ta p\u00ebrfytyrojm\u00eb Kryeministrin ton\u00eb, se nuk do t\u00eb jet\u00eb n\u00eb shfaqje, bile as shp\u00ebrthimin shurdhues t\u00eb tritolit n\u00eb rr\u00ebnj\u00eb, nuk do ta d\u00ebgjoj\u00eb. At\u00eb bot\u00eb, ai ndijon z\u00ebrin e Tij, at\u00eb q\u00eb i erdhi n\u00eb \u00ebnd\u00ebrr, [&hellip;]","og_url":"https:\/\/fjala.info\/2009-2015\/kryeministri-dhe-interpretimi-i-endrres-se-tij\/","og_site_name":"FjALA e LIR\u00cb - Arkivi","article_published_time":"2010-11-05T10:19:43+00:00","author":"admin","twitter_card":"summary_large_image","twitter_misc":{"Written by":"admin","Est. reading time":"10 minutes"},"schema":{"@context":"https:\/\/schema.org","@graph":[{"@type":"Article","@id":"https:\/\/fjala.info\/2009-2015\/kryeministri-dhe-interpretimi-i-endrres-se-tij\/#article","isPartOf":{"@id":"https:\/\/fjala.info\/2009-2015\/kryeministri-dhe-interpretimi-i-endrres-se-tij\/"},"author":{"name":"admin","@id":"https:\/\/fjala.info\/2009-2015\/#\/schema\/person\/3aa1163ef05469c496fc94e77611ada2"},"headline":"Kryeministri dhe interpretimi i \u00ebndrr\u00ebs s\u00eb tij","datePublished":"2010-11-05T10:19:43+00:00","mainEntityOfPage":{"@id":"https:\/\/fjala.info\/2009-2015\/kryeministri-dhe-interpretimi-i-endrres-se-tij\/"},"wordCount":1981,"commentCount":0,"publisher":{"@id":"https:\/\/fjala.info\/2009-2015\/#organization"},"articleSection":["Artikuj"],"inLanguage":"sq-AL","potentialAction":[{"@type":"CommentAction","name":"Comment","target":["https:\/\/fjala.info\/2009-2015\/kryeministri-dhe-interpretimi-i-endrres-se-tij\/#respond"]}]},{"@type":"WebPage","@id":"https:\/\/fjala.info\/2009-2015\/kryeministri-dhe-interpretimi-i-endrres-se-tij\/","url":"https:\/\/fjala.info\/2009-2015\/kryeministri-dhe-interpretimi-i-endrres-se-tij\/","name":"Kryeministri dhe interpretimi i \u00ebndrr\u00ebs s\u00eb tij - FjALA e LIR\u00cb - Arkivi","isPartOf":{"@id":"https:\/\/fjala.info\/2009-2015\/#website"},"datePublished":"2010-11-05T10:19:43+00:00","breadcrumb":{"@id":"https:\/\/fjala.info\/2009-2015\/kryeministri-dhe-interpretimi-i-endrres-se-tij\/#breadcrumb"},"inLanguage":"sq-AL","potentialAction":[{"@type":"ReadAction","target":["https:\/\/fjala.info\/2009-2015\/kryeministri-dhe-interpretimi-i-endrres-se-tij\/"]}]},{"@type":"BreadcrumbList","@id":"https:\/\/fjala.info\/2009-2015\/kryeministri-dhe-interpretimi-i-endrres-se-tij\/#breadcrumb","itemListElement":[{"@type":"ListItem","position":1,"name":"Home","item":"https:\/\/fjala.info\/2009-2015\/"},{"@type":"ListItem","position":2,"name":"Kryeministri dhe interpretimi i \u00ebndrr\u00ebs s\u00eb tij"}]},{"@type":"WebSite","@id":"https:\/\/fjala.info\/2009-2015\/#website","url":"https:\/\/fjala.info\/2009-2015\/","name":"FjALA e LIR\u00cb - Arkivi","description":"Arkivi 2009-2015","publisher":{"@id":"https:\/\/fjala.info\/2009-2015\/#organization"},"potentialAction":[{"@type":"SearchAction","target":{"@type":"EntryPoint","urlTemplate":"https:\/\/fjala.info\/2009-2015\/?s={search_term_string}"},"query-input":{"@type":"PropertyValueSpecification","valueRequired":true,"valueName":"search_term_string"}}],"inLanguage":"sq-AL"},{"@type":"Organization","@id":"https:\/\/fjala.info\/2009-2015\/#organization","name":"FjALA e LIR\u00cb - Arkivi","url":"https:\/\/fjala.info\/2009-2015\/","logo":{"@type":"ImageObject","inLanguage":"sq-AL","@id":"https:\/\/fjala.info\/2009-2015\/#\/schema\/logo\/image\/","url":"","contentUrl":"","caption":"FjALA e LIR\u00cb - Arkivi"},"image":{"@id":"https:\/\/fjala.info\/2009-2015\/#\/schema\/logo\/image\/"}},{"@type":"Person","@id":"https:\/\/fjala.info\/2009-2015\/#\/schema\/person\/3aa1163ef05469c496fc94e77611ada2","name":"admin","image":{"@type":"ImageObject","inLanguage":"sq-AL","@id":"https:\/\/fjala.info\/2009-2015\/wp-content\/uploads\/2012\/02\/arben_cokaj-120x150.jpg","url":"https:\/\/fjala.info\/2009-2015\/wp-content\/uploads\/2012\/02\/arben_cokaj-120x150.jpg","contentUrl":"https:\/\/fjala.info\/2009-2015\/wp-content\/uploads\/2012\/02\/arben_cokaj-120x150.jpg","caption":"admin"},"description":"Admin, Fjala e Lir\u00eb","sameAs":["https:\/\/fjala.info\/"],"url":"https:\/\/fjala.info\/2009-2015\/author\/admin\/"}]}},"_links":{"self":[{"href":"https:\/\/fjala.info\/2009-2015\/wp-json\/wp\/v2\/posts\/4622","targetHints":{"allow":["GET"]}}],"collection":[{"href":"https:\/\/fjala.info\/2009-2015\/wp-json\/wp\/v2\/posts"}],"about":[{"href":"https:\/\/fjala.info\/2009-2015\/wp-json\/wp\/v2\/types\/post"}],"author":[{"embeddable":true,"href":"https:\/\/fjala.info\/2009-2015\/wp-json\/wp\/v2\/users\/1"}],"replies":[{"embeddable":true,"href":"https:\/\/fjala.info\/2009-2015\/wp-json\/wp\/v2\/comments?post=4622"}],"version-history":[{"count":0,"href":"https:\/\/fjala.info\/2009-2015\/wp-json\/wp\/v2\/posts\/4622\/revisions"}],"wp:attachment":[{"href":"https:\/\/fjala.info\/2009-2015\/wp-json\/wp\/v2\/media?parent=4622"}],"wp:term":[{"taxonomy":"category","embeddable":true,"href":"https:\/\/fjala.info\/2009-2015\/wp-json\/wp\/v2\/categories?post=4622"},{"taxonomy":"post_tag","embeddable":true,"href":"https:\/\/fjala.info\/2009-2015\/wp-json\/wp\/v2\/tags?post=4622"}],"curies":[{"name":"wp","href":"https:\/\/api.w.org\/{rel}","templated":true}]}}