{"id":4621,"date":"2012-08-23T07:44:52","date_gmt":"2012-08-23T06:44:52","guid":{"rendered":"http:\/\/www.fjala.info\/?p=4621"},"modified":"2012-08-23T07:44:52","modified_gmt":"2012-08-23T06:44:52","slug":"vrasja-e-gazetarise-dhe-elegjia-e-baton-haxhiut","status":"publish","type":"post","link":"https:\/\/fjala.info\/2009-2015\/vrasja-e-gazetarise-dhe-elegjia-e-baton-haxhiut\/","title":{"rendered":"Vrasja e gazetaris\u00eb dhe elegjia e Baton Haxhiut"},"content":{"rendered":"<p><img decoding=\"async\" class=\"alignright size-thumbnail wp-image-7236\" title=\"Mentor Kikia\" src=\"http:\/\/www.fjala.info\/2012\/mentor_kikia.jpg\" alt=\"\" width=\"150\" \/> Nga <strong>Mentor Kikia<\/strong>, <em>16 Gusht 2012<\/em><\/p>\n<p>Gazetari Baton Haxhiu, n\u00eb numrin e 15 Gushtit, n\u00eb gazet\u00ebn \u201cZ\u00ebri\u201d n\u00eb Prishtin\u00eb, botonte nj\u00eb elegji t\u00eb gjat\u00eb p\u00ebr median shqiptare, duke iu referuar rastit t\u00eb vendosjes se sekuestros ndaj pjes\u00ebs m\u00eb t\u00eb madhe t\u00eb aksioneve t\u00eb kompanis\u00eb s\u00eb Rezart Ta\u00e7it, \u201cTa\u00e7i Oil\u201d.<\/p>\n<p>Me pak fjal\u00eb, kolegu yn\u00eb nga Kosova theksonte se asnj\u00eb media nuk e dha lajmin p\u00ebr vendosjen e k\u00ebsaj sekuestroje dhe se ato, pa dh\u00ebn\u00eb m\u00eb par\u00eb lajmin, dhan\u00eb sqarimin e kompanis\u00eb \u201cTa\u00e7i Oil\u201d, sipas t\u00eb cil\u00ebs ajo nuk kishte lidhje me bank\u00ebn Credins. M\u00eb pas analiza kritike e Haxhiut l\u00ebshohet pa asnj\u00eb dogan\u00eb ndaj gazetar\u00ebve. Po sjell vet\u00ebm nje fragment, pasi m\u00eb posht\u00eb \u00ebsht\u00eb shkrimi i plot\u00eb.<\/p>\n<p>\u201c<em>Editor\u00ebt e lajmeve t\u00eb gazetave dhe televizioneve at\u00eb dit\u00eb e kan\u00eb p\u00ebrfunduar profesionin e gazetaris\u00eb. Ata mund t\u00eb jen\u00eb pjes\u00eb e ndonj\u00eb projekti medial n\u00eb t\u00eb ardhmen, por pun\u00ebn me gazetarin\u00eb e kan\u00eb t\u00eb huqur. Ata kan\u00eb mashtruar t\u00eb kaluar\u00ebn profesionale. Kan\u00eb shkelur dinjitetin profesional duke ua v\u00ebn\u00eb n\u00eb dispozicion faqet e gazet\u00ebs dhe ekranet mass-mediatike dy-tre politikan\u00ebve. Ose edhe m\u00eb keq, t\u00eb p\u00ebrdoren brutalisht nga ta duke i ofruar opinionit publik vet\u00ebm imazhe dhe regji politike, duke harruar t\u00eb ofrojn\u00eb at\u00eb q\u00eb \u00ebsht\u00eb dhe misioni i gazetaris\u00eb: t\u00eb v\u00ebrtet\u00ebn objektive<\/em>\u201d.<\/p>\n<p>S\u00eb pari, si nj\u00eb nd\u00ebr k\u00ebta editor\u00eb dhe pun\u00ebtor\u00eb t\u00eb medias, t\u00eb cituar n\u00eb artikull, doja t\u00eb sqaroja se nuk \u00ebsht\u00eb fare e vertet\u00eb q\u00eb lajmi nuk u dha. Vet\u00ebm n\u00ebse Batoni ka par\u00eb lajmet vet\u00ebm n\u00eb televizonet q\u00eb e kan\u00eb lidhur kabllin me selin\u00eb e qeveris\u00eb dhe serbatorin e makinave me depozitat e Ta\u00e7it. Televizionet dhe gazetat e publikuan lajmin. Padyshim edhe Top Channel e njoftoi at\u00eb, por nuk mund ta mbante n\u00eb transmetimin dy dit\u00eb rresht t\u00eb nj\u00ebjtin lajm (Batoni thot\u00eb se Top Channel e futi dhe pastaj e hoqi), pasi kjo bie ndesh me profesionalizmin. Nd\u00ebrsa n\u00eb k\u00ebt\u00eb platform\u00eb online, IDEA, naft\u00ebrat\u00ebt e Armos kan\u00eb gjetur nj\u00eb dritare ku kan\u00eb denoncuar n\u00eb m\u00ebnyr\u00eb sistematike gjendjen e tyre, mosmarrjen e pagave, kushtet e pun\u00ebs etj.<\/p>\n<p>Padyshim q\u00eb media shqiptare ka probleme dhe shum\u00eb bile. Ajo \u00ebsht\u00eb sot e mb\u00ebrthyer nga ganxhat e politik\u00ebs, \u00ebsht\u00eb sot e n\u00ebnshtruar nga presioni p\u00ebr ti dh\u00ebn\u00eb hap\u00ebsir\u00eb politik\u00ebs. Padyshim q\u00eb gazetaria shqiptare vuan edhe nga mungesa e investigimit, ose m\u00eb sakt\u00eb e nj\u00eb investigimi profesional. Por nuk \u00ebsht\u00eb e vertet\u00eb se e gjith\u00eb media \u00ebsht\u00eb pal\u00eb, ose t\u00eb gjith\u00eb gazetar\u00ebt kan\u00eb v\u00ebn\u00eb shpirtin e tyre n\u00eb sh\u00ebrbim t\u00eb paudh\u00ebsis\u00eb s\u00eb politik\u00ebs dhe korrupsionit, nuk \u00ebsht\u00eb e v\u00ebrtet\u00eb se t\u00eb gjith\u00eb editor\u00ebt kan\u00eb shkelur me k\u00ebmb\u00eb profesionin dhe misionin e shenjt\u00eb t\u00eb gazetarit.<\/p>\n<p>Po, \u00ebsht\u00eb shum\u00eb e v\u00ebrtet\u00eb se nj\u00eb dyzin\u00eb gazetar\u00ebsh jan\u00eb shnd\u00ebrruar n\u00eb eksort\u00eb e politik\u00ebs. Jan\u00eb ata q\u00eb kapardisen krah p\u00ebrkrah politikan\u00ebve me t\u00eb lart\u00eb, e kan\u00eb p\u00ebr nder t\u00eb jen\u00eb n\u00eb tryezat e tyre, t\u00eb jen\u00eb t\u00eb ftuarit e tyre edhe n\u00eb sebepe familjare, t\u00eb kalojn\u00eb bashk\u00eb madje edhe pushimet. Po, k\u00ebta gazetar\u00eb e kan\u00eb shitur profesionin dhe misionin e tyre. Dhe e kan\u00eb shitur jo lir\u00eb. Ata kan\u00eb abuzuar me programet dhe emisionet q\u00eb drejtojn\u00eb, kan\u00eb abuzuar me profesionin e tyre, kan\u00eb abuzuar me median dhe resursin publik q\u00eb ajo ka. Ata jan\u00eb sot aristokracia e gazetaris\u00eb shqiptare. Ata jan\u00eb t\u00eb pasur.<\/p>\n<p>Edhe pse paguhen mesatarisht jo m\u00eb shum\u00eb se 3-4 mij\u00eb euro n\u00eb muaj, ata kan\u00eb makina shum\u00eb t\u00eb shtrenjta, kan\u00eb nga 2-3 sht\u00ebpi, nj\u00ebsoj si ata biznesmen\u00ebt q\u00eb u ka r\u00ebn\u00eb bretku n\u00eb pun\u00eb, kan\u00eb vila me pishina, dhe i kan\u00eb pik\u00ebrisht n\u00eb t\u00eb nj\u00ebjt\u00ebt fshatra turistik\u00eb bregdetar\u00eb ku i kan\u00eb edhe ministrat e deputetet, apo klani i tyre i biznesit. Pra, ata kan\u00eb hyr\u00eb n\u00eb familje. Madje disa syresh prej tyre marrin p\u00ebrsip\u00ebr detyra edhe m\u00eb t\u00eb v\u00ebshtira, si psh t\u00eb nd\u00ebrmjet\u00ebsojn\u00eb pajtimin e politikaneve tan\u00eb m\u00ebrim\u00ebdhenj, si\u00e7 mund t\u00eb jet\u00eb takimi mes Ram\u00ebs dhe Met\u00ebs n\u00eb Gjirin e Lal\u00ebsit. Fatkeq\u00ebsisht pjes\u00eb e k\u00ebtij grupi \u00ebsht\u00eb edhe autori i shkrimit q\u00eb kritikon median shqiptare.<\/p>\n<p>Nd\u00ebrsa gazetar\u00ebt e tjer\u00eb Baton jan\u00eb t\u00eb ndersh\u00ebm, jan\u00eb pun\u00ebtor\u00eb, jan\u00eb t\u00eb pa kompromentuar, t\u00eb pap\u00ebrfshir\u00eb n\u00eb klanet e politik\u00ebs dhe biznesit t\u00eb pist\u00eb q\u00eb e ushqen politik\u00ebn dhe eskort\u00ebn e saj gazetareske. Pra konstatimi juaj \u00ebsht\u00eb i drejt\u00eb, por nuk duhet t\u00eb jet\u00eb p\u00ebrgjith\u00ebsues. Kritikat tuaja jan\u00eb t\u00eb drejta, por ato duhet t\u00eb adresohen tek njer\u00ebz q\u00eb ju i njihni po aq mir\u00eb sa ne k\u00ebtu, pasi jan\u00eb miqt\u00eb e tuaj m\u00eb t\u00eb mir\u00eb. N\u00eb fund t\u00eb fundit, n\u00ebse ndaj mediave do t\u00eb adresohen kritika, ato duhen adresuar tek sip\u00ebrmarr\u00ebsit, pasi gazetar\u00ebt jan\u00eb ca pun\u00ebtor\u00eb q\u00eb duhet t\u00eb marrin form\u00ebn e \u201cen\u00ebs\u201d p\u00ebr t\u00eb mbijetuar.<\/p>\n<p>M\u00eb posht\u00eb po botojm\u00eb t\u00eb plot\u00eb artikullin e z.Haxhiu dhe reagimet e para q\u00eb ai ka marr\u00eb n\u00eb Facebook nga qytetar\u00ebt, kryesisht kosovar\u00eb.<\/p>\n<p>&#8212;&#8212;&#8212;&#8212;&#8212;&#8212;&#8212;&#8212;&#8212;<\/p>\n<p><img decoding=\"async\" class=\"alignright size-thumbnail wp-image-7236\" title=\"Baton Haxhiu\" src=\"http:\/\/www.fjala.info\/2012\/baton_haxhiu.jpg\" alt=\"\" width=\"150\" \/> <strong>Koleg\u00eb, e vram\u00eb profesionin<\/strong><\/p>\n<p><strong>Baton Haxhiu<\/strong><\/p>\n<p>Bisedoja me Remzi Lanin p\u00ebr lajmin dhe demantin n\u00eb m\u00ebngjesin e t\u00eb shtun\u00ebs. U botua nj\u00eb demant p\u00ebr sekuestrimin e ndodhur pa u botuar lajmi fare. Pyetja ishte e thjesht\u00eb, si mund t\u00eb mungoj\u00eb nj\u00eb kod moral n\u00eb profesion (150 televizione ka Shqip\u00ebria, mbi 60 gazeta e revista dhe af\u00ebr 250 radio) dhe e gjith\u00eb kasta jon\u00eb e gazetar\u00ebve t\u00eb dob\u00ebsohet p\u00ebrpara ekspozimit t\u00eb pap\u00ebrmbajtur t\u00eb fuqis\u00eb s\u00eb biznesit. Nuk \u00ebsht\u00eb fjala as p\u00ebr nj\u00eb hulumtim gazetarie (sepse kjo rrall\u00eb ndodh n\u00eb Shqip\u00ebri) as nj\u00eb rrezik q\u00eb e plandos sekretin e shtetit. Ishte fjala p\u00ebr nj\u00eb lajm: \u201cBanka Credins\u201d dhe \u201cTaci Oil\u201d kishin nj\u00eb afer\u00eb t\u00eb hapur q\u00eb tashm\u00eb ishte publike.<\/p>\n<p>Brenda nj\u00eb dite t\u00eb gjitha gazetat dhe televizionet, p\u00ebrve\u00e7 Mero Bazes individualisht, arrit\u00ebn t\u00eb vrasin profesionin e gazetaris\u00eb n\u00eb Shqip\u00ebri. Edhe gazeta \u201cShqiptarja\u201d dhe TV \u201cTop Chanel\u201d, e shfaq\u00ebn lajmin dhe pastaj e zhduk\u00ebn t\u00eb nes\u00ebrmen sikur t\u00eb mos kishte ndodhur. Afera e sekuestrimit, p\u00ebr nga p\u00ebrmasa n\u00eb nj\u00eb shtet \u00e7far\u00eb \u00ebsht\u00eb Shqip\u00ebria, \u00ebsht\u00eb e ngjajshme me ato q\u00eb ka tash Greqia, dhe dikur Amerika n\u00eb vitin 2008.<\/p>\n<p>Kjo m\u00ebnyr\u00eb e komunikimit me opinionin publik \u00ebsht\u00eb sikur t\u00eb b\u00ebsh prerjen e deg\u00ebs ku q\u00ebndron. At\u00eb q\u00eb Michael Ignatieff, nj\u00eb shkrimtar dhe gazetar i njohur kanadez, e quan humbje t\u00eb etik\u00ebs profesionale n\u00eb em\u00ebr t\u00eb njeriut t\u00eb pushtetit. Shpjegimi m\u00eb i mir\u00eb p\u00ebr politik\u00ebn mediale mund t\u00eb p\u00ebrmblidhet me nj\u00eb fjali t\u00eb vetme: Ishte e v\u00ebshtir\u00eb p\u00ebr njer\u00ebzit (shefat e lajmeve) t\u00eb kuptojn\u00eb se ajo q\u00eb ishte arritur aq shum\u00eb dhe aq shpejt n\u00eb Shqip\u00ebri, t\u00eb dinin se ku po e \u00e7ojn\u00eb gazetarin\u00eb dhe lajmin. Gazetaria ka qen\u00eb aq mir\u00eb dhe aq e fuqishme para vitit 2005 sa \u00ebsht\u00eb dashur t\u00eb jesh shum\u00eb i pacip\u00eb ta d\u00ebmtosh dhe ta shkat\u00ebrrosh n\u00eb k\u00ebt\u00eb derexhe.<\/p>\n<p>Rasti i \u201cTaci Oil\u201d nxori n\u00eb pah gjith\u00e7ka t\u00eb f\u00eblliqur t\u00eb rac\u00ebs s\u00eb gazetaris\u00eb dhe v\u00eb n\u00eb pik\u00ebpyetje profesionin ton\u00eb n\u00eb t\u00eb ardhmen. V\u00eb n\u00eb pik\u00ebpyetje etik\u00ebn, profesionin, t\u00eb v\u00ebrtet\u00ebn dhe lajmin. Shtrohet pyetja se k\u00eb duhet t\u00eb kritikojm\u00eb, dhe a kemi t\u00eb drejt\u00eb tash e tutje ta kritikojm\u00eb dik\u00eb n\u00eb t\u00eb ardhmen dhe n\u00eb t\u00eb nj\u00ebjt\u00ebn koh\u00eb t\u00eb na besohet profesioni i gazetarit.<\/p>\n<p>Fakt \u00ebsht\u00eb, krejt kjo gjoja gazetari do t\u00eb q\u00ebndronte e pav\u00ebrejtur dhe nuk do t\u00eb ishte fare shqet\u00ebsuese sikur kjo s\u00ebmundje t\u00eb mos shp\u00ebrndahej si virus n\u00eb t\u00ebr\u00eb spektrin medial t\u00eb Shqip\u00ebris\u00eb. Kriteret e b\u00ebra dhe t\u00eb vendosura nga shefat e mediumeve, po b\u00ebhen lajtmotiv profesional. Po b\u00ebhen apo th\u00ebn\u00eb edhe m\u00eb realisht dhe fatkeq\u00ebsisht, jan\u00eb b\u00ebr\u00eb udh\u00ebrr\u00ebfues profesional dhe kriter i b\u00ebrjes s\u00eb gazetaris\u00eb!<\/p>\n<p>Secili lexues dhe shikues i zakonsh\u00ebm mund t\u00eb drejtoj\u00eb gishin nga ne dhe t\u00eb pyes hapur: Kush jan\u00eb njer\u00ebzit q\u00eb po varrosin iden\u00eb e gazetaris\u00eb, liris\u00eb s\u00eb shtypit, fjal\u00ebs s\u00eb lir\u00eb n\u00eb Shqip\u00ebri?<\/p>\n<p>P\u00ebrgjigjja \u00ebsht\u00eb e leht\u00eb: Jan\u00eb ata q\u00eb kan\u00eb par\u00eb shumic\u00ebn e mediumeve m\u00eb t\u00eb mira n\u00eb bot\u00eb. Kan\u00eb shijuar gazetarin\u00eb n\u00eb BBC, n\u00eb \u201cBoston Globe\u201d, n\u00eb \u201cDeutsche Welle\u201d, CNN e ku jo tjet\u00ebr. Kan\u00eb nd\u00ebrtuar medium dhe lajme. Kan\u00eb p\u00ebrjetuar transformimin medial nga primitivja n\u00eb t\u00eb kultivuar\u00ebn. Por n\u00eb fund po tregojne se mediumet dhe puna e gazetaris\u00eb n\u00eb Shqip\u00ebri po merr nj\u00eb kthes\u00eb t\u00eb rrezikshme. Kjo gazetari po fillon ta humb\u00eb, n\u00ebse nuk e ka humbur fare, identitetin e saj t\u00eb krijuar.<\/p>\n<p>Rasti i fundit i \u201cTaci Oil\u201d na nxori edhe nj\u00eb t\u00eb ve\u00e7ant\u00eb dhe nj\u00ebkoh\u00ebsisht nj\u00eb gj\u00eb t\u00eb tmerrshme: Pa u botuar lajmi p\u00ebr sekuestrimin nga askush, nga asnj\u00eb medium, t\u00eb nes\u00ebrmen jepet demanti n\u00eb media i nj\u00eb njeriu t\u00eb fuqish\u00ebm t\u00eb nj\u00eb kompanie q\u00eb askush nuk di ta zb\u00ebrthej\u00eb d\u00ebshtimin.<\/p>\n<p>Rasti Taci sh\u00ebnoi thyerje drastike t\u00eb profesionit t\u00eb gazetaris\u00eb q\u00eb mund t\u00eb quhet i pakthyesh\u00ebm p\u00ebr t\u00eb ardhmen. Ky \u00ebsht\u00eb modeli i s\u00eb keqes s\u00eb profesionit t\u00eb gazetaris\u00eb dhe modeli i sh\u00ebnimit t\u00eb turpit profesional. Model se si mund t\u00eb shitet profesioni pa asnj\u00eb rezistenc\u00eb profesionale.<\/p>\n<p>Editor\u00ebt e lajmeve t\u00eb gazetave dhe televizioneve ate dit\u00eb e kan\u00eb p\u00ebrfunduar profesionin e gazetaris\u00eb. Ata mund t\u00eb jen\u00eb pjes\u00eb e ndonj\u00eb projekti medial n\u00eb t\u00eb ardhmen, por pun\u00ebn me gazetarin\u00eb e kan\u00eb t\u00eb huqur. Ata kan\u00eb mashtruar t\u00eb kaluar\u00ebn profesionale. Kan\u00eb shkelur dinjitetin profesional duke ua v\u00ebn\u00eb n\u00eb dispozicion faqet e gazet\u00ebs dhe ekranet mass-mediatike dy- tre politikan\u00ebve. Ose edhe m\u00eb keq, t\u00eb p\u00ebrdoren brutalisht nga ta duke i ofruar opinionit publik vet\u00ebm imazhe dhe regji politike, duke harruar t\u00eb ofrojn\u00eb at\u00eb q\u00eb \u00ebsht\u00eb dhe misioni i gazetaris\u00eb: t\u00eb v\u00ebrtet\u00ebn objektive.<\/p>\n<p>Njeriu i profesionit mund t\u00eb pranoj\u00eb q\u00eb t\u00eb jet\u00eb pjes\u00eb e nj\u00eb q\u00ebndrimi. Mund t\u00eb b\u00ebj\u00eb edhe \u201cshkelje\u201c profesionale duke marr\u00eb an\u00eb sepse konsideron se \u00ebsht\u00eb n\u00eb t\u00eb mir\u00eb t\u00eb s\u00eb v\u00ebrtet\u00ebs dhe opinionit publik, por ta shes\u00eb veten deri aty ku nuk merr pjes\u00eb n\u00eb nd\u00ebrtimin e rr\u00ebfimit t\u00eb gazetaris\u00eb dhe pranon t\u00eb jet\u00eb pjes\u00eb e heshtjes respektivisht heshtjes si genjesht\u00ebr, p\u00ebrb\u00ebn nj\u00eb rast sui generis n\u00eb gazetari t\u00eb nj\u00eb shteti, t\u00eb nj\u00eb shoq\u00ebrie para s\u00eb gjithash.<\/p>\n<p>E gjith\u00eb ajo q\u00eb ndodhi me \u201cTaci Oil\u201d nuk \u00ebsht\u00eb asgj\u00eb tjet\u00ebr pos nj\u00eb ngjarje pa media.<\/p>\n<p>Nj\u00eb jav\u00eb e m\u00eb shum\u00eb, sa po zgjat heshtja per rastin Taci n\u00eb Shqip\u00ebri, ka qen\u00eb e kontrolluar dhe e stisur n\u00eb at\u00eb q\u00eb n\u00eb gjuh\u00ebn e ballkanit quhet tradhti ndaj profesionit, kurse n\u00eb gjuh\u00ebn profesionale quhet mashtrim ndaj opinionit publik.<\/p>\n<p>Ky shkrim u dedikohet koleg\u00ebve. Kurse lexuesit duhet nj\u00eb shpjegim t\u00eb ve\u00e7ant\u00eb se \u00e7ka n\u00eb t\u00eb v\u00ebrtet\u00eb po ndodh me mediumet dhe me televizionet n\u00eb ve\u00e7anti.<\/p>\n<p>Mediumet gjat\u00eb k\u00ebsaj kohe nuk kan\u00eb m\u00eb as shef lajmesh, as shef mediumesh sepse edhe kryeredaktor\u00eb edhe redaktor\u00eb edhe reporter\u00eb \u00ebsht\u00eb nj\u00eb nj\u00ebri \u2013 Rrezart Tha\u00e7i.<\/p>\n<p>Gjith\u00e7ka po heshtet sipas shijes s\u00eb k\u00ebtij njeriu, pa kaluar fare n\u00eb filtrin e domosdosh\u00ebm t\u00eb medias. N\u00eb k\u00ebto dit\u00eb ai \u00ebsht\u00eb politika dhe media vet\u00eb.<\/p>\n<p>Dikur k\u00ebto mediume e b\u00ebnin jet\u00ebn publike transparente, debatuese, sa m\u00eb objektive, jo t\u00eb nj\u00ebjt\u00eb me nj\u00ebra-tjetr\u00ebn, por konkurruese deri n\u00eb betej\u00eb t\u00eb ashp\u00ebr profesionale. Kjo betej\u00eb, padyshim, ka qen\u00eb nd\u00ebr m\u00eb t\u00eb kushtueshmet dhe m\u00eb debatueset e b\u00ebra ndonj\u00ebher\u00eb n\u00eb Shqip\u00ebri dhe ka b\u00ebr\u00eb q\u00eb t\u00eb gjitha mediat t\u00eb ofrojn\u00eb skema dhe projekte p\u00ebr t\u00eb kapur sa m\u00eb shum\u00eb hap\u00ebsir\u00eb mediale dhe ndikim tek opinioni publik. Mediat n\u00eb Shqip\u00ebri u paraqit\u00ebn si fenomen ballkanik i prezenc\u00ebs vizuale dhe koloritit profesional.<\/p>\n<p>Por vet\u00ebm tash ato treguan se zhvillimi i tyre profesional ka qen\u00eb huqje e madhe. Ka qen\u00eb nj\u00eb falsifikim. Ka qen\u00eb nj\u00eb ide e pambaruar. Ka qen\u00eb nj\u00eb ide pa vazhdim\u00ebsi dhe pa aktor\u00eb q\u00eb e vler\u00ebsojn\u00eb profesionin si nj\u00eb pasion t\u00eb shenjt\u00eb. Tash mund t\u00eb flasim vet\u00ebm per heshtjen dhe vdekjen e gazetaris\u00eb. Aty, gazetari \u00ebsht\u00eb portier, \u00ebsht\u00eb kamera-mbajt\u00ebs dhe d\u00ebgjues apo shikues i zakonsh\u00ebm. Aty, fjala medium (nd\u00ebrmjet\u00ebs) nd\u00ebrmjet ngjarjes dhe shikuesit m\u00eb s\u2019ka kuptim. Sepse gazetari \u00ebsht\u00eb nj\u00ebri prej lexuesve dhe shikuesve t\u00eb gjith\u00eb asaj q\u00eb ofron stafi i regjisor\u00ebve t\u00eb dy partive politike m\u00eb t\u00eb m\u00ebdha.<\/p>\n<p>Ajo q\u00eb nuk v\u00ebrehet n\u00eb gazetarin\u00eb ton\u00eb \u00ebsht\u00eb mungesa e gazetaris\u00eb me q\u00ebndrim, di\u00e7ka q\u00eb quhet gazetari e padenj\u00eb dhe protokolare duke e shnd\u00ebrruar k\u00ebt\u00eb profesion n\u00eb bunkerizim t\u00eb \u201ct\u00eb v\u00ebrtetave\u201d protokolare. Ky \u00ebsht\u00eb nj\u00eb koncept dhe nj\u00eb realitet shum\u00eb i prapambetur, i mosemancipimit t\u00eb k\u00ebtij profesioni. Dhe fyerje p\u00ebr popullin. Kisha menduar se ne si shoq\u00ebri do t\u00eb mbrohemi nga presionet e titullar\u00ebve t\u00eb niveleve t\u00eb ndryshme. Kam menduar se do t\u00eb largohemi nga kronikat e qilimave t\u00eb kuq dhe protokoleve q\u00eb s\u2019thon\u00eb asgj\u00eb. Por jo. Tashm\u00eb \u00ebsht\u00eb m\u00eb se e qart\u00eb q\u00eb ne nuk dallojm\u00eb nga shum\u00eb mediume t\u00eb bot\u00ebs s\u00eb kontrolluar. Ne po tregohemi t\u00eb paaft\u00eb t\u00eb luftojm\u00eb p\u00ebr lirin\u00eb e fjal\u00ebs dhe iden\u00eb e gazetaris\u00eb me q\u00ebndrim.<\/p>\n<p>Mediumet tash po ofrojn\u00eb vet\u00ebm dy lider\u00ebt e partive politike. Ata ofrojn\u00eb gjith\u00e7ka q\u00eb duan, pa i pyetur askush se \u00e7ka thon\u00eb dhe \u00e7ka premtojn\u00eb. Ata prodhojn\u00eb dhe shp\u00ebrndajn\u00eb imazh, q\u00eb mund t\u00eb quhet g\u00ebnjesht\u00ebr, mund t\u00eb quhet mashtrim. Por jo, nuk \u00ebsht\u00eb as g\u00ebnjesht\u00ebr as mashtrim, sepse as k\u00ebt\u00eb nuk ka m\u00eb kush ta v\u00ebrtetoj\u00eb apo m\u00eb keq akoma ta thot\u00eb. \u201cTaci Oil\u201d dhe ata dy lider\u00ebt q\u00eb hesht\u00ebn p\u00ebr krimin e k\u00ebsaj decenje n\u00eb Shqip\u00ebri e fituan betej\u00ebn pa kurrfar\u00eb rezistence me profesionin e gazetaris\u00eb. E fituan betej\u00ebn me lajmin, me opinionin publik dhe t\u00eb gjith\u00eb ne si gazetar\u00eb u posht\u00ebruam. \u00cbsht\u00eb nj\u00eblloj sikur t\u00eb jetonim n\u00eb Koren\u00eb e Veriut\u2026<\/p>\n","protected":false},"excerpt":{"rendered":"<p>Nga Mentor Kikia, 16 Gusht 2012 Gazetari Baton Haxhiu, n\u00eb numrin e 15 Gushtit, n\u00eb gazet\u00ebn \u201cZ\u00ebri\u201d n\u00eb Prishtin\u00eb, botonte nj\u00eb elegji t\u00eb gjat\u00eb p\u00ebr median shqiptare, duke iu referuar rastit t\u00eb vendosjes se sekuestros ndaj pjes\u00ebs m\u00eb t\u00eb madhe t\u00eb aksioneve t\u00eb kompanis\u00eb s\u00eb Rezart Ta\u00e7it, \u201cTa\u00e7i Oil\u201d. Me pak fjal\u00eb, kolegu yn\u00eb nga [&hellip;]<\/p>\n","protected":false},"author":1,"featured_media":0,"comment_status":"open","ping_status":"closed","sticky":false,"template":"","format":"standard","meta":{"footnotes":""},"categories":[2],"tags":[],"class_list":{"0":"post-4621","1":"post","2":"type-post","3":"status-publish","4":"format-standard","6":"category-artikuj"},"yoast_head":"<!-- This site is optimized with the Yoast SEO plugin v27.4 - https:\/\/yoast.com\/product\/yoast-seo-wordpress\/ -->\n<title>Vrasja e gazetaris\u00eb dhe elegjia e Baton Haxhiut - FjALA e LIR\u00cb - Arkivi<\/title>\n<meta name=\"robots\" content=\"index, follow, max-snippet:-1, max-image-preview:large, max-video-preview:-1\" \/>\n<link rel=\"canonical\" href=\"https:\/\/fjala.info\/2009-2015\/vrasja-e-gazetarise-dhe-elegjia-e-baton-haxhiut\/\" \/>\n<meta property=\"og:locale\" content=\"sq_AL\" \/>\n<meta property=\"og:type\" content=\"article\" \/>\n<meta property=\"og:title\" content=\"Vrasja e gazetaris\u00eb dhe elegjia e Baton Haxhiut - FjALA e LIR\u00cb - Arkivi\" \/>\n<meta property=\"og:description\" content=\"Nga Mentor Kikia, 16 Gusht 2012 Gazetari Baton Haxhiu, n\u00eb numrin e 15 Gushtit, n\u00eb gazet\u00ebn \u201cZ\u00ebri\u201d n\u00eb Prishtin\u00eb, botonte nj\u00eb elegji t\u00eb gjat\u00eb p\u00ebr median shqiptare, duke iu referuar rastit t\u00eb vendosjes se sekuestros ndaj pjes\u00ebs m\u00eb t\u00eb madhe t\u00eb aksioneve t\u00eb kompanis\u00eb s\u00eb Rezart Ta\u00e7it, \u201cTa\u00e7i Oil\u201d. Me pak fjal\u00eb, kolegu yn\u00eb nga [&hellip;]\" \/>\n<meta property=\"og:url\" content=\"https:\/\/fjala.info\/2009-2015\/vrasja-e-gazetarise-dhe-elegjia-e-baton-haxhiut\/\" \/>\n<meta property=\"og:site_name\" content=\"FjALA e LIR\u00cb - Arkivi\" \/>\n<meta property=\"article:published_time\" content=\"2012-08-23T06:44:52+00:00\" \/>\n<meta property=\"og:image\" content=\"http:\/\/www.fjala.info\/2012\/mentor_kikia.jpg\" \/>\n<meta name=\"author\" content=\"admin\" \/>\n<meta name=\"twitter:card\" content=\"summary_large_image\" \/>\n<meta name=\"twitter:label1\" content=\"Written by\" \/>\n\t<meta name=\"twitter:data1\" content=\"admin\" \/>\n\t<meta name=\"twitter:label2\" content=\"Est. reading time\" \/>\n\t<meta name=\"twitter:data2\" content=\"12 minutes\" \/>\n<script type=\"application\/ld+json\" class=\"yoast-schema-graph\">{\"@context\":\"https:\\\/\\\/schema.org\",\"@graph\":[{\"@type\":\"Article\",\"@id\":\"https:\\\/\\\/fjala.info\\\/2009-2015\\\/vrasja-e-gazetarise-dhe-elegjia-e-baton-haxhiut\\\/#article\",\"isPartOf\":{\"@id\":\"https:\\\/\\\/fjala.info\\\/2009-2015\\\/vrasja-e-gazetarise-dhe-elegjia-e-baton-haxhiut\\\/\"},\"author\":{\"name\":\"admin\",\"@id\":\"https:\\\/\\\/fjala.info\\\/2009-2015\\\/#\\\/schema\\\/person\\\/3aa1163ef05469c496fc94e77611ada2\"},\"headline\":\"Vrasja e gazetaris\u00eb dhe elegjia e Baton Haxhiut\",\"datePublished\":\"2012-08-23T06:44:52+00:00\",\"mainEntityOfPage\":{\"@id\":\"https:\\\/\\\/fjala.info\\\/2009-2015\\\/vrasja-e-gazetarise-dhe-elegjia-e-baton-haxhiut\\\/\"},\"wordCount\":2429,\"commentCount\":0,\"publisher\":{\"@id\":\"https:\\\/\\\/fjala.info\\\/2009-2015\\\/#organization\"},\"image\":{\"@id\":\"https:\\\/\\\/fjala.info\\\/2009-2015\\\/vrasja-e-gazetarise-dhe-elegjia-e-baton-haxhiut\\\/#primaryimage\"},\"thumbnailUrl\":\"http:\\\/\\\/www.fjala.info\\\/2012\\\/mentor_kikia.jpg\",\"articleSection\":[\"Artikuj\"],\"inLanguage\":\"sq-AL\",\"potentialAction\":[{\"@type\":\"CommentAction\",\"name\":\"Comment\",\"target\":[\"https:\\\/\\\/fjala.info\\\/2009-2015\\\/vrasja-e-gazetarise-dhe-elegjia-e-baton-haxhiut\\\/#respond\"]}]},{\"@type\":\"WebPage\",\"@id\":\"https:\\\/\\\/fjala.info\\\/2009-2015\\\/vrasja-e-gazetarise-dhe-elegjia-e-baton-haxhiut\\\/\",\"url\":\"https:\\\/\\\/fjala.info\\\/2009-2015\\\/vrasja-e-gazetarise-dhe-elegjia-e-baton-haxhiut\\\/\",\"name\":\"Vrasja e gazetaris\u00eb dhe elegjia e Baton Haxhiut - FjALA e LIR\u00cb - Arkivi\",\"isPartOf\":{\"@id\":\"https:\\\/\\\/fjala.info\\\/2009-2015\\\/#website\"},\"primaryImageOfPage\":{\"@id\":\"https:\\\/\\\/fjala.info\\\/2009-2015\\\/vrasja-e-gazetarise-dhe-elegjia-e-baton-haxhiut\\\/#primaryimage\"},\"image\":{\"@id\":\"https:\\\/\\\/fjala.info\\\/2009-2015\\\/vrasja-e-gazetarise-dhe-elegjia-e-baton-haxhiut\\\/#primaryimage\"},\"thumbnailUrl\":\"http:\\\/\\\/www.fjala.info\\\/2012\\\/mentor_kikia.jpg\",\"datePublished\":\"2012-08-23T06:44:52+00:00\",\"breadcrumb\":{\"@id\":\"https:\\\/\\\/fjala.info\\\/2009-2015\\\/vrasja-e-gazetarise-dhe-elegjia-e-baton-haxhiut\\\/#breadcrumb\"},\"inLanguage\":\"sq-AL\",\"potentialAction\":[{\"@type\":\"ReadAction\",\"target\":[\"https:\\\/\\\/fjala.info\\\/2009-2015\\\/vrasja-e-gazetarise-dhe-elegjia-e-baton-haxhiut\\\/\"]}]},{\"@type\":\"ImageObject\",\"inLanguage\":\"sq-AL\",\"@id\":\"https:\\\/\\\/fjala.info\\\/2009-2015\\\/vrasja-e-gazetarise-dhe-elegjia-e-baton-haxhiut\\\/#primaryimage\",\"url\":\"http:\\\/\\\/www.fjala.info\\\/2012\\\/mentor_kikia.jpg\",\"contentUrl\":\"http:\\\/\\\/www.fjala.info\\\/2012\\\/mentor_kikia.jpg\"},{\"@type\":\"BreadcrumbList\",\"@id\":\"https:\\\/\\\/fjala.info\\\/2009-2015\\\/vrasja-e-gazetarise-dhe-elegjia-e-baton-haxhiut\\\/#breadcrumb\",\"itemListElement\":[{\"@type\":\"ListItem\",\"position\":1,\"name\":\"Home\",\"item\":\"https:\\\/\\\/fjala.info\\\/2009-2015\\\/\"},{\"@type\":\"ListItem\",\"position\":2,\"name\":\"Vrasja e gazetaris\u00eb dhe elegjia e Baton Haxhiut\"}]},{\"@type\":\"WebSite\",\"@id\":\"https:\\\/\\\/fjala.info\\\/2009-2015\\\/#website\",\"url\":\"https:\\\/\\\/fjala.info\\\/2009-2015\\\/\",\"name\":\"FjALA e LIR\u00cb - Arkivi\",\"description\":\"Arkivi 2009-2015\",\"publisher\":{\"@id\":\"https:\\\/\\\/fjala.info\\\/2009-2015\\\/#organization\"},\"potentialAction\":[{\"@type\":\"SearchAction\",\"target\":{\"@type\":\"EntryPoint\",\"urlTemplate\":\"https:\\\/\\\/fjala.info\\\/2009-2015\\\/?s={search_term_string}\"},\"query-input\":{\"@type\":\"PropertyValueSpecification\",\"valueRequired\":true,\"valueName\":\"search_term_string\"}}],\"inLanguage\":\"sq-AL\"},{\"@type\":\"Organization\",\"@id\":\"https:\\\/\\\/fjala.info\\\/2009-2015\\\/#organization\",\"name\":\"FjALA e LIR\u00cb - Arkivi\",\"url\":\"https:\\\/\\\/fjala.info\\\/2009-2015\\\/\",\"logo\":{\"@type\":\"ImageObject\",\"inLanguage\":\"sq-AL\",\"@id\":\"https:\\\/\\\/fjala.info\\\/2009-2015\\\/#\\\/schema\\\/logo\\\/image\\\/\",\"url\":\"\",\"contentUrl\":\"\",\"caption\":\"FjALA e LIR\u00cb - Arkivi\"},\"image\":{\"@id\":\"https:\\\/\\\/fjala.info\\\/2009-2015\\\/#\\\/schema\\\/logo\\\/image\\\/\"}},{\"@type\":\"Person\",\"@id\":\"https:\\\/\\\/fjala.info\\\/2009-2015\\\/#\\\/schema\\\/person\\\/3aa1163ef05469c496fc94e77611ada2\",\"name\":\"admin\",\"image\":{\"@type\":\"ImageObject\",\"inLanguage\":\"sq-AL\",\"@id\":\"https:\\\/\\\/fjala.info\\\/2009-2015\\\/wp-content\\\/uploads\\\/2012\\\/02\\\/arben_cokaj-120x150.jpg\",\"url\":\"https:\\\/\\\/fjala.info\\\/2009-2015\\\/wp-content\\\/uploads\\\/2012\\\/02\\\/arben_cokaj-120x150.jpg\",\"contentUrl\":\"https:\\\/\\\/fjala.info\\\/2009-2015\\\/wp-content\\\/uploads\\\/2012\\\/02\\\/arben_cokaj-120x150.jpg\",\"caption\":\"admin\"},\"description\":\"Admin, Fjala e Lir\u00eb\",\"sameAs\":[\"https:\\\/\\\/fjala.info\\\/\"],\"url\":\"https:\\\/\\\/fjala.info\\\/2009-2015\\\/author\\\/admin\\\/\"}]}<\/script>\n<!-- \/ Yoast SEO plugin. -->","yoast_head_json":{"title":"Vrasja e gazetaris\u00eb dhe elegjia e Baton Haxhiut - FjALA e LIR\u00cb - Arkivi","robots":{"index":"index","follow":"follow","max-snippet":"max-snippet:-1","max-image-preview":"max-image-preview:large","max-video-preview":"max-video-preview:-1"},"canonical":"https:\/\/fjala.info\/2009-2015\/vrasja-e-gazetarise-dhe-elegjia-e-baton-haxhiut\/","og_locale":"sq_AL","og_type":"article","og_title":"Vrasja e gazetaris\u00eb dhe elegjia e Baton Haxhiut - FjALA e LIR\u00cb - Arkivi","og_description":"Nga Mentor Kikia, 16 Gusht 2012 Gazetari Baton Haxhiu, n\u00eb numrin e 15 Gushtit, n\u00eb gazet\u00ebn \u201cZ\u00ebri\u201d n\u00eb Prishtin\u00eb, botonte nj\u00eb elegji t\u00eb gjat\u00eb p\u00ebr median shqiptare, duke iu referuar rastit t\u00eb vendosjes se sekuestros ndaj pjes\u00ebs m\u00eb t\u00eb madhe t\u00eb aksioneve t\u00eb kompanis\u00eb s\u00eb Rezart Ta\u00e7it, \u201cTa\u00e7i Oil\u201d. Me pak fjal\u00eb, kolegu yn\u00eb nga [&hellip;]","og_url":"https:\/\/fjala.info\/2009-2015\/vrasja-e-gazetarise-dhe-elegjia-e-baton-haxhiut\/","og_site_name":"FjALA e LIR\u00cb - Arkivi","article_published_time":"2012-08-23T06:44:52+00:00","og_image":[{"url":"http:\/\/www.fjala.info\/2012\/mentor_kikia.jpg","type":"","width":"","height":""}],"author":"admin","twitter_card":"summary_large_image","twitter_misc":{"Written by":"admin","Est. reading time":"12 minutes"},"schema":{"@context":"https:\/\/schema.org","@graph":[{"@type":"Article","@id":"https:\/\/fjala.info\/2009-2015\/vrasja-e-gazetarise-dhe-elegjia-e-baton-haxhiut\/#article","isPartOf":{"@id":"https:\/\/fjala.info\/2009-2015\/vrasja-e-gazetarise-dhe-elegjia-e-baton-haxhiut\/"},"author":{"name":"admin","@id":"https:\/\/fjala.info\/2009-2015\/#\/schema\/person\/3aa1163ef05469c496fc94e77611ada2"},"headline":"Vrasja e gazetaris\u00eb dhe elegjia e Baton Haxhiut","datePublished":"2012-08-23T06:44:52+00:00","mainEntityOfPage":{"@id":"https:\/\/fjala.info\/2009-2015\/vrasja-e-gazetarise-dhe-elegjia-e-baton-haxhiut\/"},"wordCount":2429,"commentCount":0,"publisher":{"@id":"https:\/\/fjala.info\/2009-2015\/#organization"},"image":{"@id":"https:\/\/fjala.info\/2009-2015\/vrasja-e-gazetarise-dhe-elegjia-e-baton-haxhiut\/#primaryimage"},"thumbnailUrl":"http:\/\/www.fjala.info\/2012\/mentor_kikia.jpg","articleSection":["Artikuj"],"inLanguage":"sq-AL","potentialAction":[{"@type":"CommentAction","name":"Comment","target":["https:\/\/fjala.info\/2009-2015\/vrasja-e-gazetarise-dhe-elegjia-e-baton-haxhiut\/#respond"]}]},{"@type":"WebPage","@id":"https:\/\/fjala.info\/2009-2015\/vrasja-e-gazetarise-dhe-elegjia-e-baton-haxhiut\/","url":"https:\/\/fjala.info\/2009-2015\/vrasja-e-gazetarise-dhe-elegjia-e-baton-haxhiut\/","name":"Vrasja e gazetaris\u00eb dhe elegjia e Baton Haxhiut - FjALA e LIR\u00cb - Arkivi","isPartOf":{"@id":"https:\/\/fjala.info\/2009-2015\/#website"},"primaryImageOfPage":{"@id":"https:\/\/fjala.info\/2009-2015\/vrasja-e-gazetarise-dhe-elegjia-e-baton-haxhiut\/#primaryimage"},"image":{"@id":"https:\/\/fjala.info\/2009-2015\/vrasja-e-gazetarise-dhe-elegjia-e-baton-haxhiut\/#primaryimage"},"thumbnailUrl":"http:\/\/www.fjala.info\/2012\/mentor_kikia.jpg","datePublished":"2012-08-23T06:44:52+00:00","breadcrumb":{"@id":"https:\/\/fjala.info\/2009-2015\/vrasja-e-gazetarise-dhe-elegjia-e-baton-haxhiut\/#breadcrumb"},"inLanguage":"sq-AL","potentialAction":[{"@type":"ReadAction","target":["https:\/\/fjala.info\/2009-2015\/vrasja-e-gazetarise-dhe-elegjia-e-baton-haxhiut\/"]}]},{"@type":"ImageObject","inLanguage":"sq-AL","@id":"https:\/\/fjala.info\/2009-2015\/vrasja-e-gazetarise-dhe-elegjia-e-baton-haxhiut\/#primaryimage","url":"http:\/\/www.fjala.info\/2012\/mentor_kikia.jpg","contentUrl":"http:\/\/www.fjala.info\/2012\/mentor_kikia.jpg"},{"@type":"BreadcrumbList","@id":"https:\/\/fjala.info\/2009-2015\/vrasja-e-gazetarise-dhe-elegjia-e-baton-haxhiut\/#breadcrumb","itemListElement":[{"@type":"ListItem","position":1,"name":"Home","item":"https:\/\/fjala.info\/2009-2015\/"},{"@type":"ListItem","position":2,"name":"Vrasja e gazetaris\u00eb dhe elegjia e Baton Haxhiut"}]},{"@type":"WebSite","@id":"https:\/\/fjala.info\/2009-2015\/#website","url":"https:\/\/fjala.info\/2009-2015\/","name":"FjALA e LIR\u00cb - Arkivi","description":"Arkivi 2009-2015","publisher":{"@id":"https:\/\/fjala.info\/2009-2015\/#organization"},"potentialAction":[{"@type":"SearchAction","target":{"@type":"EntryPoint","urlTemplate":"https:\/\/fjala.info\/2009-2015\/?s={search_term_string}"},"query-input":{"@type":"PropertyValueSpecification","valueRequired":true,"valueName":"search_term_string"}}],"inLanguage":"sq-AL"},{"@type":"Organization","@id":"https:\/\/fjala.info\/2009-2015\/#organization","name":"FjALA e LIR\u00cb - Arkivi","url":"https:\/\/fjala.info\/2009-2015\/","logo":{"@type":"ImageObject","inLanguage":"sq-AL","@id":"https:\/\/fjala.info\/2009-2015\/#\/schema\/logo\/image\/","url":"","contentUrl":"","caption":"FjALA e LIR\u00cb - Arkivi"},"image":{"@id":"https:\/\/fjala.info\/2009-2015\/#\/schema\/logo\/image\/"}},{"@type":"Person","@id":"https:\/\/fjala.info\/2009-2015\/#\/schema\/person\/3aa1163ef05469c496fc94e77611ada2","name":"admin","image":{"@type":"ImageObject","inLanguage":"sq-AL","@id":"https:\/\/fjala.info\/2009-2015\/wp-content\/uploads\/2012\/02\/arben_cokaj-120x150.jpg","url":"https:\/\/fjala.info\/2009-2015\/wp-content\/uploads\/2012\/02\/arben_cokaj-120x150.jpg","contentUrl":"https:\/\/fjala.info\/2009-2015\/wp-content\/uploads\/2012\/02\/arben_cokaj-120x150.jpg","caption":"admin"},"description":"Admin, Fjala e Lir\u00eb","sameAs":["https:\/\/fjala.info\/"],"url":"https:\/\/fjala.info\/2009-2015\/author\/admin\/"}]}},"_links":{"self":[{"href":"https:\/\/fjala.info\/2009-2015\/wp-json\/wp\/v2\/posts\/4621","targetHints":{"allow":["GET"]}}],"collection":[{"href":"https:\/\/fjala.info\/2009-2015\/wp-json\/wp\/v2\/posts"}],"about":[{"href":"https:\/\/fjala.info\/2009-2015\/wp-json\/wp\/v2\/types\/post"}],"author":[{"embeddable":true,"href":"https:\/\/fjala.info\/2009-2015\/wp-json\/wp\/v2\/users\/1"}],"replies":[{"embeddable":true,"href":"https:\/\/fjala.info\/2009-2015\/wp-json\/wp\/v2\/comments?post=4621"}],"version-history":[{"count":0,"href":"https:\/\/fjala.info\/2009-2015\/wp-json\/wp\/v2\/posts\/4621\/revisions"}],"wp:attachment":[{"href":"https:\/\/fjala.info\/2009-2015\/wp-json\/wp\/v2\/media?parent=4621"}],"wp:term":[{"taxonomy":"category","embeddable":true,"href":"https:\/\/fjala.info\/2009-2015\/wp-json\/wp\/v2\/categories?post=4621"},{"taxonomy":"post_tag","embeddable":true,"href":"https:\/\/fjala.info\/2009-2015\/wp-json\/wp\/v2\/tags?post=4621"}],"curies":[{"name":"wp","href":"https:\/\/api.w.org\/{rel}","templated":true}]}}