{"id":4620,"date":"2010-11-05T11:14:37","date_gmt":"2010-11-05T10:14:37","guid":{"rendered":"http:\/\/fjala.shkoder.net\/?p=4620"},"modified":"2010-11-05T11:14:37","modified_gmt":"2010-11-05T10:14:37","slug":"buxheti-i-ulen-fondet-presidences-4-mld-per-te-perndjekur-e-pronare","status":"publish","type":"post","link":"https:\/\/fjala.info\/2009-2015\/buxheti-i-ulen-fondet-presidences-4-mld-per-te-perndjekur-e-pronare\/","title":{"rendered":"Buxheti, i ulen fondet presidenc\u00ebs. 4 mld p\u00ebr t\u00eb p\u00ebrndjekur e pronar\u00eb"},"content":{"rendered":"<p><strong>Emirjon Senja<\/strong>, <em>05.11.2010<\/em><\/p>\n<p><em>TIRAN\u00cb<\/em> &#8211; Qeveria ka publikuar dje tabelat e plota t\u00eb buxhetit t\u00eb vitit t\u00eb ardhsh\u00ebm duke parashikuar rritjen e fondit t\u00eb kompensimit t\u00eb pronar\u00ebve dhe d\u00ebmshp\u00ebrblimin e t\u00eb p\u00ebrndjekurve. Nga ana tjet\u00ebr, \u00ebsht\u00eb ulur shuma e p\u00ebrcaktuar p\u00ebr subvencionimin e energjis\u00eb elektrike.<\/p>\n<p><strong>Pronar\u00ebt<\/strong><br \/>\nZ\u00ebri i kompensimit t\u00eb pronar\u00ebve n\u00eb vler\u00eb monetare kap shifr\u00ebn e dy miliard\u00eb lek\u00ebve. Nga k\u00ebto, 600 milion\u00eb lek\u00eb jan\u00eb fonde t\u00eb transferuara direkt nga buxheti i shtetit, nd\u00ebrsa pjesa tjet\u00ebr jan\u00eb t\u00eb ardhura nga burime t\u00eb ndryshme, kryesisht privatizimet dhe t\u00eb ardhurat e legalizimeve. N\u00eb total, shuma e p\u00ebrcaktuar p\u00ebr kompensimin n\u00eb vler\u00eb t\u00eb pronar\u00ebve p\u00ebrb\u00ebn rreth 0.1 p\u00ebr qind t\u00eb Prodhimit t\u00eb Brendsh\u00ebm Bruto. Parat\u00eb shp\u00ebrndahen nga Agjencia e Kthimit dhe Kompensimit t\u00eb Pronave. Agjencia administron dosjet dhe vijon vler\u00ebsimin duke filluar nga m\u00eb t\u00eb vjetrat.<\/p>\n<p>Fondi i parashikuar n\u00eb buxhetin e vitit t\u00eb ardhsh\u00ebm p\u00ebr kompensimin e pronar\u00ebve \u00ebsht\u00eb m\u00eb i madh se ai i k\u00ebtij viti. P\u00ebr vitin 2010 qeveria kishte parashikuar nj\u00eb fond p\u00ebr kompensimin e pronar\u00ebve n\u00eb vler\u00ebn e 1.7 miliard\u00eb lek\u00eb. N\u00ebse i referohemi treguesve t\u00eb pasqyruar n\u00eb treguesit makro-ekonomik\u00eb 2011-2013, fondi p\u00ebr kompensimin e pronar\u00ebve pritet t\u00eb rritet edhe me 200 milion\u00eb lek\u00eb t\u00eb tjera p\u00ebrgjat\u00eb vitit 2012. Pavar\u00ebsisht k\u00ebsaj, n\u00eb m\u00ebnyr\u00eb t\u00eb p\u00ebrs\u00ebritur, pronar\u00ebt kan\u00eb kund\u00ebrshtuar praktik\u00ebn e ndjekur p\u00ebr kompensimin e tyre duke e cil\u00ebsuar at\u00eb t\u00eb d\u00ebshtuar p\u00ebr faktin se shuma q\u00eb duhet kompensuar \u00ebsht\u00eb tep\u00ebr e madhe dhe me ritmet e ndjekura deri m\u00eb tani, ky proces nuk mund t\u00eb p\u00ebrfundoj\u00eb p\u00ebr vite t\u00eb t\u00ebra.<\/p>\n<p><strong>T\u00eb p\u00ebrndjekurit<\/strong><br \/>\nEkzekutivi ka menduar t\u00eb trajtoj\u00eb n\u00eb m\u00ebnyr\u00eb t\u00eb barabart\u00eb pronar\u00ebt dhe ish-t\u00eb p\u00ebrndjekurit duke p\u00ebrcaktuar shuma t\u00eb nj\u00ebjta n\u00eb buxhet p\u00ebr kompensimin e t\u00eb par\u00ebve dhe d\u00ebmshp\u00ebrblimin e t\u00eb dyt\u00ebve. Ashtu si edhe p\u00ebr pronar\u00ebt, shuma e ndar\u00eb nga buxheti i shtetit p\u00ebr d\u00ebmshp\u00ebrblimin e t\u00eb p\u00ebrndjekurve arrin n\u00eb dy miliard\u00eb lek\u00eb. Fondi i p\u00ebrcaktuar p\u00ebr k\u00ebt\u00eb kategori ka njohur ndryshime drastike nga viti n\u00eb vit. <\/p>\n<p>Ndryshe nga pronar\u00ebt, fondi p\u00ebr d\u00ebmshp\u00ebrblimin financiar t\u00eb ish-t\u00eb p\u00ebrndjekurve gjat\u00eb vitit 2010 ka njohur ulje n\u00eb krahasim me vitin 2009. Gjat\u00eb vitit t\u00eb shkuar, t\u00eb p\u00ebrndjekurve i \u00ebsht\u00eb p\u00ebrcaktuar nj\u00eb fond rreth 2.2 miliard\u00eb lek\u00eb, i cili n\u00eb 2010 \u00ebsht\u00eb reduktuar n\u00eb 1.4 miliard\u00eb. Me buxhetin e ri, duket se qeveria ka menduar ta rris\u00eb p\u00ebrs\u00ebri fondin p\u00ebr t\u00eb p\u00ebrndjekurit duke e \u00e7uar at\u00eb n\u00eb 2 miliard\u00eb lek\u00eb.<\/p>\n<p>Ndarja e parave p\u00ebr secil\u00ebn kategori b\u00ebhet sipas p\u00ebrcaktimeve t\u00eb b\u00ebra n\u00eb ligj. Institucionet q\u00eb kan\u00eb n\u00ebn ngarkim trajtimin e tyre, si\u00e7 \u00ebsht\u00eb Ministria e Drejt\u00ebsis\u00eb dhe Agjencia e Kthimit dhe Kompensimit t\u00eb Pronave, pritet t\u00eb fillojn\u00eb procedurat p\u00ebr shp\u00ebrndarjen e parave pas fillimit t\u00eb vitit t\u00eb ri buxhetor. Parat\u00eb kalohen n\u00eb nj\u00eb llogari bankare p\u00ebr t\u00eb dyja kategorit\u00eb.<\/p>\n<p><strong>Berisha i pret parat\u00eb institucionit t\u00eb Presidentit<\/strong><br \/>\n&#8220;Lufta e Ftoht\u00eb&#8221; mes mazhoranc\u00ebs dhe presidentit \u00ebsht\u00eb reflektuar edhe n\u00eb hartimin e buxhetit t\u00eb shtetit p\u00ebr vitin 2011. Teksa ka rritur fondet p\u00ebr pjes\u00ebn m\u00eb t\u00eb madhe t\u00eb ministrive, qeveria Berisha ka ulur fondet p\u00ebr institucionet e Presidenc\u00ebs dhe Avokatit t\u00eb Popullit. K\u00ebt\u00eb institucion mazhoranca ia ofroi para dy dit\u00ebsh opozit\u00ebs por ajo e refuzoi. <\/p>\n<p>N\u00ebse gjat\u00eb k\u00ebtij viti institucioni i drejtuar nga ish-n\u00ebnkryetari i partis\u00eb n\u00eb pushtet, ka marr\u00eb rreth 201 milion\u00eb lek\u00eb, p\u00ebr 2011-n atij do t&#8217;i duhet t\u00eb filloj\u00eb &#8220;diet\u00ebn&#8221;. Deri n\u00eb fund t\u00eb vitit 2011, Presidenca do t\u00eb ket\u00eb n\u00eb dispozicion t\u00eb saj 168 milion\u00eb lek\u00eb, ose 32 milion\u00eb lek\u00eb m\u00eb pak se shuma q\u00eb i ishte parashikuar p\u00ebr vitin 2010. Nga ana tjet\u00ebr, &#8220;pranvera&#8221; q\u00eb po p\u00ebrjeton prej vitesh kryeparlamentarja Topalli me qeverin\u00eb \u00ebsht\u00eb reflektuar me nj\u00eb shtes\u00eb buxheti prej 500 milion\u00eb lek\u00ebsh.<\/p>\n<p>N\u00eb buxhetin e vitit &#8220;pjes\u00ebn e luanit&#8221; do ta marr\u00eb Ministria e Pun\u00ebs dhe \u00c7\u00ebshtjeve Sociale. Megjith\u00ebse prioritet i qeveris\u00eb \u00ebsht\u00eb shpallur nd\u00ebrtimi i rrug\u00ebve, fondet m\u00eb t\u00eb m\u00ebdha n\u00eb buxhetin e ri 2011 nuk do t&#8217;i marr\u00eb Ministria e Pun\u00ebve Publike dhe Transporteve. Jan\u00eb plot 50.4 miliard\u00eb lek\u00eb q\u00eb do t\u00eb transferohen n\u00eb llogari t\u00eb Ministris\u00eb s\u00eb Pun\u00ebs dhe \u00c7\u00ebshtjeve Sociale gjat\u00eb vitit 2011. <\/p>\n<p>Por pjesa m\u00eb e madhe e k\u00ebtyre parave, m\u00eb shum\u00eb se gjysma, do t\u00eb p\u00ebrdoret p\u00ebr subvencionimin e skem\u00ebs s\u00eb Sigurimeve Shoq\u00ebrore, e cila nuk mban dot veten. Parashikohet q\u00eb kjo skem\u00eb t\u00eb subvencionohet me rreth 29 miliard\u00eb lek\u00eb. Pjesa tjet\u00ebr e parave, rreth 20 miliard\u00eb lek\u00eb, do t\u00eb p\u00ebrdoret p\u00ebr skem\u00ebn e mbrojtjes sociale. Krahasuar me vitin aktual, buxheti i Ministris\u00eb s\u00eb Pun\u00ebs dhe \u00c7\u00ebshtjeve Sociale ka p\u00ebsuar nj\u00eb rritje me rreth 800 milion\u00eb lek\u00eb.<\/p>\n<p>Ministria e Transportit renditet n\u00eb vend t\u00eb dyt\u00eb p\u00ebr nga fondet e p\u00ebrfituara, me rreth 48 miliard\u00eb lek\u00eb. Nga k\u00ebto, rreth 34.8 miliard\u00eb lek\u00eb do t\u00eb p\u00ebrdoren p\u00ebr nd\u00ebrtimin e rrug\u00ebve nacionale, nd\u00ebrsa 9.3 miliard\u00eb lek\u00eb p\u00ebr uj\u00ebsjell\u00ebsit dhe kanalizimet. Krahasuar me buxhetin 2010, fondi p\u00ebr k\u00ebt\u00eb ministri \u00ebsht\u00eb rritur me rreth 6.3 miliard\u00eb lek\u00eb.<\/p>\n<p>Rreth 40 miliard\u00eb lek\u00eb do t\u00eb transferohen n\u00eb llogari t\u00eb Ministris\u00eb s\u00eb Arsimit, ku pjes\u00ebn m\u00eb t\u00eb madhe t\u00eb parave do ta p\u00ebrfitoj\u00eb arsimi baz\u00eb, rreth 24 miliard\u00eb lek\u00eb. Arsimi i mes\u00ebm do t\u00eb trajtohet me rreth shtat\u00eb miliard\u00eb lek\u00eb, nd\u00ebrsa arsimi i lart\u00eb me rreth gjasht\u00eb miliard\u00eb lek\u00eb. Ministria e Arsimit ka p\u00ebrfituar rritje t\u00eb moderuar me rreth 2.3 miliard\u00eb lek\u00eb p\u00ebr 2011 n\u00eb raport me buxhetin e k\u00ebtij viti.<\/p>\n<p>N\u00eb list\u00ebn e institucioneve q\u00eb kan\u00eb marr\u00eb fondet m\u00eb t\u00eb m\u00ebdha, renditet edhe Ministria e Sh\u00ebndet\u00ebsis\u00eb, e cila duhet t\u00eb p\u00ebrmbyll\u00eb t\u00eb gjith\u00eb projektet e saj me rreth 29 miliard\u00eb lek\u00eb. Ky fond ka p\u00ebsuar nj\u00eb rritje me rreth kat\u00ebr miliard\u00eb lek\u00eb krahasuar me vitin 2010. Pjes\u00ebn d\u00ebrrmuese t\u00eb fondeve e p\u00ebrfiton z\u00ebri i Sh\u00ebrbimit t\u00eb Kujdesit Dyt\u00ebsor me rreth 17.6 miliard\u00eb lek\u00eb, nd\u00ebrsa rreth n\u00ebnt\u00eb miliard\u00eb lek\u00eb jan\u00eb parashikuar p\u00ebr Sh\u00ebrbimin e Kujdesit Par\u00ebsor.<\/p>\n<p>Qeveria i ka shkurtuar fondet Ministris\u00eb s\u00eb Brendshme. P\u00ebr vitin 2010 asaj i ishin parashikuar rreth 17 miliard\u00eb lek\u00eb, nd\u00ebrsa p\u00ebr 2011-n ato jan\u00eb ulur n\u00eb 16.2 miliard\u00eb lek\u00eb. Pjesa m\u00eb e madhe e parave jan\u00eb shkurtuar nga fondet e emergjencave civile, prefekturave dhe Sh\u00ebrbimeve t\u00eb Gjendjeve Civile. Nga ana tjet\u00ebr, Ministria e Drejt\u00ebsis\u00eb ka marr\u00eb nj\u00eb fond prej 6.4 miliard\u00eb lek\u00eb, rreth 600 milion\u00eb m\u00eb shum\u00eb se nga ai i k\u00ebtij viti, nd\u00ebrsa Ministria e Turizmit, Kultur\u00ebs, Rinis\u00eb dhe Sporteve ka p\u00ebrfituar nj\u00eb fond prej 3.2 miliard\u00eb lek\u00eb ose nj\u00eb miliard\u00eb m\u00eb shum\u00eb se p\u00ebrgjat\u00eb k\u00ebtij viti.<\/p>\n<p><strong>Topallit i shtohen edhe 500 mln lek\u00eb<\/strong><br \/>\n<em>TIRAN\u00cb<\/em> &#8211; Kuvendi \u00ebsht\u00eb institucioni n\u00eb t\u00eb cilin do t\u00eb diskutohet m\u00eb s\u00eb shumti dhe do t\u00eb miratohet buxheti i vitit 2011, prandaj edhe qeveria \u00ebsht\u00eb treguar tep\u00ebr &#8220;bujare&#8221; me t\u00eb. Duket se shuma prej 800 milion\u00eb lek\u00eb e p\u00ebrcaktuar gjat\u00eb vitit 2010 p\u00ebr Kuvendin nuk i kan\u00eb mjaftuar atij p\u00ebr p\u00ebrmbylljen e vitit buxhetor. Nisur nga kjo, qeveria i ka shtuar fondit t\u00eb institucionit t\u00eb drejtuar nga Jozefina Topalli rreth 500 milion\u00eb lek\u00eb t\u00eb tjera, duke e \u00e7uar shum\u00ebn totale t\u00eb parashikuar n\u00eb buxhetin e vitit 2011 n\u00eb rreth 1.3 miliard\u00eb lek\u00eb.<\/p>\n<p><strong>Kryeministri b\u00ebn paqe me institucionet e pavarura<\/strong><br \/>\nEkzekutivi ka miratuar shtes\u00eb fondesh edhe p\u00ebr veten e tij. Kryeministria do t\u00eb p\u00ebrfitoj\u00eb rreth 17 milion\u00eb lek\u00eb m\u00eb shum\u00eb gjat\u00eb vitit n\u00eb vijim krahasuar me 2010-n. Institucion q\u00eb ka marr\u00eb rritje fondesh \u00ebsht\u00eb edhe Prokuroria e P\u00ebrgjithshme. N\u00eb buxhetin 2010 k\u00ebtij institucioni i ishin parashikuar rreth 1.2 miliard\u00eb lek\u00eb nd\u00ebrsa gjat\u00eb k\u00ebtij viti ato jan\u00eb shtuar me rreth 500 milion\u00eb duke arritur n\u00eb 1.7 miliard\u00eb. Rritje tep\u00ebr t\u00eb moderuar fondesh jan\u00eb parashikuar edhe p\u00ebr Gjykat\u00ebn Kushtetuse, me nj\u00eb ndryshim rreth nj\u00eb milion lek\u00eb krahasuar me vitin aktual. Ashtu si edhe Presidenca, edhe Ministria e Brendshme, Avokati i Popullit \u00ebsht\u00eb nj\u00eb tjet\u00ebr institucion q\u00eb ka p\u00ebsuar shkurtim fondesh. Gjat\u00eb vitit t\u00eb ardhsh\u00ebm, k\u00ebtij institucioni do t&#8217;i duhet t\u00eb ushtroj\u00eb aktivitet me nj\u00eb milion lek\u00eb m\u00eb pak. Nga 85 milion\u00eb lek\u00eb q\u00eb kishte n\u00eb 2010, Avokati i Populli do t\u00eb marr\u00eb n\u00eb 2011 rreth 84 milion\u00eb lek\u00eb.<\/p>\n<p><strong>Ulet kompensimi i energjis\u00eb<\/strong><br \/>\nKur pritet s\u00ebrish rritje e \u00e7mimit t\u00eb energjis\u00eb elektrike, qeveria ul fondin p\u00ebr kompensimin e saj p\u00ebr familjet n\u00eb nevoj\u00eb. T\u00eb dh\u00ebnat e pasqyruara n\u00eb tabelat e buxhetit t\u00eb vitit 2011 raportojn\u00eb p\u00ebr nj\u00eb fond prej 500 milion\u00eb lek\u00eb q\u00eb do t\u00eb p\u00ebrdoret p\u00ebr k\u00ebt\u00eb q\u00ebllim, nd\u00ebrkoh\u00eb q\u00eb gjat\u00eb k\u00ebtij viti shuma e p\u00ebrdorur ka qen\u00eb rreth 150 milion\u00eb lek\u00eb m\u00eb shum\u00eb. Fondi i kompensimit t\u00eb energjis\u00eb elektrike iu shp\u00ebrndahet kategorive t\u00eb ndryshme t\u00eb shoq\u00ebris\u00eb, kryesisht pensionist\u00ebve dhe familjeve t\u00eb tjera n\u00eb nevoj\u00eb por reduktimi i tij p\u00ebrgjat\u00eb vitit 2011, n\u00eb nj\u00eb koh\u00eb kur \u00ebsht\u00eb aplikuar p\u00ebr rritjen e \u00e7mimit t\u00eb energjis\u00eb do t\u00eb shkaktoj\u00eb jo pak probleme p\u00ebr ata q\u00eb jan\u00eb trajtuar deri m\u00eb tani.<\/p>\n<p><strong>Buxheti i ri nis 47 mld lek\u00eb minus<\/strong><br \/>\nQeveria synon t\u00eb p\u00ebrmbyll\u00eb vitin e ardhsh\u00ebm me rreth 362 miliard\u00eb lek\u00eb t\u00eb ardhura dhe 409 miliard\u00eb lek\u00eb shpenzime duke ruajtur nj\u00ebkoh\u00ebsisht nj\u00eb deficit prej 3.5 p\u00ebr qind. Treguesit paraqiten disi m\u00eb optimist\u00eb krahasuar me parashikimet e b\u00ebra n\u00eb kuadrin makro-ekonomik 2011-2013 rreth gjasht\u00eb muaj m\u00eb par\u00eb, ku t\u00eb ardhurat ishin parashikuar rreth tre miliard\u00eb m\u00eb pak nd\u00ebrsa shpenzimet plot 10 miliard\u00eb m\u00eb pak.<\/p>\n<p>Ekzekutivi parashikon nj\u00eb deficit buxhetor prej 46.8 miliard\u00eb lek\u00eb, t\u00eb cilin m\u00eb s\u00eb shumti pritet ta financoj\u00eb me hua nga tregu vendas. N\u00eb lidhje me k\u00ebt\u00eb, ekzekutivi i ka vendosur kufi vetes duke mos lejuar rritjen e deficitit m\u00eb shum\u00eb se parashikimet. N\u00eb rast t\u00eb mos realizimit t\u00eb t\u00eb ardhurave, pritet q\u00eb qeveria t\u00eb shkurtoj\u00eb shpenzimet. Rishikimi i buxhetit n\u00eb mes t\u00eb vitit \u00ebsht\u00eb periudha n\u00eb t\u00eb cil\u00ebn b\u00ebhen rregullime t\u00eb tilla.<\/p>\n<p>Nga totali i t\u00eb ardhurave prej 362 miliard\u00eb lek\u00eb, rreth 256 miliard\u00eb pritet t\u00eb mblidhen nga tatimet dhe doganat nd\u00ebrsa pjesa tjet\u00ebr prej burimeve t\u00eb tjera si\u00e7 \u00ebsht\u00eb pushteti lokal, fondet speciale, etj.<\/p>\n<p>P\u00ebr t&#8217;u theksuar \u00ebsht\u00eb fakti se edhe p\u00ebrgjat\u00eb vitit 2011, qeveria do t\u00eb vijoj\u00eb t\u00eb subvencionoj\u00eb me fonde t\u00eb konsiderueshme skem\u00ebn e Sigurimeve Shoq\u00ebrore. Me nj\u00eb buxhet total prej 79 miliard\u00eb lek\u00eb, kjo skem\u00eb do t\u00eb subvencionohet me rreth 29 miliard\u00eb lek\u00eb nga parat\u00eb e buxhetit t\u00eb shtetit. E nj\u00ebjta gj\u00eb ka ndodhur edhe gjat\u00eb viteve t\u00eb shkuara, ku p\u00ebr k\u00ebt\u00eb vit, skema e Sigurimeve Shoq\u00ebrore ka marr\u00eb rreth 27 miliard\u00eb lek\u00eb financime direkte nga buxheti i shtetit.<\/p>\n","protected":false},"excerpt":{"rendered":"<p>Emirjon Senja, 05.11.2010 TIRAN\u00cb &#8211; Qeveria ka publikuar dje tabelat e plota t\u00eb buxhetit t\u00eb vitit t\u00eb ardhsh\u00ebm duke parashikuar rritjen e fondit t\u00eb kompensimit t\u00eb pronar\u00ebve dhe d\u00ebmshp\u00ebrblimin e t\u00eb p\u00ebrndjekurve. Nga ana tjet\u00ebr, \u00ebsht\u00eb ulur shuma e p\u00ebrcaktuar p\u00ebr subvencionimin e energjis\u00eb elektrike. Pronar\u00ebt Z\u00ebri i kompensimit t\u00eb pronar\u00ebve n\u00eb vler\u00eb monetare kap [&hellip;]<\/p>\n","protected":false},"author":1,"featured_media":0,"comment_status":"open","ping_status":"closed","sticky":false,"template":"","format":"standard","meta":{"footnotes":""},"categories":[2],"tags":[],"class_list":{"0":"post-4620","1":"post","2":"type-post","3":"status-publish","4":"format-standard","6":"category-artikuj"},"yoast_head":"<!-- This site is optimized with the Yoast SEO plugin v27.4 - https:\/\/yoast.com\/product\/yoast-seo-wordpress\/ -->\n<title>Buxheti, i ulen fondet presidenc\u00ebs. 4 mld p\u00ebr t\u00eb p\u00ebrndjekur e pronar\u00eb - FjALA e LIR\u00cb - Arkivi<\/title>\n<meta name=\"robots\" content=\"index, follow, max-snippet:-1, max-image-preview:large, max-video-preview:-1\" \/>\n<link rel=\"canonical\" href=\"https:\/\/fjala.info\/2009-2015\/buxheti-i-ulen-fondet-presidences-4-mld-per-te-perndjekur-e-pronare\/\" \/>\n<meta property=\"og:locale\" content=\"sq_AL\" \/>\n<meta property=\"og:type\" content=\"article\" \/>\n<meta property=\"og:title\" content=\"Buxheti, i ulen fondet presidenc\u00ebs. 4 mld p\u00ebr t\u00eb p\u00ebrndjekur e pronar\u00eb - FjALA e LIR\u00cb - Arkivi\" \/>\n<meta property=\"og:description\" content=\"Emirjon Senja, 05.11.2010 TIRAN\u00cb &#8211; Qeveria ka publikuar dje tabelat e plota t\u00eb buxhetit t\u00eb vitit t\u00eb ardhsh\u00ebm duke parashikuar rritjen e fondit t\u00eb kompensimit t\u00eb pronar\u00ebve dhe d\u00ebmshp\u00ebrblimin e t\u00eb p\u00ebrndjekurve. Nga ana tjet\u00ebr, \u00ebsht\u00eb ulur shuma e p\u00ebrcaktuar p\u00ebr subvencionimin e energjis\u00eb elektrike. Pronar\u00ebt Z\u00ebri i kompensimit t\u00eb pronar\u00ebve n\u00eb vler\u00eb monetare kap [&hellip;]\" \/>\n<meta property=\"og:url\" content=\"https:\/\/fjala.info\/2009-2015\/buxheti-i-ulen-fondet-presidences-4-mld-per-te-perndjekur-e-pronare\/\" \/>\n<meta property=\"og:site_name\" content=\"FjALA e LIR\u00cb - Arkivi\" \/>\n<meta property=\"article:published_time\" content=\"2010-11-05T10:14:37+00:00\" \/>\n<meta name=\"author\" content=\"admin\" \/>\n<meta name=\"twitter:card\" content=\"summary_large_image\" \/>\n<meta name=\"twitter:label1\" content=\"Written by\" \/>\n\t<meta name=\"twitter:data1\" content=\"admin\" \/>\n\t<meta name=\"twitter:label2\" content=\"Est. reading time\" \/>\n\t<meta name=\"twitter:data2\" content=\"9 minutes\" \/>\n<script type=\"application\/ld+json\" class=\"yoast-schema-graph\">{\"@context\":\"https:\\\/\\\/schema.org\",\"@graph\":[{\"@type\":\"Article\",\"@id\":\"https:\\\/\\\/fjala.info\\\/2009-2015\\\/buxheti-i-ulen-fondet-presidences-4-mld-per-te-perndjekur-e-pronare\\\/#article\",\"isPartOf\":{\"@id\":\"https:\\\/\\\/fjala.info\\\/2009-2015\\\/buxheti-i-ulen-fondet-presidences-4-mld-per-te-perndjekur-e-pronare\\\/\"},\"author\":{\"name\":\"admin\",\"@id\":\"https:\\\/\\\/fjala.info\\\/2009-2015\\\/#\\\/schema\\\/person\\\/3aa1163ef05469c496fc94e77611ada2\"},\"headline\":\"Buxheti, i ulen fondet presidenc\u00ebs. 4 mld p\u00ebr t\u00eb p\u00ebrndjekur e pronar\u00eb\",\"datePublished\":\"2010-11-05T10:14:37+00:00\",\"mainEntityOfPage\":{\"@id\":\"https:\\\/\\\/fjala.info\\\/2009-2015\\\/buxheti-i-ulen-fondet-presidences-4-mld-per-te-perndjekur-e-pronare\\\/\"},\"wordCount\":1844,\"commentCount\":0,\"publisher\":{\"@id\":\"https:\\\/\\\/fjala.info\\\/2009-2015\\\/#organization\"},\"articleSection\":[\"Artikuj\"],\"inLanguage\":\"sq-AL\",\"potentialAction\":[{\"@type\":\"CommentAction\",\"name\":\"Comment\",\"target\":[\"https:\\\/\\\/fjala.info\\\/2009-2015\\\/buxheti-i-ulen-fondet-presidences-4-mld-per-te-perndjekur-e-pronare\\\/#respond\"]}]},{\"@type\":\"WebPage\",\"@id\":\"https:\\\/\\\/fjala.info\\\/2009-2015\\\/buxheti-i-ulen-fondet-presidences-4-mld-per-te-perndjekur-e-pronare\\\/\",\"url\":\"https:\\\/\\\/fjala.info\\\/2009-2015\\\/buxheti-i-ulen-fondet-presidences-4-mld-per-te-perndjekur-e-pronare\\\/\",\"name\":\"Buxheti, i ulen fondet presidenc\u00ebs. 4 mld p\u00ebr t\u00eb p\u00ebrndjekur e pronar\u00eb - FjALA e LIR\u00cb - Arkivi\",\"isPartOf\":{\"@id\":\"https:\\\/\\\/fjala.info\\\/2009-2015\\\/#website\"},\"datePublished\":\"2010-11-05T10:14:37+00:00\",\"breadcrumb\":{\"@id\":\"https:\\\/\\\/fjala.info\\\/2009-2015\\\/buxheti-i-ulen-fondet-presidences-4-mld-per-te-perndjekur-e-pronare\\\/#breadcrumb\"},\"inLanguage\":\"sq-AL\",\"potentialAction\":[{\"@type\":\"ReadAction\",\"target\":[\"https:\\\/\\\/fjala.info\\\/2009-2015\\\/buxheti-i-ulen-fondet-presidences-4-mld-per-te-perndjekur-e-pronare\\\/\"]}]},{\"@type\":\"BreadcrumbList\",\"@id\":\"https:\\\/\\\/fjala.info\\\/2009-2015\\\/buxheti-i-ulen-fondet-presidences-4-mld-per-te-perndjekur-e-pronare\\\/#breadcrumb\",\"itemListElement\":[{\"@type\":\"ListItem\",\"position\":1,\"name\":\"Home\",\"item\":\"https:\\\/\\\/fjala.info\\\/2009-2015\\\/\"},{\"@type\":\"ListItem\",\"position\":2,\"name\":\"Buxheti, i ulen fondet presidenc\u00ebs. 4 mld p\u00ebr t\u00eb p\u00ebrndjekur e pronar\u00eb\"}]},{\"@type\":\"WebSite\",\"@id\":\"https:\\\/\\\/fjala.info\\\/2009-2015\\\/#website\",\"url\":\"https:\\\/\\\/fjala.info\\\/2009-2015\\\/\",\"name\":\"FjALA e LIR\u00cb - Arkivi\",\"description\":\"Arkivi 2009-2015\",\"publisher\":{\"@id\":\"https:\\\/\\\/fjala.info\\\/2009-2015\\\/#organization\"},\"potentialAction\":[{\"@type\":\"SearchAction\",\"target\":{\"@type\":\"EntryPoint\",\"urlTemplate\":\"https:\\\/\\\/fjala.info\\\/2009-2015\\\/?s={search_term_string}\"},\"query-input\":{\"@type\":\"PropertyValueSpecification\",\"valueRequired\":true,\"valueName\":\"search_term_string\"}}],\"inLanguage\":\"sq-AL\"},{\"@type\":\"Organization\",\"@id\":\"https:\\\/\\\/fjala.info\\\/2009-2015\\\/#organization\",\"name\":\"FjALA e LIR\u00cb - Arkivi\",\"url\":\"https:\\\/\\\/fjala.info\\\/2009-2015\\\/\",\"logo\":{\"@type\":\"ImageObject\",\"inLanguage\":\"sq-AL\",\"@id\":\"https:\\\/\\\/fjala.info\\\/2009-2015\\\/#\\\/schema\\\/logo\\\/image\\\/\",\"url\":\"\",\"contentUrl\":\"\",\"caption\":\"FjALA e LIR\u00cb - Arkivi\"},\"image\":{\"@id\":\"https:\\\/\\\/fjala.info\\\/2009-2015\\\/#\\\/schema\\\/logo\\\/image\\\/\"}},{\"@type\":\"Person\",\"@id\":\"https:\\\/\\\/fjala.info\\\/2009-2015\\\/#\\\/schema\\\/person\\\/3aa1163ef05469c496fc94e77611ada2\",\"name\":\"admin\",\"image\":{\"@type\":\"ImageObject\",\"inLanguage\":\"sq-AL\",\"@id\":\"https:\\\/\\\/fjala.info\\\/2009-2015\\\/wp-content\\\/uploads\\\/2012\\\/02\\\/arben_cokaj-120x150.jpg\",\"url\":\"https:\\\/\\\/fjala.info\\\/2009-2015\\\/wp-content\\\/uploads\\\/2012\\\/02\\\/arben_cokaj-120x150.jpg\",\"contentUrl\":\"https:\\\/\\\/fjala.info\\\/2009-2015\\\/wp-content\\\/uploads\\\/2012\\\/02\\\/arben_cokaj-120x150.jpg\",\"caption\":\"admin\"},\"description\":\"Admin, Fjala e Lir\u00eb\",\"sameAs\":[\"https:\\\/\\\/fjala.info\\\/\"],\"url\":\"https:\\\/\\\/fjala.info\\\/2009-2015\\\/author\\\/admin\\\/\"}]}<\/script>\n<!-- \/ Yoast SEO plugin. -->","yoast_head_json":{"title":"Buxheti, i ulen fondet presidenc\u00ebs. 4 mld p\u00ebr t\u00eb p\u00ebrndjekur e pronar\u00eb - FjALA e LIR\u00cb - Arkivi","robots":{"index":"index","follow":"follow","max-snippet":"max-snippet:-1","max-image-preview":"max-image-preview:large","max-video-preview":"max-video-preview:-1"},"canonical":"https:\/\/fjala.info\/2009-2015\/buxheti-i-ulen-fondet-presidences-4-mld-per-te-perndjekur-e-pronare\/","og_locale":"sq_AL","og_type":"article","og_title":"Buxheti, i ulen fondet presidenc\u00ebs. 4 mld p\u00ebr t\u00eb p\u00ebrndjekur e pronar\u00eb - FjALA e LIR\u00cb - Arkivi","og_description":"Emirjon Senja, 05.11.2010 TIRAN\u00cb &#8211; Qeveria ka publikuar dje tabelat e plota t\u00eb buxhetit t\u00eb vitit t\u00eb ardhsh\u00ebm duke parashikuar rritjen e fondit t\u00eb kompensimit t\u00eb pronar\u00ebve dhe d\u00ebmshp\u00ebrblimin e t\u00eb p\u00ebrndjekurve. Nga ana tjet\u00ebr, \u00ebsht\u00eb ulur shuma e p\u00ebrcaktuar p\u00ebr subvencionimin e energjis\u00eb elektrike. Pronar\u00ebt Z\u00ebri i kompensimit t\u00eb pronar\u00ebve n\u00eb vler\u00eb monetare kap [&hellip;]","og_url":"https:\/\/fjala.info\/2009-2015\/buxheti-i-ulen-fondet-presidences-4-mld-per-te-perndjekur-e-pronare\/","og_site_name":"FjALA e LIR\u00cb - Arkivi","article_published_time":"2010-11-05T10:14:37+00:00","author":"admin","twitter_card":"summary_large_image","twitter_misc":{"Written by":"admin","Est. reading time":"9 minutes"},"schema":{"@context":"https:\/\/schema.org","@graph":[{"@type":"Article","@id":"https:\/\/fjala.info\/2009-2015\/buxheti-i-ulen-fondet-presidences-4-mld-per-te-perndjekur-e-pronare\/#article","isPartOf":{"@id":"https:\/\/fjala.info\/2009-2015\/buxheti-i-ulen-fondet-presidences-4-mld-per-te-perndjekur-e-pronare\/"},"author":{"name":"admin","@id":"https:\/\/fjala.info\/2009-2015\/#\/schema\/person\/3aa1163ef05469c496fc94e77611ada2"},"headline":"Buxheti, i ulen fondet presidenc\u00ebs. 4 mld p\u00ebr t\u00eb p\u00ebrndjekur e pronar\u00eb","datePublished":"2010-11-05T10:14:37+00:00","mainEntityOfPage":{"@id":"https:\/\/fjala.info\/2009-2015\/buxheti-i-ulen-fondet-presidences-4-mld-per-te-perndjekur-e-pronare\/"},"wordCount":1844,"commentCount":0,"publisher":{"@id":"https:\/\/fjala.info\/2009-2015\/#organization"},"articleSection":["Artikuj"],"inLanguage":"sq-AL","potentialAction":[{"@type":"CommentAction","name":"Comment","target":["https:\/\/fjala.info\/2009-2015\/buxheti-i-ulen-fondet-presidences-4-mld-per-te-perndjekur-e-pronare\/#respond"]}]},{"@type":"WebPage","@id":"https:\/\/fjala.info\/2009-2015\/buxheti-i-ulen-fondet-presidences-4-mld-per-te-perndjekur-e-pronare\/","url":"https:\/\/fjala.info\/2009-2015\/buxheti-i-ulen-fondet-presidences-4-mld-per-te-perndjekur-e-pronare\/","name":"Buxheti, i ulen fondet presidenc\u00ebs. 4 mld p\u00ebr t\u00eb p\u00ebrndjekur e pronar\u00eb - FjALA e LIR\u00cb - Arkivi","isPartOf":{"@id":"https:\/\/fjala.info\/2009-2015\/#website"},"datePublished":"2010-11-05T10:14:37+00:00","breadcrumb":{"@id":"https:\/\/fjala.info\/2009-2015\/buxheti-i-ulen-fondet-presidences-4-mld-per-te-perndjekur-e-pronare\/#breadcrumb"},"inLanguage":"sq-AL","potentialAction":[{"@type":"ReadAction","target":["https:\/\/fjala.info\/2009-2015\/buxheti-i-ulen-fondet-presidences-4-mld-per-te-perndjekur-e-pronare\/"]}]},{"@type":"BreadcrumbList","@id":"https:\/\/fjala.info\/2009-2015\/buxheti-i-ulen-fondet-presidences-4-mld-per-te-perndjekur-e-pronare\/#breadcrumb","itemListElement":[{"@type":"ListItem","position":1,"name":"Home","item":"https:\/\/fjala.info\/2009-2015\/"},{"@type":"ListItem","position":2,"name":"Buxheti, i ulen fondet presidenc\u00ebs. 4 mld p\u00ebr t\u00eb p\u00ebrndjekur e pronar\u00eb"}]},{"@type":"WebSite","@id":"https:\/\/fjala.info\/2009-2015\/#website","url":"https:\/\/fjala.info\/2009-2015\/","name":"FjALA e LIR\u00cb - Arkivi","description":"Arkivi 2009-2015","publisher":{"@id":"https:\/\/fjala.info\/2009-2015\/#organization"},"potentialAction":[{"@type":"SearchAction","target":{"@type":"EntryPoint","urlTemplate":"https:\/\/fjala.info\/2009-2015\/?s={search_term_string}"},"query-input":{"@type":"PropertyValueSpecification","valueRequired":true,"valueName":"search_term_string"}}],"inLanguage":"sq-AL"},{"@type":"Organization","@id":"https:\/\/fjala.info\/2009-2015\/#organization","name":"FjALA e LIR\u00cb - Arkivi","url":"https:\/\/fjala.info\/2009-2015\/","logo":{"@type":"ImageObject","inLanguage":"sq-AL","@id":"https:\/\/fjala.info\/2009-2015\/#\/schema\/logo\/image\/","url":"","contentUrl":"","caption":"FjALA e LIR\u00cb - Arkivi"},"image":{"@id":"https:\/\/fjala.info\/2009-2015\/#\/schema\/logo\/image\/"}},{"@type":"Person","@id":"https:\/\/fjala.info\/2009-2015\/#\/schema\/person\/3aa1163ef05469c496fc94e77611ada2","name":"admin","image":{"@type":"ImageObject","inLanguage":"sq-AL","@id":"https:\/\/fjala.info\/2009-2015\/wp-content\/uploads\/2012\/02\/arben_cokaj-120x150.jpg","url":"https:\/\/fjala.info\/2009-2015\/wp-content\/uploads\/2012\/02\/arben_cokaj-120x150.jpg","contentUrl":"https:\/\/fjala.info\/2009-2015\/wp-content\/uploads\/2012\/02\/arben_cokaj-120x150.jpg","caption":"admin"},"description":"Admin, Fjala e Lir\u00eb","sameAs":["https:\/\/fjala.info\/"],"url":"https:\/\/fjala.info\/2009-2015\/author\/admin\/"}]}},"_links":{"self":[{"href":"https:\/\/fjala.info\/2009-2015\/wp-json\/wp\/v2\/posts\/4620","targetHints":{"allow":["GET"]}}],"collection":[{"href":"https:\/\/fjala.info\/2009-2015\/wp-json\/wp\/v2\/posts"}],"about":[{"href":"https:\/\/fjala.info\/2009-2015\/wp-json\/wp\/v2\/types\/post"}],"author":[{"embeddable":true,"href":"https:\/\/fjala.info\/2009-2015\/wp-json\/wp\/v2\/users\/1"}],"replies":[{"embeddable":true,"href":"https:\/\/fjala.info\/2009-2015\/wp-json\/wp\/v2\/comments?post=4620"}],"version-history":[{"count":0,"href":"https:\/\/fjala.info\/2009-2015\/wp-json\/wp\/v2\/posts\/4620\/revisions"}],"wp:attachment":[{"href":"https:\/\/fjala.info\/2009-2015\/wp-json\/wp\/v2\/media?parent=4620"}],"wp:term":[{"taxonomy":"category","embeddable":true,"href":"https:\/\/fjala.info\/2009-2015\/wp-json\/wp\/v2\/categories?post=4620"},{"taxonomy":"post_tag","embeddable":true,"href":"https:\/\/fjala.info\/2009-2015\/wp-json\/wp\/v2\/tags?post=4620"}],"curies":[{"name":"wp","href":"https:\/\/api.w.org\/{rel}","templated":true}]}}