{"id":4617,"date":"2010-11-04T22:14:07","date_gmt":"2010-11-04T21:14:07","guid":{"rendered":"http:\/\/fjala.shkoder.net\/?p=4617"},"modified":"2010-11-04T22:14:07","modified_gmt":"2010-11-04T21:14:07","slug":"cmimi-i-larte-i-refuzimit-te-transparences","status":"publish","type":"post","link":"https:\/\/fjala.info\/2009-2015\/cmimi-i-larte-i-refuzimit-te-transparences\/","title":{"rendered":"\u00c7mimi i lart\u00eb i refuzimit t\u00eb transparenc\u00ebs"},"content":{"rendered":"<p><img loading=\"lazy\" decoding=\"async\" class=\"alignleft size-thumbnail wp-image-4317\" title=\"Pre\u00e7 Zogaj\" src=\"http:\/\/fjala.shkoder.net\/wp-content\/uploads\/2010\/10\/prec_zogaj-150x150.jpg\" alt=\"\" width=\"150\" height=\"150\" \/><br \/>\n<strong>Pre\u00e7 Zogaj<\/strong>, <em>04.11.2010<\/em><\/p>\n<p>Hetimi parlamentar i zgjedhjeve nga opozita \u00ebsht\u00eb i pranuesh\u00ebm edhe kur p\u00ebr ato zgjedhje shkruhet vet\u00ebm mir\u00eb. Opozita angazhon koh\u00ebn dhe njer\u00ebzit e saj. N\u00ebse rezulton se ka k\u00ebrkuar gjilp\u00ebr\u00ebn n\u00eb kasht\u00eb, paguan koston p\u00ebrkat\u00ebse.<\/p>\n<p>K\u00ebto gj\u00ebra dihen. Imagjinoni tani sa i domosdosh\u00ebm dhe i parefuzuesh\u00ebm \u00ebsht\u00eb nj\u00eb hetim si ky q\u00eb po k\u00ebrkon q\u00eb prej nj\u00eb viti opozita shqiptare, p\u00ebr nj\u00eb pal\u00eb zgjedhje si ato t\u00eb qershorit t\u00eb vitit 2009, p\u00ebr t\u00eb cilat edhe vet\u00eb raporti i OSBE-ODHIR-it num\u00ebron disa shkelje t\u00eb standardeve t\u00eb Kart\u00ebs s\u00eb Kopenhagenit p\u00ebr zgjedhje t\u00eb lira e t\u00eb ndershme. I nj\u00ebjti raport n\u00ebnvizon e zez\u00eb n\u00eb t\u00eb bardh\u00eb se num\u00ebrimi n\u00eb nj\u00eb t\u00eb tret\u00ebn e qendrave t\u00eb num\u00ebrimit ishte i keq dhe shum\u00eb i keq.<\/p>\n<p>Raporti shoq\u00ebrohet me tridhjet\u00eb e kat\u00ebr rekomandime, q\u00eb n\u00eb t\u00ebr\u00ebsin\u00eb e tyre nuk referojn\u00eb boshll\u00ebqe n\u00eb Kod, por shkeljen e Kodit. T\u00eb mos p\u00ebrmendim k\u00ebtu t\u00eb dh\u00ebnat p\u00ebr manipulimet &#8220;shqiptare&#8221;, t\u00eb pakapshme apo ndoshta edhe t\u00eb paimagjinueshme p\u00ebr v\u00ebzhguesit e huaj, si\u00e7 jan\u00eb futja e flet\u00ebve n\u00eb em\u00ebr t\u00eb emigrant\u00ebve, apo fabrikimi i shifrave n\u00eb procesverbale, si ato q\u00eb ka denoncuar PDK pas rileximit t\u00eb kutive n\u00eb qarkun e Shkodr\u00ebs.<\/p>\n<p>V\u00ebzhguesit e huaj kan\u00eb kapur vet\u00ebm gjurm\u00ebn e k\u00ebtyre manipulimeve, kur kan\u00eb pikasur se num\u00ebrimi ishte i keq n\u00eb nj\u00eb t\u00eb tret\u00ebn e totalit t\u00eb votave. Kurse &#8220;ujku&#8221; fle n\u00eb kuti. N\u00eb kutit\u00eb e mbyllura si n\u00eb nj\u00eb p\u00ebrbetim, q\u00eb filloni me dhunimin flagrant te nenet 136 dhe 138 t\u00eb Kodit nga KQZ dhe Kolegji Zgjedhor, p\u00ebr t\u00eb vijuar pastaj me akrobacit\u00eb e vazhdueshme politike dhe juridike t\u00eb kryeministrit Berisha dhe shumic\u00ebs s\u00eb tij, si e si q\u00eb hetimi i k\u00ebrkuar nga opozita t\u00eb shtyhet, t\u00eb zhvler\u00ebsohet, t\u00eb braktiset, t\u00eb arkivohet.<\/p>\n<p>Nga gjith\u00eb kjo sag\u00eb, q\u00eb ka sh\u00ebnuar l\u00ebvizjen me t\u00eb madhe politike t\u00eb opozit\u00ebs s\u00eb drejtuar nga Edi Rama, q\u00eb ka rikrijuar Shqip\u00ebrin\u00eb e bulevardeve dhe shesheve t\u00eb protest\u00ebs, si n\u00eb dit\u00ebt me t\u00eb mira t\u00eb manifestimit t\u00eb k\u00ebsaj vlere, gjat\u00eb k\u00ebtyre nj\u00ebzet vjet\u00ebve t\u00eb fundit, q\u00eb ka v\u00ebn\u00eb n\u00eb l\u00ebvizje nj\u00eb aksion t\u00eb mir\u00ebfillt\u00eb diplomatik t\u00eb institucioneve euroamerikane me dy rezoluta t\u00eb posa\u00e7me dhe me nj\u00eb mori takimesh dypal\u00ebshe e shum\u00ebpal\u00ebshe p\u00ebr zhbllokimin konsensual t\u00eb hetimit t\u00eb zgjedhjeve, pra nga t\u00ebr\u00eb k\u00ebto p\u00ebrpjekje dhe kund\u00ebrp\u00ebrpjekje p\u00ebr fat t\u00eb keq sterile, n\u00eb krye t\u00eb vitit shohim t\u00eb ken\u00eb mbetur n\u00eb tapet si koncentrati i nj\u00eb reaksioni, dy gj\u00ebra t\u00eb m\u00ebdha.<\/p>\n<p>E para, Shqip\u00ebria, po t\u00eb mos doj\u00eb shumica parlamentare, nuk b\u00ebn dot hetim parlamentar t\u00eb zgjedhjeve.<\/p>\n<p>Ky \u00ebsht\u00eb nj\u00eb p\u00ebrfundim i hidhur p\u00ebr demokracin\u00eb shqiptare, sikurse \u00ebsht\u00eb nj\u00eb mesazh tep\u00ebr negativ q\u00eb u jepet miqve dhe partner\u00ebve tan\u00eb per\u00ebndimor\u00eb. N\u00eb pamjen e par\u00eb, sforcimi, ngecja, q\u00ebndrimi vendnum\u00ebro dhe pamund\u00ebsia e Shqip\u00ebris\u00eb p\u00ebr t\u00eb v\u00ebn\u00eb n\u00eb l\u00ebvizje nj\u00eb hetim parlamentare p\u00ebr nj\u00eb \u00e7\u00ebshtje nga m\u00eb t\u00eb hapurat e sistemit demokratik, \u00ebsht\u00eb nj\u00eb akuz\u00eb q\u00eb i b\u00ebhet legjislacionit.<\/p>\n<p>Kushdo q\u00eb i merr t\u00eb mir\u00ebqena apo priret t&#8217;i lexoj\u00eb me dashamir\u00ebsi justifikimet juridike t\u00eb qeveris\u00eb mund t\u00eb mendoj\u00eb p\u00ebr nj\u00eb \u00e7ast se Shqip\u00ebria paska ende nj\u00eb sistem ligjor kund\u00ebrth\u00ebn\u00ebs , q\u00eb nuk e mund\u00ebson as taksativisht as normalisht t\u00eb drejt\u00ebn e opozit\u00ebs p\u00ebr t\u00eb hetuar pa lejen dhe kusht\u00ebzimin e shumic\u00ebs \u00e7\u00ebshtje q\u00eb kan\u00eb t\u00eb b\u00ebjn\u00eb me zbatimin e Kodeve dhe ligjeve t\u00eb votuara n\u00eb parlament.<\/p>\n<p>N\u00eb t\u00eb v\u00ebrtet\u00eb ky \u00ebsht\u00eb nj\u00eb adresim q\u00ebllimisht i gabuar i v\u00ebmendjes drejt nj\u00eb pengese t\u00eb paqen\u00eb p\u00ebr t\u00eb fshehur penges\u00ebn e v\u00ebrtet\u00eb q\u00eb \u00ebsht\u00eb mungesa e vullnetit politik.<\/p>\n<p>Do t\u00eb mjaftonte njohja me Kushtetut\u00ebn, me ligjin organik t\u00eb Hetimit Parlamentar, me interpretimin q\u00eb ka b\u00ebr\u00eb Gjykata Kushtetuese n\u00eb lidhje me objektin e hetimit parlamentar dhe, s\u00eb fundi, edhe me ndonj\u00eb prej raporteve t\u00eb komisioneve te shumta hetimore q\u00eb kan\u00eb funksionuar n\u00eb Kuvendin e Shqip\u00ebris\u00eb gjat\u00eb dy dekadave t\u00eb fundit, p\u00ebr t\u00eb kuptuar se nuk ka vend p\u00ebr t\u00eb akuzuar legjislacionin.<\/p>\n<p>Legjislacioni dhe e drejta jon\u00eb kushtetuese jan\u00eb t\u00eb standardeve europiane n\u00eb k\u00ebt\u00eb pik\u00eb. Edhe n\u00eb Shqip\u00ebri hetimi parlamentar \u00ebsht\u00eb i vetmi instrument kushtetues dhe e vetmja nism\u00eb parlamentare, q\u00eb nuk k\u00ebrkon nj\u00eb shumic\u00eb votash p\u00ebr t&#8217;u v\u00ebn\u00eb n\u00eb veprim.<\/p>\n<p>Zbatimi i dispozitave p\u00ebr hetimin parlamentar pa i v\u00ebn\u00eb bishta dhe pa e nakatosur me xhonglime juridike do t\u00eb kishte \u00e7uar me koh\u00eb n\u00eb gjetjen e formul\u00ebs s\u00eb zgjidhjes, duke vendosur brenda parimeve t\u00eb bashk\u00ebpunimit nd\u00ebrpartiak nj\u00eb formatim t\u00eb ndersh\u00ebm e praktik t\u00eb hetimit.<\/p>\n<p>Megjith\u00ebse ka zgjedhur t\u00eb kapet pas t\u00eb ashtuquajturave pengesave ligjore, pra t\u00eb faj\u00ebsoj\u00eb legjislacionin, shumica nuk ka mundur t\u00eb bind\u00eb Europ\u00ebn &#8211; opozit\u00ebn jo se jo &#8211; se \u00ebsht\u00eb voluntariste dhe jo legaliste n\u00eb q\u00ebndrimin e saj p\u00ebr hetimin e zgjedhjeve. P\u00ebrgjat\u00eb vitit, Europa ka hyr\u00eb pa p\u00ebrkthyes brenda kriz\u00ebs shqiptare dhe e ka kuptuar si q\u00ebndron e v\u00ebrteta.<\/p>\n<p>Ja ku vjen edhe &#8220;koncentrati i dyt\u00eb&#8221; i k\u00ebsaj krize n\u00eb p\u00ebrmbylljen e vitit t\u00eb par\u00eb t\u00eb jet\u00ebs s\u00eb saj: Shqip\u00ebria po sakrifikon marrjen n\u00eb afatin e d\u00ebshiruar t\u00eb statusit t\u00eb vendit kandidat p\u00ebr n\u00eb BE. Natyrisht, nuk \u00ebsht\u00eb vet\u00ebm ng\u00ebr\u00e7i parlamentar shkaku i k\u00ebtij vendimi t\u00eb paralajm\u00ebruar, q\u00eb do t\u00eb merret t\u00eb mart\u00ebn e jav\u00ebs s\u00eb ardhshme.<\/p>\n<p>Jan\u00eb edhe korrupsioni, krimi, gjendja e r\u00ebnd\u00eb e sistemit t\u00eb drejt\u00ebsis\u00eb, kultura e pand\u00ebshkueshm\u00ebris\u00eb e t\u00eb tjera e t\u00eb tjera, q\u00eb do t&#8217;i shohim s\u00ebrish t\u00eb pasqyruara n\u00eb progres raportin e ri t\u00eb BE-s\u00eb p\u00ebr vendin ton\u00eb. Por ng\u00ebr\u00e7i parlamentar \u00ebsht\u00eb si ajo qershia q\u00eb t\u00ebrheq gjith\u00eb shport\u00ebn.<\/p>\n<p>Moszgjidhja e ng\u00ebr\u00e7it i b\u00ebn partner\u00ebt tan\u00eb t\u00eb kuptoj\u00eb se pse \u00ebsht\u00eb kaq i lart\u00eb korrupsioni dhe pse jan\u00eb kaq vulnerab\u00ebl zgjedhjet n\u00eb k\u00ebt\u00eb vend. Kjo kamban\u00eb ka r\u00ebn\u00eb me koh\u00eb p\u00ebr t\u00eb gjith\u00eb ata q\u00eb kan\u00eb vesh\u00eb.<\/p>\n<p>Mjerisht, edhe n\u00eb prag t\u00eb mbledhjes s\u00eb dat\u00ebs 9 n\u00ebntor, shumica qeveritare ka pakujdesin\u00eb t\u00eb publikoj\u00eb nj\u00eb q\u00ebndrim q\u00eb nuk mund t\u00eb mos shkaktoj\u00eb minimalisht habi edhe n\u00eb aulat m\u00eb modeste t\u00eb demokracis\u00eb per\u00ebndimore.<\/p>\n<p>Listohen si l\u00ebshime q\u00eb i b\u00ebhen opozit\u00ebs pjes\u00ebmarrja n\u00eb komisionin hetimor, apo dh\u00ebnia e kryetarit opozit\u00ebs, kur dihet se n\u00eb t\u00eb gjitha komisionet hetimore t\u00eb ngritur deri me sot kryetarin e ka pasur sipas ligjit grupi q\u00eb ka k\u00ebrkuar hetimin, edhe n\u00eb past\u00eb qen\u00eb pakic\u00eb e pakic\u00ebs. Jepet si garanci zbatimi i vendimeve t\u00eb gjykat\u00ebs!<\/p>\n<p>Granati t\u00eb tilla p\u00ebr gj\u00ebra q\u00eb jan\u00eb t\u00eb detyrueshme jepen vet\u00ebm nga ata q\u00eb e mbajn\u00eb veten mbi ligjin! K\u00ebrkohet zgjatja e afatit t\u00eb hetimit nga pala q\u00eb nuk ka interes p\u00ebr hetimin, duke dekonspiruar lexuesh\u00ebm taktik\u00ebn e zvarritjes pa fund t\u00eb procesit.<\/p>\n<p>Dhe kur i vjen radha \u00e7\u00ebshtjes q\u00eb p\u00ebrb\u00ebn thembr\u00ebn e Akilit t\u00eb gjith\u00eb k\u00ebsaj historie, pra p\u00ebrcaktimit t\u00eb objektit t\u00eb hetimit, shumica i drejton opozit\u00ebs nj\u00eb k\u00ebrkes\u00eb apo nj\u00eb sugjerim pa precedent: t\u00eb shkoj\u00eb t\u00eb marr\u00eb nj\u00eb leje apo nj\u00eb okay n\u00eb gjykat\u00ebn e Strasburgut dhe n\u00eb komisionin e Venecias, pa t\u00eb kthehet n\u00eb Kuvendin e Shqip\u00ebris\u00eb.<\/p>\n<p>Nuk kam d\u00ebgjuar ndonj\u00ebher\u00eb q\u00eb ndonj\u00eb opozit\u00eb n\u00eb bot\u00eb t\u00eb shkoj\u00eb t\u00eb marr\u00eb leje paraprake p\u00ebr nismat e saj parlamentare n\u00eb ndonj\u00eb Gjykat\u00eb vendase apo t\u00eb huaj. Kjo \u00ebsht\u00eb me shum\u00eb se qesharake! Kjo \u00ebsht\u00eb lajthitje. Ka vet\u00ebm nj\u00eb l\u00ebshim p\u00ebr opozit\u00ebn n\u00eb q\u00ebndrimin e qeveris\u00eb: l\u00ebnia e shumic\u00ebs s\u00eb komisioner\u00ebve opozit\u00ebs.<\/p>\n<p>Por edhe ky l\u00ebshim ka fatin &#8220;t\u00eb zhduket&#8221; kur t\u00eb votohet raporti p\u00ebrfundimtar n\u00eb Kuvend. Nd\u00ebrkaq, ky l\u00ebshim \u00ebsht\u00eb nj\u00eb pik\u00eb n\u00eb det p\u00ebrball\u00eb absurditeteve q\u00eb nuk i p\u00ebrmendem t\u00eb gjitha. \u00cbsht\u00eb e paimagjinueshme t\u00eb luhet n\u00eb k\u00ebt\u00eb shkall\u00eb me \u00ebndrr\u00ebn p\u00ebr integrim. \u00cbsht\u00eb e paimagjinueshme t\u00eb sakrifikohet integrimi, sepse nuk duam t\u00eb b\u00ebjm\u00eb transparenc\u00ebn e zgjedhjeve.<\/p>\n<p>Nd\u00ebrgjegjja demokratike nuk do t\u00eb pajtohej me refuzimin e hetimit parlamentar edhe sikur t\u00eb mos humbnim asgj\u00eb nga ky refuzim. Por kur shohim se i lart\u00eb \u00ebsht\u00eb \u00e7mimi i k\u00ebtij refuzimi, vetvetiu t\u00eb shkon mendja te gjendja e pap\u00ebrfytyrueshme e kutive, ose te mungesa totale e profesionalizmit n\u00eb politik\u00ebb\u00ebrje.<\/p>\n<p>Disa p\u00ebrfaq\u00ebsues t\u00eb qeveris\u00eb po thon\u00eb se opozita e ka demagogji, por nuk e do transparenc\u00ebn. Nganj\u00ebher\u00eb m\u00eb vjen t\u00eb mendoj edhe un\u00eb af\u00ebrsisht si ata, q\u00eb opozita n\u00eb planin e interesit t\u00eb ngusht\u00eb politik s&#8217;ka \u00e7far\u00eb e do m\u00eb transparenc\u00ebn.<\/p>\n<p>N\u00eb k\u00ebt\u00eb plan, ajo ka arritur m\u00eb shum\u00eb se sa do t\u00eb kishte arritur po t\u00eb ishin hapur kutit\u00eb. Por vendit nuk i vlen loja e k\u00ebtij niveli. Nuk na duhet nj\u00eb opozit\u00eb q\u00eb mbledh pik\u00ebt q\u00eb humbet pushteti. Na duhet nj\u00eb opozit\u00eb q\u00eb fiton pik\u00ebt e veta. Dhe kryesorja, na duhet t\u00eb fitojm\u00eb t\u00eb gjith\u00eb zgjedhjet e lira e t\u00eb ndershme q\u00eb kalojn\u00eb nga hetimi i zgjedhjeve t\u00eb kaluara.<\/p>\n","protected":false},"excerpt":{"rendered":"<p>Pre\u00e7 Zogaj, 04.11.2010 Hetimi parlamentar i zgjedhjeve nga opozita \u00ebsht\u00eb i pranuesh\u00ebm edhe kur p\u00ebr ato zgjedhje shkruhet vet\u00ebm mir\u00eb. Opozita angazhon koh\u00ebn dhe njer\u00ebzit e saj. N\u00ebse rezulton se ka k\u00ebrkuar gjilp\u00ebr\u00ebn n\u00eb kasht\u00eb, paguan koston p\u00ebrkat\u00ebse. K\u00ebto gj\u00ebra dihen. Imagjinoni tani sa i domosdosh\u00ebm dhe i parefuzuesh\u00ebm \u00ebsht\u00eb nj\u00eb hetim si ky q\u00eb [&hellip;]<\/p>\n","protected":false},"author":1,"featured_media":0,"comment_status":"open","ping_status":"closed","sticky":false,"template":"","format":"standard","meta":{"footnotes":""},"categories":[2],"tags":[],"class_list":{"0":"post-4617","1":"post","2":"type-post","3":"status-publish","4":"format-standard","6":"category-artikuj"},"yoast_head":"<!-- This site is optimized with the Yoast SEO plugin v27.4 - https:\/\/yoast.com\/product\/yoast-seo-wordpress\/ -->\n<title>\u00c7mimi i lart\u00eb i refuzimit t\u00eb transparenc\u00ebs - FjALA e LIR\u00cb - Arkivi<\/title>\n<meta name=\"robots\" content=\"index, follow, max-snippet:-1, max-image-preview:large, max-video-preview:-1\" \/>\n<link rel=\"canonical\" href=\"https:\/\/fjala.info\/2009-2015\/cmimi-i-larte-i-refuzimit-te-transparences\/\" \/>\n<meta property=\"og:locale\" content=\"sq_AL\" \/>\n<meta property=\"og:type\" content=\"article\" \/>\n<meta property=\"og:title\" content=\"\u00c7mimi i lart\u00eb i refuzimit t\u00eb transparenc\u00ebs - FjALA e LIR\u00cb - Arkivi\" \/>\n<meta property=\"og:description\" content=\"Pre\u00e7 Zogaj, 04.11.2010 Hetimi parlamentar i zgjedhjeve nga opozita \u00ebsht\u00eb i pranuesh\u00ebm edhe kur p\u00ebr ato zgjedhje shkruhet vet\u00ebm mir\u00eb. Opozita angazhon koh\u00ebn dhe njer\u00ebzit e saj. N\u00ebse rezulton se ka k\u00ebrkuar gjilp\u00ebr\u00ebn n\u00eb kasht\u00eb, paguan koston p\u00ebrkat\u00ebse. K\u00ebto gj\u00ebra dihen. Imagjinoni tani sa i domosdosh\u00ebm dhe i parefuzuesh\u00ebm \u00ebsht\u00eb nj\u00eb hetim si ky q\u00eb [&hellip;]\" \/>\n<meta property=\"og:url\" content=\"https:\/\/fjala.info\/2009-2015\/cmimi-i-larte-i-refuzimit-te-transparences\/\" \/>\n<meta property=\"og:site_name\" content=\"FjALA e LIR\u00cb - Arkivi\" \/>\n<meta property=\"article:published_time\" content=\"2010-11-04T21:14:07+00:00\" \/>\n<meta property=\"og:image\" content=\"http:\/\/fjala.shkoder.net\/wp-content\/uploads\/2010\/10\/prec_zogaj-150x150.jpg\" \/>\n<meta name=\"author\" content=\"admin\" \/>\n<meta name=\"twitter:card\" content=\"summary_large_image\" \/>\n<meta name=\"twitter:label1\" content=\"Written by\" \/>\n\t<meta name=\"twitter:data1\" content=\"admin\" \/>\n\t<meta name=\"twitter:label2\" content=\"Est. reading time\" \/>\n\t<meta name=\"twitter:data2\" content=\"8 minutes\" \/>\n<script type=\"application\/ld+json\" class=\"yoast-schema-graph\">{\"@context\":\"https:\\\/\\\/schema.org\",\"@graph\":[{\"@type\":\"Article\",\"@id\":\"https:\\\/\\\/fjala.info\\\/2009-2015\\\/cmimi-i-larte-i-refuzimit-te-transparences\\\/#article\",\"isPartOf\":{\"@id\":\"https:\\\/\\\/fjala.info\\\/2009-2015\\\/cmimi-i-larte-i-refuzimit-te-transparences\\\/\"},\"author\":{\"name\":\"admin\",\"@id\":\"https:\\\/\\\/fjala.info\\\/2009-2015\\\/#\\\/schema\\\/person\\\/3aa1163ef05469c496fc94e77611ada2\"},\"headline\":\"\u00c7mimi i lart\u00eb i refuzimit t\u00eb transparenc\u00ebs\",\"datePublished\":\"2010-11-04T21:14:07+00:00\",\"mainEntityOfPage\":{\"@id\":\"https:\\\/\\\/fjala.info\\\/2009-2015\\\/cmimi-i-larte-i-refuzimit-te-transparences\\\/\"},\"wordCount\":1618,\"commentCount\":0,\"publisher\":{\"@id\":\"https:\\\/\\\/fjala.info\\\/2009-2015\\\/#organization\"},\"image\":{\"@id\":\"https:\\\/\\\/fjala.info\\\/2009-2015\\\/cmimi-i-larte-i-refuzimit-te-transparences\\\/#primaryimage\"},\"thumbnailUrl\":\"http:\\\/\\\/fjala.shkoder.net\\\/wp-content\\\/uploads\\\/2010\\\/10\\\/prec_zogaj-150x150.jpg\",\"articleSection\":[\"Artikuj\"],\"inLanguage\":\"sq-AL\",\"potentialAction\":[{\"@type\":\"CommentAction\",\"name\":\"Comment\",\"target\":[\"https:\\\/\\\/fjala.info\\\/2009-2015\\\/cmimi-i-larte-i-refuzimit-te-transparences\\\/#respond\"]}]},{\"@type\":\"WebPage\",\"@id\":\"https:\\\/\\\/fjala.info\\\/2009-2015\\\/cmimi-i-larte-i-refuzimit-te-transparences\\\/\",\"url\":\"https:\\\/\\\/fjala.info\\\/2009-2015\\\/cmimi-i-larte-i-refuzimit-te-transparences\\\/\",\"name\":\"\u00c7mimi i lart\u00eb i refuzimit t\u00eb transparenc\u00ebs - FjALA e LIR\u00cb - Arkivi\",\"isPartOf\":{\"@id\":\"https:\\\/\\\/fjala.info\\\/2009-2015\\\/#website\"},\"primaryImageOfPage\":{\"@id\":\"https:\\\/\\\/fjala.info\\\/2009-2015\\\/cmimi-i-larte-i-refuzimit-te-transparences\\\/#primaryimage\"},\"image\":{\"@id\":\"https:\\\/\\\/fjala.info\\\/2009-2015\\\/cmimi-i-larte-i-refuzimit-te-transparences\\\/#primaryimage\"},\"thumbnailUrl\":\"http:\\\/\\\/fjala.shkoder.net\\\/wp-content\\\/uploads\\\/2010\\\/10\\\/prec_zogaj-150x150.jpg\",\"datePublished\":\"2010-11-04T21:14:07+00:00\",\"breadcrumb\":{\"@id\":\"https:\\\/\\\/fjala.info\\\/2009-2015\\\/cmimi-i-larte-i-refuzimit-te-transparences\\\/#breadcrumb\"},\"inLanguage\":\"sq-AL\",\"potentialAction\":[{\"@type\":\"ReadAction\",\"target\":[\"https:\\\/\\\/fjala.info\\\/2009-2015\\\/cmimi-i-larte-i-refuzimit-te-transparences\\\/\"]}]},{\"@type\":\"ImageObject\",\"inLanguage\":\"sq-AL\",\"@id\":\"https:\\\/\\\/fjala.info\\\/2009-2015\\\/cmimi-i-larte-i-refuzimit-te-transparences\\\/#primaryimage\",\"url\":\"http:\\\/\\\/fjala.shkoder.net\\\/wp-content\\\/uploads\\\/2010\\\/10\\\/prec_zogaj-150x150.jpg\",\"contentUrl\":\"http:\\\/\\\/fjala.shkoder.net\\\/wp-content\\\/uploads\\\/2010\\\/10\\\/prec_zogaj-150x150.jpg\"},{\"@type\":\"BreadcrumbList\",\"@id\":\"https:\\\/\\\/fjala.info\\\/2009-2015\\\/cmimi-i-larte-i-refuzimit-te-transparences\\\/#breadcrumb\",\"itemListElement\":[{\"@type\":\"ListItem\",\"position\":1,\"name\":\"Home\",\"item\":\"https:\\\/\\\/fjala.info\\\/2009-2015\\\/\"},{\"@type\":\"ListItem\",\"position\":2,\"name\":\"\u00c7mimi i lart\u00eb i refuzimit t\u00eb transparenc\u00ebs\"}]},{\"@type\":\"WebSite\",\"@id\":\"https:\\\/\\\/fjala.info\\\/2009-2015\\\/#website\",\"url\":\"https:\\\/\\\/fjala.info\\\/2009-2015\\\/\",\"name\":\"FjALA e LIR\u00cb - Arkivi\",\"description\":\"Arkivi 2009-2015\",\"publisher\":{\"@id\":\"https:\\\/\\\/fjala.info\\\/2009-2015\\\/#organization\"},\"potentialAction\":[{\"@type\":\"SearchAction\",\"target\":{\"@type\":\"EntryPoint\",\"urlTemplate\":\"https:\\\/\\\/fjala.info\\\/2009-2015\\\/?s={search_term_string}\"},\"query-input\":{\"@type\":\"PropertyValueSpecification\",\"valueRequired\":true,\"valueName\":\"search_term_string\"}}],\"inLanguage\":\"sq-AL\"},{\"@type\":\"Organization\",\"@id\":\"https:\\\/\\\/fjala.info\\\/2009-2015\\\/#organization\",\"name\":\"FjALA e LIR\u00cb - Arkivi\",\"url\":\"https:\\\/\\\/fjala.info\\\/2009-2015\\\/\",\"logo\":{\"@type\":\"ImageObject\",\"inLanguage\":\"sq-AL\",\"@id\":\"https:\\\/\\\/fjala.info\\\/2009-2015\\\/#\\\/schema\\\/logo\\\/image\\\/\",\"url\":\"\",\"contentUrl\":\"\",\"caption\":\"FjALA e LIR\u00cb - Arkivi\"},\"image\":{\"@id\":\"https:\\\/\\\/fjala.info\\\/2009-2015\\\/#\\\/schema\\\/logo\\\/image\\\/\"}},{\"@type\":\"Person\",\"@id\":\"https:\\\/\\\/fjala.info\\\/2009-2015\\\/#\\\/schema\\\/person\\\/3aa1163ef05469c496fc94e77611ada2\",\"name\":\"admin\",\"image\":{\"@type\":\"ImageObject\",\"inLanguage\":\"sq-AL\",\"@id\":\"https:\\\/\\\/fjala.info\\\/2009-2015\\\/wp-content\\\/uploads\\\/2012\\\/02\\\/arben_cokaj-120x150.jpg\",\"url\":\"https:\\\/\\\/fjala.info\\\/2009-2015\\\/wp-content\\\/uploads\\\/2012\\\/02\\\/arben_cokaj-120x150.jpg\",\"contentUrl\":\"https:\\\/\\\/fjala.info\\\/2009-2015\\\/wp-content\\\/uploads\\\/2012\\\/02\\\/arben_cokaj-120x150.jpg\",\"caption\":\"admin\"},\"description\":\"Admin, Fjala e Lir\u00eb\",\"sameAs\":[\"https:\\\/\\\/fjala.info\\\/\"],\"url\":\"https:\\\/\\\/fjala.info\\\/2009-2015\\\/author\\\/admin\\\/\"}]}<\/script>\n<!-- \/ Yoast SEO plugin. -->","yoast_head_json":{"title":"\u00c7mimi i lart\u00eb i refuzimit t\u00eb transparenc\u00ebs - FjALA e LIR\u00cb - Arkivi","robots":{"index":"index","follow":"follow","max-snippet":"max-snippet:-1","max-image-preview":"max-image-preview:large","max-video-preview":"max-video-preview:-1"},"canonical":"https:\/\/fjala.info\/2009-2015\/cmimi-i-larte-i-refuzimit-te-transparences\/","og_locale":"sq_AL","og_type":"article","og_title":"\u00c7mimi i lart\u00eb i refuzimit t\u00eb transparenc\u00ebs - FjALA e LIR\u00cb - Arkivi","og_description":"Pre\u00e7 Zogaj, 04.11.2010 Hetimi parlamentar i zgjedhjeve nga opozita \u00ebsht\u00eb i pranuesh\u00ebm edhe kur p\u00ebr ato zgjedhje shkruhet vet\u00ebm mir\u00eb. Opozita angazhon koh\u00ebn dhe njer\u00ebzit e saj. N\u00ebse rezulton se ka k\u00ebrkuar gjilp\u00ebr\u00ebn n\u00eb kasht\u00eb, paguan koston p\u00ebrkat\u00ebse. K\u00ebto gj\u00ebra dihen. Imagjinoni tani sa i domosdosh\u00ebm dhe i parefuzuesh\u00ebm \u00ebsht\u00eb nj\u00eb hetim si ky q\u00eb [&hellip;]","og_url":"https:\/\/fjala.info\/2009-2015\/cmimi-i-larte-i-refuzimit-te-transparences\/","og_site_name":"FjALA e LIR\u00cb - Arkivi","article_published_time":"2010-11-04T21:14:07+00:00","og_image":[{"url":"http:\/\/fjala.shkoder.net\/wp-content\/uploads\/2010\/10\/prec_zogaj-150x150.jpg","type":"","width":"","height":""}],"author":"admin","twitter_card":"summary_large_image","twitter_misc":{"Written by":"admin","Est. reading time":"8 minutes"},"schema":{"@context":"https:\/\/schema.org","@graph":[{"@type":"Article","@id":"https:\/\/fjala.info\/2009-2015\/cmimi-i-larte-i-refuzimit-te-transparences\/#article","isPartOf":{"@id":"https:\/\/fjala.info\/2009-2015\/cmimi-i-larte-i-refuzimit-te-transparences\/"},"author":{"name":"admin","@id":"https:\/\/fjala.info\/2009-2015\/#\/schema\/person\/3aa1163ef05469c496fc94e77611ada2"},"headline":"\u00c7mimi i lart\u00eb i refuzimit t\u00eb transparenc\u00ebs","datePublished":"2010-11-04T21:14:07+00:00","mainEntityOfPage":{"@id":"https:\/\/fjala.info\/2009-2015\/cmimi-i-larte-i-refuzimit-te-transparences\/"},"wordCount":1618,"commentCount":0,"publisher":{"@id":"https:\/\/fjala.info\/2009-2015\/#organization"},"image":{"@id":"https:\/\/fjala.info\/2009-2015\/cmimi-i-larte-i-refuzimit-te-transparences\/#primaryimage"},"thumbnailUrl":"http:\/\/fjala.shkoder.net\/wp-content\/uploads\/2010\/10\/prec_zogaj-150x150.jpg","articleSection":["Artikuj"],"inLanguage":"sq-AL","potentialAction":[{"@type":"CommentAction","name":"Comment","target":["https:\/\/fjala.info\/2009-2015\/cmimi-i-larte-i-refuzimit-te-transparences\/#respond"]}]},{"@type":"WebPage","@id":"https:\/\/fjala.info\/2009-2015\/cmimi-i-larte-i-refuzimit-te-transparences\/","url":"https:\/\/fjala.info\/2009-2015\/cmimi-i-larte-i-refuzimit-te-transparences\/","name":"\u00c7mimi i lart\u00eb i refuzimit t\u00eb transparenc\u00ebs - FjALA e LIR\u00cb - Arkivi","isPartOf":{"@id":"https:\/\/fjala.info\/2009-2015\/#website"},"primaryImageOfPage":{"@id":"https:\/\/fjala.info\/2009-2015\/cmimi-i-larte-i-refuzimit-te-transparences\/#primaryimage"},"image":{"@id":"https:\/\/fjala.info\/2009-2015\/cmimi-i-larte-i-refuzimit-te-transparences\/#primaryimage"},"thumbnailUrl":"http:\/\/fjala.shkoder.net\/wp-content\/uploads\/2010\/10\/prec_zogaj-150x150.jpg","datePublished":"2010-11-04T21:14:07+00:00","breadcrumb":{"@id":"https:\/\/fjala.info\/2009-2015\/cmimi-i-larte-i-refuzimit-te-transparences\/#breadcrumb"},"inLanguage":"sq-AL","potentialAction":[{"@type":"ReadAction","target":["https:\/\/fjala.info\/2009-2015\/cmimi-i-larte-i-refuzimit-te-transparences\/"]}]},{"@type":"ImageObject","inLanguage":"sq-AL","@id":"https:\/\/fjala.info\/2009-2015\/cmimi-i-larte-i-refuzimit-te-transparences\/#primaryimage","url":"http:\/\/fjala.shkoder.net\/wp-content\/uploads\/2010\/10\/prec_zogaj-150x150.jpg","contentUrl":"http:\/\/fjala.shkoder.net\/wp-content\/uploads\/2010\/10\/prec_zogaj-150x150.jpg"},{"@type":"BreadcrumbList","@id":"https:\/\/fjala.info\/2009-2015\/cmimi-i-larte-i-refuzimit-te-transparences\/#breadcrumb","itemListElement":[{"@type":"ListItem","position":1,"name":"Home","item":"https:\/\/fjala.info\/2009-2015\/"},{"@type":"ListItem","position":2,"name":"\u00c7mimi i lart\u00eb i refuzimit t\u00eb transparenc\u00ebs"}]},{"@type":"WebSite","@id":"https:\/\/fjala.info\/2009-2015\/#website","url":"https:\/\/fjala.info\/2009-2015\/","name":"FjALA e LIR\u00cb - Arkivi","description":"Arkivi 2009-2015","publisher":{"@id":"https:\/\/fjala.info\/2009-2015\/#organization"},"potentialAction":[{"@type":"SearchAction","target":{"@type":"EntryPoint","urlTemplate":"https:\/\/fjala.info\/2009-2015\/?s={search_term_string}"},"query-input":{"@type":"PropertyValueSpecification","valueRequired":true,"valueName":"search_term_string"}}],"inLanguage":"sq-AL"},{"@type":"Organization","@id":"https:\/\/fjala.info\/2009-2015\/#organization","name":"FjALA e LIR\u00cb - Arkivi","url":"https:\/\/fjala.info\/2009-2015\/","logo":{"@type":"ImageObject","inLanguage":"sq-AL","@id":"https:\/\/fjala.info\/2009-2015\/#\/schema\/logo\/image\/","url":"","contentUrl":"","caption":"FjALA e LIR\u00cb - Arkivi"},"image":{"@id":"https:\/\/fjala.info\/2009-2015\/#\/schema\/logo\/image\/"}},{"@type":"Person","@id":"https:\/\/fjala.info\/2009-2015\/#\/schema\/person\/3aa1163ef05469c496fc94e77611ada2","name":"admin","image":{"@type":"ImageObject","inLanguage":"sq-AL","@id":"https:\/\/fjala.info\/2009-2015\/wp-content\/uploads\/2012\/02\/arben_cokaj-120x150.jpg","url":"https:\/\/fjala.info\/2009-2015\/wp-content\/uploads\/2012\/02\/arben_cokaj-120x150.jpg","contentUrl":"https:\/\/fjala.info\/2009-2015\/wp-content\/uploads\/2012\/02\/arben_cokaj-120x150.jpg","caption":"admin"},"description":"Admin, Fjala e Lir\u00eb","sameAs":["https:\/\/fjala.info\/"],"url":"https:\/\/fjala.info\/2009-2015\/author\/admin\/"}]}},"_links":{"self":[{"href":"https:\/\/fjala.info\/2009-2015\/wp-json\/wp\/v2\/posts\/4617","targetHints":{"allow":["GET"]}}],"collection":[{"href":"https:\/\/fjala.info\/2009-2015\/wp-json\/wp\/v2\/posts"}],"about":[{"href":"https:\/\/fjala.info\/2009-2015\/wp-json\/wp\/v2\/types\/post"}],"author":[{"embeddable":true,"href":"https:\/\/fjala.info\/2009-2015\/wp-json\/wp\/v2\/users\/1"}],"replies":[{"embeddable":true,"href":"https:\/\/fjala.info\/2009-2015\/wp-json\/wp\/v2\/comments?post=4617"}],"version-history":[{"count":0,"href":"https:\/\/fjala.info\/2009-2015\/wp-json\/wp\/v2\/posts\/4617\/revisions"}],"wp:attachment":[{"href":"https:\/\/fjala.info\/2009-2015\/wp-json\/wp\/v2\/media?parent=4617"}],"wp:term":[{"taxonomy":"category","embeddable":true,"href":"https:\/\/fjala.info\/2009-2015\/wp-json\/wp\/v2\/categories?post=4617"},{"taxonomy":"post_tag","embeddable":true,"href":"https:\/\/fjala.info\/2009-2015\/wp-json\/wp\/v2\/tags?post=4617"}],"curies":[{"name":"wp","href":"https:\/\/api.w.org\/{rel}","templated":true}]}}