{"id":4613,"date":"2010-11-02T22:11:48","date_gmt":"2010-11-02T21:11:48","guid":{"rendered":"http:\/\/fjala.shkoder.net\/?p=4613"},"modified":"2010-11-02T22:11:48","modified_gmt":"2010-11-02T21:11:48","slug":"pashallaret-e-rinj-qe-kane-privatizuar-shqiperine","status":"publish","type":"post","link":"https:\/\/fjala.info\/2009-2015\/pashallaret-e-rinj-qe-kane-privatizuar-shqiperine\/","title":{"rendered":"Pashallar\u00ebt e rinj q\u00eb kan\u00eb privatizuar Shqip\u00ebrin\u00eb"},"content":{"rendered":"<p><img loading=\"lazy\" decoding=\"async\" class=\"alignleft size-full wp-image-3956\" title=\"Mentor Kikia\" src=\"http:\/\/fjala.shkoder.net\/wp-content\/uploads\/2010\/09\/mentor_kikia.jpg\" alt=\"\" width=\"240\" height=\"180\" \/><\/p>\n<p><strong>Mentor Kikia<\/strong><\/p>\n<p><em><strong>Nj\u00eb ftes\u00eb p\u00ebr prokurorin\u00eb<\/strong><\/em><\/p>\n<p>Mbr\u00ebm\u00eb, \u201cTop Channel\u201d solli nj\u00eb nga shembujt m\u00eb flagrant\u00eb t\u00eb konfliktit t\u00eb interesit, t\u00eb abuzimit me pushtetin, t\u00eb shkeljes s\u00eb ligjit dhe karshill\u00ebkut t\u00eb paprecedent\u00eb ndaj organeve shtet\u00ebrore. Nj\u00eb duzin\u00eb kryetar\u00ebsh n\u00eb komunat e Ersek\u00ebs dhe Librazhdit, komuna q\u00eb zot\u00ebrojn\u00eb pron\u00ebsin\u00eb mbi sip\u00ebrfaqet m\u00eb t\u00eb m\u00ebdha pyjore t\u00eb vendit, jan\u00eb pik\u00ebrisht njer\u00ebzit q\u00eb zot\u00ebronin licencat p\u00ebr shfryt\u00ebzimin e pyjeve, pik\u00ebrisht n\u00eb territorin e q\u00eb administron komuna q\u00eb ata drejtojn\u00eb. Licencat e tyre parashikojn\u00eb q\u00eb objekt i aktivitetit t\u00eb jet\u00eb shfryt\u00ebzimi, mbjellja e p\u00ebrkujdesi ndaj sip\u00ebrfaqeve pyjore etj. Por q\u00eb n\u00eb fakt, ata b\u00ebjn\u00eb vet\u00ebm nj\u00eb gj\u00eb, shfryt\u00ebzojn\u00eb dhe shkat\u00ebrrojn\u00eb. Investigimi q\u00eb solli gazetari Marin Mema, p\u00ebrmes reportazhit t\u00eb tij, tregonte qart\u00eb se si k\u00ebta njer\u00ebz q\u00eb zot\u00ebrojn\u00eb pushtetin, jan\u00eb shnd\u00ebrruar n\u00eb pronar\u00eb t\u00eb fshatrave q\u00eb duhet t\u00eb qeverisin.<\/p>\n<p>Kryetar\u00eb komunash, deputet\u00eb, ish-deputet\u00eb, drejtues lokal\u00eb t\u00eb partive, t\u00eb majta e t\u00eb djathta, jan\u00eb pronar\u00eb t\u00eb stacioneve t\u00eb shfryt\u00ebzimit t\u00eb pyjeve. Nuk po trajtojm\u00eb k\u00ebtu faktin, n\u00ebse ata e shfryt\u00ebzojn\u00eb apo jo pyllin brenda kritereve shkencore q\u00eb t\u2019i lejojn\u00eb atij rip\u00ebrt\u00ebritjen natyrore, pasi ky do t\u00eb ishte nj\u00eb luks i madh. Faktet q\u00eb hidhen n\u00eb tavolin\u00eb jan\u00eb shum\u00eb m\u00eb t\u00eb r\u00ebnda se d\u00ebmtimi i mjedisit dhe pasuris\u00eb natyrore. \u00cbsht\u00eb p\u00ebrdhosja e ligjit, n\u00ebp\u00ebrk\u00ebmbja e shtetit, p\u00ebr\u00e7udnimi i drejt\u00ebsis\u00eb nga nj\u00eb kast\u00eb burokrat\u00ebsh politik\u00eb, t\u00eb cil\u00ebt tashm\u00eb ndihen pronar\u00eb t\u00eb lumit, malit, fush\u00ebs, minier\u00ebs dhe pyllit. Nd\u00ebrsa fshatar\u00ebt dhe njer\u00ebzit q\u00eb jetojn\u00eb n\u00eb k\u00ebto territore, jan\u00eb ca skllev\u00ebr mjeran\u00eb q\u00eb vihen p\u00ebrpara si bag\u00ebtit\u00eb, duke i joshur me nga nj\u00eb thes miell, p\u00ebr t\u00eb votuar dhe ligj\u00ebruar \u00e7do 4 vjet sundimin e k\u00ebsaj kaste me rr\u00ebnj\u00eb n\u00eb male e gjethe n\u00eb kryeqytet.<\/p>\n<p>Politika n\u00eb Tiran\u00eb \u00ebsht\u00eb p\u00ebrfshir\u00eb prej muajsh nga nj\u00eb spirale akuzash t\u00eb r\u00ebnda, ku n\u00eb qend\u00ebr \u00ebsht\u00eb konflikti i interesit. Madje, mazhoranca, votoi n\u00eb Parlament edhe p\u00ebr heqjen e mandatit t\u00eb deputetit Ilir Beqja, pasi me kompanin\u00eb q\u00eb zot\u00ebron ai kishte fituar dy tendera n\u00eb Bashkin\u00eb e Durr\u00ebsit, duke qen\u00eb edhe deputet.<\/p>\n<p>Por faktet e publikuara mbr\u00ebm\u00eb n\u00eb \u201cTop Channel\u201d, jan\u00eb shum\u00eb m\u00eb t\u00eb r\u00ebnda sesa tenderi i Ilir Beqjes. Kryetar\u00ebt e komunave fitojn\u00eb tendera dhe shfryt\u00ebzojn\u00eb pyjet q\u00eb i kan\u00eb vet\u00eb n\u00ebn zot\u00ebrim. As m\u00eb pak e as m\u00eb shum\u00eb, \u00ebsht\u00eb sikur tenderin p\u00ebr rind\u00ebrtimin e sheshit \u201cSk\u00ebnderbej\u201d ta fitonte firma e vet\u00eb Edi Ram\u00ebs, tenderin p\u00ebr nd\u00ebrtimin e rrug\u00ebs Durr\u00ebs-Kuk\u00ebs ta fitonte firma e vet\u00eb Lulzim Bash\u00ebs. Padyshim q\u00eb do t\u00eb thoni se, edhe pas atyre q\u00eb i kan\u00eb fituar k\u00ebto tendera, fshihen t\u00eb af\u00ebrm t\u00eb k\u00ebtyre zyrtar\u00ebve, por pronar\u00ebt e rinj t\u00eb pyjeve as nuk kan\u00eb denjuar q\u00eb pas firmave q\u00eb kan\u00eb regjistruar n\u00eb QKR, t\u00eb sh\u00ebnojn\u00eb emrat e t\u00eb af\u00ebrmve, duke sfiduar k\u00ebshtu hapur ligjet e shtetit.<\/p>\n<p>N\u00ebse do t\u00eb ishte vet\u00ebm shfryt\u00ebzimi i pyjeve n\u00eb Ersek\u00eb e Librazhd, ky alarm do t\u00eb ishte jo shum\u00eb i justifikuar, por skandalet me pasurit\u00eb natyrore kan\u00eb tashm\u00eb p\u00ebrmasa tragjike n\u00eb t\u00ebr\u00eb vendin. N\u00eb male ku ka miniera, n\u00eb male ku ka ende pyje, n\u00eb lumenj ku ende shfryt\u00ebzohen inertet, n\u00eb bregdet ku nuk ka m\u00eb toka p\u00ebr t\u00eb shitur, n\u00eb periferit\u00eb e qyteteve ku fshatrat jan\u00eb shitur me gjith\u00eb fshatar\u00eb e kasolle, jan\u00eb pik\u00ebrisht ky soj drejtuesish vendor\u00eb.<\/p>\n<p>Shkoni n\u00eb fshatrat periferik\u00eb t\u00eb Tiran\u00ebs si Sauk, Petrel\u00eb, Fark\u00eb, Mullet, Dajt etj., dhe do t\u00eb m\u00ebsoni se si kodra, lugina p\u00ebrrenjsh e pllaja t\u00eb mbuluara m\u00eb shkurre, g\u00ebrxhe, pyje pishe e \u00e7far\u00ebdo, u fut\u00ebn n\u00eb dokumente pron\u00ebsie prej k\u00ebtyre soj kryetar\u00ebsh komunash dhe iu shit\u00ebn apo dhuruan pashallar\u00ebve t\u00eb rinj t\u00eb Shqip\u00ebris\u00eb. Pyesni se kush i ka bler\u00eb k\u00ebto kodra e pllaja e do t\u00eb m\u00ebsoni emrat e gjysm\u00ebs s\u00eb zyrtar\u00ebve demokrat\u00eb e socialist\u00eb dhe gjysm\u00ebs s\u00eb biznesmen\u00ebve t\u00eb tipit Man Kukaleshi.<\/p>\n<p>Nj\u00eb pushtet q\u00eb ka pjell\u00eb, vazhdon t\u00eb pjell\u00eb e do t\u00eb pjell\u00eb korrupsion, nga kreu deri te kryeplaku i fshatit. N\u00eb m\u00ebnyr\u00eb sistematike ky mekaniz\u00ebm prodhoi nj\u00eb kast\u00eb q\u00eb e bleu dhe vazhdon ta mbaj\u00eb gjall\u00eb pushtetin me parat\u00eb q\u00eb nxjerr nga shp\u00ebrdorimi deri n\u00eb ekstrem i pushtetit. Jan\u00eb k\u00ebto pushtetar\u00eb q\u00eb fabrikojn\u00eb akte pron\u00ebsie dhe qerasin m\u00eb to padron\u00ebt e politik\u00ebs n\u00eb Tiran\u00eb. Jan\u00eb k\u00ebta q\u00eb, me bizneset e tyre abuzive, kan\u00eb bler\u00eb e vazhdojn\u00eb t\u00eb blejn\u00eb kandidaturat e radh\u00ebs dhe padyshim edhe fitoren e radh\u00ebs.<\/p>\n<p>Mjafton t\u00eb njihni disa syresh banor\u00eb, q\u00eb u q\u00ebndrojn\u00eb kryekomunar\u00ebve si ogi\u00e7\u00ebr dhe do t\u00eb m\u00ebsoni se t\u00eb gjith\u00eb kan\u00eb paguar nga 50-100 mij\u00eb euro pran\u00eb krer\u00ebve t\u00eb partive t\u00eb tyre p\u00ebr t\u2019u kandiduar. Dhe jan\u00eb po k\u00ebta q\u00eb do t\u00eb rikandidojn\u00eb s\u00ebrish, duke paguar taks\u00ebn te kryetari i partis\u00eb. Nuk \u00ebsht\u00eb thashethem fshati, por nj\u00eb realitet q\u00eb ka bast\u00ebrduar e po \u00e7on drejt shkat\u00ebrrimit rendin demokratik, gar\u00ebn e barabart\u00eb dhe vot\u00ebn e lir\u00eb. T\u00eb presim zgjedhjet vendore dhe do t\u00eb shikojm\u00eb se sa nga kryetar\u00ebt aktual\u00eb t\u00eb komunave do t\u00eb rikandidojn\u00eb, ose m\u00eb sakt\u00eb sa nuk do t\u00eb rikandidojn\u00eb. Duhet t\u00eb dim\u00eb se m\u00eb shum\u00eb se gjysma prej tyre kan\u00eb n\u00eb krye t\u00eb komunave q\u00ebkurse u larguan nga zyrat e fshatit kryetar\u00ebt e kooperativave q\u00eb em\u00ebroheshin nga partia.<\/p>\n<p>Kjo martesa e frikshme politik\u00eb-biznes, \u00ebsht\u00eb n\u00eb fakt binomi m\u00eb i v\u00ebshtir\u00eb p\u00ebr t\u2019u deshifruar nga drejt\u00ebsia. Por tashm\u00eb prokuroria ka n\u00eb dor\u00eb nj\u00eb fakt. Ka n\u00eb dor\u00eb regjistrin e QKR, ku kryetar\u00ebt e disa komunave kan\u00eb regjistruar biznese q\u00eb ushqehen me pasuri q\u00eb jan\u00eb pron\u00eb e komun\u00ebs q\u00eb ata drejtojn\u00eb. Nuk dim\u00eb t\u00eb ket\u00eb konflikt interesi m\u00eb flagrant, ndaj dhe prokuroria duhet t\u00eb tregoj\u00eb s\u00eb paku nj\u00eb her\u00eb kuraj\u00eb. Nj\u00eb pushtetar q\u00eb vet\u00eb kontrollon pron\u00ebsin\u00eb mbi pyllin, vet\u00eb kontrollon pron\u00ebsin\u00eb mbi firm\u00ebn, vet\u00eb shpall tenderin, vet\u00eb e fiton dhe vet\u00eb e firmos! N\u00ebse ky nuk quhet konflikt interesi, at\u00ebher\u00eb prokurorin\u00eb ta shpallim OJQ dhe t\u00eb heqim nga televizionet at\u00eb reklam\u00ebn q\u00eb tregon kufizimet e q\u00ebndrimit n\u00eb BE pas liberalizimit t\u00eb vizave. Nj\u00eb dit\u00eb ndoshta do t\u00eb m\u00ebsojm\u00eb se na kan\u00eb pron\u00ebsuar edhe neve, njer\u00ebzit e thjesht\u00eb.<\/p>\n","protected":false},"excerpt":{"rendered":"<p>Mentor Kikia Nj\u00eb ftes\u00eb p\u00ebr prokurorin\u00eb Mbr\u00ebm\u00eb, \u201cTop Channel\u201d solli nj\u00eb nga shembujt m\u00eb flagrant\u00eb t\u00eb konfliktit t\u00eb interesit, t\u00eb abuzimit me pushtetin, t\u00eb shkeljes s\u00eb ligjit dhe karshill\u00ebkut t\u00eb paprecedent\u00eb ndaj organeve shtet\u00ebrore. Nj\u00eb duzin\u00eb kryetar\u00ebsh n\u00eb komunat e Ersek\u00ebs dhe Librazhdit, komuna q\u00eb zot\u00ebrojn\u00eb pron\u00ebsin\u00eb mbi sip\u00ebrfaqet m\u00eb t\u00eb m\u00ebdha pyjore t\u00eb vendit, [&hellip;]<\/p>\n","protected":false},"author":1,"featured_media":0,"comment_status":"open","ping_status":"closed","sticky":false,"template":"","format":"standard","meta":{"footnotes":""},"categories":[2],"tags":[],"class_list":{"0":"post-4613","1":"post","2":"type-post","3":"status-publish","4":"format-standard","6":"category-artikuj"},"yoast_head":"<!-- This site is optimized with the Yoast SEO plugin v27.4 - https:\/\/yoast.com\/product\/yoast-seo-wordpress\/ -->\n<title>Pashallar\u00ebt e rinj q\u00eb kan\u00eb privatizuar Shqip\u00ebrin\u00eb - FjALA e LIR\u00cb - Arkivi<\/title>\n<meta name=\"robots\" content=\"index, follow, max-snippet:-1, max-image-preview:large, max-video-preview:-1\" \/>\n<link rel=\"canonical\" href=\"https:\/\/fjala.info\/2009-2015\/pashallaret-e-rinj-qe-kane-privatizuar-shqiperine\/\" \/>\n<meta property=\"og:locale\" content=\"sq_AL\" \/>\n<meta property=\"og:type\" content=\"article\" \/>\n<meta property=\"og:title\" content=\"Pashallar\u00ebt e rinj q\u00eb kan\u00eb privatizuar Shqip\u00ebrin\u00eb - FjALA e LIR\u00cb - Arkivi\" \/>\n<meta property=\"og:description\" content=\"Mentor Kikia Nj\u00eb ftes\u00eb p\u00ebr prokurorin\u00eb Mbr\u00ebm\u00eb, \u201cTop Channel\u201d solli nj\u00eb nga shembujt m\u00eb flagrant\u00eb t\u00eb konfliktit t\u00eb interesit, t\u00eb abuzimit me pushtetin, t\u00eb shkeljes s\u00eb ligjit dhe karshill\u00ebkut t\u00eb paprecedent\u00eb ndaj organeve shtet\u00ebrore. Nj\u00eb duzin\u00eb kryetar\u00ebsh n\u00eb komunat e Ersek\u00ebs dhe Librazhdit, komuna q\u00eb zot\u00ebrojn\u00eb pron\u00ebsin\u00eb mbi sip\u00ebrfaqet m\u00eb t\u00eb m\u00ebdha pyjore t\u00eb vendit, [&hellip;]\" \/>\n<meta property=\"og:url\" content=\"https:\/\/fjala.info\/2009-2015\/pashallaret-e-rinj-qe-kane-privatizuar-shqiperine\/\" \/>\n<meta property=\"og:site_name\" content=\"FjALA e LIR\u00cb - Arkivi\" \/>\n<meta property=\"article:published_time\" content=\"2010-11-02T21:11:48+00:00\" \/>\n<meta property=\"og:image\" content=\"http:\/\/fjala.shkoder.net\/wp-content\/uploads\/2010\/09\/mentor_kikia.jpg\" \/>\n<meta name=\"author\" content=\"admin\" \/>\n<meta name=\"twitter:card\" content=\"summary_large_image\" \/>\n<meta name=\"twitter:label1\" content=\"Written by\" \/>\n\t<meta name=\"twitter:data1\" content=\"admin\" \/>\n\t<meta name=\"twitter:label2\" content=\"Est. reading time\" \/>\n\t<meta name=\"twitter:data2\" content=\"6 minutes\" \/>\n<script type=\"application\/ld+json\" class=\"yoast-schema-graph\">{\"@context\":\"https:\\\/\\\/schema.org\",\"@graph\":[{\"@type\":\"Article\",\"@id\":\"https:\\\/\\\/fjala.info\\\/2009-2015\\\/pashallaret-e-rinj-qe-kane-privatizuar-shqiperine\\\/#article\",\"isPartOf\":{\"@id\":\"https:\\\/\\\/fjala.info\\\/2009-2015\\\/pashallaret-e-rinj-qe-kane-privatizuar-shqiperine\\\/\"},\"author\":{\"name\":\"admin\",\"@id\":\"https:\\\/\\\/fjala.info\\\/2009-2015\\\/#\\\/schema\\\/person\\\/3aa1163ef05469c496fc94e77611ada2\"},\"headline\":\"Pashallar\u00ebt e rinj q\u00eb kan\u00eb privatizuar Shqip\u00ebrin\u00eb\",\"datePublished\":\"2010-11-02T21:11:48+00:00\",\"mainEntityOfPage\":{\"@id\":\"https:\\\/\\\/fjala.info\\\/2009-2015\\\/pashallaret-e-rinj-qe-kane-privatizuar-shqiperine\\\/\"},\"wordCount\":1129,\"commentCount\":0,\"publisher\":{\"@id\":\"https:\\\/\\\/fjala.info\\\/2009-2015\\\/#organization\"},\"image\":{\"@id\":\"https:\\\/\\\/fjala.info\\\/2009-2015\\\/pashallaret-e-rinj-qe-kane-privatizuar-shqiperine\\\/#primaryimage\"},\"thumbnailUrl\":\"http:\\\/\\\/fjala.shkoder.net\\\/wp-content\\\/uploads\\\/2010\\\/09\\\/mentor_kikia.jpg\",\"articleSection\":[\"Artikuj\"],\"inLanguage\":\"sq-AL\",\"potentialAction\":[{\"@type\":\"CommentAction\",\"name\":\"Comment\",\"target\":[\"https:\\\/\\\/fjala.info\\\/2009-2015\\\/pashallaret-e-rinj-qe-kane-privatizuar-shqiperine\\\/#respond\"]}]},{\"@type\":\"WebPage\",\"@id\":\"https:\\\/\\\/fjala.info\\\/2009-2015\\\/pashallaret-e-rinj-qe-kane-privatizuar-shqiperine\\\/\",\"url\":\"https:\\\/\\\/fjala.info\\\/2009-2015\\\/pashallaret-e-rinj-qe-kane-privatizuar-shqiperine\\\/\",\"name\":\"Pashallar\u00ebt e rinj q\u00eb kan\u00eb privatizuar Shqip\u00ebrin\u00eb - FjALA e LIR\u00cb - Arkivi\",\"isPartOf\":{\"@id\":\"https:\\\/\\\/fjala.info\\\/2009-2015\\\/#website\"},\"primaryImageOfPage\":{\"@id\":\"https:\\\/\\\/fjala.info\\\/2009-2015\\\/pashallaret-e-rinj-qe-kane-privatizuar-shqiperine\\\/#primaryimage\"},\"image\":{\"@id\":\"https:\\\/\\\/fjala.info\\\/2009-2015\\\/pashallaret-e-rinj-qe-kane-privatizuar-shqiperine\\\/#primaryimage\"},\"thumbnailUrl\":\"http:\\\/\\\/fjala.shkoder.net\\\/wp-content\\\/uploads\\\/2010\\\/09\\\/mentor_kikia.jpg\",\"datePublished\":\"2010-11-02T21:11:48+00:00\",\"breadcrumb\":{\"@id\":\"https:\\\/\\\/fjala.info\\\/2009-2015\\\/pashallaret-e-rinj-qe-kane-privatizuar-shqiperine\\\/#breadcrumb\"},\"inLanguage\":\"sq-AL\",\"potentialAction\":[{\"@type\":\"ReadAction\",\"target\":[\"https:\\\/\\\/fjala.info\\\/2009-2015\\\/pashallaret-e-rinj-qe-kane-privatizuar-shqiperine\\\/\"]}]},{\"@type\":\"ImageObject\",\"inLanguage\":\"sq-AL\",\"@id\":\"https:\\\/\\\/fjala.info\\\/2009-2015\\\/pashallaret-e-rinj-qe-kane-privatizuar-shqiperine\\\/#primaryimage\",\"url\":\"http:\\\/\\\/fjala.shkoder.net\\\/wp-content\\\/uploads\\\/2010\\\/09\\\/mentor_kikia.jpg\",\"contentUrl\":\"http:\\\/\\\/fjala.shkoder.net\\\/wp-content\\\/uploads\\\/2010\\\/09\\\/mentor_kikia.jpg\"},{\"@type\":\"BreadcrumbList\",\"@id\":\"https:\\\/\\\/fjala.info\\\/2009-2015\\\/pashallaret-e-rinj-qe-kane-privatizuar-shqiperine\\\/#breadcrumb\",\"itemListElement\":[{\"@type\":\"ListItem\",\"position\":1,\"name\":\"Home\",\"item\":\"https:\\\/\\\/fjala.info\\\/2009-2015\\\/\"},{\"@type\":\"ListItem\",\"position\":2,\"name\":\"Pashallar\u00ebt e rinj q\u00eb kan\u00eb privatizuar Shqip\u00ebrin\u00eb\"}]},{\"@type\":\"WebSite\",\"@id\":\"https:\\\/\\\/fjala.info\\\/2009-2015\\\/#website\",\"url\":\"https:\\\/\\\/fjala.info\\\/2009-2015\\\/\",\"name\":\"FjALA e LIR\u00cb - Arkivi\",\"description\":\"Arkivi 2009-2015\",\"publisher\":{\"@id\":\"https:\\\/\\\/fjala.info\\\/2009-2015\\\/#organization\"},\"potentialAction\":[{\"@type\":\"SearchAction\",\"target\":{\"@type\":\"EntryPoint\",\"urlTemplate\":\"https:\\\/\\\/fjala.info\\\/2009-2015\\\/?s={search_term_string}\"},\"query-input\":{\"@type\":\"PropertyValueSpecification\",\"valueRequired\":true,\"valueName\":\"search_term_string\"}}],\"inLanguage\":\"sq-AL\"},{\"@type\":\"Organization\",\"@id\":\"https:\\\/\\\/fjala.info\\\/2009-2015\\\/#organization\",\"name\":\"FjALA e LIR\u00cb - Arkivi\",\"url\":\"https:\\\/\\\/fjala.info\\\/2009-2015\\\/\",\"logo\":{\"@type\":\"ImageObject\",\"inLanguage\":\"sq-AL\",\"@id\":\"https:\\\/\\\/fjala.info\\\/2009-2015\\\/#\\\/schema\\\/logo\\\/image\\\/\",\"url\":\"\",\"contentUrl\":\"\",\"caption\":\"FjALA e LIR\u00cb - Arkivi\"},\"image\":{\"@id\":\"https:\\\/\\\/fjala.info\\\/2009-2015\\\/#\\\/schema\\\/logo\\\/image\\\/\"}},{\"@type\":\"Person\",\"@id\":\"https:\\\/\\\/fjala.info\\\/2009-2015\\\/#\\\/schema\\\/person\\\/3aa1163ef05469c496fc94e77611ada2\",\"name\":\"admin\",\"image\":{\"@type\":\"ImageObject\",\"inLanguage\":\"sq-AL\",\"@id\":\"https:\\\/\\\/fjala.info\\\/2009-2015\\\/wp-content\\\/uploads\\\/2012\\\/02\\\/arben_cokaj-120x150.jpg\",\"url\":\"https:\\\/\\\/fjala.info\\\/2009-2015\\\/wp-content\\\/uploads\\\/2012\\\/02\\\/arben_cokaj-120x150.jpg\",\"contentUrl\":\"https:\\\/\\\/fjala.info\\\/2009-2015\\\/wp-content\\\/uploads\\\/2012\\\/02\\\/arben_cokaj-120x150.jpg\",\"caption\":\"admin\"},\"description\":\"Admin, Fjala e Lir\u00eb\",\"sameAs\":[\"https:\\\/\\\/fjala.info\\\/\"],\"url\":\"https:\\\/\\\/fjala.info\\\/2009-2015\\\/author\\\/admin\\\/\"}]}<\/script>\n<!-- \/ Yoast SEO plugin. -->","yoast_head_json":{"title":"Pashallar\u00ebt e rinj q\u00eb kan\u00eb privatizuar Shqip\u00ebrin\u00eb - FjALA e LIR\u00cb - Arkivi","robots":{"index":"index","follow":"follow","max-snippet":"max-snippet:-1","max-image-preview":"max-image-preview:large","max-video-preview":"max-video-preview:-1"},"canonical":"https:\/\/fjala.info\/2009-2015\/pashallaret-e-rinj-qe-kane-privatizuar-shqiperine\/","og_locale":"sq_AL","og_type":"article","og_title":"Pashallar\u00ebt e rinj q\u00eb kan\u00eb privatizuar Shqip\u00ebrin\u00eb - FjALA e LIR\u00cb - Arkivi","og_description":"Mentor Kikia Nj\u00eb ftes\u00eb p\u00ebr prokurorin\u00eb Mbr\u00ebm\u00eb, \u201cTop Channel\u201d solli nj\u00eb nga shembujt m\u00eb flagrant\u00eb t\u00eb konfliktit t\u00eb interesit, t\u00eb abuzimit me pushtetin, t\u00eb shkeljes s\u00eb ligjit dhe karshill\u00ebkut t\u00eb paprecedent\u00eb ndaj organeve shtet\u00ebrore. Nj\u00eb duzin\u00eb kryetar\u00ebsh n\u00eb komunat e Ersek\u00ebs dhe Librazhdit, komuna q\u00eb zot\u00ebrojn\u00eb pron\u00ebsin\u00eb mbi sip\u00ebrfaqet m\u00eb t\u00eb m\u00ebdha pyjore t\u00eb vendit, [&hellip;]","og_url":"https:\/\/fjala.info\/2009-2015\/pashallaret-e-rinj-qe-kane-privatizuar-shqiperine\/","og_site_name":"FjALA e LIR\u00cb - Arkivi","article_published_time":"2010-11-02T21:11:48+00:00","og_image":[{"url":"http:\/\/fjala.shkoder.net\/wp-content\/uploads\/2010\/09\/mentor_kikia.jpg","type":"","width":"","height":""}],"author":"admin","twitter_card":"summary_large_image","twitter_misc":{"Written by":"admin","Est. reading time":"6 minutes"},"schema":{"@context":"https:\/\/schema.org","@graph":[{"@type":"Article","@id":"https:\/\/fjala.info\/2009-2015\/pashallaret-e-rinj-qe-kane-privatizuar-shqiperine\/#article","isPartOf":{"@id":"https:\/\/fjala.info\/2009-2015\/pashallaret-e-rinj-qe-kane-privatizuar-shqiperine\/"},"author":{"name":"admin","@id":"https:\/\/fjala.info\/2009-2015\/#\/schema\/person\/3aa1163ef05469c496fc94e77611ada2"},"headline":"Pashallar\u00ebt e rinj q\u00eb kan\u00eb privatizuar Shqip\u00ebrin\u00eb","datePublished":"2010-11-02T21:11:48+00:00","mainEntityOfPage":{"@id":"https:\/\/fjala.info\/2009-2015\/pashallaret-e-rinj-qe-kane-privatizuar-shqiperine\/"},"wordCount":1129,"commentCount":0,"publisher":{"@id":"https:\/\/fjala.info\/2009-2015\/#organization"},"image":{"@id":"https:\/\/fjala.info\/2009-2015\/pashallaret-e-rinj-qe-kane-privatizuar-shqiperine\/#primaryimage"},"thumbnailUrl":"http:\/\/fjala.shkoder.net\/wp-content\/uploads\/2010\/09\/mentor_kikia.jpg","articleSection":["Artikuj"],"inLanguage":"sq-AL","potentialAction":[{"@type":"CommentAction","name":"Comment","target":["https:\/\/fjala.info\/2009-2015\/pashallaret-e-rinj-qe-kane-privatizuar-shqiperine\/#respond"]}]},{"@type":"WebPage","@id":"https:\/\/fjala.info\/2009-2015\/pashallaret-e-rinj-qe-kane-privatizuar-shqiperine\/","url":"https:\/\/fjala.info\/2009-2015\/pashallaret-e-rinj-qe-kane-privatizuar-shqiperine\/","name":"Pashallar\u00ebt e rinj q\u00eb kan\u00eb privatizuar Shqip\u00ebrin\u00eb - FjALA e LIR\u00cb - Arkivi","isPartOf":{"@id":"https:\/\/fjala.info\/2009-2015\/#website"},"primaryImageOfPage":{"@id":"https:\/\/fjala.info\/2009-2015\/pashallaret-e-rinj-qe-kane-privatizuar-shqiperine\/#primaryimage"},"image":{"@id":"https:\/\/fjala.info\/2009-2015\/pashallaret-e-rinj-qe-kane-privatizuar-shqiperine\/#primaryimage"},"thumbnailUrl":"http:\/\/fjala.shkoder.net\/wp-content\/uploads\/2010\/09\/mentor_kikia.jpg","datePublished":"2010-11-02T21:11:48+00:00","breadcrumb":{"@id":"https:\/\/fjala.info\/2009-2015\/pashallaret-e-rinj-qe-kane-privatizuar-shqiperine\/#breadcrumb"},"inLanguage":"sq-AL","potentialAction":[{"@type":"ReadAction","target":["https:\/\/fjala.info\/2009-2015\/pashallaret-e-rinj-qe-kane-privatizuar-shqiperine\/"]}]},{"@type":"ImageObject","inLanguage":"sq-AL","@id":"https:\/\/fjala.info\/2009-2015\/pashallaret-e-rinj-qe-kane-privatizuar-shqiperine\/#primaryimage","url":"http:\/\/fjala.shkoder.net\/wp-content\/uploads\/2010\/09\/mentor_kikia.jpg","contentUrl":"http:\/\/fjala.shkoder.net\/wp-content\/uploads\/2010\/09\/mentor_kikia.jpg"},{"@type":"BreadcrumbList","@id":"https:\/\/fjala.info\/2009-2015\/pashallaret-e-rinj-qe-kane-privatizuar-shqiperine\/#breadcrumb","itemListElement":[{"@type":"ListItem","position":1,"name":"Home","item":"https:\/\/fjala.info\/2009-2015\/"},{"@type":"ListItem","position":2,"name":"Pashallar\u00ebt e rinj q\u00eb kan\u00eb privatizuar Shqip\u00ebrin\u00eb"}]},{"@type":"WebSite","@id":"https:\/\/fjala.info\/2009-2015\/#website","url":"https:\/\/fjala.info\/2009-2015\/","name":"FjALA e LIR\u00cb - Arkivi","description":"Arkivi 2009-2015","publisher":{"@id":"https:\/\/fjala.info\/2009-2015\/#organization"},"potentialAction":[{"@type":"SearchAction","target":{"@type":"EntryPoint","urlTemplate":"https:\/\/fjala.info\/2009-2015\/?s={search_term_string}"},"query-input":{"@type":"PropertyValueSpecification","valueRequired":true,"valueName":"search_term_string"}}],"inLanguage":"sq-AL"},{"@type":"Organization","@id":"https:\/\/fjala.info\/2009-2015\/#organization","name":"FjALA e LIR\u00cb - Arkivi","url":"https:\/\/fjala.info\/2009-2015\/","logo":{"@type":"ImageObject","inLanguage":"sq-AL","@id":"https:\/\/fjala.info\/2009-2015\/#\/schema\/logo\/image\/","url":"","contentUrl":"","caption":"FjALA e LIR\u00cb - Arkivi"},"image":{"@id":"https:\/\/fjala.info\/2009-2015\/#\/schema\/logo\/image\/"}},{"@type":"Person","@id":"https:\/\/fjala.info\/2009-2015\/#\/schema\/person\/3aa1163ef05469c496fc94e77611ada2","name":"admin","image":{"@type":"ImageObject","inLanguage":"sq-AL","@id":"https:\/\/fjala.info\/2009-2015\/wp-content\/uploads\/2012\/02\/arben_cokaj-120x150.jpg","url":"https:\/\/fjala.info\/2009-2015\/wp-content\/uploads\/2012\/02\/arben_cokaj-120x150.jpg","contentUrl":"https:\/\/fjala.info\/2009-2015\/wp-content\/uploads\/2012\/02\/arben_cokaj-120x150.jpg","caption":"admin"},"description":"Admin, Fjala e Lir\u00eb","sameAs":["https:\/\/fjala.info\/"],"url":"https:\/\/fjala.info\/2009-2015\/author\/admin\/"}]}},"_links":{"self":[{"href":"https:\/\/fjala.info\/2009-2015\/wp-json\/wp\/v2\/posts\/4613","targetHints":{"allow":["GET"]}}],"collection":[{"href":"https:\/\/fjala.info\/2009-2015\/wp-json\/wp\/v2\/posts"}],"about":[{"href":"https:\/\/fjala.info\/2009-2015\/wp-json\/wp\/v2\/types\/post"}],"author":[{"embeddable":true,"href":"https:\/\/fjala.info\/2009-2015\/wp-json\/wp\/v2\/users\/1"}],"replies":[{"embeddable":true,"href":"https:\/\/fjala.info\/2009-2015\/wp-json\/wp\/v2\/comments?post=4613"}],"version-history":[{"count":0,"href":"https:\/\/fjala.info\/2009-2015\/wp-json\/wp\/v2\/posts\/4613\/revisions"}],"wp:attachment":[{"href":"https:\/\/fjala.info\/2009-2015\/wp-json\/wp\/v2\/media?parent=4613"}],"wp:term":[{"taxonomy":"category","embeddable":true,"href":"https:\/\/fjala.info\/2009-2015\/wp-json\/wp\/v2\/categories?post=4613"},{"taxonomy":"post_tag","embeddable":true,"href":"https:\/\/fjala.info\/2009-2015\/wp-json\/wp\/v2\/tags?post=4613"}],"curies":[{"name":"wp","href":"https:\/\/api.w.org\/{rel}","templated":true}]}}