{"id":4609,"date":"2010-11-02T21:26:24","date_gmt":"2010-11-02T20:26:24","guid":{"rendered":"http:\/\/fjala.shkoder.net\/?p=4609"},"modified":"2010-11-02T21:26:24","modified_gmt":"2010-11-02T20:26:24","slug":"ldk-ja-para-shembjes","status":"publish","type":"post","link":"https:\/\/fjala.info\/2009-2015\/ldk-ja-para-shembjes\/","title":{"rendered":"LDK-ja para shembjes?"},"content":{"rendered":"<p><img loading=\"lazy\" decoding=\"async\" class=\"alignleft size-full wp-image-4306\" title=\"Shk\u00eblzen Maliqi\" src=\"http:\/\/fjala.shkoder.net\/wp-content\/uploads\/2010\/10\/shkelzen_maliqi.jpg\" alt=\"\" width=\"160\" height=\"112\" \/><br \/>\nNga: <strong>SHKELZEN MALIQI<\/strong>, <em>02 Nentor 2010<\/em><\/p>\n<p>LDK-ja, nj\u00eb jav\u00eb para Kuvendit zgjedhor, \u00ebsht\u00eb nj\u00eb parti e m\u00ebdyshjeve dhe kriz\u00ebs. T\u00eb gjith\u00eb jan\u00eb t\u00eb shqet\u00ebsuar dhe n\u00eb tension, kryetari Sejdiu, Kryesia dhe K\u00ebshilli Drejtues, deg\u00ebt me n\u00ebndeg\u00ebt, elektorati\u2026 Madje edhe aleat\u00ebt e mundsh\u00ebm, apo edhe rival\u00ebt, po k\u00ebshtu presin n\u00eb ethe se \u00e7far\u00eb&#8230;<\/p>\n<p>drejtimi do t\u00eb marr\u00eb Kuvendi Zgjedhor i LDK-s\u00eb. Gjendja sot duket shum\u00eb m\u00eb e nxeht\u00eb dhe m\u00eb e tensionuar se para atij kuvendi kur ndodhi \u00e7arja e madhe. At\u00ebbot\u00eb nuk pritej se do t\u00eb ndodhte ajo q\u00eb ndodhi. Kurse tani nuk \u00ebsht\u00eb vet\u00ebm frika (ose pritja) e \u00e7arjes s\u00eb re, ajo q\u00eb i shqet\u00ebson t\u00eb gjith\u00eb. Sot ka m\u00eb shum\u00eb shtresime t\u00eb emocioneve, m\u00eb shum\u00eb kalkulime, m\u00eb tep\u00ebr paqart\u00ebsi drejtimi do t\u00eb marr\u00eb Kuvendi Zgjedhor i LDK-s\u00eb. Gjendja sot duket shum\u00eb m\u00eb e nxeht\u00eb dhe m\u00eb e tensionuar se para atij kuvendi kur ndodhi \u00e7arja e madhe. At\u00ebbot\u00eb nuk pritej se do t\u00eb ndodhte ajo q\u00eb ndodhi.<\/p>\n<p>Kurse tani nuk \u00ebsht\u00eb vet\u00ebm frika (ose pritja) e \u00e7arjes s\u00eb re, ajo q\u00eb i shqet\u00ebson t\u00eb gjith\u00eb. Sot ka m\u00eb shum\u00eb shtresime t\u00eb emocioneve, m\u00eb shum\u00eb kalkulime, m\u00eb tep\u00ebr paqart\u00ebsi\u2026 Ky momentum, kjo jav\u00eb mund t\u00eb jet\u00eb vendimtare sepse nj\u00eb pjes\u00eb e LDK-s\u00eb, drejtuesit dhe an\u00ebtar\u00ebsia, jan\u00eb mobilizuar p\u00ebr projektimin e shp\u00ebtimit, madje disa e shohin edhe si ringjallje t\u00eb LDK-s\u00eb. K\u00ebta optimist\u00eb nuk ndalen vet\u00ebm te reflektimi i s\u00eb kaluar\u00ebs dhe gabimeve, &#8211; \u00e7ka p\u00ebrndryshe e konsiderojn\u00eb t\u00eb domosdoshme p\u00ebr katarsisin &#8211; por po i b\u00ebjn\u00eb me nxitim llogarit\u00eb e fundit se si do t\u00eb mund t\u00eb kthehet n\u00eb gjirin e k\u00ebsaj partie t\u00eb pakt\u00ebn gjysma e elektoratit t\u00eb humbur pas vdekjes s\u00eb Ibrahim Rugov\u00ebs.<\/p>\n<p>N\u00eb reflektimin e s\u00eb kaluar\u00ebs theksohet roli i kryetarit aktual dhe Presidentit t\u00eb d\u00ebshtuar, Fatmir Sejdiu. Konsiderohet se ai nuk ka qen\u00eb fati i mir\u00eb, por p\u00ebrkundrazi \u00ebsht\u00eb b\u00ebr\u00eb fati i zi i LDK-s\u00eb. Pas Kuvendit t\u00eb \u00e7arjes, Sejdiu dhe Kryesia q\u00eb e mb\u00ebshteti at\u00eb, ka mundur q\u00eb t\u00eb mos e reflektoj\u00eb n\u00eb m\u00ebnyr\u00eb t\u00eb drejt\u00eb humbjen e madhe n\u00eb zgjedhjet e vitit 2007, sepse at\u00ebher\u00eb me leht\u00ebsi akuzohej ambicia e akademik Nexhat Dacit dhe ikja e LDD-s\u00eb, si tradhti e madhe, ku Sejdiu e shihte veten si fituesin dhe figur\u00ebn q\u00eb e ruajti b\u00ebrtham\u00ebn e partis\u00eb. Pas zgjedhjeve lokale t\u00eb vitit 2009, ky argument \u00ebsht\u00eb zgjeruar me pohimin se n\u00ebn udh\u00ebheqjen e &#8220;ngrir\u00eb&#8221; t\u00eb Sejdiut, jo vet\u00ebm q\u00eb u ndal &#8220;erozioni&#8221; i LDK-s\u00eb, por ishin nd\u00ebshkuar seriozisht LDD-ja e Dacit, e edhe AKR-ja e Behxhet Pacollit, ku kishte gjetur strehim nj\u00eb pjes\u00eb bukur e madhe e elektoratit t\u00eb rrjedhur t\u00eb LDK-s\u00eb.<\/p>\n<p>Por, ky argument ishte gjysmak dhe n\u00eb esenc\u00eb mashtrues. As ai i pari, mbi tradhtin\u00eb e Dacit, nuk ishte zb\u00ebrthyer n\u00eb esenc\u00ebn e tij, sepse harrohej fakti se Daci e kishte pranuar humbjen n\u00eb Kuvend, por nuk ka mundur t\u00eb pajtohet me posht\u00ebrimin pas kongresit, kur n\u00eb organet e LDK-s\u00eb &#8220;fraksioni&#8221; i tij nuk u p\u00ebrfaq\u00ebsua proporcionalisht (ai kishte fituar 45 p\u00ebr qind t\u00eb vot\u00ebs), por sipas logjik\u00ebs &#8220;shkele qenin q\u00eb t\u00eb mos marr\u00eb m\u00eb frym\u00eb&#8221;. Daci, pra, nuk kishte ikur, por ishte p\u00ebrjashtuar dhe pas k\u00ebsaj, LDK-ja humbi gjysm\u00ebn e elektoratit t\u00eb vitit 2004! Nuk mund t\u00eb amnistohen Sejdiu dhe Kryesia e LDK-s\u00eb, q\u00eb nuk dit\u00ebn ta mbanin balanc\u00ebn e brendshme t\u00eb forc\u00ebs dhe kjo pastaj u reflektua n\u00eb humbjen katastrofale n\u00eb zgjedhje.<\/p>\n<p>Kurse alibia e k\u00ebndelljes s\u00eb LDK-s\u00eb n\u00eb zgjedhjet lokale, po k\u00ebshtu \u00ebsht\u00eb falsifikim. Sepse heroi i v\u00ebrtet\u00eb i k\u00ebtyre zgjedhjeve nuk ishte Fatmir Sejdiu i &#8220;ngrir\u00eb&#8221;, por ishte Isa Mustafa. Isai e b\u00ebri kthes\u00ebn n\u00eb Prishtin\u00eb dhe ngjalli shpres\u00ebn edhe n\u00eb t\u00ebr\u00eb Kosov\u00ebn se LDK-ja mund t\u00eb kthehet n\u00eb forc\u00eb konkurrente. Ai e ktheu dinjitetin e LDK-s\u00eb, duke e sulmuar Tha\u00e7in dhe qeverin\u00eb me t\u00eb cil\u00ebn Sejdiu ndihej tep\u00ebr rehat, madje i p\u00ebrk\u00ebdhelur. Sejdiu m\u00eb shum\u00eb kujdesej p\u00ebr privilegjin e t\u00eb qenit president dhe i pari n\u00eb parti, \u00e7ka i siguronte ndikim dhe favore t\u00eb ndryshme personale, familjare dhe p\u00ebr klanin e tij n\u00eb parti.<\/p>\n<p>Sa p\u00ebr t\u00eb, posti i &#8220;ngrir\u00eb&#8221; i kryetarit t\u00eb LDK-s\u00eb n\u00ebnkuptonte &#8220;ngrirjen&#8221; e vet\u00eb partis\u00eb, e debatit t\u00eb brendsh\u00ebm, e proceseve t\u00eb reflektimeve dhe rip\u00ebrt\u00ebritjes.<br \/>\nDhe kjo &#8220;ngrirje&#8221; e partis\u00eb nuk ka mundur t\u00eb zgjas\u00eb deri n\u00eb pakufi, q\u00eb Sejdiu t\u00eb b\u00ebhet zot i \u00e7do vendimi. Pasi e l\u00ebshoi presidenc\u00ebn sepse gjyqi konstatoi se e kishte shkelur Kushtetut\u00ebn, Sejdiu ua ndaloi an\u00ebtar\u00ebve t\u00eb Kryesis\u00eb q\u00eb t\u00eb japin deklarata publike dhe investoi shum\u00eb n\u00eb p\u00ebrgatitjen e Kuvendit t\u00eb &#8220;kontinuitetit&#8221;, ku do t\u00eb riafirmohet pa kund\u00ebshtime t\u00eb m\u00ebdha, pozita e tij e t\u00eb parit.<\/p>\n<p>Por, rebelimi nuk vonoi, pasi ish-kryeministri n\u00eb ekzil, Bujar Bukoshi, shfaqi ambicien p\u00ebr ta udh\u00ebhequr LDK-n\u00eb dhe denoncoi p\u00ebrpjekjet e Sejdiut q\u00eb Kuvendi t\u00eb dirigjohet paraprakisht.<br \/>\nBukoshi me disa ideator\u00eb t\u00eb tjer\u00eb u kap p\u00ebr iden\u00eb e vot\u00ebs s\u00eb humbur t\u00eb LDK-s\u00eb, e mund\u00ebsis\u00eb s\u00eb ribashkimit t\u00eb forcave. Si do t\u00eb mund t\u00eb rikthehej masa fituese e elektoratit t\u00eb Rugov\u00ebs? Ata pohuan se Sejdiu dhe Kryesia, k\u00ebt\u00eb nuk mund ta b\u00ebjn\u00eb. P\u00ebrkundrazi, me ta LDK-ja shkon drejt d\u00ebshtimit t\u00eb ri. Bukoshi mendoi nj\u00eb strategji t\u00eb ofert\u00ebs s\u00eb dyfisht\u00eb, nuk kandidoi vet\u00ebm p\u00ebr kryetar, por zgjodhi si dy xhokera Uk\u00eb Rugov\u00ebn, q\u00eb p\u00ebrfaq\u00ebsonte edhe familjen Rugova, e edhe djal\u00ebrin\u00eb e harruar t\u00eb Kosov\u00ebs n\u00eb LDK, si dhe Isa Rugov\u00ebn, q\u00eb shihej si sfidues i vetmi serioz t\u00eb Hashim Tha\u00e7it p\u00ebr postin e kryeministrit.<\/p>\n<p>Me k\u00ebt\u00eb filloi t\u00ebrmeti\u2026 Sejdiu dhe Kryesia po b\u00ebjn\u00eb gjith\u00e7ka q\u00eb t\u00eb shuhet debati dhe t\u00eb mos hapet \u00e7\u00ebshtja e p\u00ebrgjegj\u00ebsis\u00eb dhe t\u00eb rinovimit t\u00eb shpejt\u00eb t\u00eb partis\u00eb. Mendon se i ka n\u00eb dor\u00eb aparatin e partis\u00eb, delegat\u00ebt, klient\u00ebt, biznes\u00ebt\u2026 Por ajo \u00e7ka kan\u00eb harruar Sejdiu dhe Kryesia \u00ebsht\u00eb motivi i dob\u00ebsuar dhe mungesa e joshjes. Formula e Sejdiut \u00ebsht\u00eb e konsumuar, sepse ai nuk synon marrjen e pushtetit; maksimumi q\u00eb mund ta b\u00ebj\u00eb \u00ebsht\u00eb t\u00eb rip\u00ebrs\u00ebrit\u00eb koalicionin me Hashim Tha\u00e7in, e edhe kjo \u00ebsht\u00eb n\u00eb pik\u00ebpyetje, sepse sipas t\u00eb gjitha gjasave, Tha\u00e7i do t\u00eb jet\u00eb ai q\u00eb e zgjedh partnerin.<\/p>\n<p>LDK-ja q\u00eb ka kuptuar se Sejdiu \u00ebsht\u00eb i konsumuar, \u00ebsht\u00eb e etshme p\u00ebr m\u00eb shum\u00eb, p\u00ebr pushtet real, reforma, rinovim, prurje t\u00eb reja, freski\u2026 Asgj\u00eb prej k\u00ebtyre nuk ofron Sejdiu me kllap\u00ebn e vjet\u00ebr q\u00eb kan\u00eb frik\u00eb nga shkundja dhe freskimi i partis\u00eb\u2026 Bukoshi dhe Uk\u00eb Rugova k\u00ebrkuan nga Sejdiu t\u00eb pranoj\u00eb formul\u00ebn e rinovimit dhe bashkimit t\u00eb forcave, madje edhe t\u00eb negocimit e kthimit t\u00eb Dacit n\u00eb parti ose t\u00eb koalicionit parazgjedhor jo vet\u00ebm me LDD-n\u00eb, por edhe disa subjekte t\u00eb tjera, mbi nj\u00eb platform\u00eb anti-Tha\u00e7i! \u2026 Sejdiut i \u00ebsht\u00eb ofruar nj\u00eb post simbolik, q\u00eb t\u00eb lejohet ristrukturimi i LDK-s\u00eb, por ai insistonte n\u00eb procedurat dhe &#8220;legalizmin statutor t\u00eb zgjedhjeve partiake&#8221;. Uka me Bukoshin e kuptuan se jan\u00eb von\u00eb me nism\u00ebn. Andaj (me nxitim?) promovuan list\u00ebn alternative q\u00eb mori emrin e Ibrahim Rugov\u00ebs.<\/p>\n<p>Por kjo definitivisht \u00e7on n\u00eb revolucion brendapartiak (pak i mundsh\u00ebm) ose \u00e7arje t\u00eb re, mbase jo drejt bashkimit. Vet\u00ebm se k\u00ebsaj here, roli i Sejdiut nuk mund t\u00eb hiqet. \u00cbsht\u00eb kuptuar se \u00ebsht\u00eb faktori \u00e7ar\u00ebs, ngase LDK-ja e Sejdiut n\u00eb t\u00eb v\u00ebrtet\u00eb p\u00ebrjetohet si LDK-ja e Tha\u00e7it. K\u00ebt\u00eb e ka kuptuar edhe an\u00ebtar\u00ebsia q\u00eb instiktivisht rreshtohet me Uk\u00ebn, Is\u00ebn dhe Bukoshin, madje \u00ebsht\u00eb rebeluar edhe nj\u00ebri nga bastionet m\u00eb t\u00eb famsh\u00ebm dhe m\u00eb fanatik t\u00eb LDK-s\u00eb, Kodra e Trimave. K\u00ebto nuk jan\u00eb simptoma t\u00eb mira p\u00ebr LDK-n\u00eb, jo vet\u00ebm sa i p\u00ebrket kuvendit, por edhe p\u00ebr zgjedhjet q\u00eb po afrohen.<\/p>\n<p>Me vite t\u00eb t\u00ebra, aq shum\u00eb akull \u00ebsht\u00eb mbledhur n\u00eb LDK, saq\u00eb shkrirja q\u00eb pritet t\u00eb ndodh\u00eb k\u00ebsaj jave do t\u00eb mund t\u00eb rezultonte me p\u00ebrmbytje shkat\u00ebrruese.<\/p>\n<p>N\u00ebse kjo ndodh, kush dhe si do ta festoj\u00eb 21-vjetorin e LDK-s\u00eb m\u00eb 23 dhjetor?<\/p>\n","protected":false},"excerpt":{"rendered":"<p>Nga: SHKELZEN MALIQI, 02 Nentor 2010 LDK-ja, nj\u00eb jav\u00eb para Kuvendit zgjedhor, \u00ebsht\u00eb nj\u00eb parti e m\u00ebdyshjeve dhe kriz\u00ebs. T\u00eb gjith\u00eb jan\u00eb t\u00eb shqet\u00ebsuar dhe n\u00eb tension, kryetari Sejdiu, Kryesia dhe K\u00ebshilli Drejtues, deg\u00ebt me n\u00ebndeg\u00ebt, elektorati\u2026 Madje edhe aleat\u00ebt e mundsh\u00ebm, apo edhe rival\u00ebt, po k\u00ebshtu presin n\u00eb ethe se \u00e7far\u00eb&#8230; drejtimi do t\u00eb [&hellip;]<\/p>\n","protected":false},"author":1,"featured_media":0,"comment_status":"open","ping_status":"closed","sticky":false,"template":"","format":"standard","meta":{"footnotes":""},"categories":[2],"tags":[],"class_list":{"0":"post-4609","1":"post","2":"type-post","3":"status-publish","4":"format-standard","6":"category-artikuj"},"yoast_head":"<!-- This site is optimized with the Yoast SEO plugin v27.4 - https:\/\/yoast.com\/product\/yoast-seo-wordpress\/ -->\n<title>LDK-ja para shembjes? - FjALA e LIR\u00cb - Arkivi<\/title>\n<meta name=\"robots\" content=\"index, follow, max-snippet:-1, max-image-preview:large, max-video-preview:-1\" \/>\n<link rel=\"canonical\" href=\"https:\/\/fjala.info\/2009-2015\/ldk-ja-para-shembjes\/\" \/>\n<meta property=\"og:locale\" content=\"sq_AL\" \/>\n<meta property=\"og:type\" content=\"article\" \/>\n<meta property=\"og:title\" content=\"LDK-ja para shembjes? - FjALA e LIR\u00cb - Arkivi\" \/>\n<meta property=\"og:description\" content=\"Nga: SHKELZEN MALIQI, 02 Nentor 2010 LDK-ja, nj\u00eb jav\u00eb para Kuvendit zgjedhor, \u00ebsht\u00eb nj\u00eb parti e m\u00ebdyshjeve dhe kriz\u00ebs. T\u00eb gjith\u00eb jan\u00eb t\u00eb shqet\u00ebsuar dhe n\u00eb tension, kryetari Sejdiu, Kryesia dhe K\u00ebshilli Drejtues, deg\u00ebt me n\u00ebndeg\u00ebt, elektorati\u2026 Madje edhe aleat\u00ebt e mundsh\u00ebm, apo edhe rival\u00ebt, po k\u00ebshtu presin n\u00eb ethe se \u00e7far\u00eb&#8230; drejtimi do t\u00eb [&hellip;]\" \/>\n<meta property=\"og:url\" content=\"https:\/\/fjala.info\/2009-2015\/ldk-ja-para-shembjes\/\" \/>\n<meta property=\"og:site_name\" content=\"FjALA e LIR\u00cb - Arkivi\" \/>\n<meta property=\"article:published_time\" content=\"2010-11-02T20:26:24+00:00\" \/>\n<meta property=\"og:image\" content=\"http:\/\/fjala.shkoder.net\/wp-content\/uploads\/2010\/10\/shkelzen_maliqi.jpg\" \/>\n<meta name=\"author\" content=\"admin\" \/>\n<meta name=\"twitter:card\" content=\"summary_large_image\" \/>\n<meta name=\"twitter:label1\" content=\"Written by\" \/>\n\t<meta name=\"twitter:data1\" content=\"admin\" \/>\n\t<meta name=\"twitter:label2\" content=\"Est. reading time\" \/>\n\t<meta name=\"twitter:data2\" content=\"7 minutes\" \/>\n<script type=\"application\/ld+json\" class=\"yoast-schema-graph\">{\"@context\":\"https:\\\/\\\/schema.org\",\"@graph\":[{\"@type\":\"Article\",\"@id\":\"https:\\\/\\\/fjala.info\\\/2009-2015\\\/ldk-ja-para-shembjes\\\/#article\",\"isPartOf\":{\"@id\":\"https:\\\/\\\/fjala.info\\\/2009-2015\\\/ldk-ja-para-shembjes\\\/\"},\"author\":{\"name\":\"admin\",\"@id\":\"https:\\\/\\\/fjala.info\\\/2009-2015\\\/#\\\/schema\\\/person\\\/3aa1163ef05469c496fc94e77611ada2\"},\"headline\":\"LDK-ja para shembjes?\",\"datePublished\":\"2010-11-02T20:26:24+00:00\",\"mainEntityOfPage\":{\"@id\":\"https:\\\/\\\/fjala.info\\\/2009-2015\\\/ldk-ja-para-shembjes\\\/\"},\"wordCount\":1420,\"commentCount\":0,\"publisher\":{\"@id\":\"https:\\\/\\\/fjala.info\\\/2009-2015\\\/#organization\"},\"image\":{\"@id\":\"https:\\\/\\\/fjala.info\\\/2009-2015\\\/ldk-ja-para-shembjes\\\/#primaryimage\"},\"thumbnailUrl\":\"http:\\\/\\\/fjala.shkoder.net\\\/wp-content\\\/uploads\\\/2010\\\/10\\\/shkelzen_maliqi.jpg\",\"articleSection\":[\"Artikuj\"],\"inLanguage\":\"sq-AL\",\"potentialAction\":[{\"@type\":\"CommentAction\",\"name\":\"Comment\",\"target\":[\"https:\\\/\\\/fjala.info\\\/2009-2015\\\/ldk-ja-para-shembjes\\\/#respond\"]}]},{\"@type\":\"WebPage\",\"@id\":\"https:\\\/\\\/fjala.info\\\/2009-2015\\\/ldk-ja-para-shembjes\\\/\",\"url\":\"https:\\\/\\\/fjala.info\\\/2009-2015\\\/ldk-ja-para-shembjes\\\/\",\"name\":\"LDK-ja para shembjes? - FjALA e LIR\u00cb - Arkivi\",\"isPartOf\":{\"@id\":\"https:\\\/\\\/fjala.info\\\/2009-2015\\\/#website\"},\"primaryImageOfPage\":{\"@id\":\"https:\\\/\\\/fjala.info\\\/2009-2015\\\/ldk-ja-para-shembjes\\\/#primaryimage\"},\"image\":{\"@id\":\"https:\\\/\\\/fjala.info\\\/2009-2015\\\/ldk-ja-para-shembjes\\\/#primaryimage\"},\"thumbnailUrl\":\"http:\\\/\\\/fjala.shkoder.net\\\/wp-content\\\/uploads\\\/2010\\\/10\\\/shkelzen_maliqi.jpg\",\"datePublished\":\"2010-11-02T20:26:24+00:00\",\"breadcrumb\":{\"@id\":\"https:\\\/\\\/fjala.info\\\/2009-2015\\\/ldk-ja-para-shembjes\\\/#breadcrumb\"},\"inLanguage\":\"sq-AL\",\"potentialAction\":[{\"@type\":\"ReadAction\",\"target\":[\"https:\\\/\\\/fjala.info\\\/2009-2015\\\/ldk-ja-para-shembjes\\\/\"]}]},{\"@type\":\"ImageObject\",\"inLanguage\":\"sq-AL\",\"@id\":\"https:\\\/\\\/fjala.info\\\/2009-2015\\\/ldk-ja-para-shembjes\\\/#primaryimage\",\"url\":\"http:\\\/\\\/fjala.shkoder.net\\\/wp-content\\\/uploads\\\/2010\\\/10\\\/shkelzen_maliqi.jpg\",\"contentUrl\":\"http:\\\/\\\/fjala.shkoder.net\\\/wp-content\\\/uploads\\\/2010\\\/10\\\/shkelzen_maliqi.jpg\"},{\"@type\":\"BreadcrumbList\",\"@id\":\"https:\\\/\\\/fjala.info\\\/2009-2015\\\/ldk-ja-para-shembjes\\\/#breadcrumb\",\"itemListElement\":[{\"@type\":\"ListItem\",\"position\":1,\"name\":\"Home\",\"item\":\"https:\\\/\\\/fjala.info\\\/2009-2015\\\/\"},{\"@type\":\"ListItem\",\"position\":2,\"name\":\"LDK-ja para shembjes?\"}]},{\"@type\":\"WebSite\",\"@id\":\"https:\\\/\\\/fjala.info\\\/2009-2015\\\/#website\",\"url\":\"https:\\\/\\\/fjala.info\\\/2009-2015\\\/\",\"name\":\"FjALA e LIR\u00cb - Arkivi\",\"description\":\"Arkivi 2009-2015\",\"publisher\":{\"@id\":\"https:\\\/\\\/fjala.info\\\/2009-2015\\\/#organization\"},\"potentialAction\":[{\"@type\":\"SearchAction\",\"target\":{\"@type\":\"EntryPoint\",\"urlTemplate\":\"https:\\\/\\\/fjala.info\\\/2009-2015\\\/?s={search_term_string}\"},\"query-input\":{\"@type\":\"PropertyValueSpecification\",\"valueRequired\":true,\"valueName\":\"search_term_string\"}}],\"inLanguage\":\"sq-AL\"},{\"@type\":\"Organization\",\"@id\":\"https:\\\/\\\/fjala.info\\\/2009-2015\\\/#organization\",\"name\":\"FjALA e LIR\u00cb - Arkivi\",\"url\":\"https:\\\/\\\/fjala.info\\\/2009-2015\\\/\",\"logo\":{\"@type\":\"ImageObject\",\"inLanguage\":\"sq-AL\",\"@id\":\"https:\\\/\\\/fjala.info\\\/2009-2015\\\/#\\\/schema\\\/logo\\\/image\\\/\",\"url\":\"\",\"contentUrl\":\"\",\"caption\":\"FjALA e LIR\u00cb - Arkivi\"},\"image\":{\"@id\":\"https:\\\/\\\/fjala.info\\\/2009-2015\\\/#\\\/schema\\\/logo\\\/image\\\/\"}},{\"@type\":\"Person\",\"@id\":\"https:\\\/\\\/fjala.info\\\/2009-2015\\\/#\\\/schema\\\/person\\\/3aa1163ef05469c496fc94e77611ada2\",\"name\":\"admin\",\"image\":{\"@type\":\"ImageObject\",\"inLanguage\":\"sq-AL\",\"@id\":\"https:\\\/\\\/fjala.info\\\/2009-2015\\\/wp-content\\\/uploads\\\/2012\\\/02\\\/arben_cokaj-120x150.jpg\",\"url\":\"https:\\\/\\\/fjala.info\\\/2009-2015\\\/wp-content\\\/uploads\\\/2012\\\/02\\\/arben_cokaj-120x150.jpg\",\"contentUrl\":\"https:\\\/\\\/fjala.info\\\/2009-2015\\\/wp-content\\\/uploads\\\/2012\\\/02\\\/arben_cokaj-120x150.jpg\",\"caption\":\"admin\"},\"description\":\"Admin, Fjala e Lir\u00eb\",\"sameAs\":[\"https:\\\/\\\/fjala.info\\\/\"],\"url\":\"https:\\\/\\\/fjala.info\\\/2009-2015\\\/author\\\/admin\\\/\"}]}<\/script>\n<!-- \/ Yoast SEO plugin. -->","yoast_head_json":{"title":"LDK-ja para shembjes? - FjALA e LIR\u00cb - Arkivi","robots":{"index":"index","follow":"follow","max-snippet":"max-snippet:-1","max-image-preview":"max-image-preview:large","max-video-preview":"max-video-preview:-1"},"canonical":"https:\/\/fjala.info\/2009-2015\/ldk-ja-para-shembjes\/","og_locale":"sq_AL","og_type":"article","og_title":"LDK-ja para shembjes? - FjALA e LIR\u00cb - Arkivi","og_description":"Nga: SHKELZEN MALIQI, 02 Nentor 2010 LDK-ja, nj\u00eb jav\u00eb para Kuvendit zgjedhor, \u00ebsht\u00eb nj\u00eb parti e m\u00ebdyshjeve dhe kriz\u00ebs. T\u00eb gjith\u00eb jan\u00eb t\u00eb shqet\u00ebsuar dhe n\u00eb tension, kryetari Sejdiu, Kryesia dhe K\u00ebshilli Drejtues, deg\u00ebt me n\u00ebndeg\u00ebt, elektorati\u2026 Madje edhe aleat\u00ebt e mundsh\u00ebm, apo edhe rival\u00ebt, po k\u00ebshtu presin n\u00eb ethe se \u00e7far\u00eb&#8230; drejtimi do t\u00eb [&hellip;]","og_url":"https:\/\/fjala.info\/2009-2015\/ldk-ja-para-shembjes\/","og_site_name":"FjALA e LIR\u00cb - Arkivi","article_published_time":"2010-11-02T20:26:24+00:00","og_image":[{"url":"http:\/\/fjala.shkoder.net\/wp-content\/uploads\/2010\/10\/shkelzen_maliqi.jpg","type":"","width":"","height":""}],"author":"admin","twitter_card":"summary_large_image","twitter_misc":{"Written by":"admin","Est. reading time":"7 minutes"},"schema":{"@context":"https:\/\/schema.org","@graph":[{"@type":"Article","@id":"https:\/\/fjala.info\/2009-2015\/ldk-ja-para-shembjes\/#article","isPartOf":{"@id":"https:\/\/fjala.info\/2009-2015\/ldk-ja-para-shembjes\/"},"author":{"name":"admin","@id":"https:\/\/fjala.info\/2009-2015\/#\/schema\/person\/3aa1163ef05469c496fc94e77611ada2"},"headline":"LDK-ja para shembjes?","datePublished":"2010-11-02T20:26:24+00:00","mainEntityOfPage":{"@id":"https:\/\/fjala.info\/2009-2015\/ldk-ja-para-shembjes\/"},"wordCount":1420,"commentCount":0,"publisher":{"@id":"https:\/\/fjala.info\/2009-2015\/#organization"},"image":{"@id":"https:\/\/fjala.info\/2009-2015\/ldk-ja-para-shembjes\/#primaryimage"},"thumbnailUrl":"http:\/\/fjala.shkoder.net\/wp-content\/uploads\/2010\/10\/shkelzen_maliqi.jpg","articleSection":["Artikuj"],"inLanguage":"sq-AL","potentialAction":[{"@type":"CommentAction","name":"Comment","target":["https:\/\/fjala.info\/2009-2015\/ldk-ja-para-shembjes\/#respond"]}]},{"@type":"WebPage","@id":"https:\/\/fjala.info\/2009-2015\/ldk-ja-para-shembjes\/","url":"https:\/\/fjala.info\/2009-2015\/ldk-ja-para-shembjes\/","name":"LDK-ja para shembjes? - FjALA e LIR\u00cb - Arkivi","isPartOf":{"@id":"https:\/\/fjala.info\/2009-2015\/#website"},"primaryImageOfPage":{"@id":"https:\/\/fjala.info\/2009-2015\/ldk-ja-para-shembjes\/#primaryimage"},"image":{"@id":"https:\/\/fjala.info\/2009-2015\/ldk-ja-para-shembjes\/#primaryimage"},"thumbnailUrl":"http:\/\/fjala.shkoder.net\/wp-content\/uploads\/2010\/10\/shkelzen_maliqi.jpg","datePublished":"2010-11-02T20:26:24+00:00","breadcrumb":{"@id":"https:\/\/fjala.info\/2009-2015\/ldk-ja-para-shembjes\/#breadcrumb"},"inLanguage":"sq-AL","potentialAction":[{"@type":"ReadAction","target":["https:\/\/fjala.info\/2009-2015\/ldk-ja-para-shembjes\/"]}]},{"@type":"ImageObject","inLanguage":"sq-AL","@id":"https:\/\/fjala.info\/2009-2015\/ldk-ja-para-shembjes\/#primaryimage","url":"http:\/\/fjala.shkoder.net\/wp-content\/uploads\/2010\/10\/shkelzen_maliqi.jpg","contentUrl":"http:\/\/fjala.shkoder.net\/wp-content\/uploads\/2010\/10\/shkelzen_maliqi.jpg"},{"@type":"BreadcrumbList","@id":"https:\/\/fjala.info\/2009-2015\/ldk-ja-para-shembjes\/#breadcrumb","itemListElement":[{"@type":"ListItem","position":1,"name":"Home","item":"https:\/\/fjala.info\/2009-2015\/"},{"@type":"ListItem","position":2,"name":"LDK-ja para shembjes?"}]},{"@type":"WebSite","@id":"https:\/\/fjala.info\/2009-2015\/#website","url":"https:\/\/fjala.info\/2009-2015\/","name":"FjALA e LIR\u00cb - Arkivi","description":"Arkivi 2009-2015","publisher":{"@id":"https:\/\/fjala.info\/2009-2015\/#organization"},"potentialAction":[{"@type":"SearchAction","target":{"@type":"EntryPoint","urlTemplate":"https:\/\/fjala.info\/2009-2015\/?s={search_term_string}"},"query-input":{"@type":"PropertyValueSpecification","valueRequired":true,"valueName":"search_term_string"}}],"inLanguage":"sq-AL"},{"@type":"Organization","@id":"https:\/\/fjala.info\/2009-2015\/#organization","name":"FjALA e LIR\u00cb - Arkivi","url":"https:\/\/fjala.info\/2009-2015\/","logo":{"@type":"ImageObject","inLanguage":"sq-AL","@id":"https:\/\/fjala.info\/2009-2015\/#\/schema\/logo\/image\/","url":"","contentUrl":"","caption":"FjALA e LIR\u00cb - Arkivi"},"image":{"@id":"https:\/\/fjala.info\/2009-2015\/#\/schema\/logo\/image\/"}},{"@type":"Person","@id":"https:\/\/fjala.info\/2009-2015\/#\/schema\/person\/3aa1163ef05469c496fc94e77611ada2","name":"admin","image":{"@type":"ImageObject","inLanguage":"sq-AL","@id":"https:\/\/fjala.info\/2009-2015\/wp-content\/uploads\/2012\/02\/arben_cokaj-120x150.jpg","url":"https:\/\/fjala.info\/2009-2015\/wp-content\/uploads\/2012\/02\/arben_cokaj-120x150.jpg","contentUrl":"https:\/\/fjala.info\/2009-2015\/wp-content\/uploads\/2012\/02\/arben_cokaj-120x150.jpg","caption":"admin"},"description":"Admin, Fjala e Lir\u00eb","sameAs":["https:\/\/fjala.info\/"],"url":"https:\/\/fjala.info\/2009-2015\/author\/admin\/"}]}},"_links":{"self":[{"href":"https:\/\/fjala.info\/2009-2015\/wp-json\/wp\/v2\/posts\/4609","targetHints":{"allow":["GET"]}}],"collection":[{"href":"https:\/\/fjala.info\/2009-2015\/wp-json\/wp\/v2\/posts"}],"about":[{"href":"https:\/\/fjala.info\/2009-2015\/wp-json\/wp\/v2\/types\/post"}],"author":[{"embeddable":true,"href":"https:\/\/fjala.info\/2009-2015\/wp-json\/wp\/v2\/users\/1"}],"replies":[{"embeddable":true,"href":"https:\/\/fjala.info\/2009-2015\/wp-json\/wp\/v2\/comments?post=4609"}],"version-history":[{"count":0,"href":"https:\/\/fjala.info\/2009-2015\/wp-json\/wp\/v2\/posts\/4609\/revisions"}],"wp:attachment":[{"href":"https:\/\/fjala.info\/2009-2015\/wp-json\/wp\/v2\/media?parent=4609"}],"wp:term":[{"taxonomy":"category","embeddable":true,"href":"https:\/\/fjala.info\/2009-2015\/wp-json\/wp\/v2\/categories?post=4609"},{"taxonomy":"post_tag","embeddable":true,"href":"https:\/\/fjala.info\/2009-2015\/wp-json\/wp\/v2\/tags?post=4609"}],"curies":[{"name":"wp","href":"https:\/\/api.w.org\/{rel}","templated":true}]}}