{"id":4607,"date":"2010-11-02T21:11:31","date_gmt":"2010-11-02T20:11:31","guid":{"rendered":"http:\/\/fjala.shkoder.net\/?p=4607"},"modified":"2010-11-02T21:11:31","modified_gmt":"2010-11-02T20:11:31","slug":"azilkerkues-i-zerit-qytetar-nga-isidor-koti","status":"publish","type":"post","link":"https:\/\/fjala.info\/2009-2015\/azilkerkues-i-zerit-qytetar-nga-isidor-koti\/","title":{"rendered":"&#8216;Azilk\u00ebrkues i z\u00ebrit qytetar&#8217; &#8211; nga Isidor Koti"},"content":{"rendered":"<p><em>Hermesnews<\/em>\/ Doli n\u00eb shtyp, libri me i fundit i publi\u00e7istit t\u00eb njohur Isidor Koti me titull &#8216;Azilk\u00ebrkues i z\u00ebrit qytetar&#8217;. N\u00ebp\u00ebr faqet e k\u00ebtij libri i cili nuk \u00ebsht\u00eb i vetmi n\u00eb treg, (mjafton t\u00eb permendim k\u00ebtu &#8216;Mediakriza sociale&#8217;, apo p\u00ebrmbledhja me poezi &#8216;Beteja e shpirtit&#8217; ), do t\u00eb gjeni nj\u00eb p\u00ebrmbledhje t\u00eb spikatur me analizat dhe opinionet e publikuara n\u00eb mediat me t\u00eb njohura n\u00eb Shqiperi, \u00e7far\u00eb \u00ebsht\u00eb d\u00ebshmi e nj\u00eb pune energjike dhe shum\u00eb profesionale. Por, p\u00ebrve\u00e7 tyre do t\u00eb keni mund\u00ebsin\u00eb t\u00eb lexoni dhe mendimet e disa drejtuesve t\u00eb mediave kryesore, mbi analizat dhe opinionet e tij, si psh..<\/p>\n<p><strong>L\u00ebvrues i nj\u00eb gjinie q\u00eb po humbet <\/strong>(Urim BAJRAMI)\/ Para disa koh\u00ebsh, n\u00eb detyr\u00ebn e kryeredaktorit t\u00eb gazet\u00ebs Shqip, nj\u00eb nga emrat q\u00eb p\u00ebrfshiva n\u00eb list\u00ebn e bashk\u00ebpun\u00ebtor\u00ebve ishte edhe Isidor Koti. Shkrimet e tij publicistike t\u00ebrhiqnin v\u00ebmendjen jo vet\u00ebm p\u00ebr rrokjen ndryshe t\u00eb temave t\u00eb dit\u00ebs, por edhe p\u00ebr m\u00ebnyr\u00ebn e trajtimit t\u00eb tyre.<\/p>\n<p>Isidori, nj\u00eb pedagog i ri i gazetaris\u00eb n\u00eb Shqip\u00ebri, ka ditur t\u00eb marr\u00eb m\u00eb t\u00eb mirat vlera nga gazetaria e hershme shqiptare, ashtu sikurse di sa dhe si t\u00eb m\u00ebsoj\u00eb nga gazetaria moderne, nga publicistika aktuale, e cila p\u00ebr fat t\u00eb keq pak po trajtohet nga gazetar\u00ebt e dekadave t\u00eb fundit. Isidori \u00ebsht\u00eb nd\u00ebr t\u00eb pakt\u00ebt gazetar\u00eb, dhe jo vet\u00ebm gazetar\u00eb, por dhe publicist\u00eb shqiptar\u00eb, t\u00eb cilin pa asnj\u00eb m\u00ebdyshje mund ta radhis\u00ebsh n\u00eb list\u00ebn e pakt\u00eb t\u00eb l\u00ebvruesve t\u00eb nj\u00eb gjinie q\u00eb po humbet, nj\u00eb gjinie t\u00eb bukur si publicistika, q\u00eb jo t\u00eb gjith\u00eb mund ta \u201cp\u00ebrballojn\u00eb\u201d.<\/p>\n<p>N\u00eb rrug\u00ebn e gjat\u00eb e t\u00eb v\u00ebshtir\u00eb t\u00eb gazetaris\u00eb dhe t\u00eb publicistik\u00ebs, ndikojn\u00eb shum\u00eb faktor\u00eb. P\u00ebr mir\u00eb ose p\u00ebr keq. Ndaj nj\u00eb gazetar dhe publicist i mir\u00eb di t\u00eb zgjedh\u00eb rrug\u00ebn e duhur. Dhe n\u00eb rastin e Isidorit, kjo zgjedhje \u00ebsht\u00eb m\u00eb e mira e mundshme: nj\u00eb g\u00ebrshetim i vlerave m\u00eb t\u00eb mira t\u00eb publicistik\u00ebs shqiptare nd\u00ebr dekada, me vlerat e pashmangshme t\u00eb k\u00ebsaj gjinie n\u00eb Ballkan e m\u00eb gjer\u00eb n\u00eb Europ\u00eb, dhe m\u00eb tej, me publicistik\u00ebn moderne, e cila nuk do t\u00eb kishte k\u00ebt\u00eb \u201cshije\u201d pa historin\u00eb e saj.<\/p>\n<p>N\u00eb nj\u00eb koh\u00eb kur na mungojn\u00eb shkrime t\u00eb tilla, n\u00eb nj\u00eb koh\u00eb kur gazetaria shqiptare, edhe pse nuk e pranon, sapo ka nisur t\u00eb ec\u00eb n\u00eb rrug\u00eb pa krye, shkrime si t\u00eb Isidorit jan\u00eb nj\u00eb tregues sa i fort\u00eb, aq dhe i r\u00ebnd\u00ebsish\u00ebm p\u00ebr vlerat e gazetaris\u00eb dhe publicistik\u00ebs shqiptare, t\u00eb cilat kurrsesi nuk duhet t\u2019i l\u00ebm\u00eb t\u00eb na davariten rrug\u00ebve. Sh\u00ebrbimi m\u00eb i mir\u00eb q\u00eb mund t\u00eb b\u00ebjm\u00eb ne tani \u00ebsht\u00eb t\u2019i ruajm\u00eb fort k\u00ebto vlera dhe t\u2019ua p\u00ebrcjellim brezave t\u00eb rinj. Ndaj jam po kaq i bindur se, t\u00eb lexosh librin e ri t\u00eb Isidor Kotit nuk \u00ebsht\u00eb thjesht k\u00ebnaq\u00ebsi\u2026<\/p>\n<p>Duke hedhur hapat mbi bot\u00ebn shqiptare (Leonard VEIZI)\/ Nj\u00eb realitet i trisht\u00eb e pezmatues, i cili hera-her\u00ebs ngjiz dhe me drit\u00ebhijet e nevojshme t\u00eb frym\u00ebmarrjes jet\u00ebsore, vjen n\u00ebp\u00ebrmjet pen\u00ebs s\u00eb Isidor Kotit. Duke hedhur hapat mbi bot\u00ebn shqiptare, t\u00eb par\u00eb nga dritarja e tij, njihesh duksh\u00ebm dhe me gjith\u00eb problematik\u00ebn q\u00eb secili prej nesh e ndesh p\u00ebrballsh\u00ebm apo nga nj\u00eb k\u00ebndv\u00ebshtrim i caktuar jooportunist. Por autori ka marr\u00eb p\u00ebrsip\u00ebr t\u00eb rroki nj\u00eb gam\u00eb m\u00eb t\u00eb gjer\u00eb, \u00e7ka tregon se syrit t\u00eb tij prej gazetari p\u00ebr realitetin shqiptar t\u00eb viteve 2005-2010, periudh\u00eb gjat\u00eb s\u00eb cil\u00ebs ka shkruar k\u00ebta artikuj, nuk i shp\u00ebton as elementi m\u00eb i vog\u00ebl i keqp\u00ebrdorimit t\u00eb nj\u00eb detaji, i cili padyshim duhej t\u00eb ishte pjes\u00eb e progresit.<\/p>\n<p>Por sa mund ta gjesh veten n\u00eb nj\u00eb lib\u00ebr me publicistik\u00eb si\u00e7 \u00ebsht\u00eb \u201cAzilk\u00ebrkues i z\u00ebrit qytetar\u201d shkruar nga Isidor Koti? Un\u00eb them se shumica prej nesh, e atyre q\u00eb e kontaktojn\u00eb k\u00ebt\u00eb lib\u00ebr dhe lexojn\u00eb nga faqet e tij, e ndjejm\u00eb veten nga pak autor\u00eb e m\u00eb shum\u00eb aktor\u00eb t\u00eb tij. Problemet m\u00eb t\u00eb mprehta q\u00eb shqet\u00ebsojn\u00eb shoq\u00ebrin\u00eb shqiptare vijn\u00eb n\u00ebp\u00ebrmjet artikujve q\u00eb p\u00ebrb\u00ebjn\u00eb k\u00ebt\u00eb v\u00ebllim publicistik, disa prej artikujve t\u00eb t\u00eb cilit jan\u00eb botuar edhe te gazeta \u201cBallkan\u201d gjat\u00eb periudh\u00ebs kur kam qen\u00eb aty kryeredaktor. Mund t\u00eb ndalem tek pirat\u00ebria intelektuale, por po aq gjat\u00eb mund t\u00eb rianalizoj problemet q\u00eb i kan\u00eb dal\u00eb gjuh\u00ebs shqipe n\u00eb kushtet e reja t\u00eb mbijetes\u00ebs, nd\u00ebrsa do t\u00eb ndeshesha me detaje t\u00eb reja nga roli i OJF-ve, t\u00eb huaja e shqiptare, q\u00eb nuk kan\u00eb t\u00eb b\u00ebjn\u00eb fort me rolin ndihmues apo edukues, por thjesht e tro\u00e7, me at\u00eb t\u00eb zhvatjes n\u00eb tregun e lir\u00eb t\u00eb abuzimit.<\/p>\n<p>K\u00ebto q\u00eb sapo p\u00ebrmenda jan\u00eb vet\u00ebm pak detaje nga titujt q\u00eb p\u00ebrb\u00ebjn\u00eb gjith\u00eb v\u00ebllimin n\u00eb fjal\u00eb. Duke par\u00eb n\u00eb fund t\u00eb \u00e7do titulli, datat dhe botimet n\u00eb gazeta, mund t\u00eb them se me gjith\u00eb mosh\u00ebn e re, Isidor Koti ka grumbulluar nj\u00eb p\u00ebrvoj\u00eb t\u00eb madhe, gj\u00eb q\u00eb shprehet edhe n\u00eb bibliografin\u00eb e fundlibrit, e \u00e7ka e b\u00ebn m\u00eb intriguese lan\u00e7imin publik t\u00eb asaj q\u00eb e shqet\u00ebson lib\u00ebrshkruesin. Nd\u00ebrkoh\u00eb autori n\u00eb k\u00ebt\u00eb v\u00ebllim publicistik rezervon dhe surpriz\u00ebn e reportazhit, nj\u00eb gjini jo fort e spikatur vitet e fundit n\u00eb gazetarin\u00eb e shkruar shqiptare.<\/p>\n<p><strong>P\u00ebrtej perdes s\u00eb padukshme <\/strong>(<strong>Doriana METOLLARI<\/strong>)\/ Aft\u00ebsia e nj\u00eb gazetari q\u00ebndron n\u00eb gjetjen e rrug\u00ebs p\u00ebr t\u00eb th\u00ebn\u00eb t\u00eb v\u00ebrtet\u00ebn. Kjo e fundit shpeshher\u00eb fshihet pas tymit q\u00eb preferojn\u00eb t\u2019i hedhin medias p\u00ebr t\u00eb manipuluar informimin publik. Por nj\u00eb gazetar dhe analist i mire shikon p\u00ebrtej k\u00ebsaj perdeje t\u00eb padukshme. Isidori e ka zbuluar; ai ka forc\u00ebn p\u00ebr ta th\u00ebn\u00eb t\u00eb v\u00ebrtet\u00ebn dhe pse kjo e fundit shpeshher\u00eb ka nj\u00eb \u00e7mim. Ajo \u00e7far\u00eb e ve\u00e7on n\u00ebp\u00ebr shkrimet e tij \u00ebsht\u00eb se shkruan pa paragjykime, i etur p\u00ebr t\u00eb gjetur at\u00eb \u00e7far\u00eb fshihet pas informacioneve dhe deklaratave standarde q\u00eb vijn\u00eb gati nga zyrat e shtypit dhe gati p\u00ebr t\u00eb v\u00ebn\u00eb n\u00eb diskutim tezat e tij.<\/p>\n<p>Kjo \u00ebsht\u00eb ajo \u00e7far\u00eb e b\u00ebn nj\u00eb gazetar profesionist. Isidori analizon faktet e p\u00ebrditshme dhe i drejton njer\u00ebzit pa u imponuar asnj\u00eb&#8230;, me gjakftoht\u00ebsi\u2026, duke ia l\u00ebn\u00eb sken\u00ebn publikut, nuk e influencon at\u00eb. \u00cbsht\u00eb nj\u00eb betej\u00eb q\u00eb pak gazetar\u00eb e b\u00ebjn\u00eb n\u00eb Shqip\u00ebri. Pik\u00ebrisht kjo u sjell jo rrall\u00ebher\u00eb probleme n\u00eb t\u00eb p\u00ebrditshme, \u00e7far\u00eb e b\u00ebn dhe m\u00eb t\u00eb v\u00ebshtir\u00eb pun\u00ebn e nj\u00eb njeriu q\u00eb merret me informimin publik; por mjetet e informacionit jan\u00eb kaq t\u00eb shumta, kaq t\u00eb dep\u00ebrtueshme dhe te holla, saq\u00eb nuk mund t\u00eb censurohen t\u00eb gjitha.<\/p>\n<p>Isidori k\u00ebt\u00eb e di; n\u00eb pun\u00ebn e tij, e udh\u00ebheq pasioni dhe ai nerv q\u00eb t\u00eb mban zgjuar dhe q\u00eb zhvillon nuhatjen kur ke p\u00ebrpara nj\u00eb lajm. Isidori v\u00ebzhgon ndryshimet e koh\u00ebs, t\u00eb jet\u00ebs s\u00eb p\u00ebrditshme, zbulon detaje q\u00eb shum\u00eb gazetar\u00eb i l\u00ebn\u00eb pas dore. Stili elegant \u00ebsht\u00eb nj\u00eb karakteristik\u00eb e shkrimeve te tij, por jo vet\u00ebm kjo: renditja e fakteve vjen e nd\u00ebrthuret natyrsh\u00ebm nj\u00ebri me tjetrin, pa krijuar boshll\u00ebk, pa l\u00ebn\u00eb vend p\u00ebr pik\u00ebpyetje. N\u00eb shkrimet e tij, lexuesi gjen t\u00eb gjitha p\u00ebrgjigjet dhe t\u00eb vjen natyrsh\u00ebm d\u00ebshira si\u00e7 ndodh tek \u00e7do gj\u00eb, q\u00eb t\u00eb l\u00eb p\u00ebrshtypje, q\u00eb ta rilexosh me po t\u00eb nj\u00ebjtin kuriozitet, duke zbuluar vlera t\u00eb reja tek autori.<\/p>\n<p>Dhe nuk flas vet\u00ebm p\u00ebr shkrimet n\u00eb gazetat e shkruara, apo n\u00ebp\u00ebr librat e tij p\u00ebr median, por dhe p\u00ebr gazetarin\u00eb on line, e cila n\u00eb t\u00eb shkruar ka stilin e saj, m\u00eb pak t\u00eb lodhsh\u00ebm p\u00ebr lexuesit q\u00eb nuk preferojn\u00eb t\u00eb lexojn\u00eb shum\u00eb on line. Kjo ndodh zakonisht n\u00eb artikujt e gazetave online, por jo p\u00ebr t\u00eb Isidorit, q\u00eb nj\u00eb dit\u00eb pas publikimit renditen, n\u00eb top list\u00ebn e m\u00eb t\u00eb shikuarave te Hermesit. N\u00ebse u kemi dh\u00ebn\u00eb z\u00eb atyre q\u00eb nuk e pat\u00ebn, kjo do t\u00eb thot\u00eb se n\u00eb bot\u00eb ka ende njer\u00ebz q\u00eb besojn\u00eb se mund te b\u00ebjn\u00eb di\u00e7ka t\u00eb mir\u00eb p\u00ebr shoq\u00ebrin\u00eb, prandaj duhet t\u00eb jemi krenar\u00eb p\u00ebr veten q\u00eb zgjohemi n\u00eb m\u00ebngjes dhe duke pir\u00eb kafen e par\u00eb besojm\u00eb se gazetaria \u00ebsht\u00eb ende nj\u00eb mision.<\/p>\n<p><strong>N\u00eb vet\u00ebm 20 radh\u00eb <\/strong>(<strong>Elton METAJ<\/strong>)\/ Kur Isidori m\u00eb k\u00ebrkoi t\u00eb shkruaja disa rreshta p\u00ebr librin e tij t\u00eb ri, fillimisht mendova se do t\u00eb shpenzoja pak minuta, q\u00eb do t\u00eb mjaftonin p\u00ebr t\u00eb p\u00ebrmbushur k\u00ebrkes\u00ebn e nj\u00eb miku. Por nuk ndodhi k\u00ebshtu. Disa her\u00eb u ula p\u00ebrpara kompjuterit dhe hodha germat e para, por nuk arrija dot t\u00eb p\u00ebrmblidhja gjith\u00e7ka n\u00eb kufirin q\u00eb Isidori m\u00eb kishte vendosur. Dhe n\u00eb fakt vonesa ime vinte p\u00ebr shkak t\u00eb 20 radh\u00ebve.<\/p>\n<p>Duhej t\u00eb thosha shum\u00eb gj\u00ebra me pak shkronja dhe frika se mund t\u00eb prodhoja nj\u00eb material t\u00eb cunguar m\u00eb shqet\u00ebsonte jo pak. Kisha pasur mund\u00ebsi t\u2019i lexoja shkrimet e Isidorit m\u00eb her\u00ebt se t\u00eb tjer\u00ebt. M\u00eb sakt\u00eb, i kisha shijuar krijimet e tij n\u00eb or\u00ebt e vona t\u00eb mbr\u00ebmjes, kur p\u00ebrgatisnim me koleg\u00ebt numrin e nes\u00ebrm t\u00eb gazet\u00ebs \u201cKorrieri\u201d. Shpesh her\u00eb kisha menduar se Isidori i p\u00ebrkiste nj\u00eb rrace t\u00eb ve\u00e7ant\u00eb shkruesish n\u00eb shtypin e p\u00ebrditsh\u00ebm. N\u00eb detyr\u00ebn e kryeredaktorit, do t\u00eb kisha dashur materiale q\u00eb r\u00ebndom cil\u00ebsohen \u201cm\u00eb t\u00eb fort\u00eb\u201d apo \u201cm\u00eb t\u00eb ashp\u00ebr\u201d.<\/p>\n<p>Por duke u shtuar shkrimeve, edhe bisedat direkte me Isidorin, do t\u00eb kuptoja gradualisht kujdesin dhe dashurin\u00eb e tij t\u00eb lindur, mbi t\u00eb gjitha, p\u00ebr problematik\u00ebn sociale dhe arsimin. Mendimi i tij vishej bukur dhe me k\u00ebnaq\u00ebsi mund t\u00eb dallosh leht\u00eb te publicistika e Isidorit, etik\u00ebn, gjuh\u00ebn e sakt\u00eb e t\u00eb past\u00ebr. Duke qen\u00eb i v\u00ebmendsh\u00ebm t\u00eb mos e kaloj cakun e fiksuar nga autori i librit, m\u00eb duhet t\u00eb ndryshoj kahun e marr\u00ebdh\u00ebnies profesionale me Isidorin. Tani jam un\u00eb q\u00eb duhet t\u2019i telefonoj p\u00ebr t\u2019i d\u00ebrguar materialin dhe p\u00ebr t\u2019i th\u00ebn\u00eb se kam shkruar vet\u00ebm 20 radh\u00eb, me konstatimin, se kam qen\u00eb d\u00ebshmitar i startit t\u00eb publicistik\u00ebs s\u00eb ve\u00e7ant\u00eb t\u00eb Isidorit dhe me urimin p\u00ebr nj\u00eb rrug\u00eb t\u00eb gjat\u00eb e t\u00eb suksesshme.<\/p>\n","protected":false},"excerpt":{"rendered":"<p>Hermesnews\/ Doli n\u00eb shtyp, libri me i fundit i publi\u00e7istit t\u00eb njohur Isidor Koti me titull &#8216;Azilk\u00ebrkues i z\u00ebrit qytetar&#8217;. N\u00ebp\u00ebr faqet e k\u00ebtij libri i cili nuk \u00ebsht\u00eb i vetmi n\u00eb treg, (mjafton t\u00eb permendim k\u00ebtu &#8216;Mediakriza sociale&#8217;, apo p\u00ebrmbledhja me poezi &#8216;Beteja e shpirtit&#8217; ), do t\u00eb gjeni nj\u00eb p\u00ebrmbledhje t\u00eb spikatur me [&hellip;]<\/p>\n","protected":false},"author":1,"featured_media":0,"comment_status":"open","ping_status":"closed","sticky":false,"template":"","format":"standard","meta":{"footnotes":""},"categories":[2],"tags":[],"class_list":{"0":"post-4607","1":"post","2":"type-post","3":"status-publish","4":"format-standard","6":"category-artikuj"},"yoast_head":"<!-- This site is optimized with the Yoast SEO plugin v27.4 - https:\/\/yoast.com\/product\/yoast-seo-wordpress\/ -->\n<title>&#039;Azilk\u00ebrkues i z\u00ebrit qytetar&#039; - nga Isidor Koti - FjALA e LIR\u00cb - Arkivi<\/title>\n<meta name=\"robots\" content=\"index, follow, max-snippet:-1, max-image-preview:large, max-video-preview:-1\" \/>\n<link rel=\"canonical\" href=\"https:\/\/fjala.info\/2009-2015\/azilkerkues-i-zerit-qytetar-nga-isidor-koti\/\" \/>\n<meta property=\"og:locale\" content=\"sq_AL\" \/>\n<meta property=\"og:type\" content=\"article\" \/>\n<meta property=\"og:title\" content=\"&#039;Azilk\u00ebrkues i z\u00ebrit qytetar&#039; - nga Isidor Koti - FjALA e LIR\u00cb - Arkivi\" \/>\n<meta property=\"og:description\" content=\"Hermesnews\/ Doli n\u00eb shtyp, libri me i fundit i publi\u00e7istit t\u00eb njohur Isidor Koti me titull &#8216;Azilk\u00ebrkues i z\u00ebrit qytetar&#8217;. N\u00ebp\u00ebr faqet e k\u00ebtij libri i cili nuk \u00ebsht\u00eb i vetmi n\u00eb treg, (mjafton t\u00eb permendim k\u00ebtu &#8216;Mediakriza sociale&#8217;, apo p\u00ebrmbledhja me poezi &#8216;Beteja e shpirtit&#8217; ), do t\u00eb gjeni nj\u00eb p\u00ebrmbledhje t\u00eb spikatur me [&hellip;]\" \/>\n<meta property=\"og:url\" content=\"https:\/\/fjala.info\/2009-2015\/azilkerkues-i-zerit-qytetar-nga-isidor-koti\/\" \/>\n<meta property=\"og:site_name\" content=\"FjALA e LIR\u00cb - Arkivi\" \/>\n<meta property=\"article:published_time\" content=\"2010-11-02T20:11:31+00:00\" \/>\n<meta name=\"author\" content=\"admin\" \/>\n<meta name=\"twitter:card\" content=\"summary_large_image\" \/>\n<meta name=\"twitter:label1\" content=\"Written by\" \/>\n\t<meta name=\"twitter:data1\" content=\"admin\" \/>\n\t<meta name=\"twitter:label2\" content=\"Est. reading time\" \/>\n\t<meta name=\"twitter:data2\" content=\"9 minutes\" \/>\n<script type=\"application\/ld+json\" class=\"yoast-schema-graph\">{\"@context\":\"https:\\\/\\\/schema.org\",\"@graph\":[{\"@type\":\"Article\",\"@id\":\"https:\\\/\\\/fjala.info\\\/2009-2015\\\/azilkerkues-i-zerit-qytetar-nga-isidor-koti\\\/#article\",\"isPartOf\":{\"@id\":\"https:\\\/\\\/fjala.info\\\/2009-2015\\\/azilkerkues-i-zerit-qytetar-nga-isidor-koti\\\/\"},\"author\":{\"name\":\"admin\",\"@id\":\"https:\\\/\\\/fjala.info\\\/2009-2015\\\/#\\\/schema\\\/person\\\/3aa1163ef05469c496fc94e77611ada2\"},\"headline\":\"&#8216;Azilk\u00ebrkues i z\u00ebrit qytetar&#8217; &#8211; nga Isidor Koti\",\"datePublished\":\"2010-11-02T20:11:31+00:00\",\"mainEntityOfPage\":{\"@id\":\"https:\\\/\\\/fjala.info\\\/2009-2015\\\/azilkerkues-i-zerit-qytetar-nga-isidor-koti\\\/\"},\"wordCount\":1826,\"commentCount\":0,\"publisher\":{\"@id\":\"https:\\\/\\\/fjala.info\\\/2009-2015\\\/#organization\"},\"articleSection\":[\"Artikuj\"],\"inLanguage\":\"sq-AL\",\"potentialAction\":[{\"@type\":\"CommentAction\",\"name\":\"Comment\",\"target\":[\"https:\\\/\\\/fjala.info\\\/2009-2015\\\/azilkerkues-i-zerit-qytetar-nga-isidor-koti\\\/#respond\"]}]},{\"@type\":\"WebPage\",\"@id\":\"https:\\\/\\\/fjala.info\\\/2009-2015\\\/azilkerkues-i-zerit-qytetar-nga-isidor-koti\\\/\",\"url\":\"https:\\\/\\\/fjala.info\\\/2009-2015\\\/azilkerkues-i-zerit-qytetar-nga-isidor-koti\\\/\",\"name\":\"'Azilk\u00ebrkues i z\u00ebrit qytetar' - nga Isidor Koti - FjALA e LIR\u00cb - Arkivi\",\"isPartOf\":{\"@id\":\"https:\\\/\\\/fjala.info\\\/2009-2015\\\/#website\"},\"datePublished\":\"2010-11-02T20:11:31+00:00\",\"breadcrumb\":{\"@id\":\"https:\\\/\\\/fjala.info\\\/2009-2015\\\/azilkerkues-i-zerit-qytetar-nga-isidor-koti\\\/#breadcrumb\"},\"inLanguage\":\"sq-AL\",\"potentialAction\":[{\"@type\":\"ReadAction\",\"target\":[\"https:\\\/\\\/fjala.info\\\/2009-2015\\\/azilkerkues-i-zerit-qytetar-nga-isidor-koti\\\/\"]}]},{\"@type\":\"BreadcrumbList\",\"@id\":\"https:\\\/\\\/fjala.info\\\/2009-2015\\\/azilkerkues-i-zerit-qytetar-nga-isidor-koti\\\/#breadcrumb\",\"itemListElement\":[{\"@type\":\"ListItem\",\"position\":1,\"name\":\"Home\",\"item\":\"https:\\\/\\\/fjala.info\\\/2009-2015\\\/\"},{\"@type\":\"ListItem\",\"position\":2,\"name\":\"&#8216;Azilk\u00ebrkues i z\u00ebrit qytetar&#8217; &#8211; nga Isidor Koti\"}]},{\"@type\":\"WebSite\",\"@id\":\"https:\\\/\\\/fjala.info\\\/2009-2015\\\/#website\",\"url\":\"https:\\\/\\\/fjala.info\\\/2009-2015\\\/\",\"name\":\"FjALA e LIR\u00cb - Arkivi\",\"description\":\"Arkivi 2009-2015\",\"publisher\":{\"@id\":\"https:\\\/\\\/fjala.info\\\/2009-2015\\\/#organization\"},\"potentialAction\":[{\"@type\":\"SearchAction\",\"target\":{\"@type\":\"EntryPoint\",\"urlTemplate\":\"https:\\\/\\\/fjala.info\\\/2009-2015\\\/?s={search_term_string}\"},\"query-input\":{\"@type\":\"PropertyValueSpecification\",\"valueRequired\":true,\"valueName\":\"search_term_string\"}}],\"inLanguage\":\"sq-AL\"},{\"@type\":\"Organization\",\"@id\":\"https:\\\/\\\/fjala.info\\\/2009-2015\\\/#organization\",\"name\":\"FjALA e LIR\u00cb - Arkivi\",\"url\":\"https:\\\/\\\/fjala.info\\\/2009-2015\\\/\",\"logo\":{\"@type\":\"ImageObject\",\"inLanguage\":\"sq-AL\",\"@id\":\"https:\\\/\\\/fjala.info\\\/2009-2015\\\/#\\\/schema\\\/logo\\\/image\\\/\",\"url\":\"\",\"contentUrl\":\"\",\"caption\":\"FjALA e LIR\u00cb - Arkivi\"},\"image\":{\"@id\":\"https:\\\/\\\/fjala.info\\\/2009-2015\\\/#\\\/schema\\\/logo\\\/image\\\/\"}},{\"@type\":\"Person\",\"@id\":\"https:\\\/\\\/fjala.info\\\/2009-2015\\\/#\\\/schema\\\/person\\\/3aa1163ef05469c496fc94e77611ada2\",\"name\":\"admin\",\"image\":{\"@type\":\"ImageObject\",\"inLanguage\":\"sq-AL\",\"@id\":\"https:\\\/\\\/fjala.info\\\/2009-2015\\\/wp-content\\\/uploads\\\/2012\\\/02\\\/arben_cokaj-120x150.jpg\",\"url\":\"https:\\\/\\\/fjala.info\\\/2009-2015\\\/wp-content\\\/uploads\\\/2012\\\/02\\\/arben_cokaj-120x150.jpg\",\"contentUrl\":\"https:\\\/\\\/fjala.info\\\/2009-2015\\\/wp-content\\\/uploads\\\/2012\\\/02\\\/arben_cokaj-120x150.jpg\",\"caption\":\"admin\"},\"description\":\"Admin, Fjala e Lir\u00eb\",\"sameAs\":[\"https:\\\/\\\/fjala.info\\\/\"],\"url\":\"https:\\\/\\\/fjala.info\\\/2009-2015\\\/author\\\/admin\\\/\"}]}<\/script>\n<!-- \/ Yoast SEO plugin. -->","yoast_head_json":{"title":"'Azilk\u00ebrkues i z\u00ebrit qytetar' - nga Isidor Koti - FjALA e LIR\u00cb - Arkivi","robots":{"index":"index","follow":"follow","max-snippet":"max-snippet:-1","max-image-preview":"max-image-preview:large","max-video-preview":"max-video-preview:-1"},"canonical":"https:\/\/fjala.info\/2009-2015\/azilkerkues-i-zerit-qytetar-nga-isidor-koti\/","og_locale":"sq_AL","og_type":"article","og_title":"'Azilk\u00ebrkues i z\u00ebrit qytetar' - nga Isidor Koti - FjALA e LIR\u00cb - Arkivi","og_description":"Hermesnews\/ Doli n\u00eb shtyp, libri me i fundit i publi\u00e7istit t\u00eb njohur Isidor Koti me titull &#8216;Azilk\u00ebrkues i z\u00ebrit qytetar&#8217;. N\u00ebp\u00ebr faqet e k\u00ebtij libri i cili nuk \u00ebsht\u00eb i vetmi n\u00eb treg, (mjafton t\u00eb permendim k\u00ebtu &#8216;Mediakriza sociale&#8217;, apo p\u00ebrmbledhja me poezi &#8216;Beteja e shpirtit&#8217; ), do t\u00eb gjeni nj\u00eb p\u00ebrmbledhje t\u00eb spikatur me [&hellip;]","og_url":"https:\/\/fjala.info\/2009-2015\/azilkerkues-i-zerit-qytetar-nga-isidor-koti\/","og_site_name":"FjALA e LIR\u00cb - Arkivi","article_published_time":"2010-11-02T20:11:31+00:00","author":"admin","twitter_card":"summary_large_image","twitter_misc":{"Written by":"admin","Est. reading time":"9 minutes"},"schema":{"@context":"https:\/\/schema.org","@graph":[{"@type":"Article","@id":"https:\/\/fjala.info\/2009-2015\/azilkerkues-i-zerit-qytetar-nga-isidor-koti\/#article","isPartOf":{"@id":"https:\/\/fjala.info\/2009-2015\/azilkerkues-i-zerit-qytetar-nga-isidor-koti\/"},"author":{"name":"admin","@id":"https:\/\/fjala.info\/2009-2015\/#\/schema\/person\/3aa1163ef05469c496fc94e77611ada2"},"headline":"&#8216;Azilk\u00ebrkues i z\u00ebrit qytetar&#8217; &#8211; nga Isidor Koti","datePublished":"2010-11-02T20:11:31+00:00","mainEntityOfPage":{"@id":"https:\/\/fjala.info\/2009-2015\/azilkerkues-i-zerit-qytetar-nga-isidor-koti\/"},"wordCount":1826,"commentCount":0,"publisher":{"@id":"https:\/\/fjala.info\/2009-2015\/#organization"},"articleSection":["Artikuj"],"inLanguage":"sq-AL","potentialAction":[{"@type":"CommentAction","name":"Comment","target":["https:\/\/fjala.info\/2009-2015\/azilkerkues-i-zerit-qytetar-nga-isidor-koti\/#respond"]}]},{"@type":"WebPage","@id":"https:\/\/fjala.info\/2009-2015\/azilkerkues-i-zerit-qytetar-nga-isidor-koti\/","url":"https:\/\/fjala.info\/2009-2015\/azilkerkues-i-zerit-qytetar-nga-isidor-koti\/","name":"'Azilk\u00ebrkues i z\u00ebrit qytetar' - nga Isidor Koti - FjALA e LIR\u00cb - Arkivi","isPartOf":{"@id":"https:\/\/fjala.info\/2009-2015\/#website"},"datePublished":"2010-11-02T20:11:31+00:00","breadcrumb":{"@id":"https:\/\/fjala.info\/2009-2015\/azilkerkues-i-zerit-qytetar-nga-isidor-koti\/#breadcrumb"},"inLanguage":"sq-AL","potentialAction":[{"@type":"ReadAction","target":["https:\/\/fjala.info\/2009-2015\/azilkerkues-i-zerit-qytetar-nga-isidor-koti\/"]}]},{"@type":"BreadcrumbList","@id":"https:\/\/fjala.info\/2009-2015\/azilkerkues-i-zerit-qytetar-nga-isidor-koti\/#breadcrumb","itemListElement":[{"@type":"ListItem","position":1,"name":"Home","item":"https:\/\/fjala.info\/2009-2015\/"},{"@type":"ListItem","position":2,"name":"&#8216;Azilk\u00ebrkues i z\u00ebrit qytetar&#8217; &#8211; nga Isidor Koti"}]},{"@type":"WebSite","@id":"https:\/\/fjala.info\/2009-2015\/#website","url":"https:\/\/fjala.info\/2009-2015\/","name":"FjALA e LIR\u00cb - Arkivi","description":"Arkivi 2009-2015","publisher":{"@id":"https:\/\/fjala.info\/2009-2015\/#organization"},"potentialAction":[{"@type":"SearchAction","target":{"@type":"EntryPoint","urlTemplate":"https:\/\/fjala.info\/2009-2015\/?s={search_term_string}"},"query-input":{"@type":"PropertyValueSpecification","valueRequired":true,"valueName":"search_term_string"}}],"inLanguage":"sq-AL"},{"@type":"Organization","@id":"https:\/\/fjala.info\/2009-2015\/#organization","name":"FjALA e LIR\u00cb - Arkivi","url":"https:\/\/fjala.info\/2009-2015\/","logo":{"@type":"ImageObject","inLanguage":"sq-AL","@id":"https:\/\/fjala.info\/2009-2015\/#\/schema\/logo\/image\/","url":"","contentUrl":"","caption":"FjALA e LIR\u00cb - Arkivi"},"image":{"@id":"https:\/\/fjala.info\/2009-2015\/#\/schema\/logo\/image\/"}},{"@type":"Person","@id":"https:\/\/fjala.info\/2009-2015\/#\/schema\/person\/3aa1163ef05469c496fc94e77611ada2","name":"admin","image":{"@type":"ImageObject","inLanguage":"sq-AL","@id":"https:\/\/fjala.info\/2009-2015\/wp-content\/uploads\/2012\/02\/arben_cokaj-120x150.jpg","url":"https:\/\/fjala.info\/2009-2015\/wp-content\/uploads\/2012\/02\/arben_cokaj-120x150.jpg","contentUrl":"https:\/\/fjala.info\/2009-2015\/wp-content\/uploads\/2012\/02\/arben_cokaj-120x150.jpg","caption":"admin"},"description":"Admin, Fjala e Lir\u00eb","sameAs":["https:\/\/fjala.info\/"],"url":"https:\/\/fjala.info\/2009-2015\/author\/admin\/"}]}},"_links":{"self":[{"href":"https:\/\/fjala.info\/2009-2015\/wp-json\/wp\/v2\/posts\/4607","targetHints":{"allow":["GET"]}}],"collection":[{"href":"https:\/\/fjala.info\/2009-2015\/wp-json\/wp\/v2\/posts"}],"about":[{"href":"https:\/\/fjala.info\/2009-2015\/wp-json\/wp\/v2\/types\/post"}],"author":[{"embeddable":true,"href":"https:\/\/fjala.info\/2009-2015\/wp-json\/wp\/v2\/users\/1"}],"replies":[{"embeddable":true,"href":"https:\/\/fjala.info\/2009-2015\/wp-json\/wp\/v2\/comments?post=4607"}],"version-history":[{"count":0,"href":"https:\/\/fjala.info\/2009-2015\/wp-json\/wp\/v2\/posts\/4607\/revisions"}],"wp:attachment":[{"href":"https:\/\/fjala.info\/2009-2015\/wp-json\/wp\/v2\/media?parent=4607"}],"wp:term":[{"taxonomy":"category","embeddable":true,"href":"https:\/\/fjala.info\/2009-2015\/wp-json\/wp\/v2\/categories?post=4607"},{"taxonomy":"post_tag","embeddable":true,"href":"https:\/\/fjala.info\/2009-2015\/wp-json\/wp\/v2\/tags?post=4607"}],"curies":[{"name":"wp","href":"https:\/\/api.w.org\/{rel}","templated":true}]}}