{"id":4605,"date":"2012-08-22T23:57:35","date_gmt":"2012-08-22T22:57:35","guid":{"rendered":"http:\/\/www.fjala.info\/?p=4605"},"modified":"2012-08-22T23:57:35","modified_gmt":"2012-08-22T22:57:35","slug":"unioni-i-gazetareve-protesta-dhe-letra-ne-europe-per-rastin-e-gazetarit-marin-mema","status":"publish","type":"post","link":"https:\/\/fjala.info\/2009-2015\/unioni-i-gazetareve-protesta-dhe-letra-ne-europe-per-rastin-e-gazetarit-marin-mema\/","title":{"rendered":"Unioni i Gazetar\u00ebve, protesta dhe letra n\u00eb Europ\u00eb p\u00ebr rastin e gazetarit Marin Mema"},"content":{"rendered":"<p><img decoding=\"async\" class=\"alignleft size-thumbnail wp-image-7236\" title=\"Marin Mema\" src=\"http:\/\/www.fjala.info\/2012\/marin_mema.jpg\" alt=\"\" width=\"200\" \/> <strong>TemA Online<\/strong>, <em>22 Gusht 2012<\/em><\/p>\n<p>Unioni i Gazetar\u00ebve Shqiptar\u00eb ka reaguar p\u00ebr rastin e gazetarit Marin Mema, q\u00eb u pengua t\u00eb kaloj\u00eb n\u00eb Greqi, duke u konsideruar si nj\u00eb rrezik p\u00ebr sigurin\u00eb komb\u00ebtare p\u00ebr vendin fqinj.<\/p>\n<p>\u201cUnioni i Gazetar\u00ebve Shqiptar\u00eb, n\u00eb tubimin e organizuar dit\u00ebn e m\u00ebrkur\u00eb dat\u00eb 22 gusht 2012, para selis\u00eb s\u00eb Ambasad\u00ebs s\u00eb Republik\u00ebs s\u00eb Greqis\u00eb n\u00eb Tiran\u00eb, u b\u00ebri apel autoriteteve zyrtare greke ta shpallin t\u00eb pavlefsh\u00ebm vendimin e komunikuar ndaj gazetarit Marin Mema, sipas t\u00eb cilit, ai paraqet rrezikshm\u00ebri p\u00ebr sigurin\u00eb komb\u00ebtare n\u00eb shtetin grek. P\u00ebrmes k\u00ebtij vendimi, gazetarit Mema i ndalohet hyrja n\u00eb Greqi\u201c, thuhet n\u00eb nj\u00eb deklarat\u00eb t\u00eb Unionit.<\/p>\n<p>\u201cUnioni i Gazetar\u00ebve Shqiptar\u00eb p\u00ebrmes k\u00ebsaj deklarate proteste, e cila do t\u00eb pasoj\u00eb me nj\u00eb let\u00ebr zyrtare drejtuar Presidentit, Kryeministrit dhe Ministrit t\u00eb Jasht\u00ebm t\u00eb Greqis\u00eb, ju sjell n\u00eb v\u00ebmendje k\u00ebtyre autoriteteve se n\u00eb asnj\u00eb rast dhe n\u00eb gjith\u00eb veprimtarin\u00eb e vet profesionale, gazetari Marin Mema nuk ka pasur thirrje p\u00ebr dhun\u00eb, apele nacionalizmi, c\u00ebnim apo fyerje t\u00eb integritetit dhe dinjitetit komb\u00ebtar grek, sikund\u00ebr ka kryer me devotshm\u00ebri dhe skrupuj t\u00eb lart\u00eb etik, detyr\u00ebn e reporterit profesionist\u201c, thuhet n\u00eb deklarat\u00ebn e Unionit .<\/p>\n<p>\u201cUnioni \u201d Gazetar\u00ebve Shqiptar\u00eb k\u00ebrkon nga k\u00ebto autoritete t\u00eb reagojn\u00eb n\u00eb koh\u00eb, pasi rasti Mema \u00ebsht\u00eb i paprecedent n\u00eb praktik\u00ebn e shk\u00ebmbimeve dhe l\u00ebvizjes s\u00eb lir\u00eb nd\u00ebr vendet e Ballkanit dhe BE-s\u00eb gjat\u00eb viteve t\u00eb fundit.<\/p>\n<p>Organizata e gazetar\u00ebve shqiptar\u00eb shpreh besimin se n\u00eb k\u00ebt\u00eb protest solidare do t\u00eb bashkohen edhe organizatat e gazetar\u00ebve t\u00eb Greqis\u00eb fqinje, t\u00eb cil\u00ebt jan\u00eb siv\u00ebllez\u00ebrit tan\u00eb n\u00eb organizata nd\u00ebrkomb\u00ebtare. Unioni I Gazetar\u00ebve apelon pran\u00eb mediave greke ta pasqyrojn\u00eb rastin e gazetarit Mema, si nj\u00eb akt t\u00eb burokratis\u00eb e cila p\u00ebrmes vendimesh t\u00eb tilla c\u00ebnon dhe privon r\u00ebnd\u00eb t\u00eb drejt\u00ebn e gazetarit dhe lirit\u00eb e l\u00ebvizjes t\u00eb mbrojtura nga konventa nd\u00ebrkomb\u00ebtare dhe legjislacioni i dy vendeve tona fqinje\u201c, vijon deklarata.<\/p>\n<p>Unioni i Gazetar\u00ebve Shqiptar\u00eb p\u00ebrmes nj\u00eb letre t\u00eb posacme i \u00ebsht\u00eb drejtuar edhe Presidentit t\u00eb BE-s\u00eb , p\u00ebr k\u00ebt\u00eb vendim t\u00eb marr\u00eb prej autoriteteve t\u00eb nj\u00eb vendi an\u00ebtar i bashk\u00ebsis\u00eb europiane.<\/p>\n<p>Unioni i Gazetareve sakaq, fton gjithe koleget ne tubimin e dites se enjte date 23 gusht 2012, ora 11.00., para Ministrise se Jashtme te Shqiperise, ku do te kete reagime dhe deklarata te reja.<\/p>\n","protected":false},"excerpt":{"rendered":"<p>TemA Online, 22 Gusht 2012 Unioni i Gazetar\u00ebve Shqiptar\u00eb ka reaguar p\u00ebr rastin e gazetarit Marin Mema, q\u00eb u pengua t\u00eb kaloj\u00eb n\u00eb Greqi, duke u konsideruar si nj\u00eb rrezik p\u00ebr sigurin\u00eb komb\u00ebtare p\u00ebr vendin fqinj. \u201cUnioni i Gazetar\u00ebve Shqiptar\u00eb, n\u00eb tubimin e organizuar dit\u00ebn e m\u00ebrkur\u00eb dat\u00eb 22 gusht 2012, para selis\u00eb s\u00eb Ambasad\u00ebs [&hellip;]<\/p>\n","protected":false},"author":1,"featured_media":0,"comment_status":"open","ping_status":"closed","sticky":false,"template":"","format":"standard","meta":{"footnotes":""},"categories":[2],"tags":[],"class_list":{"0":"post-4605","1":"post","2":"type-post","3":"status-publish","4":"format-standard","6":"category-artikuj"},"yoast_head":"<!-- This site is optimized with the Yoast SEO plugin v27.4 - https:\/\/yoast.com\/product\/yoast-seo-wordpress\/ -->\n<title>Unioni i Gazetar\u00ebve, protesta dhe letra n\u00eb Europ\u00eb p\u00ebr rastin e gazetarit Marin Mema - FjALA e LIR\u00cb - Arkivi<\/title>\n<meta name=\"robots\" content=\"index, follow, max-snippet:-1, max-image-preview:large, max-video-preview:-1\" \/>\n<link rel=\"canonical\" href=\"https:\/\/fjala.info\/2009-2015\/unioni-i-gazetareve-protesta-dhe-letra-ne-europe-per-rastin-e-gazetarit-marin-mema\/\" \/>\n<meta property=\"og:locale\" content=\"sq_AL\" \/>\n<meta property=\"og:type\" content=\"article\" \/>\n<meta property=\"og:title\" content=\"Unioni i Gazetar\u00ebve, protesta dhe letra n\u00eb Europ\u00eb p\u00ebr rastin e gazetarit Marin Mema - FjALA e LIR\u00cb - Arkivi\" \/>\n<meta property=\"og:description\" content=\"TemA Online, 22 Gusht 2012 Unioni i Gazetar\u00ebve Shqiptar\u00eb ka reaguar p\u00ebr rastin e gazetarit Marin Mema, q\u00eb u pengua t\u00eb kaloj\u00eb n\u00eb Greqi, duke u konsideruar si nj\u00eb rrezik p\u00ebr sigurin\u00eb komb\u00ebtare p\u00ebr vendin fqinj. \u201cUnioni i Gazetar\u00ebve Shqiptar\u00eb, n\u00eb tubimin e organizuar dit\u00ebn e m\u00ebrkur\u00eb dat\u00eb 22 gusht 2012, para selis\u00eb s\u00eb Ambasad\u00ebs [&hellip;]\" \/>\n<meta property=\"og:url\" content=\"https:\/\/fjala.info\/2009-2015\/unioni-i-gazetareve-protesta-dhe-letra-ne-europe-per-rastin-e-gazetarit-marin-mema\/\" \/>\n<meta property=\"og:site_name\" content=\"FjALA e LIR\u00cb - Arkivi\" \/>\n<meta property=\"article:published_time\" content=\"2012-08-22T22:57:35+00:00\" \/>\n<meta property=\"og:image\" content=\"http:\/\/www.fjala.info\/2012\/marin_mema.jpg\" \/>\n<meta name=\"author\" content=\"admin\" \/>\n<meta name=\"twitter:card\" content=\"summary_large_image\" \/>\n<meta name=\"twitter:label1\" content=\"Written by\" \/>\n\t<meta name=\"twitter:data1\" content=\"admin\" \/>\n\t<meta name=\"twitter:label2\" content=\"Est. reading time\" \/>\n\t<meta name=\"twitter:data2\" content=\"2 minutes\" \/>\n<script type=\"application\/ld+json\" class=\"yoast-schema-graph\">{\"@context\":\"https:\\\/\\\/schema.org\",\"@graph\":[{\"@type\":\"Article\",\"@id\":\"https:\\\/\\\/fjala.info\\\/2009-2015\\\/unioni-i-gazetareve-protesta-dhe-letra-ne-europe-per-rastin-e-gazetarit-marin-mema\\\/#article\",\"isPartOf\":{\"@id\":\"https:\\\/\\\/fjala.info\\\/2009-2015\\\/unioni-i-gazetareve-protesta-dhe-letra-ne-europe-per-rastin-e-gazetarit-marin-mema\\\/\"},\"author\":{\"name\":\"admin\",\"@id\":\"https:\\\/\\\/fjala.info\\\/2009-2015\\\/#\\\/schema\\\/person\\\/3aa1163ef05469c496fc94e77611ada2\"},\"headline\":\"Unioni i Gazetar\u00ebve, protesta dhe letra n\u00eb Europ\u00eb p\u00ebr rastin e gazetarit Marin Mema\",\"datePublished\":\"2012-08-22T22:57:35+00:00\",\"mainEntityOfPage\":{\"@id\":\"https:\\\/\\\/fjala.info\\\/2009-2015\\\/unioni-i-gazetareve-protesta-dhe-letra-ne-europe-per-rastin-e-gazetarit-marin-mema\\\/\"},\"wordCount\":435,\"commentCount\":0,\"publisher\":{\"@id\":\"https:\\\/\\\/fjala.info\\\/2009-2015\\\/#organization\"},\"image\":{\"@id\":\"https:\\\/\\\/fjala.info\\\/2009-2015\\\/unioni-i-gazetareve-protesta-dhe-letra-ne-europe-per-rastin-e-gazetarit-marin-mema\\\/#primaryimage\"},\"thumbnailUrl\":\"http:\\\/\\\/www.fjala.info\\\/2012\\\/marin_mema.jpg\",\"articleSection\":[\"Artikuj\"],\"inLanguage\":\"sq-AL\",\"potentialAction\":[{\"@type\":\"CommentAction\",\"name\":\"Comment\",\"target\":[\"https:\\\/\\\/fjala.info\\\/2009-2015\\\/unioni-i-gazetareve-protesta-dhe-letra-ne-europe-per-rastin-e-gazetarit-marin-mema\\\/#respond\"]}]},{\"@type\":\"WebPage\",\"@id\":\"https:\\\/\\\/fjala.info\\\/2009-2015\\\/unioni-i-gazetareve-protesta-dhe-letra-ne-europe-per-rastin-e-gazetarit-marin-mema\\\/\",\"url\":\"https:\\\/\\\/fjala.info\\\/2009-2015\\\/unioni-i-gazetareve-protesta-dhe-letra-ne-europe-per-rastin-e-gazetarit-marin-mema\\\/\",\"name\":\"Unioni i Gazetar\u00ebve, protesta dhe letra n\u00eb Europ\u00eb p\u00ebr rastin e gazetarit Marin Mema - FjALA e LIR\u00cb - Arkivi\",\"isPartOf\":{\"@id\":\"https:\\\/\\\/fjala.info\\\/2009-2015\\\/#website\"},\"primaryImageOfPage\":{\"@id\":\"https:\\\/\\\/fjala.info\\\/2009-2015\\\/unioni-i-gazetareve-protesta-dhe-letra-ne-europe-per-rastin-e-gazetarit-marin-mema\\\/#primaryimage\"},\"image\":{\"@id\":\"https:\\\/\\\/fjala.info\\\/2009-2015\\\/unioni-i-gazetareve-protesta-dhe-letra-ne-europe-per-rastin-e-gazetarit-marin-mema\\\/#primaryimage\"},\"thumbnailUrl\":\"http:\\\/\\\/www.fjala.info\\\/2012\\\/marin_mema.jpg\",\"datePublished\":\"2012-08-22T22:57:35+00:00\",\"breadcrumb\":{\"@id\":\"https:\\\/\\\/fjala.info\\\/2009-2015\\\/unioni-i-gazetareve-protesta-dhe-letra-ne-europe-per-rastin-e-gazetarit-marin-mema\\\/#breadcrumb\"},\"inLanguage\":\"sq-AL\",\"potentialAction\":[{\"@type\":\"ReadAction\",\"target\":[\"https:\\\/\\\/fjala.info\\\/2009-2015\\\/unioni-i-gazetareve-protesta-dhe-letra-ne-europe-per-rastin-e-gazetarit-marin-mema\\\/\"]}]},{\"@type\":\"ImageObject\",\"inLanguage\":\"sq-AL\",\"@id\":\"https:\\\/\\\/fjala.info\\\/2009-2015\\\/unioni-i-gazetareve-protesta-dhe-letra-ne-europe-per-rastin-e-gazetarit-marin-mema\\\/#primaryimage\",\"url\":\"http:\\\/\\\/www.fjala.info\\\/2012\\\/marin_mema.jpg\",\"contentUrl\":\"http:\\\/\\\/www.fjala.info\\\/2012\\\/marin_mema.jpg\"},{\"@type\":\"BreadcrumbList\",\"@id\":\"https:\\\/\\\/fjala.info\\\/2009-2015\\\/unioni-i-gazetareve-protesta-dhe-letra-ne-europe-per-rastin-e-gazetarit-marin-mema\\\/#breadcrumb\",\"itemListElement\":[{\"@type\":\"ListItem\",\"position\":1,\"name\":\"Home\",\"item\":\"https:\\\/\\\/fjala.info\\\/2009-2015\\\/\"},{\"@type\":\"ListItem\",\"position\":2,\"name\":\"Unioni i Gazetar\u00ebve, protesta dhe letra n\u00eb Europ\u00eb p\u00ebr rastin e gazetarit Marin Mema\"}]},{\"@type\":\"WebSite\",\"@id\":\"https:\\\/\\\/fjala.info\\\/2009-2015\\\/#website\",\"url\":\"https:\\\/\\\/fjala.info\\\/2009-2015\\\/\",\"name\":\"FjALA e LIR\u00cb - Arkivi\",\"description\":\"Arkivi 2009-2015\",\"publisher\":{\"@id\":\"https:\\\/\\\/fjala.info\\\/2009-2015\\\/#organization\"},\"potentialAction\":[{\"@type\":\"SearchAction\",\"target\":{\"@type\":\"EntryPoint\",\"urlTemplate\":\"https:\\\/\\\/fjala.info\\\/2009-2015\\\/?s={search_term_string}\"},\"query-input\":{\"@type\":\"PropertyValueSpecification\",\"valueRequired\":true,\"valueName\":\"search_term_string\"}}],\"inLanguage\":\"sq-AL\"},{\"@type\":\"Organization\",\"@id\":\"https:\\\/\\\/fjala.info\\\/2009-2015\\\/#organization\",\"name\":\"FjALA e LIR\u00cb - Arkivi\",\"url\":\"https:\\\/\\\/fjala.info\\\/2009-2015\\\/\",\"logo\":{\"@type\":\"ImageObject\",\"inLanguage\":\"sq-AL\",\"@id\":\"https:\\\/\\\/fjala.info\\\/2009-2015\\\/#\\\/schema\\\/logo\\\/image\\\/\",\"url\":\"\",\"contentUrl\":\"\",\"caption\":\"FjALA e LIR\u00cb - Arkivi\"},\"image\":{\"@id\":\"https:\\\/\\\/fjala.info\\\/2009-2015\\\/#\\\/schema\\\/logo\\\/image\\\/\"}},{\"@type\":\"Person\",\"@id\":\"https:\\\/\\\/fjala.info\\\/2009-2015\\\/#\\\/schema\\\/person\\\/3aa1163ef05469c496fc94e77611ada2\",\"name\":\"admin\",\"image\":{\"@type\":\"ImageObject\",\"inLanguage\":\"sq-AL\",\"@id\":\"https:\\\/\\\/fjala.info\\\/2009-2015\\\/wp-content\\\/uploads\\\/2012\\\/02\\\/arben_cokaj-120x150.jpg\",\"url\":\"https:\\\/\\\/fjala.info\\\/2009-2015\\\/wp-content\\\/uploads\\\/2012\\\/02\\\/arben_cokaj-120x150.jpg\",\"contentUrl\":\"https:\\\/\\\/fjala.info\\\/2009-2015\\\/wp-content\\\/uploads\\\/2012\\\/02\\\/arben_cokaj-120x150.jpg\",\"caption\":\"admin\"},\"description\":\"Admin, Fjala e Lir\u00eb\",\"sameAs\":[\"https:\\\/\\\/fjala.info\\\/\"],\"url\":\"https:\\\/\\\/fjala.info\\\/2009-2015\\\/author\\\/admin\\\/\"}]}<\/script>\n<!-- \/ Yoast SEO plugin. -->","yoast_head_json":{"title":"Unioni i Gazetar\u00ebve, protesta dhe letra n\u00eb Europ\u00eb p\u00ebr rastin e gazetarit Marin Mema - FjALA e LIR\u00cb - Arkivi","robots":{"index":"index","follow":"follow","max-snippet":"max-snippet:-1","max-image-preview":"max-image-preview:large","max-video-preview":"max-video-preview:-1"},"canonical":"https:\/\/fjala.info\/2009-2015\/unioni-i-gazetareve-protesta-dhe-letra-ne-europe-per-rastin-e-gazetarit-marin-mema\/","og_locale":"sq_AL","og_type":"article","og_title":"Unioni i Gazetar\u00ebve, protesta dhe letra n\u00eb Europ\u00eb p\u00ebr rastin e gazetarit Marin Mema - FjALA e LIR\u00cb - Arkivi","og_description":"TemA Online, 22 Gusht 2012 Unioni i Gazetar\u00ebve Shqiptar\u00eb ka reaguar p\u00ebr rastin e gazetarit Marin Mema, q\u00eb u pengua t\u00eb kaloj\u00eb n\u00eb Greqi, duke u konsideruar si nj\u00eb rrezik p\u00ebr sigurin\u00eb komb\u00ebtare p\u00ebr vendin fqinj. \u201cUnioni i Gazetar\u00ebve Shqiptar\u00eb, n\u00eb tubimin e organizuar dit\u00ebn e m\u00ebrkur\u00eb dat\u00eb 22 gusht 2012, para selis\u00eb s\u00eb Ambasad\u00ebs [&hellip;]","og_url":"https:\/\/fjala.info\/2009-2015\/unioni-i-gazetareve-protesta-dhe-letra-ne-europe-per-rastin-e-gazetarit-marin-mema\/","og_site_name":"FjALA e LIR\u00cb - Arkivi","article_published_time":"2012-08-22T22:57:35+00:00","og_image":[{"url":"http:\/\/www.fjala.info\/2012\/marin_mema.jpg","type":"","width":"","height":""}],"author":"admin","twitter_card":"summary_large_image","twitter_misc":{"Written by":"admin","Est. reading time":"2 minutes"},"schema":{"@context":"https:\/\/schema.org","@graph":[{"@type":"Article","@id":"https:\/\/fjala.info\/2009-2015\/unioni-i-gazetareve-protesta-dhe-letra-ne-europe-per-rastin-e-gazetarit-marin-mema\/#article","isPartOf":{"@id":"https:\/\/fjala.info\/2009-2015\/unioni-i-gazetareve-protesta-dhe-letra-ne-europe-per-rastin-e-gazetarit-marin-mema\/"},"author":{"name":"admin","@id":"https:\/\/fjala.info\/2009-2015\/#\/schema\/person\/3aa1163ef05469c496fc94e77611ada2"},"headline":"Unioni i Gazetar\u00ebve, protesta dhe letra n\u00eb Europ\u00eb p\u00ebr rastin e gazetarit Marin Mema","datePublished":"2012-08-22T22:57:35+00:00","mainEntityOfPage":{"@id":"https:\/\/fjala.info\/2009-2015\/unioni-i-gazetareve-protesta-dhe-letra-ne-europe-per-rastin-e-gazetarit-marin-mema\/"},"wordCount":435,"commentCount":0,"publisher":{"@id":"https:\/\/fjala.info\/2009-2015\/#organization"},"image":{"@id":"https:\/\/fjala.info\/2009-2015\/unioni-i-gazetareve-protesta-dhe-letra-ne-europe-per-rastin-e-gazetarit-marin-mema\/#primaryimage"},"thumbnailUrl":"http:\/\/www.fjala.info\/2012\/marin_mema.jpg","articleSection":["Artikuj"],"inLanguage":"sq-AL","potentialAction":[{"@type":"CommentAction","name":"Comment","target":["https:\/\/fjala.info\/2009-2015\/unioni-i-gazetareve-protesta-dhe-letra-ne-europe-per-rastin-e-gazetarit-marin-mema\/#respond"]}]},{"@type":"WebPage","@id":"https:\/\/fjala.info\/2009-2015\/unioni-i-gazetareve-protesta-dhe-letra-ne-europe-per-rastin-e-gazetarit-marin-mema\/","url":"https:\/\/fjala.info\/2009-2015\/unioni-i-gazetareve-protesta-dhe-letra-ne-europe-per-rastin-e-gazetarit-marin-mema\/","name":"Unioni i Gazetar\u00ebve, protesta dhe letra n\u00eb Europ\u00eb p\u00ebr rastin e gazetarit Marin Mema - FjALA e LIR\u00cb - Arkivi","isPartOf":{"@id":"https:\/\/fjala.info\/2009-2015\/#website"},"primaryImageOfPage":{"@id":"https:\/\/fjala.info\/2009-2015\/unioni-i-gazetareve-protesta-dhe-letra-ne-europe-per-rastin-e-gazetarit-marin-mema\/#primaryimage"},"image":{"@id":"https:\/\/fjala.info\/2009-2015\/unioni-i-gazetareve-protesta-dhe-letra-ne-europe-per-rastin-e-gazetarit-marin-mema\/#primaryimage"},"thumbnailUrl":"http:\/\/www.fjala.info\/2012\/marin_mema.jpg","datePublished":"2012-08-22T22:57:35+00:00","breadcrumb":{"@id":"https:\/\/fjala.info\/2009-2015\/unioni-i-gazetareve-protesta-dhe-letra-ne-europe-per-rastin-e-gazetarit-marin-mema\/#breadcrumb"},"inLanguage":"sq-AL","potentialAction":[{"@type":"ReadAction","target":["https:\/\/fjala.info\/2009-2015\/unioni-i-gazetareve-protesta-dhe-letra-ne-europe-per-rastin-e-gazetarit-marin-mema\/"]}]},{"@type":"ImageObject","inLanguage":"sq-AL","@id":"https:\/\/fjala.info\/2009-2015\/unioni-i-gazetareve-protesta-dhe-letra-ne-europe-per-rastin-e-gazetarit-marin-mema\/#primaryimage","url":"http:\/\/www.fjala.info\/2012\/marin_mema.jpg","contentUrl":"http:\/\/www.fjala.info\/2012\/marin_mema.jpg"},{"@type":"BreadcrumbList","@id":"https:\/\/fjala.info\/2009-2015\/unioni-i-gazetareve-protesta-dhe-letra-ne-europe-per-rastin-e-gazetarit-marin-mema\/#breadcrumb","itemListElement":[{"@type":"ListItem","position":1,"name":"Home","item":"https:\/\/fjala.info\/2009-2015\/"},{"@type":"ListItem","position":2,"name":"Unioni i Gazetar\u00ebve, protesta dhe letra n\u00eb Europ\u00eb p\u00ebr rastin e gazetarit Marin Mema"}]},{"@type":"WebSite","@id":"https:\/\/fjala.info\/2009-2015\/#website","url":"https:\/\/fjala.info\/2009-2015\/","name":"FjALA e LIR\u00cb - Arkivi","description":"Arkivi 2009-2015","publisher":{"@id":"https:\/\/fjala.info\/2009-2015\/#organization"},"potentialAction":[{"@type":"SearchAction","target":{"@type":"EntryPoint","urlTemplate":"https:\/\/fjala.info\/2009-2015\/?s={search_term_string}"},"query-input":{"@type":"PropertyValueSpecification","valueRequired":true,"valueName":"search_term_string"}}],"inLanguage":"sq-AL"},{"@type":"Organization","@id":"https:\/\/fjala.info\/2009-2015\/#organization","name":"FjALA e LIR\u00cb - Arkivi","url":"https:\/\/fjala.info\/2009-2015\/","logo":{"@type":"ImageObject","inLanguage":"sq-AL","@id":"https:\/\/fjala.info\/2009-2015\/#\/schema\/logo\/image\/","url":"","contentUrl":"","caption":"FjALA e LIR\u00cb - Arkivi"},"image":{"@id":"https:\/\/fjala.info\/2009-2015\/#\/schema\/logo\/image\/"}},{"@type":"Person","@id":"https:\/\/fjala.info\/2009-2015\/#\/schema\/person\/3aa1163ef05469c496fc94e77611ada2","name":"admin","image":{"@type":"ImageObject","inLanguage":"sq-AL","@id":"https:\/\/fjala.info\/2009-2015\/wp-content\/uploads\/2012\/02\/arben_cokaj-120x150.jpg","url":"https:\/\/fjala.info\/2009-2015\/wp-content\/uploads\/2012\/02\/arben_cokaj-120x150.jpg","contentUrl":"https:\/\/fjala.info\/2009-2015\/wp-content\/uploads\/2012\/02\/arben_cokaj-120x150.jpg","caption":"admin"},"description":"Admin, Fjala e Lir\u00eb","sameAs":["https:\/\/fjala.info\/"],"url":"https:\/\/fjala.info\/2009-2015\/author\/admin\/"}]}},"_links":{"self":[{"href":"https:\/\/fjala.info\/2009-2015\/wp-json\/wp\/v2\/posts\/4605","targetHints":{"allow":["GET"]}}],"collection":[{"href":"https:\/\/fjala.info\/2009-2015\/wp-json\/wp\/v2\/posts"}],"about":[{"href":"https:\/\/fjala.info\/2009-2015\/wp-json\/wp\/v2\/types\/post"}],"author":[{"embeddable":true,"href":"https:\/\/fjala.info\/2009-2015\/wp-json\/wp\/v2\/users\/1"}],"replies":[{"embeddable":true,"href":"https:\/\/fjala.info\/2009-2015\/wp-json\/wp\/v2\/comments?post=4605"}],"version-history":[{"count":0,"href":"https:\/\/fjala.info\/2009-2015\/wp-json\/wp\/v2\/posts\/4605\/revisions"}],"wp:attachment":[{"href":"https:\/\/fjala.info\/2009-2015\/wp-json\/wp\/v2\/media?parent=4605"}],"wp:term":[{"taxonomy":"category","embeddable":true,"href":"https:\/\/fjala.info\/2009-2015\/wp-json\/wp\/v2\/categories?post=4605"},{"taxonomy":"post_tag","embeddable":true,"href":"https:\/\/fjala.info\/2009-2015\/wp-json\/wp\/v2\/tags?post=4605"}],"curies":[{"name":"wp","href":"https:\/\/api.w.org\/{rel}","templated":true}]}}