{"id":4604,"date":"2010-11-02T09:28:05","date_gmt":"2010-11-02T08:28:05","guid":{"rendered":"http:\/\/fjala.shkoder.net\/?p=4604"},"modified":"2010-11-02T09:28:05","modified_gmt":"2010-11-02T08:28:05","slug":"lobimi-i-hareshem-para-sundimtarit-gadafi","status":"publish","type":"post","link":"https:\/\/fjala.info\/2009-2015\/lobimi-i-hareshem-para-sundimtarit-gadafi\/","title":{"rendered":"Lobimi i haresh\u00ebm para sundimtarit Gadafi"},"content":{"rendered":"<p>Nga \u201c<strong>Koha Ditore<\/strong>\u201d<\/p>\n<p>Tenda e presidentit libian, Muamer Gadafi, e ngritur n\u00eb Sirt, \u00ebsht\u00eb pushtuar nga mesi i tetorit nga tingujt e k\u00ebng\u00ebve qytetare dhe ritmi i valleve shqiptare. Nuk kan\u00eb qen\u00eb an\u00ebtar\u00eb t\u00eb estrad\u00ebs muzikore ata q\u00eb e kan\u00eb krijuar atmosfer\u00ebn e ahengjeve shqiptare pik\u00ebrisht n\u00eb vendlindjen e diktatorit t\u00eb k\u00ebtij vendi veriafrikan, por kan\u00eb qen\u00eb p\u00ebrfaq\u00ebsues politik\u00eb, profesor\u00eb, analist\u00eb nga shoq\u00ebria civile, student\u00eb dhe gazetar\u00eb. K\u00ebrcyesit dhe valltar\u00ebt kan\u00eb qen\u00eb pjes\u00eb e nj\u00eb delegacioni 128-an\u00ebtar\u00ebsh, i cili ishte nisur me mision lobimi n\u00eb Libi, n\u00ebn drejtimin e presidentit t\u00eb Aleanc\u00ebs Kosova e Re, Behgjet Pacolli.<\/p>\n<p>\u201cE kujt i ka shkuar mendja se lobimi yn\u00eb do t\u00eb manifestoj\u00eb me k\u00ebng\u00eb e valle para Gadaffit\u201d, tregon nj\u00eb nga an\u00ebtar\u00ebt e delegacionit, pa dashur t\u2019i p\u00ebrmendej emri n\u00eb gazet\u00eb.<\/p>\n<p>Dikush thot\u00eb se gjith\u00e7ka ka rrjedhur spontanisht, e dikush tjet\u00ebr e shpjegon si detyrim k\u00ebt\u00eb sjellje t\u00eb delegacionit kosovar.<\/p>\n<p>Versionin e par\u00eb e jep Selami Shkodra.<\/p>\n<p>Ai rr\u00ebfen momentet e ve\u00e7anta q\u00eb nga nisja e delegacionit nga hoteli n\u00eb Tripoli, ku ka qen\u00eb i akomoduar delegacioni kosovar, e deri tek p\u00ebrfundimi i takimit me presidentin libian n\u00eb Sirti.<\/p>\n<p>Para nisjes, ai thot\u00eb se an\u00ebtar\u00ebt e delegacionit kan\u00eb marr\u00eb porosi q\u00eb t\u00eb mos i merrnin me vete telefonat dhe aparatet fotografike, p\u00ebr faktin se p\u00ebrdorimi i tyre nuk ishte i lejuar brenda tend\u00ebs s\u00eb presidentit libian. \u201cKur kemi mb\u00ebrritur n\u00eb vendq\u00ebndrimin e Gadaffit, t\u00eb gjith\u00eb i jemi n\u00ebnshtruar kontrollit t\u00eb zakonsh\u00ebm nga detektor\u00ebt\u201d, tregon Shkodra.<\/p>\n<p>Tenda, ku ishte planifikuar t\u00eb ndodhte takimi, sipas tij, nuk ishte p\u00ebrgatitur p\u00ebr nj\u00eb num\u00ebr aq t\u00eb madh t\u00eb t\u00eb pranishm\u00ebve, sa kishin shkuar nga Kosova, k\u00ebshtu q\u00eb stafit t\u00eb kabinetit t\u00eb liderit libian i ishte dashur t\u00eb sillte karrige shtes\u00eb p\u00ebr t\u2019i sistemuar t\u00eb gjith\u00eb pjes\u00ebmarr\u00ebsit.<\/p>\n<p>Karriget, sipas tij, kan\u00eb qen\u00eb t\u00eb plastik\u00ebs, ashtu si\u00e7 ka qen\u00eb edhe karrigia e vet\u00eb Gadaffit. Gjat\u00eb koh\u00ebs s\u00eb pritjes pjes\u00ebmarr\u00ebsit ishin sh\u00ebrbyer me uj\u00eb dhe me l\u00ebngje.<\/p>\n<p>\u201cKur Gadaffi ka hyr\u00eb n\u00eb tend\u00eb, t\u00eb gjith\u00eb t\u00eb pranishmit jan\u00eb ngritur n\u00eb k\u00ebmb\u00eb dhe i kan\u00eb duartrokitur. Kjo ka zgjatur nga momenti i hyrjes e derisa \u00ebsht\u00eb ulur n\u00eb karrigen e tij\u201d, rr\u00ebfen Shkodra.<\/p>\n<p>N\u00eb t\u00eb dy krah\u00ebt e Gaddafit ishin pozicionuar dy gardiane me veshje ceremoniale.<\/p>\n<p>I pari q\u00eb ka folur para tij, sipas Shkodr\u00ebs, ka qen\u00eb Pacolli.<\/p>\n<p>\u201cGjat\u00eb fjalimit, lideri i AKR-s\u00eb fillimisht ka b\u00ebr\u00eb nj\u00eb kronologji t\u00eb zhvillimeve historike n\u00eb Kosov\u00eb, e m\u00eb pas \u00ebsht\u00eb fokusuar n\u00eb t\u00eb arriturat e vendit, n\u00eb nevoj\u00ebn p\u00ebr konsolidim sa m\u00eb t\u00eb mir\u00eb t\u00eb shtetit, si dhe n\u00eb r\u00ebnd\u00ebsin\u00eb q\u00eb kan\u00eb njohjet p\u00ebr t\u00eb ardhmen e Kosov\u00ebs. N\u00eb k\u00ebt\u00eb kontekst, ai ka k\u00ebrkuar nga koloneli Gadaff q\u00eb ta shqyrtoj\u00eb mund\u00ebsin\u00eb e njohjes s\u00eb Kosov\u00ebs, k\u00ebrkes\u00eb t\u00eb cil\u00ebn ia kishte b\u00ebr\u00eb edhe para nj\u00eb viti\u201d, rr\u00ebfen ai.<\/p>\n<p>Fjalimi i Pacollit, sipas tij, \u00ebsht\u00eb p\u00ebrcjell\u00eb me nj\u00eb aplaudim nga Gadaffi.<\/p>\n<p>Kreu i shtetit libian nuk i kishte kursyer duartrokitjet as kur kishte folur z\u00ebvend\u00ebspresidentja e AKR-s\u00eb, Mimoza Kusari-Lila, si dhe nj\u00ebra nga p\u00ebrfaq\u00ebsueset e grupit t\u00eb student\u00ebve. Pas mbarimit t\u00eb fjalimeve, lideri i AKR-s\u00eb i kishte k\u00ebshilluar pjes\u00ebmarr\u00ebsit q\u00eb t\u00eb ndiheshin t\u00eb lir\u00eb.<\/p>\n<p>\u201cDhe, pasi n\u00eb delegacion ka qen\u00eb edhe Elizabeta Musliu-Qarri, dikush prej t\u00eb pranishm\u00ebve ka shprehur d\u00ebshir\u00ebn p\u00ebr t\u00eb k\u00ebnduar k\u00ebng\u00eb t\u00eb lehta dhe k\u00ebng\u00eb popullore shqiptare. Bile nj\u00eb nga to, me sa kujtoj,ka qen\u00eb edhe \u2018Xhamadani vija-vija\u2019\u201d, shpjegon Shkodra. N\u00eb nj\u00eb atmosfer\u00eb t\u00eb till\u00eb, sipas tij, dikush ka propozuar q\u00eb t\u00eb hidhej valle. \u201cKrejt kjo ka ardhur prej d\u00ebshir\u00ebs dhe entuziazmit t\u00eb t\u00eb pranishm\u00ebve, t\u00eb cil\u00ebt kryesisht kan\u00eb qen\u00eb t\u00eb rinj. Dhe, kjo \u00ebsht\u00eb pritur shum\u00eb natyrsh\u00ebm nga stafi i presidentit libian. N\u00eb valle jan\u00eb p\u00ebrfshir\u00eb djem dhe vajza, por jo t\u00eb gjith\u00eb\u201d, tregon Shkodra.<\/p>\n<p>Gjat\u00eb k\u00ebsaj kohe, sipas tij, Gadaffi ka val\u00ebvitur n\u00eb duar nj\u00eb flamur t\u00eb vog\u00ebl t\u00eb Kosov\u00ebs e her\u00eb pas here ka aplauduar.<\/p>\n<p>\u201cFlamurin ia kam dhuruar un\u00eb personalisht\u201d, thot\u00eb ai.<\/p>\n<p>Dhe tek pas mbarimit t\u00eb \u201cshowt\u201d kishte filluar t\u00eb fliste Gadaffi.<\/p>\n<p>\u201cJam mik i Jugosllavis\u00eb, por e njoh mir\u00eb problemin e Kosov\u00ebs. E di q\u00eb e keni shpallur pavar\u00ebsin\u00eb dhe e di se n\u00ebp\u00ebr \u00e7far\u00eb v\u00ebshtir\u00ebsish keni kaluar. Kemi qen\u00eb kund\u00ebr asaj q\u00eb ka ndodhur n\u00eb vendin tuaj vite m\u00eb her\u00ebt, ashtu si\u00e7 jemi kund\u00ebr shum\u00eb veprimeve t\u00eb tjera q\u00eb po ndodhin n\u00ebp\u00ebr bot\u00eb. Me jugosllav\u00ebt jemi miq, por juve ju kemi v\u00ebllez\u00ebr\u201d, parafrazon Shkodra fjalimin e Gadaffit.<\/p>\n<p>Lideri libian, sipas tij, ka uruar forcimin e shtetit t\u00eb Kosov\u00ebs, sidomos n\u00eb aspektin ekonomik.<\/p>\n<p>\u201cKrejt nga fundi Gadaffi ka b\u00ebr\u00eb thirrje p\u00ebr an\u00ebtar\u00ebsim sa m\u00eb t\u00eb shpejt\u00eb t\u00eb Kosov\u00ebs dhe Shqip\u00ebris\u00eb n\u00eb Bashkimin Evropian. Nj\u00ebher\u00ebsh ka premtuar se do t\u00eb merret me \u00e7\u00ebshtjen e Kosov\u00ebs n\u00eb nj\u00eb t\u00eb ardhme t\u00eb af\u00ebrt\u201d, thot\u00eb Shkodra.<\/p>\n<p>Mbarimi i fjalimit t\u00eb Gaddafit, i cili thuhet se ka zgjatur rreth 20 minuta me gjith\u00eb p\u00ebrkthimin, ishte pasuar me ceremonin\u00eb e dor\u00ebzimit t\u00eb dhuratave.<\/p>\n<p>\u201cNj\u00eb anije e vjet\u00ebr me vela, e punuar nga druri, nj\u00eb shqiponj\u00eb e kristalt\u00eb, nj\u00eb flamur i madh i Kosov\u00ebs dhe nj\u00eb Kuran, kan\u00eb qen\u00eb dhuratat q\u00eb i jan\u00eb dh\u00ebn\u00eb Gadaffit\u201d, tregon ai.<\/p>\n<p>Pas k\u00ebtij akti, Gadaffi ishte larguar dhe delegacioni nga Kosova ishte l\u00ebn\u00eb i lir\u00eb p\u00ebr t\u00eb vazhduar sipas agjend\u00ebs s\u00eb tij.<\/p>\n<p>Por, sipas dy an\u00ebtar\u00ebve t\u00eb tjer\u00eb t\u00eb delegacionit, jo gjith\u00e7ka q\u00eb ishte zhvilluar brenda tend\u00ebs s\u00eb Gadaffit ishte b\u00ebr\u00eb n\u00eb frym\u00ebn e disponimit. \u201cKur ka filluar k\u00ebndimi, vajzat nuk kan\u00eb mundur ta nd\u00ebrprisnin at\u00eb, pa e nd\u00ebrprer\u00eb Gadaffi aplaudimin\u201d, ka th\u00ebn\u00eb nj\u00ebri nga ta.<\/p>\n<p>Pas mbarimit t\u00eb k\u00ebng\u00ebs \u201cSi dukat i vog\u00ebl je\u201d dhe \u201cEja, eja lulebor\u00eb\u2019, sipas tij, \u00ebsht\u00eb insistuar q\u00eb t\u00eb nd\u00ebrpritej k\u00ebndimi, mir\u00ebpo nj\u00eb shef i kabinetit t\u00eb Gadaffit kishte th\u00ebn\u00eb se k\u00ebnga duhej t\u00eb ndalej tek at\u00ebher\u00eb kur Gadaffi t\u00eb jepte shenj\u00eb p\u00ebr ndalim.<\/p>\n<p>M\u00eb pas, sipas tij, \u201ck\u00ebng\u00ebtar\u00ebt\u201d kishin filluar t\u00eb \u00e7akordoheshin, pasi jo t\u00eb gjith\u00eb i kishin ditur tekstet e k\u00ebng\u00ebve q\u00eb silleshin n\u00ebn tingujt e pianos s\u00eb vjet\u00ebr t\u00eb Gadaffit.<\/p>\n<p>\u201dTelashi tjet\u00ebr \u00ebsht\u00eb krijuar gjat\u00eb vall\u00ebzimit. U k\u00ebshilluam q\u00eb t\u00eb vall\u00ebzonim, por pa ia kthyer shpin\u00ebn Gadaffit\u201d, rr\u00ebfen pjes\u00ebmarr\u00ebsi tjet\u00ebr. Si nj\u00ebri ashtu edhe tjetri thon\u00eb se ka pasur pak\u00ebnaq\u00ebsi mes an\u00ebtar\u00ebve t\u00eb delegacionit p\u00ebr k\u00ebt\u00eb veprim.<\/p>\n<p>\u201cKishim shkuar p\u00ebr t\u00eb lobuar e jo p\u00ebr t\u00eb vall\u00ebzuar. Kurrkush nuk na kishte th\u00ebn\u00eb m\u00eb her\u00ebt se do t\u00eb ngjante nj\u00eb gj\u00eb e till\u00eb n\u00eb tend\u00eb, dhe p\u00ebr \u00e7udi as stafi i protokollit t\u00eb Presidenc\u00ebs libiane nuk e merrte veprimin ton\u00eb si di\u00e7ka t\u00eb pazakont\u00eb\u201d, shprehet pjes\u00ebmarr\u00ebsi anonim.<\/p>\n<p>Edhe z\u00ebvend\u00ebspresidentja e AKR-s\u00eb, Mimoza Kusari-Lila e pranon se delegacioni i Kosov\u00ebs nuk kishte shkuar n\u00eb Libi p\u00ebr t\u00eb performuar muzik\u00eb, mir\u00ebpo ajo thot\u00eb se gj\u00ebrat kishin rrjedhur spontanisht, nga ndjenja e af\u00ebrsis\u00eb q\u00eb kishte krijuar presidenti libian me an\u00ebtar\u00ebt e delegacionit nga Kosova.<\/p>\n<p>\u201cNe n\u00eb fakt nuk kemi shkuar atje p\u00ebr t\u00eb performuar, por kemi pasur n\u00eb nj\u00eb form\u00eb nj\u00eb prezantim kulturor n\u00eb kuptimin e muzik\u00ebs tradicionale kosovare. Ka filluar me muzik\u00eb t\u00eb leht\u00eb popullore dhe m\u00eb pas u lidh me valle\u201d, ka th\u00ebn\u00eb ajo n\u00eb KTV, t\u00eb premten.<\/p>\n<p>Kusari-Lila ka mohuar q\u00eb dikush t\u2019i ket\u00eb obliguar pjes\u00ebmarr\u00ebsit q\u00eb t\u00eb k\u00ebndonin e vall\u00ebzonin. K\u00ebto sjellje, sipas saj, nuk kan\u00eb qen\u00eb t\u00eb kusht\u00ebzuara as nga protokolli i shtetit nikoqir.<\/p>\n<p>\u201cNga delegacioni kosovar ka pasur disponim p\u00ebr faktin se lideri libian u ka aplauduar debatit dhe fjalimeve t\u00eb kosovar\u00ebve\u201d, ka shpjeguar Kusari-Lila.<\/p>\n<p>Pavar\u00ebsisht nga ajo q\u00eb mund t\u00eb thuhet rreth gjith\u00eb k\u00ebsaj, ajo \u00ebsht\u00eb e sigurt se vizita n\u00eb Libi ka sh\u00ebnuar nj\u00eb hap shum\u00eb t\u00eb madh dhe t\u00eb sigurt drejt p\u00ebrafrimit t\u00eb pozicioneve n\u00eb kuad\u00ebr t\u00eb njohjes s\u00eb Kosov\u00ebs.<\/p>\n<p>Kusari-Lila e ka cil\u00ebsuar t\u00eb r\u00ebnd\u00ebsish\u00ebm faktin q\u00eb vet\u00eb lideri libian i ka pritur student\u00ebt e Kosov\u00ebs.<\/p>\n<p>\u201cDihet se (Gadaffi v.j) \u00ebsht\u00eb lider shteti mjaft enigmatik dhe ka raste kur nuk pret as lider\u00eb shtetesh, edhe pse ka takime t\u00eb paracaktuara. Dhe, p\u00ebr m\u00eb shum\u00eb se nj\u00eb or\u00eb ai ka kaluar me student\u00ebt dhe me delegacionin kosovar, ka folur me ta, ka shk\u00ebmbyer idet\u00eb e tij, ka treguar se \u00ebsht\u00eb shum\u00eb i vet\u00ebdijsh\u00ebm p\u00ebr realitetin e krijuar n\u00eb Kosov\u00eb\u201d, ka shtuar ajo.<\/p>\n<p>Koloneli Muammer Gadaffi drejton Libin\u00eb qe 41 vjet. Ai njihet si nj\u00eb udh\u00ebheq\u00ebs diktatorial dhe kontrovers, i cili p\u00ebr shum\u00eb vjet e ka mbajtur vendin larg ndikimit nga kultura per\u00ebndimore.<\/p>\n<p>Mir\u00ebpo, vitet e fundit ai ka filluar ta b\u00ebj\u00eb vendin m\u00eb t\u00eb hapur dhe t\u00eb lejoj\u00eb investime t\u00eb kompanive t\u00eb ndryshme evropiane dhe amerikane.<\/p>\n<p>Vitin e kaluar Gadaffi kishte realizuar nj\u00eb vizit\u00eb n\u00eb Rom\u00eb t\u00eb Italis\u00eb, me \u00e7\u2019rast ishte p\u00ebrfshir\u00eb n\u00eb nj\u00eb \u201cskandal\u201d. Mediat italiane pat\u00ebn raportuar se kolonel Gadaffi kishte ftuar qindra \u201czonjusha\u201d t\u00eb bukura italiane n\u00eb nj\u00eb vil\u00eb n\u00eb Rom\u00eb, duke i nxitur ato q\u00eb t\u00eb konvertoheshin n\u00eb islam, dhe duke u th\u00ebn\u00eb se krishterimi \u00ebsht\u00eb i bazuar n\u00eb t\u00eb pav\u00ebrteta. Lideri libian, i cili po q\u00ebndronte n\u00eb Itali p\u00ebr t\u00eb marr\u00eb pjes\u00eb n\u00eb nj\u00eb samit t\u00eb Kombeve t\u00eb Bashkuara p\u00ebr urin\u00eb bot\u00ebrore, thuhej se u kishte k\u00ebrkuar k\u00ebshilltar\u00ebve t\u00eb tij q\u00eb ta telefononin nj\u00eb agjenci italiane p\u00ebr organizmin e ndejave me \u201czonjusha\u201d, t\u00eb cilat m\u00eb pas do ta kryenin detyr\u00ebn e mikprit\u00ebseve t\u00eb ngjarjes. Agjencis\u00eb i ishte k\u00ebrkuar t\u2019i d\u00ebrgonte 500 bukuroshe t\u00eb mosh\u00ebs nd\u00ebrmjet 15 dhe 35-vje\u00e7are.<\/p>\n<p>Ato q\u00eb i jan\u00eb p\u00ebrgjigjur ftes\u00ebs s\u00eb liderit kund\u00ebrth\u00ebn\u00ebs kan\u00eb marr\u00eb nga 60 euro p\u00ebr \u201cshk\u00ebmbim t\u00eb disa opinioneve\u201d dhe nj\u00eb \u201cdhurat\u00eb libiane\u201d, q\u00eb m\u00eb von\u00eb u kuptua se ishte nj\u00eb libri i shenjt\u00eb Kurani.<\/p>\n<p>Paola Lo Mele, nj\u00eb gazetare e cila \u00ebsht\u00eb futur n\u00eb vil\u00ebn e ambasadorit libian, ishte prezantuar si mikprit\u00ebse e ndej\u00ebs, duke par\u00eb nga af\u00ebr ndej\u00ebn n\u00eb \u201charemin\u201d e Gaddafit. Ajo kishte theksuar se t\u00eb pranishme kishin qen\u00eb m\u00eb shum\u00eb se 200 femra, t\u00eb cilat e kishin pritur ardhjen e vonuar t\u00eb Gaddafit, i cili kishte q\u00ebndruar n\u00eb mes t\u00eb mysafireve, i shoq\u00ebruar nga dy gardianet e tij.<\/p>\n","protected":false},"excerpt":{"rendered":"<p>Nga \u201cKoha Ditore\u201d Tenda e presidentit libian, Muamer Gadafi, e ngritur n\u00eb Sirt, \u00ebsht\u00eb pushtuar nga mesi i tetorit nga tingujt e k\u00ebng\u00ebve qytetare dhe ritmi i valleve shqiptare. Nuk kan\u00eb qen\u00eb an\u00ebtar\u00eb t\u00eb estrad\u00ebs muzikore ata q\u00eb e kan\u00eb krijuar atmosfer\u00ebn e ahengjeve shqiptare pik\u00ebrisht n\u00eb vendlindjen e diktatorit t\u00eb k\u00ebtij vendi veriafrikan, por [&hellip;]<\/p>\n","protected":false},"author":1,"featured_media":0,"comment_status":"open","ping_status":"closed","sticky":false,"template":"","format":"standard","meta":{"footnotes":""},"categories":[2],"tags":[],"class_list":{"0":"post-4604","1":"post","2":"type-post","3":"status-publish","4":"format-standard","6":"category-artikuj"},"yoast_head":"<!-- This site is optimized with the Yoast SEO plugin v27.4 - https:\/\/yoast.com\/product\/yoast-seo-wordpress\/ -->\n<title>Lobimi i haresh\u00ebm para sundimtarit Gadafi - FjALA e LIR\u00cb - Arkivi<\/title>\n<meta name=\"robots\" content=\"index, follow, max-snippet:-1, max-image-preview:large, max-video-preview:-1\" \/>\n<link rel=\"canonical\" href=\"https:\/\/fjala.info\/2009-2015\/lobimi-i-hareshem-para-sundimtarit-gadafi\/\" \/>\n<meta property=\"og:locale\" content=\"sq_AL\" \/>\n<meta property=\"og:type\" content=\"article\" \/>\n<meta property=\"og:title\" content=\"Lobimi i haresh\u00ebm para sundimtarit Gadafi - FjALA e LIR\u00cb - Arkivi\" \/>\n<meta property=\"og:description\" content=\"Nga \u201cKoha Ditore\u201d Tenda e presidentit libian, Muamer Gadafi, e ngritur n\u00eb Sirt, \u00ebsht\u00eb pushtuar nga mesi i tetorit nga tingujt e k\u00ebng\u00ebve qytetare dhe ritmi i valleve shqiptare. Nuk kan\u00eb qen\u00eb an\u00ebtar\u00eb t\u00eb estrad\u00ebs muzikore ata q\u00eb e kan\u00eb krijuar atmosfer\u00ebn e ahengjeve shqiptare pik\u00ebrisht n\u00eb vendlindjen e diktatorit t\u00eb k\u00ebtij vendi veriafrikan, por [&hellip;]\" \/>\n<meta property=\"og:url\" content=\"https:\/\/fjala.info\/2009-2015\/lobimi-i-hareshem-para-sundimtarit-gadafi\/\" \/>\n<meta property=\"og:site_name\" content=\"FjALA e LIR\u00cb - Arkivi\" \/>\n<meta property=\"article:published_time\" content=\"2010-11-02T08:28:05+00:00\" \/>\n<meta name=\"author\" content=\"admin\" \/>\n<meta name=\"twitter:card\" content=\"summary_large_image\" \/>\n<meta name=\"twitter:label1\" content=\"Written by\" \/>\n\t<meta name=\"twitter:data1\" content=\"admin\" \/>\n\t<meta name=\"twitter:label2\" content=\"Est. reading time\" \/>\n\t<meta name=\"twitter:data2\" content=\"9 minutes\" \/>\n<script type=\"application\/ld+json\" class=\"yoast-schema-graph\">{\"@context\":\"https:\\\/\\\/schema.org\",\"@graph\":[{\"@type\":\"Article\",\"@id\":\"https:\\\/\\\/fjala.info\\\/2009-2015\\\/lobimi-i-hareshem-para-sundimtarit-gadafi\\\/#article\",\"isPartOf\":{\"@id\":\"https:\\\/\\\/fjala.info\\\/2009-2015\\\/lobimi-i-hareshem-para-sundimtarit-gadafi\\\/\"},\"author\":{\"name\":\"admin\",\"@id\":\"https:\\\/\\\/fjala.info\\\/2009-2015\\\/#\\\/schema\\\/person\\\/3aa1163ef05469c496fc94e77611ada2\"},\"headline\":\"Lobimi i haresh\u00ebm para sundimtarit Gadafi\",\"datePublished\":\"2010-11-02T08:28:05+00:00\",\"mainEntityOfPage\":{\"@id\":\"https:\\\/\\\/fjala.info\\\/2009-2015\\\/lobimi-i-hareshem-para-sundimtarit-gadafi\\\/\"},\"wordCount\":1859,\"commentCount\":0,\"publisher\":{\"@id\":\"https:\\\/\\\/fjala.info\\\/2009-2015\\\/#organization\"},\"articleSection\":[\"Artikuj\"],\"inLanguage\":\"sq-AL\",\"potentialAction\":[{\"@type\":\"CommentAction\",\"name\":\"Comment\",\"target\":[\"https:\\\/\\\/fjala.info\\\/2009-2015\\\/lobimi-i-hareshem-para-sundimtarit-gadafi\\\/#respond\"]}]},{\"@type\":\"WebPage\",\"@id\":\"https:\\\/\\\/fjala.info\\\/2009-2015\\\/lobimi-i-hareshem-para-sundimtarit-gadafi\\\/\",\"url\":\"https:\\\/\\\/fjala.info\\\/2009-2015\\\/lobimi-i-hareshem-para-sundimtarit-gadafi\\\/\",\"name\":\"Lobimi i haresh\u00ebm para sundimtarit Gadafi - FjALA e LIR\u00cb - Arkivi\",\"isPartOf\":{\"@id\":\"https:\\\/\\\/fjala.info\\\/2009-2015\\\/#website\"},\"datePublished\":\"2010-11-02T08:28:05+00:00\",\"breadcrumb\":{\"@id\":\"https:\\\/\\\/fjala.info\\\/2009-2015\\\/lobimi-i-hareshem-para-sundimtarit-gadafi\\\/#breadcrumb\"},\"inLanguage\":\"sq-AL\",\"potentialAction\":[{\"@type\":\"ReadAction\",\"target\":[\"https:\\\/\\\/fjala.info\\\/2009-2015\\\/lobimi-i-hareshem-para-sundimtarit-gadafi\\\/\"]}]},{\"@type\":\"BreadcrumbList\",\"@id\":\"https:\\\/\\\/fjala.info\\\/2009-2015\\\/lobimi-i-hareshem-para-sundimtarit-gadafi\\\/#breadcrumb\",\"itemListElement\":[{\"@type\":\"ListItem\",\"position\":1,\"name\":\"Home\",\"item\":\"https:\\\/\\\/fjala.info\\\/2009-2015\\\/\"},{\"@type\":\"ListItem\",\"position\":2,\"name\":\"Lobimi i haresh\u00ebm para sundimtarit Gadafi\"}]},{\"@type\":\"WebSite\",\"@id\":\"https:\\\/\\\/fjala.info\\\/2009-2015\\\/#website\",\"url\":\"https:\\\/\\\/fjala.info\\\/2009-2015\\\/\",\"name\":\"FjALA e LIR\u00cb - Arkivi\",\"description\":\"Arkivi 2009-2015\",\"publisher\":{\"@id\":\"https:\\\/\\\/fjala.info\\\/2009-2015\\\/#organization\"},\"potentialAction\":[{\"@type\":\"SearchAction\",\"target\":{\"@type\":\"EntryPoint\",\"urlTemplate\":\"https:\\\/\\\/fjala.info\\\/2009-2015\\\/?s={search_term_string}\"},\"query-input\":{\"@type\":\"PropertyValueSpecification\",\"valueRequired\":true,\"valueName\":\"search_term_string\"}}],\"inLanguage\":\"sq-AL\"},{\"@type\":\"Organization\",\"@id\":\"https:\\\/\\\/fjala.info\\\/2009-2015\\\/#organization\",\"name\":\"FjALA e LIR\u00cb - Arkivi\",\"url\":\"https:\\\/\\\/fjala.info\\\/2009-2015\\\/\",\"logo\":{\"@type\":\"ImageObject\",\"inLanguage\":\"sq-AL\",\"@id\":\"https:\\\/\\\/fjala.info\\\/2009-2015\\\/#\\\/schema\\\/logo\\\/image\\\/\",\"url\":\"\",\"contentUrl\":\"\",\"caption\":\"FjALA e LIR\u00cb - Arkivi\"},\"image\":{\"@id\":\"https:\\\/\\\/fjala.info\\\/2009-2015\\\/#\\\/schema\\\/logo\\\/image\\\/\"}},{\"@type\":\"Person\",\"@id\":\"https:\\\/\\\/fjala.info\\\/2009-2015\\\/#\\\/schema\\\/person\\\/3aa1163ef05469c496fc94e77611ada2\",\"name\":\"admin\",\"image\":{\"@type\":\"ImageObject\",\"inLanguage\":\"sq-AL\",\"@id\":\"https:\\\/\\\/fjala.info\\\/2009-2015\\\/wp-content\\\/uploads\\\/2012\\\/02\\\/arben_cokaj-120x150.jpg\",\"url\":\"https:\\\/\\\/fjala.info\\\/2009-2015\\\/wp-content\\\/uploads\\\/2012\\\/02\\\/arben_cokaj-120x150.jpg\",\"contentUrl\":\"https:\\\/\\\/fjala.info\\\/2009-2015\\\/wp-content\\\/uploads\\\/2012\\\/02\\\/arben_cokaj-120x150.jpg\",\"caption\":\"admin\"},\"description\":\"Admin, Fjala e Lir\u00eb\",\"sameAs\":[\"https:\\\/\\\/fjala.info\\\/\"],\"url\":\"https:\\\/\\\/fjala.info\\\/2009-2015\\\/author\\\/admin\\\/\"}]}<\/script>\n<!-- \/ Yoast SEO plugin. -->","yoast_head_json":{"title":"Lobimi i haresh\u00ebm para sundimtarit Gadafi - FjALA e LIR\u00cb - Arkivi","robots":{"index":"index","follow":"follow","max-snippet":"max-snippet:-1","max-image-preview":"max-image-preview:large","max-video-preview":"max-video-preview:-1"},"canonical":"https:\/\/fjala.info\/2009-2015\/lobimi-i-hareshem-para-sundimtarit-gadafi\/","og_locale":"sq_AL","og_type":"article","og_title":"Lobimi i haresh\u00ebm para sundimtarit Gadafi - FjALA e LIR\u00cb - Arkivi","og_description":"Nga \u201cKoha Ditore\u201d Tenda e presidentit libian, Muamer Gadafi, e ngritur n\u00eb Sirt, \u00ebsht\u00eb pushtuar nga mesi i tetorit nga tingujt e k\u00ebng\u00ebve qytetare dhe ritmi i valleve shqiptare. Nuk kan\u00eb qen\u00eb an\u00ebtar\u00eb t\u00eb estrad\u00ebs muzikore ata q\u00eb e kan\u00eb krijuar atmosfer\u00ebn e ahengjeve shqiptare pik\u00ebrisht n\u00eb vendlindjen e diktatorit t\u00eb k\u00ebtij vendi veriafrikan, por [&hellip;]","og_url":"https:\/\/fjala.info\/2009-2015\/lobimi-i-hareshem-para-sundimtarit-gadafi\/","og_site_name":"FjALA e LIR\u00cb - Arkivi","article_published_time":"2010-11-02T08:28:05+00:00","author":"admin","twitter_card":"summary_large_image","twitter_misc":{"Written by":"admin","Est. reading time":"9 minutes"},"schema":{"@context":"https:\/\/schema.org","@graph":[{"@type":"Article","@id":"https:\/\/fjala.info\/2009-2015\/lobimi-i-hareshem-para-sundimtarit-gadafi\/#article","isPartOf":{"@id":"https:\/\/fjala.info\/2009-2015\/lobimi-i-hareshem-para-sundimtarit-gadafi\/"},"author":{"name":"admin","@id":"https:\/\/fjala.info\/2009-2015\/#\/schema\/person\/3aa1163ef05469c496fc94e77611ada2"},"headline":"Lobimi i haresh\u00ebm para sundimtarit Gadafi","datePublished":"2010-11-02T08:28:05+00:00","mainEntityOfPage":{"@id":"https:\/\/fjala.info\/2009-2015\/lobimi-i-hareshem-para-sundimtarit-gadafi\/"},"wordCount":1859,"commentCount":0,"publisher":{"@id":"https:\/\/fjala.info\/2009-2015\/#organization"},"articleSection":["Artikuj"],"inLanguage":"sq-AL","potentialAction":[{"@type":"CommentAction","name":"Comment","target":["https:\/\/fjala.info\/2009-2015\/lobimi-i-hareshem-para-sundimtarit-gadafi\/#respond"]}]},{"@type":"WebPage","@id":"https:\/\/fjala.info\/2009-2015\/lobimi-i-hareshem-para-sundimtarit-gadafi\/","url":"https:\/\/fjala.info\/2009-2015\/lobimi-i-hareshem-para-sundimtarit-gadafi\/","name":"Lobimi i haresh\u00ebm para sundimtarit Gadafi - FjALA e LIR\u00cb - Arkivi","isPartOf":{"@id":"https:\/\/fjala.info\/2009-2015\/#website"},"datePublished":"2010-11-02T08:28:05+00:00","breadcrumb":{"@id":"https:\/\/fjala.info\/2009-2015\/lobimi-i-hareshem-para-sundimtarit-gadafi\/#breadcrumb"},"inLanguage":"sq-AL","potentialAction":[{"@type":"ReadAction","target":["https:\/\/fjala.info\/2009-2015\/lobimi-i-hareshem-para-sundimtarit-gadafi\/"]}]},{"@type":"BreadcrumbList","@id":"https:\/\/fjala.info\/2009-2015\/lobimi-i-hareshem-para-sundimtarit-gadafi\/#breadcrumb","itemListElement":[{"@type":"ListItem","position":1,"name":"Home","item":"https:\/\/fjala.info\/2009-2015\/"},{"@type":"ListItem","position":2,"name":"Lobimi i haresh\u00ebm para sundimtarit Gadafi"}]},{"@type":"WebSite","@id":"https:\/\/fjala.info\/2009-2015\/#website","url":"https:\/\/fjala.info\/2009-2015\/","name":"FjALA e LIR\u00cb - Arkivi","description":"Arkivi 2009-2015","publisher":{"@id":"https:\/\/fjala.info\/2009-2015\/#organization"},"potentialAction":[{"@type":"SearchAction","target":{"@type":"EntryPoint","urlTemplate":"https:\/\/fjala.info\/2009-2015\/?s={search_term_string}"},"query-input":{"@type":"PropertyValueSpecification","valueRequired":true,"valueName":"search_term_string"}}],"inLanguage":"sq-AL"},{"@type":"Organization","@id":"https:\/\/fjala.info\/2009-2015\/#organization","name":"FjALA e LIR\u00cb - Arkivi","url":"https:\/\/fjala.info\/2009-2015\/","logo":{"@type":"ImageObject","inLanguage":"sq-AL","@id":"https:\/\/fjala.info\/2009-2015\/#\/schema\/logo\/image\/","url":"","contentUrl":"","caption":"FjALA e LIR\u00cb - Arkivi"},"image":{"@id":"https:\/\/fjala.info\/2009-2015\/#\/schema\/logo\/image\/"}},{"@type":"Person","@id":"https:\/\/fjala.info\/2009-2015\/#\/schema\/person\/3aa1163ef05469c496fc94e77611ada2","name":"admin","image":{"@type":"ImageObject","inLanguage":"sq-AL","@id":"https:\/\/fjala.info\/2009-2015\/wp-content\/uploads\/2012\/02\/arben_cokaj-120x150.jpg","url":"https:\/\/fjala.info\/2009-2015\/wp-content\/uploads\/2012\/02\/arben_cokaj-120x150.jpg","contentUrl":"https:\/\/fjala.info\/2009-2015\/wp-content\/uploads\/2012\/02\/arben_cokaj-120x150.jpg","caption":"admin"},"description":"Admin, Fjala e Lir\u00eb","sameAs":["https:\/\/fjala.info\/"],"url":"https:\/\/fjala.info\/2009-2015\/author\/admin\/"}]}},"_links":{"self":[{"href":"https:\/\/fjala.info\/2009-2015\/wp-json\/wp\/v2\/posts\/4604","targetHints":{"allow":["GET"]}}],"collection":[{"href":"https:\/\/fjala.info\/2009-2015\/wp-json\/wp\/v2\/posts"}],"about":[{"href":"https:\/\/fjala.info\/2009-2015\/wp-json\/wp\/v2\/types\/post"}],"author":[{"embeddable":true,"href":"https:\/\/fjala.info\/2009-2015\/wp-json\/wp\/v2\/users\/1"}],"replies":[{"embeddable":true,"href":"https:\/\/fjala.info\/2009-2015\/wp-json\/wp\/v2\/comments?post=4604"}],"version-history":[{"count":0,"href":"https:\/\/fjala.info\/2009-2015\/wp-json\/wp\/v2\/posts\/4604\/revisions"}],"wp:attachment":[{"href":"https:\/\/fjala.info\/2009-2015\/wp-json\/wp\/v2\/media?parent=4604"}],"wp:term":[{"taxonomy":"category","embeddable":true,"href":"https:\/\/fjala.info\/2009-2015\/wp-json\/wp\/v2\/categories?post=4604"},{"taxonomy":"post_tag","embeddable":true,"href":"https:\/\/fjala.info\/2009-2015\/wp-json\/wp\/v2\/tags?post=4604"}],"curies":[{"name":"wp","href":"https:\/\/api.w.org\/{rel}","templated":true}]}}