{"id":4600,"date":"2012-08-22T17:47:48","date_gmt":"2012-08-22T16:47:48","guid":{"rendered":"http:\/\/www.fjala.info\/?p=4600"},"modified":"2012-08-22T17:47:48","modified_gmt":"2012-08-22T16:47:48","slug":"stefani-e-minxhozi-vene-ne-shenjester-athinen-por-faji-eshte-te-pazaret-dhe-perulja-e-tiranes","status":"publish","type":"post","link":"https:\/\/fjala.info\/2009-2015\/stefani-e-minxhozi-vene-ne-shenjester-athinen-por-faji-eshte-te-pazaret-dhe-perulja-e-tiranes\/","title":{"rendered":"Stefani e Minxhozi ven\u00eb n\u00eb sh\u00ebnjest\u00ebr Athin\u00ebn: Por faji \u00ebsht\u00eb te pazaret dhe p\u00ebrulja e Tiran\u00ebs&#8230;"},"content":{"rendered":"<p><img decoding=\"async\" class=\"alignright size-thumbnail wp-image-7236\" title=\"Skulptura\" src=\"http:\/\/www.fjala.info\/2012\/albania_afp.jpg\" alt=\"\" width=\"300\" \/> <strong>ResPublica.al<\/strong>, <em>22 gusht 2012<\/em><\/p>\n<p>&#8220;Nga Kali i Troj\u00ebs te Kali i Detit&#8221; e titullon editorialin e sot\u00ebm n\u00eb t\u00eb p\u00ebrditshmen Shqip, Andrea Stefani\u2026 &#8220;Fundja shqiptar\u00eb jemi&#8221;, &#8211; duket sikur p\u00ebrgjigjet me autoironi n\u00eb opinionin e vet Sk\u00ebnder Minxhozi n\u00eb t\u00eb nj\u00ebjtin num\u00ebr t\u00eb gazet\u00ebs. Jan\u00eb dy shkrime t\u00eb ndryshme, por t\u00eb dyja kan\u00eb t\u00eb b\u00ebjn\u00eb me Greqin\u00eb. N\u00eb fakt me Shqip\u00ebrin\u00eb. M\u00eb sakt\u00eb, me qeverin\u00eb e Tiran\u00ebs dhe sjelljen e saj p\u00ebr Paktit Detar (Stefani) dhe n\u00eb rastin &#8220;Marin Mema&#8221; (Minxhozi).<\/p>\n<p>Shkruan Stefani: &#8220;\u2026Krejt n\u00eb kund\u00ebrshtim me parimet dhe standardet europiane, politika e jashtme greke po p\u00ebrpiqet t\u00eb p\u00ebrfitoj\u00eb m\u00eb shum\u00eb se i takon nga uj\u00ebrat detare n\u00eb kufirin me Shqip\u00ebrin\u00eb, duke e shantazhuar k\u00ebt\u00eb t\u00eb fundit, me nevoj\u00ebn q\u00eb ka p\u00ebr t\u00eb marr\u00eb, sa m\u00eb shpejt q\u00eb t\u00eb jet\u00eb e mundur, statusin e kandidatit t\u00eb BE-s\u00eb\u2026&#8221;<\/p>\n<p>Por pasi e quan politik\u00ebn greje nj\u00eb &#8220;diplomaci dinake dhe t\u00eb pandershme&#8221;, Stefani thekson se ky shantazh nuk do gjente terren kurr\u00eb pa &#8220;predispozit\u00ebn aspak patriotike t\u00eb qeveris\u00eb shqiptare&#8221;: &#8220;..Cfar\u00eb e detyroi qeverin\u00eb Berisha t\u00eb nd\u00ebrmarr\u00eb nj\u00eb pazar t\u00eb ul\u00ebt p\u00ebr faljen e uj\u00ebrave detare Greqis\u00eb? Sepse v\u00ebrtet nuk do europianizim real n\u00eb Shqip\u00ebri (ndarje pushtetesh, pavar\u00ebsi institucionesh dhe luft\u00eb reale kund\u00ebr korrupsionit), por ama d\u00ebshiron q\u00eb g\u00ebnjeshtra e integrimit t\u00eb zgjatet edhe ca vjet me marrjen e statusit t\u00eb kandidatit, nj\u00eb status q\u00eb do t\u00eb sh\u00ebrbente edhe si gjethe fiku e hallateve autokratike dhe e korrupsionit t\u00eb saj. Dhe Greqia mund t\u00eb jap\u00eb nj\u00eb dor\u00eb t\u00eb mir\u00eb n\u00eb realizmin e k\u00ebsaj \u00ebndrre\u2026&#8221;.<\/p>\n<p>Minxhozi \u00ebsht\u00eb n\u00eb t\u00eb nj\u00ebjt\u00ebn linj\u00eb, madje ai rr\u00ebfen nj\u00eb eksperienc\u00eb personale t\u00eb ngjashme me at\u00eb t\u00eb gazetarit t\u00eb TCH, Marin Mema. Shkruan Minxhozi: &#8220;&#8230;C\u00ebshtja e gazetarit shqiptar Marin Mema duket e arkivuar n\u00eb list\u00ebn e gjat\u00eb t\u00eb sjelljeve absurde t\u00eb autoriteteve kufitare greke. Paralajm\u00ebrimi \u00ebsht\u00eb i qart\u00eb, p\u00ebr t\u00eb gjith\u00eb njer\u00ebzit e shtypit n\u00eb Shqip\u00ebri: mos shkruani p\u00ebr \u00c7am\u00ebrin\u00eb.. Autori i k\u00ebtyre rreshtave e njeh personalisht shijen e reagimit idhnak t\u00eb autoriteteve greke, pas botimit t\u00eb nj\u00eb shkrimi  p\u00ebr shqiptar\u00ebt n\u00eb Greqi, disa vjet t\u00eb shkuara. <\/p>\n<p>Pa\u00e7ka se incidenti u mbyll relativisht pa zhurm\u00eb, n\u00eb segmentin \u201cambasada greke \u2013 gazeta \u2018Panorama\u2019\u201d (e cila botoi asokohe n\u00eb m\u00ebnyr\u00eb korrekte shkrimin), ajo sjellje e at\u00ebhershme qesharake e diplomat\u00ebve grek\u00eb n\u00eb Tiran\u00eb, zbulonte pjes\u00eb t\u00eb t\u00eb nj\u00ebjtit mllef shtet\u00ebror kund\u00ebr shtypit ton\u00eb, q\u00eb ka goditur edhe Marin Mem\u00ebn para pak dit\u00ebsh\u2026. P\u00ebrkund\u00ebr k\u00ebsaj, t\u00eb mos i mbrosh qoft\u00eb edhe formalisht shtetasit e tu nga kjo politik\u00eb bizantine e fqinjit \u00ebsht\u00eb munges\u00eb totale p\u00ebrgjegj\u00ebsie shtet\u00ebrore, bjerrje e imazhit t\u00eb vendit n\u00eb bot\u00eb dhe p\u00ebrulje e sh\u00ebmtuar\u2026 <\/p>\n<p>Q\u00eb nga kufiri detar, memorial\u00ebt e t\u00eb r\u00ebn\u00ebve t\u00eb luft\u00ebs italo-greke, shkollat greke apo censusi etnik e fetar, kemi \u201chapur krahun\u201d rregullisht&#8230; Prandaj nuk duhet t\u00eb \u00e7uditemi asfare q\u00eb, n\u00ebse shkojm\u00eb pa asnj\u00eb problem n\u00eb Paris, Rom\u00eb apo Stokholm, duhet ta pyesim veten mir\u00eb, para se t\u00eb shkojm\u00eb n\u00eb Selanik apo Athin\u00eb. Sepse s\u2019dihet me \u00e7far\u00eb humori ka dal\u00eb n\u00eb pun\u00eb polici grek i radh\u00ebs&#8230; Normale fare, se mos do t\u00eb protestoj\u00eb kush\u2026 Fundja, shqiptar\u00eb jemi\u2026&#8221;<\/p>\n<p><strong>A.N.<\/strong><\/p>\n","protected":false},"excerpt":{"rendered":"<p>ResPublica.al, 22 gusht 2012 &#8220;Nga Kali i Troj\u00ebs te Kali i Detit&#8221; e titullon editorialin e sot\u00ebm n\u00eb t\u00eb p\u00ebrditshmen Shqip, Andrea Stefani\u2026 &#8220;Fundja shqiptar\u00eb jemi&#8221;, &#8211; duket sikur p\u00ebrgjigjet me autoironi n\u00eb opinionin e vet Sk\u00ebnder Minxhozi n\u00eb t\u00eb nj\u00ebjtin num\u00ebr t\u00eb gazet\u00ebs. Jan\u00eb dy shkrime t\u00eb ndryshme, por t\u00eb dyja kan\u00eb t\u00eb b\u00ebjn\u00eb [&hellip;]<\/p>\n","protected":false},"author":1,"featured_media":0,"comment_status":"open","ping_status":"closed","sticky":false,"template":"","format":"standard","meta":{"footnotes":""},"categories":[2],"tags":[],"class_list":{"0":"post-4600","1":"post","2":"type-post","3":"status-publish","4":"format-standard","6":"category-artikuj"},"yoast_head":"<!-- This site is optimized with the Yoast SEO plugin v27.4 - https:\/\/yoast.com\/product\/yoast-seo-wordpress\/ -->\n<title>Stefani e Minxhozi ven\u00eb n\u00eb sh\u00ebnjest\u00ebr Athin\u00ebn: Por faji \u00ebsht\u00eb te pazaret dhe p\u00ebrulja e Tiran\u00ebs... - FjALA e LIR\u00cb - Arkivi<\/title>\n<meta name=\"robots\" content=\"index, follow, max-snippet:-1, max-image-preview:large, max-video-preview:-1\" \/>\n<link rel=\"canonical\" href=\"https:\/\/fjala.info\/2009-2015\/stefani-e-minxhozi-vene-ne-shenjester-athinen-por-faji-eshte-te-pazaret-dhe-perulja-e-tiranes\/\" \/>\n<meta property=\"og:locale\" content=\"sq_AL\" \/>\n<meta property=\"og:type\" content=\"article\" \/>\n<meta property=\"og:title\" content=\"Stefani e Minxhozi ven\u00eb n\u00eb sh\u00ebnjest\u00ebr Athin\u00ebn: Por faji \u00ebsht\u00eb te pazaret dhe p\u00ebrulja e Tiran\u00ebs... - FjALA e LIR\u00cb - Arkivi\" \/>\n<meta property=\"og:description\" content=\"ResPublica.al, 22 gusht 2012 &#8220;Nga Kali i Troj\u00ebs te Kali i Detit&#8221; e titullon editorialin e sot\u00ebm n\u00eb t\u00eb p\u00ebrditshmen Shqip, Andrea Stefani\u2026 &#8220;Fundja shqiptar\u00eb jemi&#8221;, &#8211; duket sikur p\u00ebrgjigjet me autoironi n\u00eb opinionin e vet Sk\u00ebnder Minxhozi n\u00eb t\u00eb nj\u00ebjtin num\u00ebr t\u00eb gazet\u00ebs. Jan\u00eb dy shkrime t\u00eb ndryshme, por t\u00eb dyja kan\u00eb t\u00eb b\u00ebjn\u00eb [&hellip;]\" \/>\n<meta property=\"og:url\" content=\"https:\/\/fjala.info\/2009-2015\/stefani-e-minxhozi-vene-ne-shenjester-athinen-por-faji-eshte-te-pazaret-dhe-perulja-e-tiranes\/\" \/>\n<meta property=\"og:site_name\" content=\"FjALA e LIR\u00cb - Arkivi\" \/>\n<meta property=\"article:published_time\" content=\"2012-08-22T16:47:48+00:00\" \/>\n<meta property=\"og:image\" content=\"http:\/\/www.fjala.info\/2012\/albania_afp.jpg\" \/>\n<meta name=\"author\" content=\"admin\" \/>\n<meta name=\"twitter:card\" content=\"summary_large_image\" \/>\n<meta name=\"twitter:label1\" content=\"Written by\" \/>\n\t<meta name=\"twitter:data1\" content=\"admin\" \/>\n\t<meta name=\"twitter:label2\" content=\"Est. reading time\" \/>\n\t<meta name=\"twitter:data2\" content=\"3 minutes\" \/>\n<script type=\"application\/ld+json\" class=\"yoast-schema-graph\">{\"@context\":\"https:\\\/\\\/schema.org\",\"@graph\":[{\"@type\":\"Article\",\"@id\":\"https:\\\/\\\/fjala.info\\\/2009-2015\\\/stefani-e-minxhozi-vene-ne-shenjester-athinen-por-faji-eshte-te-pazaret-dhe-perulja-e-tiranes\\\/#article\",\"isPartOf\":{\"@id\":\"https:\\\/\\\/fjala.info\\\/2009-2015\\\/stefani-e-minxhozi-vene-ne-shenjester-athinen-por-faji-eshte-te-pazaret-dhe-perulja-e-tiranes\\\/\"},\"author\":{\"name\":\"admin\",\"@id\":\"https:\\\/\\\/fjala.info\\\/2009-2015\\\/#\\\/schema\\\/person\\\/3aa1163ef05469c496fc94e77611ada2\"},\"headline\":\"Stefani e Minxhozi ven\u00eb n\u00eb sh\u00ebnjest\u00ebr Athin\u00ebn: Por faji \u00ebsht\u00eb te pazaret dhe p\u00ebrulja e Tiran\u00ebs&#8230;\",\"datePublished\":\"2012-08-22T16:47:48+00:00\",\"mainEntityOfPage\":{\"@id\":\"https:\\\/\\\/fjala.info\\\/2009-2015\\\/stefani-e-minxhozi-vene-ne-shenjester-athinen-por-faji-eshte-te-pazaret-dhe-perulja-e-tiranes\\\/\"},\"wordCount\":592,\"commentCount\":0,\"publisher\":{\"@id\":\"https:\\\/\\\/fjala.info\\\/2009-2015\\\/#organization\"},\"image\":{\"@id\":\"https:\\\/\\\/fjala.info\\\/2009-2015\\\/stefani-e-minxhozi-vene-ne-shenjester-athinen-por-faji-eshte-te-pazaret-dhe-perulja-e-tiranes\\\/#primaryimage\"},\"thumbnailUrl\":\"http:\\\/\\\/www.fjala.info\\\/2012\\\/albania_afp.jpg\",\"articleSection\":[\"Artikuj\"],\"inLanguage\":\"sq-AL\",\"potentialAction\":[{\"@type\":\"CommentAction\",\"name\":\"Comment\",\"target\":[\"https:\\\/\\\/fjala.info\\\/2009-2015\\\/stefani-e-minxhozi-vene-ne-shenjester-athinen-por-faji-eshte-te-pazaret-dhe-perulja-e-tiranes\\\/#respond\"]}]},{\"@type\":\"WebPage\",\"@id\":\"https:\\\/\\\/fjala.info\\\/2009-2015\\\/stefani-e-minxhozi-vene-ne-shenjester-athinen-por-faji-eshte-te-pazaret-dhe-perulja-e-tiranes\\\/\",\"url\":\"https:\\\/\\\/fjala.info\\\/2009-2015\\\/stefani-e-minxhozi-vene-ne-shenjester-athinen-por-faji-eshte-te-pazaret-dhe-perulja-e-tiranes\\\/\",\"name\":\"Stefani e Minxhozi ven\u00eb n\u00eb sh\u00ebnjest\u00ebr Athin\u00ebn: Por faji \u00ebsht\u00eb te pazaret dhe p\u00ebrulja e Tiran\u00ebs... - FjALA e LIR\u00cb - Arkivi\",\"isPartOf\":{\"@id\":\"https:\\\/\\\/fjala.info\\\/2009-2015\\\/#website\"},\"primaryImageOfPage\":{\"@id\":\"https:\\\/\\\/fjala.info\\\/2009-2015\\\/stefani-e-minxhozi-vene-ne-shenjester-athinen-por-faji-eshte-te-pazaret-dhe-perulja-e-tiranes\\\/#primaryimage\"},\"image\":{\"@id\":\"https:\\\/\\\/fjala.info\\\/2009-2015\\\/stefani-e-minxhozi-vene-ne-shenjester-athinen-por-faji-eshte-te-pazaret-dhe-perulja-e-tiranes\\\/#primaryimage\"},\"thumbnailUrl\":\"http:\\\/\\\/www.fjala.info\\\/2012\\\/albania_afp.jpg\",\"datePublished\":\"2012-08-22T16:47:48+00:00\",\"breadcrumb\":{\"@id\":\"https:\\\/\\\/fjala.info\\\/2009-2015\\\/stefani-e-minxhozi-vene-ne-shenjester-athinen-por-faji-eshte-te-pazaret-dhe-perulja-e-tiranes\\\/#breadcrumb\"},\"inLanguage\":\"sq-AL\",\"potentialAction\":[{\"@type\":\"ReadAction\",\"target\":[\"https:\\\/\\\/fjala.info\\\/2009-2015\\\/stefani-e-minxhozi-vene-ne-shenjester-athinen-por-faji-eshte-te-pazaret-dhe-perulja-e-tiranes\\\/\"]}]},{\"@type\":\"ImageObject\",\"inLanguage\":\"sq-AL\",\"@id\":\"https:\\\/\\\/fjala.info\\\/2009-2015\\\/stefani-e-minxhozi-vene-ne-shenjester-athinen-por-faji-eshte-te-pazaret-dhe-perulja-e-tiranes\\\/#primaryimage\",\"url\":\"http:\\\/\\\/www.fjala.info\\\/2012\\\/albania_afp.jpg\",\"contentUrl\":\"http:\\\/\\\/www.fjala.info\\\/2012\\\/albania_afp.jpg\"},{\"@type\":\"BreadcrumbList\",\"@id\":\"https:\\\/\\\/fjala.info\\\/2009-2015\\\/stefani-e-minxhozi-vene-ne-shenjester-athinen-por-faji-eshte-te-pazaret-dhe-perulja-e-tiranes\\\/#breadcrumb\",\"itemListElement\":[{\"@type\":\"ListItem\",\"position\":1,\"name\":\"Home\",\"item\":\"https:\\\/\\\/fjala.info\\\/2009-2015\\\/\"},{\"@type\":\"ListItem\",\"position\":2,\"name\":\"Stefani e Minxhozi ven\u00eb n\u00eb sh\u00ebnjest\u00ebr Athin\u00ebn: Por faji \u00ebsht\u00eb te pazaret dhe p\u00ebrulja e Tiran\u00ebs&#8230;\"}]},{\"@type\":\"WebSite\",\"@id\":\"https:\\\/\\\/fjala.info\\\/2009-2015\\\/#website\",\"url\":\"https:\\\/\\\/fjala.info\\\/2009-2015\\\/\",\"name\":\"FjALA e LIR\u00cb - Arkivi\",\"description\":\"Arkivi 2009-2015\",\"publisher\":{\"@id\":\"https:\\\/\\\/fjala.info\\\/2009-2015\\\/#organization\"},\"potentialAction\":[{\"@type\":\"SearchAction\",\"target\":{\"@type\":\"EntryPoint\",\"urlTemplate\":\"https:\\\/\\\/fjala.info\\\/2009-2015\\\/?s={search_term_string}\"},\"query-input\":{\"@type\":\"PropertyValueSpecification\",\"valueRequired\":true,\"valueName\":\"search_term_string\"}}],\"inLanguage\":\"sq-AL\"},{\"@type\":\"Organization\",\"@id\":\"https:\\\/\\\/fjala.info\\\/2009-2015\\\/#organization\",\"name\":\"FjALA e LIR\u00cb - Arkivi\",\"url\":\"https:\\\/\\\/fjala.info\\\/2009-2015\\\/\",\"logo\":{\"@type\":\"ImageObject\",\"inLanguage\":\"sq-AL\",\"@id\":\"https:\\\/\\\/fjala.info\\\/2009-2015\\\/#\\\/schema\\\/logo\\\/image\\\/\",\"url\":\"\",\"contentUrl\":\"\",\"caption\":\"FjALA e LIR\u00cb - Arkivi\"},\"image\":{\"@id\":\"https:\\\/\\\/fjala.info\\\/2009-2015\\\/#\\\/schema\\\/logo\\\/image\\\/\"}},{\"@type\":\"Person\",\"@id\":\"https:\\\/\\\/fjala.info\\\/2009-2015\\\/#\\\/schema\\\/person\\\/3aa1163ef05469c496fc94e77611ada2\",\"name\":\"admin\",\"image\":{\"@type\":\"ImageObject\",\"inLanguage\":\"sq-AL\",\"@id\":\"https:\\\/\\\/fjala.info\\\/2009-2015\\\/wp-content\\\/uploads\\\/2012\\\/02\\\/arben_cokaj-120x150.jpg\",\"url\":\"https:\\\/\\\/fjala.info\\\/2009-2015\\\/wp-content\\\/uploads\\\/2012\\\/02\\\/arben_cokaj-120x150.jpg\",\"contentUrl\":\"https:\\\/\\\/fjala.info\\\/2009-2015\\\/wp-content\\\/uploads\\\/2012\\\/02\\\/arben_cokaj-120x150.jpg\",\"caption\":\"admin\"},\"description\":\"Admin, Fjala e Lir\u00eb\",\"sameAs\":[\"https:\\\/\\\/fjala.info\\\/\"],\"url\":\"https:\\\/\\\/fjala.info\\\/2009-2015\\\/author\\\/admin\\\/\"}]}<\/script>\n<!-- \/ Yoast SEO plugin. -->","yoast_head_json":{"title":"Stefani e Minxhozi ven\u00eb n\u00eb sh\u00ebnjest\u00ebr Athin\u00ebn: Por faji \u00ebsht\u00eb te pazaret dhe p\u00ebrulja e Tiran\u00ebs... - FjALA e LIR\u00cb - Arkivi","robots":{"index":"index","follow":"follow","max-snippet":"max-snippet:-1","max-image-preview":"max-image-preview:large","max-video-preview":"max-video-preview:-1"},"canonical":"https:\/\/fjala.info\/2009-2015\/stefani-e-minxhozi-vene-ne-shenjester-athinen-por-faji-eshte-te-pazaret-dhe-perulja-e-tiranes\/","og_locale":"sq_AL","og_type":"article","og_title":"Stefani e Minxhozi ven\u00eb n\u00eb sh\u00ebnjest\u00ebr Athin\u00ebn: Por faji \u00ebsht\u00eb te pazaret dhe p\u00ebrulja e Tiran\u00ebs... - FjALA e LIR\u00cb - Arkivi","og_description":"ResPublica.al, 22 gusht 2012 &#8220;Nga Kali i Troj\u00ebs te Kali i Detit&#8221; e titullon editorialin e sot\u00ebm n\u00eb t\u00eb p\u00ebrditshmen Shqip, Andrea Stefani\u2026 &#8220;Fundja shqiptar\u00eb jemi&#8221;, &#8211; duket sikur p\u00ebrgjigjet me autoironi n\u00eb opinionin e vet Sk\u00ebnder Minxhozi n\u00eb t\u00eb nj\u00ebjtin num\u00ebr t\u00eb gazet\u00ebs. Jan\u00eb dy shkrime t\u00eb ndryshme, por t\u00eb dyja kan\u00eb t\u00eb b\u00ebjn\u00eb [&hellip;]","og_url":"https:\/\/fjala.info\/2009-2015\/stefani-e-minxhozi-vene-ne-shenjester-athinen-por-faji-eshte-te-pazaret-dhe-perulja-e-tiranes\/","og_site_name":"FjALA e LIR\u00cb - Arkivi","article_published_time":"2012-08-22T16:47:48+00:00","og_image":[{"url":"http:\/\/www.fjala.info\/2012\/albania_afp.jpg","type":"","width":"","height":""}],"author":"admin","twitter_card":"summary_large_image","twitter_misc":{"Written by":"admin","Est. reading time":"3 minutes"},"schema":{"@context":"https:\/\/schema.org","@graph":[{"@type":"Article","@id":"https:\/\/fjala.info\/2009-2015\/stefani-e-minxhozi-vene-ne-shenjester-athinen-por-faji-eshte-te-pazaret-dhe-perulja-e-tiranes\/#article","isPartOf":{"@id":"https:\/\/fjala.info\/2009-2015\/stefani-e-minxhozi-vene-ne-shenjester-athinen-por-faji-eshte-te-pazaret-dhe-perulja-e-tiranes\/"},"author":{"name":"admin","@id":"https:\/\/fjala.info\/2009-2015\/#\/schema\/person\/3aa1163ef05469c496fc94e77611ada2"},"headline":"Stefani e Minxhozi ven\u00eb n\u00eb sh\u00ebnjest\u00ebr Athin\u00ebn: Por faji \u00ebsht\u00eb te pazaret dhe p\u00ebrulja e Tiran\u00ebs&#8230;","datePublished":"2012-08-22T16:47:48+00:00","mainEntityOfPage":{"@id":"https:\/\/fjala.info\/2009-2015\/stefani-e-minxhozi-vene-ne-shenjester-athinen-por-faji-eshte-te-pazaret-dhe-perulja-e-tiranes\/"},"wordCount":592,"commentCount":0,"publisher":{"@id":"https:\/\/fjala.info\/2009-2015\/#organization"},"image":{"@id":"https:\/\/fjala.info\/2009-2015\/stefani-e-minxhozi-vene-ne-shenjester-athinen-por-faji-eshte-te-pazaret-dhe-perulja-e-tiranes\/#primaryimage"},"thumbnailUrl":"http:\/\/www.fjala.info\/2012\/albania_afp.jpg","articleSection":["Artikuj"],"inLanguage":"sq-AL","potentialAction":[{"@type":"CommentAction","name":"Comment","target":["https:\/\/fjala.info\/2009-2015\/stefani-e-minxhozi-vene-ne-shenjester-athinen-por-faji-eshte-te-pazaret-dhe-perulja-e-tiranes\/#respond"]}]},{"@type":"WebPage","@id":"https:\/\/fjala.info\/2009-2015\/stefani-e-minxhozi-vene-ne-shenjester-athinen-por-faji-eshte-te-pazaret-dhe-perulja-e-tiranes\/","url":"https:\/\/fjala.info\/2009-2015\/stefani-e-minxhozi-vene-ne-shenjester-athinen-por-faji-eshte-te-pazaret-dhe-perulja-e-tiranes\/","name":"Stefani e Minxhozi ven\u00eb n\u00eb sh\u00ebnjest\u00ebr Athin\u00ebn: Por faji \u00ebsht\u00eb te pazaret dhe p\u00ebrulja e Tiran\u00ebs... - FjALA e LIR\u00cb - Arkivi","isPartOf":{"@id":"https:\/\/fjala.info\/2009-2015\/#website"},"primaryImageOfPage":{"@id":"https:\/\/fjala.info\/2009-2015\/stefani-e-minxhozi-vene-ne-shenjester-athinen-por-faji-eshte-te-pazaret-dhe-perulja-e-tiranes\/#primaryimage"},"image":{"@id":"https:\/\/fjala.info\/2009-2015\/stefani-e-minxhozi-vene-ne-shenjester-athinen-por-faji-eshte-te-pazaret-dhe-perulja-e-tiranes\/#primaryimage"},"thumbnailUrl":"http:\/\/www.fjala.info\/2012\/albania_afp.jpg","datePublished":"2012-08-22T16:47:48+00:00","breadcrumb":{"@id":"https:\/\/fjala.info\/2009-2015\/stefani-e-minxhozi-vene-ne-shenjester-athinen-por-faji-eshte-te-pazaret-dhe-perulja-e-tiranes\/#breadcrumb"},"inLanguage":"sq-AL","potentialAction":[{"@type":"ReadAction","target":["https:\/\/fjala.info\/2009-2015\/stefani-e-minxhozi-vene-ne-shenjester-athinen-por-faji-eshte-te-pazaret-dhe-perulja-e-tiranes\/"]}]},{"@type":"ImageObject","inLanguage":"sq-AL","@id":"https:\/\/fjala.info\/2009-2015\/stefani-e-minxhozi-vene-ne-shenjester-athinen-por-faji-eshte-te-pazaret-dhe-perulja-e-tiranes\/#primaryimage","url":"http:\/\/www.fjala.info\/2012\/albania_afp.jpg","contentUrl":"http:\/\/www.fjala.info\/2012\/albania_afp.jpg"},{"@type":"BreadcrumbList","@id":"https:\/\/fjala.info\/2009-2015\/stefani-e-minxhozi-vene-ne-shenjester-athinen-por-faji-eshte-te-pazaret-dhe-perulja-e-tiranes\/#breadcrumb","itemListElement":[{"@type":"ListItem","position":1,"name":"Home","item":"https:\/\/fjala.info\/2009-2015\/"},{"@type":"ListItem","position":2,"name":"Stefani e Minxhozi ven\u00eb n\u00eb sh\u00ebnjest\u00ebr Athin\u00ebn: Por faji \u00ebsht\u00eb te pazaret dhe p\u00ebrulja e Tiran\u00ebs&#8230;"}]},{"@type":"WebSite","@id":"https:\/\/fjala.info\/2009-2015\/#website","url":"https:\/\/fjala.info\/2009-2015\/","name":"FjALA e LIR\u00cb - Arkivi","description":"Arkivi 2009-2015","publisher":{"@id":"https:\/\/fjala.info\/2009-2015\/#organization"},"potentialAction":[{"@type":"SearchAction","target":{"@type":"EntryPoint","urlTemplate":"https:\/\/fjala.info\/2009-2015\/?s={search_term_string}"},"query-input":{"@type":"PropertyValueSpecification","valueRequired":true,"valueName":"search_term_string"}}],"inLanguage":"sq-AL"},{"@type":"Organization","@id":"https:\/\/fjala.info\/2009-2015\/#organization","name":"FjALA e LIR\u00cb - Arkivi","url":"https:\/\/fjala.info\/2009-2015\/","logo":{"@type":"ImageObject","inLanguage":"sq-AL","@id":"https:\/\/fjala.info\/2009-2015\/#\/schema\/logo\/image\/","url":"","contentUrl":"","caption":"FjALA e LIR\u00cb - Arkivi"},"image":{"@id":"https:\/\/fjala.info\/2009-2015\/#\/schema\/logo\/image\/"}},{"@type":"Person","@id":"https:\/\/fjala.info\/2009-2015\/#\/schema\/person\/3aa1163ef05469c496fc94e77611ada2","name":"admin","image":{"@type":"ImageObject","inLanguage":"sq-AL","@id":"https:\/\/fjala.info\/2009-2015\/wp-content\/uploads\/2012\/02\/arben_cokaj-120x150.jpg","url":"https:\/\/fjala.info\/2009-2015\/wp-content\/uploads\/2012\/02\/arben_cokaj-120x150.jpg","contentUrl":"https:\/\/fjala.info\/2009-2015\/wp-content\/uploads\/2012\/02\/arben_cokaj-120x150.jpg","caption":"admin"},"description":"Admin, Fjala e Lir\u00eb","sameAs":["https:\/\/fjala.info\/"],"url":"https:\/\/fjala.info\/2009-2015\/author\/admin\/"}]}},"_links":{"self":[{"href":"https:\/\/fjala.info\/2009-2015\/wp-json\/wp\/v2\/posts\/4600","targetHints":{"allow":["GET"]}}],"collection":[{"href":"https:\/\/fjala.info\/2009-2015\/wp-json\/wp\/v2\/posts"}],"about":[{"href":"https:\/\/fjala.info\/2009-2015\/wp-json\/wp\/v2\/types\/post"}],"author":[{"embeddable":true,"href":"https:\/\/fjala.info\/2009-2015\/wp-json\/wp\/v2\/users\/1"}],"replies":[{"embeddable":true,"href":"https:\/\/fjala.info\/2009-2015\/wp-json\/wp\/v2\/comments?post=4600"}],"version-history":[{"count":0,"href":"https:\/\/fjala.info\/2009-2015\/wp-json\/wp\/v2\/posts\/4600\/revisions"}],"wp:attachment":[{"href":"https:\/\/fjala.info\/2009-2015\/wp-json\/wp\/v2\/media?parent=4600"}],"wp:term":[{"taxonomy":"category","embeddable":true,"href":"https:\/\/fjala.info\/2009-2015\/wp-json\/wp\/v2\/categories?post=4600"},{"taxonomy":"post_tag","embeddable":true,"href":"https:\/\/fjala.info\/2009-2015\/wp-json\/wp\/v2\/tags?post=4600"}],"curies":[{"name":"wp","href":"https:\/\/api.w.org\/{rel}","templated":true}]}}