{"id":4597,"date":"2012-08-22T17:45:03","date_gmt":"2012-08-22T16:45:03","guid":{"rendered":"http:\/\/www.fjala.info\/?p=4597"},"modified":"2012-08-22T17:45:03","modified_gmt":"2012-08-22T16:45:03","slug":"refreni-berishian-i-hidrocentraleve","status":"publish","type":"post","link":"https:\/\/fjala.info\/2009-2015\/refreni-berishian-i-hidrocentraleve\/","title":{"rendered":"Refreni berishian i hidrocentraleve"},"content":{"rendered":"<p><img decoding=\"async\" class=\"alignright size-thumbnail wp-image-7236\" title=\"Hidrocentrale\" src=\"http:\/\/www.fjala.info\/2012\/hidrocentrale.jpg\" alt=\"\" width=\"300\" \/> <strong>ResPublica.al<\/strong>, <em>22 gusht 2012<\/em><\/p>\n<p>N\u00eb shfaqjen e tij t\u00eb p\u00ebrjavshme para kamereva televizive, e cila zhvillohet para mbledhjes s\u00eb qeveris\u00eb, Berisha sot kishte si kryefjal\u00eb koncensionet e hidrocentraleve. Ai tha se shfryt\u00ebzimi i burimeve hidro-energjetike \u00ebsht\u00eb prioritet i prioriteteve t\u00eb qeveris\u00eb s\u00eb tij. (\u00c7do jav\u00eb nj\u00eb \u00e7\u00ebshtje e caktuar e ka rradh\u00ebn t\u00eb quhet nga Berisha prioritet i prioriteteve t\u00eb qeveris\u00eb s\u00eb tij).<\/p>\n<p>Sebep p\u00ebr lumin e gjat\u00eb t\u00eb fjal\u00ebve t\u00eb sotme t\u00eb Berish\u00ebs p\u00ebr hidrocentralet u b\u00eb n\u00ebnshkrimi i nj\u00eb kontrate koncensioni p\u00ebr shfryt\u00ebzimin e lumenj\u00ebve nga nj\u00eb kompani private q\u00eb do t\u00eb nd\u00ebrtoj\u00eb 5 hidrocentrale. N\u00eb fakt Berisha i rikthehet her\u00eb pas here k\u00ebsaj teme, sidomos para zgjedhjeve. (A ju kujtohet sesi, me dy eskavator\u00eb n\u00eb sfond, p\u00ebruroi fillimin e punimeve t\u00eb nj\u00eb \u201cprojekti gjigand\u201d n\u00eb lumin Devoll para zgjedhjeve t\u00eb 2009-\u00ebs dhe m\u00eb pas nuk u b\u00eb asnj\u00eb punim n\u00eb t\u00eb?)<\/p>\n<p>N\u00eb fakt, qysh kur Berisha ka filluar k\u00ebt\u00eb refrenin e hidrocentraleve, jan\u00eb nd\u00ebrtuar, si\u00e7 e pohoi vet\u00eb sot, vet\u00ebm 71 hidrocentrale t\u00eb veck\u00ebl me kapacitet total 125 MW, ose sa rreth 1% e kapacitetit t\u00eb hidrocentraleve ekzistuese. Sidoqoft\u00eb ai duket i vendosur q\u00eb t\u00eb gjith\u00eb lumenjt\u00eb t\u2019ua jap\u00eb p\u00ebr shfryt\u00ebzim firmave private.<\/p>\n<p>Po eksperienca e vendeve t\u00eb tjera \u00e7\u2019na tregon? Le t\u00eb marrim nj\u00eb vend kapitalist si SHBA-ja, p\u00ebr shembull. Shumica d\u00ebrrmuese e hidrocentraleve n\u00eb SHBA jan\u00eb nd\u00ebrtuar nga qeveria federale n\u00eb periudh\u00ebn e depresionit ekonomik t\u00eb viteve \u201930 t\u00eb shekullit t\u00eb kaluar. Nd\u00ebrtimi i tyre u financua me obligacione shteterore t\u00eb dedikuara, t\u00eb cilat u shlyen gradualisht me t\u00eb ardhurat nga shitja e energjis\u00eb elektrike.<\/p>\n<p>Nd\u00ebrtimi i tyre u sh\u00ebrbeu tri objektivave kryesore: 1-pun\u00ebsimit masiv kur papun\u00ebsia kishte arritur n\u00eb 25%; 2-disiplinimit te ujrave t\u00eb lumejve; 3-furnizimit me energji t\u00eb lir\u00eb i zonave rurale. Edhe sot ato hidrocentrale jan\u00eb pron\u00eb shtet\u00ebrore dhe vazhdojn\u00eb t\u2019u sh\u00ebrbejn\u00eb dy objektivave t\u00eb fundit.<\/p>\n<p><strong>E. Zaloshnja<\/strong><\/p>\n","protected":false},"excerpt":{"rendered":"<p>ResPublica.al, 22 gusht 2012 N\u00eb shfaqjen e tij t\u00eb p\u00ebrjavshme para kamereva televizive, e cila zhvillohet para mbledhjes s\u00eb qeveris\u00eb, Berisha sot kishte si kryefjal\u00eb koncensionet e hidrocentraleve. Ai tha se shfryt\u00ebzimi i burimeve hidro-energjetike \u00ebsht\u00eb prioritet i prioriteteve t\u00eb qeveris\u00eb s\u00eb tij. (\u00c7do jav\u00eb nj\u00eb \u00e7\u00ebshtje e caktuar e ka rradh\u00ebn t\u00eb quhet nga [&hellip;]<\/p>\n","protected":false},"author":1,"featured_media":0,"comment_status":"open","ping_status":"closed","sticky":false,"template":"","format":"standard","meta":{"footnotes":""},"categories":[2,5],"tags":[],"class_list":{"0":"post-4597","1":"post","2":"type-post","3":"status-publish","4":"format-standard","6":"category-artikuj","7":"category-lajme"},"yoast_head":"<!-- This site is optimized with the Yoast SEO plugin v27.4 - https:\/\/yoast.com\/product\/yoast-seo-wordpress\/ -->\n<title>Refreni berishian i hidrocentraleve - FjALA e LIR\u00cb - Arkivi<\/title>\n<meta name=\"robots\" content=\"index, follow, max-snippet:-1, max-image-preview:large, max-video-preview:-1\" \/>\n<link rel=\"canonical\" href=\"https:\/\/fjala.info\/2009-2015\/refreni-berishian-i-hidrocentraleve\/\" \/>\n<meta property=\"og:locale\" content=\"sq_AL\" \/>\n<meta property=\"og:type\" content=\"article\" \/>\n<meta property=\"og:title\" content=\"Refreni berishian i hidrocentraleve - FjALA e LIR\u00cb - Arkivi\" \/>\n<meta property=\"og:description\" content=\"ResPublica.al, 22 gusht 2012 N\u00eb shfaqjen e tij t\u00eb p\u00ebrjavshme para kamereva televizive, e cila zhvillohet para mbledhjes s\u00eb qeveris\u00eb, Berisha sot kishte si kryefjal\u00eb koncensionet e hidrocentraleve. Ai tha se shfryt\u00ebzimi i burimeve hidro-energjetike \u00ebsht\u00eb prioritet i prioriteteve t\u00eb qeveris\u00eb s\u00eb tij. (\u00c7do jav\u00eb nj\u00eb \u00e7\u00ebshtje e caktuar e ka rradh\u00ebn t\u00eb quhet nga [&hellip;]\" \/>\n<meta property=\"og:url\" content=\"https:\/\/fjala.info\/2009-2015\/refreni-berishian-i-hidrocentraleve\/\" \/>\n<meta property=\"og:site_name\" content=\"FjALA e LIR\u00cb - Arkivi\" \/>\n<meta property=\"article:published_time\" content=\"2012-08-22T16:45:03+00:00\" \/>\n<meta property=\"og:image\" content=\"http:\/\/www.fjala.info\/2012\/hidrocentrale.jpg\" \/>\n<meta name=\"author\" content=\"admin\" \/>\n<meta name=\"twitter:card\" content=\"summary_large_image\" \/>\n<meta name=\"twitter:label1\" content=\"Written by\" \/>\n\t<meta name=\"twitter:data1\" content=\"admin\" \/>\n\t<meta name=\"twitter:label2\" content=\"Est. reading time\" \/>\n\t<meta name=\"twitter:data2\" content=\"2 minutes\" \/>\n<script type=\"application\/ld+json\" class=\"yoast-schema-graph\">{\"@context\":\"https:\\\/\\\/schema.org\",\"@graph\":[{\"@type\":\"Article\",\"@id\":\"https:\\\/\\\/fjala.info\\\/2009-2015\\\/refreni-berishian-i-hidrocentraleve\\\/#article\",\"isPartOf\":{\"@id\":\"https:\\\/\\\/fjala.info\\\/2009-2015\\\/refreni-berishian-i-hidrocentraleve\\\/\"},\"author\":{\"name\":\"admin\",\"@id\":\"https:\\\/\\\/fjala.info\\\/2009-2015\\\/#\\\/schema\\\/person\\\/3aa1163ef05469c496fc94e77611ada2\"},\"headline\":\"Refreni berishian i hidrocentraleve\",\"datePublished\":\"2012-08-22T16:45:03+00:00\",\"mainEntityOfPage\":{\"@id\":\"https:\\\/\\\/fjala.info\\\/2009-2015\\\/refreni-berishian-i-hidrocentraleve\\\/\"},\"wordCount\":337,\"commentCount\":0,\"publisher\":{\"@id\":\"https:\\\/\\\/fjala.info\\\/2009-2015\\\/#organization\"},\"image\":{\"@id\":\"https:\\\/\\\/fjala.info\\\/2009-2015\\\/refreni-berishian-i-hidrocentraleve\\\/#primaryimage\"},\"thumbnailUrl\":\"http:\\\/\\\/www.fjala.info\\\/2012\\\/hidrocentrale.jpg\",\"articleSection\":[\"Artikuj\",\"Lajme\"],\"inLanguage\":\"sq-AL\",\"potentialAction\":[{\"@type\":\"CommentAction\",\"name\":\"Comment\",\"target\":[\"https:\\\/\\\/fjala.info\\\/2009-2015\\\/refreni-berishian-i-hidrocentraleve\\\/#respond\"]}]},{\"@type\":\"WebPage\",\"@id\":\"https:\\\/\\\/fjala.info\\\/2009-2015\\\/refreni-berishian-i-hidrocentraleve\\\/\",\"url\":\"https:\\\/\\\/fjala.info\\\/2009-2015\\\/refreni-berishian-i-hidrocentraleve\\\/\",\"name\":\"Refreni berishian i hidrocentraleve - FjALA e LIR\u00cb - Arkivi\",\"isPartOf\":{\"@id\":\"https:\\\/\\\/fjala.info\\\/2009-2015\\\/#website\"},\"primaryImageOfPage\":{\"@id\":\"https:\\\/\\\/fjala.info\\\/2009-2015\\\/refreni-berishian-i-hidrocentraleve\\\/#primaryimage\"},\"image\":{\"@id\":\"https:\\\/\\\/fjala.info\\\/2009-2015\\\/refreni-berishian-i-hidrocentraleve\\\/#primaryimage\"},\"thumbnailUrl\":\"http:\\\/\\\/www.fjala.info\\\/2012\\\/hidrocentrale.jpg\",\"datePublished\":\"2012-08-22T16:45:03+00:00\",\"breadcrumb\":{\"@id\":\"https:\\\/\\\/fjala.info\\\/2009-2015\\\/refreni-berishian-i-hidrocentraleve\\\/#breadcrumb\"},\"inLanguage\":\"sq-AL\",\"potentialAction\":[{\"@type\":\"ReadAction\",\"target\":[\"https:\\\/\\\/fjala.info\\\/2009-2015\\\/refreni-berishian-i-hidrocentraleve\\\/\"]}]},{\"@type\":\"ImageObject\",\"inLanguage\":\"sq-AL\",\"@id\":\"https:\\\/\\\/fjala.info\\\/2009-2015\\\/refreni-berishian-i-hidrocentraleve\\\/#primaryimage\",\"url\":\"http:\\\/\\\/www.fjala.info\\\/2012\\\/hidrocentrale.jpg\",\"contentUrl\":\"http:\\\/\\\/www.fjala.info\\\/2012\\\/hidrocentrale.jpg\"},{\"@type\":\"BreadcrumbList\",\"@id\":\"https:\\\/\\\/fjala.info\\\/2009-2015\\\/refreni-berishian-i-hidrocentraleve\\\/#breadcrumb\",\"itemListElement\":[{\"@type\":\"ListItem\",\"position\":1,\"name\":\"Home\",\"item\":\"https:\\\/\\\/fjala.info\\\/2009-2015\\\/\"},{\"@type\":\"ListItem\",\"position\":2,\"name\":\"Refreni berishian i hidrocentraleve\"}]},{\"@type\":\"WebSite\",\"@id\":\"https:\\\/\\\/fjala.info\\\/2009-2015\\\/#website\",\"url\":\"https:\\\/\\\/fjala.info\\\/2009-2015\\\/\",\"name\":\"FjALA e LIR\u00cb - Arkivi\",\"description\":\"Arkivi 2009-2015\",\"publisher\":{\"@id\":\"https:\\\/\\\/fjala.info\\\/2009-2015\\\/#organization\"},\"potentialAction\":[{\"@type\":\"SearchAction\",\"target\":{\"@type\":\"EntryPoint\",\"urlTemplate\":\"https:\\\/\\\/fjala.info\\\/2009-2015\\\/?s={search_term_string}\"},\"query-input\":{\"@type\":\"PropertyValueSpecification\",\"valueRequired\":true,\"valueName\":\"search_term_string\"}}],\"inLanguage\":\"sq-AL\"},{\"@type\":\"Organization\",\"@id\":\"https:\\\/\\\/fjala.info\\\/2009-2015\\\/#organization\",\"name\":\"FjALA e LIR\u00cb - Arkivi\",\"url\":\"https:\\\/\\\/fjala.info\\\/2009-2015\\\/\",\"logo\":{\"@type\":\"ImageObject\",\"inLanguage\":\"sq-AL\",\"@id\":\"https:\\\/\\\/fjala.info\\\/2009-2015\\\/#\\\/schema\\\/logo\\\/image\\\/\",\"url\":\"\",\"contentUrl\":\"\",\"caption\":\"FjALA e LIR\u00cb - Arkivi\"},\"image\":{\"@id\":\"https:\\\/\\\/fjala.info\\\/2009-2015\\\/#\\\/schema\\\/logo\\\/image\\\/\"}},{\"@type\":\"Person\",\"@id\":\"https:\\\/\\\/fjala.info\\\/2009-2015\\\/#\\\/schema\\\/person\\\/3aa1163ef05469c496fc94e77611ada2\",\"name\":\"admin\",\"image\":{\"@type\":\"ImageObject\",\"inLanguage\":\"sq-AL\",\"@id\":\"https:\\\/\\\/fjala.info\\\/2009-2015\\\/wp-content\\\/uploads\\\/2012\\\/02\\\/arben_cokaj-120x150.jpg\",\"url\":\"https:\\\/\\\/fjala.info\\\/2009-2015\\\/wp-content\\\/uploads\\\/2012\\\/02\\\/arben_cokaj-120x150.jpg\",\"contentUrl\":\"https:\\\/\\\/fjala.info\\\/2009-2015\\\/wp-content\\\/uploads\\\/2012\\\/02\\\/arben_cokaj-120x150.jpg\",\"caption\":\"admin\"},\"description\":\"Admin, Fjala e Lir\u00eb\",\"sameAs\":[\"https:\\\/\\\/fjala.info\\\/\"],\"url\":\"https:\\\/\\\/fjala.info\\\/2009-2015\\\/author\\\/admin\\\/\"}]}<\/script>\n<!-- \/ Yoast SEO plugin. -->","yoast_head_json":{"title":"Refreni berishian i hidrocentraleve - FjALA e LIR\u00cb - Arkivi","robots":{"index":"index","follow":"follow","max-snippet":"max-snippet:-1","max-image-preview":"max-image-preview:large","max-video-preview":"max-video-preview:-1"},"canonical":"https:\/\/fjala.info\/2009-2015\/refreni-berishian-i-hidrocentraleve\/","og_locale":"sq_AL","og_type":"article","og_title":"Refreni berishian i hidrocentraleve - FjALA e LIR\u00cb - Arkivi","og_description":"ResPublica.al, 22 gusht 2012 N\u00eb shfaqjen e tij t\u00eb p\u00ebrjavshme para kamereva televizive, e cila zhvillohet para mbledhjes s\u00eb qeveris\u00eb, Berisha sot kishte si kryefjal\u00eb koncensionet e hidrocentraleve. Ai tha se shfryt\u00ebzimi i burimeve hidro-energjetike \u00ebsht\u00eb prioritet i prioriteteve t\u00eb qeveris\u00eb s\u00eb tij. (\u00c7do jav\u00eb nj\u00eb \u00e7\u00ebshtje e caktuar e ka rradh\u00ebn t\u00eb quhet nga [&hellip;]","og_url":"https:\/\/fjala.info\/2009-2015\/refreni-berishian-i-hidrocentraleve\/","og_site_name":"FjALA e LIR\u00cb - Arkivi","article_published_time":"2012-08-22T16:45:03+00:00","og_image":[{"url":"http:\/\/www.fjala.info\/2012\/hidrocentrale.jpg","type":"","width":"","height":""}],"author":"admin","twitter_card":"summary_large_image","twitter_misc":{"Written by":"admin","Est. reading time":"2 minutes"},"schema":{"@context":"https:\/\/schema.org","@graph":[{"@type":"Article","@id":"https:\/\/fjala.info\/2009-2015\/refreni-berishian-i-hidrocentraleve\/#article","isPartOf":{"@id":"https:\/\/fjala.info\/2009-2015\/refreni-berishian-i-hidrocentraleve\/"},"author":{"name":"admin","@id":"https:\/\/fjala.info\/2009-2015\/#\/schema\/person\/3aa1163ef05469c496fc94e77611ada2"},"headline":"Refreni berishian i hidrocentraleve","datePublished":"2012-08-22T16:45:03+00:00","mainEntityOfPage":{"@id":"https:\/\/fjala.info\/2009-2015\/refreni-berishian-i-hidrocentraleve\/"},"wordCount":337,"commentCount":0,"publisher":{"@id":"https:\/\/fjala.info\/2009-2015\/#organization"},"image":{"@id":"https:\/\/fjala.info\/2009-2015\/refreni-berishian-i-hidrocentraleve\/#primaryimage"},"thumbnailUrl":"http:\/\/www.fjala.info\/2012\/hidrocentrale.jpg","articleSection":["Artikuj","Lajme"],"inLanguage":"sq-AL","potentialAction":[{"@type":"CommentAction","name":"Comment","target":["https:\/\/fjala.info\/2009-2015\/refreni-berishian-i-hidrocentraleve\/#respond"]}]},{"@type":"WebPage","@id":"https:\/\/fjala.info\/2009-2015\/refreni-berishian-i-hidrocentraleve\/","url":"https:\/\/fjala.info\/2009-2015\/refreni-berishian-i-hidrocentraleve\/","name":"Refreni berishian i hidrocentraleve - FjALA e LIR\u00cb - Arkivi","isPartOf":{"@id":"https:\/\/fjala.info\/2009-2015\/#website"},"primaryImageOfPage":{"@id":"https:\/\/fjala.info\/2009-2015\/refreni-berishian-i-hidrocentraleve\/#primaryimage"},"image":{"@id":"https:\/\/fjala.info\/2009-2015\/refreni-berishian-i-hidrocentraleve\/#primaryimage"},"thumbnailUrl":"http:\/\/www.fjala.info\/2012\/hidrocentrale.jpg","datePublished":"2012-08-22T16:45:03+00:00","breadcrumb":{"@id":"https:\/\/fjala.info\/2009-2015\/refreni-berishian-i-hidrocentraleve\/#breadcrumb"},"inLanguage":"sq-AL","potentialAction":[{"@type":"ReadAction","target":["https:\/\/fjala.info\/2009-2015\/refreni-berishian-i-hidrocentraleve\/"]}]},{"@type":"ImageObject","inLanguage":"sq-AL","@id":"https:\/\/fjala.info\/2009-2015\/refreni-berishian-i-hidrocentraleve\/#primaryimage","url":"http:\/\/www.fjala.info\/2012\/hidrocentrale.jpg","contentUrl":"http:\/\/www.fjala.info\/2012\/hidrocentrale.jpg"},{"@type":"BreadcrumbList","@id":"https:\/\/fjala.info\/2009-2015\/refreni-berishian-i-hidrocentraleve\/#breadcrumb","itemListElement":[{"@type":"ListItem","position":1,"name":"Home","item":"https:\/\/fjala.info\/2009-2015\/"},{"@type":"ListItem","position":2,"name":"Refreni berishian i hidrocentraleve"}]},{"@type":"WebSite","@id":"https:\/\/fjala.info\/2009-2015\/#website","url":"https:\/\/fjala.info\/2009-2015\/","name":"FjALA e LIR\u00cb - Arkivi","description":"Arkivi 2009-2015","publisher":{"@id":"https:\/\/fjala.info\/2009-2015\/#organization"},"potentialAction":[{"@type":"SearchAction","target":{"@type":"EntryPoint","urlTemplate":"https:\/\/fjala.info\/2009-2015\/?s={search_term_string}"},"query-input":{"@type":"PropertyValueSpecification","valueRequired":true,"valueName":"search_term_string"}}],"inLanguage":"sq-AL"},{"@type":"Organization","@id":"https:\/\/fjala.info\/2009-2015\/#organization","name":"FjALA e LIR\u00cb - Arkivi","url":"https:\/\/fjala.info\/2009-2015\/","logo":{"@type":"ImageObject","inLanguage":"sq-AL","@id":"https:\/\/fjala.info\/2009-2015\/#\/schema\/logo\/image\/","url":"","contentUrl":"","caption":"FjALA e LIR\u00cb - Arkivi"},"image":{"@id":"https:\/\/fjala.info\/2009-2015\/#\/schema\/logo\/image\/"}},{"@type":"Person","@id":"https:\/\/fjala.info\/2009-2015\/#\/schema\/person\/3aa1163ef05469c496fc94e77611ada2","name":"admin","image":{"@type":"ImageObject","inLanguage":"sq-AL","@id":"https:\/\/fjala.info\/2009-2015\/wp-content\/uploads\/2012\/02\/arben_cokaj-120x150.jpg","url":"https:\/\/fjala.info\/2009-2015\/wp-content\/uploads\/2012\/02\/arben_cokaj-120x150.jpg","contentUrl":"https:\/\/fjala.info\/2009-2015\/wp-content\/uploads\/2012\/02\/arben_cokaj-120x150.jpg","caption":"admin"},"description":"Admin, Fjala e Lir\u00eb","sameAs":["https:\/\/fjala.info\/"],"url":"https:\/\/fjala.info\/2009-2015\/author\/admin\/"}]}},"_links":{"self":[{"href":"https:\/\/fjala.info\/2009-2015\/wp-json\/wp\/v2\/posts\/4597","targetHints":{"allow":["GET"]}}],"collection":[{"href":"https:\/\/fjala.info\/2009-2015\/wp-json\/wp\/v2\/posts"}],"about":[{"href":"https:\/\/fjala.info\/2009-2015\/wp-json\/wp\/v2\/types\/post"}],"author":[{"embeddable":true,"href":"https:\/\/fjala.info\/2009-2015\/wp-json\/wp\/v2\/users\/1"}],"replies":[{"embeddable":true,"href":"https:\/\/fjala.info\/2009-2015\/wp-json\/wp\/v2\/comments?post=4597"}],"version-history":[{"count":0,"href":"https:\/\/fjala.info\/2009-2015\/wp-json\/wp\/v2\/posts\/4597\/revisions"}],"wp:attachment":[{"href":"https:\/\/fjala.info\/2009-2015\/wp-json\/wp\/v2\/media?parent=4597"}],"wp:term":[{"taxonomy":"category","embeddable":true,"href":"https:\/\/fjala.info\/2009-2015\/wp-json\/wp\/v2\/categories?post=4597"},{"taxonomy":"post_tag","embeddable":true,"href":"https:\/\/fjala.info\/2009-2015\/wp-json\/wp\/v2\/tags?post=4597"}],"curies":[{"name":"wp","href":"https:\/\/api.w.org\/{rel}","templated":true}]}}