{"id":4591,"date":"2010-11-01T20:58:32","date_gmt":"2010-11-01T19:58:32","guid":{"rendered":"http:\/\/fjala.shkoder.net\/?p=4591"},"modified":"2010-11-01T20:58:32","modified_gmt":"2010-11-01T19:58:32","slug":"fushate-elektorale-per-kryetar-ldk-je","status":"publish","type":"post","link":"https:\/\/fjala.info\/2009-2015\/fushate-elektorale-per-kryetar-ldk-je\/","title":{"rendered":"Fushat\u00eb elektorale p\u00ebr kryetar LDK-je"},"content":{"rendered":"<p><img loading=\"lazy\" decoding=\"async\" src=\"http:\/\/fjala.shkoder.net\/wp-content\/uploads\/2010\/10\/mero_baze1.jpg\" alt=\"\" title=\"Mero Baze\" width=\"149\" height=\"200\" class=\"alignright size-full wp-image-4090\" \/><br \/>\nNga <strong>Mero Baze<\/strong><\/p>\n<p>Kosova po shkon drejt zgjedhjeve t\u00eb parakohshme, shkaktuar nga manovrat e brendshme politike t\u00eb LDK-s\u00eb p\u00ebr t\u00eb shmangur mbajtjen e zgjedhjeve t\u00eb brendshme n\u00eb parti p\u00ebrpara zgjedhjeve parlamentare, t\u00eb cilat duhet t\u00eb mbaheshin n\u00eb shkurt. Ky zhvillim duket se acaroi ndjesh\u00ebm rival\u00ebt e zotit Sejdiu brenda partis\u00eb t\u00eb ringjallur n\u00ebn dyshen Rugova (junior)\u2013 Bukoshi, t\u00eb cil\u00ebt formuan nj\u00eb fraksion, t\u00eb cilit do t\u2019i duhet t\u00eb b\u00ebj\u00eb manovra ligjore p\u00ebr t\u00eb dal\u00eb dhe p\u00ebr t\u2019u rikthyer s\u00ebrish n\u00eb jet\u00ebn politike t\u00eb LDK-s\u00eb. <\/p>\n<p>M\u00eb par\u00eb LDK-s\u00eb i ka ikur nj\u00eb gjymtyr\u00eb e r\u00ebnd\u00ebsishme n\u00ebn sigl\u00ebn e Lidhjes Demokratike t\u00eb Dardanis\u00eb, nd\u00ebrkoh\u00eb q\u00eb disa individ\u00eb t\u00eb shquar t\u00eb saj, si\u00e7 ishte rasti i Blerim Ku\u00e7it, u detyruan t\u00eb ikin n\u00eb parti t\u00eb tjera si ajo e zotit Haradinaj dhe t\u00eb rikonfirmoheshin nga elektorati, \u00e7ka tregon se ata kan\u00eb pas\u00eb hipotek\u00ebn e tyre elektorale n\u00eb LDK dhe kan\u00eb ik\u00eb bashk\u00eb me t\u00eb. T\u00eb gjith\u00eb k\u00ebto plasaritje natyrisht q\u00eb e rrudhin shum\u00eb partin\u00eb, e cila n\u00eb zgjedhjet e para mori rreth 60 p\u00ebr qind t\u00eb elektoratit t\u00eb Kosov\u00ebs. Shkaku, pa dashur t\u00eb faj\u00ebsojm\u00eb dik\u00eb me em\u00ebr, ka vet\u00ebm nj\u00eb Em\u00ebr t\u00eb P\u00ebrve\u00e7\u00ebm, munges\u00ebn e kultur\u00ebs demokratike brenda partis\u00eb.<\/p>\n<p>P\u00ebrball\u00eb plasaritjes s\u00eb m\u00ebtejme t\u00eb LDK-s\u00eb, kund\u00ebrshtari dhe ish- partneri i tyre Hashim Tha\u00e7i ka fuqizuar, jo vet\u00ebm pushtetin e tij brenda partis\u00eb, por ka rifutur emra t\u00eb rinj n\u00eb radh\u00ebt e saj duke qen\u00eb s\u00ebrish n\u00eb k\u00ebto zgjedhje kandidat p\u00ebr kryeminist\u00ebr.<\/p>\n<p>N\u00ebse pati nj\u00eb gj\u00eb q\u00eb e rr\u00ebnoi LDK-n\u00eb n\u00eb zgjedhjet e kaluara ishte mungesa e nj\u00eb kandidati p\u00ebr kryeminist\u00ebr. Fatmir Sejdiu, i dyzuar mes em\u00ebrimit si president dhe mosl\u00ebshimit t\u00eb postit t\u00eb LDK-s\u00eb, zhvilloi nj\u00eb fushat\u00eb t\u00eb zbeht\u00eb dhe LDK humbi ndjesh\u00ebm elektoratin e saj. N\u00eb k\u00ebto zgjedhje duket se LDK po hyn s\u00ebrish pa kandidat p\u00ebr kryeminist\u00ebr. Edhe pse formalisht mund t\u00eb mendohet Fatmir Sejdiu si i till\u00eb, do jet\u00eb shum\u00eb i goditsh\u00ebm dhe n\u00eb pozita mbrojt\u00ebse deri n\u00eb fund t\u00eb fushat\u00ebs. Dhe kjo ka p\u00ebr t\u00eb qen\u00eb nj\u00eb humbje e sigurt p\u00ebr ta. <\/p>\n<p>Nga ana tjet\u00ebr dalja e dyshes Rugova- Bukoshi m\u00eb vete, pavar\u00ebsisht entuziazmit t\u00eb fillimit, nuk duhet pritur se do t\u00eb sjell\u00eb ndonj\u00eb \u00e7udi t\u00eb madhe. Tradita e fraksioneve nuk besoj se do t\u00eb p\u00ebrmbyset duke tejkaluar partin\u00eb n\u00ebn\u00eb, dhe do t\u00eb kemi thjesht n\u00eb rastin m\u00eb t\u00eb suksessh\u00ebm nj\u00eb futje t\u00eb k\u00ebtij fraksioni n\u00eb Kuvend dhe rifillim t\u00eb betej\u00ebs p\u00ebr kreun e LDK-s\u00eb.<\/p>\n<p>P\u00ebr k\u00ebt\u00eb shkak, kjo fushat\u00eb elektorale p\u00ebr LDK-n\u00eb duhet konceptuar m\u00eb shum\u00eb si nj\u00eb fushat\u00eb e brendshme n\u00eb LDK se sa si nj\u00eb fushat\u00eb p\u00ebr t\u00eb marr\u00eb pushtetin. Dyshja Rugova- Bukoshi, duhet ta p\u00ebrdorin shansin e futjes n\u00eb zgjedhje si nj\u00eb gar\u00eb pre-eleminatore si\u00e7 ndodh r\u00ebndom n\u00eb demokracin\u00eb amerikane, ku kandidat\u00ebt brenda partis\u00eb votohen nga elektorati. \u00cbsht\u00eb e v\u00ebrtet\u00eb se brenda LDK-s\u00eb votojn\u00eb n\u00ebpun\u00ebs dhe ata mund t\u00eb dilnin shum\u00eb t\u00eb d\u00ebmtuar. Tani ata kan\u00eb shansin t\u00eb votohen nga an\u00ebtar\u00ebsia e LDK-s\u00eb n\u00eb terren si p\u00ebrfaq\u00ebsues t\u00eb tyre n\u00eb Kuvendin e Kosov\u00ebs. <\/p>\n<p>P\u00ebr k\u00ebt\u00eb shkak, tezat e tyre politike, m\u00eb shum\u00eb se sa p\u00ebr qeverisjen e Ksov\u00ebs, duhet t\u00eb orientohen tek nj\u00eb platform\u00eb apo ide p\u00ebr \u201crithemelimin e LDK-s\u00eb\u201d, duke ribashkuar n\u00eb t\u00eb gjith\u00eb fraksionet q\u00eb kan\u00eb ikur prej saj prej vitit 2000, pas zgjedhjeve t\u00eb para. Beteja e tyre elektorale nuk \u00ebsht\u00eb m\u00eb p\u00ebr pushtetin n\u00eb Kosov\u00eb, se at\u00eb duhet ta harrojn\u00eb k\u00ebt\u00eb radh\u00eb, por \u00ebsht\u00eb betej\u00eb p\u00ebr t\u00eb promovuar ringjalljen e LDk-s\u00eb. Ata duhet t\u00eb b\u00ebjn\u00eb kujdes tek m\u00ebnyra se si duhet t\u00eb ngjallin shpres\u00ebn e bashkimit t\u00eb LDK-s\u00eb, si duhet t\u00eb ribashkohen pas zgjedhjeve p\u00ebr t\u00eb krijuar qoft\u00eb dhe nj\u00eb opozit\u00eb t\u00eb fort\u00eb dhe solide n\u00eb Kosov\u00eb. LDK-ja krenare dhe paksa arrogante e koh\u00ebs s\u00eb Ibrahim Rugov\u00ebs ka vdekur p\u00ebrfundimisht. <\/p>\n<p>Por, bashk\u00eb me ta, ka vdekur dhe nevoja p\u00ebr t\u00eb qen\u00eb arrogant me t\u00eb ardhmen e saj. Kjo \u00ebsht\u00eb nj\u00eb betej\u00eb delikate, ku duhet patur parasysh se ai q\u00eb sulmon pal\u00ebt, gabon, dhe ai q\u00eb ngjall shpres\u00ebn e bashkimit dhe p\u00ebrt\u00ebritjes pas zgjedhjeve fiton. Dyshja Rugova- Bukoshi nuk duhet t\u00eb g\u00ebnjehen as nga duartrokitjet e nostalgjik\u00ebve t\u00eb Rugov\u00ebs, as nga mb\u00ebshtetjea e atyre q\u00eb jan\u00eb zhg\u00ebnjyer nga m\u00ebnyra si \u00ebsht\u00eb ndar\u00eb torta e pushtetit t\u00eb LDK-s\u00eb. Ata duhet ta din\u00eb se jan\u00eb duke k\u00ebrkuar votat e LDK-s\u00eb s\u00eb zhg\u00ebnjyer, e cila nuk do t\u2019ia dij\u00eb m\u00eb se si qeveris Tha\u00e7i apo Haradinaj n\u00eb Kosov\u00eb, por si mund t\u00eb ringjallet nj\u00eb \u00ebnd\u00ebrr q\u00eb vdiq dal\u00ebngadal\u00eb n\u00eb Kosov\u00eb, q\u00eb ishte LDK-ja. <\/p>\n<p>Ajo parti q\u00eb i rezistoi kalimit nga paqja n\u00eb luft\u00eb e deri n\u00eb liri, nuk i rezistoi dot liris\u00eb. Beteja reale e dyshes Rugova- Bukoshi \u00ebsht\u00eb pik\u00ebrisht fuqia p\u00ebr t\u00eb d\u00ebshmuar toleranc\u00eb dhe nj\u00eb platform\u00eb bashkimi p\u00ebr gjithk\u00ebnd q\u00eb e ka p\u00ebrdor\u00eb lirin\u00eb p\u00ebr t\u00eb ikur nga nj\u00eb sht\u00ebpi ku nuk \u00ebsht\u00eb ndjer\u00eb i lir\u00eb. Beteja e tyre p\u00ebr LDK, e desh fati t\u00eb legjitimohej si betej\u00eb elektorale dhe ata duhet t\u00eb din\u00eb ta p\u00ebrdorin k\u00ebt\u00eb shans, pa p\u00ebrjashtuar ask\u00ebnd. As Fatmir Sejdiun. Gjysma e Kosov\u00ebs do t\u00eb votoj\u00eb p\u00ebr kryeministrin e ardhsh\u00ebm, por nj\u00eb pejs\u00eb e madhe e atij elektorati, ajo pjes\u00eb q\u00eb i ka p\u00ebrkitur LDK-s\u00eb, para kutis\u00eb s\u00eb votimit m\u00eb shum\u00eb se emri i kryeministrit do t\u2019i b\u00ebj\u00eb p\u00ebrshtypje emri i kryetarit t\u00eb ardhsh\u00ebm t\u00eb saj. <\/p>\n","protected":false},"excerpt":{"rendered":"<p>Nga Mero Baze Kosova po shkon drejt zgjedhjeve t\u00eb parakohshme, shkaktuar nga manovrat e brendshme politike t\u00eb LDK-s\u00eb p\u00ebr t\u00eb shmangur mbajtjen e zgjedhjeve t\u00eb brendshme n\u00eb parti p\u00ebrpara zgjedhjeve parlamentare, t\u00eb cilat duhet t\u00eb mbaheshin n\u00eb shkurt. Ky zhvillim duket se acaroi ndjesh\u00ebm rival\u00ebt e zotit Sejdiu brenda partis\u00eb t\u00eb ringjallur n\u00ebn dyshen Rugova [&hellip;]<\/p>\n","protected":false},"author":1,"featured_media":0,"comment_status":"open","ping_status":"closed","sticky":false,"template":"","format":"standard","meta":{"footnotes":""},"categories":[2],"tags":[],"class_list":{"0":"post-4591","1":"post","2":"type-post","3":"status-publish","4":"format-standard","6":"category-artikuj"},"yoast_head":"<!-- This site is optimized with the Yoast SEO plugin v27.4 - https:\/\/yoast.com\/product\/yoast-seo-wordpress\/ -->\n<title>Fushat\u00eb elektorale p\u00ebr kryetar LDK-je - FjALA e LIR\u00cb - Arkivi<\/title>\n<meta name=\"robots\" content=\"index, follow, max-snippet:-1, max-image-preview:large, max-video-preview:-1\" \/>\n<link rel=\"canonical\" href=\"https:\/\/fjala.info\/2009-2015\/fushate-elektorale-per-kryetar-ldk-je\/\" \/>\n<meta property=\"og:locale\" content=\"sq_AL\" \/>\n<meta property=\"og:type\" content=\"article\" \/>\n<meta property=\"og:title\" content=\"Fushat\u00eb elektorale p\u00ebr kryetar LDK-je - FjALA e LIR\u00cb - Arkivi\" \/>\n<meta property=\"og:description\" content=\"Nga Mero Baze Kosova po shkon drejt zgjedhjeve t\u00eb parakohshme, shkaktuar nga manovrat e brendshme politike t\u00eb LDK-s\u00eb p\u00ebr t\u00eb shmangur mbajtjen e zgjedhjeve t\u00eb brendshme n\u00eb parti p\u00ebrpara zgjedhjeve parlamentare, t\u00eb cilat duhet t\u00eb mbaheshin n\u00eb shkurt. Ky zhvillim duket se acaroi ndjesh\u00ebm rival\u00ebt e zotit Sejdiu brenda partis\u00eb t\u00eb ringjallur n\u00ebn dyshen Rugova [&hellip;]\" \/>\n<meta property=\"og:url\" content=\"https:\/\/fjala.info\/2009-2015\/fushate-elektorale-per-kryetar-ldk-je\/\" \/>\n<meta property=\"og:site_name\" content=\"FjALA e LIR\u00cb - Arkivi\" \/>\n<meta property=\"article:published_time\" content=\"2010-11-01T19:58:32+00:00\" \/>\n<meta property=\"og:image\" content=\"http:\/\/fjala.shkoder.net\/wp-content\/uploads\/2010\/10\/mero_baze1.jpg\" \/>\n<meta name=\"author\" content=\"admin\" \/>\n<meta name=\"twitter:card\" content=\"summary_large_image\" \/>\n<meta name=\"twitter:label1\" content=\"Written by\" \/>\n\t<meta name=\"twitter:data1\" content=\"admin\" \/>\n\t<meta name=\"twitter:label2\" content=\"Est. reading time\" \/>\n\t<meta name=\"twitter:data2\" content=\"5 minutes\" \/>\n<script type=\"application\/ld+json\" class=\"yoast-schema-graph\">{\"@context\":\"https:\\\/\\\/schema.org\",\"@graph\":[{\"@type\":\"Article\",\"@id\":\"https:\\\/\\\/fjala.info\\\/2009-2015\\\/fushate-elektorale-per-kryetar-ldk-je\\\/#article\",\"isPartOf\":{\"@id\":\"https:\\\/\\\/fjala.info\\\/2009-2015\\\/fushate-elektorale-per-kryetar-ldk-je\\\/\"},\"author\":{\"name\":\"admin\",\"@id\":\"https:\\\/\\\/fjala.info\\\/2009-2015\\\/#\\\/schema\\\/person\\\/3aa1163ef05469c496fc94e77611ada2\"},\"headline\":\"Fushat\u00eb elektorale p\u00ebr kryetar LDK-je\",\"datePublished\":\"2010-11-01T19:58:32+00:00\",\"mainEntityOfPage\":{\"@id\":\"https:\\\/\\\/fjala.info\\\/2009-2015\\\/fushate-elektorale-per-kryetar-ldk-je\\\/\"},\"wordCount\":995,\"commentCount\":0,\"publisher\":{\"@id\":\"https:\\\/\\\/fjala.info\\\/2009-2015\\\/#organization\"},\"image\":{\"@id\":\"https:\\\/\\\/fjala.info\\\/2009-2015\\\/fushate-elektorale-per-kryetar-ldk-je\\\/#primaryimage\"},\"thumbnailUrl\":\"http:\\\/\\\/fjala.shkoder.net\\\/wp-content\\\/uploads\\\/2010\\\/10\\\/mero_baze1.jpg\",\"articleSection\":[\"Artikuj\"],\"inLanguage\":\"sq-AL\",\"potentialAction\":[{\"@type\":\"CommentAction\",\"name\":\"Comment\",\"target\":[\"https:\\\/\\\/fjala.info\\\/2009-2015\\\/fushate-elektorale-per-kryetar-ldk-je\\\/#respond\"]}]},{\"@type\":\"WebPage\",\"@id\":\"https:\\\/\\\/fjala.info\\\/2009-2015\\\/fushate-elektorale-per-kryetar-ldk-je\\\/\",\"url\":\"https:\\\/\\\/fjala.info\\\/2009-2015\\\/fushate-elektorale-per-kryetar-ldk-je\\\/\",\"name\":\"Fushat\u00eb elektorale p\u00ebr kryetar LDK-je - FjALA e LIR\u00cb - Arkivi\",\"isPartOf\":{\"@id\":\"https:\\\/\\\/fjala.info\\\/2009-2015\\\/#website\"},\"primaryImageOfPage\":{\"@id\":\"https:\\\/\\\/fjala.info\\\/2009-2015\\\/fushate-elektorale-per-kryetar-ldk-je\\\/#primaryimage\"},\"image\":{\"@id\":\"https:\\\/\\\/fjala.info\\\/2009-2015\\\/fushate-elektorale-per-kryetar-ldk-je\\\/#primaryimage\"},\"thumbnailUrl\":\"http:\\\/\\\/fjala.shkoder.net\\\/wp-content\\\/uploads\\\/2010\\\/10\\\/mero_baze1.jpg\",\"datePublished\":\"2010-11-01T19:58:32+00:00\",\"breadcrumb\":{\"@id\":\"https:\\\/\\\/fjala.info\\\/2009-2015\\\/fushate-elektorale-per-kryetar-ldk-je\\\/#breadcrumb\"},\"inLanguage\":\"sq-AL\",\"potentialAction\":[{\"@type\":\"ReadAction\",\"target\":[\"https:\\\/\\\/fjala.info\\\/2009-2015\\\/fushate-elektorale-per-kryetar-ldk-je\\\/\"]}]},{\"@type\":\"ImageObject\",\"inLanguage\":\"sq-AL\",\"@id\":\"https:\\\/\\\/fjala.info\\\/2009-2015\\\/fushate-elektorale-per-kryetar-ldk-je\\\/#primaryimage\",\"url\":\"http:\\\/\\\/fjala.shkoder.net\\\/wp-content\\\/uploads\\\/2010\\\/10\\\/mero_baze1.jpg\",\"contentUrl\":\"http:\\\/\\\/fjala.shkoder.net\\\/wp-content\\\/uploads\\\/2010\\\/10\\\/mero_baze1.jpg\"},{\"@type\":\"BreadcrumbList\",\"@id\":\"https:\\\/\\\/fjala.info\\\/2009-2015\\\/fushate-elektorale-per-kryetar-ldk-je\\\/#breadcrumb\",\"itemListElement\":[{\"@type\":\"ListItem\",\"position\":1,\"name\":\"Home\",\"item\":\"https:\\\/\\\/fjala.info\\\/2009-2015\\\/\"},{\"@type\":\"ListItem\",\"position\":2,\"name\":\"Fushat\u00eb elektorale p\u00ebr kryetar LDK-je\"}]},{\"@type\":\"WebSite\",\"@id\":\"https:\\\/\\\/fjala.info\\\/2009-2015\\\/#website\",\"url\":\"https:\\\/\\\/fjala.info\\\/2009-2015\\\/\",\"name\":\"FjALA e LIR\u00cb - Arkivi\",\"description\":\"Arkivi 2009-2015\",\"publisher\":{\"@id\":\"https:\\\/\\\/fjala.info\\\/2009-2015\\\/#organization\"},\"potentialAction\":[{\"@type\":\"SearchAction\",\"target\":{\"@type\":\"EntryPoint\",\"urlTemplate\":\"https:\\\/\\\/fjala.info\\\/2009-2015\\\/?s={search_term_string}\"},\"query-input\":{\"@type\":\"PropertyValueSpecification\",\"valueRequired\":true,\"valueName\":\"search_term_string\"}}],\"inLanguage\":\"sq-AL\"},{\"@type\":\"Organization\",\"@id\":\"https:\\\/\\\/fjala.info\\\/2009-2015\\\/#organization\",\"name\":\"FjALA e LIR\u00cb - Arkivi\",\"url\":\"https:\\\/\\\/fjala.info\\\/2009-2015\\\/\",\"logo\":{\"@type\":\"ImageObject\",\"inLanguage\":\"sq-AL\",\"@id\":\"https:\\\/\\\/fjala.info\\\/2009-2015\\\/#\\\/schema\\\/logo\\\/image\\\/\",\"url\":\"\",\"contentUrl\":\"\",\"caption\":\"FjALA e LIR\u00cb - Arkivi\"},\"image\":{\"@id\":\"https:\\\/\\\/fjala.info\\\/2009-2015\\\/#\\\/schema\\\/logo\\\/image\\\/\"}},{\"@type\":\"Person\",\"@id\":\"https:\\\/\\\/fjala.info\\\/2009-2015\\\/#\\\/schema\\\/person\\\/3aa1163ef05469c496fc94e77611ada2\",\"name\":\"admin\",\"image\":{\"@type\":\"ImageObject\",\"inLanguage\":\"sq-AL\",\"@id\":\"https:\\\/\\\/fjala.info\\\/2009-2015\\\/wp-content\\\/uploads\\\/2012\\\/02\\\/arben_cokaj-120x150.jpg\",\"url\":\"https:\\\/\\\/fjala.info\\\/2009-2015\\\/wp-content\\\/uploads\\\/2012\\\/02\\\/arben_cokaj-120x150.jpg\",\"contentUrl\":\"https:\\\/\\\/fjala.info\\\/2009-2015\\\/wp-content\\\/uploads\\\/2012\\\/02\\\/arben_cokaj-120x150.jpg\",\"caption\":\"admin\"},\"description\":\"Admin, Fjala e Lir\u00eb\",\"sameAs\":[\"https:\\\/\\\/fjala.info\\\/\"],\"url\":\"https:\\\/\\\/fjala.info\\\/2009-2015\\\/author\\\/admin\\\/\"}]}<\/script>\n<!-- \/ Yoast SEO plugin. -->","yoast_head_json":{"title":"Fushat\u00eb elektorale p\u00ebr kryetar LDK-je - FjALA e LIR\u00cb - Arkivi","robots":{"index":"index","follow":"follow","max-snippet":"max-snippet:-1","max-image-preview":"max-image-preview:large","max-video-preview":"max-video-preview:-1"},"canonical":"https:\/\/fjala.info\/2009-2015\/fushate-elektorale-per-kryetar-ldk-je\/","og_locale":"sq_AL","og_type":"article","og_title":"Fushat\u00eb elektorale p\u00ebr kryetar LDK-je - FjALA e LIR\u00cb - Arkivi","og_description":"Nga Mero Baze Kosova po shkon drejt zgjedhjeve t\u00eb parakohshme, shkaktuar nga manovrat e brendshme politike t\u00eb LDK-s\u00eb p\u00ebr t\u00eb shmangur mbajtjen e zgjedhjeve t\u00eb brendshme n\u00eb parti p\u00ebrpara zgjedhjeve parlamentare, t\u00eb cilat duhet t\u00eb mbaheshin n\u00eb shkurt. Ky zhvillim duket se acaroi ndjesh\u00ebm rival\u00ebt e zotit Sejdiu brenda partis\u00eb t\u00eb ringjallur n\u00ebn dyshen Rugova [&hellip;]","og_url":"https:\/\/fjala.info\/2009-2015\/fushate-elektorale-per-kryetar-ldk-je\/","og_site_name":"FjALA e LIR\u00cb - Arkivi","article_published_time":"2010-11-01T19:58:32+00:00","og_image":[{"url":"http:\/\/fjala.shkoder.net\/wp-content\/uploads\/2010\/10\/mero_baze1.jpg","type":"","width":"","height":""}],"author":"admin","twitter_card":"summary_large_image","twitter_misc":{"Written by":"admin","Est. reading time":"5 minutes"},"schema":{"@context":"https:\/\/schema.org","@graph":[{"@type":"Article","@id":"https:\/\/fjala.info\/2009-2015\/fushate-elektorale-per-kryetar-ldk-je\/#article","isPartOf":{"@id":"https:\/\/fjala.info\/2009-2015\/fushate-elektorale-per-kryetar-ldk-je\/"},"author":{"name":"admin","@id":"https:\/\/fjala.info\/2009-2015\/#\/schema\/person\/3aa1163ef05469c496fc94e77611ada2"},"headline":"Fushat\u00eb elektorale p\u00ebr kryetar LDK-je","datePublished":"2010-11-01T19:58:32+00:00","mainEntityOfPage":{"@id":"https:\/\/fjala.info\/2009-2015\/fushate-elektorale-per-kryetar-ldk-je\/"},"wordCount":995,"commentCount":0,"publisher":{"@id":"https:\/\/fjala.info\/2009-2015\/#organization"},"image":{"@id":"https:\/\/fjala.info\/2009-2015\/fushate-elektorale-per-kryetar-ldk-je\/#primaryimage"},"thumbnailUrl":"http:\/\/fjala.shkoder.net\/wp-content\/uploads\/2010\/10\/mero_baze1.jpg","articleSection":["Artikuj"],"inLanguage":"sq-AL","potentialAction":[{"@type":"CommentAction","name":"Comment","target":["https:\/\/fjala.info\/2009-2015\/fushate-elektorale-per-kryetar-ldk-je\/#respond"]}]},{"@type":"WebPage","@id":"https:\/\/fjala.info\/2009-2015\/fushate-elektorale-per-kryetar-ldk-je\/","url":"https:\/\/fjala.info\/2009-2015\/fushate-elektorale-per-kryetar-ldk-je\/","name":"Fushat\u00eb elektorale p\u00ebr kryetar LDK-je - FjALA e LIR\u00cb - Arkivi","isPartOf":{"@id":"https:\/\/fjala.info\/2009-2015\/#website"},"primaryImageOfPage":{"@id":"https:\/\/fjala.info\/2009-2015\/fushate-elektorale-per-kryetar-ldk-je\/#primaryimage"},"image":{"@id":"https:\/\/fjala.info\/2009-2015\/fushate-elektorale-per-kryetar-ldk-je\/#primaryimage"},"thumbnailUrl":"http:\/\/fjala.shkoder.net\/wp-content\/uploads\/2010\/10\/mero_baze1.jpg","datePublished":"2010-11-01T19:58:32+00:00","breadcrumb":{"@id":"https:\/\/fjala.info\/2009-2015\/fushate-elektorale-per-kryetar-ldk-je\/#breadcrumb"},"inLanguage":"sq-AL","potentialAction":[{"@type":"ReadAction","target":["https:\/\/fjala.info\/2009-2015\/fushate-elektorale-per-kryetar-ldk-je\/"]}]},{"@type":"ImageObject","inLanguage":"sq-AL","@id":"https:\/\/fjala.info\/2009-2015\/fushate-elektorale-per-kryetar-ldk-je\/#primaryimage","url":"http:\/\/fjala.shkoder.net\/wp-content\/uploads\/2010\/10\/mero_baze1.jpg","contentUrl":"http:\/\/fjala.shkoder.net\/wp-content\/uploads\/2010\/10\/mero_baze1.jpg"},{"@type":"BreadcrumbList","@id":"https:\/\/fjala.info\/2009-2015\/fushate-elektorale-per-kryetar-ldk-je\/#breadcrumb","itemListElement":[{"@type":"ListItem","position":1,"name":"Home","item":"https:\/\/fjala.info\/2009-2015\/"},{"@type":"ListItem","position":2,"name":"Fushat\u00eb elektorale p\u00ebr kryetar LDK-je"}]},{"@type":"WebSite","@id":"https:\/\/fjala.info\/2009-2015\/#website","url":"https:\/\/fjala.info\/2009-2015\/","name":"FjALA e LIR\u00cb - Arkivi","description":"Arkivi 2009-2015","publisher":{"@id":"https:\/\/fjala.info\/2009-2015\/#organization"},"potentialAction":[{"@type":"SearchAction","target":{"@type":"EntryPoint","urlTemplate":"https:\/\/fjala.info\/2009-2015\/?s={search_term_string}"},"query-input":{"@type":"PropertyValueSpecification","valueRequired":true,"valueName":"search_term_string"}}],"inLanguage":"sq-AL"},{"@type":"Organization","@id":"https:\/\/fjala.info\/2009-2015\/#organization","name":"FjALA e LIR\u00cb - Arkivi","url":"https:\/\/fjala.info\/2009-2015\/","logo":{"@type":"ImageObject","inLanguage":"sq-AL","@id":"https:\/\/fjala.info\/2009-2015\/#\/schema\/logo\/image\/","url":"","contentUrl":"","caption":"FjALA e LIR\u00cb - Arkivi"},"image":{"@id":"https:\/\/fjala.info\/2009-2015\/#\/schema\/logo\/image\/"}},{"@type":"Person","@id":"https:\/\/fjala.info\/2009-2015\/#\/schema\/person\/3aa1163ef05469c496fc94e77611ada2","name":"admin","image":{"@type":"ImageObject","inLanguage":"sq-AL","@id":"https:\/\/fjala.info\/2009-2015\/wp-content\/uploads\/2012\/02\/arben_cokaj-120x150.jpg","url":"https:\/\/fjala.info\/2009-2015\/wp-content\/uploads\/2012\/02\/arben_cokaj-120x150.jpg","contentUrl":"https:\/\/fjala.info\/2009-2015\/wp-content\/uploads\/2012\/02\/arben_cokaj-120x150.jpg","caption":"admin"},"description":"Admin, Fjala e Lir\u00eb","sameAs":["https:\/\/fjala.info\/"],"url":"https:\/\/fjala.info\/2009-2015\/author\/admin\/"}]}},"_links":{"self":[{"href":"https:\/\/fjala.info\/2009-2015\/wp-json\/wp\/v2\/posts\/4591","targetHints":{"allow":["GET"]}}],"collection":[{"href":"https:\/\/fjala.info\/2009-2015\/wp-json\/wp\/v2\/posts"}],"about":[{"href":"https:\/\/fjala.info\/2009-2015\/wp-json\/wp\/v2\/types\/post"}],"author":[{"embeddable":true,"href":"https:\/\/fjala.info\/2009-2015\/wp-json\/wp\/v2\/users\/1"}],"replies":[{"embeddable":true,"href":"https:\/\/fjala.info\/2009-2015\/wp-json\/wp\/v2\/comments?post=4591"}],"version-history":[{"count":0,"href":"https:\/\/fjala.info\/2009-2015\/wp-json\/wp\/v2\/posts\/4591\/revisions"}],"wp:attachment":[{"href":"https:\/\/fjala.info\/2009-2015\/wp-json\/wp\/v2\/media?parent=4591"}],"wp:term":[{"taxonomy":"category","embeddable":true,"href":"https:\/\/fjala.info\/2009-2015\/wp-json\/wp\/v2\/categories?post=4591"},{"taxonomy":"post_tag","embeddable":true,"href":"https:\/\/fjala.info\/2009-2015\/wp-json\/wp\/v2\/tags?post=4591"}],"curies":[{"name":"wp","href":"https:\/\/api.w.org\/{rel}","templated":true}]}}