{"id":4590,"date":"2012-08-22T17:15:40","date_gmt":"2012-08-22T16:15:40","guid":{"rendered":"http:\/\/www.fjala.info\/?p=4590"},"modified":"2012-08-22T17:15:40","modified_gmt":"2012-08-22T16:15:40","slug":"fronti-i-munguar-edhe-me-djallin-kunder-berishes","status":"publish","type":"post","link":"https:\/\/fjala.info\/2009-2015\/fronti-i-munguar-edhe-me-djallin-kunder-berishes\/","title":{"rendered":"Fronti i munguar&#8230; \u201dedhe me djallin\u201d kund\u00ebr Berish\u00ebs"},"content":{"rendered":"<p><img decoding=\"async\" class=\"alignright size-thumbnail wp-image-7236\" title=\"Arben Manaj\" src=\"http:\/\/www.fjala.info\/2012\/arben_manaj.jpg\" alt=\"\" width=\"150\" \/> Nga <strong>Arben Manaj<\/strong>, <em>22 Gusht 2012<\/em><\/p>\n<p>Duket sikur po rikthehet pragmatizmi politik dhe bashk\u00eb me t\u00eb c\u2019principalizimi i politik\u00ebs nga opozita shqiptare n\u00eb p\u00ebrpjekjet p\u00ebr largimin nga pushteti t\u00eb Berish\u00ebs. Ndryshe nga \u00e7\u2019pritej dhe prej nga pritej, ky sinjal ka ardhur jo nga forca kryesore opozitare, por nga nj\u00eb forc\u00eb e re q\u00eb synon t\u00eb hipotekoj nj\u00eb vend t\u00eb r\u00ebnd\u00ebsish\u00ebm n\u00eb buxhakun e ardhsh\u00ebm politik t\u00eb Shqip\u00ebris\u00eb.<\/p>\n<p>Aleanca KuqeZi, k\u00ebrkoi s\u00eb fundmi, publikisht aleance me \u201d\u00e7do djall\u201d p\u00ebr t\u00eb larguar Berish\u00ebn. Kjo deklarat\u00eb duket se reflekton reflektimin e k\u00ebsaj force t\u00eb re politike e cila pak kohe m\u00eb par\u00eb kondicionoi aleancat e ardhshme elektorale, duke ekskluduar partin\u00eb m\u00eb t\u00eb madhe numerikisht n\u00eb elektoratin shqiptar, PS e Edi Ram\u00ebs.<\/p>\n<p>Por fatkeq\u00ebsisht, ky lloj reflektimi p\u00ebr krijimin m\u00eb n\u00eb fund t\u00eb nj\u00eb \u201cfronti kund\u00ebr regjimit\u201d, duket se ka ngelur n\u00eb nj\u00eb deklarat\u00eb t\u00eb that\u00eb nga selia roze. Fakti q\u00eb ende sot ka artikulime pak\u00ebnaq\u00ebsie, apo v\u00ebrejtje opozitar\u00ebsh p\u00ebr opozit\u00ebn, si\u00e7 jan\u00eb deklaratat e Ngjel\u00ebs, Gjinushit apo ndonj\u00eb tjet\u00ebr, p\u00ebrfshi edhe autokritikat dhe kritikat konstruktive t\u00eb Braces ndaj funksionimit t\u00eb sht\u00ebpis\u00eb s\u00eb tij politike, tregojn\u00eb se di\u00e7ka nuk shkon ose nuk po punohet p\u00ebr fiksimin e tyre.<\/p>\n<p>Rama dhe Partia Socialiste si partia m\u00eb madhe, apo \u201cbabai\u201d i sht\u00ebpis\u00eb opozitare, e ka p\u00ebr detyr\u00eb t\u00eb mbledh jo vet\u00ebm fisin e tij politik dhe trazova\u00e7\u00ebt dhe pl\u00ebngprish\u00ebsit, por edhe ata q\u00eb Spahiu i quajti \u201c \u00e7do djall\u201d n\u00eb betej\u00ebn e tij vendimtare p\u00ebr c\u2019berishizmin e demokracis\u00eb shqiptare.<\/p>\n<p>Nj\u00eb nd\u00ebrmarrje e till\u00eb \u00ebsht\u00eb jo vet\u00ebm imperativ\u00eb, por \u00ebsht\u00eb shum\u00eb e vonuar, pasi muajt po mblidhen dhe \u201cUjku me antiplumb\u201d ka nis ofensiv\u00ebn p\u00ebr t\u00eb gllab\u00ebruar nga \u201ckopeja opozitare\u201d sa m\u00eb shum\u00eb desh\u00ebr q\u00eb kan\u00eb filluar t\u00eb b\u00ebjn\u00eb kak\u00ebrdhi paraelektorale.<\/p>\n<p>Realisht n\u00eb k\u00ebt\u00eb l\u00ebvizje tektonike p\u00ebr krijimin e cunamit opozitar n\u00eb zgjedhjet e ardhshme, Rama do t\u00eb duhet t\u00eb shmang ato defekte dhe sjellje politike, por edhe jo vet\u00ebm t\u00eb atilla, q\u00eb i kushtuan shtrenjt\u00eb k\u00ebto vite.<\/p>\n<p>Atij i duhet t\u00eb jet\u00eb shum\u00eb m\u00eb m\u00ebndjehapur politikisht, gj\u00eb q\u00eb e n\u00ebnkupton parimisht klasi i tij intelektual, ndaj magnetizimit t\u00eb \u00e7do elementi anti-regjim dhe \u00e7do vote n\u00eb zgjedhjet e ardhshme t\u00eb cilat mund t\u00eb p\u00ebrcaktohen leht\u00ebsisht me fotofinish.<\/p>\n<p>Zgjedhjet lokale shpresoj t\u00eb jen\u00eb b\u00ebr\u00eb nj\u00eb leksion i madh p\u00ebr opozit\u00ebn socialiste dhe liderin e saj, i cili poqese do ishte treguar pak \u201cm\u00eb Berish\u00eb\u201d, sikur vet\u00ebm me Milloshin dhe komunist\u00ebt e tij do ishte sot s\u00ebrish Kryetar Bashkie. Aq m\u00eb tep\u00ebr q\u00eb sot edhe fizikisht nuk e ka Milloshin v\u00ebrdall\u00eb e q\u00eb me siguri \u00ebsht\u00eb duke u kritikuar n\u00eb at\u00eb bot\u00eb nga Enveri p\u00ebr tradhtin\u00eb me kapitalisto-komunistin Berish\u00eb.<\/p>\n<p>N\u00ebse realisht k\u00ebrkohet q\u00eb t\u00eb mposhtet Djalli, ai mposhtet vet\u00ebm \u201cme \u00e7do djall\u201d, q\u00eb \u00ebsht\u00eb n\u00eb loj\u00eb. N\u00eb k\u00ebt\u00eb mes nuk ka vend p\u00ebr komplekse p\u00ebr shkelje parimesh. N\u00eb fund t\u00eb fundit e till\u00eb \u00ebsht\u00eb politika, e pandershme, se nuk dua t\u00eb p\u00ebrdor nj\u00eb fjal\u00eb tjet\u00ebr t\u00eb njohur.<\/p>\n<p>K\u00ebshtu \u00ebsht\u00eb sjell politikisht Berisha n\u00eb rikthimin e tij pas 97, duke b\u00ebr\u00eb aleanc\u00eb me dreq e t\u00eb bir, duke p\u00ebrqafuar ish kund\u00ebrshtar\u00ebt e vet\u00eb, e duke l\u00ebpir\u00eb aty ku kishte p\u00ebshtyr\u00eb.<\/p>\n<p>Kjo \u00ebsht\u00eb ajo q\u00eb sot atij ja njohin si mjesht\u00ebri dhe e quajn\u00eb ujk i vjet\u00ebr n\u00eb politik\u00eb. Kjo \u00ebsht\u00eb ajo q\u00eb b\u00ebri edhe Meta, duke b\u00ebr\u00eb koalicion me at\u00eb q\u00eb n\u00eb fushat\u00eb i k\u00ebrkoj t\u00eb ikte. Kush nuk \u00ebsht\u00eb makiavelist n\u00eb politik\u00eb, \u00ebsht\u00eb m\u00eb mir\u00eb t\u00eb merret me di\u00e7ka tjet\u00ebr. Kjo \u00ebsht\u00eb realpolitika q\u00eb aplikohet gjithandej dhe nuk shkakton asnj\u00eb habi, askund.<\/p>\n<p>Ndaj Rama dhe opozita nuk duhet t\u00eb ken\u00eb m\u00eb asnj\u00eb paragjykim n\u00eb misionin e madh t\u00eb c\u2019komunistizimit t\u00eb demokracis\u00eb shqiptare, proces q\u00eb edhe n\u00ebse fiton opozita do t\u00eb haj goxha koh\u00eb.<\/p>\n<p>Aleat\u00ebt dhe kund\u00ebrshtar\u00ebt e vegj\u00ebl ideologjik , kur e din\u00eb se \u00e7do vot\u00eb e tyre peshon, normalisht q\u00eb ashtu do sillen dhe do jen\u00eb tekanjoz dhe ekstraegzigjent, deri n\u00eb \u00e7menduri ndonj\u00ebher\u00eb ndaj t\u00eb Madhit. Dhe i Madhi k\u00ebrcen edhe nga belaja dhe i thot\u00eb derrit daj\u00eb, si\u00e7 jam i sigurt i thot\u00eb me vete Berisha Met\u00ebs dhe Meta Berish\u00ebs.<\/p>\n<p>Rama p\u00ebr vet specifik\u00ebn e mandatit t\u00eb dyt\u00eb t\u00eb parevokuesh\u00ebm si kryeopozitar, n\u00eb baz\u00eb t\u00eb statutit t\u00eb partis\u00eb s\u00eb tij, ndryshe nga partit\u00eb e tjera, qe jan\u00eb shnd\u00ebrruar praktikisht ne sekte fetare, lipset t\u00eb urbanizoj \u00e7do paragjykim p\u00ebr aleanca .<\/p>\n<p>Atij i duhet edhe Fatos Nano, edhe Bamir Topi, edhe Kreshnik Spahiu edhe Ilir Meta, edhe Nard Ndoka( n\u00ebse nuk \u00ebsht\u00eb von\u00eb) edhe komunist\u00ebt e Milloshit. Berisha dhe PD-ja kan\u00eb b\u00ebr\u00eb dhe do b\u00ebjn\u00eb pa as m\u00eb t\u00eb voglin dyshim, gjithshka legale dhe jolegale politikisht q\u00eb t\u00eb b\u00ebjn\u00eb subversion si dhe t\u00eb mbledhin \u00e7do vot\u00eb nga \u00e7do tribun\u00eb n\u00eb koloseumin politik shqiptar.<\/p>\n<p>Nd\u00ebrkaq Rama, n\u00eb cil\u00ebsin\u00eb e kreut t\u00eb opozit\u00ebs, do duhet edhe brenda partis\u00eb s\u00eb tij t\u00eb ndryshoj disa gj\u00ebra.<\/p>\n<p>Shum\u00eb nga deputet\u00ebve t\u00eb vet\u00eb u ka humbur vula n\u00eb diskursin politik opozitar e t\u00eb tjer\u00ebt jan\u00eb me\u201d leje krijimtarie \u201d. Nuk mbahet furia mediatike e Berish\u00ebs, dhe e medieve t\u00eb tij proqeveritare, vet\u00ebm me Twitter-in e vet\u00eb dhe jo vet\u00ebm Facebook-un e Erjon Braces e shkrimet Pandeli Majkos, padyshim nd\u00ebr opozitar\u00ebt m\u00eb aktiv n\u00eb v\u00ebnd.<\/p>\n<p>Imazhin dhe emrin e opozitarit duhet ta meritojn\u00eb gjat\u00eb gjith\u00eb opozicionit dhe jo n\u00eb pes\u00eb-gjasht\u00eb muajt e fundit kur fillojn\u00eb e b\u00ebhen listat p\u00ebr deputet.<\/p>\n<p>Sakaq, Rama mendoj se duhet t\u00eb korrigjoj, (ashtu si\u00e7 korrigjoj lavd\u00ebruesh\u00ebm marr\u00ebdh\u00ebniet me nj\u00eb pjes\u00eb t\u00eb medies) edhe sjelljen e tij dhe qasjen njer\u00ebzore me simpatizant\u00ebt e vet\u00eb t\u00eb thjesht\u00eb, por edhe ish elitar\u00ebt socialist\u00eb.<\/p>\n<p>Jo rralle, ka ankime p\u00ebr nj\u00eb fodull\u00ebk dhe shikim nga lart- posht\u00eb t\u00eb njer\u00ebzve t\u00eb thjesht\u00eb, ( jo p\u00ebr shkak t\u00eb gjat\u00ebsis\u00eb s\u00eb tij trupore) qoft\u00eb edhe n\u00eb ambientet e selis\u00eb s\u00eb PS-s\u00eb apo edhe takimet me njer\u00ebzit e thjesht\u00eb n\u00eb baz\u00eb.<\/p>\n<p>Rama \u00ebsht\u00eb akuzuar nga kund\u00ebrshtar\u00ebt se \u00ebsht\u00eb \u201cmish i huaj n\u00eb at\u00eb parti\u201d, gj\u00eb q\u00eb un\u00eb deri diku nuk e besoj, por sensitiviteti ndaj atyre, q\u00eb t\u00eb japin vot\u00ebn \u00ebsht\u00eb shum\u00eb i r\u00ebnd\u00ebsish\u00ebm n\u00eb mentalitetin shqiptar dhe ballkanas.<\/p>\n<p>Ata q\u00eb rijn\u00eb t\u00ebr\u00eb dit\u00ebn tek dera e PS p\u00ebr nj\u00eb shikim dhe nj\u00eb buz\u00ebqeshje t\u00eb Liderit apo edhe ata q\u00eb takon n\u00eb baz\u00eb, nj\u00eb fjal\u00eb e mire dhe begenisje , si\u00e7 b\u00ebjn\u00eb kund\u00ebrshtar\u00ebt e tij me t\u00eb tyret, \u00ebsht\u00eb ndonj\u00ebher\u00eb shum\u00eb vendimtare n\u00eb vot\u00eb-marrje, aq sa \u00ebsht\u00eb vendimtare m\u00eb shum\u00eb p\u00ebr Ram\u00ebn sesa Berish\u00ebn, mejdani i ardhsh\u00ebm elektoral.<\/p>\n","protected":false},"excerpt":{"rendered":"<p>Nga Arben Manaj, 22 Gusht 2012 Duket sikur po rikthehet pragmatizmi politik dhe bashk\u00eb me t\u00eb c\u2019principalizimi i politik\u00ebs nga opozita shqiptare n\u00eb p\u00ebrpjekjet p\u00ebr largimin nga pushteti t\u00eb Berish\u00ebs. Ndryshe nga \u00e7\u2019pritej dhe prej nga pritej, ky sinjal ka ardhur jo nga forca kryesore opozitare, por nga nj\u00eb forc\u00eb e re q\u00eb synon t\u00eb [&hellip;]<\/p>\n","protected":false},"author":1,"featured_media":0,"comment_status":"open","ping_status":"closed","sticky":false,"template":"","format":"standard","meta":{"footnotes":""},"categories":[2],"tags":[],"class_list":{"0":"post-4590","1":"post","2":"type-post","3":"status-publish","4":"format-standard","6":"category-artikuj"},"yoast_head":"<!-- This site is optimized with the Yoast SEO plugin v27.4 - https:\/\/yoast.com\/product\/yoast-seo-wordpress\/ -->\n<title>Fronti i munguar... \u201dedhe me djallin\u201d kund\u00ebr Berish\u00ebs - FjALA e LIR\u00cb - Arkivi<\/title>\n<meta name=\"robots\" content=\"index, follow, max-snippet:-1, max-image-preview:large, max-video-preview:-1\" \/>\n<link rel=\"canonical\" href=\"https:\/\/fjala.info\/2009-2015\/fronti-i-munguar-edhe-me-djallin-kunder-berishes\/\" \/>\n<meta property=\"og:locale\" content=\"sq_AL\" \/>\n<meta property=\"og:type\" content=\"article\" \/>\n<meta property=\"og:title\" content=\"Fronti i munguar... \u201dedhe me djallin\u201d kund\u00ebr Berish\u00ebs - FjALA e LIR\u00cb - Arkivi\" \/>\n<meta property=\"og:description\" content=\"Nga Arben Manaj, 22 Gusht 2012 Duket sikur po rikthehet pragmatizmi politik dhe bashk\u00eb me t\u00eb c\u2019principalizimi i politik\u00ebs nga opozita shqiptare n\u00eb p\u00ebrpjekjet p\u00ebr largimin nga pushteti t\u00eb Berish\u00ebs. Ndryshe nga \u00e7\u2019pritej dhe prej nga pritej, ky sinjal ka ardhur jo nga forca kryesore opozitare, por nga nj\u00eb forc\u00eb e re q\u00eb synon t\u00eb [&hellip;]\" \/>\n<meta property=\"og:url\" content=\"https:\/\/fjala.info\/2009-2015\/fronti-i-munguar-edhe-me-djallin-kunder-berishes\/\" \/>\n<meta property=\"og:site_name\" content=\"FjALA e LIR\u00cb - Arkivi\" \/>\n<meta property=\"article:published_time\" content=\"2012-08-22T16:15:40+00:00\" \/>\n<meta property=\"og:image\" content=\"http:\/\/www.fjala.info\/2012\/arben_manaj.jpg\" \/>\n<meta name=\"author\" content=\"admin\" \/>\n<meta name=\"twitter:card\" content=\"summary_large_image\" \/>\n<meta name=\"twitter:label1\" content=\"Written by\" \/>\n\t<meta name=\"twitter:data1\" content=\"admin\" \/>\n\t<meta name=\"twitter:label2\" content=\"Est. reading time\" \/>\n\t<meta name=\"twitter:data2\" content=\"6 minutes\" \/>\n<script type=\"application\/ld+json\" class=\"yoast-schema-graph\">{\"@context\":\"https:\\\/\\\/schema.org\",\"@graph\":[{\"@type\":\"Article\",\"@id\":\"https:\\\/\\\/fjala.info\\\/2009-2015\\\/fronti-i-munguar-edhe-me-djallin-kunder-berishes\\\/#article\",\"isPartOf\":{\"@id\":\"https:\\\/\\\/fjala.info\\\/2009-2015\\\/fronti-i-munguar-edhe-me-djallin-kunder-berishes\\\/\"},\"author\":{\"name\":\"admin\",\"@id\":\"https:\\\/\\\/fjala.info\\\/2009-2015\\\/#\\\/schema\\\/person\\\/3aa1163ef05469c496fc94e77611ada2\"},\"headline\":\"Fronti i munguar&#8230; \u201dedhe me djallin\u201d kund\u00ebr Berish\u00ebs\",\"datePublished\":\"2012-08-22T16:15:40+00:00\",\"mainEntityOfPage\":{\"@id\":\"https:\\\/\\\/fjala.info\\\/2009-2015\\\/fronti-i-munguar-edhe-me-djallin-kunder-berishes\\\/\"},\"wordCount\":1194,\"commentCount\":0,\"publisher\":{\"@id\":\"https:\\\/\\\/fjala.info\\\/2009-2015\\\/#organization\"},\"image\":{\"@id\":\"https:\\\/\\\/fjala.info\\\/2009-2015\\\/fronti-i-munguar-edhe-me-djallin-kunder-berishes\\\/#primaryimage\"},\"thumbnailUrl\":\"http:\\\/\\\/www.fjala.info\\\/2012\\\/arben_manaj.jpg\",\"articleSection\":[\"Artikuj\"],\"inLanguage\":\"sq-AL\",\"potentialAction\":[{\"@type\":\"CommentAction\",\"name\":\"Comment\",\"target\":[\"https:\\\/\\\/fjala.info\\\/2009-2015\\\/fronti-i-munguar-edhe-me-djallin-kunder-berishes\\\/#respond\"]}]},{\"@type\":\"WebPage\",\"@id\":\"https:\\\/\\\/fjala.info\\\/2009-2015\\\/fronti-i-munguar-edhe-me-djallin-kunder-berishes\\\/\",\"url\":\"https:\\\/\\\/fjala.info\\\/2009-2015\\\/fronti-i-munguar-edhe-me-djallin-kunder-berishes\\\/\",\"name\":\"Fronti i munguar... \u201dedhe me djallin\u201d kund\u00ebr Berish\u00ebs - FjALA e LIR\u00cb - Arkivi\",\"isPartOf\":{\"@id\":\"https:\\\/\\\/fjala.info\\\/2009-2015\\\/#website\"},\"primaryImageOfPage\":{\"@id\":\"https:\\\/\\\/fjala.info\\\/2009-2015\\\/fronti-i-munguar-edhe-me-djallin-kunder-berishes\\\/#primaryimage\"},\"image\":{\"@id\":\"https:\\\/\\\/fjala.info\\\/2009-2015\\\/fronti-i-munguar-edhe-me-djallin-kunder-berishes\\\/#primaryimage\"},\"thumbnailUrl\":\"http:\\\/\\\/www.fjala.info\\\/2012\\\/arben_manaj.jpg\",\"datePublished\":\"2012-08-22T16:15:40+00:00\",\"breadcrumb\":{\"@id\":\"https:\\\/\\\/fjala.info\\\/2009-2015\\\/fronti-i-munguar-edhe-me-djallin-kunder-berishes\\\/#breadcrumb\"},\"inLanguage\":\"sq-AL\",\"potentialAction\":[{\"@type\":\"ReadAction\",\"target\":[\"https:\\\/\\\/fjala.info\\\/2009-2015\\\/fronti-i-munguar-edhe-me-djallin-kunder-berishes\\\/\"]}]},{\"@type\":\"ImageObject\",\"inLanguage\":\"sq-AL\",\"@id\":\"https:\\\/\\\/fjala.info\\\/2009-2015\\\/fronti-i-munguar-edhe-me-djallin-kunder-berishes\\\/#primaryimage\",\"url\":\"http:\\\/\\\/www.fjala.info\\\/2012\\\/arben_manaj.jpg\",\"contentUrl\":\"http:\\\/\\\/www.fjala.info\\\/2012\\\/arben_manaj.jpg\"},{\"@type\":\"BreadcrumbList\",\"@id\":\"https:\\\/\\\/fjala.info\\\/2009-2015\\\/fronti-i-munguar-edhe-me-djallin-kunder-berishes\\\/#breadcrumb\",\"itemListElement\":[{\"@type\":\"ListItem\",\"position\":1,\"name\":\"Home\",\"item\":\"https:\\\/\\\/fjala.info\\\/2009-2015\\\/\"},{\"@type\":\"ListItem\",\"position\":2,\"name\":\"Fronti i munguar&#8230; \u201dedhe me djallin\u201d kund\u00ebr Berish\u00ebs\"}]},{\"@type\":\"WebSite\",\"@id\":\"https:\\\/\\\/fjala.info\\\/2009-2015\\\/#website\",\"url\":\"https:\\\/\\\/fjala.info\\\/2009-2015\\\/\",\"name\":\"FjALA e LIR\u00cb - Arkivi\",\"description\":\"Arkivi 2009-2015\",\"publisher\":{\"@id\":\"https:\\\/\\\/fjala.info\\\/2009-2015\\\/#organization\"},\"potentialAction\":[{\"@type\":\"SearchAction\",\"target\":{\"@type\":\"EntryPoint\",\"urlTemplate\":\"https:\\\/\\\/fjala.info\\\/2009-2015\\\/?s={search_term_string}\"},\"query-input\":{\"@type\":\"PropertyValueSpecification\",\"valueRequired\":true,\"valueName\":\"search_term_string\"}}],\"inLanguage\":\"sq-AL\"},{\"@type\":\"Organization\",\"@id\":\"https:\\\/\\\/fjala.info\\\/2009-2015\\\/#organization\",\"name\":\"FjALA e LIR\u00cb - Arkivi\",\"url\":\"https:\\\/\\\/fjala.info\\\/2009-2015\\\/\",\"logo\":{\"@type\":\"ImageObject\",\"inLanguage\":\"sq-AL\",\"@id\":\"https:\\\/\\\/fjala.info\\\/2009-2015\\\/#\\\/schema\\\/logo\\\/image\\\/\",\"url\":\"\",\"contentUrl\":\"\",\"caption\":\"FjALA e LIR\u00cb - Arkivi\"},\"image\":{\"@id\":\"https:\\\/\\\/fjala.info\\\/2009-2015\\\/#\\\/schema\\\/logo\\\/image\\\/\"}},{\"@type\":\"Person\",\"@id\":\"https:\\\/\\\/fjala.info\\\/2009-2015\\\/#\\\/schema\\\/person\\\/3aa1163ef05469c496fc94e77611ada2\",\"name\":\"admin\",\"image\":{\"@type\":\"ImageObject\",\"inLanguage\":\"sq-AL\",\"@id\":\"https:\\\/\\\/fjala.info\\\/2009-2015\\\/wp-content\\\/uploads\\\/2012\\\/02\\\/arben_cokaj-120x150.jpg\",\"url\":\"https:\\\/\\\/fjala.info\\\/2009-2015\\\/wp-content\\\/uploads\\\/2012\\\/02\\\/arben_cokaj-120x150.jpg\",\"contentUrl\":\"https:\\\/\\\/fjala.info\\\/2009-2015\\\/wp-content\\\/uploads\\\/2012\\\/02\\\/arben_cokaj-120x150.jpg\",\"caption\":\"admin\"},\"description\":\"Admin, Fjala e Lir\u00eb\",\"sameAs\":[\"https:\\\/\\\/fjala.info\\\/\"],\"url\":\"https:\\\/\\\/fjala.info\\\/2009-2015\\\/author\\\/admin\\\/\"}]}<\/script>\n<!-- \/ Yoast SEO plugin. -->","yoast_head_json":{"title":"Fronti i munguar... \u201dedhe me djallin\u201d kund\u00ebr Berish\u00ebs - FjALA e LIR\u00cb - Arkivi","robots":{"index":"index","follow":"follow","max-snippet":"max-snippet:-1","max-image-preview":"max-image-preview:large","max-video-preview":"max-video-preview:-1"},"canonical":"https:\/\/fjala.info\/2009-2015\/fronti-i-munguar-edhe-me-djallin-kunder-berishes\/","og_locale":"sq_AL","og_type":"article","og_title":"Fronti i munguar... \u201dedhe me djallin\u201d kund\u00ebr Berish\u00ebs - FjALA e LIR\u00cb - Arkivi","og_description":"Nga Arben Manaj, 22 Gusht 2012 Duket sikur po rikthehet pragmatizmi politik dhe bashk\u00eb me t\u00eb c\u2019principalizimi i politik\u00ebs nga opozita shqiptare n\u00eb p\u00ebrpjekjet p\u00ebr largimin nga pushteti t\u00eb Berish\u00ebs. Ndryshe nga \u00e7\u2019pritej dhe prej nga pritej, ky sinjal ka ardhur jo nga forca kryesore opozitare, por nga nj\u00eb forc\u00eb e re q\u00eb synon t\u00eb [&hellip;]","og_url":"https:\/\/fjala.info\/2009-2015\/fronti-i-munguar-edhe-me-djallin-kunder-berishes\/","og_site_name":"FjALA e LIR\u00cb - Arkivi","article_published_time":"2012-08-22T16:15:40+00:00","og_image":[{"url":"http:\/\/www.fjala.info\/2012\/arben_manaj.jpg","type":"","width":"","height":""}],"author":"admin","twitter_card":"summary_large_image","twitter_misc":{"Written by":"admin","Est. reading time":"6 minutes"},"schema":{"@context":"https:\/\/schema.org","@graph":[{"@type":"Article","@id":"https:\/\/fjala.info\/2009-2015\/fronti-i-munguar-edhe-me-djallin-kunder-berishes\/#article","isPartOf":{"@id":"https:\/\/fjala.info\/2009-2015\/fronti-i-munguar-edhe-me-djallin-kunder-berishes\/"},"author":{"name":"admin","@id":"https:\/\/fjala.info\/2009-2015\/#\/schema\/person\/3aa1163ef05469c496fc94e77611ada2"},"headline":"Fronti i munguar&#8230; \u201dedhe me djallin\u201d kund\u00ebr Berish\u00ebs","datePublished":"2012-08-22T16:15:40+00:00","mainEntityOfPage":{"@id":"https:\/\/fjala.info\/2009-2015\/fronti-i-munguar-edhe-me-djallin-kunder-berishes\/"},"wordCount":1194,"commentCount":0,"publisher":{"@id":"https:\/\/fjala.info\/2009-2015\/#organization"},"image":{"@id":"https:\/\/fjala.info\/2009-2015\/fronti-i-munguar-edhe-me-djallin-kunder-berishes\/#primaryimage"},"thumbnailUrl":"http:\/\/www.fjala.info\/2012\/arben_manaj.jpg","articleSection":["Artikuj"],"inLanguage":"sq-AL","potentialAction":[{"@type":"CommentAction","name":"Comment","target":["https:\/\/fjala.info\/2009-2015\/fronti-i-munguar-edhe-me-djallin-kunder-berishes\/#respond"]}]},{"@type":"WebPage","@id":"https:\/\/fjala.info\/2009-2015\/fronti-i-munguar-edhe-me-djallin-kunder-berishes\/","url":"https:\/\/fjala.info\/2009-2015\/fronti-i-munguar-edhe-me-djallin-kunder-berishes\/","name":"Fronti i munguar... \u201dedhe me djallin\u201d kund\u00ebr Berish\u00ebs - FjALA e LIR\u00cb - Arkivi","isPartOf":{"@id":"https:\/\/fjala.info\/2009-2015\/#website"},"primaryImageOfPage":{"@id":"https:\/\/fjala.info\/2009-2015\/fronti-i-munguar-edhe-me-djallin-kunder-berishes\/#primaryimage"},"image":{"@id":"https:\/\/fjala.info\/2009-2015\/fronti-i-munguar-edhe-me-djallin-kunder-berishes\/#primaryimage"},"thumbnailUrl":"http:\/\/www.fjala.info\/2012\/arben_manaj.jpg","datePublished":"2012-08-22T16:15:40+00:00","breadcrumb":{"@id":"https:\/\/fjala.info\/2009-2015\/fronti-i-munguar-edhe-me-djallin-kunder-berishes\/#breadcrumb"},"inLanguage":"sq-AL","potentialAction":[{"@type":"ReadAction","target":["https:\/\/fjala.info\/2009-2015\/fronti-i-munguar-edhe-me-djallin-kunder-berishes\/"]}]},{"@type":"ImageObject","inLanguage":"sq-AL","@id":"https:\/\/fjala.info\/2009-2015\/fronti-i-munguar-edhe-me-djallin-kunder-berishes\/#primaryimage","url":"http:\/\/www.fjala.info\/2012\/arben_manaj.jpg","contentUrl":"http:\/\/www.fjala.info\/2012\/arben_manaj.jpg"},{"@type":"BreadcrumbList","@id":"https:\/\/fjala.info\/2009-2015\/fronti-i-munguar-edhe-me-djallin-kunder-berishes\/#breadcrumb","itemListElement":[{"@type":"ListItem","position":1,"name":"Home","item":"https:\/\/fjala.info\/2009-2015\/"},{"@type":"ListItem","position":2,"name":"Fronti i munguar&#8230; \u201dedhe me djallin\u201d kund\u00ebr Berish\u00ebs"}]},{"@type":"WebSite","@id":"https:\/\/fjala.info\/2009-2015\/#website","url":"https:\/\/fjala.info\/2009-2015\/","name":"FjALA e LIR\u00cb - Arkivi","description":"Arkivi 2009-2015","publisher":{"@id":"https:\/\/fjala.info\/2009-2015\/#organization"},"potentialAction":[{"@type":"SearchAction","target":{"@type":"EntryPoint","urlTemplate":"https:\/\/fjala.info\/2009-2015\/?s={search_term_string}"},"query-input":{"@type":"PropertyValueSpecification","valueRequired":true,"valueName":"search_term_string"}}],"inLanguage":"sq-AL"},{"@type":"Organization","@id":"https:\/\/fjala.info\/2009-2015\/#organization","name":"FjALA e LIR\u00cb - Arkivi","url":"https:\/\/fjala.info\/2009-2015\/","logo":{"@type":"ImageObject","inLanguage":"sq-AL","@id":"https:\/\/fjala.info\/2009-2015\/#\/schema\/logo\/image\/","url":"","contentUrl":"","caption":"FjALA e LIR\u00cb - Arkivi"},"image":{"@id":"https:\/\/fjala.info\/2009-2015\/#\/schema\/logo\/image\/"}},{"@type":"Person","@id":"https:\/\/fjala.info\/2009-2015\/#\/schema\/person\/3aa1163ef05469c496fc94e77611ada2","name":"admin","image":{"@type":"ImageObject","inLanguage":"sq-AL","@id":"https:\/\/fjala.info\/2009-2015\/wp-content\/uploads\/2012\/02\/arben_cokaj-120x150.jpg","url":"https:\/\/fjala.info\/2009-2015\/wp-content\/uploads\/2012\/02\/arben_cokaj-120x150.jpg","contentUrl":"https:\/\/fjala.info\/2009-2015\/wp-content\/uploads\/2012\/02\/arben_cokaj-120x150.jpg","caption":"admin"},"description":"Admin, Fjala e Lir\u00eb","sameAs":["https:\/\/fjala.info\/"],"url":"https:\/\/fjala.info\/2009-2015\/author\/admin\/"}]}},"_links":{"self":[{"href":"https:\/\/fjala.info\/2009-2015\/wp-json\/wp\/v2\/posts\/4590","targetHints":{"allow":["GET"]}}],"collection":[{"href":"https:\/\/fjala.info\/2009-2015\/wp-json\/wp\/v2\/posts"}],"about":[{"href":"https:\/\/fjala.info\/2009-2015\/wp-json\/wp\/v2\/types\/post"}],"author":[{"embeddable":true,"href":"https:\/\/fjala.info\/2009-2015\/wp-json\/wp\/v2\/users\/1"}],"replies":[{"embeddable":true,"href":"https:\/\/fjala.info\/2009-2015\/wp-json\/wp\/v2\/comments?post=4590"}],"version-history":[{"count":0,"href":"https:\/\/fjala.info\/2009-2015\/wp-json\/wp\/v2\/posts\/4590\/revisions"}],"wp:attachment":[{"href":"https:\/\/fjala.info\/2009-2015\/wp-json\/wp\/v2\/media?parent=4590"}],"wp:term":[{"taxonomy":"category","embeddable":true,"href":"https:\/\/fjala.info\/2009-2015\/wp-json\/wp\/v2\/categories?post=4590"},{"taxonomy":"post_tag","embeddable":true,"href":"https:\/\/fjala.info\/2009-2015\/wp-json\/wp\/v2\/tags?post=4590"}],"curies":[{"name":"wp","href":"https:\/\/api.w.org\/{rel}","templated":true}]}}