{"id":4586,"date":"2012-08-22T16:49:14","date_gmt":"2012-08-22T15:49:14","guid":{"rendered":"http:\/\/www.fjala.info\/?p=4586"},"modified":"2012-08-22T16:49:14","modified_gmt":"2012-08-22T15:49:14","slug":"ju-mendoni-shume-se-cfare-do-thone-te-huajt-veproni-per-te-miren-tuaj","status":"publish","type":"post","link":"https:\/\/fjala.info\/2009-2015\/ju-mendoni-shume-se-cfare-do-thone-te-huajt-veproni-per-te-miren-tuaj\/","title":{"rendered":"\u201cJu mendoni shum\u00eb se \u00e7far\u00eb do thon\u00eb t\u00eb huajt, veproni p\u00ebr t\u00eb mir\u00ebn tuaj\u201d"},"content":{"rendered":"<p><img decoding=\"async\" class=\"alignright size-thumbnail wp-image-7236\" title=\"Carola Muller-Holtkemper\" src=\"http:\/\/www.fjala.info\/2012\/carola_muller_holtkemper.jpg\" alt=\"\" width=\"200\" \/><br \/>\n<strong>TemA Online<\/strong>, <em>22 Gusht 2012<\/em><\/p>\n<p>\u00cbsht\u00eb fakt i ditur, q\u00eb po t\u00eb mos ishte presioni i t\u00eb huajve, zor se do t\u00eb b\u00ebheshin reforma n\u00eb k\u00ebt\u00eb vend. Dhe, k\u00ebt\u00eb gj\u00eb e pohon m\u00eb s\u00eb miri ambasadorja gjermane n\u00eb Shqip\u00ebri, Carola Muller-Holtkemper, e cila shprehet se shqiptar\u00ebt mendojn\u00eb m\u00eb shum\u00eb se \u00e7far\u00eb do t\u00eb thon\u00eb t\u00eb huajt kur veprojn\u00eb, se sa p\u00ebr t\u00eb mir\u00ebn e tyre.<\/p>\n<p>\u201cKa pasur pak proges, si kodi i ri elektroral q\u00eb ka kaluar n\u00eb Parlament . Qeveria dhe opozita po diskutojn\u00eb p\u00ebr t\u00eb reduktuar apo heqin imunitetin apo reformimin e institucioneve legale dhe sistemin e drejt\u00ebsis\u00eb, k\u00ebshtu q\u00eb po flitet p\u00ebr m\u00eb shum\u00eb reforma dhe ne shpresojm\u00eb q\u00eb kjo t\u00eb materializohet. Ne mendojm\u00eb q\u00eb p\u00ebr ne, por m\u00eb shum\u00eb p\u00ebr shqiptar\u00ebt, \u00ebsht\u00eb e r\u00ebnd\u00ebsishme t\u00eb p\u00ebrsosin sistemin e drejt\u00ebsis\u00eb. Kjo do t\u00eb p\u00ebrmir\u00ebsonte situat\u00ebn dhe relatat mes vet\u00eb shqiptar\u00ebve, mes insitucioneve dhe biznesit, mes insitucioneve dhe biznesit t\u00eb huaj.<\/p>\n<p>Por, p\u00ebrshtypja ime \u00ebsht\u00eb se shqiptar\u00ebt mendojn\u00eb shum\u00eb rreth t\u00eb huajve. K\u00ebshtu q\u00eb, na harroni ne dhe b\u00ebni reformat p\u00ebr veten tuaj. Krijoni nj\u00eb shoq\u00ebri m\u00eb p\u00ebrfshir\u00ebse, nj\u00eb mjedis m\u00eb komod p\u00ebr insitiucionet shqiptare dhe biznesin dhe ju do ta merrni statusin e vendit kandidat automatikisht\u201d, ka th\u00ebn\u00eb ambasadorja gjermane nga Gjirokastra.<\/p>\n","protected":false},"excerpt":{"rendered":"<p>TemA Online, 22 Gusht 2012 \u00cbsht\u00eb fakt i ditur, q\u00eb po t\u00eb mos ishte presioni i t\u00eb huajve, zor se do t\u00eb b\u00ebheshin reforma n\u00eb k\u00ebt\u00eb vend. Dhe, k\u00ebt\u00eb gj\u00eb e pohon m\u00eb s\u00eb miri ambasadorja gjermane n\u00eb Shqip\u00ebri, Carola Muller-Holtkemper, e cila shprehet se shqiptar\u00ebt mendojn\u00eb m\u00eb shum\u00eb se \u00e7far\u00eb do t\u00eb thon\u00eb t\u00eb [&hellip;]<\/p>\n","protected":false},"author":1,"featured_media":0,"comment_status":"open","ping_status":"closed","sticky":false,"template":"","format":"standard","meta":{"footnotes":""},"categories":[2,5],"tags":[],"class_list":{"0":"post-4586","1":"post","2":"type-post","3":"status-publish","4":"format-standard","6":"category-artikuj","7":"category-lajme"},"yoast_head":"<!-- This site is optimized with the Yoast SEO plugin v27.4 - https:\/\/yoast.com\/product\/yoast-seo-wordpress\/ -->\n<title>\u201cJu mendoni shum\u00eb se \u00e7far\u00eb do thon\u00eb t\u00eb huajt, veproni p\u00ebr t\u00eb mir\u00ebn tuaj\u201d - FjALA e LIR\u00cb - Arkivi<\/title>\n<meta name=\"robots\" content=\"index, follow, max-snippet:-1, max-image-preview:large, max-video-preview:-1\" \/>\n<link rel=\"canonical\" href=\"https:\/\/fjala.info\/2009-2015\/ju-mendoni-shume-se-cfare-do-thone-te-huajt-veproni-per-te-miren-tuaj\/\" \/>\n<meta property=\"og:locale\" content=\"sq_AL\" \/>\n<meta property=\"og:type\" content=\"article\" \/>\n<meta property=\"og:title\" content=\"\u201cJu mendoni shum\u00eb se \u00e7far\u00eb do thon\u00eb t\u00eb huajt, veproni p\u00ebr t\u00eb mir\u00ebn tuaj\u201d - FjALA e LIR\u00cb - Arkivi\" \/>\n<meta property=\"og:description\" content=\"TemA Online, 22 Gusht 2012 \u00cbsht\u00eb fakt i ditur, q\u00eb po t\u00eb mos ishte presioni i t\u00eb huajve, zor se do t\u00eb b\u00ebheshin reforma n\u00eb k\u00ebt\u00eb vend. Dhe, k\u00ebt\u00eb gj\u00eb e pohon m\u00eb s\u00eb miri ambasadorja gjermane n\u00eb Shqip\u00ebri, Carola Muller-Holtkemper, e cila shprehet se shqiptar\u00ebt mendojn\u00eb m\u00eb shum\u00eb se \u00e7far\u00eb do t\u00eb thon\u00eb t\u00eb [&hellip;]\" \/>\n<meta property=\"og:url\" content=\"https:\/\/fjala.info\/2009-2015\/ju-mendoni-shume-se-cfare-do-thone-te-huajt-veproni-per-te-miren-tuaj\/\" \/>\n<meta property=\"og:site_name\" content=\"FjALA e LIR\u00cb - Arkivi\" \/>\n<meta property=\"article:published_time\" content=\"2012-08-22T15:49:14+00:00\" \/>\n<meta property=\"og:image\" content=\"http:\/\/www.fjala.info\/2012\/carola_muller_holtkemper.jpg\" \/>\n<meta name=\"author\" content=\"admin\" \/>\n<meta name=\"twitter:card\" content=\"summary_large_image\" \/>\n<meta name=\"twitter:label1\" content=\"Written by\" \/>\n\t<meta name=\"twitter:data1\" content=\"admin\" \/>\n\t<meta name=\"twitter:label2\" content=\"Est. reading time\" \/>\n\t<meta name=\"twitter:data2\" content=\"1 minute\" \/>\n<script type=\"application\/ld+json\" class=\"yoast-schema-graph\">{\"@context\":\"https:\\\/\\\/schema.org\",\"@graph\":[{\"@type\":\"Article\",\"@id\":\"https:\\\/\\\/fjala.info\\\/2009-2015\\\/ju-mendoni-shume-se-cfare-do-thone-te-huajt-veproni-per-te-miren-tuaj\\\/#article\",\"isPartOf\":{\"@id\":\"https:\\\/\\\/fjala.info\\\/2009-2015\\\/ju-mendoni-shume-se-cfare-do-thone-te-huajt-veproni-per-te-miren-tuaj\\\/\"},\"author\":{\"name\":\"admin\",\"@id\":\"https:\\\/\\\/fjala.info\\\/2009-2015\\\/#\\\/schema\\\/person\\\/3aa1163ef05469c496fc94e77611ada2\"},\"headline\":\"\u201cJu mendoni shum\u00eb se \u00e7far\u00eb do thon\u00eb t\u00eb huajt, veproni p\u00ebr t\u00eb mir\u00ebn tuaj\u201d\",\"datePublished\":\"2012-08-22T15:49:14+00:00\",\"mainEntityOfPage\":{\"@id\":\"https:\\\/\\\/fjala.info\\\/2009-2015\\\/ju-mendoni-shume-se-cfare-do-thone-te-huajt-veproni-per-te-miren-tuaj\\\/\"},\"wordCount\":250,\"commentCount\":0,\"publisher\":{\"@id\":\"https:\\\/\\\/fjala.info\\\/2009-2015\\\/#organization\"},\"image\":{\"@id\":\"https:\\\/\\\/fjala.info\\\/2009-2015\\\/ju-mendoni-shume-se-cfare-do-thone-te-huajt-veproni-per-te-miren-tuaj\\\/#primaryimage\"},\"thumbnailUrl\":\"http:\\\/\\\/www.fjala.info\\\/2012\\\/carola_muller_holtkemper.jpg\",\"articleSection\":[\"Artikuj\",\"Lajme\"],\"inLanguage\":\"sq-AL\",\"potentialAction\":[{\"@type\":\"CommentAction\",\"name\":\"Comment\",\"target\":[\"https:\\\/\\\/fjala.info\\\/2009-2015\\\/ju-mendoni-shume-se-cfare-do-thone-te-huajt-veproni-per-te-miren-tuaj\\\/#respond\"]}]},{\"@type\":\"WebPage\",\"@id\":\"https:\\\/\\\/fjala.info\\\/2009-2015\\\/ju-mendoni-shume-se-cfare-do-thone-te-huajt-veproni-per-te-miren-tuaj\\\/\",\"url\":\"https:\\\/\\\/fjala.info\\\/2009-2015\\\/ju-mendoni-shume-se-cfare-do-thone-te-huajt-veproni-per-te-miren-tuaj\\\/\",\"name\":\"\u201cJu mendoni shum\u00eb se \u00e7far\u00eb do thon\u00eb t\u00eb huajt, veproni p\u00ebr t\u00eb mir\u00ebn tuaj\u201d - FjALA e LIR\u00cb - Arkivi\",\"isPartOf\":{\"@id\":\"https:\\\/\\\/fjala.info\\\/2009-2015\\\/#website\"},\"primaryImageOfPage\":{\"@id\":\"https:\\\/\\\/fjala.info\\\/2009-2015\\\/ju-mendoni-shume-se-cfare-do-thone-te-huajt-veproni-per-te-miren-tuaj\\\/#primaryimage\"},\"image\":{\"@id\":\"https:\\\/\\\/fjala.info\\\/2009-2015\\\/ju-mendoni-shume-se-cfare-do-thone-te-huajt-veproni-per-te-miren-tuaj\\\/#primaryimage\"},\"thumbnailUrl\":\"http:\\\/\\\/www.fjala.info\\\/2012\\\/carola_muller_holtkemper.jpg\",\"datePublished\":\"2012-08-22T15:49:14+00:00\",\"breadcrumb\":{\"@id\":\"https:\\\/\\\/fjala.info\\\/2009-2015\\\/ju-mendoni-shume-se-cfare-do-thone-te-huajt-veproni-per-te-miren-tuaj\\\/#breadcrumb\"},\"inLanguage\":\"sq-AL\",\"potentialAction\":[{\"@type\":\"ReadAction\",\"target\":[\"https:\\\/\\\/fjala.info\\\/2009-2015\\\/ju-mendoni-shume-se-cfare-do-thone-te-huajt-veproni-per-te-miren-tuaj\\\/\"]}]},{\"@type\":\"ImageObject\",\"inLanguage\":\"sq-AL\",\"@id\":\"https:\\\/\\\/fjala.info\\\/2009-2015\\\/ju-mendoni-shume-se-cfare-do-thone-te-huajt-veproni-per-te-miren-tuaj\\\/#primaryimage\",\"url\":\"http:\\\/\\\/www.fjala.info\\\/2012\\\/carola_muller_holtkemper.jpg\",\"contentUrl\":\"http:\\\/\\\/www.fjala.info\\\/2012\\\/carola_muller_holtkemper.jpg\"},{\"@type\":\"BreadcrumbList\",\"@id\":\"https:\\\/\\\/fjala.info\\\/2009-2015\\\/ju-mendoni-shume-se-cfare-do-thone-te-huajt-veproni-per-te-miren-tuaj\\\/#breadcrumb\",\"itemListElement\":[{\"@type\":\"ListItem\",\"position\":1,\"name\":\"Home\",\"item\":\"https:\\\/\\\/fjala.info\\\/2009-2015\\\/\"},{\"@type\":\"ListItem\",\"position\":2,\"name\":\"\u201cJu mendoni shum\u00eb se \u00e7far\u00eb do thon\u00eb t\u00eb huajt, veproni p\u00ebr t\u00eb mir\u00ebn tuaj\u201d\"}]},{\"@type\":\"WebSite\",\"@id\":\"https:\\\/\\\/fjala.info\\\/2009-2015\\\/#website\",\"url\":\"https:\\\/\\\/fjala.info\\\/2009-2015\\\/\",\"name\":\"FjALA e LIR\u00cb - Arkivi\",\"description\":\"Arkivi 2009-2015\",\"publisher\":{\"@id\":\"https:\\\/\\\/fjala.info\\\/2009-2015\\\/#organization\"},\"potentialAction\":[{\"@type\":\"SearchAction\",\"target\":{\"@type\":\"EntryPoint\",\"urlTemplate\":\"https:\\\/\\\/fjala.info\\\/2009-2015\\\/?s={search_term_string}\"},\"query-input\":{\"@type\":\"PropertyValueSpecification\",\"valueRequired\":true,\"valueName\":\"search_term_string\"}}],\"inLanguage\":\"sq-AL\"},{\"@type\":\"Organization\",\"@id\":\"https:\\\/\\\/fjala.info\\\/2009-2015\\\/#organization\",\"name\":\"FjALA e LIR\u00cb - Arkivi\",\"url\":\"https:\\\/\\\/fjala.info\\\/2009-2015\\\/\",\"logo\":{\"@type\":\"ImageObject\",\"inLanguage\":\"sq-AL\",\"@id\":\"https:\\\/\\\/fjala.info\\\/2009-2015\\\/#\\\/schema\\\/logo\\\/image\\\/\",\"url\":\"\",\"contentUrl\":\"\",\"caption\":\"FjALA e LIR\u00cb - Arkivi\"},\"image\":{\"@id\":\"https:\\\/\\\/fjala.info\\\/2009-2015\\\/#\\\/schema\\\/logo\\\/image\\\/\"}},{\"@type\":\"Person\",\"@id\":\"https:\\\/\\\/fjala.info\\\/2009-2015\\\/#\\\/schema\\\/person\\\/3aa1163ef05469c496fc94e77611ada2\",\"name\":\"admin\",\"image\":{\"@type\":\"ImageObject\",\"inLanguage\":\"sq-AL\",\"@id\":\"https:\\\/\\\/fjala.info\\\/2009-2015\\\/wp-content\\\/uploads\\\/2012\\\/02\\\/arben_cokaj-120x150.jpg\",\"url\":\"https:\\\/\\\/fjala.info\\\/2009-2015\\\/wp-content\\\/uploads\\\/2012\\\/02\\\/arben_cokaj-120x150.jpg\",\"contentUrl\":\"https:\\\/\\\/fjala.info\\\/2009-2015\\\/wp-content\\\/uploads\\\/2012\\\/02\\\/arben_cokaj-120x150.jpg\",\"caption\":\"admin\"},\"description\":\"Admin, Fjala e Lir\u00eb\",\"sameAs\":[\"https:\\\/\\\/fjala.info\\\/\"],\"url\":\"https:\\\/\\\/fjala.info\\\/2009-2015\\\/author\\\/admin\\\/\"}]}<\/script>\n<!-- \/ Yoast SEO plugin. -->","yoast_head_json":{"title":"\u201cJu mendoni shum\u00eb se \u00e7far\u00eb do thon\u00eb t\u00eb huajt, veproni p\u00ebr t\u00eb mir\u00ebn tuaj\u201d - FjALA e LIR\u00cb - Arkivi","robots":{"index":"index","follow":"follow","max-snippet":"max-snippet:-1","max-image-preview":"max-image-preview:large","max-video-preview":"max-video-preview:-1"},"canonical":"https:\/\/fjala.info\/2009-2015\/ju-mendoni-shume-se-cfare-do-thone-te-huajt-veproni-per-te-miren-tuaj\/","og_locale":"sq_AL","og_type":"article","og_title":"\u201cJu mendoni shum\u00eb se \u00e7far\u00eb do thon\u00eb t\u00eb huajt, veproni p\u00ebr t\u00eb mir\u00ebn tuaj\u201d - FjALA e LIR\u00cb - Arkivi","og_description":"TemA Online, 22 Gusht 2012 \u00cbsht\u00eb fakt i ditur, q\u00eb po t\u00eb mos ishte presioni i t\u00eb huajve, zor se do t\u00eb b\u00ebheshin reforma n\u00eb k\u00ebt\u00eb vend. Dhe, k\u00ebt\u00eb gj\u00eb e pohon m\u00eb s\u00eb miri ambasadorja gjermane n\u00eb Shqip\u00ebri, Carola Muller-Holtkemper, e cila shprehet se shqiptar\u00ebt mendojn\u00eb m\u00eb shum\u00eb se \u00e7far\u00eb do t\u00eb thon\u00eb t\u00eb [&hellip;]","og_url":"https:\/\/fjala.info\/2009-2015\/ju-mendoni-shume-se-cfare-do-thone-te-huajt-veproni-per-te-miren-tuaj\/","og_site_name":"FjALA e LIR\u00cb - Arkivi","article_published_time":"2012-08-22T15:49:14+00:00","og_image":[{"url":"http:\/\/www.fjala.info\/2012\/carola_muller_holtkemper.jpg","type":"","width":"","height":""}],"author":"admin","twitter_card":"summary_large_image","twitter_misc":{"Written by":"admin","Est. reading time":"1 minute"},"schema":{"@context":"https:\/\/schema.org","@graph":[{"@type":"Article","@id":"https:\/\/fjala.info\/2009-2015\/ju-mendoni-shume-se-cfare-do-thone-te-huajt-veproni-per-te-miren-tuaj\/#article","isPartOf":{"@id":"https:\/\/fjala.info\/2009-2015\/ju-mendoni-shume-se-cfare-do-thone-te-huajt-veproni-per-te-miren-tuaj\/"},"author":{"name":"admin","@id":"https:\/\/fjala.info\/2009-2015\/#\/schema\/person\/3aa1163ef05469c496fc94e77611ada2"},"headline":"\u201cJu mendoni shum\u00eb se \u00e7far\u00eb do thon\u00eb t\u00eb huajt, veproni p\u00ebr t\u00eb mir\u00ebn tuaj\u201d","datePublished":"2012-08-22T15:49:14+00:00","mainEntityOfPage":{"@id":"https:\/\/fjala.info\/2009-2015\/ju-mendoni-shume-se-cfare-do-thone-te-huajt-veproni-per-te-miren-tuaj\/"},"wordCount":250,"commentCount":0,"publisher":{"@id":"https:\/\/fjala.info\/2009-2015\/#organization"},"image":{"@id":"https:\/\/fjala.info\/2009-2015\/ju-mendoni-shume-se-cfare-do-thone-te-huajt-veproni-per-te-miren-tuaj\/#primaryimage"},"thumbnailUrl":"http:\/\/www.fjala.info\/2012\/carola_muller_holtkemper.jpg","articleSection":["Artikuj","Lajme"],"inLanguage":"sq-AL","potentialAction":[{"@type":"CommentAction","name":"Comment","target":["https:\/\/fjala.info\/2009-2015\/ju-mendoni-shume-se-cfare-do-thone-te-huajt-veproni-per-te-miren-tuaj\/#respond"]}]},{"@type":"WebPage","@id":"https:\/\/fjala.info\/2009-2015\/ju-mendoni-shume-se-cfare-do-thone-te-huajt-veproni-per-te-miren-tuaj\/","url":"https:\/\/fjala.info\/2009-2015\/ju-mendoni-shume-se-cfare-do-thone-te-huajt-veproni-per-te-miren-tuaj\/","name":"\u201cJu mendoni shum\u00eb se \u00e7far\u00eb do thon\u00eb t\u00eb huajt, veproni p\u00ebr t\u00eb mir\u00ebn tuaj\u201d - FjALA e LIR\u00cb - Arkivi","isPartOf":{"@id":"https:\/\/fjala.info\/2009-2015\/#website"},"primaryImageOfPage":{"@id":"https:\/\/fjala.info\/2009-2015\/ju-mendoni-shume-se-cfare-do-thone-te-huajt-veproni-per-te-miren-tuaj\/#primaryimage"},"image":{"@id":"https:\/\/fjala.info\/2009-2015\/ju-mendoni-shume-se-cfare-do-thone-te-huajt-veproni-per-te-miren-tuaj\/#primaryimage"},"thumbnailUrl":"http:\/\/www.fjala.info\/2012\/carola_muller_holtkemper.jpg","datePublished":"2012-08-22T15:49:14+00:00","breadcrumb":{"@id":"https:\/\/fjala.info\/2009-2015\/ju-mendoni-shume-se-cfare-do-thone-te-huajt-veproni-per-te-miren-tuaj\/#breadcrumb"},"inLanguage":"sq-AL","potentialAction":[{"@type":"ReadAction","target":["https:\/\/fjala.info\/2009-2015\/ju-mendoni-shume-se-cfare-do-thone-te-huajt-veproni-per-te-miren-tuaj\/"]}]},{"@type":"ImageObject","inLanguage":"sq-AL","@id":"https:\/\/fjala.info\/2009-2015\/ju-mendoni-shume-se-cfare-do-thone-te-huajt-veproni-per-te-miren-tuaj\/#primaryimage","url":"http:\/\/www.fjala.info\/2012\/carola_muller_holtkemper.jpg","contentUrl":"http:\/\/www.fjala.info\/2012\/carola_muller_holtkemper.jpg"},{"@type":"BreadcrumbList","@id":"https:\/\/fjala.info\/2009-2015\/ju-mendoni-shume-se-cfare-do-thone-te-huajt-veproni-per-te-miren-tuaj\/#breadcrumb","itemListElement":[{"@type":"ListItem","position":1,"name":"Home","item":"https:\/\/fjala.info\/2009-2015\/"},{"@type":"ListItem","position":2,"name":"\u201cJu mendoni shum\u00eb se \u00e7far\u00eb do thon\u00eb t\u00eb huajt, veproni p\u00ebr t\u00eb mir\u00ebn tuaj\u201d"}]},{"@type":"WebSite","@id":"https:\/\/fjala.info\/2009-2015\/#website","url":"https:\/\/fjala.info\/2009-2015\/","name":"FjALA e LIR\u00cb - Arkivi","description":"Arkivi 2009-2015","publisher":{"@id":"https:\/\/fjala.info\/2009-2015\/#organization"},"potentialAction":[{"@type":"SearchAction","target":{"@type":"EntryPoint","urlTemplate":"https:\/\/fjala.info\/2009-2015\/?s={search_term_string}"},"query-input":{"@type":"PropertyValueSpecification","valueRequired":true,"valueName":"search_term_string"}}],"inLanguage":"sq-AL"},{"@type":"Organization","@id":"https:\/\/fjala.info\/2009-2015\/#organization","name":"FjALA e LIR\u00cb - Arkivi","url":"https:\/\/fjala.info\/2009-2015\/","logo":{"@type":"ImageObject","inLanguage":"sq-AL","@id":"https:\/\/fjala.info\/2009-2015\/#\/schema\/logo\/image\/","url":"","contentUrl":"","caption":"FjALA e LIR\u00cb - Arkivi"},"image":{"@id":"https:\/\/fjala.info\/2009-2015\/#\/schema\/logo\/image\/"}},{"@type":"Person","@id":"https:\/\/fjala.info\/2009-2015\/#\/schema\/person\/3aa1163ef05469c496fc94e77611ada2","name":"admin","image":{"@type":"ImageObject","inLanguage":"sq-AL","@id":"https:\/\/fjala.info\/2009-2015\/wp-content\/uploads\/2012\/02\/arben_cokaj-120x150.jpg","url":"https:\/\/fjala.info\/2009-2015\/wp-content\/uploads\/2012\/02\/arben_cokaj-120x150.jpg","contentUrl":"https:\/\/fjala.info\/2009-2015\/wp-content\/uploads\/2012\/02\/arben_cokaj-120x150.jpg","caption":"admin"},"description":"Admin, Fjala e Lir\u00eb","sameAs":["https:\/\/fjala.info\/"],"url":"https:\/\/fjala.info\/2009-2015\/author\/admin\/"}]}},"_links":{"self":[{"href":"https:\/\/fjala.info\/2009-2015\/wp-json\/wp\/v2\/posts\/4586","targetHints":{"allow":["GET"]}}],"collection":[{"href":"https:\/\/fjala.info\/2009-2015\/wp-json\/wp\/v2\/posts"}],"about":[{"href":"https:\/\/fjala.info\/2009-2015\/wp-json\/wp\/v2\/types\/post"}],"author":[{"embeddable":true,"href":"https:\/\/fjala.info\/2009-2015\/wp-json\/wp\/v2\/users\/1"}],"replies":[{"embeddable":true,"href":"https:\/\/fjala.info\/2009-2015\/wp-json\/wp\/v2\/comments?post=4586"}],"version-history":[{"count":0,"href":"https:\/\/fjala.info\/2009-2015\/wp-json\/wp\/v2\/posts\/4586\/revisions"}],"wp:attachment":[{"href":"https:\/\/fjala.info\/2009-2015\/wp-json\/wp\/v2\/media?parent=4586"}],"wp:term":[{"taxonomy":"category","embeddable":true,"href":"https:\/\/fjala.info\/2009-2015\/wp-json\/wp\/v2\/categories?post=4586"},{"taxonomy":"post_tag","embeddable":true,"href":"https:\/\/fjala.info\/2009-2015\/wp-json\/wp\/v2\/tags?post=4586"}],"curies":[{"name":"wp","href":"https:\/\/api.w.org\/{rel}","templated":true}]}}