{"id":4582,"date":"2010-11-01T11:25:27","date_gmt":"2010-11-01T10:25:27","guid":{"rendered":"http:\/\/fjala.shkoder.net\/?p=4582"},"modified":"2010-11-01T11:25:27","modified_gmt":"2010-11-01T10:25:27","slug":"fola-shpetova-shpirtin-po-pastaj","status":"publish","type":"post","link":"https:\/\/fjala.info\/2009-2015\/fola-shpetova-shpirtin-po-pastaj\/","title":{"rendered":"Fola, shp\u00ebtova shpirtin. Po pastaj?"},"content":{"rendered":"<p><img loading=\"lazy\" decoding=\"async\" class=\"alignleft size-thumbnail wp-image-4317\" title=\"Pre\u00e7 Zogaj\" src=\"http:\/\/fjala.shkoder.net\/wp-content\/uploads\/2010\/10\/prec_zogaj-150x150.jpg\" alt=\"\" width=\"150\" height=\"150\" \/><br \/>\n<strong>Pre\u00e7 Zogaj<\/strong>, <em>31.10.2010<\/em><\/p>\n<p>Reagimet dhe jehona ndaj pohimit t\u00eb kryeprokurores Ina Rama p\u00ebr &#8220;krimin e jakave t\u00eb bardha&#8221; n\u00eb Shqip\u00ebri ishte dhe vijon t\u00eb jet\u00eb shum\u00eb m\u00eb i zbeht\u00eb se sa duhej t\u00eb ishte. U tha si pa t\u00eb keq ajo deklarat\u00eb e tmerrshme. U tha pa ton, pa solemnitetin e k\u00ebrkuar, pa ngrysjen e fytyr\u00ebs, si n\u00eb ato skenat skematike t\u00eb p\u00ebrballjes se personazhit pozitiv me t\u00eb keqen q\u00eb i kanoset vendit. U tha me nj\u00eb buzagaz t\u00eb kursyer fem\u00ebror, me pafaj\u00ebsin\u00eb e nj\u00eb dore q\u00eb tregon nj\u00eb bomb\u00eb, me teatralitetin e ri ndoshta, q\u00eb i p\u00ebrgjigjej vet\u00ebdijes s\u00eb shkeljes n\u00eb nj\u00eb fush\u00eb t\u00eb minuar.<\/p>\n<p>Si t\u00eb ishin molepsur nga sportiviteti dhe kujdesi me t\u00eb cil\u00ebn e hodhi dorashk\u00ebn kryeprokurorja, apo sikur ta din\u00eb t\u00eb gjith\u00eb, i madh e i vog\u00ebl, se krimi i jakave t\u00eb bardha ka marr\u00eb fuqin\u00eb dhe vendos p\u00ebr gjith\u00e7ka n\u00eb k\u00ebt\u00eb vend, institucionet, me ndonj\u00eb p\u00ebrjashtim, e kaluan dhe po e kalojn\u00eb n\u00eb heshtje kumtes\u00ebn e gruas q\u00eb drejton organin e akuz\u00ebs n\u00eb vend. Por kjo nuk e ndryshon thelbin e \u00e7\u00ebshtjes: kumtesa e Ina Ram\u00ebs \u00ebsht\u00eb nj\u00eb mandat\u00eb n\u00eb kuptimin e plot\u00eb t\u00eb fjal\u00ebs.<\/p>\n<p>N\u00eb \u00e7do vend t\u00eb bot\u00ebs demokratike nj\u00eb kumtes\u00eb e till\u00eb do t\u00eb shkaktonte tronditje t\u00eb mbar\u00eb sistemit. Parlamenti do t\u00eb thirrej n\u00eb kauz\u00eb me urgjenc\u00eb p\u00ebr t\u00eb debatuar p\u00ebr problemin. Qeveria do ta konsideronte nj\u00eb sinjal alarmi dhe do t\u00eb shpallte pa vones\u00eb q\u00ebndrimin e vet. Tribunat e opinionit publik, si\u00e7 jan\u00eb mediat dhe organizatat joqeveritare do t\u00eb zienin. Ka akoma media dhe z\u00ebra q\u00eb nuk e kan\u00eb humbur ndjeshm\u00ebrin\u00eb dhe guximin p\u00ebr t\u00eb folur p\u00ebr k\u00ebto gj\u00ebra.<\/p>\n<p>Reziston dhe nuk mund t\u00eb mposhtet Shqip\u00ebria e ndershme, kritike dhe e drejt\u00eb. Por edhe heshtja p\u00ebr shkak t\u00eb frik\u00ebs, konformizmit apo mpleksjes me abuzimet \u00ebsht\u00eb shum\u00eb e madhe. Kurse heshtja p\u00ebr deklarat\u00ebn e kryeprokurores \u00ebsht\u00eb disi e ve\u00e7ant\u00eb. \u00cbsht\u00eb nj\u00eb heshtje si p\u00ebr nj\u00eb s\u00ebmundje t\u00eb frikshme apo si p\u00ebr nj\u00eb k\u00ebrc\u00ebnim fantazmash. N\u00eb fakt ashtu si\u00e7 u tha pa buj\u00eb, lajmi i zi vazhdon t\u00eb p\u00ebrhapet pa buj\u00eb, si pika e ujit n\u00eb got\u00ebn q\u00eb derdhet. Edhe gota e tejmbushur k\u00ebshtu derdhet. Me nj\u00eb zhurm\u00eb t\u00eb m\u00ebndafsht\u00eb q\u00eb nuk mund t\u00eb quhet zhurm\u00eb.<\/p>\n<p>Por ama gota e s\u00eb keqes \u00ebsht\u00eb mbushur plot, nuk mban m\u00eb.<br \/>\nKam p\u00ebrshtypjen se kryeprokurorja nuk ishte spontane, por ishte menduar mir\u00eb p\u00ebr koh\u00ebn, vendin dhe p\u00ebr at\u00eb q\u00eb do t\u00eb thoshte n\u00eb tribun\u00ebn ku foli. Q\u00ebkurse \u00ebsht\u00eb em\u00ebruar kryeprokurore ajo \u00ebsht\u00eb paragjykuar apo konsideruar her\u00eb si veg\u00ebl e nj\u00eb institucioni, her\u00eb si veg\u00ebl e nj\u00eb tjetri t\u00eb kund\u00ebrt me t\u00eb parin. Ajo \u00ebsht\u00eb mb\u00ebshtetur, por edhe kritikuar e sulmuar nga media e pavarur.<\/p>\n<p>Nuk ka dyshim se Prokuroria e drejtuar prej saj nuk ka arritur t\u00eb ngrihet n\u00eb nivelin e pritshm\u00ebris\u00eb s\u00eb publikut p\u00ebr luft\u00ebn kund\u00ebr korrupsionit dhe krimit n\u00eb p\u00ebrgjith\u00ebsi dhe atij t\u00eb stamp\u00ebs zyrtare n\u00eb ve\u00e7anti. Qasja e k\u00ebsaj gruaje ndaj nj\u00eb detyre t\u00eb v\u00ebshtir\u00eb , si\u00e7 \u00ebsht\u00eb drejtimi i organit t\u00eb akuz\u00ebs n\u00eb nj\u00eb vend ku shumica e qeveritar\u00ebve kan\u00eb si preokupim kryesor t\u00eb sigurojn\u00eb edhe mbesat e nipat me parat\u00eb e ryshfeteve dhe korrupsionit, \u00ebsht\u00eb gdhendur n\u00eb ecjen dhe lukun e saj: pak shmangie, pak moskok\u00eb\u00e7arje&#8230;<\/p>\n<p>Ne vajtojm\u00eb munges\u00ebn e kurajos s\u00eb prokuroris\u00eb p\u00ebr t&#8217;u p\u00ebrballur me korrupsionin e niveleve t\u00eb larta n\u00eb vend, por askush, besoj, nuk mund ta akuzoj\u00eb Ina Ram\u00ebn p\u00ebr munges\u00eb inteligjence. P\u00ebrkundrazi. Q\u00eb prej fillimit t\u00eb detyr\u00ebs, prononcimet e saj t\u00eb kursyera dhe lakonike kan\u00eb qen\u00eb nj\u00eb konfirmin i rezultateve t\u00eb saj t\u00eb larta n\u00eb shkoll\u00eb dhe n\u00eb karrier\u00eb, fal\u00eb t\u00eb cilave edhe i \u00ebsht\u00eb besuar posti i lart\u00eb. Ja p\u00ebrse deklaratat e saj t\u00eb fundit jo vet\u00ebm nuk duhen konsideruar &#8220;nj\u00eb krehje e bukur&#8221;, si\u00e7 kam d\u00ebgjuar t\u00eb thot\u00eb nj\u00eb politikan, por duhen analizuar me seriozitet maksimal.<\/p>\n<p>Deklarata e saj i referohet krimit t\u00eb zyrtar\u00ebve t\u00eb veshur me pushtet dhe bashk\u00ebpun\u00ebtor\u00ebve t\u00eb tyre nga fusha e biznesit t\u00eb paligjsh\u00ebm dhe mafias. Deklarata e saj identifikon k\u00ebt\u00eb grup kriminal shum\u00eb t\u00eb rreziksh\u00ebm, q\u00eb q\u00ebndron mbi ligjin, q\u00eb ka thyer e n\u00ebnshtruar prokurorin\u00eb dhe gjykatat e vendit, duke goditur themelet e shtetit t\u00eb s\u00eb drejt\u00ebs n\u00eb vend.<\/p>\n<p>Ina Rama ua njoftoi k\u00ebt\u00eb situat\u00eb prokuror\u00ebve t\u00eb rinj dhe n\u00ebp\u00ebrmes tyre mbar\u00eb opinionit publik dhe politik vendas dhe t\u00eb huaj. Ajo nuk dha referenca konkrete dhe nuk shpalli ndonj\u00eb paket\u00eb masash apo ndonj\u00eb fushat\u00eb t\u00eb prokuroris\u00eb kund\u00ebr jakave. Vet\u00ebm pohoi. Vet\u00ebm njoftoi: ja ku jemi.<\/p>\n<p>B\u00ebri mir\u00eb apo keq q\u00eb foli? Disa mendojn\u00eb se kryeprokurorja nuk flet, por vepron. Prapa k\u00ebtij parimi p\u00ebrgjith\u00ebsisht libresk fshihen edhe ata q\u00eb e duan kryeprokuroren kukull, marionet\u00eb apo lloshe. Disa t\u00eb tjer\u00eb mendojn\u00eb se kryeprokurorja p\u00ebrfshihet me mas\u00eb n\u00eb debatet e fush\u00ebs , por kur \u00ebsht\u00eb fjala p\u00ebr pohime gjenerike si ato t\u00eb daljes s\u00eb fundit, q\u00ebndrimet e saj nuk duhet t\u00eb ngelin n\u00eb nivelin e deklaratave, por duhet patjet\u00ebr t\u00eb shoq\u00ebrohen me njoftimin e masave p\u00ebr rregullimin e gjendjes. P\u00ebrndryshe, p\u00ebr shkak t\u00eb postit q\u00eb ajo mban, deklarata t\u00eb tilla t\u00eb pashoq\u00ebruara me masat p\u00ebrkat\u00ebse p\u00ebrcjellin nj\u00eb frym\u00eb disfatiste dhe krijojn\u00eb panik n\u00eb publik.<\/p>\n<p>Midis t\u00eb folurit dhe heshtjes s\u00eb kryeprokurores n\u00eb situat\u00ebn e krijuar un\u00eb zgjedh t\u00eb folurin. Edhe pse, si mij\u00ebra e mij\u00ebra shqiptar\u00eb, nuk po marr nj\u00eb informacion t\u00eb ri kur m\u00ebsoj se n\u00eb vendin tim korrupsioni dhe krimi me stamp\u00eb shtet\u00ebrore po p\u00ebrpiqet me t\u00eb gjitha format t&#8217;i mbivendoset ligjit dhe shtetit t\u00eb s\u00eb drejt\u00ebs. Por kur p\u00ebr k\u00ebt\u00eb lloj krimi flet zyrtarja m\u00eb e lart\u00eb e organit t\u00eb akuz\u00ebs, problemi merr nj\u00eb pesh\u00eb tjet\u00ebr. Ve\u00e7 k\u00ebsaj, vet\u00eb e folura \u00ebsht\u00eb nj\u00eb kund\u00ebrsfid\u00eb ndaj sfid\u00ebs q\u00eb krimi i jakave t\u00eb bardha i b\u00ebn ligjit dhe interesit publik.<\/p>\n<p>Deklarata e Ina Ram\u00ebs \u00ebsht\u00eb pozitive si provokim. Heshtja e qeveris\u00eb p\u00ebr llojin e krimit q\u00eb denoncoi ajo &#8220;jehon&#8221; n\u00eb progres-raportin e ri t\u00eb BE-s\u00eb p\u00ebr Shqip\u00ebrin\u00eb dhe n\u00eb vendimin e paralajm\u00ebruar t\u00eb Europ\u00ebs p\u00ebr refuzimin e k\u00ebrkes\u00ebs s\u00eb Shqip\u00ebris\u00eb p\u00ebr t\u00eb marr\u00eb statusin e vendit kandidat edhe p\u00ebr shkak t\u00eb korrupsionit dhe krimit k\u00ebtu.<\/p>\n<p>Deklarata e Ina Ram\u00ebs \u00ebsht\u00eb pozitive edhe si distancim. Vet\u00eb ajo, duke treguar me gisht kush po i merr frym\u00ebn drejt\u00ebsis\u00eb, ka kryer aktin e distancimit nga banda e jakave t\u00eb bardha. Kjo \u00ebsht\u00eb shum\u00eb m\u00eb mir\u00eb se sa t\u00eb hiqej sikur nuk e shihte. Kjo e nderon personalitetin e saj.<\/p>\n<p>Deklarata e saj \u00ebsht\u00eb pozitive edhe si kapitullim. Ajo duhet ta gjykoj\u00eb me k\u00ebt\u00eb sy pozicionin e saj, n\u00ebse nuk e ka gjykuar akoma. M\u00eb mir\u00eb shpallja e kapitullimit p\u00ebrball\u00eb s\u00eb keqes, se sa mbajtja peng e nj\u00eb pozicioni publik. Kryeprokurorja foli dhe shp\u00ebtoi shpirtin e saj. Por kaq nuk mjafton, gj\u00ebrat nuk mund t\u00eb lihen n\u00eb mes, topi \u00ebsht\u00eb p\u00ebrs\u00ebri n\u00eb fush\u00ebn e saj p\u00ebr nj\u00eb zgjidhje q\u00eb do t\u00eb t\u00eb krijonte mund\u00ebsin\u00eb e nj\u00eb rezistence t\u00eb re dhe ofensive t\u00eb re t\u00eb prokuroris\u00eb kund\u00ebr krimit t\u00eb jakave t\u00eb bardha.<\/p>\n","protected":false},"excerpt":{"rendered":"<p>Pre\u00e7 Zogaj, 31.10.2010 Reagimet dhe jehona ndaj pohimit t\u00eb kryeprokurores Ina Rama p\u00ebr &#8220;krimin e jakave t\u00eb bardha&#8221; n\u00eb Shqip\u00ebri ishte dhe vijon t\u00eb jet\u00eb shum\u00eb m\u00eb i zbeht\u00eb se sa duhej t\u00eb ishte. U tha si pa t\u00eb keq ajo deklarat\u00eb e tmerrshme. U tha pa ton, pa solemnitetin e k\u00ebrkuar, pa ngrysjen e [&hellip;]<\/p>\n","protected":false},"author":1,"featured_media":0,"comment_status":"open","ping_status":"closed","sticky":false,"template":"","format":"standard","meta":{"footnotes":""},"categories":[2],"tags":[],"class_list":{"0":"post-4582","1":"post","2":"type-post","3":"status-publish","4":"format-standard","6":"category-artikuj"},"yoast_head":"<!-- This site is optimized with the Yoast SEO plugin v27.4 - https:\/\/yoast.com\/product\/yoast-seo-wordpress\/ -->\n<title>Fola, shp\u00ebtova shpirtin. Po pastaj? - FjALA e LIR\u00cb - Arkivi<\/title>\n<meta name=\"robots\" content=\"index, follow, max-snippet:-1, max-image-preview:large, max-video-preview:-1\" \/>\n<link rel=\"canonical\" href=\"https:\/\/fjala.info\/2009-2015\/fola-shpetova-shpirtin-po-pastaj\/\" \/>\n<meta property=\"og:locale\" content=\"sq_AL\" \/>\n<meta property=\"og:type\" content=\"article\" \/>\n<meta property=\"og:title\" content=\"Fola, shp\u00ebtova shpirtin. Po pastaj? - FjALA e LIR\u00cb - Arkivi\" \/>\n<meta property=\"og:description\" content=\"Pre\u00e7 Zogaj, 31.10.2010 Reagimet dhe jehona ndaj pohimit t\u00eb kryeprokurores Ina Rama p\u00ebr &#8220;krimin e jakave t\u00eb bardha&#8221; n\u00eb Shqip\u00ebri ishte dhe vijon t\u00eb jet\u00eb shum\u00eb m\u00eb i zbeht\u00eb se sa duhej t\u00eb ishte. U tha si pa t\u00eb keq ajo deklarat\u00eb e tmerrshme. U tha pa ton, pa solemnitetin e k\u00ebrkuar, pa ngrysjen e [&hellip;]\" \/>\n<meta property=\"og:url\" content=\"https:\/\/fjala.info\/2009-2015\/fola-shpetova-shpirtin-po-pastaj\/\" \/>\n<meta property=\"og:site_name\" content=\"FjALA e LIR\u00cb - Arkivi\" \/>\n<meta property=\"article:published_time\" content=\"2010-11-01T10:25:27+00:00\" \/>\n<meta property=\"og:image\" content=\"http:\/\/fjala.shkoder.net\/wp-content\/uploads\/2010\/10\/prec_zogaj-150x150.jpg\" \/>\n<meta name=\"author\" content=\"admin\" \/>\n<meta name=\"twitter:card\" content=\"summary_large_image\" \/>\n<meta name=\"twitter:label1\" content=\"Written by\" \/>\n\t<meta name=\"twitter:data1\" content=\"admin\" \/>\n\t<meta name=\"twitter:label2\" content=\"Est. reading time\" \/>\n\t<meta name=\"twitter:data2\" content=\"6 minutes\" \/>\n<script type=\"application\/ld+json\" class=\"yoast-schema-graph\">{\"@context\":\"https:\\\/\\\/schema.org\",\"@graph\":[{\"@type\":\"Article\",\"@id\":\"https:\\\/\\\/fjala.info\\\/2009-2015\\\/fola-shpetova-shpirtin-po-pastaj\\\/#article\",\"isPartOf\":{\"@id\":\"https:\\\/\\\/fjala.info\\\/2009-2015\\\/fola-shpetova-shpirtin-po-pastaj\\\/\"},\"author\":{\"name\":\"admin\",\"@id\":\"https:\\\/\\\/fjala.info\\\/2009-2015\\\/#\\\/schema\\\/person\\\/3aa1163ef05469c496fc94e77611ada2\"},\"headline\":\"Fola, shp\u00ebtova shpirtin. Po pastaj?\",\"datePublished\":\"2010-11-01T10:25:27+00:00\",\"mainEntityOfPage\":{\"@id\":\"https:\\\/\\\/fjala.info\\\/2009-2015\\\/fola-shpetova-shpirtin-po-pastaj\\\/\"},\"wordCount\":1287,\"commentCount\":0,\"publisher\":{\"@id\":\"https:\\\/\\\/fjala.info\\\/2009-2015\\\/#organization\"},\"image\":{\"@id\":\"https:\\\/\\\/fjala.info\\\/2009-2015\\\/fola-shpetova-shpirtin-po-pastaj\\\/#primaryimage\"},\"thumbnailUrl\":\"http:\\\/\\\/fjala.shkoder.net\\\/wp-content\\\/uploads\\\/2010\\\/10\\\/prec_zogaj-150x150.jpg\",\"articleSection\":[\"Artikuj\"],\"inLanguage\":\"sq-AL\",\"potentialAction\":[{\"@type\":\"CommentAction\",\"name\":\"Comment\",\"target\":[\"https:\\\/\\\/fjala.info\\\/2009-2015\\\/fola-shpetova-shpirtin-po-pastaj\\\/#respond\"]}]},{\"@type\":\"WebPage\",\"@id\":\"https:\\\/\\\/fjala.info\\\/2009-2015\\\/fola-shpetova-shpirtin-po-pastaj\\\/\",\"url\":\"https:\\\/\\\/fjala.info\\\/2009-2015\\\/fola-shpetova-shpirtin-po-pastaj\\\/\",\"name\":\"Fola, shp\u00ebtova shpirtin. Po pastaj? - FjALA e LIR\u00cb - Arkivi\",\"isPartOf\":{\"@id\":\"https:\\\/\\\/fjala.info\\\/2009-2015\\\/#website\"},\"primaryImageOfPage\":{\"@id\":\"https:\\\/\\\/fjala.info\\\/2009-2015\\\/fola-shpetova-shpirtin-po-pastaj\\\/#primaryimage\"},\"image\":{\"@id\":\"https:\\\/\\\/fjala.info\\\/2009-2015\\\/fola-shpetova-shpirtin-po-pastaj\\\/#primaryimage\"},\"thumbnailUrl\":\"http:\\\/\\\/fjala.shkoder.net\\\/wp-content\\\/uploads\\\/2010\\\/10\\\/prec_zogaj-150x150.jpg\",\"datePublished\":\"2010-11-01T10:25:27+00:00\",\"breadcrumb\":{\"@id\":\"https:\\\/\\\/fjala.info\\\/2009-2015\\\/fola-shpetova-shpirtin-po-pastaj\\\/#breadcrumb\"},\"inLanguage\":\"sq-AL\",\"potentialAction\":[{\"@type\":\"ReadAction\",\"target\":[\"https:\\\/\\\/fjala.info\\\/2009-2015\\\/fola-shpetova-shpirtin-po-pastaj\\\/\"]}]},{\"@type\":\"ImageObject\",\"inLanguage\":\"sq-AL\",\"@id\":\"https:\\\/\\\/fjala.info\\\/2009-2015\\\/fola-shpetova-shpirtin-po-pastaj\\\/#primaryimage\",\"url\":\"http:\\\/\\\/fjala.shkoder.net\\\/wp-content\\\/uploads\\\/2010\\\/10\\\/prec_zogaj-150x150.jpg\",\"contentUrl\":\"http:\\\/\\\/fjala.shkoder.net\\\/wp-content\\\/uploads\\\/2010\\\/10\\\/prec_zogaj-150x150.jpg\"},{\"@type\":\"BreadcrumbList\",\"@id\":\"https:\\\/\\\/fjala.info\\\/2009-2015\\\/fola-shpetova-shpirtin-po-pastaj\\\/#breadcrumb\",\"itemListElement\":[{\"@type\":\"ListItem\",\"position\":1,\"name\":\"Home\",\"item\":\"https:\\\/\\\/fjala.info\\\/2009-2015\\\/\"},{\"@type\":\"ListItem\",\"position\":2,\"name\":\"Fola, shp\u00ebtova shpirtin. Po pastaj?\"}]},{\"@type\":\"WebSite\",\"@id\":\"https:\\\/\\\/fjala.info\\\/2009-2015\\\/#website\",\"url\":\"https:\\\/\\\/fjala.info\\\/2009-2015\\\/\",\"name\":\"FjALA e LIR\u00cb - Arkivi\",\"description\":\"Arkivi 2009-2015\",\"publisher\":{\"@id\":\"https:\\\/\\\/fjala.info\\\/2009-2015\\\/#organization\"},\"potentialAction\":[{\"@type\":\"SearchAction\",\"target\":{\"@type\":\"EntryPoint\",\"urlTemplate\":\"https:\\\/\\\/fjala.info\\\/2009-2015\\\/?s={search_term_string}\"},\"query-input\":{\"@type\":\"PropertyValueSpecification\",\"valueRequired\":true,\"valueName\":\"search_term_string\"}}],\"inLanguage\":\"sq-AL\"},{\"@type\":\"Organization\",\"@id\":\"https:\\\/\\\/fjala.info\\\/2009-2015\\\/#organization\",\"name\":\"FjALA e LIR\u00cb - Arkivi\",\"url\":\"https:\\\/\\\/fjala.info\\\/2009-2015\\\/\",\"logo\":{\"@type\":\"ImageObject\",\"inLanguage\":\"sq-AL\",\"@id\":\"https:\\\/\\\/fjala.info\\\/2009-2015\\\/#\\\/schema\\\/logo\\\/image\\\/\",\"url\":\"\",\"contentUrl\":\"\",\"caption\":\"FjALA e LIR\u00cb - Arkivi\"},\"image\":{\"@id\":\"https:\\\/\\\/fjala.info\\\/2009-2015\\\/#\\\/schema\\\/logo\\\/image\\\/\"}},{\"@type\":\"Person\",\"@id\":\"https:\\\/\\\/fjala.info\\\/2009-2015\\\/#\\\/schema\\\/person\\\/3aa1163ef05469c496fc94e77611ada2\",\"name\":\"admin\",\"image\":{\"@type\":\"ImageObject\",\"inLanguage\":\"sq-AL\",\"@id\":\"https:\\\/\\\/fjala.info\\\/2009-2015\\\/wp-content\\\/uploads\\\/2012\\\/02\\\/arben_cokaj-120x150.jpg\",\"url\":\"https:\\\/\\\/fjala.info\\\/2009-2015\\\/wp-content\\\/uploads\\\/2012\\\/02\\\/arben_cokaj-120x150.jpg\",\"contentUrl\":\"https:\\\/\\\/fjala.info\\\/2009-2015\\\/wp-content\\\/uploads\\\/2012\\\/02\\\/arben_cokaj-120x150.jpg\",\"caption\":\"admin\"},\"description\":\"Admin, Fjala e Lir\u00eb\",\"sameAs\":[\"https:\\\/\\\/fjala.info\\\/\"],\"url\":\"https:\\\/\\\/fjala.info\\\/2009-2015\\\/author\\\/admin\\\/\"}]}<\/script>\n<!-- \/ Yoast SEO plugin. -->","yoast_head_json":{"title":"Fola, shp\u00ebtova shpirtin. Po pastaj? - FjALA e LIR\u00cb - Arkivi","robots":{"index":"index","follow":"follow","max-snippet":"max-snippet:-1","max-image-preview":"max-image-preview:large","max-video-preview":"max-video-preview:-1"},"canonical":"https:\/\/fjala.info\/2009-2015\/fola-shpetova-shpirtin-po-pastaj\/","og_locale":"sq_AL","og_type":"article","og_title":"Fola, shp\u00ebtova shpirtin. Po pastaj? - FjALA e LIR\u00cb - Arkivi","og_description":"Pre\u00e7 Zogaj, 31.10.2010 Reagimet dhe jehona ndaj pohimit t\u00eb kryeprokurores Ina Rama p\u00ebr &#8220;krimin e jakave t\u00eb bardha&#8221; n\u00eb Shqip\u00ebri ishte dhe vijon t\u00eb jet\u00eb shum\u00eb m\u00eb i zbeht\u00eb se sa duhej t\u00eb ishte. U tha si pa t\u00eb keq ajo deklarat\u00eb e tmerrshme. U tha pa ton, pa solemnitetin e k\u00ebrkuar, pa ngrysjen e [&hellip;]","og_url":"https:\/\/fjala.info\/2009-2015\/fola-shpetova-shpirtin-po-pastaj\/","og_site_name":"FjALA e LIR\u00cb - Arkivi","article_published_time":"2010-11-01T10:25:27+00:00","og_image":[{"url":"http:\/\/fjala.shkoder.net\/wp-content\/uploads\/2010\/10\/prec_zogaj-150x150.jpg","type":"","width":"","height":""}],"author":"admin","twitter_card":"summary_large_image","twitter_misc":{"Written by":"admin","Est. reading time":"6 minutes"},"schema":{"@context":"https:\/\/schema.org","@graph":[{"@type":"Article","@id":"https:\/\/fjala.info\/2009-2015\/fola-shpetova-shpirtin-po-pastaj\/#article","isPartOf":{"@id":"https:\/\/fjala.info\/2009-2015\/fola-shpetova-shpirtin-po-pastaj\/"},"author":{"name":"admin","@id":"https:\/\/fjala.info\/2009-2015\/#\/schema\/person\/3aa1163ef05469c496fc94e77611ada2"},"headline":"Fola, shp\u00ebtova shpirtin. Po pastaj?","datePublished":"2010-11-01T10:25:27+00:00","mainEntityOfPage":{"@id":"https:\/\/fjala.info\/2009-2015\/fola-shpetova-shpirtin-po-pastaj\/"},"wordCount":1287,"commentCount":0,"publisher":{"@id":"https:\/\/fjala.info\/2009-2015\/#organization"},"image":{"@id":"https:\/\/fjala.info\/2009-2015\/fola-shpetova-shpirtin-po-pastaj\/#primaryimage"},"thumbnailUrl":"http:\/\/fjala.shkoder.net\/wp-content\/uploads\/2010\/10\/prec_zogaj-150x150.jpg","articleSection":["Artikuj"],"inLanguage":"sq-AL","potentialAction":[{"@type":"CommentAction","name":"Comment","target":["https:\/\/fjala.info\/2009-2015\/fola-shpetova-shpirtin-po-pastaj\/#respond"]}]},{"@type":"WebPage","@id":"https:\/\/fjala.info\/2009-2015\/fola-shpetova-shpirtin-po-pastaj\/","url":"https:\/\/fjala.info\/2009-2015\/fola-shpetova-shpirtin-po-pastaj\/","name":"Fola, shp\u00ebtova shpirtin. Po pastaj? - FjALA e LIR\u00cb - Arkivi","isPartOf":{"@id":"https:\/\/fjala.info\/2009-2015\/#website"},"primaryImageOfPage":{"@id":"https:\/\/fjala.info\/2009-2015\/fola-shpetova-shpirtin-po-pastaj\/#primaryimage"},"image":{"@id":"https:\/\/fjala.info\/2009-2015\/fola-shpetova-shpirtin-po-pastaj\/#primaryimage"},"thumbnailUrl":"http:\/\/fjala.shkoder.net\/wp-content\/uploads\/2010\/10\/prec_zogaj-150x150.jpg","datePublished":"2010-11-01T10:25:27+00:00","breadcrumb":{"@id":"https:\/\/fjala.info\/2009-2015\/fola-shpetova-shpirtin-po-pastaj\/#breadcrumb"},"inLanguage":"sq-AL","potentialAction":[{"@type":"ReadAction","target":["https:\/\/fjala.info\/2009-2015\/fola-shpetova-shpirtin-po-pastaj\/"]}]},{"@type":"ImageObject","inLanguage":"sq-AL","@id":"https:\/\/fjala.info\/2009-2015\/fola-shpetova-shpirtin-po-pastaj\/#primaryimage","url":"http:\/\/fjala.shkoder.net\/wp-content\/uploads\/2010\/10\/prec_zogaj-150x150.jpg","contentUrl":"http:\/\/fjala.shkoder.net\/wp-content\/uploads\/2010\/10\/prec_zogaj-150x150.jpg"},{"@type":"BreadcrumbList","@id":"https:\/\/fjala.info\/2009-2015\/fola-shpetova-shpirtin-po-pastaj\/#breadcrumb","itemListElement":[{"@type":"ListItem","position":1,"name":"Home","item":"https:\/\/fjala.info\/2009-2015\/"},{"@type":"ListItem","position":2,"name":"Fola, shp\u00ebtova shpirtin. Po pastaj?"}]},{"@type":"WebSite","@id":"https:\/\/fjala.info\/2009-2015\/#website","url":"https:\/\/fjala.info\/2009-2015\/","name":"FjALA e LIR\u00cb - Arkivi","description":"Arkivi 2009-2015","publisher":{"@id":"https:\/\/fjala.info\/2009-2015\/#organization"},"potentialAction":[{"@type":"SearchAction","target":{"@type":"EntryPoint","urlTemplate":"https:\/\/fjala.info\/2009-2015\/?s={search_term_string}"},"query-input":{"@type":"PropertyValueSpecification","valueRequired":true,"valueName":"search_term_string"}}],"inLanguage":"sq-AL"},{"@type":"Organization","@id":"https:\/\/fjala.info\/2009-2015\/#organization","name":"FjALA e LIR\u00cb - Arkivi","url":"https:\/\/fjala.info\/2009-2015\/","logo":{"@type":"ImageObject","inLanguage":"sq-AL","@id":"https:\/\/fjala.info\/2009-2015\/#\/schema\/logo\/image\/","url":"","contentUrl":"","caption":"FjALA e LIR\u00cb - Arkivi"},"image":{"@id":"https:\/\/fjala.info\/2009-2015\/#\/schema\/logo\/image\/"}},{"@type":"Person","@id":"https:\/\/fjala.info\/2009-2015\/#\/schema\/person\/3aa1163ef05469c496fc94e77611ada2","name":"admin","image":{"@type":"ImageObject","inLanguage":"sq-AL","@id":"https:\/\/fjala.info\/2009-2015\/wp-content\/uploads\/2012\/02\/arben_cokaj-120x150.jpg","url":"https:\/\/fjala.info\/2009-2015\/wp-content\/uploads\/2012\/02\/arben_cokaj-120x150.jpg","contentUrl":"https:\/\/fjala.info\/2009-2015\/wp-content\/uploads\/2012\/02\/arben_cokaj-120x150.jpg","caption":"admin"},"description":"Admin, Fjala e Lir\u00eb","sameAs":["https:\/\/fjala.info\/"],"url":"https:\/\/fjala.info\/2009-2015\/author\/admin\/"}]}},"_links":{"self":[{"href":"https:\/\/fjala.info\/2009-2015\/wp-json\/wp\/v2\/posts\/4582","targetHints":{"allow":["GET"]}}],"collection":[{"href":"https:\/\/fjala.info\/2009-2015\/wp-json\/wp\/v2\/posts"}],"about":[{"href":"https:\/\/fjala.info\/2009-2015\/wp-json\/wp\/v2\/types\/post"}],"author":[{"embeddable":true,"href":"https:\/\/fjala.info\/2009-2015\/wp-json\/wp\/v2\/users\/1"}],"replies":[{"embeddable":true,"href":"https:\/\/fjala.info\/2009-2015\/wp-json\/wp\/v2\/comments?post=4582"}],"version-history":[{"count":0,"href":"https:\/\/fjala.info\/2009-2015\/wp-json\/wp\/v2\/posts\/4582\/revisions"}],"wp:attachment":[{"href":"https:\/\/fjala.info\/2009-2015\/wp-json\/wp\/v2\/media?parent=4582"}],"wp:term":[{"taxonomy":"category","embeddable":true,"href":"https:\/\/fjala.info\/2009-2015\/wp-json\/wp\/v2\/categories?post=4582"},{"taxonomy":"post_tag","embeddable":true,"href":"https:\/\/fjala.info\/2009-2015\/wp-json\/wp\/v2\/tags?post=4582"}],"curies":[{"name":"wp","href":"https:\/\/api.w.org\/{rel}","templated":true}]}}