{"id":4580,"date":"2010-11-01T11:23:06","date_gmt":"2010-11-01T10:23:06","guid":{"rendered":"http:\/\/fjala.shkoder.net\/?p=4580"},"modified":"2010-11-01T11:23:06","modified_gmt":"2010-11-01T10:23:06","slug":"nga-berisha-tek-intelektualet-dhe-analistet","status":"publish","type":"post","link":"https:\/\/fjala.info\/2009-2015\/nga-berisha-tek-intelektualet-dhe-analistet\/","title":{"rendered":"Nga Berisha tek Intelektual\u00ebt dhe Analist\u00ebt"},"content":{"rendered":"<p><img loading=\"lazy\" decoding=\"async\" class=\"alignright size-full wp-image-4159\" title=\"Bledar H. Prifti\" src=\"http:\/\/fjala.shkoder.net\/wp-content\/uploads\/2010\/10\/bledar_prifti.jpg\" alt=\"\" width=\"180\" height=\"240\" \/><\/p>\n<p><strong>Bledar H. Prifti<\/strong>, <em>01.11.2010<\/em><\/p>\n<p>Nj\u00eb analisti i njohur dhe k\u00ebshilltar politik m\u00eb k\u00ebshilloi q\u00eb t\u00eb mos i fyeja koleg\u00ebt e tjer\u00eb n\u00eb shkrimet e mija. K\u00ebtu, personi n\u00eb fjal\u00eb i referohej disa shkrimeve n\u00eb t\u00eb cilat un\u00eb i konsideroj\u00eb intelektual\u00ebt dhe analist\u00ebt politik (pjes\u00ebn d\u00ebrrmuese) si persona t\u00eb paaft\u00eb p\u00ebr t\u00eb p\u00ebrmbushur detyrimet e tyre p\u00ebrkundrejt shoq\u00ebris\u00eb dhe si persona me aft\u00ebsi t\u00eb kufizuara intelektuale dhe\/ose t\u00eb shitur tek pushteti n\u00eb t\u00eb nj\u00ebjt\u00ebn form\u00eb ashtu si edhe intelektual\u00ebt e djesh\u00ebm ishin t\u00eb shitur tek regjimit komunist.<\/p>\n<p>E kuptoj shum\u00eb drejt se \u00e7far\u00eb ndjenjash shkaktojn\u00eb k\u00ebto shkrimet tek &#8220;koleg\u00ebt&#8221;. Por kjo gj\u00eb nuk m\u00eb shqet\u00ebson dhe as nuk m\u00eb intereson shum\u00eb. Ajo q\u00eb m\u00eb shqet\u00ebson m\u00eb shum\u00eb \u00ebsht\u00eb fyerja q\u00eb k\u00ebta intelektual\u00eb dhe analist\u00eb i b\u00ebjn\u00eb s\u00eb v\u00ebrtet\u00ebs, s\u00eb drejt\u00ebs, dhe intelektit t\u00eb kujtdo individi t\u00eb zakonsh\u00ebm t\u00eb shoq\u00ebris\u00eb.<\/p>\n<p>Nuk ka gabim m\u00eb t\u00eb madh p\u00ebr nj\u00eb analist apo intelektual sesa fyerja q\u00eb i b\u00ebhet t\u00eb v\u00ebrtet\u00ebs dhe t\u00eb drejt\u00ebs dhe mashtrimi q\u00eb i b\u00ebhet shoq\u00ebris\u00eb p\u00ebr hir t\u00eb miq\u00ebsive (armiq\u00ebsive) personale apo edhe p\u00ebr hir t\u00eb v\u00ebnies n\u00eb sh\u00ebrbim t\u00eb pushtetit.<\/p>\n<p>Fyerja q\u00eb k\u00ebta intelektual\u00eb dhe analist\u00eb i b\u00ebjn\u00eb s\u00eb v\u00ebrtet\u00ebs, s\u00eb drejt\u00ebs, dhe intelektit t\u00eb cilitdo \u00ebsht\u00eb baza e \u00e7do gj\u00ebje t\u00eb keqe n\u00eb k\u00ebt\u00eb shoq\u00ebri. Ndaj p\u00ebrpara se t\u00eb fillojm\u00eb t\u00eb gjykojm\u00eb marr\u00ebdh\u00ebniet midis nj\u00ebri-tjetrit \u00ebsht\u00eb e r\u00ebnd\u00ebsishme q\u00eb ne t\u00eb shpjegojm\u00eb n\u00eb fillim pozicionimin e gjithsecilit prej nesh n\u00eb respekt t\u00eb s\u00eb v\u00ebrtet\u00ebs dhe t\u00eb drejt\u00ebs.<\/p>\n<p>Faktet tregojn\u00eb se klasa e intelektual\u00ebve dhe analist\u00ebve politik Shqiptar\u00eb ishte dhe \u00ebsht\u00eb kthyer n\u00eb nj\u00eb klas\u00eb individ\u00ebsh primitiv n\u00eb tabanin e s\u00eb cil\u00ebs vendin e ideve e z\u00ebn\u00eb individ\u00ebt dhe vendin e s\u00eb v\u00ebrtet\u00ebs dhe s\u00eb drejt\u00ebs e z\u00ebn\u00eb interesat e ngushta primitive.<\/p>\n<p>P\u00ebr shembull, i persekutuari politik dhe mendimtari Fatos Lubonja (si ai edhe shum\u00eb t\u00eb tjer\u00eb) nuk e ka problem q\u00eb p\u00ebr hir t\u00eb inatit personal q\u00eb ai ka me Edi Ram\u00ebs t\u00eb propagandoj\u00eb me t\u00eb madhe se nuk duhet b\u00ebr\u00eb transparenca e zgjedhjeve edhe pse zgjedhjet u vodh\u00ebn.<\/p>\n<p>P\u00ebr t\u00eb mbuluar primitivitetin e tyre, mendimtar\u00ebt si Lubonja e konsiderojn\u00eb transparenc\u00ebn si \u00e7\u00ebshtje individ\u00ebsh dhe jo si nj\u00eb princip baz\u00eb t\u00eb demokracis\u00eb dhe t\u00eb drejt\u00ebs kushtetuese t\u00eb cilitdo individ dhe grupimi shoq\u00ebror apo politik.<\/p>\n<p>N\u00eb shum\u00eb raste t\u00eb tjera, shum\u00eb analist\u00eb dhe intelektual\u00eb primitiv\u00eb dalin kund\u00ebr s\u00eb v\u00ebrtet\u00ebs dhe demokracis\u00eb vet\u00ebm e vet\u00ebm sepse f\u00ebmij\u00ebt e tyre pun\u00ebsohen n\u00eb poste t\u00eb r\u00ebnd\u00ebsishme t\u00eb administrat\u00ebs publike apo edhe sepse u premtohet nj\u00eb gj\u00eb e till\u00eb.<\/p>\n<p>P\u00ebr m\u00eb shum\u00eb, nj\u00eb pjes\u00eb e k\u00ebtyre intelektual\u00ebve dhe analist\u00ebve nuk kan\u00eb p\u00ebrgatitjen intelektuale p\u00ebr t\u00eb analizuar korrekt\u00ebsisht fenomene shoq\u00ebrore dhe politike. Madje shum\u00eb nga k\u00ebta syresh nuk kan\u00eb as njohuri t\u00eb mjaftueshme rreth principeve baz\u00eb t\u00eb demokracis\u00eb dhe m\u00ebnyr\u00ebn e funksionimit t\u00eb saj.<\/p>\n<p>E gjith\u00eb kjo tablo t\u00eb b\u00ebn t\u00eb mendosh se klasa e intelektual\u00ebve dhe e analist\u00ebve politik i sh\u00ebmb\u00ebllen nj\u00eb klase e cila p\u00ebr vler\u00eb ka interesin primitiv dhe p\u00ebr ideologji ka primitivizmin.<\/p>\n<p>Duke qen\u00eb se ato shkrime kan\u00eb ngjallur pak\u00ebnaq\u00ebsi tek shum\u00eb &#8220;koleg\u00eb&#8221;, po marr p\u00ebrs\u00ebri guximin t\u00eb sqaroj\u00eb se n\u00eb realitet nuk jam un\u00eb ai q\u00eb fyej intelektual\u00ebt dhe analist\u00ebt, por \u00ebsht\u00eb Sali Berisha ai q\u00eb tall menderen me ata, dhe se jan\u00eb k\u00ebta intelektual\u00eb dhe analist\u00eb, q\u00eb bashk\u00eb me Berish\u00ebn, tallin dhe mashtrojn\u00eb shoq\u00ebrin\u00eb Shqiptare.<\/p>\n<p>N\u00eb shkrimet e m\u00ebparshme kam k\u00ebrkuar nga intelektual\u00ebt dhe analist\u00ebt q\u00eb t\u00eb shikojn\u00eb n\u00eb sy t\u00eb v\u00ebrtet\u00ebn n\u00eb lidhje me transparenc\u00ebn e zgjedhjeve t\u00eb 28 qershorit dhe t&#8217;i largohen gjykimit primitiv q\u00eb i b\u00ebhet k\u00ebtij fenomeni politik.<\/p>\n<p>N\u00eb ato shkrime shkruhet &#8220;Shqip&#8221; e zeza mbi t\u00eb bardh\u00eb dhe v\u00ebrtetohet haptazi se as Kushtetuta, as Gjykata, dhe as Kodi Zgjedhor nuk e ndalon transparenc\u00ebn.<\/p>\n<p>Sali Berisha talli dhe mashtroi t\u00eb gjith\u00eb Shqiptar\u00ebt duke th\u00ebn\u00eb se gjoja hapjen e kutive nuk e lejon Kushtetuta dhe vendimi i Gjykat\u00ebs. E v\u00ebrteta \u00ebsht\u00eb se nuk ka asnj\u00eb Nen n\u00eb Kushtetut\u00eb q\u00eb t\u00eb ndaloj\u00eb hapjen e kutive! ASNJ\u00cb Nen!!!. Nuk ka asnj\u00eb vendim t\u00eb gjykat\u00ebs q\u00eb flet p\u00ebr apo ndalon hapjen e kutive dhe rinum\u00ebrimin e flet\u00ebve t\u00eb votimit. ASNJ\u00cb vendim!!!<\/p>\n<p>\u00c7udit\u00ebrisht, pak nga k\u00ebta intelektual\u00eb dhe analist\u00eb dol\u00ebn p\u00ebr t&#8217;u p\u00ebrballur me mashtrimin dhe talljet e radh\u00ebs nga ana e Berish\u00ebs. P\u00ebrkundrazi, shum\u00eb intelektual\u00eb dhe analist\u00eb filluan t\u00eb propagandonin p\u00ebr t&#8217;i mbushur mendjen shoq\u00ebris\u00eb dhe Shqiptar\u00ebve se gjoja v\u00ebrtet transparenc\u00ebn e plot\u00eb na e ndalonte Kushtetuta dhe vendimi i Gjykat\u00ebs.<\/p>\n<p>Duke qen\u00eb nj\u00eb g\u00ebnjesht\u00ebr dhe nj\u00eb tallje mendereje, Berisha e la Kushtetut\u00ebn dhe Gjykat\u00ebn dhe doli me propagand\u00ebn se gjoja nuk na lejon Kodi Zgjedhor p\u00ebr t\u00eb b\u00ebr\u00eb transparenc\u00ebn.<\/p>\n<p>P\u00ebr t&#8217;i b\u00ebr\u00eb t\u00eb vet\u00ebdijsh\u00ebm analist\u00ebt p\u00ebr k\u00ebt\u00eb mashtrim t\u00eb radh\u00ebs, botova shkrimin titulluar &#8220;Sfida e Radh\u00ebs p\u00ebr Intelektualin D\u00ebshtak&#8221; (http:\/\/www.shekulli.com.al\/2010\/06\/09\/sfida-e-radhes-per-intelektualin-deshtak.html) ku v\u00ebrtetoja talljen dhe mashtrimin e radh\u00ebs t\u00eb Berish\u00ebs.<\/p>\n<p>N\u00eb shkrimin e m\u00ebsip\u00ebrm shpjegohet shum\u00eb qart\u00eb se Kodi Zgjedhor nuk e ndalon aspak hetimin e zgjedhjeve dhe se kutit\u00eb nuk mund t\u00eb digjen pasi Kodi nuk vendos asnj\u00eb afat dhe detyrim ligjor se kur duhet t\u00eb digjen kutit\u00eb.<\/p>\n<p>Dhe reagimi i intelektual\u00ebve dhe analist\u00ebve ishte nj\u00eb reagim primitiv dhe tejet diletant. Ashtu si\u00e7 kishin reaguar m\u00eb par\u00eb, edhe n\u00eb k\u00ebt\u00eb rast, intelektual\u00ebt dhe analist\u00ebt jo vet\u00ebm q\u00eb nuk e demaskuan mashtrimin dhe talljen e radh\u00ebs s\u00eb Berish\u00ebs, por ata nuk nguruan t\u00eb fillonin t\u00eb propagandonin sikur t\u00eb ishin z\u00ebdh\u00ebn\u00ebs t\u00eb Berish\u00ebs.<\/p>\n<p>Para disa dit\u00ebsh, si p\u00ebr t&#8217;ju th\u00ebn\u00eb intelektual\u00ebve dhe analist\u00ebve q\u00eb i kishte mashtruar dhe kishte tallur menderen me ta, &#8220;i gjith\u00ebpushtetshmi&#8221; Sali Berisha deklaroi fuqish\u00ebm dhe me vendosm\u00ebri se kutit\u00eb nuk do t\u00eb digjen dhe se ato do t\u00eb ekzistojn\u00eb pa afat kohor pasi qeveria do paguaj p\u00ebr blerjen e disa kutive t\u00eb tjera bosh p\u00ebr zgjedhjet e ardhshme (n\u00ebse do zhvillohen).<\/p>\n<p>Kulmi i talljes dhe mashtrimit \u00ebsht\u00eb deklarimi i Berish\u00ebs se ai \u00ebsht\u00eb dakord q\u00eb flet\u00ebt e votimit t\u00eb num\u00ebrohen dhe t\u00eb ndryshohet rezultati i 28 qershorit.<\/p>\n<p>Por k\u00ebtu na lindin pyetjet: Ku shkoi pretendimi i Berish\u00ebs se ky Kod Zgjedhor ndalon transparenc\u00ebn e plot\u00eb t\u00eb zgjedhjeve dhe se ky Kod gjithashtu sanksionon djegien e menj\u00ebhershme t\u00eb flet\u00ebve t\u00eb votimit?<\/p>\n<p>P\u00ebrse k\u00ebta intelektual\u00eb dhe analist\u00eb nuk marrin guximin t\u00eb demaskojn\u00eb Berish\u00ebn p\u00ebr mashtrimet dhe talljet e vazhdueshme, por shnd\u00ebrrohen n\u00eb kukulla dhe sh\u00ebrb\u00ebtor\u00eb t\u00eb tij? A mos vall\u00eb kjo b\u00ebhet nga injoranca apo nga shitja e k\u00ebtyre intelektual\u00ebve dhe analist\u00ebve tek pushteti?<\/p>\n<p>A mos vall\u00eb ky grupim intelektual\u00ebsh dhe analist\u00ebsh ka munges\u00eb t\u00eb theksuar intelekti dhe civilizimi (demokratizimi) apo \u00ebsht\u00eb thjesht nj\u00eb sh\u00ebmb\u00eblltyr\u00eb e &#8220;intelligentsia&#8221;-s komuniste? Dhe mbi t\u00eb gjitha, cili \u00ebsht\u00eb pozicionimi i k\u00ebtyre intelektual\u00ebve dhe analist\u00ebve n\u00eb respekt t\u00eb s\u00eb v\u00ebrtet\u00ebs dhe s\u00eb drejt\u00ebs?<\/p>\n<p>Dh\u00ebnia e p\u00ebrgjigjeve p\u00ebr pyetjet e m\u00ebsip\u00ebrme ndihmon p\u00ebr t\u00eb shpjeguar rolet dhe p\u00ebrgjegj\u00ebsit\u00eb q\u00eb kan\u00eb pasur politika dhe klasa intelektuale n\u00eb shkat\u00ebrrimin e shoq\u00ebris\u00eb Shqiptare n\u00eb \u00e7do aspekt t\u00eb saj, qoft\u00eb ky aspekt politik, ekonomik, apo shoq\u00ebror.<\/p>\n","protected":false},"excerpt":{"rendered":"<p>Bledar H. Prifti, 01.11.2010 Nj\u00eb analisti i njohur dhe k\u00ebshilltar politik m\u00eb k\u00ebshilloi q\u00eb t\u00eb mos i fyeja koleg\u00ebt e tjer\u00eb n\u00eb shkrimet e mija. K\u00ebtu, personi n\u00eb fjal\u00eb i referohej disa shkrimeve n\u00eb t\u00eb cilat un\u00eb i konsideroj\u00eb intelektual\u00ebt dhe analist\u00ebt politik (pjes\u00ebn d\u00ebrrmuese) si persona t\u00eb paaft\u00eb p\u00ebr t\u00eb p\u00ebrmbushur detyrimet e tyre [&hellip;]<\/p>\n","protected":false},"author":1,"featured_media":0,"comment_status":"open","ping_status":"closed","sticky":false,"template":"","format":"standard","meta":{"footnotes":""},"categories":[2],"tags":[],"class_list":{"0":"post-4580","1":"post","2":"type-post","3":"status-publish","4":"format-standard","6":"category-artikuj"},"yoast_head":"<!-- This site is optimized with the Yoast SEO plugin v27.4 - https:\/\/yoast.com\/product\/yoast-seo-wordpress\/ -->\n<title>Nga Berisha tek Intelektual\u00ebt dhe Analist\u00ebt - FjALA e LIR\u00cb - Arkivi<\/title>\n<meta name=\"robots\" content=\"index, follow, max-snippet:-1, max-image-preview:large, max-video-preview:-1\" \/>\n<link rel=\"canonical\" href=\"https:\/\/fjala.info\/2009-2015\/nga-berisha-tek-intelektualet-dhe-analistet\/\" \/>\n<meta property=\"og:locale\" content=\"sq_AL\" \/>\n<meta property=\"og:type\" content=\"article\" \/>\n<meta property=\"og:title\" content=\"Nga Berisha tek Intelektual\u00ebt dhe Analist\u00ebt - FjALA e LIR\u00cb - Arkivi\" \/>\n<meta property=\"og:description\" content=\"Bledar H. Prifti, 01.11.2010 Nj\u00eb analisti i njohur dhe k\u00ebshilltar politik m\u00eb k\u00ebshilloi q\u00eb t\u00eb mos i fyeja koleg\u00ebt e tjer\u00eb n\u00eb shkrimet e mija. K\u00ebtu, personi n\u00eb fjal\u00eb i referohej disa shkrimeve n\u00eb t\u00eb cilat un\u00eb i konsideroj\u00eb intelektual\u00ebt dhe analist\u00ebt politik (pjes\u00ebn d\u00ebrrmuese) si persona t\u00eb paaft\u00eb p\u00ebr t\u00eb p\u00ebrmbushur detyrimet e tyre [&hellip;]\" \/>\n<meta property=\"og:url\" content=\"https:\/\/fjala.info\/2009-2015\/nga-berisha-tek-intelektualet-dhe-analistet\/\" \/>\n<meta property=\"og:site_name\" content=\"FjALA e LIR\u00cb - Arkivi\" \/>\n<meta property=\"article:published_time\" content=\"2010-11-01T10:23:06+00:00\" \/>\n<meta property=\"og:image\" content=\"http:\/\/fjala.shkoder.net\/wp-content\/uploads\/2010\/10\/bledar_prifti.jpg\" \/>\n<meta name=\"author\" content=\"admin\" \/>\n<meta name=\"twitter:card\" content=\"summary_large_image\" \/>\n<meta name=\"twitter:label1\" content=\"Written by\" \/>\n\t<meta name=\"twitter:data1\" content=\"admin\" \/>\n\t<meta name=\"twitter:label2\" content=\"Est. reading time\" \/>\n\t<meta name=\"twitter:data2\" content=\"7 minutes\" \/>\n<script type=\"application\/ld+json\" class=\"yoast-schema-graph\">{\"@context\":\"https:\\\/\\\/schema.org\",\"@graph\":[{\"@type\":\"Article\",\"@id\":\"https:\\\/\\\/fjala.info\\\/2009-2015\\\/nga-berisha-tek-intelektualet-dhe-analistet\\\/#article\",\"isPartOf\":{\"@id\":\"https:\\\/\\\/fjala.info\\\/2009-2015\\\/nga-berisha-tek-intelektualet-dhe-analistet\\\/\"},\"author\":{\"name\":\"admin\",\"@id\":\"https:\\\/\\\/fjala.info\\\/2009-2015\\\/#\\\/schema\\\/person\\\/3aa1163ef05469c496fc94e77611ada2\"},\"headline\":\"Nga Berisha tek Intelektual\u00ebt dhe Analist\u00ebt\",\"datePublished\":\"2010-11-01T10:23:06+00:00\",\"mainEntityOfPage\":{\"@id\":\"https:\\\/\\\/fjala.info\\\/2009-2015\\\/nga-berisha-tek-intelektualet-dhe-analistet\\\/\"},\"wordCount\":1365,\"commentCount\":1,\"publisher\":{\"@id\":\"https:\\\/\\\/fjala.info\\\/2009-2015\\\/#organization\"},\"image\":{\"@id\":\"https:\\\/\\\/fjala.info\\\/2009-2015\\\/nga-berisha-tek-intelektualet-dhe-analistet\\\/#primaryimage\"},\"thumbnailUrl\":\"http:\\\/\\\/fjala.shkoder.net\\\/wp-content\\\/uploads\\\/2010\\\/10\\\/bledar_prifti.jpg\",\"articleSection\":[\"Artikuj\"],\"inLanguage\":\"sq-AL\",\"potentialAction\":[{\"@type\":\"CommentAction\",\"name\":\"Comment\",\"target\":[\"https:\\\/\\\/fjala.info\\\/2009-2015\\\/nga-berisha-tek-intelektualet-dhe-analistet\\\/#respond\"]}]},{\"@type\":\"WebPage\",\"@id\":\"https:\\\/\\\/fjala.info\\\/2009-2015\\\/nga-berisha-tek-intelektualet-dhe-analistet\\\/\",\"url\":\"https:\\\/\\\/fjala.info\\\/2009-2015\\\/nga-berisha-tek-intelektualet-dhe-analistet\\\/\",\"name\":\"Nga Berisha tek Intelektual\u00ebt dhe Analist\u00ebt - FjALA e LIR\u00cb - Arkivi\",\"isPartOf\":{\"@id\":\"https:\\\/\\\/fjala.info\\\/2009-2015\\\/#website\"},\"primaryImageOfPage\":{\"@id\":\"https:\\\/\\\/fjala.info\\\/2009-2015\\\/nga-berisha-tek-intelektualet-dhe-analistet\\\/#primaryimage\"},\"image\":{\"@id\":\"https:\\\/\\\/fjala.info\\\/2009-2015\\\/nga-berisha-tek-intelektualet-dhe-analistet\\\/#primaryimage\"},\"thumbnailUrl\":\"http:\\\/\\\/fjala.shkoder.net\\\/wp-content\\\/uploads\\\/2010\\\/10\\\/bledar_prifti.jpg\",\"datePublished\":\"2010-11-01T10:23:06+00:00\",\"breadcrumb\":{\"@id\":\"https:\\\/\\\/fjala.info\\\/2009-2015\\\/nga-berisha-tek-intelektualet-dhe-analistet\\\/#breadcrumb\"},\"inLanguage\":\"sq-AL\",\"potentialAction\":[{\"@type\":\"ReadAction\",\"target\":[\"https:\\\/\\\/fjala.info\\\/2009-2015\\\/nga-berisha-tek-intelektualet-dhe-analistet\\\/\"]}]},{\"@type\":\"ImageObject\",\"inLanguage\":\"sq-AL\",\"@id\":\"https:\\\/\\\/fjala.info\\\/2009-2015\\\/nga-berisha-tek-intelektualet-dhe-analistet\\\/#primaryimage\",\"url\":\"http:\\\/\\\/fjala.shkoder.net\\\/wp-content\\\/uploads\\\/2010\\\/10\\\/bledar_prifti.jpg\",\"contentUrl\":\"http:\\\/\\\/fjala.shkoder.net\\\/wp-content\\\/uploads\\\/2010\\\/10\\\/bledar_prifti.jpg\"},{\"@type\":\"BreadcrumbList\",\"@id\":\"https:\\\/\\\/fjala.info\\\/2009-2015\\\/nga-berisha-tek-intelektualet-dhe-analistet\\\/#breadcrumb\",\"itemListElement\":[{\"@type\":\"ListItem\",\"position\":1,\"name\":\"Home\",\"item\":\"https:\\\/\\\/fjala.info\\\/2009-2015\\\/\"},{\"@type\":\"ListItem\",\"position\":2,\"name\":\"Nga Berisha tek Intelektual\u00ebt dhe Analist\u00ebt\"}]},{\"@type\":\"WebSite\",\"@id\":\"https:\\\/\\\/fjala.info\\\/2009-2015\\\/#website\",\"url\":\"https:\\\/\\\/fjala.info\\\/2009-2015\\\/\",\"name\":\"FjALA e LIR\u00cb - Arkivi\",\"description\":\"Arkivi 2009-2015\",\"publisher\":{\"@id\":\"https:\\\/\\\/fjala.info\\\/2009-2015\\\/#organization\"},\"potentialAction\":[{\"@type\":\"SearchAction\",\"target\":{\"@type\":\"EntryPoint\",\"urlTemplate\":\"https:\\\/\\\/fjala.info\\\/2009-2015\\\/?s={search_term_string}\"},\"query-input\":{\"@type\":\"PropertyValueSpecification\",\"valueRequired\":true,\"valueName\":\"search_term_string\"}}],\"inLanguage\":\"sq-AL\"},{\"@type\":\"Organization\",\"@id\":\"https:\\\/\\\/fjala.info\\\/2009-2015\\\/#organization\",\"name\":\"FjALA e LIR\u00cb - Arkivi\",\"url\":\"https:\\\/\\\/fjala.info\\\/2009-2015\\\/\",\"logo\":{\"@type\":\"ImageObject\",\"inLanguage\":\"sq-AL\",\"@id\":\"https:\\\/\\\/fjala.info\\\/2009-2015\\\/#\\\/schema\\\/logo\\\/image\\\/\",\"url\":\"\",\"contentUrl\":\"\",\"caption\":\"FjALA e LIR\u00cb - Arkivi\"},\"image\":{\"@id\":\"https:\\\/\\\/fjala.info\\\/2009-2015\\\/#\\\/schema\\\/logo\\\/image\\\/\"}},{\"@type\":\"Person\",\"@id\":\"https:\\\/\\\/fjala.info\\\/2009-2015\\\/#\\\/schema\\\/person\\\/3aa1163ef05469c496fc94e77611ada2\",\"name\":\"admin\",\"image\":{\"@type\":\"ImageObject\",\"inLanguage\":\"sq-AL\",\"@id\":\"https:\\\/\\\/fjala.info\\\/2009-2015\\\/wp-content\\\/uploads\\\/2012\\\/02\\\/arben_cokaj-120x150.jpg\",\"url\":\"https:\\\/\\\/fjala.info\\\/2009-2015\\\/wp-content\\\/uploads\\\/2012\\\/02\\\/arben_cokaj-120x150.jpg\",\"contentUrl\":\"https:\\\/\\\/fjala.info\\\/2009-2015\\\/wp-content\\\/uploads\\\/2012\\\/02\\\/arben_cokaj-120x150.jpg\",\"caption\":\"admin\"},\"description\":\"Admin, Fjala e Lir\u00eb\",\"sameAs\":[\"https:\\\/\\\/fjala.info\\\/\"],\"url\":\"https:\\\/\\\/fjala.info\\\/2009-2015\\\/author\\\/admin\\\/\"}]}<\/script>\n<!-- \/ Yoast SEO plugin. -->","yoast_head_json":{"title":"Nga Berisha tek Intelektual\u00ebt dhe Analist\u00ebt - FjALA e LIR\u00cb - Arkivi","robots":{"index":"index","follow":"follow","max-snippet":"max-snippet:-1","max-image-preview":"max-image-preview:large","max-video-preview":"max-video-preview:-1"},"canonical":"https:\/\/fjala.info\/2009-2015\/nga-berisha-tek-intelektualet-dhe-analistet\/","og_locale":"sq_AL","og_type":"article","og_title":"Nga Berisha tek Intelektual\u00ebt dhe Analist\u00ebt - FjALA e LIR\u00cb - Arkivi","og_description":"Bledar H. Prifti, 01.11.2010 Nj\u00eb analisti i njohur dhe k\u00ebshilltar politik m\u00eb k\u00ebshilloi q\u00eb t\u00eb mos i fyeja koleg\u00ebt e tjer\u00eb n\u00eb shkrimet e mija. K\u00ebtu, personi n\u00eb fjal\u00eb i referohej disa shkrimeve n\u00eb t\u00eb cilat un\u00eb i konsideroj\u00eb intelektual\u00ebt dhe analist\u00ebt politik (pjes\u00ebn d\u00ebrrmuese) si persona t\u00eb paaft\u00eb p\u00ebr t\u00eb p\u00ebrmbushur detyrimet e tyre [&hellip;]","og_url":"https:\/\/fjala.info\/2009-2015\/nga-berisha-tek-intelektualet-dhe-analistet\/","og_site_name":"FjALA e LIR\u00cb - Arkivi","article_published_time":"2010-11-01T10:23:06+00:00","og_image":[{"url":"http:\/\/fjala.shkoder.net\/wp-content\/uploads\/2010\/10\/bledar_prifti.jpg","type":"","width":"","height":""}],"author":"admin","twitter_card":"summary_large_image","twitter_misc":{"Written by":"admin","Est. reading time":"7 minutes"},"schema":{"@context":"https:\/\/schema.org","@graph":[{"@type":"Article","@id":"https:\/\/fjala.info\/2009-2015\/nga-berisha-tek-intelektualet-dhe-analistet\/#article","isPartOf":{"@id":"https:\/\/fjala.info\/2009-2015\/nga-berisha-tek-intelektualet-dhe-analistet\/"},"author":{"name":"admin","@id":"https:\/\/fjala.info\/2009-2015\/#\/schema\/person\/3aa1163ef05469c496fc94e77611ada2"},"headline":"Nga Berisha tek Intelektual\u00ebt dhe Analist\u00ebt","datePublished":"2010-11-01T10:23:06+00:00","mainEntityOfPage":{"@id":"https:\/\/fjala.info\/2009-2015\/nga-berisha-tek-intelektualet-dhe-analistet\/"},"wordCount":1365,"commentCount":1,"publisher":{"@id":"https:\/\/fjala.info\/2009-2015\/#organization"},"image":{"@id":"https:\/\/fjala.info\/2009-2015\/nga-berisha-tek-intelektualet-dhe-analistet\/#primaryimage"},"thumbnailUrl":"http:\/\/fjala.shkoder.net\/wp-content\/uploads\/2010\/10\/bledar_prifti.jpg","articleSection":["Artikuj"],"inLanguage":"sq-AL","potentialAction":[{"@type":"CommentAction","name":"Comment","target":["https:\/\/fjala.info\/2009-2015\/nga-berisha-tek-intelektualet-dhe-analistet\/#respond"]}]},{"@type":"WebPage","@id":"https:\/\/fjala.info\/2009-2015\/nga-berisha-tek-intelektualet-dhe-analistet\/","url":"https:\/\/fjala.info\/2009-2015\/nga-berisha-tek-intelektualet-dhe-analistet\/","name":"Nga Berisha tek Intelektual\u00ebt dhe Analist\u00ebt - FjALA e LIR\u00cb - Arkivi","isPartOf":{"@id":"https:\/\/fjala.info\/2009-2015\/#website"},"primaryImageOfPage":{"@id":"https:\/\/fjala.info\/2009-2015\/nga-berisha-tek-intelektualet-dhe-analistet\/#primaryimage"},"image":{"@id":"https:\/\/fjala.info\/2009-2015\/nga-berisha-tek-intelektualet-dhe-analistet\/#primaryimage"},"thumbnailUrl":"http:\/\/fjala.shkoder.net\/wp-content\/uploads\/2010\/10\/bledar_prifti.jpg","datePublished":"2010-11-01T10:23:06+00:00","breadcrumb":{"@id":"https:\/\/fjala.info\/2009-2015\/nga-berisha-tek-intelektualet-dhe-analistet\/#breadcrumb"},"inLanguage":"sq-AL","potentialAction":[{"@type":"ReadAction","target":["https:\/\/fjala.info\/2009-2015\/nga-berisha-tek-intelektualet-dhe-analistet\/"]}]},{"@type":"ImageObject","inLanguage":"sq-AL","@id":"https:\/\/fjala.info\/2009-2015\/nga-berisha-tek-intelektualet-dhe-analistet\/#primaryimage","url":"http:\/\/fjala.shkoder.net\/wp-content\/uploads\/2010\/10\/bledar_prifti.jpg","contentUrl":"http:\/\/fjala.shkoder.net\/wp-content\/uploads\/2010\/10\/bledar_prifti.jpg"},{"@type":"BreadcrumbList","@id":"https:\/\/fjala.info\/2009-2015\/nga-berisha-tek-intelektualet-dhe-analistet\/#breadcrumb","itemListElement":[{"@type":"ListItem","position":1,"name":"Home","item":"https:\/\/fjala.info\/2009-2015\/"},{"@type":"ListItem","position":2,"name":"Nga Berisha tek Intelektual\u00ebt dhe Analist\u00ebt"}]},{"@type":"WebSite","@id":"https:\/\/fjala.info\/2009-2015\/#website","url":"https:\/\/fjala.info\/2009-2015\/","name":"FjALA e LIR\u00cb - Arkivi","description":"Arkivi 2009-2015","publisher":{"@id":"https:\/\/fjala.info\/2009-2015\/#organization"},"potentialAction":[{"@type":"SearchAction","target":{"@type":"EntryPoint","urlTemplate":"https:\/\/fjala.info\/2009-2015\/?s={search_term_string}"},"query-input":{"@type":"PropertyValueSpecification","valueRequired":true,"valueName":"search_term_string"}}],"inLanguage":"sq-AL"},{"@type":"Organization","@id":"https:\/\/fjala.info\/2009-2015\/#organization","name":"FjALA e LIR\u00cb - Arkivi","url":"https:\/\/fjala.info\/2009-2015\/","logo":{"@type":"ImageObject","inLanguage":"sq-AL","@id":"https:\/\/fjala.info\/2009-2015\/#\/schema\/logo\/image\/","url":"","contentUrl":"","caption":"FjALA e LIR\u00cb - Arkivi"},"image":{"@id":"https:\/\/fjala.info\/2009-2015\/#\/schema\/logo\/image\/"}},{"@type":"Person","@id":"https:\/\/fjala.info\/2009-2015\/#\/schema\/person\/3aa1163ef05469c496fc94e77611ada2","name":"admin","image":{"@type":"ImageObject","inLanguage":"sq-AL","@id":"https:\/\/fjala.info\/2009-2015\/wp-content\/uploads\/2012\/02\/arben_cokaj-120x150.jpg","url":"https:\/\/fjala.info\/2009-2015\/wp-content\/uploads\/2012\/02\/arben_cokaj-120x150.jpg","contentUrl":"https:\/\/fjala.info\/2009-2015\/wp-content\/uploads\/2012\/02\/arben_cokaj-120x150.jpg","caption":"admin"},"description":"Admin, Fjala e Lir\u00eb","sameAs":["https:\/\/fjala.info\/"],"url":"https:\/\/fjala.info\/2009-2015\/author\/admin\/"}]}},"_links":{"self":[{"href":"https:\/\/fjala.info\/2009-2015\/wp-json\/wp\/v2\/posts\/4580","targetHints":{"allow":["GET"]}}],"collection":[{"href":"https:\/\/fjala.info\/2009-2015\/wp-json\/wp\/v2\/posts"}],"about":[{"href":"https:\/\/fjala.info\/2009-2015\/wp-json\/wp\/v2\/types\/post"}],"author":[{"embeddable":true,"href":"https:\/\/fjala.info\/2009-2015\/wp-json\/wp\/v2\/users\/1"}],"replies":[{"embeddable":true,"href":"https:\/\/fjala.info\/2009-2015\/wp-json\/wp\/v2\/comments?post=4580"}],"version-history":[{"count":0,"href":"https:\/\/fjala.info\/2009-2015\/wp-json\/wp\/v2\/posts\/4580\/revisions"}],"wp:attachment":[{"href":"https:\/\/fjala.info\/2009-2015\/wp-json\/wp\/v2\/media?parent=4580"}],"wp:term":[{"taxonomy":"category","embeddable":true,"href":"https:\/\/fjala.info\/2009-2015\/wp-json\/wp\/v2\/categories?post=4580"},{"taxonomy":"post_tag","embeddable":true,"href":"https:\/\/fjala.info\/2009-2015\/wp-json\/wp\/v2\/tags?post=4580"}],"curies":[{"name":"wp","href":"https:\/\/api.w.org\/{rel}","templated":true}]}}