{"id":458,"date":"2011-12-03T09:18:57","date_gmt":"2011-12-03T08:18:57","guid":{"rendered":"http:\/\/fjala.shkoder.net\/?p=458"},"modified":"2011-12-03T09:18:57","modified_gmt":"2011-12-03T08:18:57","slug":"promovim-librash-ne-shtutgard-te-gjermanise-nga-dr-nysret-pllana-dhe-emin-fazlia","status":"publish","type":"post","link":"https:\/\/fjala.info\/2009-2015\/promovim-librash-ne-shtutgard-te-gjermanise-nga-dr-nysret-pllana-dhe-emin-fazlia\/","title":{"rendered":"Promovim librash n\u00eb Shtutgard t\u00eb Gjermanis\u00eb nga Dr. Nysret Pllana dhe Emin Fazlia"},"content":{"rendered":"<p><img decoding=\"async\" class=\"alignright size-thumbnail wp-image-7236\" title=\"Asllan Dibrani\" src=\"http:\/\/www.shkoder.net\/images\/fjala\/asllan_dibrani.jpg\" alt=\"\" width=\"150\" \/> Nga <strong>Asllan Dibrani<\/strong><\/p>\n<p>Kultura dhe vlerat e krijimtaris\u00eb me motive te lules se Kosov\u00ebs po kalon kornizat e Kosoves ku nj\u00eb lib\u00ebr i ngjash\u00ebm me motive te Luft\u00ebs se Kosoves nga Dr. Nysret Pllana &#8220;<em>Terrori i Serbis\u00eb pushtuese mbi shqiptar\u00ebt<\/em>&#8221; dhe i dyti lib\u00ebr nga Emin Fazliu veteran i veprimtaris\u00eb 40 vje\u00e7are n\u00eb shtetet e Per\u00ebndimit, doli me librin po me motiv nga Kosova &#8220;Hamid Emin Brun\u00e7aj&#8221; para ca dit\u00ebsh u promovua edhe n\u00eb mesin e m\u00ebrgimtar\u00ebve shqiptar\u00eb n\u00eb disa shtet\u00eb t\u00eb Evrop\u00ebs. Organizimin e k\u00ebtij takimi e b\u00ebri shoqata Pavar\u00ebsia e Shtutgardit me udh\u00ebheq\u00ebsit Baki Mustafa, Sejdi Rexhepi dhe Fahredin Shala.<\/p>\n<p>N\u00eb k\u00ebt\u00eb tubim nga pjes\u00ebmarrja e madhe e te pranishmeve ju dha nj\u00eb epitet madh\u00ebshtor k\u00ebtij takimi. Fillimisht Baki Mustafa e hapi tubimin dhe i p\u00ebrsh\u00ebndeti t\u00eb pranishmit n\u00eb sall\u00eb e posa\u00e7\u00ebrisht zotin Dr. Nysret Pllanen, Emin Fazliun, z\u00ebvend\u00ebs konsullin e Shtutgardit Ymer Lladrovcin etj.<\/p>\n<p><img decoding=\"async\" class=\"aligncenter size-thumbnail wp-image-7236\" title=\"Promovim n\u00eb Shtutgard\" src=\"http:\/\/www.shkoder.net\/images\/fjala\/2011\/promovim_shtutgard.jpg\" alt=\"\" width=\"300\" \/><\/p>\n<p><img decoding=\"async\" class=\"aligncenter size-thumbnail wp-image-7236\" title=\"Promovim n\u00eb Shtutgard\" src=\"http:\/\/www.shkoder.net\/images\/fjala\/2011\/promovim_shtutgard1.jpg\" alt=\"\" width=\"300\" \/><\/p>\n<p style=\"text-align: center;\"><em>Pamje e Emin Fazlis \/ Emil Kastrioti dhe Dr.Nzsret Pllana me rastin e promovimit te dy veprave nga Dr. Nysret Pllana &#8220;Terrori i Serbis\u00eb pushtuese mbi shqiptar\u00ebt&#8221; dhe i dyti lib\u00ebr nga Emin Fazliu me motiv nga Kosova &#8220;Hamid Emin Brun\u00e7aj&#8221; ne pamje Fahredin Shala dhe Asllan Dibrani duke pranuar nj\u00eb n\u00ebnshkrim te Dr. Nysret Pllanes ne librin e tij! <\/em><\/p>\n<p>Pastaj zoti Baki Mustafa i dha fjal\u00ebn moderatorit t\u00eb k\u00ebsaj mbr\u00ebmje zotit Rifat Avdiu qe fillimisht thirri publikun n\u00eb k\u00ebndimin e himnit komb\u00ebtar, por edhe u mbajt nj\u00eb minut\u00eb heshtje p\u00ebr t\u00eb r\u00ebn\u00ebt dhe d\u00ebshmor\u00ebt e Kombit qe sakrifikuan jet\u00ebn p\u00ebr atdheun. N\u00eb foltore doli zoti Zmer Lladrovci me nj\u00eb motivacion p\u00ebrkrahje dhe prononcimi mbi vlerat e k\u00ebtij libri dhe tha se librat e ngjash\u00ebm jan\u00eb vepra qe duhet te p\u00ebrkrahen dhe te vler\u00ebsohen qe do t&#8217;i ngrehin imazhin e U\u00c7K dhe popullit shqiptar.<\/p>\n<p>Zoti Rifat Avdiu vazhdoi programin me publikimin e librit t\u00eb Nysret Pllanes vlerat e k\u00ebtij libri ku para publikut u rr\u00ebfye me disa pjes\u00eb te k\u00ebtij libri me titullin Terrori i Serbis\u00eb Pushtuese mbi Shqiptar\u00ebt n\u00eb periudh\u00ebn e viteve 1844 &#8230;1999. Pastaj moderatori ftoj n\u00eb foltore autorin e librit q\u00eb t\u00eb referoj vlerat e k\u00ebtij libri. Zoti Dr. Nysret Pllana i p\u00ebrsh\u00ebndeti t\u00eb pranishmit duke e fal\u00ebnderuar k\u00ebshillin organizues dhe tha se ky lib\u00ebr \u00ebsht\u00eb n\u00eb ribotim p\u00ebr t\u00eb tret\u00ebn her\u00eb, me nj\u00eb num\u00ebr jo edhe aq t\u00eb madh ekzemplar\u00ebsh, duke pasur parasysh gjendjen aktuale financiare.<\/p>\n<p>Pastaj tha se ky lib\u00ebr u arritur q\u00eb t\u00eb botohet dhe t\u00eb p\u00ebrkthehet edhe n\u00eb disa gjuh\u00eb deri me tash u p\u00ebrkthyer n\u00eb anglisht, fr\u00ebngjisht, turqisht, por pretendohet qe t\u00eb p\u00ebrkthehet edhe n\u00eb gjuh\u00eb tjera, me qellim te p\u00ebrhapjes se realitetit n\u00eb periudh\u00ebn e luft\u00ebs rezistenc\u00ebn dhe U\u00c7K. Ma tutje theksoj rolin e k\u00ebtij libri qe \u00ebsht\u00eb i p\u00ebrfshir\u00eb me nj\u00eb mori te dh\u00ebnash dhe argumentesh, ku pasqyroj nj\u00eb periudh\u00eb t\u00eb terrorit serbo-sllav mbi shqiptar\u00ebt e posa\u00e7\u00ebrisht aty u p\u00ebrfshin\u00eb shum\u00eb fotografi nga lufta e fundit, theksoj nder te tjera zoti Nysret Pllana n\u00eb diskutimin e vet.<\/p>\n<p>Po q\u00eb ta ket\u00eb k\u00ebt\u00eb lib\u00ebr ne dor\u00eb lexuesi shqiptar apo i huaj mund te m\u00ebsoj shum\u00eb \u00e7ka p\u00ebr Kosov\u00ebn, mund ta sheh realitetin tmerrin, terrorin, vrasjet, maskimin e qytetar\u00ebve shqiptar\u00eb qe nga mosha f\u00ebmij\u00ebrore deri te ato madhore dhe kolektive qe zoti Dr. Nysret Pllana ishte nga fronti i luft\u00ebs qe grumbulloj shum\u00eb fotografi n\u00eb shum\u00eb vende u publikuan dhe e nxori n\u00eb pah barbarin\u00eb mizore serbe.<\/p>\n<p>Kjo monografi e Arkivit te Luft\u00ebs \u00c7lirimtare te Kosov\u00ebs ma se miri solli d\u00ebshmi ma te fresk\u00ebta p\u00ebr dhun\u00ebn, terrorin dhe gjenocidin e aparatur\u00ebs serbe kund\u00ebr popullit shqiptar, kund\u00ebr autoktonis\u00eb se k\u00ebtij populli ma te vjet\u00ebr n\u00eb Ballkan e Kontinent. Kjo Monografi ka mbi 400 fotografi qe mund t\u00eb themi se pa k\u00ebt\u00eb monografi historia e re e Kosov\u00ebs do t\u00eb ishte shum\u00eb e zbeht\u00eb. Kjo monografi \u00ebsht\u00eb nj\u00eb pasuri e madhe p\u00ebr k\u00ebt\u00eb periudh\u00eb t\u00eb luft\u00ebs qe p\u00ebr her\u00ebn e par\u00eb ndoshta do te jen\u00eb d\u00ebshmit\u00eb qe i shkruajm\u00eb ne shqiptar\u00ebt p\u00ebr veten ton\u00eb. Ne duke e pasur parasysh patriotizmin, guximin, vullnetin dhe kurojon e Dr Nysret Pllanes si autor i k\u00ebtij libri mund ti mbesim mir\u00ebnjoh\u00ebs qe solli n\u00eb drit\u00eb shum\u00eb vlera.<\/p>\n<p>K\u00ebt\u00eb lib\u00ebr \u00ebsht\u00eb mir\u00eb t\u00eb ribotohet dhe te shum\u00ebzohet, por donator kryesor p\u00ebr p\u00ebrhapjen e k\u00ebtij libri duhet t\u00eb jen\u00eb vet Qeveria e Kosov\u00ebs qe ta p\u00ebrhap\u00eb dhe ta publikoj n\u00eb organet ma te larta nd\u00ebrkomb\u00ebtare qe ta kuptojn\u00eb nj\u00ebher\u00eb e gjithmon\u00eb epitetin gjenocidial te popullit kolektiv serb si barbar qe erdh\u00ebn n\u00eb k\u00ebto troje si cergash dhe ngulen k\u00ebmb\u00eb e ma n\u00eb fund arrit\u00ebn qe t\u00eb jen\u00eb faktor terrori kund\u00ebr popullit ton\u00eb shqiptar\u00eb. Edon Mustafa recitoi Monologun me thaj\u00eb kushtuar heroizmit te popullit shqiptar me \u00e7ka e entuziazmoj publikun.<\/p>\n<p><img decoding=\"async\" class=\"aligncenter size-thumbnail wp-image-7236\" title=\"Promovim n\u00eb Shtutgard\" src=\"http:\/\/www.shkoder.net\/images\/fjala\/2011\/promovim_shtutgard2.jpg\" alt=\"\" width=\"300\" \/><\/p>\n<p style=\"text-align: center;\"><img decoding=\"async\" class=\"aligncenter size-thumbnail wp-image-7236\" title=\"Promovim n\u00eb Shtutgard\" src=\"http:\/\/www.shkoder.net\/images\/fjala\/2011\/promovim_shtutgard3.jpg\" alt=\"\" width=\"300\" \/><em>Pamje e publikut ne diten e promovimit te k\u00ebtyre dy veprave!<\/em><\/p>\n<p>Nga publiku pati edhe pyetje qe ishin si t\u00eb zotit Tefik Ramadani, Asllan Dibrani, Can Tahiri etj. Pastaj publiku shprehu nj\u00eb interesim mbi vlerat e k\u00ebtij libri, jehona e tij n\u00eb publik, p\u00ebrmbajtjen, cil\u00ebsin\u00eb ku prap\u00eb zoti Pllana u p\u00ebrgjigj, duke e informuar publikun qe shpeshher\u00eb u p\u00ebrcoll me duartrokitje frenetike.<\/p>\n<p>Pastaj moderatori i k\u00ebsaj mbr\u00ebmje zoti Rifat Avdiu publikoj edhe librin e dyt\u00eb me radh\u00eb t\u00eb zotit Emin Fazlia qe p\u00ebr shkaqe te siguris\u00eb dhe nga ndjekja e udb\u00ebs jugosllave veproi dhe u njoh me emrin konspirativ Emil Kastrioti , nj\u00eb figur\u00eb q\u00eb veproj pa reshtur kund\u00ebr pushtuesit serb me te gjitha forcat e tij pa e kursyer as kapitalin as sh\u00ebndetin .<\/p>\n<p>N\u00eb foltore p\u00ebr ta prezantuar n\u00eb form\u00eb t\u00eb denj\u00eb doli zoti Fahredin Shala po ashtu nj\u00eb veprimtar i kahersh\u00ebm n\u00eb bashk\u00ebveprim shum\u00eb vje\u00e7ar me zotin Emil Kastriotin , i cili diti ta p\u00ebrmbledh ma se miri biografin\u00eb e zotit Emil Kastriotit. Zoti Shala foli n\u00eb pika t\u00eb shkurta p\u00ebr biografin\u00eb e tij .<\/p>\n<p>Nd\u00ebr t\u00eb tjera Shala tha se Emil Kastrioti lindi ne Shal\u00ebn e Bajgores pas shkollimit t\u00eb tij ju rrek veprimtaris\u00eb ilegale qe n\u00eb Kosov\u00eb ishte edhe themelues i organizat\u00ebs antikomuniste t\u00eb cil\u00ebn e pag\u00ebzuan me emrin &#8220;Votra Kosovare Nacionale Demokratike Shqiptare&#8221; ku si program ne vete kishte bashkimin e trojeve shqiptare n\u00eb nj\u00eb shtet n\u00eb Shqip\u00ebrin\u00eb etnike. Ky grup u organizua n\u00eb form\u00eb treshi me \u00e7ka n\u00eb mbr\u00ebmjen e 23 shtatorit 1953, tenit qe udh\u00ebtonte n\u00eb relacionin Shkup Beograd n\u00ebp\u00ebr Kosov\u00eb vun\u00eb flamurin shqiptar n\u00eb at\u00eb tren qe arriti n\u00eb Beograd. Kjo vep\u00ebr t\u00eb organet jugosllave shkaktoj nj\u00eb rr\u00ebmuj\u00eb.<\/p>\n<p>Zoti Emin Fazlia (Emil Kastrioti) pa reshtur veproj q\u00eb n\u00eb armat\u00ebn ish jugosllave sa ishte n\u00eb sh\u00ebrbimin ushtarak u arrestua dhe pas shum\u00eb torturash dhe hetimesh u nxor para gjykat\u00ebs ushtarake t\u00eb Zagrebit me te cilin rast u d\u00ebnua me 8 vjet burg t\u00eb r\u00ebnd. Pas vuajtjes se d\u00ebnimit pa mundur ta gjej sigurin\u00eb n\u00eb Kosov\u00eb ju imponua rruga e kurbetit si destinacion kishte Gjermanin\u00eb.<\/p>\n<p>Pasi u vendos n\u00eb Gjermani, ai krijoj nj\u00eb rrjet\u00eb bashk\u00ebpunimi me nacionalist\u00ebt dhe patriot shqiptar\u00eb n\u00eb shtetet e per\u00ebndim si\u00e7 ishte Hysen \u00c7ama n\u00eb Norvegji, me Vehbi Ibrahimin ne Bruksel, dhe shum\u00eb t\u00eb tjer\u00eb qe formuan grupin &#8220;Mbrojtja e Shqip\u00ebris\u00eb Etnike&#8221;, pastaj ishte themelues i Bes\u00eblidhjes Demokratike Shqiptare me \u00e7ka e udh\u00ebhoqi p\u00ebr shum\u00eb vite. N\u00eb Prag t\u00eb Luft\u00ebs se Kosov\u00ebs me 1999 zotin Kastrioti e gjeti n\u00eb ball t\u00eb Bes\u00eblidhjes ku e p\u00ebrkrahu U\u00c7K\/n\u00eb edhe materialisht dhe moralisht theksoj nd\u00ebr t\u00eb tjera zoti Shala.<\/p>\n<p>N\u00eb vazhdim zoti Xhafer Leci kishte p\u00ebrgatitur tekstin lidhur me p\u00ebrmbajtjen dhe vlerat e k\u00ebtij libri.<\/p>\n<p style=\"text-align: center;\"><img decoding=\"async\" class=\"aligncenter size-thumbnail wp-image-7236\" title=\"Promovim n\u00eb Shtutgard\" src=\"http:\/\/www.shkoder.net\/images\/fjala\/2011\/promovim_shtutgard4.jpg\" alt=\"\" width=\"300\" \/><em>Xhafer Leci ne referimin e librit t\u00eb Emil Kastriotit Hamid Emini<br \/>\nBrun\u00e7aj dhe Rifat Avdiu, Sejdi Rexhepi, Baki Mustafa, etj.<\/em><\/p>\n<p>Hamid Emini Brun\u00e7aj, Doktori i maleve t\u00eb lira t\u00eb Drenic\u00ebs dardane qe u botua n\u00eb Prishtin\u00eb me 2009. N\u00eb k\u00ebt\u00eb lib\u00ebr theksoj Leci i ka kushtuar Shqip\u00ebris\u00eb etnike, protagonisti i librit ishte personazhi Hamid qe kishte lindur n\u00eb 1909 dhe vdiq me 1986. Vendlindja ishte Vuthaj internimi n\u00eb Novipazar, por me qe ishte i nj\u00eb familje patriotike nuk e lan\u00eb pa e rrezikuar, man\u00ebfund arriti t\u00eb vendoset n\u00eb Kosov\u00eb. Ishte njoh\u00ebs i mire i rrethanave n\u00eb Kosov\u00eb dhe si problem n\u00eb vete e kishte qe popullata vendase e quanin shpesh here si boshnjak me qe nuk ja dinin vlerta e tij.<\/p>\n<p>K\u00ebtij takimi nj\u00eb madh\u00ebshti n\u00eb vete i shtoj edhe shfaqja e filmit dokumentar 2000 vjet rrug\u00ebtim qe ishte nj\u00eb pasqyrim i luft\u00ebs s\u00eb Kosov\u00ebs , heroizmin i Ushtris\u00eb \u00c7lirimtare t\u00eb Kosov\u00ebs, aty u pa roli i Radio Kosov\u00ebs s\u00eb Lir\u00eb q\u00eb u themelua ne malet e Berish\u00ebs, N\u00eb k\u00ebt\u00eb film u pan\u00eb edhe shum\u00eb pamje rr\u00ebqeth\u00ebse t\u00eb barbaris\u00eb se \u00e7etnikeve serb dhe masakr\u00ebn mbi popullat\u00ebn shqiptare me \u00e7ka pati rastin publiku t\u00eb sheh edhe shume invalid t\u00eb luft\u00ebs po nj\u00eb rast ma rr\u00ebqeth\u00ebs ishte i nj\u00eb vajze 4\/5 vje\u00e7are qe i kishin prer\u00eb dor\u00ebn e majt\u00eb dhe sot \u00ebsht\u00eb e gjall\u00eb n\u00eb Kosov\u00eb etj. Publiku ishte shume i emocionuar me lot ne sy u pan\u00eb shum\u00eb nga ta.<\/p>\n<p style=\"text-align: center;\"><img decoding=\"async\" class=\"aligncenter size-thumbnail wp-image-7236\" title=\"Promovim n\u00eb Shtutgard\" src=\"http:\/\/www.shkoder.net\/images\/fjala\/2011\/promovim_shtutgard5.jpg\" alt=\"\" width=\"300\" \/><em>Pamje valltar\u00ebsh ne k\u00ebt\u00eb takim nga ansambli Pavar\u00ebsia!<\/em><\/p>\n<p>Pas nj\u00eb pauze 15 minut\u00ebshe publikun e shoq\u00ebruan k\u00ebng\u00eb e valle nga ansambli Pavar\u00ebsia me vallen e Drenices. Publiku u nda nga ky takim me mbresa t\u00eb m\u00ebdha qe takime t\u00eb ngjashme t\u00eb mbahen ma shpesh.<\/p>\n<p>Shkruan <strong>Asllan Dibrani<\/strong>, <em>Shtutgard 2011<\/em><\/p>\n","protected":false},"excerpt":{"rendered":"<p>Nga Asllan Dibrani Kultura dhe vlerat e krijimtaris\u00eb me motive te lules se Kosov\u00ebs po kalon kornizat e Kosoves ku nj\u00eb lib\u00ebr i ngjash\u00ebm me motive te Luft\u00ebs se Kosoves nga Dr. Nysret Pllana &#8220;Terrori i Serbis\u00eb pushtuese mbi shqiptar\u00ebt&#8221; dhe i dyti lib\u00ebr nga Emin Fazliu veteran i veprimtaris\u00eb 40 vje\u00e7are n\u00eb shtetet e [&hellip;]<\/p>\n","protected":false},"author":1,"featured_media":0,"comment_status":"open","ping_status":"closed","sticky":false,"template":"","format":"standard","meta":{"footnotes":""},"categories":[2],"tags":[],"class_list":{"0":"post-458","1":"post","2":"type-post","3":"status-publish","4":"format-standard","6":"category-artikuj"},"yoast_head":"<!-- This site is optimized with the Yoast SEO plugin v27.4 - https:\/\/yoast.com\/product\/yoast-seo-wordpress\/ -->\n<title>Promovim librash n\u00eb Shtutgard t\u00eb Gjermanis\u00eb nga Dr. Nysret Pllana dhe Emin Fazlia - FjALA e LIR\u00cb - Arkivi<\/title>\n<meta name=\"robots\" content=\"index, follow, max-snippet:-1, max-image-preview:large, max-video-preview:-1\" \/>\n<link rel=\"canonical\" href=\"https:\/\/fjala.info\/2009-2015\/promovim-librash-ne-shtutgard-te-gjermanise-nga-dr-nysret-pllana-dhe-emin-fazlia\/\" \/>\n<meta property=\"og:locale\" content=\"sq_AL\" \/>\n<meta property=\"og:type\" content=\"article\" \/>\n<meta property=\"og:title\" content=\"Promovim librash n\u00eb Shtutgard t\u00eb Gjermanis\u00eb nga Dr. Nysret Pllana dhe Emin Fazlia - FjALA e LIR\u00cb - Arkivi\" \/>\n<meta property=\"og:description\" content=\"Nga Asllan Dibrani Kultura dhe vlerat e krijimtaris\u00eb me motive te lules se Kosov\u00ebs po kalon kornizat e Kosoves ku nj\u00eb lib\u00ebr i ngjash\u00ebm me motive te Luft\u00ebs se Kosoves nga Dr. Nysret Pllana &#8220;Terrori i Serbis\u00eb pushtuese mbi shqiptar\u00ebt&#8221; dhe i dyti lib\u00ebr nga Emin Fazliu veteran i veprimtaris\u00eb 40 vje\u00e7are n\u00eb shtetet e [&hellip;]\" \/>\n<meta property=\"og:url\" content=\"https:\/\/fjala.info\/2009-2015\/promovim-librash-ne-shtutgard-te-gjermanise-nga-dr-nysret-pllana-dhe-emin-fazlia\/\" \/>\n<meta property=\"og:site_name\" content=\"FjALA e LIR\u00cb - Arkivi\" \/>\n<meta property=\"article:published_time\" content=\"2011-12-03T08:18:57+00:00\" \/>\n<meta property=\"og:image\" content=\"http:\/\/www.shkoder.net\/images\/fjala\/asllan_dibrani.jpg\" \/>\n<meta name=\"author\" content=\"admin\" \/>\n<meta name=\"twitter:card\" content=\"summary_large_image\" \/>\n<meta name=\"twitter:label1\" content=\"Written by\" \/>\n\t<meta name=\"twitter:data1\" content=\"admin\" \/>\n\t<meta name=\"twitter:label2\" content=\"Est. reading time\" \/>\n\t<meta name=\"twitter:data2\" content=\"8 minutes\" \/>\n<script type=\"application\/ld+json\" class=\"yoast-schema-graph\">{\"@context\":\"https:\\\/\\\/schema.org\",\"@graph\":[{\"@type\":\"Article\",\"@id\":\"https:\\\/\\\/fjala.info\\\/2009-2015\\\/promovim-librash-ne-shtutgard-te-gjermanise-nga-dr-nysret-pllana-dhe-emin-fazlia\\\/#article\",\"isPartOf\":{\"@id\":\"https:\\\/\\\/fjala.info\\\/2009-2015\\\/promovim-librash-ne-shtutgard-te-gjermanise-nga-dr-nysret-pllana-dhe-emin-fazlia\\\/\"},\"author\":{\"name\":\"admin\",\"@id\":\"https:\\\/\\\/fjala.info\\\/2009-2015\\\/#\\\/schema\\\/person\\\/3aa1163ef05469c496fc94e77611ada2\"},\"headline\":\"Promovim librash n\u00eb Shtutgard t\u00eb Gjermanis\u00eb nga Dr. Nysret Pllana dhe Emin Fazlia\",\"datePublished\":\"2011-12-03T08:18:57+00:00\",\"mainEntityOfPage\":{\"@id\":\"https:\\\/\\\/fjala.info\\\/2009-2015\\\/promovim-librash-ne-shtutgard-te-gjermanise-nga-dr-nysret-pllana-dhe-emin-fazlia\\\/\"},\"wordCount\":1707,\"commentCount\":0,\"publisher\":{\"@id\":\"https:\\\/\\\/fjala.info\\\/2009-2015\\\/#organization\"},\"image\":{\"@id\":\"https:\\\/\\\/fjala.info\\\/2009-2015\\\/promovim-librash-ne-shtutgard-te-gjermanise-nga-dr-nysret-pllana-dhe-emin-fazlia\\\/#primaryimage\"},\"thumbnailUrl\":\"http:\\\/\\\/www.shkoder.net\\\/images\\\/fjala\\\/asllan_dibrani.jpg\",\"articleSection\":[\"Artikuj\"],\"inLanguage\":\"sq-AL\",\"potentialAction\":[{\"@type\":\"CommentAction\",\"name\":\"Comment\",\"target\":[\"https:\\\/\\\/fjala.info\\\/2009-2015\\\/promovim-librash-ne-shtutgard-te-gjermanise-nga-dr-nysret-pllana-dhe-emin-fazlia\\\/#respond\"]}]},{\"@type\":\"WebPage\",\"@id\":\"https:\\\/\\\/fjala.info\\\/2009-2015\\\/promovim-librash-ne-shtutgard-te-gjermanise-nga-dr-nysret-pllana-dhe-emin-fazlia\\\/\",\"url\":\"https:\\\/\\\/fjala.info\\\/2009-2015\\\/promovim-librash-ne-shtutgard-te-gjermanise-nga-dr-nysret-pllana-dhe-emin-fazlia\\\/\",\"name\":\"Promovim librash n\u00eb Shtutgard t\u00eb Gjermanis\u00eb nga Dr. Nysret Pllana dhe Emin Fazlia - FjALA e LIR\u00cb - Arkivi\",\"isPartOf\":{\"@id\":\"https:\\\/\\\/fjala.info\\\/2009-2015\\\/#website\"},\"primaryImageOfPage\":{\"@id\":\"https:\\\/\\\/fjala.info\\\/2009-2015\\\/promovim-librash-ne-shtutgard-te-gjermanise-nga-dr-nysret-pllana-dhe-emin-fazlia\\\/#primaryimage\"},\"image\":{\"@id\":\"https:\\\/\\\/fjala.info\\\/2009-2015\\\/promovim-librash-ne-shtutgard-te-gjermanise-nga-dr-nysret-pllana-dhe-emin-fazlia\\\/#primaryimage\"},\"thumbnailUrl\":\"http:\\\/\\\/www.shkoder.net\\\/images\\\/fjala\\\/asllan_dibrani.jpg\",\"datePublished\":\"2011-12-03T08:18:57+00:00\",\"breadcrumb\":{\"@id\":\"https:\\\/\\\/fjala.info\\\/2009-2015\\\/promovim-librash-ne-shtutgard-te-gjermanise-nga-dr-nysret-pllana-dhe-emin-fazlia\\\/#breadcrumb\"},\"inLanguage\":\"sq-AL\",\"potentialAction\":[{\"@type\":\"ReadAction\",\"target\":[\"https:\\\/\\\/fjala.info\\\/2009-2015\\\/promovim-librash-ne-shtutgard-te-gjermanise-nga-dr-nysret-pllana-dhe-emin-fazlia\\\/\"]}]},{\"@type\":\"ImageObject\",\"inLanguage\":\"sq-AL\",\"@id\":\"https:\\\/\\\/fjala.info\\\/2009-2015\\\/promovim-librash-ne-shtutgard-te-gjermanise-nga-dr-nysret-pllana-dhe-emin-fazlia\\\/#primaryimage\",\"url\":\"http:\\\/\\\/www.shkoder.net\\\/images\\\/fjala\\\/asllan_dibrani.jpg\",\"contentUrl\":\"http:\\\/\\\/www.shkoder.net\\\/images\\\/fjala\\\/asllan_dibrani.jpg\"},{\"@type\":\"BreadcrumbList\",\"@id\":\"https:\\\/\\\/fjala.info\\\/2009-2015\\\/promovim-librash-ne-shtutgard-te-gjermanise-nga-dr-nysret-pllana-dhe-emin-fazlia\\\/#breadcrumb\",\"itemListElement\":[{\"@type\":\"ListItem\",\"position\":1,\"name\":\"Home\",\"item\":\"https:\\\/\\\/fjala.info\\\/2009-2015\\\/\"},{\"@type\":\"ListItem\",\"position\":2,\"name\":\"Promovim librash n\u00eb Shtutgard t\u00eb Gjermanis\u00eb nga Dr. Nysret Pllana dhe Emin Fazlia\"}]},{\"@type\":\"WebSite\",\"@id\":\"https:\\\/\\\/fjala.info\\\/2009-2015\\\/#website\",\"url\":\"https:\\\/\\\/fjala.info\\\/2009-2015\\\/\",\"name\":\"FjALA e LIR\u00cb - Arkivi\",\"description\":\"Arkivi 2009-2015\",\"publisher\":{\"@id\":\"https:\\\/\\\/fjala.info\\\/2009-2015\\\/#organization\"},\"potentialAction\":[{\"@type\":\"SearchAction\",\"target\":{\"@type\":\"EntryPoint\",\"urlTemplate\":\"https:\\\/\\\/fjala.info\\\/2009-2015\\\/?s={search_term_string}\"},\"query-input\":{\"@type\":\"PropertyValueSpecification\",\"valueRequired\":true,\"valueName\":\"search_term_string\"}}],\"inLanguage\":\"sq-AL\"},{\"@type\":\"Organization\",\"@id\":\"https:\\\/\\\/fjala.info\\\/2009-2015\\\/#organization\",\"name\":\"FjALA e LIR\u00cb - Arkivi\",\"url\":\"https:\\\/\\\/fjala.info\\\/2009-2015\\\/\",\"logo\":{\"@type\":\"ImageObject\",\"inLanguage\":\"sq-AL\",\"@id\":\"https:\\\/\\\/fjala.info\\\/2009-2015\\\/#\\\/schema\\\/logo\\\/image\\\/\",\"url\":\"\",\"contentUrl\":\"\",\"caption\":\"FjALA e LIR\u00cb - Arkivi\"},\"image\":{\"@id\":\"https:\\\/\\\/fjala.info\\\/2009-2015\\\/#\\\/schema\\\/logo\\\/image\\\/\"}},{\"@type\":\"Person\",\"@id\":\"https:\\\/\\\/fjala.info\\\/2009-2015\\\/#\\\/schema\\\/person\\\/3aa1163ef05469c496fc94e77611ada2\",\"name\":\"admin\",\"image\":{\"@type\":\"ImageObject\",\"inLanguage\":\"sq-AL\",\"@id\":\"https:\\\/\\\/fjala.info\\\/2009-2015\\\/wp-content\\\/uploads\\\/2012\\\/02\\\/arben_cokaj-120x150.jpg\",\"url\":\"https:\\\/\\\/fjala.info\\\/2009-2015\\\/wp-content\\\/uploads\\\/2012\\\/02\\\/arben_cokaj-120x150.jpg\",\"contentUrl\":\"https:\\\/\\\/fjala.info\\\/2009-2015\\\/wp-content\\\/uploads\\\/2012\\\/02\\\/arben_cokaj-120x150.jpg\",\"caption\":\"admin\"},\"description\":\"Admin, Fjala e Lir\u00eb\",\"sameAs\":[\"https:\\\/\\\/fjala.info\\\/\"],\"url\":\"https:\\\/\\\/fjala.info\\\/2009-2015\\\/author\\\/admin\\\/\"}]}<\/script>\n<!-- \/ Yoast SEO plugin. -->","yoast_head_json":{"title":"Promovim librash n\u00eb Shtutgard t\u00eb Gjermanis\u00eb nga Dr. Nysret Pllana dhe Emin Fazlia - FjALA e LIR\u00cb - Arkivi","robots":{"index":"index","follow":"follow","max-snippet":"max-snippet:-1","max-image-preview":"max-image-preview:large","max-video-preview":"max-video-preview:-1"},"canonical":"https:\/\/fjala.info\/2009-2015\/promovim-librash-ne-shtutgard-te-gjermanise-nga-dr-nysret-pllana-dhe-emin-fazlia\/","og_locale":"sq_AL","og_type":"article","og_title":"Promovim librash n\u00eb Shtutgard t\u00eb Gjermanis\u00eb nga Dr. Nysret Pllana dhe Emin Fazlia - FjALA e LIR\u00cb - Arkivi","og_description":"Nga Asllan Dibrani Kultura dhe vlerat e krijimtaris\u00eb me motive te lules se Kosov\u00ebs po kalon kornizat e Kosoves ku nj\u00eb lib\u00ebr i ngjash\u00ebm me motive te Luft\u00ebs se Kosoves nga Dr. Nysret Pllana &#8220;Terrori i Serbis\u00eb pushtuese mbi shqiptar\u00ebt&#8221; dhe i dyti lib\u00ebr nga Emin Fazliu veteran i veprimtaris\u00eb 40 vje\u00e7are n\u00eb shtetet e [&hellip;]","og_url":"https:\/\/fjala.info\/2009-2015\/promovim-librash-ne-shtutgard-te-gjermanise-nga-dr-nysret-pllana-dhe-emin-fazlia\/","og_site_name":"FjALA e LIR\u00cb - Arkivi","article_published_time":"2011-12-03T08:18:57+00:00","og_image":[{"url":"http:\/\/www.shkoder.net\/images\/fjala\/asllan_dibrani.jpg","type":"","width":"","height":""}],"author":"admin","twitter_card":"summary_large_image","twitter_misc":{"Written by":"admin","Est. reading time":"8 minutes"},"schema":{"@context":"https:\/\/schema.org","@graph":[{"@type":"Article","@id":"https:\/\/fjala.info\/2009-2015\/promovim-librash-ne-shtutgard-te-gjermanise-nga-dr-nysret-pllana-dhe-emin-fazlia\/#article","isPartOf":{"@id":"https:\/\/fjala.info\/2009-2015\/promovim-librash-ne-shtutgard-te-gjermanise-nga-dr-nysret-pllana-dhe-emin-fazlia\/"},"author":{"name":"admin","@id":"https:\/\/fjala.info\/2009-2015\/#\/schema\/person\/3aa1163ef05469c496fc94e77611ada2"},"headline":"Promovim librash n\u00eb Shtutgard t\u00eb Gjermanis\u00eb nga Dr. Nysret Pllana dhe Emin Fazlia","datePublished":"2011-12-03T08:18:57+00:00","mainEntityOfPage":{"@id":"https:\/\/fjala.info\/2009-2015\/promovim-librash-ne-shtutgard-te-gjermanise-nga-dr-nysret-pllana-dhe-emin-fazlia\/"},"wordCount":1707,"commentCount":0,"publisher":{"@id":"https:\/\/fjala.info\/2009-2015\/#organization"},"image":{"@id":"https:\/\/fjala.info\/2009-2015\/promovim-librash-ne-shtutgard-te-gjermanise-nga-dr-nysret-pllana-dhe-emin-fazlia\/#primaryimage"},"thumbnailUrl":"http:\/\/www.shkoder.net\/images\/fjala\/asllan_dibrani.jpg","articleSection":["Artikuj"],"inLanguage":"sq-AL","potentialAction":[{"@type":"CommentAction","name":"Comment","target":["https:\/\/fjala.info\/2009-2015\/promovim-librash-ne-shtutgard-te-gjermanise-nga-dr-nysret-pllana-dhe-emin-fazlia\/#respond"]}]},{"@type":"WebPage","@id":"https:\/\/fjala.info\/2009-2015\/promovim-librash-ne-shtutgard-te-gjermanise-nga-dr-nysret-pllana-dhe-emin-fazlia\/","url":"https:\/\/fjala.info\/2009-2015\/promovim-librash-ne-shtutgard-te-gjermanise-nga-dr-nysret-pllana-dhe-emin-fazlia\/","name":"Promovim librash n\u00eb Shtutgard t\u00eb Gjermanis\u00eb nga Dr. Nysret Pllana dhe Emin Fazlia - FjALA e LIR\u00cb - Arkivi","isPartOf":{"@id":"https:\/\/fjala.info\/2009-2015\/#website"},"primaryImageOfPage":{"@id":"https:\/\/fjala.info\/2009-2015\/promovim-librash-ne-shtutgard-te-gjermanise-nga-dr-nysret-pllana-dhe-emin-fazlia\/#primaryimage"},"image":{"@id":"https:\/\/fjala.info\/2009-2015\/promovim-librash-ne-shtutgard-te-gjermanise-nga-dr-nysret-pllana-dhe-emin-fazlia\/#primaryimage"},"thumbnailUrl":"http:\/\/www.shkoder.net\/images\/fjala\/asllan_dibrani.jpg","datePublished":"2011-12-03T08:18:57+00:00","breadcrumb":{"@id":"https:\/\/fjala.info\/2009-2015\/promovim-librash-ne-shtutgard-te-gjermanise-nga-dr-nysret-pllana-dhe-emin-fazlia\/#breadcrumb"},"inLanguage":"sq-AL","potentialAction":[{"@type":"ReadAction","target":["https:\/\/fjala.info\/2009-2015\/promovim-librash-ne-shtutgard-te-gjermanise-nga-dr-nysret-pllana-dhe-emin-fazlia\/"]}]},{"@type":"ImageObject","inLanguage":"sq-AL","@id":"https:\/\/fjala.info\/2009-2015\/promovim-librash-ne-shtutgard-te-gjermanise-nga-dr-nysret-pllana-dhe-emin-fazlia\/#primaryimage","url":"http:\/\/www.shkoder.net\/images\/fjala\/asllan_dibrani.jpg","contentUrl":"http:\/\/www.shkoder.net\/images\/fjala\/asllan_dibrani.jpg"},{"@type":"BreadcrumbList","@id":"https:\/\/fjala.info\/2009-2015\/promovim-librash-ne-shtutgard-te-gjermanise-nga-dr-nysret-pllana-dhe-emin-fazlia\/#breadcrumb","itemListElement":[{"@type":"ListItem","position":1,"name":"Home","item":"https:\/\/fjala.info\/2009-2015\/"},{"@type":"ListItem","position":2,"name":"Promovim librash n\u00eb Shtutgard t\u00eb Gjermanis\u00eb nga Dr. Nysret Pllana dhe Emin Fazlia"}]},{"@type":"WebSite","@id":"https:\/\/fjala.info\/2009-2015\/#website","url":"https:\/\/fjala.info\/2009-2015\/","name":"FjALA e LIR\u00cb - Arkivi","description":"Arkivi 2009-2015","publisher":{"@id":"https:\/\/fjala.info\/2009-2015\/#organization"},"potentialAction":[{"@type":"SearchAction","target":{"@type":"EntryPoint","urlTemplate":"https:\/\/fjala.info\/2009-2015\/?s={search_term_string}"},"query-input":{"@type":"PropertyValueSpecification","valueRequired":true,"valueName":"search_term_string"}}],"inLanguage":"sq-AL"},{"@type":"Organization","@id":"https:\/\/fjala.info\/2009-2015\/#organization","name":"FjALA e LIR\u00cb - Arkivi","url":"https:\/\/fjala.info\/2009-2015\/","logo":{"@type":"ImageObject","inLanguage":"sq-AL","@id":"https:\/\/fjala.info\/2009-2015\/#\/schema\/logo\/image\/","url":"","contentUrl":"","caption":"FjALA e LIR\u00cb - Arkivi"},"image":{"@id":"https:\/\/fjala.info\/2009-2015\/#\/schema\/logo\/image\/"}},{"@type":"Person","@id":"https:\/\/fjala.info\/2009-2015\/#\/schema\/person\/3aa1163ef05469c496fc94e77611ada2","name":"admin","image":{"@type":"ImageObject","inLanguage":"sq-AL","@id":"https:\/\/fjala.info\/2009-2015\/wp-content\/uploads\/2012\/02\/arben_cokaj-120x150.jpg","url":"https:\/\/fjala.info\/2009-2015\/wp-content\/uploads\/2012\/02\/arben_cokaj-120x150.jpg","contentUrl":"https:\/\/fjala.info\/2009-2015\/wp-content\/uploads\/2012\/02\/arben_cokaj-120x150.jpg","caption":"admin"},"description":"Admin, Fjala e Lir\u00eb","sameAs":["https:\/\/fjala.info\/"],"url":"https:\/\/fjala.info\/2009-2015\/author\/admin\/"}]}},"_links":{"self":[{"href":"https:\/\/fjala.info\/2009-2015\/wp-json\/wp\/v2\/posts\/458","targetHints":{"allow":["GET"]}}],"collection":[{"href":"https:\/\/fjala.info\/2009-2015\/wp-json\/wp\/v2\/posts"}],"about":[{"href":"https:\/\/fjala.info\/2009-2015\/wp-json\/wp\/v2\/types\/post"}],"author":[{"embeddable":true,"href":"https:\/\/fjala.info\/2009-2015\/wp-json\/wp\/v2\/users\/1"}],"replies":[{"embeddable":true,"href":"https:\/\/fjala.info\/2009-2015\/wp-json\/wp\/v2\/comments?post=458"}],"version-history":[{"count":0,"href":"https:\/\/fjala.info\/2009-2015\/wp-json\/wp\/v2\/posts\/458\/revisions"}],"wp:attachment":[{"href":"https:\/\/fjala.info\/2009-2015\/wp-json\/wp\/v2\/media?parent=458"}],"wp:term":[{"taxonomy":"category","embeddable":true,"href":"https:\/\/fjala.info\/2009-2015\/wp-json\/wp\/v2\/categories?post=458"},{"taxonomy":"post_tag","embeddable":true,"href":"https:\/\/fjala.info\/2009-2015\/wp-json\/wp\/v2\/tags?post=458"}],"curies":[{"name":"wp","href":"https:\/\/api.w.org\/{rel}","templated":true}]}}