{"id":4579,"date":"2012-08-22T16:37:16","date_gmt":"2012-08-22T15:37:16","guid":{"rendered":"http:\/\/www.fjala.info\/?p=4579"},"modified":"2012-08-22T16:37:16","modified_gmt":"2012-08-22T15:37:16","slug":"mbi-romanin-e-anton-nike-berishes-nena-e-drites","status":"publish","type":"post","link":"https:\/\/fjala.info\/2009-2015\/mbi-romanin-e-anton-nike-berishes-nena-e-drites\/","title":{"rendered":"Mbi romanin e Anton Nik\u00eb Berish\u00ebs: \u201cN\u00ebna e Drit\u00ebs\u201d"},"content":{"rendered":"<p><img decoding=\"async\" class=\"alignright size-thumbnail wp-image-7236\" title=\"N\u00ebna e Drit\u00ebs\" src=\"http:\/\/www.fjala.info\/2012\/nena_drites.jpg\" alt=\"\" width=\"200\" \/> Shkruan don <strong>Pren Kola<\/strong><\/p>\n<p><strong><em>K\u00ebtyre dit\u00ebve kemi n\u00eb dor\u00eb nj\u00eb roman t\u00eb mir\u00ebfillt\u00eb, tema e t\u00eb cilit \u00ebsht\u00eb f\u00ebmij\u00ebria, thirrja n\u00eb kushtim p\u00ebr Zotin, vepra dhe jeta zulmmadhe e N\u00ebn\u00ebs Tereze.<\/em><\/strong><\/p>\n<p>P\u00ebr mendimin tim, por bazuar n\u00eb njohurin\u00eb e p\u00ebrgjithshme t\u00eb let\u00ebrsis\u00eb shqiptare, \u00ebsht\u00eb roman i llojt t\u00eb ve\u00e7ant\u00eb q\u00eb sheh drit\u00ebn e t\u00eb botuarit n\u00eb gjuh\u00ebn ton\u00eb. Ve\u00e7oria e tij \u00ebsht\u00eb n\u00eb tem\u00ebn e t\u00eb trajtuarit t\u00eb nj\u00eb personi q\u00eb tashm\u00eb e njeh bota, perceptimi i dukurive t\u00eb jet\u00ebs s\u00eb nj\u00eb njeriu t\u00eb ve\u00e7ant\u00eb, q\u00eb me jet\u00ebn dhe vepr\u00ebn e vet tejkalon vdekatar\u00ebt e tjer\u00eb, dhe q\u00eb b\u00ebhet edhe sh\u00ebmb\u00eblltyr\u00eb p\u00ebr ta mbizot\u00ebruar t\u00eb keqen dhe p\u00ebr t\u00eb ngadh\u00ebnjyer mbi lig\u00ebshtit\u00eb.<\/p>\n<p>Posa ta mbarosh s\u00eb lexuari romanin, q\u00eb lexohet me nj\u00eb frym\u00eb, dhe mezi pret t\u00eb kalosh prej nj\u00eb kapitulli tek tjetri, t\u00eb imponohet n\u00eb mendje gjuha e zgjedhur dhe e pasur me neologjizma, fraza t\u00eb krijimtaris\u00eb son\u00eb gojore, q\u00eb shekuj me radh u shqiptuan theksh\u00ebm n\u00eb biseda pran\u00eb oxhaqeve t\u00eb trojeve tona, q\u00eb edhe n\u00eb romanin n\u00eb fjal\u00eb u del n\u00eb pah fisnik\u00ebria, d\u00eblir\u00ebsia dhe forca p\u00ebr t\u00eb mbij\u00ebtuar varf\u00ebrin\u00eb pa e pasur p\u00ebrlyer shpirtin dhe pa u pasur d\u00ebshp\u00ebruar n\u00eb Krijuesin.<\/p>\n<p>N\u00eb familjen Bojaxhiu dhe n\u00eb familjen e dajave t\u00eb Gramaqelit t\u00eb N\u00ebn\u00ebs Tereze, del n\u00eb spikam\u00eb familja e sh\u00ebndosh\u00eb dhe e fisnikshme edhe n\u00eb varf\u00ebri, q\u00ebndrueshm\u00ebria e saj n\u00eb situata t\u00eb v\u00ebshtira, p\u00ebrballimi i vetmis\u00eb dhe i zezonave t\u00eb shumta q\u00eb e rastisnin shqiptarin, sprovat e jet\u00ebs, apo si\u00e7 shprehet autori p\u00ebrmes n\u00ebn\u00eb Dranes: \u201cvuajtja \u00ebsht\u00eb m\u00ebsim dhe njohje\u2026 shnd\u00ebrrohet n\u00eb dashuri e dashuria t\u00eb shpie n\u00eb zbulimin e t\u00eb v\u00ebrtet\u00ebs\u201d.<\/p>\n<p><img decoding=\"async\" class=\"alignleft size-thumbnail wp-image-7236\" title=\"Don Pren Kola\" src=\"http:\/\/www.fjala.info\/2012\/don_pren_kola.jpg\" alt=\"\" width=\"250\" \/><\/p>\n<p>Mbresa e ve\u00e7ant\u00eb t\u00eb l\u00eb p\u00ebrshkrimi i filizit t\u00eb thirrjes s\u00eb N\u00ebn\u00ebn Tereze n\u00eb Kish\u00ebn e Sh\u00ebn Ndout, shenjt\u00ebrore kjo, ku p\u00ebrgj\u00ebroheshin pjesa d\u00ebrmuese e besimtar\u00ebve katolik\u00eb dhe ku m\u00ebsonin se \u201cshpirti dhe dashuria nuk rr\u00ebnohen\u201d (citim nga romani). Zelli i dajave (daj\u00eb Gjonit) linte p\u00ebrshtypje t\u00eb thell\u00eb n\u00eb zemr\u00ebn f\u00ebmij\u00ebrore t\u00eb Gonxhes, shtegtimi i p\u00ebrvjetsh\u00ebm i t\u00eb gjith\u00eb fshatrave t\u00eb Jakov\u00ebs dhe rretheve t\u00eb tjer\u00eb n\u00eb Kish\u00ebn e Sh\u00ebn Ndout, e qet n\u00eb pah ndikimin e madh t\u00eb Kish\u00ebs n\u00eb jet\u00ebn e shqiptarit katolik, m\u00ebsimin e saj p\u00ebr t\u2019iu mall\u00ebngjyer jet\u00ebs, forc\u00ebn q\u00eb japin fjal\u00ebt hyjnore p\u00ebr t\u00eb ngadh\u00ebnjyer t\u00eb gjitha pritat e djallit, q\u00ebndrueshm\u00ebria n\u00eb ballafaqim me barr\u00ebn e jet\u00ebs, si edhe heroizmi i fes\u00eb, q\u00eb duke u mbrojtur ajo, mbrohej edhe kombi.<\/p>\n<p>Shtegtimi n\u00eb Kish\u00ebn e Zoj\u00ebs Cernagore n\u00eb Letnic\u00eb, q\u00eb, sipas romanit, \u00ebsht\u00eb edhe tundimi i par\u00eb i N\u00ebn\u00ebs Tereze, qet n\u00eb drit\u00eb nj\u00eb forc\u00eb t\u00eb madhe t\u00eb Gonxhes, nj\u00eb pjekuri t\u00eb thell\u00eb, dhe, pothuaj q\u00eb at\u00ebher\u00eb, nj\u00eb vendosm\u00ebri p\u00ebr nj\u00eb jet\u00eb n\u00eb dashuri t\u00eb plot\u00eb ndaj tjetrit, v\u00ebllait dhe motr\u00ebs njeri. N\u00eb shenjt\u00ebroren e Zoj\u00ebs bashk\u00eb me hiret q\u00eb jep Biri i saj Jezusi p\u00ebrmes N\u00ebn\u00ebs s\u00eb vet, si edhe e prekur thell\u00eb me trim\u00ebrin\u00eb e martir\u00ebve t\u00eb Karadakut dhe heroizmin e tyre p\u00ebr fen\u00eb e Krishtit, Gonxhja merr si fshehtazi n\u00eb gji, dhe i skalit thell\u00eb n\u00eb zem\u00ebr dhe i ruan me smir\u00eb porosit\u00eb q\u00eb i mori nga Zoja.<\/p>\n<p>Pastaj, autori do t\u00eb lundroj\u00eb dallg\u00ebdallg\u00eb me jet\u00ebn e Gonxhes duke shpalosur p\u00ebr lexuesin jet\u00ebn e njeriut n\u00eb m\u00ebnyr\u00eb shum\u00ebdimensionale, me t\u00eb gjitha lavdit\u00eb dhe peripecit\u00eb e saja, duke sjell\u00eb para nesh edhe nj\u00eb grim\u00eb histori t\u00eb p\u00ebrgjakshme t\u00eb popullit ton\u00eb, por duke iu shmangur urretjes nacionale.<\/p>\n<p>N\u00ebna Tereze n\u00eb k\u00ebt\u00eb roman nuk na del si nj\u00eb njeri thjesht shpirt\u00ebror, thua se n\u00eb t\u00eb kishte di\u00e7ka t\u00eb jasht\u00ebzakonshme dhe t\u00eb kishte lindur jasht\u00ebnatyrshem apo si\u00e7 u thuhet f\u00ebmij\u00ebve, ta kishte sjell\u00eb n\u00eb bot\u00ebn ton\u00eb lejleku. Tundimi me Albin, tregon fillet e emocioneve vajz\u00ebrore, dhe mendoj se pa nj\u00eb tundim t\u00eb till\u00eb N\u00ebna Tereza do t\u00eb mbetej personalitetit i p\u00ebrgjysmuar; tundimet me Albin ia shtojn\u00eb madh\u00ebrin\u00eb jet\u00ebs s\u00eb saj vajz\u00ebrore, zbulojn\u00eb shenjat e pjekuris\u00eb, qesin sheshazi karakterin, tregojn\u00eb vendosm\u00ebrin\u00eb p\u00ebr t\u00eb hequr dor\u00eb nga nj\u00eb pjes\u00eb e qen\u00ebsishme e jet\u00ebs, nga vetvetja, p\u00ebr nj\u00eb t\u00eb mir\u00eb absolute, p\u00ebr dashurin\u00eb univerzale, q\u00eb tejkalon gjith\u00e7ka.<\/p>\n<p>Berisha, duke e dramatizuar udh\u00ebtimin e gjat\u00eb t\u00eb Gonxhes p\u00ebr n\u00eb Indi dhe duke e hij\u00ebshuar me imagjinat\u00ebn e vet, shpreh aft\u00ebsin\u00eb e nj\u00eb n\u00ebne q\u00eb t\u2019ia kushtoj\u00eb Zotit t\u00eb bij\u00ebn, ta fal\u00eb t\u00eb falur\u00ebn, dhe nj\u00ebkoh\u00ebsisht pjekurin\u00eb shpirt\u00ebrore t\u00eb nj\u00eb tet\u00ebmb\u00ebdhj\u00ebvje\u00e7areje q\u00eb t\u00eb l\u00ebr\u00eb gjith\u00e7ka p\u00ebr dashuri ndaj Krishtit n\u00eb sh\u00ebbim t\u00eb tjetrit.<\/p>\n<p>Posa vijm\u00eb tek lagjja \u201cMotili\u201d, aty fillon n\u00eb m\u00ebnyr\u00eb t\u00eb ve\u00e7ant\u00eb p\u00ebrshkrimi m\u00eb real i ngjarjeve, dramatizimi i t\u00eb cilave t\u00eb b\u00ebn t\u00eb kujtosh se n\u00ebna Tereze ishte \u201cmbinjeri\u201d (\u201c\u00fcbermensch\u201d) n\u00eb kuptimin m\u00eb mir\u00eb t\u00eb fjal\u00ebs, pasi u shnd\u00ebrrua vet\u00eb n\u00eb dhimbje q\u00eb ta kuptoj\u00eb dhimbjen e tjetrit, u b\u00eb vet\u00eb dashuri, q\u00eb ta kuptoj\u00eb dashurin\u00eb.<\/p>\n<p>Tundimi i tret\u00eb i N\u00ebn\u00eb Terez\u00ebs, q\u00eb edhe nga vet\u00eb rr\u00ebfimi i saj \u00ebsht\u00eb shtegu pa rrengje kah personifikimi me Krishtin, shfaq vlerat dhe forc\u00ebn m\u00eb t\u00eb p\u00ebrimt\u00ebsuar e t\u00eb detajizuar t\u00eb saj p\u00ebr flijim, p\u00ebr sh\u00ebmb\u00ebllim, pothuaj absolut, me Krishtin e kryq\u00ebzuar.<\/p>\n<p>Ajo tashm\u00eb duhet t\u00eb fillonte nj\u00eb betej\u00eb, n\u00eb t\u00eb cil\u00ebn do \u201ct\u2019ia leht\u00ebsonte barr\u00ebn Krishtit n\u00eb kryq\u201d (thot\u00eb autori), n\u00eb at\u00eb shteg, sipas autorit, do t\u00eb m\u00ebsonte p\u00ebrfundimisht se varf\u00ebria nuk \u00ebsht\u00eb zhvler\u00ebsim. Udh\u00ebtimi n\u00eb Darjeling, shfaq n\u00eb roman teologjin\u00eb mbi m\u00ebkatin, mbizot\u00ebrimin e zbraz\u00ebtis\u00eb, rrug\u00ebtimin p\u00ebr t\u2019i p\u00ebrjet\u00ebsuar dit\u00ebt n\u00eb sh\u00ebrbim, dhe shpresat se nj\u00eb dit\u00eb do t\u00eb jemi n\u00eb atdheun qiellor me Krijuesin.<\/p>\n<p>N\u00ebna Tereze krahasohet me gruan e murosur, me Doruntin\u00ebn dhe Konstantinin, me \u00e7\u2019rast autori sheh forc\u00ebn e mitologjis\u00eb, p\u00ebrmabjtja e t\u00eb cilave nuk besohet leht\u00eb, por l\u00eb mbresa t\u00eb pashlyeshme, sikurse nuk besohet leht\u00eb as m\u00ebnyra e t\u00eb jetuarit n\u00eb tok\u00eb e N\u00ebn\u00ebs Tereze vet\u00ebm n\u00eb sh\u00ebrbim t\u00eb tjetrit. Krahasimi i N\u00ebn\u00ebs Tereze me baladat dhe figurat e tjera mitologjike, m\u00ebton ta p\u00ebrjet\u00ebsoj\u00eb N\u00ebn\u00ebn Tereze dhe mahnitja p\u00ebr figur\u00ebn e saj t\u00eb jet\u00eb kujtim dhe gjakim i p\u00ebrhersh\u00ebm.<\/p>\n<p>http:\/\/www.buzuku.info\/Arkivi\/Buzuku17\/Recension.htm<\/p>\n","protected":false},"excerpt":{"rendered":"<p>Shkruan don Pren Kola K\u00ebtyre dit\u00ebve kemi n\u00eb dor\u00eb nj\u00eb roman t\u00eb mir\u00ebfillt\u00eb, tema e t\u00eb cilit \u00ebsht\u00eb f\u00ebmij\u00ebria, thirrja n\u00eb kushtim p\u00ebr Zotin, vepra dhe jeta zulmmadhe e N\u00ebn\u00ebs Tereze. P\u00ebr mendimin tim, por bazuar n\u00eb njohurin\u00eb e p\u00ebrgjithshme t\u00eb let\u00ebrsis\u00eb shqiptare, \u00ebsht\u00eb roman i llojt t\u00eb ve\u00e7ant\u00eb q\u00eb sheh drit\u00ebn e t\u00eb botuarit [&hellip;]<\/p>\n","protected":false},"author":1,"featured_media":0,"comment_status":"open","ping_status":"closed","sticky":false,"template":"","format":"standard","meta":{"footnotes":""},"categories":[2],"tags":[],"class_list":{"0":"post-4579","1":"post","2":"type-post","3":"status-publish","4":"format-standard","6":"category-artikuj"},"yoast_head":"<!-- This site is optimized with the Yoast SEO plugin v27.4 - https:\/\/yoast.com\/product\/yoast-seo-wordpress\/ -->\n<title>Mbi romanin e Anton Nik\u00eb Berish\u00ebs: \u201cN\u00ebna e Drit\u00ebs\u201d - FjALA e LIR\u00cb - Arkivi<\/title>\n<meta name=\"robots\" content=\"index, follow, max-snippet:-1, max-image-preview:large, max-video-preview:-1\" \/>\n<link rel=\"canonical\" href=\"https:\/\/fjala.info\/2009-2015\/mbi-romanin-e-anton-nike-berishes-nena-e-drites\/\" \/>\n<meta property=\"og:locale\" content=\"sq_AL\" \/>\n<meta property=\"og:type\" content=\"article\" \/>\n<meta property=\"og:title\" content=\"Mbi romanin e Anton Nik\u00eb Berish\u00ebs: \u201cN\u00ebna e Drit\u00ebs\u201d - FjALA e LIR\u00cb - Arkivi\" \/>\n<meta property=\"og:description\" content=\"Shkruan don Pren Kola K\u00ebtyre dit\u00ebve kemi n\u00eb dor\u00eb nj\u00eb roman t\u00eb mir\u00ebfillt\u00eb, tema e t\u00eb cilit \u00ebsht\u00eb f\u00ebmij\u00ebria, thirrja n\u00eb kushtim p\u00ebr Zotin, vepra dhe jeta zulmmadhe e N\u00ebn\u00ebs Tereze. P\u00ebr mendimin tim, por bazuar n\u00eb njohurin\u00eb e p\u00ebrgjithshme t\u00eb let\u00ebrsis\u00eb shqiptare, \u00ebsht\u00eb roman i llojt t\u00eb ve\u00e7ant\u00eb q\u00eb sheh drit\u00ebn e t\u00eb botuarit [&hellip;]\" \/>\n<meta property=\"og:url\" content=\"https:\/\/fjala.info\/2009-2015\/mbi-romanin-e-anton-nike-berishes-nena-e-drites\/\" \/>\n<meta property=\"og:site_name\" content=\"FjALA e LIR\u00cb - Arkivi\" \/>\n<meta property=\"article:published_time\" content=\"2012-08-22T15:37:16+00:00\" \/>\n<meta property=\"og:image\" content=\"http:\/\/www.fjala.info\/2012\/nena_drites.jpg\" \/>\n<meta name=\"author\" content=\"admin\" \/>\n<meta name=\"twitter:card\" content=\"summary_large_image\" \/>\n<meta name=\"twitter:label1\" content=\"Written by\" \/>\n\t<meta name=\"twitter:data1\" content=\"admin\" \/>\n\t<meta name=\"twitter:label2\" content=\"Est. reading time\" \/>\n\t<meta name=\"twitter:data2\" content=\"6 minutes\" \/>\n<script type=\"application\/ld+json\" class=\"yoast-schema-graph\">{\"@context\":\"https:\\\/\\\/schema.org\",\"@graph\":[{\"@type\":\"Article\",\"@id\":\"https:\\\/\\\/fjala.info\\\/2009-2015\\\/mbi-romanin-e-anton-nike-berishes-nena-e-drites\\\/#article\",\"isPartOf\":{\"@id\":\"https:\\\/\\\/fjala.info\\\/2009-2015\\\/mbi-romanin-e-anton-nike-berishes-nena-e-drites\\\/\"},\"author\":{\"name\":\"admin\",\"@id\":\"https:\\\/\\\/fjala.info\\\/2009-2015\\\/#\\\/schema\\\/person\\\/3aa1163ef05469c496fc94e77611ada2\"},\"headline\":\"Mbi romanin e Anton Nik\u00eb Berish\u00ebs: \u201cN\u00ebna e Drit\u00ebs\u201d\",\"datePublished\":\"2012-08-22T15:37:16+00:00\",\"mainEntityOfPage\":{\"@id\":\"https:\\\/\\\/fjala.info\\\/2009-2015\\\/mbi-romanin-e-anton-nike-berishes-nena-e-drites\\\/\"},\"wordCount\":1183,\"commentCount\":0,\"publisher\":{\"@id\":\"https:\\\/\\\/fjala.info\\\/2009-2015\\\/#organization\"},\"image\":{\"@id\":\"https:\\\/\\\/fjala.info\\\/2009-2015\\\/mbi-romanin-e-anton-nike-berishes-nena-e-drites\\\/#primaryimage\"},\"thumbnailUrl\":\"http:\\\/\\\/www.fjala.info\\\/2012\\\/nena_drites.jpg\",\"articleSection\":[\"Artikuj\"],\"inLanguage\":\"sq-AL\",\"potentialAction\":[{\"@type\":\"CommentAction\",\"name\":\"Comment\",\"target\":[\"https:\\\/\\\/fjala.info\\\/2009-2015\\\/mbi-romanin-e-anton-nike-berishes-nena-e-drites\\\/#respond\"]}]},{\"@type\":\"WebPage\",\"@id\":\"https:\\\/\\\/fjala.info\\\/2009-2015\\\/mbi-romanin-e-anton-nike-berishes-nena-e-drites\\\/\",\"url\":\"https:\\\/\\\/fjala.info\\\/2009-2015\\\/mbi-romanin-e-anton-nike-berishes-nena-e-drites\\\/\",\"name\":\"Mbi romanin e Anton Nik\u00eb Berish\u00ebs: \u201cN\u00ebna e Drit\u00ebs\u201d - FjALA e LIR\u00cb - Arkivi\",\"isPartOf\":{\"@id\":\"https:\\\/\\\/fjala.info\\\/2009-2015\\\/#website\"},\"primaryImageOfPage\":{\"@id\":\"https:\\\/\\\/fjala.info\\\/2009-2015\\\/mbi-romanin-e-anton-nike-berishes-nena-e-drites\\\/#primaryimage\"},\"image\":{\"@id\":\"https:\\\/\\\/fjala.info\\\/2009-2015\\\/mbi-romanin-e-anton-nike-berishes-nena-e-drites\\\/#primaryimage\"},\"thumbnailUrl\":\"http:\\\/\\\/www.fjala.info\\\/2012\\\/nena_drites.jpg\",\"datePublished\":\"2012-08-22T15:37:16+00:00\",\"breadcrumb\":{\"@id\":\"https:\\\/\\\/fjala.info\\\/2009-2015\\\/mbi-romanin-e-anton-nike-berishes-nena-e-drites\\\/#breadcrumb\"},\"inLanguage\":\"sq-AL\",\"potentialAction\":[{\"@type\":\"ReadAction\",\"target\":[\"https:\\\/\\\/fjala.info\\\/2009-2015\\\/mbi-romanin-e-anton-nike-berishes-nena-e-drites\\\/\"]}]},{\"@type\":\"ImageObject\",\"inLanguage\":\"sq-AL\",\"@id\":\"https:\\\/\\\/fjala.info\\\/2009-2015\\\/mbi-romanin-e-anton-nike-berishes-nena-e-drites\\\/#primaryimage\",\"url\":\"http:\\\/\\\/www.fjala.info\\\/2012\\\/nena_drites.jpg\",\"contentUrl\":\"http:\\\/\\\/www.fjala.info\\\/2012\\\/nena_drites.jpg\"},{\"@type\":\"BreadcrumbList\",\"@id\":\"https:\\\/\\\/fjala.info\\\/2009-2015\\\/mbi-romanin-e-anton-nike-berishes-nena-e-drites\\\/#breadcrumb\",\"itemListElement\":[{\"@type\":\"ListItem\",\"position\":1,\"name\":\"Home\",\"item\":\"https:\\\/\\\/fjala.info\\\/2009-2015\\\/\"},{\"@type\":\"ListItem\",\"position\":2,\"name\":\"Mbi romanin e Anton Nik\u00eb Berish\u00ebs: \u201cN\u00ebna e Drit\u00ebs\u201d\"}]},{\"@type\":\"WebSite\",\"@id\":\"https:\\\/\\\/fjala.info\\\/2009-2015\\\/#website\",\"url\":\"https:\\\/\\\/fjala.info\\\/2009-2015\\\/\",\"name\":\"FjALA e LIR\u00cb - Arkivi\",\"description\":\"Arkivi 2009-2015\",\"publisher\":{\"@id\":\"https:\\\/\\\/fjala.info\\\/2009-2015\\\/#organization\"},\"potentialAction\":[{\"@type\":\"SearchAction\",\"target\":{\"@type\":\"EntryPoint\",\"urlTemplate\":\"https:\\\/\\\/fjala.info\\\/2009-2015\\\/?s={search_term_string}\"},\"query-input\":{\"@type\":\"PropertyValueSpecification\",\"valueRequired\":true,\"valueName\":\"search_term_string\"}}],\"inLanguage\":\"sq-AL\"},{\"@type\":\"Organization\",\"@id\":\"https:\\\/\\\/fjala.info\\\/2009-2015\\\/#organization\",\"name\":\"FjALA e LIR\u00cb - Arkivi\",\"url\":\"https:\\\/\\\/fjala.info\\\/2009-2015\\\/\",\"logo\":{\"@type\":\"ImageObject\",\"inLanguage\":\"sq-AL\",\"@id\":\"https:\\\/\\\/fjala.info\\\/2009-2015\\\/#\\\/schema\\\/logo\\\/image\\\/\",\"url\":\"\",\"contentUrl\":\"\",\"caption\":\"FjALA e LIR\u00cb - Arkivi\"},\"image\":{\"@id\":\"https:\\\/\\\/fjala.info\\\/2009-2015\\\/#\\\/schema\\\/logo\\\/image\\\/\"}},{\"@type\":\"Person\",\"@id\":\"https:\\\/\\\/fjala.info\\\/2009-2015\\\/#\\\/schema\\\/person\\\/3aa1163ef05469c496fc94e77611ada2\",\"name\":\"admin\",\"image\":{\"@type\":\"ImageObject\",\"inLanguage\":\"sq-AL\",\"@id\":\"https:\\\/\\\/fjala.info\\\/2009-2015\\\/wp-content\\\/uploads\\\/2012\\\/02\\\/arben_cokaj-120x150.jpg\",\"url\":\"https:\\\/\\\/fjala.info\\\/2009-2015\\\/wp-content\\\/uploads\\\/2012\\\/02\\\/arben_cokaj-120x150.jpg\",\"contentUrl\":\"https:\\\/\\\/fjala.info\\\/2009-2015\\\/wp-content\\\/uploads\\\/2012\\\/02\\\/arben_cokaj-120x150.jpg\",\"caption\":\"admin\"},\"description\":\"Admin, Fjala e Lir\u00eb\",\"sameAs\":[\"https:\\\/\\\/fjala.info\\\/\"],\"url\":\"https:\\\/\\\/fjala.info\\\/2009-2015\\\/author\\\/admin\\\/\"}]}<\/script>\n<!-- \/ Yoast SEO plugin. -->","yoast_head_json":{"title":"Mbi romanin e Anton Nik\u00eb Berish\u00ebs: \u201cN\u00ebna e Drit\u00ebs\u201d - FjALA e LIR\u00cb - Arkivi","robots":{"index":"index","follow":"follow","max-snippet":"max-snippet:-1","max-image-preview":"max-image-preview:large","max-video-preview":"max-video-preview:-1"},"canonical":"https:\/\/fjala.info\/2009-2015\/mbi-romanin-e-anton-nike-berishes-nena-e-drites\/","og_locale":"sq_AL","og_type":"article","og_title":"Mbi romanin e Anton Nik\u00eb Berish\u00ebs: \u201cN\u00ebna e Drit\u00ebs\u201d - FjALA e LIR\u00cb - Arkivi","og_description":"Shkruan don Pren Kola K\u00ebtyre dit\u00ebve kemi n\u00eb dor\u00eb nj\u00eb roman t\u00eb mir\u00ebfillt\u00eb, tema e t\u00eb cilit \u00ebsht\u00eb f\u00ebmij\u00ebria, thirrja n\u00eb kushtim p\u00ebr Zotin, vepra dhe jeta zulmmadhe e N\u00ebn\u00ebs Tereze. P\u00ebr mendimin tim, por bazuar n\u00eb njohurin\u00eb e p\u00ebrgjithshme t\u00eb let\u00ebrsis\u00eb shqiptare, \u00ebsht\u00eb roman i llojt t\u00eb ve\u00e7ant\u00eb q\u00eb sheh drit\u00ebn e t\u00eb botuarit [&hellip;]","og_url":"https:\/\/fjala.info\/2009-2015\/mbi-romanin-e-anton-nike-berishes-nena-e-drites\/","og_site_name":"FjALA e LIR\u00cb - Arkivi","article_published_time":"2012-08-22T15:37:16+00:00","og_image":[{"url":"http:\/\/www.fjala.info\/2012\/nena_drites.jpg","type":"","width":"","height":""}],"author":"admin","twitter_card":"summary_large_image","twitter_misc":{"Written by":"admin","Est. reading time":"6 minutes"},"schema":{"@context":"https:\/\/schema.org","@graph":[{"@type":"Article","@id":"https:\/\/fjala.info\/2009-2015\/mbi-romanin-e-anton-nike-berishes-nena-e-drites\/#article","isPartOf":{"@id":"https:\/\/fjala.info\/2009-2015\/mbi-romanin-e-anton-nike-berishes-nena-e-drites\/"},"author":{"name":"admin","@id":"https:\/\/fjala.info\/2009-2015\/#\/schema\/person\/3aa1163ef05469c496fc94e77611ada2"},"headline":"Mbi romanin e Anton Nik\u00eb Berish\u00ebs: \u201cN\u00ebna e Drit\u00ebs\u201d","datePublished":"2012-08-22T15:37:16+00:00","mainEntityOfPage":{"@id":"https:\/\/fjala.info\/2009-2015\/mbi-romanin-e-anton-nike-berishes-nena-e-drites\/"},"wordCount":1183,"commentCount":0,"publisher":{"@id":"https:\/\/fjala.info\/2009-2015\/#organization"},"image":{"@id":"https:\/\/fjala.info\/2009-2015\/mbi-romanin-e-anton-nike-berishes-nena-e-drites\/#primaryimage"},"thumbnailUrl":"http:\/\/www.fjala.info\/2012\/nena_drites.jpg","articleSection":["Artikuj"],"inLanguage":"sq-AL","potentialAction":[{"@type":"CommentAction","name":"Comment","target":["https:\/\/fjala.info\/2009-2015\/mbi-romanin-e-anton-nike-berishes-nena-e-drites\/#respond"]}]},{"@type":"WebPage","@id":"https:\/\/fjala.info\/2009-2015\/mbi-romanin-e-anton-nike-berishes-nena-e-drites\/","url":"https:\/\/fjala.info\/2009-2015\/mbi-romanin-e-anton-nike-berishes-nena-e-drites\/","name":"Mbi romanin e Anton Nik\u00eb Berish\u00ebs: \u201cN\u00ebna e Drit\u00ebs\u201d - FjALA e LIR\u00cb - Arkivi","isPartOf":{"@id":"https:\/\/fjala.info\/2009-2015\/#website"},"primaryImageOfPage":{"@id":"https:\/\/fjala.info\/2009-2015\/mbi-romanin-e-anton-nike-berishes-nena-e-drites\/#primaryimage"},"image":{"@id":"https:\/\/fjala.info\/2009-2015\/mbi-romanin-e-anton-nike-berishes-nena-e-drites\/#primaryimage"},"thumbnailUrl":"http:\/\/www.fjala.info\/2012\/nena_drites.jpg","datePublished":"2012-08-22T15:37:16+00:00","breadcrumb":{"@id":"https:\/\/fjala.info\/2009-2015\/mbi-romanin-e-anton-nike-berishes-nena-e-drites\/#breadcrumb"},"inLanguage":"sq-AL","potentialAction":[{"@type":"ReadAction","target":["https:\/\/fjala.info\/2009-2015\/mbi-romanin-e-anton-nike-berishes-nena-e-drites\/"]}]},{"@type":"ImageObject","inLanguage":"sq-AL","@id":"https:\/\/fjala.info\/2009-2015\/mbi-romanin-e-anton-nike-berishes-nena-e-drites\/#primaryimage","url":"http:\/\/www.fjala.info\/2012\/nena_drites.jpg","contentUrl":"http:\/\/www.fjala.info\/2012\/nena_drites.jpg"},{"@type":"BreadcrumbList","@id":"https:\/\/fjala.info\/2009-2015\/mbi-romanin-e-anton-nike-berishes-nena-e-drites\/#breadcrumb","itemListElement":[{"@type":"ListItem","position":1,"name":"Home","item":"https:\/\/fjala.info\/2009-2015\/"},{"@type":"ListItem","position":2,"name":"Mbi romanin e Anton Nik\u00eb Berish\u00ebs: \u201cN\u00ebna e Drit\u00ebs\u201d"}]},{"@type":"WebSite","@id":"https:\/\/fjala.info\/2009-2015\/#website","url":"https:\/\/fjala.info\/2009-2015\/","name":"FjALA e LIR\u00cb - Arkivi","description":"Arkivi 2009-2015","publisher":{"@id":"https:\/\/fjala.info\/2009-2015\/#organization"},"potentialAction":[{"@type":"SearchAction","target":{"@type":"EntryPoint","urlTemplate":"https:\/\/fjala.info\/2009-2015\/?s={search_term_string}"},"query-input":{"@type":"PropertyValueSpecification","valueRequired":true,"valueName":"search_term_string"}}],"inLanguage":"sq-AL"},{"@type":"Organization","@id":"https:\/\/fjala.info\/2009-2015\/#organization","name":"FjALA e LIR\u00cb - Arkivi","url":"https:\/\/fjala.info\/2009-2015\/","logo":{"@type":"ImageObject","inLanguage":"sq-AL","@id":"https:\/\/fjala.info\/2009-2015\/#\/schema\/logo\/image\/","url":"","contentUrl":"","caption":"FjALA e LIR\u00cb - Arkivi"},"image":{"@id":"https:\/\/fjala.info\/2009-2015\/#\/schema\/logo\/image\/"}},{"@type":"Person","@id":"https:\/\/fjala.info\/2009-2015\/#\/schema\/person\/3aa1163ef05469c496fc94e77611ada2","name":"admin","image":{"@type":"ImageObject","inLanguage":"sq-AL","@id":"https:\/\/fjala.info\/2009-2015\/wp-content\/uploads\/2012\/02\/arben_cokaj-120x150.jpg","url":"https:\/\/fjala.info\/2009-2015\/wp-content\/uploads\/2012\/02\/arben_cokaj-120x150.jpg","contentUrl":"https:\/\/fjala.info\/2009-2015\/wp-content\/uploads\/2012\/02\/arben_cokaj-120x150.jpg","caption":"admin"},"description":"Admin, Fjala e Lir\u00eb","sameAs":["https:\/\/fjala.info\/"],"url":"https:\/\/fjala.info\/2009-2015\/author\/admin\/"}]}},"_links":{"self":[{"href":"https:\/\/fjala.info\/2009-2015\/wp-json\/wp\/v2\/posts\/4579","targetHints":{"allow":["GET"]}}],"collection":[{"href":"https:\/\/fjala.info\/2009-2015\/wp-json\/wp\/v2\/posts"}],"about":[{"href":"https:\/\/fjala.info\/2009-2015\/wp-json\/wp\/v2\/types\/post"}],"author":[{"embeddable":true,"href":"https:\/\/fjala.info\/2009-2015\/wp-json\/wp\/v2\/users\/1"}],"replies":[{"embeddable":true,"href":"https:\/\/fjala.info\/2009-2015\/wp-json\/wp\/v2\/comments?post=4579"}],"version-history":[{"count":0,"href":"https:\/\/fjala.info\/2009-2015\/wp-json\/wp\/v2\/posts\/4579\/revisions"}],"wp:attachment":[{"href":"https:\/\/fjala.info\/2009-2015\/wp-json\/wp\/v2\/media?parent=4579"}],"wp:term":[{"taxonomy":"category","embeddable":true,"href":"https:\/\/fjala.info\/2009-2015\/wp-json\/wp\/v2\/categories?post=4579"},{"taxonomy":"post_tag","embeddable":true,"href":"https:\/\/fjala.info\/2009-2015\/wp-json\/wp\/v2\/tags?post=4579"}],"curies":[{"name":"wp","href":"https:\/\/api.w.org\/{rel}","templated":true}]}}