{"id":4577,"date":"2012-08-22T09:13:23","date_gmt":"2012-08-22T08:13:23","guid":{"rendered":"http:\/\/www.fjala.info\/?p=4577"},"modified":"2012-08-22T09:13:23","modified_gmt":"2012-08-22T08:13:23","slug":"heshtja-kyce-per-pyetjen-kyce","status":"publish","type":"post","link":"https:\/\/fjala.info\/2009-2015\/heshtja-kyce-per-pyetjen-kyce\/","title":{"rendered":"Heshtja ky\u00e7e p\u00ebr pyetjen ky\u00e7e"},"content":{"rendered":"<p><img decoding=\"async\" class=\"alignright size-thumbnail wp-image-7236\" title=\"Pre\u00e7 Zogaj\" src=\"http:\/\/www.fjala.info\/2012\/prec_zogaj.jpg\" alt=\"\" width=\"150\" \/> Analiz\u00eb nga <strong>PRE\u00c7 ZOGAJ<\/strong><\/p>\n<p>Ka nj\u00eb p\u00ebrceptim barazimi apo diference t\u00eb ngusht\u00eb midis opozit\u00ebs dhe qeveris\u00eb n\u00eb vitin e shtat\u00eb t\u00eb k\u00ebsaj t\u00eb fundit. Shqet\u00ebsimi p\u00ebr k\u00ebt\u00eb ndihej edhe n\u00eb intervist\u00ebn e fundit t\u00eb kryetarit t\u00eb PS-s\u00eb Edi Rama n\u00eb t\u00eb p\u00ebrditshmen \u201cShekulli\u201d.<\/p>\n<p>Personalisht vazhdoj t\u00eb kem p\u00ebrshtypjen se opozita n\u00eb ter\u00ebsin\u00eb e saj \u00ebsht\u00eb duksh\u00ebm p\u00ebrpara . Gjithsesi nuk \u00ebsht\u00eb q\u00ebllimi im n\u00eb k\u00ebt\u00eb shkrim t\u00eb replikoj me perceptime. P\u00ebr dreq nuk kemi sondazhe t\u00eb besueshme q\u00eb t\u00eb shp\u00ebtojm\u00eb nj\u00ebher\u00eb e mir\u00eb n\u00eb k\u00ebt\u00eb pik\u00eb nga subjektivizmi.Dua t\u00eb pohoj se n\u00ebse perceptimi i m\u00ebsip\u00ebrm ka nj\u00eb p\u00ebrhapje dhe pesh\u00eb serjoze \u00ebsht\u00eb gabim dhe, m\u00eb tej, \u00ebsht\u00eb disi fataliste q\u00eb shkaku i tij t&#8217;u faturohet mediave dhe q\u00ebndrave t\u00eb ndyshme t\u00eb opinionb\u00ebrjes. Dukuria duhet par\u00eb e analizuar shum\u00eb m\u00eb thell\u00eb nga lid\u00ebrshipi i opozit\u00ebs, n\u00eb funksion t\u00eb nj\u00eb politike q\u00eb do t\u00eb mund t\u00eb krijonte me shum\u00eb frym\u00ebzim dhe shpres\u00eb n\u00eb vitin e mbetur deri n\u00eb zgjedhjet e vitit 2013.<\/p>\n<p>Duhet par\u00eb me nj\u00eb sens realist reflektimi, korigjimi dhe dhe rinovimi t\u00eb zgjidhjeve e sjelljes, jo duke q\u00ebndruar n\u00eb format e vjetra e t\u00eb rrumbullakosura t\u00eb tipit &#8220;as ne nuk jemi t\u00eb p\u00ebrsosur e t\u00eb pagabuesh\u00ebm&#8221;, q\u00eb \u00ebsht\u00eb nj\u00eb m\u00ebnyr\u00eb e keqe dhe aspak retroaktive reflektimi, por duke nxjerr\u00eb pa zhurm\u00eb e buj\u00eb mesime konkrete nga gabimet konkrete, q\u00eb mendohet se kan\u00eb ushqyer psikoz\u00ebn e barazis\u00eb s\u00eb opozit\u00ebs me qeverin\u00eb apo t\u00eb q\u00ebn\u00ebt e tyre an\u00eb t\u00eb s\u00eb nj\u00ebjt\u00ebs medalje. R\u00ebndom, n\u00eb periudha krize si kjo q\u00eb jetojm\u00eb por edhe n\u00eb periudha normale barazimin elektoral midis nj\u00eb qeverie n\u00eb rutin\u00eb dhe nj\u00eb opozit\u00eb t\u00eb motivuar &#8220;e garanton&#8221; konsumimi dhe degradimi i qeveris\u00eb.<\/p>\n<p>P\u00ebrmbysjen dhe diferenc\u00ebn kuptimplot\u00eb n\u00eb favor t\u00eb opozit\u00ebs, pra rrotacionin, e ka n\u00eb dor\u00eb dhe e sh\u00ebnon alternativa e opozit\u00ebs. \u00cbsht\u00eb i drejt\u00eb apeli i disa prej krer\u00ebve t\u00eb opozit\u00ebs aktuale p\u00ebr nj\u00eb pjesmarrje sa m\u00eb masive t\u00eb njer\u00ebzve n\u00eb zgjedhje. Ata e din\u00eb se me nj\u00eb rrezultat t\u00eb ekulibruar apo me nj\u00eb avantazh t\u00eb leht\u00eb t\u00eb opozit\u00ebs, rrotacioni n\u00eb sistemin manipulativ t\u00eb Berish\u00ebs \u00ebsht\u00eb n\u00eb fije t\u00eb perit p\u00ebr t\u00eb mos th\u00ebn\u00eb se nuk ka shanse. Pjesmarrja masive mendohet se mund\u00ebson nj\u00eb fitore bindese, t\u00eb paprekshme, q\u00eb nuk mund t\u00eb p\u00ebrmbyset. Mir\u00ebpo demi duhet kapur p\u00ebr brir\u00ebsh jo per bishti.. Pjesmarrja \u00ebsht\u00eb alternativ\u00eb dhe frym\u00ebzim, sidomos frym\u00ebzim. \u00c7eshtja e alternativ\u00ebs n\u00eb \u00ebsht\u00eb komplekse.<\/p>\n<p>Nuk \u00ebsht\u00eb se nj\u00ebra pal\u00eb ka n\u00eb dor\u00eb zgjidhje shum\u00eb t\u00eb reja apo shpikje q\u00eb nuk i ka pala tjet\u00ebr. Alternativa n\u00eb koh\u00ebn ton\u00eb l\u00ebviz n\u00eb holl\u00ebsira, n\u00eb nuanca, n\u00eb diferencimin bot\u00ebkuptimor, bot\u00ebndijor dhe kulturor t\u00eb lid\u00ebrve dhe ekipeve. N\u00eb k\u00ebt\u00eb kontekst, Edi Rama si kryetar i partis\u00eb me t\u00eb madhe t\u00eb opozit\u00ebs dhe si kryeminist\u00ebr hije, duhet t\u00eb manifestoj\u00eb e forcoj\u00eb parreshtuar profilin e tij si drejtues i tipit t\u00eb ri, si fenomen intelektual n\u00eb politik\u00eb, si politikan perendimor nj\u00ebzet e kat\u00ebr karatsh. Ai duhet t\u00eb jet\u00eb shum\u00eb i v\u00ebmendsh\u00ebm p\u00ebr t\u00eb mos imituar Berish\u00ebn n\u00eb pikat negative t\u00eb k\u00ebtij t\u00eb fundit, rrjedhimisht p\u00ebr t\u00eb mos ushqyer p\u00ebrshtypjen se thell\u00eb n\u00eb shpirt ka si model suksesi pik\u00ebrisht kryetarin e qeveris\u00eb.<\/p>\n<p>Nga Berisha ia vlen t\u00eb merren disa vlera q\u00eb lidhen me talentin e tij n\u00eb krijimin e koalicioneve apo me persistenc\u00ebn n\u00eb ushtrimin e pushtetit, por kurrsesi t\u00eb imitohet ai n\u00eb \u00e7eshtje ky\u00e7e q\u00eb kan\u00eb p\u00ebrcaktuar profilin e tij si politikan i paintegruesh\u00ebm n\u00eb vlerat e sistemit demokratik. Motivi i ri i k\u00ebsaj promemorje p\u00ebr shefin e opozit\u00ebs \u00ebsht\u00eb p\u00ebrgjigja q\u00eb i ka dh\u00ebn\u00eb ( p\u00ebrgjigje i th\u00ebnshin) n\u00eb gazet\u00ebn &#8220;Shekulli&#8221; pyetjes s\u00eb m\u00ebposhtme: Po hyjm\u00eb n\u00eb nj\u00eb vit elektoral, si paraqitet situata reale n\u00eb PS, a kemi skicuar n\u00eb mendje nj\u00eb ekip bashk\u00ebpun\u00ebror\u00ebsh me t\u00eb cil\u00ebt do t\u00eb hyni n\u00eb k\u00ebt\u00eb sfid\u00eb?<\/p>\n<p>Pyetja \u00ebsht\u00eb ky\u00e7e, s\u00ebpari sepse e kthen t\u00eb pyeturin nga fush\u00ebbeteja me kund\u00ebrshtarin n\u00eb kantierin e vet, ku eventualisht po p\u00ebrgatitet e nesermja e pushtetit t\u00eb ri. \u00cbsht\u00eb ky\u00e7e edhe p\u00ebr faktin se muajt e fundit sjellja e zotit Rama ka len\u00eb disa hije n\u00eb lidhje me propozimet apo mospropozimet e tij, kur opozita \u00ebsht\u00eb thirrur nga ligji apo rrethanat t\u00eb nxjerr\u00eb emra p\u00ebr poste t\u00eb larta.<\/p>\n<p>Sigurisht, lexuesi serioz as pretendon, as pret q\u00eb Rama t\u00eb pohoj\u00eb q\u00eb tani se ka skicuar nj\u00eb list\u00eb e ca m\u00eb pak t\u00eb thot\u00eb emra. Por ky lexues pret q\u00eb shefi i opozit\u00ebs, n\u00eb p\u00ebrgigje t\u00eb pyetjes q\u00eb i \u00ebsht\u00eb b\u00ebr\u00eb, t\u00eb shpalos\u00eb konceptin e vet p\u00ebr drejtimin dhe kriteret baz\u00eb p\u00ebr ekipin dhe ekipet me t\u00eb cil\u00ebt PS synon t\u00eb fitoj\u00eb e send\u00ebrtoj\u00eb Rilindjen Shqiptare. N\u00eb fund t\u00eb fundit, lexuesi pret edhe nj\u00eb &#8220;Jo&#8221; t\u00eb that\u00eb n\u00ebse Iipyeturi nuk \u00ebsht\u00eb ende gati dhe k\u00ebtu nuk do t\u00eb kishte asgj\u00eb t\u00eb keqe.<\/p>\n<p>Por \u00e7udit\u00ebrisht pyetjes &#8221; a keni skicuar nj\u00eb ekip me t\u00eb cilin\u2026&#8221;, Rama i p\u00ebrgjigijet pak a shum\u00eb k\u00ebshtu: PS nuk ka ardhur si n\u00eb nj\u00eb fush\u00eb me lule por nga nj\u00eb rrug\u00eb jasht\u00ebzakonisht e v\u00ebshtir\u00eb trevje\u00e7are n\u00eb opozit\u00eb me nj\u00eb qeveri t\u00eb kthyer n\u00eb rregjim. Jan\u00eb tre vite mundi e sakrificash t\u00eb m\u00ebdha p\u00ebr t\u00eb q\u00ebndruar drejt n\u00eb kushtet kur gjith\u00eb ngrehina e rrezistenc\u00ebs s\u00eb shoq\u00ebris\u00eb ndaj pushtetit \u00ebsht\u00eb thuajse shp\u00ebrb\u00ebr\u00eb krejt\u00ebsisht vit pas viti. PS ka q\u00ebndruar drejt dhe ka mbetur faktikisht e vetmja penges\u00eb\u2026Shoq\u00ebria civile \u00ebsht\u00eb zhdukur\u2026Bota mediatike \u00ebsht\u00eb kapur p\u00ebr fyti\u2026Sip\u00ebrmarrja t\u00ebrhiqet zvarrr\u00eb\u2026Nd\u00ebrkombtar\u00ebt duket sikur pajtohen m\u00eb leht\u00eb se m\u00eb par\u00eb me paudh\u00ebsit\u00eb e qeveris\u00eb shqiptare. Jo m\u00eb kot kryeministri harxhon m\u00eb shum\u00eb koh\u00eb e fjal\u00eb p\u00ebr t\u00eb sulmuar PS-n\u00eb dhe mua personalisht.<\/p>\n<p>Jemi nj\u00eb penges\u00eb q\u00eb ai nuk e kalon dot n\u00eb marr\u00ebzin\u00eb e tij p\u00ebr pushtet absolute. Jemi e vetmja shpres\u00eb reale p\u00ebr kthimin e Shqi\u00ebpris\u00eb n\u00eb rrug\u00ebn e duhur. Kushdo q\u00eb lidh pyetjen me p\u00ebrgjigjen, do t\u00eb sjell\u00eb n\u00eb mendje shprehjen e njohur shkodrane &#8220;Puna e mbar\u00eb Pep\u00eb\/ Po mbjell do qep\u00eb&#8221;. S&#8217;kan\u00eb lidhje. Gjejm\u00eb k\u00ebtu nj\u00eb arratisje tipike t\u00eb politikan\u00ebve shqiptar\u00eb nga pyetja s\u00eb cil\u00ebs nuk duan t&#8217;i p\u00ebrgjigjen. Edhe n\u00eb Europ\u00eb ndodh q\u00eb politikani nuk ka p\u00ebrgjigje ose nuk don t&#8217;i p\u00ebrgjigjet nj\u00eb pyetjeje t\u00eb caktuar dhe p\u00ebr ket\u00eb thot\u00eb shkurt &#8220;no coment&#8221;, ose &#8220;kaloni n\u00eb pyetjen tjet\u00ebr, ju lutem&#8221;. Por nuk ndodh kurr\u00eb t\u00eb thur\u00eb nj\u00eb \u00e7ar\u00e7af me fjal\u00eb tjet\u00ebr p\u00ebr tjet\u00ebr pasi kjo \u00ebsht\u00eb arroganc\u00eb dhe fyerje p\u00ebr gazetarin e publikun.<\/p>\n<p>Por nuk mbaron k\u00ebtu. Heshta ky\u00e7e p\u00ebr pyetjen ky\u00e7e e ka megjthat\u00eb nj\u00eb p\u00ebrgjigje. Gjith\u00eb ai autohimnizimi politik, duke n\u00ebnvleresuar morin\u00eb e faktor\u00ebve t\u00eb tjer\u00eb t\u00eb shumt\u00eb q\u00eb i jan\u00eb kund\u00ebrven\u00eb dhe vazhdojn\u00eb t&#8217;i kund\u00ebvihen paligjsh\u00ebm\u00ebris\u00eb dhe korrpsionit, q\u00eb i kan\u00eb dhen\u00eb dhe vazhdojn\u00eb t&#8217;i japin p\u00ebrmasa t\u00eb reja opozitarizmit, tradh\u00ebton mendimin se ekipi do t\u00eb jet\u00eb nj\u00eb gj\u00eb personale e atij dhe atyre q\u00eb kan\u00eb vuajtur e sakrifkuar kaq shum\u00eb k\u00ebto tre vjet! Rama mund t\u00eb mos e mendoj\u00eb k\u00ebshtu, por logjika e br\u00ebndshme e tekstit t\u00eb \u00e7on n\u00eb k\u00ebt\u00eb p\u00ebrfundim. E kam n\u00ebnvizuar me dhjetra her\u00eb se PS \u00ebsht\u00eb shtylla e opozitarizmit; ajo \u00ebsht\u00eb nd\u00ebrkoh\u00eb realiteti objektiv i opozitarimit.<\/p>\n<p>Po t\u00eb mos b\u00ebnt\u00eb ajo opozit\u00eb, do t\u00eb krijohej nj\u00eb opozit\u00eb tjet\u00ebr e fuqishme, pasi opozitarizmi dhe alternanca jan\u00eb n\u00eb konstitucionin e shoq\u00ebris\u00eb s\u00eb hapur. Por himnizimi dhe heroizimi i saj, duke vler\u00ebsuar gabim rolin e faktor\u00ebve t\u00eb tjer\u00eb \u00ebsht\u00eb plot\u00ebsisht i gabuar dhe pa perspektiv\u00eb. Kush e ndaloi ligj\u00ebrisht Berish\u00ebn p\u00ebr marr\u00ebveshjen e detit? Kush e nd\u00ebrtoi akuz\u00ebn p\u00ebr Ilir Met\u00ebn, duke e detyruar t\u00eb th\u00ebrras\u00eb n\u00eb sken\u00eb ekspertet e fush\u00ebs s\u00eb druve? Kush i dha jet\u00eb l\u00ebvizjes kund\u00ebr importit t\u00eb plehrave dhe po lufton akoma dh\u00ebmb p\u00ebr dh\u00ebmb me qeverin\u00eb n\u00eb nj\u00eb betej\u00eb t\u00eb hapur? Kush po mban n\u00eb k\u00ebmb\u00eb pavar\u00ebsin\u00eb dhe opozitarizmin n\u00eb media si nj\u00eb faktor i dor\u00ebs s\u00eb par\u00eb p\u00ebr mbrojtjen e demokracis\u00eb?<\/p>\n<p>Me i ndenjt\u00eb hazer qeveris\u00eb dhe me ju pervesh kryeministrit \u00ebsht\u00eb detyra elementare e opozit\u00ebs. N\u00eb kushtet e sotme me ju p\u00ebrvesh Berish\u00ebs me shabllone \u00ebsht\u00eb ber\u00eb edhe nj\u00eb lloj statusquoje. E p\u00ebrseris se rrotacioni dhe rilindja k\u00ebrkojn\u00eb tejkalimin e Berish\u00ebs si mend\u00ebsi dhe kultur\u00eb.<\/p>\n","protected":false},"excerpt":{"rendered":"<p>Analiz\u00eb nga PRE\u00c7 ZOGAJ Ka nj\u00eb p\u00ebrceptim barazimi apo diference t\u00eb ngusht\u00eb midis opozit\u00ebs dhe qeveris\u00eb n\u00eb vitin e shtat\u00eb t\u00eb k\u00ebsaj t\u00eb fundit. Shqet\u00ebsimi p\u00ebr k\u00ebt\u00eb ndihej edhe n\u00eb intervist\u00ebn e fundit t\u00eb kryetarit t\u00eb PS-s\u00eb Edi Rama n\u00eb t\u00eb p\u00ebrditshmen \u201cShekulli\u201d. Personalisht vazhdoj t\u00eb kem p\u00ebrshtypjen se opozita n\u00eb ter\u00ebsin\u00eb e saj \u00ebsht\u00eb [&hellip;]<\/p>\n","protected":false},"author":1,"featured_media":0,"comment_status":"open","ping_status":"closed","sticky":false,"template":"","format":"standard","meta":{"footnotes":""},"categories":[2],"tags":[],"class_list":{"0":"post-4577","1":"post","2":"type-post","3":"status-publish","4":"format-standard","6":"category-artikuj"},"yoast_head":"<!-- This site is optimized with the Yoast SEO plugin v27.4 - https:\/\/yoast.com\/product\/yoast-seo-wordpress\/ -->\n<title>Heshtja ky\u00e7e p\u00ebr pyetjen ky\u00e7e - FjALA e LIR\u00cb - Arkivi<\/title>\n<meta name=\"robots\" content=\"index, follow, max-snippet:-1, max-image-preview:large, max-video-preview:-1\" \/>\n<link rel=\"canonical\" href=\"https:\/\/fjala.info\/2009-2015\/heshtja-kyce-per-pyetjen-kyce\/\" \/>\n<meta property=\"og:locale\" content=\"sq_AL\" \/>\n<meta property=\"og:type\" content=\"article\" \/>\n<meta property=\"og:title\" content=\"Heshtja ky\u00e7e p\u00ebr pyetjen ky\u00e7e - FjALA e LIR\u00cb - Arkivi\" \/>\n<meta property=\"og:description\" content=\"Analiz\u00eb nga PRE\u00c7 ZOGAJ Ka nj\u00eb p\u00ebrceptim barazimi apo diference t\u00eb ngusht\u00eb midis opozit\u00ebs dhe qeveris\u00eb n\u00eb vitin e shtat\u00eb t\u00eb k\u00ebsaj t\u00eb fundit. Shqet\u00ebsimi p\u00ebr k\u00ebt\u00eb ndihej edhe n\u00eb intervist\u00ebn e fundit t\u00eb kryetarit t\u00eb PS-s\u00eb Edi Rama n\u00eb t\u00eb p\u00ebrditshmen \u201cShekulli\u201d. Personalisht vazhdoj t\u00eb kem p\u00ebrshtypjen se opozita n\u00eb ter\u00ebsin\u00eb e saj \u00ebsht\u00eb [&hellip;]\" \/>\n<meta property=\"og:url\" content=\"https:\/\/fjala.info\/2009-2015\/heshtja-kyce-per-pyetjen-kyce\/\" \/>\n<meta property=\"og:site_name\" content=\"FjALA e LIR\u00cb - Arkivi\" \/>\n<meta property=\"article:published_time\" content=\"2012-08-22T08:13:23+00:00\" \/>\n<meta property=\"og:image\" content=\"http:\/\/www.fjala.info\/2012\/prec_zogaj.jpg\" \/>\n<meta name=\"author\" content=\"admin\" \/>\n<meta name=\"twitter:card\" content=\"summary_large_image\" \/>\n<meta name=\"twitter:label1\" content=\"Written by\" \/>\n\t<meta name=\"twitter:data1\" content=\"admin\" \/>\n\t<meta name=\"twitter:label2\" content=\"Est. reading time\" \/>\n\t<meta name=\"twitter:data2\" content=\"8 minutes\" \/>\n<script type=\"application\/ld+json\" class=\"yoast-schema-graph\">{\"@context\":\"https:\\\/\\\/schema.org\",\"@graph\":[{\"@type\":\"Article\",\"@id\":\"https:\\\/\\\/fjala.info\\\/2009-2015\\\/heshtja-kyce-per-pyetjen-kyce\\\/#article\",\"isPartOf\":{\"@id\":\"https:\\\/\\\/fjala.info\\\/2009-2015\\\/heshtja-kyce-per-pyetjen-kyce\\\/\"},\"author\":{\"name\":\"admin\",\"@id\":\"https:\\\/\\\/fjala.info\\\/2009-2015\\\/#\\\/schema\\\/person\\\/3aa1163ef05469c496fc94e77611ada2\"},\"headline\":\"Heshtja ky\u00e7e p\u00ebr pyetjen ky\u00e7e\",\"datePublished\":\"2012-08-22T08:13:23+00:00\",\"mainEntityOfPage\":{\"@id\":\"https:\\\/\\\/fjala.info\\\/2009-2015\\\/heshtja-kyce-per-pyetjen-kyce\\\/\"},\"wordCount\":1519,\"commentCount\":0,\"publisher\":{\"@id\":\"https:\\\/\\\/fjala.info\\\/2009-2015\\\/#organization\"},\"image\":{\"@id\":\"https:\\\/\\\/fjala.info\\\/2009-2015\\\/heshtja-kyce-per-pyetjen-kyce\\\/#primaryimage\"},\"thumbnailUrl\":\"http:\\\/\\\/www.fjala.info\\\/2012\\\/prec_zogaj.jpg\",\"articleSection\":[\"Artikuj\"],\"inLanguage\":\"sq-AL\",\"potentialAction\":[{\"@type\":\"CommentAction\",\"name\":\"Comment\",\"target\":[\"https:\\\/\\\/fjala.info\\\/2009-2015\\\/heshtja-kyce-per-pyetjen-kyce\\\/#respond\"]}]},{\"@type\":\"WebPage\",\"@id\":\"https:\\\/\\\/fjala.info\\\/2009-2015\\\/heshtja-kyce-per-pyetjen-kyce\\\/\",\"url\":\"https:\\\/\\\/fjala.info\\\/2009-2015\\\/heshtja-kyce-per-pyetjen-kyce\\\/\",\"name\":\"Heshtja ky\u00e7e p\u00ebr pyetjen ky\u00e7e - FjALA e LIR\u00cb - Arkivi\",\"isPartOf\":{\"@id\":\"https:\\\/\\\/fjala.info\\\/2009-2015\\\/#website\"},\"primaryImageOfPage\":{\"@id\":\"https:\\\/\\\/fjala.info\\\/2009-2015\\\/heshtja-kyce-per-pyetjen-kyce\\\/#primaryimage\"},\"image\":{\"@id\":\"https:\\\/\\\/fjala.info\\\/2009-2015\\\/heshtja-kyce-per-pyetjen-kyce\\\/#primaryimage\"},\"thumbnailUrl\":\"http:\\\/\\\/www.fjala.info\\\/2012\\\/prec_zogaj.jpg\",\"datePublished\":\"2012-08-22T08:13:23+00:00\",\"breadcrumb\":{\"@id\":\"https:\\\/\\\/fjala.info\\\/2009-2015\\\/heshtja-kyce-per-pyetjen-kyce\\\/#breadcrumb\"},\"inLanguage\":\"sq-AL\",\"potentialAction\":[{\"@type\":\"ReadAction\",\"target\":[\"https:\\\/\\\/fjala.info\\\/2009-2015\\\/heshtja-kyce-per-pyetjen-kyce\\\/\"]}]},{\"@type\":\"ImageObject\",\"inLanguage\":\"sq-AL\",\"@id\":\"https:\\\/\\\/fjala.info\\\/2009-2015\\\/heshtja-kyce-per-pyetjen-kyce\\\/#primaryimage\",\"url\":\"http:\\\/\\\/www.fjala.info\\\/2012\\\/prec_zogaj.jpg\",\"contentUrl\":\"http:\\\/\\\/www.fjala.info\\\/2012\\\/prec_zogaj.jpg\"},{\"@type\":\"BreadcrumbList\",\"@id\":\"https:\\\/\\\/fjala.info\\\/2009-2015\\\/heshtja-kyce-per-pyetjen-kyce\\\/#breadcrumb\",\"itemListElement\":[{\"@type\":\"ListItem\",\"position\":1,\"name\":\"Home\",\"item\":\"https:\\\/\\\/fjala.info\\\/2009-2015\\\/\"},{\"@type\":\"ListItem\",\"position\":2,\"name\":\"Heshtja ky\u00e7e p\u00ebr pyetjen ky\u00e7e\"}]},{\"@type\":\"WebSite\",\"@id\":\"https:\\\/\\\/fjala.info\\\/2009-2015\\\/#website\",\"url\":\"https:\\\/\\\/fjala.info\\\/2009-2015\\\/\",\"name\":\"FjALA e LIR\u00cb - Arkivi\",\"description\":\"Arkivi 2009-2015\",\"publisher\":{\"@id\":\"https:\\\/\\\/fjala.info\\\/2009-2015\\\/#organization\"},\"potentialAction\":[{\"@type\":\"SearchAction\",\"target\":{\"@type\":\"EntryPoint\",\"urlTemplate\":\"https:\\\/\\\/fjala.info\\\/2009-2015\\\/?s={search_term_string}\"},\"query-input\":{\"@type\":\"PropertyValueSpecification\",\"valueRequired\":true,\"valueName\":\"search_term_string\"}}],\"inLanguage\":\"sq-AL\"},{\"@type\":\"Organization\",\"@id\":\"https:\\\/\\\/fjala.info\\\/2009-2015\\\/#organization\",\"name\":\"FjALA e LIR\u00cb - Arkivi\",\"url\":\"https:\\\/\\\/fjala.info\\\/2009-2015\\\/\",\"logo\":{\"@type\":\"ImageObject\",\"inLanguage\":\"sq-AL\",\"@id\":\"https:\\\/\\\/fjala.info\\\/2009-2015\\\/#\\\/schema\\\/logo\\\/image\\\/\",\"url\":\"\",\"contentUrl\":\"\",\"caption\":\"FjALA e LIR\u00cb - Arkivi\"},\"image\":{\"@id\":\"https:\\\/\\\/fjala.info\\\/2009-2015\\\/#\\\/schema\\\/logo\\\/image\\\/\"}},{\"@type\":\"Person\",\"@id\":\"https:\\\/\\\/fjala.info\\\/2009-2015\\\/#\\\/schema\\\/person\\\/3aa1163ef05469c496fc94e77611ada2\",\"name\":\"admin\",\"image\":{\"@type\":\"ImageObject\",\"inLanguage\":\"sq-AL\",\"@id\":\"https:\\\/\\\/fjala.info\\\/2009-2015\\\/wp-content\\\/uploads\\\/2012\\\/02\\\/arben_cokaj-120x150.jpg\",\"url\":\"https:\\\/\\\/fjala.info\\\/2009-2015\\\/wp-content\\\/uploads\\\/2012\\\/02\\\/arben_cokaj-120x150.jpg\",\"contentUrl\":\"https:\\\/\\\/fjala.info\\\/2009-2015\\\/wp-content\\\/uploads\\\/2012\\\/02\\\/arben_cokaj-120x150.jpg\",\"caption\":\"admin\"},\"description\":\"Admin, Fjala e Lir\u00eb\",\"sameAs\":[\"https:\\\/\\\/fjala.info\\\/\"],\"url\":\"https:\\\/\\\/fjala.info\\\/2009-2015\\\/author\\\/admin\\\/\"}]}<\/script>\n<!-- \/ Yoast SEO plugin. -->","yoast_head_json":{"title":"Heshtja ky\u00e7e p\u00ebr pyetjen ky\u00e7e - FjALA e LIR\u00cb - Arkivi","robots":{"index":"index","follow":"follow","max-snippet":"max-snippet:-1","max-image-preview":"max-image-preview:large","max-video-preview":"max-video-preview:-1"},"canonical":"https:\/\/fjala.info\/2009-2015\/heshtja-kyce-per-pyetjen-kyce\/","og_locale":"sq_AL","og_type":"article","og_title":"Heshtja ky\u00e7e p\u00ebr pyetjen ky\u00e7e - FjALA e LIR\u00cb - Arkivi","og_description":"Analiz\u00eb nga PRE\u00c7 ZOGAJ Ka nj\u00eb p\u00ebrceptim barazimi apo diference t\u00eb ngusht\u00eb midis opozit\u00ebs dhe qeveris\u00eb n\u00eb vitin e shtat\u00eb t\u00eb k\u00ebsaj t\u00eb fundit. Shqet\u00ebsimi p\u00ebr k\u00ebt\u00eb ndihej edhe n\u00eb intervist\u00ebn e fundit t\u00eb kryetarit t\u00eb PS-s\u00eb Edi Rama n\u00eb t\u00eb p\u00ebrditshmen \u201cShekulli\u201d. Personalisht vazhdoj t\u00eb kem p\u00ebrshtypjen se opozita n\u00eb ter\u00ebsin\u00eb e saj \u00ebsht\u00eb [&hellip;]","og_url":"https:\/\/fjala.info\/2009-2015\/heshtja-kyce-per-pyetjen-kyce\/","og_site_name":"FjALA e LIR\u00cb - Arkivi","article_published_time":"2012-08-22T08:13:23+00:00","og_image":[{"url":"http:\/\/www.fjala.info\/2012\/prec_zogaj.jpg","type":"","width":"","height":""}],"author":"admin","twitter_card":"summary_large_image","twitter_misc":{"Written by":"admin","Est. reading time":"8 minutes"},"schema":{"@context":"https:\/\/schema.org","@graph":[{"@type":"Article","@id":"https:\/\/fjala.info\/2009-2015\/heshtja-kyce-per-pyetjen-kyce\/#article","isPartOf":{"@id":"https:\/\/fjala.info\/2009-2015\/heshtja-kyce-per-pyetjen-kyce\/"},"author":{"name":"admin","@id":"https:\/\/fjala.info\/2009-2015\/#\/schema\/person\/3aa1163ef05469c496fc94e77611ada2"},"headline":"Heshtja ky\u00e7e p\u00ebr pyetjen ky\u00e7e","datePublished":"2012-08-22T08:13:23+00:00","mainEntityOfPage":{"@id":"https:\/\/fjala.info\/2009-2015\/heshtja-kyce-per-pyetjen-kyce\/"},"wordCount":1519,"commentCount":0,"publisher":{"@id":"https:\/\/fjala.info\/2009-2015\/#organization"},"image":{"@id":"https:\/\/fjala.info\/2009-2015\/heshtja-kyce-per-pyetjen-kyce\/#primaryimage"},"thumbnailUrl":"http:\/\/www.fjala.info\/2012\/prec_zogaj.jpg","articleSection":["Artikuj"],"inLanguage":"sq-AL","potentialAction":[{"@type":"CommentAction","name":"Comment","target":["https:\/\/fjala.info\/2009-2015\/heshtja-kyce-per-pyetjen-kyce\/#respond"]}]},{"@type":"WebPage","@id":"https:\/\/fjala.info\/2009-2015\/heshtja-kyce-per-pyetjen-kyce\/","url":"https:\/\/fjala.info\/2009-2015\/heshtja-kyce-per-pyetjen-kyce\/","name":"Heshtja ky\u00e7e p\u00ebr pyetjen ky\u00e7e - FjALA e LIR\u00cb - Arkivi","isPartOf":{"@id":"https:\/\/fjala.info\/2009-2015\/#website"},"primaryImageOfPage":{"@id":"https:\/\/fjala.info\/2009-2015\/heshtja-kyce-per-pyetjen-kyce\/#primaryimage"},"image":{"@id":"https:\/\/fjala.info\/2009-2015\/heshtja-kyce-per-pyetjen-kyce\/#primaryimage"},"thumbnailUrl":"http:\/\/www.fjala.info\/2012\/prec_zogaj.jpg","datePublished":"2012-08-22T08:13:23+00:00","breadcrumb":{"@id":"https:\/\/fjala.info\/2009-2015\/heshtja-kyce-per-pyetjen-kyce\/#breadcrumb"},"inLanguage":"sq-AL","potentialAction":[{"@type":"ReadAction","target":["https:\/\/fjala.info\/2009-2015\/heshtja-kyce-per-pyetjen-kyce\/"]}]},{"@type":"ImageObject","inLanguage":"sq-AL","@id":"https:\/\/fjala.info\/2009-2015\/heshtja-kyce-per-pyetjen-kyce\/#primaryimage","url":"http:\/\/www.fjala.info\/2012\/prec_zogaj.jpg","contentUrl":"http:\/\/www.fjala.info\/2012\/prec_zogaj.jpg"},{"@type":"BreadcrumbList","@id":"https:\/\/fjala.info\/2009-2015\/heshtja-kyce-per-pyetjen-kyce\/#breadcrumb","itemListElement":[{"@type":"ListItem","position":1,"name":"Home","item":"https:\/\/fjala.info\/2009-2015\/"},{"@type":"ListItem","position":2,"name":"Heshtja ky\u00e7e p\u00ebr pyetjen ky\u00e7e"}]},{"@type":"WebSite","@id":"https:\/\/fjala.info\/2009-2015\/#website","url":"https:\/\/fjala.info\/2009-2015\/","name":"FjALA e LIR\u00cb - Arkivi","description":"Arkivi 2009-2015","publisher":{"@id":"https:\/\/fjala.info\/2009-2015\/#organization"},"potentialAction":[{"@type":"SearchAction","target":{"@type":"EntryPoint","urlTemplate":"https:\/\/fjala.info\/2009-2015\/?s={search_term_string}"},"query-input":{"@type":"PropertyValueSpecification","valueRequired":true,"valueName":"search_term_string"}}],"inLanguage":"sq-AL"},{"@type":"Organization","@id":"https:\/\/fjala.info\/2009-2015\/#organization","name":"FjALA e LIR\u00cb - Arkivi","url":"https:\/\/fjala.info\/2009-2015\/","logo":{"@type":"ImageObject","inLanguage":"sq-AL","@id":"https:\/\/fjala.info\/2009-2015\/#\/schema\/logo\/image\/","url":"","contentUrl":"","caption":"FjALA e LIR\u00cb - Arkivi"},"image":{"@id":"https:\/\/fjala.info\/2009-2015\/#\/schema\/logo\/image\/"}},{"@type":"Person","@id":"https:\/\/fjala.info\/2009-2015\/#\/schema\/person\/3aa1163ef05469c496fc94e77611ada2","name":"admin","image":{"@type":"ImageObject","inLanguage":"sq-AL","@id":"https:\/\/fjala.info\/2009-2015\/wp-content\/uploads\/2012\/02\/arben_cokaj-120x150.jpg","url":"https:\/\/fjala.info\/2009-2015\/wp-content\/uploads\/2012\/02\/arben_cokaj-120x150.jpg","contentUrl":"https:\/\/fjala.info\/2009-2015\/wp-content\/uploads\/2012\/02\/arben_cokaj-120x150.jpg","caption":"admin"},"description":"Admin, Fjala e Lir\u00eb","sameAs":["https:\/\/fjala.info\/"],"url":"https:\/\/fjala.info\/2009-2015\/author\/admin\/"}]}},"_links":{"self":[{"href":"https:\/\/fjala.info\/2009-2015\/wp-json\/wp\/v2\/posts\/4577","targetHints":{"allow":["GET"]}}],"collection":[{"href":"https:\/\/fjala.info\/2009-2015\/wp-json\/wp\/v2\/posts"}],"about":[{"href":"https:\/\/fjala.info\/2009-2015\/wp-json\/wp\/v2\/types\/post"}],"author":[{"embeddable":true,"href":"https:\/\/fjala.info\/2009-2015\/wp-json\/wp\/v2\/users\/1"}],"replies":[{"embeddable":true,"href":"https:\/\/fjala.info\/2009-2015\/wp-json\/wp\/v2\/comments?post=4577"}],"version-history":[{"count":0,"href":"https:\/\/fjala.info\/2009-2015\/wp-json\/wp\/v2\/posts\/4577\/revisions"}],"wp:attachment":[{"href":"https:\/\/fjala.info\/2009-2015\/wp-json\/wp\/v2\/media?parent=4577"}],"wp:term":[{"taxonomy":"category","embeddable":true,"href":"https:\/\/fjala.info\/2009-2015\/wp-json\/wp\/v2\/categories?post=4577"},{"taxonomy":"post_tag","embeddable":true,"href":"https:\/\/fjala.info\/2009-2015\/wp-json\/wp\/v2\/tags?post=4577"}],"curies":[{"name":"wp","href":"https:\/\/api.w.org\/{rel}","templated":true}]}}