{"id":4576,"date":"2010-11-01T11:17:21","date_gmt":"2010-11-01T10:17:21","guid":{"rendered":"http:\/\/fjala.shkoder.net\/?p=4576"},"modified":"2010-11-01T11:17:21","modified_gmt":"2010-11-01T10:17:21","slug":"importimi-i-mbeturinave-dhe-mafia","status":"publish","type":"post","link":"https:\/\/fjala.info\/2009-2015\/importimi-i-mbeturinave-dhe-mafia\/","title":{"rendered":"Importimi i mbeturinave dhe mafia"},"content":{"rendered":"<p><strong>Xhemal Mato<\/strong><\/p>\n<p>\u00cbsht\u00eb paradoks q\u00eb nj\u00eb z\u00ebvend\u00ebsminist\u00ebr i Mjedisit e mbron VKM-n\u00eb p\u00ebr importimin e mbetjeve si domosdoshm\u00ebri p\u00ebr biznesin vendas dhe jo si nj\u00eb politik\u00eb mjedisore (si i takon k\u00ebsaj ministrie), nd\u00ebrkoh\u00eb q\u00eb z\u00ebvend\u00ebsministri i Ekonomis\u00eb nuk ka dal\u00eb t\u00eb qart\u00ebsoj\u00eb se kush fiton dhe kush del me humbje n\u00eb k\u00ebt\u00eb tregti \u201cglobale\u201d t\u00eb mbetjeve.<br \/>\nParadoksal \u00ebsht\u00eb dhe argumenti tjet\u00ebr se kjo VKM rregullon import-eksportin e mbeturinave n\u00eb vendin ton\u00eb.<br \/>\nPor, po t\u00eb shohim t\u00eb dh\u00ebnat e Drejtoris\u00eb s\u00eb P\u00ebrgjithshme t\u00eb Doganave mbi bilancin e tregut t\u00eb produkteve ushqimore n\u00eb vendin ton\u00eb, k\u00ebto tre vitet e fundit rezulton se:<br \/>\n\u201cShqip\u00ebria vazhdon t\u00eb jet\u00eb nj\u00eb vend neto importues agrar q\u00eb d\u00ebshmon p\u00ebr v\u00ebshtir\u00ebsi n\u00eb rritjen e konkurrueshm\u00ebris\u00eb s\u00eb sektorit bujq\u00ebsor e ushqimor vendas.<br \/>\n\u2022    Shkalla e mbulimit eksport\u2013import p\u00ebr vitin 2009 ishte 1:4,2 nd\u00ebrkoh\u00eb q\u00eb p\u00ebr prodhimet ushqimore vazhdon t\u00eb jet\u00eb 1:10.<br \/>\n\u2022    Edhe n\u00eb volumin n\u00eb pesh\u00eb t\u00eb mallrave agrare: importohen af\u00ebrsisht 930 mij\u00eb ton\u00eb ushqime dhe eksportohen rreth 40 mij\u00eb ton\u00eb. (23 her\u00eb m\u00eb shum\u00eb importe)<br \/>\n\u2022    Edhe viti 2010 vazhdon me tregues t\u00eb p\u00ebrkeq\u00ebsuar t\u00eb tregtis\u00eb s\u00eb jashtme p\u00ebr sa i p\u00ebrket prodhimeve ushqimore. Eksportet n\u00eb vler\u00eb jan\u00eb 7 her\u00eb m\u00eb pak se importet ushqimore\u201d. (Burimi i t\u00eb dh\u00ebnave: Drejtoria e P\u00ebrgjithshme e Doganave)<br \/>\nKur ky deformim i tregut import\u2013eksport ndodh me produkte q\u00eb jan\u00eb tradicionalisht kryesore n\u00eb prodhimin ton\u00eb, produktet bujq\u00ebsore, \u00e7far\u00eb duhet t\u00eb themi p\u00ebr tregun e mbeturinave ku, n\u00eb menaxhimin dhe p\u00ebrpunimin e tyre jemi m\u00eb t\u00eb prapambeturit dhe m\u00eb t\u00eb fundit n\u00eb Europ\u00eb.<br \/>\nN\u00eb vendin ton\u00eb mbetjet nuk ndahen n\u00eb produkte t\u00eb rip\u00ebrdorshme (let\u00ebr, plastik\u00eb, qelq etj.); deri tani vet\u00ebm dy qytete kan\u00eb landfille (gropa grumbullimi t\u00eb kontrolluara) por q\u00eb n\u00eb fakt jan\u00eb jo plot\u00ebsisht t\u00eb pakontrolluara dhe nuk ka asnj\u00eb studim p\u00ebr landfille t\u00eb tjer\u00eb, nd\u00ebrkoh\u00eb q\u00eb pjesa m\u00eb e madhe e buxhetit shkon p\u00ebr rrug\u00eb.<br \/>\nDihet se \u00e7do shtet mundohet t\u2019i nxjerr\u00eb jasht\u00eb sht\u00ebpis\u00eb plehrat e veta.<br \/>\nShum\u00eb shtete t\u00eb fuqishme madje subvencionojn\u00eb n\u00eb k\u00ebt\u00eb drejtim, bile jo rrall\u00eb e mbyllin nj\u00eb sy para ligjeve nd\u00ebrkomb\u00ebtare kur \u00ebsht\u00eb fjala p\u00ebr heqjen e mbetjeve \u201cproblematike\u201d t\u00eb vendit t\u00eb tyre.<br \/>\nKjo do t\u00eb thot\u00eb q\u00eb kjo \u201cl\u00ebnda e par\u00eb\u201d, e th\u00ebn\u00eb m\u00eb tro\u00e7, mbeturinat, mund t\u00eb na vijn\u00eb nga fqinj\u00ebt me kosto m\u00eb t\u00eb lir\u00eb se sa mbeturinat e \u201csht\u00ebpis\u00eb son\u00eb\u201d.<br \/>\nGjith\u00eb shoqatat e mjedisit i kan\u00eb mb\u00ebshtetur dhe promovuar fabrikat tona t\u00eb riciklimit t\u00eb plastikes dhe letr\u00ebs. Ato u b\u00ebn\u00eb nj\u00eb shpres\u00eb n\u00eb leht\u00ebsimin e problemit t\u00eb plehrave tona, duke ricikluar plastik\u00ebt q\u00eb mbushnin lumenjt\u00eb, p\u00ebrrenjt\u00eb dhe bregdetin ton\u00eb.<br \/>\nPor ja q\u00eb tani del se ato, \u201cnga halli\u201d do t\u00eb kthehen t\u00eb punojn\u00eb p\u00ebr plehrat e vendeve t\u00eb huaja, meq\u00eb k\u00ebto shtete b\u00ebjn\u00eb nj\u00eb politik\u00eb m\u00eb t\u00eb mir\u00eb menaxhuese p\u00ebr mbeturinat e tyre, i kan\u00eb \u201cm\u00eb t\u00eb mira\u201d, me tepric\u00eb dhe i eksportojn\u00eb. Nd\u00ebrsa qeverit\u00eb tona, p\u00ebr 20 vjet, nuk e kan\u00eb vler\u00ebsuar fare k\u00ebt\u00eb problem t\u00eb madh, por dhe k\u00ebt\u00eb pasuri t\u00eb madhe si l\u00ebnd\u00eb e par\u00eb.<br \/>\nK\u00ebshtu nga kjo tregti, mjedisi i k\u00ebtyre vendeve b\u00ebhet m\u00eb i past\u00ebr dhe m\u00eb i sh\u00ebndetsh\u00ebm dhe mjedisi yn\u00eb keq e m\u00eb keq. A \u00ebsht\u00eb v\u00ebrtet kjo nj\u00eb politik\u00eb e mir\u00eb mjedisore p\u00ebr vendin ton\u00eb, me t\u00eb cil\u00ebn duhet t\u00eb krenohet qeveria jon\u00eb se po i p\u00ebrafrohet Europ\u00ebs?!<br \/>\nPo t\u00eb hedh\u00ebsh nj\u00eb sy n\u00ebp\u00ebr internet, gjen plot raste t\u00eb deformimit t\u00eb tregtis\u00eb s\u00eb mbetjeve dhe t\u00eb korrupsionit n\u00eb k\u00ebt\u00eb tregti dhe nga shtetet me ligje dhe institucione shum\u00eb t\u00eb forta. Ja disa prej tyre:<br \/>\n\u201c22 ton\u00eb mbeturina plastike t\u00eb refuzuara, d\u00ebrguar ilegalisht nga porti verior gjerman i Hamburgut n\u00eb Brazil, jan\u00eb kthyer mbrapsht n\u00eb Gjermani.<br \/>\nZyrtar\u00ebt brazilian\u00eb e kap\u00ebn k\u00ebt\u00eb mall, pasi arriti n\u00eb Portin jugor t\u00eb Rio Grande. D\u00ebrgesa \u00ebsht\u00eb dokumentuar si plastik\u00eb nga Republika \u00c7eke, q\u00eb do t\u00eb riciklohej dhe t\u00eb shitej n\u00eb Amerik\u00ebn e Jugut.<br \/>\nN\u00eb vend t\u00eb saj zyrtar\u00ebt brazilian\u00eb kan\u00eb gjetur mbeturina sht\u00ebpiake, pelena t\u00eb p\u00ebrdorura, mbetje t\u00eb produkteve t\u00eb pastrimit dhe \u201c\u00e7do lloj mbeturine t\u00eb ndaluar t\u00eb ndotur\u201d, deklaroi Instituti i Mjedisit dhe i Burimeve Natyrore t\u00eb rinovueshme t\u00eb Brazilit (IBAMA). N\u00eb vitin 2009, autoritetet braziliane zbuluan mbeturina t\u00eb paligjshme t\u00eb ardhura nga Britania, pas k\u00ebtij rasti Brazili ishte etiketuar nga media si \u201cvendi i depozitimit t\u00eb mbeturinave\u201d t\u00eb Europ\u00ebs\u201d<br \/>\n(Http:\/\/www.dw-world.de\/dw\/article\/<br \/>\n\u201cAutoritetet italiane kan\u00eb p\u00ebrcaktuar vendosjen e nj\u00eb anijeje t\u00eb mbytur n\u00eb brigjet jugore t\u00eb Italis\u00eb me 180 fu\u00e7i e mbeturina toksike n\u00eb bord, p\u00ebr t\u00eb cil\u00ebn ata thon\u00eb se \u00ebsht\u00eb fundosur nga mafia. Anija e mbytur \u00ebsht\u00eb raportuar t\u00eb jet\u00eb nj\u00eb prej m\u00eb shum\u00eb se 30 anijeve t\u00eb tilla, q\u00eb sipas t\u00eb dh\u00ebnave jan\u00eb mbytur n\u00eb detet Adriatik dhe Jon nga \u2018Cosa Nostra\u2019\u201d. (Http:\/\/news.bbc.co.uk\/2\/hi\/europe\/8260409.stm)Nostra. (http:\/\/news.bbc.co.uk\/2\/hi\/europe\/8260409.stm<br \/>\n\u201cSkandali i p\u00ebrfitimeve italo-gjerman nga spekulimi me mbeturinat e ngurta tregon p\u00ebr nj\u00eb industri q\u00eb lul\u00ebzon. Sipas hetimeve nga Zyra Federale e Gjermanis\u00eb e Policis\u00eb Kriminale (BKa), deri n\u00eb 2 milion\u00eb ton\u00eb t\u00eb mbeturinave sht\u00ebpiake jan\u00eb tashm\u00eb t\u00eb hedhura ilegalisht n\u00eb vend-grumbullimet dhe ish-gropat n\u00eb Gjermanin\u00eb Lindore. \u201cShkalla e aktiviteteve spekuluese me mbeturinat e ngurta \u00ebsht\u00eb e papar\u00eb p\u00ebr nga madh\u00ebsia\u201d, u shpreh\u00ebn ekspert\u00ebt. Rasti ka qen\u00eb i n\u00ebnvler\u00ebsuar plot\u00ebsisht nga agjencit\u00eb qeveritare dhe politikan\u00ebt, sipas nj\u00eb studimi t\u00eb brendsh\u00ebm BKa\u201d. \u201cDisa nga mbeturinat jan\u00eb gjetur n\u00eb landfillin e qytetit t\u00eb Freyburg-Zeuchfeld, n\u00eb Saksoni-Anhalt, i cili ishte mbyllur n\u00eb pranver\u00ebn e vitit 2009. Inspektor\u00ebt shtet\u00ebror\u00eb t\u00eb mjedisit gjet\u00ebn k\u00ebtu 300.000 ton\u00eb mbeturina t\u00eb paligjshme.<br \/>\nProkuror\u00ebt besojn\u00eb se e din\u00eb se kush \u00ebsht\u00eb prapa d\u00ebrgesave t\u00eb mbeturinave. Q\u00eb n\u00eb fillim, thot\u00eb nj\u00eb hetues, \u201cnj\u00eb grup i caktuar i kriminel\u00ebve gjerman\u00eb dhe italian\u00eb\u201d kishin planifikuar t\u00eb \u201cpastronin mbeturinat n\u00eb m\u00ebnyr\u00eb t\u00eb paligjshme nga Campania n\u00eb rajonin e Saksonis\u00eb-Anhalt, sepse shumica e tyre ishte e pap\u00ebrpunuar&#8221;.<br \/>\n(www.brightmag.org)<br \/>\nPra, kur mafia e plehrave arrin t\u00eb \u00e7aj\u00eb dhe administrat\u00ebn gjermane, \u00e7\u2019mund t\u00eb presim ne me administrat\u00ebn ton\u00eb q\u00eb sipas Institutit Shqiptar p\u00ebr Studimet Nd\u00ebrkomb\u00ebtare, AIIS, del se niveli i siguris\u00eb n\u00eb doganat tona \u00ebsht\u00eb m\u00eb i ul\u00ebti n\u00eb Europ\u00eb. (www.aiis-albania.org\/publications.html)<br \/>\nLe t\u00eb sjellim nj\u00eb rast tjet\u00ebr t\u00eb tregtis\u00eb s\u00eb mbeturinave:<br \/>\n\u201cSipas t\u00eb dh\u00ebnave nga mbik\u00ebqyr\u00ebsi i mjedisit t\u00eb Kin\u00ebs, n\u00eb fshatin Lianjiao trajtohen m\u00eb shum\u00eb se 200.000 ton\u00eb plastik\u00eb n\u00eb vit, nj\u00eb pjes\u00eb e madhe e s\u00eb cil\u00ebs jan\u00eb t\u00eb importuara ilegalisht. Sipas Administrat\u00ebs s\u00eb Shtetit p\u00ebr Mbrojtjen e Mjedisit (SEPA): \u201cKina ndalon rrept\u00ebsisht \u00e7do import t\u00eb mbeturinave q\u00eb nuk mund t\u00eb riciklohen si l\u00ebnd\u00eb e par\u00eb, apo t\u00eb trajtohen n\u00eb vend\u201d. \u201cT\u00eb nxitur nga p\u00ebrfitimet, thekson mbik\u00ebqyr\u00ebsi, disa shit\u00ebs bashk\u00ebpunojn\u00eb me thyer\u00ebs t\u00eb ligjit jasht\u00eb shtetit dhe n\u00eb m\u00ebnyr\u00eb t\u00eb paligjshme kontrabandojn\u00eb ose importojn\u00eb plehra n\u00eb Kin\u00eb, duke shkaktuar d\u00ebme p\u00ebr sh\u00ebndetin e njer\u00ebzve dhe t\u00eb mjedisit&#8221;. (Http:\/\/bbs.chinadaily.com.cn\/redirect)<br \/>\nSot gara e vendeve t\u00eb zhvilluara p\u00ebr mbeturinat, po b\u00ebhet po aq e fuqishme sa ajo p\u00ebr naft\u00ebn, vet\u00ebm me nj\u00eb ndryshim, nd\u00ebrsa naft\u00ebn luftojn\u00eb ta importojn\u00eb, mbeturinat synojn\u00eb t\u2019i eksportojn\u00eb. Kjo \u00ebsht\u00eb nj\u00eb dukuri e re e globalizimit<br \/>\nGjat\u00eb debateve tona me pjes\u00ebmarrjen e shum\u00eb shoqatave n\u00eb lidhje me vendimin e importimit t\u00eb mbeturinave, shpesh dilte pyetja: \u201cN\u00ebse disa shtete eksportojn\u00eb mbeturina (plastik\u00eb, let\u00ebr etj.) p\u00ebrse ata nuk ngren\u00eb fabrika riciklimi n\u00eb vendin e tyre, si\u00e7 \u00ebsht\u00eb b\u00ebr\u00eb n\u00eb vendin ton\u00eb, duke ndihmuar trajtimin e plot\u00eb t\u00eb mbetjeve n\u00eb vendin e tyre, por e humbasin kot k\u00ebt\u00eb l\u00ebnd\u00eb t\u00eb par\u00eb duke jua dh\u00ebn\u00eb pothuajse falas vendeve n\u00eb zhvillim. Po ja nj\u00eb dit\u00eb e gjet\u00ebm p\u00ebrgjigjen te nj\u00eb fjalim i Kryeministrit: Ju q\u00eb mendoni k\u00ebshtu \u201c&#8230;jeni antiglobalist\u00eb, marksist leninist, kund\u00ebr mjedisit dhe mb\u00ebshteteni nga mafia\u201d. Nga gjith\u00eb kjo bresh\u00ebri fjal\u00ebsh vet\u00ebm fjala antiglobalist ishte e re p\u00ebr ne, k\u00ebshtu q\u00eb u fut\u00ebm shpejt n\u00eb internet p\u00ebr t\u00eb kuptuar se kush jemi. Dhe ja si e trajtonte UNDP globalizmin n\u00eb nj\u00eb studim t\u00eb ISSD: \u201cEnde nuk ka nj\u00eb marr\u00ebveshje p\u00ebr t\u00eb p\u00ebrcaktuar sakt\u00eb n\u00eb at\u00eb q\u00eb quhet \u201cglobalizim\u201d, se cilat jan\u00eb pjes\u00ebt e mira dhe t\u00eb k\u00ebqija t\u00eb tij\u201d<br \/>\nDhe m\u00eb posht\u00eb: \u201cGlobalizmi ka vendosur presion mbi mjedisin global dhe burimet natyrore, duke reduktuar kapacitetet mjedisore. Kostot mjedisore, si dhe pasojat ekonomike q\u00eb sjell mjedisi, mund t\u00eb eksportohen te njer\u00ebzit q\u00eb jan\u00eb n\u00eb vendet e pazhvilluara\u201d. Pra globalizmi, krahas t\u00eb mirave paska dhe t\u00eb k\u00ebqija, ve\u00e7an\u00ebrisht n\u00eb drejtim t\u00eb mjedisit. Mos vall\u00eb Kryeministri na ka b\u00ebr\u00eb kompliment me etiketimin \u201cAntiglobalist\u201d?!&#8230;<br \/>\nMinistri i Mjedisit siguron se p\u00ebr \u00e7do mbeturin\u00eb t\u00eb list\u00ebs s\u00eb gjelb\u00ebr q\u00eb do t\u00eb importohet, do t\u00eb vendoset nga K\u00ebshilli i Ministrave me nj\u00eb VKM t\u00eb ve\u00e7ant\u00eb. Pra, n\u00eb fund do t\u00eb firmoset nga tre ministrat kryesor\u00eb dhe Kryeministri. Por a s\u2019ndodhi ekzakt\u00ebsisht kjo me vendimin p\u00ebr importimin e plehrave urbane nga Italia n\u00eb 2004-n p\u00ebr t\u2019u djegur n\u00eb Kashar?!<br \/>\nPrandaj ne insistojm\u00eb q\u00eb vendimi p\u00ebr importimin e mbeturinave, qoft\u00eb dhe t\u00eb list\u00ebs s\u00eb gjelb\u00ebr, t\u00eb mos filloj\u00eb t\u00eb zbatohet pa u p\u00ebrgatitur plot\u00ebsisht me kuadrin mbrojt\u00ebs ligjor t\u00eb plot\u00eb, me nj\u00eb politik\u00eb financiare t\u00eb ve\u00e7ant\u00eb p\u00ebr ket\u00eb rast dhe me nj\u00eb informim dhe nd\u00ebrgjegj\u00ebsim t\u00eb mir\u00eb t\u00eb publikut dhe administrat\u00ebs.<br \/>\nShoqatat mjedisore e shohin problemin e mbeturinave m\u00eb gjer\u00eb se sa \u00e7\u00ebshtja e importimit t\u00eb list\u00ebs s\u00eb gjelb\u00ebr apo biznesit t\u00eb disa kompanive: \u201cT\u00eb pastrojm\u00eb Shqip\u00ebrin\u00eb nga mbeturinat tona, t\u00eb cilat po kthehen n\u00eb nj\u00eb problem jet\u00ebsor p\u00ebr sh\u00ebndetin dhe zhvillimin ton\u00eb\u201d.<\/p>\n","protected":false},"excerpt":{"rendered":"<p>Xhemal Mato \u00cbsht\u00eb paradoks q\u00eb nj\u00eb z\u00ebvend\u00ebsminist\u00ebr i Mjedisit e mbron VKM-n\u00eb p\u00ebr importimin e mbetjeve si domosdoshm\u00ebri p\u00ebr biznesin vendas dhe jo si nj\u00eb politik\u00eb mjedisore (si i takon k\u00ebsaj ministrie), nd\u00ebrkoh\u00eb q\u00eb z\u00ebvend\u00ebsministri i Ekonomis\u00eb nuk ka dal\u00eb t\u00eb qart\u00ebsoj\u00eb se kush fiton dhe kush del me humbje n\u00eb k\u00ebt\u00eb tregti \u201cglobale\u201d t\u00eb [&hellip;]<\/p>\n","protected":false},"author":1,"featured_media":0,"comment_status":"open","ping_status":"closed","sticky":false,"template":"","format":"standard","meta":{"footnotes":""},"categories":[2],"tags":[],"class_list":{"0":"post-4576","1":"post","2":"type-post","3":"status-publish","4":"format-standard","6":"category-artikuj"},"yoast_head":"<!-- This site is optimized with the Yoast SEO plugin v27.4 - https:\/\/yoast.com\/product\/yoast-seo-wordpress\/ -->\n<title>Importimi i mbeturinave dhe mafia - FjALA e LIR\u00cb - Arkivi<\/title>\n<meta name=\"robots\" content=\"index, follow, max-snippet:-1, max-image-preview:large, max-video-preview:-1\" \/>\n<link rel=\"canonical\" href=\"https:\/\/fjala.info\/2009-2015\/importimi-i-mbeturinave-dhe-mafia\/\" \/>\n<meta property=\"og:locale\" content=\"sq_AL\" \/>\n<meta property=\"og:type\" content=\"article\" \/>\n<meta property=\"og:title\" content=\"Importimi i mbeturinave dhe mafia - FjALA e LIR\u00cb - Arkivi\" \/>\n<meta property=\"og:description\" content=\"Xhemal Mato \u00cbsht\u00eb paradoks q\u00eb nj\u00eb z\u00ebvend\u00ebsminist\u00ebr i Mjedisit e mbron VKM-n\u00eb p\u00ebr importimin e mbetjeve si domosdoshm\u00ebri p\u00ebr biznesin vendas dhe jo si nj\u00eb politik\u00eb mjedisore (si i takon k\u00ebsaj ministrie), nd\u00ebrkoh\u00eb q\u00eb z\u00ebvend\u00ebsministri i Ekonomis\u00eb nuk ka dal\u00eb t\u00eb qart\u00ebsoj\u00eb se kush fiton dhe kush del me humbje n\u00eb k\u00ebt\u00eb tregti \u201cglobale\u201d t\u00eb [&hellip;]\" \/>\n<meta property=\"og:url\" content=\"https:\/\/fjala.info\/2009-2015\/importimi-i-mbeturinave-dhe-mafia\/\" \/>\n<meta property=\"og:site_name\" content=\"FjALA e LIR\u00cb - Arkivi\" \/>\n<meta property=\"article:published_time\" content=\"2010-11-01T10:17:21+00:00\" \/>\n<meta name=\"author\" content=\"admin\" \/>\n<meta name=\"twitter:card\" content=\"summary_large_image\" \/>\n<meta name=\"twitter:label1\" content=\"Written by\" \/>\n\t<meta name=\"twitter:data1\" content=\"admin\" \/>\n\t<meta name=\"twitter:label2\" content=\"Est. reading time\" \/>\n\t<meta name=\"twitter:data2\" content=\"9 minutes\" \/>\n<script type=\"application\/ld+json\" class=\"yoast-schema-graph\">{\"@context\":\"https:\\\/\\\/schema.org\",\"@graph\":[{\"@type\":\"Article\",\"@id\":\"https:\\\/\\\/fjala.info\\\/2009-2015\\\/importimi-i-mbeturinave-dhe-mafia\\\/#article\",\"isPartOf\":{\"@id\":\"https:\\\/\\\/fjala.info\\\/2009-2015\\\/importimi-i-mbeturinave-dhe-mafia\\\/\"},\"author\":{\"name\":\"admin\",\"@id\":\"https:\\\/\\\/fjala.info\\\/2009-2015\\\/#\\\/schema\\\/person\\\/3aa1163ef05469c496fc94e77611ada2\"},\"headline\":\"Importimi i mbeturinave dhe mafia\",\"datePublished\":\"2010-11-01T10:17:21+00:00\",\"mainEntityOfPage\":{\"@id\":\"https:\\\/\\\/fjala.info\\\/2009-2015\\\/importimi-i-mbeturinave-dhe-mafia\\\/\"},\"wordCount\":1719,\"commentCount\":0,\"publisher\":{\"@id\":\"https:\\\/\\\/fjala.info\\\/2009-2015\\\/#organization\"},\"articleSection\":[\"Artikuj\"],\"inLanguage\":\"sq-AL\",\"potentialAction\":[{\"@type\":\"CommentAction\",\"name\":\"Comment\",\"target\":[\"https:\\\/\\\/fjala.info\\\/2009-2015\\\/importimi-i-mbeturinave-dhe-mafia\\\/#respond\"]}]},{\"@type\":\"WebPage\",\"@id\":\"https:\\\/\\\/fjala.info\\\/2009-2015\\\/importimi-i-mbeturinave-dhe-mafia\\\/\",\"url\":\"https:\\\/\\\/fjala.info\\\/2009-2015\\\/importimi-i-mbeturinave-dhe-mafia\\\/\",\"name\":\"Importimi i mbeturinave dhe mafia - FjALA e LIR\u00cb - Arkivi\",\"isPartOf\":{\"@id\":\"https:\\\/\\\/fjala.info\\\/2009-2015\\\/#website\"},\"datePublished\":\"2010-11-01T10:17:21+00:00\",\"breadcrumb\":{\"@id\":\"https:\\\/\\\/fjala.info\\\/2009-2015\\\/importimi-i-mbeturinave-dhe-mafia\\\/#breadcrumb\"},\"inLanguage\":\"sq-AL\",\"potentialAction\":[{\"@type\":\"ReadAction\",\"target\":[\"https:\\\/\\\/fjala.info\\\/2009-2015\\\/importimi-i-mbeturinave-dhe-mafia\\\/\"]}]},{\"@type\":\"BreadcrumbList\",\"@id\":\"https:\\\/\\\/fjala.info\\\/2009-2015\\\/importimi-i-mbeturinave-dhe-mafia\\\/#breadcrumb\",\"itemListElement\":[{\"@type\":\"ListItem\",\"position\":1,\"name\":\"Home\",\"item\":\"https:\\\/\\\/fjala.info\\\/2009-2015\\\/\"},{\"@type\":\"ListItem\",\"position\":2,\"name\":\"Importimi i mbeturinave dhe mafia\"}]},{\"@type\":\"WebSite\",\"@id\":\"https:\\\/\\\/fjala.info\\\/2009-2015\\\/#website\",\"url\":\"https:\\\/\\\/fjala.info\\\/2009-2015\\\/\",\"name\":\"FjALA e LIR\u00cb - Arkivi\",\"description\":\"Arkivi 2009-2015\",\"publisher\":{\"@id\":\"https:\\\/\\\/fjala.info\\\/2009-2015\\\/#organization\"},\"potentialAction\":[{\"@type\":\"SearchAction\",\"target\":{\"@type\":\"EntryPoint\",\"urlTemplate\":\"https:\\\/\\\/fjala.info\\\/2009-2015\\\/?s={search_term_string}\"},\"query-input\":{\"@type\":\"PropertyValueSpecification\",\"valueRequired\":true,\"valueName\":\"search_term_string\"}}],\"inLanguage\":\"sq-AL\"},{\"@type\":\"Organization\",\"@id\":\"https:\\\/\\\/fjala.info\\\/2009-2015\\\/#organization\",\"name\":\"FjALA e LIR\u00cb - Arkivi\",\"url\":\"https:\\\/\\\/fjala.info\\\/2009-2015\\\/\",\"logo\":{\"@type\":\"ImageObject\",\"inLanguage\":\"sq-AL\",\"@id\":\"https:\\\/\\\/fjala.info\\\/2009-2015\\\/#\\\/schema\\\/logo\\\/image\\\/\",\"url\":\"\",\"contentUrl\":\"\",\"caption\":\"FjALA e LIR\u00cb - Arkivi\"},\"image\":{\"@id\":\"https:\\\/\\\/fjala.info\\\/2009-2015\\\/#\\\/schema\\\/logo\\\/image\\\/\"}},{\"@type\":\"Person\",\"@id\":\"https:\\\/\\\/fjala.info\\\/2009-2015\\\/#\\\/schema\\\/person\\\/3aa1163ef05469c496fc94e77611ada2\",\"name\":\"admin\",\"image\":{\"@type\":\"ImageObject\",\"inLanguage\":\"sq-AL\",\"@id\":\"https:\\\/\\\/fjala.info\\\/2009-2015\\\/wp-content\\\/uploads\\\/2012\\\/02\\\/arben_cokaj-120x150.jpg\",\"url\":\"https:\\\/\\\/fjala.info\\\/2009-2015\\\/wp-content\\\/uploads\\\/2012\\\/02\\\/arben_cokaj-120x150.jpg\",\"contentUrl\":\"https:\\\/\\\/fjala.info\\\/2009-2015\\\/wp-content\\\/uploads\\\/2012\\\/02\\\/arben_cokaj-120x150.jpg\",\"caption\":\"admin\"},\"description\":\"Admin, Fjala e Lir\u00eb\",\"sameAs\":[\"https:\\\/\\\/fjala.info\\\/\"],\"url\":\"https:\\\/\\\/fjala.info\\\/2009-2015\\\/author\\\/admin\\\/\"}]}<\/script>\n<!-- \/ Yoast SEO plugin. -->","yoast_head_json":{"title":"Importimi i mbeturinave dhe mafia - FjALA e LIR\u00cb - Arkivi","robots":{"index":"index","follow":"follow","max-snippet":"max-snippet:-1","max-image-preview":"max-image-preview:large","max-video-preview":"max-video-preview:-1"},"canonical":"https:\/\/fjala.info\/2009-2015\/importimi-i-mbeturinave-dhe-mafia\/","og_locale":"sq_AL","og_type":"article","og_title":"Importimi i mbeturinave dhe mafia - FjALA e LIR\u00cb - Arkivi","og_description":"Xhemal Mato \u00cbsht\u00eb paradoks q\u00eb nj\u00eb z\u00ebvend\u00ebsminist\u00ebr i Mjedisit e mbron VKM-n\u00eb p\u00ebr importimin e mbetjeve si domosdoshm\u00ebri p\u00ebr biznesin vendas dhe jo si nj\u00eb politik\u00eb mjedisore (si i takon k\u00ebsaj ministrie), nd\u00ebrkoh\u00eb q\u00eb z\u00ebvend\u00ebsministri i Ekonomis\u00eb nuk ka dal\u00eb t\u00eb qart\u00ebsoj\u00eb se kush fiton dhe kush del me humbje n\u00eb k\u00ebt\u00eb tregti \u201cglobale\u201d t\u00eb [&hellip;]","og_url":"https:\/\/fjala.info\/2009-2015\/importimi-i-mbeturinave-dhe-mafia\/","og_site_name":"FjALA e LIR\u00cb - Arkivi","article_published_time":"2010-11-01T10:17:21+00:00","author":"admin","twitter_card":"summary_large_image","twitter_misc":{"Written by":"admin","Est. reading time":"9 minutes"},"schema":{"@context":"https:\/\/schema.org","@graph":[{"@type":"Article","@id":"https:\/\/fjala.info\/2009-2015\/importimi-i-mbeturinave-dhe-mafia\/#article","isPartOf":{"@id":"https:\/\/fjala.info\/2009-2015\/importimi-i-mbeturinave-dhe-mafia\/"},"author":{"name":"admin","@id":"https:\/\/fjala.info\/2009-2015\/#\/schema\/person\/3aa1163ef05469c496fc94e77611ada2"},"headline":"Importimi i mbeturinave dhe mafia","datePublished":"2010-11-01T10:17:21+00:00","mainEntityOfPage":{"@id":"https:\/\/fjala.info\/2009-2015\/importimi-i-mbeturinave-dhe-mafia\/"},"wordCount":1719,"commentCount":0,"publisher":{"@id":"https:\/\/fjala.info\/2009-2015\/#organization"},"articleSection":["Artikuj"],"inLanguage":"sq-AL","potentialAction":[{"@type":"CommentAction","name":"Comment","target":["https:\/\/fjala.info\/2009-2015\/importimi-i-mbeturinave-dhe-mafia\/#respond"]}]},{"@type":"WebPage","@id":"https:\/\/fjala.info\/2009-2015\/importimi-i-mbeturinave-dhe-mafia\/","url":"https:\/\/fjala.info\/2009-2015\/importimi-i-mbeturinave-dhe-mafia\/","name":"Importimi i mbeturinave dhe mafia - FjALA e LIR\u00cb - Arkivi","isPartOf":{"@id":"https:\/\/fjala.info\/2009-2015\/#website"},"datePublished":"2010-11-01T10:17:21+00:00","breadcrumb":{"@id":"https:\/\/fjala.info\/2009-2015\/importimi-i-mbeturinave-dhe-mafia\/#breadcrumb"},"inLanguage":"sq-AL","potentialAction":[{"@type":"ReadAction","target":["https:\/\/fjala.info\/2009-2015\/importimi-i-mbeturinave-dhe-mafia\/"]}]},{"@type":"BreadcrumbList","@id":"https:\/\/fjala.info\/2009-2015\/importimi-i-mbeturinave-dhe-mafia\/#breadcrumb","itemListElement":[{"@type":"ListItem","position":1,"name":"Home","item":"https:\/\/fjala.info\/2009-2015\/"},{"@type":"ListItem","position":2,"name":"Importimi i mbeturinave dhe mafia"}]},{"@type":"WebSite","@id":"https:\/\/fjala.info\/2009-2015\/#website","url":"https:\/\/fjala.info\/2009-2015\/","name":"FjALA e LIR\u00cb - Arkivi","description":"Arkivi 2009-2015","publisher":{"@id":"https:\/\/fjala.info\/2009-2015\/#organization"},"potentialAction":[{"@type":"SearchAction","target":{"@type":"EntryPoint","urlTemplate":"https:\/\/fjala.info\/2009-2015\/?s={search_term_string}"},"query-input":{"@type":"PropertyValueSpecification","valueRequired":true,"valueName":"search_term_string"}}],"inLanguage":"sq-AL"},{"@type":"Organization","@id":"https:\/\/fjala.info\/2009-2015\/#organization","name":"FjALA e LIR\u00cb - Arkivi","url":"https:\/\/fjala.info\/2009-2015\/","logo":{"@type":"ImageObject","inLanguage":"sq-AL","@id":"https:\/\/fjala.info\/2009-2015\/#\/schema\/logo\/image\/","url":"","contentUrl":"","caption":"FjALA e LIR\u00cb - Arkivi"},"image":{"@id":"https:\/\/fjala.info\/2009-2015\/#\/schema\/logo\/image\/"}},{"@type":"Person","@id":"https:\/\/fjala.info\/2009-2015\/#\/schema\/person\/3aa1163ef05469c496fc94e77611ada2","name":"admin","image":{"@type":"ImageObject","inLanguage":"sq-AL","@id":"https:\/\/fjala.info\/2009-2015\/wp-content\/uploads\/2012\/02\/arben_cokaj-120x150.jpg","url":"https:\/\/fjala.info\/2009-2015\/wp-content\/uploads\/2012\/02\/arben_cokaj-120x150.jpg","contentUrl":"https:\/\/fjala.info\/2009-2015\/wp-content\/uploads\/2012\/02\/arben_cokaj-120x150.jpg","caption":"admin"},"description":"Admin, Fjala e Lir\u00eb","sameAs":["https:\/\/fjala.info\/"],"url":"https:\/\/fjala.info\/2009-2015\/author\/admin\/"}]}},"_links":{"self":[{"href":"https:\/\/fjala.info\/2009-2015\/wp-json\/wp\/v2\/posts\/4576","targetHints":{"allow":["GET"]}}],"collection":[{"href":"https:\/\/fjala.info\/2009-2015\/wp-json\/wp\/v2\/posts"}],"about":[{"href":"https:\/\/fjala.info\/2009-2015\/wp-json\/wp\/v2\/types\/post"}],"author":[{"embeddable":true,"href":"https:\/\/fjala.info\/2009-2015\/wp-json\/wp\/v2\/users\/1"}],"replies":[{"embeddable":true,"href":"https:\/\/fjala.info\/2009-2015\/wp-json\/wp\/v2\/comments?post=4576"}],"version-history":[{"count":0,"href":"https:\/\/fjala.info\/2009-2015\/wp-json\/wp\/v2\/posts\/4576\/revisions"}],"wp:attachment":[{"href":"https:\/\/fjala.info\/2009-2015\/wp-json\/wp\/v2\/media?parent=4576"}],"wp:term":[{"taxonomy":"category","embeddable":true,"href":"https:\/\/fjala.info\/2009-2015\/wp-json\/wp\/v2\/categories?post=4576"},{"taxonomy":"post_tag","embeddable":true,"href":"https:\/\/fjala.info\/2009-2015\/wp-json\/wp\/v2\/tags?post=4576"}],"curies":[{"name":"wp","href":"https:\/\/api.w.org\/{rel}","templated":true}]}}