{"id":4575,"date":"2012-08-22T09:10:51","date_gmt":"2012-08-22T08:10:51","guid":{"rendered":"http:\/\/www.fjala.info\/?p=4575"},"modified":"2012-08-22T09:10:51","modified_gmt":"2012-08-22T08:10:51","slug":"nje-sistem-korruptiv-meritokracie","status":"publish","type":"post","link":"https:\/\/fjala.info\/2009-2015\/nje-sistem-korruptiv-meritokracie\/","title":{"rendered":"Nj\u00eb sistem korruptiv \u201cmeritokracie&#8221;"},"content":{"rendered":"<p><img decoding=\"async\" class=\"alignright size-thumbnail wp-image-7236\" title=\"Afrim Krasniqi\" src=\"http:\/\/www.fjala.info\/2012\/afrim_krasniqi.jpg\" alt=\"\" width=\"150\" \/> Analiz\u00eb nga <strong>AFRIM KRASNIQI<\/strong><\/p>\n<p>Kryefjala e qeveris\u00eb aktuale n\u00eb raport me administrat\u00ebn publike, ashtu si e cdo qeverie deri m\u00eb tani, ka qen\u00eb e mbetet premtimi p\u00ebr sjellje ligjore, mbi baz\u00ebn e merit\u00ebs dhe aft\u00ebsis\u00eb. Nevoja p\u00ebr nj\u00eb administrat\u00eb civile efektive, t\u00eb q\u00ebndrueshme dhe t\u00eb pavarur p\u00ebrb\u00ebn edhe nj\u00eb nga 12 kriteret e Bashkimit Evropian p\u00ebr Shqip\u00ebrin\u00eb. P\u00ebr shkak t\u00eb k\u00ebsaj r\u00ebnd\u00ebsie pothuajse n\u00eb \u00e7do fjalim pompoz ministror e parlamentar, n\u00eb raportet zyrtare t\u00eb qeveris\u00eb n\u00eb parlament, t\u00eb qeveris\u00eb n\u00eb takimet me delegacionin e Bashkimit Evropian apo n\u00eb raporte t\u00eb tjera t\u00eb sponsorizuara nga buxheti shtet\u00ebror dhe donator\u00ebt nd\u00ebrkomb\u00ebtar\u00eb vihet theksi tek arritjet e m\u00ebdha n\u00eb drejtim t\u00eb forcimit t\u00eb komponentit t\u00eb cil\u00ebsis\u00eb dhe meritokracis\u00eb n\u00eb administrat\u00ebn publike. Alibia \u00ebsht\u00eb e thjesht\u00eb: jepen disa shifra kualifikimesh dhe em\u00ebrimesh, krahasohen me periudh\u00ebn p\u00ebrpara vitit 2005 dhe k\u00ebshtu krijohet p\u00ebrshtypja se gjith\u00e7ka \u00ebsht\u00eb pozitive.<\/p>\n<p>Tej k\u00ebtij konteksti propagandistik n\u00eb jet\u00ebn reale p\u00ebr k\u00ebdo qytetar (jo qeveritar) \u00ebsht\u00eb e qart\u00eb se praktikat selektive, fisnore dhe militante t\u00eb rekrutimit, promovimit dhe statutit t\u00eb administrat\u00ebs dhe n\u00ebpun\u00ebsit civil n\u00eb Shqip\u00ebri kan\u00eb prodhuar nj\u00eb sistem t\u00eb kalbur administrativ, t\u00eb paaft\u00eb t\u00eb prodhoj\u00eb stabilitet qeveris\u00ebs n\u00eb raport me qytetarin dhe as t\u00eb vet\u00ebkorrigjohet p\u00ebrmes mekanizmave t\u00eb p\u00ebrcaktuar nga ligji. Shembujt jan\u00eb t\u00eb shumt\u00eb. Raporti i Progresit t\u00eb Shqip\u00ebris\u00eb hartuar nga Bashkimi Evropian (2011) thekson se \u201creforma e administrat\u00ebs publike nuk ka avancuar shum\u00eb\u201d dhe s&#8230;.e &#8220;sh\u00ebrbimi civil po vuan nga mang\u00ebsi t\u00eb r\u00ebnd\u00ebsishme, ve\u00e7an\u00ebrisht n\u00eb lidhje me parimin e meritokracis\u00eb gjat\u00eb procesit t\u00eb rekrutimit, pun\u00ebsimin me kontrata t\u00eb p\u00ebrkohshme, rregullat p\u00ebr ngritjen n\u00eb detyr\u00eb, transferimin dhe shkarkimin e punonj\u00ebsve civil\u00eb&#8221;.<\/p>\n<p>N\u00eb tregues statistikor\u00eb Komisioni i Sh\u00ebrbimit Civil ilustron t\u00eb dh\u00ebnat e BE-s\u00eb duke cituar se m\u00eb shum\u00eb se dy t\u00eb tretat e konkurseve t\u00eb rekrutimit n\u00eb administrat\u00ebn qendrore jan\u00eb fiktive, pra me fitues t\u00eb paracaktuar dhe se n\u00eb rastin e pushtetit vendor jepen shembuj t\u00eb shkeljes s\u00eb ligjit deri n\u00eb 100% t\u00eb rasteve t\u00eb em\u00ebrimit. KSHC dhe raporte t\u00eb tjera t\u00eb nj\u00ebjta japin raste konkrete (Ministria e Drejt\u00ebsis\u00eb, Mbrojtjes, t\u00eb Jashtme, t\u00eb Sh\u00ebndet\u00ebsis\u00eb, etj), ku n\u00eb em\u00ebr t\u00eb reformave strukturore b\u00ebhen shkarkimeve kolektive dhe z\u00ebvend\u00ebsimin e tyre me persona t\u00eb tjer\u00eb t\u00eb ardhur nga jasht\u00eb sistemit.<\/p>\n<p>P\u00ebr pasoj\u00eb, shteti paguan dy administrata, nj\u00eb n\u00eb detyr\u00eb dhe nj\u00eb t\u00eb shkarkuar, dhe se rotacioni n\u00eb administrat\u00eb nuk ndodh vet\u00ebm kur ndryshohen mazhorancat, por edhe kur ndryshohen ministrat dhe drejtor\u00ebt brenda vet\u00eb mazhoranc\u00ebs. Zyrtar\u00ebt e ndersh\u00ebm p\u00ebrball\u00ebn me tri rrug\u00eb: ose ikjen (p\u00ebrs\u00ebri) nga vendi drejt emigrimit, ose n\u00ebnshtrimin pa kushte p\u00ebrfshir\u00eb edhe detyrimin p\u00ebr pages\u00eb rryshfeti m\u00eb lart apo p\u00ebr t\u00eb udh\u00ebtuar, marr\u00eb pjes\u00eb dhe duartrokitur n\u00eb mitingjet elektorale t\u00eb partis\u00eb qeveris\u00ebse, ose hyrjen n\u00eb nj\u00eb kalvar gjyqesh, ku, n\u00eb fund fitojn\u00eb, por ku m\u00eb pas nisin nj\u00eb kalvar tjet\u00ebr p\u00ebr zbatimin e vendimit t\u00eb gjykat\u00ebs dhe luft\u00ebn p\u00ebr sigurimin e nj\u00eb vendi t\u00eb ri pune.<\/p>\n<p>Duke hyr\u00eb m\u00eb n\u00eb detaje t\u00eb proceseve em\u00ebrtuese rezulton se kriter kryesor pun\u00ebsimi e promovimi mbetet kriteri politik, besnik\u00ebria ndaj partis\u00eb s\u00eb radh\u00ebs n\u00eb qeveri, em\u00ebrimet nga rrethet elektorale t\u00eb deputet\u00ebve, ministrave, zyrtar\u00ebve t\u00eb mes\u00ebm apo ato mbi baz\u00ebn e lidhjeve t\u00eb forta familjare me pushtetin e radh\u00ebs. K\u00ebtij komponenti negativ i shtohet fakti se \u00e7do dit\u00eb kemi raste publike t\u00eb sjelljes zyrtare t\u00eb deg\u00ebve t\u00eb administrat\u00ebs publike si seksion militant partiak dhe heshtjen e organeve zyrtare q\u00eb do t\u00eb duhet t\u00eb nd\u00ebrhynin p\u00ebr marrjen e masave ligjore. Deklaratat thell\u00ebsisht militante dhe partiake t\u00eb zyrtar\u00ebve t\u00eb drejtoris\u00eb s\u00eb sh\u00ebrbimeve qeveritare, tatimeve, drejtoris\u00eb s\u00eb doganave, t\u00eb disa drejtorive arsimore, t\u00eb drejtuesve t\u00eb gard\u00ebs s\u00eb republik\u00ebs, t\u00eb forcave t\u00eb armatosura deri edhe t\u00eb policis\u00eb s\u00eb shtetit, &#8211; jan\u00eb nj\u00eb bilanc alarmant p\u00ebr degradimin e konceptit &#8220;shtet&#8221;, &#8220;administrat\u00eb&#8221;, &#8220;n\u00ebpun\u00ebs civil&#8221; dhe n\u00ebnshtrimit t\u00eb tyre pa kushte ndaj sundimtar\u00ebve partiak\u00eb t\u00eb radh\u00ebs.<\/p>\n<p>K\u00ebto t\u00eb dh\u00ebna edhe pse alarmuese p\u00ebr nj\u00eb shtet q\u00eb pretendon t\u00eb realizoj\u00eb nj\u00eb nga kriteret m\u00eb t\u00eb r\u00ebnd\u00ebsishme t\u00eb BE-s\u00eb n\u00eb raport me Shqip\u00ebrin\u00eb, jan\u00eb vet\u00ebm nj\u00eb aspekt i sistemit t\u00eb kalb\u00ebzimit t\u00eb sistemit t\u00eb meritokracis\u00eb, &#8211; nj\u00eb slogan pa vler\u00eb dhe fyes p\u00ebr dinjitetin qytetar, t\u00eb ligjit dhe t\u00eb shtetit shqiptar evropian. Aspekti tjet\u00ebr i duksh\u00ebm publik \u00ebsht\u00eb akti antikushtetues dhe antiligjor i n\u00ebnshkruar periodikisht nga partit\u00eb politike n\u00eb koalicionin qeveris\u00ebs, pra nga krer\u00ebt dhe p\u00ebrb\u00ebr\u00ebsit kryesor\u00eb t\u00eb pushtetit ekzekutiv, p\u00ebr ndarjen e vendeve n\u00eb administrat\u00ebn publike mbi baz\u00ebn e raporteve nd\u00ebrpartiake. \u00c7do dit\u00eb e jav\u00eb jepen lajme sesi poste t\u00eb caktuara i kalohen me urdh\u00ebr politik partive t\u00eb koalicionit dhe askush, medias dhe KSHC, Instituti i Administrat\u00ebs Publike dhe as OJF-t\u00eb, partner\u00ebt nd\u00ebrkomb\u00ebtar\u00eb dhe as avokat\u00ebt e interesit publik &#8211; nuk ndjehen, nuk reagojn\u00eb, duke pranuar parcelizimin militant t\u00eb sistemit civil n\u00eb gjith\u00eb territorin.<\/p>\n<p>Aspekti i tret\u00eb i kalb\u00ebzimit t\u00eb sistemit t\u00eb em\u00ebrimeve n\u00eb administrat\u00eb \u00ebsht\u00eb procesi i riciklimit n\u00eb poste dhe detyra publike t\u00eb individ\u00ebve t\u00eb gjetur m\u00ebse nj\u00ebher\u00eb n\u00eb shkelje ligjore. Vet\u00ebm dit\u00ebt e fundit pat\u00ebm disa raste t\u00eb tilla kur nj\u00eb drejtor i shkarkuar p\u00ebr konflikt interesi, fshehje t\u00eb pasuris\u00eb dhe trafik arm\u00ebsh kalon n\u00eb nj\u00eb detyr\u00eb paralele dhe me natyr\u00eb piramidale, duke ruajtur dhe forcuar pushtetin personal t\u00eb individit abuzues n\u00eb raport me ligjin dhe publikun. Po ashtu nj\u00eb drejtor i akuzuar lokal p\u00ebr dhun\u00eb, shkelje t\u00eb drejtave t\u00eb qytetar\u00ebve, diskriminim racor dhe sjellje joetike n\u00eb publik u shkarkua duke u em\u00ebruar pas nj\u00eb minute n\u00eb nj\u00eb detyr\u00eb tjet\u00ebr paralele.<\/p>\n<p>Nj\u00eb zyrtar policie i shkarkuar p\u00ebr trafik klandestin\u00ebsh vite m\u00eb par\u00eb mori k\u00ebto dit\u00eb nj\u00eb post me r\u00ebnd\u00ebsi n\u00eb hierarkin\u00eb policore. E nj\u00ebjta gj\u00eb ndodhi edhe me dy zyrtar\u00eb t\u00eb lart\u00eb ushtarak\u00eb t\u00eb graduar s\u00eb fundmi edhe jasht\u00eb fush\u00ebs s\u00eb studimeve profesionale, me em\u00ebrime rishtas n\u00eb diplomaci t\u00eb individ\u00ebve pa asnj\u00eb merit\u00eb tjet\u00ebr ve\u00e7 kontributeve elektorale, si dhe riti i p\u00ebrvitsh\u00ebm, &#8211; em\u00ebrimeve periodike thell\u00ebsisht partiake t\u00eb drejtuesve t\u00eb institucioneve publike arsimore, shum\u00eb prej tyre pa arsim p\u00ebrkat\u00ebs apo karrier\u00eb t\u00eb m\u00ebparshme arsimore.<\/p>\n<p>Po ashtu vazhdimisht shohim em\u00ebrime e riciklime n\u00eb poste me r\u00ebnd\u00ebsi publike t\u00eb individ\u00ebve t\u00eb shkarkuar me buj\u00eb p\u00ebr skandale vet\u00ebm pak vite m\u00eb par\u00eb, si\u00e7 vijojm\u00eb t\u00eb jemi i vetmi vend ku gazetat partiake mbushen n\u00eb faqet e para me deklarata thell\u00ebsisht militante dhe denigruese nga zyrtar\u00eb q\u00eb kan\u00eb status civil e publik, pra me ligj duhet t\u00eb q\u00ebndrojn\u00eb jasht\u00eb aktiviteteve e debateve politike partiake. Ky cik\u00ebl i mbyllur, me mb\u00ebshtetje e sponsor me pushtet, me praktika korruptive dhe antiligjore, n\u00eb thelb i ngjason m\u00eb shum\u00eb politik\u00ebs s\u00eb em\u00ebrimeve dhe dhuratave t\u00eb periudh\u00ebs s\u00eb fundit otomane sesa konceptit t\u00eb shtetit demokratik.<\/p>\n<p>N\u00eb teorin\u00eb politike njihet sentenca se nj\u00eb politik\u00eb e paaft\u00eb mund t\u00eb kalb\u00ebzoj\u00eb p\u00ebr nj\u00eb koh\u00eb t\u00eb kufizuar pushtetin, kurse nj\u00eb administrat\u00eb e paaft\u00eb kalb\u00ebzon p\u00ebr nj\u00eb koh\u00eb t\u00eb pacaktuar shtetin. Sot n\u00eb Evrop\u00eb kemi raste kur shtete me kultur\u00eb dhe tradit\u00eb shtet\u00ebrore ia dol\u00ebn q\u00eb krizat politike ti zgjidhin p\u00ebrmes teknokrat\u00ebve dhe administrat\u00ebs s\u00eb q\u00ebndrueshme e efektive, nd\u00ebrkoh\u00eb q\u00eb ne, &#8211; aspirant\u00eb p\u00ebr bashkim me vlerat evropiane, &#8211; vijojm\u00eb t\u00eb mbetemi nj\u00eb nga vendet e pakta me kufij gati t\u00eb paduksh\u00ebm midis shtetit e pushtetit, midis n\u00ebpun\u00ebsit civil e militantit t\u00eb deleguar. Kalb\u00ebzimi i administrat\u00ebs, i sistemit t\u00eb merit\u00ebs dhe i garancis\u00eb p\u00ebr interesat publike \u00ebsht\u00eb nj\u00eb tjet\u00ebr d\u00ebshtim, nj\u00eb nga trash\u00ebgimit\u00eb e tjera negative t\u00eb tranzicionit, nj\u00eb d\u00ebm i madh q\u00eb klasa aktuale politike i ka b\u00ebr\u00eb e po i b\u00ebn shtetit, ligjit, qytetar\u00ebve dhe nevojave afatgjata t\u00eb vendit.<\/p>\n","protected":false},"excerpt":{"rendered":"<p>Analiz\u00eb nga AFRIM KRASNIQI Kryefjala e qeveris\u00eb aktuale n\u00eb raport me administrat\u00ebn publike, ashtu si e cdo qeverie deri m\u00eb tani, ka qen\u00eb e mbetet premtimi p\u00ebr sjellje ligjore, mbi baz\u00ebn e merit\u00ebs dhe aft\u00ebsis\u00eb. Nevoja p\u00ebr nj\u00eb administrat\u00eb civile efektive, t\u00eb q\u00ebndrueshme dhe t\u00eb pavarur p\u00ebrb\u00ebn edhe nj\u00eb nga 12 kriteret e Bashkimit Evropian [&hellip;]<\/p>\n","protected":false},"author":1,"featured_media":0,"comment_status":"open","ping_status":"closed","sticky":false,"template":"","format":"standard","meta":{"footnotes":""},"categories":[2],"tags":[],"class_list":{"0":"post-4575","1":"post","2":"type-post","3":"status-publish","4":"format-standard","6":"category-artikuj"},"yoast_head":"<!-- This site is optimized with the Yoast SEO plugin v27.4 - https:\/\/yoast.com\/product\/yoast-seo-wordpress\/ -->\n<title>Nj\u00eb sistem korruptiv \u201cmeritokracie&quot; - FjALA e LIR\u00cb - Arkivi<\/title>\n<meta name=\"robots\" content=\"index, follow, max-snippet:-1, max-image-preview:large, max-video-preview:-1\" \/>\n<link rel=\"canonical\" href=\"https:\/\/fjala.info\/2009-2015\/nje-sistem-korruptiv-meritokracie\/\" \/>\n<meta property=\"og:locale\" content=\"sq_AL\" \/>\n<meta property=\"og:type\" content=\"article\" \/>\n<meta property=\"og:title\" content=\"Nj\u00eb sistem korruptiv \u201cmeritokracie&quot; - FjALA e LIR\u00cb - Arkivi\" \/>\n<meta property=\"og:description\" content=\"Analiz\u00eb nga AFRIM KRASNIQI Kryefjala e qeveris\u00eb aktuale n\u00eb raport me administrat\u00ebn publike, ashtu si e cdo qeverie deri m\u00eb tani, ka qen\u00eb e mbetet premtimi p\u00ebr sjellje ligjore, mbi baz\u00ebn e merit\u00ebs dhe aft\u00ebsis\u00eb. Nevoja p\u00ebr nj\u00eb administrat\u00eb civile efektive, t\u00eb q\u00ebndrueshme dhe t\u00eb pavarur p\u00ebrb\u00ebn edhe nj\u00eb nga 12 kriteret e Bashkimit Evropian [&hellip;]\" \/>\n<meta property=\"og:url\" content=\"https:\/\/fjala.info\/2009-2015\/nje-sistem-korruptiv-meritokracie\/\" \/>\n<meta property=\"og:site_name\" content=\"FjALA e LIR\u00cb - Arkivi\" \/>\n<meta property=\"article:published_time\" content=\"2012-08-22T08:10:51+00:00\" \/>\n<meta property=\"og:image\" content=\"http:\/\/www.fjala.info\/2012\/afrim_krasniqi.jpg\" \/>\n<meta name=\"author\" content=\"admin\" \/>\n<meta name=\"twitter:card\" content=\"summary_large_image\" \/>\n<meta name=\"twitter:label1\" content=\"Written by\" \/>\n\t<meta name=\"twitter:data1\" content=\"admin\" \/>\n\t<meta name=\"twitter:label2\" content=\"Est. reading time\" \/>\n\t<meta name=\"twitter:data2\" content=\"7 minutes\" \/>\n<script type=\"application\/ld+json\" class=\"yoast-schema-graph\">{\"@context\":\"https:\\\/\\\/schema.org\",\"@graph\":[{\"@type\":\"Article\",\"@id\":\"https:\\\/\\\/fjala.info\\\/2009-2015\\\/nje-sistem-korruptiv-meritokracie\\\/#article\",\"isPartOf\":{\"@id\":\"https:\\\/\\\/fjala.info\\\/2009-2015\\\/nje-sistem-korruptiv-meritokracie\\\/\"},\"author\":{\"name\":\"admin\",\"@id\":\"https:\\\/\\\/fjala.info\\\/2009-2015\\\/#\\\/schema\\\/person\\\/3aa1163ef05469c496fc94e77611ada2\"},\"headline\":\"Nj\u00eb sistem korruptiv \u201cmeritokracie&#8221;\",\"datePublished\":\"2012-08-22T08:10:51+00:00\",\"mainEntityOfPage\":{\"@id\":\"https:\\\/\\\/fjala.info\\\/2009-2015\\\/nje-sistem-korruptiv-meritokracie\\\/\"},\"wordCount\":1407,\"commentCount\":0,\"publisher\":{\"@id\":\"https:\\\/\\\/fjala.info\\\/2009-2015\\\/#organization\"},\"image\":{\"@id\":\"https:\\\/\\\/fjala.info\\\/2009-2015\\\/nje-sistem-korruptiv-meritokracie\\\/#primaryimage\"},\"thumbnailUrl\":\"http:\\\/\\\/www.fjala.info\\\/2012\\\/afrim_krasniqi.jpg\",\"articleSection\":[\"Artikuj\"],\"inLanguage\":\"sq-AL\",\"potentialAction\":[{\"@type\":\"CommentAction\",\"name\":\"Comment\",\"target\":[\"https:\\\/\\\/fjala.info\\\/2009-2015\\\/nje-sistem-korruptiv-meritokracie\\\/#respond\"]}]},{\"@type\":\"WebPage\",\"@id\":\"https:\\\/\\\/fjala.info\\\/2009-2015\\\/nje-sistem-korruptiv-meritokracie\\\/\",\"url\":\"https:\\\/\\\/fjala.info\\\/2009-2015\\\/nje-sistem-korruptiv-meritokracie\\\/\",\"name\":\"Nj\u00eb sistem korruptiv \u201cmeritokracie\\\" - FjALA e LIR\u00cb - Arkivi\",\"isPartOf\":{\"@id\":\"https:\\\/\\\/fjala.info\\\/2009-2015\\\/#website\"},\"primaryImageOfPage\":{\"@id\":\"https:\\\/\\\/fjala.info\\\/2009-2015\\\/nje-sistem-korruptiv-meritokracie\\\/#primaryimage\"},\"image\":{\"@id\":\"https:\\\/\\\/fjala.info\\\/2009-2015\\\/nje-sistem-korruptiv-meritokracie\\\/#primaryimage\"},\"thumbnailUrl\":\"http:\\\/\\\/www.fjala.info\\\/2012\\\/afrim_krasniqi.jpg\",\"datePublished\":\"2012-08-22T08:10:51+00:00\",\"breadcrumb\":{\"@id\":\"https:\\\/\\\/fjala.info\\\/2009-2015\\\/nje-sistem-korruptiv-meritokracie\\\/#breadcrumb\"},\"inLanguage\":\"sq-AL\",\"potentialAction\":[{\"@type\":\"ReadAction\",\"target\":[\"https:\\\/\\\/fjala.info\\\/2009-2015\\\/nje-sistem-korruptiv-meritokracie\\\/\"]}]},{\"@type\":\"ImageObject\",\"inLanguage\":\"sq-AL\",\"@id\":\"https:\\\/\\\/fjala.info\\\/2009-2015\\\/nje-sistem-korruptiv-meritokracie\\\/#primaryimage\",\"url\":\"http:\\\/\\\/www.fjala.info\\\/2012\\\/afrim_krasniqi.jpg\",\"contentUrl\":\"http:\\\/\\\/www.fjala.info\\\/2012\\\/afrim_krasniqi.jpg\"},{\"@type\":\"BreadcrumbList\",\"@id\":\"https:\\\/\\\/fjala.info\\\/2009-2015\\\/nje-sistem-korruptiv-meritokracie\\\/#breadcrumb\",\"itemListElement\":[{\"@type\":\"ListItem\",\"position\":1,\"name\":\"Home\",\"item\":\"https:\\\/\\\/fjala.info\\\/2009-2015\\\/\"},{\"@type\":\"ListItem\",\"position\":2,\"name\":\"Nj\u00eb sistem korruptiv \u201cmeritokracie&#8221;\"}]},{\"@type\":\"WebSite\",\"@id\":\"https:\\\/\\\/fjala.info\\\/2009-2015\\\/#website\",\"url\":\"https:\\\/\\\/fjala.info\\\/2009-2015\\\/\",\"name\":\"FjALA e LIR\u00cb - Arkivi\",\"description\":\"Arkivi 2009-2015\",\"publisher\":{\"@id\":\"https:\\\/\\\/fjala.info\\\/2009-2015\\\/#organization\"},\"potentialAction\":[{\"@type\":\"SearchAction\",\"target\":{\"@type\":\"EntryPoint\",\"urlTemplate\":\"https:\\\/\\\/fjala.info\\\/2009-2015\\\/?s={search_term_string}\"},\"query-input\":{\"@type\":\"PropertyValueSpecification\",\"valueRequired\":true,\"valueName\":\"search_term_string\"}}],\"inLanguage\":\"sq-AL\"},{\"@type\":\"Organization\",\"@id\":\"https:\\\/\\\/fjala.info\\\/2009-2015\\\/#organization\",\"name\":\"FjALA e LIR\u00cb - Arkivi\",\"url\":\"https:\\\/\\\/fjala.info\\\/2009-2015\\\/\",\"logo\":{\"@type\":\"ImageObject\",\"inLanguage\":\"sq-AL\",\"@id\":\"https:\\\/\\\/fjala.info\\\/2009-2015\\\/#\\\/schema\\\/logo\\\/image\\\/\",\"url\":\"\",\"contentUrl\":\"\",\"caption\":\"FjALA e LIR\u00cb - Arkivi\"},\"image\":{\"@id\":\"https:\\\/\\\/fjala.info\\\/2009-2015\\\/#\\\/schema\\\/logo\\\/image\\\/\"}},{\"@type\":\"Person\",\"@id\":\"https:\\\/\\\/fjala.info\\\/2009-2015\\\/#\\\/schema\\\/person\\\/3aa1163ef05469c496fc94e77611ada2\",\"name\":\"admin\",\"image\":{\"@type\":\"ImageObject\",\"inLanguage\":\"sq-AL\",\"@id\":\"https:\\\/\\\/fjala.info\\\/2009-2015\\\/wp-content\\\/uploads\\\/2012\\\/02\\\/arben_cokaj-120x150.jpg\",\"url\":\"https:\\\/\\\/fjala.info\\\/2009-2015\\\/wp-content\\\/uploads\\\/2012\\\/02\\\/arben_cokaj-120x150.jpg\",\"contentUrl\":\"https:\\\/\\\/fjala.info\\\/2009-2015\\\/wp-content\\\/uploads\\\/2012\\\/02\\\/arben_cokaj-120x150.jpg\",\"caption\":\"admin\"},\"description\":\"Admin, Fjala e Lir\u00eb\",\"sameAs\":[\"https:\\\/\\\/fjala.info\\\/\"],\"url\":\"https:\\\/\\\/fjala.info\\\/2009-2015\\\/author\\\/admin\\\/\"}]}<\/script>\n<!-- \/ Yoast SEO plugin. -->","yoast_head_json":{"title":"Nj\u00eb sistem korruptiv \u201cmeritokracie\" - FjALA e LIR\u00cb - Arkivi","robots":{"index":"index","follow":"follow","max-snippet":"max-snippet:-1","max-image-preview":"max-image-preview:large","max-video-preview":"max-video-preview:-1"},"canonical":"https:\/\/fjala.info\/2009-2015\/nje-sistem-korruptiv-meritokracie\/","og_locale":"sq_AL","og_type":"article","og_title":"Nj\u00eb sistem korruptiv \u201cmeritokracie\" - FjALA e LIR\u00cb - Arkivi","og_description":"Analiz\u00eb nga AFRIM KRASNIQI Kryefjala e qeveris\u00eb aktuale n\u00eb raport me administrat\u00ebn publike, ashtu si e cdo qeverie deri m\u00eb tani, ka qen\u00eb e mbetet premtimi p\u00ebr sjellje ligjore, mbi baz\u00ebn e merit\u00ebs dhe aft\u00ebsis\u00eb. Nevoja p\u00ebr nj\u00eb administrat\u00eb civile efektive, t\u00eb q\u00ebndrueshme dhe t\u00eb pavarur p\u00ebrb\u00ebn edhe nj\u00eb nga 12 kriteret e Bashkimit Evropian [&hellip;]","og_url":"https:\/\/fjala.info\/2009-2015\/nje-sistem-korruptiv-meritokracie\/","og_site_name":"FjALA e LIR\u00cb - Arkivi","article_published_time":"2012-08-22T08:10:51+00:00","og_image":[{"url":"http:\/\/www.fjala.info\/2012\/afrim_krasniqi.jpg","type":"","width":"","height":""}],"author":"admin","twitter_card":"summary_large_image","twitter_misc":{"Written by":"admin","Est. reading time":"7 minutes"},"schema":{"@context":"https:\/\/schema.org","@graph":[{"@type":"Article","@id":"https:\/\/fjala.info\/2009-2015\/nje-sistem-korruptiv-meritokracie\/#article","isPartOf":{"@id":"https:\/\/fjala.info\/2009-2015\/nje-sistem-korruptiv-meritokracie\/"},"author":{"name":"admin","@id":"https:\/\/fjala.info\/2009-2015\/#\/schema\/person\/3aa1163ef05469c496fc94e77611ada2"},"headline":"Nj\u00eb sistem korruptiv \u201cmeritokracie&#8221;","datePublished":"2012-08-22T08:10:51+00:00","mainEntityOfPage":{"@id":"https:\/\/fjala.info\/2009-2015\/nje-sistem-korruptiv-meritokracie\/"},"wordCount":1407,"commentCount":0,"publisher":{"@id":"https:\/\/fjala.info\/2009-2015\/#organization"},"image":{"@id":"https:\/\/fjala.info\/2009-2015\/nje-sistem-korruptiv-meritokracie\/#primaryimage"},"thumbnailUrl":"http:\/\/www.fjala.info\/2012\/afrim_krasniqi.jpg","articleSection":["Artikuj"],"inLanguage":"sq-AL","potentialAction":[{"@type":"CommentAction","name":"Comment","target":["https:\/\/fjala.info\/2009-2015\/nje-sistem-korruptiv-meritokracie\/#respond"]}]},{"@type":"WebPage","@id":"https:\/\/fjala.info\/2009-2015\/nje-sistem-korruptiv-meritokracie\/","url":"https:\/\/fjala.info\/2009-2015\/nje-sistem-korruptiv-meritokracie\/","name":"Nj\u00eb sistem korruptiv \u201cmeritokracie\" - FjALA e LIR\u00cb - Arkivi","isPartOf":{"@id":"https:\/\/fjala.info\/2009-2015\/#website"},"primaryImageOfPage":{"@id":"https:\/\/fjala.info\/2009-2015\/nje-sistem-korruptiv-meritokracie\/#primaryimage"},"image":{"@id":"https:\/\/fjala.info\/2009-2015\/nje-sistem-korruptiv-meritokracie\/#primaryimage"},"thumbnailUrl":"http:\/\/www.fjala.info\/2012\/afrim_krasniqi.jpg","datePublished":"2012-08-22T08:10:51+00:00","breadcrumb":{"@id":"https:\/\/fjala.info\/2009-2015\/nje-sistem-korruptiv-meritokracie\/#breadcrumb"},"inLanguage":"sq-AL","potentialAction":[{"@type":"ReadAction","target":["https:\/\/fjala.info\/2009-2015\/nje-sistem-korruptiv-meritokracie\/"]}]},{"@type":"ImageObject","inLanguage":"sq-AL","@id":"https:\/\/fjala.info\/2009-2015\/nje-sistem-korruptiv-meritokracie\/#primaryimage","url":"http:\/\/www.fjala.info\/2012\/afrim_krasniqi.jpg","contentUrl":"http:\/\/www.fjala.info\/2012\/afrim_krasniqi.jpg"},{"@type":"BreadcrumbList","@id":"https:\/\/fjala.info\/2009-2015\/nje-sistem-korruptiv-meritokracie\/#breadcrumb","itemListElement":[{"@type":"ListItem","position":1,"name":"Home","item":"https:\/\/fjala.info\/2009-2015\/"},{"@type":"ListItem","position":2,"name":"Nj\u00eb sistem korruptiv \u201cmeritokracie&#8221;"}]},{"@type":"WebSite","@id":"https:\/\/fjala.info\/2009-2015\/#website","url":"https:\/\/fjala.info\/2009-2015\/","name":"FjALA e LIR\u00cb - Arkivi","description":"Arkivi 2009-2015","publisher":{"@id":"https:\/\/fjala.info\/2009-2015\/#organization"},"potentialAction":[{"@type":"SearchAction","target":{"@type":"EntryPoint","urlTemplate":"https:\/\/fjala.info\/2009-2015\/?s={search_term_string}"},"query-input":{"@type":"PropertyValueSpecification","valueRequired":true,"valueName":"search_term_string"}}],"inLanguage":"sq-AL"},{"@type":"Organization","@id":"https:\/\/fjala.info\/2009-2015\/#organization","name":"FjALA e LIR\u00cb - Arkivi","url":"https:\/\/fjala.info\/2009-2015\/","logo":{"@type":"ImageObject","inLanguage":"sq-AL","@id":"https:\/\/fjala.info\/2009-2015\/#\/schema\/logo\/image\/","url":"","contentUrl":"","caption":"FjALA e LIR\u00cb - Arkivi"},"image":{"@id":"https:\/\/fjala.info\/2009-2015\/#\/schema\/logo\/image\/"}},{"@type":"Person","@id":"https:\/\/fjala.info\/2009-2015\/#\/schema\/person\/3aa1163ef05469c496fc94e77611ada2","name":"admin","image":{"@type":"ImageObject","inLanguage":"sq-AL","@id":"https:\/\/fjala.info\/2009-2015\/wp-content\/uploads\/2012\/02\/arben_cokaj-120x150.jpg","url":"https:\/\/fjala.info\/2009-2015\/wp-content\/uploads\/2012\/02\/arben_cokaj-120x150.jpg","contentUrl":"https:\/\/fjala.info\/2009-2015\/wp-content\/uploads\/2012\/02\/arben_cokaj-120x150.jpg","caption":"admin"},"description":"Admin, Fjala e Lir\u00eb","sameAs":["https:\/\/fjala.info\/"],"url":"https:\/\/fjala.info\/2009-2015\/author\/admin\/"}]}},"_links":{"self":[{"href":"https:\/\/fjala.info\/2009-2015\/wp-json\/wp\/v2\/posts\/4575","targetHints":{"allow":["GET"]}}],"collection":[{"href":"https:\/\/fjala.info\/2009-2015\/wp-json\/wp\/v2\/posts"}],"about":[{"href":"https:\/\/fjala.info\/2009-2015\/wp-json\/wp\/v2\/types\/post"}],"author":[{"embeddable":true,"href":"https:\/\/fjala.info\/2009-2015\/wp-json\/wp\/v2\/users\/1"}],"replies":[{"embeddable":true,"href":"https:\/\/fjala.info\/2009-2015\/wp-json\/wp\/v2\/comments?post=4575"}],"version-history":[{"count":0,"href":"https:\/\/fjala.info\/2009-2015\/wp-json\/wp\/v2\/posts\/4575\/revisions"}],"wp:attachment":[{"href":"https:\/\/fjala.info\/2009-2015\/wp-json\/wp\/v2\/media?parent=4575"}],"wp:term":[{"taxonomy":"category","embeddable":true,"href":"https:\/\/fjala.info\/2009-2015\/wp-json\/wp\/v2\/categories?post=4575"},{"taxonomy":"post_tag","embeddable":true,"href":"https:\/\/fjala.info\/2009-2015\/wp-json\/wp\/v2\/tags?post=4575"}],"curies":[{"name":"wp","href":"https:\/\/api.w.org\/{rel}","templated":true}]}}