{"id":4570,"date":"2010-11-01T10:58:50","date_gmt":"2010-11-01T09:58:50","guid":{"rendered":"http:\/\/fjala.shkoder.net\/?p=4570"},"modified":"2010-11-01T10:58:50","modified_gmt":"2010-11-01T09:58:50","slug":"shkelzen-berisha-fiton-tenderat-e-ujesjellesit","status":"publish","type":"post","link":"https:\/\/fjala.info\/2009-2015\/shkelzen-berisha-fiton-tenderat-e-ujesjellesit\/","title":{"rendered":"Shk\u00eblzen Berisha fiton tenderat e Uj\u00ebsjell\u00ebsit"},"content":{"rendered":"<p><img loading=\"lazy\" decoding=\"async\" src=\"http:\/\/fjala.shkoder.net\/wp-content\/uploads\/2010\/11\/shkelzen_berisha.jpg\" alt=\"\" title=\"Shk\u00eblzen Berisha\" width=\"210\" height=\"160\" class=\"alignleft size-full wp-image-4571\" \/><\/p>\n<p><em>TIRANE <\/em>&#8211; Djali i kryeministrit ka p\u00ebrfituar brenda vitit 2010 tre tendera publik\u00eb, n\u00eb vler\u00eb totale 80.429.916 lek\u00eb t\u00eb vjetra. Kompania \u201cCMC-EKOCON\u201d, n\u00eb t\u00eb cil\u00ebn Shk\u00eblzen Berisha \u00ebsht\u00eb nj\u00ebher\u00ebsh p\u00ebrfaq\u00ebsues ligjor dhe aksioner me 23 p\u00ebr qind, \u00ebsht\u00eb shpallur fituese e tenderave t\u00eb \u00e7elur nga Uj\u00ebsjell\u00ebs-Kanalizime Tiran\u00eb, Uj\u00ebsjell\u00ebs-Kanalizime Shkod\u00ebr, si dhe Uj\u00ebsjell\u00ebs-Kanalizime Durr\u00ebs. <\/p>\n<p>E perditshmja Gazeta Shqiptare \u00ebsht\u00eb interesuar t\u00eb pyes\u00eb n\u00ebse b\u00ebhet fjal\u00eb p\u00ebr t\u00eb nj\u00ebjtin Shk\u00eblzen Berisha dhe burimet kan\u00eb konfirmuar se b\u00ebhet fjal\u00eb p\u00ebr djalin e kryeministrit. Qysh kur Sali Berisha u mandatua p\u00ebr her\u00eb t\u00eb par\u00eb kryeminist\u00ebr n\u00eb 3 korrik 2005, kjo \u00ebsht\u00eb e para her\u00eb q\u00eb faktohet se djali i tij, Shk\u00eblzeni \u00ebsht\u00eb p\u00ebrfitues i fondeve publike.<\/p>\n<p>N\u00eb nj\u00eb intervist\u00eb televizive t\u00eb dh\u00ebn\u00eb rreth nj\u00eb vit m\u00eb par\u00eb, shefi i qeveris\u00eb pretendoi n\u00eb m\u00ebnyr\u00eb kategorike se i ka ndaluar dy f\u00ebmij\u00ebt e tij, Shk\u00eblzen dhe Argita Berisha, t\u00eb p\u00ebrfitojn\u00eb nga fondet e taksapaguesve shqiptar\u00eb.<\/p>\n<p>E perditshmja Gazeta Shqiptare sjell me pas detaje dhe data rreth tenderave dhe aksioneve te djalit te kryeministrit ne Ujesjellesa.<\/p>\n<p>(<em>d.b\/BalkanWeb<\/em>)<\/p>\n","protected":false},"excerpt":{"rendered":"<p>TIRANE &#8211; Djali i kryeministrit ka p\u00ebrfituar brenda vitit 2010 tre tendera publik\u00eb, n\u00eb vler\u00eb totale 80.429.916 lek\u00eb t\u00eb vjetra. Kompania \u201cCMC-EKOCON\u201d, n\u00eb t\u00eb cil\u00ebn Shk\u00eblzen Berisha \u00ebsht\u00eb nj\u00ebher\u00ebsh p\u00ebrfaq\u00ebsues ligjor dhe aksioner me 23 p\u00ebr qind, \u00ebsht\u00eb shpallur fituese e tenderave t\u00eb \u00e7elur nga Uj\u00ebsjell\u00ebs-Kanalizime Tiran\u00eb, Uj\u00ebsjell\u00ebs-Kanalizime Shkod\u00ebr, si dhe Uj\u00ebsjell\u00ebs-Kanalizime Durr\u00ebs. E perditshmja [&hellip;]<\/p>\n","protected":false},"author":1,"featured_media":0,"comment_status":"open","ping_status":"closed","sticky":false,"template":"","format":"standard","meta":{"footnotes":""},"categories":[2],"tags":[],"class_list":{"0":"post-4570","1":"post","2":"type-post","3":"status-publish","4":"format-standard","6":"category-artikuj"},"yoast_head":"<!-- This site is optimized with the Yoast SEO plugin v27.4 - https:\/\/yoast.com\/product\/yoast-seo-wordpress\/ -->\n<title>Shk\u00eblzen Berisha fiton tenderat e Uj\u00ebsjell\u00ebsit - FjALA e LIR\u00cb - Arkivi<\/title>\n<meta name=\"robots\" content=\"index, follow, max-snippet:-1, max-image-preview:large, max-video-preview:-1\" \/>\n<link rel=\"canonical\" href=\"https:\/\/fjala.info\/2009-2015\/shkelzen-berisha-fiton-tenderat-e-ujesjellesit\/\" \/>\n<meta property=\"og:locale\" content=\"sq_AL\" \/>\n<meta property=\"og:type\" content=\"article\" \/>\n<meta property=\"og:title\" content=\"Shk\u00eblzen Berisha fiton tenderat e Uj\u00ebsjell\u00ebsit - FjALA e LIR\u00cb - Arkivi\" \/>\n<meta property=\"og:description\" content=\"TIRANE &#8211; Djali i kryeministrit ka p\u00ebrfituar brenda vitit 2010 tre tendera publik\u00eb, n\u00eb vler\u00eb totale 80.429.916 lek\u00eb t\u00eb vjetra. Kompania \u201cCMC-EKOCON\u201d, n\u00eb t\u00eb cil\u00ebn Shk\u00eblzen Berisha \u00ebsht\u00eb nj\u00ebher\u00ebsh p\u00ebrfaq\u00ebsues ligjor dhe aksioner me 23 p\u00ebr qind, \u00ebsht\u00eb shpallur fituese e tenderave t\u00eb \u00e7elur nga Uj\u00ebsjell\u00ebs-Kanalizime Tiran\u00eb, Uj\u00ebsjell\u00ebs-Kanalizime Shkod\u00ebr, si dhe Uj\u00ebsjell\u00ebs-Kanalizime Durr\u00ebs. E perditshmja [&hellip;]\" \/>\n<meta property=\"og:url\" content=\"https:\/\/fjala.info\/2009-2015\/shkelzen-berisha-fiton-tenderat-e-ujesjellesit\/\" \/>\n<meta property=\"og:site_name\" content=\"FjALA e LIR\u00cb - Arkivi\" \/>\n<meta property=\"article:published_time\" content=\"2010-11-01T09:58:50+00:00\" \/>\n<meta property=\"og:image\" content=\"http:\/\/fjala.shkoder.net\/wp-content\/uploads\/2010\/11\/shkelzen_berisha.jpg\" \/>\n<meta name=\"author\" content=\"admin\" \/>\n<meta name=\"twitter:card\" content=\"summary_large_image\" \/>\n<meta name=\"twitter:label1\" content=\"Written by\" \/>\n\t<meta name=\"twitter:data1\" content=\"admin\" \/>\n\t<meta name=\"twitter:label2\" content=\"Est. reading time\" \/>\n\t<meta name=\"twitter:data2\" content=\"1 minute\" \/>\n<script type=\"application\/ld+json\" class=\"yoast-schema-graph\">{\"@context\":\"https:\\\/\\\/schema.org\",\"@graph\":[{\"@type\":\"Article\",\"@id\":\"https:\\\/\\\/fjala.info\\\/2009-2015\\\/shkelzen-berisha-fiton-tenderat-e-ujesjellesit\\\/#article\",\"isPartOf\":{\"@id\":\"https:\\\/\\\/fjala.info\\\/2009-2015\\\/shkelzen-berisha-fiton-tenderat-e-ujesjellesit\\\/\"},\"author\":{\"name\":\"admin\",\"@id\":\"https:\\\/\\\/fjala.info\\\/2009-2015\\\/#\\\/schema\\\/person\\\/3aa1163ef05469c496fc94e77611ada2\"},\"headline\":\"Shk\u00eblzen Berisha fiton tenderat e Uj\u00ebsjell\u00ebsit\",\"datePublished\":\"2010-11-01T09:58:50+00:00\",\"mainEntityOfPage\":{\"@id\":\"https:\\\/\\\/fjala.info\\\/2009-2015\\\/shkelzen-berisha-fiton-tenderat-e-ujesjellesit\\\/\"},\"wordCount\":209,\"commentCount\":0,\"publisher\":{\"@id\":\"https:\\\/\\\/fjala.info\\\/2009-2015\\\/#organization\"},\"image\":{\"@id\":\"https:\\\/\\\/fjala.info\\\/2009-2015\\\/shkelzen-berisha-fiton-tenderat-e-ujesjellesit\\\/#primaryimage\"},\"thumbnailUrl\":\"http:\\\/\\\/fjala.shkoder.net\\\/wp-content\\\/uploads\\\/2010\\\/11\\\/shkelzen_berisha.jpg\",\"articleSection\":[\"Artikuj\"],\"inLanguage\":\"sq-AL\",\"potentialAction\":[{\"@type\":\"CommentAction\",\"name\":\"Comment\",\"target\":[\"https:\\\/\\\/fjala.info\\\/2009-2015\\\/shkelzen-berisha-fiton-tenderat-e-ujesjellesit\\\/#respond\"]}]},{\"@type\":\"WebPage\",\"@id\":\"https:\\\/\\\/fjala.info\\\/2009-2015\\\/shkelzen-berisha-fiton-tenderat-e-ujesjellesit\\\/\",\"url\":\"https:\\\/\\\/fjala.info\\\/2009-2015\\\/shkelzen-berisha-fiton-tenderat-e-ujesjellesit\\\/\",\"name\":\"Shk\u00eblzen Berisha fiton tenderat e Uj\u00ebsjell\u00ebsit - FjALA e LIR\u00cb - Arkivi\",\"isPartOf\":{\"@id\":\"https:\\\/\\\/fjala.info\\\/2009-2015\\\/#website\"},\"primaryImageOfPage\":{\"@id\":\"https:\\\/\\\/fjala.info\\\/2009-2015\\\/shkelzen-berisha-fiton-tenderat-e-ujesjellesit\\\/#primaryimage\"},\"image\":{\"@id\":\"https:\\\/\\\/fjala.info\\\/2009-2015\\\/shkelzen-berisha-fiton-tenderat-e-ujesjellesit\\\/#primaryimage\"},\"thumbnailUrl\":\"http:\\\/\\\/fjala.shkoder.net\\\/wp-content\\\/uploads\\\/2010\\\/11\\\/shkelzen_berisha.jpg\",\"datePublished\":\"2010-11-01T09:58:50+00:00\",\"breadcrumb\":{\"@id\":\"https:\\\/\\\/fjala.info\\\/2009-2015\\\/shkelzen-berisha-fiton-tenderat-e-ujesjellesit\\\/#breadcrumb\"},\"inLanguage\":\"sq-AL\",\"potentialAction\":[{\"@type\":\"ReadAction\",\"target\":[\"https:\\\/\\\/fjala.info\\\/2009-2015\\\/shkelzen-berisha-fiton-tenderat-e-ujesjellesit\\\/\"]}]},{\"@type\":\"ImageObject\",\"inLanguage\":\"sq-AL\",\"@id\":\"https:\\\/\\\/fjala.info\\\/2009-2015\\\/shkelzen-berisha-fiton-tenderat-e-ujesjellesit\\\/#primaryimage\",\"url\":\"http:\\\/\\\/fjala.shkoder.net\\\/wp-content\\\/uploads\\\/2010\\\/11\\\/shkelzen_berisha.jpg\",\"contentUrl\":\"http:\\\/\\\/fjala.shkoder.net\\\/wp-content\\\/uploads\\\/2010\\\/11\\\/shkelzen_berisha.jpg\"},{\"@type\":\"BreadcrumbList\",\"@id\":\"https:\\\/\\\/fjala.info\\\/2009-2015\\\/shkelzen-berisha-fiton-tenderat-e-ujesjellesit\\\/#breadcrumb\",\"itemListElement\":[{\"@type\":\"ListItem\",\"position\":1,\"name\":\"Home\",\"item\":\"https:\\\/\\\/fjala.info\\\/2009-2015\\\/\"},{\"@type\":\"ListItem\",\"position\":2,\"name\":\"Shk\u00eblzen Berisha fiton tenderat e Uj\u00ebsjell\u00ebsit\"}]},{\"@type\":\"WebSite\",\"@id\":\"https:\\\/\\\/fjala.info\\\/2009-2015\\\/#website\",\"url\":\"https:\\\/\\\/fjala.info\\\/2009-2015\\\/\",\"name\":\"FjALA e LIR\u00cb - Arkivi\",\"description\":\"Arkivi 2009-2015\",\"publisher\":{\"@id\":\"https:\\\/\\\/fjala.info\\\/2009-2015\\\/#organization\"},\"potentialAction\":[{\"@type\":\"SearchAction\",\"target\":{\"@type\":\"EntryPoint\",\"urlTemplate\":\"https:\\\/\\\/fjala.info\\\/2009-2015\\\/?s={search_term_string}\"},\"query-input\":{\"@type\":\"PropertyValueSpecification\",\"valueRequired\":true,\"valueName\":\"search_term_string\"}}],\"inLanguage\":\"sq-AL\"},{\"@type\":\"Organization\",\"@id\":\"https:\\\/\\\/fjala.info\\\/2009-2015\\\/#organization\",\"name\":\"FjALA e LIR\u00cb - Arkivi\",\"url\":\"https:\\\/\\\/fjala.info\\\/2009-2015\\\/\",\"logo\":{\"@type\":\"ImageObject\",\"inLanguage\":\"sq-AL\",\"@id\":\"https:\\\/\\\/fjala.info\\\/2009-2015\\\/#\\\/schema\\\/logo\\\/image\\\/\",\"url\":\"\",\"contentUrl\":\"\",\"caption\":\"FjALA e LIR\u00cb - Arkivi\"},\"image\":{\"@id\":\"https:\\\/\\\/fjala.info\\\/2009-2015\\\/#\\\/schema\\\/logo\\\/image\\\/\"}},{\"@type\":\"Person\",\"@id\":\"https:\\\/\\\/fjala.info\\\/2009-2015\\\/#\\\/schema\\\/person\\\/3aa1163ef05469c496fc94e77611ada2\",\"name\":\"admin\",\"image\":{\"@type\":\"ImageObject\",\"inLanguage\":\"sq-AL\",\"@id\":\"https:\\\/\\\/fjala.info\\\/2009-2015\\\/wp-content\\\/uploads\\\/2012\\\/02\\\/arben_cokaj-120x150.jpg\",\"url\":\"https:\\\/\\\/fjala.info\\\/2009-2015\\\/wp-content\\\/uploads\\\/2012\\\/02\\\/arben_cokaj-120x150.jpg\",\"contentUrl\":\"https:\\\/\\\/fjala.info\\\/2009-2015\\\/wp-content\\\/uploads\\\/2012\\\/02\\\/arben_cokaj-120x150.jpg\",\"caption\":\"admin\"},\"description\":\"Admin, Fjala e Lir\u00eb\",\"sameAs\":[\"https:\\\/\\\/fjala.info\\\/\"],\"url\":\"https:\\\/\\\/fjala.info\\\/2009-2015\\\/author\\\/admin\\\/\"}]}<\/script>\n<!-- \/ Yoast SEO plugin. -->","yoast_head_json":{"title":"Shk\u00eblzen Berisha fiton tenderat e Uj\u00ebsjell\u00ebsit - FjALA e LIR\u00cb - Arkivi","robots":{"index":"index","follow":"follow","max-snippet":"max-snippet:-1","max-image-preview":"max-image-preview:large","max-video-preview":"max-video-preview:-1"},"canonical":"https:\/\/fjala.info\/2009-2015\/shkelzen-berisha-fiton-tenderat-e-ujesjellesit\/","og_locale":"sq_AL","og_type":"article","og_title":"Shk\u00eblzen Berisha fiton tenderat e Uj\u00ebsjell\u00ebsit - FjALA e LIR\u00cb - Arkivi","og_description":"TIRANE &#8211; Djali i kryeministrit ka p\u00ebrfituar brenda vitit 2010 tre tendera publik\u00eb, n\u00eb vler\u00eb totale 80.429.916 lek\u00eb t\u00eb vjetra. Kompania \u201cCMC-EKOCON\u201d, n\u00eb t\u00eb cil\u00ebn Shk\u00eblzen Berisha \u00ebsht\u00eb nj\u00ebher\u00ebsh p\u00ebrfaq\u00ebsues ligjor dhe aksioner me 23 p\u00ebr qind, \u00ebsht\u00eb shpallur fituese e tenderave t\u00eb \u00e7elur nga Uj\u00ebsjell\u00ebs-Kanalizime Tiran\u00eb, Uj\u00ebsjell\u00ebs-Kanalizime Shkod\u00ebr, si dhe Uj\u00ebsjell\u00ebs-Kanalizime Durr\u00ebs. E perditshmja [&hellip;]","og_url":"https:\/\/fjala.info\/2009-2015\/shkelzen-berisha-fiton-tenderat-e-ujesjellesit\/","og_site_name":"FjALA e LIR\u00cb - Arkivi","article_published_time":"2010-11-01T09:58:50+00:00","og_image":[{"url":"http:\/\/fjala.shkoder.net\/wp-content\/uploads\/2010\/11\/shkelzen_berisha.jpg","type":"","width":"","height":""}],"author":"admin","twitter_card":"summary_large_image","twitter_misc":{"Written by":"admin","Est. reading time":"1 minute"},"schema":{"@context":"https:\/\/schema.org","@graph":[{"@type":"Article","@id":"https:\/\/fjala.info\/2009-2015\/shkelzen-berisha-fiton-tenderat-e-ujesjellesit\/#article","isPartOf":{"@id":"https:\/\/fjala.info\/2009-2015\/shkelzen-berisha-fiton-tenderat-e-ujesjellesit\/"},"author":{"name":"admin","@id":"https:\/\/fjala.info\/2009-2015\/#\/schema\/person\/3aa1163ef05469c496fc94e77611ada2"},"headline":"Shk\u00eblzen Berisha fiton tenderat e Uj\u00ebsjell\u00ebsit","datePublished":"2010-11-01T09:58:50+00:00","mainEntityOfPage":{"@id":"https:\/\/fjala.info\/2009-2015\/shkelzen-berisha-fiton-tenderat-e-ujesjellesit\/"},"wordCount":209,"commentCount":0,"publisher":{"@id":"https:\/\/fjala.info\/2009-2015\/#organization"},"image":{"@id":"https:\/\/fjala.info\/2009-2015\/shkelzen-berisha-fiton-tenderat-e-ujesjellesit\/#primaryimage"},"thumbnailUrl":"http:\/\/fjala.shkoder.net\/wp-content\/uploads\/2010\/11\/shkelzen_berisha.jpg","articleSection":["Artikuj"],"inLanguage":"sq-AL","potentialAction":[{"@type":"CommentAction","name":"Comment","target":["https:\/\/fjala.info\/2009-2015\/shkelzen-berisha-fiton-tenderat-e-ujesjellesit\/#respond"]}]},{"@type":"WebPage","@id":"https:\/\/fjala.info\/2009-2015\/shkelzen-berisha-fiton-tenderat-e-ujesjellesit\/","url":"https:\/\/fjala.info\/2009-2015\/shkelzen-berisha-fiton-tenderat-e-ujesjellesit\/","name":"Shk\u00eblzen Berisha fiton tenderat e Uj\u00ebsjell\u00ebsit - FjALA e LIR\u00cb - Arkivi","isPartOf":{"@id":"https:\/\/fjala.info\/2009-2015\/#website"},"primaryImageOfPage":{"@id":"https:\/\/fjala.info\/2009-2015\/shkelzen-berisha-fiton-tenderat-e-ujesjellesit\/#primaryimage"},"image":{"@id":"https:\/\/fjala.info\/2009-2015\/shkelzen-berisha-fiton-tenderat-e-ujesjellesit\/#primaryimage"},"thumbnailUrl":"http:\/\/fjala.shkoder.net\/wp-content\/uploads\/2010\/11\/shkelzen_berisha.jpg","datePublished":"2010-11-01T09:58:50+00:00","breadcrumb":{"@id":"https:\/\/fjala.info\/2009-2015\/shkelzen-berisha-fiton-tenderat-e-ujesjellesit\/#breadcrumb"},"inLanguage":"sq-AL","potentialAction":[{"@type":"ReadAction","target":["https:\/\/fjala.info\/2009-2015\/shkelzen-berisha-fiton-tenderat-e-ujesjellesit\/"]}]},{"@type":"ImageObject","inLanguage":"sq-AL","@id":"https:\/\/fjala.info\/2009-2015\/shkelzen-berisha-fiton-tenderat-e-ujesjellesit\/#primaryimage","url":"http:\/\/fjala.shkoder.net\/wp-content\/uploads\/2010\/11\/shkelzen_berisha.jpg","contentUrl":"http:\/\/fjala.shkoder.net\/wp-content\/uploads\/2010\/11\/shkelzen_berisha.jpg"},{"@type":"BreadcrumbList","@id":"https:\/\/fjala.info\/2009-2015\/shkelzen-berisha-fiton-tenderat-e-ujesjellesit\/#breadcrumb","itemListElement":[{"@type":"ListItem","position":1,"name":"Home","item":"https:\/\/fjala.info\/2009-2015\/"},{"@type":"ListItem","position":2,"name":"Shk\u00eblzen Berisha fiton tenderat e Uj\u00ebsjell\u00ebsit"}]},{"@type":"WebSite","@id":"https:\/\/fjala.info\/2009-2015\/#website","url":"https:\/\/fjala.info\/2009-2015\/","name":"FjALA e LIR\u00cb - Arkivi","description":"Arkivi 2009-2015","publisher":{"@id":"https:\/\/fjala.info\/2009-2015\/#organization"},"potentialAction":[{"@type":"SearchAction","target":{"@type":"EntryPoint","urlTemplate":"https:\/\/fjala.info\/2009-2015\/?s={search_term_string}"},"query-input":{"@type":"PropertyValueSpecification","valueRequired":true,"valueName":"search_term_string"}}],"inLanguage":"sq-AL"},{"@type":"Organization","@id":"https:\/\/fjala.info\/2009-2015\/#organization","name":"FjALA e LIR\u00cb - Arkivi","url":"https:\/\/fjala.info\/2009-2015\/","logo":{"@type":"ImageObject","inLanguage":"sq-AL","@id":"https:\/\/fjala.info\/2009-2015\/#\/schema\/logo\/image\/","url":"","contentUrl":"","caption":"FjALA e LIR\u00cb - Arkivi"},"image":{"@id":"https:\/\/fjala.info\/2009-2015\/#\/schema\/logo\/image\/"}},{"@type":"Person","@id":"https:\/\/fjala.info\/2009-2015\/#\/schema\/person\/3aa1163ef05469c496fc94e77611ada2","name":"admin","image":{"@type":"ImageObject","inLanguage":"sq-AL","@id":"https:\/\/fjala.info\/2009-2015\/wp-content\/uploads\/2012\/02\/arben_cokaj-120x150.jpg","url":"https:\/\/fjala.info\/2009-2015\/wp-content\/uploads\/2012\/02\/arben_cokaj-120x150.jpg","contentUrl":"https:\/\/fjala.info\/2009-2015\/wp-content\/uploads\/2012\/02\/arben_cokaj-120x150.jpg","caption":"admin"},"description":"Admin, Fjala e Lir\u00eb","sameAs":["https:\/\/fjala.info\/"],"url":"https:\/\/fjala.info\/2009-2015\/author\/admin\/"}]}},"_links":{"self":[{"href":"https:\/\/fjala.info\/2009-2015\/wp-json\/wp\/v2\/posts\/4570","targetHints":{"allow":["GET"]}}],"collection":[{"href":"https:\/\/fjala.info\/2009-2015\/wp-json\/wp\/v2\/posts"}],"about":[{"href":"https:\/\/fjala.info\/2009-2015\/wp-json\/wp\/v2\/types\/post"}],"author":[{"embeddable":true,"href":"https:\/\/fjala.info\/2009-2015\/wp-json\/wp\/v2\/users\/1"}],"replies":[{"embeddable":true,"href":"https:\/\/fjala.info\/2009-2015\/wp-json\/wp\/v2\/comments?post=4570"}],"version-history":[{"count":0,"href":"https:\/\/fjala.info\/2009-2015\/wp-json\/wp\/v2\/posts\/4570\/revisions"}],"wp:attachment":[{"href":"https:\/\/fjala.info\/2009-2015\/wp-json\/wp\/v2\/media?parent=4570"}],"wp:term":[{"taxonomy":"category","embeddable":true,"href":"https:\/\/fjala.info\/2009-2015\/wp-json\/wp\/v2\/categories?post=4570"},{"taxonomy":"post_tag","embeddable":true,"href":"https:\/\/fjala.info\/2009-2015\/wp-json\/wp\/v2\/tags?post=4570"}],"curies":[{"name":"wp","href":"https:\/\/api.w.org\/{rel}","templated":true}]}}