{"id":4568,"date":"2010-11-01T10:54:58","date_gmt":"2010-11-01T09:54:58","guid":{"rendered":"http:\/\/fjala.shkoder.net\/?p=4568"},"modified":"2010-11-01T10:54:58","modified_gmt":"2010-11-01T09:54:58","slug":"kurti-duhet-shpetuar-populli-i-kosoves-jo-ky-regjim","status":"publish","type":"post","link":"https:\/\/fjala.info\/2009-2015\/kurti-duhet-shpetuar-populli-i-kosoves-jo-ky-regjim\/","title":{"rendered":"Kurti: Duhet shp\u00ebtuar populli i Kosov\u00ebs, jo ky regjim"},"content":{"rendered":"<p><img loading=\"lazy\" decoding=\"async\" class=\"alignright size-medium wp-image-4124\" title=\"Albin Kurti\" src=\"http:\/\/fjala.shkoder.net\/wp-content\/uploads\/2010\/10\/albin_kurti1-300x226.jpg\" alt=\"\" width=\"300\" height=\"226\" \/><br \/>\nNga <strong>Arton Konushevci<\/strong>, <em>31.10.2010<\/em><\/p>\n<p><strong><em>Ka kund\u00ebrth\u00ebnie mes Kushtetut\u00ebs, Kodit penal dhe Ligjit p\u00ebr zgjedhje. Un\u00eb mendoj se kam t\u00eb drejt\u00eb t\u00eb kandidoj dhe do t\u00eb kandidoj, tha n\u00eb nj\u00eb intervist\u00eb p\u00ebr Radion Evropa e Lir\u00eb, Albin Kurti, lider i L\u00ebvizjes Vet\u00ebvendosje.<\/em><\/strong><\/p>\n<p><strong>RADIO EVROPA E LIR\u00cb<\/strong>: <em>Mocioni p\u00ebr t\u00eb thirrur Qeverin\u00eb e Kosov\u00ebs n\u00eb vot\u00ebbesim, do t\u00eb hidhet n\u00eb votim n\u00eb Kuvendin e Kosov\u00ebs, t\u00eb mart\u00ebn, m\u00eb 2 n\u00ebntor. Si e shihni ju k\u00ebt\u00eb \u00e7\u00ebshtje dhe zhvillimet e fundit politike?<\/em><\/p>\n<p><strong>ALBIN KURTI<\/strong>: Gjith\u00eb kriza institucionale n\u00eb Kosov\u00eb \u00ebsht\u00eb kriz\u00eb e shkaktuar prej politikan\u00ebve, p\u00ebr hir t\u00eb interesave t\u00eb politikan\u00ebve dhe nuk ka t\u00eb b\u00ebj\u00eb me qytetar\u00ebt dhe interesin e tyre.<\/p>\n<p>Jemi t\u00eb bindur q\u00eb qytetari i Kosov\u00ebs sot e ka jet\u00ebn shum\u00eb t\u00eb v\u00ebshtir\u00eb p\u00ebr shkak t\u00eb kriz\u00ebs s\u00eb politik\u00ebs, siguris\u00eb dhe kriz\u00ebs socio-ekonomike, e jo p\u00ebr shkak t\u00eb k\u00ebsaj farse prej krize institucionale, me t\u00eb cil\u00ebn eksponent\u00eb t\u00eb ndrysh\u00ebm p\u00ebrbrenda konjuktur\u00ebs udh\u00ebheq\u00ebse politike i v\u00ebn\u00eb nd\u00ebrskamca nj\u00ebri-tjetrit n\u00eb m\u00ebnyr\u00eb q\u00eb ta rrisin pazarin e tyre karshi nj\u00ebri-tjetrit.<\/p>\n<p>Edhe vot\u00ebbesimin e ardhsh\u00ebm t\u00eb Qeveris\u00eb e shoh n\u00eb kuad\u00ebr t\u00eb k\u00ebsaj m\u00ebnyre t\u00eb tyre, ku ata zgjedhjet e rregullta i z\u00ebvend\u00ebsuan me ato t\u00eb parakohshme, e tash po p\u00ebrpiqen t\u2019i z\u00ebvend\u00ebsojn\u00eb edhe k\u00ebto me zgjedhje t\u00eb jasht\u00ebzakonshme, ashtu q\u00eb t\u00eb mund t\u00eb shp\u00ebtojn\u00eb se \u00e7far\u00eb mund t\u00eb shp\u00ebtojn\u00eb prej votave t\u00eb tyre.<\/p>\n<p>Por, mendoj q\u00eb n\u00eb Kosov\u00eb ka ardhur koha p\u00ebr ndryshime dhe ai q\u00eb duhet shp\u00ebtuar \u00ebsht\u00eb populli i Kosov\u00ebs, e jo ky regjim.<\/p>\n<p><strong>RADIO EVROPA E LIR\u00cb<\/strong>: <em>S\u00eb fundi d\u00ebgjojm\u00eb dhe shohim deklarata t\u00eb ndryshme n\u00eb media duke folur p\u00ebr koalicione t\u00eb mundshme para dhe pas zgjedhjeve. L\u00ebvizja Vet\u00ebvendosje me cil\u00ebn parti politike do ta b\u00ebnte nj\u00eb gj\u00eb t\u00eb till\u00eb?<\/em><\/p>\n<p><strong>ALBIN KURTI<\/strong>: Ne i kemi dy parime themelore p\u00ebr \u00e7far\u00ebdo bashk\u00ebpunimi me individ\u00eb dhe subjekte politike. I pari \u00ebsht\u00eb ai i p\u00ebrputhjes programore dhe ideo-politike, nd\u00ebrkaq kushti i dyt\u00eb \u00ebsht\u00eb ai i besimit t\u00eb nd\u00ebrsjell\u00eb.<\/p>\n<p>Partit\u00eb, t\u00eb cilat kan\u00eb hyr\u00eb e kan\u00eb dal\u00eb nga qeverisja n\u00eb k\u00ebto vitet e pasluft\u00ebs, jan\u00eb parti, me t\u00eb cilat ne e p\u00ebrjashtojm\u00eb bashk\u00ebpunimin, e rrjedhimisht edhe koalicionet me to, si para zgjedhjeve, si pas tyre. Mendojm\u00eb q\u00eb at\u00eb jan\u00eb pjes\u00eb e problemeve t\u00eb Kosov\u00ebs, e jo pjes\u00eb e zgjidhjes s\u00eb atyre problemeve.<br \/>\nNe tash jemi t\u00eb p\u00ebrqendruar te forcimi i organizimit t\u00eb l\u00ebvizjes son\u00eb dhe nuk e kemi fare tem\u00eb t\u00eb diskutimit \u00e7\u00ebshtjen e koalicioneve.<\/p>\n<p>L\u00ebvizja Vet\u00ebvendosje ka nj\u00eb koncept dhe program t\u00eb fuqish\u00ebm, t\u00eb cilit po ia bashkon edhe nj\u00eb organizim t\u00eb fuqish\u00ebm. Mendojm\u00eb q\u00eb zgjidhja \u00ebsht\u00eb q\u00eb ne t\u00eb luajm\u00eb nj\u00eb rol unifikues te t\u00eb gjith\u00eb t\u00eb pak\u00ebnaqurit, te pjesa d\u00ebrmuese e popullsis\u00eb q\u00eb jan\u00eb t\u00eb zhg\u00ebnjyer, e jo t\u00eb fokusohemi n\u00eb koalicione me k\u00ebdo qoft\u00eb, p\u00ebr shkak se logjika e veprimit ton\u00eb nuk \u00ebsht\u00eb logjik\u00eb e sajimit t\u00eb numrave, por e shnd\u00ebrrimit t\u00eb mb\u00ebshtetjes n\u00eb struktur\u00eb t\u00eb organizuar.<\/p>\n<p><strong>RADIO EVROPA E LIR\u00cb<\/strong>: <em>Kush do t\u2019i prij\u00eb list\u00ebs zgjedhore t\u00eb L\u00ebvizjes Vet\u00ebvendosje, pasi q\u00eb thuhet se ju nuk mund t\u00eb garoni p\u00ebr zgjedhje?<\/em><\/p>\n<p><strong>ALBIN KURTI<\/strong>: Ka v\u00ebshtir\u00ebsi brenda institucioneve t\u00eb sistemit q\u00eb t\u00eb m\u2019i shkaktojn\u00eb mua k\u00ebto v\u00ebshtir\u00ebsi, p\u00ebr shkak se ka kund\u00ebrth\u00ebnie nd\u00ebrmjet Kushtetut\u00ebs, Kodit penal, dhe Ligjit p\u00ebr zgjedhjet, k\u00ebshtu q\u00eb un\u00eb mendoj se kam t\u00eb drejt\u00eb t\u00eb kandidoj dhe do t\u00eb kandidoj, nd\u00ebrkaq, p\u00ebrkitazi me at\u00eb se si do t\u00eb duket lista e kandidat\u00ebve t\u00eb L\u00ebvizjes Vet\u00ebvendosje p\u00ebr zgjedhjet e ardhshme parlamentare, k\u00ebt\u00eb do ta b\u00ebjm\u00eb t\u00eb ditur me koh\u00eb.<\/p>\n<p><strong>RADIO EVROPA E LIR\u00cb<\/strong>: Mbajtja e zgjedhjeve t\u00eb parakohshme k\u00ebt\u00eb vit a mund ta d\u00ebmtoj\u00eb l\u00ebvizjen tuaj?<\/p>\n<p><strong>ALBIN KURTI<\/strong>: Neve nuk mund t\u00eb na befasoj\u00eb pushteti aktual, sepse prej tij nuk presim drejt\u00ebsi, e as m\u00ebshir\u00eb, ne po b\u00ebhemi gati p\u00ebr secilin variant. Prandaj, n\u00eb lidhje me at\u00eb se a do t\u00eb jen\u00eb zgjedhje t\u00eb parakohshme apo t\u00eb jasht\u00ebzakonshme dhe influenca e k\u00ebsaj n\u00eb suksesin e L\u00ebvizjes Vet\u00ebvendosje, un\u00eb them q\u00eb po p\u00ebrgatitemi maksimalisht dhe do t\u00eb jemi gati p\u00ebr secilin variant.<\/p>\n<p><strong>RADIO EVROPA E LIR\u00cb<\/strong>: <em>S\u00eb fundi shohim se faktori nd\u00ebrkomb\u00ebtar b\u00ebn thirrje q\u00eb bisedimet nd\u00ebrmjet Prishtin\u00ebs dhe Beogradit t\u00eb nisin sa m\u00eb par\u00eb. Ju si mendoni?<\/em><\/p>\n<p><strong>ALBIN KURTI<\/strong>: T\u00eb gjitha paralajm\u00ebrimet p\u00ebr negociatat e reja midis Prishtin\u00ebs dhe Beogradit jan\u00eb p\u00ebrbrenda kuadrit t\u00eb negociatave midis Beogradit dhe Brukselit. Serbia \u00ebsht\u00eb e interesuar q\u00eb t\u00eb rrug\u00ebtoj\u00eb n\u00eb integrimet evropiane pa e pranuar pavar\u00ebsin\u00eb e Kosov\u00ebs dhe, nj\u00ebkoh\u00ebsisht, q\u00eb t\u00eb sajoj\u00eb nj\u00eb republik\u00eb serbe n\u00eb Kosov\u00eb t\u00eb ngjashme sikurse n\u00eb Bosnj\u00eb.<\/p>\n<p>Ne jemi kund\u00ebr \u00e7far\u00ebdo negociatash me Serbin\u00eb dhe mendojm\u00eb q\u00eb \u00ebsht\u00eb absurde t\u00eb negociohet me Serbin\u00eb, p\u00ebrderisa ajo nuk e pranon pavar\u00ebsin\u00eb e Kosov\u00ebs, nuk e ndryshon Kushtetut\u00ebn ku thuhet q\u00eb Kosova \u00ebsht\u00eb pjes\u00eb e Serbis\u00eb, nuk na i dor\u00ebzon kriminel\u00ebt e luft\u00ebs, nuk na i kthen trupat e t\u00eb pagjeturve, nuk na i paguan d\u00ebmshp\u00ebrblimet p\u00ebr shkat\u00ebrrimet e luft\u00ebs, nuk na i kthen librat kadastral dhe fondin pensional dhe nuk i k\u00ebrkon falje Kosov\u00ebs.<\/p>\n<p>Besojm\u00eb q\u00eb pushteti n\u00eb Kosov\u00eb n\u00eb negociatat, t\u00eb cilat po hyn, po b\u00ebn nj\u00eb padrejt\u00ebsi t\u00eb madhe ndaj popullit, ndaj historis\u00eb s\u00eb popullit, ndaj t\u00eb ardhmes s\u00eb tij. Mendojm\u00eb q\u00eb \u00ebsht\u00eb \u00e7menduri q\u00eb n\u00eb Kosov\u00ebn e pavarur pushteti t\u00eb negocioj\u00eb me Serbin\u00eb q\u00eb i financon strukturat paralele q\u00eb t\u2019ia rr\u00ebnoj\u00eb asaj pavar\u00ebsin\u00eb dhe me k\u00ebt\u00eb rast tem\u00eb t\u00eb jet\u00eb vet\u00eb Kosova.<\/p>\n","protected":false},"excerpt":{"rendered":"<p>Nga Arton Konushevci, 31.10.2010 Ka kund\u00ebrth\u00ebnie mes Kushtetut\u00ebs, Kodit penal dhe Ligjit p\u00ebr zgjedhje. Un\u00eb mendoj se kam t\u00eb drejt\u00eb t\u00eb kandidoj dhe do t\u00eb kandidoj, tha n\u00eb nj\u00eb intervist\u00eb p\u00ebr Radion Evropa e Lir\u00eb, Albin Kurti, lider i L\u00ebvizjes Vet\u00ebvendosje. RADIO EVROPA E LIR\u00cb: Mocioni p\u00ebr t\u00eb thirrur Qeverin\u00eb e Kosov\u00ebs n\u00eb vot\u00ebbesim, do [&hellip;]<\/p>\n","protected":false},"author":1,"featured_media":0,"comment_status":"open","ping_status":"closed","sticky":false,"template":"","format":"standard","meta":{"footnotes":""},"categories":[4],"tags":[],"class_list":{"0":"post-4568","1":"post","2":"type-post","3":"status-publish","4":"format-standard","6":"category-intervista"},"yoast_head":"<!-- This site is optimized with the Yoast SEO plugin v27.4 - https:\/\/yoast.com\/product\/yoast-seo-wordpress\/ -->\n<title>Kurti: Duhet shp\u00ebtuar populli i Kosov\u00ebs, jo ky regjim - FjALA e LIR\u00cb - Arkivi<\/title>\n<meta name=\"robots\" content=\"index, follow, max-snippet:-1, max-image-preview:large, max-video-preview:-1\" \/>\n<link rel=\"canonical\" href=\"https:\/\/fjala.info\/2009-2015\/kurti-duhet-shpetuar-populli-i-kosoves-jo-ky-regjim\/\" \/>\n<meta property=\"og:locale\" content=\"sq_AL\" \/>\n<meta property=\"og:type\" content=\"article\" \/>\n<meta property=\"og:title\" content=\"Kurti: Duhet shp\u00ebtuar populli i Kosov\u00ebs, jo ky regjim - FjALA e LIR\u00cb - Arkivi\" \/>\n<meta property=\"og:description\" content=\"Nga Arton Konushevci, 31.10.2010 Ka kund\u00ebrth\u00ebnie mes Kushtetut\u00ebs, Kodit penal dhe Ligjit p\u00ebr zgjedhje. Un\u00eb mendoj se kam t\u00eb drejt\u00eb t\u00eb kandidoj dhe do t\u00eb kandidoj, tha n\u00eb nj\u00eb intervist\u00eb p\u00ebr Radion Evropa e Lir\u00eb, Albin Kurti, lider i L\u00ebvizjes Vet\u00ebvendosje. RADIO EVROPA E LIR\u00cb: Mocioni p\u00ebr t\u00eb thirrur Qeverin\u00eb e Kosov\u00ebs n\u00eb vot\u00ebbesim, do [&hellip;]\" \/>\n<meta property=\"og:url\" content=\"https:\/\/fjala.info\/2009-2015\/kurti-duhet-shpetuar-populli-i-kosoves-jo-ky-regjim\/\" \/>\n<meta property=\"og:site_name\" content=\"FjALA e LIR\u00cb - Arkivi\" \/>\n<meta property=\"article:published_time\" content=\"2010-11-01T09:54:58+00:00\" \/>\n<meta property=\"og:image\" content=\"http:\/\/fjala.shkoder.net\/wp-content\/uploads\/2010\/10\/albin_kurti1-300x226.jpg\" \/>\n<meta name=\"author\" content=\"admin\" \/>\n<meta name=\"twitter:card\" content=\"summary_large_image\" \/>\n<meta name=\"twitter:label1\" content=\"Written by\" \/>\n\t<meta name=\"twitter:data1\" content=\"admin\" \/>\n\t<meta name=\"twitter:label2\" content=\"Est. reading time\" \/>\n\t<meta name=\"twitter:data2\" content=\"5 minutes\" \/>\n<script type=\"application\/ld+json\" class=\"yoast-schema-graph\">{\"@context\":\"https:\\\/\\\/schema.org\",\"@graph\":[{\"@type\":\"Article\",\"@id\":\"https:\\\/\\\/fjala.info\\\/2009-2015\\\/kurti-duhet-shpetuar-populli-i-kosoves-jo-ky-regjim\\\/#article\",\"isPartOf\":{\"@id\":\"https:\\\/\\\/fjala.info\\\/2009-2015\\\/kurti-duhet-shpetuar-populli-i-kosoves-jo-ky-regjim\\\/\"},\"author\":{\"name\":\"admin\",\"@id\":\"https:\\\/\\\/fjala.info\\\/2009-2015\\\/#\\\/schema\\\/person\\\/3aa1163ef05469c496fc94e77611ada2\"},\"headline\":\"Kurti: Duhet shp\u00ebtuar populli i Kosov\u00ebs, jo ky regjim\",\"datePublished\":\"2010-11-01T09:54:58+00:00\",\"mainEntityOfPage\":{\"@id\":\"https:\\\/\\\/fjala.info\\\/2009-2015\\\/kurti-duhet-shpetuar-populli-i-kosoves-jo-ky-regjim\\\/\"},\"wordCount\":1030,\"commentCount\":0,\"publisher\":{\"@id\":\"https:\\\/\\\/fjala.info\\\/2009-2015\\\/#organization\"},\"image\":{\"@id\":\"https:\\\/\\\/fjala.info\\\/2009-2015\\\/kurti-duhet-shpetuar-populli-i-kosoves-jo-ky-regjim\\\/#primaryimage\"},\"thumbnailUrl\":\"http:\\\/\\\/fjala.shkoder.net\\\/wp-content\\\/uploads\\\/2010\\\/10\\\/albin_kurti1-300x226.jpg\",\"articleSection\":[\"Intervista\"],\"inLanguage\":\"sq-AL\",\"potentialAction\":[{\"@type\":\"CommentAction\",\"name\":\"Comment\",\"target\":[\"https:\\\/\\\/fjala.info\\\/2009-2015\\\/kurti-duhet-shpetuar-populli-i-kosoves-jo-ky-regjim\\\/#respond\"]}]},{\"@type\":\"WebPage\",\"@id\":\"https:\\\/\\\/fjala.info\\\/2009-2015\\\/kurti-duhet-shpetuar-populli-i-kosoves-jo-ky-regjim\\\/\",\"url\":\"https:\\\/\\\/fjala.info\\\/2009-2015\\\/kurti-duhet-shpetuar-populli-i-kosoves-jo-ky-regjim\\\/\",\"name\":\"Kurti: Duhet shp\u00ebtuar populli i Kosov\u00ebs, jo ky regjim - FjALA e LIR\u00cb - Arkivi\",\"isPartOf\":{\"@id\":\"https:\\\/\\\/fjala.info\\\/2009-2015\\\/#website\"},\"primaryImageOfPage\":{\"@id\":\"https:\\\/\\\/fjala.info\\\/2009-2015\\\/kurti-duhet-shpetuar-populli-i-kosoves-jo-ky-regjim\\\/#primaryimage\"},\"image\":{\"@id\":\"https:\\\/\\\/fjala.info\\\/2009-2015\\\/kurti-duhet-shpetuar-populli-i-kosoves-jo-ky-regjim\\\/#primaryimage\"},\"thumbnailUrl\":\"http:\\\/\\\/fjala.shkoder.net\\\/wp-content\\\/uploads\\\/2010\\\/10\\\/albin_kurti1-300x226.jpg\",\"datePublished\":\"2010-11-01T09:54:58+00:00\",\"breadcrumb\":{\"@id\":\"https:\\\/\\\/fjala.info\\\/2009-2015\\\/kurti-duhet-shpetuar-populli-i-kosoves-jo-ky-regjim\\\/#breadcrumb\"},\"inLanguage\":\"sq-AL\",\"potentialAction\":[{\"@type\":\"ReadAction\",\"target\":[\"https:\\\/\\\/fjala.info\\\/2009-2015\\\/kurti-duhet-shpetuar-populli-i-kosoves-jo-ky-regjim\\\/\"]}]},{\"@type\":\"ImageObject\",\"inLanguage\":\"sq-AL\",\"@id\":\"https:\\\/\\\/fjala.info\\\/2009-2015\\\/kurti-duhet-shpetuar-populli-i-kosoves-jo-ky-regjim\\\/#primaryimage\",\"url\":\"http:\\\/\\\/fjala.shkoder.net\\\/wp-content\\\/uploads\\\/2010\\\/10\\\/albin_kurti1-300x226.jpg\",\"contentUrl\":\"http:\\\/\\\/fjala.shkoder.net\\\/wp-content\\\/uploads\\\/2010\\\/10\\\/albin_kurti1-300x226.jpg\"},{\"@type\":\"BreadcrumbList\",\"@id\":\"https:\\\/\\\/fjala.info\\\/2009-2015\\\/kurti-duhet-shpetuar-populli-i-kosoves-jo-ky-regjim\\\/#breadcrumb\",\"itemListElement\":[{\"@type\":\"ListItem\",\"position\":1,\"name\":\"Home\",\"item\":\"https:\\\/\\\/fjala.info\\\/2009-2015\\\/\"},{\"@type\":\"ListItem\",\"position\":2,\"name\":\"Kurti: Duhet shp\u00ebtuar populli i Kosov\u00ebs, jo ky regjim\"}]},{\"@type\":\"WebSite\",\"@id\":\"https:\\\/\\\/fjala.info\\\/2009-2015\\\/#website\",\"url\":\"https:\\\/\\\/fjala.info\\\/2009-2015\\\/\",\"name\":\"FjALA e LIR\u00cb - Arkivi\",\"description\":\"Arkivi 2009-2015\",\"publisher\":{\"@id\":\"https:\\\/\\\/fjala.info\\\/2009-2015\\\/#organization\"},\"potentialAction\":[{\"@type\":\"SearchAction\",\"target\":{\"@type\":\"EntryPoint\",\"urlTemplate\":\"https:\\\/\\\/fjala.info\\\/2009-2015\\\/?s={search_term_string}\"},\"query-input\":{\"@type\":\"PropertyValueSpecification\",\"valueRequired\":true,\"valueName\":\"search_term_string\"}}],\"inLanguage\":\"sq-AL\"},{\"@type\":\"Organization\",\"@id\":\"https:\\\/\\\/fjala.info\\\/2009-2015\\\/#organization\",\"name\":\"FjALA e LIR\u00cb - Arkivi\",\"url\":\"https:\\\/\\\/fjala.info\\\/2009-2015\\\/\",\"logo\":{\"@type\":\"ImageObject\",\"inLanguage\":\"sq-AL\",\"@id\":\"https:\\\/\\\/fjala.info\\\/2009-2015\\\/#\\\/schema\\\/logo\\\/image\\\/\",\"url\":\"\",\"contentUrl\":\"\",\"caption\":\"FjALA e LIR\u00cb - Arkivi\"},\"image\":{\"@id\":\"https:\\\/\\\/fjala.info\\\/2009-2015\\\/#\\\/schema\\\/logo\\\/image\\\/\"}},{\"@type\":\"Person\",\"@id\":\"https:\\\/\\\/fjala.info\\\/2009-2015\\\/#\\\/schema\\\/person\\\/3aa1163ef05469c496fc94e77611ada2\",\"name\":\"admin\",\"image\":{\"@type\":\"ImageObject\",\"inLanguage\":\"sq-AL\",\"@id\":\"https:\\\/\\\/fjala.info\\\/2009-2015\\\/wp-content\\\/uploads\\\/2012\\\/02\\\/arben_cokaj-120x150.jpg\",\"url\":\"https:\\\/\\\/fjala.info\\\/2009-2015\\\/wp-content\\\/uploads\\\/2012\\\/02\\\/arben_cokaj-120x150.jpg\",\"contentUrl\":\"https:\\\/\\\/fjala.info\\\/2009-2015\\\/wp-content\\\/uploads\\\/2012\\\/02\\\/arben_cokaj-120x150.jpg\",\"caption\":\"admin\"},\"description\":\"Admin, Fjala e Lir\u00eb\",\"sameAs\":[\"https:\\\/\\\/fjala.info\\\/\"],\"url\":\"https:\\\/\\\/fjala.info\\\/2009-2015\\\/author\\\/admin\\\/\"}]}<\/script>\n<!-- \/ Yoast SEO plugin. -->","yoast_head_json":{"title":"Kurti: Duhet shp\u00ebtuar populli i Kosov\u00ebs, jo ky regjim - FjALA e LIR\u00cb - Arkivi","robots":{"index":"index","follow":"follow","max-snippet":"max-snippet:-1","max-image-preview":"max-image-preview:large","max-video-preview":"max-video-preview:-1"},"canonical":"https:\/\/fjala.info\/2009-2015\/kurti-duhet-shpetuar-populli-i-kosoves-jo-ky-regjim\/","og_locale":"sq_AL","og_type":"article","og_title":"Kurti: Duhet shp\u00ebtuar populli i Kosov\u00ebs, jo ky regjim - FjALA e LIR\u00cb - Arkivi","og_description":"Nga Arton Konushevci, 31.10.2010 Ka kund\u00ebrth\u00ebnie mes Kushtetut\u00ebs, Kodit penal dhe Ligjit p\u00ebr zgjedhje. Un\u00eb mendoj se kam t\u00eb drejt\u00eb t\u00eb kandidoj dhe do t\u00eb kandidoj, tha n\u00eb nj\u00eb intervist\u00eb p\u00ebr Radion Evropa e Lir\u00eb, Albin Kurti, lider i L\u00ebvizjes Vet\u00ebvendosje. RADIO EVROPA E LIR\u00cb: Mocioni p\u00ebr t\u00eb thirrur Qeverin\u00eb e Kosov\u00ebs n\u00eb vot\u00ebbesim, do [&hellip;]","og_url":"https:\/\/fjala.info\/2009-2015\/kurti-duhet-shpetuar-populli-i-kosoves-jo-ky-regjim\/","og_site_name":"FjALA e LIR\u00cb - Arkivi","article_published_time":"2010-11-01T09:54:58+00:00","og_image":[{"url":"http:\/\/fjala.shkoder.net\/wp-content\/uploads\/2010\/10\/albin_kurti1-300x226.jpg","type":"","width":"","height":""}],"author":"admin","twitter_card":"summary_large_image","twitter_misc":{"Written by":"admin","Est. reading time":"5 minutes"},"schema":{"@context":"https:\/\/schema.org","@graph":[{"@type":"Article","@id":"https:\/\/fjala.info\/2009-2015\/kurti-duhet-shpetuar-populli-i-kosoves-jo-ky-regjim\/#article","isPartOf":{"@id":"https:\/\/fjala.info\/2009-2015\/kurti-duhet-shpetuar-populli-i-kosoves-jo-ky-regjim\/"},"author":{"name":"admin","@id":"https:\/\/fjala.info\/2009-2015\/#\/schema\/person\/3aa1163ef05469c496fc94e77611ada2"},"headline":"Kurti: Duhet shp\u00ebtuar populli i Kosov\u00ebs, jo ky regjim","datePublished":"2010-11-01T09:54:58+00:00","mainEntityOfPage":{"@id":"https:\/\/fjala.info\/2009-2015\/kurti-duhet-shpetuar-populli-i-kosoves-jo-ky-regjim\/"},"wordCount":1030,"commentCount":0,"publisher":{"@id":"https:\/\/fjala.info\/2009-2015\/#organization"},"image":{"@id":"https:\/\/fjala.info\/2009-2015\/kurti-duhet-shpetuar-populli-i-kosoves-jo-ky-regjim\/#primaryimage"},"thumbnailUrl":"http:\/\/fjala.shkoder.net\/wp-content\/uploads\/2010\/10\/albin_kurti1-300x226.jpg","articleSection":["Intervista"],"inLanguage":"sq-AL","potentialAction":[{"@type":"CommentAction","name":"Comment","target":["https:\/\/fjala.info\/2009-2015\/kurti-duhet-shpetuar-populli-i-kosoves-jo-ky-regjim\/#respond"]}]},{"@type":"WebPage","@id":"https:\/\/fjala.info\/2009-2015\/kurti-duhet-shpetuar-populli-i-kosoves-jo-ky-regjim\/","url":"https:\/\/fjala.info\/2009-2015\/kurti-duhet-shpetuar-populli-i-kosoves-jo-ky-regjim\/","name":"Kurti: Duhet shp\u00ebtuar populli i Kosov\u00ebs, jo ky regjim - FjALA e LIR\u00cb - Arkivi","isPartOf":{"@id":"https:\/\/fjala.info\/2009-2015\/#website"},"primaryImageOfPage":{"@id":"https:\/\/fjala.info\/2009-2015\/kurti-duhet-shpetuar-populli-i-kosoves-jo-ky-regjim\/#primaryimage"},"image":{"@id":"https:\/\/fjala.info\/2009-2015\/kurti-duhet-shpetuar-populli-i-kosoves-jo-ky-regjim\/#primaryimage"},"thumbnailUrl":"http:\/\/fjala.shkoder.net\/wp-content\/uploads\/2010\/10\/albin_kurti1-300x226.jpg","datePublished":"2010-11-01T09:54:58+00:00","breadcrumb":{"@id":"https:\/\/fjala.info\/2009-2015\/kurti-duhet-shpetuar-populli-i-kosoves-jo-ky-regjim\/#breadcrumb"},"inLanguage":"sq-AL","potentialAction":[{"@type":"ReadAction","target":["https:\/\/fjala.info\/2009-2015\/kurti-duhet-shpetuar-populli-i-kosoves-jo-ky-regjim\/"]}]},{"@type":"ImageObject","inLanguage":"sq-AL","@id":"https:\/\/fjala.info\/2009-2015\/kurti-duhet-shpetuar-populli-i-kosoves-jo-ky-regjim\/#primaryimage","url":"http:\/\/fjala.shkoder.net\/wp-content\/uploads\/2010\/10\/albin_kurti1-300x226.jpg","contentUrl":"http:\/\/fjala.shkoder.net\/wp-content\/uploads\/2010\/10\/albin_kurti1-300x226.jpg"},{"@type":"BreadcrumbList","@id":"https:\/\/fjala.info\/2009-2015\/kurti-duhet-shpetuar-populli-i-kosoves-jo-ky-regjim\/#breadcrumb","itemListElement":[{"@type":"ListItem","position":1,"name":"Home","item":"https:\/\/fjala.info\/2009-2015\/"},{"@type":"ListItem","position":2,"name":"Kurti: Duhet shp\u00ebtuar populli i Kosov\u00ebs, jo ky regjim"}]},{"@type":"WebSite","@id":"https:\/\/fjala.info\/2009-2015\/#website","url":"https:\/\/fjala.info\/2009-2015\/","name":"FjALA e LIR\u00cb - Arkivi","description":"Arkivi 2009-2015","publisher":{"@id":"https:\/\/fjala.info\/2009-2015\/#organization"},"potentialAction":[{"@type":"SearchAction","target":{"@type":"EntryPoint","urlTemplate":"https:\/\/fjala.info\/2009-2015\/?s={search_term_string}"},"query-input":{"@type":"PropertyValueSpecification","valueRequired":true,"valueName":"search_term_string"}}],"inLanguage":"sq-AL"},{"@type":"Organization","@id":"https:\/\/fjala.info\/2009-2015\/#organization","name":"FjALA e LIR\u00cb - Arkivi","url":"https:\/\/fjala.info\/2009-2015\/","logo":{"@type":"ImageObject","inLanguage":"sq-AL","@id":"https:\/\/fjala.info\/2009-2015\/#\/schema\/logo\/image\/","url":"","contentUrl":"","caption":"FjALA e LIR\u00cb - Arkivi"},"image":{"@id":"https:\/\/fjala.info\/2009-2015\/#\/schema\/logo\/image\/"}},{"@type":"Person","@id":"https:\/\/fjala.info\/2009-2015\/#\/schema\/person\/3aa1163ef05469c496fc94e77611ada2","name":"admin","image":{"@type":"ImageObject","inLanguage":"sq-AL","@id":"https:\/\/fjala.info\/2009-2015\/wp-content\/uploads\/2012\/02\/arben_cokaj-120x150.jpg","url":"https:\/\/fjala.info\/2009-2015\/wp-content\/uploads\/2012\/02\/arben_cokaj-120x150.jpg","contentUrl":"https:\/\/fjala.info\/2009-2015\/wp-content\/uploads\/2012\/02\/arben_cokaj-120x150.jpg","caption":"admin"},"description":"Admin, Fjala e Lir\u00eb","sameAs":["https:\/\/fjala.info\/"],"url":"https:\/\/fjala.info\/2009-2015\/author\/admin\/"}]}},"_links":{"self":[{"href":"https:\/\/fjala.info\/2009-2015\/wp-json\/wp\/v2\/posts\/4568","targetHints":{"allow":["GET"]}}],"collection":[{"href":"https:\/\/fjala.info\/2009-2015\/wp-json\/wp\/v2\/posts"}],"about":[{"href":"https:\/\/fjala.info\/2009-2015\/wp-json\/wp\/v2\/types\/post"}],"author":[{"embeddable":true,"href":"https:\/\/fjala.info\/2009-2015\/wp-json\/wp\/v2\/users\/1"}],"replies":[{"embeddable":true,"href":"https:\/\/fjala.info\/2009-2015\/wp-json\/wp\/v2\/comments?post=4568"}],"version-history":[{"count":0,"href":"https:\/\/fjala.info\/2009-2015\/wp-json\/wp\/v2\/posts\/4568\/revisions"}],"wp:attachment":[{"href":"https:\/\/fjala.info\/2009-2015\/wp-json\/wp\/v2\/media?parent=4568"}],"wp:term":[{"taxonomy":"category","embeddable":true,"href":"https:\/\/fjala.info\/2009-2015\/wp-json\/wp\/v2\/categories?post=4568"},{"taxonomy":"post_tag","embeddable":true,"href":"https:\/\/fjala.info\/2009-2015\/wp-json\/wp\/v2\/tags?post=4568"}],"curies":[{"name":"wp","href":"https:\/\/api.w.org\/{rel}","templated":true}]}}