{"id":456,"date":"2011-12-03T08:56:09","date_gmt":"2011-12-03T07:56:09","guid":{"rendered":"http:\/\/fjala.shkoder.net\/?p=456"},"modified":"2011-12-03T08:56:09","modified_gmt":"2011-12-03T07:56:09","slug":"vleresime-per-ibrahim-rugoven-ne-pervjetorin-e-lindjes","status":"publish","type":"post","link":"https:\/\/fjala.info\/2009-2015\/vleresime-per-ibrahim-rugoven-ne-pervjetorin-e-lindjes\/","title":{"rendered":"Vler\u00ebsime p\u00ebr Ibrahim Rugov\u00ebn n\u00eb p\u00ebrvjetorin e lindjes"},"content":{"rendered":"<p><img decoding=\"async\" class=\"alignright size-thumbnail wp-image-7236\" title=\"Mursel Shkupolli\" src=\"http:\/\/www.shkoder.net\/images\/fjala\/2011\/mursel_shkupolli.jpg\" alt=\"\" width=\"130\" \/>Vler\u00ebsime p\u00ebr Ibrahim Rugov\u00ebn, japin njer\u00ebzit m\u00eb t\u00eb m\u00ebdhenj\u00eb t\u00eb bot\u00ebs demokratike sikurse q\u00eb jan\u00eb SHBA-t\u00eb, kur secili funksionar q\u00eb vjen nga Amerika, q\u00eb ka me potencuar politik\u00ebn larg\u00ebpam\u00ebse t\u00eb Ibrahim Rugov\u00ebs dhe q\u00eb kan\u00eb me deklarua se ishte mik i tyre.<\/p>\n<p>M\u00eb 2 dhjetor 2011, mbushen 67 kur me d\u00ebshir\u00ebn e Zotit, lindi atdhetari, intelektuali dhe prij\u00ebsi i Kosov\u00ebs, i cili e krijoj epok\u00ebn e tij, drejt\u00eb pavar\u00ebsis\u00eb s\u00eb Republik\u00ebs s\u00eb Kosov\u00ebs, e ai ishte Dr. Ibrahimi Rugova. Menquria dhe trim\u00ebria e tij e pashoq prej nj\u00eb vizionari, larg\u00ebpam\u00ebsi, diti t\u00eb udh\u00ebheq\u00eb popullin, duke e ruajtur nga regjimi diktatorial i Serbis\u00eb, i cili me t\u00ebr\u00eb makinerin\u00eb e tij vrastare e kishte drejtuar mbi popullat\u00ebn e pafajshme civile shiptare n\u00eb Kosov\u00ebs.<\/p>\n<p>Ai, themeloi Lidhjen Demokratike t\u00eb Kosov\u00ebs, e cila ishte promotor i l\u00ebvizjeve n\u00eb Kosov\u00eb dhe m\u00ebrgat\u00eb, duke i b\u00ebr\u00eb ball\u00eb t\u00eb gjitha politikave t\u00eb serbis\u00eb me n\u00eb krye t\u00eb madhin Dr. Ibrahim Rugova, e q\u00eb kryente amanetin e babait t\u00eb tij Uk\u00ebs, i cili edhe ai ishte i vrar\u00eb s\u00eb bashku me babain e vet Rrust\u00ebn nga policia serbe e atij regjimi.<\/p>\n<p>Veprat e Ibrahim Rugov\u00ebs dhe filozofia e tij politike, sa shkon e rritet te populli Shqiptar, duke e ndier mungesen e k\u00ebtij lideri t\u00eb p\u00ebrjetsh\u00ebm. Vler\u00ebsime p\u00ebr Ibrahim Rugov\u00ebn, japin njer\u00ebzit m\u00eb t\u00eb m\u00ebdhenj\u00eb t\u00eb bot\u00ebs demokratike sikurse q\u00eb jan\u00eb SHBA-t\u00eb, kur secili funksionar q\u00eb vjen nga Amerika, q\u00eb ka me potencuar politik\u00ebn larg\u00ebpam\u00ebse t\u00eb Ibrahim Rugov\u00ebs dhe q\u00eb kan\u00eb me deklarua se ishte mik i tyre.<\/p>\n<p>Sot m\u00eb shum\u00eb se kurr, ndjehet mungesa e tij, p\u00ebr t\u00eb qen\u00eb n\u00eb mesin ton\u00eb, n\u00eb udh\u00ebheqjen e Republik\u00ebs s\u00eb Kosov\u00ebs. Prandaj, data e 2 dhjetorit, \u00ebsht\u00eb dat\u00eb e cila p\u00ebr Kosov\u00ebn ishte nj\u00eb fat i madh. Dhe sa her\u00eb vjen kjo dat\u00eb, ne e dim\u00eb se \u00ebsht\u00eb dat\u00eb e Fatit t\u00eb Republik\u00ebs s\u00eb Kosov\u00ebs dhe e popullit Shqiptar. Kjo u d\u00ebshmua me vet lindjen e njeriut i cili krijoj epok\u00ebn e tij.<\/p>\n<p>Z. <strong>Mursel Shkupolli<\/strong><br \/>\nAn\u00ebtare i Kryesis\u00eb s\u00eb<br \/>\nLDD-s\u00eb, dega n\u00eb Suedi.<\/p>\n<p>M\u00eb 02.12.2011<br \/>\nStockholm \u2013 Suedi<\/p>\n","protected":false},"excerpt":{"rendered":"<p>Vler\u00ebsime p\u00ebr Ibrahim Rugov\u00ebn, japin njer\u00ebzit m\u00eb t\u00eb m\u00ebdhenj\u00eb t\u00eb bot\u00ebs demokratike sikurse q\u00eb jan\u00eb SHBA-t\u00eb, kur secili funksionar q\u00eb vjen nga Amerika, q\u00eb ka me potencuar politik\u00ebn larg\u00ebpam\u00ebse t\u00eb Ibrahim Rugov\u00ebs dhe q\u00eb kan\u00eb me deklarua se ishte mik i tyre. M\u00eb 2 dhjetor 2011, mbushen 67 kur me d\u00ebshir\u00ebn e Zotit, lindi atdhetari, [&hellip;]<\/p>\n","protected":false},"author":1,"featured_media":0,"comment_status":"open","ping_status":"closed","sticky":false,"template":"","format":"standard","meta":{"footnotes":""},"categories":[5],"tags":[],"class_list":{"0":"post-456","1":"post","2":"type-post","3":"status-publish","4":"format-standard","6":"category-lajme"},"yoast_head":"<!-- This site is optimized with the Yoast SEO plugin v27.4 - https:\/\/yoast.com\/product\/yoast-seo-wordpress\/ -->\n<title>Vler\u00ebsime p\u00ebr Ibrahim Rugov\u00ebn n\u00eb p\u00ebrvjetorin e lindjes - FjALA e LIR\u00cb - Arkivi<\/title>\n<meta name=\"robots\" content=\"index, follow, max-snippet:-1, max-image-preview:large, max-video-preview:-1\" \/>\n<link rel=\"canonical\" href=\"https:\/\/fjala.info\/2009-2015\/vleresime-per-ibrahim-rugoven-ne-pervjetorin-e-lindjes\/\" \/>\n<meta property=\"og:locale\" content=\"sq_AL\" \/>\n<meta property=\"og:type\" content=\"article\" \/>\n<meta property=\"og:title\" content=\"Vler\u00ebsime p\u00ebr Ibrahim Rugov\u00ebn n\u00eb p\u00ebrvjetorin e lindjes - FjALA e LIR\u00cb - Arkivi\" \/>\n<meta property=\"og:description\" content=\"Vler\u00ebsime p\u00ebr Ibrahim Rugov\u00ebn, japin njer\u00ebzit m\u00eb t\u00eb m\u00ebdhenj\u00eb t\u00eb bot\u00ebs demokratike sikurse q\u00eb jan\u00eb SHBA-t\u00eb, kur secili funksionar q\u00eb vjen nga Amerika, q\u00eb ka me potencuar politik\u00ebn larg\u00ebpam\u00ebse t\u00eb Ibrahim Rugov\u00ebs dhe q\u00eb kan\u00eb me deklarua se ishte mik i tyre. M\u00eb 2 dhjetor 2011, mbushen 67 kur me d\u00ebshir\u00ebn e Zotit, lindi atdhetari, [&hellip;]\" \/>\n<meta property=\"og:url\" content=\"https:\/\/fjala.info\/2009-2015\/vleresime-per-ibrahim-rugoven-ne-pervjetorin-e-lindjes\/\" \/>\n<meta property=\"og:site_name\" content=\"FjALA e LIR\u00cb - Arkivi\" \/>\n<meta property=\"article:published_time\" content=\"2011-12-03T07:56:09+00:00\" \/>\n<meta property=\"og:image\" content=\"http:\/\/www.shkoder.net\/images\/fjala\/2011\/mursel_shkupolli.jpg\" \/>\n<meta name=\"author\" content=\"admin\" \/>\n<meta name=\"twitter:card\" content=\"summary_large_image\" \/>\n<meta name=\"twitter:label1\" content=\"Written by\" \/>\n\t<meta name=\"twitter:data1\" content=\"admin\" \/>\n\t<meta name=\"twitter:label2\" content=\"Est. reading time\" \/>\n\t<meta name=\"twitter:data2\" content=\"2 minutes\" \/>\n<script type=\"application\/ld+json\" class=\"yoast-schema-graph\">{\"@context\":\"https:\\\/\\\/schema.org\",\"@graph\":[{\"@type\":\"Article\",\"@id\":\"https:\\\/\\\/fjala.info\\\/2009-2015\\\/vleresime-per-ibrahim-rugoven-ne-pervjetorin-e-lindjes\\\/#article\",\"isPartOf\":{\"@id\":\"https:\\\/\\\/fjala.info\\\/2009-2015\\\/vleresime-per-ibrahim-rugoven-ne-pervjetorin-e-lindjes\\\/\"},\"author\":{\"name\":\"admin\",\"@id\":\"https:\\\/\\\/fjala.info\\\/2009-2015\\\/#\\\/schema\\\/person\\\/3aa1163ef05469c496fc94e77611ada2\"},\"headline\":\"Vler\u00ebsime p\u00ebr Ibrahim Rugov\u00ebn n\u00eb p\u00ebrvjetorin e lindjes\",\"datePublished\":\"2011-12-03T07:56:09+00:00\",\"mainEntityOfPage\":{\"@id\":\"https:\\\/\\\/fjala.info\\\/2009-2015\\\/vleresime-per-ibrahim-rugoven-ne-pervjetorin-e-lindjes\\\/\"},\"wordCount\":401,\"commentCount\":0,\"publisher\":{\"@id\":\"https:\\\/\\\/fjala.info\\\/2009-2015\\\/#organization\"},\"image\":{\"@id\":\"https:\\\/\\\/fjala.info\\\/2009-2015\\\/vleresime-per-ibrahim-rugoven-ne-pervjetorin-e-lindjes\\\/#primaryimage\"},\"thumbnailUrl\":\"http:\\\/\\\/www.shkoder.net\\\/images\\\/fjala\\\/2011\\\/mursel_shkupolli.jpg\",\"articleSection\":[\"Lajme\"],\"inLanguage\":\"sq-AL\",\"potentialAction\":[{\"@type\":\"CommentAction\",\"name\":\"Comment\",\"target\":[\"https:\\\/\\\/fjala.info\\\/2009-2015\\\/vleresime-per-ibrahim-rugoven-ne-pervjetorin-e-lindjes\\\/#respond\"]}]},{\"@type\":\"WebPage\",\"@id\":\"https:\\\/\\\/fjala.info\\\/2009-2015\\\/vleresime-per-ibrahim-rugoven-ne-pervjetorin-e-lindjes\\\/\",\"url\":\"https:\\\/\\\/fjala.info\\\/2009-2015\\\/vleresime-per-ibrahim-rugoven-ne-pervjetorin-e-lindjes\\\/\",\"name\":\"Vler\u00ebsime p\u00ebr Ibrahim Rugov\u00ebn n\u00eb p\u00ebrvjetorin e lindjes - FjALA e LIR\u00cb - Arkivi\",\"isPartOf\":{\"@id\":\"https:\\\/\\\/fjala.info\\\/2009-2015\\\/#website\"},\"primaryImageOfPage\":{\"@id\":\"https:\\\/\\\/fjala.info\\\/2009-2015\\\/vleresime-per-ibrahim-rugoven-ne-pervjetorin-e-lindjes\\\/#primaryimage\"},\"image\":{\"@id\":\"https:\\\/\\\/fjala.info\\\/2009-2015\\\/vleresime-per-ibrahim-rugoven-ne-pervjetorin-e-lindjes\\\/#primaryimage\"},\"thumbnailUrl\":\"http:\\\/\\\/www.shkoder.net\\\/images\\\/fjala\\\/2011\\\/mursel_shkupolli.jpg\",\"datePublished\":\"2011-12-03T07:56:09+00:00\",\"breadcrumb\":{\"@id\":\"https:\\\/\\\/fjala.info\\\/2009-2015\\\/vleresime-per-ibrahim-rugoven-ne-pervjetorin-e-lindjes\\\/#breadcrumb\"},\"inLanguage\":\"sq-AL\",\"potentialAction\":[{\"@type\":\"ReadAction\",\"target\":[\"https:\\\/\\\/fjala.info\\\/2009-2015\\\/vleresime-per-ibrahim-rugoven-ne-pervjetorin-e-lindjes\\\/\"]}]},{\"@type\":\"ImageObject\",\"inLanguage\":\"sq-AL\",\"@id\":\"https:\\\/\\\/fjala.info\\\/2009-2015\\\/vleresime-per-ibrahim-rugoven-ne-pervjetorin-e-lindjes\\\/#primaryimage\",\"url\":\"http:\\\/\\\/www.shkoder.net\\\/images\\\/fjala\\\/2011\\\/mursel_shkupolli.jpg\",\"contentUrl\":\"http:\\\/\\\/www.shkoder.net\\\/images\\\/fjala\\\/2011\\\/mursel_shkupolli.jpg\"},{\"@type\":\"BreadcrumbList\",\"@id\":\"https:\\\/\\\/fjala.info\\\/2009-2015\\\/vleresime-per-ibrahim-rugoven-ne-pervjetorin-e-lindjes\\\/#breadcrumb\",\"itemListElement\":[{\"@type\":\"ListItem\",\"position\":1,\"name\":\"Home\",\"item\":\"https:\\\/\\\/fjala.info\\\/2009-2015\\\/\"},{\"@type\":\"ListItem\",\"position\":2,\"name\":\"Vler\u00ebsime p\u00ebr Ibrahim Rugov\u00ebn n\u00eb p\u00ebrvjetorin e lindjes\"}]},{\"@type\":\"WebSite\",\"@id\":\"https:\\\/\\\/fjala.info\\\/2009-2015\\\/#website\",\"url\":\"https:\\\/\\\/fjala.info\\\/2009-2015\\\/\",\"name\":\"FjALA e LIR\u00cb - Arkivi\",\"description\":\"Arkivi 2009-2015\",\"publisher\":{\"@id\":\"https:\\\/\\\/fjala.info\\\/2009-2015\\\/#organization\"},\"potentialAction\":[{\"@type\":\"SearchAction\",\"target\":{\"@type\":\"EntryPoint\",\"urlTemplate\":\"https:\\\/\\\/fjala.info\\\/2009-2015\\\/?s={search_term_string}\"},\"query-input\":{\"@type\":\"PropertyValueSpecification\",\"valueRequired\":true,\"valueName\":\"search_term_string\"}}],\"inLanguage\":\"sq-AL\"},{\"@type\":\"Organization\",\"@id\":\"https:\\\/\\\/fjala.info\\\/2009-2015\\\/#organization\",\"name\":\"FjALA e LIR\u00cb - Arkivi\",\"url\":\"https:\\\/\\\/fjala.info\\\/2009-2015\\\/\",\"logo\":{\"@type\":\"ImageObject\",\"inLanguage\":\"sq-AL\",\"@id\":\"https:\\\/\\\/fjala.info\\\/2009-2015\\\/#\\\/schema\\\/logo\\\/image\\\/\",\"url\":\"\",\"contentUrl\":\"\",\"caption\":\"FjALA e LIR\u00cb - Arkivi\"},\"image\":{\"@id\":\"https:\\\/\\\/fjala.info\\\/2009-2015\\\/#\\\/schema\\\/logo\\\/image\\\/\"}},{\"@type\":\"Person\",\"@id\":\"https:\\\/\\\/fjala.info\\\/2009-2015\\\/#\\\/schema\\\/person\\\/3aa1163ef05469c496fc94e77611ada2\",\"name\":\"admin\",\"image\":{\"@type\":\"ImageObject\",\"inLanguage\":\"sq-AL\",\"@id\":\"https:\\\/\\\/fjala.info\\\/2009-2015\\\/wp-content\\\/uploads\\\/2012\\\/02\\\/arben_cokaj-120x150.jpg\",\"url\":\"https:\\\/\\\/fjala.info\\\/2009-2015\\\/wp-content\\\/uploads\\\/2012\\\/02\\\/arben_cokaj-120x150.jpg\",\"contentUrl\":\"https:\\\/\\\/fjala.info\\\/2009-2015\\\/wp-content\\\/uploads\\\/2012\\\/02\\\/arben_cokaj-120x150.jpg\",\"caption\":\"admin\"},\"description\":\"Admin, Fjala e Lir\u00eb\",\"sameAs\":[\"https:\\\/\\\/fjala.info\\\/\"],\"url\":\"https:\\\/\\\/fjala.info\\\/2009-2015\\\/author\\\/admin\\\/\"}]}<\/script>\n<!-- \/ Yoast SEO plugin. -->","yoast_head_json":{"title":"Vler\u00ebsime p\u00ebr Ibrahim Rugov\u00ebn n\u00eb p\u00ebrvjetorin e lindjes - FjALA e LIR\u00cb - Arkivi","robots":{"index":"index","follow":"follow","max-snippet":"max-snippet:-1","max-image-preview":"max-image-preview:large","max-video-preview":"max-video-preview:-1"},"canonical":"https:\/\/fjala.info\/2009-2015\/vleresime-per-ibrahim-rugoven-ne-pervjetorin-e-lindjes\/","og_locale":"sq_AL","og_type":"article","og_title":"Vler\u00ebsime p\u00ebr Ibrahim Rugov\u00ebn n\u00eb p\u00ebrvjetorin e lindjes - FjALA e LIR\u00cb - Arkivi","og_description":"Vler\u00ebsime p\u00ebr Ibrahim Rugov\u00ebn, japin njer\u00ebzit m\u00eb t\u00eb m\u00ebdhenj\u00eb t\u00eb bot\u00ebs demokratike sikurse q\u00eb jan\u00eb SHBA-t\u00eb, kur secili funksionar q\u00eb vjen nga Amerika, q\u00eb ka me potencuar politik\u00ebn larg\u00ebpam\u00ebse t\u00eb Ibrahim Rugov\u00ebs dhe q\u00eb kan\u00eb me deklarua se ishte mik i tyre. M\u00eb 2 dhjetor 2011, mbushen 67 kur me d\u00ebshir\u00ebn e Zotit, lindi atdhetari, [&hellip;]","og_url":"https:\/\/fjala.info\/2009-2015\/vleresime-per-ibrahim-rugoven-ne-pervjetorin-e-lindjes\/","og_site_name":"FjALA e LIR\u00cb - Arkivi","article_published_time":"2011-12-03T07:56:09+00:00","og_image":[{"url":"http:\/\/www.shkoder.net\/images\/fjala\/2011\/mursel_shkupolli.jpg","type":"","width":"","height":""}],"author":"admin","twitter_card":"summary_large_image","twitter_misc":{"Written by":"admin","Est. reading time":"2 minutes"},"schema":{"@context":"https:\/\/schema.org","@graph":[{"@type":"Article","@id":"https:\/\/fjala.info\/2009-2015\/vleresime-per-ibrahim-rugoven-ne-pervjetorin-e-lindjes\/#article","isPartOf":{"@id":"https:\/\/fjala.info\/2009-2015\/vleresime-per-ibrahim-rugoven-ne-pervjetorin-e-lindjes\/"},"author":{"name":"admin","@id":"https:\/\/fjala.info\/2009-2015\/#\/schema\/person\/3aa1163ef05469c496fc94e77611ada2"},"headline":"Vler\u00ebsime p\u00ebr Ibrahim Rugov\u00ebn n\u00eb p\u00ebrvjetorin e lindjes","datePublished":"2011-12-03T07:56:09+00:00","mainEntityOfPage":{"@id":"https:\/\/fjala.info\/2009-2015\/vleresime-per-ibrahim-rugoven-ne-pervjetorin-e-lindjes\/"},"wordCount":401,"commentCount":0,"publisher":{"@id":"https:\/\/fjala.info\/2009-2015\/#organization"},"image":{"@id":"https:\/\/fjala.info\/2009-2015\/vleresime-per-ibrahim-rugoven-ne-pervjetorin-e-lindjes\/#primaryimage"},"thumbnailUrl":"http:\/\/www.shkoder.net\/images\/fjala\/2011\/mursel_shkupolli.jpg","articleSection":["Lajme"],"inLanguage":"sq-AL","potentialAction":[{"@type":"CommentAction","name":"Comment","target":["https:\/\/fjala.info\/2009-2015\/vleresime-per-ibrahim-rugoven-ne-pervjetorin-e-lindjes\/#respond"]}]},{"@type":"WebPage","@id":"https:\/\/fjala.info\/2009-2015\/vleresime-per-ibrahim-rugoven-ne-pervjetorin-e-lindjes\/","url":"https:\/\/fjala.info\/2009-2015\/vleresime-per-ibrahim-rugoven-ne-pervjetorin-e-lindjes\/","name":"Vler\u00ebsime p\u00ebr Ibrahim Rugov\u00ebn n\u00eb p\u00ebrvjetorin e lindjes - FjALA e LIR\u00cb - Arkivi","isPartOf":{"@id":"https:\/\/fjala.info\/2009-2015\/#website"},"primaryImageOfPage":{"@id":"https:\/\/fjala.info\/2009-2015\/vleresime-per-ibrahim-rugoven-ne-pervjetorin-e-lindjes\/#primaryimage"},"image":{"@id":"https:\/\/fjala.info\/2009-2015\/vleresime-per-ibrahim-rugoven-ne-pervjetorin-e-lindjes\/#primaryimage"},"thumbnailUrl":"http:\/\/www.shkoder.net\/images\/fjala\/2011\/mursel_shkupolli.jpg","datePublished":"2011-12-03T07:56:09+00:00","breadcrumb":{"@id":"https:\/\/fjala.info\/2009-2015\/vleresime-per-ibrahim-rugoven-ne-pervjetorin-e-lindjes\/#breadcrumb"},"inLanguage":"sq-AL","potentialAction":[{"@type":"ReadAction","target":["https:\/\/fjala.info\/2009-2015\/vleresime-per-ibrahim-rugoven-ne-pervjetorin-e-lindjes\/"]}]},{"@type":"ImageObject","inLanguage":"sq-AL","@id":"https:\/\/fjala.info\/2009-2015\/vleresime-per-ibrahim-rugoven-ne-pervjetorin-e-lindjes\/#primaryimage","url":"http:\/\/www.shkoder.net\/images\/fjala\/2011\/mursel_shkupolli.jpg","contentUrl":"http:\/\/www.shkoder.net\/images\/fjala\/2011\/mursel_shkupolli.jpg"},{"@type":"BreadcrumbList","@id":"https:\/\/fjala.info\/2009-2015\/vleresime-per-ibrahim-rugoven-ne-pervjetorin-e-lindjes\/#breadcrumb","itemListElement":[{"@type":"ListItem","position":1,"name":"Home","item":"https:\/\/fjala.info\/2009-2015\/"},{"@type":"ListItem","position":2,"name":"Vler\u00ebsime p\u00ebr Ibrahim Rugov\u00ebn n\u00eb p\u00ebrvjetorin e lindjes"}]},{"@type":"WebSite","@id":"https:\/\/fjala.info\/2009-2015\/#website","url":"https:\/\/fjala.info\/2009-2015\/","name":"FjALA e LIR\u00cb - Arkivi","description":"Arkivi 2009-2015","publisher":{"@id":"https:\/\/fjala.info\/2009-2015\/#organization"},"potentialAction":[{"@type":"SearchAction","target":{"@type":"EntryPoint","urlTemplate":"https:\/\/fjala.info\/2009-2015\/?s={search_term_string}"},"query-input":{"@type":"PropertyValueSpecification","valueRequired":true,"valueName":"search_term_string"}}],"inLanguage":"sq-AL"},{"@type":"Organization","@id":"https:\/\/fjala.info\/2009-2015\/#organization","name":"FjALA e LIR\u00cb - Arkivi","url":"https:\/\/fjala.info\/2009-2015\/","logo":{"@type":"ImageObject","inLanguage":"sq-AL","@id":"https:\/\/fjala.info\/2009-2015\/#\/schema\/logo\/image\/","url":"","contentUrl":"","caption":"FjALA e LIR\u00cb - Arkivi"},"image":{"@id":"https:\/\/fjala.info\/2009-2015\/#\/schema\/logo\/image\/"}},{"@type":"Person","@id":"https:\/\/fjala.info\/2009-2015\/#\/schema\/person\/3aa1163ef05469c496fc94e77611ada2","name":"admin","image":{"@type":"ImageObject","inLanguage":"sq-AL","@id":"https:\/\/fjala.info\/2009-2015\/wp-content\/uploads\/2012\/02\/arben_cokaj-120x150.jpg","url":"https:\/\/fjala.info\/2009-2015\/wp-content\/uploads\/2012\/02\/arben_cokaj-120x150.jpg","contentUrl":"https:\/\/fjala.info\/2009-2015\/wp-content\/uploads\/2012\/02\/arben_cokaj-120x150.jpg","caption":"admin"},"description":"Admin, Fjala e Lir\u00eb","sameAs":["https:\/\/fjala.info\/"],"url":"https:\/\/fjala.info\/2009-2015\/author\/admin\/"}]}},"_links":{"self":[{"href":"https:\/\/fjala.info\/2009-2015\/wp-json\/wp\/v2\/posts\/456","targetHints":{"allow":["GET"]}}],"collection":[{"href":"https:\/\/fjala.info\/2009-2015\/wp-json\/wp\/v2\/posts"}],"about":[{"href":"https:\/\/fjala.info\/2009-2015\/wp-json\/wp\/v2\/types\/post"}],"author":[{"embeddable":true,"href":"https:\/\/fjala.info\/2009-2015\/wp-json\/wp\/v2\/users\/1"}],"replies":[{"embeddable":true,"href":"https:\/\/fjala.info\/2009-2015\/wp-json\/wp\/v2\/comments?post=456"}],"version-history":[{"count":0,"href":"https:\/\/fjala.info\/2009-2015\/wp-json\/wp\/v2\/posts\/456\/revisions"}],"wp:attachment":[{"href":"https:\/\/fjala.info\/2009-2015\/wp-json\/wp\/v2\/media?parent=456"}],"wp:term":[{"taxonomy":"category","embeddable":true,"href":"https:\/\/fjala.info\/2009-2015\/wp-json\/wp\/v2\/categories?post=456"},{"taxonomy":"post_tag","embeddable":true,"href":"https:\/\/fjala.info\/2009-2015\/wp-json\/wp\/v2\/tags?post=456"}],"curies":[{"name":"wp","href":"https:\/\/api.w.org\/{rel}","templated":true}]}}