{"id":4559,"date":"2012-08-21T15:45:49","date_gmt":"2012-08-21T14:45:49","guid":{"rendered":"http:\/\/www.fjala.info\/?p=4559"},"modified":"2012-08-21T15:45:49","modified_gmt":"2012-08-21T14:45:49","slug":"lobet-greke-e-kane-vene-me-shpatulla-pas-muri-berishen","status":"publish","type":"post","link":"https:\/\/fjala.info\/2009-2015\/lobet-greke-e-kane-vene-me-shpatulla-pas-muri-berishen\/","title":{"rendered":"\u201cLobet greke e kan\u00eb v\u00ebn\u00eb me shpatulla pas muri Berish\u00ebn\u201d"},"content":{"rendered":"<p><img decoding=\"async\" class=\"alignright size-thumbnail wp-image-7236\" title=\"Bakojani - Basha\" src=\"http:\/\/www.fjala.info\/2012\/bakojani_basha.jpg\" alt=\"\" width=\"300\" \/> <strong>TemA Online<\/strong>, <em>21 Gusht 2012<\/em><\/p>\n<p style=\"text-align: right;\"><em>Duket vertet me shpatulla pas murit\u00a0\u00a0 <\/em><\/p>\n<p>Qeveria shqiptare tashm\u00eb duket e vendosur p\u00ebr rinegocimin e paktit t\u00eb kufirit ujor me Greqin\u00eb dhe kjo ka shqet\u00ebsuar jo pak njer\u00ebz n\u00eb vendin ton\u00eb. Kjo, duke qen\u00eb se dyshohet p\u00ebr l\u00ebshime q\u00eb mund t\u00eb b\u00ebj\u00eb qeveria shqiptare, si n\u00eb marr\u00ebveshjen e par\u00eb, e cila u hodh posht\u00eb nga ana e Gjykat\u00ebs Kushtetuese.<\/p>\n<p>Kjo gj\u00eb pohohet edhe nga ana e diplomatit dhe analistit Dritan Hila, sipas t\u00eb cilit, lobi grek e ka v\u00ebn\u00eb me shpatulla pas muri Berish\u00ebn.<\/p>\n<p>\u201cNuk duhet t\u00eb b\u00ebhet marr\u00ebveshja nga kjo qeveri e cila nuk ka besimin e publikut t\u00eb ridiskutoj\u00eb k\u00ebt\u00eb \u00e7\u00ebshtje. Grek\u00ebt po p\u00ebrpiqen ta detyrojn\u00eb Berish\u00ebn ta b\u00ebj\u00eb marr\u00ebveshjen. Po t\u00eb shikohen l\u00ebvizjet e fundit t\u00eb lobit grek, kuptohet k\u00ebrc\u00ebnimi. Dhe Berisha \u00ebsht\u00eb me shpatulla pas murit. N\u00ebse MPJ dhe gjyq\u00ebsori do funksiononte si n\u00eb v\u00ebndet e zhvilluara, dhe ligji i karrier\u00ebs do zbatohej pavar\u00ebsisht nga politika, qeveritar\u00ebt shqiptar\u00eb nuk do merrnin p\u00ebrsip\u00ebr kostot e negociatave me partner\u00ebt. Berisha po vuan fajet e tij\u201d, shprehet Hila p\u00ebr gazet\u00ebn Shekulli.<\/p>\n<p>Ai thot\u00eb se shqiptar\u00ebt jan\u00eb kthyer n\u00eb nj\u00eb tribu dhe kryetari i k\u00ebsaj tribune (n\u00eb k\u00ebt\u00eb rast Berisha), mendon vet\u00ebm p\u00ebr familjen e vet. \u201cA do ta lejojm\u00eb ne\u201d, pyet ai?<\/p>\n<p>\u201c<em>Sot, territori q\u00eb zot\u00ebrojm\u00eb \u00ebsht\u00eb shum\u00eb i varf\u00ebr, por si rezultat i teknologjive jan\u00eb zbuluar burime jetese, t\u00eb cilat ashtu si n\u00eb t\u00eb shkuar\u00ebn fqinj\u00ebt tan\u00eb duan ti marrin, megjith\u00ebse ne jemi shum\u00eb frym\u00eb p\u00ebr kaq pak tok\u00eb. Mitrovica, deti n\u00eb jug, \u00e7do milimet\u00ebr i k\u00ebsaj toke na duhet p\u00ebr mbijetes\u00ebn ton\u00eb dhe f\u00ebmij\u00ebve tan\u00eb. Kryetari i tribus\u00eb son\u00eb mendon vet\u00ebm p\u00ebr familjen e tij. Ne do ta l\u00ebm\u00eb t\u00eb b\u00ebj\u00eb pun\u00ebt e tij, duke shitur t\u00eb ardhmen ton\u00eb? I mbetet lexuesit p\u00ebrgjigja<\/em>\u201d.<\/p>\n","protected":false},"excerpt":{"rendered":"<p>TemA Online, 21 Gusht 2012 Duket vertet me shpatulla pas murit\u00a0\u00a0 Qeveria shqiptare tashm\u00eb duket e vendosur p\u00ebr rinegocimin e paktit t\u00eb kufirit ujor me Greqin\u00eb dhe kjo ka shqet\u00ebsuar jo pak njer\u00ebz n\u00eb vendin ton\u00eb. Kjo, duke qen\u00eb se dyshohet p\u00ebr l\u00ebshime q\u00eb mund t\u00eb b\u00ebj\u00eb qeveria shqiptare, si n\u00eb marr\u00ebveshjen e par\u00eb, e [&hellip;]<\/p>\n","protected":false},"author":1,"featured_media":0,"comment_status":"open","ping_status":"closed","sticky":false,"template":"","format":"standard","meta":{"footnotes":""},"categories":[2,5],"tags":[],"class_list":{"0":"post-4559","1":"post","2":"type-post","3":"status-publish","4":"format-standard","6":"category-artikuj","7":"category-lajme"},"yoast_head":"<!-- This site is optimized with the Yoast SEO plugin v27.4 - https:\/\/yoast.com\/product\/yoast-seo-wordpress\/ -->\n<title>\u201cLobet greke e kan\u00eb v\u00ebn\u00eb me shpatulla pas muri Berish\u00ebn\u201d - FjALA e LIR\u00cb - Arkivi<\/title>\n<meta name=\"robots\" content=\"index, follow, max-snippet:-1, max-image-preview:large, max-video-preview:-1\" \/>\n<link rel=\"canonical\" href=\"https:\/\/fjala.info\/2009-2015\/lobet-greke-e-kane-vene-me-shpatulla-pas-muri-berishen\/\" \/>\n<meta property=\"og:locale\" content=\"sq_AL\" \/>\n<meta property=\"og:type\" content=\"article\" \/>\n<meta property=\"og:title\" content=\"\u201cLobet greke e kan\u00eb v\u00ebn\u00eb me shpatulla pas muri Berish\u00ebn\u201d - FjALA e LIR\u00cb - Arkivi\" \/>\n<meta property=\"og:description\" content=\"TemA Online, 21 Gusht 2012 Duket vertet me shpatulla pas murit\u00a0\u00a0 Qeveria shqiptare tashm\u00eb duket e vendosur p\u00ebr rinegocimin e paktit t\u00eb kufirit ujor me Greqin\u00eb dhe kjo ka shqet\u00ebsuar jo pak njer\u00ebz n\u00eb vendin ton\u00eb. Kjo, duke qen\u00eb se dyshohet p\u00ebr l\u00ebshime q\u00eb mund t\u00eb b\u00ebj\u00eb qeveria shqiptare, si n\u00eb marr\u00ebveshjen e par\u00eb, e [&hellip;]\" \/>\n<meta property=\"og:url\" content=\"https:\/\/fjala.info\/2009-2015\/lobet-greke-e-kane-vene-me-shpatulla-pas-muri-berishen\/\" \/>\n<meta property=\"og:site_name\" content=\"FjALA e LIR\u00cb - Arkivi\" \/>\n<meta property=\"article:published_time\" content=\"2012-08-21T14:45:49+00:00\" \/>\n<meta property=\"og:image\" content=\"http:\/\/www.fjala.info\/2012\/bakojani_basha.jpg\" \/>\n<meta name=\"author\" content=\"admin\" \/>\n<meta name=\"twitter:card\" content=\"summary_large_image\" \/>\n<meta name=\"twitter:label1\" content=\"Written by\" \/>\n\t<meta name=\"twitter:data1\" content=\"admin\" \/>\n\t<meta name=\"twitter:label2\" content=\"Est. reading time\" \/>\n\t<meta name=\"twitter:data2\" content=\"2 minutes\" \/>\n<script type=\"application\/ld+json\" class=\"yoast-schema-graph\">{\"@context\":\"https:\\\/\\\/schema.org\",\"@graph\":[{\"@type\":\"Article\",\"@id\":\"https:\\\/\\\/fjala.info\\\/2009-2015\\\/lobet-greke-e-kane-vene-me-shpatulla-pas-muri-berishen\\\/#article\",\"isPartOf\":{\"@id\":\"https:\\\/\\\/fjala.info\\\/2009-2015\\\/lobet-greke-e-kane-vene-me-shpatulla-pas-muri-berishen\\\/\"},\"author\":{\"name\":\"admin\",\"@id\":\"https:\\\/\\\/fjala.info\\\/2009-2015\\\/#\\\/schema\\\/person\\\/3aa1163ef05469c496fc94e77611ada2\"},\"headline\":\"\u201cLobet greke e kan\u00eb v\u00ebn\u00eb me shpatulla pas muri Berish\u00ebn\u201d\",\"datePublished\":\"2012-08-21T14:45:49+00:00\",\"mainEntityOfPage\":{\"@id\":\"https:\\\/\\\/fjala.info\\\/2009-2015\\\/lobet-greke-e-kane-vene-me-shpatulla-pas-muri-berishen\\\/\"},\"wordCount\":356,\"commentCount\":0,\"publisher\":{\"@id\":\"https:\\\/\\\/fjala.info\\\/2009-2015\\\/#organization\"},\"image\":{\"@id\":\"https:\\\/\\\/fjala.info\\\/2009-2015\\\/lobet-greke-e-kane-vene-me-shpatulla-pas-muri-berishen\\\/#primaryimage\"},\"thumbnailUrl\":\"http:\\\/\\\/www.fjala.info\\\/2012\\\/bakojani_basha.jpg\",\"articleSection\":[\"Artikuj\",\"Lajme\"],\"inLanguage\":\"sq-AL\",\"potentialAction\":[{\"@type\":\"CommentAction\",\"name\":\"Comment\",\"target\":[\"https:\\\/\\\/fjala.info\\\/2009-2015\\\/lobet-greke-e-kane-vene-me-shpatulla-pas-muri-berishen\\\/#respond\"]}]},{\"@type\":\"WebPage\",\"@id\":\"https:\\\/\\\/fjala.info\\\/2009-2015\\\/lobet-greke-e-kane-vene-me-shpatulla-pas-muri-berishen\\\/\",\"url\":\"https:\\\/\\\/fjala.info\\\/2009-2015\\\/lobet-greke-e-kane-vene-me-shpatulla-pas-muri-berishen\\\/\",\"name\":\"\u201cLobet greke e kan\u00eb v\u00ebn\u00eb me shpatulla pas muri Berish\u00ebn\u201d - FjALA e LIR\u00cb - Arkivi\",\"isPartOf\":{\"@id\":\"https:\\\/\\\/fjala.info\\\/2009-2015\\\/#website\"},\"primaryImageOfPage\":{\"@id\":\"https:\\\/\\\/fjala.info\\\/2009-2015\\\/lobet-greke-e-kane-vene-me-shpatulla-pas-muri-berishen\\\/#primaryimage\"},\"image\":{\"@id\":\"https:\\\/\\\/fjala.info\\\/2009-2015\\\/lobet-greke-e-kane-vene-me-shpatulla-pas-muri-berishen\\\/#primaryimage\"},\"thumbnailUrl\":\"http:\\\/\\\/www.fjala.info\\\/2012\\\/bakojani_basha.jpg\",\"datePublished\":\"2012-08-21T14:45:49+00:00\",\"breadcrumb\":{\"@id\":\"https:\\\/\\\/fjala.info\\\/2009-2015\\\/lobet-greke-e-kane-vene-me-shpatulla-pas-muri-berishen\\\/#breadcrumb\"},\"inLanguage\":\"sq-AL\",\"potentialAction\":[{\"@type\":\"ReadAction\",\"target\":[\"https:\\\/\\\/fjala.info\\\/2009-2015\\\/lobet-greke-e-kane-vene-me-shpatulla-pas-muri-berishen\\\/\"]}]},{\"@type\":\"ImageObject\",\"inLanguage\":\"sq-AL\",\"@id\":\"https:\\\/\\\/fjala.info\\\/2009-2015\\\/lobet-greke-e-kane-vene-me-shpatulla-pas-muri-berishen\\\/#primaryimage\",\"url\":\"http:\\\/\\\/www.fjala.info\\\/2012\\\/bakojani_basha.jpg\",\"contentUrl\":\"http:\\\/\\\/www.fjala.info\\\/2012\\\/bakojani_basha.jpg\"},{\"@type\":\"BreadcrumbList\",\"@id\":\"https:\\\/\\\/fjala.info\\\/2009-2015\\\/lobet-greke-e-kane-vene-me-shpatulla-pas-muri-berishen\\\/#breadcrumb\",\"itemListElement\":[{\"@type\":\"ListItem\",\"position\":1,\"name\":\"Home\",\"item\":\"https:\\\/\\\/fjala.info\\\/2009-2015\\\/\"},{\"@type\":\"ListItem\",\"position\":2,\"name\":\"\u201cLobet greke e kan\u00eb v\u00ebn\u00eb me shpatulla pas muri Berish\u00ebn\u201d\"}]},{\"@type\":\"WebSite\",\"@id\":\"https:\\\/\\\/fjala.info\\\/2009-2015\\\/#website\",\"url\":\"https:\\\/\\\/fjala.info\\\/2009-2015\\\/\",\"name\":\"FjALA e LIR\u00cb - Arkivi\",\"description\":\"Arkivi 2009-2015\",\"publisher\":{\"@id\":\"https:\\\/\\\/fjala.info\\\/2009-2015\\\/#organization\"},\"potentialAction\":[{\"@type\":\"SearchAction\",\"target\":{\"@type\":\"EntryPoint\",\"urlTemplate\":\"https:\\\/\\\/fjala.info\\\/2009-2015\\\/?s={search_term_string}\"},\"query-input\":{\"@type\":\"PropertyValueSpecification\",\"valueRequired\":true,\"valueName\":\"search_term_string\"}}],\"inLanguage\":\"sq-AL\"},{\"@type\":\"Organization\",\"@id\":\"https:\\\/\\\/fjala.info\\\/2009-2015\\\/#organization\",\"name\":\"FjALA e LIR\u00cb - Arkivi\",\"url\":\"https:\\\/\\\/fjala.info\\\/2009-2015\\\/\",\"logo\":{\"@type\":\"ImageObject\",\"inLanguage\":\"sq-AL\",\"@id\":\"https:\\\/\\\/fjala.info\\\/2009-2015\\\/#\\\/schema\\\/logo\\\/image\\\/\",\"url\":\"\",\"contentUrl\":\"\",\"caption\":\"FjALA e LIR\u00cb - Arkivi\"},\"image\":{\"@id\":\"https:\\\/\\\/fjala.info\\\/2009-2015\\\/#\\\/schema\\\/logo\\\/image\\\/\"}},{\"@type\":\"Person\",\"@id\":\"https:\\\/\\\/fjala.info\\\/2009-2015\\\/#\\\/schema\\\/person\\\/3aa1163ef05469c496fc94e77611ada2\",\"name\":\"admin\",\"image\":{\"@type\":\"ImageObject\",\"inLanguage\":\"sq-AL\",\"@id\":\"https:\\\/\\\/fjala.info\\\/2009-2015\\\/wp-content\\\/uploads\\\/2012\\\/02\\\/arben_cokaj-120x150.jpg\",\"url\":\"https:\\\/\\\/fjala.info\\\/2009-2015\\\/wp-content\\\/uploads\\\/2012\\\/02\\\/arben_cokaj-120x150.jpg\",\"contentUrl\":\"https:\\\/\\\/fjala.info\\\/2009-2015\\\/wp-content\\\/uploads\\\/2012\\\/02\\\/arben_cokaj-120x150.jpg\",\"caption\":\"admin\"},\"description\":\"Admin, Fjala e Lir\u00eb\",\"sameAs\":[\"https:\\\/\\\/fjala.info\\\/\"],\"url\":\"https:\\\/\\\/fjala.info\\\/2009-2015\\\/author\\\/admin\\\/\"}]}<\/script>\n<!-- \/ Yoast SEO plugin. -->","yoast_head_json":{"title":"\u201cLobet greke e kan\u00eb v\u00ebn\u00eb me shpatulla pas muri Berish\u00ebn\u201d - FjALA e LIR\u00cb - Arkivi","robots":{"index":"index","follow":"follow","max-snippet":"max-snippet:-1","max-image-preview":"max-image-preview:large","max-video-preview":"max-video-preview:-1"},"canonical":"https:\/\/fjala.info\/2009-2015\/lobet-greke-e-kane-vene-me-shpatulla-pas-muri-berishen\/","og_locale":"sq_AL","og_type":"article","og_title":"\u201cLobet greke e kan\u00eb v\u00ebn\u00eb me shpatulla pas muri Berish\u00ebn\u201d - FjALA e LIR\u00cb - Arkivi","og_description":"TemA Online, 21 Gusht 2012 Duket vertet me shpatulla pas murit\u00a0\u00a0 Qeveria shqiptare tashm\u00eb duket e vendosur p\u00ebr rinegocimin e paktit t\u00eb kufirit ujor me Greqin\u00eb dhe kjo ka shqet\u00ebsuar jo pak njer\u00ebz n\u00eb vendin ton\u00eb. Kjo, duke qen\u00eb se dyshohet p\u00ebr l\u00ebshime q\u00eb mund t\u00eb b\u00ebj\u00eb qeveria shqiptare, si n\u00eb marr\u00ebveshjen e par\u00eb, e [&hellip;]","og_url":"https:\/\/fjala.info\/2009-2015\/lobet-greke-e-kane-vene-me-shpatulla-pas-muri-berishen\/","og_site_name":"FjALA e LIR\u00cb - Arkivi","article_published_time":"2012-08-21T14:45:49+00:00","og_image":[{"url":"http:\/\/www.fjala.info\/2012\/bakojani_basha.jpg","type":"","width":"","height":""}],"author":"admin","twitter_card":"summary_large_image","twitter_misc":{"Written by":"admin","Est. reading time":"2 minutes"},"schema":{"@context":"https:\/\/schema.org","@graph":[{"@type":"Article","@id":"https:\/\/fjala.info\/2009-2015\/lobet-greke-e-kane-vene-me-shpatulla-pas-muri-berishen\/#article","isPartOf":{"@id":"https:\/\/fjala.info\/2009-2015\/lobet-greke-e-kane-vene-me-shpatulla-pas-muri-berishen\/"},"author":{"name":"admin","@id":"https:\/\/fjala.info\/2009-2015\/#\/schema\/person\/3aa1163ef05469c496fc94e77611ada2"},"headline":"\u201cLobet greke e kan\u00eb v\u00ebn\u00eb me shpatulla pas muri Berish\u00ebn\u201d","datePublished":"2012-08-21T14:45:49+00:00","mainEntityOfPage":{"@id":"https:\/\/fjala.info\/2009-2015\/lobet-greke-e-kane-vene-me-shpatulla-pas-muri-berishen\/"},"wordCount":356,"commentCount":0,"publisher":{"@id":"https:\/\/fjala.info\/2009-2015\/#organization"},"image":{"@id":"https:\/\/fjala.info\/2009-2015\/lobet-greke-e-kane-vene-me-shpatulla-pas-muri-berishen\/#primaryimage"},"thumbnailUrl":"http:\/\/www.fjala.info\/2012\/bakojani_basha.jpg","articleSection":["Artikuj","Lajme"],"inLanguage":"sq-AL","potentialAction":[{"@type":"CommentAction","name":"Comment","target":["https:\/\/fjala.info\/2009-2015\/lobet-greke-e-kane-vene-me-shpatulla-pas-muri-berishen\/#respond"]}]},{"@type":"WebPage","@id":"https:\/\/fjala.info\/2009-2015\/lobet-greke-e-kane-vene-me-shpatulla-pas-muri-berishen\/","url":"https:\/\/fjala.info\/2009-2015\/lobet-greke-e-kane-vene-me-shpatulla-pas-muri-berishen\/","name":"\u201cLobet greke e kan\u00eb v\u00ebn\u00eb me shpatulla pas muri Berish\u00ebn\u201d - FjALA e LIR\u00cb - Arkivi","isPartOf":{"@id":"https:\/\/fjala.info\/2009-2015\/#website"},"primaryImageOfPage":{"@id":"https:\/\/fjala.info\/2009-2015\/lobet-greke-e-kane-vene-me-shpatulla-pas-muri-berishen\/#primaryimage"},"image":{"@id":"https:\/\/fjala.info\/2009-2015\/lobet-greke-e-kane-vene-me-shpatulla-pas-muri-berishen\/#primaryimage"},"thumbnailUrl":"http:\/\/www.fjala.info\/2012\/bakojani_basha.jpg","datePublished":"2012-08-21T14:45:49+00:00","breadcrumb":{"@id":"https:\/\/fjala.info\/2009-2015\/lobet-greke-e-kane-vene-me-shpatulla-pas-muri-berishen\/#breadcrumb"},"inLanguage":"sq-AL","potentialAction":[{"@type":"ReadAction","target":["https:\/\/fjala.info\/2009-2015\/lobet-greke-e-kane-vene-me-shpatulla-pas-muri-berishen\/"]}]},{"@type":"ImageObject","inLanguage":"sq-AL","@id":"https:\/\/fjala.info\/2009-2015\/lobet-greke-e-kane-vene-me-shpatulla-pas-muri-berishen\/#primaryimage","url":"http:\/\/www.fjala.info\/2012\/bakojani_basha.jpg","contentUrl":"http:\/\/www.fjala.info\/2012\/bakojani_basha.jpg"},{"@type":"BreadcrumbList","@id":"https:\/\/fjala.info\/2009-2015\/lobet-greke-e-kane-vene-me-shpatulla-pas-muri-berishen\/#breadcrumb","itemListElement":[{"@type":"ListItem","position":1,"name":"Home","item":"https:\/\/fjala.info\/2009-2015\/"},{"@type":"ListItem","position":2,"name":"\u201cLobet greke e kan\u00eb v\u00ebn\u00eb me shpatulla pas muri Berish\u00ebn\u201d"}]},{"@type":"WebSite","@id":"https:\/\/fjala.info\/2009-2015\/#website","url":"https:\/\/fjala.info\/2009-2015\/","name":"FjALA e LIR\u00cb - Arkivi","description":"Arkivi 2009-2015","publisher":{"@id":"https:\/\/fjala.info\/2009-2015\/#organization"},"potentialAction":[{"@type":"SearchAction","target":{"@type":"EntryPoint","urlTemplate":"https:\/\/fjala.info\/2009-2015\/?s={search_term_string}"},"query-input":{"@type":"PropertyValueSpecification","valueRequired":true,"valueName":"search_term_string"}}],"inLanguage":"sq-AL"},{"@type":"Organization","@id":"https:\/\/fjala.info\/2009-2015\/#organization","name":"FjALA e LIR\u00cb - Arkivi","url":"https:\/\/fjala.info\/2009-2015\/","logo":{"@type":"ImageObject","inLanguage":"sq-AL","@id":"https:\/\/fjala.info\/2009-2015\/#\/schema\/logo\/image\/","url":"","contentUrl":"","caption":"FjALA e LIR\u00cb - Arkivi"},"image":{"@id":"https:\/\/fjala.info\/2009-2015\/#\/schema\/logo\/image\/"}},{"@type":"Person","@id":"https:\/\/fjala.info\/2009-2015\/#\/schema\/person\/3aa1163ef05469c496fc94e77611ada2","name":"admin","image":{"@type":"ImageObject","inLanguage":"sq-AL","@id":"https:\/\/fjala.info\/2009-2015\/wp-content\/uploads\/2012\/02\/arben_cokaj-120x150.jpg","url":"https:\/\/fjala.info\/2009-2015\/wp-content\/uploads\/2012\/02\/arben_cokaj-120x150.jpg","contentUrl":"https:\/\/fjala.info\/2009-2015\/wp-content\/uploads\/2012\/02\/arben_cokaj-120x150.jpg","caption":"admin"},"description":"Admin, Fjala e Lir\u00eb","sameAs":["https:\/\/fjala.info\/"],"url":"https:\/\/fjala.info\/2009-2015\/author\/admin\/"}]}},"_links":{"self":[{"href":"https:\/\/fjala.info\/2009-2015\/wp-json\/wp\/v2\/posts\/4559","targetHints":{"allow":["GET"]}}],"collection":[{"href":"https:\/\/fjala.info\/2009-2015\/wp-json\/wp\/v2\/posts"}],"about":[{"href":"https:\/\/fjala.info\/2009-2015\/wp-json\/wp\/v2\/types\/post"}],"author":[{"embeddable":true,"href":"https:\/\/fjala.info\/2009-2015\/wp-json\/wp\/v2\/users\/1"}],"replies":[{"embeddable":true,"href":"https:\/\/fjala.info\/2009-2015\/wp-json\/wp\/v2\/comments?post=4559"}],"version-history":[{"count":0,"href":"https:\/\/fjala.info\/2009-2015\/wp-json\/wp\/v2\/posts\/4559\/revisions"}],"wp:attachment":[{"href":"https:\/\/fjala.info\/2009-2015\/wp-json\/wp\/v2\/media?parent=4559"}],"wp:term":[{"taxonomy":"category","embeddable":true,"href":"https:\/\/fjala.info\/2009-2015\/wp-json\/wp\/v2\/categories?post=4559"},{"taxonomy":"post_tag","embeddable":true,"href":"https:\/\/fjala.info\/2009-2015\/wp-json\/wp\/v2\/tags?post=4559"}],"curies":[{"name":"wp","href":"https:\/\/api.w.org\/{rel}","templated":true}]}}