{"id":4552,"date":"2010-10-31T21:42:09","date_gmt":"2010-10-31T20:42:09","guid":{"rendered":"http:\/\/fjala.shkoder.net\/?p=4552"},"modified":"2010-10-31T21:42:09","modified_gmt":"2010-10-31T20:42:09","slug":"alida-hisku-tmerri-i-kengetareve-te-bukura-nga-maniaket-e-sigurimit","status":"publish","type":"post","link":"https:\/\/fjala.info\/2009-2015\/alida-hisku-tmerri-i-kengetareve-te-bukura-nga-maniaket-e-sigurimit\/","title":{"rendered":"Alida Hisku: Tmerri i k\u00ebng\u00ebtareve t\u00eb bukura nga maniak\u00ebt e sigurimit"},"content":{"rendered":"<p><img loading=\"lazy\" decoding=\"async\" class=\"alignleft size-full wp-image-4555\" title=\"Alida Hisku me bashk\u00ebshortin\" src=\"http:\/\/fjala.shkoder.net\/wp-content\/uploads\/2010\/10\/alida_hisku_bashkeshorti.jpg\" alt=\"\" width=\"200\" height=\"263\" \/><\/p>\n<p><strong>Afrim Imaj<\/strong>, <em>31 Tetor 2010<\/em><\/p>\n<p>Alida Hisku preferon ta rr\u00ebfej\u00eb n\u00eb vet\u00eb t\u00eb tret\u00eb pjes\u00ebn m\u00eb dramatike t\u00eb historis\u00eb s\u00eb saj, duke l\u00ebn\u00eb t\u00eb kuptohen arsyet e qen\u00ebsishme t\u00eb nj\u00eb sjellje t\u00eb till\u00eb. N\u00eb rastet e tjera \u00ebsht\u00eb mjaftuar me nj\u00eb retrospektiv\u00eb t\u00eb p\u00ebrgjithshme t\u00eb persekutimit absurd, pa u futur n\u00eb detajet e p\u00ebrjetimeve nga dit-net\u00ebt e qelis\u00eb. E bindur se ndjeshm\u00ebria sensitive e bashk\u00ebvuajtsve mund t\u2019i fsheh p\u00ebrfundimisht gjurm\u00ebt e k\u00ebtij krimi monsturioz, k\u00ebng\u00ebtarja e famshme e viteve \u201870 zbulon p\u00ebr her\u00eb t\u00eb par\u00eb nj\u00eb pjes\u00eb t\u00eb skenave rr\u00ebnqeth\u00ebse, duke adresuar dhe nj\u00eb apel p\u00ebr viktimat e tyre. \u201cK\u00ebrkojm\u00eb t\u00eb hapen arkivat, por ngurojm\u00eb t\u00eb hapim goj\u00ebn\u201d, shton ajo duke ju referuar grave dhe vajzave t\u00eb d\u00ebnuara, q\u00eb vazhdojn\u00eb t\u00eb heshtin p\u00ebr inkuizitor\u00ebt e tyre.<\/p>\n<p><strong>Po \u00e7far\u00eb sjell\u00eb tjet\u00ebr Alida Hisku nga sk\u00ebterra e qelive t\u00eb diktatur\u00ebs&#8230; Sa koh\u00eb zgjat\u00ebn hetimet n\u00eb qelit\u00eb e Brak\u00ebs dhe \u00e7far\u00eb u provua nga akuza si pjes\u00ebtare e grupit armiq\u00ebsor t\u00eb Mehmet Shehut?<\/strong><\/p>\n<p>Akuza fund e krye ishte nj\u00eb marr\u00ebzi, por hetuesit e kishin t\u00eb pamundur t\u00eb t\u00ebrhiqeshin. \u00c7far\u00eb nuk p\u00ebrdor\u00ebn p\u00ebr t\u00eb zyrtarizuar legjend\u00ebn e sajuar. Nuk mbaj mend sa dit-net\u00eb vazhduan me k\u00ebt\u00eb avaz, sepse gjat\u00eb p\u00ebrballjes me ta, n\u00eb nj\u00eb moment humba arsyen, logjik\u00ebn dhe nuk e di si rrodh\u00ebn gj\u00ebrat m\u00eb tej. Kur jam kthjelluar e kam par\u00eb veten n\u00eb spital, n\u00eb nj\u00eb dhom\u00eb t\u00eb mbyllur me hekura dhe dryn, gati e nj\u00ebjt\u00eb me qelin\u00eb e Brak\u00ebs. Nuk e di sa koh\u00eb kisha aty dhe n\u00eb \u00e7far\u00eb rrethanash m\u00eb kishin \u00e7uar. Ajo q\u00eb konstatova ishin gjurm\u00ebt e injeksioneve t\u00eb shumta, nj\u00eb pjes\u00eb e t\u00eb cilave ishin nxir\u00eb e mavijosur&#8230;<\/p>\n<p><strong>E gjith\u00eb kjo p\u00ebr ditarin e famsh\u00ebm&#8230;<br \/>\n<\/strong>N\u00eb fakt, gjat\u00eb hetimeve n\u00eb birucat e Brak\u00ebs nuk e zun\u00eb n\u00eb goj\u00eb historin\u00eb e ditarit. E gjith\u00eb alibia aty p\u00ebrmblidhej tek p\u00ebrfshirja n\u00eb rrjetin agjenturor t\u00eb Fiqirete Shehut. Ditarin, me sa dukej, e kishin kaluar p\u00ebr ta shqyrtuar n\u00eb linj\u00eb partie. M\u00eb thirr\u00ebn e penalizuan p\u00ebr t\u00eb n\u00eb komitetin e Partis\u00eb s\u00eb Rajonit Num\u00ebr Tre. Nga deshifrimi i sh\u00ebnimeve t\u00eb hedhura aty, konkludohej p\u00ebr demonstrim t\u00eb hapur t\u00eb frym\u00ebs antiparti nga pozita reaksionare mikroborgjeze. Kjo m\u00eb kushtoi flakjen nga radh\u00ebt e partis\u00eb, \u00e7ka n\u00ebnkuptonte pushkatim politik, q\u00eb niste me dor\u00ebzimin e teser\u00ebs s\u00eb an\u00ebtar\u00ebsis\u00eb dhe persekutimin pambarim n\u00eb pun\u00eb, lagje, shoq\u00ebri etj.<br \/>\n<strong>N\u00eb hetuesi nuk u mor\u00ebn me historin\u00eb e ditarit q\u00eb u kishin rr\u00ebmbyer fshehurazi n\u00eb Konispol&#8230;<\/strong><br \/>\n\u00c7\u00ebshtja p\u00ebr t\u00eb cil\u00ebn ngulmonin aty ishte shum\u00eb m\u00eb e r\u00ebnd\u00ebsishme nga p\u00ebrmbajtja e sh\u00ebnimeve t\u00eb ditarit. Q\u00eb n\u00eb seanc\u00ebn e par\u00eb, n\u00eb qelit\u00eb e Brak\u00ebs, hetuesit me akuzuan p\u00ebr p\u00ebrfshirje t\u00eb drejtp\u00ebrdrejt n\u00eb veprimtari armiq\u00ebsore. Ata vinin si p\u00ebrbind\u00ebsha, p\u00ebrs\u00ebrisnin t\u00eb nj\u00ebjtin refren dhe iknin duke marr\u00eb n\u00eb n\u00ebnsqetull dosjet e zverdhura. Futeshin dhe dilnin disa her\u00eb gjat\u00eb dit\u00ebs, por edhe nat\u00ebn. I kam n\u00eb sy fytyrat e tyre dhe m\u00eb shfaqen si at\u00ebher\u00eb, t\u00eb eg\u00ebr, brutal\u00eb, t\u00eb posht\u00ebr. T\u00eb posht\u00ebr te Zoti&#8230;<\/p>\n<p><strong>\u00c7far\u00eb kujtoni nga ballafaqimi me ta n\u00eb qelit\u00eb e Brak\u00ebs?<br \/>\n<\/strong>N\u00eb fakt, hetuesit me t\u00eb cil\u00ebt u p\u00ebrballa n\u00eb seancat e hetimeve n\u00eb qelit\u00eb e Brak\u00ebs ishin dy. Nj\u00ebri, me sa kuptoja, ishte zyrtar i rajonit ku m\u00eb kishin izoluar dhe n\u00eb nj\u00eb far\u00eb kuptimi e shtynte procesin si me p\u00ebrtes\u00eb. Me t\u00eb nuk isha takuar kurr\u00eb. Tjetri, q\u00eb shfaqej si i t\u00ebrbuar, ishte i Policis\u00eb Sekrete dhe vinte aty vet\u00ebm p\u00ebr \u00e7\u00ebshtjen time. Kisha pasur me t\u00eb dikur nj\u00eb histori t\u00eb pak\u00ebndshme. M\u00eb kishte ndaluar disa her\u00eb n\u00eb rrug\u00eb e m\u00eb kishte ftuar p\u00ebr kafe. Pas \u00e7do refuzimi, provoja reagimin e tij n\u00eb form\u00eb presioni, duke m\u00eb kujtuar faktin q\u00eb ishte oficer i sigurimit. Ndodhi, q\u00eb kur ia kisha harruar fytyr\u00ebn prej koh\u00ebsh, m\u2019u shfaq papritur n\u00eb qelit\u00eb e Brak\u00ebs. Mu err\u00ebn syt\u00eb kur e pash\u00eb. M\u00eb uroi fillimisht me ciniz\u00ebm \u201cmir\u00ebseardhjen\u201d me nj\u00eb \u201cH\u00eb zogu, po tani?\u201d dhe vazhdoi me akuzat p\u00ebr tradhti, rrjet agjenturor, grupazh armiq\u00ebsor etj. Un\u00eb e di \u00e7\u2019kam hequr prej tij. E vetme, e drobitur, n\u00eb nj\u00eb qeli t\u00eb err\u00ebt&#8230;<br \/>\n<strong>Pra, me nj\u00ebrin nga hetuesit kishit pasur m\u00eb her\u00ebt nj\u00eb lloj marr\u00ebdh\u00ebnie&#8230;<br \/>\n<\/strong>Nj\u00eb far\u00eb njohje n\u00eb kushte t\u00eb pad\u00ebshiruara, desha t\u00eb them. Nj\u00eb tip i till\u00eb ishte i njohur pak a shum\u00eb edhe nga shoqet e tjera. Ishte nj\u00eb kategori manjak\u00ebsh nga radh\u00ebt e sigurimit asokohe q\u00eb gjurmonin k\u00ebng\u00ebtaret e bukura, duke b\u00ebr\u00eb t\u00eb pamundur\u00ebn p\u00ebr t\u2019i shtir\u00eb n\u00eb dor\u00eb. N\u00eb fakt, me m\u00ebnyr\u00ebn si paraqiteshin duke nxjerr\u00eb n\u00eb pah misterin e detyr\u00ebs, prodhonin jo pak tundim tek to. T\u00eb pakt\u00ebn un\u00eb, nga aq sa m\u00eb kan\u00eb treguar koleget, di jo pak marr\u00ebzira t\u00eb k\u00ebsaj natyre. N\u00eb mjaft raste, k\u00ebto soj mostrash merrnin p\u00ebrgjigjen e merituar flak\u00eb p\u00ebr flak\u00eb, por jo gjithmon\u00eb gjuetia e tyre shkonte bosh. Skifter\u00ebt me kobure e kollare, si\u00e7 i quanim at\u00ebher\u00eb, ishin mjesht\u00ebr t\u00eb artit t\u00eb shantazhit dhe n\u00ebp\u00ebrmjet tij gjunj\u00ebzonin viktimat e tyre, duke u v\u00ebn\u00eb n\u00eb dukje pikat e dob\u00ebta dhe kle\u00e7kat n\u00eb biografi. Pastaj, n\u00ebna ime&#8230;<br \/>\n<strong>Kaq e fsheht\u00eb ishte nj\u00eb dram\u00eb e till\u00eb&#8230;<br \/>\n<\/strong>Ata shfaqeshin hapur, por me marifete nga m\u00eb t\u00eb ndryshmet. Fillimisht me nj\u00eb ftes\u00eb p\u00ebr kafe, p\u00ebr t\u00eb sqaruar ca rrethana delikate, pastaj direkt te oferta bastarde. M\u00eb kujtohet mir\u00eb sidomos prania e tyre n\u00eb dit\u00ebt e festivaleve n\u00eb TVSH. Asokohe ato ishin eventet kulturore m\u00eb t\u00eb r\u00ebnd\u00ebsishme dhe nj\u00ebherazi sh\u00ebrbenin edhe si sfilata bukurie. P\u00ebr skifter\u00ebt me kobure, q\u00eb nuk i lidhte gj\u00eb me muzik\u00ebn, kjo ishte pjesa m\u00eb e lakmueshme. Harbimi nga privilegjet pa kufi t\u00eb garantuara nga regjimi, u jepte guximin e \u00e7mendur p\u00ebr t\u00eb pretenduar nj\u00eb lloj pron\u00ebsie mbi \u00e7do qenie t\u00eb bukur. Nj\u00eb histori perverse kjo e asaj kohe t\u00eb zymt\u00eb, q\u00eb njihet pak n\u00eb mjedisin shqiptar&#8230;<br \/>\n<strong>Sidoqoft\u00eb, ju keni nj\u00eb histori personale me nj\u00ebrin prej tyre&#8230;<br \/>\n<\/strong>Ata nuk t\u00eb shqiteshin kur t\u00eb vinin n\u00eb sh\u00ebnjest\u00ebr. Pak a shum\u00eb k\u00ebshtu ndodhi dhe n\u00eb rastin tim. Shfaqja pasmesnate e atij njeriu t\u00eb shpifur n\u00eb birucat e Brak\u00ebs, kur nuk e dija pse ndodhesha aty, m\u00eb la t\u00eb kuptoja se arsyet nuk ishin politike. N\u00eb fakt, asnj\u00ebher\u00eb nuk e mora vesh n\u00eb ishte rast\u00ebsi apo pjes\u00eb e nj\u00eb operacioni t\u00eb organizuar prej tij. P\u00ebrballja me t\u00eb k\u00ebt\u00eb radh\u00eb nuk b\u00ebnte fjal\u00eb p\u00ebr oferta kafesh, apo p\u00ebr biseda intime&#8230;<br \/>\nMe nj\u00eb fjal\u00eb ai nuk ishte thjesht hetuesi i procesit, por autori i legjend\u00ebs, protagonisti i kurthit&#8230;<br \/>\nP\u00ebr mua kjo ka qen\u00eb e padiskutueshme qysh at\u00ebher\u00eb. Ca m\u00eb tep\u00ebr q\u00eb ky lloj hetuesi-pervers nuk e fshehu asnj\u00eb moment q\u00ebllimin monstruoz. Kam pritur prej vitesh q\u00eb kjo \u00e7\u00ebshtje t\u00eb zbardhet n\u00eb rrug\u00eb zyrtare, por me sa shikoj as ka njeri nd\u00ebrmend t\u00eb merret me t\u00eb. Ca m\u00eb tep\u00ebr q\u00eb historia ime nuk \u00ebsht\u00eb e vetme e k\u00ebtij lloji&#8230;<br \/>\n<strong>Pra, n\u00eb rastin e arrestimit tuaj, arsyet nuk ishin t\u00eb mir\u00ebfillta politike&#8230;<\/strong><br \/>\nMua m\u00eb penalizuan fill pas arrestimit t\u00eb Fiqirete Shehut. Ato pak lidhje q\u00eb kisha me drejtoresh\u00ebn e shkoll\u00ebs s\u00eb Partis\u00eb, \u201cgjahtar\u00ebt\u201d e pashpirt i shfryt\u00ebzuan si nj\u00eb oportuniteti fatlum p\u00ebr t\u00eb m\u00eb futur n\u00eb kafaz. Aty pastaj duart e tyre ishin t\u00eb lira p\u00ebr gjith\u00e7ka&#8230;<br \/>\n<strong>Q\u00eb do t\u00eb thot\u00eb&#8230;<br \/>\n<\/strong>Drama q\u00eb kan\u00eb p\u00ebrjetuar vajzat dhe grat\u00eb shqiptare n\u00eb qelit\u00eb e burgjeve ka qen\u00eb nga m\u00eb t\u00eb tmerrshmet. Mjaft syresh, p\u00ebr t\u00eb marr\u00eb nj\u00eb leje-largimi nga fshatrat e thella ku ishin internuar p\u00ebr t\u00eb shkuar n\u00eb qytet te mjeku, duhej ti n\u00ebnshtroheshin epsheve t\u00eb t\u00eb plotfuqishmit t\u00eb zon\u00ebs. Nj\u00eb sh\u00ebmti e till\u00eb ndodhte po k\u00ebshtu n\u00eb burgun e grave, ku gardian\u00ebt horra kalonin or\u00ebt e sh\u00ebrbimit duke b\u00ebr\u00eb seks t\u00eb detyruar me t\u00eb d\u00ebnuarat e pambrojtura. T\u00eb gjorat gra, t\u00eb ndodhura n\u00eb nj\u00eb izolim t\u00eb plot\u00eb b\u00ebheshin pre e instikteve kafsh\u00ebrore t\u00eb zyrtar\u00ebve hamshor. Me nj\u00eb profil m\u00eb \u00e7njer\u00ebzor shfaqej kjo dram\u00eb n\u00eb birucat e prokuroris\u00eb, ku oficer\u00ebt e Policis\u00eb Sekrete p\u00ebrdhunonin vajzat e arrestuara.<br \/>\n<strong>Si n\u00eb rastin e birucave t\u00eb Brak\u00ebs&#8230;<br \/>\n<\/strong>Di\u00e7ka bastarde, e paperceptueshme nga arsyeja njer\u00ebzore. Hetues p\u00ebrbind\u00ebsha q\u00eb vizitojn\u00eb pas mesnate qelit\u00eb e vajzave t\u00eb arrestuara. P\u00ebrballje trondit\u00ebse, e frikshme q\u00eb nis me fyerje e grushte p\u00ebr nj\u00eb vep\u00ebr penale t\u00eb pakryer dhe vazhdon me nj\u00eb batanije kok\u00ebs. Pastaj hienat e nat\u00ebs v\u00ebrsulen si ujku mbi pren\u00eb e tyre t\u00eb mbuluar. Klithmat rr\u00ebnqeth\u00ebse mbyten po aty. Betoni i ftoht\u00eb i biruc\u00ebs nuk l\u00eb t\u00eb dep\u00ebrtoj\u00eb asgj\u00eb jasht\u00eb. Prej aty mund t\u00eb dalin vet\u00ebm hamshor\u00ebt. Kuptohet, pasi mbaronin pun\u00eb&#8230;<br \/>\n<strong>\u00c7\u2019ndodhte m\u00eb tej me viktimat e tyre?<br \/>\n<\/strong>P\u00ebr ato q\u00eb rebeloheshin dhe protestonin kishte injeksione e gjilp\u00ebra p\u00ebr gjum\u00eb, por p\u00ebr t\u00eb err\u00ebsuar edhe memorien. M\u00eb tej kishte dhe psikiatri&#8230;<br \/>\n<strong>Me sa dim\u00eb, disa koh\u00eb keni qen\u00eb edhe ju paciente n\u00eb psikiatri&#8230;<br \/>\n<\/strong>E shpjegova pak m\u00eb lart se ende nuk e di si kam p\u00ebrfunduar aty. Mbaj mend gjilp\u00ebrat e shumta q\u00eb kam b\u00ebr\u00eb te birucat e Brak\u00ebs. Em\u00ebrtimin e tyre as sot nuk e di. Ato m\u2019i injektonin me forc\u00eb p\u00ebr t\u00eb harruar ato \u00e7ka duhej t\u00eb harroja. Me vet\u00ebdijen time me von\u00eb kam p\u00ebrdorur shum\u00eb kokrra qet\u00ebsuese t\u00eb llojeve t\u00eb ndryshme, deri tek morfinat, t\u00eb cilat i siguroja n\u00ebp\u00ebrmjet miqve t\u00eb mi besnik\u00eb, q\u00eb punonin n\u00eb spital. Qysh at\u00ebher\u00eb kam marr\u00eb shume medikamente qet\u00ebsuese dhe jam shtuar n\u00eb spitalin nervologjik disa her\u00eb. K\u00ebshtu ma shkat\u00ebrruan jet\u00ebn, rinin\u00eb, familjen, shpirtin&#8230;<\/p>\n","protected":false},"excerpt":{"rendered":"<p>Afrim Imaj, 31 Tetor 2010 Alida Hisku preferon ta rr\u00ebfej\u00eb n\u00eb vet\u00eb t\u00eb tret\u00eb pjes\u00ebn m\u00eb dramatike t\u00eb historis\u00eb s\u00eb saj, duke l\u00ebn\u00eb t\u00eb kuptohen arsyet e qen\u00ebsishme t\u00eb nj\u00eb sjellje t\u00eb till\u00eb. N\u00eb rastet e tjera \u00ebsht\u00eb mjaftuar me nj\u00eb retrospektiv\u00eb t\u00eb p\u00ebrgjithshme t\u00eb persekutimit absurd, pa u futur n\u00eb detajet e p\u00ebrjetimeve nga [&hellip;]<\/p>\n","protected":false},"author":1,"featured_media":0,"comment_status":"open","ping_status":"closed","sticky":false,"template":"","format":"standard","meta":{"footnotes":""},"categories":[2],"tags":[],"class_list":{"0":"post-4552","1":"post","2":"type-post","3":"status-publish","4":"format-standard","6":"category-artikuj"},"yoast_head":"<!-- This site is optimized with the Yoast SEO plugin v27.4 - https:\/\/yoast.com\/product\/yoast-seo-wordpress\/ -->\n<title>Alida Hisku: Tmerri i k\u00ebng\u00ebtareve t\u00eb bukura nga maniak\u00ebt e sigurimit - FjALA e LIR\u00cb - Arkivi<\/title>\n<meta name=\"robots\" content=\"index, follow, max-snippet:-1, max-image-preview:large, max-video-preview:-1\" \/>\n<link rel=\"canonical\" href=\"https:\/\/fjala.info\/2009-2015\/alida-hisku-tmerri-i-kengetareve-te-bukura-nga-maniaket-e-sigurimit\/\" \/>\n<meta property=\"og:locale\" content=\"sq_AL\" \/>\n<meta property=\"og:type\" content=\"article\" \/>\n<meta property=\"og:title\" content=\"Alida Hisku: Tmerri i k\u00ebng\u00ebtareve t\u00eb bukura nga maniak\u00ebt e sigurimit - FjALA e LIR\u00cb - Arkivi\" \/>\n<meta property=\"og:description\" content=\"Afrim Imaj, 31 Tetor 2010 Alida Hisku preferon ta rr\u00ebfej\u00eb n\u00eb vet\u00eb t\u00eb tret\u00eb pjes\u00ebn m\u00eb dramatike t\u00eb historis\u00eb s\u00eb saj, duke l\u00ebn\u00eb t\u00eb kuptohen arsyet e qen\u00ebsishme t\u00eb nj\u00eb sjellje t\u00eb till\u00eb. N\u00eb rastet e tjera \u00ebsht\u00eb mjaftuar me nj\u00eb retrospektiv\u00eb t\u00eb p\u00ebrgjithshme t\u00eb persekutimit absurd, pa u futur n\u00eb detajet e p\u00ebrjetimeve nga [&hellip;]\" \/>\n<meta property=\"og:url\" content=\"https:\/\/fjala.info\/2009-2015\/alida-hisku-tmerri-i-kengetareve-te-bukura-nga-maniaket-e-sigurimit\/\" \/>\n<meta property=\"og:site_name\" content=\"FjALA e LIR\u00cb - Arkivi\" \/>\n<meta property=\"article:published_time\" content=\"2010-10-31T20:42:09+00:00\" \/>\n<meta property=\"og:image\" content=\"http:\/\/fjala.shkoder.net\/wp-content\/uploads\/2010\/10\/alida_hisku_bashkeshorti.jpg\" \/>\n<meta name=\"author\" content=\"admin\" \/>\n<meta name=\"twitter:card\" content=\"summary_large_image\" \/>\n<meta name=\"twitter:label1\" content=\"Written by\" \/>\n\t<meta name=\"twitter:data1\" content=\"admin\" \/>\n\t<meta name=\"twitter:label2\" content=\"Est. reading time\" \/>\n\t<meta name=\"twitter:data2\" content=\"9 minutes\" \/>\n<script type=\"application\/ld+json\" class=\"yoast-schema-graph\">{\"@context\":\"https:\\\/\\\/schema.org\",\"@graph\":[{\"@type\":\"Article\",\"@id\":\"https:\\\/\\\/fjala.info\\\/2009-2015\\\/alida-hisku-tmerri-i-kengetareve-te-bukura-nga-maniaket-e-sigurimit\\\/#article\",\"isPartOf\":{\"@id\":\"https:\\\/\\\/fjala.info\\\/2009-2015\\\/alida-hisku-tmerri-i-kengetareve-te-bukura-nga-maniaket-e-sigurimit\\\/\"},\"author\":{\"name\":\"admin\",\"@id\":\"https:\\\/\\\/fjala.info\\\/2009-2015\\\/#\\\/schema\\\/person\\\/3aa1163ef05469c496fc94e77611ada2\"},\"headline\":\"Alida Hisku: Tmerri i k\u00ebng\u00ebtareve t\u00eb bukura nga maniak\u00ebt e sigurimit\",\"datePublished\":\"2010-10-31T20:42:09+00:00\",\"mainEntityOfPage\":{\"@id\":\"https:\\\/\\\/fjala.info\\\/2009-2015\\\/alida-hisku-tmerri-i-kengetareve-te-bukura-nga-maniaket-e-sigurimit\\\/\"},\"wordCount\":1752,\"commentCount\":0,\"publisher\":{\"@id\":\"https:\\\/\\\/fjala.info\\\/2009-2015\\\/#organization\"},\"image\":{\"@id\":\"https:\\\/\\\/fjala.info\\\/2009-2015\\\/alida-hisku-tmerri-i-kengetareve-te-bukura-nga-maniaket-e-sigurimit\\\/#primaryimage\"},\"thumbnailUrl\":\"http:\\\/\\\/fjala.shkoder.net\\\/wp-content\\\/uploads\\\/2010\\\/10\\\/alida_hisku_bashkeshorti.jpg\",\"articleSection\":[\"Artikuj\"],\"inLanguage\":\"sq-AL\",\"potentialAction\":[{\"@type\":\"CommentAction\",\"name\":\"Comment\",\"target\":[\"https:\\\/\\\/fjala.info\\\/2009-2015\\\/alida-hisku-tmerri-i-kengetareve-te-bukura-nga-maniaket-e-sigurimit\\\/#respond\"]}]},{\"@type\":\"WebPage\",\"@id\":\"https:\\\/\\\/fjala.info\\\/2009-2015\\\/alida-hisku-tmerri-i-kengetareve-te-bukura-nga-maniaket-e-sigurimit\\\/\",\"url\":\"https:\\\/\\\/fjala.info\\\/2009-2015\\\/alida-hisku-tmerri-i-kengetareve-te-bukura-nga-maniaket-e-sigurimit\\\/\",\"name\":\"Alida Hisku: Tmerri i k\u00ebng\u00ebtareve t\u00eb bukura nga maniak\u00ebt e sigurimit - FjALA e LIR\u00cb - Arkivi\",\"isPartOf\":{\"@id\":\"https:\\\/\\\/fjala.info\\\/2009-2015\\\/#website\"},\"primaryImageOfPage\":{\"@id\":\"https:\\\/\\\/fjala.info\\\/2009-2015\\\/alida-hisku-tmerri-i-kengetareve-te-bukura-nga-maniaket-e-sigurimit\\\/#primaryimage\"},\"image\":{\"@id\":\"https:\\\/\\\/fjala.info\\\/2009-2015\\\/alida-hisku-tmerri-i-kengetareve-te-bukura-nga-maniaket-e-sigurimit\\\/#primaryimage\"},\"thumbnailUrl\":\"http:\\\/\\\/fjala.shkoder.net\\\/wp-content\\\/uploads\\\/2010\\\/10\\\/alida_hisku_bashkeshorti.jpg\",\"datePublished\":\"2010-10-31T20:42:09+00:00\",\"breadcrumb\":{\"@id\":\"https:\\\/\\\/fjala.info\\\/2009-2015\\\/alida-hisku-tmerri-i-kengetareve-te-bukura-nga-maniaket-e-sigurimit\\\/#breadcrumb\"},\"inLanguage\":\"sq-AL\",\"potentialAction\":[{\"@type\":\"ReadAction\",\"target\":[\"https:\\\/\\\/fjala.info\\\/2009-2015\\\/alida-hisku-tmerri-i-kengetareve-te-bukura-nga-maniaket-e-sigurimit\\\/\"]}]},{\"@type\":\"ImageObject\",\"inLanguage\":\"sq-AL\",\"@id\":\"https:\\\/\\\/fjala.info\\\/2009-2015\\\/alida-hisku-tmerri-i-kengetareve-te-bukura-nga-maniaket-e-sigurimit\\\/#primaryimage\",\"url\":\"http:\\\/\\\/fjala.shkoder.net\\\/wp-content\\\/uploads\\\/2010\\\/10\\\/alida_hisku_bashkeshorti.jpg\",\"contentUrl\":\"http:\\\/\\\/fjala.shkoder.net\\\/wp-content\\\/uploads\\\/2010\\\/10\\\/alida_hisku_bashkeshorti.jpg\"},{\"@type\":\"BreadcrumbList\",\"@id\":\"https:\\\/\\\/fjala.info\\\/2009-2015\\\/alida-hisku-tmerri-i-kengetareve-te-bukura-nga-maniaket-e-sigurimit\\\/#breadcrumb\",\"itemListElement\":[{\"@type\":\"ListItem\",\"position\":1,\"name\":\"Home\",\"item\":\"https:\\\/\\\/fjala.info\\\/2009-2015\\\/\"},{\"@type\":\"ListItem\",\"position\":2,\"name\":\"Alida Hisku: Tmerri i k\u00ebng\u00ebtareve t\u00eb bukura nga maniak\u00ebt e sigurimit\"}]},{\"@type\":\"WebSite\",\"@id\":\"https:\\\/\\\/fjala.info\\\/2009-2015\\\/#website\",\"url\":\"https:\\\/\\\/fjala.info\\\/2009-2015\\\/\",\"name\":\"FjALA e LIR\u00cb - Arkivi\",\"description\":\"Arkivi 2009-2015\",\"publisher\":{\"@id\":\"https:\\\/\\\/fjala.info\\\/2009-2015\\\/#organization\"},\"potentialAction\":[{\"@type\":\"SearchAction\",\"target\":{\"@type\":\"EntryPoint\",\"urlTemplate\":\"https:\\\/\\\/fjala.info\\\/2009-2015\\\/?s={search_term_string}\"},\"query-input\":{\"@type\":\"PropertyValueSpecification\",\"valueRequired\":true,\"valueName\":\"search_term_string\"}}],\"inLanguage\":\"sq-AL\"},{\"@type\":\"Organization\",\"@id\":\"https:\\\/\\\/fjala.info\\\/2009-2015\\\/#organization\",\"name\":\"FjALA e LIR\u00cb - Arkivi\",\"url\":\"https:\\\/\\\/fjala.info\\\/2009-2015\\\/\",\"logo\":{\"@type\":\"ImageObject\",\"inLanguage\":\"sq-AL\",\"@id\":\"https:\\\/\\\/fjala.info\\\/2009-2015\\\/#\\\/schema\\\/logo\\\/image\\\/\",\"url\":\"\",\"contentUrl\":\"\",\"caption\":\"FjALA e LIR\u00cb - Arkivi\"},\"image\":{\"@id\":\"https:\\\/\\\/fjala.info\\\/2009-2015\\\/#\\\/schema\\\/logo\\\/image\\\/\"}},{\"@type\":\"Person\",\"@id\":\"https:\\\/\\\/fjala.info\\\/2009-2015\\\/#\\\/schema\\\/person\\\/3aa1163ef05469c496fc94e77611ada2\",\"name\":\"admin\",\"image\":{\"@type\":\"ImageObject\",\"inLanguage\":\"sq-AL\",\"@id\":\"https:\\\/\\\/fjala.info\\\/2009-2015\\\/wp-content\\\/uploads\\\/2012\\\/02\\\/arben_cokaj-120x150.jpg\",\"url\":\"https:\\\/\\\/fjala.info\\\/2009-2015\\\/wp-content\\\/uploads\\\/2012\\\/02\\\/arben_cokaj-120x150.jpg\",\"contentUrl\":\"https:\\\/\\\/fjala.info\\\/2009-2015\\\/wp-content\\\/uploads\\\/2012\\\/02\\\/arben_cokaj-120x150.jpg\",\"caption\":\"admin\"},\"description\":\"Admin, Fjala e Lir\u00eb\",\"sameAs\":[\"https:\\\/\\\/fjala.info\\\/\"],\"url\":\"https:\\\/\\\/fjala.info\\\/2009-2015\\\/author\\\/admin\\\/\"}]}<\/script>\n<!-- \/ Yoast SEO plugin. -->","yoast_head_json":{"title":"Alida Hisku: Tmerri i k\u00ebng\u00ebtareve t\u00eb bukura nga maniak\u00ebt e sigurimit - FjALA e LIR\u00cb - Arkivi","robots":{"index":"index","follow":"follow","max-snippet":"max-snippet:-1","max-image-preview":"max-image-preview:large","max-video-preview":"max-video-preview:-1"},"canonical":"https:\/\/fjala.info\/2009-2015\/alida-hisku-tmerri-i-kengetareve-te-bukura-nga-maniaket-e-sigurimit\/","og_locale":"sq_AL","og_type":"article","og_title":"Alida Hisku: Tmerri i k\u00ebng\u00ebtareve t\u00eb bukura nga maniak\u00ebt e sigurimit - FjALA e LIR\u00cb - Arkivi","og_description":"Afrim Imaj, 31 Tetor 2010 Alida Hisku preferon ta rr\u00ebfej\u00eb n\u00eb vet\u00eb t\u00eb tret\u00eb pjes\u00ebn m\u00eb dramatike t\u00eb historis\u00eb s\u00eb saj, duke l\u00ebn\u00eb t\u00eb kuptohen arsyet e qen\u00ebsishme t\u00eb nj\u00eb sjellje t\u00eb till\u00eb. N\u00eb rastet e tjera \u00ebsht\u00eb mjaftuar me nj\u00eb retrospektiv\u00eb t\u00eb p\u00ebrgjithshme t\u00eb persekutimit absurd, pa u futur n\u00eb detajet e p\u00ebrjetimeve nga [&hellip;]","og_url":"https:\/\/fjala.info\/2009-2015\/alida-hisku-tmerri-i-kengetareve-te-bukura-nga-maniaket-e-sigurimit\/","og_site_name":"FjALA e LIR\u00cb - Arkivi","article_published_time":"2010-10-31T20:42:09+00:00","og_image":[{"url":"http:\/\/fjala.shkoder.net\/wp-content\/uploads\/2010\/10\/alida_hisku_bashkeshorti.jpg","type":"","width":"","height":""}],"author":"admin","twitter_card":"summary_large_image","twitter_misc":{"Written by":"admin","Est. reading time":"9 minutes"},"schema":{"@context":"https:\/\/schema.org","@graph":[{"@type":"Article","@id":"https:\/\/fjala.info\/2009-2015\/alida-hisku-tmerri-i-kengetareve-te-bukura-nga-maniaket-e-sigurimit\/#article","isPartOf":{"@id":"https:\/\/fjala.info\/2009-2015\/alida-hisku-tmerri-i-kengetareve-te-bukura-nga-maniaket-e-sigurimit\/"},"author":{"name":"admin","@id":"https:\/\/fjala.info\/2009-2015\/#\/schema\/person\/3aa1163ef05469c496fc94e77611ada2"},"headline":"Alida Hisku: Tmerri i k\u00ebng\u00ebtareve t\u00eb bukura nga maniak\u00ebt e sigurimit","datePublished":"2010-10-31T20:42:09+00:00","mainEntityOfPage":{"@id":"https:\/\/fjala.info\/2009-2015\/alida-hisku-tmerri-i-kengetareve-te-bukura-nga-maniaket-e-sigurimit\/"},"wordCount":1752,"commentCount":0,"publisher":{"@id":"https:\/\/fjala.info\/2009-2015\/#organization"},"image":{"@id":"https:\/\/fjala.info\/2009-2015\/alida-hisku-tmerri-i-kengetareve-te-bukura-nga-maniaket-e-sigurimit\/#primaryimage"},"thumbnailUrl":"http:\/\/fjala.shkoder.net\/wp-content\/uploads\/2010\/10\/alida_hisku_bashkeshorti.jpg","articleSection":["Artikuj"],"inLanguage":"sq-AL","potentialAction":[{"@type":"CommentAction","name":"Comment","target":["https:\/\/fjala.info\/2009-2015\/alida-hisku-tmerri-i-kengetareve-te-bukura-nga-maniaket-e-sigurimit\/#respond"]}]},{"@type":"WebPage","@id":"https:\/\/fjala.info\/2009-2015\/alida-hisku-tmerri-i-kengetareve-te-bukura-nga-maniaket-e-sigurimit\/","url":"https:\/\/fjala.info\/2009-2015\/alida-hisku-tmerri-i-kengetareve-te-bukura-nga-maniaket-e-sigurimit\/","name":"Alida Hisku: Tmerri i k\u00ebng\u00ebtareve t\u00eb bukura nga maniak\u00ebt e sigurimit - FjALA e LIR\u00cb - Arkivi","isPartOf":{"@id":"https:\/\/fjala.info\/2009-2015\/#website"},"primaryImageOfPage":{"@id":"https:\/\/fjala.info\/2009-2015\/alida-hisku-tmerri-i-kengetareve-te-bukura-nga-maniaket-e-sigurimit\/#primaryimage"},"image":{"@id":"https:\/\/fjala.info\/2009-2015\/alida-hisku-tmerri-i-kengetareve-te-bukura-nga-maniaket-e-sigurimit\/#primaryimage"},"thumbnailUrl":"http:\/\/fjala.shkoder.net\/wp-content\/uploads\/2010\/10\/alida_hisku_bashkeshorti.jpg","datePublished":"2010-10-31T20:42:09+00:00","breadcrumb":{"@id":"https:\/\/fjala.info\/2009-2015\/alida-hisku-tmerri-i-kengetareve-te-bukura-nga-maniaket-e-sigurimit\/#breadcrumb"},"inLanguage":"sq-AL","potentialAction":[{"@type":"ReadAction","target":["https:\/\/fjala.info\/2009-2015\/alida-hisku-tmerri-i-kengetareve-te-bukura-nga-maniaket-e-sigurimit\/"]}]},{"@type":"ImageObject","inLanguage":"sq-AL","@id":"https:\/\/fjala.info\/2009-2015\/alida-hisku-tmerri-i-kengetareve-te-bukura-nga-maniaket-e-sigurimit\/#primaryimage","url":"http:\/\/fjala.shkoder.net\/wp-content\/uploads\/2010\/10\/alida_hisku_bashkeshorti.jpg","contentUrl":"http:\/\/fjala.shkoder.net\/wp-content\/uploads\/2010\/10\/alida_hisku_bashkeshorti.jpg"},{"@type":"BreadcrumbList","@id":"https:\/\/fjala.info\/2009-2015\/alida-hisku-tmerri-i-kengetareve-te-bukura-nga-maniaket-e-sigurimit\/#breadcrumb","itemListElement":[{"@type":"ListItem","position":1,"name":"Home","item":"https:\/\/fjala.info\/2009-2015\/"},{"@type":"ListItem","position":2,"name":"Alida Hisku: Tmerri i k\u00ebng\u00ebtareve t\u00eb bukura nga maniak\u00ebt e sigurimit"}]},{"@type":"WebSite","@id":"https:\/\/fjala.info\/2009-2015\/#website","url":"https:\/\/fjala.info\/2009-2015\/","name":"FjALA e LIR\u00cb - Arkivi","description":"Arkivi 2009-2015","publisher":{"@id":"https:\/\/fjala.info\/2009-2015\/#organization"},"potentialAction":[{"@type":"SearchAction","target":{"@type":"EntryPoint","urlTemplate":"https:\/\/fjala.info\/2009-2015\/?s={search_term_string}"},"query-input":{"@type":"PropertyValueSpecification","valueRequired":true,"valueName":"search_term_string"}}],"inLanguage":"sq-AL"},{"@type":"Organization","@id":"https:\/\/fjala.info\/2009-2015\/#organization","name":"FjALA e LIR\u00cb - Arkivi","url":"https:\/\/fjala.info\/2009-2015\/","logo":{"@type":"ImageObject","inLanguage":"sq-AL","@id":"https:\/\/fjala.info\/2009-2015\/#\/schema\/logo\/image\/","url":"","contentUrl":"","caption":"FjALA e LIR\u00cb - Arkivi"},"image":{"@id":"https:\/\/fjala.info\/2009-2015\/#\/schema\/logo\/image\/"}},{"@type":"Person","@id":"https:\/\/fjala.info\/2009-2015\/#\/schema\/person\/3aa1163ef05469c496fc94e77611ada2","name":"admin","image":{"@type":"ImageObject","inLanguage":"sq-AL","@id":"https:\/\/fjala.info\/2009-2015\/wp-content\/uploads\/2012\/02\/arben_cokaj-120x150.jpg","url":"https:\/\/fjala.info\/2009-2015\/wp-content\/uploads\/2012\/02\/arben_cokaj-120x150.jpg","contentUrl":"https:\/\/fjala.info\/2009-2015\/wp-content\/uploads\/2012\/02\/arben_cokaj-120x150.jpg","caption":"admin"},"description":"Admin, Fjala e Lir\u00eb","sameAs":["https:\/\/fjala.info\/"],"url":"https:\/\/fjala.info\/2009-2015\/author\/admin\/"}]}},"_links":{"self":[{"href":"https:\/\/fjala.info\/2009-2015\/wp-json\/wp\/v2\/posts\/4552","targetHints":{"allow":["GET"]}}],"collection":[{"href":"https:\/\/fjala.info\/2009-2015\/wp-json\/wp\/v2\/posts"}],"about":[{"href":"https:\/\/fjala.info\/2009-2015\/wp-json\/wp\/v2\/types\/post"}],"author":[{"embeddable":true,"href":"https:\/\/fjala.info\/2009-2015\/wp-json\/wp\/v2\/users\/1"}],"replies":[{"embeddable":true,"href":"https:\/\/fjala.info\/2009-2015\/wp-json\/wp\/v2\/comments?post=4552"}],"version-history":[{"count":0,"href":"https:\/\/fjala.info\/2009-2015\/wp-json\/wp\/v2\/posts\/4552\/revisions"}],"wp:attachment":[{"href":"https:\/\/fjala.info\/2009-2015\/wp-json\/wp\/v2\/media?parent=4552"}],"wp:term":[{"taxonomy":"category","embeddable":true,"href":"https:\/\/fjala.info\/2009-2015\/wp-json\/wp\/v2\/categories?post=4552"},{"taxonomy":"post_tag","embeddable":true,"href":"https:\/\/fjala.info\/2009-2015\/wp-json\/wp\/v2\/tags?post=4552"}],"curies":[{"name":"wp","href":"https:\/\/api.w.org\/{rel}","templated":true}]}}