{"id":4551,"date":"2012-08-21T10:06:56","date_gmt":"2012-08-21T09:06:56","guid":{"rendered":"http:\/\/www.fjala.info\/?p=4551"},"modified":"2012-08-21T10:06:56","modified_gmt":"2012-08-21T09:06:56","slug":"po-une-pse-nuk-kam-si-ish-rrjepacaket","status":"publish","type":"post","link":"https:\/\/fjala.info\/2009-2015\/po-une-pse-nuk-kam-si-ish-rrjepacaket\/","title":{"rendered":"Po un\u00eb pse nuk kam? Si ish-rrjepacak\u00ebt?"},"content":{"rendered":"<p><img decoding=\"async\" class=\"alignright size-thumbnail wp-image-7236\" title=\"Erjon Bra\u00e7e\" src=\"http:\/\/www.fjala.info\/2012\/erion_brace_terren.jpg\" alt=\"\" width=\"300\" \/> <strong>ResPublica.al<\/strong>, <em>20 gusht 2012<\/em><\/p>\n<p>\u201cTet\u00eb vjet m\u00eb par\u00eb, kur hyra n\u00eb Parlament si deputet i PD-s\u00eb, un\u00eb kisha nj\u00eb dhom\u00eb e nj\u00eb guzhin\u00eb n\u00eb katin e n\u00ebnt\u00eb t\u00eb nj\u00eb pallati. Ligji i aprovuar ato koh\u00eb i ndalonte deputetit t\u00eb merrej me biznes ose me dypun\u00ebsi, qoft\u00eb dhe indirekt. Un\u00eb e respektova k\u00ebt\u00eb ligj dhe mbeta n\u00eb m\u00ebnyr\u00eb t\u00eb natyrshme n\u00eb k\u00ebt\u00eb apartament, megjith\u00ebse f\u00ebmij\u00ebt u rrit\u00ebn. Mbeta n\u00eb k\u00ebt\u00eb apartament jo se desha t\u00eb q\u00ebndroja n\u00eb at\u00eb ngusht\u00ebsir\u00eb, por se nuk kisha dhe nuk kam mund\u00ebsi financiare t\u00eb blej nj\u00eb apartament t\u00eb ri\u201d.<\/p>\n<p>Fjal\u00ebt jan\u00eb t\u00eb cituara nga deputeti Erjon Bra\u00e7e. N\u00eb nje nga mesazhet e tij online (\u00ebsht\u00eb deputeti m\u00eb aktiv n\u00eb k\u00ebt\u00eb lloj komunikimi) edhe Bra\u00e7e duket i mb\u00ebrthyer fort nga pesimizmi i p\u00ebrgjithsh\u00ebm, kur citon t\u00eb ndjerin Teodor Keko se \u201c<em>\u00ebsht\u00eb pa kuptim t\u00eb ftosh popullin t\u00eb votoj\u00eb, kur pjesa m\u00eb e madhe e politikan\u00ebve jan\u00eb hajdut\u00ebr<\/em>\u201d e n\u00eb fund i drejtohet Prokuroris\u00eb:<\/p>\n<p>\u201c&#8230;E nisa nga analiza e vetvetes, p\u00ebr t\u2019iu treguar se edhe un\u00eb habitem sesi shum\u00eb ish-koleg\u00eb t\u00eb mi, dikur shum\u00eb m\u00eb rrjepacak\u00eb ekonomikisht, nga un\u00eb, dhe ndryshe nga un\u00eb, pa asnj\u00eb t\u00eb ardhur shtes\u00eb nga honoraret etj, sot banojn\u00eb n\u00eb vila, apo apartamente superluksoze. Nj\u00eb prokurori serioze duhet t\u00eb ndaloj\u00eb, para nj\u00eb peisazhi t\u00eb till\u00eb dhe t\u00eb b\u00ebj\u00eb pyetjen e thjesht\u00eb pa asnj\u00eb tendenc\u00eb: Mund t\u00eb m\u00eb thoni se ku i gjet\u00ebt lek\u00ebt?&#8230;\u201d.<\/p>\n<p>Pyetje e thjesht\u00eb. Apo ashtu duket? A.N.<\/p>\n<p>N\u00eb foto: <em>Bra\u00e7e gjat\u00eb nj\u00eb denoncimi n\u00eb terren p\u00ebr nd\u00ebrtime abuzive n\u00eb zon\u00ebn pran\u00eb Liqenit n\u00eb Tiran\u00eb<\/em> (LSA)<\/p>\n","protected":false},"excerpt":{"rendered":"<p>ResPublica.al, 20 gusht 2012 \u201cTet\u00eb vjet m\u00eb par\u00eb, kur hyra n\u00eb Parlament si deputet i PD-s\u00eb, un\u00eb kisha nj\u00eb dhom\u00eb e nj\u00eb guzhin\u00eb n\u00eb katin e n\u00ebnt\u00eb t\u00eb nj\u00eb pallati. Ligji i aprovuar ato koh\u00eb i ndalonte deputetit t\u00eb merrej me biznes ose me dypun\u00ebsi, qoft\u00eb dhe indirekt. Un\u00eb e respektova k\u00ebt\u00eb ligj dhe mbeta [&hellip;]<\/p>\n","protected":false},"author":1,"featured_media":0,"comment_status":"open","ping_status":"closed","sticky":false,"template":"","format":"standard","meta":{"footnotes":""},"categories":[2],"tags":[],"class_list":{"0":"post-4551","1":"post","2":"type-post","3":"status-publish","4":"format-standard","6":"category-artikuj"},"yoast_head":"<!-- This site is optimized with the Yoast SEO plugin v27.4 - https:\/\/yoast.com\/product\/yoast-seo-wordpress\/ -->\n<title>Po un\u00eb pse nuk kam? Si ish-rrjepacak\u00ebt? - FjALA e LIR\u00cb - Arkivi<\/title>\n<meta name=\"robots\" content=\"index, follow, max-snippet:-1, max-image-preview:large, max-video-preview:-1\" \/>\n<link rel=\"canonical\" href=\"https:\/\/fjala.info\/2009-2015\/po-une-pse-nuk-kam-si-ish-rrjepacaket\/\" \/>\n<meta property=\"og:locale\" content=\"sq_AL\" \/>\n<meta property=\"og:type\" content=\"article\" \/>\n<meta property=\"og:title\" content=\"Po un\u00eb pse nuk kam? Si ish-rrjepacak\u00ebt? - FjALA e LIR\u00cb - Arkivi\" \/>\n<meta property=\"og:description\" content=\"ResPublica.al, 20 gusht 2012 \u201cTet\u00eb vjet m\u00eb par\u00eb, kur hyra n\u00eb Parlament si deputet i PD-s\u00eb, un\u00eb kisha nj\u00eb dhom\u00eb e nj\u00eb guzhin\u00eb n\u00eb katin e n\u00ebnt\u00eb t\u00eb nj\u00eb pallati. Ligji i aprovuar ato koh\u00eb i ndalonte deputetit t\u00eb merrej me biznes ose me dypun\u00ebsi, qoft\u00eb dhe indirekt. Un\u00eb e respektova k\u00ebt\u00eb ligj dhe mbeta [&hellip;]\" \/>\n<meta property=\"og:url\" content=\"https:\/\/fjala.info\/2009-2015\/po-une-pse-nuk-kam-si-ish-rrjepacaket\/\" \/>\n<meta property=\"og:site_name\" content=\"FjALA e LIR\u00cb - Arkivi\" \/>\n<meta property=\"article:published_time\" content=\"2012-08-21T09:06:56+00:00\" \/>\n<meta property=\"og:image\" content=\"http:\/\/www.fjala.info\/2012\/erion_brace_terren.jpg\" \/>\n<meta name=\"author\" content=\"admin\" \/>\n<meta name=\"twitter:card\" content=\"summary_large_image\" \/>\n<meta name=\"twitter:label1\" content=\"Written by\" \/>\n\t<meta name=\"twitter:data1\" content=\"admin\" \/>\n\t<meta name=\"twitter:label2\" content=\"Est. reading time\" \/>\n\t<meta name=\"twitter:data2\" content=\"1 minute\" \/>\n<script type=\"application\/ld+json\" class=\"yoast-schema-graph\">{\"@context\":\"https:\\\/\\\/schema.org\",\"@graph\":[{\"@type\":\"Article\",\"@id\":\"https:\\\/\\\/fjala.info\\\/2009-2015\\\/po-une-pse-nuk-kam-si-ish-rrjepacaket\\\/#article\",\"isPartOf\":{\"@id\":\"https:\\\/\\\/fjala.info\\\/2009-2015\\\/po-une-pse-nuk-kam-si-ish-rrjepacaket\\\/\"},\"author\":{\"name\":\"admin\",\"@id\":\"https:\\\/\\\/fjala.info\\\/2009-2015\\\/#\\\/schema\\\/person\\\/3aa1163ef05469c496fc94e77611ada2\"},\"headline\":\"Po un\u00eb pse nuk kam? Si ish-rrjepacak\u00ebt?\",\"datePublished\":\"2012-08-21T09:06:56+00:00\",\"mainEntityOfPage\":{\"@id\":\"https:\\\/\\\/fjala.info\\\/2009-2015\\\/po-une-pse-nuk-kam-si-ish-rrjepacaket\\\/\"},\"wordCount\":293,\"commentCount\":0,\"publisher\":{\"@id\":\"https:\\\/\\\/fjala.info\\\/2009-2015\\\/#organization\"},\"image\":{\"@id\":\"https:\\\/\\\/fjala.info\\\/2009-2015\\\/po-une-pse-nuk-kam-si-ish-rrjepacaket\\\/#primaryimage\"},\"thumbnailUrl\":\"http:\\\/\\\/www.fjala.info\\\/2012\\\/erion_brace_terren.jpg\",\"articleSection\":[\"Artikuj\"],\"inLanguage\":\"sq-AL\",\"potentialAction\":[{\"@type\":\"CommentAction\",\"name\":\"Comment\",\"target\":[\"https:\\\/\\\/fjala.info\\\/2009-2015\\\/po-une-pse-nuk-kam-si-ish-rrjepacaket\\\/#respond\"]}]},{\"@type\":\"WebPage\",\"@id\":\"https:\\\/\\\/fjala.info\\\/2009-2015\\\/po-une-pse-nuk-kam-si-ish-rrjepacaket\\\/\",\"url\":\"https:\\\/\\\/fjala.info\\\/2009-2015\\\/po-une-pse-nuk-kam-si-ish-rrjepacaket\\\/\",\"name\":\"Po un\u00eb pse nuk kam? Si ish-rrjepacak\u00ebt? - FjALA e LIR\u00cb - Arkivi\",\"isPartOf\":{\"@id\":\"https:\\\/\\\/fjala.info\\\/2009-2015\\\/#website\"},\"primaryImageOfPage\":{\"@id\":\"https:\\\/\\\/fjala.info\\\/2009-2015\\\/po-une-pse-nuk-kam-si-ish-rrjepacaket\\\/#primaryimage\"},\"image\":{\"@id\":\"https:\\\/\\\/fjala.info\\\/2009-2015\\\/po-une-pse-nuk-kam-si-ish-rrjepacaket\\\/#primaryimage\"},\"thumbnailUrl\":\"http:\\\/\\\/www.fjala.info\\\/2012\\\/erion_brace_terren.jpg\",\"datePublished\":\"2012-08-21T09:06:56+00:00\",\"breadcrumb\":{\"@id\":\"https:\\\/\\\/fjala.info\\\/2009-2015\\\/po-une-pse-nuk-kam-si-ish-rrjepacaket\\\/#breadcrumb\"},\"inLanguage\":\"sq-AL\",\"potentialAction\":[{\"@type\":\"ReadAction\",\"target\":[\"https:\\\/\\\/fjala.info\\\/2009-2015\\\/po-une-pse-nuk-kam-si-ish-rrjepacaket\\\/\"]}]},{\"@type\":\"ImageObject\",\"inLanguage\":\"sq-AL\",\"@id\":\"https:\\\/\\\/fjala.info\\\/2009-2015\\\/po-une-pse-nuk-kam-si-ish-rrjepacaket\\\/#primaryimage\",\"url\":\"http:\\\/\\\/www.fjala.info\\\/2012\\\/erion_brace_terren.jpg\",\"contentUrl\":\"http:\\\/\\\/www.fjala.info\\\/2012\\\/erion_brace_terren.jpg\"},{\"@type\":\"BreadcrumbList\",\"@id\":\"https:\\\/\\\/fjala.info\\\/2009-2015\\\/po-une-pse-nuk-kam-si-ish-rrjepacaket\\\/#breadcrumb\",\"itemListElement\":[{\"@type\":\"ListItem\",\"position\":1,\"name\":\"Home\",\"item\":\"https:\\\/\\\/fjala.info\\\/2009-2015\\\/\"},{\"@type\":\"ListItem\",\"position\":2,\"name\":\"Po un\u00eb pse nuk kam? Si ish-rrjepacak\u00ebt?\"}]},{\"@type\":\"WebSite\",\"@id\":\"https:\\\/\\\/fjala.info\\\/2009-2015\\\/#website\",\"url\":\"https:\\\/\\\/fjala.info\\\/2009-2015\\\/\",\"name\":\"FjALA e LIR\u00cb - Arkivi\",\"description\":\"Arkivi 2009-2015\",\"publisher\":{\"@id\":\"https:\\\/\\\/fjala.info\\\/2009-2015\\\/#organization\"},\"potentialAction\":[{\"@type\":\"SearchAction\",\"target\":{\"@type\":\"EntryPoint\",\"urlTemplate\":\"https:\\\/\\\/fjala.info\\\/2009-2015\\\/?s={search_term_string}\"},\"query-input\":{\"@type\":\"PropertyValueSpecification\",\"valueRequired\":true,\"valueName\":\"search_term_string\"}}],\"inLanguage\":\"sq-AL\"},{\"@type\":\"Organization\",\"@id\":\"https:\\\/\\\/fjala.info\\\/2009-2015\\\/#organization\",\"name\":\"FjALA e LIR\u00cb - Arkivi\",\"url\":\"https:\\\/\\\/fjala.info\\\/2009-2015\\\/\",\"logo\":{\"@type\":\"ImageObject\",\"inLanguage\":\"sq-AL\",\"@id\":\"https:\\\/\\\/fjala.info\\\/2009-2015\\\/#\\\/schema\\\/logo\\\/image\\\/\",\"url\":\"\",\"contentUrl\":\"\",\"caption\":\"FjALA e LIR\u00cb - Arkivi\"},\"image\":{\"@id\":\"https:\\\/\\\/fjala.info\\\/2009-2015\\\/#\\\/schema\\\/logo\\\/image\\\/\"}},{\"@type\":\"Person\",\"@id\":\"https:\\\/\\\/fjala.info\\\/2009-2015\\\/#\\\/schema\\\/person\\\/3aa1163ef05469c496fc94e77611ada2\",\"name\":\"admin\",\"image\":{\"@type\":\"ImageObject\",\"inLanguage\":\"sq-AL\",\"@id\":\"https:\\\/\\\/fjala.info\\\/2009-2015\\\/wp-content\\\/uploads\\\/2012\\\/02\\\/arben_cokaj-120x150.jpg\",\"url\":\"https:\\\/\\\/fjala.info\\\/2009-2015\\\/wp-content\\\/uploads\\\/2012\\\/02\\\/arben_cokaj-120x150.jpg\",\"contentUrl\":\"https:\\\/\\\/fjala.info\\\/2009-2015\\\/wp-content\\\/uploads\\\/2012\\\/02\\\/arben_cokaj-120x150.jpg\",\"caption\":\"admin\"},\"description\":\"Admin, Fjala e Lir\u00eb\",\"sameAs\":[\"https:\\\/\\\/fjala.info\\\/\"],\"url\":\"https:\\\/\\\/fjala.info\\\/2009-2015\\\/author\\\/admin\\\/\"}]}<\/script>\n<!-- \/ Yoast SEO plugin. -->","yoast_head_json":{"title":"Po un\u00eb pse nuk kam? Si ish-rrjepacak\u00ebt? - FjALA e LIR\u00cb - Arkivi","robots":{"index":"index","follow":"follow","max-snippet":"max-snippet:-1","max-image-preview":"max-image-preview:large","max-video-preview":"max-video-preview:-1"},"canonical":"https:\/\/fjala.info\/2009-2015\/po-une-pse-nuk-kam-si-ish-rrjepacaket\/","og_locale":"sq_AL","og_type":"article","og_title":"Po un\u00eb pse nuk kam? Si ish-rrjepacak\u00ebt? - FjALA e LIR\u00cb - Arkivi","og_description":"ResPublica.al, 20 gusht 2012 \u201cTet\u00eb vjet m\u00eb par\u00eb, kur hyra n\u00eb Parlament si deputet i PD-s\u00eb, un\u00eb kisha nj\u00eb dhom\u00eb e nj\u00eb guzhin\u00eb n\u00eb katin e n\u00ebnt\u00eb t\u00eb nj\u00eb pallati. Ligji i aprovuar ato koh\u00eb i ndalonte deputetit t\u00eb merrej me biznes ose me dypun\u00ebsi, qoft\u00eb dhe indirekt. Un\u00eb e respektova k\u00ebt\u00eb ligj dhe mbeta [&hellip;]","og_url":"https:\/\/fjala.info\/2009-2015\/po-une-pse-nuk-kam-si-ish-rrjepacaket\/","og_site_name":"FjALA e LIR\u00cb - Arkivi","article_published_time":"2012-08-21T09:06:56+00:00","og_image":[{"url":"http:\/\/www.fjala.info\/2012\/erion_brace_terren.jpg","type":"","width":"","height":""}],"author":"admin","twitter_card":"summary_large_image","twitter_misc":{"Written by":"admin","Est. reading time":"1 minute"},"schema":{"@context":"https:\/\/schema.org","@graph":[{"@type":"Article","@id":"https:\/\/fjala.info\/2009-2015\/po-une-pse-nuk-kam-si-ish-rrjepacaket\/#article","isPartOf":{"@id":"https:\/\/fjala.info\/2009-2015\/po-une-pse-nuk-kam-si-ish-rrjepacaket\/"},"author":{"name":"admin","@id":"https:\/\/fjala.info\/2009-2015\/#\/schema\/person\/3aa1163ef05469c496fc94e77611ada2"},"headline":"Po un\u00eb pse nuk kam? Si ish-rrjepacak\u00ebt?","datePublished":"2012-08-21T09:06:56+00:00","mainEntityOfPage":{"@id":"https:\/\/fjala.info\/2009-2015\/po-une-pse-nuk-kam-si-ish-rrjepacaket\/"},"wordCount":293,"commentCount":0,"publisher":{"@id":"https:\/\/fjala.info\/2009-2015\/#organization"},"image":{"@id":"https:\/\/fjala.info\/2009-2015\/po-une-pse-nuk-kam-si-ish-rrjepacaket\/#primaryimage"},"thumbnailUrl":"http:\/\/www.fjala.info\/2012\/erion_brace_terren.jpg","articleSection":["Artikuj"],"inLanguage":"sq-AL","potentialAction":[{"@type":"CommentAction","name":"Comment","target":["https:\/\/fjala.info\/2009-2015\/po-une-pse-nuk-kam-si-ish-rrjepacaket\/#respond"]}]},{"@type":"WebPage","@id":"https:\/\/fjala.info\/2009-2015\/po-une-pse-nuk-kam-si-ish-rrjepacaket\/","url":"https:\/\/fjala.info\/2009-2015\/po-une-pse-nuk-kam-si-ish-rrjepacaket\/","name":"Po un\u00eb pse nuk kam? Si ish-rrjepacak\u00ebt? - FjALA e LIR\u00cb - Arkivi","isPartOf":{"@id":"https:\/\/fjala.info\/2009-2015\/#website"},"primaryImageOfPage":{"@id":"https:\/\/fjala.info\/2009-2015\/po-une-pse-nuk-kam-si-ish-rrjepacaket\/#primaryimage"},"image":{"@id":"https:\/\/fjala.info\/2009-2015\/po-une-pse-nuk-kam-si-ish-rrjepacaket\/#primaryimage"},"thumbnailUrl":"http:\/\/www.fjala.info\/2012\/erion_brace_terren.jpg","datePublished":"2012-08-21T09:06:56+00:00","breadcrumb":{"@id":"https:\/\/fjala.info\/2009-2015\/po-une-pse-nuk-kam-si-ish-rrjepacaket\/#breadcrumb"},"inLanguage":"sq-AL","potentialAction":[{"@type":"ReadAction","target":["https:\/\/fjala.info\/2009-2015\/po-une-pse-nuk-kam-si-ish-rrjepacaket\/"]}]},{"@type":"ImageObject","inLanguage":"sq-AL","@id":"https:\/\/fjala.info\/2009-2015\/po-une-pse-nuk-kam-si-ish-rrjepacaket\/#primaryimage","url":"http:\/\/www.fjala.info\/2012\/erion_brace_terren.jpg","contentUrl":"http:\/\/www.fjala.info\/2012\/erion_brace_terren.jpg"},{"@type":"BreadcrumbList","@id":"https:\/\/fjala.info\/2009-2015\/po-une-pse-nuk-kam-si-ish-rrjepacaket\/#breadcrumb","itemListElement":[{"@type":"ListItem","position":1,"name":"Home","item":"https:\/\/fjala.info\/2009-2015\/"},{"@type":"ListItem","position":2,"name":"Po un\u00eb pse nuk kam? Si ish-rrjepacak\u00ebt?"}]},{"@type":"WebSite","@id":"https:\/\/fjala.info\/2009-2015\/#website","url":"https:\/\/fjala.info\/2009-2015\/","name":"FjALA e LIR\u00cb - Arkivi","description":"Arkivi 2009-2015","publisher":{"@id":"https:\/\/fjala.info\/2009-2015\/#organization"},"potentialAction":[{"@type":"SearchAction","target":{"@type":"EntryPoint","urlTemplate":"https:\/\/fjala.info\/2009-2015\/?s={search_term_string}"},"query-input":{"@type":"PropertyValueSpecification","valueRequired":true,"valueName":"search_term_string"}}],"inLanguage":"sq-AL"},{"@type":"Organization","@id":"https:\/\/fjala.info\/2009-2015\/#organization","name":"FjALA e LIR\u00cb - Arkivi","url":"https:\/\/fjala.info\/2009-2015\/","logo":{"@type":"ImageObject","inLanguage":"sq-AL","@id":"https:\/\/fjala.info\/2009-2015\/#\/schema\/logo\/image\/","url":"","contentUrl":"","caption":"FjALA e LIR\u00cb - Arkivi"},"image":{"@id":"https:\/\/fjala.info\/2009-2015\/#\/schema\/logo\/image\/"}},{"@type":"Person","@id":"https:\/\/fjala.info\/2009-2015\/#\/schema\/person\/3aa1163ef05469c496fc94e77611ada2","name":"admin","image":{"@type":"ImageObject","inLanguage":"sq-AL","@id":"https:\/\/fjala.info\/2009-2015\/wp-content\/uploads\/2012\/02\/arben_cokaj-120x150.jpg","url":"https:\/\/fjala.info\/2009-2015\/wp-content\/uploads\/2012\/02\/arben_cokaj-120x150.jpg","contentUrl":"https:\/\/fjala.info\/2009-2015\/wp-content\/uploads\/2012\/02\/arben_cokaj-120x150.jpg","caption":"admin"},"description":"Admin, Fjala e Lir\u00eb","sameAs":["https:\/\/fjala.info\/"],"url":"https:\/\/fjala.info\/2009-2015\/author\/admin\/"}]}},"_links":{"self":[{"href":"https:\/\/fjala.info\/2009-2015\/wp-json\/wp\/v2\/posts\/4551","targetHints":{"allow":["GET"]}}],"collection":[{"href":"https:\/\/fjala.info\/2009-2015\/wp-json\/wp\/v2\/posts"}],"about":[{"href":"https:\/\/fjala.info\/2009-2015\/wp-json\/wp\/v2\/types\/post"}],"author":[{"embeddable":true,"href":"https:\/\/fjala.info\/2009-2015\/wp-json\/wp\/v2\/users\/1"}],"replies":[{"embeddable":true,"href":"https:\/\/fjala.info\/2009-2015\/wp-json\/wp\/v2\/comments?post=4551"}],"version-history":[{"count":0,"href":"https:\/\/fjala.info\/2009-2015\/wp-json\/wp\/v2\/posts\/4551\/revisions"}],"wp:attachment":[{"href":"https:\/\/fjala.info\/2009-2015\/wp-json\/wp\/v2\/media?parent=4551"}],"wp:term":[{"taxonomy":"category","embeddable":true,"href":"https:\/\/fjala.info\/2009-2015\/wp-json\/wp\/v2\/categories?post=4551"},{"taxonomy":"post_tag","embeddable":true,"href":"https:\/\/fjala.info\/2009-2015\/wp-json\/wp\/v2\/tags?post=4551"}],"curies":[{"name":"wp","href":"https:\/\/api.w.org\/{rel}","templated":true}]}}