{"id":4549,"date":"2012-08-21T10:01:22","date_gmt":"2012-08-21T09:01:22","guid":{"rendered":"http:\/\/www.fjala.info\/?p=4549"},"modified":"2012-08-21T10:01:22","modified_gmt":"2012-08-21T09:01:22","slug":"shtetit-qe-udhehiqet-nga-nje-femer-i-ndodh-kiameti","status":"publish","type":"post","link":"https:\/\/fjala.info\/2009-2015\/shtetit-qe-udhehiqet-nga-nje-femer-i-ndodh-kiameti\/","title":{"rendered":"Shtetit q\u00eb udh\u00ebhiqet nga nj\u00eb fem\u00ebr \u201ci ndodh kiameti\u201d&#8230;"},"content":{"rendered":"<p><img decoding=\"async\" class=\"alignleft size-thumbnail wp-image-7236\" title=\"Atifete Jahjaga\" src=\"http:\/\/www.fjala.info\/2012\/atifete_jahjaga_helikopter.jpg\" alt=\"\" width=\"300\" \/> <strong>ResPublica.al<\/strong>, <em>20 gusht 2012<\/em><\/p>\n<p>Presidentja e Kosov\u00ebs, Atifete Jahjaga, e para udh\u00ebheq\u00ebse fem\u00ebr e nj\u00eb vendi ballkanik, gjat\u00eb nj\u00eb darke n\u00eb Varshav\u00eb (maj 2011) me presidentin amerikan, Barack Obama, lidhjen e kosovar\u00ebve me fen\u00eb e ka sqaruar si \u201clidhje individuale me Zotin, aty ku shteti nuk p\u00ebrzihet\u201d. Por n\u00eb shtetin e Jahjag\u00ebs, Kosov\u00eb, ekziston nj\u00eb grup i njer\u00ebzve q\u00eb thon\u00eb se shteti q\u00eb udh\u00ebhiqet prej nj\u00eb femre, aq m\u00eb tep\u00ebr t\u00eb pambuluar me shami, rrezikohet prej \u201ckiametit\u201d, &#8211; shkruan e p\u00ebrditshmja kosovare \u201cKoha Ditore\u201d n\u00eb nj\u00eb artikull t\u00eb gjat\u00eb ku citohet nj\u00eb raport i \u201cQendr\u00ebs Kosovare p\u00ebr Gazetari\u201d.<\/p>\n<p>Thuhet n\u00eb k\u00ebt\u00eb raport: \u201cRreziku p\u00ebr t\u00eb cilin flet nj\u00eb raport i Policis\u00eb s\u00eb Kosov\u00ebs p\u00ebr radikalizimin e Islamit n\u00eb Kosov\u00eb nuk \u00ebsht\u00eb v\u00ebshtir\u00eb t\u00eb verifikohet n\u00eb ligj\u00ebratat q\u00eb mbajn\u00eb n\u00eb xhami apo predikimet q\u00eb i b\u00ebjn\u00eb n\u00eb kanalet e tyre n\u00eb <em>youtube<\/em> disa imam\u00eb t\u00eb Bashk\u00ebsis\u00eb Islame t\u00eb Kosov\u00ebs. Nj\u00ebri prej tyre mendon q\u00eb <em>shtetit q\u00eb e udh\u00ebheq nj\u00eb fem\u00ebr \u201ci ndodh kiameti\u201d.<\/em><\/p>\n<p>Shprehja p\u00ebr Jahjag\u00ebn \u00ebsht\u00eb th\u00ebn\u00eb nga imami i nj\u00eb xhamie n\u00eb Prishtin\u00eb, Fadil Sogojeva. Por n\u00eb shkrimin e \u201cKoh\u00ebs Ditore\u201d renditen edhe deklarime t\u00eb tjera t\u00eb atyre q\u00eb n\u00eb opinionin kosovar njihen si \u201c<em>vahabist\u00eb<\/em>\u201d (jan\u00eb imam\u00eb me mjekra t\u00eb gjata dhe pantallona deri te neni i k\u00ebmb\u00ebs q\u00eb i ka acaruar tej mase miratimi i Ligjit p\u00ebr arsim q\u00eb nuk lejon futjen n\u00eb shkollat publike t\u00eb vajzave t\u00eb mbuluara &#8211; detajon KD).<\/p>\n<p>Ja disa shprehje t\u00eb tjera t\u00eb tyre nxjerr nga artikulli i gjat\u00eb botuar dje dhe sot n\u00eb t\u00eb p\u00ebrditshmen e Prishtin\u00ebs:<\/p>\n<p>&#8211; Hoxha i xhamis\u00eb m\u00eb t\u00eb madhe n\u00eb Prishtin\u00eb, Shefqet Krasniqi, gjat\u00eb nj\u00eb interviste n\u00eb Klan Kosova ka sugjeruar q\u00eb flamuri komb\u00ebtar i shqiptar\u00ebve t\u00eb ket\u00eb t\u00eb shkruar edhe n\u00eb arabisht fjal\u00ebn \u201cLa Ilahe Il Allah\u201d (S\u2019ka Zot tjet\u00ebr p\u00ebrpos Allahut).<\/p>\n<p>&#8211; N\u00eb youtube, hoxha i Bashk\u00ebsis\u00eb Islame t\u00eb Kosov\u00ebs nga Prizreni, Mazllam Mazllami k\u00ebrkon q\u00eb \u201cshqiptar\u00ebt t\u00eb mos shkojn\u00eb n\u00eb det s\u00eb bashku meshkuj e femra p\u00ebr t\u2019u cullakuar\u201d.<\/p>\n<p>&#8211; T\u00eb rinj kosovar\u00eb marrin pjes\u00eb rregullisht n\u00eb ligj\u00ebratat e k\u00ebtyre imam\u00ebve. Nj\u00ebri pyet n\u00ebse ka t\u00eb drejt\u00eb q\u00eb t\u00eb dal\u00eb me bashk\u00ebshorten e tij dor\u00eb p\u00ebr dore, tjetri pyet n\u00ebse \u00ebsht\u00eb haram t\u00eb pihet \u201cCoca-Cola\u201d\u2026etj.<br \/>\n<strong>A.N<\/strong>.<\/p>\n<p>N\u00eb foto: <em>Ushtarak\u00eb t\u00eb NATO-s ndihmojn\u00eb presidenten e Kosov\u00ebs Atifete Jahjaga t\u00eb zbres\u00eb nga helikopteri gjat\u00eb nj\u00eb vizite n\u00eb Gjermani<\/em> (AFP)<\/p>\n","protected":false},"excerpt":{"rendered":"<p>ResPublica.al, 20 gusht 2012 Presidentja e Kosov\u00ebs, Atifete Jahjaga, e para udh\u00ebheq\u00ebse fem\u00ebr e nj\u00eb vendi ballkanik, gjat\u00eb nj\u00eb darke n\u00eb Varshav\u00eb (maj 2011) me presidentin amerikan, Barack Obama, lidhjen e kosovar\u00ebve me fen\u00eb e ka sqaruar si \u201clidhje individuale me Zotin, aty ku shteti nuk p\u00ebrzihet\u201d. Por n\u00eb shtetin e Jahjag\u00ebs, Kosov\u00eb, ekziston nj\u00eb [&hellip;]<\/p>\n","protected":false},"author":1,"featured_media":0,"comment_status":"open","ping_status":"closed","sticky":false,"template":"","format":"standard","meta":{"footnotes":""},"categories":[2,5],"tags":[],"class_list":{"0":"post-4549","1":"post","2":"type-post","3":"status-publish","4":"format-standard","6":"category-artikuj","7":"category-lajme"},"yoast_head":"<!-- This site is optimized with the Yoast SEO plugin v27.4 - https:\/\/yoast.com\/product\/yoast-seo-wordpress\/ -->\n<title>Shtetit q\u00eb udh\u00ebhiqet nga nj\u00eb fem\u00ebr \u201ci ndodh kiameti\u201d... - FjALA e LIR\u00cb - Arkivi<\/title>\n<meta name=\"robots\" content=\"index, follow, max-snippet:-1, max-image-preview:large, max-video-preview:-1\" \/>\n<link rel=\"canonical\" href=\"https:\/\/fjala.info\/2009-2015\/shtetit-qe-udhehiqet-nga-nje-femer-i-ndodh-kiameti\/\" \/>\n<meta property=\"og:locale\" content=\"sq_AL\" \/>\n<meta property=\"og:type\" content=\"article\" \/>\n<meta property=\"og:title\" content=\"Shtetit q\u00eb udh\u00ebhiqet nga nj\u00eb fem\u00ebr \u201ci ndodh kiameti\u201d... - FjALA e LIR\u00cb - Arkivi\" \/>\n<meta property=\"og:description\" content=\"ResPublica.al, 20 gusht 2012 Presidentja e Kosov\u00ebs, Atifete Jahjaga, e para udh\u00ebheq\u00ebse fem\u00ebr e nj\u00eb vendi ballkanik, gjat\u00eb nj\u00eb darke n\u00eb Varshav\u00eb (maj 2011) me presidentin amerikan, Barack Obama, lidhjen e kosovar\u00ebve me fen\u00eb e ka sqaruar si \u201clidhje individuale me Zotin, aty ku shteti nuk p\u00ebrzihet\u201d. Por n\u00eb shtetin e Jahjag\u00ebs, Kosov\u00eb, ekziston nj\u00eb [&hellip;]\" \/>\n<meta property=\"og:url\" content=\"https:\/\/fjala.info\/2009-2015\/shtetit-qe-udhehiqet-nga-nje-femer-i-ndodh-kiameti\/\" \/>\n<meta property=\"og:site_name\" content=\"FjALA e LIR\u00cb - Arkivi\" \/>\n<meta property=\"article:published_time\" content=\"2012-08-21T09:01:22+00:00\" \/>\n<meta property=\"og:image\" content=\"http:\/\/www.fjala.info\/2012\/atifete_jahjaga_helikopter.jpg\" \/>\n<meta name=\"author\" content=\"admin\" \/>\n<meta name=\"twitter:card\" content=\"summary_large_image\" \/>\n<meta name=\"twitter:label1\" content=\"Written by\" \/>\n\t<meta name=\"twitter:data1\" content=\"admin\" \/>\n\t<meta name=\"twitter:label2\" content=\"Est. reading time\" \/>\n\t<meta name=\"twitter:data2\" content=\"2 minutes\" \/>\n<script type=\"application\/ld+json\" class=\"yoast-schema-graph\">{\"@context\":\"https:\\\/\\\/schema.org\",\"@graph\":[{\"@type\":\"Article\",\"@id\":\"https:\\\/\\\/fjala.info\\\/2009-2015\\\/shtetit-qe-udhehiqet-nga-nje-femer-i-ndodh-kiameti\\\/#article\",\"isPartOf\":{\"@id\":\"https:\\\/\\\/fjala.info\\\/2009-2015\\\/shtetit-qe-udhehiqet-nga-nje-femer-i-ndodh-kiameti\\\/\"},\"author\":{\"name\":\"admin\",\"@id\":\"https:\\\/\\\/fjala.info\\\/2009-2015\\\/#\\\/schema\\\/person\\\/3aa1163ef05469c496fc94e77611ada2\"},\"headline\":\"Shtetit q\u00eb udh\u00ebhiqet nga nj\u00eb fem\u00ebr \u201ci ndodh kiameti\u201d&#8230;\",\"datePublished\":\"2012-08-21T09:01:22+00:00\",\"mainEntityOfPage\":{\"@id\":\"https:\\\/\\\/fjala.info\\\/2009-2015\\\/shtetit-qe-udhehiqet-nga-nje-femer-i-ndodh-kiameti\\\/\"},\"wordCount\":449,\"commentCount\":0,\"publisher\":{\"@id\":\"https:\\\/\\\/fjala.info\\\/2009-2015\\\/#organization\"},\"image\":{\"@id\":\"https:\\\/\\\/fjala.info\\\/2009-2015\\\/shtetit-qe-udhehiqet-nga-nje-femer-i-ndodh-kiameti\\\/#primaryimage\"},\"thumbnailUrl\":\"http:\\\/\\\/www.fjala.info\\\/2012\\\/atifete_jahjaga_helikopter.jpg\",\"articleSection\":[\"Artikuj\",\"Lajme\"],\"inLanguage\":\"sq-AL\",\"potentialAction\":[{\"@type\":\"CommentAction\",\"name\":\"Comment\",\"target\":[\"https:\\\/\\\/fjala.info\\\/2009-2015\\\/shtetit-qe-udhehiqet-nga-nje-femer-i-ndodh-kiameti\\\/#respond\"]}]},{\"@type\":\"WebPage\",\"@id\":\"https:\\\/\\\/fjala.info\\\/2009-2015\\\/shtetit-qe-udhehiqet-nga-nje-femer-i-ndodh-kiameti\\\/\",\"url\":\"https:\\\/\\\/fjala.info\\\/2009-2015\\\/shtetit-qe-udhehiqet-nga-nje-femer-i-ndodh-kiameti\\\/\",\"name\":\"Shtetit q\u00eb udh\u00ebhiqet nga nj\u00eb fem\u00ebr \u201ci ndodh kiameti\u201d... - FjALA e LIR\u00cb - Arkivi\",\"isPartOf\":{\"@id\":\"https:\\\/\\\/fjala.info\\\/2009-2015\\\/#website\"},\"primaryImageOfPage\":{\"@id\":\"https:\\\/\\\/fjala.info\\\/2009-2015\\\/shtetit-qe-udhehiqet-nga-nje-femer-i-ndodh-kiameti\\\/#primaryimage\"},\"image\":{\"@id\":\"https:\\\/\\\/fjala.info\\\/2009-2015\\\/shtetit-qe-udhehiqet-nga-nje-femer-i-ndodh-kiameti\\\/#primaryimage\"},\"thumbnailUrl\":\"http:\\\/\\\/www.fjala.info\\\/2012\\\/atifete_jahjaga_helikopter.jpg\",\"datePublished\":\"2012-08-21T09:01:22+00:00\",\"breadcrumb\":{\"@id\":\"https:\\\/\\\/fjala.info\\\/2009-2015\\\/shtetit-qe-udhehiqet-nga-nje-femer-i-ndodh-kiameti\\\/#breadcrumb\"},\"inLanguage\":\"sq-AL\",\"potentialAction\":[{\"@type\":\"ReadAction\",\"target\":[\"https:\\\/\\\/fjala.info\\\/2009-2015\\\/shtetit-qe-udhehiqet-nga-nje-femer-i-ndodh-kiameti\\\/\"]}]},{\"@type\":\"ImageObject\",\"inLanguage\":\"sq-AL\",\"@id\":\"https:\\\/\\\/fjala.info\\\/2009-2015\\\/shtetit-qe-udhehiqet-nga-nje-femer-i-ndodh-kiameti\\\/#primaryimage\",\"url\":\"http:\\\/\\\/www.fjala.info\\\/2012\\\/atifete_jahjaga_helikopter.jpg\",\"contentUrl\":\"http:\\\/\\\/www.fjala.info\\\/2012\\\/atifete_jahjaga_helikopter.jpg\"},{\"@type\":\"BreadcrumbList\",\"@id\":\"https:\\\/\\\/fjala.info\\\/2009-2015\\\/shtetit-qe-udhehiqet-nga-nje-femer-i-ndodh-kiameti\\\/#breadcrumb\",\"itemListElement\":[{\"@type\":\"ListItem\",\"position\":1,\"name\":\"Home\",\"item\":\"https:\\\/\\\/fjala.info\\\/2009-2015\\\/\"},{\"@type\":\"ListItem\",\"position\":2,\"name\":\"Shtetit q\u00eb udh\u00ebhiqet nga nj\u00eb fem\u00ebr \u201ci ndodh kiameti\u201d&#8230;\"}]},{\"@type\":\"WebSite\",\"@id\":\"https:\\\/\\\/fjala.info\\\/2009-2015\\\/#website\",\"url\":\"https:\\\/\\\/fjala.info\\\/2009-2015\\\/\",\"name\":\"FjALA e LIR\u00cb - Arkivi\",\"description\":\"Arkivi 2009-2015\",\"publisher\":{\"@id\":\"https:\\\/\\\/fjala.info\\\/2009-2015\\\/#organization\"},\"potentialAction\":[{\"@type\":\"SearchAction\",\"target\":{\"@type\":\"EntryPoint\",\"urlTemplate\":\"https:\\\/\\\/fjala.info\\\/2009-2015\\\/?s={search_term_string}\"},\"query-input\":{\"@type\":\"PropertyValueSpecification\",\"valueRequired\":true,\"valueName\":\"search_term_string\"}}],\"inLanguage\":\"sq-AL\"},{\"@type\":\"Organization\",\"@id\":\"https:\\\/\\\/fjala.info\\\/2009-2015\\\/#organization\",\"name\":\"FjALA e LIR\u00cb - Arkivi\",\"url\":\"https:\\\/\\\/fjala.info\\\/2009-2015\\\/\",\"logo\":{\"@type\":\"ImageObject\",\"inLanguage\":\"sq-AL\",\"@id\":\"https:\\\/\\\/fjala.info\\\/2009-2015\\\/#\\\/schema\\\/logo\\\/image\\\/\",\"url\":\"\",\"contentUrl\":\"\",\"caption\":\"FjALA e LIR\u00cb - Arkivi\"},\"image\":{\"@id\":\"https:\\\/\\\/fjala.info\\\/2009-2015\\\/#\\\/schema\\\/logo\\\/image\\\/\"}},{\"@type\":\"Person\",\"@id\":\"https:\\\/\\\/fjala.info\\\/2009-2015\\\/#\\\/schema\\\/person\\\/3aa1163ef05469c496fc94e77611ada2\",\"name\":\"admin\",\"image\":{\"@type\":\"ImageObject\",\"inLanguage\":\"sq-AL\",\"@id\":\"https:\\\/\\\/fjala.info\\\/2009-2015\\\/wp-content\\\/uploads\\\/2012\\\/02\\\/arben_cokaj-120x150.jpg\",\"url\":\"https:\\\/\\\/fjala.info\\\/2009-2015\\\/wp-content\\\/uploads\\\/2012\\\/02\\\/arben_cokaj-120x150.jpg\",\"contentUrl\":\"https:\\\/\\\/fjala.info\\\/2009-2015\\\/wp-content\\\/uploads\\\/2012\\\/02\\\/arben_cokaj-120x150.jpg\",\"caption\":\"admin\"},\"description\":\"Admin, Fjala e Lir\u00eb\",\"sameAs\":[\"https:\\\/\\\/fjala.info\\\/\"],\"url\":\"https:\\\/\\\/fjala.info\\\/2009-2015\\\/author\\\/admin\\\/\"}]}<\/script>\n<!-- \/ Yoast SEO plugin. -->","yoast_head_json":{"title":"Shtetit q\u00eb udh\u00ebhiqet nga nj\u00eb fem\u00ebr \u201ci ndodh kiameti\u201d... - FjALA e LIR\u00cb - Arkivi","robots":{"index":"index","follow":"follow","max-snippet":"max-snippet:-1","max-image-preview":"max-image-preview:large","max-video-preview":"max-video-preview:-1"},"canonical":"https:\/\/fjala.info\/2009-2015\/shtetit-qe-udhehiqet-nga-nje-femer-i-ndodh-kiameti\/","og_locale":"sq_AL","og_type":"article","og_title":"Shtetit q\u00eb udh\u00ebhiqet nga nj\u00eb fem\u00ebr \u201ci ndodh kiameti\u201d... - FjALA e LIR\u00cb - Arkivi","og_description":"ResPublica.al, 20 gusht 2012 Presidentja e Kosov\u00ebs, Atifete Jahjaga, e para udh\u00ebheq\u00ebse fem\u00ebr e nj\u00eb vendi ballkanik, gjat\u00eb nj\u00eb darke n\u00eb Varshav\u00eb (maj 2011) me presidentin amerikan, Barack Obama, lidhjen e kosovar\u00ebve me fen\u00eb e ka sqaruar si \u201clidhje individuale me Zotin, aty ku shteti nuk p\u00ebrzihet\u201d. Por n\u00eb shtetin e Jahjag\u00ebs, Kosov\u00eb, ekziston nj\u00eb [&hellip;]","og_url":"https:\/\/fjala.info\/2009-2015\/shtetit-qe-udhehiqet-nga-nje-femer-i-ndodh-kiameti\/","og_site_name":"FjALA e LIR\u00cb - Arkivi","article_published_time":"2012-08-21T09:01:22+00:00","og_image":[{"url":"http:\/\/www.fjala.info\/2012\/atifete_jahjaga_helikopter.jpg","type":"","width":"","height":""}],"author":"admin","twitter_card":"summary_large_image","twitter_misc":{"Written by":"admin","Est. reading time":"2 minutes"},"schema":{"@context":"https:\/\/schema.org","@graph":[{"@type":"Article","@id":"https:\/\/fjala.info\/2009-2015\/shtetit-qe-udhehiqet-nga-nje-femer-i-ndodh-kiameti\/#article","isPartOf":{"@id":"https:\/\/fjala.info\/2009-2015\/shtetit-qe-udhehiqet-nga-nje-femer-i-ndodh-kiameti\/"},"author":{"name":"admin","@id":"https:\/\/fjala.info\/2009-2015\/#\/schema\/person\/3aa1163ef05469c496fc94e77611ada2"},"headline":"Shtetit q\u00eb udh\u00ebhiqet nga nj\u00eb fem\u00ebr \u201ci ndodh kiameti\u201d&#8230;","datePublished":"2012-08-21T09:01:22+00:00","mainEntityOfPage":{"@id":"https:\/\/fjala.info\/2009-2015\/shtetit-qe-udhehiqet-nga-nje-femer-i-ndodh-kiameti\/"},"wordCount":449,"commentCount":0,"publisher":{"@id":"https:\/\/fjala.info\/2009-2015\/#organization"},"image":{"@id":"https:\/\/fjala.info\/2009-2015\/shtetit-qe-udhehiqet-nga-nje-femer-i-ndodh-kiameti\/#primaryimage"},"thumbnailUrl":"http:\/\/www.fjala.info\/2012\/atifete_jahjaga_helikopter.jpg","articleSection":["Artikuj","Lajme"],"inLanguage":"sq-AL","potentialAction":[{"@type":"CommentAction","name":"Comment","target":["https:\/\/fjala.info\/2009-2015\/shtetit-qe-udhehiqet-nga-nje-femer-i-ndodh-kiameti\/#respond"]}]},{"@type":"WebPage","@id":"https:\/\/fjala.info\/2009-2015\/shtetit-qe-udhehiqet-nga-nje-femer-i-ndodh-kiameti\/","url":"https:\/\/fjala.info\/2009-2015\/shtetit-qe-udhehiqet-nga-nje-femer-i-ndodh-kiameti\/","name":"Shtetit q\u00eb udh\u00ebhiqet nga nj\u00eb fem\u00ebr \u201ci ndodh kiameti\u201d... - FjALA e LIR\u00cb - Arkivi","isPartOf":{"@id":"https:\/\/fjala.info\/2009-2015\/#website"},"primaryImageOfPage":{"@id":"https:\/\/fjala.info\/2009-2015\/shtetit-qe-udhehiqet-nga-nje-femer-i-ndodh-kiameti\/#primaryimage"},"image":{"@id":"https:\/\/fjala.info\/2009-2015\/shtetit-qe-udhehiqet-nga-nje-femer-i-ndodh-kiameti\/#primaryimage"},"thumbnailUrl":"http:\/\/www.fjala.info\/2012\/atifete_jahjaga_helikopter.jpg","datePublished":"2012-08-21T09:01:22+00:00","breadcrumb":{"@id":"https:\/\/fjala.info\/2009-2015\/shtetit-qe-udhehiqet-nga-nje-femer-i-ndodh-kiameti\/#breadcrumb"},"inLanguage":"sq-AL","potentialAction":[{"@type":"ReadAction","target":["https:\/\/fjala.info\/2009-2015\/shtetit-qe-udhehiqet-nga-nje-femer-i-ndodh-kiameti\/"]}]},{"@type":"ImageObject","inLanguage":"sq-AL","@id":"https:\/\/fjala.info\/2009-2015\/shtetit-qe-udhehiqet-nga-nje-femer-i-ndodh-kiameti\/#primaryimage","url":"http:\/\/www.fjala.info\/2012\/atifete_jahjaga_helikopter.jpg","contentUrl":"http:\/\/www.fjala.info\/2012\/atifete_jahjaga_helikopter.jpg"},{"@type":"BreadcrumbList","@id":"https:\/\/fjala.info\/2009-2015\/shtetit-qe-udhehiqet-nga-nje-femer-i-ndodh-kiameti\/#breadcrumb","itemListElement":[{"@type":"ListItem","position":1,"name":"Home","item":"https:\/\/fjala.info\/2009-2015\/"},{"@type":"ListItem","position":2,"name":"Shtetit q\u00eb udh\u00ebhiqet nga nj\u00eb fem\u00ebr \u201ci ndodh kiameti\u201d&#8230;"}]},{"@type":"WebSite","@id":"https:\/\/fjala.info\/2009-2015\/#website","url":"https:\/\/fjala.info\/2009-2015\/","name":"FjALA e LIR\u00cb - Arkivi","description":"Arkivi 2009-2015","publisher":{"@id":"https:\/\/fjala.info\/2009-2015\/#organization"},"potentialAction":[{"@type":"SearchAction","target":{"@type":"EntryPoint","urlTemplate":"https:\/\/fjala.info\/2009-2015\/?s={search_term_string}"},"query-input":{"@type":"PropertyValueSpecification","valueRequired":true,"valueName":"search_term_string"}}],"inLanguage":"sq-AL"},{"@type":"Organization","@id":"https:\/\/fjala.info\/2009-2015\/#organization","name":"FjALA e LIR\u00cb - Arkivi","url":"https:\/\/fjala.info\/2009-2015\/","logo":{"@type":"ImageObject","inLanguage":"sq-AL","@id":"https:\/\/fjala.info\/2009-2015\/#\/schema\/logo\/image\/","url":"","contentUrl":"","caption":"FjALA e LIR\u00cb - Arkivi"},"image":{"@id":"https:\/\/fjala.info\/2009-2015\/#\/schema\/logo\/image\/"}},{"@type":"Person","@id":"https:\/\/fjala.info\/2009-2015\/#\/schema\/person\/3aa1163ef05469c496fc94e77611ada2","name":"admin","image":{"@type":"ImageObject","inLanguage":"sq-AL","@id":"https:\/\/fjala.info\/2009-2015\/wp-content\/uploads\/2012\/02\/arben_cokaj-120x150.jpg","url":"https:\/\/fjala.info\/2009-2015\/wp-content\/uploads\/2012\/02\/arben_cokaj-120x150.jpg","contentUrl":"https:\/\/fjala.info\/2009-2015\/wp-content\/uploads\/2012\/02\/arben_cokaj-120x150.jpg","caption":"admin"},"description":"Admin, Fjala e Lir\u00eb","sameAs":["https:\/\/fjala.info\/"],"url":"https:\/\/fjala.info\/2009-2015\/author\/admin\/"}]}},"_links":{"self":[{"href":"https:\/\/fjala.info\/2009-2015\/wp-json\/wp\/v2\/posts\/4549","targetHints":{"allow":["GET"]}}],"collection":[{"href":"https:\/\/fjala.info\/2009-2015\/wp-json\/wp\/v2\/posts"}],"about":[{"href":"https:\/\/fjala.info\/2009-2015\/wp-json\/wp\/v2\/types\/post"}],"author":[{"embeddable":true,"href":"https:\/\/fjala.info\/2009-2015\/wp-json\/wp\/v2\/users\/1"}],"replies":[{"embeddable":true,"href":"https:\/\/fjala.info\/2009-2015\/wp-json\/wp\/v2\/comments?post=4549"}],"version-history":[{"count":0,"href":"https:\/\/fjala.info\/2009-2015\/wp-json\/wp\/v2\/posts\/4549\/revisions"}],"wp:attachment":[{"href":"https:\/\/fjala.info\/2009-2015\/wp-json\/wp\/v2\/media?parent=4549"}],"wp:term":[{"taxonomy":"category","embeddable":true,"href":"https:\/\/fjala.info\/2009-2015\/wp-json\/wp\/v2\/categories?post=4549"},{"taxonomy":"post_tag","embeddable":true,"href":"https:\/\/fjala.info\/2009-2015\/wp-json\/wp\/v2\/tags?post=4549"}],"curies":[{"name":"wp","href":"https:\/\/api.w.org\/{rel}","templated":true}]}}