{"id":4547,"date":"2012-08-21T09:53:11","date_gmt":"2012-08-21T08:53:11","guid":{"rendered":"http:\/\/www.fjala.info\/?p=4547"},"modified":"2012-08-21T09:53:11","modified_gmt":"2012-08-21T08:53:11","slug":"tek-arben-xhaferi-rrinin-tok-intelektuali-dhe-patrioti","status":"publish","type":"post","link":"https:\/\/fjala.info\/2009-2015\/tek-arben-xhaferi-rrinin-tok-intelektuali-dhe-patrioti\/","title":{"rendered":"Tek Arb\u00ebn Xhaferi rrinin tok intelektuali dhe patrioti"},"content":{"rendered":"<p><img decoding=\"async\" class=\"alignright size-thumbnail wp-image-7236\" title=\"Arb\u00ebn Xhaferi\" src=\"http:\/\/www.fjala.info\/2012\/arben_xhaferri.jpg\" alt=\"\" width=\"300\" \/> Nga <strong>Mustafa Nano<\/strong>, <em>20 gusht 2012<\/em><\/p>\n<p>T\u00eb gjith\u00eb ata q\u00eb kan\u00eb folur p\u00ebr Arb\u00ebn Xhaferin k\u00ebto dit\u00eb, gati nj\u00ebz\u00ebri kan\u00eb n\u00ebnvizuar prerjen intelektuale t\u00eb tij; kan\u00eb ve\u00e7uar edhe cil\u00ebsi t\u00eb tjera, por m\u00eb s\u00eb pari e m\u00eb s\u00eb shumti jan\u00eb fokusuar te kjo an\u00eb e qenies s\u00eb tij, t\u00eb cil\u00ebn ai, me sa duket, e nxirrte n\u00eb evidenc\u00eb kudo. Jan\u00eb t\u00eb pakt\u00eb shqiptar\u00ebt q\u00eb kan\u00eb pasur charm-in e tij intelektual. Ai nuk shtinte n\u00eb pun\u00eb maniera e m\u00ebnyra rrufjane p\u00ebr t\u00eb r\u00ebn\u00eb n\u00eb sy e p\u00ebr t\u00eb t\u00ebrhequr v\u00ebmendjen n\u00eb k\u00ebt\u00eb drejtim (as q\u00eb i ka interesuar kjo gj\u00eb, n\u00eb fakt).<\/p>\n<p>Kish shum\u00eb njer\u00ebz q\u00eb th\u00ebthiteshin prej tij, e kjo t\u00ebrheqje nuk vinte prej stilit t\u00eb tij, ndon\u00ebse \u00ebsht\u00eb nj\u00eb nga njer\u00ebzit m\u00eb me stil q\u00eb m\u00eb kan\u00eb z\u00ebn\u00eb syt\u00eb ndonj\u00ebher\u00eb; t\u00ebrheqja vinte, sakt\u00ebsisht, prej esenc\u00ebs s\u00eb tij. Dikush po m\u00eb thoshte dje, teksa po flisnim p\u00ebr Arb\u00ebnin, se i ati, sa her\u00eb q\u00eb Arb\u00ebni shfaqej n\u00eb ekran, u drejtohej njer\u00ebzve t\u00eb tjer\u00eb t\u00eb familjes, q\u00eb n\u00eb at\u00eb moment kishin ndonj\u00eb bised\u00eb tjet\u00ebr p\u00ebr t\u00eb b\u00ebr\u00eb: \u201cShshshsht, ju lutem, dilni nga dhoma n\u00ebse s\u2019keni nd\u00ebrmend ta d\u00ebgjoni; m\u00eb lini mua ta d\u00ebgjoj; nuk dua t\u2019i humbas asnj\u00eb fjal\u00eb k\u00ebtij burri\u201d.<\/p>\n<p>Kam njohur dhe t\u00eb tjer\u00eb q\u00eb e kan\u00eb ndjekur me v\u00ebmendje Arb\u00ebnin, kur shkruante e kur ish i ftuar n\u00eb ndonj\u00eb studio. Ai nuk shkonte n\u00ebp\u00ebr debate, dhe nuk besoj se ka qen\u00eb thjesht rr\u00ebgjimi fizik q\u00eb nuk e ka lejuar; kjo po se po, por edhe sikur t\u00eb kish gjall\u00ebrin\u00eb fizike t\u00eb nj\u00ebher\u00eb e nj\u00eb kohe, ai nuk do t\u00eb kish parap\u00eblqyer t\u00eb merrte pjes\u00eb n\u00ebp\u00ebr debate. Debatet televizive jan\u00eb p\u00ebr njer\u00ebzit q\u00eb jan\u00eb t\u00eb talentuar p\u00ebr t\u00eb b\u00ebr\u00eb loj\u00ebn \u2018hidh e prit fraza t\u00eb p\u00ebrcipta\u2019 e p\u00ebr njer\u00ebzit e batutave t\u00eb kollajta, mir\u00ebpo Arb\u00ebni nuk ish i aft\u00eb p\u00ebr t\u00eb tilla shfaqje. Debatin dhe polemikat mund t\u2019i b\u00ebnte n\u00eb m\u00ebnyr\u00ebn e tij qibare n\u00eb shtyp, me shkrime, por jo n\u00eb TV. Dhe kuptohet pse. Kish manin\u00eb p\u00ebr t\u2019i p\u00ebrcjell\u00eb idet\u00eb e mesazhet e veta t\u00eb plota, t\u00eb p\u00ebrpunuara mir\u00eb, t\u00eb pand\u00ebrprera, n\u00eb m\u00ebnyr\u00eb q\u00eb \u00e7do keqkuptim i mundsh\u00ebm t\u00eb vinte p\u00ebr faj t\u00eb atyre q\u00eb kan\u00eb pasur qejf t\u00eb keqkuptoheshin, e jo p\u00ebr faj t\u00eb Arb\u00ebnit q\u00eb nuk kish mundur ta thoshte at\u00eb q\u00eb donte t\u00eb thoshte.<\/p>\n<p>Kam p\u00ebrshtypjen q\u00eb p\u00ebrgatitej para se t\u00eb shkonte n\u00eb nj\u00eb studio. Moderator\u00ebt, q\u00eb p\u00ebr nj\u00eb arsye a nj\u00eb tjet\u00ebr nuk kan\u00eb mundur ta ndjekin n\u00eb ndonj\u00eb moment, kan\u00eb b\u00ebr\u00eb nd\u00ebrhyrjet e tyre, por Arb\u00ebni ka gjetur gjithmon\u00eb m\u00ebnyr\u00ebn p\u00ebr t\u2019u rikthyer tek argumenti i m\u00ebparsh\u00ebm e p\u00ebr ta plot\u00ebsuar e kopsitur arsyetimin e nisur. Donte t\u00eb evitonte keqkuptimet sidomos n\u00eb rrethanat, kur i duhej, apo kur donte (m\u00eb shum\u00eb i duhej se sa donte), t\u00eb fliste p\u00ebr \u00e7\u00ebshtje q\u00eb ai vet\u00eb i konsideronte delikate, si\u00e7 ishin ato t\u00eb fes\u00eb apo t\u00eb feve, ato t\u00eb diferencave tribale n\u00eb bot\u00ebn shqiptare, apo ato t\u00eb diferencave mes shqiptar\u00ebve t\u00eb Shqip\u00ebris\u00eb nga nj\u00ebra an\u00eb e shqiptar\u00ebve t\u00eb Kosov\u00ebs e Maqedonis\u00eb nga ana tjet\u00ebr.<\/p>\n<p>Arb\u00ebni ishte patriot; ishte shum\u00eb patriot; ishte patriot deri n\u00eb at\u00eb mas\u00eb, sa ky fakt q\u00ebllonte q\u00eb ia l\u00ebndonte disi integritetin e mendimtarit t\u00eb lir\u00eb, ia njolloste e komprometonte tek-tuk kok\u00eb\u00e7arjet metafizike mbi bot\u00ebn, dhe e mbante ndonj\u00ebher\u00eb t\u00eb ndryr\u00eb n\u00eb realitete parokiale, por atij aq i b\u00ebnte. Nuk vuante prej nd\u00ebrdyshjesh n\u00eb k\u00ebt\u00eb pik\u00eb, ndon\u00ebse duhet t\u00eb ket\u00eb qen\u00eb njeri nd\u00ebrdyshjesh. Kombi ish p\u00ebr t\u00eb fe, filozofi, arsye ekzistence. Midis s\u00eb v\u00ebrtet\u00ebs dhe interesit komb\u00ebtar, ai mbronte k\u00ebt\u00eb t\u00eb dyt\u00ebn. P\u00ebrpara interesit komb\u00ebtar, aspirata p\u00ebr demokraci dhe betejat p\u00ebr t\u00eb, i dukeshin \u00e7ik\u00ebrrima. N\u00eb fakt, kam folur me Arb\u00ebnin p\u00ebr shum\u00eb gj\u00ebra, por demokracia, shteti i s\u00eb drejt\u00ebs, praktika \u2018rule of law\u2019, nuk hynin n\u00eb axhend\u00ebn e kok\u00eb\u00e7arjet e tij intelektuale.<\/p>\n<p>E prandaj nuk i kish p\u00ebr zem\u00ebr k\u00ebto tema. Po t\u00eb rilexosh shkrimet e tij, termat e nocionet e m\u00ebsip\u00ebrme, d.m.th. demokraci e shtet ligjor, jan\u00eb m\u00eb pak t\u00eb p\u00ebrdorurit. Ai kishte p\u00ebrpar\u00ebsi tjet\u00ebr. Shihte q\u00eb frynin er\u00ebra t\u00eb mbara p\u00ebr \u00e7\u00ebshtjen ende t\u00eb pazgjidhur t\u00eb kombit shqiptar, gj\u00eb q\u00eb n\u00eb fakt \u00ebsht\u00eb e v\u00ebrtet\u00eb, e me siguri ka menduar se demokracia \u00ebsht\u00eb nj\u00eb luks q\u00eb pret. Nuk \u00ebsht\u00eb se k\u00ebto t\u00eb fundit m\u2019i ka th\u00ebn\u00eb ai; jo, jan\u00eb hamendje e spekulime t\u00eb miat t\u00eb ngritura mbi bisedat q\u00eb kemi b\u00ebr\u00eb. Kombi ishte zgjedhja e tij e par\u00eb. Ish nj\u00eb zgjedhje apriori e tij, e b\u00ebr\u00eb symbyllazi, e dukej se nuk provonte asnj\u00eb brerje nd\u00ebrgjegjeje p\u00ebr k\u00ebt\u00eb gj\u00eb.<\/p>\n<p>Nuk \u00ebsht\u00eb se donte nj\u00eb komb t\u00eb p\u00ebrkryer q\u00eb e kish krijuar n\u00eb kok\u00ebn e vet e p\u00ebr hesap t\u00eb vet; nuk \u00ebsht\u00eb se s\u2019i njihte d\u00ebshtimet historike dhe limitet gati fiziologjike t\u00eb kombit ton\u00eb; i njihte q\u00eb \u00e7\u2019ke me t\u00eb, ashtu si pakkush k\u00ebtej nga an\u00ebt tona, por nuk donte q\u00eb energjit\u00eb e shqiptar\u00ebve t\u00eb p\u00ebrqendroheshin tek evidentimi e denoncimi i veseve, huqeve, prapambetjes son\u00eb, sidomos kur ky evidentim e denoncim kish p\u00ebr synim, por edhe p\u00ebr pasoj\u00eb, p\u00ebr\u00e7arjen e sektarizmin. Sikur t\u00eb varej prej tij nuk do ish \u00e7udi t\u00eb binte dakord t\u2019u b\u00ebhej censur\u00eb atyre q\u00eb theksonin me vend e pavend identitete tribale n\u00eb d\u00ebm t\u00eb identitetit nacional, fjala vjen atyre q\u00eb vinin n\u00eb diskutim standardin e shqipes.<\/p>\n<p>Tjet\u00ebr, m\u00eb kujtohet se polemik\u00ebn e famshme midis Qoses e Kadares\u00eb, m\u00eb e bujshmja n\u00eb historin\u00eb e kultur\u00ebs shqiptare, nuk e ka pritur mir\u00eb, qoft\u00eb p\u00ebr spicat e fyerjet q\u00eb ata i hodh\u00ebn shoshoqit, qoft\u00eb p\u00ebr delikates\u00ebn e argumentit t\u00eb trajtuar, dhe k\u00ebt\u00eb gj\u00eb e ka th\u00ebn\u00eb publikisht (apo ma ka th\u00ebn\u00eb n\u00eb ndonj\u00eb nga bisedat q\u00eb kemi pasur, e mua m\u00eb duket sikur e ka shkruar? M\u00eb ndodh shpesh ky konfondim; p\u00ebr shum\u00eb ide t\u00eb Arb\u00ebnit nuk di t\u00eb them n\u00ebse i kam d\u00ebgjuar nga goja e tij n\u00eb bisedat q\u00eb kemi pasur, apo n\u00ebse i kam lexuar n\u00eb artikujt e publikuar prej tij).<\/p>\n<p>Sa m\u00eb sip\u00ebr u fokusova te prerja intelektuale dhe te pasioni patriotik i Arb\u00ebn Xhaferit. Dhe t\u00eb tjer\u00ebt t\u00eb nj\u00ebjt\u00ebn gj\u00eb kan\u00eb b\u00ebr\u00eb. Jo m\u00eb kot. Mund t\u00eb ve\u00e7ohen plot gj\u00ebra kur flitet p\u00ebr t\u00eb, por k\u00ebto dy cil\u00ebsi binin n\u00eb sy prej s\u00eb largu; e binin n\u00eb syt\u00eb e gjithkujt. Arb\u00ebn Xhaferi ishte intelektual dhe patriot. Me shok\u00eb t\u00eb rrall\u00eb n\u00eb \u00e7do rast.<\/p>\n","protected":false},"excerpt":{"rendered":"<p>Nga Mustafa Nano, 20 gusht 2012 T\u00eb gjith\u00eb ata q\u00eb kan\u00eb folur p\u00ebr Arb\u00ebn Xhaferin k\u00ebto dit\u00eb, gati nj\u00ebz\u00ebri kan\u00eb n\u00ebnvizuar prerjen intelektuale t\u00eb tij; kan\u00eb ve\u00e7uar edhe cil\u00ebsi t\u00eb tjera, por m\u00eb s\u00eb pari e m\u00eb s\u00eb shumti jan\u00eb fokusuar te kjo an\u00eb e qenies s\u00eb tij, t\u00eb cil\u00ebn ai, me sa duket, e [&hellip;]<\/p>\n","protected":false},"author":1,"featured_media":0,"comment_status":"open","ping_status":"closed","sticky":false,"template":"","format":"standard","meta":{"footnotes":""},"categories":[2],"tags":[],"class_list":{"0":"post-4547","1":"post","2":"type-post","3":"status-publish","4":"format-standard","6":"category-artikuj"},"yoast_head":"<!-- This site is optimized with the Yoast SEO plugin v27.4 - https:\/\/yoast.com\/product\/yoast-seo-wordpress\/ -->\n<title>Tek Arb\u00ebn Xhaferi rrinin tok intelektuali dhe patrioti - FjALA e LIR\u00cb - Arkivi<\/title>\n<meta name=\"robots\" content=\"index, follow, max-snippet:-1, max-image-preview:large, max-video-preview:-1\" \/>\n<link rel=\"canonical\" href=\"https:\/\/fjala.info\/2009-2015\/tek-arben-xhaferi-rrinin-tok-intelektuali-dhe-patrioti\/\" \/>\n<meta property=\"og:locale\" content=\"sq_AL\" \/>\n<meta property=\"og:type\" content=\"article\" \/>\n<meta property=\"og:title\" content=\"Tek Arb\u00ebn Xhaferi rrinin tok intelektuali dhe patrioti - FjALA e LIR\u00cb - Arkivi\" \/>\n<meta property=\"og:description\" content=\"Nga Mustafa Nano, 20 gusht 2012 T\u00eb gjith\u00eb ata q\u00eb kan\u00eb folur p\u00ebr Arb\u00ebn Xhaferin k\u00ebto dit\u00eb, gati nj\u00ebz\u00ebri kan\u00eb n\u00ebnvizuar prerjen intelektuale t\u00eb tij; kan\u00eb ve\u00e7uar edhe cil\u00ebsi t\u00eb tjera, por m\u00eb s\u00eb pari e m\u00eb s\u00eb shumti jan\u00eb fokusuar te kjo an\u00eb e qenies s\u00eb tij, t\u00eb cil\u00ebn ai, me sa duket, e [&hellip;]\" \/>\n<meta property=\"og:url\" content=\"https:\/\/fjala.info\/2009-2015\/tek-arben-xhaferi-rrinin-tok-intelektuali-dhe-patrioti\/\" \/>\n<meta property=\"og:site_name\" content=\"FjALA e LIR\u00cb - Arkivi\" \/>\n<meta property=\"article:published_time\" content=\"2012-08-21T08:53:11+00:00\" \/>\n<meta property=\"og:image\" content=\"http:\/\/www.fjala.info\/2012\/arben_xhaferri.jpg\" \/>\n<meta name=\"author\" content=\"admin\" \/>\n<meta name=\"twitter:card\" content=\"summary_large_image\" \/>\n<meta name=\"twitter:label1\" content=\"Written by\" \/>\n\t<meta name=\"twitter:data1\" content=\"admin\" \/>\n\t<meta name=\"twitter:label2\" content=\"Est. reading time\" \/>\n\t<meta name=\"twitter:data2\" content=\"6 minutes\" \/>\n<script type=\"application\/ld+json\" class=\"yoast-schema-graph\">{\"@context\":\"https:\\\/\\\/schema.org\",\"@graph\":[{\"@type\":\"Article\",\"@id\":\"https:\\\/\\\/fjala.info\\\/2009-2015\\\/tek-arben-xhaferi-rrinin-tok-intelektuali-dhe-patrioti\\\/#article\",\"isPartOf\":{\"@id\":\"https:\\\/\\\/fjala.info\\\/2009-2015\\\/tek-arben-xhaferi-rrinin-tok-intelektuali-dhe-patrioti\\\/\"},\"author\":{\"name\":\"admin\",\"@id\":\"https:\\\/\\\/fjala.info\\\/2009-2015\\\/#\\\/schema\\\/person\\\/3aa1163ef05469c496fc94e77611ada2\"},\"headline\":\"Tek Arb\u00ebn Xhaferi rrinin tok intelektuali dhe patrioti\",\"datePublished\":\"2012-08-21T08:53:11+00:00\",\"mainEntityOfPage\":{\"@id\":\"https:\\\/\\\/fjala.info\\\/2009-2015\\\/tek-arben-xhaferi-rrinin-tok-intelektuali-dhe-patrioti\\\/\"},\"wordCount\":1228,\"commentCount\":0,\"publisher\":{\"@id\":\"https:\\\/\\\/fjala.info\\\/2009-2015\\\/#organization\"},\"image\":{\"@id\":\"https:\\\/\\\/fjala.info\\\/2009-2015\\\/tek-arben-xhaferi-rrinin-tok-intelektuali-dhe-patrioti\\\/#primaryimage\"},\"thumbnailUrl\":\"http:\\\/\\\/www.fjala.info\\\/2012\\\/arben_xhaferri.jpg\",\"articleSection\":[\"Artikuj\"],\"inLanguage\":\"sq-AL\",\"potentialAction\":[{\"@type\":\"CommentAction\",\"name\":\"Comment\",\"target\":[\"https:\\\/\\\/fjala.info\\\/2009-2015\\\/tek-arben-xhaferi-rrinin-tok-intelektuali-dhe-patrioti\\\/#respond\"]}]},{\"@type\":\"WebPage\",\"@id\":\"https:\\\/\\\/fjala.info\\\/2009-2015\\\/tek-arben-xhaferi-rrinin-tok-intelektuali-dhe-patrioti\\\/\",\"url\":\"https:\\\/\\\/fjala.info\\\/2009-2015\\\/tek-arben-xhaferi-rrinin-tok-intelektuali-dhe-patrioti\\\/\",\"name\":\"Tek Arb\u00ebn Xhaferi rrinin tok intelektuali dhe patrioti - FjALA e LIR\u00cb - Arkivi\",\"isPartOf\":{\"@id\":\"https:\\\/\\\/fjala.info\\\/2009-2015\\\/#website\"},\"primaryImageOfPage\":{\"@id\":\"https:\\\/\\\/fjala.info\\\/2009-2015\\\/tek-arben-xhaferi-rrinin-tok-intelektuali-dhe-patrioti\\\/#primaryimage\"},\"image\":{\"@id\":\"https:\\\/\\\/fjala.info\\\/2009-2015\\\/tek-arben-xhaferi-rrinin-tok-intelektuali-dhe-patrioti\\\/#primaryimage\"},\"thumbnailUrl\":\"http:\\\/\\\/www.fjala.info\\\/2012\\\/arben_xhaferri.jpg\",\"datePublished\":\"2012-08-21T08:53:11+00:00\",\"breadcrumb\":{\"@id\":\"https:\\\/\\\/fjala.info\\\/2009-2015\\\/tek-arben-xhaferi-rrinin-tok-intelektuali-dhe-patrioti\\\/#breadcrumb\"},\"inLanguage\":\"sq-AL\",\"potentialAction\":[{\"@type\":\"ReadAction\",\"target\":[\"https:\\\/\\\/fjala.info\\\/2009-2015\\\/tek-arben-xhaferi-rrinin-tok-intelektuali-dhe-patrioti\\\/\"]}]},{\"@type\":\"ImageObject\",\"inLanguage\":\"sq-AL\",\"@id\":\"https:\\\/\\\/fjala.info\\\/2009-2015\\\/tek-arben-xhaferi-rrinin-tok-intelektuali-dhe-patrioti\\\/#primaryimage\",\"url\":\"http:\\\/\\\/www.fjala.info\\\/2012\\\/arben_xhaferri.jpg\",\"contentUrl\":\"http:\\\/\\\/www.fjala.info\\\/2012\\\/arben_xhaferri.jpg\"},{\"@type\":\"BreadcrumbList\",\"@id\":\"https:\\\/\\\/fjala.info\\\/2009-2015\\\/tek-arben-xhaferi-rrinin-tok-intelektuali-dhe-patrioti\\\/#breadcrumb\",\"itemListElement\":[{\"@type\":\"ListItem\",\"position\":1,\"name\":\"Home\",\"item\":\"https:\\\/\\\/fjala.info\\\/2009-2015\\\/\"},{\"@type\":\"ListItem\",\"position\":2,\"name\":\"Tek Arb\u00ebn Xhaferi rrinin tok intelektuali dhe patrioti\"}]},{\"@type\":\"WebSite\",\"@id\":\"https:\\\/\\\/fjala.info\\\/2009-2015\\\/#website\",\"url\":\"https:\\\/\\\/fjala.info\\\/2009-2015\\\/\",\"name\":\"FjALA e LIR\u00cb - Arkivi\",\"description\":\"Arkivi 2009-2015\",\"publisher\":{\"@id\":\"https:\\\/\\\/fjala.info\\\/2009-2015\\\/#organization\"},\"potentialAction\":[{\"@type\":\"SearchAction\",\"target\":{\"@type\":\"EntryPoint\",\"urlTemplate\":\"https:\\\/\\\/fjala.info\\\/2009-2015\\\/?s={search_term_string}\"},\"query-input\":{\"@type\":\"PropertyValueSpecification\",\"valueRequired\":true,\"valueName\":\"search_term_string\"}}],\"inLanguage\":\"sq-AL\"},{\"@type\":\"Organization\",\"@id\":\"https:\\\/\\\/fjala.info\\\/2009-2015\\\/#organization\",\"name\":\"FjALA e LIR\u00cb - Arkivi\",\"url\":\"https:\\\/\\\/fjala.info\\\/2009-2015\\\/\",\"logo\":{\"@type\":\"ImageObject\",\"inLanguage\":\"sq-AL\",\"@id\":\"https:\\\/\\\/fjala.info\\\/2009-2015\\\/#\\\/schema\\\/logo\\\/image\\\/\",\"url\":\"\",\"contentUrl\":\"\",\"caption\":\"FjALA e LIR\u00cb - Arkivi\"},\"image\":{\"@id\":\"https:\\\/\\\/fjala.info\\\/2009-2015\\\/#\\\/schema\\\/logo\\\/image\\\/\"}},{\"@type\":\"Person\",\"@id\":\"https:\\\/\\\/fjala.info\\\/2009-2015\\\/#\\\/schema\\\/person\\\/3aa1163ef05469c496fc94e77611ada2\",\"name\":\"admin\",\"image\":{\"@type\":\"ImageObject\",\"inLanguage\":\"sq-AL\",\"@id\":\"https:\\\/\\\/fjala.info\\\/2009-2015\\\/wp-content\\\/uploads\\\/2012\\\/02\\\/arben_cokaj-120x150.jpg\",\"url\":\"https:\\\/\\\/fjala.info\\\/2009-2015\\\/wp-content\\\/uploads\\\/2012\\\/02\\\/arben_cokaj-120x150.jpg\",\"contentUrl\":\"https:\\\/\\\/fjala.info\\\/2009-2015\\\/wp-content\\\/uploads\\\/2012\\\/02\\\/arben_cokaj-120x150.jpg\",\"caption\":\"admin\"},\"description\":\"Admin, Fjala e Lir\u00eb\",\"sameAs\":[\"https:\\\/\\\/fjala.info\\\/\"],\"url\":\"https:\\\/\\\/fjala.info\\\/2009-2015\\\/author\\\/admin\\\/\"}]}<\/script>\n<!-- \/ Yoast SEO plugin. -->","yoast_head_json":{"title":"Tek Arb\u00ebn Xhaferi rrinin tok intelektuali dhe patrioti - FjALA e LIR\u00cb - Arkivi","robots":{"index":"index","follow":"follow","max-snippet":"max-snippet:-1","max-image-preview":"max-image-preview:large","max-video-preview":"max-video-preview:-1"},"canonical":"https:\/\/fjala.info\/2009-2015\/tek-arben-xhaferi-rrinin-tok-intelektuali-dhe-patrioti\/","og_locale":"sq_AL","og_type":"article","og_title":"Tek Arb\u00ebn Xhaferi rrinin tok intelektuali dhe patrioti - FjALA e LIR\u00cb - Arkivi","og_description":"Nga Mustafa Nano, 20 gusht 2012 T\u00eb gjith\u00eb ata q\u00eb kan\u00eb folur p\u00ebr Arb\u00ebn Xhaferin k\u00ebto dit\u00eb, gati nj\u00ebz\u00ebri kan\u00eb n\u00ebnvizuar prerjen intelektuale t\u00eb tij; kan\u00eb ve\u00e7uar edhe cil\u00ebsi t\u00eb tjera, por m\u00eb s\u00eb pari e m\u00eb s\u00eb shumti jan\u00eb fokusuar te kjo an\u00eb e qenies s\u00eb tij, t\u00eb cil\u00ebn ai, me sa duket, e [&hellip;]","og_url":"https:\/\/fjala.info\/2009-2015\/tek-arben-xhaferi-rrinin-tok-intelektuali-dhe-patrioti\/","og_site_name":"FjALA e LIR\u00cb - Arkivi","article_published_time":"2012-08-21T08:53:11+00:00","og_image":[{"url":"http:\/\/www.fjala.info\/2012\/arben_xhaferri.jpg","type":"","width":"","height":""}],"author":"admin","twitter_card":"summary_large_image","twitter_misc":{"Written by":"admin","Est. reading time":"6 minutes"},"schema":{"@context":"https:\/\/schema.org","@graph":[{"@type":"Article","@id":"https:\/\/fjala.info\/2009-2015\/tek-arben-xhaferi-rrinin-tok-intelektuali-dhe-patrioti\/#article","isPartOf":{"@id":"https:\/\/fjala.info\/2009-2015\/tek-arben-xhaferi-rrinin-tok-intelektuali-dhe-patrioti\/"},"author":{"name":"admin","@id":"https:\/\/fjala.info\/2009-2015\/#\/schema\/person\/3aa1163ef05469c496fc94e77611ada2"},"headline":"Tek Arb\u00ebn Xhaferi rrinin tok intelektuali dhe patrioti","datePublished":"2012-08-21T08:53:11+00:00","mainEntityOfPage":{"@id":"https:\/\/fjala.info\/2009-2015\/tek-arben-xhaferi-rrinin-tok-intelektuali-dhe-patrioti\/"},"wordCount":1228,"commentCount":0,"publisher":{"@id":"https:\/\/fjala.info\/2009-2015\/#organization"},"image":{"@id":"https:\/\/fjala.info\/2009-2015\/tek-arben-xhaferi-rrinin-tok-intelektuali-dhe-patrioti\/#primaryimage"},"thumbnailUrl":"http:\/\/www.fjala.info\/2012\/arben_xhaferri.jpg","articleSection":["Artikuj"],"inLanguage":"sq-AL","potentialAction":[{"@type":"CommentAction","name":"Comment","target":["https:\/\/fjala.info\/2009-2015\/tek-arben-xhaferi-rrinin-tok-intelektuali-dhe-patrioti\/#respond"]}]},{"@type":"WebPage","@id":"https:\/\/fjala.info\/2009-2015\/tek-arben-xhaferi-rrinin-tok-intelektuali-dhe-patrioti\/","url":"https:\/\/fjala.info\/2009-2015\/tek-arben-xhaferi-rrinin-tok-intelektuali-dhe-patrioti\/","name":"Tek Arb\u00ebn Xhaferi rrinin tok intelektuali dhe patrioti - FjALA e LIR\u00cb - Arkivi","isPartOf":{"@id":"https:\/\/fjala.info\/2009-2015\/#website"},"primaryImageOfPage":{"@id":"https:\/\/fjala.info\/2009-2015\/tek-arben-xhaferi-rrinin-tok-intelektuali-dhe-patrioti\/#primaryimage"},"image":{"@id":"https:\/\/fjala.info\/2009-2015\/tek-arben-xhaferi-rrinin-tok-intelektuali-dhe-patrioti\/#primaryimage"},"thumbnailUrl":"http:\/\/www.fjala.info\/2012\/arben_xhaferri.jpg","datePublished":"2012-08-21T08:53:11+00:00","breadcrumb":{"@id":"https:\/\/fjala.info\/2009-2015\/tek-arben-xhaferi-rrinin-tok-intelektuali-dhe-patrioti\/#breadcrumb"},"inLanguage":"sq-AL","potentialAction":[{"@type":"ReadAction","target":["https:\/\/fjala.info\/2009-2015\/tek-arben-xhaferi-rrinin-tok-intelektuali-dhe-patrioti\/"]}]},{"@type":"ImageObject","inLanguage":"sq-AL","@id":"https:\/\/fjala.info\/2009-2015\/tek-arben-xhaferi-rrinin-tok-intelektuali-dhe-patrioti\/#primaryimage","url":"http:\/\/www.fjala.info\/2012\/arben_xhaferri.jpg","contentUrl":"http:\/\/www.fjala.info\/2012\/arben_xhaferri.jpg"},{"@type":"BreadcrumbList","@id":"https:\/\/fjala.info\/2009-2015\/tek-arben-xhaferi-rrinin-tok-intelektuali-dhe-patrioti\/#breadcrumb","itemListElement":[{"@type":"ListItem","position":1,"name":"Home","item":"https:\/\/fjala.info\/2009-2015\/"},{"@type":"ListItem","position":2,"name":"Tek Arb\u00ebn Xhaferi rrinin tok intelektuali dhe patrioti"}]},{"@type":"WebSite","@id":"https:\/\/fjala.info\/2009-2015\/#website","url":"https:\/\/fjala.info\/2009-2015\/","name":"FjALA e LIR\u00cb - Arkivi","description":"Arkivi 2009-2015","publisher":{"@id":"https:\/\/fjala.info\/2009-2015\/#organization"},"potentialAction":[{"@type":"SearchAction","target":{"@type":"EntryPoint","urlTemplate":"https:\/\/fjala.info\/2009-2015\/?s={search_term_string}"},"query-input":{"@type":"PropertyValueSpecification","valueRequired":true,"valueName":"search_term_string"}}],"inLanguage":"sq-AL"},{"@type":"Organization","@id":"https:\/\/fjala.info\/2009-2015\/#organization","name":"FjALA e LIR\u00cb - Arkivi","url":"https:\/\/fjala.info\/2009-2015\/","logo":{"@type":"ImageObject","inLanguage":"sq-AL","@id":"https:\/\/fjala.info\/2009-2015\/#\/schema\/logo\/image\/","url":"","contentUrl":"","caption":"FjALA e LIR\u00cb - Arkivi"},"image":{"@id":"https:\/\/fjala.info\/2009-2015\/#\/schema\/logo\/image\/"}},{"@type":"Person","@id":"https:\/\/fjala.info\/2009-2015\/#\/schema\/person\/3aa1163ef05469c496fc94e77611ada2","name":"admin","image":{"@type":"ImageObject","inLanguage":"sq-AL","@id":"https:\/\/fjala.info\/2009-2015\/wp-content\/uploads\/2012\/02\/arben_cokaj-120x150.jpg","url":"https:\/\/fjala.info\/2009-2015\/wp-content\/uploads\/2012\/02\/arben_cokaj-120x150.jpg","contentUrl":"https:\/\/fjala.info\/2009-2015\/wp-content\/uploads\/2012\/02\/arben_cokaj-120x150.jpg","caption":"admin"},"description":"Admin, Fjala e Lir\u00eb","sameAs":["https:\/\/fjala.info\/"],"url":"https:\/\/fjala.info\/2009-2015\/author\/admin\/"}]}},"_links":{"self":[{"href":"https:\/\/fjala.info\/2009-2015\/wp-json\/wp\/v2\/posts\/4547","targetHints":{"allow":["GET"]}}],"collection":[{"href":"https:\/\/fjala.info\/2009-2015\/wp-json\/wp\/v2\/posts"}],"about":[{"href":"https:\/\/fjala.info\/2009-2015\/wp-json\/wp\/v2\/types\/post"}],"author":[{"embeddable":true,"href":"https:\/\/fjala.info\/2009-2015\/wp-json\/wp\/v2\/users\/1"}],"replies":[{"embeddable":true,"href":"https:\/\/fjala.info\/2009-2015\/wp-json\/wp\/v2\/comments?post=4547"}],"version-history":[{"count":0,"href":"https:\/\/fjala.info\/2009-2015\/wp-json\/wp\/v2\/posts\/4547\/revisions"}],"wp:attachment":[{"href":"https:\/\/fjala.info\/2009-2015\/wp-json\/wp\/v2\/media?parent=4547"}],"wp:term":[{"taxonomy":"category","embeddable":true,"href":"https:\/\/fjala.info\/2009-2015\/wp-json\/wp\/v2\/categories?post=4547"},{"taxonomy":"post_tag","embeddable":true,"href":"https:\/\/fjala.info\/2009-2015\/wp-json\/wp\/v2\/tags?post=4547"}],"curies":[{"name":"wp","href":"https:\/\/api.w.org\/{rel}","templated":true}]}}